{"id":34132,"date":"2025-02-28T11:07:01","date_gmt":"2025-02-28T14:07:01","guid":{"rendered":"https:\/\/www.grupomedcof.com.br\/blog\/?p=34132"},"modified":"2025-02-28T11:07:04","modified_gmt":"2025-02-28T14:07:04","slug":"mudancas-no-calendario-nacional-de-vacinacao-em-2025","status":"publish","type":"post","link":"https:\/\/www.grupomedcof.com.br\/blog\/mudancas-no-calendario-nacional-de-vacinacao-em-2025\/","title":{"rendered":"Mudan\u00e7as no Calend\u00e1rio Nacional de Vacina\u00e7\u00e3o em 2025"},"content":{"rendered":"<div id=\"ez-toc-container\" class=\"ez-toc-v2_0_74 counter-hierarchy ez-toc-counter ez-toc-transparent ez-toc-container-direction\">\n<div class=\"ez-toc-title-container\">\n<p class=\"ez-toc-title\" style=\"cursor:inherit\">Sum\u00e1rio<\/p>\n<span class=\"ez-toc-title-toggle\"><a href=\"#\" class=\"ez-toc-pull-right ez-toc-btn ez-toc-btn-xs ez-toc-btn-default ez-toc-toggle\" aria-label=\"Alternar tabela de conte\u00fado\"><span class=\"ez-toc-js-icon-con\"><span class=\"\"><span class=\"eztoc-hide\" style=\"display:none;\">Toggle<\/span><span class=\"ez-toc-icon-toggle-span\"><svg style=\"fill: #999;color:#999\" xmlns=\"http:\/\/www.w3.org\/2000\/svg\" class=\"list-377408\" width=\"20px\" height=\"20px\" viewBox=\"0 0 24 24\" fill=\"none\"><path d=\"M6 6H4v2h2V6zm14 0H8v2h12V6zM4 11h2v2H4v-2zm16 0H8v2h12v-2zM4 16h2v2H4v-2zm16 0H8v2h12v-2z\" fill=\"currentColor\"><\/path><\/svg><svg style=\"fill: #999;color:#999\" class=\"arrow-unsorted-368013\" xmlns=\"http:\/\/www.w3.org\/2000\/svg\" width=\"10px\" height=\"10px\" viewBox=\"0 0 24 24\" version=\"1.2\" baseProfile=\"tiny\"><path d=\"M18.2 9.3l-6.2-6.3-6.2 6.3c-.2.2-.3.4-.3.7s.1.5.3.7c.2.2.4.3.7.3h11c.3 0 .5-.1.7-.3.2-.2.3-.5.3-.7s-.1-.5-.3-.7zM5.8 14.7l6.2 6.3 6.2-6.3c.2-.2.3-.5.3-.7s-.1-.5-.3-.7c-.2-.2-.4-.3-.7-.3h-11c-.3 0-.5.1-.7.3-.2.2-.3.5-.3.7s.1.5.3.7z\"\/><\/svg><\/span><\/span><\/span><\/a><\/span><\/div>\n<nav><ul class='ez-toc-list ez-toc-list-level-1 ' ><li class='ez-toc-page-1 ez-toc-heading-level-2'><a class=\"ez-toc-link ez-toc-heading-1\" href=\"https:\/\/www.grupomedcof.com.br\/blog\/mudancas-no-calendario-nacional-de-vacinacao-em-2025\/#Principais_mudancas_do_Calendario_Nacional_de_Vacinacao\" >Principais mudan\u00e7as do Calend\u00e1rio Nacional de Vacina\u00e7\u00e3o<\/a><ul class='ez-toc-list-level-3' ><li class='ez-toc-heading-level-3'><a class=\"ez-toc-link ez-toc-heading-2\" href=\"https:\/\/www.grupomedcof.com.br\/blog\/mudancas-no-calendario-nacional-de-vacinacao-em-2025\/#Vacina_contra_a_Poliomielite\" >Vacina contra a Poliomielite<\/a><\/li><li class='ez-toc-page-1 ez-toc-heading-level-3'><a class=\"ez-toc-link ez-toc-heading-3\" href=\"https:\/\/www.grupomedcof.com.br\/blog\/mudancas-no-calendario-nacional-de-vacinacao-em-2025\/#Vacina_contra_o_Rotavirus\" >Vacina contra o Rotav\u00edrus<\/a><\/li><li class='ez-toc-page-1 ez-toc-heading-level-3'><a class=\"ez-toc-link ez-toc-heading-4\" href=\"https:\/\/www.grupomedcof.com.br\/blog\/mudancas-no-calendario-nacional-de-vacinacao-em-2025\/#Vacina_contra_a_COVID-19\" >Vacina contra a COVID-19<\/a><\/li><li class='ez-toc-page-1 ez-toc-heading-level-3'><a class=\"ez-toc-link ez-toc-heading-5\" href=\"https:\/\/www.grupomedcof.com.br\/blog\/mudancas-no-calendario-nacional-de-vacinacao-em-2025\/#Vacina_contra_a_Influenza\" >Vacina contra a Influenza<\/a><\/li><li class='ez-toc-page-1 ez-toc-heading-level-3'><a class=\"ez-toc-link ez-toc-heading-6\" href=\"https:\/\/www.grupomedcof.com.br\/blog\/mudancas-no-calendario-nacional-de-vacinacao-em-2025\/#Imunizacao_contra_o_Virus_Sincicial_Respiratorio_VSR\" >Imuniza\u00e7\u00e3o contra o V\u00edrus Sincicial Respirat\u00f3rio (VSR)<\/a><\/li><\/ul><\/li><li class='ez-toc-page-1 ez-toc-heading-level-2'><a class=\"ez-toc-link ez-toc-heading-7\" href=\"https:\/\/www.grupomedcof.com.br\/blog\/mudancas-no-calendario-nacional-de-vacinacao-em-2025\/#Seja_um_MedCofer\" >Seja um MedCofer!<\/a><\/li><\/ul><\/nav><\/div>\n\n<figure class=\"wp-block-image size-large\"><img loading=\"lazy\" decoding=\"async\" width=\"1024\" height=\"576\" src=\"https:\/\/www.grupomedcof.com.br\/blog\/wp-content\/uploads\/2025\/02\/Blog-MedCof-2025-02-28T110553.178-1024x576.jpg\" alt=\"\" class=\"wp-image-34137\" srcset=\"https:\/\/www.grupomedcof.com.br\/blog\/wp-content\/uploads\/2025\/02\/Blog-MedCof-2025-02-28T110553.178-1024x576.jpg 1024w, https:\/\/www.grupomedcof.com.br\/blog\/wp-content\/uploads\/2025\/02\/Blog-MedCof-2025-02-28T110553.178-300x169.jpg 300w, https:\/\/www.grupomedcof.com.br\/blog\/wp-content\/uploads\/2025\/02\/Blog-MedCof-2025-02-28T110553.178-768x432.jpg 768w, https:\/\/www.grupomedcof.com.br\/blog\/wp-content\/uploads\/2025\/02\/Blog-MedCof-2025-02-28T110553.178-1536x864.jpg 1536w, https:\/\/www.grupomedcof.com.br\/blog\/wp-content\/uploads\/2025\/02\/Blog-MedCof-2025-02-28T110553.178-747x420.jpg 747w, https:\/\/www.grupomedcof.com.br\/blog\/wp-content\/uploads\/2025\/02\/Blog-MedCof-2025-02-28T110553.178-150x84.jpg 150w, https:\/\/www.grupomedcof.com.br\/blog\/wp-content\/uploads\/2025\/02\/Blog-MedCof-2025-02-28T110553.178-696x392.jpg 696w, https:\/\/www.grupomedcof.com.br\/blog\/wp-content\/uploads\/2025\/02\/Blog-MedCof-2025-02-28T110553.178-1068x601.jpg 1068w, https:\/\/www.grupomedcof.com.br\/blog\/wp-content\/uploads\/2025\/02\/Blog-MedCof-2025-02-28T110553.178.jpg 1920w\" sizes=\"auto, (max-width: 1024px) 100vw, 1024px\" \/><\/figure>\n\n\n\n<p>A <strong>pol\u00edtica de imuniza\u00e7\u00e3o<\/strong> representa um dos <strong><a href=\"https:\/\/www.grupomedcof.com.br\/blog\/grandes-marcos-da-vacinacao-no-brasil\/\" target=\"_blank\" rel=\"noreferrer noopener\">pilares fundamentais da sa\u00fade p\u00fablica<\/a><\/strong>, protegendo a popula\u00e7\u00e3o contra uma s\u00e9rie de doen\u00e7as preven\u00edveis. Em 2025, o Brasil adotar\u00e1 mudan\u00e7as significativas no Calend\u00e1rio Nacional de Vacina\u00e7\u00e3o, ajustando as estrat\u00e9gias para melhorar a cobertura vacinal e enfrentar novos desafios epidemiol\u00f3gicos. Entenda as mudan\u00e7as a seguir!<\/p>\n\n\n\n<figure class=\"wp-block-image size-large\"><a href=\"https:\/\/www.grupomedcof.com.br\/cofletters\/\" target=\"_blank\" rel=\" noreferrer noopener\"><img loading=\"lazy\" decoding=\"async\" width=\"1024\" height=\"320\" src=\"https:\/\/www.grupomedcof.com.br\/blog\/wp-content\/uploads\/2025\/02\/Banner-MedCof-Plus-2200x460-11-1024x320.png\" alt=\"\" class=\"wp-image-33723\" srcset=\"https:\/\/www.grupomedcof.com.br\/blog\/wp-content\/uploads\/2025\/02\/Banner-MedCof-Plus-2200x460-11-1024x320.png 1024w, https:\/\/www.grupomedcof.com.br\/blog\/wp-content\/uploads\/2025\/02\/Banner-MedCof-Plus-2200x460-11-300x94.png 300w, https:\/\/www.grupomedcof.com.br\/blog\/wp-content\/uploads\/2025\/02\/Banner-MedCof-Plus-2200x460-11-768x240.png 768w, https:\/\/www.grupomedcof.com.br\/blog\/wp-content\/uploads\/2025\/02\/Banner-MedCof-Plus-2200x460-11-1536x480.png 1536w, https:\/\/www.grupomedcof.com.br\/blog\/wp-content\/uploads\/2025\/02\/Banner-MedCof-Plus-2200x460-11-2048x640.png 2048w, https:\/\/www.grupomedcof.com.br\/blog\/wp-content\/uploads\/2025\/02\/Banner-MedCof-Plus-2200x460-11-1343x420.png 1343w, https:\/\/www.grupomedcof.com.br\/blog\/wp-content\/uploads\/2025\/02\/Banner-MedCof-Plus-2200x460-11-150x47.png 150w, https:\/\/www.grupomedcof.com.br\/blog\/wp-content\/uploads\/2025\/02\/Banner-MedCof-Plus-2200x460-11-696x218.png 696w, https:\/\/www.grupomedcof.com.br\/blog\/wp-content\/uploads\/2025\/02\/Banner-MedCof-Plus-2200x460-11-1068x334.png 1068w, https:\/\/www.grupomedcof.com.br\/blog\/wp-content\/uploads\/2025\/02\/Banner-MedCof-Plus-2200x460-11-1920x600.png 1920w\" sizes=\"auto, (max-width: 1024px) 100vw, 1024px\" \/><\/a><\/figure>\n\n\n\n<h2 class=\"wp-block-heading\" id=\"h-principais-mudancas-do-calendario-nacional-de-vacinacao\"><span class=\"ez-toc-section\" id=\"Principais_mudancas_do_Calendario_Nacional_de_Vacinacao\"><\/span><strong>Principais mudan\u00e7as do Calend\u00e1rio Nacional de Vacina\u00e7\u00e3o <\/strong><span class=\"ez-toc-section-end\"><\/span><\/h2>\n\n\n\n<h3 class=\"wp-block-heading\" id=\"h-vacina-contra-a-poliomielite\"><span class=\"ez-toc-section\" id=\"Vacina_contra_a_Poliomielite\"><\/span><strong>Vacina contra a Poliomielite<\/strong><span class=\"ez-toc-section-end\"><\/span><\/h3>\n\n\n\n<p>Uma das principais mudan\u00e7as no calend\u00e1rio \u00e9 a vacina contra a poliomelite que passar\u00e1 a ter <strong>uma\u00a0\u00fanica dose de vacina inativada poliomielite (VIP)<\/strong>\u00a0aos 15 meses de idade, substituindo as\u00a0<strong>duas doses de refor\u00e7o com a vacina oral poliomielite bivalente (VOPb<\/strong>). A mudan\u00e7a visa aprimorar a cobertura imunol\u00f3gica contra a doen\u00e7a, garantindo maior prote\u00e7\u00e3o \u00e0s crian\u00e7as.<\/p>\n\n\n\n<h3 class=\"wp-block-heading\" id=\"h-vacina-contra-o-rotavirus\"><span class=\"ez-toc-section\" id=\"Vacina_contra_o_Rotavirus\"><\/span><strong>Vacina contra o Rotav\u00edrus<\/strong><span class=\"ez-toc-section-end\"><\/span><\/h3>\n\n\n\n<p>A mudan\u00e7a na vacina contra o Rotav\u00edrus foi a <strong>amplia\u00e7\u00e3o na faixa et\u00e1ria para a administra\u00e7\u00e3o das duas doses<\/strong>. Agora, a primeira dose da vacina poder\u00e1 ser aplicada aos <strong>dois meses de idade e at\u00e9 os 11 meses e 29 dias<\/strong>. J\u00e1 a segunda dose poder\u00e1 ser aplicada a partir dos <strong>quatro meses de idade, com um limite de at\u00e9 23 meses e 29 dias<\/strong>. A amplia\u00e7\u00e3o ocorreu para proteger um maior n\u00famero de crian\u00e7as contra a infec\u00e7\u00e3o maior causadora de <a href=\"https:\/\/www.grupomedcof.com.br\/blog\/diarreia-na-pediatria-saiba-quando-e-caso-de-emergencia\/\" target=\"_blank\" rel=\"noreferrer noopener\">gastroenterite grave.<\/a><\/p>\n\n\n\n<h3 class=\"wp-block-heading\" id=\"h-vacina-contra-a-covid-19\"><span class=\"ez-toc-section\" id=\"Vacina_contra_a_COVID-19\"><\/span><strong>Vacina contra a COVID-19<\/strong><span class=\"ez-toc-section-end\"><\/span><\/h3>\n\n\n\n<p>Inserida no Calend\u00e1rio Nacional de Vacina\u00e7\u00e3o em 2024, a vacina contra a <a href=\"https:\/\/www.grupomedcof.com.br\/blog\/covid-19-na-pediatria-como-a-infeccao-respiratoria-se-manifesta-em-criancas\/\" target=\"_blank\" rel=\"noreferrer noopener\">COVID-19 <\/a>continuar\u00e1 fazendo parte em 2025, com a recomenda\u00e7\u00e3o de imuniza\u00e7\u00e3o para diferentes faixas et\u00e1rias e grupos especiais. As vacinas Moderna (Spikevax), Pfizer (Comirnaty) e Serum\/Zalika estar\u00e3o dispon\u00edveis para a popula\u00e7\u00e3o, sendo que esta \u00faltima \u00e9 indicada apenas para pessoas a partir de 12 anos de idade. A vacina\u00e7\u00e3o contra a COVID-19 ser\u00e1 indicada para:<\/p>\n\n\n\n<ul class=\"wp-block-list\">\n<li><strong>Grupos especiais<\/strong>, como pessoas imunocomprometidas, popula\u00e7\u00f5es em situa\u00e7\u00e3o de vulnerabilidade (ind\u00edgenas, quilombolas, ribeirinhos, pessoas em situa\u00e7\u00e3o de rua), trabalhadores da sa\u00fade, pessoas privadas de liberdade;<\/li>\n\n\n\n<li><strong>Crian\u00e7as a partir de 6 meses at\u00e9 menores de 5 anos de idade<\/strong>;<\/li>\n\n\n\n<li><strong>Idosos com 60 anos ou mais<\/strong>;<\/li>\n\n\n\n<li><strong>Gestantes<\/strong>.<\/li>\n<\/ul>\n\n\n\n<p>Al\u00e9m disso, a vacina ser\u00e1 aplicada de acordo com as seguintes recomenda\u00e7\u00f5es de doses:<\/p>\n\n\n\n<ul class=\"wp-block-list\">\n<li><strong>Crian\u00e7as<\/strong>\u00a0(6 meses a menor de 5 anos): 2 doses, com intervalo de 4 semanas entre a D1 e D2.<\/li>\n\n\n\n<li><strong>Idosos<\/strong>\u00a0(60 anos ou mais): 3 doses, com intervalo de 4 semanas entre a D1 e D2, e 8 semanas entre a D2 e D3.<\/li>\n\n\n\n<li><strong>Gestantes<\/strong>: 2 doses anuais, com intervalo de 6 meses entre as doses.<\/li>\n\n\n\n<li><strong>Pessoas imunocomprometidas<\/strong>\u00a0(a partir de 6 meses de idade) e\u00a0<strong>popula\u00e7\u00e3o geral<\/strong>\u00a0(de 5 a 59 anos): 1 dose anual, com intervalo de 6 meses entre as doses.<\/li>\n<\/ul>\n\n\n\n<h3 class=\"wp-block-heading\" id=\"h-vacina-contra-a-influenza\"><span class=\"ez-toc-section\" id=\"Vacina_contra_a_Influenza\"><\/span><strong>Vacina contra a Influenza<\/strong><span class=\"ez-toc-section-end\"><\/span><\/h3>\n\n\n\n<p>Anteriormente, a vacina contra a Influenza era indicada apenas para grupos espec\u00edficos, por\u00e9m agora faz parte do calend\u00e1rio abrangendo um n\u00famero maior de pessoas. A partir deste ano, a vacina contra a gripe estar\u00e1 dispon\u00edvel para:<\/p>\n\n\n\n<ul class=\"wp-block-list\">\n<li><strong>Grupos especiais<\/strong>, incluindo pu\u00e9rperas, ind\u00edgenas, quilombolas, trabalhadores de sa\u00fade, professores, pessoas com doen\u00e7as cr\u00f4nicas n\u00e3o transmiss\u00edveis e outras condi\u00e7\u00f5es cl\u00ednicas especiais, pessoas com defici\u00eancia permanente, profissionais de seguran\u00e7a p\u00fablica, caminhoneiros, trabalhadores portu\u00e1rios, funcion\u00e1rios do sistema prisional, adolescentes e jovens (12 a 21 anos) sob medidas socioeducativas, al\u00e9m da popula\u00e7\u00e3o privada de liberdade. <\/li>\n\n\n\n<li><strong>Crian\u00e7as a partir de 6 meses at\u00e9 menores de 6 anos<\/strong>;<\/li>\n\n\n\n<li><strong>Idosos com 60 anos ou mais<\/strong>;<\/li>\n\n\n\n<li><strong>Gestantes<\/strong>.<\/li>\n<\/ul>\n\n\n\n<p>A vacina ser\u00e1 administrada uma vez ao ano, com\u00a0<strong>2 doses anuais para crian\u00e7as e 1 dose anual para os outros grupos<\/strong>.\u00a0<\/p>\n\n\n\n<h3 class=\"wp-block-heading\" id=\"h-imunizacao-contra-o-virus-sincicial-respiratorio-vsr\"><span class=\"ez-toc-section\" id=\"Imunizacao_contra_o_Virus_Sincicial_Respiratorio_VSR\"><\/span><strong>Imuniza\u00e7\u00e3o contra o V\u00edrus Sincicial Respirat\u00f3rio (VSR)<\/strong><span class=\"ez-toc-section-end\"><\/span><\/h3>\n\n\n\n<p>Recentemente, o <a href=\"https:\/\/www.grupomedcof.com.br\/blog\/ms-incorpora-vacina-contra-o-virus-sincicial-respiratorio\/\" target=\"_blank\" rel=\"noreferrer noopener\"><strong>Minist\u00e9rio da Sa\u00fade incorporou duas tecnologias para prevenir complica\u00e7\u00f5es causadas pelo<\/strong> <strong>V\u00edrus Sincicial Respirat\u00f3rio (VSR)<\/strong><\/a><strong>,<\/strong> uma das principais causas de infec\u00e7\u00f5es respirat\u00f3rias graves em beb\u00eas. <\/p>\n\n\n\n<p>A primeira tecnologia \u00e9 o\u00a0<strong>nirsevimabe<\/strong>, um anticorpo monoclonal que oferece prote\u00e7\u00e3o imediata a beb\u00eas prematuros e crian\u00e7as com comorbidades at\u00e9 2 anos. A segunda \u00e9 uma\u00a0<strong>vacina recombinante contra os v\u00edrus sinciciais A e B<\/strong>, administrada em\u00a0<strong>gestantes<\/strong>, que transfere anticorpos para os beb\u00eas, protegendo-os nos primeiros meses de vida. As medidas visam<strong> reduzir hospitaliza\u00e7\u00f5es e \u00f3bitos infantis, <\/strong>com a expectativa de beneficiar at\u00e9 <strong>2 milh\u00f5es de beb\u00eas.\u00a0<\/strong><\/p>\n\n\n\n<div class=\"wp-block-buttons is-content-justification-center is-layout-flex wp-container-core-buttons-is-layout-16018d1d wp-block-buttons-is-layout-flex\">\n<div class=\"wp-block-button\"><a class=\"wp-block-button__link wp-element-button\" href=\"file:\/\/\/C:\/Users\/MEDCOF-0415\/Downloads\/NOTA%20T%C3%89CNICA%20N%C2%BA%2023-2025.pdf\" target=\"_blank\" rel=\"noreferrer noopener\">Confira aqui a Nota T\u00e9cnica sobre as mudan\u00e7as!<\/a><\/div>\n<\/div>\n\n\n\n<figure class=\"wp-block-image size-large\"><a href=\"https:\/\/aulas.grupomedcof.com.br\/atualizacoes-medicas-que-podem-definir-sua-aprovacao\" target=\"_blank\" rel=\" noreferrer noopener\"><img loading=\"lazy\" decoding=\"async\" width=\"1024\" height=\"320\" src=\"https:\/\/www.grupomedcof.com.br\/blog\/wp-content\/uploads\/2025\/02\/Banner-MedCof-Plus-2200x460-13-1024x320.png\" alt=\"\" class=\"wp-image-33939\" srcset=\"https:\/\/www.grupomedcof.com.br\/blog\/wp-content\/uploads\/2025\/02\/Banner-MedCof-Plus-2200x460-13-1024x320.png 1024w, https:\/\/www.grupomedcof.com.br\/blog\/wp-content\/uploads\/2025\/02\/Banner-MedCof-Plus-2200x460-13-300x94.png 300w, https:\/\/www.grupomedcof.com.br\/blog\/wp-content\/uploads\/2025\/02\/Banner-MedCof-Plus-2200x460-13-768x240.png 768w, https:\/\/www.grupomedcof.com.br\/blog\/wp-content\/uploads\/2025\/02\/Banner-MedCof-Plus-2200x460-13-1536x480.png 1536w, https:\/\/www.grupomedcof.com.br\/blog\/wp-content\/uploads\/2025\/02\/Banner-MedCof-Plus-2200x460-13-2048x640.png 2048w, https:\/\/www.grupomedcof.com.br\/blog\/wp-content\/uploads\/2025\/02\/Banner-MedCof-Plus-2200x460-13-1344x420.png 1344w, https:\/\/www.grupomedcof.com.br\/blog\/wp-content\/uploads\/2025\/02\/Banner-MedCof-Plus-2200x460-13-150x47.png 150w, https:\/\/www.grupomedcof.com.br\/blog\/wp-content\/uploads\/2025\/02\/Banner-MedCof-Plus-2200x460-13-696x218.png 696w, https:\/\/www.grupomedcof.com.br\/blog\/wp-content\/uploads\/2025\/02\/Banner-MedCof-Plus-2200x460-13-1068x334.png 1068w, https:\/\/www.grupomedcof.com.br\/blog\/wp-content\/uploads\/2025\/02\/Banner-MedCof-Plus-2200x460-13-1920x600.png 1920w\" sizes=\"auto, (max-width: 1024px) 100vw, 1024px\" \/><\/a><\/figure>\n\n\n\n<h2 class=\"wp-block-heading\" id=\"seja-um-medcoffer\"><span class=\"ez-toc-section\" id=\"Seja_um_MedCofer\"><\/span><strong>Seja um MedCofer!<\/strong><span class=\"ez-toc-section-end\"><\/span><\/h2>\n\n\n\n<p>Quer garantir a sua aprova\u00e7\u00e3o nas provas de resid\u00eancia m\u00e9dica? Ent\u00e3o conhe\u00e7a o Grupo MedCof e a metodologia que j\u00e1 aprovou<a href=\"https:\/\/www.grupomedcof.com.br\/blog\/presenca-da-medcof-nas-aprovacoes-em-residencia-medica-no-brasil\/\" target=\"_blank\" rel=\"noreferrer noopener\">&nbsp;<strong>mais de 10 mil residentes<\/strong>&nbsp;<\/a>pelo pa\u00eds. Por fim, voc\u00ea pode acessar o nosso<a href=\"https:\/\/www.youtube.com\/@GrupoMedcof\/featured\" target=\"_blank\" rel=\"noreferrer noopener\">&nbsp;<strong>canal do youtube&nbsp;<\/strong><\/a>e ver o nosso material de revis\u00e3o e corre\u00e7\u00e3o.<\/p>\n\n\n\n<figure class=\"wp-block-embed is-type-video is-provider-youtube wp-block-embed-youtube wp-embed-aspect-16-9 wp-has-aspect-ratio\"><div class=\"wp-block-embed__wrapper\">\n<div class=\"youtube-embed\" data-video_id=\"tX417yoOFTY\"><iframe loading=\"lazy\" title=\"CofExpress - Vacina\u00e7\u00e3o\" width=\"696\" height=\"392\" src=\"https:\/\/www.youtube.com\/embed\/tX417yoOFTY?start=4&#038;feature=oembed\" frameborder=\"0\" allow=\"accelerometer; autoplay; clipboard-write; encrypted-media; gyroscope; picture-in-picture; web-share\" referrerpolicy=\"strict-origin-when-cross-origin\" allowfullscreen><\/iframe><\/div>\n<\/div><\/figure>\n","protected":false},"excerpt":{"rendered":"<p>Em 2025, o Brasil adotar\u00e1 mudan\u00e7as significativas no Calend\u00e1rio Nacional de Vacina\u00e7\u00e3o, ajustando as estrat\u00e9gias para melhorar a cobertura vacinal. Veja!<\/p>\n","protected":false},"author":20,"featured_media":34137,"comment_status":"open","ping_status":"open","sticky":false,"template":"","format":"standard","meta":{"footnotes":""},"categories":[173],"tags":[2660,1725,1563,1728,975,2595],"ppma_author":[3616],"class_list":{"0":"post-34132","1":"post","2":"type-post","3":"status-publish","4":"format-standard","5":"has-post-thumbnail","7":"category-novidades","8":"tag-calendario-nacional-de-vacinacao","9":"tag-covid-19","10":"tag-influenza","11":"tag-poliomelite","12":"tag-vacinacao","13":"tag-vsr"},"yoast_head":"<!-- This site is optimized with the Yoast SEO Premium plugin v24.3 (Yoast SEO v27.4) - https:\/\/yoast.com\/product\/yoast-seo-premium-wordpress\/ -->\n<title>Mudan\u00e7as no Calend\u00e1rio Nacional de Vacina\u00e7\u00e3o em 2025 - Blog de Medcof: conte\u00fados, editais, revalida e mais!<\/title>\n<meta name=\"description\" content=\"Em 2025, o Brasil adotar\u00e1 mudan\u00e7as significativas no Calend\u00e1rio Nacional de Vacina\u00e7\u00e3o, ajustando as estrat\u00e9gias para melhorar a cobertura vacinal. Veja!\" \/>\n<meta name=\"robots\" content=\"index, follow, max-snippet:-1, max-image-preview:large, max-video-preview:-1\" \/>\n<link rel=\"canonical\" href=\"https:\/\/www.grupomedcof.com.br\/blog\/mudancas-no-calendario-nacional-de-vacinacao-em-2025\/\" \/>\n<meta property=\"og:locale\" content=\"pt_BR\" \/>\n<meta property=\"og:type\" content=\"article\" \/>\n<meta property=\"og:title\" content=\"Mudan\u00e7as no Calend\u00e1rio Nacional de Vacina\u00e7\u00e3o em 2025\" \/>\n<meta property=\"og:description\" content=\"Em 2025, o Brasil adotar\u00e1 mudan\u00e7as significativas no Calend\u00e1rio Nacional de Vacina\u00e7\u00e3o, ajustando as estrat\u00e9gias para melhorar a cobertura vacinal. Veja!\" \/>\n<meta property=\"og:url\" content=\"https:\/\/www.grupomedcof.com.br\/blog\/mudancas-no-calendario-nacional-de-vacinacao-em-2025\/\" \/>\n<meta property=\"og:site_name\" content=\"Blog de Medcof: conte\u00fados, editais, revalida e mais!\" \/>\n<meta property=\"article:publisher\" content=\"https:\/\/www.facebook.com\/MedCofQbank\/\" \/>\n<meta property=\"article:published_time\" content=\"2025-02-28T14:07:01+00:00\" \/>\n<meta property=\"article:modified_time\" content=\"2025-02-28T14:07:04+00:00\" \/>\n<meta property=\"og:image\" content=\"https:\/\/www.grupomedcof.com.br\/blog\/wp-content\/uploads\/2025\/02\/Blog-MedCof-2025-02-28T110553.178.jpg\" \/>\n\t<meta property=\"og:image:width\" content=\"1920\" \/>\n\t<meta property=\"og:image:height\" content=\"1080\" \/>\n\t<meta property=\"og:image:type\" content=\"image\/jpeg\" \/>\n<meta name=\"author\" content=\"Leila Menzel\" \/>\n<meta name=\"twitter:card\" content=\"summary_large_image\" \/>\n<meta name=\"twitter:label1\" content=\"Escrito por\" \/>\n\t<meta name=\"twitter:data1\" content=\"Leila Menzel\" \/>\n\t<meta name=\"twitter:label2\" content=\"Est. tempo de leitura\" \/>\n\t<meta name=\"twitter:data2\" content=\"5 minutos\" \/>\n<script type=\"application\/ld+json\" class=\"yoast-schema-graph\">{\"@context\":\"https:\\\/\\\/schema.org\",\"@graph\":[{\"@type\":\"Article\",\"@id\":\"https:\\\/\\\/www.grupomedcof.com.br\\\/blog\\\/mudancas-no-calendario-nacional-de-vacinacao-em-2025\\\/#article\",\"isPartOf\":{\"@id\":\"https:\\\/\\\/www.grupomedcof.com.br\\\/blog\\\/mudancas-no-calendario-nacional-de-vacinacao-em-2025\\\/\"},\"author\":{\"name\":\"Leila Menzel\",\"@id\":\"https:\\\/\\\/www.grupomedcof.com.br\\\/blog\\\/#\\\/schema\\\/person\\\/9a44c2184a836bf5ae6967fdb3a1451e\"},\"headline\":\"Mudan\u00e7as no Calend\u00e1rio Nacional de Vacina\u00e7\u00e3o em 2025\",\"datePublished\":\"2025-02-28T14:07:01+00:00\",\"dateModified\":\"2025-02-28T14:07:04+00:00\",\"mainEntityOfPage\":{\"@id\":\"https:\\\/\\\/www.grupomedcof.com.br\\\/blog\\\/mudancas-no-calendario-nacional-de-vacinacao-em-2025\\\/\"},\"wordCount\":805,\"commentCount\":0,\"publisher\":{\"@id\":\"https:\\\/\\\/www.grupomedcof.com.br\\\/blog\\\/#organization\"},\"image\":{\"@id\":\"https:\\\/\\\/www.grupomedcof.com.br\\\/blog\\\/mudancas-no-calendario-nacional-de-vacinacao-em-2025\\\/#primaryimage\"},\"thumbnailUrl\":\"https:\\\/\\\/www.grupomedcof.com.br\\\/blog\\\/wp-content\\\/uploads\\\/2025\\\/02\\\/Blog-MedCof-2025-02-28T110553.178.jpg\",\"keywords\":[\"Calend\u00e1rio Nacional de Vacina\u00e7\u00e3o\",\"COVID-19\",\"Influenza\",\"Poliomelite\",\"vacina\u00e7\u00e3o\",\"VSR\"],\"articleSection\":[\"Novidades\"],\"inLanguage\":\"pt-BR\"},{\"@type\":\"WebPage\",\"@id\":\"https:\\\/\\\/www.grupomedcof.com.br\\\/blog\\\/mudancas-no-calendario-nacional-de-vacinacao-em-2025\\\/\",\"url\":\"https:\\\/\\\/www.grupomedcof.com.br\\\/blog\\\/mudancas-no-calendario-nacional-de-vacinacao-em-2025\\\/\",\"name\":\"Mudan\u00e7as no Calend\u00e1rio Nacional de Vacina\u00e7\u00e3o em 2025 - Blog de Medcof: conte\u00fados, editais, revalida e mais!\",\"isPartOf\":{\"@id\":\"https:\\\/\\\/www.grupomedcof.com.br\\\/blog\\\/#website\"},\"primaryImageOfPage\":{\"@id\":\"https:\\\/\\\/www.grupomedcof.com.br\\\/blog\\\/mudancas-no-calendario-nacional-de-vacinacao-em-2025\\\/#primaryimage\"},\"image\":{\"@id\":\"https:\\\/\\\/www.grupomedcof.com.br\\\/blog\\\/mudancas-no-calendario-nacional-de-vacinacao-em-2025\\\/#primaryimage\"},\"thumbnailUrl\":\"https:\\\/\\\/www.grupomedcof.com.br\\\/blog\\\/wp-content\\\/uploads\\\/2025\\\/02\\\/Blog-MedCof-2025-02-28T110553.178.jpg\",\"datePublished\":\"2025-02-28T14:07:01+00:00\",\"dateModified\":\"2025-02-28T14:07:04+00:00\",\"description\":\"Em 2025, o Brasil adotar\u00e1 mudan\u00e7as significativas no Calend\u00e1rio Nacional de Vacina\u00e7\u00e3o, ajustando as estrat\u00e9gias para melhorar a cobertura vacinal. Veja!\",\"breadcrumb\":{\"@id\":\"https:\\\/\\\/www.grupomedcof.com.br\\\/blog\\\/mudancas-no-calendario-nacional-de-vacinacao-em-2025\\\/#breadcrumb\"},\"inLanguage\":\"pt-BR\",\"potentialAction\":[{\"@type\":\"ReadAction\",\"target\":[\"https:\\\/\\\/www.grupomedcof.com.br\\\/blog\\\/mudancas-no-calendario-nacional-de-vacinacao-em-2025\\\/\"]}]},{\"@type\":\"ImageObject\",\"inLanguage\":\"pt-BR\",\"@id\":\"https:\\\/\\\/www.grupomedcof.com.br\\\/blog\\\/mudancas-no-calendario-nacional-de-vacinacao-em-2025\\\/#primaryimage\",\"url\":\"https:\\\/\\\/www.grupomedcof.com.br\\\/blog\\\/wp-content\\\/uploads\\\/2025\\\/02\\\/Blog-MedCof-2025-02-28T110553.178.jpg\",\"contentUrl\":\"https:\\\/\\\/www.grupomedcof.com.br\\\/blog\\\/wp-content\\\/uploads\\\/2025\\\/02\\\/Blog-MedCof-2025-02-28T110553.178.jpg\",\"width\":1920,\"height\":1080},{\"@type\":\"BreadcrumbList\",\"@id\":\"https:\\\/\\\/www.grupomedcof.com.br\\\/blog\\\/mudancas-no-calendario-nacional-de-vacinacao-em-2025\\\/#breadcrumb\",\"itemListElement\":[{\"@type\":\"ListItem\",\"position\":1,\"name\":\"In\u00edcio\",\"item\":\"https:\\\/\\\/www.grupomedcof.com.br\\\/blog\\\/\"},{\"@type\":\"ListItem\",\"position\":2,\"name\":\"Mudan\u00e7as no Calend\u00e1rio Nacional de Vacina\u00e7\u00e3o em 2025\"}]},{\"@type\":\"WebSite\",\"@id\":\"https:\\\/\\\/www.grupomedcof.com.br\\\/blog\\\/#website\",\"url\":\"https:\\\/\\\/www.grupomedcof.com.br\\\/blog\\\/\",\"name\":\"Blog de Medcof: conte\u00fados, editais, revalida e mais!\",\"description\":\"Acesso o blog de MedCof! Seu portal de conte\u00fados sobre resid\u00eancia m\u00e9dica, an\u00e1lise e editais e muito mais. Clique e confira!\",\"publisher\":{\"@id\":\"https:\\\/\\\/www.grupomedcof.com.br\\\/blog\\\/#organization\"},\"alternateName\":\"Blog de Medcof: conte\u00fados, editais, revalida e mais!\",\"potentialAction\":[{\"@type\":\"SearchAction\",\"target\":{\"@type\":\"EntryPoint\",\"urlTemplate\":\"https:\\\/\\\/www.grupomedcof.com.br\\\/blog\\\/?s={search_term_string}\"},\"query-input\":{\"@type\":\"PropertyValueSpecification\",\"valueRequired\":true,\"valueName\":\"search_term_string\"}}],\"inLanguage\":\"pt-BR\"},{\"@type\":\"Organization\",\"@id\":\"https:\\\/\\\/www.grupomedcof.com.br\\\/blog\\\/#organization\",\"name\":\"Grupo MedCof\",\"url\":\"https:\\\/\\\/www.grupomedcof.com.br\\\/blog\\\/\",\"logo\":{\"@type\":\"ImageObject\",\"inLanguage\":\"pt-BR\",\"@id\":\"https:\\\/\\\/www.grupomedcof.com.br\\\/blog\\\/#\\\/schema\\\/logo\\\/image\\\/\",\"url\":\"https:\\\/\\\/www.grupomedcof.com.br\\\/blog\\\/wp-content\\\/uploads\\\/2022\\\/01\\\/logo-medcof.png\",\"contentUrl\":\"https:\\\/\\\/www.grupomedcof.com.br\\\/blog\\\/wp-content\\\/uploads\\\/2022\\\/01\\\/logo-medcof.png\",\"width\":768,\"height\":269,\"caption\":\"Grupo MedCof\"},\"image\":{\"@id\":\"https:\\\/\\\/www.grupomedcof.com.br\\\/blog\\\/#\\\/schema\\\/logo\\\/image\\\/\"},\"sameAs\":[\"https:\\\/\\\/www.facebook.com\\\/MedCofQbank\\\/\",\"https:\\\/\\\/www.instagram.com\\\/grupomedcof\\\/\",\"https:\\\/\\\/br.linkedin.com\\\/company\\\/medcof\",\"https:\\\/\\\/www.youtube.com\\\/channel\\\/UCdHMuOHKICxcHwecxN8P-AA\"]},{\"@type\":\"Person\",\"@id\":\"https:\\\/\\\/www.grupomedcof.com.br\\\/blog\\\/#\\\/schema\\\/person\\\/9a44c2184a836bf5ae6967fdb3a1451e\",\"name\":\"Leila Menzel\",\"image\":{\"@type\":\"ImageObject\",\"inLanguage\":\"pt-BR\",\"@id\":\"https:\\\/\\\/www.grupomedcof.com.br\\\/blog\\\/wp-content\\\/uploads\\\/2025\\\/09\\\/cropped-eu-96x96.jpeg19a74936d997c0a8b3031618467fa1d0\",\"url\":\"https:\\\/\\\/www.grupomedcof.com.br\\\/blog\\\/wp-content\\\/uploads\\\/2025\\\/09\\\/cropped-eu-96x96.jpeg\",\"contentUrl\":\"https:\\\/\\\/www.grupomedcof.com.br\\\/blog\\\/wp-content\\\/uploads\\\/2025\\\/09\\\/cropped-eu-96x96.jpeg\",\"caption\":\"Leila Menzel\"},\"description\":\"Estudante do 6\u00b0 semestre de jornalismo, amo e escrevo poesias e viajo em livros de romances clich\u00eas.\",\"url\":\"https:\\\/\\\/www.grupomedcof.com.br\\\/blog\\\/author\\\/leila-menzel\\\/\"}]}<\/script>\n<!-- \/ Yoast SEO Premium plugin. -->","yoast_head_json":{"title":"Mudan\u00e7as no Calend\u00e1rio Nacional de Vacina\u00e7\u00e3o em 2025 - Blog de Medcof: conte\u00fados, editais, revalida e mais!","description":"Em 2025, o Brasil adotar\u00e1 mudan\u00e7as significativas no Calend\u00e1rio Nacional de Vacina\u00e7\u00e3o, ajustando as estrat\u00e9gias para melhorar a cobertura vacinal. Veja!","robots":{"index":"index","follow":"follow","max-snippet":"max-snippet:-1","max-image-preview":"max-image-preview:large","max-video-preview":"max-video-preview:-1"},"canonical":"https:\/\/www.grupomedcof.com.br\/blog\/mudancas-no-calendario-nacional-de-vacinacao-em-2025\/","og_locale":"pt_BR","og_type":"article","og_title":"Mudan\u00e7as no Calend\u00e1rio Nacional de Vacina\u00e7\u00e3o em 2025","og_description":"Em 2025, o Brasil adotar\u00e1 mudan\u00e7as significativas no Calend\u00e1rio Nacional de Vacina\u00e7\u00e3o, ajustando as estrat\u00e9gias para melhorar a cobertura vacinal. Veja!","og_url":"https:\/\/www.grupomedcof.com.br\/blog\/mudancas-no-calendario-nacional-de-vacinacao-em-2025\/","og_site_name":"Blog de Medcof: conte\u00fados, editais, revalida e mais!","article_publisher":"https:\/\/www.facebook.com\/MedCofQbank\/","article_published_time":"2025-02-28T14:07:01+00:00","article_modified_time":"2025-02-28T14:07:04+00:00","og_image":[{"width":1920,"height":1080,"url":"https:\/\/www.grupomedcof.com.br\/blog\/wp-content\/uploads\/2025\/02\/Blog-MedCof-2025-02-28T110553.178.jpg","type":"image\/jpeg"}],"author":"Leila Menzel","twitter_card":"summary_large_image","twitter_misc":{"Escrito por":"Leila Menzel","Est. tempo de leitura":"5 minutos"},"schema":{"@context":"https:\/\/schema.org","@graph":[{"@type":"Article","@id":"https:\/\/www.grupomedcof.com.br\/blog\/mudancas-no-calendario-nacional-de-vacinacao-em-2025\/#article","isPartOf":{"@id":"https:\/\/www.grupomedcof.com.br\/blog\/mudancas-no-calendario-nacional-de-vacinacao-em-2025\/"},"author":{"name":"Leila Menzel","@id":"https:\/\/www.grupomedcof.com.br\/blog\/#\/schema\/person\/9a44c2184a836bf5ae6967fdb3a1451e"},"headline":"Mudan\u00e7as no Calend\u00e1rio Nacional de Vacina\u00e7\u00e3o em 2025","datePublished":"2025-02-28T14:07:01+00:00","dateModified":"2025-02-28T14:07:04+00:00","mainEntityOfPage":{"@id":"https:\/\/www.grupomedcof.com.br\/blog\/mudancas-no-calendario-nacional-de-vacinacao-em-2025\/"},"wordCount":805,"commentCount":0,"publisher":{"@id":"https:\/\/www.grupomedcof.com.br\/blog\/#organization"},"image":{"@id":"https:\/\/www.grupomedcof.com.br\/blog\/mudancas-no-calendario-nacional-de-vacinacao-em-2025\/#primaryimage"},"thumbnailUrl":"https:\/\/www.grupomedcof.com.br\/blog\/wp-content\/uploads\/2025\/02\/Blog-MedCof-2025-02-28T110553.178.jpg","keywords":["Calend\u00e1rio Nacional de Vacina\u00e7\u00e3o","COVID-19","Influenza","Poliomelite","vacina\u00e7\u00e3o","VSR"],"articleSection":["Novidades"],"inLanguage":"pt-BR"},{"@type":"WebPage","@id":"https:\/\/www.grupomedcof.com.br\/blog\/mudancas-no-calendario-nacional-de-vacinacao-em-2025\/","url":"https:\/\/www.grupomedcof.com.br\/blog\/mudancas-no-calendario-nacional-de-vacinacao-em-2025\/","name":"Mudan\u00e7as no Calend\u00e1rio Nacional de Vacina\u00e7\u00e3o em 2025 - Blog de Medcof: conte\u00fados, editais, revalida e mais!","isPartOf":{"@id":"https:\/\/www.grupomedcof.com.br\/blog\/#website"},"primaryImageOfPage":{"@id":"https:\/\/www.grupomedcof.com.br\/blog\/mudancas-no-calendario-nacional-de-vacinacao-em-2025\/#primaryimage"},"image":{"@id":"https:\/\/www.grupomedcof.com.br\/blog\/mudancas-no-calendario-nacional-de-vacinacao-em-2025\/#primaryimage"},"thumbnailUrl":"https:\/\/www.grupomedcof.com.br\/blog\/wp-content\/uploads\/2025\/02\/Blog-MedCof-2025-02-28T110553.178.jpg","datePublished":"2025-02-28T14:07:01+00:00","dateModified":"2025-02-28T14:07:04+00:00","description":"Em 2025, o Brasil adotar\u00e1 mudan\u00e7as significativas no Calend\u00e1rio Nacional de Vacina\u00e7\u00e3o, ajustando as estrat\u00e9gias para melhorar a cobertura vacinal. Veja!","breadcrumb":{"@id":"https:\/\/www.grupomedcof.com.br\/blog\/mudancas-no-calendario-nacional-de-vacinacao-em-2025\/#breadcrumb"},"inLanguage":"pt-BR","potentialAction":[{"@type":"ReadAction","target":["https:\/\/www.grupomedcof.com.br\/blog\/mudancas-no-calendario-nacional-de-vacinacao-em-2025\/"]}]},{"@type":"ImageObject","inLanguage":"pt-BR","@id":"https:\/\/www.grupomedcof.com.br\/blog\/mudancas-no-calendario-nacional-de-vacinacao-em-2025\/#primaryimage","url":"https:\/\/www.grupomedcof.com.br\/blog\/wp-content\/uploads\/2025\/02\/Blog-MedCof-2025-02-28T110553.178.jpg","contentUrl":"https:\/\/www.grupomedcof.com.br\/blog\/wp-content\/uploads\/2025\/02\/Blog-MedCof-2025-02-28T110553.178.jpg","width":1920,"height":1080},{"@type":"BreadcrumbList","@id":"https:\/\/www.grupomedcof.com.br\/blog\/mudancas-no-calendario-nacional-de-vacinacao-em-2025\/#breadcrumb","itemListElement":[{"@type":"ListItem","position":1,"name":"In\u00edcio","item":"https:\/\/www.grupomedcof.com.br\/blog\/"},{"@type":"ListItem","position":2,"name":"Mudan\u00e7as no Calend\u00e1rio Nacional de Vacina\u00e7\u00e3o em 2025"}]},{"@type":"WebSite","@id":"https:\/\/www.grupomedcof.com.br\/blog\/#website","url":"https:\/\/www.grupomedcof.com.br\/blog\/","name":"Blog de Medcof: conte\u00fados, editais, revalida e mais!","description":"Acesso o blog de MedCof! Seu portal de conte\u00fados sobre resid\u00eancia m\u00e9dica, an\u00e1lise e editais e muito mais. Clique e confira!","publisher":{"@id":"https:\/\/www.grupomedcof.com.br\/blog\/#organization"},"alternateName":"Blog de Medcof: conte\u00fados, editais, revalida e mais!","potentialAction":[{"@type":"SearchAction","target":{"@type":"EntryPoint","urlTemplate":"https:\/\/www.grupomedcof.com.br\/blog\/?s={search_term_string}"},"query-input":{"@type":"PropertyValueSpecification","valueRequired":true,"valueName":"search_term_string"}}],"inLanguage":"pt-BR"},{"@type":"Organization","@id":"https:\/\/www.grupomedcof.com.br\/blog\/#organization","name":"Grupo MedCof","url":"https:\/\/www.grupomedcof.com.br\/blog\/","logo":{"@type":"ImageObject","inLanguage":"pt-BR","@id":"https:\/\/www.grupomedcof.com.br\/blog\/#\/schema\/logo\/image\/","url":"https:\/\/www.grupomedcof.com.br\/blog\/wp-content\/uploads\/2022\/01\/logo-medcof.png","contentUrl":"https:\/\/www.grupomedcof.com.br\/blog\/wp-content\/uploads\/2022\/01\/logo-medcof.png","width":768,"height":269,"caption":"Grupo MedCof"},"image":{"@id":"https:\/\/www.grupomedcof.com.br\/blog\/#\/schema\/logo\/image\/"},"sameAs":["https:\/\/www.facebook.com\/MedCofQbank\/","https:\/\/www.instagram.com\/grupomedcof\/","https:\/\/br.linkedin.com\/company\/medcof","https:\/\/www.youtube.com\/channel\/UCdHMuOHKICxcHwecxN8P-AA"]},{"@type":"Person","@id":"https:\/\/www.grupomedcof.com.br\/blog\/#\/schema\/person\/9a44c2184a836bf5ae6967fdb3a1451e","name":"Leila Menzel","image":{"@type":"ImageObject","inLanguage":"pt-BR","@id":"https:\/\/www.grupomedcof.com.br\/blog\/wp-content\/uploads\/2025\/09\/cropped-eu-96x96.jpeg19a74936d997c0a8b3031618467fa1d0","url":"https:\/\/www.grupomedcof.com.br\/blog\/wp-content\/uploads\/2025\/09\/cropped-eu-96x96.jpeg","contentUrl":"https:\/\/www.grupomedcof.com.br\/blog\/wp-content\/uploads\/2025\/09\/cropped-eu-96x96.jpeg","caption":"Leila Menzel"},"description":"Estudante do 6\u00b0 semestre de jornalismo, amo e escrevo poesias e viajo em livros de romances clich\u00eas.","url":"https:\/\/www.grupomedcof.com.br\/blog\/author\/leila-menzel\/"}]}},"authors":[{"term_id":3616,"user_id":20,"is_guest":0,"slug":"leila-menzel","display_name":"Leila Menzel","avatar_url":"https:\/\/www.grupomedcof.com.br\/blog\/wp-content\/uploads\/2025\/09\/cropped-eu-96x96.jpeg","0":null,"1":"","2":"","3":"","4":"","5":"","6":"","7":"","8":""}],"_links":{"self":[{"href":"https:\/\/www.grupomedcof.com.br\/blog\/wp-json\/wp\/v2\/posts\/34132","targetHints":{"allow":["GET"]}}],"collection":[{"href":"https:\/\/www.grupomedcof.com.br\/blog\/wp-json\/wp\/v2\/posts"}],"about":[{"href":"https:\/\/www.grupomedcof.com.br\/blog\/wp-json\/wp\/v2\/types\/post"}],"author":[{"embeddable":true,"href":"https:\/\/www.grupomedcof.com.br\/blog\/wp-json\/wp\/v2\/users\/20"}],"replies":[{"embeddable":true,"href":"https:\/\/www.grupomedcof.com.br\/blog\/wp-json\/wp\/v2\/comments?post=34132"}],"version-history":[{"count":0,"href":"https:\/\/www.grupomedcof.com.br\/blog\/wp-json\/wp\/v2\/posts\/34132\/revisions"}],"wp:featuredmedia":[{"embeddable":true,"href":"https:\/\/www.grupomedcof.com.br\/blog\/wp-json\/wp\/v2\/media\/34137"}],"wp:attachment":[{"href":"https:\/\/www.grupomedcof.com.br\/blog\/wp-json\/wp\/v2\/media?parent=34132"}],"wp:term":[{"taxonomy":"category","embeddable":true,"href":"https:\/\/www.grupomedcof.com.br\/blog\/wp-json\/wp\/v2\/categories?post=34132"},{"taxonomy":"post_tag","embeddable":true,"href":"https:\/\/www.grupomedcof.com.br\/blog\/wp-json\/wp\/v2\/tags?post=34132"},{"taxonomy":"author","embeddable":true,"href":"https:\/\/www.grupomedcof.com.br\/blog\/wp-json\/wp\/v2\/ppma_author?post=34132"}],"curies":[{"name":"wp","href":"https:\/\/api.w.org\/{rel}","templated":true}]}}