{"id":34265,"date":"2025-03-06T07:09:11","date_gmt":"2025-03-06T10:09:11","guid":{"rendered":"https:\/\/www.grupomedcof.com.br\/blog\/?p=34265"},"modified":"2026-04-24T17:22:45","modified_gmt":"2026-04-24T20:22:45","slug":"meningites-e-encefalites","status":"publish","type":"post","link":"https:\/\/www.grupomedcof.com.br\/blog\/meningites-e-encefalites\/","title":{"rendered":"Meningites e Encefalites: como fazer o diagn\u00f3stico diferencial\u00a0"},"content":{"rendered":"<div id=\"ez-toc-container\" class=\"ez-toc-v2_0_74 counter-hierarchy ez-toc-counter ez-toc-transparent ez-toc-container-direction\">\n<div class=\"ez-toc-title-container\">\n<p class=\"ez-toc-title\" style=\"cursor:inherit\">Sum\u00e1rio<\/p>\n<span class=\"ez-toc-title-toggle\"><a href=\"#\" class=\"ez-toc-pull-right ez-toc-btn ez-toc-btn-xs ez-toc-btn-default ez-toc-toggle\" aria-label=\"Alternar tabela de conte\u00fado\"><span class=\"ez-toc-js-icon-con\"><span class=\"\"><span class=\"eztoc-hide\" style=\"display:none;\">Toggle<\/span><span class=\"ez-toc-icon-toggle-span\"><svg style=\"fill: #999;color:#999\" xmlns=\"http:\/\/www.w3.org\/2000\/svg\" class=\"list-377408\" width=\"20px\" height=\"20px\" viewBox=\"0 0 24 24\" fill=\"none\"><path d=\"M6 6H4v2h2V6zm14 0H8v2h12V6zM4 11h2v2H4v-2zm16 0H8v2h12v-2zM4 16h2v2H4v-2zm16 0H8v2h12v-2z\" fill=\"currentColor\"><\/path><\/svg><svg style=\"fill: #999;color:#999\" class=\"arrow-unsorted-368013\" xmlns=\"http:\/\/www.w3.org\/2000\/svg\" width=\"10px\" height=\"10px\" viewBox=\"0 0 24 24\" version=\"1.2\" baseProfile=\"tiny\"><path d=\"M18.2 9.3l-6.2-6.3-6.2 6.3c-.2.2-.3.4-.3.7s.1.5.3.7c.2.2.4.3.7.3h11c.3 0 .5-.1.7-.3.2-.2.3-.5.3-.7s-.1-.5-.3-.7zM5.8 14.7l6.2 6.3 6.2-6.3c.2-.2.3-.5.3-.7s-.1-.5-.3-.7c-.2-.2-.4-.3-.7-.3h-11c-.3 0-.5.1-.7.3-.2.2-.3.5-.3.7s.1.5.3.7z\"\/><\/svg><\/span><\/span><\/span><\/a><\/span><\/div>\n<nav><ul class='ez-toc-list ez-toc-list-level-1 ' ><li class='ez-toc-page-1 ez-toc-heading-level-2'><a class=\"ez-toc-link ez-toc-heading-1\" href=\"https:\/\/www.grupomedcof.com.br\/blog\/meningites-e-encefalites\/#Conceitos_Iniciais_Meningite_Encefalite_e_Meningoencefalite\" >Conceitos Iniciais: Meningite, Encefalite e Meningoencefalite<\/a><\/li><li class='ez-toc-page-1 ez-toc-heading-level-2'><a class=\"ez-toc-link ez-toc-heading-2\" href=\"https:\/\/www.grupomedcof.com.br\/blog\/meningites-e-encefalites\/#Principais_Agentes_Etiologicos\" >Principais Agentes Etiol\u00f3gicos<\/a><\/li><li class='ez-toc-page-1 ez-toc-heading-level-2'><a class=\"ez-toc-link ez-toc-heading-3\" href=\"https:\/\/www.grupomedcof.com.br\/blog\/meningites-e-encefalites\/#Quadro_Clinico\" >Quadro Cl\u00ednico<\/a><\/li><li class='ez-toc-page-1 ez-toc-heading-level-2'><a class=\"ez-toc-link ez-toc-heading-4\" href=\"https:\/\/www.grupomedcof.com.br\/blog\/meningites-e-encefalites\/#Diagnostico\" >Diagn\u00f3stico<\/a><\/li><li class='ez-toc-page-1 ez-toc-heading-level-2'><a class=\"ez-toc-link ez-toc-heading-5\" href=\"https:\/\/www.grupomedcof.com.br\/blog\/meningites-e-encefalites\/#Tratamento\" >Tratamento<\/a><\/li><li class='ez-toc-page-1 ez-toc-heading-level-2'><a class=\"ez-toc-link ez-toc-heading-6\" href=\"https:\/\/www.grupomedcof.com.br\/blog\/meningites-e-encefalites\/#Imunizacao\" >Imuniza\u00e7\u00e3o<\/a><\/li><li class='ez-toc-page-1 ez-toc-heading-level-2'><a class=\"ez-toc-link ez-toc-heading-7\" href=\"https:\/\/www.grupomedcof.com.br\/blog\/meningites-e-encefalites\/#Meningite_Viral\" >Meningite Viral<\/a><\/li><li class='ez-toc-page-1 ez-toc-heading-level-2'><a class=\"ez-toc-link ez-toc-heading-8\" href=\"https:\/\/www.grupomedcof.com.br\/blog\/meningites-e-encefalites\/#Meningite_Tuberculosa\" >Meningite Tuberculosa<\/a><\/li><li class='ez-toc-page-1 ez-toc-heading-level-2'><a class=\"ez-toc-link ez-toc-heading-9\" href=\"https:\/\/www.grupomedcof.com.br\/blog\/meningites-e-encefalites\/#Encefalite_Herpetica\" >Encefalite Herp\u00e9tica<\/a><\/li><li class='ez-toc-page-1 ez-toc-heading-level-2'><a class=\"ez-toc-link ez-toc-heading-10\" href=\"https:\/\/www.grupomedcof.com.br\/blog\/meningites-e-encefalites\/#Seja_um_MedCofer\" >Seja um MedCofer!<\/a><\/li><\/ul><\/nav><\/div>\n\n<figure class=\"wp-block-image size-large\"><img loading=\"lazy\" decoding=\"async\" width=\"1024\" height=\"576\" src=\"https:\/\/www.grupomedcof.com.br\/blog\/wp-content\/uploads\/2025\/03\/Blog-MedCof-2025-03-05T134142.730-1024x576.jpg\" alt=\"\" class=\"wp-image-34268\" srcset=\"https:\/\/www.grupomedcof.com.br\/blog\/wp-content\/uploads\/2025\/03\/Blog-MedCof-2025-03-05T134142.730-1024x576.jpg 1024w, https:\/\/www.grupomedcof.com.br\/blog\/wp-content\/uploads\/2025\/03\/Blog-MedCof-2025-03-05T134142.730-300x169.jpg 300w, https:\/\/www.grupomedcof.com.br\/blog\/wp-content\/uploads\/2025\/03\/Blog-MedCof-2025-03-05T134142.730-768x432.jpg 768w, https:\/\/www.grupomedcof.com.br\/blog\/wp-content\/uploads\/2025\/03\/Blog-MedCof-2025-03-05T134142.730-1536x864.jpg 1536w, https:\/\/www.grupomedcof.com.br\/blog\/wp-content\/uploads\/2025\/03\/Blog-MedCof-2025-03-05T134142.730-747x420.jpg 747w, https:\/\/www.grupomedcof.com.br\/blog\/wp-content\/uploads\/2025\/03\/Blog-MedCof-2025-03-05T134142.730-150x84.jpg 150w, https:\/\/www.grupomedcof.com.br\/blog\/wp-content\/uploads\/2025\/03\/Blog-MedCof-2025-03-05T134142.730-696x392.jpg 696w, https:\/\/www.grupomedcof.com.br\/blog\/wp-content\/uploads\/2025\/03\/Blog-MedCof-2025-03-05T134142.730-1068x601.jpg 1068w, https:\/\/www.grupomedcof.com.br\/blog\/wp-content\/uploads\/2025\/03\/Blog-MedCof-2025-03-05T134142.730.jpg 1920w\" sizes=\"auto, (max-width: 1024px) 100vw, 1024px\" \/><\/figure>\n\n\n\n<p><strong>Meningites e encefalites<\/strong> representam desafios diagn\u00f3sticos e terap\u00eauticos significativos na pr\u00e1tica m\u00e9dica, exigindo dos residentes uma compreens\u00e3o aprofundada de suas etiologias, manifesta\u00e7\u00f5es cl\u00ednicas e abordagens de tratamento. Vamos, ent\u00e3o, explorar um pouco sobre seus conceitos b\u00e1sicos para melhor nos prepararmos para a resid\u00eancia.<\/p>\n\n\n\n<figure class=\"wp-block-image is-resized\"><img decoding=\"async\" src=\"https:\/\/lh7-rt.googleusercontent.com\/docsz\/AD_4nXfLxcTzrdZBgyLs5Q47YT5KjUSLZCVhmOiDi3gCe_genGKdcCrM47pacTcKJfX2AeyJmiHOzktM7l9q1kdZPSTrTz3rNm0PnPy-UwXVn63zZv3RHsvRGwws6ONg_vYreRgcxxsgsg?key=lRD7r9fwXWt5F9wFK0sR81JE\" alt=\"\" style=\"width:606px;height:auto\"\/><figcaption class=\"wp-element-caption\">Fonte: <a href=\"https:\/\/pin.it\/5MqHxkwSv\">https:\/\/pin.it\/5MqHxkwSv<\/a><\/figcaption><\/figure>\n\n\n\n<h2 class=\"wp-block-heading\" id=\"h-conceitos-iniciais-meningite-encefalite-e-meningoencefalite\"><span class=\"ez-toc-section\" id=\"Conceitos_Iniciais_Meningite_Encefalite_e_Meningoencefalite\"><\/span><strong>Conceitos Iniciais: Meningite, Encefalite e Meningoencefalite<\/strong><span class=\"ez-toc-section-end\"><\/span><\/h2>\n\n\n\n<p>\u00c9 fundamental distinguir entre essas entidades:<\/p>\n\n\n\n<ul class=\"wp-block-list\">\n<li>Meningite: Processo inflamat\u00f3rio das meninges, podendo ser infeccioso ou n\u00e3o, classificado como agudo (&lt;14 dias), subagudo (14 dias a 4 semanas) ou cr\u00f4nico (&gt;4 semanas);<\/li>\n\n\n\n<li>Encefalite: Inflama\u00e7\u00e3o que atinge o par\u00eanquima encef\u00e1lico;<\/li>\n\n\n\n<li>Meningoencefalite: Inflama\u00e7\u00e3o que afeta tanto o par\u00eanquima encef\u00e1lico quanto as meninges, como na encefalite herp\u00e9tica.<\/li>\n<\/ul>\n\n\n\n<h2 class=\"wp-block-heading\" id=\"h-principais-agentes-etiologicos\"><span class=\"ez-toc-section\" id=\"Principais_Agentes_Etiologicos\"><\/span><strong>Principais Agentes Etiol\u00f3gicos<\/strong><span class=\"ez-toc-section-end\"><\/span><\/h2>\n\n\n\n<p>A identifica\u00e7\u00e3o do agente etiol\u00f3gico \u00e9 crucial para direcionar o tratamento. Os principais agentes bacterianos incluem:<\/p>\n\n\n\n<ul class=\"wp-block-list\">\n<li>Neisseria meningitidis (Meningococo): Principal agente no Brasil, um diplococo gram-negativo com sorotipos A, B, C, Y, W e X. O meningococo C \u00e9 o mais comum entre os subtipos;<\/li>\n<\/ul>\n\n\n\n<figure class=\"wp-block-image is-resized\"><img decoding=\"async\" src=\"https:\/\/lh7-rt.googleusercontent.com\/docsz\/AD_4nXcK7ndHOBoVfWJe7CaEUnt4e_5GUWNEuGi4TtH2NlujLJuoI-3Y2RU-1nJXF9IKXVm97LFq4nQe5hLnvfq1DXUF6WECNPrFF02K7NKW6orhtGSHzl4D8vgPWsFOlPYnPqBE2LWW6g?key=lRD7r9fwXWt5F9wFK0sR81JE\" alt=\"\" style=\"width:549px;height:auto\"\/><figcaption class=\"wp-element-caption\">Fonte: <a href=\"https:\/\/www.vircell.com\/en\/diseases\/41-neisseria-meningitidis\">https:\/\/www.vircell.com\/en\/diseases\/41-neisseria-meningitidis<\/a>&nbsp;<br><\/figcaption><\/figure>\n\n\n\n<ul class=\"wp-block-list\">\n<li>Streptococcus pneumoniae (Pneumococo): Principal agente nos EUA, um diplococo gram-positivo associado a maior possibilidade de sequelas neurol\u00f3gicas, como surdez neurossensorial;<\/li>\n<\/ul>\n\n\n\n<figure class=\"wp-block-image is-resized\"><img decoding=\"async\" src=\"https:\/\/lh7-rt.googleusercontent.com\/docsz\/AD_4nXd-m0_s3DoUgJfNp4cqQmi5cNAR751KUb059atiFDkZGiQSmgD21dgsd4Xc8qIIfdRRQLCueWLJ2Bvro76ylxYzxqTk05PDolJIIvWIpwybM7aiNRCwcur0LqeNuUQ6iNQeEGffrQ?key=lRD7r9fwXWt5F9wFK0sR81JE\" alt=\"\" style=\"width:531px;height:auto\"\/><figcaption class=\"wp-element-caption\">Fonte: <a href=\"https:\/\/newslab.com.br\/pneumococo-nova-vacina-contra-bacteria-que-causa-pneumonia-e-meningite-chega-a-rede-privada\/\">https:\/\/newslab.com.br\/pneumococo-nova-vacina-contra-bacteria-que-causa-pneumonia-e-meningite-chega-a-rede-privada\/<\/a><\/figcaption><\/figure>\n\n\n\n<ul class=\"wp-block-list\">\n<li>Haemophilus influenzae: Bacilos gram-negativos, com o tipo B sendo o mais comum. A incid\u00eancia diminuiu ap\u00f3s a vacina\u00e7\u00e3o em 1999;<\/li>\n\n\n\n<li>Listeria monocytogenes: Bastonete gram-positivo e anaer\u00f3bio facultativo, especialmente relevante em idosos, gestantes e imunossuprimidos;<\/li>\n\n\n\n<li>Mycobacterium tuberculosis: Agente da meningite tuberculosa, que pode ocorrer mesmo na aus\u00eancia de doen\u00e7a pulmonar ativa.<\/li>\n<\/ul>\n\n\n\n<p>Outros agentes importantes incluem bact\u00e9rias como E. coli, Klebsiella sp, e Pseudomonas aeruginosa (especialmente em meningites p\u00f3s-neurocir\u00fargicas), al\u00e9m de v\u00edrus como enterov\u00edrus (poliov\u00edrus, Coxsackie A e B), arbov\u00edrus, HIV e sarampo.<\/p>\n\n\n\n<h2 class=\"wp-block-heading\" id=\"h-quadro-clinico\"><span class=\"ez-toc-section\" id=\"Quadro_Clinico\"><\/span><strong>Quadro Cl\u00ednico<\/strong><span class=\"ez-toc-section-end\"><\/span><\/h2>\n\n\n\n<p>O quadro cl\u00ednico pode variar, mas alguns sinais e sintomas s\u00e3o cl\u00e1ssicos:<\/p>\n\n\n\n<ul class=\"wp-block-list\">\n<li>&nbsp;&nbsp;Cefaleia, febre, rigidez de nuca e altera\u00e7\u00e3o do n\u00edvel de consci\u00eancia: A presen\u00e7a de pelo menos dois desses sintomas \u00e9 observada em 95% dos pacientes;<\/li>\n\n\n\n<li>Sinais de Kernig e Brudzinski: Presentes em menos de 50% dos casos, sua aus\u00eancia n\u00e3o exclui o diagn\u00f3stico de meningite;<\/li>\n\n\n\n<li>Meningococcemia: Pode apresentar rash cut\u00e2neo que evolui para pet\u00e9quias e p\u00farpuras, acometendo tronco e membros inferiores. A s\u00edndrome de Waterhouse-Friderichsen (choque s\u00e9ptico + CIVD) \u00e9 uma complica\u00e7\u00e3o grave;<\/li>\n\n\n\n<li>Encefalite: Suspeitar em casos de altera\u00e7\u00e3o de comportamento ou manifesta\u00e7\u00f5es psiqui\u00e1tricas.<\/li>\n<\/ul>\n\n\n\n<figure class=\"wp-block-image is-resized\"><img decoding=\"async\" src=\"https:\/\/lh7-rt.googleusercontent.com\/docsz\/AD_4nXcBb-hE3a2FDUZwIzs8W66X8Ro-X_ha3xeL5J9oq96SnAVEgTkkGXV6yO60jZWX2Iqu9FxVveulFZ7hDyftZbXxhe0igPQrlHuo7q9g-PB3hvZZ27henlm0E8eGu0QfXX8QsQCqBQ?key=lRD7r9fwXWt5F9wFK0sR81JE\" alt=\"\" style=\"width:484px;height:auto\"\/><figcaption class=\"wp-element-caption\">Fonte: <a href=\"https:\/\/maceio.al.gov.br\/noticias\/sms\/saude-orienta-a-populacao-sobre-sinais-e-sintomas-da-meningite\">https:\/\/maceio.al.gov.br\/noticias\/sms\/saude-orienta-a-populacao-sobre-sinais-e-sintomas-da-meningite<\/a>&nbsp;<\/figcaption><\/figure>\n\n\n\n<h2 class=\"wp-block-heading\" id=\"h-diagnostico\"><span class=\"ez-toc-section\" id=\"Diagnostico\"><\/span><strong>Diagn\u00f3stico<\/strong><span class=\"ez-toc-section-end\"><\/span><\/h2>\n\n\n\n<p>A an\u00e1lise do l\u00edquor \u00e9 fundamental para o diagn\u00f3stico diferencial:<\/p>\n\n\n\n<ol class=\"wp-block-list\">\n<li>CRIT\u00c9RIOS: bacteriana, Viral, F\u00fangica ou BK\/TB;<\/li>\n\n\n\n<li>Aspecto: turvo e opalescente, somente opalescente, L\u00edmpido ou opalescente.<\/li>\n\n\n\n<li>Celularidade: &gt; 500 (neutr\u00f3filos)\/ 100-500 (linf\u00f3citos)\/ Normal ou &lt; 500 (linf\u00f3citos)\/ 100-1000 (neutr\u00f3filos e linf\u00f3citos);<\/li>\n\n\n\n<li>Prote\u00ednas: reduzida (&gt;200), Normal ou levemente \u2191,Elevada (&gt;300)<\/li>\n\n\n\n<li>Glicose: \u2193\u2193\u2193 (&lt;40), Normal, Normal ou \u2193\u2193\u2193 &#8211; \u2193\u2193\u2193 (&lt;40)<\/li>\n\n\n\n<li>Lactato: \u2191\u2191\u2191, Normal ou levemente \u2191, Normal, Levemente \u2191<\/li>\n<\/ol>\n\n\n\n<p><strong>Observa\u00e7\u00e3o:<\/strong> TC de cr\u00e2nio \u00e9 indicada antes da coleta do l\u00edquor em pacientes com imunossupress\u00e3o, novas crises convulsivas, papiledema, d\u00e9ficit neurol\u00f3gico focal ou altera\u00e7\u00e3o do n\u00edvel de consci\u00eancia.<\/p>\n\n\n\n<h2 class=\"wp-block-heading\" id=\"h-tratamento\"><span class=\"ez-toc-section\" id=\"Tratamento\"><\/span><strong>Tratamento<\/strong><span class=\"ez-toc-section-end\"><\/span><\/h2>\n\n\n\n<p>O tratamento varia conforme o agente etiol\u00f3gico. Um dos principais m\u00e9todos utilizados \u00e9 a Quimioprofilaxia, \u00fatil na preven\u00e7\u00e3o em contatos pr\u00f3ximos. Ela \u00e9 crucial para prevenir a dissemina\u00e7\u00e3o de Neisseria meningitidis e Haemophilus influenzae em contatos muito pertos. A rifampicina \u00e9 o antibi\u00f3tico de escolha, iniciada preferencialmente em at\u00e9 48 horas, mas pode ser eficaz at\u00e9 14 dias. Alternativas incluem ceftriaxona, ciprofloxacino e azitromicina. N\u00e3o h\u00e1 recomenda\u00e7\u00e3o de quimioprofilaxia para pneumococo. <\/p>\n\n\n\n<h2 class=\"wp-block-heading\" id=\"h-imunizacao\"><span class=\"ez-toc-section\" id=\"Imunizacao\"><\/span><strong>Imuniza\u00e7\u00e3o<\/strong><span class=\"ez-toc-section-end\"><\/span><\/h2>\n\n\n\n<p>A imuniza\u00e7\u00e3o \u00e9 uma medida preventiva fundamental. As vacinas dispon\u00edveis incluem as meningoc\u00f3cicas B, C e ACWY.<\/p>\n\n\n\n<h2 class=\"wp-block-heading\" id=\"h-meningite-viral\"><span class=\"ez-toc-section\" id=\"Meningite_Viral\"><\/span><strong>Meningite Viral<\/strong><span class=\"ez-toc-section-end\"><\/span><\/h2>\n\n\n\n<p>A meningite viral, causada principalmente por enterov\u00edrus, arbov\u00edrus, HIV e sarampo, apresenta um quadro cl\u00ednico mais leve, com febre, n\u00e1useas, mialgia e sinais de irrita\u00e7\u00e3o men\u00edngea. O l\u00edquor mostra aspecto claro, pleocitose linfoc\u00edtica e glicose normal. O progn\u00f3stico \u00e9 geralmente bom, com evolu\u00e7\u00e3o autolimitada, e o tratamento \u00e9 de suporte.<\/p>\n\n\n\n<h2 class=\"wp-block-heading\" id=\"h-meningite-tuberculosa\"><span class=\"ez-toc-section\" id=\"Meningite_Tuberculosa\"><\/span><strong>Meningite Tuberculosa<\/strong><span class=\"ez-toc-section-end\"><\/span><\/h2>\n\n\n\n<p>A meningite tuberculosa pode ocorrer na aus\u00eancia de doen\u00e7a pulmonar ativa, com evolu\u00e7\u00e3o subaguda (1 a 3 semanas). O l\u00edquor apresenta pleocitose linfoc\u00edtica, hiperproteinorraquia e glicose consumida. O tratamento envolve RIPE por 2 meses, rifampicina e isoniazida por 10 meses, al\u00e9m de prednisona ou dexametasona em casos graves.<\/p>\n\n\n\n<h2 class=\"wp-block-heading\" id=\"h-encefalite-herpetica\"><span class=\"ez-toc-section\" id=\"Encefalite_Herpetica\"><\/span><strong>Encefalite Herp\u00e9tica<\/strong><span class=\"ez-toc-section-end\"><\/span><\/h2>\n\n\n\n<p>A encefalite herp\u00e9tica, causada principalmente pelo Herpes simplex 1, apresenta febre, cefaleia, altera\u00e7\u00e3o comportamental, dist\u00farbios de mem\u00f3ria e d\u00e9ficits focais. O l\u00edquor mostra celularidade levemente elevada, e a resson\u00e2ncia magn\u00e9tica revela hipersinal assim\u00e9trico em lobos temporais. O tratamento urgente com aciclovir \u00e9 crucial.<\/p>\n\n\n\n<h2 class=\"wp-block-heading\" id=\"h-seja-um-medcofer\"><span class=\"ez-toc-section\" id=\"Seja_um_MedCofer\"><\/span><strong>Seja um MedCofer!<\/strong><span class=\"ez-toc-section-end\"><\/span><\/h2>\n\n\n\n<p>Quer alcan\u00e7ar a aprova\u00e7\u00e3o nas provas de resid\u00eancia m\u00e9dica? Ent\u00e3o seja um&nbsp;<a href=\"https:\/\/www.grupomedcof.com.br\/home\/\" target=\"_blank\" rel=\"noreferrer noopener\">MedCoffer<\/a>! Aqui te ajudaremos na busca da aprova\u00e7\u00e3o com conte\u00fados de qualidade e uma&nbsp;<a href=\"https:\/\/www.grupomedcof.com.br\/blog\/presenca-da-medcof-nas-aprovacoes-em-residencia-medica-no-brasil\/\" target=\"_blank\" rel=\"noreferrer noopener\">metodologia que j\u00e1 aprovou mais de 10 mil residentes no pa\u00eds!&nbsp;<\/a>Por fim, acesse o nosso<a href=\"https:\/\/www.youtube.com\/@GrupoMedcof\/featured\" target=\"_blank\" rel=\"noreferrer noopener\">&nbsp;<strong>canal do youtube&nbsp;<\/strong><\/a>para ver o nosso material de revis\u00e3o e corre\u00e7\u00e3o.<\/p>\n\n\n\n<figure class=\"wp-block-embed is-type-video is-provider-youtube wp-block-embed-youtube wp-embed-aspect-16-9 wp-has-aspect-ratio\"><div class=\"wp-block-embed__wrapper\">\n<div class=\"youtube-embed\" data-video_id=\"CqXGCGqt2C4\"><iframe loading=\"lazy\" title=\"COFEXPRESS - Doen\u00e7as Desmielinizantes e Encefalite Autoimune. Com Dr. Joemir Brito\" width=\"696\" height=\"392\" src=\"https:\/\/www.youtube.com\/embed\/CqXGCGqt2C4?feature=oembed&#038;enablejsapi=1\" frameborder=\"0\" allow=\"accelerometer; autoplay; clipboard-write; encrypted-media; gyroscope; picture-in-picture; web-share\" referrerpolicy=\"strict-origin-when-cross-origin\" allowfullscreen><\/iframe><\/div>\n<\/div><\/figure>\n","protected":false},"excerpt":{"rendered":"<p>Meningites e encefalites representam desafios diagn\u00f3sticos e terap\u00eauticos significativos na pr\u00e1tica m\u00e9dica. Entenda agora!<\/p>\n","protected":false},"author":18,"featured_media":34268,"comment_status":"closed","ping_status":"closed","sticky":false,"template":"","format":"standard","meta":{"footnotes":""},"categories":[120],"tags":[2674,2675,2676,68],"ppma_author":[3611],"class_list":{"0":"post-34265","1":"post","2":"type-post","3":"status-publish","4":"format-standard","5":"has-post-thumbnail","7":"category-pediatria","8":"tag-encefalite-herpetica","9":"tag-meningite-viral","10":"tag-meningoencefalite","11":"tag-residencia-medica"},"yoast_head":"<!-- This site is optimized with the Yoast SEO Premium plugin v24.3 (Yoast SEO v27.4) - https:\/\/yoast.com\/product\/yoast-seo-premium-wordpress\/ -->\n<title>Meningites e Encefalites: Diagn\u00f3stico Diferencial | Medcof<\/title>\n<meta name=\"description\" content=\"Meningites e encefalites representam desafios diagn\u00f3sticos e terap\u00eauticos significativos na pr\u00e1tica m\u00e9dica. Entenda agora!\" \/>\n<meta name=\"robots\" content=\"index, follow, max-snippet:-1, max-image-preview:large, max-video-preview:-1\" \/>\n<link rel=\"canonical\" href=\"https:\/\/www.grupomedcof.com.br\/blog\/meningites-e-encefalites\/\" \/>\n<meta property=\"og:locale\" content=\"pt_BR\" \/>\n<meta property=\"og:type\" content=\"article\" \/>\n<meta property=\"og:title\" content=\"Meningites e Encefalites: como fazer o diagn\u00f3stico diferencial\u00a0\" \/>\n<meta property=\"og:description\" content=\"Meningites e encefalites representam desafios diagn\u00f3sticos e terap\u00eauticos significativos na pr\u00e1tica m\u00e9dica. Entenda agora!\" \/>\n<meta property=\"og:url\" content=\"https:\/\/www.grupomedcof.com.br\/blog\/meningites-e-encefalites\/\" \/>\n<meta property=\"og:site_name\" content=\"Blog de Medcof: conte\u00fados, editais, revalida e mais!\" \/>\n<meta property=\"article:publisher\" content=\"https:\/\/www.facebook.com\/MedCofQbank\/\" \/>\n<meta property=\"article:published_time\" content=\"2025-03-06T10:09:11+00:00\" \/>\n<meta property=\"article:modified_time\" content=\"2026-04-24T20:22:45+00:00\" \/>\n<meta property=\"og:image\" content=\"https:\/\/www.grupomedcof.com.br\/blog\/wp-content\/uploads\/2025\/03\/Blog-MedCof-2025-03-05T134142.730.jpg\" \/>\n\t<meta property=\"og:image:width\" content=\"1920\" \/>\n\t<meta property=\"og:image:height\" content=\"1080\" \/>\n\t<meta property=\"og:image:type\" content=\"image\/jpeg\" \/>\n<meta name=\"author\" content=\"Leila Menzel\" \/>\n<meta name=\"twitter:card\" content=\"summary_large_image\" \/>\n<meta name=\"twitter:label1\" content=\"Escrito por\" \/>\n\t<meta name=\"twitter:data1\" content=\"Leila Menzel\" \/>\n\t<meta name=\"twitter:label2\" content=\"Est. tempo de leitura\" \/>\n\t<meta name=\"twitter:data2\" content=\"6 minutos\" \/>\n<script type=\"application\/ld+json\" class=\"yoast-schema-graph\">{\"@context\":\"https:\\\/\\\/schema.org\",\"@graph\":[{\"@type\":\"Article\",\"@id\":\"https:\\\/\\\/www.grupomedcof.com.br\\\/blog\\\/meningites-e-encefalites\\\/#article\",\"isPartOf\":{\"@id\":\"https:\\\/\\\/www.grupomedcof.com.br\\\/blog\\\/meningites-e-encefalites\\\/\"},\"author\":{\"name\":\"Leila Menzel\",\"@id\":\"https:\\\/\\\/www.grupomedcof.com.br\\\/blog\\\/#\\\/schema\\\/person\\\/2a5527209c17e7eb35bd6a4ebd5c7956\"},\"headline\":\"Meningites e Encefalites: como fazer o diagn\u00f3stico diferencial\u00a0\",\"datePublished\":\"2025-03-06T10:09:11+00:00\",\"dateModified\":\"2026-04-24T20:22:45+00:00\",\"mainEntityOfPage\":{\"@id\":\"https:\\\/\\\/www.grupomedcof.com.br\\\/blog\\\/meningites-e-encefalites\\\/\"},\"wordCount\":886,\"publisher\":{\"@id\":\"https:\\\/\\\/www.grupomedcof.com.br\\\/blog\\\/#organization\"},\"image\":{\"@id\":\"https:\\\/\\\/www.grupomedcof.com.br\\\/blog\\\/meningites-e-encefalites\\\/#primaryimage\"},\"thumbnailUrl\":\"https:\\\/\\\/www.grupomedcof.com.br\\\/blog\\\/wp-content\\\/uploads\\\/2025\\\/03\\\/Blog-MedCof-2025-03-05T134142.730.jpg\",\"keywords\":[\"Encefalite Herp\u00e9tica\",\"Meningite Viral\",\"Meningoencefalite\",\"Resid\u00eancia M\u00e9dica\"],\"articleSection\":[\"Pediatria\"],\"inLanguage\":\"pt-BR\"},{\"@type\":\"WebPage\",\"@id\":\"https:\\\/\\\/www.grupomedcof.com.br\\\/blog\\\/meningites-e-encefalites\\\/\",\"url\":\"https:\\\/\\\/www.grupomedcof.com.br\\\/blog\\\/meningites-e-encefalites\\\/\",\"name\":\"Meningites e Encefalites: Diagn\u00f3stico Diferencial | Medcof\",\"isPartOf\":{\"@id\":\"https:\\\/\\\/www.grupomedcof.com.br\\\/blog\\\/#website\"},\"primaryImageOfPage\":{\"@id\":\"https:\\\/\\\/www.grupomedcof.com.br\\\/blog\\\/meningites-e-encefalites\\\/#primaryimage\"},\"image\":{\"@id\":\"https:\\\/\\\/www.grupomedcof.com.br\\\/blog\\\/meningites-e-encefalites\\\/#primaryimage\"},\"thumbnailUrl\":\"https:\\\/\\\/www.grupomedcof.com.br\\\/blog\\\/wp-content\\\/uploads\\\/2025\\\/03\\\/Blog-MedCof-2025-03-05T134142.730.jpg\",\"datePublished\":\"2025-03-06T10:09:11+00:00\",\"dateModified\":\"2026-04-24T20:22:45+00:00\",\"description\":\"Meningites e encefalites representam desafios diagn\u00f3sticos e terap\u00eauticos significativos na pr\u00e1tica m\u00e9dica. Entenda agora!\",\"breadcrumb\":{\"@id\":\"https:\\\/\\\/www.grupomedcof.com.br\\\/blog\\\/meningites-e-encefalites\\\/#breadcrumb\"},\"inLanguage\":\"pt-BR\",\"potentialAction\":[{\"@type\":\"ReadAction\",\"target\":[\"https:\\\/\\\/www.grupomedcof.com.br\\\/blog\\\/meningites-e-encefalites\\\/\"]}]},{\"@type\":\"ImageObject\",\"inLanguage\":\"pt-BR\",\"@id\":\"https:\\\/\\\/www.grupomedcof.com.br\\\/blog\\\/meningites-e-encefalites\\\/#primaryimage\",\"url\":\"https:\\\/\\\/www.grupomedcof.com.br\\\/blog\\\/wp-content\\\/uploads\\\/2025\\\/03\\\/Blog-MedCof-2025-03-05T134142.730.jpg\",\"contentUrl\":\"https:\\\/\\\/www.grupomedcof.com.br\\\/blog\\\/wp-content\\\/uploads\\\/2025\\\/03\\\/Blog-MedCof-2025-03-05T134142.730.jpg\",\"width\":1920,\"height\":1080,\"caption\":\"Meningites e Encefalites\"},{\"@type\":\"BreadcrumbList\",\"@id\":\"https:\\\/\\\/www.grupomedcof.com.br\\\/blog\\\/meningites-e-encefalites\\\/#breadcrumb\",\"itemListElement\":[{\"@type\":\"ListItem\",\"position\":1,\"name\":\"In\u00edcio\",\"item\":\"https:\\\/\\\/www.grupomedcof.com.br\\\/blog\\\/\"},{\"@type\":\"ListItem\",\"position\":2,\"name\":\"Meningites e Encefalites: como fazer o diagn\u00f3stico diferencial\u00a0\"}]},{\"@type\":\"WebSite\",\"@id\":\"https:\\\/\\\/www.grupomedcof.com.br\\\/blog\\\/#website\",\"url\":\"https:\\\/\\\/www.grupomedcof.com.br\\\/blog\\\/\",\"name\":\"Blog de Medcof: conte\u00fados, editais, revalida e mais!\",\"description\":\"Acesso o blog de MedCof! Seu portal de conte\u00fados sobre resid\u00eancia m\u00e9dica, an\u00e1lise e editais e muito mais. Clique e confira!\",\"publisher\":{\"@id\":\"https:\\\/\\\/www.grupomedcof.com.br\\\/blog\\\/#organization\"},\"alternateName\":\"Blog de Medcof: conte\u00fados, editais, revalida e mais!\",\"potentialAction\":[{\"@type\":\"SearchAction\",\"target\":{\"@type\":\"EntryPoint\",\"urlTemplate\":\"https:\\\/\\\/www.grupomedcof.com.br\\\/blog\\\/?s={search_term_string}\"},\"query-input\":{\"@type\":\"PropertyValueSpecification\",\"valueRequired\":true,\"valueName\":\"search_term_string\"}}],\"inLanguage\":\"pt-BR\"},{\"@type\":\"Organization\",\"@id\":\"https:\\\/\\\/www.grupomedcof.com.br\\\/blog\\\/#organization\",\"name\":\"Grupo MedCof\",\"url\":\"https:\\\/\\\/www.grupomedcof.com.br\\\/blog\\\/\",\"logo\":{\"@type\":\"ImageObject\",\"inLanguage\":\"pt-BR\",\"@id\":\"https:\\\/\\\/www.grupomedcof.com.br\\\/blog\\\/#\\\/schema\\\/logo\\\/image\\\/\",\"url\":\"https:\\\/\\\/www.grupomedcof.com.br\\\/blog\\\/wp-content\\\/uploads\\\/2022\\\/01\\\/logo-medcof.png\",\"contentUrl\":\"https:\\\/\\\/www.grupomedcof.com.br\\\/blog\\\/wp-content\\\/uploads\\\/2022\\\/01\\\/logo-medcof.png\",\"width\":768,\"height\":269,\"caption\":\"Grupo MedCof\"},\"image\":{\"@id\":\"https:\\\/\\\/www.grupomedcof.com.br\\\/blog\\\/#\\\/schema\\\/logo\\\/image\\\/\"},\"sameAs\":[\"https:\\\/\\\/www.facebook.com\\\/MedCofQbank\\\/\",\"https:\\\/\\\/www.instagram.com\\\/grupomedcof\\\/\",\"https:\\\/\\\/br.linkedin.com\\\/company\\\/medcof\",\"https:\\\/\\\/www.youtube.com\\\/channel\\\/UCdHMuOHKICxcHwecxN8P-AA\"]},{\"@type\":\"Person\",\"@id\":\"https:\\\/\\\/www.grupomedcof.com.br\\\/blog\\\/#\\\/schema\\\/person\\\/2a5527209c17e7eb35bd6a4ebd5c7956\",\"name\":\"Leila Menzel\",\"image\":{\"@type\":\"ImageObject\",\"inLanguage\":\"pt-BR\",\"@id\":\"https:\\\/\\\/www.grupomedcof.com.br\\\/blog\\\/wp-content\\\/uploads\\\/2023\\\/04\\\/cropped-cropped-cropped-logo-96x96.png15459389df217b605b4f0cce419ac81a\",\"url\":\"https:\\\/\\\/www.grupomedcof.com.br\\\/blog\\\/wp-content\\\/uploads\\\/2023\\\/04\\\/cropped-cropped-cropped-logo-96x96.png\",\"contentUrl\":\"https:\\\/\\\/www.grupomedcof.com.br\\\/blog\\\/wp-content\\\/uploads\\\/2023\\\/04\\\/cropped-cropped-cropped-logo-96x96.png\",\"caption\":\"Leila Menzel\"},\"description\":\"Estudante do 6\u00b0 semestre de jornalismo, amo e escrevo poesias e viajo em livros de romances clich\u00eas.\",\"url\":\"https:\\\/\\\/www.grupomedcof.com.br\\\/blog\\\/author\\\/leila\\\/\"}]}<\/script>\n<!-- \/ Yoast SEO Premium plugin. -->","yoast_head_json":{"title":"Meningites e Encefalites: Diagn\u00f3stico Diferencial | Medcof","description":"Meningites e encefalites representam desafios diagn\u00f3sticos e terap\u00eauticos significativos na pr\u00e1tica m\u00e9dica. Entenda agora!","robots":{"index":"index","follow":"follow","max-snippet":"max-snippet:-1","max-image-preview":"max-image-preview:large","max-video-preview":"max-video-preview:-1"},"canonical":"https:\/\/www.grupomedcof.com.br\/blog\/meningites-e-encefalites\/","og_locale":"pt_BR","og_type":"article","og_title":"Meningites e Encefalites: como fazer o diagn\u00f3stico diferencial\u00a0","og_description":"Meningites e encefalites representam desafios diagn\u00f3sticos e terap\u00eauticos significativos na pr\u00e1tica m\u00e9dica. Entenda agora!","og_url":"https:\/\/www.grupomedcof.com.br\/blog\/meningites-e-encefalites\/","og_site_name":"Blog de Medcof: conte\u00fados, editais, revalida e mais!","article_publisher":"https:\/\/www.facebook.com\/MedCofQbank\/","article_published_time":"2025-03-06T10:09:11+00:00","article_modified_time":"2026-04-24T20:22:45+00:00","og_image":[{"width":1920,"height":1080,"url":"https:\/\/www.grupomedcof.com.br\/blog\/wp-content\/uploads\/2025\/03\/Blog-MedCof-2025-03-05T134142.730.jpg","type":"image\/jpeg"}],"author":"Leila Menzel","twitter_card":"summary_large_image","twitter_misc":{"Escrito por":"Leila Menzel","Est. tempo de leitura":"6 minutos"},"schema":{"@context":"https:\/\/schema.org","@graph":[{"@type":"Article","@id":"https:\/\/www.grupomedcof.com.br\/blog\/meningites-e-encefalites\/#article","isPartOf":{"@id":"https:\/\/www.grupomedcof.com.br\/blog\/meningites-e-encefalites\/"},"author":{"name":"Leila Menzel","@id":"https:\/\/www.grupomedcof.com.br\/blog\/#\/schema\/person\/2a5527209c17e7eb35bd6a4ebd5c7956"},"headline":"Meningites e Encefalites: como fazer o diagn\u00f3stico diferencial\u00a0","datePublished":"2025-03-06T10:09:11+00:00","dateModified":"2026-04-24T20:22:45+00:00","mainEntityOfPage":{"@id":"https:\/\/www.grupomedcof.com.br\/blog\/meningites-e-encefalites\/"},"wordCount":886,"publisher":{"@id":"https:\/\/www.grupomedcof.com.br\/blog\/#organization"},"image":{"@id":"https:\/\/www.grupomedcof.com.br\/blog\/meningites-e-encefalites\/#primaryimage"},"thumbnailUrl":"https:\/\/www.grupomedcof.com.br\/blog\/wp-content\/uploads\/2025\/03\/Blog-MedCof-2025-03-05T134142.730.jpg","keywords":["Encefalite Herp\u00e9tica","Meningite Viral","Meningoencefalite","Resid\u00eancia M\u00e9dica"],"articleSection":["Pediatria"],"inLanguage":"pt-BR"},{"@type":"WebPage","@id":"https:\/\/www.grupomedcof.com.br\/blog\/meningites-e-encefalites\/","url":"https:\/\/www.grupomedcof.com.br\/blog\/meningites-e-encefalites\/","name":"Meningites e Encefalites: Diagn\u00f3stico Diferencial | Medcof","isPartOf":{"@id":"https:\/\/www.grupomedcof.com.br\/blog\/#website"},"primaryImageOfPage":{"@id":"https:\/\/www.grupomedcof.com.br\/blog\/meningites-e-encefalites\/#primaryimage"},"image":{"@id":"https:\/\/www.grupomedcof.com.br\/blog\/meningites-e-encefalites\/#primaryimage"},"thumbnailUrl":"https:\/\/www.grupomedcof.com.br\/blog\/wp-content\/uploads\/2025\/03\/Blog-MedCof-2025-03-05T134142.730.jpg","datePublished":"2025-03-06T10:09:11+00:00","dateModified":"2026-04-24T20:22:45+00:00","description":"Meningites e encefalites representam desafios diagn\u00f3sticos e terap\u00eauticos significativos na pr\u00e1tica m\u00e9dica. Entenda agora!","breadcrumb":{"@id":"https:\/\/www.grupomedcof.com.br\/blog\/meningites-e-encefalites\/#breadcrumb"},"inLanguage":"pt-BR","potentialAction":[{"@type":"ReadAction","target":["https:\/\/www.grupomedcof.com.br\/blog\/meningites-e-encefalites\/"]}]},{"@type":"ImageObject","inLanguage":"pt-BR","@id":"https:\/\/www.grupomedcof.com.br\/blog\/meningites-e-encefalites\/#primaryimage","url":"https:\/\/www.grupomedcof.com.br\/blog\/wp-content\/uploads\/2025\/03\/Blog-MedCof-2025-03-05T134142.730.jpg","contentUrl":"https:\/\/www.grupomedcof.com.br\/blog\/wp-content\/uploads\/2025\/03\/Blog-MedCof-2025-03-05T134142.730.jpg","width":1920,"height":1080,"caption":"Meningites e Encefalites"},{"@type":"BreadcrumbList","@id":"https:\/\/www.grupomedcof.com.br\/blog\/meningites-e-encefalites\/#breadcrumb","itemListElement":[{"@type":"ListItem","position":1,"name":"In\u00edcio","item":"https:\/\/www.grupomedcof.com.br\/blog\/"},{"@type":"ListItem","position":2,"name":"Meningites e Encefalites: como fazer o diagn\u00f3stico diferencial\u00a0"}]},{"@type":"WebSite","@id":"https:\/\/www.grupomedcof.com.br\/blog\/#website","url":"https:\/\/www.grupomedcof.com.br\/blog\/","name":"Blog de Medcof: conte\u00fados, editais, revalida e mais!","description":"Acesso o blog de MedCof! Seu portal de conte\u00fados sobre resid\u00eancia m\u00e9dica, an\u00e1lise e editais e muito mais. Clique e confira!","publisher":{"@id":"https:\/\/www.grupomedcof.com.br\/blog\/#organization"},"alternateName":"Blog de Medcof: conte\u00fados, editais, revalida e mais!","potentialAction":[{"@type":"SearchAction","target":{"@type":"EntryPoint","urlTemplate":"https:\/\/www.grupomedcof.com.br\/blog\/?s={search_term_string}"},"query-input":{"@type":"PropertyValueSpecification","valueRequired":true,"valueName":"search_term_string"}}],"inLanguage":"pt-BR"},{"@type":"Organization","@id":"https:\/\/www.grupomedcof.com.br\/blog\/#organization","name":"Grupo MedCof","url":"https:\/\/www.grupomedcof.com.br\/blog\/","logo":{"@type":"ImageObject","inLanguage":"pt-BR","@id":"https:\/\/www.grupomedcof.com.br\/blog\/#\/schema\/logo\/image\/","url":"https:\/\/www.grupomedcof.com.br\/blog\/wp-content\/uploads\/2022\/01\/logo-medcof.png","contentUrl":"https:\/\/www.grupomedcof.com.br\/blog\/wp-content\/uploads\/2022\/01\/logo-medcof.png","width":768,"height":269,"caption":"Grupo MedCof"},"image":{"@id":"https:\/\/www.grupomedcof.com.br\/blog\/#\/schema\/logo\/image\/"},"sameAs":["https:\/\/www.facebook.com\/MedCofQbank\/","https:\/\/www.instagram.com\/grupomedcof\/","https:\/\/br.linkedin.com\/company\/medcof","https:\/\/www.youtube.com\/channel\/UCdHMuOHKICxcHwecxN8P-AA"]},{"@type":"Person","@id":"https:\/\/www.grupomedcof.com.br\/blog\/#\/schema\/person\/2a5527209c17e7eb35bd6a4ebd5c7956","name":"Leila Menzel","image":{"@type":"ImageObject","inLanguage":"pt-BR","@id":"https:\/\/www.grupomedcof.com.br\/blog\/wp-content\/uploads\/2023\/04\/cropped-cropped-cropped-logo-96x96.png15459389df217b605b4f0cce419ac81a","url":"https:\/\/www.grupomedcof.com.br\/blog\/wp-content\/uploads\/2023\/04\/cropped-cropped-cropped-logo-96x96.png","contentUrl":"https:\/\/www.grupomedcof.com.br\/blog\/wp-content\/uploads\/2023\/04\/cropped-cropped-cropped-logo-96x96.png","caption":"Leila Menzel"},"description":"Estudante do 6\u00b0 semestre de jornalismo, amo e escrevo poesias e viajo em livros de romances clich\u00eas.","url":"https:\/\/www.grupomedcof.com.br\/blog\/author\/leila\/"}]}},"authors":[{"term_id":3611,"user_id":18,"is_guest":0,"slug":"leila","display_name":"Leila Menzel","avatar_url":"https:\/\/www.grupomedcof.com.br\/blog\/wp-content\/uploads\/2023\/04\/cropped-cropped-cropped-logo-96x96.png","0":null,"1":"","2":"","3":"","4":"","5":"","6":"","7":"","8":""}],"_links":{"self":[{"href":"https:\/\/www.grupomedcof.com.br\/blog\/wp-json\/wp\/v2\/posts\/34265","targetHints":{"allow":["GET"]}}],"collection":[{"href":"https:\/\/www.grupomedcof.com.br\/blog\/wp-json\/wp\/v2\/posts"}],"about":[{"href":"https:\/\/www.grupomedcof.com.br\/blog\/wp-json\/wp\/v2\/types\/post"}],"author":[{"embeddable":true,"href":"https:\/\/www.grupomedcof.com.br\/blog\/wp-json\/wp\/v2\/users\/18"}],"replies":[{"embeddable":true,"href":"https:\/\/www.grupomedcof.com.br\/blog\/wp-json\/wp\/v2\/comments?post=34265"}],"version-history":[{"count":1,"href":"https:\/\/www.grupomedcof.com.br\/blog\/wp-json\/wp\/v2\/posts\/34265\/revisions"}],"predecessor-version":[{"id":43502,"href":"https:\/\/www.grupomedcof.com.br\/blog\/wp-json\/wp\/v2\/posts\/34265\/revisions\/43502"}],"wp:featuredmedia":[{"embeddable":true,"href":"https:\/\/www.grupomedcof.com.br\/blog\/wp-json\/wp\/v2\/media\/34268"}],"wp:attachment":[{"href":"https:\/\/www.grupomedcof.com.br\/blog\/wp-json\/wp\/v2\/media?parent=34265"}],"wp:term":[{"taxonomy":"category","embeddable":true,"href":"https:\/\/www.grupomedcof.com.br\/blog\/wp-json\/wp\/v2\/categories?post=34265"},{"taxonomy":"post_tag","embeddable":true,"href":"https:\/\/www.grupomedcof.com.br\/blog\/wp-json\/wp\/v2\/tags?post=34265"},{"taxonomy":"author","embeddable":true,"href":"https:\/\/www.grupomedcof.com.br\/blog\/wp-json\/wp\/v2\/ppma_author?post=34265"}],"curies":[{"name":"wp","href":"https:\/\/api.w.org\/{rel}","templated":true}]}}