{"id":34307,"date":"2025-03-07T08:44:23","date_gmt":"2025-03-07T11:44:23","guid":{"rendered":"https:\/\/www.grupomedcof.com.br\/blog\/?p=34307"},"modified":"2025-03-07T08:44:26","modified_gmt":"2025-03-07T11:44:26","slug":"consequencias-da-lesao-renal-na-clinica-pediatrica","status":"publish","type":"post","link":"https:\/\/www.grupomedcof.com.br\/blog\/consequencias-da-lesao-renal-na-clinica-pediatrica\/","title":{"rendered":"Consequ\u00eancias da les\u00e3o renal na cl\u00ednica pedi\u00e1trica\u00a0"},"content":{"rendered":"<div id=\"ez-toc-container\" class=\"ez-toc-v2_0_74 counter-hierarchy ez-toc-counter ez-toc-transparent ez-toc-container-direction\">\n<div class=\"ez-toc-title-container\">\n<p class=\"ez-toc-title\" style=\"cursor:inherit\">Sum\u00e1rio<\/p>\n<span class=\"ez-toc-title-toggle\"><a href=\"#\" class=\"ez-toc-pull-right ez-toc-btn ez-toc-btn-xs ez-toc-btn-default ez-toc-toggle\" aria-label=\"Alternar tabela de conte\u00fado\"><span class=\"ez-toc-js-icon-con\"><span class=\"\"><span class=\"eztoc-hide\" style=\"display:none;\">Toggle<\/span><span class=\"ez-toc-icon-toggle-span\"><svg style=\"fill: #999;color:#999\" xmlns=\"http:\/\/www.w3.org\/2000\/svg\" class=\"list-377408\" width=\"20px\" height=\"20px\" viewBox=\"0 0 24 24\" fill=\"none\"><path d=\"M6 6H4v2h2V6zm14 0H8v2h12V6zM4 11h2v2H4v-2zm16 0H8v2h12v-2zM4 16h2v2H4v-2zm16 0H8v2h12v-2z\" fill=\"currentColor\"><\/path><\/svg><svg style=\"fill: #999;color:#999\" class=\"arrow-unsorted-368013\" xmlns=\"http:\/\/www.w3.org\/2000\/svg\" width=\"10px\" height=\"10px\" viewBox=\"0 0 24 24\" version=\"1.2\" baseProfile=\"tiny\"><path d=\"M18.2 9.3l-6.2-6.3-6.2 6.3c-.2.2-.3.4-.3.7s.1.5.3.7c.2.2.4.3.7.3h11c.3 0 .5-.1.7-.3.2-.2.3-.5.3-.7s-.1-.5-.3-.7zM5.8 14.7l6.2 6.3 6.2-6.3c.2-.2.3-.5.3-.7s-.1-.5-.3-.7c-.2-.2-.4-.3-.7-.3h-11c-.3 0-.5.1-.7.3-.2.2-.3.5-.3.7s.1.5.3.7z\"\/><\/svg><\/span><\/span><\/span><\/a><\/span><\/div>\n<nav><ul class='ez-toc-list ez-toc-list-level-1 ' ><li class='ez-toc-page-1 ez-toc-heading-level-2'><a class=\"ez-toc-link ez-toc-heading-1\" href=\"https:\/\/www.grupomedcof.com.br\/blog\/consequencias-da-lesao-renal-na-clinica-pediatrica\/#LRA_e_DRC\" >LRA e DRC<\/a><ul class='ez-toc-list-level-3' ><li class='ez-toc-heading-level-3'><a class=\"ez-toc-link ez-toc-heading-2\" href=\"https:\/\/www.grupomedcof.com.br\/blog\/consequencias-da-lesao-renal-na-clinica-pediatrica\/#Lesao_Renal_Aguda_LRA\" >Les\u00e3o Renal Aguda (LRA)<\/a><\/li><li class='ez-toc-page-1 ez-toc-heading-level-3'><a class=\"ez-toc-link ez-toc-heading-3\" href=\"https:\/\/www.grupomedcof.com.br\/blog\/consequencias-da-lesao-renal-na-clinica-pediatrica\/#Definicao_e_Criterios\" >Defini\u00e7\u00e3o e Crit\u00e9rios<\/a><\/li><li class='ez-toc-page-1 ez-toc-heading-level-3'><a class=\"ez-toc-link ez-toc-heading-4\" href=\"https:\/\/www.grupomedcof.com.br\/blog\/consequencias-da-lesao-renal-na-clinica-pediatrica\/#Classificacao_da_LRA\" >Classifica\u00e7\u00e3o da LRA<\/a><\/li><li class='ez-toc-page-1 ez-toc-heading-level-3'><a class=\"ez-toc-link ez-toc-heading-5\" href=\"https:\/\/www.grupomedcof.com.br\/blog\/consequencias-da-lesao-renal-na-clinica-pediatrica\/#Etiologia_da_LRA\" >Etiologia da LRA<\/a><\/li><li class='ez-toc-page-1 ez-toc-heading-level-3'><a class=\"ez-toc-link ez-toc-heading-6\" href=\"https:\/\/www.grupomedcof.com.br\/blog\/consequencias-da-lesao-renal-na-clinica-pediatrica\/#Diagnostico_da_LRA\" >Diagn\u00f3stico da LRA<\/a><\/li><li class='ez-toc-page-1 ez-toc-heading-level-3'><a class=\"ez-toc-link ez-toc-heading-7\" href=\"https:\/\/www.grupomedcof.com.br\/blog\/consequencias-da-lesao-renal-na-clinica-pediatrica\/#Tratamento_da_LRA\" >Tratamento da LRA<\/a><\/li><\/ul><\/li><li class='ez-toc-page-1 ez-toc-heading-level-2'><a class=\"ez-toc-link ez-toc-heading-8\" href=\"https:\/\/www.grupomedcof.com.br\/blog\/consequencias-da-lesao-renal-na-clinica-pediatrica\/#Doenca_Renal_Cronica_DRC\" >Doen\u00e7a Renal Cr\u00f4nica (DRC)<\/a><ul class='ez-toc-list-level-3' ><li class='ez-toc-heading-level-3'><a class=\"ez-toc-link ez-toc-heading-9\" href=\"https:\/\/www.grupomedcof.com.br\/blog\/consequencias-da-lesao-renal-na-clinica-pediatrica\/#Diagnostico\" >Diagnostico\u00a0<\/a><\/li><li class='ez-toc-page-1 ez-toc-heading-level-3'><a class=\"ez-toc-link ez-toc-heading-10\" href=\"https:\/\/www.grupomedcof.com.br\/blog\/consequencias-da-lesao-renal-na-clinica-pediatrica\/#Etiologia\" >Etiologia<\/a><\/li><li class='ez-toc-page-1 ez-toc-heading-level-3'><a class=\"ez-toc-link ez-toc-heading-11\" href=\"https:\/\/www.grupomedcof.com.br\/blog\/consequencias-da-lesao-renal-na-clinica-pediatrica\/#Clinica_da_DRC\" >Cl\u00ednica da DRC<\/a><\/li><li class='ez-toc-page-1 ez-toc-heading-level-3'><a class=\"ez-toc-link ez-toc-heading-12\" href=\"https:\/\/www.grupomedcof.com.br\/blog\/consequencias-da-lesao-renal-na-clinica-pediatrica\/#Tratamento_da_DRC\" >Tratamento da DRC<\/a><\/li><\/ul><\/li><li class='ez-toc-page-1 ez-toc-heading-level-2'><a class=\"ez-toc-link ez-toc-heading-13\" href=\"https:\/\/www.grupomedcof.com.br\/blog\/consequencias-da-lesao-renal-na-clinica-pediatrica\/#Seja_um_MedCofer\" >Seja um MedCofer!<\/a><\/li><\/ul><\/nav><\/div>\n\n<figure class=\"wp-block-image size-large\"><img loading=\"lazy\" decoding=\"async\" width=\"1024\" height=\"576\" src=\"https:\/\/www.grupomedcof.com.br\/blog\/wp-content\/uploads\/2025\/03\/Blog-MedCof-2025-03-07T084228.179-1024x576.jpg\" alt=\"\" class=\"wp-image-34308\" srcset=\"https:\/\/www.grupomedcof.com.br\/blog\/wp-content\/uploads\/2025\/03\/Blog-MedCof-2025-03-07T084228.179-1024x576.jpg 1024w, https:\/\/www.grupomedcof.com.br\/blog\/wp-content\/uploads\/2025\/03\/Blog-MedCof-2025-03-07T084228.179-300x169.jpg 300w, https:\/\/www.grupomedcof.com.br\/blog\/wp-content\/uploads\/2025\/03\/Blog-MedCof-2025-03-07T084228.179-768x432.jpg 768w, https:\/\/www.grupomedcof.com.br\/blog\/wp-content\/uploads\/2025\/03\/Blog-MedCof-2025-03-07T084228.179-1536x864.jpg 1536w, https:\/\/www.grupomedcof.com.br\/blog\/wp-content\/uploads\/2025\/03\/Blog-MedCof-2025-03-07T084228.179-747x420.jpg 747w, https:\/\/www.grupomedcof.com.br\/blog\/wp-content\/uploads\/2025\/03\/Blog-MedCof-2025-03-07T084228.179-150x84.jpg 150w, https:\/\/www.grupomedcof.com.br\/blog\/wp-content\/uploads\/2025\/03\/Blog-MedCof-2025-03-07T084228.179-696x392.jpg 696w, https:\/\/www.grupomedcof.com.br\/blog\/wp-content\/uploads\/2025\/03\/Blog-MedCof-2025-03-07T084228.179-1068x601.jpg 1068w, https:\/\/www.grupomedcof.com.br\/blog\/wp-content\/uploads\/2025\/03\/Blog-MedCof-2025-03-07T084228.179.jpg 1920w\" sizes=\"auto, (max-width: 1024px) 100vw, 1024px\" \/><\/figure>\n\n\n\n<h2 class=\"wp-block-heading\" id=\"h-lra-e-drc\"><span class=\"ez-toc-section\" id=\"LRA_e_DRC\"><\/span><strong>LRA e DRC<\/strong><span class=\"ez-toc-section-end\"><\/span><\/h2>\n\n\n\n<p>A <strong>Les\u00e3o Renal Aguda (LRA)<\/strong> e a <strong>Doen\u00e7a Renal Cr\u00f4nica (DRC)<\/strong> s\u00e3o condi\u00e7\u00f5es importantes na pediatria, com implica\u00e7\u00f5es significativas para a sa\u00fade a longo prazo. Devido a essa import\u00e2ncia, \u00e9 imperioso revisar os conceitos b\u00e1sicos acerca do diagn\u00f3stico e tratamento dessas condi\u00e7\u00f5es.<\/p>\n\n\n\n<h3 class=\"wp-block-heading\" id=\"h-lesao-renal-aguda-lra\"><span class=\"ez-toc-section\" id=\"Lesao_Renal_Aguda_LRA\"><\/span><strong>Les\u00e3o Renal Aguda (LRA)<\/strong><span class=\"ez-toc-section-end\"><\/span><\/h3>\n\n\n\n<p>A LRA \u00e9 definida como uma deteriora\u00e7\u00e3o s\u00fabita da fun\u00e7\u00e3o renal, potencialmente revers\u00edvel. O diagn\u00f3stico e a classifica\u00e7\u00e3o da LRA s\u00e3o baseados nos crit\u00e9rios pRIFLE e KDIGO.<\/p>\n\n\n\n<figure class=\"wp-block-image\"><img decoding=\"async\" src=\"https:\/\/lh7-rt.googleusercontent.com\/docsz\/AD_4nXdaG_j5yge4mNrcZ3_OpmLZXxN0b3wpdFh-kAp9r4Kir50pIfpt_uM-8xqAAvt9inasLzAGFl4MtHWKIVZdgZX0Hc1FnsyDMJGGUPG72Z-HglCgqryntb-YomahBMU3YmedoHk2uQ?key=uYDvfaIJb-ggsAcZJjva_xpN\" alt=\"\"\/><figcaption class=\"wp-element-caption\">Fonte: <a href=\"https:\/\/www.sbp.com.br\/imprensa\/detalhe\/nid\/em-novo-documento-sbp-frisa-importancia-do-diagnostico-precoce-e-do-seguimento-para-lesoes-renais-no-prematuro\/\">https:\/\/www.sbp.com.br\/imprensa\/detalhe\/nid\/em-novo-documento-sbp-frisa-importancia-do-diagnostico-precoce-e-do-seguimento-para-lesoes-renais-no-prematuro\/<\/a><\/figcaption><\/figure>\n\n\n\n<h3 class=\"wp-block-heading\" id=\"h-definicao-e-criterios\"><span class=\"ez-toc-section\" id=\"Definicao_e_Criterios\"><\/span><strong>Defini\u00e7\u00e3o e Crit\u00e9rios<\/strong><span class=\"ez-toc-section-end\"><\/span><\/h3>\n\n\n\n<p>A LRA \u00e9 uma deteriora\u00e7\u00e3o s\u00fabita da fun\u00e7\u00e3o renal, com reten\u00e7\u00e3o de esc\u00f3rias nitrogenadas, dist\u00farbio hidroeletrol\u00edtico (DHE) e dist\u00farbio \u00e1cido-b\u00e1sico (DAB). Conforme os crit\u00e9rios mais atuais pRIFLE, podemos identific\u00e1-la baseados na taxa de filtra\u00e7\u00e3o glomerular estimada (eTFG) e\/ou redu\u00e7\u00e3o da diurese. Al\u00e9m disso, os crit\u00e9rios KDIGO AKI se embasam na defini\u00e7\u00e3o \u00fanica de LRA que considera crit\u00e9rios RIFLE, pRIFLE e AKIN.<\/p>\n\n\n\n<figure class=\"wp-block-image\"><img decoding=\"async\" src=\"https:\/\/lh7-rt.googleusercontent.com\/docsz\/AD_4nXcB95nSfe1pRff1xqyQwO5gmdQLIFSVkKxKi7GlP4s19lg2haqKd0YL3btOhIG5CPXAdKyz-Vt1IarOgl7CYohXNcoWvnhyKvpWodebioN7Afa4SLbBGE3dOVADmLyCOWLUC8mkYA?key=uYDvfaIJb-ggsAcZJjva_xpN\" alt=\"\"\/><figcaption class=\"wp-element-caption\">Crit\u00e9rios pRIFLE. Fonte: Acervo de Aulas do Grupo MedCof.<\/figcaption><\/figure>\n\n\n\n<figure class=\"wp-block-image\"><img decoding=\"async\" src=\"https:\/\/lh7-rt.googleusercontent.com\/docsz\/AD_4nXfw-6MTLiHSCLMb5Lf73ucFX19t9OwQ-0qT6YAkUeolKJd_WL0uvo4kd4OkdDII5coVyFq_MUhpLocetFAwlSIWsdR04kjGqK-6UUY6fCOx6vzsu6Usnktmz61W9lR9RfgTM0xjNg?key=uYDvfaIJb-ggsAcZJjva_xpN\" alt=\"\"\/><figcaption class=\"wp-element-caption\">Crit\u00e9rios KDIGO AKI. Fonte: Acervo de Aulas do Grupo MedCof.<\/figcaption><\/figure>\n\n\n\n<h3 class=\"wp-block-heading\" id=\"h-classificacao-da-lra\"><span class=\"ez-toc-section\" id=\"Classificacao_da_LRA\"><\/span><strong>Classifica\u00e7\u00e3o da LRA<\/strong><span class=\"ez-toc-section-end\"><\/span><\/h3>\n\n\n\n<p>A LRA \u00e9 classificada em tr\u00eas categorias principais:<\/p>\n\n\n\n<ul class=\"wp-block-list\">\n<li>Pr\u00e9-renal: Causada pela redu\u00e7\u00e3o da perfus\u00e3o renal, com par\u00eanquima renal intacto. \u00c9 a forma mais comum de LRA pedi\u00e1trica;<\/li>\n\n\n\n<li>Renal\/Intr\u00ednseca: Caracterizada por dano estrutural ao par\u00eanquima renal;<\/li>\n\n\n\n<li>P\u00f3s-renal: Resultado de obstru\u00e7\u00f5es anat\u00f4micas cong\u00eanitas ou adquiridas do trato urin\u00e1rio inferior.<\/li>\n<\/ul>\n\n\n\n<h3 class=\"wp-block-heading\" id=\"h-etiologia-da-lra\"><span class=\"ez-toc-section\" id=\"Etiologia_da_LRA\"><\/span><strong>Etiologia da LRA<\/strong><span class=\"ez-toc-section-end\"><\/span><\/h3>\n\n\n\n<p>A Pr\u00e9-renal pode ser causada por desidrata\u00e7\u00e3o, hemorragia, diur\u00e9ticos, queimaduras, choque, insufici\u00eancia card\u00edaca, sepse, AINEs, IECA. A renal\/intr\u00ednseca est\u00e1 associada a isquemia prolongada, sepse, hipotens\u00e3o, nefrotoxinas, rabdomi\u00f3lise, SHU, vasculites, glomerulonefrites. Por fim, a p\u00f3s-renal pode advir de v\u00e1lvula de uretra posterior (VUP), obstru\u00e7\u00e3o da jun\u00e7\u00e3o ureterop\u00e9lvica, urolit\u00edase, cistite hemorr\u00e1gica, bexiga neurog\u00eanica.<\/p>\n\n\n\n<figure class=\"wp-block-image\"><img decoding=\"async\" src=\"https:\/\/lh7-rt.googleusercontent.com\/docsz\/AD_4nXf35WCw89JzuHkLe_DQmTNeopQsiG5DPBeudCE-fVl0Yne93gYdPqmYQPopHNNPR5n4XxypSEbAtlPbV5DF3k5Ght-qGy44bEZx9PzPOlhFqseCDZLDMPmqMuOaKlHPbx2IsusUCg?key=uYDvfaIJb-ggsAcZJjva_xpN\" alt=\"\"\/><figcaption class=\"wp-element-caption\">Bexiga neurog\u00eanica. Fonte: <a href=\"https:\/\/radiopaedia.org\/articles\/neurogenic-bladder#article-images\">https:\/\/radiopaedia.org\/articles\/neurogenic-bladder#article-images<\/a>\u00a0<\/figcaption><\/figure>\n\n\n\n<h3 class=\"wp-block-heading\" id=\"h-diagnostico-da-lra\"><span class=\"ez-toc-section\" id=\"Diagnostico_da_LRA\"><\/span><strong>Diagn\u00f3stico da LRA<\/strong><span class=\"ez-toc-section-end\"><\/span><\/h3>\n\n\n\n<p>O diagn\u00f3stico envolve a avalia\u00e7\u00e3o cl\u00ednica e laboratorial:<\/p>\n\n\n\n<ul class=\"wp-block-list\">\n<li>\u00a0Cl\u00ednica: Anamnese detalhada para identificar a etiologia (diarreia\/v\u00f4mitos, uso de drogas nefrot\u00f3xicas, hidronefrose pr\u00e9-natal);<\/li>\n\n\n\n<li>Exame F\u00edsico: Avalia\u00e7\u00e3o da perfus\u00e3o, mucosas, press\u00e3o arterial e presen\u00e7a de massas abdominais;<\/li>\n\n\n\n<li>Laborat\u00f3rio: Eleva\u00e7\u00e3o de creatinina e ureia s\u00e9ricas, altera\u00e7\u00f5es no exame de urina, acidose metab\u00f3lica, DHE (hipercalemia, hiponatremia, hipocalcemia, hiperfosfatemia).<\/li>\n<\/ul>\n\n\n\n<h3 class=\"wp-block-heading\" id=\"h-tratamento-da-lra\"><span class=\"ez-toc-section\" id=\"Tratamento_da_LRA\"><\/span><strong>Tratamento da LRA<\/strong><span class=\"ez-toc-section-end\"><\/span><\/h3>\n\n\n\n<p>O tratamento visa tratar a causa subjacente, manter o equil\u00edbrio hidroeletrol\u00edtico e oferecer suporte nutricional. Ele pode ser feito por fluidoterapia, com expans\u00e3o vol\u00eamica com cristaloide (10-20 mL\/Kg) em casos de hipovolemia, com aten\u00e7\u00e3o \u00e0 sobrecarga vol\u00eamica. Al\u00e9m disso, \u00e9 importante fazer o manejo eletrol\u00edtico, com cautela com a administra\u00e7\u00e3o de pot\u00e1ssio e f\u00f3sforo em casos de olig\u00faria\/an\u00faria. O suporte nutricional precisa seguir requisitos normais de manuten\u00e7\u00e3o e calorias suplementares para atender \u00e0s necessidades catab\u00f3licas. Por fim, a terapia de Substitui\u00e7\u00e3o Renal (TSR) \u00e9 indicada em casos de sobrecarga vol\u00eamica refrat\u00e1ria, hipercalemia\/acidose n\u00e3o responsivas, uremia e necessidade de nutri\u00e7\u00e3o adequada.<\/p>\n\n\n\n<h2 class=\"wp-block-heading\" id=\"h-doenca-renal-cronica-drc\"><span class=\"ez-toc-section\" id=\"Doenca_Renal_Cronica_DRC\"><\/span><strong>Doen\u00e7a Renal Cr\u00f4nica (DRC)<\/strong><span class=\"ez-toc-section-end\"><\/span><\/h2>\n\n\n\n<p>A DRC \u00e9 definida como dano renal estrutural ou funcional que persiste por \u2265 3 meses. A classifica\u00e7\u00e3o \u00e9 baseada na eTFG e albumin\u00faria. Ela \u00e9 definida como um dano renal estrutural e\/ou funcional que persiste por um per\u00edodo m\u00ednimo de tr\u00eas meses.<\/p>\n\n\n\n<figure class=\"wp-block-image\"><img decoding=\"async\" src=\"https:\/\/lh7-rt.googleusercontent.com\/docsz\/AD_4nXftguLLEzZYKfq1-IwEoWB6Xw5dn5qrPTsk8EljVJOx0O9ccmEruMwd4MSmdHjTpGqOIoHIiuhx7HdsswvRUUc7nLzDoW3s7-CP008HA8wedjDGmKbKipavfQ7y5r7MwAi735ev?key=uYDvfaIJb-ggsAcZJjva_xpN\" alt=\"\"\/><figcaption class=\"wp-element-caption\">Fonte: <a href=\"https:\/\/images.app.goo.gl\/yQu3fRX5Tr8Rozsj8\">https:\/\/images.app.goo.gl\/yQu3fRX5Tr8Rozsj8<\/a>\u00a0<\/figcaption><\/figure>\n\n\n\n<h3 class=\"wp-block-heading\" id=\"h-diagnostico\"><span class=\"ez-toc-section\" id=\"Diagnostico\"><\/span><strong>Diagnostico<\/strong>\u00a0<span class=\"ez-toc-section-end\"><\/span><\/h3>\n\n\n\n<p>Podemos diagnostic\u00e1-la quando encontramos\u00a0 eTFG &lt; 60 mL\/min\/1,73 m\u00b2 por mais de 3 meses, ou eTFG > 60 mL\/min\/1,73 m\u00b2 acompanhada de dano estrutural ou marcadores de anormalidades da fun\u00e7\u00e3o renal (protein\u00faria, albumin\u00faria, dist\u00farbios tubulares renais).<\/p>\n\n\n\n<h3 class=\"wp-block-heading\" id=\"h-etiologia\"><span class=\"ez-toc-section\" id=\"Etiologia\"><\/span><strong>Etiologia<\/strong><span class=\"ez-toc-section-end\"><\/span><\/h3>\n\n\n\n<ul class=\"wp-block-list\">\n<li>&lt; 5 anos: Malforma\u00e7\u00f5es cong\u00eanitas do trato urin\u00e1rio (rins displ\u00e1sicos\/hipopl\u00e1sicos, VUP);<\/li>\n\n\n\n<li>Escolares e Adolescentes: Glomerulopatias, uropatias, doen\u00e7as heredit\u00e1rias, sequelas de doen\u00e7as sist\u00eamicas;<\/li>\n\n\n\n<li>> 12 anos: Glomerulopatias (GESF).<\/li>\n<\/ul>\n\n\n\n<h3 class=\"wp-block-heading\" id=\"h-clinica-da-drc\"><span class=\"ez-toc-section\" id=\"Clinica_da_DRC\"><\/span><strong>Cl\u00ednica da DRC<\/strong><span class=\"ez-toc-section-end\"><\/span><\/h3>\n\n\n\n<p><strong>Manifesta\u00e7\u00f5es Comuns:<\/strong> Altera\u00e7\u00f5es cardiovasculares, anemia, anorexia, altera\u00e7\u00e3o do crescimento, doen\u00e7a \u00f3ssea associada ao hiperparatireoidismo.<\/p>\n\n\n\n<h3 class=\"wp-block-heading\" id=\"h-tratamento-da-drc\"><span class=\"ez-toc-section\" id=\"Tratamento_da_DRC\"><\/span><strong>Tratamento da DRC<\/strong><span class=\"ez-toc-section-end\"><\/span><\/h3>\n\n\n\n<p>O manejo \u00e9 determinado pelo est\u00e1gio da doen\u00e7a e sua etiologia. Nos est\u00e1gios 2, 3 e 4, seguimos com o tratamento conservador (corre\u00e7\u00e3o de DHE\/AB, anemia, dist\u00farbios osteometab\u00f3licos, HAS, dist\u00farbios hormonais, oferta nutricional adequada). J\u00e1 nos est\u00e1gios avan\u00e7ados, o recomendado \u00e9 a terapia renal substitutiva (di\u00e1lise cr\u00f4nica ou transplante renal).<\/p>\n\n\n\n<h2 class=\"wp-block-heading\" id=\"h-seja-um-medcofer\"><span class=\"ez-toc-section\" id=\"Seja_um_MedCofer\"><\/span><strong>Seja um MedCofer!<\/strong><span class=\"ez-toc-section-end\"><\/span><\/h2>\n\n\n\n<p>Quer alcan\u00e7ar a aprova\u00e7\u00e3o nas provas de resid\u00eancia m\u00e9dica? Ent\u00e3o seja um&nbsp;<a href=\"https:\/\/www.grupomedcof.com.br\/home\/\" target=\"_blank\" rel=\"noreferrer noopener\">MedCoffer<\/a>! Aqui te ajudaremos na busca da aprova\u00e7\u00e3o com conte\u00fados de qualidade e uma&nbsp;<a href=\"https:\/\/www.grupomedcof.com.br\/blog\/presenca-da-medcof-nas-aprovacoes-em-residencia-medica-no-brasil\/\" target=\"_blank\" rel=\"noreferrer noopener\">metodologia que j\u00e1 aprovou mais de 10 mil residentes no pa\u00eds!&nbsp;<\/a>Por fim, acesse o nosso<a href=\"https:\/\/www.youtube.com\/@GrupoMedcof\/featured\" target=\"_blank\" rel=\"noreferrer noopener\">&nbsp;<strong>canal do youtube&nbsp;<\/strong><\/a>para ver o nosso material de revis\u00e3o e corre\u00e7\u00e3o.<\/p>\n\n\n\n<figure class=\"wp-block-embed is-type-video is-provider-youtube wp-block-embed-youtube wp-embed-aspect-16-9 wp-has-aspect-ratio\"><div class=\"wp-block-embed__wrapper\">\n<div class=\"youtube-embed\" data-video_id=\"SKPAVIzxDmU\"><iframe loading=\"lazy\" title=\"Doen\u00e7a renal cr\u00f4nica - Parte I. Com Dr. Felipe Carvalho\" width=\"696\" height=\"392\" src=\"https:\/\/www.youtube.com\/embed\/SKPAVIzxDmU?feature=oembed&#038;enablejsapi=1\" frameborder=\"0\" allow=\"accelerometer; autoplay; clipboard-write; encrypted-media; gyroscope; picture-in-picture; web-share\" referrerpolicy=\"strict-origin-when-cross-origin\" allowfullscreen><\/iframe><\/div>\n<\/div><\/figure>\n","protected":false},"excerpt":{"rendered":"<p>A Les\u00e3o Renal Aguda (LRA) e a Doen\u00e7a Renal Cr\u00f4nica (DRC) s\u00e3o condi\u00e7\u00f5es importantes na pediatria, com implica\u00e7\u00f5es significativas para a sa\u00fade a longo prazo.<\/p>\n","protected":false},"author":21,"featured_media":34308,"comment_status":"closed","ping_status":"closed","sticky":false,"template":"","format":"standard","meta":{"footnotes":""},"categories":[120],"tags":[2681,2683,2682],"ppma_author":[3617],"class_list":{"0":"post-34307","1":"post","2":"type-post","3":"status-publish","4":"format-standard","5":"has-post-thumbnail","7":"category-pediatria","8":"tag-clinica-pediatrica","9":"tag-drc","10":"tag-lra"},"yoast_head":"<!-- This site is optimized with the Yoast SEO Premium plugin v24.3 (Yoast SEO v27.4) - https:\/\/yoast.com\/product\/yoast-seo-premium-wordpress\/ -->\n<title>Consequ\u00eancias da les\u00e3o renal na cl\u00ednica pedi\u00e1trica\u00a0 - Blog de Medcof: conte\u00fados, editais, revalida e mais!<\/title>\n<meta name=\"description\" content=\"A Les\u00e3o Renal Aguda (LRA) e a Doen\u00e7a Renal Cr\u00f4nica (DRC) s\u00e3o condi\u00e7\u00f5es importantes na pediatria, com implica\u00e7\u00f5es significativas para a sa\u00fade a longo prazo.\" \/>\n<meta name=\"robots\" content=\"index, follow, max-snippet:-1, max-image-preview:large, max-video-preview:-1\" \/>\n<link rel=\"canonical\" href=\"https:\/\/www.grupomedcof.com.br\/blog\/consequencias-da-lesao-renal-na-clinica-pediatrica\/\" \/>\n<meta property=\"og:locale\" content=\"pt_BR\" \/>\n<meta property=\"og:type\" content=\"article\" \/>\n<meta property=\"og:title\" content=\"Consequ\u00eancias da les\u00e3o renal na cl\u00ednica pedi\u00e1trica\u00a0\" \/>\n<meta property=\"og:description\" content=\"A Les\u00e3o Renal Aguda (LRA) e a Doen\u00e7a Renal Cr\u00f4nica (DRC) s\u00e3o condi\u00e7\u00f5es importantes na pediatria, com implica\u00e7\u00f5es significativas para a sa\u00fade a longo prazo.\" \/>\n<meta property=\"og:url\" content=\"https:\/\/www.grupomedcof.com.br\/blog\/consequencias-da-lesao-renal-na-clinica-pediatrica\/\" \/>\n<meta property=\"og:site_name\" content=\"Blog de Medcof: conte\u00fados, editais, revalida e mais!\" \/>\n<meta property=\"article:publisher\" content=\"https:\/\/www.facebook.com\/MedCofQbank\/\" \/>\n<meta property=\"article:published_time\" content=\"2025-03-07T11:44:23+00:00\" \/>\n<meta property=\"article:modified_time\" content=\"2025-03-07T11:44:26+00:00\" \/>\n<meta property=\"og:image\" content=\"https:\/\/www.grupomedcof.com.br\/blog\/wp-content\/uploads\/2025\/03\/Blog-MedCof-2025-03-07T084228.179.jpg\" \/>\n\t<meta property=\"og:image:width\" content=\"1920\" \/>\n\t<meta property=\"og:image:height\" content=\"1080\" \/>\n\t<meta property=\"og:image:type\" content=\"image\/jpeg\" \/>\n<meta name=\"author\" content=\"Kiara Adelino\" \/>\n<meta name=\"twitter:card\" content=\"summary_large_image\" \/>\n<meta name=\"twitter:label1\" content=\"Escrito por\" \/>\n\t<meta name=\"twitter:data1\" content=\"Kiara Adelino\" \/>\n\t<meta name=\"twitter:label2\" content=\"Est. tempo de leitura\" \/>\n\t<meta name=\"twitter:data2\" content=\"5 minutos\" \/>\n<script type=\"application\/ld+json\" class=\"yoast-schema-graph\">{\"@context\":\"https:\\\/\\\/schema.org\",\"@graph\":[{\"@type\":\"Article\",\"@id\":\"https:\\\/\\\/www.grupomedcof.com.br\\\/blog\\\/consequencias-da-lesao-renal-na-clinica-pediatrica\\\/#article\",\"isPartOf\":{\"@id\":\"https:\\\/\\\/www.grupomedcof.com.br\\\/blog\\\/consequencias-da-lesao-renal-na-clinica-pediatrica\\\/\"},\"author\":{\"name\":\"Kiara Adelino\",\"@id\":\"https:\\\/\\\/www.grupomedcof.com.br\\\/blog\\\/#\\\/schema\\\/person\\\/db19a651f86c5fc202d6eee744fd3292\"},\"headline\":\"Consequ\u00eancias da les\u00e3o renal na cl\u00ednica pedi\u00e1trica\u00a0\",\"datePublished\":\"2025-03-07T11:44:23+00:00\",\"dateModified\":\"2025-03-07T11:44:26+00:00\",\"mainEntityOfPage\":{\"@id\":\"https:\\\/\\\/www.grupomedcof.com.br\\\/blog\\\/consequencias-da-lesao-renal-na-clinica-pediatrica\\\/\"},\"wordCount\":857,\"publisher\":{\"@id\":\"https:\\\/\\\/www.grupomedcof.com.br\\\/blog\\\/#organization\"},\"image\":{\"@id\":\"https:\\\/\\\/www.grupomedcof.com.br\\\/blog\\\/consequencias-da-lesao-renal-na-clinica-pediatrica\\\/#primaryimage\"},\"thumbnailUrl\":\"https:\\\/\\\/www.grupomedcof.com.br\\\/blog\\\/wp-content\\\/uploads\\\/2025\\\/03\\\/Blog-MedCof-2025-03-07T084228.179.jpg\",\"keywords\":[\"Cl\u00ednica Pedi\u00e1trica\",\"DRC\",\"LRA\"],\"articleSection\":[\"Pediatria\"],\"inLanguage\":\"pt-BR\"},{\"@type\":\"WebPage\",\"@id\":\"https:\\\/\\\/www.grupomedcof.com.br\\\/blog\\\/consequencias-da-lesao-renal-na-clinica-pediatrica\\\/\",\"url\":\"https:\\\/\\\/www.grupomedcof.com.br\\\/blog\\\/consequencias-da-lesao-renal-na-clinica-pediatrica\\\/\",\"name\":\"Consequ\u00eancias da les\u00e3o renal na cl\u00ednica pedi\u00e1trica\u00a0 - Blog de Medcof: conte\u00fados, editais, revalida e mais!\",\"isPartOf\":{\"@id\":\"https:\\\/\\\/www.grupomedcof.com.br\\\/blog\\\/#website\"},\"primaryImageOfPage\":{\"@id\":\"https:\\\/\\\/www.grupomedcof.com.br\\\/blog\\\/consequencias-da-lesao-renal-na-clinica-pediatrica\\\/#primaryimage\"},\"image\":{\"@id\":\"https:\\\/\\\/www.grupomedcof.com.br\\\/blog\\\/consequencias-da-lesao-renal-na-clinica-pediatrica\\\/#primaryimage\"},\"thumbnailUrl\":\"https:\\\/\\\/www.grupomedcof.com.br\\\/blog\\\/wp-content\\\/uploads\\\/2025\\\/03\\\/Blog-MedCof-2025-03-07T084228.179.jpg\",\"datePublished\":\"2025-03-07T11:44:23+00:00\",\"dateModified\":\"2025-03-07T11:44:26+00:00\",\"description\":\"A Les\u00e3o Renal Aguda (LRA) e a Doen\u00e7a Renal Cr\u00f4nica (DRC) s\u00e3o condi\u00e7\u00f5es importantes na pediatria, com implica\u00e7\u00f5es significativas para a sa\u00fade a longo prazo.\",\"breadcrumb\":{\"@id\":\"https:\\\/\\\/www.grupomedcof.com.br\\\/blog\\\/consequencias-da-lesao-renal-na-clinica-pediatrica\\\/#breadcrumb\"},\"inLanguage\":\"pt-BR\",\"potentialAction\":[{\"@type\":\"ReadAction\",\"target\":[\"https:\\\/\\\/www.grupomedcof.com.br\\\/blog\\\/consequencias-da-lesao-renal-na-clinica-pediatrica\\\/\"]}]},{\"@type\":\"ImageObject\",\"inLanguage\":\"pt-BR\",\"@id\":\"https:\\\/\\\/www.grupomedcof.com.br\\\/blog\\\/consequencias-da-lesao-renal-na-clinica-pediatrica\\\/#primaryimage\",\"url\":\"https:\\\/\\\/www.grupomedcof.com.br\\\/blog\\\/wp-content\\\/uploads\\\/2025\\\/03\\\/Blog-MedCof-2025-03-07T084228.179.jpg\",\"contentUrl\":\"https:\\\/\\\/www.grupomedcof.com.br\\\/blog\\\/wp-content\\\/uploads\\\/2025\\\/03\\\/Blog-MedCof-2025-03-07T084228.179.jpg\",\"width\":1920,\"height\":1080},{\"@type\":\"BreadcrumbList\",\"@id\":\"https:\\\/\\\/www.grupomedcof.com.br\\\/blog\\\/consequencias-da-lesao-renal-na-clinica-pediatrica\\\/#breadcrumb\",\"itemListElement\":[{\"@type\":\"ListItem\",\"position\":1,\"name\":\"In\u00edcio\",\"item\":\"https:\\\/\\\/www.grupomedcof.com.br\\\/blog\\\/\"},{\"@type\":\"ListItem\",\"position\":2,\"name\":\"Consequ\u00eancias da les\u00e3o renal na cl\u00ednica pedi\u00e1trica\u00a0\"}]},{\"@type\":\"WebSite\",\"@id\":\"https:\\\/\\\/www.grupomedcof.com.br\\\/blog\\\/#website\",\"url\":\"https:\\\/\\\/www.grupomedcof.com.br\\\/blog\\\/\",\"name\":\"Blog de Medcof: conte\u00fados, editais, revalida e mais!\",\"description\":\"Acesso o blog de MedCof! Seu portal de conte\u00fados sobre resid\u00eancia m\u00e9dica, an\u00e1lise e editais e muito mais. Clique e confira!\",\"publisher\":{\"@id\":\"https:\\\/\\\/www.grupomedcof.com.br\\\/blog\\\/#organization\"},\"alternateName\":\"Blog de Medcof: conte\u00fados, editais, revalida e mais!\",\"potentialAction\":[{\"@type\":\"SearchAction\",\"target\":{\"@type\":\"EntryPoint\",\"urlTemplate\":\"https:\\\/\\\/www.grupomedcof.com.br\\\/blog\\\/?s={search_term_string}\"},\"query-input\":{\"@type\":\"PropertyValueSpecification\",\"valueRequired\":true,\"valueName\":\"search_term_string\"}}],\"inLanguage\":\"pt-BR\"},{\"@type\":\"Organization\",\"@id\":\"https:\\\/\\\/www.grupomedcof.com.br\\\/blog\\\/#organization\",\"name\":\"Grupo MedCof\",\"url\":\"https:\\\/\\\/www.grupomedcof.com.br\\\/blog\\\/\",\"logo\":{\"@type\":\"ImageObject\",\"inLanguage\":\"pt-BR\",\"@id\":\"https:\\\/\\\/www.grupomedcof.com.br\\\/blog\\\/#\\\/schema\\\/logo\\\/image\\\/\",\"url\":\"https:\\\/\\\/www.grupomedcof.com.br\\\/blog\\\/wp-content\\\/uploads\\\/2022\\\/01\\\/logo-medcof.png\",\"contentUrl\":\"https:\\\/\\\/www.grupomedcof.com.br\\\/blog\\\/wp-content\\\/uploads\\\/2022\\\/01\\\/logo-medcof.png\",\"width\":768,\"height\":269,\"caption\":\"Grupo MedCof\"},\"image\":{\"@id\":\"https:\\\/\\\/www.grupomedcof.com.br\\\/blog\\\/#\\\/schema\\\/logo\\\/image\\\/\"},\"sameAs\":[\"https:\\\/\\\/www.facebook.com\\\/MedCofQbank\\\/\",\"https:\\\/\\\/www.instagram.com\\\/grupomedcof\\\/\",\"https:\\\/\\\/br.linkedin.com\\\/company\\\/medcof\",\"https:\\\/\\\/www.youtube.com\\\/channel\\\/UCdHMuOHKICxcHwecxN8P-AA\"]},{\"@type\":\"Person\",\"@id\":\"https:\\\/\\\/www.grupomedcof.com.br\\\/blog\\\/#\\\/schema\\\/person\\\/db19a651f86c5fc202d6eee744fd3292\",\"name\":\"Kiara Adelino\",\"image\":{\"@type\":\"ImageObject\",\"inLanguage\":\"pt-BR\",\"@id\":\"https:\\\/\\\/www.grupomedcof.com.br\\\/blog\\\/wp-content\\\/uploads\\\/2024\\\/08\\\/cropped-Kiara-Adelino2-96x96.jpega85663bdda67261f8f06f86e555e1e49\",\"url\":\"https:\\\/\\\/www.grupomedcof.com.br\\\/blog\\\/wp-content\\\/uploads\\\/2024\\\/08\\\/cropped-Kiara-Adelino2-96x96.jpeg\",\"contentUrl\":\"https:\\\/\\\/www.grupomedcof.com.br\\\/blog\\\/wp-content\\\/uploads\\\/2024\\\/08\\\/cropped-Kiara-Adelino2-96x96.jpeg\",\"caption\":\"Kiara Adelino\"},\"description\":\"Estudante do 5\u00b0 semestre de Medicina. Gosto bastante de aprender coisas novas, principalmente na \u00e1rea de Neurologia e Anatomia humana.\",\"url\":\"https:\\\/\\\/www.grupomedcof.com.br\\\/blog\\\/author\\\/kiara-adelino\\\/\"}]}<\/script>\n<!-- \/ Yoast SEO Premium plugin. -->","yoast_head_json":{"title":"Consequ\u00eancias da les\u00e3o renal na cl\u00ednica pedi\u00e1trica\u00a0 - Blog de Medcof: conte\u00fados, editais, revalida e mais!","description":"A Les\u00e3o Renal Aguda (LRA) e a Doen\u00e7a Renal Cr\u00f4nica (DRC) s\u00e3o condi\u00e7\u00f5es importantes na pediatria, com implica\u00e7\u00f5es significativas para a sa\u00fade a longo prazo.","robots":{"index":"index","follow":"follow","max-snippet":"max-snippet:-1","max-image-preview":"max-image-preview:large","max-video-preview":"max-video-preview:-1"},"canonical":"https:\/\/www.grupomedcof.com.br\/blog\/consequencias-da-lesao-renal-na-clinica-pediatrica\/","og_locale":"pt_BR","og_type":"article","og_title":"Consequ\u00eancias da les\u00e3o renal na cl\u00ednica pedi\u00e1trica\u00a0","og_description":"A Les\u00e3o Renal Aguda (LRA) e a Doen\u00e7a Renal Cr\u00f4nica (DRC) s\u00e3o condi\u00e7\u00f5es importantes na pediatria, com implica\u00e7\u00f5es significativas para a sa\u00fade a longo prazo.","og_url":"https:\/\/www.grupomedcof.com.br\/blog\/consequencias-da-lesao-renal-na-clinica-pediatrica\/","og_site_name":"Blog de Medcof: conte\u00fados, editais, revalida e mais!","article_publisher":"https:\/\/www.facebook.com\/MedCofQbank\/","article_published_time":"2025-03-07T11:44:23+00:00","article_modified_time":"2025-03-07T11:44:26+00:00","og_image":[{"width":1920,"height":1080,"url":"https:\/\/www.grupomedcof.com.br\/blog\/wp-content\/uploads\/2025\/03\/Blog-MedCof-2025-03-07T084228.179.jpg","type":"image\/jpeg"}],"author":"Kiara Adelino","twitter_card":"summary_large_image","twitter_misc":{"Escrito por":"Kiara Adelino","Est. tempo de leitura":"5 minutos"},"schema":{"@context":"https:\/\/schema.org","@graph":[{"@type":"Article","@id":"https:\/\/www.grupomedcof.com.br\/blog\/consequencias-da-lesao-renal-na-clinica-pediatrica\/#article","isPartOf":{"@id":"https:\/\/www.grupomedcof.com.br\/blog\/consequencias-da-lesao-renal-na-clinica-pediatrica\/"},"author":{"name":"Kiara Adelino","@id":"https:\/\/www.grupomedcof.com.br\/blog\/#\/schema\/person\/db19a651f86c5fc202d6eee744fd3292"},"headline":"Consequ\u00eancias da les\u00e3o renal na cl\u00ednica pedi\u00e1trica\u00a0","datePublished":"2025-03-07T11:44:23+00:00","dateModified":"2025-03-07T11:44:26+00:00","mainEntityOfPage":{"@id":"https:\/\/www.grupomedcof.com.br\/blog\/consequencias-da-lesao-renal-na-clinica-pediatrica\/"},"wordCount":857,"publisher":{"@id":"https:\/\/www.grupomedcof.com.br\/blog\/#organization"},"image":{"@id":"https:\/\/www.grupomedcof.com.br\/blog\/consequencias-da-lesao-renal-na-clinica-pediatrica\/#primaryimage"},"thumbnailUrl":"https:\/\/www.grupomedcof.com.br\/blog\/wp-content\/uploads\/2025\/03\/Blog-MedCof-2025-03-07T084228.179.jpg","keywords":["Cl\u00ednica Pedi\u00e1trica","DRC","LRA"],"articleSection":["Pediatria"],"inLanguage":"pt-BR"},{"@type":"WebPage","@id":"https:\/\/www.grupomedcof.com.br\/blog\/consequencias-da-lesao-renal-na-clinica-pediatrica\/","url":"https:\/\/www.grupomedcof.com.br\/blog\/consequencias-da-lesao-renal-na-clinica-pediatrica\/","name":"Consequ\u00eancias da les\u00e3o renal na cl\u00ednica pedi\u00e1trica\u00a0 - Blog de Medcof: conte\u00fados, editais, revalida e mais!","isPartOf":{"@id":"https:\/\/www.grupomedcof.com.br\/blog\/#website"},"primaryImageOfPage":{"@id":"https:\/\/www.grupomedcof.com.br\/blog\/consequencias-da-lesao-renal-na-clinica-pediatrica\/#primaryimage"},"image":{"@id":"https:\/\/www.grupomedcof.com.br\/blog\/consequencias-da-lesao-renal-na-clinica-pediatrica\/#primaryimage"},"thumbnailUrl":"https:\/\/www.grupomedcof.com.br\/blog\/wp-content\/uploads\/2025\/03\/Blog-MedCof-2025-03-07T084228.179.jpg","datePublished":"2025-03-07T11:44:23+00:00","dateModified":"2025-03-07T11:44:26+00:00","description":"A Les\u00e3o Renal Aguda (LRA) e a Doen\u00e7a Renal Cr\u00f4nica (DRC) s\u00e3o condi\u00e7\u00f5es importantes na pediatria, com implica\u00e7\u00f5es significativas para a sa\u00fade a longo prazo.","breadcrumb":{"@id":"https:\/\/www.grupomedcof.com.br\/blog\/consequencias-da-lesao-renal-na-clinica-pediatrica\/#breadcrumb"},"inLanguage":"pt-BR","potentialAction":[{"@type":"ReadAction","target":["https:\/\/www.grupomedcof.com.br\/blog\/consequencias-da-lesao-renal-na-clinica-pediatrica\/"]}]},{"@type":"ImageObject","inLanguage":"pt-BR","@id":"https:\/\/www.grupomedcof.com.br\/blog\/consequencias-da-lesao-renal-na-clinica-pediatrica\/#primaryimage","url":"https:\/\/www.grupomedcof.com.br\/blog\/wp-content\/uploads\/2025\/03\/Blog-MedCof-2025-03-07T084228.179.jpg","contentUrl":"https:\/\/www.grupomedcof.com.br\/blog\/wp-content\/uploads\/2025\/03\/Blog-MedCof-2025-03-07T084228.179.jpg","width":1920,"height":1080},{"@type":"BreadcrumbList","@id":"https:\/\/www.grupomedcof.com.br\/blog\/consequencias-da-lesao-renal-na-clinica-pediatrica\/#breadcrumb","itemListElement":[{"@type":"ListItem","position":1,"name":"In\u00edcio","item":"https:\/\/www.grupomedcof.com.br\/blog\/"},{"@type":"ListItem","position":2,"name":"Consequ\u00eancias da les\u00e3o renal na cl\u00ednica pedi\u00e1trica\u00a0"}]},{"@type":"WebSite","@id":"https:\/\/www.grupomedcof.com.br\/blog\/#website","url":"https:\/\/www.grupomedcof.com.br\/blog\/","name":"Blog de Medcof: conte\u00fados, editais, revalida e mais!","description":"Acesso o blog de MedCof! Seu portal de conte\u00fados sobre resid\u00eancia m\u00e9dica, an\u00e1lise e editais e muito mais. Clique e confira!","publisher":{"@id":"https:\/\/www.grupomedcof.com.br\/blog\/#organization"},"alternateName":"Blog de Medcof: conte\u00fados, editais, revalida e mais!","potentialAction":[{"@type":"SearchAction","target":{"@type":"EntryPoint","urlTemplate":"https:\/\/www.grupomedcof.com.br\/blog\/?s={search_term_string}"},"query-input":{"@type":"PropertyValueSpecification","valueRequired":true,"valueName":"search_term_string"}}],"inLanguage":"pt-BR"},{"@type":"Organization","@id":"https:\/\/www.grupomedcof.com.br\/blog\/#organization","name":"Grupo MedCof","url":"https:\/\/www.grupomedcof.com.br\/blog\/","logo":{"@type":"ImageObject","inLanguage":"pt-BR","@id":"https:\/\/www.grupomedcof.com.br\/blog\/#\/schema\/logo\/image\/","url":"https:\/\/www.grupomedcof.com.br\/blog\/wp-content\/uploads\/2022\/01\/logo-medcof.png","contentUrl":"https:\/\/www.grupomedcof.com.br\/blog\/wp-content\/uploads\/2022\/01\/logo-medcof.png","width":768,"height":269,"caption":"Grupo MedCof"},"image":{"@id":"https:\/\/www.grupomedcof.com.br\/blog\/#\/schema\/logo\/image\/"},"sameAs":["https:\/\/www.facebook.com\/MedCofQbank\/","https:\/\/www.instagram.com\/grupomedcof\/","https:\/\/br.linkedin.com\/company\/medcof","https:\/\/www.youtube.com\/channel\/UCdHMuOHKICxcHwecxN8P-AA"]},{"@type":"Person","@id":"https:\/\/www.grupomedcof.com.br\/blog\/#\/schema\/person\/db19a651f86c5fc202d6eee744fd3292","name":"Kiara Adelino","image":{"@type":"ImageObject","inLanguage":"pt-BR","@id":"https:\/\/www.grupomedcof.com.br\/blog\/wp-content\/uploads\/2024\/08\/cropped-Kiara-Adelino2-96x96.jpega85663bdda67261f8f06f86e555e1e49","url":"https:\/\/www.grupomedcof.com.br\/blog\/wp-content\/uploads\/2024\/08\/cropped-Kiara-Adelino2-96x96.jpeg","contentUrl":"https:\/\/www.grupomedcof.com.br\/blog\/wp-content\/uploads\/2024\/08\/cropped-Kiara-Adelino2-96x96.jpeg","caption":"Kiara Adelino"},"description":"Estudante do 5\u00b0 semestre de Medicina. Gosto bastante de aprender coisas novas, principalmente na \u00e1rea de Neurologia e Anatomia humana.","url":"https:\/\/www.grupomedcof.com.br\/blog\/author\/kiara-adelino\/"}]}},"authors":[{"term_id":3617,"user_id":21,"is_guest":0,"slug":"kiara-adelino","display_name":"Kiara Adelino","avatar_url":"https:\/\/www.grupomedcof.com.br\/blog\/wp-content\/uploads\/2024\/08\/cropped-Kiara-Adelino2-96x96.jpeg","0":null,"1":"","2":"","3":"","4":"","5":"","6":"","7":"","8":""}],"_links":{"self":[{"href":"https:\/\/www.grupomedcof.com.br\/blog\/wp-json\/wp\/v2\/posts\/34307","targetHints":{"allow":["GET"]}}],"collection":[{"href":"https:\/\/www.grupomedcof.com.br\/blog\/wp-json\/wp\/v2\/posts"}],"about":[{"href":"https:\/\/www.grupomedcof.com.br\/blog\/wp-json\/wp\/v2\/types\/post"}],"author":[{"embeddable":true,"href":"https:\/\/www.grupomedcof.com.br\/blog\/wp-json\/wp\/v2\/users\/21"}],"replies":[{"embeddable":true,"href":"https:\/\/www.grupomedcof.com.br\/blog\/wp-json\/wp\/v2\/comments?post=34307"}],"version-history":[{"count":0,"href":"https:\/\/www.grupomedcof.com.br\/blog\/wp-json\/wp\/v2\/posts\/34307\/revisions"}],"wp:featuredmedia":[{"embeddable":true,"href":"https:\/\/www.grupomedcof.com.br\/blog\/wp-json\/wp\/v2\/media\/34308"}],"wp:attachment":[{"href":"https:\/\/www.grupomedcof.com.br\/blog\/wp-json\/wp\/v2\/media?parent=34307"}],"wp:term":[{"taxonomy":"category","embeddable":true,"href":"https:\/\/www.grupomedcof.com.br\/blog\/wp-json\/wp\/v2\/categories?post=34307"},{"taxonomy":"post_tag","embeddable":true,"href":"https:\/\/www.grupomedcof.com.br\/blog\/wp-json\/wp\/v2\/tags?post=34307"},{"taxonomy":"author","embeddable":true,"href":"https:\/\/www.grupomedcof.com.br\/blog\/wp-json\/wp\/v2\/ppma_author?post=34307"}],"curies":[{"name":"wp","href":"https:\/\/api.w.org\/{rel}","templated":true}]}}