{"id":34321,"date":"2025-03-10T10:31:08","date_gmt":"2025-03-10T13:31:08","guid":{"rendered":"https:\/\/www.grupomedcof.com.br\/blog\/?p=34321"},"modified":"2025-03-10T10:34:47","modified_gmt":"2025-03-10T13:34:47","slug":"dia-internacional-da-mulher-e-o-cuidado-com-sua-saude","status":"publish","type":"post","link":"https:\/\/www.grupomedcof.com.br\/blog\/dia-internacional-da-mulher-e-o-cuidado-com-sua-saude\/","title":{"rendered":"Dia Internacional da Mulher e o cuidado com sua sa\u00fade"},"content":{"rendered":"<div id=\"ez-toc-container\" class=\"ez-toc-v2_0_74 counter-hierarchy ez-toc-counter ez-toc-transparent ez-toc-container-direction\">\n<div class=\"ez-toc-title-container\">\n<p class=\"ez-toc-title\" style=\"cursor:inherit\">Sum\u00e1rio<\/p>\n<span class=\"ez-toc-title-toggle\"><a href=\"#\" class=\"ez-toc-pull-right ez-toc-btn ez-toc-btn-xs ez-toc-btn-default ez-toc-toggle\" aria-label=\"Alternar tabela de conte\u00fado\"><span class=\"ez-toc-js-icon-con\"><span class=\"\"><span class=\"eztoc-hide\" style=\"display:none;\">Toggle<\/span><span class=\"ez-toc-icon-toggle-span\"><svg style=\"fill: #999;color:#999\" xmlns=\"http:\/\/www.w3.org\/2000\/svg\" class=\"list-377408\" width=\"20px\" height=\"20px\" viewBox=\"0 0 24 24\" fill=\"none\"><path d=\"M6 6H4v2h2V6zm14 0H8v2h12V6zM4 11h2v2H4v-2zm16 0H8v2h12v-2zM4 16h2v2H4v-2zm16 0H8v2h12v-2z\" fill=\"currentColor\"><\/path><\/svg><svg style=\"fill: #999;color:#999\" class=\"arrow-unsorted-368013\" xmlns=\"http:\/\/www.w3.org\/2000\/svg\" width=\"10px\" height=\"10px\" viewBox=\"0 0 24 24\" version=\"1.2\" baseProfile=\"tiny\"><path d=\"M18.2 9.3l-6.2-6.3-6.2 6.3c-.2.2-.3.4-.3.7s.1.5.3.7c.2.2.4.3.7.3h11c.3 0 .5-.1.7-.3.2-.2.3-.5.3-.7s-.1-.5-.3-.7zM5.8 14.7l6.2 6.3 6.2-6.3c.2-.2.3-.5.3-.7s-.1-.5-.3-.7c-.2-.2-.4-.3-.7-.3h-11c-.3 0-.5.1-.7.3-.2.2-.3.5-.3.7s.1.5.3.7z\"\/><\/svg><\/span><\/span><\/span><\/a><\/span><\/div>\n<nav><ul class='ez-toc-list ez-toc-list-level-1 ' ><li class='ez-toc-page-1 ez-toc-heading-level-2'><a class=\"ez-toc-link ez-toc-heading-1\" href=\"https:\/\/www.grupomedcof.com.br\/blog\/dia-internacional-da-mulher-e-o-cuidado-com-sua-saude\/#Violencia_Sexual\" >Viol\u00eancia Sexual\u00a0<\/a><\/li><li class='ez-toc-page-1 ez-toc-heading-level-2'><a class=\"ez-toc-link ez-toc-heading-2\" href=\"https:\/\/www.grupomedcof.com.br\/blog\/dia-internacional-da-mulher-e-o-cuidado-com-sua-saude\/#Saude_Mental\" >Sa\u00fade Mental\u00a0<\/a><\/li><li class='ez-toc-page-1 ez-toc-heading-level-2'><a class=\"ez-toc-link ez-toc-heading-3\" href=\"https:\/\/www.grupomedcof.com.br\/blog\/dia-internacional-da-mulher-e-o-cuidado-com-sua-saude\/#Seja_um_MedCofer\" >Seja um MedCofer!<\/a><\/li><\/ul><\/nav><\/div>\n\n<figure class=\"wp-block-image size-large\"><img loading=\"lazy\" decoding=\"async\" width=\"1024\" height=\"576\" src=\"https:\/\/www.grupomedcof.com.br\/blog\/wp-content\/uploads\/2025\/03\/Blog-MedCof-2025-03-10T103023.560-1024x576.jpg\" alt=\"\" class=\"wp-image-34324\" srcset=\"https:\/\/www.grupomedcof.com.br\/blog\/wp-content\/uploads\/2025\/03\/Blog-MedCof-2025-03-10T103023.560-1024x576.jpg 1024w, https:\/\/www.grupomedcof.com.br\/blog\/wp-content\/uploads\/2025\/03\/Blog-MedCof-2025-03-10T103023.560-300x169.jpg 300w, https:\/\/www.grupomedcof.com.br\/blog\/wp-content\/uploads\/2025\/03\/Blog-MedCof-2025-03-10T103023.560-768x432.jpg 768w, https:\/\/www.grupomedcof.com.br\/blog\/wp-content\/uploads\/2025\/03\/Blog-MedCof-2025-03-10T103023.560-1536x864.jpg 1536w, https:\/\/www.grupomedcof.com.br\/blog\/wp-content\/uploads\/2025\/03\/Blog-MedCof-2025-03-10T103023.560-747x420.jpg 747w, https:\/\/www.grupomedcof.com.br\/blog\/wp-content\/uploads\/2025\/03\/Blog-MedCof-2025-03-10T103023.560-150x84.jpg 150w, https:\/\/www.grupomedcof.com.br\/blog\/wp-content\/uploads\/2025\/03\/Blog-MedCof-2025-03-10T103023.560-696x392.jpg 696w, https:\/\/www.grupomedcof.com.br\/blog\/wp-content\/uploads\/2025\/03\/Blog-MedCof-2025-03-10T103023.560-1068x601.jpg 1068w, https:\/\/www.grupomedcof.com.br\/blog\/wp-content\/uploads\/2025\/03\/Blog-MedCof-2025-03-10T103023.560.jpg 1920w\" sizes=\"auto, (max-width: 1024px) 100vw, 1024px\" \/><\/figure>\n\n\n\n<p>Al\u00e9m do potencial reprodutivo do corpo feminino, as mulheres s\u00e3o \u00edcones de trabalho \u00e1rduo, conhecimento cient\u00edfico, beleza, rela\u00e7\u00f5es sociais bem articuladas e muitas outras habilidades. No Brasil, temos uma popula\u00e7\u00e3o feminina que supera a masculina em cerca de 6 milh\u00f5es, de acordo com o Censo Demogr\u00e1fico de 2022, mostrando a import\u00e2ncia de proporcionar sa\u00fade completa a essa parcela da popula\u00e7\u00e3o. A <strong>Sa\u00fade da Mulher<\/strong> envolve o cuidado integral das mulheres em todas as fases da vida, o que inclui preven\u00e7\u00e3o, promo\u00e7\u00e3o, tratamento e recupera\u00e7\u00e3o da sa\u00fade atendendo \u00e0s necessidades espec\u00edficas de cada mulher e respeitando suas diversidades. Por isso, dois dos contextos mais importantes de se destacar quando falamos de sa\u00fade feminina \u00e9 a <strong>viol\u00eancia sexual e a sa\u00fade mental.<\/strong><\/p>\n\n\n\n<figure class=\"wp-block-image\"><img decoding=\"async\" src=\"https:\/\/lh7-rt.googleusercontent.com\/docsz\/AD_4nXfearjnU0Cne5wxLgLffT9x5uRjLF3zbcz2fYa9p-NgMiYycf0DSaFVlo88MWjf4qV4a1rKHHIxFccsooP1VLGJTVYdGlbtEpnXfMRTjbDuzVqV-pZ0dI0lASOls0krH3EBPeOX?key=rf5-ZCAqB2icPMz2rSDsSy_e\" alt=\"\"\/><figcaption class=\"wp-element-caption\">(Imagem: Pinterest)<\/figcaption><\/figure>\n\n\n\n<h2 class=\"wp-block-heading\" id=\"h-violencia-sexual\"><span class=\"ez-toc-section\" id=\"Violencia_Sexual\"><\/span><strong>Viol\u00eancia Sexual\u00a0<\/strong><span class=\"ez-toc-section-end\"><\/span><\/h2>\n\n\n\n<p>Ela \u00e9 definida como uma e<strong>merg\u00eancia que requer atendimento em at\u00e9 72 horas<\/strong>, para que consigamos garantir a efic\u00e1cia das <strong>medidas contraceptivas e profil\u00e1ticas.<\/strong> A viol\u00eancia contra a mulher \u00e9 definida como <strong>qualquer ato ou conduta baseada no g\u00eanero que cause dano, sofrimento f\u00edsico, psicol\u00f3gico ou sexual,<\/strong> tanto em esferas p\u00fablicas quanto privadas. Dados da Organiza\u00e7\u00e3o Mundial da Sa\u00fade (OMS) indicam que <strong>1 em cada 3 mulheres no mundo sofre viol\u00eancia f\u00edsica ou sexual.<\/strong><\/p>\n\n\n\n<p>O atendimento inicial envolve v\u00e1rias etapas: <strong>acolhimento, notifica\u00e7\u00e3o, anamnese, exame f\u00edsico, coleta de vest\u00edgios, exames complementares, profilaxias, contracep\u00e7\u00e3o de emerg\u00eancia e seguimento ambulatorial.\u00a0<\/strong><\/p>\n\n\n\n<p>A <strong>\u00e9tica<\/strong>, nesses casos, \u00e9 <strong>fundamental,<\/strong> garantindo privacidade, confidencialidade e sigilo. O <strong>atendimento deve ser multiprofissional,<\/strong> com a participa\u00e7\u00e3o de <strong>enfermeiros, assistentes sociais e psic\u00f3logos.<\/strong> N\u00e3o \u00e9 obrigat\u00f3rio o boletim de ocorr\u00eancia para o atendimento m\u00e9dico, mas o psic\u00f3logo e o assistente social podem orientar a v\u00edtima sobre a import\u00e2ncia de faz\u00ea-lo.<\/p>\n\n\n\n<p>A notifica\u00e7\u00e3o compuls\u00f3ria de casos suspeitos ou confirmados deve ser imediata (em at\u00e9 24 horas) \u00e0 Secretaria Municipal de Sa\u00fade. A anamnese deve ser detalhada, ouvindo a paciente e transmitindo seguran\u00e7a, com aten\u00e7\u00e3o aos detalhes da viol\u00eancia. O exame f\u00edsico completo deve registrar todas as les\u00f5es, com autoriza\u00e7\u00e3o e explica\u00e7\u00e3o ao paciente sobre os procedimentos. A coleta de vest\u00edgios deve ser realizada dentro de 72 horas ap\u00f3s a agress\u00e3o, com a assinatura do termo de autoriza\u00e7\u00e3o para utiliza\u00e7\u00e3o do material biol\u00f3gico.<\/p>\n\n\n\n<figure class=\"wp-block-image\"><img decoding=\"async\" src=\"https:\/\/lh7-rt.googleusercontent.com\/docsz\/AD_4nXfixT7qM9cWq1alAZWvDTLwagGuYkGv3IHIvbqn8uYAYWhM-Vw8kL5bRaktMkENInCwj9wet9IDUuABWFu63cDLdiOu5tvo4RLK2b1weG7xagdJWyccSokxFxP3xA9pKtqB1-x-IQ?key=rf5-ZCAqB2icPMz2rSDsSy_e\" alt=\"\"\/><figcaption class=\"wp-element-caption\">(Imagem: Pinterest)<\/figcaption><\/figure>\n\n\n\n<p>Os <strong>exames complementares<\/strong> incluem <strong>conte\u00fado vaginal<\/strong> (exame bacteriosc\u00f3pico e cultura para gonococo e PCR para Chlamydia) e <strong>exames de sangue<\/strong> (anti-HIV, hepatite B e C, s\u00edfilis, \u00df-HCG, hemograma, ureia, creatinina, TGO, TGP, glicose, bilirrubinas). O seguimento laboratorial \u00e9 crucial, com exames repetidos em 2 semanas, 6 semanas, 3 meses e 6 meses.<\/p>\n\n\n\n<h2 class=\"wp-block-heading\" id=\"h-saude-mental\"><span class=\"ez-toc-section\" id=\"Saude_Mental\"><\/span><strong>Sa\u00fade Mental\u00a0<\/strong><span class=\"ez-toc-section-end\"><\/span><\/h2>\n\n\n\n<p>De acordo com dados do <a href=\"https:\/\/webapp383386.ip-104-237-133-123.cloudezapp.io\/caminhos-em-sa%C3%BAde-mental\" target=\"_blank\" rel=\"noreferrer noopener\">Caminhos em Sa\u00fade Mental<\/a>, <strong>uma a cada cinco mulheres apresenta algum transtorno mental comum (TMC),<\/strong> como depress\u00e3o e ansiedade. Ainda mais, podemos destacar dessa pesquisa,\u00a0o n\u00famero de mulheres com depress\u00e3o \u00e9, em m\u00e9dia, mais que o dobro de homens diagnosticados. Essa realidade se d\u00e1, principalmente, devido a demandas sociais relativas ao perfil feminino, j\u00e1 que ser mulher se relaciona com perspectivas biol\u00f3gicas, pap\u00e9is e comportamentos em sociedade (como o de m\u00e3e, trabalhadora do lar e que atende aos padr\u00f5es de beleza).\u00a0<\/p>\n\n\n\n<p>Nesse caso, os psiquiatras e psic\u00f3logos s\u00e3o profissionais primordiais para nos auxiliar no processo de sa\u00fade desses pacientes. Al\u00e9m disso, promover sa\u00fade por meio de a\u00e7\u00f5es educacionais que ensinem as mulheres a evitar, quando poss\u00edvel, as situa\u00e7\u00f5es que abalam sua sa\u00fade mental \u00e9 fundamental para qualquer m\u00e9dico.<\/p>\n\n\n\n<p>De forma ainda mais espec\u00edfica, podemos abordar a <strong>sa\u00fade da mulher durante a gesta\u00e7\u00e3o,<\/strong> que pode sinalizar um alerta de sa\u00fade em raz\u00e3o da capacidade de interferir tamb\u00e9m na vida do beb\u00ea. Devido a isso, o reconhecimento e tratamento adequado durante a gesta\u00e7\u00e3o e p\u00f3s-parto s\u00e3o de extrema import\u00e2ncia .\u00a0\u00a0<\/p>\n\n\n\n<p>O <strong>blues puerperal<\/strong>, comum no p\u00f3s-parto, \u00e9 caracterizado por sintomas depressivos leves que melhoram em 10-14 dias. Ademais, a <strong>depress\u00e3o p\u00f3s-parto,<\/strong> um epis\u00f3dio depressivo maior, requer psicoterapia e ISRS. Por fim, a <strong>psicose puerperal<\/strong> \u00e9 uma emerg\u00eancia m\u00e9dica que exige interna\u00e7\u00e3o.<\/p>\n\n\n\n<h2 class=\"wp-block-heading\" id=\"h-seja-um-medcofer\"><span class=\"ez-toc-section\" id=\"Seja_um_MedCofer\"><\/span><strong>Seja um MedCofer!<\/strong><span class=\"ez-toc-section-end\"><\/span><\/h2>\n\n\n\n<p>Quer alcan\u00e7ar a aprova\u00e7\u00e3o nas provas de resid\u00eancia m\u00e9dica? Ent\u00e3o seja um&nbsp;<a href=\"https:\/\/www.grupomedcof.com.br\/home\/\" target=\"_blank\" rel=\"noreferrer noopener\">MedCoffer<\/a>! Aqui te ajudaremos na busca da aprova\u00e7\u00e3o com conte\u00fados de qualidade e uma&nbsp;<a href=\"https:\/\/www.grupomedcof.com.br\/blog\/presenca-da-medcof-nas-aprovacoes-em-residencia-medica-no-brasil\/\" target=\"_blank\" rel=\"noreferrer noopener\">metodologia que j\u00e1 aprovou mais de 10 mil residentes no pa\u00eds!&nbsp;<\/a>Por fim, acesse o nosso<a href=\"https:\/\/www.youtube.com\/@GrupoMedcof\/featured\" target=\"_blank\" rel=\"noreferrer noopener\">&nbsp;<strong>canal do youtube&nbsp;<\/strong><\/a>para ver o nosso material de revis\u00e3o e corre\u00e7\u00e3o.<\/p>\n\n\n\n<figure class=\"wp-block-embed is-type-video is-provider-youtube wp-block-embed-youtube wp-embed-aspect-16-9 wp-has-aspect-ratio\"><div class=\"wp-block-embed__wrapper\">\n<div class=\"youtube-embed\" data-video_id=\"szu-5COUP1E\"><iframe loading=\"lazy\" title=\"R-Choices: &quot;Gosto de operar....fa\u00e7o cirurgia ou GO?&quot;\" width=\"696\" height=\"392\" src=\"https:\/\/www.youtube.com\/embed\/szu-5COUP1E?feature=oembed&#038;enablejsapi=1\" frameborder=\"0\" allow=\"accelerometer; autoplay; clipboard-write; encrypted-media; gyroscope; picture-in-picture; web-share\" referrerpolicy=\"strict-origin-when-cross-origin\" allowfullscreen><\/iframe><\/div>\n<\/div><\/figure>\n","protected":false},"excerpt":{"rendered":"<p>A Sa\u00fade da Mulher envolve o cuidado integral das mulheres em todas as fases da vida, como preven\u00e7\u00e3o, tratamento e recupera\u00e7\u00e3o. Entenda mais!<\/p>\n","protected":false},"author":21,"featured_media":34324,"comment_status":"closed","ping_status":"closed","sticky":false,"template":"","format":"standard","meta":{"footnotes":""},"categories":[125],"tags":[2604,232,2685,2686],"ppma_author":[3617],"class_list":{"0":"post-34321","1":"post","2":"type-post","3":"status-publish","4":"format-standard","5":"has-post-thumbnail","7":"category-ginecologia-e-obstetricia","8":"tag-ansiedade","9":"tag-depressao","10":"tag-saude-da-mulher","11":"tag-violencia-sexual"},"yoast_head":"<!-- This site is optimized with the Yoast SEO Premium plugin v24.3 (Yoast SEO v27.4) - https:\/\/yoast.com\/product\/yoast-seo-premium-wordpress\/ -->\n<title>Dia Internacional da Mulher e o cuidado com sua sa\u00fade - Blog de Medcof: conte\u00fados, editais, revalida e mais!<\/title>\n<meta name=\"description\" content=\"A Sa\u00fade da Mulher envolve o cuidado integral das mulheres em todas as fases da vida, como preven\u00e7\u00e3o, tratamento e recupera\u00e7\u00e3o. Entenda mais!\" \/>\n<meta name=\"robots\" content=\"index, follow, max-snippet:-1, max-image-preview:large, max-video-preview:-1\" \/>\n<link rel=\"canonical\" href=\"https:\/\/www.grupomedcof.com.br\/blog\/dia-internacional-da-mulher-e-o-cuidado-com-sua-saude\/\" \/>\n<meta property=\"og:locale\" content=\"pt_BR\" \/>\n<meta property=\"og:type\" content=\"article\" \/>\n<meta property=\"og:title\" content=\"Dia Internacional da Mulher e o cuidado com sua sa\u00fade\" \/>\n<meta property=\"og:description\" content=\"A Sa\u00fade da Mulher envolve o cuidado integral das mulheres em todas as fases da vida, como preven\u00e7\u00e3o, tratamento e recupera\u00e7\u00e3o. Entenda mais!\" \/>\n<meta property=\"og:url\" content=\"https:\/\/www.grupomedcof.com.br\/blog\/dia-internacional-da-mulher-e-o-cuidado-com-sua-saude\/\" \/>\n<meta property=\"og:site_name\" content=\"Blog de Medcof: conte\u00fados, editais, revalida e mais!\" \/>\n<meta property=\"article:publisher\" content=\"https:\/\/www.facebook.com\/MedCofQbank\/\" \/>\n<meta property=\"article:published_time\" content=\"2025-03-10T13:31:08+00:00\" \/>\n<meta property=\"article:modified_time\" content=\"2025-03-10T13:34:47+00:00\" \/>\n<meta property=\"og:image\" content=\"https:\/\/www.grupomedcof.com.br\/blog\/wp-content\/uploads\/2025\/03\/Blog-MedCof-2025-03-10T103023.560.jpg\" \/>\n\t<meta property=\"og:image:width\" content=\"1920\" \/>\n\t<meta property=\"og:image:height\" content=\"1080\" \/>\n\t<meta property=\"og:image:type\" content=\"image\/jpeg\" \/>\n<meta name=\"author\" content=\"Kiara Adelino\" \/>\n<meta name=\"twitter:card\" content=\"summary_large_image\" \/>\n<meta name=\"twitter:label1\" content=\"Escrito por\" \/>\n\t<meta name=\"twitter:data1\" content=\"Kiara Adelino\" \/>\n\t<meta name=\"twitter:label2\" content=\"Est. tempo de leitura\" \/>\n\t<meta name=\"twitter:data2\" content=\"5 minutos\" \/>\n<script type=\"application\/ld+json\" class=\"yoast-schema-graph\">{\"@context\":\"https:\\\/\\\/schema.org\",\"@graph\":[{\"@type\":\"Article\",\"@id\":\"https:\\\/\\\/www.grupomedcof.com.br\\\/blog\\\/dia-internacional-da-mulher-e-o-cuidado-com-sua-saude\\\/#article\",\"isPartOf\":{\"@id\":\"https:\\\/\\\/www.grupomedcof.com.br\\\/blog\\\/dia-internacional-da-mulher-e-o-cuidado-com-sua-saude\\\/\"},\"author\":{\"name\":\"Kiara Adelino\",\"@id\":\"https:\\\/\\\/www.grupomedcof.com.br\\\/blog\\\/#\\\/schema\\\/person\\\/db19a651f86c5fc202d6eee744fd3292\"},\"headline\":\"Dia Internacional da Mulher e o cuidado com sua sa\u00fade\",\"datePublished\":\"2025-03-10T13:31:08+00:00\",\"dateModified\":\"2025-03-10T13:34:47+00:00\",\"mainEntityOfPage\":{\"@id\":\"https:\\\/\\\/www.grupomedcof.com.br\\\/blog\\\/dia-internacional-da-mulher-e-o-cuidado-com-sua-saude\\\/\"},\"wordCount\":807,\"publisher\":{\"@id\":\"https:\\\/\\\/www.grupomedcof.com.br\\\/blog\\\/#organization\"},\"image\":{\"@id\":\"https:\\\/\\\/www.grupomedcof.com.br\\\/blog\\\/dia-internacional-da-mulher-e-o-cuidado-com-sua-saude\\\/#primaryimage\"},\"thumbnailUrl\":\"https:\\\/\\\/www.grupomedcof.com.br\\\/blog\\\/wp-content\\\/uploads\\\/2025\\\/03\\\/Blog-MedCof-2025-03-10T103023.560.jpg\",\"keywords\":[\"Ansiedade\",\"Depress\u00e3o\",\"Sa\u00fade da Mulher\",\"Viol\u00eancia Sexual\"],\"articleSection\":[\"Ginecologia e Obstetr\u00edcia\"],\"inLanguage\":\"pt-BR\"},{\"@type\":\"WebPage\",\"@id\":\"https:\\\/\\\/www.grupomedcof.com.br\\\/blog\\\/dia-internacional-da-mulher-e-o-cuidado-com-sua-saude\\\/\",\"url\":\"https:\\\/\\\/www.grupomedcof.com.br\\\/blog\\\/dia-internacional-da-mulher-e-o-cuidado-com-sua-saude\\\/\",\"name\":\"Dia Internacional da Mulher e o cuidado com sua sa\u00fade - Blog de Medcof: conte\u00fados, editais, revalida e mais!\",\"isPartOf\":{\"@id\":\"https:\\\/\\\/www.grupomedcof.com.br\\\/blog\\\/#website\"},\"primaryImageOfPage\":{\"@id\":\"https:\\\/\\\/www.grupomedcof.com.br\\\/blog\\\/dia-internacional-da-mulher-e-o-cuidado-com-sua-saude\\\/#primaryimage\"},\"image\":{\"@id\":\"https:\\\/\\\/www.grupomedcof.com.br\\\/blog\\\/dia-internacional-da-mulher-e-o-cuidado-com-sua-saude\\\/#primaryimage\"},\"thumbnailUrl\":\"https:\\\/\\\/www.grupomedcof.com.br\\\/blog\\\/wp-content\\\/uploads\\\/2025\\\/03\\\/Blog-MedCof-2025-03-10T103023.560.jpg\",\"datePublished\":\"2025-03-10T13:31:08+00:00\",\"dateModified\":\"2025-03-10T13:34:47+00:00\",\"description\":\"A Sa\u00fade da Mulher envolve o cuidado integral das mulheres em todas as fases da vida, como preven\u00e7\u00e3o, tratamento e recupera\u00e7\u00e3o. Entenda mais!\",\"breadcrumb\":{\"@id\":\"https:\\\/\\\/www.grupomedcof.com.br\\\/blog\\\/dia-internacional-da-mulher-e-o-cuidado-com-sua-saude\\\/#breadcrumb\"},\"inLanguage\":\"pt-BR\",\"potentialAction\":[{\"@type\":\"ReadAction\",\"target\":[\"https:\\\/\\\/www.grupomedcof.com.br\\\/blog\\\/dia-internacional-da-mulher-e-o-cuidado-com-sua-saude\\\/\"]}]},{\"@type\":\"ImageObject\",\"inLanguage\":\"pt-BR\",\"@id\":\"https:\\\/\\\/www.grupomedcof.com.br\\\/blog\\\/dia-internacional-da-mulher-e-o-cuidado-com-sua-saude\\\/#primaryimage\",\"url\":\"https:\\\/\\\/www.grupomedcof.com.br\\\/blog\\\/wp-content\\\/uploads\\\/2025\\\/03\\\/Blog-MedCof-2025-03-10T103023.560.jpg\",\"contentUrl\":\"https:\\\/\\\/www.grupomedcof.com.br\\\/blog\\\/wp-content\\\/uploads\\\/2025\\\/03\\\/Blog-MedCof-2025-03-10T103023.560.jpg\",\"width\":1920,\"height\":1080},{\"@type\":\"BreadcrumbList\",\"@id\":\"https:\\\/\\\/www.grupomedcof.com.br\\\/blog\\\/dia-internacional-da-mulher-e-o-cuidado-com-sua-saude\\\/#breadcrumb\",\"itemListElement\":[{\"@type\":\"ListItem\",\"position\":1,\"name\":\"In\u00edcio\",\"item\":\"https:\\\/\\\/www.grupomedcof.com.br\\\/blog\\\/\"},{\"@type\":\"ListItem\",\"position\":2,\"name\":\"Dia Internacional da Mulher e o cuidado com sua sa\u00fade\"}]},{\"@type\":\"WebSite\",\"@id\":\"https:\\\/\\\/www.grupomedcof.com.br\\\/blog\\\/#website\",\"url\":\"https:\\\/\\\/www.grupomedcof.com.br\\\/blog\\\/\",\"name\":\"Blog de Medcof: conte\u00fados, editais, revalida e mais!\",\"description\":\"Acesso o blog de MedCof! Seu portal de conte\u00fados sobre resid\u00eancia m\u00e9dica, an\u00e1lise e editais e muito mais. Clique e confira!\",\"publisher\":{\"@id\":\"https:\\\/\\\/www.grupomedcof.com.br\\\/blog\\\/#organization\"},\"alternateName\":\"Blog de Medcof: conte\u00fados, editais, revalida e mais!\",\"potentialAction\":[{\"@type\":\"SearchAction\",\"target\":{\"@type\":\"EntryPoint\",\"urlTemplate\":\"https:\\\/\\\/www.grupomedcof.com.br\\\/blog\\\/?s={search_term_string}\"},\"query-input\":{\"@type\":\"PropertyValueSpecification\",\"valueRequired\":true,\"valueName\":\"search_term_string\"}}],\"inLanguage\":\"pt-BR\"},{\"@type\":\"Organization\",\"@id\":\"https:\\\/\\\/www.grupomedcof.com.br\\\/blog\\\/#organization\",\"name\":\"Grupo MedCof\",\"url\":\"https:\\\/\\\/www.grupomedcof.com.br\\\/blog\\\/\",\"logo\":{\"@type\":\"ImageObject\",\"inLanguage\":\"pt-BR\",\"@id\":\"https:\\\/\\\/www.grupomedcof.com.br\\\/blog\\\/#\\\/schema\\\/logo\\\/image\\\/\",\"url\":\"https:\\\/\\\/www.grupomedcof.com.br\\\/blog\\\/wp-content\\\/uploads\\\/2022\\\/01\\\/logo-medcof.png\",\"contentUrl\":\"https:\\\/\\\/www.grupomedcof.com.br\\\/blog\\\/wp-content\\\/uploads\\\/2022\\\/01\\\/logo-medcof.png\",\"width\":768,\"height\":269,\"caption\":\"Grupo MedCof\"},\"image\":{\"@id\":\"https:\\\/\\\/www.grupomedcof.com.br\\\/blog\\\/#\\\/schema\\\/logo\\\/image\\\/\"},\"sameAs\":[\"https:\\\/\\\/www.facebook.com\\\/MedCofQbank\\\/\",\"https:\\\/\\\/www.instagram.com\\\/grupomedcof\\\/\",\"https:\\\/\\\/br.linkedin.com\\\/company\\\/medcof\",\"https:\\\/\\\/www.youtube.com\\\/channel\\\/UCdHMuOHKICxcHwecxN8P-AA\"]},{\"@type\":\"Person\",\"@id\":\"https:\\\/\\\/www.grupomedcof.com.br\\\/blog\\\/#\\\/schema\\\/person\\\/db19a651f86c5fc202d6eee744fd3292\",\"name\":\"Kiara Adelino\",\"image\":{\"@type\":\"ImageObject\",\"inLanguage\":\"pt-BR\",\"@id\":\"https:\\\/\\\/www.grupomedcof.com.br\\\/blog\\\/wp-content\\\/uploads\\\/2024\\\/08\\\/cropped-Kiara-Adelino2-96x96.jpega85663bdda67261f8f06f86e555e1e49\",\"url\":\"https:\\\/\\\/www.grupomedcof.com.br\\\/blog\\\/wp-content\\\/uploads\\\/2024\\\/08\\\/cropped-Kiara-Adelino2-96x96.jpeg\",\"contentUrl\":\"https:\\\/\\\/www.grupomedcof.com.br\\\/blog\\\/wp-content\\\/uploads\\\/2024\\\/08\\\/cropped-Kiara-Adelino2-96x96.jpeg\",\"caption\":\"Kiara Adelino\"},\"description\":\"Estudante do 5\u00b0 semestre de Medicina. Gosto bastante de aprender coisas novas, principalmente na \u00e1rea de Neurologia e Anatomia humana.\",\"url\":\"https:\\\/\\\/www.grupomedcof.com.br\\\/blog\\\/author\\\/kiara-adelino\\\/\"}]}<\/script>\n<!-- \/ Yoast SEO Premium plugin. -->","yoast_head_json":{"title":"Dia Internacional da Mulher e o cuidado com sua sa\u00fade - Blog de Medcof: conte\u00fados, editais, revalida e mais!","description":"A Sa\u00fade da Mulher envolve o cuidado integral das mulheres em todas as fases da vida, como preven\u00e7\u00e3o, tratamento e recupera\u00e7\u00e3o. Entenda mais!","robots":{"index":"index","follow":"follow","max-snippet":"max-snippet:-1","max-image-preview":"max-image-preview:large","max-video-preview":"max-video-preview:-1"},"canonical":"https:\/\/www.grupomedcof.com.br\/blog\/dia-internacional-da-mulher-e-o-cuidado-com-sua-saude\/","og_locale":"pt_BR","og_type":"article","og_title":"Dia Internacional da Mulher e o cuidado com sua sa\u00fade","og_description":"A Sa\u00fade da Mulher envolve o cuidado integral das mulheres em todas as fases da vida, como preven\u00e7\u00e3o, tratamento e recupera\u00e7\u00e3o. Entenda mais!","og_url":"https:\/\/www.grupomedcof.com.br\/blog\/dia-internacional-da-mulher-e-o-cuidado-com-sua-saude\/","og_site_name":"Blog de Medcof: conte\u00fados, editais, revalida e mais!","article_publisher":"https:\/\/www.facebook.com\/MedCofQbank\/","article_published_time":"2025-03-10T13:31:08+00:00","article_modified_time":"2025-03-10T13:34:47+00:00","og_image":[{"width":1920,"height":1080,"url":"https:\/\/www.grupomedcof.com.br\/blog\/wp-content\/uploads\/2025\/03\/Blog-MedCof-2025-03-10T103023.560.jpg","type":"image\/jpeg"}],"author":"Kiara Adelino","twitter_card":"summary_large_image","twitter_misc":{"Escrito por":"Kiara Adelino","Est. tempo de leitura":"5 minutos"},"schema":{"@context":"https:\/\/schema.org","@graph":[{"@type":"Article","@id":"https:\/\/www.grupomedcof.com.br\/blog\/dia-internacional-da-mulher-e-o-cuidado-com-sua-saude\/#article","isPartOf":{"@id":"https:\/\/www.grupomedcof.com.br\/blog\/dia-internacional-da-mulher-e-o-cuidado-com-sua-saude\/"},"author":{"name":"Kiara Adelino","@id":"https:\/\/www.grupomedcof.com.br\/blog\/#\/schema\/person\/db19a651f86c5fc202d6eee744fd3292"},"headline":"Dia Internacional da Mulher e o cuidado com sua sa\u00fade","datePublished":"2025-03-10T13:31:08+00:00","dateModified":"2025-03-10T13:34:47+00:00","mainEntityOfPage":{"@id":"https:\/\/www.grupomedcof.com.br\/blog\/dia-internacional-da-mulher-e-o-cuidado-com-sua-saude\/"},"wordCount":807,"publisher":{"@id":"https:\/\/www.grupomedcof.com.br\/blog\/#organization"},"image":{"@id":"https:\/\/www.grupomedcof.com.br\/blog\/dia-internacional-da-mulher-e-o-cuidado-com-sua-saude\/#primaryimage"},"thumbnailUrl":"https:\/\/www.grupomedcof.com.br\/blog\/wp-content\/uploads\/2025\/03\/Blog-MedCof-2025-03-10T103023.560.jpg","keywords":["Ansiedade","Depress\u00e3o","Sa\u00fade da Mulher","Viol\u00eancia Sexual"],"articleSection":["Ginecologia e Obstetr\u00edcia"],"inLanguage":"pt-BR"},{"@type":"WebPage","@id":"https:\/\/www.grupomedcof.com.br\/blog\/dia-internacional-da-mulher-e-o-cuidado-com-sua-saude\/","url":"https:\/\/www.grupomedcof.com.br\/blog\/dia-internacional-da-mulher-e-o-cuidado-com-sua-saude\/","name":"Dia Internacional da Mulher e o cuidado com sua sa\u00fade - Blog de Medcof: conte\u00fados, editais, revalida e mais!","isPartOf":{"@id":"https:\/\/www.grupomedcof.com.br\/blog\/#website"},"primaryImageOfPage":{"@id":"https:\/\/www.grupomedcof.com.br\/blog\/dia-internacional-da-mulher-e-o-cuidado-com-sua-saude\/#primaryimage"},"image":{"@id":"https:\/\/www.grupomedcof.com.br\/blog\/dia-internacional-da-mulher-e-o-cuidado-com-sua-saude\/#primaryimage"},"thumbnailUrl":"https:\/\/www.grupomedcof.com.br\/blog\/wp-content\/uploads\/2025\/03\/Blog-MedCof-2025-03-10T103023.560.jpg","datePublished":"2025-03-10T13:31:08+00:00","dateModified":"2025-03-10T13:34:47+00:00","description":"A Sa\u00fade da Mulher envolve o cuidado integral das mulheres em todas as fases da vida, como preven\u00e7\u00e3o, tratamento e recupera\u00e7\u00e3o. Entenda mais!","breadcrumb":{"@id":"https:\/\/www.grupomedcof.com.br\/blog\/dia-internacional-da-mulher-e-o-cuidado-com-sua-saude\/#breadcrumb"},"inLanguage":"pt-BR","potentialAction":[{"@type":"ReadAction","target":["https:\/\/www.grupomedcof.com.br\/blog\/dia-internacional-da-mulher-e-o-cuidado-com-sua-saude\/"]}]},{"@type":"ImageObject","inLanguage":"pt-BR","@id":"https:\/\/www.grupomedcof.com.br\/blog\/dia-internacional-da-mulher-e-o-cuidado-com-sua-saude\/#primaryimage","url":"https:\/\/www.grupomedcof.com.br\/blog\/wp-content\/uploads\/2025\/03\/Blog-MedCof-2025-03-10T103023.560.jpg","contentUrl":"https:\/\/www.grupomedcof.com.br\/blog\/wp-content\/uploads\/2025\/03\/Blog-MedCof-2025-03-10T103023.560.jpg","width":1920,"height":1080},{"@type":"BreadcrumbList","@id":"https:\/\/www.grupomedcof.com.br\/blog\/dia-internacional-da-mulher-e-o-cuidado-com-sua-saude\/#breadcrumb","itemListElement":[{"@type":"ListItem","position":1,"name":"In\u00edcio","item":"https:\/\/www.grupomedcof.com.br\/blog\/"},{"@type":"ListItem","position":2,"name":"Dia Internacional da Mulher e o cuidado com sua sa\u00fade"}]},{"@type":"WebSite","@id":"https:\/\/www.grupomedcof.com.br\/blog\/#website","url":"https:\/\/www.grupomedcof.com.br\/blog\/","name":"Blog de Medcof: conte\u00fados, editais, revalida e mais!","description":"Acesso o blog de MedCof! Seu portal de conte\u00fados sobre resid\u00eancia m\u00e9dica, an\u00e1lise e editais e muito mais. Clique e confira!","publisher":{"@id":"https:\/\/www.grupomedcof.com.br\/blog\/#organization"},"alternateName":"Blog de Medcof: conte\u00fados, editais, revalida e mais!","potentialAction":[{"@type":"SearchAction","target":{"@type":"EntryPoint","urlTemplate":"https:\/\/www.grupomedcof.com.br\/blog\/?s={search_term_string}"},"query-input":{"@type":"PropertyValueSpecification","valueRequired":true,"valueName":"search_term_string"}}],"inLanguage":"pt-BR"},{"@type":"Organization","@id":"https:\/\/www.grupomedcof.com.br\/blog\/#organization","name":"Grupo MedCof","url":"https:\/\/www.grupomedcof.com.br\/blog\/","logo":{"@type":"ImageObject","inLanguage":"pt-BR","@id":"https:\/\/www.grupomedcof.com.br\/blog\/#\/schema\/logo\/image\/","url":"https:\/\/www.grupomedcof.com.br\/blog\/wp-content\/uploads\/2022\/01\/logo-medcof.png","contentUrl":"https:\/\/www.grupomedcof.com.br\/blog\/wp-content\/uploads\/2022\/01\/logo-medcof.png","width":768,"height":269,"caption":"Grupo MedCof"},"image":{"@id":"https:\/\/www.grupomedcof.com.br\/blog\/#\/schema\/logo\/image\/"},"sameAs":["https:\/\/www.facebook.com\/MedCofQbank\/","https:\/\/www.instagram.com\/grupomedcof\/","https:\/\/br.linkedin.com\/company\/medcof","https:\/\/www.youtube.com\/channel\/UCdHMuOHKICxcHwecxN8P-AA"]},{"@type":"Person","@id":"https:\/\/www.grupomedcof.com.br\/blog\/#\/schema\/person\/db19a651f86c5fc202d6eee744fd3292","name":"Kiara Adelino","image":{"@type":"ImageObject","inLanguage":"pt-BR","@id":"https:\/\/www.grupomedcof.com.br\/blog\/wp-content\/uploads\/2024\/08\/cropped-Kiara-Adelino2-96x96.jpega85663bdda67261f8f06f86e555e1e49","url":"https:\/\/www.grupomedcof.com.br\/blog\/wp-content\/uploads\/2024\/08\/cropped-Kiara-Adelino2-96x96.jpeg","contentUrl":"https:\/\/www.grupomedcof.com.br\/blog\/wp-content\/uploads\/2024\/08\/cropped-Kiara-Adelino2-96x96.jpeg","caption":"Kiara Adelino"},"description":"Estudante do 5\u00b0 semestre de Medicina. Gosto bastante de aprender coisas novas, principalmente na \u00e1rea de Neurologia e Anatomia humana.","url":"https:\/\/www.grupomedcof.com.br\/blog\/author\/kiara-adelino\/"}]}},"authors":[{"term_id":3617,"user_id":21,"is_guest":0,"slug":"kiara-adelino","display_name":"Kiara Adelino","avatar_url":"https:\/\/www.grupomedcof.com.br\/blog\/wp-content\/uploads\/2024\/08\/cropped-Kiara-Adelino2-96x96.jpeg","0":null,"1":"","2":"","3":"","4":"","5":"","6":"","7":"","8":""}],"_links":{"self":[{"href":"https:\/\/www.grupomedcof.com.br\/blog\/wp-json\/wp\/v2\/posts\/34321","targetHints":{"allow":["GET"]}}],"collection":[{"href":"https:\/\/www.grupomedcof.com.br\/blog\/wp-json\/wp\/v2\/posts"}],"about":[{"href":"https:\/\/www.grupomedcof.com.br\/blog\/wp-json\/wp\/v2\/types\/post"}],"author":[{"embeddable":true,"href":"https:\/\/www.grupomedcof.com.br\/blog\/wp-json\/wp\/v2\/users\/21"}],"replies":[{"embeddable":true,"href":"https:\/\/www.grupomedcof.com.br\/blog\/wp-json\/wp\/v2\/comments?post=34321"}],"version-history":[{"count":0,"href":"https:\/\/www.grupomedcof.com.br\/blog\/wp-json\/wp\/v2\/posts\/34321\/revisions"}],"wp:featuredmedia":[{"embeddable":true,"href":"https:\/\/www.grupomedcof.com.br\/blog\/wp-json\/wp\/v2\/media\/34324"}],"wp:attachment":[{"href":"https:\/\/www.grupomedcof.com.br\/blog\/wp-json\/wp\/v2\/media?parent=34321"}],"wp:term":[{"taxonomy":"category","embeddable":true,"href":"https:\/\/www.grupomedcof.com.br\/blog\/wp-json\/wp\/v2\/categories?post=34321"},{"taxonomy":"post_tag","embeddable":true,"href":"https:\/\/www.grupomedcof.com.br\/blog\/wp-json\/wp\/v2\/tags?post=34321"},{"taxonomy":"author","embeddable":true,"href":"https:\/\/www.grupomedcof.com.br\/blog\/wp-json\/wp\/v2\/ppma_author?post=34321"}],"curies":[{"name":"wp","href":"https:\/\/api.w.org\/{rel}","templated":true}]}}