{"id":34368,"date":"2025-03-12T14:15:59","date_gmt":"2025-03-12T17:15:59","guid":{"rendered":"https:\/\/www.grupomedcof.com.br\/blog\/?p=34368"},"modified":"2026-04-24T15:14:46","modified_gmt":"2026-04-24T18:14:46","slug":"angioedema-uma-consequencia-da-alergia-e-suas-diferencas-da-rinite-e-dpv","status":"publish","type":"post","link":"https:\/\/www.grupomedcof.com.br\/blog\/angioedema-uma-consequencia-da-alergia-e-suas-diferencas-da-rinite-e-dpv\/","title":{"rendered":"Angioedema: uma consequ\u00eancia da alergia e suas diferen\u00e7as da rinite e DPV"},"content":{"rendered":"<div id=\"ez-toc-container\" class=\"ez-toc-v2_0_74 counter-hierarchy ez-toc-counter ez-toc-transparent ez-toc-container-direction\">\n<div class=\"ez-toc-title-container\">\n<p class=\"ez-toc-title\" style=\"cursor:inherit\">Sum\u00e1rio<\/p>\n<span class=\"ez-toc-title-toggle\"><a href=\"#\" class=\"ez-toc-pull-right ez-toc-btn ez-toc-btn-xs ez-toc-btn-default ez-toc-toggle\" aria-label=\"Alternar tabela de conte\u00fado\"><span class=\"ez-toc-js-icon-con\"><span class=\"\"><span class=\"eztoc-hide\" style=\"display:none;\">Toggle<\/span><span class=\"ez-toc-icon-toggle-span\"><svg style=\"fill: #999;color:#999\" xmlns=\"http:\/\/www.w3.org\/2000\/svg\" class=\"list-377408\" width=\"20px\" height=\"20px\" viewBox=\"0 0 24 24\" fill=\"none\"><path d=\"M6 6H4v2h2V6zm14 0H8v2h12V6zM4 11h2v2H4v-2zm16 0H8v2h12v-2zM4 16h2v2H4v-2zm16 0H8v2h12v-2z\" fill=\"currentColor\"><\/path><\/svg><svg style=\"fill: #999;color:#999\" class=\"arrow-unsorted-368013\" xmlns=\"http:\/\/www.w3.org\/2000\/svg\" width=\"10px\" height=\"10px\" viewBox=\"0 0 24 24\" version=\"1.2\" baseProfile=\"tiny\"><path d=\"M18.2 9.3l-6.2-6.3-6.2 6.3c-.2.2-.3.4-.3.7s.1.5.3.7c.2.2.4.3.7.3h11c.3 0 .5-.1.7-.3.2-.2.3-.5.3-.7s-.1-.5-.3-.7zM5.8 14.7l6.2 6.3 6.2-6.3c.2-.2.3-.5.3-.7s-.1-.5-.3-.7c-.2-.2-.4-.3-.7-.3h-11c-.3 0-.5.1-.7.3-.2.2-.3.5-.3.7s.1.5.3.7z\"\/><\/svg><\/span><\/span><\/span><\/a><\/span><\/div>\n<nav><ul class='ez-toc-list ez-toc-list-level-1 ' ><li class='ez-toc-page-1 ez-toc-heading-level-2'><a class=\"ez-toc-link ez-toc-heading-1\" href=\"https:\/\/www.grupomedcof.com.br\/blog\/angioedema-uma-consequencia-da-alergia-e-suas-diferencas-da-rinite-e-dpv\/#Angioedema_Histamina_vs_Bradicinina\" >Angioedema: Histamina vs. Bradicinina<\/a><\/li><li class='ez-toc-page-1 ez-toc-heading-level-2'><a class=\"ez-toc-link ez-toc-heading-2\" href=\"https:\/\/www.grupomedcof.com.br\/blog\/angioedema-uma-consequencia-da-alergia-e-suas-diferencas-da-rinite-e-dpv\/#Urticaria_Cronica_vs_Aguda\" >Urtic\u00e1ria: Cr\u00f4nica vs. Aguda<\/a><\/li><li class='ez-toc-page-1 ez-toc-heading-level-2'><a class=\"ez-toc-link ez-toc-heading-3\" href=\"https:\/\/www.grupomedcof.com.br\/blog\/angioedema-uma-consequencia-da-alergia-e-suas-diferencas-da-rinite-e-dpv\/#Angioedema_por_Bradicinina_caracteristicas_e_causas\" >Angioedema por Bradicinina: caracter\u00edsticas e causas<\/a><\/li><li class='ez-toc-page-1 ez-toc-heading-level-2'><a class=\"ez-toc-link ez-toc-heading-4\" href=\"https:\/\/www.grupomedcof.com.br\/blog\/angioedema-uma-consequencia-da-alergia-e-suas-diferencas-da-rinite-e-dpv\/#Angioedema_Hereditario_AEH_diagnostico_e_tratamento\" >Angioedema Heredit\u00e1rio (AEH): diagn\u00f3stico e tratamento<\/a><\/li><li class='ez-toc-page-1 ez-toc-heading-level-2'><a class=\"ez-toc-link ez-toc-heading-5\" href=\"https:\/\/www.grupomedcof.com.br\/blog\/angioedema-uma-consequencia-da-alergia-e-suas-diferencas-da-rinite-e-dpv\/#Rinite_Alergica_diagnostico_e_tratamento\" >Rinite Al\u00e9rgica: diagn\u00f3stico e tratamento<\/a><\/li><li class='ez-toc-page-1 ez-toc-heading-level-2'><a class=\"ez-toc-link ez-toc-heading-6\" href=\"https:\/\/www.grupomedcof.com.br\/blog\/angioedema-uma-consequencia-da-alergia-e-suas-diferencas-da-rinite-e-dpv\/#Disfuncao_de_Pregas_Vocais_DPV_diagnostico_diferencial_e_tratamento\" >Disfun\u00e7\u00e3o de Pregas Vocais (DPV): diagn\u00f3stico diferencial e tratamento<\/a><\/li><li class='ez-toc-page-1 ez-toc-heading-level-2'><a class=\"ez-toc-link ez-toc-heading-7\" href=\"https:\/\/www.grupomedcof.com.br\/blog\/angioedema-uma-consequencia-da-alergia-e-suas-diferencas-da-rinite-e-dpv\/#O_metodo_que_te_aprova\" >O m\u00e9todo que te aprova!<\/a><\/li><\/ul><\/nav><\/div>\n\n<figure class=\"wp-block-image size-large\"><img loading=\"lazy\" decoding=\"async\" width=\"1024\" height=\"576\" src=\"https:\/\/www.grupomedcof.com.br\/blog\/wp-content\/uploads\/2025\/03\/Blog-MedCof-2025-03-11T145308.903-1024x576.jpg\" alt=\"\" class=\"wp-image-34371\" srcset=\"https:\/\/www.grupomedcof.com.br\/blog\/wp-content\/uploads\/2025\/03\/Blog-MedCof-2025-03-11T145308.903-1024x576.jpg 1024w, https:\/\/www.grupomedcof.com.br\/blog\/wp-content\/uploads\/2025\/03\/Blog-MedCof-2025-03-11T145308.903-300x169.jpg 300w, https:\/\/www.grupomedcof.com.br\/blog\/wp-content\/uploads\/2025\/03\/Blog-MedCof-2025-03-11T145308.903-768x432.jpg 768w, https:\/\/www.grupomedcof.com.br\/blog\/wp-content\/uploads\/2025\/03\/Blog-MedCof-2025-03-11T145308.903-1536x864.jpg 1536w, https:\/\/www.grupomedcof.com.br\/blog\/wp-content\/uploads\/2025\/03\/Blog-MedCof-2025-03-11T145308.903-747x420.jpg 747w, https:\/\/www.grupomedcof.com.br\/blog\/wp-content\/uploads\/2025\/03\/Blog-MedCof-2025-03-11T145308.903-150x84.jpg 150w, https:\/\/www.grupomedcof.com.br\/blog\/wp-content\/uploads\/2025\/03\/Blog-MedCof-2025-03-11T145308.903-696x392.jpg 696w, https:\/\/www.grupomedcof.com.br\/blog\/wp-content\/uploads\/2025\/03\/Blog-MedCof-2025-03-11T145308.903-1068x601.jpg 1068w, https:\/\/www.grupomedcof.com.br\/blog\/wp-content\/uploads\/2025\/03\/Blog-MedCof-2025-03-11T145308.903.jpg 1920w\" sizes=\"auto, (max-width: 1024px) 100vw, 1024px\" \/><\/figure>\n\n\n\n<p><strong>Alergias <\/strong>e condi\u00e7\u00f5es relacionadas s\u00e3o queixas comuns na pr\u00e1tica m\u00e9dica, e compreender suas nuances \u00e9 crucial para um atendimento eficaz. Por isso, vamos relembrar aspectos essenciais de <strong>angioedema, urtic\u00e1ria, rinite al\u00e9rgica, disfun\u00e7\u00e3o de pregas vocais (DPV) e aspergilose broncopulmonar al\u00e9rgica (ABPA)<\/strong>, que s\u00e3o tem\u00e1ticas fundamentais nas provas de resid\u00eancia e na pr\u00e1tica cl\u00ednica.<\/p>\n\n\n\n<h2 class=\"wp-block-heading\" id=\"h-angioedema-histamina-vs-bradicinina\"><span class=\"ez-toc-section\" id=\"Angioedema_Histamina_vs_Bradicinina\"><\/span><strong>Angioedema: Histamina vs. Bradicinina<\/strong><span class=\"ez-toc-section-end\"><\/span><\/h2>\n\n\n\n<p>O angioedema \u00e9 caracterizado por incha\u00e7o na pele ou mucosas. \u00c9 essencial distinguir entre os tipos mediados por histamina e bradicinina:\u00a0<\/p>\n\n\n\n<ul class=\"wp-block-list\">\n<li><strong>Histamina:<\/strong> pode apresentar urtic\u00e1ria e prurido, com evolu\u00e7\u00e3o r\u00e1pida e poss\u00edvel piora com AINEs. Melhora com anti-H1, corticoide e adrenalina. A principal c\u00e9lula efetora \u00e9 o <strong>mast\u00f3cito<\/strong>, que se degranula liberando histamina em resposta a alergias, infec\u00e7\u00f5es, autoanticorpos, neoplasias e medica\u00e7\u00f5es como opioides, quinolonas, AINEs e contrastes iodados.<\/li>\n<\/ul>\n\n\n\n<figure class=\"wp-block-image is-resized\"><img decoding=\"async\" src=\"https:\/\/lh7-rt.googleusercontent.com\/docsz\/AD_4nXdd_SjkXf0vlNDPmEt12ProRN09npyT7Nkh9dx75RH7AnPYB7azXzbtHZMvh268dWrMCUcG2_KvOhsNcrE0QL7Tjz_OEEX1JtefShLIpexjkKfzv-l-aq2PkgOqSHHFakbSzd3shw?key=MfDO_BeCfNKhPLLvk0ptRdSb\" alt=\"\" style=\"width:528px;height:auto\"\/><figcaption class=\"wp-element-caption\">Urticaria. Fonte:\u00a0<a href=\"https:\/\/leandroleitedermato.com.br\/blog\/urticaria:-6-coisas-que-voce-precisa-saber\">https:\/\/leandroleitedermato.com.br\/blog\/urticaria:-6-coisas-que-voce-precisa-saber<\/a><\/figcaption><\/figure>\n\n\n\n<ul class=\"wp-block-list\">\n<li><strong>Bradicinina:<\/strong> N\u00e3o apresenta urtic\u00e1ria, tem evolu\u00e7\u00e3o lenta e n\u00e3o responde a anti-H1, corticoide ou adrenalina. Inclui o angioedema heredit\u00e1rio (AEH) e o induzido por IECA.<\/li>\n<\/ul>\n\n\n\n<p>O angioedema por histamina \u00e9 o mais comum, com in\u00edcio em minutos a horas e resolu\u00e7\u00e3o em 24 a 48 horas. Pode ser agudo ou cr\u00f4nico e geralmente responde bem a anti-H1, corticoides e adrenalina.<\/p>\n\n\n\n<h2 class=\"wp-block-heading\" id=\"h-urticaria-cronica-vs-aguda\"><span class=\"ez-toc-section\" id=\"Urticaria_Cronica_vs_Aguda\"><\/span><strong>Urtic\u00e1ria: Cr\u00f4nica vs. Aguda<\/strong><span class=\"ez-toc-section-end\"><\/span><\/h2>\n\n\n\n<p>A urtic\u00e1ria envolve a degranula\u00e7\u00e3o de mast\u00f3citos e bas\u00f3filos, liberando histamina e causando vasodilata\u00e7\u00e3o local. As les\u00f5es s\u00e3o ef\u00eameras, restritas \u00e0 epiderme, duram menos de 24 horas e n\u00e3o deixam les\u00f5es residuais.<\/p>\n\n\n\n<figure class=\"wp-block-image is-resized\"><img decoding=\"async\" src=\"https:\/\/lh7-rt.googleusercontent.com\/docsz\/AD_4nXfpngH5kaoxvjwJjZ53E8BlXYs6V8QKpdwvfqQGl3iT6kapJbg73YTtlB4IyY3LiEa-KSCaMUq-xADxQyIYiqhPbvEZ_ENLuyFUYCSeuSrxAeZYoSV2-6IA7kfSR-e9oJAzYVaVTg?key=MfDO_BeCfNKhPLLvk0ptRdSb\" alt=\"\" style=\"width:512px;height:auto\"\/><figcaption class=\"wp-element-caption\">Fonte: Acervo de Aulas do Grupo MedCof.<\/figcaption><\/figure>\n\n\n\n<ul class=\"wp-block-list\">\n<li><strong>Aguda<\/strong>: Dura\u00e7\u00e3o inferior a 6 semanas, frequentemente associada a infec\u00e7\u00f5es ou medica\u00e7\u00f5es;<\/li>\n\n\n\n<li><strong>Cr\u00f4nica:<\/strong> Dura\u00e7\u00e3o superior a 6 semanas, investigar autoimunidade\/tireoide.\u00a0<\/li>\n<\/ul>\n\n\n\n<p>O tratamento envolve quadruplicar a dose de anti-H1, omalizumabe e, em alguns casos, ciclosporina.<\/p>\n\n\n\n<h2 class=\"wp-block-heading\" id=\"h-angioedema-por-bradicinina-caracteristicas-e-causas\"><span class=\"ez-toc-section\" id=\"Angioedema_por_Bradicinina_caracteristicas_e_causas\"><\/span><strong>Angioedema por Bradicinina: caracter\u00edsticas e causas<\/strong><span class=\"ez-toc-section-end\"><\/span><\/h2>\n\n\n\n<p>O angioedema por bradicinina tem in\u00edcio gradativo, n\u00e3o \u00e9 pruriginoso e resolve-se em 48 a 72 horas. N\u00e3o h\u00e1 urtic\u00e1ria associada, mas pode ocorrer dor abdominal devido a edema de al\u00e7as intestinais. N\u00e3o responde a corticoides, adrenalina ou anti-H1.<\/p>\n\n\n\n<h2 class=\"wp-block-heading\" id=\"h-angioedema-hereditario-aeh-diagnostico-e-tratamento\"><span class=\"ez-toc-section\" id=\"Angioedema_Hereditario_AEH_diagnostico_e_tratamento\"><\/span><strong>Angioedema Heredit\u00e1rio (AEH): diagn\u00f3stico e tratamento<\/strong><span class=\"ez-toc-section-end\"><\/span><\/h2>\n\n\n\n<p>O AEH (Angioedema Heredit\u00e1rio) \u00e9 uma doen\u00e7a rara, com muta\u00e7\u00e3o autoss\u00f4mica dominante no gene SERPING1. Pode ser causado por defeito quantitativo ou qualitativo no inibidor de C1. A mortalidade pode chegar a 25-40% se n\u00e3o tratado adequadamente, especialmente em casos de angioedema de laringe.<\/p>\n\n\n\n<ul class=\"wp-block-list\">\n<li><strong>Quadro Cl\u00ednico:<\/strong> Angioedema de face, extremidades e genitais, crises \u00e1lgicas abdominais com n\u00e1useas e v\u00f4mitos, e eritema marginatum (n\u00e3o pruriginoso, pode preceder a crise)<\/li>\n<\/ul>\n\n\n\n<figure class=\"wp-block-image is-resized\"><img decoding=\"async\" src=\"https:\/\/lh7-rt.googleusercontent.com\/docsz\/AD_4nXdDtBJHkIJo9GIOVw6cNDsiLWxaP2J33J18YQfjSRPxvCePQY1xf-md-nZzBmELqPK6QtLUlTz61dDn_7_CHVQwSvTC2jmryMxLgCxxLxVsMkCzOVaUGthJKchdtzsZYaVjmyM18w?key=MfDO_BeCfNKhPLLvk0ptRdSb\" alt=\"\" style=\"width:569px;height:auto\"\/><figcaption class=\"wp-element-caption\">Fonte: Auwaerter, Paul. \u201cAcute Rheumatic Fever.\u201d Johns Hopkins ABX Guide, The Johns Hopkins University, 2022. Johns Hopkins Guides\u00a0<\/figcaption><\/figure>\n\n\n\n<ul class=\"wp-block-list\">\n<li><strong>Diagn\u00f3stico:<\/strong> Utilizar o acr\u00f4nimo HAAAAE (Heredit\u00e1rio, Angioedema recorrente, Dor Abdominal recorrente, Aus\u00eancia de Urtic\u00e1ria, Aus\u00eancia de resposta a anti-histam\u00ednicos, Associa\u00e7\u00e3o com Estrog\u00eanio). A dosagem de C1-INH e C4 \u00e9 fundamental.<\/li>\n\n\n\n<li><strong>Tratamento:<\/strong> Crise: Plasma fresco congelado, icatibanto, inibidor de C1pd.<\/li>\n\n\n\n<li><strong>Profilaxia:<\/strong> Inibidor de C1pd, andr\u00f3genos, tranex\u00e2mico ou lanadelumabe<\/li>\n<\/ul>\n\n\n\n<h2 class=\"wp-block-heading\" id=\"h-rinite-alergica-diagnostico-e-tratamento\"><span class=\"ez-toc-section\" id=\"Rinite_Alergica_diagnostico_e_tratamento\"><\/span><strong>Rinite Al\u00e9rgica: diagn\u00f3stico e tratamento<\/strong><span class=\"ez-toc-section-end\"><\/span><\/h2>\n\n\n\n<p>A rinite al\u00e9rgica \u00e9 uma inflama\u00e7\u00e3o da mucosa nasal, frequentemente coexistente com asma. A classifica\u00e7\u00e3o ARIA considera preval\u00eancia, impacto na qualidade de vida, desempenho no trabalho\/escola e carga econ\u00f4mica.<\/p>\n\n\n\n<figure class=\"wp-block-image\"><img decoding=\"async\" src=\"https:\/\/lh7-rt.googleusercontent.com\/docsz\/AD_4nXdvUTyLDL8ccJCaLvbsi8G6gHM92Kzo33zxPfxeVQggnkC7X4rDfsfZLaWI1x6MyDVxFVCEWh9Jnk47raO7gEkrFne4O58m-kRYXtI-6Xq6DPZbmGpbvzQJwF-akNatRkKqqi3ezQ?key=MfDO_BeCfNKhPLLvk0ptRdSb\" alt=\"\"\/><figcaption class=\"wp-element-caption\">Fonte: <a href=\"https:\/\/pin.it\/1FXtCOaW1\">https:\/\/pin.it\/1FXtCOaW1<\/a>\u00a0<\/figcaption><\/figure>\n\n\n\n<ul class=\"wp-block-list\">\n<li><strong>Tratamento:<\/strong> cortic\u00f3ide nasal, anti-H1 (oral ou nasal), antileucotrienos e imunoterapia al\u00e9rgeno-espec\u00edfica. A imunoterapia \u00e9 considerada o melhor tratamento, induzindo toler\u00e2ncia atrav\u00e9s do est\u00edmulo persistente com doses crescentes de al\u00e9rgenos.<\/li>\n<\/ul>\n\n\n\n<h2 class=\"wp-block-heading\" id=\"h-disfuncao-de-pregas-vocais-dpv-diagnostico-diferencial-e-tratamento\"><span class=\"ez-toc-section\" id=\"Disfuncao_de_Pregas_Vocais_DPV_diagnostico_diferencial_e_tratamento\"><\/span><strong>Disfun\u00e7\u00e3o de Pregas Vocais (DPV): diagn\u00f3stico diferencial e tratamento<\/strong><span class=\"ez-toc-section-end\"><\/span><\/h2>\n\n\n\n<p>A DPV simula asma, mas envolve discinesia das pregas vocais, que aduzem em vez de abduzir durante a respira\u00e7\u00e3o, causando dispneia extrator\u00e1cica. A laringoscopia revela fenda posterior no fechamento das pregas vocais. O tratamento envolve fonoaudiologia e psicoterapia.<\/p>\n\n\n\n<h2 class=\"wp-block-heading\" id=\"h-o-metodo-que-te-aprova\"><span class=\"ez-toc-section\" id=\"O_metodo_que_te_aprova\"><\/span><strong>O m\u00e9todo que te aprova!<\/strong><span class=\"ez-toc-section-end\"><\/span><\/h2>\n\n\n\n<p>Quer alcan\u00e7ar a aprova\u00e7\u00e3o nas provas de resid\u00eancia m\u00e9dica? Ent\u00e3o seja um&nbsp;<a href=\"https:\/\/www.grupomedcof.com.br\/home\/\" target=\"_blank\" rel=\"noreferrer noopener\">MedCoffer<\/a>! Aqui te ajudaremos na busca da aprova\u00e7\u00e3o com conte\u00fados de qualidade e uma&nbsp;<a href=\"https:\/\/www.grupomedcof.com.br\/blog\/presenca-da-medcof-nas-aprovacoes-em-residencia-medica-no-brasil\/\" target=\"_blank\" rel=\"noreferrer noopener\"><strong>metodologia que j\u00e1 aprovou mais de 10 mil residentes no pa\u00eds<\/strong><\/a>!&nbsp;Por fim, acesse o nosso<a href=\"https:\/\/www.youtube.com\/@GrupoMedcof\/featured\" target=\"_blank\" rel=\"noreferrer noopener\">&nbsp;<strong>canal do youtube&nbsp;<\/strong><\/a>para ver o nosso material.<\/p>\n\n\n\n<figure class=\"wp-block-embed is-type-video is-provider-youtube wp-block-embed-youtube wp-embed-aspect-16-9 wp-has-aspect-ratio\"><div class=\"wp-block-embed__wrapper\">\n<div class=\"youtube-embed\" data-video_id=\"GGIHtJPg0rw\"><iframe loading=\"lazy\" title=\"Conforto M\u00e9dico - A vida de um imunologista com Dr. Alex Prado - Ep #11\" width=\"696\" height=\"392\" src=\"https:\/\/www.youtube.com\/embed\/GGIHtJPg0rw?start=3&#038;feature=oembed\" frameborder=\"0\" allow=\"accelerometer; autoplay; clipboard-write; encrypted-media; gyroscope; picture-in-picture; web-share\" referrerpolicy=\"strict-origin-when-cross-origin\" allowfullscreen><\/iframe><\/div>\n<\/div><\/figure>\n","protected":false},"excerpt":{"rendered":"<p>Alergias e condi\u00e7\u00f5es relacionadas s\u00e3o queixas comuns na pr\u00e1tica m\u00e9dica, e compreender suas nuances \u00e9 crucial para um atendimento eficaz. Entenda melhor!<\/p>\n","protected":false},"author":21,"featured_media":34371,"comment_status":"closed","ping_status":"closed","sticky":false,"template":"","format":"standard","meta":{"footnotes":""},"categories":[115],"tags":[2156,2698,2696,1673],"ppma_author":[3617],"class_list":{"0":"post-34368","1":"post","2":"type-post","3":"status-publish","4":"format-standard","5":"has-post-thumbnail","7":"category-clinica-medica","8":"tag-alergias","9":"tag-angioedema","10":"tag-dpv","11":"tag-rinite"},"yoast_head":"<!-- This site is optimized with the Yoast SEO Premium plugin v24.3 (Yoast SEO v27.4) - https:\/\/yoast.com\/product\/yoast-seo-premium-wordpress\/ -->\n<title>Angioedema Al\u00e9rgico: Diferen\u00e7as para Rinite e DPV | Medcof<\/title>\n<meta name=\"description\" content=\"Alergias e condi\u00e7\u00f5es relacionadas s\u00e3o queixas comuns na pr\u00e1tica m\u00e9dica, e compreender suas nuances \u00e9 crucial para um atendimento eficaz. Entenda melhor!\" \/>\n<meta name=\"robots\" content=\"index, follow, max-snippet:-1, max-image-preview:large, max-video-preview:-1\" \/>\n<link rel=\"canonical\" href=\"https:\/\/www.grupomedcof.com.br\/blog\/angioedema-uma-consequencia-da-alergia-e-suas-diferencas-da-rinite-e-dpv\/\" \/>\n<meta property=\"og:locale\" content=\"pt_BR\" \/>\n<meta property=\"og:type\" content=\"article\" \/>\n<meta property=\"og:title\" content=\"Angioedema: uma consequ\u00eancia da alergia e suas diferen\u00e7as da rinite e DPV\" \/>\n<meta property=\"og:description\" content=\"Alergias e condi\u00e7\u00f5es relacionadas s\u00e3o queixas comuns na pr\u00e1tica m\u00e9dica, e compreender suas nuances \u00e9 crucial para um atendimento eficaz. Entenda melhor!\" \/>\n<meta property=\"og:url\" content=\"https:\/\/www.grupomedcof.com.br\/blog\/angioedema-uma-consequencia-da-alergia-e-suas-diferencas-da-rinite-e-dpv\/\" \/>\n<meta property=\"og:site_name\" content=\"Blog de Medcof: conte\u00fados, editais, revalida e mais!\" \/>\n<meta property=\"article:publisher\" content=\"https:\/\/www.facebook.com\/MedCofQbank\/\" \/>\n<meta property=\"article:published_time\" content=\"2025-03-12T17:15:59+00:00\" \/>\n<meta property=\"article:modified_time\" content=\"2026-04-24T18:14:46+00:00\" \/>\n<meta property=\"og:image\" content=\"https:\/\/www.grupomedcof.com.br\/blog\/wp-content\/uploads\/2025\/03\/Blog-MedCof-2025-03-11T145308.903.jpg\" \/>\n\t<meta property=\"og:image:width\" content=\"1920\" \/>\n\t<meta property=\"og:image:height\" content=\"1080\" \/>\n\t<meta property=\"og:image:type\" content=\"image\/jpeg\" \/>\n<meta name=\"author\" content=\"Kiara Adelino\" \/>\n<meta name=\"twitter:card\" content=\"summary_large_image\" \/>\n<meta name=\"twitter:label1\" content=\"Escrito por\" \/>\n\t<meta name=\"twitter:data1\" content=\"Kiara Adelino\" \/>\n\t<meta name=\"twitter:label2\" content=\"Est. tempo de leitura\" \/>\n\t<meta name=\"twitter:data2\" content=\"5 minutos\" \/>\n<script type=\"application\/ld+json\" class=\"yoast-schema-graph\">{\"@context\":\"https:\\\/\\\/schema.org\",\"@graph\":[{\"@type\":\"Article\",\"@id\":\"https:\\\/\\\/www.grupomedcof.com.br\\\/blog\\\/angioedema-uma-consequencia-da-alergia-e-suas-diferencas-da-rinite-e-dpv\\\/#article\",\"isPartOf\":{\"@id\":\"https:\\\/\\\/www.grupomedcof.com.br\\\/blog\\\/angioedema-uma-consequencia-da-alergia-e-suas-diferencas-da-rinite-e-dpv\\\/\"},\"author\":{\"name\":\"Kiara Adelino\",\"@id\":\"https:\\\/\\\/www.grupomedcof.com.br\\\/blog\\\/#\\\/schema\\\/person\\\/db19a651f86c5fc202d6eee744fd3292\"},\"headline\":\"Angioedema: uma consequ\u00eancia da alergia e suas diferen\u00e7as da rinite e DPV\",\"datePublished\":\"2025-03-12T17:15:59+00:00\",\"dateModified\":\"2026-04-24T18:14:46+00:00\",\"mainEntityOfPage\":{\"@id\":\"https:\\\/\\\/www.grupomedcof.com.br\\\/blog\\\/angioedema-uma-consequencia-da-alergia-e-suas-diferencas-da-rinite-e-dpv\\\/\"},\"wordCount\":745,\"publisher\":{\"@id\":\"https:\\\/\\\/www.grupomedcof.com.br\\\/blog\\\/#organization\"},\"image\":{\"@id\":\"https:\\\/\\\/www.grupomedcof.com.br\\\/blog\\\/angioedema-uma-consequencia-da-alergia-e-suas-diferencas-da-rinite-e-dpv\\\/#primaryimage\"},\"thumbnailUrl\":\"https:\\\/\\\/www.grupomedcof.com.br\\\/blog\\\/wp-content\\\/uploads\\\/2025\\\/03\\\/Blog-MedCof-2025-03-11T145308.903.jpg\",\"keywords\":[\"Alergias\",\"Angioedema\",\"DPV\",\"Rinite\"],\"articleSection\":[\"Cl\u00ednica M\u00e9dica\"],\"inLanguage\":\"pt-BR\"},{\"@type\":\"WebPage\",\"@id\":\"https:\\\/\\\/www.grupomedcof.com.br\\\/blog\\\/angioedema-uma-consequencia-da-alergia-e-suas-diferencas-da-rinite-e-dpv\\\/\",\"url\":\"https:\\\/\\\/www.grupomedcof.com.br\\\/blog\\\/angioedema-uma-consequencia-da-alergia-e-suas-diferencas-da-rinite-e-dpv\\\/\",\"name\":\"Angioedema Al\u00e9rgico: Diferen\u00e7as para Rinite e DPV | Medcof\",\"isPartOf\":{\"@id\":\"https:\\\/\\\/www.grupomedcof.com.br\\\/blog\\\/#website\"},\"primaryImageOfPage\":{\"@id\":\"https:\\\/\\\/www.grupomedcof.com.br\\\/blog\\\/angioedema-uma-consequencia-da-alergia-e-suas-diferencas-da-rinite-e-dpv\\\/#primaryimage\"},\"image\":{\"@id\":\"https:\\\/\\\/www.grupomedcof.com.br\\\/blog\\\/angioedema-uma-consequencia-da-alergia-e-suas-diferencas-da-rinite-e-dpv\\\/#primaryimage\"},\"thumbnailUrl\":\"https:\\\/\\\/www.grupomedcof.com.br\\\/blog\\\/wp-content\\\/uploads\\\/2025\\\/03\\\/Blog-MedCof-2025-03-11T145308.903.jpg\",\"datePublished\":\"2025-03-12T17:15:59+00:00\",\"dateModified\":\"2026-04-24T18:14:46+00:00\",\"description\":\"Alergias e condi\u00e7\u00f5es relacionadas s\u00e3o queixas comuns na pr\u00e1tica m\u00e9dica, e compreender suas nuances \u00e9 crucial para um atendimento eficaz. Entenda melhor!\",\"breadcrumb\":{\"@id\":\"https:\\\/\\\/www.grupomedcof.com.br\\\/blog\\\/angioedema-uma-consequencia-da-alergia-e-suas-diferencas-da-rinite-e-dpv\\\/#breadcrumb\"},\"inLanguage\":\"pt-BR\",\"potentialAction\":[{\"@type\":\"ReadAction\",\"target\":[\"https:\\\/\\\/www.grupomedcof.com.br\\\/blog\\\/angioedema-uma-consequencia-da-alergia-e-suas-diferencas-da-rinite-e-dpv\\\/\"]}]},{\"@type\":\"ImageObject\",\"inLanguage\":\"pt-BR\",\"@id\":\"https:\\\/\\\/www.grupomedcof.com.br\\\/blog\\\/angioedema-uma-consequencia-da-alergia-e-suas-diferencas-da-rinite-e-dpv\\\/#primaryimage\",\"url\":\"https:\\\/\\\/www.grupomedcof.com.br\\\/blog\\\/wp-content\\\/uploads\\\/2025\\\/03\\\/Blog-MedCof-2025-03-11T145308.903.jpg\",\"contentUrl\":\"https:\\\/\\\/www.grupomedcof.com.br\\\/blog\\\/wp-content\\\/uploads\\\/2025\\\/03\\\/Blog-MedCof-2025-03-11T145308.903.jpg\",\"width\":1920,\"height\":1080},{\"@type\":\"BreadcrumbList\",\"@id\":\"https:\\\/\\\/www.grupomedcof.com.br\\\/blog\\\/angioedema-uma-consequencia-da-alergia-e-suas-diferencas-da-rinite-e-dpv\\\/#breadcrumb\",\"itemListElement\":[{\"@type\":\"ListItem\",\"position\":1,\"name\":\"In\u00edcio\",\"item\":\"https:\\\/\\\/www.grupomedcof.com.br\\\/blog\\\/\"},{\"@type\":\"ListItem\",\"position\":2,\"name\":\"Angioedema: uma consequ\u00eancia da alergia e suas diferen\u00e7as da rinite e DPV\"}]},{\"@type\":\"WebSite\",\"@id\":\"https:\\\/\\\/www.grupomedcof.com.br\\\/blog\\\/#website\",\"url\":\"https:\\\/\\\/www.grupomedcof.com.br\\\/blog\\\/\",\"name\":\"Blog de Medcof: conte\u00fados, editais, revalida e mais!\",\"description\":\"Acesso o blog de MedCof! Seu portal de conte\u00fados sobre resid\u00eancia m\u00e9dica, an\u00e1lise e editais e muito mais. Clique e confira!\",\"publisher\":{\"@id\":\"https:\\\/\\\/www.grupomedcof.com.br\\\/blog\\\/#organization\"},\"alternateName\":\"Blog de Medcof: conte\u00fados, editais, revalida e mais!\",\"potentialAction\":[{\"@type\":\"SearchAction\",\"target\":{\"@type\":\"EntryPoint\",\"urlTemplate\":\"https:\\\/\\\/www.grupomedcof.com.br\\\/blog\\\/?s={search_term_string}\"},\"query-input\":{\"@type\":\"PropertyValueSpecification\",\"valueRequired\":true,\"valueName\":\"search_term_string\"}}],\"inLanguage\":\"pt-BR\"},{\"@type\":\"Organization\",\"@id\":\"https:\\\/\\\/www.grupomedcof.com.br\\\/blog\\\/#organization\",\"name\":\"Grupo MedCof\",\"url\":\"https:\\\/\\\/www.grupomedcof.com.br\\\/blog\\\/\",\"logo\":{\"@type\":\"ImageObject\",\"inLanguage\":\"pt-BR\",\"@id\":\"https:\\\/\\\/www.grupomedcof.com.br\\\/blog\\\/#\\\/schema\\\/logo\\\/image\\\/\",\"url\":\"https:\\\/\\\/www.grupomedcof.com.br\\\/blog\\\/wp-content\\\/uploads\\\/2022\\\/01\\\/logo-medcof.png\",\"contentUrl\":\"https:\\\/\\\/www.grupomedcof.com.br\\\/blog\\\/wp-content\\\/uploads\\\/2022\\\/01\\\/logo-medcof.png\",\"width\":768,\"height\":269,\"caption\":\"Grupo MedCof\"},\"image\":{\"@id\":\"https:\\\/\\\/www.grupomedcof.com.br\\\/blog\\\/#\\\/schema\\\/logo\\\/image\\\/\"},\"sameAs\":[\"https:\\\/\\\/www.facebook.com\\\/MedCofQbank\\\/\",\"https:\\\/\\\/www.instagram.com\\\/grupomedcof\\\/\",\"https:\\\/\\\/br.linkedin.com\\\/company\\\/medcof\",\"https:\\\/\\\/www.youtube.com\\\/channel\\\/UCdHMuOHKICxcHwecxN8P-AA\"]},{\"@type\":\"Person\",\"@id\":\"https:\\\/\\\/www.grupomedcof.com.br\\\/blog\\\/#\\\/schema\\\/person\\\/db19a651f86c5fc202d6eee744fd3292\",\"name\":\"Kiara Adelino\",\"image\":{\"@type\":\"ImageObject\",\"inLanguage\":\"pt-BR\",\"@id\":\"https:\\\/\\\/www.grupomedcof.com.br\\\/blog\\\/wp-content\\\/uploads\\\/2024\\\/08\\\/cropped-Kiara-Adelino2-96x96.jpega85663bdda67261f8f06f86e555e1e49\",\"url\":\"https:\\\/\\\/www.grupomedcof.com.br\\\/blog\\\/wp-content\\\/uploads\\\/2024\\\/08\\\/cropped-Kiara-Adelino2-96x96.jpeg\",\"contentUrl\":\"https:\\\/\\\/www.grupomedcof.com.br\\\/blog\\\/wp-content\\\/uploads\\\/2024\\\/08\\\/cropped-Kiara-Adelino2-96x96.jpeg\",\"caption\":\"Kiara Adelino\"},\"description\":\"Estudante do 5\u00b0 semestre de Medicina. Gosto bastante de aprender coisas novas, principalmente na \u00e1rea de Neurologia e Anatomia humana.\",\"url\":\"https:\\\/\\\/www.grupomedcof.com.br\\\/blog\\\/author\\\/kiara-adelino\\\/\"}]}<\/script>\n<!-- \/ Yoast SEO Premium plugin. -->","yoast_head_json":{"title":"Angioedema Al\u00e9rgico: Diferen\u00e7as para Rinite e DPV | Medcof","description":"Alergias e condi\u00e7\u00f5es relacionadas s\u00e3o queixas comuns na pr\u00e1tica m\u00e9dica, e compreender suas nuances \u00e9 crucial para um atendimento eficaz. Entenda melhor!","robots":{"index":"index","follow":"follow","max-snippet":"max-snippet:-1","max-image-preview":"max-image-preview:large","max-video-preview":"max-video-preview:-1"},"canonical":"https:\/\/www.grupomedcof.com.br\/blog\/angioedema-uma-consequencia-da-alergia-e-suas-diferencas-da-rinite-e-dpv\/","og_locale":"pt_BR","og_type":"article","og_title":"Angioedema: uma consequ\u00eancia da alergia e suas diferen\u00e7as da rinite e DPV","og_description":"Alergias e condi\u00e7\u00f5es relacionadas s\u00e3o queixas comuns na pr\u00e1tica m\u00e9dica, e compreender suas nuances \u00e9 crucial para um atendimento eficaz. Entenda melhor!","og_url":"https:\/\/www.grupomedcof.com.br\/blog\/angioedema-uma-consequencia-da-alergia-e-suas-diferencas-da-rinite-e-dpv\/","og_site_name":"Blog de Medcof: conte\u00fados, editais, revalida e mais!","article_publisher":"https:\/\/www.facebook.com\/MedCofQbank\/","article_published_time":"2025-03-12T17:15:59+00:00","article_modified_time":"2026-04-24T18:14:46+00:00","og_image":[{"width":1920,"height":1080,"url":"https:\/\/www.grupomedcof.com.br\/blog\/wp-content\/uploads\/2025\/03\/Blog-MedCof-2025-03-11T145308.903.jpg","type":"image\/jpeg"}],"author":"Kiara Adelino","twitter_card":"summary_large_image","twitter_misc":{"Escrito por":"Kiara Adelino","Est. tempo de leitura":"5 minutos"},"schema":{"@context":"https:\/\/schema.org","@graph":[{"@type":"Article","@id":"https:\/\/www.grupomedcof.com.br\/blog\/angioedema-uma-consequencia-da-alergia-e-suas-diferencas-da-rinite-e-dpv\/#article","isPartOf":{"@id":"https:\/\/www.grupomedcof.com.br\/blog\/angioedema-uma-consequencia-da-alergia-e-suas-diferencas-da-rinite-e-dpv\/"},"author":{"name":"Kiara Adelino","@id":"https:\/\/www.grupomedcof.com.br\/blog\/#\/schema\/person\/db19a651f86c5fc202d6eee744fd3292"},"headline":"Angioedema: uma consequ\u00eancia da alergia e suas diferen\u00e7as da rinite e DPV","datePublished":"2025-03-12T17:15:59+00:00","dateModified":"2026-04-24T18:14:46+00:00","mainEntityOfPage":{"@id":"https:\/\/www.grupomedcof.com.br\/blog\/angioedema-uma-consequencia-da-alergia-e-suas-diferencas-da-rinite-e-dpv\/"},"wordCount":745,"publisher":{"@id":"https:\/\/www.grupomedcof.com.br\/blog\/#organization"},"image":{"@id":"https:\/\/www.grupomedcof.com.br\/blog\/angioedema-uma-consequencia-da-alergia-e-suas-diferencas-da-rinite-e-dpv\/#primaryimage"},"thumbnailUrl":"https:\/\/www.grupomedcof.com.br\/blog\/wp-content\/uploads\/2025\/03\/Blog-MedCof-2025-03-11T145308.903.jpg","keywords":["Alergias","Angioedema","DPV","Rinite"],"articleSection":["Cl\u00ednica M\u00e9dica"],"inLanguage":"pt-BR"},{"@type":"WebPage","@id":"https:\/\/www.grupomedcof.com.br\/blog\/angioedema-uma-consequencia-da-alergia-e-suas-diferencas-da-rinite-e-dpv\/","url":"https:\/\/www.grupomedcof.com.br\/blog\/angioedema-uma-consequencia-da-alergia-e-suas-diferencas-da-rinite-e-dpv\/","name":"Angioedema Al\u00e9rgico: Diferen\u00e7as para Rinite e DPV | Medcof","isPartOf":{"@id":"https:\/\/www.grupomedcof.com.br\/blog\/#website"},"primaryImageOfPage":{"@id":"https:\/\/www.grupomedcof.com.br\/blog\/angioedema-uma-consequencia-da-alergia-e-suas-diferencas-da-rinite-e-dpv\/#primaryimage"},"image":{"@id":"https:\/\/www.grupomedcof.com.br\/blog\/angioedema-uma-consequencia-da-alergia-e-suas-diferencas-da-rinite-e-dpv\/#primaryimage"},"thumbnailUrl":"https:\/\/www.grupomedcof.com.br\/blog\/wp-content\/uploads\/2025\/03\/Blog-MedCof-2025-03-11T145308.903.jpg","datePublished":"2025-03-12T17:15:59+00:00","dateModified":"2026-04-24T18:14:46+00:00","description":"Alergias e condi\u00e7\u00f5es relacionadas s\u00e3o queixas comuns na pr\u00e1tica m\u00e9dica, e compreender suas nuances \u00e9 crucial para um atendimento eficaz. Entenda melhor!","breadcrumb":{"@id":"https:\/\/www.grupomedcof.com.br\/blog\/angioedema-uma-consequencia-da-alergia-e-suas-diferencas-da-rinite-e-dpv\/#breadcrumb"},"inLanguage":"pt-BR","potentialAction":[{"@type":"ReadAction","target":["https:\/\/www.grupomedcof.com.br\/blog\/angioedema-uma-consequencia-da-alergia-e-suas-diferencas-da-rinite-e-dpv\/"]}]},{"@type":"ImageObject","inLanguage":"pt-BR","@id":"https:\/\/www.grupomedcof.com.br\/blog\/angioedema-uma-consequencia-da-alergia-e-suas-diferencas-da-rinite-e-dpv\/#primaryimage","url":"https:\/\/www.grupomedcof.com.br\/blog\/wp-content\/uploads\/2025\/03\/Blog-MedCof-2025-03-11T145308.903.jpg","contentUrl":"https:\/\/www.grupomedcof.com.br\/blog\/wp-content\/uploads\/2025\/03\/Blog-MedCof-2025-03-11T145308.903.jpg","width":1920,"height":1080},{"@type":"BreadcrumbList","@id":"https:\/\/www.grupomedcof.com.br\/blog\/angioedema-uma-consequencia-da-alergia-e-suas-diferencas-da-rinite-e-dpv\/#breadcrumb","itemListElement":[{"@type":"ListItem","position":1,"name":"In\u00edcio","item":"https:\/\/www.grupomedcof.com.br\/blog\/"},{"@type":"ListItem","position":2,"name":"Angioedema: uma consequ\u00eancia da alergia e suas diferen\u00e7as da rinite e DPV"}]},{"@type":"WebSite","@id":"https:\/\/www.grupomedcof.com.br\/blog\/#website","url":"https:\/\/www.grupomedcof.com.br\/blog\/","name":"Blog de Medcof: conte\u00fados, editais, revalida e mais!","description":"Acesso o blog de MedCof! Seu portal de conte\u00fados sobre resid\u00eancia m\u00e9dica, an\u00e1lise e editais e muito mais. Clique e confira!","publisher":{"@id":"https:\/\/www.grupomedcof.com.br\/blog\/#organization"},"alternateName":"Blog de Medcof: conte\u00fados, editais, revalida e mais!","potentialAction":[{"@type":"SearchAction","target":{"@type":"EntryPoint","urlTemplate":"https:\/\/www.grupomedcof.com.br\/blog\/?s={search_term_string}"},"query-input":{"@type":"PropertyValueSpecification","valueRequired":true,"valueName":"search_term_string"}}],"inLanguage":"pt-BR"},{"@type":"Organization","@id":"https:\/\/www.grupomedcof.com.br\/blog\/#organization","name":"Grupo MedCof","url":"https:\/\/www.grupomedcof.com.br\/blog\/","logo":{"@type":"ImageObject","inLanguage":"pt-BR","@id":"https:\/\/www.grupomedcof.com.br\/blog\/#\/schema\/logo\/image\/","url":"https:\/\/www.grupomedcof.com.br\/blog\/wp-content\/uploads\/2022\/01\/logo-medcof.png","contentUrl":"https:\/\/www.grupomedcof.com.br\/blog\/wp-content\/uploads\/2022\/01\/logo-medcof.png","width":768,"height":269,"caption":"Grupo MedCof"},"image":{"@id":"https:\/\/www.grupomedcof.com.br\/blog\/#\/schema\/logo\/image\/"},"sameAs":["https:\/\/www.facebook.com\/MedCofQbank\/","https:\/\/www.instagram.com\/grupomedcof\/","https:\/\/br.linkedin.com\/company\/medcof","https:\/\/www.youtube.com\/channel\/UCdHMuOHKICxcHwecxN8P-AA"]},{"@type":"Person","@id":"https:\/\/www.grupomedcof.com.br\/blog\/#\/schema\/person\/db19a651f86c5fc202d6eee744fd3292","name":"Kiara Adelino","image":{"@type":"ImageObject","inLanguage":"pt-BR","@id":"https:\/\/www.grupomedcof.com.br\/blog\/wp-content\/uploads\/2024\/08\/cropped-Kiara-Adelino2-96x96.jpega85663bdda67261f8f06f86e555e1e49","url":"https:\/\/www.grupomedcof.com.br\/blog\/wp-content\/uploads\/2024\/08\/cropped-Kiara-Adelino2-96x96.jpeg","contentUrl":"https:\/\/www.grupomedcof.com.br\/blog\/wp-content\/uploads\/2024\/08\/cropped-Kiara-Adelino2-96x96.jpeg","caption":"Kiara Adelino"},"description":"Estudante do 5\u00b0 semestre de Medicina. Gosto bastante de aprender coisas novas, principalmente na \u00e1rea de Neurologia e Anatomia humana.","url":"https:\/\/www.grupomedcof.com.br\/blog\/author\/kiara-adelino\/"}]}},"authors":[{"term_id":3617,"user_id":21,"is_guest":0,"slug":"kiara-adelino","display_name":"Kiara Adelino","avatar_url":"https:\/\/www.grupomedcof.com.br\/blog\/wp-content\/uploads\/2024\/08\/cropped-Kiara-Adelino2-96x96.jpeg","0":null,"1":"","2":"","3":"","4":"","5":"","6":"","7":"","8":""}],"_links":{"self":[{"href":"https:\/\/www.grupomedcof.com.br\/blog\/wp-json\/wp\/v2\/posts\/34368","targetHints":{"allow":["GET"]}}],"collection":[{"href":"https:\/\/www.grupomedcof.com.br\/blog\/wp-json\/wp\/v2\/posts"}],"about":[{"href":"https:\/\/www.grupomedcof.com.br\/blog\/wp-json\/wp\/v2\/types\/post"}],"author":[{"embeddable":true,"href":"https:\/\/www.grupomedcof.com.br\/blog\/wp-json\/wp\/v2\/users\/21"}],"replies":[{"embeddable":true,"href":"https:\/\/www.grupomedcof.com.br\/blog\/wp-json\/wp\/v2\/comments?post=34368"}],"version-history":[{"count":1,"href":"https:\/\/www.grupomedcof.com.br\/blog\/wp-json\/wp\/v2\/posts\/34368\/revisions"}],"predecessor-version":[{"id":43386,"href":"https:\/\/www.grupomedcof.com.br\/blog\/wp-json\/wp\/v2\/posts\/34368\/revisions\/43386"}],"wp:featuredmedia":[{"embeddable":true,"href":"https:\/\/www.grupomedcof.com.br\/blog\/wp-json\/wp\/v2\/media\/34371"}],"wp:attachment":[{"href":"https:\/\/www.grupomedcof.com.br\/blog\/wp-json\/wp\/v2\/media?parent=34368"}],"wp:term":[{"taxonomy":"category","embeddable":true,"href":"https:\/\/www.grupomedcof.com.br\/blog\/wp-json\/wp\/v2\/categories?post=34368"},{"taxonomy":"post_tag","embeddable":true,"href":"https:\/\/www.grupomedcof.com.br\/blog\/wp-json\/wp\/v2\/tags?post=34368"},{"taxonomy":"author","embeddable":true,"href":"https:\/\/www.grupomedcof.com.br\/blog\/wp-json\/wp\/v2\/ppma_author?post=34368"}],"curies":[{"name":"wp","href":"https:\/\/api.w.org\/{rel}","templated":true}]}}