{"id":34566,"date":"2025-03-19T08:48:10","date_gmt":"2025-03-19T11:48:10","guid":{"rendered":"https:\/\/www.grupomedcof.com.br\/blog\/?p=34566"},"modified":"2025-03-19T08:48:11","modified_gmt":"2025-03-19T11:48:11","slug":"geriatria-o-que-voce-precisa-saber-para-cuidar-desse-publico","status":"publish","type":"post","link":"https:\/\/www.grupomedcof.com.br\/blog\/geriatria-o-que-voce-precisa-saber-para-cuidar-desse-publico\/","title":{"rendered":"Geriatria: o que voc\u00ea precisa saber para cuidar desse p\u00fablico\u00a0"},"content":{"rendered":"<div id=\"ez-toc-container\" class=\"ez-toc-v2_0_74 counter-hierarchy ez-toc-counter ez-toc-transparent ez-toc-container-direction\">\n<div class=\"ez-toc-title-container\">\n<p class=\"ez-toc-title\" style=\"cursor:inherit\">Sum\u00e1rio<\/p>\n<span class=\"ez-toc-title-toggle\"><a href=\"#\" class=\"ez-toc-pull-right ez-toc-btn ez-toc-btn-xs ez-toc-btn-default ez-toc-toggle\" aria-label=\"Alternar tabela de conte\u00fado\"><span class=\"ez-toc-js-icon-con\"><span class=\"\"><span class=\"eztoc-hide\" style=\"display:none;\">Toggle<\/span><span class=\"ez-toc-icon-toggle-span\"><svg style=\"fill: #999;color:#999\" xmlns=\"http:\/\/www.w3.org\/2000\/svg\" class=\"list-377408\" width=\"20px\" height=\"20px\" viewBox=\"0 0 24 24\" fill=\"none\"><path d=\"M6 6H4v2h2V6zm14 0H8v2h12V6zM4 11h2v2H4v-2zm16 0H8v2h12v-2zM4 16h2v2H4v-2zm16 0H8v2h12v-2z\" fill=\"currentColor\"><\/path><\/svg><svg style=\"fill: #999;color:#999\" class=\"arrow-unsorted-368013\" xmlns=\"http:\/\/www.w3.org\/2000\/svg\" width=\"10px\" height=\"10px\" viewBox=\"0 0 24 24\" version=\"1.2\" baseProfile=\"tiny\"><path d=\"M18.2 9.3l-6.2-6.3-6.2 6.3c-.2.2-.3.4-.3.7s.1.5.3.7c.2.2.4.3.7.3h11c.3 0 .5-.1.7-.3.2-.2.3-.5.3-.7s-.1-.5-.3-.7zM5.8 14.7l6.2 6.3 6.2-6.3c.2-.2.3-.5.3-.7s-.1-.5-.3-.7c-.2-.2-.4-.3-.7-.3h-11c-.3 0-.5.1-.7.3-.2.2-.3.5-.3.7s.1.5.3.7z\"\/><\/svg><\/span><\/span><\/span><\/a><\/span><\/div>\n<nav><ul class='ez-toc-list ez-toc-list-level-1 ' ><li class='ez-toc-page-1 ez-toc-heading-level-2'><a class=\"ez-toc-link ez-toc-heading-1\" href=\"https:\/\/www.grupomedcof.com.br\/blog\/geriatria-o-que-voce-precisa-saber-para-cuidar-desse-publico\/#Envelhecimento_alteracoes_fisiologicas_e_sociais\" >Envelhecimento: altera\u00e7\u00f5es fisiol\u00f3gicas e sociais<\/a><\/li><li class='ez-toc-page-1 ez-toc-heading-level-2'><a class=\"ez-toc-link ez-toc-heading-2\" href=\"https:\/\/www.grupomedcof.com.br\/blog\/geriatria-o-que-voce-precisa-saber-para-cuidar-desse-publico\/#Um_processo_heterogeneo\" >Um processo heterog\u00eaneo<\/a><ul class='ez-toc-list-level-3' ><li class='ez-toc-heading-level-3'><a class=\"ez-toc-link ez-toc-heading-3\" href=\"https:\/\/www.grupomedcof.com.br\/blog\/geriatria-o-que-voce-precisa-saber-para-cuidar-desse-publico\/#E_importante_distinguir_entre_senescencia_e_senilidade\" >\u00c9 importante distinguir entre senesc\u00eancia e senilidade:<\/a><\/li><\/ul><\/li><li class='ez-toc-page-1 ez-toc-heading-level-2'><a class=\"ez-toc-link ez-toc-heading-4\" href=\"https:\/\/www.grupomedcof.com.br\/blog\/geriatria-o-que-voce-precisa-saber-para-cuidar-desse-publico\/#Particularidades_da_Anamnese\" >Particularidades da Anamnese\u00a0<\/a><\/li><li class='ez-toc-page-1 ez-toc-heading-level-2'><a class=\"ez-toc-link ez-toc-heading-5\" href=\"https:\/\/www.grupomedcof.com.br\/blog\/geriatria-o-que-voce-precisa-saber-para-cuidar-desse-publico\/#Envelhecimento_Fisiologico\" >Envelhecimento Fisiol\u00f3gico<\/a><ul class='ez-toc-list-level-3' ><li class='ez-toc-heading-level-3'><a class=\"ez-toc-link ez-toc-heading-6\" href=\"https:\/\/www.grupomedcof.com.br\/blog\/geriatria-o-que-voce-precisa-saber-para-cuidar-desse-publico\/#Cardiovascular\" >Cardiovascular<\/a><\/li><li class='ez-toc-page-1 ez-toc-heading-level-3'><a class=\"ez-toc-link ez-toc-heading-7\" href=\"https:\/\/www.grupomedcof.com.br\/blog\/geriatria-o-que-voce-precisa-saber-para-cuidar-desse-publico\/#Pulmonar\" >Pulmonar<\/a><\/li><li class='ez-toc-page-1 ez-toc-heading-level-3'><a class=\"ez-toc-link ez-toc-heading-8\" href=\"https:\/\/www.grupomedcof.com.br\/blog\/geriatria-o-que-voce-precisa-saber-para-cuidar-desse-publico\/#Renal\" >Renal<\/a><\/li><li class='ez-toc-page-1 ez-toc-heading-level-3'><a class=\"ez-toc-link ez-toc-heading-9\" href=\"https:\/\/www.grupomedcof.com.br\/blog\/geriatria-o-que-voce-precisa-saber-para-cuidar-desse-publico\/#Endocrino\" >End\u00f3crino<\/a><\/li><\/ul><\/li><li class='ez-toc-page-1 ez-toc-heading-level-2'><a class=\"ez-toc-link ez-toc-heading-10\" href=\"https:\/\/www.grupomedcof.com.br\/blog\/geriatria-o-que-voce-precisa-saber-para-cuidar-desse-publico\/#Particularidades_do_Exame_Fisico\" >Particularidades do Exame F\u00edsico\u00a0<\/a><\/li><li class='ez-toc-page-1 ez-toc-heading-level-2'><a class=\"ez-toc-link ez-toc-heading-11\" href=\"https:\/\/www.grupomedcof.com.br\/blog\/geriatria-o-que-voce-precisa-saber-para-cuidar-desse-publico\/#Grandes_Sindromes_Geriatricas_Os_5_Is\" >Grandes S\u00edndromes Geri\u00e1tricas: Os 5 Is<\/a><\/li><li class='ez-toc-page-1 ez-toc-heading-level-2'><a class=\"ez-toc-link ez-toc-heading-12\" href=\"https:\/\/www.grupomedcof.com.br\/blog\/geriatria-o-que-voce-precisa-saber-para-cuidar-desse-publico\/#Como_conquistar_a_entrada_na_residencia\" >Como conquistar a entrada na resid\u00eancia?<\/a><\/li><\/ul><\/nav><\/div>\n\n<figure class=\"wp-block-image size-large\"><img loading=\"lazy\" decoding=\"async\" width=\"1024\" height=\"576\" src=\"https:\/\/www.grupomedcof.com.br\/blog\/wp-content\/uploads\/2025\/03\/Blog-MedCof-2025-03-19T084656.704-1024x576.jpg\" alt=\"\" class=\"wp-image-34569\" srcset=\"https:\/\/www.grupomedcof.com.br\/blog\/wp-content\/uploads\/2025\/03\/Blog-MedCof-2025-03-19T084656.704-1024x576.jpg 1024w, https:\/\/www.grupomedcof.com.br\/blog\/wp-content\/uploads\/2025\/03\/Blog-MedCof-2025-03-19T084656.704-300x169.jpg 300w, https:\/\/www.grupomedcof.com.br\/blog\/wp-content\/uploads\/2025\/03\/Blog-MedCof-2025-03-19T084656.704-768x432.jpg 768w, https:\/\/www.grupomedcof.com.br\/blog\/wp-content\/uploads\/2025\/03\/Blog-MedCof-2025-03-19T084656.704-1536x864.jpg 1536w, https:\/\/www.grupomedcof.com.br\/blog\/wp-content\/uploads\/2025\/03\/Blog-MedCof-2025-03-19T084656.704-747x420.jpg 747w, https:\/\/www.grupomedcof.com.br\/blog\/wp-content\/uploads\/2025\/03\/Blog-MedCof-2025-03-19T084656.704-150x84.jpg 150w, https:\/\/www.grupomedcof.com.br\/blog\/wp-content\/uploads\/2025\/03\/Blog-MedCof-2025-03-19T084656.704-696x392.jpg 696w, https:\/\/www.grupomedcof.com.br\/blog\/wp-content\/uploads\/2025\/03\/Blog-MedCof-2025-03-19T084656.704-1068x601.jpg 1068w, https:\/\/www.grupomedcof.com.br\/blog\/wp-content\/uploads\/2025\/03\/Blog-MedCof-2025-03-19T084656.704.jpg 1920w\" sizes=\"auto, (max-width: 1024px) 100vw, 1024px\" \/><\/figure>\n\n\n\n<h2 class=\"wp-block-heading\" id=\"h-envelhecimento-alteracoes-fisiologicas-e-sociais\"><span class=\"ez-toc-section\" id=\"Envelhecimento_alteracoes_fisiologicas_e_sociais\"><\/span><strong>Envelhecimento: altera\u00e7\u00f5es fisiol\u00f3gicas e sociais<\/strong><span class=\"ez-toc-section-end\"><\/span><\/h2>\n\n\n\n<p>A<strong> <a href=\"https:\/\/www.grupomedcof.com.br\/blog\/geriatria\/\" target=\"_blank\" rel=\"noreferrer noopener\">geriatria<\/a><\/strong> \u00e9 a especialidade m\u00e9dica que se dedica ao cuidado da sa\u00fade de pessoas idosas, abordando as particularidades do envelhecimento e as complexidades das doen\u00e7as que afetam essa popula\u00e7\u00e3o. Para residentes em diversas \u00e1reas da medicina, compreender os princ\u00edpios da geriatria \u00e9 essencial para oferecer um atendimento de qualidade e humanizado aos pacientes idosos.<\/p>\n\n\n\n<h2 class=\"wp-block-heading\" id=\"h-um-processo-heterogeneo\"><span class=\"ez-toc-section\" id=\"Um_processo_heterogeneo\"><\/span><strong>Um processo heterog\u00eaneo<\/strong><span class=\"ez-toc-section-end\"><\/span><\/h2>\n\n\n\n<p>O envelhecimento \u00e9 um processo heterog\u00eaneo, influenciado por diversos fatores que resultam em altera\u00e7\u00f5es celulares e moleculares. Essas altera\u00e7\u00f5es levam \u00e0 redu\u00e7\u00e3o da massa celular ativa, diminui\u00e7\u00e3o da capacidade funcional e sobrecarga dos mecanismos de controle homeost\u00e1ticos.<\/p>\n\n\n\n<h3 class=\"wp-block-heading\" id=\"h-e-importante-distinguir-entre-senescencia-e-senilidade\"><span class=\"ez-toc-section\" id=\"E_importante_distinguir_entre_senescencia_e_senilidade\"><\/span><strong>\u00c9 importante distinguir entre senesc\u00eancia e senilidade:<\/strong><span class=\"ez-toc-section-end\"><\/span><\/h3>\n\n\n\n<ul class=\"wp-block-list\">\n<li><strong>Senesc\u00eancia:<\/strong> Processo de envelhecimento normal, prim\u00e1rio, caracterizado pela menor capacidade de adapta\u00e7\u00e3o ao estresse e redu\u00e7\u00e3o da massa celular.<\/li>\n\n\n\n<li><strong>Senilidade:<\/strong> Envelhecimento decorrente de diversas doen\u00e7as, secund\u00e1rio, associado a processos patol\u00f3gicos adquiridos ao longo da vida.<\/li>\n<\/ul>\n\n\n\n<figure class=\"wp-block-image\"><img decoding=\"async\" src=\"https:\/\/lh7-rt.googleusercontent.com\/docsz\/AD_4nXfrVzZdOKkX0tTtMgclGg0FbS5wJ0-Fl36qO7UpzleGLHkIjfsX-goXbRR4Lf73Z4bVzHE5R9WsV7MURHZ6gOf-xEqd8bFELknyJOSv7opwUsI07xvjdpvt_-OYJmL0aftZRrAGBQ?key=atLGvIvEY_RN4oZM9ew9YUXE\" alt=\"\"\/><figcaption class=\"wp-element-caption\">Fonte: Acervo de Aulas MedCof.<\/figcaption><\/figure>\n\n\n\n<h2 class=\"wp-block-heading\" id=\"h-particularidades-da-anamnese\"><span class=\"ez-toc-section\" id=\"Particularidades_da_Anamnese\"><\/span><strong>Particularidades da Anamnese<\/strong>\u00a0<span class=\"ez-toc-section-end\"><\/span><\/h2>\n\n\n\n<p>A anamnese em pacientes idosos apresenta particularidades que exigem uma abordagem diferenciada:<\/p>\n\n\n\n<ul class=\"wp-block-list\">\n<li><strong>Tempo:<\/strong> Maior tempo para a coleta de informa\u00e7\u00f5es.<\/li>\n\n\n\n<li><strong>Queixas:<\/strong> Maior n\u00famero de queixas e dificuldade em especific\u00e1-las.<\/li>\n\n\n\n<li><strong>Comorbidades:<\/strong> Maior n\u00famero de comorbidades e antecedentes pessoais.<\/li>\n\n\n\n<li><strong>Cogni\u00e7\u00e3o:<\/strong> Presen\u00e7a de d\u00e9ficits cognitivos e sensoriais.<\/li>\n<\/ul>\n\n\n\n<p>Um cuidador \u00e9, frequentemente, necess\u00e1rio e deve ser inclu\u00eddo na anamnese. Dessa forma, ela \u00e9 realizada em dois tempos: com o paciente e com o cuidador, devido \u00e0s rela\u00e7\u00f5es familiares complexas.<\/p>\n\n\n\n<h2 class=\"wp-block-heading\" id=\"h-envelhecimento-fisiologico\"><span class=\"ez-toc-section\" id=\"Envelhecimento_Fisiologico\"><\/span><strong>Envelhecimento Fisiol\u00f3gico<\/strong><span class=\"ez-toc-section-end\"><\/span><\/h2>\n\n\n\n<p>O envelhecimento fisiol\u00f3gico causa altera\u00e7\u00f5es em diversos sistemas do organismo. As mais significativas podem ser representadas por&nbsp;<\/p>\n\n\n\n<h3 class=\"wp-block-heading\" id=\"h-cardiovascular\"><span class=\"ez-toc-section\" id=\"Cardiovascular\"><\/span><strong>Cardiovascular<\/strong><span class=\"ez-toc-section-end\"><\/span><\/h3>\n\n\n\n<p>Contra\u00e7\u00e3o prolongada, diminui\u00e7\u00e3o da resposta beta-adren\u00e9rgica, aumento da rigidez mioc\u00e1rdica e vascular, diminui\u00e7\u00e3o dos barorreceptores arteriais e do VO2. A contratilidade mioc\u00e1rdica e o fluxo sangu\u00edneo coronariano s\u00e3o mantidos. Esse fator afeta em diversas atividades do organismo.&nbsp;<\/p>\n\n\n\n<h3 class=\"wp-block-heading\" id=\"h-pulmonar\"><span class=\"ez-toc-section\" id=\"Pulmonar\"><\/span><strong>Pulmonar<\/strong><span class=\"ez-toc-section-end\"><\/span><\/h3>\n\n\n\n<p>&nbsp;Aumento dos espa\u00e7os arejados, diminui\u00e7\u00e3o da superf\u00edcie da troca gasosa, perda de tecido de suporte das vias respirat\u00f3rias perif\u00e9ricas e aumento do tecido fibroso. Sinais precoces incluem redu\u00e7\u00e3o da capacidade respirat\u00f3ria, da press\u00e3o parcial de O2, da elasticidade pulmonar e da musculatura respirat\u00f3ria, al\u00e9m de fadiga f\u00e1cil.<\/p>\n\n\n\n<h3 class=\"wp-block-heading\" id=\"h-renal\"><span class=\"ez-toc-section\" id=\"Renal\"><\/span><strong>Renal<\/strong><span class=\"ez-toc-section-end\"><\/span><\/h3>\n\n\n\n<p>Diminui\u00e7\u00e3o da concentra\u00e7\u00e3o renal, da habilidade de conserva\u00e7\u00e3o do s\u00f3dio, altera\u00e7\u00f5es nos receptores do ADH e redu\u00e7\u00e3o na produ\u00e7\u00e3o e excre\u00e7\u00e3o do ADH.<\/p>\n\n\n\n<h3 class=\"wp-block-heading\" id=\"h-endocrino\"><span class=\"ez-toc-section\" id=\"Endocrino\"><\/span><strong>End\u00f3crino<\/strong><span class=\"ez-toc-section-end\"><\/span><\/h3>\n\n\n\n<p>Altera\u00e7\u00e3o nos receptores de insulina, redu\u00e7\u00e3o do n\u00famero das unidades transportadoras de glicose, aumento da secre\u00e7\u00e3o da proinsulina, redu\u00e7\u00e3o da musculatura e aumento do tecido adiposo.<\/p>\n\n\n\n<figure class=\"wp-block-image size-large\"><a href=\"https:\/\/www.grupomedcof.com.br\/cofletters\/\" target=\"_blank\" rel=\" noreferrer noopener\"><img loading=\"lazy\" decoding=\"async\" width=\"1024\" height=\"320\" src=\"https:\/\/www.grupomedcof.com.br\/blog\/wp-content\/uploads\/2025\/02\/Banner-MedCof-Plus-2200x460-11-1024x320.png\" alt=\"\" class=\"wp-image-33723\" srcset=\"https:\/\/www.grupomedcof.com.br\/blog\/wp-content\/uploads\/2025\/02\/Banner-MedCof-Plus-2200x460-11-1024x320.png 1024w, https:\/\/www.grupomedcof.com.br\/blog\/wp-content\/uploads\/2025\/02\/Banner-MedCof-Plus-2200x460-11-300x94.png 300w, https:\/\/www.grupomedcof.com.br\/blog\/wp-content\/uploads\/2025\/02\/Banner-MedCof-Plus-2200x460-11-768x240.png 768w, https:\/\/www.grupomedcof.com.br\/blog\/wp-content\/uploads\/2025\/02\/Banner-MedCof-Plus-2200x460-11-1536x480.png 1536w, https:\/\/www.grupomedcof.com.br\/blog\/wp-content\/uploads\/2025\/02\/Banner-MedCof-Plus-2200x460-11-2048x640.png 2048w, https:\/\/www.grupomedcof.com.br\/blog\/wp-content\/uploads\/2025\/02\/Banner-MedCof-Plus-2200x460-11-1343x420.png 1343w, https:\/\/www.grupomedcof.com.br\/blog\/wp-content\/uploads\/2025\/02\/Banner-MedCof-Plus-2200x460-11-150x47.png 150w, https:\/\/www.grupomedcof.com.br\/blog\/wp-content\/uploads\/2025\/02\/Banner-MedCof-Plus-2200x460-11-696x218.png 696w, https:\/\/www.grupomedcof.com.br\/blog\/wp-content\/uploads\/2025\/02\/Banner-MedCof-Plus-2200x460-11-1068x334.png 1068w, https:\/\/www.grupomedcof.com.br\/blog\/wp-content\/uploads\/2025\/02\/Banner-MedCof-Plus-2200x460-11-1920x600.png 1920w\" sizes=\"auto, (max-width: 1024px) 100vw, 1024px\" \/><\/a><\/figure>\n\n\n\n<h2 class=\"wp-block-heading\" id=\"h-particularidades-do-exame-fisico\"><span class=\"ez-toc-section\" id=\"Particularidades_do_Exame_Fisico\"><\/span><strong>Particularidades do Exame F\u00edsico<\/strong>\u00a0<span class=\"ez-toc-section-end\"><\/span><\/h2>\n\n\n\n<p>O exame f\u00edsico em idosos tamb\u00e9m apresenta particularidades. Na pele h\u00e1 diminui\u00e7\u00e3o das fibras col\u00e1genas e das gl\u00e2ndulas seb\u00e1ceas, resultando em redu\u00e7\u00e3o do turgor e da elasticidade, pele seca e prurido.<\/p>\n\n\n\n<p>No sistema circulat\u00f3rio observamos diminui\u00e7\u00e3o das fibras de elastina e da elasticidade dos vasos, levando ao enrijecimento arterial (&#8220;pseudo-hipertens\u00e3o&#8221;), que requer aferi\u00e7\u00f5es press\u00f3ricas precisas. Al\u00e9m disso, no sistema pulmonar existem altera\u00e7\u00f5es da caixa tor\u00e1cica e ausculta de estertores crepitantes (finos) basais.<\/p>\n\n\n\n<p>Por fim, no sistema card\u00edaco h\u00e1 redu\u00e7\u00e3o da complac\u00eancia mioc\u00e1rdica e presen\u00e7a de B4.<\/p>\n\n\n\n<h2 class=\"wp-block-heading\" id=\"h-grandes-sindromes-geriatricas-os-5-is\"><span class=\"ez-toc-section\" id=\"Grandes_Sindromes_Geriatricas_Os_5_Is\"><\/span><strong>Grandes S\u00edndromes Geri\u00e1tricas: Os 5 Is<\/strong><span class=\"ez-toc-section-end\"><\/span><\/h2>\n\n\n\n<p>As grandes s\u00edndromes geri\u00e1tricas s\u00e3o condi\u00e7\u00f5es de sa\u00fade comuns em idosos que n\u00e3o se encaixam em categorias distintas de doen\u00e7as e geralmente t\u00eam causas multifatoriais. Os &#8220;5 Is&#8221; das grandes s\u00edndromes geri\u00e1tricas s\u00e3o:<\/p>\n\n\n\n<ol class=\"wp-block-list\">\n<li>Instabilidade postural e quedas;<\/li>\n\n\n\n<li>Imobilidade;<\/li>\n\n\n\n<li>Incontin\u00eancia;<\/li>\n\n\n\n<li>Iatrogenia;<\/li>\n\n\n\n<li>Incapacidade cognitiva.<\/li>\n<\/ol>\n\n\n\n<figure class=\"wp-block-image size-large\"><a href=\"https:\/\/aulas.grupomedcof.com.br\/atualizacoes-medicas-que-podem-definir-sua-aprovacao\" target=\"_blank\" rel=\" noreferrer noopener\"><img loading=\"lazy\" decoding=\"async\" width=\"1024\" height=\"320\" src=\"https:\/\/www.grupomedcof.com.br\/blog\/wp-content\/uploads\/2025\/02\/Banner-MedCof-Plus-2200x460-13-1024x320.png\" alt=\"\" class=\"wp-image-33939\" srcset=\"https:\/\/www.grupomedcof.com.br\/blog\/wp-content\/uploads\/2025\/02\/Banner-MedCof-Plus-2200x460-13-1024x320.png 1024w, https:\/\/www.grupomedcof.com.br\/blog\/wp-content\/uploads\/2025\/02\/Banner-MedCof-Plus-2200x460-13-300x94.png 300w, https:\/\/www.grupomedcof.com.br\/blog\/wp-content\/uploads\/2025\/02\/Banner-MedCof-Plus-2200x460-13-768x240.png 768w, https:\/\/www.grupomedcof.com.br\/blog\/wp-content\/uploads\/2025\/02\/Banner-MedCof-Plus-2200x460-13-1536x480.png 1536w, https:\/\/www.grupomedcof.com.br\/blog\/wp-content\/uploads\/2025\/02\/Banner-MedCof-Plus-2200x460-13-2048x640.png 2048w, https:\/\/www.grupomedcof.com.br\/blog\/wp-content\/uploads\/2025\/02\/Banner-MedCof-Plus-2200x460-13-1344x420.png 1344w, https:\/\/www.grupomedcof.com.br\/blog\/wp-content\/uploads\/2025\/02\/Banner-MedCof-Plus-2200x460-13-150x47.png 150w, https:\/\/www.grupomedcof.com.br\/blog\/wp-content\/uploads\/2025\/02\/Banner-MedCof-Plus-2200x460-13-696x218.png 696w, https:\/\/www.grupomedcof.com.br\/blog\/wp-content\/uploads\/2025\/02\/Banner-MedCof-Plus-2200x460-13-1068x334.png 1068w, https:\/\/www.grupomedcof.com.br\/blog\/wp-content\/uploads\/2025\/02\/Banner-MedCof-Plus-2200x460-13-1920x600.png 1920w\" sizes=\"auto, (max-width: 1024px) 100vw, 1024px\" \/><\/a><\/figure>\n\n\n\n<h2 class=\"wp-block-heading\" id=\"h-como-conquistar-a-entrada-na-residencia\"><span class=\"ez-toc-section\" id=\"Como_conquistar_a_entrada_na_residencia\"><\/span><strong>Como conquistar a entrada na resid\u00eancia?<\/strong><span class=\"ez-toc-section-end\"><\/span><\/h2>\n\n\n\n<p>Quer alcan\u00e7ar a aprova\u00e7\u00e3o nas provas de resid\u00eancia m\u00e9dica? Ent\u00e3o seja um&nbsp;<a href=\"https:\/\/www.grupomedcof.com.br\/home\/\"><strong>MedCofer<\/strong><\/a>! Aqui, te ajudaremos na busca da aprova\u00e7\u00e3o com conte\u00fados de qualidade e uma&nbsp;<a href=\"https:\/\/www.grupomedcof.com.br\/blog\/presenca-da-medcof-nas-aprovacoes-em-residencia-medica-no-brasil\/\"><strong>metodologia que j\u00e1 aprovou mais de 10 mil residentes no pa\u00eds<\/strong><\/a>! Por fim, acesse o nosso<a href=\"https:\/\/www.youtube.com\/@GrupoMedcof\/featured\">&nbsp;<strong>canal do youtube&nbsp;<\/strong><\/a>para ver o nosso material.<\/p>\n\n\n\n<figure class=\"wp-block-embed is-type-video is-provider-youtube wp-block-embed-youtube wp-embed-aspect-16-9 wp-has-aspect-ratio\"><div class=\"wp-block-embed__wrapper\">\n<div class=\"youtube-embed\" data-video_id=\"gAMEX_s7Tkk\"><iframe loading=\"lazy\" title=\"Fragilidade do Idoso: Como Tratar e Prevenir? Com Dra. Priscila Abiko\" width=\"696\" height=\"392\" src=\"https:\/\/www.youtube.com\/embed\/gAMEX_s7Tkk?feature=oembed&#038;enablejsapi=1\" frameborder=\"0\" allow=\"accelerometer; autoplay; clipboard-write; encrypted-media; gyroscope; picture-in-picture; web-share\" referrerpolicy=\"strict-origin-when-cross-origin\" allowfullscreen><\/iframe><\/div>\n<\/div><\/figure>\n","protected":false},"excerpt":{"rendered":"<p>A geriatria \u00e9 a especialidade m\u00e9dica que se dedica ao cuidado da sa\u00fade de pessoas idosas. Clique e entenda!<\/p>\n","protected":false},"author":21,"featured_media":34569,"comment_status":"closed","ping_status":"closed","sticky":false,"template":"","format":"standard","meta":{"footnotes":""},"categories":[220],"tags":[2723,114],"ppma_author":[3617],"class_list":{"0":"post-34566","1":"post","2":"type-post","3":"status-publish","4":"format-standard","5":"has-post-thumbnail","7":"category-geriatria","8":"tag-envelhecimento","9":"tag-geriatria"},"yoast_head":"<!-- This site is optimized with the Yoast SEO Premium plugin v24.3 (Yoast SEO v27.4) - https:\/\/yoast.com\/product\/yoast-seo-premium-wordpress\/ -->\n<title>Geriatria: o que voc\u00ea precisa saber para cuidar desse p\u00fablico\u00a0 - Blog de Medcof: conte\u00fados, editais, revalida e mais!<\/title>\n<meta name=\"description\" content=\"A geriatria \u00e9 a especialidade m\u00e9dica que se dedica ao cuidado da sa\u00fade de pessoas idosas. Clique e entenda!\" \/>\n<meta name=\"robots\" content=\"index, follow, max-snippet:-1, max-image-preview:large, max-video-preview:-1\" \/>\n<link rel=\"canonical\" href=\"https:\/\/www.grupomedcof.com.br\/blog\/geriatria-o-que-voce-precisa-saber-para-cuidar-desse-publico\/\" \/>\n<meta property=\"og:locale\" content=\"pt_BR\" \/>\n<meta property=\"og:type\" content=\"article\" \/>\n<meta property=\"og:title\" content=\"Geriatria: o que voc\u00ea precisa saber para cuidar desse p\u00fablico\u00a0\" \/>\n<meta property=\"og:description\" content=\"A geriatria \u00e9 a especialidade m\u00e9dica que se dedica ao cuidado da sa\u00fade de pessoas idosas. Clique e entenda!\" \/>\n<meta property=\"og:url\" content=\"https:\/\/www.grupomedcof.com.br\/blog\/geriatria-o-que-voce-precisa-saber-para-cuidar-desse-publico\/\" \/>\n<meta property=\"og:site_name\" content=\"Blog de Medcof: conte\u00fados, editais, revalida e mais!\" \/>\n<meta property=\"article:publisher\" content=\"https:\/\/www.facebook.com\/MedCofQbank\/\" \/>\n<meta property=\"article:published_time\" content=\"2025-03-19T11:48:10+00:00\" \/>\n<meta property=\"article:modified_time\" content=\"2025-03-19T11:48:11+00:00\" \/>\n<meta property=\"og:image\" content=\"https:\/\/www.grupomedcof.com.br\/blog\/wp-content\/uploads\/2025\/03\/Blog-MedCof-2025-03-19T084656.704.jpg\" \/>\n\t<meta property=\"og:image:width\" content=\"1920\" \/>\n\t<meta property=\"og:image:height\" content=\"1080\" \/>\n\t<meta property=\"og:image:type\" content=\"image\/jpeg\" \/>\n<meta name=\"author\" content=\"Kiara Adelino\" \/>\n<meta name=\"twitter:card\" content=\"summary_large_image\" \/>\n<meta name=\"twitter:label1\" content=\"Escrito por\" \/>\n\t<meta name=\"twitter:data1\" content=\"Kiara Adelino\" \/>\n\t<meta name=\"twitter:label2\" content=\"Est. tempo de leitura\" \/>\n\t<meta name=\"twitter:data2\" content=\"5 minutos\" \/>\n<script type=\"application\/ld+json\" class=\"yoast-schema-graph\">{\"@context\":\"https:\\\/\\\/schema.org\",\"@graph\":[{\"@type\":\"Article\",\"@id\":\"https:\\\/\\\/www.grupomedcof.com.br\\\/blog\\\/geriatria-o-que-voce-precisa-saber-para-cuidar-desse-publico\\\/#article\",\"isPartOf\":{\"@id\":\"https:\\\/\\\/www.grupomedcof.com.br\\\/blog\\\/geriatria-o-que-voce-precisa-saber-para-cuidar-desse-publico\\\/\"},\"author\":{\"name\":\"Kiara Adelino\",\"@id\":\"https:\\\/\\\/www.grupomedcof.com.br\\\/blog\\\/#\\\/schema\\\/person\\\/db19a651f86c5fc202d6eee744fd3292\"},\"headline\":\"Geriatria: o que voc\u00ea precisa saber para cuidar desse p\u00fablico\u00a0\",\"datePublished\":\"2025-03-19T11:48:10+00:00\",\"dateModified\":\"2025-03-19T11:48:11+00:00\",\"mainEntityOfPage\":{\"@id\":\"https:\\\/\\\/www.grupomedcof.com.br\\\/blog\\\/geriatria-o-que-voce-precisa-saber-para-cuidar-desse-publico\\\/\"},\"wordCount\":704,\"publisher\":{\"@id\":\"https:\\\/\\\/www.grupomedcof.com.br\\\/blog\\\/#organization\"},\"image\":{\"@id\":\"https:\\\/\\\/www.grupomedcof.com.br\\\/blog\\\/geriatria-o-que-voce-precisa-saber-para-cuidar-desse-publico\\\/#primaryimage\"},\"thumbnailUrl\":\"https:\\\/\\\/www.grupomedcof.com.br\\\/blog\\\/wp-content\\\/uploads\\\/2025\\\/03\\\/Blog-MedCof-2025-03-19T084656.704.jpg\",\"keywords\":[\"Envelhecimento\",\"Geriatria\"],\"articleSection\":[\"Geriatria\"],\"inLanguage\":\"pt-BR\"},{\"@type\":\"WebPage\",\"@id\":\"https:\\\/\\\/www.grupomedcof.com.br\\\/blog\\\/geriatria-o-que-voce-precisa-saber-para-cuidar-desse-publico\\\/\",\"url\":\"https:\\\/\\\/www.grupomedcof.com.br\\\/blog\\\/geriatria-o-que-voce-precisa-saber-para-cuidar-desse-publico\\\/\",\"name\":\"Geriatria: o que voc\u00ea precisa saber para cuidar desse p\u00fablico\u00a0 - Blog de Medcof: conte\u00fados, editais, revalida e mais!\",\"isPartOf\":{\"@id\":\"https:\\\/\\\/www.grupomedcof.com.br\\\/blog\\\/#website\"},\"primaryImageOfPage\":{\"@id\":\"https:\\\/\\\/www.grupomedcof.com.br\\\/blog\\\/geriatria-o-que-voce-precisa-saber-para-cuidar-desse-publico\\\/#primaryimage\"},\"image\":{\"@id\":\"https:\\\/\\\/www.grupomedcof.com.br\\\/blog\\\/geriatria-o-que-voce-precisa-saber-para-cuidar-desse-publico\\\/#primaryimage\"},\"thumbnailUrl\":\"https:\\\/\\\/www.grupomedcof.com.br\\\/blog\\\/wp-content\\\/uploads\\\/2025\\\/03\\\/Blog-MedCof-2025-03-19T084656.704.jpg\",\"datePublished\":\"2025-03-19T11:48:10+00:00\",\"dateModified\":\"2025-03-19T11:48:11+00:00\",\"description\":\"A geriatria \u00e9 a especialidade m\u00e9dica que se dedica ao cuidado da sa\u00fade de pessoas idosas. Clique e entenda!\",\"breadcrumb\":{\"@id\":\"https:\\\/\\\/www.grupomedcof.com.br\\\/blog\\\/geriatria-o-que-voce-precisa-saber-para-cuidar-desse-publico\\\/#breadcrumb\"},\"inLanguage\":\"pt-BR\",\"potentialAction\":[{\"@type\":\"ReadAction\",\"target\":[\"https:\\\/\\\/www.grupomedcof.com.br\\\/blog\\\/geriatria-o-que-voce-precisa-saber-para-cuidar-desse-publico\\\/\"]}]},{\"@type\":\"ImageObject\",\"inLanguage\":\"pt-BR\",\"@id\":\"https:\\\/\\\/www.grupomedcof.com.br\\\/blog\\\/geriatria-o-que-voce-precisa-saber-para-cuidar-desse-publico\\\/#primaryimage\",\"url\":\"https:\\\/\\\/www.grupomedcof.com.br\\\/blog\\\/wp-content\\\/uploads\\\/2025\\\/03\\\/Blog-MedCof-2025-03-19T084656.704.jpg\",\"contentUrl\":\"https:\\\/\\\/www.grupomedcof.com.br\\\/blog\\\/wp-content\\\/uploads\\\/2025\\\/03\\\/Blog-MedCof-2025-03-19T084656.704.jpg\",\"width\":1920,\"height\":1080},{\"@type\":\"BreadcrumbList\",\"@id\":\"https:\\\/\\\/www.grupomedcof.com.br\\\/blog\\\/geriatria-o-que-voce-precisa-saber-para-cuidar-desse-publico\\\/#breadcrumb\",\"itemListElement\":[{\"@type\":\"ListItem\",\"position\":1,\"name\":\"In\u00edcio\",\"item\":\"https:\\\/\\\/www.grupomedcof.com.br\\\/blog\\\/\"},{\"@type\":\"ListItem\",\"position\":2,\"name\":\"Geriatria: o que voc\u00ea precisa saber para cuidar desse p\u00fablico\u00a0\"}]},{\"@type\":\"WebSite\",\"@id\":\"https:\\\/\\\/www.grupomedcof.com.br\\\/blog\\\/#website\",\"url\":\"https:\\\/\\\/www.grupomedcof.com.br\\\/blog\\\/\",\"name\":\"Blog de Medcof: conte\u00fados, editais, revalida e mais!\",\"description\":\"Acesso o blog de MedCof! Seu portal de conte\u00fados sobre resid\u00eancia m\u00e9dica, an\u00e1lise e editais e muito mais. Clique e confira!\",\"publisher\":{\"@id\":\"https:\\\/\\\/www.grupomedcof.com.br\\\/blog\\\/#organization\"},\"alternateName\":\"Blog de Medcof: conte\u00fados, editais, revalida e mais!\",\"potentialAction\":[{\"@type\":\"SearchAction\",\"target\":{\"@type\":\"EntryPoint\",\"urlTemplate\":\"https:\\\/\\\/www.grupomedcof.com.br\\\/blog\\\/?s={search_term_string}\"},\"query-input\":{\"@type\":\"PropertyValueSpecification\",\"valueRequired\":true,\"valueName\":\"search_term_string\"}}],\"inLanguage\":\"pt-BR\"},{\"@type\":\"Organization\",\"@id\":\"https:\\\/\\\/www.grupomedcof.com.br\\\/blog\\\/#organization\",\"name\":\"Grupo MedCof\",\"url\":\"https:\\\/\\\/www.grupomedcof.com.br\\\/blog\\\/\",\"logo\":{\"@type\":\"ImageObject\",\"inLanguage\":\"pt-BR\",\"@id\":\"https:\\\/\\\/www.grupomedcof.com.br\\\/blog\\\/#\\\/schema\\\/logo\\\/image\\\/\",\"url\":\"https:\\\/\\\/www.grupomedcof.com.br\\\/blog\\\/wp-content\\\/uploads\\\/2022\\\/01\\\/logo-medcof.png\",\"contentUrl\":\"https:\\\/\\\/www.grupomedcof.com.br\\\/blog\\\/wp-content\\\/uploads\\\/2022\\\/01\\\/logo-medcof.png\",\"width\":768,\"height\":269,\"caption\":\"Grupo MedCof\"},\"image\":{\"@id\":\"https:\\\/\\\/www.grupomedcof.com.br\\\/blog\\\/#\\\/schema\\\/logo\\\/image\\\/\"},\"sameAs\":[\"https:\\\/\\\/www.facebook.com\\\/MedCofQbank\\\/\",\"https:\\\/\\\/www.instagram.com\\\/grupomedcof\\\/\",\"https:\\\/\\\/br.linkedin.com\\\/company\\\/medcof\",\"https:\\\/\\\/www.youtube.com\\\/channel\\\/UCdHMuOHKICxcHwecxN8P-AA\"]},{\"@type\":\"Person\",\"@id\":\"https:\\\/\\\/www.grupomedcof.com.br\\\/blog\\\/#\\\/schema\\\/person\\\/db19a651f86c5fc202d6eee744fd3292\",\"name\":\"Kiara Adelino\",\"image\":{\"@type\":\"ImageObject\",\"inLanguage\":\"pt-BR\",\"@id\":\"https:\\\/\\\/www.grupomedcof.com.br\\\/blog\\\/wp-content\\\/uploads\\\/2024\\\/08\\\/cropped-Kiara-Adelino2-96x96.jpega85663bdda67261f8f06f86e555e1e49\",\"url\":\"https:\\\/\\\/www.grupomedcof.com.br\\\/blog\\\/wp-content\\\/uploads\\\/2024\\\/08\\\/cropped-Kiara-Adelino2-96x96.jpeg\",\"contentUrl\":\"https:\\\/\\\/www.grupomedcof.com.br\\\/blog\\\/wp-content\\\/uploads\\\/2024\\\/08\\\/cropped-Kiara-Adelino2-96x96.jpeg\",\"caption\":\"Kiara Adelino\"},\"description\":\"Estudante do 5\u00b0 semestre de Medicina. Gosto bastante de aprender coisas novas, principalmente na \u00e1rea de Neurologia e Anatomia humana.\",\"url\":\"https:\\\/\\\/www.grupomedcof.com.br\\\/blog\\\/author\\\/kiara-adelino\\\/\"}]}<\/script>\n<!-- \/ Yoast SEO Premium plugin. -->","yoast_head_json":{"title":"Geriatria: o que voc\u00ea precisa saber para cuidar desse p\u00fablico\u00a0 - Blog de Medcof: conte\u00fados, editais, revalida e mais!","description":"A geriatria \u00e9 a especialidade m\u00e9dica que se dedica ao cuidado da sa\u00fade de pessoas idosas. Clique e entenda!","robots":{"index":"index","follow":"follow","max-snippet":"max-snippet:-1","max-image-preview":"max-image-preview:large","max-video-preview":"max-video-preview:-1"},"canonical":"https:\/\/www.grupomedcof.com.br\/blog\/geriatria-o-que-voce-precisa-saber-para-cuidar-desse-publico\/","og_locale":"pt_BR","og_type":"article","og_title":"Geriatria: o que voc\u00ea precisa saber para cuidar desse p\u00fablico\u00a0","og_description":"A geriatria \u00e9 a especialidade m\u00e9dica que se dedica ao cuidado da sa\u00fade de pessoas idosas. Clique e entenda!","og_url":"https:\/\/www.grupomedcof.com.br\/blog\/geriatria-o-que-voce-precisa-saber-para-cuidar-desse-publico\/","og_site_name":"Blog de Medcof: conte\u00fados, editais, revalida e mais!","article_publisher":"https:\/\/www.facebook.com\/MedCofQbank\/","article_published_time":"2025-03-19T11:48:10+00:00","article_modified_time":"2025-03-19T11:48:11+00:00","og_image":[{"width":1920,"height":1080,"url":"https:\/\/www.grupomedcof.com.br\/blog\/wp-content\/uploads\/2025\/03\/Blog-MedCof-2025-03-19T084656.704.jpg","type":"image\/jpeg"}],"author":"Kiara Adelino","twitter_card":"summary_large_image","twitter_misc":{"Escrito por":"Kiara Adelino","Est. tempo de leitura":"5 minutos"},"schema":{"@context":"https:\/\/schema.org","@graph":[{"@type":"Article","@id":"https:\/\/www.grupomedcof.com.br\/blog\/geriatria-o-que-voce-precisa-saber-para-cuidar-desse-publico\/#article","isPartOf":{"@id":"https:\/\/www.grupomedcof.com.br\/blog\/geriatria-o-que-voce-precisa-saber-para-cuidar-desse-publico\/"},"author":{"name":"Kiara Adelino","@id":"https:\/\/www.grupomedcof.com.br\/blog\/#\/schema\/person\/db19a651f86c5fc202d6eee744fd3292"},"headline":"Geriatria: o que voc\u00ea precisa saber para cuidar desse p\u00fablico\u00a0","datePublished":"2025-03-19T11:48:10+00:00","dateModified":"2025-03-19T11:48:11+00:00","mainEntityOfPage":{"@id":"https:\/\/www.grupomedcof.com.br\/blog\/geriatria-o-que-voce-precisa-saber-para-cuidar-desse-publico\/"},"wordCount":704,"publisher":{"@id":"https:\/\/www.grupomedcof.com.br\/blog\/#organization"},"image":{"@id":"https:\/\/www.grupomedcof.com.br\/blog\/geriatria-o-que-voce-precisa-saber-para-cuidar-desse-publico\/#primaryimage"},"thumbnailUrl":"https:\/\/www.grupomedcof.com.br\/blog\/wp-content\/uploads\/2025\/03\/Blog-MedCof-2025-03-19T084656.704.jpg","keywords":["Envelhecimento","Geriatria"],"articleSection":["Geriatria"],"inLanguage":"pt-BR"},{"@type":"WebPage","@id":"https:\/\/www.grupomedcof.com.br\/blog\/geriatria-o-que-voce-precisa-saber-para-cuidar-desse-publico\/","url":"https:\/\/www.grupomedcof.com.br\/blog\/geriatria-o-que-voce-precisa-saber-para-cuidar-desse-publico\/","name":"Geriatria: o que voc\u00ea precisa saber para cuidar desse p\u00fablico\u00a0 - Blog de Medcof: conte\u00fados, editais, revalida e mais!","isPartOf":{"@id":"https:\/\/www.grupomedcof.com.br\/blog\/#website"},"primaryImageOfPage":{"@id":"https:\/\/www.grupomedcof.com.br\/blog\/geriatria-o-que-voce-precisa-saber-para-cuidar-desse-publico\/#primaryimage"},"image":{"@id":"https:\/\/www.grupomedcof.com.br\/blog\/geriatria-o-que-voce-precisa-saber-para-cuidar-desse-publico\/#primaryimage"},"thumbnailUrl":"https:\/\/www.grupomedcof.com.br\/blog\/wp-content\/uploads\/2025\/03\/Blog-MedCof-2025-03-19T084656.704.jpg","datePublished":"2025-03-19T11:48:10+00:00","dateModified":"2025-03-19T11:48:11+00:00","description":"A geriatria \u00e9 a especialidade m\u00e9dica que se dedica ao cuidado da sa\u00fade de pessoas idosas. Clique e entenda!","breadcrumb":{"@id":"https:\/\/www.grupomedcof.com.br\/blog\/geriatria-o-que-voce-precisa-saber-para-cuidar-desse-publico\/#breadcrumb"},"inLanguage":"pt-BR","potentialAction":[{"@type":"ReadAction","target":["https:\/\/www.grupomedcof.com.br\/blog\/geriatria-o-que-voce-precisa-saber-para-cuidar-desse-publico\/"]}]},{"@type":"ImageObject","inLanguage":"pt-BR","@id":"https:\/\/www.grupomedcof.com.br\/blog\/geriatria-o-que-voce-precisa-saber-para-cuidar-desse-publico\/#primaryimage","url":"https:\/\/www.grupomedcof.com.br\/blog\/wp-content\/uploads\/2025\/03\/Blog-MedCof-2025-03-19T084656.704.jpg","contentUrl":"https:\/\/www.grupomedcof.com.br\/blog\/wp-content\/uploads\/2025\/03\/Blog-MedCof-2025-03-19T084656.704.jpg","width":1920,"height":1080},{"@type":"BreadcrumbList","@id":"https:\/\/www.grupomedcof.com.br\/blog\/geriatria-o-que-voce-precisa-saber-para-cuidar-desse-publico\/#breadcrumb","itemListElement":[{"@type":"ListItem","position":1,"name":"In\u00edcio","item":"https:\/\/www.grupomedcof.com.br\/blog\/"},{"@type":"ListItem","position":2,"name":"Geriatria: o que voc\u00ea precisa saber para cuidar desse p\u00fablico\u00a0"}]},{"@type":"WebSite","@id":"https:\/\/www.grupomedcof.com.br\/blog\/#website","url":"https:\/\/www.grupomedcof.com.br\/blog\/","name":"Blog de Medcof: conte\u00fados, editais, revalida e mais!","description":"Acesso o blog de MedCof! Seu portal de conte\u00fados sobre resid\u00eancia m\u00e9dica, an\u00e1lise e editais e muito mais. Clique e confira!","publisher":{"@id":"https:\/\/www.grupomedcof.com.br\/blog\/#organization"},"alternateName":"Blog de Medcof: conte\u00fados, editais, revalida e mais!","potentialAction":[{"@type":"SearchAction","target":{"@type":"EntryPoint","urlTemplate":"https:\/\/www.grupomedcof.com.br\/blog\/?s={search_term_string}"},"query-input":{"@type":"PropertyValueSpecification","valueRequired":true,"valueName":"search_term_string"}}],"inLanguage":"pt-BR"},{"@type":"Organization","@id":"https:\/\/www.grupomedcof.com.br\/blog\/#organization","name":"Grupo MedCof","url":"https:\/\/www.grupomedcof.com.br\/blog\/","logo":{"@type":"ImageObject","inLanguage":"pt-BR","@id":"https:\/\/www.grupomedcof.com.br\/blog\/#\/schema\/logo\/image\/","url":"https:\/\/www.grupomedcof.com.br\/blog\/wp-content\/uploads\/2022\/01\/logo-medcof.png","contentUrl":"https:\/\/www.grupomedcof.com.br\/blog\/wp-content\/uploads\/2022\/01\/logo-medcof.png","width":768,"height":269,"caption":"Grupo MedCof"},"image":{"@id":"https:\/\/www.grupomedcof.com.br\/blog\/#\/schema\/logo\/image\/"},"sameAs":["https:\/\/www.facebook.com\/MedCofQbank\/","https:\/\/www.instagram.com\/grupomedcof\/","https:\/\/br.linkedin.com\/company\/medcof","https:\/\/www.youtube.com\/channel\/UCdHMuOHKICxcHwecxN8P-AA"]},{"@type":"Person","@id":"https:\/\/www.grupomedcof.com.br\/blog\/#\/schema\/person\/db19a651f86c5fc202d6eee744fd3292","name":"Kiara Adelino","image":{"@type":"ImageObject","inLanguage":"pt-BR","@id":"https:\/\/www.grupomedcof.com.br\/blog\/wp-content\/uploads\/2024\/08\/cropped-Kiara-Adelino2-96x96.jpega85663bdda67261f8f06f86e555e1e49","url":"https:\/\/www.grupomedcof.com.br\/blog\/wp-content\/uploads\/2024\/08\/cropped-Kiara-Adelino2-96x96.jpeg","contentUrl":"https:\/\/www.grupomedcof.com.br\/blog\/wp-content\/uploads\/2024\/08\/cropped-Kiara-Adelino2-96x96.jpeg","caption":"Kiara Adelino"},"description":"Estudante do 5\u00b0 semestre de Medicina. Gosto bastante de aprender coisas novas, principalmente na \u00e1rea de Neurologia e Anatomia humana.","url":"https:\/\/www.grupomedcof.com.br\/blog\/author\/kiara-adelino\/"}]}},"authors":[{"term_id":3617,"user_id":21,"is_guest":0,"slug":"kiara-adelino","display_name":"Kiara Adelino","avatar_url":"https:\/\/www.grupomedcof.com.br\/blog\/wp-content\/uploads\/2024\/08\/cropped-Kiara-Adelino2-96x96.jpeg","0":null,"1":"","2":"","3":"","4":"","5":"","6":"","7":"","8":""}],"_links":{"self":[{"href":"https:\/\/www.grupomedcof.com.br\/blog\/wp-json\/wp\/v2\/posts\/34566","targetHints":{"allow":["GET"]}}],"collection":[{"href":"https:\/\/www.grupomedcof.com.br\/blog\/wp-json\/wp\/v2\/posts"}],"about":[{"href":"https:\/\/www.grupomedcof.com.br\/blog\/wp-json\/wp\/v2\/types\/post"}],"author":[{"embeddable":true,"href":"https:\/\/www.grupomedcof.com.br\/blog\/wp-json\/wp\/v2\/users\/21"}],"replies":[{"embeddable":true,"href":"https:\/\/www.grupomedcof.com.br\/blog\/wp-json\/wp\/v2\/comments?post=34566"}],"version-history":[{"count":0,"href":"https:\/\/www.grupomedcof.com.br\/blog\/wp-json\/wp\/v2\/posts\/34566\/revisions"}],"wp:featuredmedia":[{"embeddable":true,"href":"https:\/\/www.grupomedcof.com.br\/blog\/wp-json\/wp\/v2\/media\/34569"}],"wp:attachment":[{"href":"https:\/\/www.grupomedcof.com.br\/blog\/wp-json\/wp\/v2\/media?parent=34566"}],"wp:term":[{"taxonomy":"category","embeddable":true,"href":"https:\/\/www.grupomedcof.com.br\/blog\/wp-json\/wp\/v2\/categories?post=34566"},{"taxonomy":"post_tag","embeddable":true,"href":"https:\/\/www.grupomedcof.com.br\/blog\/wp-json\/wp\/v2\/tags?post=34566"},{"taxonomy":"author","embeddable":true,"href":"https:\/\/www.grupomedcof.com.br\/blog\/wp-json\/wp\/v2\/ppma_author?post=34566"}],"curies":[{"name":"wp","href":"https:\/\/api.w.org\/{rel}","templated":true}]}}