{"id":34688,"date":"2026-03-05T08:01:19","date_gmt":"2026-03-05T11:01:19","guid":{"rendered":"https:\/\/www.grupomedcof.com.br\/blog\/?p=34688"},"modified":"2026-03-30T10:40:22","modified_gmt":"2026-03-30T13:40:22","slug":"exame-nacional-de-proficiencia-medica","status":"publish","type":"post","link":"https:\/\/www.grupomedcof.com.br\/blog\/exame-nacional-de-proficiencia-medica\/","title":{"rendered":"Profimed no Plen\u00e1rio do Senado: confira os passos!"},"content":{"rendered":"<div id=\"ez-toc-container\" class=\"ez-toc-v2_0_74 counter-hierarchy ez-toc-counter ez-toc-transparent ez-toc-container-direction\">\n<div class=\"ez-toc-title-container\">\n<p class=\"ez-toc-title\" style=\"cursor:inherit\">Sum\u00e1rio<\/p>\n<span class=\"ez-toc-title-toggle\"><a href=\"#\" class=\"ez-toc-pull-right ez-toc-btn ez-toc-btn-xs ez-toc-btn-default ez-toc-toggle\" aria-label=\"Alternar tabela de conte\u00fado\"><span class=\"ez-toc-js-icon-con\"><span class=\"\"><span class=\"eztoc-hide\" style=\"display:none;\">Toggle<\/span><span class=\"ez-toc-icon-toggle-span\"><svg style=\"fill: #999;color:#999\" xmlns=\"http:\/\/www.w3.org\/2000\/svg\" class=\"list-377408\" width=\"20px\" height=\"20px\" viewBox=\"0 0 24 24\" fill=\"none\"><path d=\"M6 6H4v2h2V6zm14 0H8v2h12V6zM4 11h2v2H4v-2zm16 0H8v2h12v-2zM4 16h2v2H4v-2zm16 0H8v2h12v-2z\" fill=\"currentColor\"><\/path><\/svg><svg style=\"fill: #999;color:#999\" class=\"arrow-unsorted-368013\" xmlns=\"http:\/\/www.w3.org\/2000\/svg\" width=\"10px\" height=\"10px\" viewBox=\"0 0 24 24\" version=\"1.2\" baseProfile=\"tiny\"><path d=\"M18.2 9.3l-6.2-6.3-6.2 6.3c-.2.2-.3.4-.3.7s.1.5.3.7c.2.2.4.3.7.3h11c.3 0 .5-.1.7-.3.2-.2.3-.5.3-.7s-.1-.5-.3-.7zM5.8 14.7l6.2 6.3 6.2-6.3c.2-.2.3-.5.3-.7s-.1-.5-.3-.7c-.2-.2-.4-.3-.7-.3h-11c-.3 0-.5.1-.7.3-.2.2-.3.5-.3.7s.1.5.3.7z\"\/><\/svg><\/span><\/span><\/span><\/a><\/span><\/div>\n<nav><ul class='ez-toc-list ez-toc-list-level-1 ' ><li class='ez-toc-page-1 ez-toc-heading-level-2'><a class=\"ez-toc-link ez-toc-heading-1\" href=\"https:\/\/www.grupomedcof.com.br\/blog\/exame-nacional-de-proficiencia-medica\/#Linha_do_tempo_%E2%80%94_OAB_da_Medicina_Exame_Nacional_de_Proficiencia_em_Medicina\" >Linha do tempo \u2014 OAB da Medicina \/ Exame Nacional de Profici\u00eancia em Medicina<\/a><ul class='ez-toc-list-level-3' ><li class='ez-toc-heading-level-3'><a class=\"ez-toc-link ez-toc-heading-2\" href=\"https:\/\/www.grupomedcof.com.br\/blog\/exame-nacional-de-proficiencia-medica\/#Marco_de_2025_inicio_da_relatoria_no_Senado\" >Mar\u00e7o de 2025: in\u00edcio da relatoria no Senado<\/a><\/li><li class='ez-toc-page-1 ez-toc-heading-level-3'><a class=\"ez-toc-link ez-toc-heading-3\" href=\"https:\/\/www.grupomedcof.com.br\/blog\/exame-nacional-de-proficiencia-medica\/#Abril_de_2025_votacao_e_adiada_para_ampliar_debate\" >Abril de 2025: vota\u00e7\u00e3o \u00e9 adiada para ampliar debate<\/a><\/li><li class='ez-toc-page-1 ez-toc-heading-level-3'><a class=\"ez-toc-link ez-toc-heading-4\" href=\"https:\/\/www.grupomedcof.com.br\/blog\/exame-nacional-de-proficiencia-medica\/#Julho_de_2025_mobilizacao_e_urgencia_na_Camara\" >Julho de 2025: mobiliza\u00e7\u00e3o e urg\u00eancia na C\u00e2mara<\/a><\/li><li class='ez-toc-page-1 ez-toc-heading-level-3'><a class=\"ez-toc-link ez-toc-heading-5\" href=\"https:\/\/www.grupomedcof.com.br\/blog\/exame-nacional-de-proficiencia-medica\/#Parecer_favoravel_na_Comissao_de_Assuntos_Sociais\" >Parecer favor\u00e1vel na Comiss\u00e3o de Assuntos Sociais<\/a><\/li><li class='ez-toc-page-1 ez-toc-heading-level-3'><a class=\"ez-toc-link ez-toc-heading-6\" href=\"https:\/\/www.grupomedcof.com.br\/blog\/exame-nacional-de-proficiencia-medica\/#Dezembro_de_2025_aprovacao_no_Senado\" >Dezembro de 2025: aprova\u00e7\u00e3o no Senado<\/a><\/li><li class='ez-toc-page-1 ez-toc-heading-level-3'><a class=\"ez-toc-link ez-toc-heading-7\" href=\"https:\/\/www.grupomedcof.com.br\/blog\/exame-nacional-de-proficiencia-medica\/#Fevereiro_de_2026_votacao_suplementar_e_envio_a_Camara\" >Fevereiro de 2026: vota\u00e7\u00e3o suplementar e envio \u00e0 C\u00e2mara<\/a><\/li><li class='ez-toc-page-1 ez-toc-heading-level-3'><a class=\"ez-toc-link ez-toc-heading-8\" href=\"https:\/\/www.grupomedcof.com.br\/blog\/exame-nacional-de-proficiencia-medica\/#Marco_de_2026_Profimed_no_Plenario_do_Senado\" >Mar\u00e7o de 2026: Profimed no Plen\u00e1rio do Senado<\/a><\/li><li class='ez-toc-page-1 ez-toc-heading-level-3'><a class=\"ez-toc-link ez-toc-heading-9\" href=\"https:\/\/www.grupomedcof.com.br\/blog\/exame-nacional-de-proficiencia-medica\/#Proximos_passos_previstos\" >Pr\u00f3ximos passos previstos<\/a><\/li><\/ul><\/li><li class='ez-toc-page-1 ez-toc-heading-level-2'><a class=\"ez-toc-link ez-toc-heading-10\" href=\"https:\/\/www.grupomedcof.com.br\/blog\/exame-nacional-de-proficiencia-medica\/#O_que_muda_com_o_Profimed_caso_seja_aprovado\" >O que muda com o Profimed caso seja aprovado?<\/a><\/li><li class='ez-toc-page-1 ez-toc-heading-level-2'><a class=\"ez-toc-link ez-toc-heading-11\" href=\"https:\/\/www.grupomedcof.com.br\/blog\/exame-nacional-de-proficiencia-medica\/#O_metodo_que_te_aprova\" >O m\u00e9todo que te aprova!<\/a><\/li><\/ul><\/nav><\/div>\n\n<figure class=\"wp-block-image size-large\"><img loading=\"lazy\" decoding=\"async\" width=\"1024\" height=\"576\" src=\"https:\/\/www.grupomedcof.com.br\/blog\/wp-content\/uploads\/2025\/03\/Blog-MedCof-2025-03-21T083417.974-1024x576.jpg\" alt=\"\" class=\"wp-image-34690\" srcset=\"https:\/\/www.grupomedcof.com.br\/blog\/wp-content\/uploads\/2025\/03\/Blog-MedCof-2025-03-21T083417.974-1024x576.jpg 1024w, https:\/\/www.grupomedcof.com.br\/blog\/wp-content\/uploads\/2025\/03\/Blog-MedCof-2025-03-21T083417.974-300x169.jpg 300w, https:\/\/www.grupomedcof.com.br\/blog\/wp-content\/uploads\/2025\/03\/Blog-MedCof-2025-03-21T083417.974-768x432.jpg 768w, https:\/\/www.grupomedcof.com.br\/blog\/wp-content\/uploads\/2025\/03\/Blog-MedCof-2025-03-21T083417.974-1536x864.jpg 1536w, https:\/\/www.grupomedcof.com.br\/blog\/wp-content\/uploads\/2025\/03\/Blog-MedCof-2025-03-21T083417.974-747x420.jpg 747w, https:\/\/www.grupomedcof.com.br\/blog\/wp-content\/uploads\/2025\/03\/Blog-MedCof-2025-03-21T083417.974-150x84.jpg 150w, https:\/\/www.grupomedcof.com.br\/blog\/wp-content\/uploads\/2025\/03\/Blog-MedCof-2025-03-21T083417.974-696x392.jpg 696w, https:\/\/www.grupomedcof.com.br\/blog\/wp-content\/uploads\/2025\/03\/Blog-MedCof-2025-03-21T083417.974-1068x601.jpg 1068w, https:\/\/www.grupomedcof.com.br\/blog\/wp-content\/uploads\/2025\/03\/Blog-MedCof-2025-03-21T083417.974.jpg 1920w\" sizes=\"auto, (max-width: 1024px) 100vw, 1024px\" \/><\/figure>\n\n\n\n<p>O <strong>Exame Nacional de Profici\u00eancia de Medicina (Profimed),<\/strong> conhecido como <strong>\u201cOAB dos m\u00e9dicos\u201d<\/strong>, voltou a ser aprovado na <strong>Comiss\u00e3o de Assuntos Sociais do Senado Federal. <\/strong>A delibera\u00e7\u00e3o ocorreu em turno suplementar \u2014 procedimento exigido ap\u00f3s a primeira aprova\u00e7\u00e3o, em dezembro de 2025, ter sido marcada por vota\u00e7\u00e3o apertada e modifica\u00e7\u00f5es no texto.<\/p>\n\n\n\n<p>Com esse novo aval, a aprova\u00e7\u00e3o anterior \u00e9 ratificada e a decis\u00e3o passa a ter car\u00e1ter terminativo no \u00e2mbito da comiss\u00e3o. O turno suplementar est\u00e1 previsto no artigo 282 do Regimento Interno do Senado Federal. Veja a <strong>linha do tempo e quais s\u00e3o os pr\u00f3ximos passos!<\/strong><\/p>\n\n\n\n<h2 class=\"wp-block-heading\" id=\"h-linha-do-tempo-oab-da-medicina-exame-nacional-de-proficiencia-em-medicina\"><span class=\"ez-toc-section\" id=\"Linha_do_tempo_%E2%80%94_OAB_da_Medicina_Exame_Nacional_de_Proficiencia_em_Medicina\"><\/span><strong>Linha do tempo \u2014 OAB da Medicina \/ Exame Nacional de Profici\u00eancia em Medicina<\/strong><span class=\"ez-toc-section-end\"><\/span><\/h2>\n\n\n\n<p>O Projeto de Lei que institui o <strong>Exame Nacional de Profici\u00eancia em Medicina<\/strong> \u2014 conhecido como \u201cOAB da Medicina\u201d \u2014 avan\u00e7ou ao longo de 2025 no Congresso Nacional. A proposta prev\u00ea a cria\u00e7\u00e3o de uma avalia\u00e7\u00e3o obrigat\u00f3ria para m\u00e9dicos rec\u00e9m-formados, como condi\u00e7\u00e3o para obten\u00e7\u00e3o do registro profissional. Confira os principais marcos da tramita\u00e7\u00e3o: <\/p>\n\n\n\n<h3 class=\"wp-block-heading\"><span class=\"ez-toc-section\" id=\"Marco_de_2025_inicio_da_relatoria_no_Senado\"><\/span><strong>Mar\u00e7o de 2025: in\u00edcio da relatoria no Senado<\/strong><span class=\"ez-toc-section-end\"><\/span><\/h3>\n\n\n\n<p>Em 18 de mar\u00e7o, o <strong>Projeto de Lei n\u00ba 2294\/2024<\/strong> foi encaminhado \u00e0 <strong>Comiss\u00e3o de Assuntos Sociais (CAS) do Senado Federal.<\/strong> O senador Hiran Gon\u00e7alves assumiu a relatoria da mat\u00e9ria.<\/p>\n\n\n\n<p>No dia seguinte (19), durante visita ao C<strong>onselho Federal de Medicina (CFM)<\/strong>, acompanhado do ministro do STF Andr\u00e9 Luiz de Almeida Mendon\u00e7a, o relator sinalizou a inten\u00e7\u00e3o de promover audi\u00eancia p\u00fablica e dar celeridade \u00e0 an\u00e1lise do texto.<\/p>\n\n\n\n<h3 class=\"wp-block-heading\"><span class=\"ez-toc-section\" id=\"Abril_de_2025_votacao_e_adiada_para_ampliar_debate\"><\/span><strong>Abril de 2025: vota\u00e7\u00e3o \u00e9 adiada para ampliar debate<\/strong><span class=\"ez-toc-section-end\"><\/span><\/h3>\n\n\n\n<p>Em abril, o Senado adiou a vota\u00e7\u00e3o do projeto ap\u00f3s pedido das senadoras Tereza Leit\u00e3o e Zenaide Maia, que defenderam maior aprofundamento da discuss\u00e3o.<\/p>\n\n\n\n<p>Foi anunciada a realiza\u00e7\u00e3o de audi\u00eancia p\u00fablica com representantes do Minist\u00e9rio da Educa\u00e7\u00e3o (MEC), Minist\u00e9rio da Sa\u00fade, Instituto Nacional de Estudos e Pesquisas Educacionais An\u00edsio Teixeira (Inep), do CFM, da Uni\u00e3o Nacional dos Estudantes (UNE), al\u00e9m de entidades estudantis e institui\u00e7\u00f5es de ensino m\u00e9dico. O objetivo foi discutir impactos acad\u00eamicos, regulat\u00f3rios e assistenciais da proposta.<\/p>\n\n\n\n<h3 class=\"wp-block-heading\"><span class=\"ez-toc-section\" id=\"Julho_de_2025_mobilizacao_e_urgencia_na_Camara\"><\/span><strong>Julho de 2025: mobiliza\u00e7\u00e3o e urg\u00eancia na C\u00e2mara<\/strong><span class=\"ez-toc-section-end\"><\/span><\/h3>\n\n\n\n<p>No dia 14 de julho, a <strong>Associa\u00e7\u00e3o M\u00e9dica Brasileira (AMB)<\/strong> e outras<strong> 75 entidades m\u00e9dicas<\/strong> divulgaram uma <strong>carta aberta aos deputados federais <\/strong>pedindo a aprova\u00e7\u00e3o do requerimento de urg\u00eancia para o PL n\u00ba 785\/24, que trata do exame.<\/p>\n\n\n\n<p>Dois dias depois, em 16 de julho, a <strong>C\u00e2mara dos Deputados aprovou o regime de urg\u00eancia <\/strong>com 376 votos favor\u00e1veis e 42 contr\u00e1rios, cerca de 90% de apoio. A sess\u00e3o foi presidida pelo deputado Hugo Motta.<\/p>\n\n\n\n<p>Com a urg\u00eancia aprovada, o projeto p\u00f4de ser inclu\u00eddo diretamente na pauta do plen\u00e1rio, sem necessidade de tramita\u00e7\u00e3o pr\u00e9via pelas comiss\u00f5es tem\u00e1ticas, acelerando o processo legislativo.<\/p>\n\n\n\n<div class=\"wp-block-buttons is-content-justification-center is-layout-flex wp-container-core-buttons-is-layout-16018d1d wp-block-buttons-is-layout-flex\">\n<div class=\"wp-block-button\"><a class=\"wp-block-button__link wp-element-button\" href=\"https:\/\/www.grupomedcof.com.br\/blog\/wp-content\/uploads\/2025\/04\/Carta-aos-deputados-federais-OAB-dos-medicos.pdf\" target=\"_blank\" rel=\"noreferrer noopener\">Carta aos deputados<\/a><\/div>\n<\/div>\n\n\n\n<h3 class=\"wp-block-heading\"><span class=\"ez-toc-section\" id=\"Parecer_favoravel_na_Comissao_de_Assuntos_Sociais\"><\/span><strong>Parecer favor\u00e1vel na Comiss\u00e3o de Assuntos Sociais<\/strong><span class=\"ez-toc-section-end\"><\/span><\/h3>\n\n\n\n<p>Na CAS do Senado, o relator Hiran Gon\u00e7alves apresentou parecer favor\u00e1vel \u00e0 aprova\u00e7\u00e3o do projeto. O texto manteve o m\u00e9rito da proposta e reinseriu o prazo de vacatio legis de um ano, ou seja, caso sancionada, a futura lei tem 365 dias para entrar em vigor.<\/p>\n\n\n\n<h3 class=\"wp-block-heading\"><span class=\"ez-toc-section\" id=\"Dezembro_de_2025_aprovacao_no_Senado\"><\/span><strong>Dezembro de 2025: aprova\u00e7\u00e3o no Senado<\/strong><span class=\"ez-toc-section-end\"><\/span><\/h3>\n\n\n\n<p>Em dezembro, o Senado <strong>concluiu a tramita\u00e7\u00e3o do projeto e aprovou a proposta.<\/strong> Com isso, o texto foi encaminhado \u00e0 <strong>C\u00e2mara dos Deputados.<\/strong><\/p>\n\n\n\n<p>Como o requerimento de urg\u00eancia j\u00e1 havia sido aprovado anteriormente pelos deputados, a mat\u00e9ria poder\u00e1 ser analisada diretamente em plen\u00e1rio. Se for aprovada tamb\u00e9m na C\u00e2mara, <strong>seguir\u00e1 para san\u00e7\u00e3o presidencial e poder\u00e1 se tornar lei.<\/strong><\/p>\n\n\n\n<h3 class=\"wp-block-heading\" id=\"h-fevereiro-de-2026-votacao-suplementar-e-envio-a-camara\"><span class=\"ez-toc-section\" id=\"Fevereiro_de_2026_votacao_suplementar_e_envio_a_Camara\"><\/span><strong>Fevereiro de 2026: vota\u00e7\u00e3o suplementar e envio \u00e0 C\u00e2mara<\/strong><span class=\"ez-toc-section-end\"><\/span><\/h3>\n\n\n\n<p id=\"h-fevereiro-de-2026-votacao-suplementar-e-envio-a-camara\">Em 25 de fevereiro de 2026, a <strong>CAS do Senado votou novamente o projeto<\/strong> <strong>em<\/strong> <strong>turno suplementar<\/strong>, etapa prevista no Regimento Interno por causa de altera\u00e7\u00f5es no texto e do placar apertado da vota\u00e7\u00e3o anterior. Essa nova aprova\u00e7\u00e3o <strong>ratificou a vota\u00e7\u00e3o anterior e teve car\u00e1ter terminativo na comiss\u00e3o<\/strong>, permitindo que o texto siga <strong>diretamente para a C\u00e2mara dos Deputados<\/strong>.<\/p>\n\n\n\n<p id=\"h-fevereiro-de-2026-votacao-suplementar-e-envio-a-camara\">Com a decis\u00e3o em turno suplementar, <strong>o projeto volta \u00e0 tramita\u00e7\u00e3o na C\u00e2mara para nova an\u00e1lise<\/strong>, podendo ser <strong>apreciado em comiss\u00f5es e\/ou no plen\u00e1rio da Casa.<\/strong><\/p>\n\n\n\n<h4 class=\"wp-block-heading\" id=\"h-pl-recebe-posicionamento-contrario-do-conselho-nacional-da-saude\"><strong>PL recebe posicionamento contr\u00e1rio do Conselho Nacional da Sa\u00fade<\/strong><\/h4>\n\n\n\n<p>Ap\u00f3s a aprova\u00e7\u00e3o do <strong>Projeto de Lei n\u00ba 2.294\/2024<\/strong>, o <strong>Conselho Nacional de Sa\u00fade (CNS)<\/strong>, \u00f3rg\u00e3o vinculado ao Minist\u00e9rio da Sa\u00fade, divulgou uma nota <strong>manifestando posicionamento contr\u00e1rio \u00e0 proposta<\/strong>.<\/p>\n\n\n\n<p>O \u00f3rg\u00e3o afirmou que <strong>a cria\u00e7\u00e3o do exame \u00e9 \u201cinadequada e inoportuna\u201d<\/strong>&nbsp;e sustenta que a medida pode&nbsp;<strong>agravar desigualdades regionais na forma\u00e7\u00e3o m\u00e9dica<\/strong>.&nbsp;Al\u00e9m disso, argumentou que j\u00e1 existem&nbsp;<strong>mecanismos institucionais consolidados de regula\u00e7\u00e3o da educa\u00e7\u00e3o m\u00e9dica<\/strong>, envolvendo entidades de ensino. <\/p>\n\n\n\n<p>O Conselho Nacional de Sa\u00fade sustenta que a forma\u00e7\u00e3o m\u00e9dica \u00e9 um percurso cont\u00ednuo, marcado pelo aprimoramento de compet\u00eancias pr\u00e1ticas, trabalho colaborativo e acompanhamento supervisionado, formato que, segundo o \u00f3rg\u00e3o, encontra sua express\u00e3o mais adequada na resid\u00eancia m\u00e9dica.<\/p>\n\n\n\n<p>O posicionamento tamb\u00e9m menciona o <strong>Exame Nacional de Avalia\u00e7\u00e3o da Forma\u00e7\u00e3o M\u00e9dica (Enamed)<\/strong>, ressaltando que o instrumento foi criado para <strong>mensurar a qualidade dos cursos e das pol\u00edticas de forma\u00e7\u00e3o<\/strong>, e n\u00e3o para avaliar individualmente o desempenho dos rec\u00e9m-formados.<\/p>\n\n\n\n<p>Para o Conselho Nacional de Sa\u00fade, o Profimed configuraria um \u201cretrocesso\u201d, ao atribuir ao egresso a responsabilidade por eventuais fragilidades do processo formativo.<\/p>\n\n\n\n<p>Ao final, o Conselho defende a rejei\u00e7\u00e3o integral da proposta e refor\u00e7a a import\u00e2ncia de fortalecer os mecanismos regulat\u00f3rios j\u00e1 vigentes, em conson\u00e2ncia com os princ\u00edpios do Sistema \u00danico de Sa\u00fade.<\/p>\n\n\n\n<div class=\"wp-block-buttons is-layout-flex wp-block-buttons-is-layout-flex\">\n<div class=\"wp-block-button\"><a class=\"wp-block-button__link wp-element-button\" href=\"https:\/\/www.gov.br\/conselho-nacional-de-saude\/pt-br\/assuntos\/noticias\/2026\/fevereiro\/posicionamento-contrario-a-criacao-do-exame-nacional-de-proficiencia-em-medicina-profimed-pl-no-2-294-2024\" target=\"_blank\" rel=\"noreferrer noopener\">Veja a Nota de Posicionamento!<\/a><\/div>\n<\/div>\n\n\n\n<h3 class=\"wp-block-heading\" id=\"h-marco-de-2026-profimed-no-plenario-do-senado\"><span class=\"ez-toc-section\" id=\"Marco_de_2026_Profimed_no_Plenario_do_Senado\"><\/span><strong>Mar\u00e7o de 2026: Profimed no Plen\u00e1rio do Senado<\/strong><span class=\"ez-toc-section-end\"><\/span><\/h3>\n\n\n\n<p>Na ter\u00e7a-feira, 03 de mar\u00e7o, a&nbsp;<a href=\"https:\/\/www25.senado.leg.br\/web\/atividade\/materias\/-\/materia\/164060\" target=\"_blank\" rel=\"noreferrer noopener\">p\u00e1gina oficial de tramita\u00e7\u00e3o do projeto<\/a>&nbsp;foi atualizada com o recebimento do&nbsp;<strong>Recurso n\u00ba 1\/2026<\/strong>, que solicita que o texto seja analisado tamb\u00e9m pelo Plen\u00e1rio do Senado.<\/p>\n\n\n\n<p>O requerimento foi protocolado com fundamento em dispositivos da Constitui\u00e7\u00e3o Federal e do Regimento Interno do Senado Federal, que autorizam a interposi\u00e7\u00e3o de recurso para levar ao plen\u00e1rio projetos aprovados em car\u00e1ter terminativo pelas comiss\u00f5es.<\/p>\n\n\n\n<p>No documento, os senadores pedem que a proposta seja submetida \u00e0 aprecia\u00e7\u00e3o de todos os parlamentares da Casa.<\/p>\n\n\n\n<pre class=\"wp-block-verse\">\u201cSolicitamos, nos termos do art. 58, \u00a7 2\u00ba, I, da Constitui\u00e7\u00e3o Federal e do art. 91, \u00a7 3\u00ba, do Regimento Interno do Senado Federal, que o <br><br>, que \u2018altera a Lei n\u00ba 3.268, de 30 de setembro de 1957, que disp\u00f5e sobre os Conselhos de Medicina e d\u00e1 outras provid\u00eancias, para instituir o Exame Nacional de Profici\u00eancia em Medicina\u2019, deliberado terminativamente pela Comiss\u00e3o de Assuntos Sociais, seja apreciado pelo Plen\u00e1rio do Senado Federal.\u201d<\/pre>\n\n\n\n<p>Com o n\u00famero m\u00ednimo de assinaturas atingido \u2014 equivalente a um d\u00e9cimo dos membros do Senado \u2014, o recurso passa a ter validade. Assim, o projeto deixa de seguir diretamente para a C\u00e2mara dos Deputados, como estava previsto, e passa a ser analisado pelo Plen\u00e1rio do Senado, onde dever\u00e1 ser debatido e votado pelos parlamentares.<\/p>\n\n\n\n<div class=\"wp-block-buttons is-layout-flex wp-block-buttons-is-layout-flex\">\n<div class=\"wp-block-button\"><a class=\"wp-block-button__link wp-element-button\" href=\"https:\/\/www.grupomedcof.com.br\/blog\/wp-content\/uploads\/2026\/03\/DOC-SF269674049600-20260225_assinaturas.pdf\" target=\"_blank\" rel=\"noreferrer noopener\">Veja o recurso!<\/a><\/div>\n<\/div>\n\n\n\n<h3 class=\"wp-block-heading\" id=\"h-proximos-passos-previstos\"><span class=\"ez-toc-section\" id=\"Proximos_passos_previstos\"><\/span><strong>Pr\u00f3ximos passos previstos<\/strong><span class=\"ez-toc-section-end\"><\/span><\/h3>\n\n\n\n<ul class=\"wp-block-list\">\n<li><strong>An\u00e1lise e vota\u00e7\u00e3o na C\u00e2mara dos Deputados:<\/strong> o projeto ser\u00e1 apreciado na Casa, podendo ser alterado ou aprovado.<\/li>\n\n\n\n<li><strong>San\u00e7\u00e3o presidencial:<\/strong> se for aprovado pela C\u00e2mara sem altera\u00e7\u00f5es ou com texto j\u00e1 acordado, seguir\u00e1 para san\u00e7\u00e3o da Presid\u00eancia da Rep\u00fablica.<\/li>\n<\/ul>\n\n\n\n<figure class=\"wp-block-image size-large\"><a href=\"https:\/\/www.grupomedcof.com.br\/cofletters\/\" target=\"_blank\" rel=\" noreferrer noopener\"><img loading=\"lazy\" decoding=\"async\" width=\"1024\" height=\"320\" src=\"https:\/\/www.grupomedcof.com.br\/blog\/wp-content\/uploads\/2025\/02\/Banner-MedCof-Plus-2200x460-11-1024x320.png\" alt=\"\" class=\"wp-image-33723\" srcset=\"https:\/\/www.grupomedcof.com.br\/blog\/wp-content\/uploads\/2025\/02\/Banner-MedCof-Plus-2200x460-11-1024x320.png 1024w, https:\/\/www.grupomedcof.com.br\/blog\/wp-content\/uploads\/2025\/02\/Banner-MedCof-Plus-2200x460-11-300x94.png 300w, https:\/\/www.grupomedcof.com.br\/blog\/wp-content\/uploads\/2025\/02\/Banner-MedCof-Plus-2200x460-11-768x240.png 768w, https:\/\/www.grupomedcof.com.br\/blog\/wp-content\/uploads\/2025\/02\/Banner-MedCof-Plus-2200x460-11-1536x480.png 1536w, https:\/\/www.grupomedcof.com.br\/blog\/wp-content\/uploads\/2025\/02\/Banner-MedCof-Plus-2200x460-11-2048x640.png 2048w, https:\/\/www.grupomedcof.com.br\/blog\/wp-content\/uploads\/2025\/02\/Banner-MedCof-Plus-2200x460-11-1343x420.png 1343w, https:\/\/www.grupomedcof.com.br\/blog\/wp-content\/uploads\/2025\/02\/Banner-MedCof-Plus-2200x460-11-150x47.png 150w, https:\/\/www.grupomedcof.com.br\/blog\/wp-content\/uploads\/2025\/02\/Banner-MedCof-Plus-2200x460-11-696x218.png 696w, https:\/\/www.grupomedcof.com.br\/blog\/wp-content\/uploads\/2025\/02\/Banner-MedCof-Plus-2200x460-11-1068x334.png 1068w, https:\/\/www.grupomedcof.com.br\/blog\/wp-content\/uploads\/2025\/02\/Banner-MedCof-Plus-2200x460-11-1920x600.png 1920w\" sizes=\"auto, (max-width: 1024px) 100vw, 1024px\" \/><\/a><\/figure>\n\n\n\n<h2 class=\"wp-block-heading\" id=\"h-o-que-muda-com-o-profimed-caso-seja-aprovado\"><span class=\"ez-toc-section\" id=\"O_que_muda_com_o_Profimed_caso_seja_aprovado\"><\/span><strong>O que muda com o Profimed caso seja aprovado?<\/strong><span class=\"ez-toc-section-end\"><\/span><\/h2>\n\n\n\n<ul class=\"wp-block-list\">\n<li><strong>M\u00e9dicos rec\u00e9m-formados <\/strong>s\u00f3 poder\u00e3o obter registro profissional <strong>mediante aprova\u00e7\u00e3o no exame.<\/strong><\/li>\n\n\n\n<li>A proposta inclui uma <strong>Inscri\u00e7\u00e3o de Egresso em Medicina (IEM)<\/strong> para quem n\u00e3o for aprovado, permitindo atividades t\u00e9cnico-cient\u00edficas, por\u00e9m sem autoriza\u00e7\u00e3o para atos m\u00e9dicos at\u00e9 a aprova\u00e7\u00e3o no Profimed.<\/li>\n\n\n\n<li><strong>Estudantes que ingressaram no curso antes da vig\u00eancia da lei e m\u00e9dicos j\u00e1 registrados <\/strong>estar\u00e3o <strong>dispensados da nova exig\u00eancia.<\/strong><\/li>\n<\/ul>\n\n\n\n<h2 class=\"wp-block-heading\" id=\"o-m\u00e9todo-que-te-aprova\"><span class=\"ez-toc-section\" id=\"O_metodo_que_te_aprova\"><\/span><strong>O m\u00e9todo que te aprova!<\/strong><span class=\"ez-toc-section-end\"><\/span><\/h2>\n\n\n\n<p>Quer alcan\u00e7ar a aprova\u00e7\u00e3o nas provas de resid\u00eancia m\u00e9dica? Ent\u00e3o seja um&nbsp;<a href=\"https:\/\/www.grupomedcof.com.br\/home\/\" target=\"_blank\" rel=\"noreferrer noopener\">MedCofer<\/a>! Aqui te ajudaremos na busca da aprova\u00e7\u00e3o com conte\u00fados de qualidade e uma&nbsp;<a href=\"https:\/\/www.grupomedcof.com.br\/blog\/presenca-da-medcof-nas-aprovacoes-em-residencia-medica-no-brasil\/\" target=\"_blank\" rel=\"noreferrer noopener\">metodologia que j\u00e1 aprovou mais de 35 mil residentes no pa\u00eds!&nbsp;<\/a>Por fim, acesse o nosso<a href=\"https:\/\/www.youtube.com\/@GrupoMedcof\/featured\" target=\"_blank\" rel=\"noreferrer noopener\">&nbsp;<strong>canal do youtube&nbsp;<\/strong><\/a>para ver o nosso material.<\/p>\n\n\n\n<figure class=\"wp-block-embed is-type-video is-provider-youtube wp-block-embed-youtube wp-embed-aspect-16-9 wp-has-aspect-ratio\"><div class=\"wp-block-embed__wrapper\">\n<div class=\"youtube-embed\" data-video_id=\"3-9zBGaQYL8\"><iframe loading=\"lazy\" title=\"Como Passei na Resid\u00eancia de Neuro do HIAE \u2013 Aprovada Giovanna Coelho | Papo de Aprovado #13\" width=\"696\" height=\"392\" src=\"https:\/\/www.youtube.com\/embed\/3-9zBGaQYL8?feature=oembed&#038;enablejsapi=1\" frameborder=\"0\" allow=\"accelerometer; autoplay; clipboard-write; encrypted-media; gyroscope; picture-in-picture; web-share\" referrerpolicy=\"strict-origin-when-cross-origin\" allowfullscreen><\/iframe><\/div>\n<\/div><\/figure>\n","protected":false},"excerpt":{"rendered":"<p>Confira a linha do tempo completa da tramita\u00e7\u00e3o do Profimed, a \u201cOAB da Medicina\u201d, desde o in\u00edcio das discuss\u00f5es no Senado at\u00e9 a aprova\u00e7\u00e3o em turno suplementar e envio \u00e0 C\u00e2mara dos Deputados.<\/p>\n","protected":false},"author":20,"featured_media":34690,"comment_status":"closed","ping_status":"closed","sticky":false,"template":"","format":"standard","meta":{"footnotes":""},"categories":[258,240,173],"tags":[2621,1463,3587,1462,68],"ppma_author":[3616],"class_list":{"0":"post-34688","1":"post","2":"type-post","3":"status-publish","4":"format-standard","5":"has-post-thumbnail","7":"category-atualizacoes","8":"category-noticias","9":"category-novidades","10":"tag-amb","11":"tag-oab-dos-medicos","12":"tag-profimed","13":"tag-projeto-de-lei","14":"tag-residencia-medica"},"yoast_head":"<!-- This site is optimized with the Yoast SEO Premium plugin v24.3 (Yoast SEO v27.5) - https:\/\/yoast.com\/product\/yoast-seo-premium-wordpress\/ -->\n<title>Profimed no Plen\u00e1rio do Senado: confira os passos! - Blog de Medcof: conte\u00fados, editais, revalida e mais!<\/title>\n<meta name=\"description\" content=\"Confira a linha do tempo completa da tramita\u00e7\u00e3o do Profimed, a \u201cOAB da Medicina\u201d, desde o in\u00edcio das discuss\u00f5es no Senado at\u00e9 a aprova\u00e7\u00e3o em turno suplementar e envio \u00e0 C\u00e2mara dos Deputados.\" \/>\n<meta name=\"robots\" content=\"index, follow, max-snippet:-1, max-image-preview:large, max-video-preview:-1\" \/>\n<link rel=\"canonical\" href=\"https:\/\/www.grupomedcof.com.br\/blog\/exame-nacional-de-proficiencia-medica\/\" \/>\n<meta property=\"og:locale\" content=\"pt_BR\" \/>\n<meta property=\"og:type\" content=\"article\" \/>\n<meta property=\"og:title\" content=\"Profimed no Plen\u00e1rio do Senado: confira os passos!\" \/>\n<meta property=\"og:description\" content=\"Confira a linha do tempo completa da tramita\u00e7\u00e3o do Profimed, a \u201cOAB da Medicina\u201d, desde o in\u00edcio das discuss\u00f5es no Senado at\u00e9 a aprova\u00e7\u00e3o em turno suplementar e envio \u00e0 C\u00e2mara dos Deputados.\" \/>\n<meta property=\"og:url\" content=\"https:\/\/www.grupomedcof.com.br\/blog\/exame-nacional-de-proficiencia-medica\/\" \/>\n<meta property=\"og:site_name\" content=\"Blog de Medcof: conte\u00fados, editais, revalida e mais!\" \/>\n<meta property=\"article:publisher\" content=\"https:\/\/www.facebook.com\/MedCofQbank\/\" \/>\n<meta property=\"article:published_time\" content=\"2026-03-05T11:01:19+00:00\" \/>\n<meta property=\"article:modified_time\" content=\"2026-03-30T13:40:22+00:00\" \/>\n<meta property=\"og:image\" content=\"https:\/\/www.grupomedcof.com.br\/blog\/wp-content\/uploads\/2025\/03\/Blog-MedCof-2025-03-21T083417.974.jpg\" \/>\n\t<meta property=\"og:image:width\" content=\"1920\" \/>\n\t<meta property=\"og:image:height\" content=\"1080\" \/>\n\t<meta property=\"og:image:type\" content=\"image\/jpeg\" \/>\n<meta name=\"author\" content=\"Leila Menzel\" \/>\n<meta name=\"twitter:card\" content=\"summary_large_image\" \/>\n<meta name=\"twitter:label1\" content=\"Escrito por\" \/>\n\t<meta name=\"twitter:data1\" content=\"Leila Menzel\" \/>\n\t<meta name=\"twitter:label2\" content=\"Est. tempo de leitura\" \/>\n\t<meta name=\"twitter:data2\" content=\"8 minutos\" \/>\n<script type=\"application\/ld+json\" class=\"yoast-schema-graph\">{\"@context\":\"https:\\\/\\\/schema.org\",\"@graph\":[{\"@type\":\"Article\",\"@id\":\"https:\\\/\\\/www.grupomedcof.com.br\\\/blog\\\/exame-nacional-de-proficiencia-medica\\\/#article\",\"isPartOf\":{\"@id\":\"https:\\\/\\\/www.grupomedcof.com.br\\\/blog\\\/exame-nacional-de-proficiencia-medica\\\/\"},\"author\":{\"name\":\"Leila Menzel\",\"@id\":\"https:\\\/\\\/www.grupomedcof.com.br\\\/blog\\\/#\\\/schema\\\/person\\\/9a44c2184a836bf5ae6967fdb3a1451e\"},\"headline\":\"Profimed no Plen\u00e1rio do Senado: confira os passos!\",\"datePublished\":\"2026-03-05T11:01:19+00:00\",\"dateModified\":\"2026-03-30T13:40:22+00:00\",\"mainEntityOfPage\":{\"@id\":\"https:\\\/\\\/www.grupomedcof.com.br\\\/blog\\\/exame-nacional-de-proficiencia-medica\\\/\"},\"wordCount\":1372,\"publisher\":{\"@id\":\"https:\\\/\\\/www.grupomedcof.com.br\\\/blog\\\/#organization\"},\"image\":{\"@id\":\"https:\\\/\\\/www.grupomedcof.com.br\\\/blog\\\/exame-nacional-de-proficiencia-medica\\\/#primaryimage\"},\"thumbnailUrl\":\"https:\\\/\\\/www.grupomedcof.com.br\\\/blog\\\/wp-content\\\/uploads\\\/2025\\\/03\\\/Blog-MedCof-2025-03-21T083417.974.jpg\",\"keywords\":[\"AMB\",\"OAB dos m\u00e9dicos\",\"Profimed\",\"Projeto de lei\",\"Resid\u00eancia M\u00e9dica\"],\"articleSection\":[\"Atualiza\u00e7\u00f5es\",\"Not\u00edcias\",\"Novidades\"],\"inLanguage\":\"pt-BR\"},{\"@type\":\"WebPage\",\"@id\":\"https:\\\/\\\/www.grupomedcof.com.br\\\/blog\\\/exame-nacional-de-proficiencia-medica\\\/\",\"url\":\"https:\\\/\\\/www.grupomedcof.com.br\\\/blog\\\/exame-nacional-de-proficiencia-medica\\\/\",\"name\":\"Profimed no Plen\u00e1rio do Senado: confira os passos! - Blog de Medcof: conte\u00fados, editais, revalida e mais!\",\"isPartOf\":{\"@id\":\"https:\\\/\\\/www.grupomedcof.com.br\\\/blog\\\/#website\"},\"primaryImageOfPage\":{\"@id\":\"https:\\\/\\\/www.grupomedcof.com.br\\\/blog\\\/exame-nacional-de-proficiencia-medica\\\/#primaryimage\"},\"image\":{\"@id\":\"https:\\\/\\\/www.grupomedcof.com.br\\\/blog\\\/exame-nacional-de-proficiencia-medica\\\/#primaryimage\"},\"thumbnailUrl\":\"https:\\\/\\\/www.grupomedcof.com.br\\\/blog\\\/wp-content\\\/uploads\\\/2025\\\/03\\\/Blog-MedCof-2025-03-21T083417.974.jpg\",\"datePublished\":\"2026-03-05T11:01:19+00:00\",\"dateModified\":\"2026-03-30T13:40:22+00:00\",\"description\":\"Confira a linha do tempo completa da tramita\u00e7\u00e3o do Profimed, a \u201cOAB da Medicina\u201d, desde o in\u00edcio das discuss\u00f5es no Senado at\u00e9 a aprova\u00e7\u00e3o em turno suplementar e envio \u00e0 C\u00e2mara dos Deputados.\",\"breadcrumb\":{\"@id\":\"https:\\\/\\\/www.grupomedcof.com.br\\\/blog\\\/exame-nacional-de-proficiencia-medica\\\/#breadcrumb\"},\"inLanguage\":\"pt-BR\",\"potentialAction\":[{\"@type\":\"ReadAction\",\"target\":[\"https:\\\/\\\/www.grupomedcof.com.br\\\/blog\\\/exame-nacional-de-proficiencia-medica\\\/\"]}]},{\"@type\":\"ImageObject\",\"inLanguage\":\"pt-BR\",\"@id\":\"https:\\\/\\\/www.grupomedcof.com.br\\\/blog\\\/exame-nacional-de-proficiencia-medica\\\/#primaryimage\",\"url\":\"https:\\\/\\\/www.grupomedcof.com.br\\\/blog\\\/wp-content\\\/uploads\\\/2025\\\/03\\\/Blog-MedCof-2025-03-21T083417.974.jpg\",\"contentUrl\":\"https:\\\/\\\/www.grupomedcof.com.br\\\/blog\\\/wp-content\\\/uploads\\\/2025\\\/03\\\/Blog-MedCof-2025-03-21T083417.974.jpg\",\"width\":1920,\"height\":1080},{\"@type\":\"BreadcrumbList\",\"@id\":\"https:\\\/\\\/www.grupomedcof.com.br\\\/blog\\\/exame-nacional-de-proficiencia-medica\\\/#breadcrumb\",\"itemListElement\":[{\"@type\":\"ListItem\",\"position\":1,\"name\":\"In\u00edcio\",\"item\":\"https:\\\/\\\/www.grupomedcof.com.br\\\/blog\\\/\"},{\"@type\":\"ListItem\",\"position\":2,\"name\":\"Profimed no Plen\u00e1rio do Senado: confira os passos!\"}]},{\"@type\":\"WebSite\",\"@id\":\"https:\\\/\\\/www.grupomedcof.com.br\\\/blog\\\/#website\",\"url\":\"https:\\\/\\\/www.grupomedcof.com.br\\\/blog\\\/\",\"name\":\"Blog de Medcof: conte\u00fados, editais, revalida e mais!\",\"description\":\"Acesso o blog de MedCof! Seu portal de conte\u00fados sobre resid\u00eancia m\u00e9dica, an\u00e1lise e editais e muito mais. Clique e confira!\",\"publisher\":{\"@id\":\"https:\\\/\\\/www.grupomedcof.com.br\\\/blog\\\/#organization\"},\"alternateName\":\"Blog de Medcof: conte\u00fados, editais, revalida e mais!\",\"potentialAction\":[{\"@type\":\"SearchAction\",\"target\":{\"@type\":\"EntryPoint\",\"urlTemplate\":\"https:\\\/\\\/www.grupomedcof.com.br\\\/blog\\\/?s={search_term_string}\"},\"query-input\":{\"@type\":\"PropertyValueSpecification\",\"valueRequired\":true,\"valueName\":\"search_term_string\"}}],\"inLanguage\":\"pt-BR\"},{\"@type\":\"Organization\",\"@id\":\"https:\\\/\\\/www.grupomedcof.com.br\\\/blog\\\/#organization\",\"name\":\"Grupo MedCof\",\"url\":\"https:\\\/\\\/www.grupomedcof.com.br\\\/blog\\\/\",\"logo\":{\"@type\":\"ImageObject\",\"inLanguage\":\"pt-BR\",\"@id\":\"https:\\\/\\\/www.grupomedcof.com.br\\\/blog\\\/#\\\/schema\\\/logo\\\/image\\\/\",\"url\":\"https:\\\/\\\/www.grupomedcof.com.br\\\/blog\\\/wp-content\\\/uploads\\\/2022\\\/01\\\/logo-medcof.png\",\"contentUrl\":\"https:\\\/\\\/www.grupomedcof.com.br\\\/blog\\\/wp-content\\\/uploads\\\/2022\\\/01\\\/logo-medcof.png\",\"width\":768,\"height\":269,\"caption\":\"Grupo MedCof\"},\"image\":{\"@id\":\"https:\\\/\\\/www.grupomedcof.com.br\\\/blog\\\/#\\\/schema\\\/logo\\\/image\\\/\"},\"sameAs\":[\"https:\\\/\\\/www.facebook.com\\\/MedCofQbank\\\/\",\"https:\\\/\\\/www.instagram.com\\\/grupomedcof\\\/\",\"https:\\\/\\\/br.linkedin.com\\\/company\\\/medcof\",\"https:\\\/\\\/www.youtube.com\\\/channel\\\/UCdHMuOHKICxcHwecxN8P-AA\"]},{\"@type\":\"Person\",\"@id\":\"https:\\\/\\\/www.grupomedcof.com.br\\\/blog\\\/#\\\/schema\\\/person\\\/9a44c2184a836bf5ae6967fdb3a1451e\",\"name\":\"Leila Menzel\",\"image\":{\"@type\":\"ImageObject\",\"inLanguage\":\"pt-BR\",\"@id\":\"https:\\\/\\\/www.grupomedcof.com.br\\\/blog\\\/wp-content\\\/uploads\\\/2025\\\/09\\\/cropped-eu-96x96.jpeg19a74936d997c0a8b3031618467fa1d0\",\"url\":\"https:\\\/\\\/www.grupomedcof.com.br\\\/blog\\\/wp-content\\\/uploads\\\/2025\\\/09\\\/cropped-eu-96x96.jpeg\",\"contentUrl\":\"https:\\\/\\\/www.grupomedcof.com.br\\\/blog\\\/wp-content\\\/uploads\\\/2025\\\/09\\\/cropped-eu-96x96.jpeg\",\"caption\":\"Leila Menzel\"},\"description\":\"Estudante do 6\u00b0 semestre de jornalismo, amo e escrevo poesias e viajo em livros de romances clich\u00eas.\",\"url\":\"https:\\\/\\\/www.grupomedcof.com.br\\\/blog\\\/author\\\/leila-menzel\\\/\"}]}<\/script>\n<!-- \/ Yoast SEO Premium plugin. -->","yoast_head_json":{"title":"Profimed no Plen\u00e1rio do Senado: confira os passos! - Blog de Medcof: conte\u00fados, editais, revalida e mais!","description":"Confira a linha do tempo completa da tramita\u00e7\u00e3o do Profimed, a \u201cOAB da Medicina\u201d, desde o in\u00edcio das discuss\u00f5es no Senado at\u00e9 a aprova\u00e7\u00e3o em turno suplementar e envio \u00e0 C\u00e2mara dos Deputados.","robots":{"index":"index","follow":"follow","max-snippet":"max-snippet:-1","max-image-preview":"max-image-preview:large","max-video-preview":"max-video-preview:-1"},"canonical":"https:\/\/www.grupomedcof.com.br\/blog\/exame-nacional-de-proficiencia-medica\/","og_locale":"pt_BR","og_type":"article","og_title":"Profimed no Plen\u00e1rio do Senado: confira os passos!","og_description":"Confira a linha do tempo completa da tramita\u00e7\u00e3o do Profimed, a \u201cOAB da Medicina\u201d, desde o in\u00edcio das discuss\u00f5es no Senado at\u00e9 a aprova\u00e7\u00e3o em turno suplementar e envio \u00e0 C\u00e2mara dos Deputados.","og_url":"https:\/\/www.grupomedcof.com.br\/blog\/exame-nacional-de-proficiencia-medica\/","og_site_name":"Blog de Medcof: conte\u00fados, editais, revalida e mais!","article_publisher":"https:\/\/www.facebook.com\/MedCofQbank\/","article_published_time":"2026-03-05T11:01:19+00:00","article_modified_time":"2026-03-30T13:40:22+00:00","og_image":[{"width":1920,"height":1080,"url":"https:\/\/www.grupomedcof.com.br\/blog\/wp-content\/uploads\/2025\/03\/Blog-MedCof-2025-03-21T083417.974.jpg","type":"image\/jpeg"}],"author":"Leila Menzel","twitter_card":"summary_large_image","twitter_misc":{"Escrito por":"Leila Menzel","Est. tempo de leitura":"8 minutos"},"schema":{"@context":"https:\/\/schema.org","@graph":[{"@type":"Article","@id":"https:\/\/www.grupomedcof.com.br\/blog\/exame-nacional-de-proficiencia-medica\/#article","isPartOf":{"@id":"https:\/\/www.grupomedcof.com.br\/blog\/exame-nacional-de-proficiencia-medica\/"},"author":{"name":"Leila Menzel","@id":"https:\/\/www.grupomedcof.com.br\/blog\/#\/schema\/person\/9a44c2184a836bf5ae6967fdb3a1451e"},"headline":"Profimed no Plen\u00e1rio do Senado: confira os passos!","datePublished":"2026-03-05T11:01:19+00:00","dateModified":"2026-03-30T13:40:22+00:00","mainEntityOfPage":{"@id":"https:\/\/www.grupomedcof.com.br\/blog\/exame-nacional-de-proficiencia-medica\/"},"wordCount":1372,"publisher":{"@id":"https:\/\/www.grupomedcof.com.br\/blog\/#organization"},"image":{"@id":"https:\/\/www.grupomedcof.com.br\/blog\/exame-nacional-de-proficiencia-medica\/#primaryimage"},"thumbnailUrl":"https:\/\/www.grupomedcof.com.br\/blog\/wp-content\/uploads\/2025\/03\/Blog-MedCof-2025-03-21T083417.974.jpg","keywords":["AMB","OAB dos m\u00e9dicos","Profimed","Projeto de lei","Resid\u00eancia M\u00e9dica"],"articleSection":["Atualiza\u00e7\u00f5es","Not\u00edcias","Novidades"],"inLanguage":"pt-BR"},{"@type":"WebPage","@id":"https:\/\/www.grupomedcof.com.br\/blog\/exame-nacional-de-proficiencia-medica\/","url":"https:\/\/www.grupomedcof.com.br\/blog\/exame-nacional-de-proficiencia-medica\/","name":"Profimed no Plen\u00e1rio do Senado: confira os passos! - Blog de Medcof: conte\u00fados, editais, revalida e mais!","isPartOf":{"@id":"https:\/\/www.grupomedcof.com.br\/blog\/#website"},"primaryImageOfPage":{"@id":"https:\/\/www.grupomedcof.com.br\/blog\/exame-nacional-de-proficiencia-medica\/#primaryimage"},"image":{"@id":"https:\/\/www.grupomedcof.com.br\/blog\/exame-nacional-de-proficiencia-medica\/#primaryimage"},"thumbnailUrl":"https:\/\/www.grupomedcof.com.br\/blog\/wp-content\/uploads\/2025\/03\/Blog-MedCof-2025-03-21T083417.974.jpg","datePublished":"2026-03-05T11:01:19+00:00","dateModified":"2026-03-30T13:40:22+00:00","description":"Confira a linha do tempo completa da tramita\u00e7\u00e3o do Profimed, a \u201cOAB da Medicina\u201d, desde o in\u00edcio das discuss\u00f5es no Senado at\u00e9 a aprova\u00e7\u00e3o em turno suplementar e envio \u00e0 C\u00e2mara dos Deputados.","breadcrumb":{"@id":"https:\/\/www.grupomedcof.com.br\/blog\/exame-nacional-de-proficiencia-medica\/#breadcrumb"},"inLanguage":"pt-BR","potentialAction":[{"@type":"ReadAction","target":["https:\/\/www.grupomedcof.com.br\/blog\/exame-nacional-de-proficiencia-medica\/"]}]},{"@type":"ImageObject","inLanguage":"pt-BR","@id":"https:\/\/www.grupomedcof.com.br\/blog\/exame-nacional-de-proficiencia-medica\/#primaryimage","url":"https:\/\/www.grupomedcof.com.br\/blog\/wp-content\/uploads\/2025\/03\/Blog-MedCof-2025-03-21T083417.974.jpg","contentUrl":"https:\/\/www.grupomedcof.com.br\/blog\/wp-content\/uploads\/2025\/03\/Blog-MedCof-2025-03-21T083417.974.jpg","width":1920,"height":1080},{"@type":"BreadcrumbList","@id":"https:\/\/www.grupomedcof.com.br\/blog\/exame-nacional-de-proficiencia-medica\/#breadcrumb","itemListElement":[{"@type":"ListItem","position":1,"name":"In\u00edcio","item":"https:\/\/www.grupomedcof.com.br\/blog\/"},{"@type":"ListItem","position":2,"name":"Profimed no Plen\u00e1rio do Senado: confira os passos!"}]},{"@type":"WebSite","@id":"https:\/\/www.grupomedcof.com.br\/blog\/#website","url":"https:\/\/www.grupomedcof.com.br\/blog\/","name":"Blog de Medcof: conte\u00fados, editais, revalida e mais!","description":"Acesso o blog de MedCof! Seu portal de conte\u00fados sobre resid\u00eancia m\u00e9dica, an\u00e1lise e editais e muito mais. Clique e confira!","publisher":{"@id":"https:\/\/www.grupomedcof.com.br\/blog\/#organization"},"alternateName":"Blog de Medcof: conte\u00fados, editais, revalida e mais!","potentialAction":[{"@type":"SearchAction","target":{"@type":"EntryPoint","urlTemplate":"https:\/\/www.grupomedcof.com.br\/blog\/?s={search_term_string}"},"query-input":{"@type":"PropertyValueSpecification","valueRequired":true,"valueName":"search_term_string"}}],"inLanguage":"pt-BR"},{"@type":"Organization","@id":"https:\/\/www.grupomedcof.com.br\/blog\/#organization","name":"Grupo MedCof","url":"https:\/\/www.grupomedcof.com.br\/blog\/","logo":{"@type":"ImageObject","inLanguage":"pt-BR","@id":"https:\/\/www.grupomedcof.com.br\/blog\/#\/schema\/logo\/image\/","url":"https:\/\/www.grupomedcof.com.br\/blog\/wp-content\/uploads\/2022\/01\/logo-medcof.png","contentUrl":"https:\/\/www.grupomedcof.com.br\/blog\/wp-content\/uploads\/2022\/01\/logo-medcof.png","width":768,"height":269,"caption":"Grupo MedCof"},"image":{"@id":"https:\/\/www.grupomedcof.com.br\/blog\/#\/schema\/logo\/image\/"},"sameAs":["https:\/\/www.facebook.com\/MedCofQbank\/","https:\/\/www.instagram.com\/grupomedcof\/","https:\/\/br.linkedin.com\/company\/medcof","https:\/\/www.youtube.com\/channel\/UCdHMuOHKICxcHwecxN8P-AA"]},{"@type":"Person","@id":"https:\/\/www.grupomedcof.com.br\/blog\/#\/schema\/person\/9a44c2184a836bf5ae6967fdb3a1451e","name":"Leila Menzel","image":{"@type":"ImageObject","inLanguage":"pt-BR","@id":"https:\/\/www.grupomedcof.com.br\/blog\/wp-content\/uploads\/2025\/09\/cropped-eu-96x96.jpeg19a74936d997c0a8b3031618467fa1d0","url":"https:\/\/www.grupomedcof.com.br\/blog\/wp-content\/uploads\/2025\/09\/cropped-eu-96x96.jpeg","contentUrl":"https:\/\/www.grupomedcof.com.br\/blog\/wp-content\/uploads\/2025\/09\/cropped-eu-96x96.jpeg","caption":"Leila Menzel"},"description":"Estudante do 6\u00b0 semestre de jornalismo, amo e escrevo poesias e viajo em livros de romances clich\u00eas.","url":"https:\/\/www.grupomedcof.com.br\/blog\/author\/leila-menzel\/"}]}},"authors":[{"term_id":3616,"user_id":20,"is_guest":0,"slug":"leila-menzel","display_name":"Leila Menzel","avatar_url":"https:\/\/www.grupomedcof.com.br\/blog\/wp-content\/uploads\/2025\/09\/cropped-eu-96x96.jpeg","0":null,"1":"","2":"","3":"","4":"","5":"","6":"","7":"","8":""}],"_links":{"self":[{"href":"https:\/\/www.grupomedcof.com.br\/blog\/wp-json\/wp\/v2\/posts\/34688","targetHints":{"allow":["GET"]}}],"collection":[{"href":"https:\/\/www.grupomedcof.com.br\/blog\/wp-json\/wp\/v2\/posts"}],"about":[{"href":"https:\/\/www.grupomedcof.com.br\/blog\/wp-json\/wp\/v2\/types\/post"}],"author":[{"embeddable":true,"href":"https:\/\/www.grupomedcof.com.br\/blog\/wp-json\/wp\/v2\/users\/20"}],"replies":[{"embeddable":true,"href":"https:\/\/www.grupomedcof.com.br\/blog\/wp-json\/wp\/v2\/comments?post=34688"}],"version-history":[{"count":7,"href":"https:\/\/www.grupomedcof.com.br\/blog\/wp-json\/wp\/v2\/posts\/34688\/revisions"}],"predecessor-version":[{"id":42509,"href":"https:\/\/www.grupomedcof.com.br\/blog\/wp-json\/wp\/v2\/posts\/34688\/revisions\/42509"}],"wp:featuredmedia":[{"embeddable":true,"href":"https:\/\/www.grupomedcof.com.br\/blog\/wp-json\/wp\/v2\/media\/34690"}],"wp:attachment":[{"href":"https:\/\/www.grupomedcof.com.br\/blog\/wp-json\/wp\/v2\/media?parent=34688"}],"wp:term":[{"taxonomy":"category","embeddable":true,"href":"https:\/\/www.grupomedcof.com.br\/blog\/wp-json\/wp\/v2\/categories?post=34688"},{"taxonomy":"post_tag","embeddable":true,"href":"https:\/\/www.grupomedcof.com.br\/blog\/wp-json\/wp\/v2\/tags?post=34688"},{"taxonomy":"author","embeddable":true,"href":"https:\/\/www.grupomedcof.com.br\/blog\/wp-json\/wp\/v2\/ppma_author?post=34688"}],"curies":[{"name":"wp","href":"https:\/\/api.w.org\/{rel}","templated":true}]}}