{"id":34724,"date":"2025-04-15T12:06:09","date_gmt":"2025-04-15T15:06:09","guid":{"rendered":"https:\/\/www.grupomedcof.com.br\/blog\/?p=34724"},"modified":"2026-04-08T09:28:23","modified_gmt":"2026-04-08T12:28:23","slug":"fila-de-espera-sus","status":"publish","type":"post","link":"https:\/\/www.grupomedcof.com.br\/blog\/fila-de-espera-sus\/","title":{"rendered":"Governo pretende levar cirurgias do SUS para hospitais privados"},"content":{"rendered":"<div id=\"ez-toc-container\" class=\"ez-toc-v2_0_74 counter-hierarchy ez-toc-counter ez-toc-transparent ez-toc-container-direction\">\n<div class=\"ez-toc-title-container\">\n<p class=\"ez-toc-title\" style=\"cursor:inherit\">Sum\u00e1rio<\/p>\n<span class=\"ez-toc-title-toggle\"><a href=\"#\" class=\"ez-toc-pull-right ez-toc-btn ez-toc-btn-xs ez-toc-btn-default ez-toc-toggle\" aria-label=\"Alternar tabela de conte\u00fado\"><span class=\"ez-toc-js-icon-con\"><span class=\"\"><span class=\"eztoc-hide\" style=\"display:none;\">Toggle<\/span><span class=\"ez-toc-icon-toggle-span\"><svg style=\"fill: #999;color:#999\" xmlns=\"http:\/\/www.w3.org\/2000\/svg\" class=\"list-377408\" width=\"20px\" height=\"20px\" viewBox=\"0 0 24 24\" fill=\"none\"><path d=\"M6 6H4v2h2V6zm14 0H8v2h12V6zM4 11h2v2H4v-2zm16 0H8v2h12v-2zM4 16h2v2H4v-2zm16 0H8v2h12v-2z\" fill=\"currentColor\"><\/path><\/svg><svg style=\"fill: #999;color:#999\" class=\"arrow-unsorted-368013\" xmlns=\"http:\/\/www.w3.org\/2000\/svg\" width=\"10px\" height=\"10px\" viewBox=\"0 0 24 24\" version=\"1.2\" baseProfile=\"tiny\"><path d=\"M18.2 9.3l-6.2-6.3-6.2 6.3c-.2.2-.3.4-.3.7s.1.5.3.7c.2.2.4.3.7.3h11c.3 0 .5-.1.7-.3.2-.2.3-.5.3-.7s-.1-.5-.3-.7zM5.8 14.7l6.2 6.3 6.2-6.3c.2-.2.3-.5.3-.7s-.1-.5-.3-.7c-.2-.2-.4-.3-.7-.3h-11c-.3 0-.5.1-.7.3-.2.2-.3.5-.3.7s.1.5.3.7z\"\/><\/svg><\/span><\/span><\/span><\/a><\/span><\/div>\n<nav><ul class='ez-toc-list ez-toc-list-level-1 ' ><li class='ez-toc-page-1 ez-toc-heading-level-2'><a class=\"ez-toc-link ez-toc-heading-1\" href=\"https:\/\/www.grupomedcof.com.br\/blog\/fila-de-espera-sus\/#Fila_do_SUS_atinge_maior_tempo_de_espera_da_historia\" >Fila do SUS atinge maior tempo de espera da hist\u00f3ria<\/a><\/li><li class='ez-toc-page-1 ez-toc-heading-level-2'><a class=\"ez-toc-link ez-toc-heading-2\" href=\"https:\/\/www.grupomedcof.com.br\/blog\/fila-de-espera-sus\/#Ampliacao_do_programa_%E2%80%9CMais_Acesso_a_Especialistas%E2%80%9D\" >Amplia\u00e7\u00e3o do programa &#8220;Mais Acesso a Especialistas&#8221;<\/a><ul class='ez-toc-list-level-3' ><li class='ez-toc-heading-level-3'><a class=\"ez-toc-link ez-toc-heading-3\" href=\"https:\/\/www.grupomedcof.com.br\/blog\/fila-de-espera-sus\/#O_que_e_o_programa\" >O que \u00e9 o programa?<\/a><\/li><\/ul><\/li><li class='ez-toc-page-1 ez-toc-heading-level-2'><a class=\"ez-toc-link ez-toc-heading-4\" href=\"https:\/\/www.grupomedcof.com.br\/blog\/fila-de-espera-sus\/#Impactos_para_os_pacientes\" >Impactos para os pacientes<\/a><\/li><li class='ez-toc-page-1 ez-toc-heading-level-2'><a class=\"ez-toc-link ez-toc-heading-5\" href=\"https:\/\/www.grupomedcof.com.br\/blog\/fila-de-espera-sus\/#Outras_medidas_do_governo_para_reduzir_o_tempo_de_espera\" >Outras medidas do governo para reduzir o tempo de espera<\/a><\/li><li class='ez-toc-page-1 ez-toc-heading-level-2'><a class=\"ez-toc-link ez-toc-heading-6\" href=\"https:\/\/www.grupomedcof.com.br\/blog\/fila-de-espera-sus\/#Seja_um_MedCofer\" >Seja um MedCofer!<\/a><\/li><\/ul><\/nav><\/div>\n\n<figure class=\"wp-block-image size-large\"><img loading=\"lazy\" decoding=\"async\" width=\"1024\" height=\"576\" src=\"https:\/\/www.grupomedcof.com.br\/blog\/wp-content\/uploads\/2025\/03\/Blog-MedCof-71-1024x576.png\" alt=\"\" class=\"wp-image-34727\" srcset=\"https:\/\/www.grupomedcof.com.br\/blog\/wp-content\/uploads\/2025\/03\/Blog-MedCof-71-1024x576.png 1024w, https:\/\/www.grupomedcof.com.br\/blog\/wp-content\/uploads\/2025\/03\/Blog-MedCof-71-300x169.png 300w, https:\/\/www.grupomedcof.com.br\/blog\/wp-content\/uploads\/2025\/03\/Blog-MedCof-71-768x432.png 768w, https:\/\/www.grupomedcof.com.br\/blog\/wp-content\/uploads\/2025\/03\/Blog-MedCof-71-1536x864.png 1536w, https:\/\/www.grupomedcof.com.br\/blog\/wp-content\/uploads\/2025\/03\/Blog-MedCof-71-747x420.png 747w, https:\/\/www.grupomedcof.com.br\/blog\/wp-content\/uploads\/2025\/03\/Blog-MedCof-71-150x84.png 150w, https:\/\/www.grupomedcof.com.br\/blog\/wp-content\/uploads\/2025\/03\/Blog-MedCof-71-696x392.png 696w, https:\/\/www.grupomedcof.com.br\/blog\/wp-content\/uploads\/2025\/03\/Blog-MedCof-71-1068x601.png 1068w, https:\/\/www.grupomedcof.com.br\/blog\/wp-content\/uploads\/2025\/03\/Blog-MedCof-71.png 1920w\" sizes=\"auto, (max-width: 1024px) 100vw, 1024px\" \/><\/figure>\n\n\n\n<p>Ap\u00f3s atingir um recorde hist\u00f3rico na fila de espera por consultas no SUS, o governo estuda levar cirurgias de hospitais p\u00fablicos para hospitais privados. Entenda!<\/p>\n\n\n\n<h2 class=\"wp-block-heading\" id=\"h-fila-do-sus-atinge-maior-tempo-de-espera-da-historia\"><span class=\"ez-toc-section\" id=\"Fila_do_SUS_atinge_maior_tempo_de_espera_da_historia\"><\/span><strong>Fila do SUS atinge maior tempo de espera da hist\u00f3ria<\/strong><span class=\"ez-toc-section-end\"><\/span><\/h2>\n\n\n\n<p>A fila de espera por consultas no <strong>Sistema \u00danico de Sa\u00fade (SUS)<\/strong> atingiu um <strong>recorde hist\u00f3rico<\/strong>, evidenciando a <strong>crise no atendimento p\u00fablico de sa\u00fade no Brasil<\/strong>. Pacientes aguardam <strong>meses<\/strong>, e em alguns casos, at\u00e9 <strong>anos<\/strong> para conseguir uma consulta especializada, o que pode <strong>comprometer diagn\u00f3sticos e tratamentos<\/strong>. O problema gera impactos diretos na qualidade da assist\u00eancia m\u00e9dica e refor\u00e7a a necessidade de <strong>medidas urgentes<\/strong> para reduzir a <strong>sobrecarga do sistema<\/strong>.<\/p>\n\n\n\n<p>Dados recentes revelam que o tempo m\u00e9dio de espera por uma consulta especializada no SUS <strong>nunca foi t\u00e3o alto<\/strong>. Em algumas regi\u00f5es, a espera pode <strong>ultrapassar dois anos<\/strong> para determinadas especialidades, como <strong>cardiologia<\/strong>, <strong>neurologia<\/strong> e <strong>ortopedia<\/strong>. Entre os principais fatores que agravam essa situa\u00e7\u00e3o est\u00e3o:<\/p>\n\n\n\n<ul class=\"wp-block-list\">\n<li><strong>D\u00e9ficit de m\u00e9dicos especialistas<\/strong>: A distribui\u00e7\u00e3o desigual de profissionais no pa\u00eds dificulta o acesso a diversas especialidades.<\/li>\n\n\n\n<li><strong>Baixo investimento em infraestrutura<\/strong>: Falta de equipamentos, insumos e unidades de atendimento aumentam os gargalos no sistema.<\/li>\n\n\n\n<li><strong>Aten\u00e7\u00e3o b\u00e1sica sobrecarregada<\/strong>: Sem um atendimento preventivo eficiente, muitas doen\u00e7as evoluem para quadros mais graves, exigindo consultas especializadas.<\/li>\n\n\n\n<li><strong>Efeitos da pandemia<\/strong>: O ac\u00famulo de atendimentos represados durante a crise sanit\u00e1ria ainda impacta a fila do SUS.<\/li>\n<\/ul>\n\n\n\n<div class=\"wp-block-group\"><div class=\"wp-block-group__inner-container is-layout-constrained wp-block-group-is-layout-constrained\">\n<h2 class=\"wp-block-heading\" id=\"h-ampliacao-do-programa-mais-acesso-a-especialistas\"><span class=\"ez-toc-section\" id=\"Ampliacao_do_programa_%E2%80%9CMais_Acesso_a_Especialistas%E2%80%9D\"><\/span><strong>Amplia\u00e7\u00e3o do programa &#8220;Mais Acesso a Especialistas&#8221;<\/strong><span class=\"ez-toc-section-end\"><\/span><\/h2>\n\n\n\n<p>A proposta pretende trocar d\u00edvidas de hospitais e planos de sa\u00fade por cirurgias e exames realizados na rede privada que faz parte da reformula\u00e7\u00e3o do programa &#8220;Mais Acesso a Especialistas&#8221;. A utiliza\u00e7\u00e3o de hospitais particulares pelo paciente da rede p\u00fablica j\u00e1 ocorre por meio de decis\u00f5es judiciais, e agora com a decis\u00e3o, desafogar\u00e1 as filas do SUS. O plano prev\u00ea:<\/p>\n\n\n\n<ul class=\"wp-block-list\">\n<li>Parcerias com o setor privado\u00a0para realiza\u00e7\u00e3o de procedimentos;<\/li>\n\n\n\n<li>Contrata\u00e7\u00e3o de equipes m\u00e9dicas;<\/li>\n\n\n\n<li>Amplia\u00e7\u00e3o de mutir\u00f5es\u00a0fora da rede p\u00fablica.<\/li>\n<\/ul>\n\n\n\n<h3 class=\"wp-block-heading\" id=\"h-o-que-e-o-programa\"><span class=\"ez-toc-section\" id=\"O_que_e_o_programa\"><\/span><strong>O que \u00e9 o programa?<\/strong><span class=\"ez-toc-section-end\"><\/span><\/h3>\n\n\n\n<p>O programa &#8220;<a href=\"https:\/\/www.gov.br\/saude\/pt-br\/composicao\/saes\/pmae\" target=\"_blank\" rel=\"noreferrer noopener\">Mais Acesso a Especialistas<\/a>&#8221; foi lan\u00e7ado em abril de 2024, com o objetivo de ampliar e qualificar o cuidado e o acesso \u00e0 Aten\u00e7\u00e3o Especializada em Sa\u00fade (AES). O foco principal \u00e9 tornar o acesso do paciente \u00e0s consultas e aos exames especializados o mais r\u00e1pido poss\u00edvel e com menos burocracia, a partir do encaminhamento realizado pelas equipes de\u00a0Aten\u00e7\u00e3o Prim\u00e1ria.<\/p>\n<\/div><\/div>\n\n\n\n<h2 class=\"wp-block-heading\" id=\"h-impactos-para-os-pacientes\"><span class=\"ez-toc-section\" id=\"Impactos_para_os_pacientes\"><\/span><strong>Impactos para os pacientes<\/strong><span class=\"ez-toc-section-end\"><\/span><\/h2>\n\n\n\n<p>A demora no acesso \u00e0 sa\u00fade p\u00fablica tem <strong>consequ\u00eancias s\u00e9rias<\/strong> para a popula\u00e7\u00e3o. Pacientes com <strong>doen\u00e7as cr\u00f4nicas<\/strong>, como <strong>diabetes<\/strong>, <strong>hipertens\u00e3o<\/strong> e <strong>c\u00e2ncer<\/strong>, correm risco de <strong>agravamento do quadro cl\u00ednico<\/strong> enquanto aguardam atendimento. Al\u00e9m disso, a longa espera <strong>aumenta a demanda por urg\u00eancia e emerg\u00eancia<\/strong>, sobrecarregando ainda mais o sistema hospitalar.<\/p>\n\n\n\n<h2 class=\"wp-block-heading\" id=\"h-outras-medidas-do-governo-para-reduzir-o-tempo-de-espera\"><span class=\"ez-toc-section\" id=\"Outras_medidas_do_governo_para_reduzir_o_tempo_de_espera\"><\/span><strong>Outras medidas do governo para reduzir o tempo de espera<\/strong><span class=\"ez-toc-section-end\"><\/span><\/h2>\n\n\n\n<p>Diante desse cen\u00e1rio alarmante, o <strong>Minist\u00e9rio da Sa\u00fade (MS)<\/strong> e a <strong>Empresa Brasileira de Servi\u00e7os Hospitalares (Ebserh)<\/strong> est\u00e3o <strong><a href=\"https:\/\/www.gov.br\/saude\/pt-br\/assuntos\/noticias\/2025\/marco\/ministerio-da-saude-e-ebserh-reforcam-parceria-para-reduzir-tempo-de-espera-no-sus\" target=\"_blank\" rel=\"noreferrer noopener\">implementando a\u00e7\u00f5es<\/a><\/strong> para mitigar o problema.<\/p>\n\n\n\n<p>Em mar\u00e7o de 2025, o <strong>ministro da sa\u00fade<\/strong>, <strong>Alexandre Padilha<\/strong>, prop\u00f4s que os hospitais universit\u00e1rios <strong>ampliem os hor\u00e1rios de atendimento para diagn\u00f3sticos e cirurgias eletivas<\/strong>, incluindo <strong>atendimentos aos s\u00e1bados<\/strong>. Essa iniciativa visa aumentar a capacidade de atendimento e reduzir o tempo de espera no SUS.<\/p>\n\n\n\n<p>Al\u00e9m disso, o <strong>Minist\u00e9rio da Sa\u00fade<\/strong> estabeleceu <strong><a href=\"https:\/\/www.gov.br\/saude\/pt-br\/assuntos\/noticias\/2025\/marco\/no-ceara-governo-federal-implanta-pacote-de-acoes-para-reduzir-o-tempo-de-espera-no-sus\" target=\"_blank\" rel=\"noreferrer noopener\">novas diretrizes<\/a> para a regula\u00e7\u00e3o assistencial no SUS<\/strong>, determinando a <strong>obrigatoriedade e a periodicidade<\/strong> de envio de dados de <strong>solicita\u00e7\u00f5es de procedimentos e encaminhamentos<\/strong> a servi\u00e7os especializados para a <strong>Rede Nacional de Dados em Sa\u00fade (RNDS)<\/strong>. Essa medida busca garantir um fluxo mais \u00e1gil e informatizado das informa\u00e7\u00f5es sobre regula\u00e7\u00e3o, beneficiando gestores e cidad\u00e3os que dependem dos servi\u00e7os de sa\u00fade p\u00fablica.<\/p>\n\n\n\n<p>A <strong>Ebserh<\/strong> tamb\u00e9m est\u00e1 colaborando com o <strong>Minist\u00e9rio da Sa\u00fade<\/strong> no <strong>Programa Mais Acesso a Especialistas<\/strong>, que tem como foco tornar o acesso do paciente \u00e0s consultas e aos exames especializados mais r\u00e1pido e menos burocr\u00e1tico. A estrat\u00e9gia prev\u00ea que, quando o paciente precisar de mais de uma consulta ou exame especializado, ele seja encaminhado a um servi\u00e7o de sa\u00fade que realize todas, ou a maioria, das consultas e exames necess\u00e1rios, evitando m\u00faltiplas filas de espera.<\/p>\n\n\n\n<h2 class=\"wp-block-heading\"><span class=\"ez-toc-section\" id=\"Seja_um_MedCofer\"><\/span><strong>Seja um MedCofer!<\/strong><span class=\"ez-toc-section-end\"><\/span><\/h2>\n\n\n\n<p>Quer alcan\u00e7ar a aprova\u00e7\u00e3o nas provas de resid\u00eancia m\u00e9dica? Ent\u00e3o seja um\u00a0<a href=\"https:\/\/www.grupomedcof.com.br\/home\/\" target=\"_blank\" rel=\"noreferrer noopener\"><strong>MedCofer<\/strong><\/a>! Aqui te ajudaremos na busca da aprova\u00e7\u00e3o com conte\u00fados de qualidade e uma metodologia que j\u00e1 aprovou mais de 10 mil residentes no pa\u00eds! Por fim, acesse o nosso<a href=\"https:\/\/www.youtube.com\/@GrupoMedcof\/featured\">\u00a0<strong>canal do youtube\u00a0<\/strong><\/a>para ver o nosso material.<\/p>\n\n\n\n<figure class=\"wp-block-embed is-type-video is-provider-youtube wp-block-embed-youtube wp-embed-aspect-16-9 wp-has-aspect-ratio\"><div class=\"wp-block-embed__wrapper\">\n<iframe loading=\"lazy\" title=\"SingularCast T2 Ep.18 - A vida acontece (e est\u00e1 tudo bem)\" width=\"696\" height=\"392\" src=\"https:\/\/www.youtube.com\/embed\/8fZIIk60qmY?feature=oembed\" frameborder=\"0\" allow=\"accelerometer; autoplay; clipboard-write; encrypted-media; gyroscope; picture-in-picture; web-share\" referrerpolicy=\"strict-origin-when-cross-origin\" allowfullscreen><\/iframe>\n<\/div><\/figure>\n","protected":false},"excerpt":{"rendered":"<p>O SUS atingiu recorde hist\u00f3rico na fila de espera. Entenda a proposta de levar cirurgias de hospitais p\u00fablicos para a rede privada e seus impactos.<\/p>\n","protected":false},"author":23,"featured_media":34727,"comment_status":"closed","ping_status":"closed","sticky":false,"template":"","format":"standard","meta":{"footnotes":""},"categories":[240,173],"tags":[1460,805],"ppma_author":[3618],"class_list":{"0":"post-34724","1":"post","2":"type-post","3":"status-publish","4":"format-standard","5":"has-post-thumbnail","7":"category-noticias","8":"category-novidades","9":"tag-noticias","10":"tag-sus"},"yoast_head":"<!-- This site is optimized with the Yoast SEO Premium plugin v24.3 (Yoast SEO v27.4) - https:\/\/yoast.com\/product\/yoast-seo-premium-wordpress\/ -->\n<title>Governo pretende levar cirurgias do SUS para hospitais privados - Blog de Medcof: conte\u00fados, editais, revalida e mais!<\/title>\n<meta name=\"description\" content=\"O SUS atingiu recorde hist\u00f3rico na fila de espera. Entenda a proposta de levar cirurgias de hospitais p\u00fablicos para a rede privada e seus impactos.\" \/>\n<meta name=\"robots\" content=\"index, follow, max-snippet:-1, max-image-preview:large, max-video-preview:-1\" \/>\n<link rel=\"canonical\" href=\"https:\/\/www.grupomedcof.com.br\/blog\/fila-de-espera-sus\/\" \/>\n<meta property=\"og:locale\" content=\"pt_BR\" \/>\n<meta property=\"og:type\" content=\"article\" \/>\n<meta property=\"og:title\" content=\"Governo pretende levar cirurgias do SUS para hospitais privados\" \/>\n<meta property=\"og:description\" content=\"O SUS atingiu recorde hist\u00f3rico na fila de espera. Entenda a proposta de levar cirurgias de hospitais p\u00fablicos para a rede privada e seus impactos.\" \/>\n<meta property=\"og:url\" content=\"https:\/\/www.grupomedcof.com.br\/blog\/fila-de-espera-sus\/\" \/>\n<meta property=\"og:site_name\" content=\"Blog de Medcof: conte\u00fados, editais, revalida e mais!\" \/>\n<meta property=\"article:publisher\" content=\"https:\/\/www.facebook.com\/MedCofQbank\/\" \/>\n<meta property=\"article:published_time\" content=\"2025-04-15T15:06:09+00:00\" \/>\n<meta property=\"article:modified_time\" content=\"2026-04-08T12:28:23+00:00\" \/>\n<meta property=\"og:image\" content=\"https:\/\/www.grupomedcof.com.br\/blog\/wp-content\/uploads\/2025\/03\/Blog-MedCof-71.png\" \/>\n\t<meta property=\"og:image:width\" content=\"1920\" \/>\n\t<meta property=\"og:image:height\" content=\"1080\" \/>\n\t<meta property=\"og:image:type\" content=\"image\/png\" \/>\n<meta name=\"author\" content=\"Lu\u00edsa Porto\" \/>\n<meta name=\"twitter:card\" content=\"summary_large_image\" \/>\n<meta name=\"twitter:label1\" content=\"Escrito por\" \/>\n\t<meta name=\"twitter:data1\" content=\"Lu\u00edsa Porto\" \/>\n\t<meta name=\"twitter:label2\" content=\"Est. tempo de leitura\" \/>\n\t<meta name=\"twitter:data2\" content=\"5 minutos\" \/>\n<script type=\"application\/ld+json\" class=\"yoast-schema-graph\">{\"@context\":\"https:\\\/\\\/schema.org\",\"@graph\":[{\"@type\":\"Article\",\"@id\":\"https:\\\/\\\/www.grupomedcof.com.br\\\/blog\\\/fila-de-espera-sus\\\/#article\",\"isPartOf\":{\"@id\":\"https:\\\/\\\/www.grupomedcof.com.br\\\/blog\\\/fila-de-espera-sus\\\/\"},\"author\":{\"name\":\"Lu\u00edsa Porto\",\"@id\":\"https:\\\/\\\/www.grupomedcof.com.br\\\/blog\\\/#\\\/schema\\\/person\\\/d755ffce500bd0766bbf0e4e6572518f\"},\"headline\":\"Governo pretende levar cirurgias do SUS para hospitais privados\",\"datePublished\":\"2025-04-15T15:06:09+00:00\",\"dateModified\":\"2026-04-08T12:28:23+00:00\",\"mainEntityOfPage\":{\"@id\":\"https:\\\/\\\/www.grupomedcof.com.br\\\/blog\\\/fila-de-espera-sus\\\/\"},\"wordCount\":819,\"publisher\":{\"@id\":\"https:\\\/\\\/www.grupomedcof.com.br\\\/blog\\\/#organization\"},\"image\":{\"@id\":\"https:\\\/\\\/www.grupomedcof.com.br\\\/blog\\\/fila-de-espera-sus\\\/#primaryimage\"},\"thumbnailUrl\":\"https:\\\/\\\/www.grupomedcof.com.br\\\/blog\\\/wp-content\\\/uploads\\\/2025\\\/03\\\/Blog-MedCof-71.png\",\"keywords\":[\"not\u00edcias\",\"SUS\"],\"articleSection\":[\"Not\u00edcias\",\"Novidades\"],\"inLanguage\":\"pt-BR\"},{\"@type\":\"WebPage\",\"@id\":\"https:\\\/\\\/www.grupomedcof.com.br\\\/blog\\\/fila-de-espera-sus\\\/\",\"url\":\"https:\\\/\\\/www.grupomedcof.com.br\\\/blog\\\/fila-de-espera-sus\\\/\",\"name\":\"Governo pretende levar cirurgias do SUS para hospitais privados - Blog de Medcof: conte\u00fados, editais, revalida e mais!\",\"isPartOf\":{\"@id\":\"https:\\\/\\\/www.grupomedcof.com.br\\\/blog\\\/#website\"},\"primaryImageOfPage\":{\"@id\":\"https:\\\/\\\/www.grupomedcof.com.br\\\/blog\\\/fila-de-espera-sus\\\/#primaryimage\"},\"image\":{\"@id\":\"https:\\\/\\\/www.grupomedcof.com.br\\\/blog\\\/fila-de-espera-sus\\\/#primaryimage\"},\"thumbnailUrl\":\"https:\\\/\\\/www.grupomedcof.com.br\\\/blog\\\/wp-content\\\/uploads\\\/2025\\\/03\\\/Blog-MedCof-71.png\",\"datePublished\":\"2025-04-15T15:06:09+00:00\",\"dateModified\":\"2026-04-08T12:28:23+00:00\",\"description\":\"O SUS atingiu recorde hist\u00f3rico na fila de espera. Entenda a proposta de levar cirurgias de hospitais p\u00fablicos para a rede privada e seus impactos.\",\"breadcrumb\":{\"@id\":\"https:\\\/\\\/www.grupomedcof.com.br\\\/blog\\\/fila-de-espera-sus\\\/#breadcrumb\"},\"inLanguage\":\"pt-BR\",\"potentialAction\":[{\"@type\":\"ReadAction\",\"target\":[\"https:\\\/\\\/www.grupomedcof.com.br\\\/blog\\\/fila-de-espera-sus\\\/\"]}]},{\"@type\":\"ImageObject\",\"inLanguage\":\"pt-BR\",\"@id\":\"https:\\\/\\\/www.grupomedcof.com.br\\\/blog\\\/fila-de-espera-sus\\\/#primaryimage\",\"url\":\"https:\\\/\\\/www.grupomedcof.com.br\\\/blog\\\/wp-content\\\/uploads\\\/2025\\\/03\\\/Blog-MedCof-71.png\",\"contentUrl\":\"https:\\\/\\\/www.grupomedcof.com.br\\\/blog\\\/wp-content\\\/uploads\\\/2025\\\/03\\\/Blog-MedCof-71.png\",\"width\":1920,\"height\":1080},{\"@type\":\"BreadcrumbList\",\"@id\":\"https:\\\/\\\/www.grupomedcof.com.br\\\/blog\\\/fila-de-espera-sus\\\/#breadcrumb\",\"itemListElement\":[{\"@type\":\"ListItem\",\"position\":1,\"name\":\"In\u00edcio\",\"item\":\"https:\\\/\\\/www.grupomedcof.com.br\\\/blog\\\/\"},{\"@type\":\"ListItem\",\"position\":2,\"name\":\"Governo pretende levar cirurgias do SUS para hospitais privados\"}]},{\"@type\":\"WebSite\",\"@id\":\"https:\\\/\\\/www.grupomedcof.com.br\\\/blog\\\/#website\",\"url\":\"https:\\\/\\\/www.grupomedcof.com.br\\\/blog\\\/\",\"name\":\"Blog de Medcof: conte\u00fados, editais, revalida e mais!\",\"description\":\"Acesso o blog de MedCof! Seu portal de conte\u00fados sobre resid\u00eancia m\u00e9dica, an\u00e1lise e editais e muito mais. Clique e confira!\",\"publisher\":{\"@id\":\"https:\\\/\\\/www.grupomedcof.com.br\\\/blog\\\/#organization\"},\"alternateName\":\"Blog de Medcof: conte\u00fados, editais, revalida e mais!\",\"potentialAction\":[{\"@type\":\"SearchAction\",\"target\":{\"@type\":\"EntryPoint\",\"urlTemplate\":\"https:\\\/\\\/www.grupomedcof.com.br\\\/blog\\\/?s={search_term_string}\"},\"query-input\":{\"@type\":\"PropertyValueSpecification\",\"valueRequired\":true,\"valueName\":\"search_term_string\"}}],\"inLanguage\":\"pt-BR\"},{\"@type\":\"Organization\",\"@id\":\"https:\\\/\\\/www.grupomedcof.com.br\\\/blog\\\/#organization\",\"name\":\"Grupo MedCof\",\"url\":\"https:\\\/\\\/www.grupomedcof.com.br\\\/blog\\\/\",\"logo\":{\"@type\":\"ImageObject\",\"inLanguage\":\"pt-BR\",\"@id\":\"https:\\\/\\\/www.grupomedcof.com.br\\\/blog\\\/#\\\/schema\\\/logo\\\/image\\\/\",\"url\":\"https:\\\/\\\/www.grupomedcof.com.br\\\/blog\\\/wp-content\\\/uploads\\\/2022\\\/01\\\/logo-medcof.png\",\"contentUrl\":\"https:\\\/\\\/www.grupomedcof.com.br\\\/blog\\\/wp-content\\\/uploads\\\/2022\\\/01\\\/logo-medcof.png\",\"width\":768,\"height\":269,\"caption\":\"Grupo MedCof\"},\"image\":{\"@id\":\"https:\\\/\\\/www.grupomedcof.com.br\\\/blog\\\/#\\\/schema\\\/logo\\\/image\\\/\"},\"sameAs\":[\"https:\\\/\\\/www.facebook.com\\\/MedCofQbank\\\/\",\"https:\\\/\\\/www.instagram.com\\\/grupomedcof\\\/\",\"https:\\\/\\\/br.linkedin.com\\\/company\\\/medcof\",\"https:\\\/\\\/www.youtube.com\\\/channel\\\/UCdHMuOHKICxcHwecxN8P-AA\"]},{\"@type\":\"Person\",\"@id\":\"https:\\\/\\\/www.grupomedcof.com.br\\\/blog\\\/#\\\/schema\\\/person\\\/d755ffce500bd0766bbf0e4e6572518f\",\"name\":\"Lu\u00edsa Porto\",\"image\":{\"@type\":\"ImageObject\",\"inLanguage\":\"pt-BR\",\"@id\":\"https:\\\/\\\/www.grupomedcof.com.br\\\/blog\\\/wp-content\\\/uploads\\\/2025\\\/05\\\/cropped-WhatsApp-Image-2025-05-05-at-19.22.15-96x96.jpegd989589e3fd3e4fb9efe9268a95bbcc4\",\"url\":\"https:\\\/\\\/www.grupomedcof.com.br\\\/blog\\\/wp-content\\\/uploads\\\/2025\\\/05\\\/cropped-WhatsApp-Image-2025-05-05-at-19.22.15-96x96.jpeg\",\"contentUrl\":\"https:\\\/\\\/www.grupomedcof.com.br\\\/blog\\\/wp-content\\\/uploads\\\/2025\\\/05\\\/cropped-WhatsApp-Image-2025-05-05-at-19.22.15-96x96.jpeg\",\"caption\":\"Lu\u00edsa Porto\"},\"description\":\"Estudante de Jornalismo do 6\u00ba semestre, encantada pela \u00e1rea da comunica\u00e7\u00e3o e f\u00e3 de automobilismo\",\"url\":\"https:\\\/\\\/www.grupomedcof.com.br\\\/blog\\\/author\\\/porto\\\/\"}]}<\/script>\n<!-- \/ Yoast SEO Premium plugin. -->","yoast_head_json":{"title":"Governo pretende levar cirurgias do SUS para hospitais privados - Blog de Medcof: conte\u00fados, editais, revalida e mais!","description":"O SUS atingiu recorde hist\u00f3rico na fila de espera. Entenda a proposta de levar cirurgias de hospitais p\u00fablicos para a rede privada e seus impactos.","robots":{"index":"index","follow":"follow","max-snippet":"max-snippet:-1","max-image-preview":"max-image-preview:large","max-video-preview":"max-video-preview:-1"},"canonical":"https:\/\/www.grupomedcof.com.br\/blog\/fila-de-espera-sus\/","og_locale":"pt_BR","og_type":"article","og_title":"Governo pretende levar cirurgias do SUS para hospitais privados","og_description":"O SUS atingiu recorde hist\u00f3rico na fila de espera. Entenda a proposta de levar cirurgias de hospitais p\u00fablicos para a rede privada e seus impactos.","og_url":"https:\/\/www.grupomedcof.com.br\/blog\/fila-de-espera-sus\/","og_site_name":"Blog de Medcof: conte\u00fados, editais, revalida e mais!","article_publisher":"https:\/\/www.facebook.com\/MedCofQbank\/","article_published_time":"2025-04-15T15:06:09+00:00","article_modified_time":"2026-04-08T12:28:23+00:00","og_image":[{"width":1920,"height":1080,"url":"https:\/\/www.grupomedcof.com.br\/blog\/wp-content\/uploads\/2025\/03\/Blog-MedCof-71.png","type":"image\/png"}],"author":"Lu\u00edsa Porto","twitter_card":"summary_large_image","twitter_misc":{"Escrito por":"Lu\u00edsa Porto","Est. tempo de leitura":"5 minutos"},"schema":{"@context":"https:\/\/schema.org","@graph":[{"@type":"Article","@id":"https:\/\/www.grupomedcof.com.br\/blog\/fila-de-espera-sus\/#article","isPartOf":{"@id":"https:\/\/www.grupomedcof.com.br\/blog\/fila-de-espera-sus\/"},"author":{"name":"Lu\u00edsa Porto","@id":"https:\/\/www.grupomedcof.com.br\/blog\/#\/schema\/person\/d755ffce500bd0766bbf0e4e6572518f"},"headline":"Governo pretende levar cirurgias do SUS para hospitais privados","datePublished":"2025-04-15T15:06:09+00:00","dateModified":"2026-04-08T12:28:23+00:00","mainEntityOfPage":{"@id":"https:\/\/www.grupomedcof.com.br\/blog\/fila-de-espera-sus\/"},"wordCount":819,"publisher":{"@id":"https:\/\/www.grupomedcof.com.br\/blog\/#organization"},"image":{"@id":"https:\/\/www.grupomedcof.com.br\/blog\/fila-de-espera-sus\/#primaryimage"},"thumbnailUrl":"https:\/\/www.grupomedcof.com.br\/blog\/wp-content\/uploads\/2025\/03\/Blog-MedCof-71.png","keywords":["not\u00edcias","SUS"],"articleSection":["Not\u00edcias","Novidades"],"inLanguage":"pt-BR"},{"@type":"WebPage","@id":"https:\/\/www.grupomedcof.com.br\/blog\/fila-de-espera-sus\/","url":"https:\/\/www.grupomedcof.com.br\/blog\/fila-de-espera-sus\/","name":"Governo pretende levar cirurgias do SUS para hospitais privados - Blog de Medcof: conte\u00fados, editais, revalida e mais!","isPartOf":{"@id":"https:\/\/www.grupomedcof.com.br\/blog\/#website"},"primaryImageOfPage":{"@id":"https:\/\/www.grupomedcof.com.br\/blog\/fila-de-espera-sus\/#primaryimage"},"image":{"@id":"https:\/\/www.grupomedcof.com.br\/blog\/fila-de-espera-sus\/#primaryimage"},"thumbnailUrl":"https:\/\/www.grupomedcof.com.br\/blog\/wp-content\/uploads\/2025\/03\/Blog-MedCof-71.png","datePublished":"2025-04-15T15:06:09+00:00","dateModified":"2026-04-08T12:28:23+00:00","description":"O SUS atingiu recorde hist\u00f3rico na fila de espera. Entenda a proposta de levar cirurgias de hospitais p\u00fablicos para a rede privada e seus impactos.","breadcrumb":{"@id":"https:\/\/www.grupomedcof.com.br\/blog\/fila-de-espera-sus\/#breadcrumb"},"inLanguage":"pt-BR","potentialAction":[{"@type":"ReadAction","target":["https:\/\/www.grupomedcof.com.br\/blog\/fila-de-espera-sus\/"]}]},{"@type":"ImageObject","inLanguage":"pt-BR","@id":"https:\/\/www.grupomedcof.com.br\/blog\/fila-de-espera-sus\/#primaryimage","url":"https:\/\/www.grupomedcof.com.br\/blog\/wp-content\/uploads\/2025\/03\/Blog-MedCof-71.png","contentUrl":"https:\/\/www.grupomedcof.com.br\/blog\/wp-content\/uploads\/2025\/03\/Blog-MedCof-71.png","width":1920,"height":1080},{"@type":"BreadcrumbList","@id":"https:\/\/www.grupomedcof.com.br\/blog\/fila-de-espera-sus\/#breadcrumb","itemListElement":[{"@type":"ListItem","position":1,"name":"In\u00edcio","item":"https:\/\/www.grupomedcof.com.br\/blog\/"},{"@type":"ListItem","position":2,"name":"Governo pretende levar cirurgias do SUS para hospitais privados"}]},{"@type":"WebSite","@id":"https:\/\/www.grupomedcof.com.br\/blog\/#website","url":"https:\/\/www.grupomedcof.com.br\/blog\/","name":"Blog de Medcof: conte\u00fados, editais, revalida e mais!","description":"Acesso o blog de MedCof! Seu portal de conte\u00fados sobre resid\u00eancia m\u00e9dica, an\u00e1lise e editais e muito mais. Clique e confira!","publisher":{"@id":"https:\/\/www.grupomedcof.com.br\/blog\/#organization"},"alternateName":"Blog de Medcof: conte\u00fados, editais, revalida e mais!","potentialAction":[{"@type":"SearchAction","target":{"@type":"EntryPoint","urlTemplate":"https:\/\/www.grupomedcof.com.br\/blog\/?s={search_term_string}"},"query-input":{"@type":"PropertyValueSpecification","valueRequired":true,"valueName":"search_term_string"}}],"inLanguage":"pt-BR"},{"@type":"Organization","@id":"https:\/\/www.grupomedcof.com.br\/blog\/#organization","name":"Grupo MedCof","url":"https:\/\/www.grupomedcof.com.br\/blog\/","logo":{"@type":"ImageObject","inLanguage":"pt-BR","@id":"https:\/\/www.grupomedcof.com.br\/blog\/#\/schema\/logo\/image\/","url":"https:\/\/www.grupomedcof.com.br\/blog\/wp-content\/uploads\/2022\/01\/logo-medcof.png","contentUrl":"https:\/\/www.grupomedcof.com.br\/blog\/wp-content\/uploads\/2022\/01\/logo-medcof.png","width":768,"height":269,"caption":"Grupo MedCof"},"image":{"@id":"https:\/\/www.grupomedcof.com.br\/blog\/#\/schema\/logo\/image\/"},"sameAs":["https:\/\/www.facebook.com\/MedCofQbank\/","https:\/\/www.instagram.com\/grupomedcof\/","https:\/\/br.linkedin.com\/company\/medcof","https:\/\/www.youtube.com\/channel\/UCdHMuOHKICxcHwecxN8P-AA"]},{"@type":"Person","@id":"https:\/\/www.grupomedcof.com.br\/blog\/#\/schema\/person\/d755ffce500bd0766bbf0e4e6572518f","name":"Lu\u00edsa Porto","image":{"@type":"ImageObject","inLanguage":"pt-BR","@id":"https:\/\/www.grupomedcof.com.br\/blog\/wp-content\/uploads\/2025\/05\/cropped-WhatsApp-Image-2025-05-05-at-19.22.15-96x96.jpegd989589e3fd3e4fb9efe9268a95bbcc4","url":"https:\/\/www.grupomedcof.com.br\/blog\/wp-content\/uploads\/2025\/05\/cropped-WhatsApp-Image-2025-05-05-at-19.22.15-96x96.jpeg","contentUrl":"https:\/\/www.grupomedcof.com.br\/blog\/wp-content\/uploads\/2025\/05\/cropped-WhatsApp-Image-2025-05-05-at-19.22.15-96x96.jpeg","caption":"Lu\u00edsa Porto"},"description":"Estudante de Jornalismo do 6\u00ba semestre, encantada pela \u00e1rea da comunica\u00e7\u00e3o e f\u00e3 de automobilismo","url":"https:\/\/www.grupomedcof.com.br\/blog\/author\/porto\/"}]}},"authors":[{"term_id":3618,"user_id":23,"is_guest":0,"slug":"porto","display_name":"Lu\u00edsa Porto","avatar_url":"https:\/\/www.grupomedcof.com.br\/blog\/wp-content\/uploads\/2025\/05\/cropped-WhatsApp-Image-2025-05-05-at-19.22.15-96x96.jpeg","0":null,"1":"","2":"","3":"","4":"","5":"","6":"","7":"","8":""}],"_links":{"self":[{"href":"https:\/\/www.grupomedcof.com.br\/blog\/wp-json\/wp\/v2\/posts\/34724","targetHints":{"allow":["GET"]}}],"collection":[{"href":"https:\/\/www.grupomedcof.com.br\/blog\/wp-json\/wp\/v2\/posts"}],"about":[{"href":"https:\/\/www.grupomedcof.com.br\/blog\/wp-json\/wp\/v2\/types\/post"}],"author":[{"embeddable":true,"href":"https:\/\/www.grupomedcof.com.br\/blog\/wp-json\/wp\/v2\/users\/23"}],"replies":[{"embeddable":true,"href":"https:\/\/www.grupomedcof.com.br\/blog\/wp-json\/wp\/v2\/comments?post=34724"}],"version-history":[{"count":1,"href":"https:\/\/www.grupomedcof.com.br\/blog\/wp-json\/wp\/v2\/posts\/34724\/revisions"}],"predecessor-version":[{"id":42803,"href":"https:\/\/www.grupomedcof.com.br\/blog\/wp-json\/wp\/v2\/posts\/34724\/revisions\/42803"}],"wp:featuredmedia":[{"embeddable":true,"href":"https:\/\/www.grupomedcof.com.br\/blog\/wp-json\/wp\/v2\/media\/34727"}],"wp:attachment":[{"href":"https:\/\/www.grupomedcof.com.br\/blog\/wp-json\/wp\/v2\/media?parent=34724"}],"wp:term":[{"taxonomy":"category","embeddable":true,"href":"https:\/\/www.grupomedcof.com.br\/blog\/wp-json\/wp\/v2\/categories?post=34724"},{"taxonomy":"post_tag","embeddable":true,"href":"https:\/\/www.grupomedcof.com.br\/blog\/wp-json\/wp\/v2\/tags?post=34724"},{"taxonomy":"author","embeddable":true,"href":"https:\/\/www.grupomedcof.com.br\/blog\/wp-json\/wp\/v2\/ppma_author?post=34724"}],"curies":[{"name":"wp","href":"https:\/\/api.w.org\/{rel}","templated":true}]}}