{"id":34744,"date":"2026-03-27T10:07:07","date_gmt":"2026-03-27T13:07:07","guid":{"rendered":"https:\/\/www.grupomedcof.com.br\/blog\/?p=34744"},"modified":"2026-03-27T10:07:10","modified_gmt":"2026-03-27T13:07:10","slug":"cancer-de-colo-de-utero","status":"publish","type":"post","link":"https:\/\/www.grupomedcof.com.br\/blog\/cancer-de-colo-de-utero\/","title":{"rendered":"Mar\u00e7o Lil\u00e1s: prevenindo o c\u00e2ncer de colo de \u00fatero\u00a0"},"content":{"rendered":"<div id=\"ez-toc-container\" class=\"ez-toc-v2_0_74 counter-hierarchy ez-toc-counter ez-toc-transparent ez-toc-container-direction\">\n<div class=\"ez-toc-title-container\">\n<p class=\"ez-toc-title\" style=\"cursor:inherit\">Sum\u00e1rio<\/p>\n<span class=\"ez-toc-title-toggle\"><a href=\"#\" class=\"ez-toc-pull-right ez-toc-btn ez-toc-btn-xs ez-toc-btn-default ez-toc-toggle\" aria-label=\"Alternar tabela de conte\u00fado\"><span class=\"ez-toc-js-icon-con\"><span class=\"\"><span class=\"eztoc-hide\" style=\"display:none;\">Toggle<\/span><span class=\"ez-toc-icon-toggle-span\"><svg style=\"fill: #999;color:#999\" xmlns=\"http:\/\/www.w3.org\/2000\/svg\" class=\"list-377408\" width=\"20px\" height=\"20px\" viewBox=\"0 0 24 24\" fill=\"none\"><path d=\"M6 6H4v2h2V6zm14 0H8v2h12V6zM4 11h2v2H4v-2zm16 0H8v2h12v-2zM4 16h2v2H4v-2zm16 0H8v2h12v-2z\" fill=\"currentColor\"><\/path><\/svg><svg style=\"fill: #999;color:#999\" class=\"arrow-unsorted-368013\" xmlns=\"http:\/\/www.w3.org\/2000\/svg\" width=\"10px\" height=\"10px\" viewBox=\"0 0 24 24\" version=\"1.2\" baseProfile=\"tiny\"><path d=\"M18.2 9.3l-6.2-6.3-6.2 6.3c-.2.2-.3.4-.3.7s.1.5.3.7c.2.2.4.3.7.3h11c.3 0 .5-.1.7-.3.2-.2.3-.5.3-.7s-.1-.5-.3-.7zM5.8 14.7l6.2 6.3 6.2-6.3c.2-.2.3-.5.3-.7s-.1-.5-.3-.7c-.2-.2-.4-.3-.7-.3h-11c-.3 0-.5.1-.7.3-.2.2-.3.5-.3.7s.1.5.3.7z\"\/><\/svg><\/span><\/span><\/span><\/a><\/span><\/div>\n<nav><ul class='ez-toc-list ez-toc-list-level-1 ' ><li class='ez-toc-page-1 ez-toc-heading-level-2'><a class=\"ez-toc-link ez-toc-heading-1\" href=\"https:\/\/www.grupomedcof.com.br\/blog\/cancer-de-colo-de-utero\/#Campanha_de_luta_contra_o_cancer\" >Campanha de luta contra o c\u00e2ncer&nbsp;<\/a><\/li><li class='ez-toc-page-1 ez-toc-heading-level-2'><a class=\"ez-toc-link ez-toc-heading-2\" href=\"https:\/\/www.grupomedcof.com.br\/blog\/cancer-de-colo-de-utero\/#O_que_e_o_Cancer_de_Colo_do_Utero\" >O que \u00e9 o C\u00e2ncer de Colo do \u00datero?<\/a><\/li><li class='ez-toc-page-1 ez-toc-heading-level-2'><a class=\"ez-toc-link ez-toc-heading-3\" href=\"https:\/\/www.grupomedcof.com.br\/blog\/cancer-de-colo-de-utero\/#A_Importancia_da_Conscientizacao\" >A Import\u00e2ncia da Conscientiza\u00e7\u00e3o<\/a><ul class='ez-toc-list-level-3' ><li class='ez-toc-heading-level-3'><a class=\"ez-toc-link ez-toc-heading-4\" href=\"https:\/\/www.grupomedcof.com.br\/blog\/cancer-de-colo-de-utero\/#Fatores_de_Risco_e_Prevencao\" >Fatores de Risco e Preven\u00e7\u00e3o<\/a><\/li><\/ul><\/li><li class='ez-toc-page-1 ez-toc-heading-level-2'><a class=\"ez-toc-link ez-toc-heading-5\" href=\"https:\/\/www.grupomedcof.com.br\/blog\/cancer-de-colo-de-utero\/#Sintomas_e_Sinais_de_Alerta\" >Sintomas e Sinais de Alerta<\/a><\/li><li class='ez-toc-page-1 ez-toc-heading-level-2'><a class=\"ez-toc-link ez-toc-heading-6\" href=\"https:\/\/www.grupomedcof.com.br\/blog\/cancer-de-colo-de-utero\/#Tratamento_do_cancer_de_colo_de_utero\" >Tratamento do c\u00e2ncer de colo de \u00fatero\u00a0<\/a><\/li><li class='ez-toc-page-1 ez-toc-heading-level-2'><a class=\"ez-toc-link ez-toc-heading-7\" href=\"https:\/\/www.grupomedcof.com.br\/blog\/cancer-de-colo-de-utero\/#Como_conquistar_a_aprovacao_na_residencia\" >Como conquistar a aprova\u00e7\u00e3o na resid\u00eancia?<\/a><\/li><\/ul><\/nav><\/div>\n\n<figure class=\"wp-block-image size-large\"><img loading=\"lazy\" decoding=\"async\" width=\"1024\" height=\"576\" src=\"https:\/\/www.grupomedcof.com.br\/blog\/wp-content\/uploads\/2025\/03\/Blog-MedCof-2025-03-24T105629.459-1024x576.jpg\" alt=\"\" class=\"wp-image-34750\" srcset=\"https:\/\/www.grupomedcof.com.br\/blog\/wp-content\/uploads\/2025\/03\/Blog-MedCof-2025-03-24T105629.459-1024x576.jpg 1024w, https:\/\/www.grupomedcof.com.br\/blog\/wp-content\/uploads\/2025\/03\/Blog-MedCof-2025-03-24T105629.459-300x169.jpg 300w, https:\/\/www.grupomedcof.com.br\/blog\/wp-content\/uploads\/2025\/03\/Blog-MedCof-2025-03-24T105629.459-768x432.jpg 768w, https:\/\/www.grupomedcof.com.br\/blog\/wp-content\/uploads\/2025\/03\/Blog-MedCof-2025-03-24T105629.459-1536x864.jpg 1536w, https:\/\/www.grupomedcof.com.br\/blog\/wp-content\/uploads\/2025\/03\/Blog-MedCof-2025-03-24T105629.459-747x420.jpg 747w, https:\/\/www.grupomedcof.com.br\/blog\/wp-content\/uploads\/2025\/03\/Blog-MedCof-2025-03-24T105629.459-150x84.jpg 150w, https:\/\/www.grupomedcof.com.br\/blog\/wp-content\/uploads\/2025\/03\/Blog-MedCof-2025-03-24T105629.459-696x392.jpg 696w, https:\/\/www.grupomedcof.com.br\/blog\/wp-content\/uploads\/2025\/03\/Blog-MedCof-2025-03-24T105629.459-1068x601.jpg 1068w, https:\/\/www.grupomedcof.com.br\/blog\/wp-content\/uploads\/2025\/03\/Blog-MedCof-2025-03-24T105629.459.jpg 1920w\" sizes=\"auto, (max-width: 1024px) 100vw, 1024px\" \/><\/figure>\n\n\n\n<h2 class=\"wp-block-heading\" id=\"h-campanha-de-luta-contra-o-cancer\"><span class=\"ez-toc-section\" id=\"Campanha_de_luta_contra_o_cancer\"><\/span><strong>Campanha de luta contra o c\u00e2ncer&nbsp;<\/strong><span class=\"ez-toc-section-end\"><\/span><\/h2>\n\n\n\n<p><strong>Mar\u00e7o se tinge de lil\u00e1s<\/strong>, cor que simboliza a luta contra o <strong>c\u00e2ncer de colo do \u00fatero<\/strong>, uma doen\u00e7a que, apesar de ser altamente preven\u00edvel e trat\u00e1vel, ainda afeta milhares de mulheres em todo o mundo. O <a href=\"https:\/\/www.grupomedcof.com.br\/blog\/marco-lilas\/\" type=\"link\" id=\"https:\/\/www.grupomedcof.com.br\/blog\/marco-lilas\/\"><strong>Mar\u00e7o Lil\u00e1s<\/strong><\/a> \u00e9 uma campanha de conscientiza\u00e7\u00e3o que visa informar, educar e promover a preven\u00e7\u00e3o e o diagn\u00f3stico precoce desta doen\u00e7a.<\/p>\n\n\n\n<h2 class=\"wp-block-heading\" id=\"h-o-que-e-o-cancer-de-colo-do-utero\"><span class=\"ez-toc-section\" id=\"O_que_e_o_Cancer_de_Colo_do_Utero\"><\/span><strong>O que \u00e9 o C\u00e2ncer de Colo do \u00datero?<\/strong><span class=\"ez-toc-section-end\"><\/span><\/h2>\n\n\n\n<p>O <strong>c\u00e2ncer de colo do \u00fatero<\/strong> \u00e9 um tumor maligno que se desenvolve nas c\u00e9lulas do colo do \u00fatero, a parte inferior do \u00fatero que se conecta \u00e0 vagina. Na maioria dos casos, \u00e9 causado pela infec\u00e7\u00e3o persistente pelo v\u00edrus do papiloma humano <strong>(HPV)<\/strong>, um v\u00edrus sexualmente transmiss\u00edvel.<\/p>\n\n\n\n<figure class=\"wp-block-image size-full\"><img loading=\"lazy\" decoding=\"async\" width=\"839\" height=\"892\" src=\"https:\/\/www.grupomedcof.com.br\/blog\/wp-content\/uploads\/2025\/03\/image-1.jpeg\" alt=\"\" class=\"wp-image-42474\" srcset=\"https:\/\/www.grupomedcof.com.br\/blog\/wp-content\/uploads\/2025\/03\/image-1.jpeg 839w, https:\/\/www.grupomedcof.com.br\/blog\/wp-content\/uploads\/2025\/03\/image-1-282x300.jpeg 282w, https:\/\/www.grupomedcof.com.br\/blog\/wp-content\/uploads\/2025\/03\/image-1-768x817.jpeg 768w, https:\/\/www.grupomedcof.com.br\/blog\/wp-content\/uploads\/2025\/03\/image-1-395x420.jpeg 395w, https:\/\/www.grupomedcof.com.br\/blog\/wp-content\/uploads\/2025\/03\/image-1-150x159.jpeg 150w, https:\/\/www.grupomedcof.com.br\/blog\/wp-content\/uploads\/2025\/03\/image-1-300x319.jpeg 300w, https:\/\/www.grupomedcof.com.br\/blog\/wp-content\/uploads\/2025\/03\/image-1-696x740.jpeg 696w\" sizes=\"auto, (max-width: 839px) 100vw, 839px\" \/><figcaption class=\"wp-element-caption\">Radiografia Contrastada da Pelve para an\u00e1lise do Colo do \u00datero. Fonte: Acervo pessoal Dra. Marilia Bertolazzi<\/figcaption><\/figure>\n\n\n\n<h2 class=\"wp-block-heading\" id=\"h-a-importancia-da-conscientizacao\"><span class=\"ez-toc-section\" id=\"A_Importancia_da_Conscientizacao\"><\/span><strong>A Import\u00e2ncia da Conscientiza\u00e7\u00e3o<\/strong><span class=\"ez-toc-section-end\"><\/span><\/h2>\n\n\n\n<p>A conscientiza\u00e7\u00e3o \u00e9 a principal arma na luta contra o <strong>c\u00e2ncer de colo do \u00fatero<\/strong>. Informar as mulheres sobre os fatores de risco, <strong>os sintomas e as op\u00e7\u00f5es de rastreamento pode levar a diagn\u00f3sticos mais precoces e, consequentemente, a melhores resultados no tratamento<\/strong>.<\/p>\n\n\n\n<h3 class=\"wp-block-heading\" id=\"h-fatores-de-risco-e-prevencao\"><span class=\"ez-toc-section\" id=\"Fatores_de_Risco_e_Prevencao\"><\/span><strong>Fatores de Risco e Preven\u00e7\u00e3o<\/strong><span class=\"ez-toc-section-end\"><\/span><\/h3>\n\n\n\n<p>Diversos fatores podem aumentar o <strong>risco de desenvolver c\u00e2ncer de colo do \u00fatero<\/strong>, incluindo:<\/p>\n\n\n\n<ul class=\"wp-block-list\">\n<li><strong>Infec\u00e7\u00e3o pelo HPV<\/strong>: A infec\u00e7\u00e3o persistente por tipos de HPV de alto risco (principalmente os tipos 16 e 18) \u00e9 a principal causa do c\u00e2ncer de colo do \u00fatero;<\/li>\n\n\n\n<li><strong>Tabagismo<\/strong>: Fumar aumenta o risco de desenvolver a doen\u00e7a;<\/li>\n\n\n\n<li><strong>Imunossupress\u00e3o<\/strong>: Mulheres com sistema imunol\u00f3gico enfraquecido (por exemplo, devido ao HIV ou ao uso de medicamentos imunossupressores) t\u00eam maior risco;<\/li>\n\n\n\n<li><strong>In\u00edcio Precoce da Atividade Sexual<\/strong>: Iniciar a atividade sexual em idade precoce aumenta o risco de infec\u00e7\u00e3o pelo HPV;<\/li>\n\n\n\n<li><strong>M\u00faltiplos Parceiros Sexuais<\/strong>: Ter m\u00faltiplos parceiros sexuais ou ter um parceiro com m\u00faltiplos parceiros aumenta o risco de infec\u00e7\u00e3o pelo HPV;<\/li>\n\n\n\n<li><strong>Outras Infec\u00e7\u00f5es Sexualmente Transmiss\u00edveis (ISTs)<\/strong>: Ter outras ISTs, como clam\u00eddia ou herpes, pode aumentar o risco;<\/li>\n\n\n\n<li><strong>Uso Prolongado de Anticoncepcionais Orais<\/strong>: O uso prolongado de p\u00edlulas anticoncepcionais pode aumentar o risco;<\/li>\n\n\n\n<li><strong>Baixo N\u00edvel Socioecon\u00f4mico<\/strong>: A falta de acesso a servi\u00e7os de sa\u00fade e informa\u00e7\u00f5es aumenta o risco.<\/li>\n<\/ul>\n\n\n\n<p>A preven\u00e7\u00e3o envolve a ado\u00e7\u00e3o de medidas como <strong>vacina\u00e7\u00e3o contra o HPV<\/strong>, altamente eficaz na preven\u00e7\u00e3o da infec\u00e7\u00e3o pelos tipos de HPV que causam a maioria dos casos de <strong>c\u00e2ncer de colo do \u00fatero<\/strong> (a recomenda\u00e7\u00e3o \u00e9 a vacina\u00e7\u00e3o para meninas e meninos antes do in\u00edcio da atividade sexual), uso de preservativos, n\u00e3o tabagismo e rastreamento precoce.<\/p>\n\n\n\n<p>O rastreamento \u00e9 fundamental para detectar o <strong>c\u00e2ncer de colo do \u00fatero<\/strong> em est\u00e1gios iniciais, quando as chances de cura s\u00e3o maiores. O principal exame de rastreamento \u00e9 o <strong>Papanicolau<\/strong>, tamb\u00e9m conhecido como exame citopatol\u00f3gico. Nesse exame simples e r\u00e1pido s\u00e3o coletadas c\u00e9lulas do colo do \u00fatero para an\u00e1lise laboratorial. Recomenda-se que mulheres entre <strong>25 e 64<\/strong> anos realizem o Papanicolau anualmente. Ap\u00f3s dois exames consecutivos normais, o exame pode ser feito a cada tr\u00eas anos.<\/p>\n\n\n\n<h2 class=\"wp-block-heading\" id=\"h-sintomas-e-sinais-de-alerta\"><span class=\"ez-toc-section\" id=\"Sintomas_e_Sinais_de_Alerta\"><\/span><strong>Sintomas e Sinais de Alerta<\/strong><span class=\"ez-toc-section-end\"><\/span><\/h2>\n\n\n\n<p>Na maioria dos casos, o <strong>c\u00e2ncer de colo do \u00fatero em est\u00e1gio inicial n\u00e3o causa sintomas<\/strong>. No entanto, em est\u00e1gios mais avan\u00e7ados, podem ocorrer:<\/p>\n\n\n\n<ul class=\"wp-block-list\">\n<li>Sangramento vaginal anormal (fora do per\u00edodo menstrual, ap\u00f3s a rela\u00e7\u00e3o sexual ou ap\u00f3s a menopausa);<\/li>\n\n\n\n<li>Corrimento vaginal incomum;<\/li>\n\n\n\n<li>Dor p\u00e9lvica;<\/li>\n\n\n\n<li>Dor durante a rela\u00e7\u00e3o sexual.<\/li>\n<\/ul>\n\n\n\n<h2 class=\"wp-block-heading\" id=\"h-tratamento-do-cancer-de-colo-de-utero\"><span class=\"ez-toc-section\" id=\"Tratamento_do_cancer_de_colo_de_utero\"><\/span><strong>Tratamento<\/strong> <strong>do c\u00e2ncer de colo de \u00fatero\u00a0<\/strong><span class=\"ez-toc-section-end\"><\/span><\/h2>\n\n\n\n<p>O tratamento do <strong>c\u00e2ncer de colo do \u00fatero<\/strong> depende do est\u00e1gio da doen\u00e7a e pode incluir cirurgia, radioterapia, quimioterapia e terapias-alvo. A cirurgia pode envolver a remo\u00e7\u00e3o do colo do \u00fatero (coniza\u00e7\u00e3o) ou do \u00fatero (histerectomia).<\/p>\n\n\n\n<h2 class=\"wp-block-heading\" id=\"como-conquistar-a-aprova\u00e7\u00e3o-na-resid\u00eancia\"><span class=\"ez-toc-section\" id=\"Como_conquistar_a_aprovacao_na_residencia\"><\/span><strong>Como conquistar a aprova\u00e7\u00e3o na resid\u00eancia?<\/strong><span class=\"ez-toc-section-end\"><\/span><\/h2>\n\n\n\n<p>Quer alcan\u00e7ar a aprova\u00e7\u00e3o nas provas de resid\u00eancia m\u00e9dica? Ent\u00e3o seja um&nbsp;<a href=\"https:\/\/www.grupomedcof.com.br\/home\/\">MedCofer<\/a>! Aqui te ajudaremos na busca da aprova\u00e7\u00e3o com conte\u00fados de qualidade e uma&nbsp;<a href=\"https:\/\/www.grupomedcof.com.br\/blog\/presenca-da-medcof-nas-aprovacoes-em-residencia-medica-no-brasil\/\">metodologia que j\u00e1 aprovou mais de 10 mil residentes no pa\u00eds!&nbsp;<\/a>Por fim, acesse o nosso<a href=\"https:\/\/www.youtube.com\/@GrupoMedcof\/featured\">&nbsp;<strong>canal do youtube&nbsp;<\/strong><\/a>para ver o nosso material.<\/p>\n\n\n\n<figure class=\"wp-block-embed is-type-video is-provider-youtube wp-block-embed-youtube wp-embed-aspect-16-9 wp-has-aspect-ratio\"><div class=\"wp-block-embed__wrapper\">\n<div class=\"youtube-embed\" data-video_id=\"846GLoNLzPo\"><iframe loading=\"lazy\" title=\"COFEXPRESS - C\u00e2ncer de colo de \u00fatero. Com Dra. Mar\u00edlia Bertollazzi\" width=\"696\" height=\"392\" src=\"https:\/\/www.youtube.com\/embed\/846GLoNLzPo?start=1&#038;feature=oembed\" frameborder=\"0\" allow=\"accelerometer; autoplay; clipboard-write; encrypted-media; gyroscope; picture-in-picture; web-share\" referrerpolicy=\"strict-origin-when-cross-origin\" allowfullscreen><\/iframe><\/div>\n<\/div><\/figure>\n","protected":false},"excerpt":{"rendered":"<p>Mar\u00e7o se tinge de lil\u00e1s, cor que simboliza a luta contra o c\u00e2ncer de colo de \u00fatero &#8211; doen\u00e7a que ainda afeta milhares de mulheres. Veja!<\/p>\n","protected":false},"author":21,"featured_media":34750,"comment_status":"closed","ping_status":"closed","sticky":false,"template":"","format":"standard","meta":{"footnotes":""},"categories":[125],"tags":[1525,1803,1406,2740],"ppma_author":[3617],"class_list":{"0":"post-34744","1":"post","2":"type-post","3":"status-publish","4":"format-standard","5":"has-post-thumbnail","7":"category-ginecologia-e-obstetricia","8":"tag-cancer","9":"tag-cancer-de-colo-de-utero","10":"tag-hpv","11":"tag-marco-lilas"},"yoast_head":"<!-- This site is optimized with the Yoast SEO Premium plugin v24.3 (Yoast SEO v27.4) - https:\/\/yoast.com\/product\/yoast-seo-premium-wordpress\/ -->\n<title>Mar\u00e7o Lil\u00e1s: prevenindo o c\u00e2ncer de colo de \u00fatero\u00a0 - Blog de Medcof: conte\u00fados, editais, revalida e mais!<\/title>\n<meta name=\"description\" content=\"Mar\u00e7o se tinge de lil\u00e1s, cor que simboliza a luta contra o c\u00e2ncer de colo de \u00fatero - doen\u00e7a que ainda afeta milhares de mulheres. Veja!\" \/>\n<meta name=\"robots\" content=\"index, follow, max-snippet:-1, max-image-preview:large, max-video-preview:-1\" \/>\n<link rel=\"canonical\" href=\"https:\/\/www.grupomedcof.com.br\/blog\/cancer-de-colo-de-utero\/\" \/>\n<meta property=\"og:locale\" content=\"pt_BR\" \/>\n<meta property=\"og:type\" content=\"article\" \/>\n<meta property=\"og:title\" content=\"Mar\u00e7o Lil\u00e1s: prevenindo o c\u00e2ncer de colo de \u00fatero\u00a0\" \/>\n<meta property=\"og:description\" content=\"Mar\u00e7o se tinge de lil\u00e1s, cor que simboliza a luta contra o c\u00e2ncer de colo de \u00fatero - doen\u00e7a que ainda afeta milhares de mulheres. Veja!\" \/>\n<meta property=\"og:url\" content=\"https:\/\/www.grupomedcof.com.br\/blog\/cancer-de-colo-de-utero\/\" \/>\n<meta property=\"og:site_name\" content=\"Blog de Medcof: conte\u00fados, editais, revalida e mais!\" \/>\n<meta property=\"article:publisher\" content=\"https:\/\/www.facebook.com\/MedCofQbank\/\" \/>\n<meta property=\"article:published_time\" content=\"2026-03-27T13:07:07+00:00\" \/>\n<meta property=\"article:modified_time\" content=\"2026-03-27T13:07:10+00:00\" \/>\n<meta property=\"og:image\" content=\"https:\/\/www.grupomedcof.com.br\/blog\/wp-content\/uploads\/2025\/03\/Blog-MedCof-2025-03-24T105629.459.jpg\" \/>\n\t<meta property=\"og:image:width\" content=\"1920\" \/>\n\t<meta property=\"og:image:height\" content=\"1080\" \/>\n\t<meta property=\"og:image:type\" content=\"image\/jpeg\" \/>\n<meta name=\"author\" content=\"Kiara Adelino\" \/>\n<meta name=\"twitter:card\" content=\"summary_large_image\" \/>\n<meta name=\"twitter:label1\" content=\"Escrito por\" \/>\n\t<meta name=\"twitter:data1\" content=\"Kiara Adelino\" \/>\n\t<meta name=\"twitter:label2\" content=\"Est. tempo de leitura\" \/>\n\t<meta name=\"twitter:data2\" content=\"5 minutos\" \/>\n<script type=\"application\/ld+json\" class=\"yoast-schema-graph\">{\"@context\":\"https:\\\/\\\/schema.org\",\"@graph\":[{\"@type\":\"Article\",\"@id\":\"https:\\\/\\\/www.grupomedcof.com.br\\\/blog\\\/cancer-de-colo-de-utero\\\/#article\",\"isPartOf\":{\"@id\":\"https:\\\/\\\/www.grupomedcof.com.br\\\/blog\\\/cancer-de-colo-de-utero\\\/\"},\"author\":{\"name\":\"Kiara Adelino\",\"@id\":\"https:\\\/\\\/www.grupomedcof.com.br\\\/blog\\\/#\\\/schema\\\/person\\\/db19a651f86c5fc202d6eee744fd3292\"},\"headline\":\"Mar\u00e7o Lil\u00e1s: prevenindo o c\u00e2ncer de colo de \u00fatero\u00a0\",\"datePublished\":\"2026-03-27T13:07:07+00:00\",\"dateModified\":\"2026-03-27T13:07:10+00:00\",\"mainEntityOfPage\":{\"@id\":\"https:\\\/\\\/www.grupomedcof.com.br\\\/blog\\\/cancer-de-colo-de-utero\\\/\"},\"wordCount\":746,\"publisher\":{\"@id\":\"https:\\\/\\\/www.grupomedcof.com.br\\\/blog\\\/#organization\"},\"image\":{\"@id\":\"https:\\\/\\\/www.grupomedcof.com.br\\\/blog\\\/cancer-de-colo-de-utero\\\/#primaryimage\"},\"thumbnailUrl\":\"https:\\\/\\\/www.grupomedcof.com.br\\\/blog\\\/wp-content\\\/uploads\\\/2025\\\/03\\\/Blog-MedCof-2025-03-24T105629.459.jpg\",\"keywords\":[\"C\u00e2ncer\",\"C\u00e2ncer de colo de \u00fatero\",\"Hpv\",\"Mar\u00e7o Lil\u00e1s\"],\"articleSection\":[\"Ginecologia e Obstetr\u00edcia\"],\"inLanguage\":\"pt-BR\"},{\"@type\":\"WebPage\",\"@id\":\"https:\\\/\\\/www.grupomedcof.com.br\\\/blog\\\/cancer-de-colo-de-utero\\\/\",\"url\":\"https:\\\/\\\/www.grupomedcof.com.br\\\/blog\\\/cancer-de-colo-de-utero\\\/\",\"name\":\"Mar\u00e7o Lil\u00e1s: prevenindo o c\u00e2ncer de colo de \u00fatero\u00a0 - Blog de Medcof: conte\u00fados, editais, revalida e mais!\",\"isPartOf\":{\"@id\":\"https:\\\/\\\/www.grupomedcof.com.br\\\/blog\\\/#website\"},\"primaryImageOfPage\":{\"@id\":\"https:\\\/\\\/www.grupomedcof.com.br\\\/blog\\\/cancer-de-colo-de-utero\\\/#primaryimage\"},\"image\":{\"@id\":\"https:\\\/\\\/www.grupomedcof.com.br\\\/blog\\\/cancer-de-colo-de-utero\\\/#primaryimage\"},\"thumbnailUrl\":\"https:\\\/\\\/www.grupomedcof.com.br\\\/blog\\\/wp-content\\\/uploads\\\/2025\\\/03\\\/Blog-MedCof-2025-03-24T105629.459.jpg\",\"datePublished\":\"2026-03-27T13:07:07+00:00\",\"dateModified\":\"2026-03-27T13:07:10+00:00\",\"description\":\"Mar\u00e7o se tinge de lil\u00e1s, cor que simboliza a luta contra o c\u00e2ncer de colo de \u00fatero - doen\u00e7a que ainda afeta milhares de mulheres. Veja!\",\"breadcrumb\":{\"@id\":\"https:\\\/\\\/www.grupomedcof.com.br\\\/blog\\\/cancer-de-colo-de-utero\\\/#breadcrumb\"},\"inLanguage\":\"pt-BR\",\"potentialAction\":[{\"@type\":\"ReadAction\",\"target\":[\"https:\\\/\\\/www.grupomedcof.com.br\\\/blog\\\/cancer-de-colo-de-utero\\\/\"]}]},{\"@type\":\"ImageObject\",\"inLanguage\":\"pt-BR\",\"@id\":\"https:\\\/\\\/www.grupomedcof.com.br\\\/blog\\\/cancer-de-colo-de-utero\\\/#primaryimage\",\"url\":\"https:\\\/\\\/www.grupomedcof.com.br\\\/blog\\\/wp-content\\\/uploads\\\/2025\\\/03\\\/Blog-MedCof-2025-03-24T105629.459.jpg\",\"contentUrl\":\"https:\\\/\\\/www.grupomedcof.com.br\\\/blog\\\/wp-content\\\/uploads\\\/2025\\\/03\\\/Blog-MedCof-2025-03-24T105629.459.jpg\",\"width\":1920,\"height\":1080,\"caption\":\"c\u00e2ncer de colo de \u00fatero\u00a0\"},{\"@type\":\"BreadcrumbList\",\"@id\":\"https:\\\/\\\/www.grupomedcof.com.br\\\/blog\\\/cancer-de-colo-de-utero\\\/#breadcrumb\",\"itemListElement\":[{\"@type\":\"ListItem\",\"position\":1,\"name\":\"In\u00edcio\",\"item\":\"https:\\\/\\\/www.grupomedcof.com.br\\\/blog\\\/\"},{\"@type\":\"ListItem\",\"position\":2,\"name\":\"Mar\u00e7o Lil\u00e1s: prevenindo o c\u00e2ncer de colo de \u00fatero\u00a0\"}]},{\"@type\":\"WebSite\",\"@id\":\"https:\\\/\\\/www.grupomedcof.com.br\\\/blog\\\/#website\",\"url\":\"https:\\\/\\\/www.grupomedcof.com.br\\\/blog\\\/\",\"name\":\"Blog de Medcof: conte\u00fados, editais, revalida e mais!\",\"description\":\"Acesso o blog de MedCof! Seu portal de conte\u00fados sobre resid\u00eancia m\u00e9dica, an\u00e1lise e editais e muito mais. Clique e confira!\",\"publisher\":{\"@id\":\"https:\\\/\\\/www.grupomedcof.com.br\\\/blog\\\/#organization\"},\"alternateName\":\"Blog de Medcof: conte\u00fados, editais, revalida e mais!\",\"potentialAction\":[{\"@type\":\"SearchAction\",\"target\":{\"@type\":\"EntryPoint\",\"urlTemplate\":\"https:\\\/\\\/www.grupomedcof.com.br\\\/blog\\\/?s={search_term_string}\"},\"query-input\":{\"@type\":\"PropertyValueSpecification\",\"valueRequired\":true,\"valueName\":\"search_term_string\"}}],\"inLanguage\":\"pt-BR\"},{\"@type\":\"Organization\",\"@id\":\"https:\\\/\\\/www.grupomedcof.com.br\\\/blog\\\/#organization\",\"name\":\"Grupo MedCof\",\"url\":\"https:\\\/\\\/www.grupomedcof.com.br\\\/blog\\\/\",\"logo\":{\"@type\":\"ImageObject\",\"inLanguage\":\"pt-BR\",\"@id\":\"https:\\\/\\\/www.grupomedcof.com.br\\\/blog\\\/#\\\/schema\\\/logo\\\/image\\\/\",\"url\":\"https:\\\/\\\/www.grupomedcof.com.br\\\/blog\\\/wp-content\\\/uploads\\\/2022\\\/01\\\/logo-medcof.png\",\"contentUrl\":\"https:\\\/\\\/www.grupomedcof.com.br\\\/blog\\\/wp-content\\\/uploads\\\/2022\\\/01\\\/logo-medcof.png\",\"width\":768,\"height\":269,\"caption\":\"Grupo MedCof\"},\"image\":{\"@id\":\"https:\\\/\\\/www.grupomedcof.com.br\\\/blog\\\/#\\\/schema\\\/logo\\\/image\\\/\"},\"sameAs\":[\"https:\\\/\\\/www.facebook.com\\\/MedCofQbank\\\/\",\"https:\\\/\\\/www.instagram.com\\\/grupomedcof\\\/\",\"https:\\\/\\\/br.linkedin.com\\\/company\\\/medcof\",\"https:\\\/\\\/www.youtube.com\\\/channel\\\/UCdHMuOHKICxcHwecxN8P-AA\"]},{\"@type\":\"Person\",\"@id\":\"https:\\\/\\\/www.grupomedcof.com.br\\\/blog\\\/#\\\/schema\\\/person\\\/db19a651f86c5fc202d6eee744fd3292\",\"name\":\"Kiara Adelino\",\"image\":{\"@type\":\"ImageObject\",\"inLanguage\":\"pt-BR\",\"@id\":\"https:\\\/\\\/www.grupomedcof.com.br\\\/blog\\\/wp-content\\\/uploads\\\/2024\\\/08\\\/cropped-Kiara-Adelino2-96x96.jpega85663bdda67261f8f06f86e555e1e49\",\"url\":\"https:\\\/\\\/www.grupomedcof.com.br\\\/blog\\\/wp-content\\\/uploads\\\/2024\\\/08\\\/cropped-Kiara-Adelino2-96x96.jpeg\",\"contentUrl\":\"https:\\\/\\\/www.grupomedcof.com.br\\\/blog\\\/wp-content\\\/uploads\\\/2024\\\/08\\\/cropped-Kiara-Adelino2-96x96.jpeg\",\"caption\":\"Kiara Adelino\"},\"description\":\"Estudante do 5\u00b0 semestre de Medicina. Gosto bastante de aprender coisas novas, principalmente na \u00e1rea de Neurologia e Anatomia humana.\",\"url\":\"https:\\\/\\\/www.grupomedcof.com.br\\\/blog\\\/author\\\/kiara-adelino\\\/\"}]}<\/script>\n<!-- \/ Yoast SEO Premium plugin. -->","yoast_head_json":{"title":"Mar\u00e7o Lil\u00e1s: prevenindo o c\u00e2ncer de colo de \u00fatero\u00a0 - Blog de Medcof: conte\u00fados, editais, revalida e mais!","description":"Mar\u00e7o se tinge de lil\u00e1s, cor que simboliza a luta contra o c\u00e2ncer de colo de \u00fatero - doen\u00e7a que ainda afeta milhares de mulheres. Veja!","robots":{"index":"index","follow":"follow","max-snippet":"max-snippet:-1","max-image-preview":"max-image-preview:large","max-video-preview":"max-video-preview:-1"},"canonical":"https:\/\/www.grupomedcof.com.br\/blog\/cancer-de-colo-de-utero\/","og_locale":"pt_BR","og_type":"article","og_title":"Mar\u00e7o Lil\u00e1s: prevenindo o c\u00e2ncer de colo de \u00fatero\u00a0","og_description":"Mar\u00e7o se tinge de lil\u00e1s, cor que simboliza a luta contra o c\u00e2ncer de colo de \u00fatero - doen\u00e7a que ainda afeta milhares de mulheres. Veja!","og_url":"https:\/\/www.grupomedcof.com.br\/blog\/cancer-de-colo-de-utero\/","og_site_name":"Blog de Medcof: conte\u00fados, editais, revalida e mais!","article_publisher":"https:\/\/www.facebook.com\/MedCofQbank\/","article_published_time":"2026-03-27T13:07:07+00:00","article_modified_time":"2026-03-27T13:07:10+00:00","og_image":[{"width":1920,"height":1080,"url":"https:\/\/www.grupomedcof.com.br\/blog\/wp-content\/uploads\/2025\/03\/Blog-MedCof-2025-03-24T105629.459.jpg","type":"image\/jpeg"}],"author":"Kiara Adelino","twitter_card":"summary_large_image","twitter_misc":{"Escrito por":"Kiara Adelino","Est. tempo de leitura":"5 minutos"},"schema":{"@context":"https:\/\/schema.org","@graph":[{"@type":"Article","@id":"https:\/\/www.grupomedcof.com.br\/blog\/cancer-de-colo-de-utero\/#article","isPartOf":{"@id":"https:\/\/www.grupomedcof.com.br\/blog\/cancer-de-colo-de-utero\/"},"author":{"name":"Kiara Adelino","@id":"https:\/\/www.grupomedcof.com.br\/blog\/#\/schema\/person\/db19a651f86c5fc202d6eee744fd3292"},"headline":"Mar\u00e7o Lil\u00e1s: prevenindo o c\u00e2ncer de colo de \u00fatero\u00a0","datePublished":"2026-03-27T13:07:07+00:00","dateModified":"2026-03-27T13:07:10+00:00","mainEntityOfPage":{"@id":"https:\/\/www.grupomedcof.com.br\/blog\/cancer-de-colo-de-utero\/"},"wordCount":746,"publisher":{"@id":"https:\/\/www.grupomedcof.com.br\/blog\/#organization"},"image":{"@id":"https:\/\/www.grupomedcof.com.br\/blog\/cancer-de-colo-de-utero\/#primaryimage"},"thumbnailUrl":"https:\/\/www.grupomedcof.com.br\/blog\/wp-content\/uploads\/2025\/03\/Blog-MedCof-2025-03-24T105629.459.jpg","keywords":["C\u00e2ncer","C\u00e2ncer de colo de \u00fatero","Hpv","Mar\u00e7o Lil\u00e1s"],"articleSection":["Ginecologia e Obstetr\u00edcia"],"inLanguage":"pt-BR"},{"@type":"WebPage","@id":"https:\/\/www.grupomedcof.com.br\/blog\/cancer-de-colo-de-utero\/","url":"https:\/\/www.grupomedcof.com.br\/blog\/cancer-de-colo-de-utero\/","name":"Mar\u00e7o Lil\u00e1s: prevenindo o c\u00e2ncer de colo de \u00fatero\u00a0 - Blog de Medcof: conte\u00fados, editais, revalida e mais!","isPartOf":{"@id":"https:\/\/www.grupomedcof.com.br\/blog\/#website"},"primaryImageOfPage":{"@id":"https:\/\/www.grupomedcof.com.br\/blog\/cancer-de-colo-de-utero\/#primaryimage"},"image":{"@id":"https:\/\/www.grupomedcof.com.br\/blog\/cancer-de-colo-de-utero\/#primaryimage"},"thumbnailUrl":"https:\/\/www.grupomedcof.com.br\/blog\/wp-content\/uploads\/2025\/03\/Blog-MedCof-2025-03-24T105629.459.jpg","datePublished":"2026-03-27T13:07:07+00:00","dateModified":"2026-03-27T13:07:10+00:00","description":"Mar\u00e7o se tinge de lil\u00e1s, cor que simboliza a luta contra o c\u00e2ncer de colo de \u00fatero - doen\u00e7a que ainda afeta milhares de mulheres. Veja!","breadcrumb":{"@id":"https:\/\/www.grupomedcof.com.br\/blog\/cancer-de-colo-de-utero\/#breadcrumb"},"inLanguage":"pt-BR","potentialAction":[{"@type":"ReadAction","target":["https:\/\/www.grupomedcof.com.br\/blog\/cancer-de-colo-de-utero\/"]}]},{"@type":"ImageObject","inLanguage":"pt-BR","@id":"https:\/\/www.grupomedcof.com.br\/blog\/cancer-de-colo-de-utero\/#primaryimage","url":"https:\/\/www.grupomedcof.com.br\/blog\/wp-content\/uploads\/2025\/03\/Blog-MedCof-2025-03-24T105629.459.jpg","contentUrl":"https:\/\/www.grupomedcof.com.br\/blog\/wp-content\/uploads\/2025\/03\/Blog-MedCof-2025-03-24T105629.459.jpg","width":1920,"height":1080,"caption":"c\u00e2ncer de colo de \u00fatero\u00a0"},{"@type":"BreadcrumbList","@id":"https:\/\/www.grupomedcof.com.br\/blog\/cancer-de-colo-de-utero\/#breadcrumb","itemListElement":[{"@type":"ListItem","position":1,"name":"In\u00edcio","item":"https:\/\/www.grupomedcof.com.br\/blog\/"},{"@type":"ListItem","position":2,"name":"Mar\u00e7o Lil\u00e1s: prevenindo o c\u00e2ncer de colo de \u00fatero\u00a0"}]},{"@type":"WebSite","@id":"https:\/\/www.grupomedcof.com.br\/blog\/#website","url":"https:\/\/www.grupomedcof.com.br\/blog\/","name":"Blog de Medcof: conte\u00fados, editais, revalida e mais!","description":"Acesso o blog de MedCof! Seu portal de conte\u00fados sobre resid\u00eancia m\u00e9dica, an\u00e1lise e editais e muito mais. Clique e confira!","publisher":{"@id":"https:\/\/www.grupomedcof.com.br\/blog\/#organization"},"alternateName":"Blog de Medcof: conte\u00fados, editais, revalida e mais!","potentialAction":[{"@type":"SearchAction","target":{"@type":"EntryPoint","urlTemplate":"https:\/\/www.grupomedcof.com.br\/blog\/?s={search_term_string}"},"query-input":{"@type":"PropertyValueSpecification","valueRequired":true,"valueName":"search_term_string"}}],"inLanguage":"pt-BR"},{"@type":"Organization","@id":"https:\/\/www.grupomedcof.com.br\/blog\/#organization","name":"Grupo MedCof","url":"https:\/\/www.grupomedcof.com.br\/blog\/","logo":{"@type":"ImageObject","inLanguage":"pt-BR","@id":"https:\/\/www.grupomedcof.com.br\/blog\/#\/schema\/logo\/image\/","url":"https:\/\/www.grupomedcof.com.br\/blog\/wp-content\/uploads\/2022\/01\/logo-medcof.png","contentUrl":"https:\/\/www.grupomedcof.com.br\/blog\/wp-content\/uploads\/2022\/01\/logo-medcof.png","width":768,"height":269,"caption":"Grupo MedCof"},"image":{"@id":"https:\/\/www.grupomedcof.com.br\/blog\/#\/schema\/logo\/image\/"},"sameAs":["https:\/\/www.facebook.com\/MedCofQbank\/","https:\/\/www.instagram.com\/grupomedcof\/","https:\/\/br.linkedin.com\/company\/medcof","https:\/\/www.youtube.com\/channel\/UCdHMuOHKICxcHwecxN8P-AA"]},{"@type":"Person","@id":"https:\/\/www.grupomedcof.com.br\/blog\/#\/schema\/person\/db19a651f86c5fc202d6eee744fd3292","name":"Kiara Adelino","image":{"@type":"ImageObject","inLanguage":"pt-BR","@id":"https:\/\/www.grupomedcof.com.br\/blog\/wp-content\/uploads\/2024\/08\/cropped-Kiara-Adelino2-96x96.jpega85663bdda67261f8f06f86e555e1e49","url":"https:\/\/www.grupomedcof.com.br\/blog\/wp-content\/uploads\/2024\/08\/cropped-Kiara-Adelino2-96x96.jpeg","contentUrl":"https:\/\/www.grupomedcof.com.br\/blog\/wp-content\/uploads\/2024\/08\/cropped-Kiara-Adelino2-96x96.jpeg","caption":"Kiara Adelino"},"description":"Estudante do 5\u00b0 semestre de Medicina. Gosto bastante de aprender coisas novas, principalmente na \u00e1rea de Neurologia e Anatomia humana.","url":"https:\/\/www.grupomedcof.com.br\/blog\/author\/kiara-adelino\/"}]}},"authors":[{"term_id":3617,"user_id":21,"is_guest":0,"slug":"kiara-adelino","display_name":"Kiara Adelino","avatar_url":"https:\/\/www.grupomedcof.com.br\/blog\/wp-content\/uploads\/2024\/08\/cropped-Kiara-Adelino2-96x96.jpeg","0":null,"1":"","2":"","3":"","4":"","5":"","6":"","7":"","8":""}],"_links":{"self":[{"href":"https:\/\/www.grupomedcof.com.br\/blog\/wp-json\/wp\/v2\/posts\/34744","targetHints":{"allow":["GET"]}}],"collection":[{"href":"https:\/\/www.grupomedcof.com.br\/blog\/wp-json\/wp\/v2\/posts"}],"about":[{"href":"https:\/\/www.grupomedcof.com.br\/blog\/wp-json\/wp\/v2\/types\/post"}],"author":[{"embeddable":true,"href":"https:\/\/www.grupomedcof.com.br\/blog\/wp-json\/wp\/v2\/users\/21"}],"replies":[{"embeddable":true,"href":"https:\/\/www.grupomedcof.com.br\/blog\/wp-json\/wp\/v2\/comments?post=34744"}],"version-history":[{"count":1,"href":"https:\/\/www.grupomedcof.com.br\/blog\/wp-json\/wp\/v2\/posts\/34744\/revisions"}],"predecessor-version":[{"id":42475,"href":"https:\/\/www.grupomedcof.com.br\/blog\/wp-json\/wp\/v2\/posts\/34744\/revisions\/42475"}],"wp:featuredmedia":[{"embeddable":true,"href":"https:\/\/www.grupomedcof.com.br\/blog\/wp-json\/wp\/v2\/media\/34750"}],"wp:attachment":[{"href":"https:\/\/www.grupomedcof.com.br\/blog\/wp-json\/wp\/v2\/media?parent=34744"}],"wp:term":[{"taxonomy":"category","embeddable":true,"href":"https:\/\/www.grupomedcof.com.br\/blog\/wp-json\/wp\/v2\/categories?post=34744"},{"taxonomy":"post_tag","embeddable":true,"href":"https:\/\/www.grupomedcof.com.br\/blog\/wp-json\/wp\/v2\/tags?post=34744"},{"taxonomy":"author","embeddable":true,"href":"https:\/\/www.grupomedcof.com.br\/blog\/wp-json\/wp\/v2\/ppma_author?post=34744"}],"curies":[{"name":"wp","href":"https:\/\/api.w.org\/{rel}","templated":true}]}}