{"id":34767,"date":"2025-03-25T15:30:00","date_gmt":"2025-03-25T18:30:00","guid":{"rendered":"https:\/\/www.grupomedcof.com.br\/blog\/?p=34767"},"modified":"2025-05-05T17:32:12","modified_gmt":"2025-05-05T20:32:12","slug":"medicina-legal-e-pericia-medica","status":"publish","type":"post","link":"https:\/\/www.grupomedcof.com.br\/blog\/medicina-legal-e-pericia-medica\/","title":{"rendered":"Medicina legal e per\u00edcia m\u00e9dica: o que \u00e9, atua\u00e7\u00e3o e resid\u00eancia"},"content":{"rendered":"<div id=\"ez-toc-container\" class=\"ez-toc-v2_0_74 counter-hierarchy ez-toc-counter ez-toc-transparent ez-toc-container-direction\">\n<div class=\"ez-toc-title-container\">\n<p class=\"ez-toc-title\" style=\"cursor:inherit\">Sum\u00e1rio<\/p>\n<span class=\"ez-toc-title-toggle\"><a href=\"#\" class=\"ez-toc-pull-right ez-toc-btn ez-toc-btn-xs ez-toc-btn-default ez-toc-toggle\" aria-label=\"Alternar tabela de conte\u00fado\"><span class=\"ez-toc-js-icon-con\"><span class=\"\"><span class=\"eztoc-hide\" style=\"display:none;\">Toggle<\/span><span class=\"ez-toc-icon-toggle-span\"><svg style=\"fill: #999;color:#999\" xmlns=\"http:\/\/www.w3.org\/2000\/svg\" class=\"list-377408\" width=\"20px\" height=\"20px\" viewBox=\"0 0 24 24\" fill=\"none\"><path d=\"M6 6H4v2h2V6zm14 0H8v2h12V6zM4 11h2v2H4v-2zm16 0H8v2h12v-2zM4 16h2v2H4v-2zm16 0H8v2h12v-2z\" fill=\"currentColor\"><\/path><\/svg><svg style=\"fill: #999;color:#999\" class=\"arrow-unsorted-368013\" xmlns=\"http:\/\/www.w3.org\/2000\/svg\" width=\"10px\" height=\"10px\" viewBox=\"0 0 24 24\" version=\"1.2\" baseProfile=\"tiny\"><path d=\"M18.2 9.3l-6.2-6.3-6.2 6.3c-.2.2-.3.4-.3.7s.1.5.3.7c.2.2.4.3.7.3h11c.3 0 .5-.1.7-.3.2-.2.3-.5.3-.7s-.1-.5-.3-.7zM5.8 14.7l6.2 6.3 6.2-6.3c.2-.2.3-.5.3-.7s-.1-.5-.3-.7c-.2-.2-.4-.3-.7-.3h-11c-.3 0-.5.1-.7.3-.2.2-.3.5-.3.7s.1.5.3.7z\"\/><\/svg><\/span><\/span><\/span><\/a><\/span><\/div>\n<nav><ul class='ez-toc-list ez-toc-list-level-1 ' ><li class='ez-toc-page-1 ez-toc-heading-level-2'><a class=\"ez-toc-link ez-toc-heading-1\" href=\"https:\/\/www.grupomedcof.com.br\/blog\/medicina-legal-e-pericia-medica\/#O_que_e_medicina_legal_e_pericia_medica\" >O que \u00e9 medicina legal e per\u00edcia m\u00e9dica?<\/a><ul class='ez-toc-list-level-3' ><li class='ez-toc-heading-level-3'><a class=\"ez-toc-link ez-toc-heading-2\" href=\"https:\/\/www.grupomedcof.com.br\/blog\/medicina-legal-e-pericia-medica\/#Qual_a_diferenca_entre_medico_legista_e_perito_medico_ou_medico_perito\" >Qual a diferen\u00e7a entre m\u00e9dico legista e perito m\u00e9dico ou m\u00e9dico perito?<\/a><\/li><\/ul><\/li><li class='ez-toc-page-1 ez-toc-heading-level-2'><a class=\"ez-toc-link ez-toc-heading-3\" href=\"https:\/\/www.grupomedcof.com.br\/blog\/medicina-legal-e-pericia-medica\/#Qual_e_a_importancia_da_medicina_legal_e_pericia_medica\" >Qual \u00e9 a import\u00e2ncia da medicina legal e per\u00edcia m\u00e9dica?<\/a><\/li><li class='ez-toc-page-1 ez-toc-heading-level-2'><a class=\"ez-toc-link ez-toc-heading-4\" href=\"https:\/\/www.grupomedcof.com.br\/blog\/medicina-legal-e-pericia-medica\/#Como_e_a_rotina_de_um_medico_legista\" >Como \u00e9 a rotina de um m\u00e9dico legista?<\/a><\/li><li class='ez-toc-page-1 ez-toc-heading-level-2'><a class=\"ez-toc-link ez-toc-heading-5\" href=\"https:\/\/www.grupomedcof.com.br\/blog\/medicina-legal-e-pericia-medica\/#Procedimentos_comuns_na_medicina_legal_e_pericia_medica\" >Procedimentos comuns na medicina legal e per\u00edcia m\u00e9dica<\/a><ul class='ez-toc-list-level-3' ><li class='ez-toc-heading-level-3'><a class=\"ez-toc-link ez-toc-heading-6\" href=\"https:\/\/www.grupomedcof.com.br\/blog\/medicina-legal-e-pericia-medica\/#Exames_de_corpo_de_delito\" >Exames de corpo de delito<\/a><\/li><li class='ez-toc-page-1 ez-toc-heading-level-3'><a class=\"ez-toc-link ez-toc-heading-7\" href=\"https:\/\/www.grupomedcof.com.br\/blog\/medicina-legal-e-pericia-medica\/#Avaliacoes_de_lesoes_corporais\" >Avalia\u00e7\u00f5es de les\u00f5es corporais<\/a><\/li><li class='ez-toc-page-1 ez-toc-heading-level-3'><a class=\"ez-toc-link ez-toc-heading-8\" href=\"https:\/\/www.grupomedcof.com.br\/blog\/medicina-legal-e-pericia-medica\/#Determinacao_de_causa_mortis\" >Determina\u00e7\u00e3o de causa mortis<\/a><\/li><li class='ez-toc-page-1 ez-toc-heading-level-3'><a class=\"ez-toc-link ez-toc-heading-9\" href=\"https:\/\/www.grupomedcof.com.br\/blog\/medicina-legal-e-pericia-medica\/#Emissao_de_laudos_periciais\" >Emiss\u00e3o de laudos periciais<\/a><\/li><\/ul><\/li><li class='ez-toc-page-1 ez-toc-heading-level-2'><a class=\"ez-toc-link ez-toc-heading-10\" href=\"https:\/\/www.grupomedcof.com.br\/blog\/medicina-legal-e-pericia-medica\/#Areas_de_atuacao_na_Medicina_Legal_e_Pericia_Medica\" >\u00c1reas de atua\u00e7\u00e3o na Medicina Legal e Per\u00edcia M\u00e9dica<\/a><ul class='ez-toc-list-level-3' ><li class='ez-toc-heading-level-3'><a class=\"ez-toc-link ez-toc-heading-11\" href=\"https:\/\/www.grupomedcof.com.br\/blog\/medicina-legal-e-pericia-medica\/#Pericia_Criminal\" >Per\u00edcia Criminal<\/a><\/li><li class='ez-toc-page-1 ez-toc-heading-level-3'><a class=\"ez-toc-link ez-toc-heading-12\" href=\"https:\/\/www.grupomedcof.com.br\/blog\/medicina-legal-e-pericia-medica\/#Pericia_Civel\" >Per\u00edcia C\u00edvel<\/a><\/li><li class='ez-toc-page-1 ez-toc-heading-level-3'><a class=\"ez-toc-link ez-toc-heading-13\" href=\"https:\/\/www.grupomedcof.com.br\/blog\/medicina-legal-e-pericia-medica\/#Pericia_Trabalhista\" >Per\u00edcia Trabalhista<\/a><\/li><li class='ez-toc-page-1 ez-toc-heading-level-3'><a class=\"ez-toc-link ez-toc-heading-14\" href=\"https:\/\/www.grupomedcof.com.br\/blog\/medicina-legal-e-pericia-medica\/#Pericia_Previdenciaria\" >Per\u00edcia Previdenci\u00e1ria<\/a><\/li><\/ul><\/li><li class='ez-toc-page-1 ez-toc-heading-level-2'><a class=\"ez-toc-link ez-toc-heading-15\" href=\"https:\/\/www.grupomedcof.com.br\/blog\/medicina-legal-e-pericia-medica\/#Qual_especializacao_e_necessaria_para_se_tornar_um_medico_legista\" >Qual especializa\u00e7\u00e3o \u00e9 necess\u00e1ria para se tornar um m\u00e9dico legista?<\/a><ul class='ez-toc-list-level-3' ><li class='ez-toc-heading-level-3'><a class=\"ez-toc-link ez-toc-heading-16\" href=\"https:\/\/www.grupomedcof.com.br\/blog\/medicina-legal-e-pericia-medica\/#Como_e_a_residencia_medica_em_Medicina_Legal_e_Pericia_Medica\" >Como \u00e9 a resid\u00eancia m\u00e9dica em Medicina Legal e Per\u00edcia M\u00e9dica?<\/a><\/li><li class='ez-toc-page-1 ez-toc-heading-level-3'><a class=\"ez-toc-link ez-toc-heading-17\" href=\"https:\/\/www.grupomedcof.com.br\/blog\/medicina-legal-e-pericia-medica\/#Requisitos_para_ingressar_na_especialidade\" >Requisitos para ingressar na especialidade<\/a><\/li><\/ul><\/li><li class='ez-toc-page-1 ez-toc-heading-level-2'><a class=\"ez-toc-link ez-toc-heading-18\" href=\"https:\/\/www.grupomedcof.com.br\/blog\/medicina-legal-e-pericia-medica\/#Desafios_eticos_e_legais_na_pratica_da_medicina_legal_e_pericia_medica\" >Desafios \u00e9ticos e legais na pr\u00e1tica da medicina legal e per\u00edcia m\u00e9dica<\/a><\/li><li class='ez-toc-page-1 ez-toc-heading-level-2'><a class=\"ez-toc-link ez-toc-heading-19\" href=\"https:\/\/www.grupomedcof.com.br\/blog\/medicina-legal-e-pericia-medica\/#Quanto_ganha_um_profissional_da_Medicina_Legal_e_Pericia_Medica\" >Quanto ganha um profissional da Medicina Legal e Per\u00edcia M\u00e9dica?<\/a><\/li><li class='ez-toc-page-1 ez-toc-heading-level-2'><a class=\"ez-toc-link ez-toc-heading-20\" href=\"https:\/\/www.grupomedcof.com.br\/blog\/medicina-legal-e-pericia-medica\/#Conquiste_sua_vaga_na_Residencia_em_Medicina_Legal_e_Pericia_Medica_com_a_MedCof\" >Conquiste sua vaga na Resid\u00eancia em Medicina Legal e Per\u00edcia M\u00e9dica com a MedCof<\/a><\/li><\/ul><\/nav><\/div>\n\n<p>Voc\u00ea sabia que h\u00e1 uma \u00e1rea m\u00e9dica que lida diretamente com quest\u00f5es voltadas ao direito e ao meio legal e jur\u00eddico?<\/p>\n\n\n\n<p>Conhe\u00e7a a \u00e1rea respons\u00e1vel pela an\u00e1lise e pelo fornecimento de informa\u00e7\u00f5es m\u00e9dicas para fins de administra\u00e7\u00f5es judiciais, auxiliando na compreens\u00e3o, no esclarecimento e na integra\u00e7\u00e3o entre a \u00e1rea da medicina e do direito.<br>Confira neste texto mais informa\u00e7\u00f5es sobre a \u00e1rea da <strong>Medicina Legal e Per\u00edcia M\u00e9dica<\/strong>.<\/p>\n\n\n\n<figure class=\"wp-block-image size-large\"><img loading=\"lazy\" decoding=\"async\" width=\"1024\" height=\"576\" src=\"https:\/\/www.grupomedcof.com.br\/blog\/wp-content\/uploads\/2025\/03\/Titulo-de-Especialista-em-Cardiologia-3-1024x576.jpg\" alt=\"\" class=\"wp-image-34768\" srcset=\"https:\/\/www.grupomedcof.com.br\/blog\/wp-content\/uploads\/2025\/03\/Titulo-de-Especialista-em-Cardiologia-3-1024x576.jpg 1024w, https:\/\/www.grupomedcof.com.br\/blog\/wp-content\/uploads\/2025\/03\/Titulo-de-Especialista-em-Cardiologia-3-300x169.jpg 300w, https:\/\/www.grupomedcof.com.br\/blog\/wp-content\/uploads\/2025\/03\/Titulo-de-Especialista-em-Cardiologia-3-768x432.jpg 768w, https:\/\/www.grupomedcof.com.br\/blog\/wp-content\/uploads\/2025\/03\/Titulo-de-Especialista-em-Cardiologia-3-1536x864.jpg 1536w, https:\/\/www.grupomedcof.com.br\/blog\/wp-content\/uploads\/2025\/03\/Titulo-de-Especialista-em-Cardiologia-3-2048x1152.jpg 2048w, https:\/\/www.grupomedcof.com.br\/blog\/wp-content\/uploads\/2025\/03\/Titulo-de-Especialista-em-Cardiologia-3-747x420.jpg 747w, https:\/\/www.grupomedcof.com.br\/blog\/wp-content\/uploads\/2025\/03\/Titulo-de-Especialista-em-Cardiologia-3-150x84.jpg 150w, https:\/\/www.grupomedcof.com.br\/blog\/wp-content\/uploads\/2025\/03\/Titulo-de-Especialista-em-Cardiologia-3-696x392.jpg 696w, https:\/\/www.grupomedcof.com.br\/blog\/wp-content\/uploads\/2025\/03\/Titulo-de-Especialista-em-Cardiologia-3-1068x601.jpg 1068w, https:\/\/www.grupomedcof.com.br\/blog\/wp-content\/uploads\/2025\/03\/Titulo-de-Especialista-em-Cardiologia-3-1920x1080.jpg 1920w\" sizes=\"auto, (max-width: 1024px) 100vw, 1024px\" \/><\/figure>\n\n\n\n<h2 class=\"wp-block-heading\" id=\"h-o-que-e-medicina-legal-e-pericia-medica\"><span class=\"ez-toc-section\" id=\"O_que_e_medicina_legal_e_pericia_medica\"><\/span>O que \u00e9 medicina legal e per\u00edcia m\u00e9dica?<span class=\"ez-toc-section-end\"><\/span><\/h2>\n\n\n\n<p>Como mencionado acima, tanto a <strong>Medicina Legal<\/strong>, quanto a <strong>Per\u00edcia M\u00e9dica<\/strong>, possuem como principal direcionamento a produ\u00e7\u00e3o e distribui\u00e7\u00e3o de conte\u00fados t\u00e9cnicos-cient\u00edficos que auxiliem no processo judicial de algum caso, possibilitando o entendimento de aspectos m\u00e9dicos e investigativos por parte de profissionais da \u00e1rea do direito.<\/p>\n\n\n\n<p>Por meio de procedimentos e pr\u00e1ticas pr\u00f3prias da \u00e1rea, o m\u00e9dico profissional auxiliar\u00e1 com o fornecimento de informa\u00e7\u00f5es m\u00e9dicas para que possam ser analisadas pela \u00e1rea jur\u00eddica, de maneira que sejam selecionados os pontos de maior relev\u00e2ncia para o caso investigado.<br><br>Vale ressaltar que o m\u00e9dico que optar por seguir com essa especialidade, deve possuir um vasto <strong>conhecimento jur\u00eddico<\/strong>, atendendo a uma demanda de interliga\u00e7\u00e3o entre as duas \u00e1reas.<\/p>\n\n\n\n<h3 class=\"wp-block-heading\" id=\"h-qual-a-diferenca-entre-medico-legista-e-perito-medico-ou-medico-perito\"><span class=\"ez-toc-section\" id=\"Qual_a_diferenca_entre_medico_legista_e_perito_medico_ou_medico_perito\"><\/span><strong>Qual a diferen\u00e7a entre m\u00e9dico legista e perito m\u00e9dico ou m\u00e9dico perito?<\/strong><span class=\"ez-toc-section-end\"><\/span><\/h3>\n\n\n\n<p>Apesar da diferen\u00e7a nos nomes, ambas as \u00e1reas se unem em uma, <strong>atendendo aos mesmo objetivos m\u00e9dicos<\/strong>. Portanto, o profissional que atende \u00e0 fun\u00e7\u00e3o de legista e\/ou de perito, exercer\u00e1 as mesmas tarefas m\u00e9dicas.<\/p>\n\n\n\n<h2 class=\"wp-block-heading\" id=\"h-qual-e-a-importancia-da-medicina-legal-e-pericia-medica\"><span class=\"ez-toc-section\" id=\"Qual_e_a_importancia_da_medicina_legal_e_pericia_medica\"><\/span><strong>Qual \u00e9 a import\u00e2ncia da medicina legal e per\u00edcia m\u00e9dica?<\/strong><span class=\"ez-toc-section-end\"><\/span><\/h2>\n\n\n\n<p>A <strong>atua\u00e7\u00e3o m\u00e9dica, juntamente ao \u00e2mbito do direito<\/strong>, pode ser considerada a estrutura principal dessa especialidade, possibilitando uma ampla compreens\u00e3o de cada caso abordado pelo meio jur\u00eddico e auxiliando em um melhor embasamento desse.<\/p>\n\n\n\n<p>A Medicina Legal se firma como uma \u00e1rea de<strong> grande import\u00e2ncia e responsabilidade para o cumprimento jur\u00eddico social<\/strong>, pois \u00e9 atrav\u00e9s dela na qual s\u00e3o feitos <strong>exames, avalia\u00e7\u00f5es, per\u00edcias e, em alguns casos, a realiza\u00e7\u00e3o de aut\u00f3psias<\/strong>, <strong>colaborando com as investiga\u00e7\u00f5es<\/strong> das causas e consequ\u00eancias de les\u00f5es, formas de viol\u00eancia e\/ou morte.<\/p>\n\n\n\n<p>Portanto, a \u00e1rea de per\u00edcia se torna uma pe\u00e7a chave para a completude do meio jur\u00eddico, colaborando constantemente com essa \u00e1rea na tomada de decis\u00f5es por meio de evid\u00eancias m\u00e9dicas.<\/p>\n\n\n\n<h2 class=\"wp-block-heading\" id=\"h-como-e-a-rotina-de-um-medico-legista\"><span class=\"ez-toc-section\" id=\"Como_e_a_rotina_de_um_medico_legista\"><\/span><strong>Como \u00e9 a rotina de um m\u00e9dico legista?<\/strong><span class=\"ez-toc-section-end\"><\/span><\/h2>\n\n\n\n<p>Como j\u00e1 mencionado, o profissional ser\u00e1 respons\u00e1vel por aplicar aos <strong>periciados <\/strong>avalia\u00e7\u00f5es para identificar e fornecer \u00e0 justi\u00e7a dados sobre o que pode ter ocorrido no caso analisado.<\/p>\n\n\n\n<p>Portanto, na rotina do m\u00e9dico legal ou perito m\u00e9dico, podem ser enquadradas duas fun\u00e7\u00f5es centrais, sendo essas a de<strong> realiza\u00e7\u00e3o de per\u00edcias e a elabora\u00e7\u00e3o de laudos m\u00e9dicos<\/strong>, com a inten\u00e7\u00e3o de auxiliar no trabalho dos profissionais do \u00e2mbito jur\u00eddico. Al\u00e9m disso, \u00e9 necess\u00e1rio enfatizar a import\u00e2ncia do conhecimento tamb\u00e9m da \u00e1rea do direito, pois, dessa maneira, \u00e9 facilitada a compreens\u00e3o de cada caso. <\/p>\n\n\n\n<p>Vale ressaltar tamb\u00e9m que as avalia\u00e7\u00f5es periciais n\u00e3o se limitam a um tipo, logo, esses exames podem ser de car\u00e1ter <strong>c\u00edvel, criminal, extraoficial ou trabalhista<\/strong>.<\/p>\n\n\n\n<h2 class=\"wp-block-heading\" id=\"h-procedimentos-comuns-na-medicina-legal-e-pericia-medica\"><span class=\"ez-toc-section\" id=\"Procedimentos_comuns_na_medicina_legal_e_pericia_medica\"><\/span><strong>Procedimentos comuns na medicina legal e per\u00edcia m\u00e9dica<\/strong><span class=\"ez-toc-section-end\"><\/span><\/h2>\n\n\n\n<p>Confira abaixo uma lista com os <strong>procedimentos <\/strong>mais recorrentes na pr\u00e1tica da Medicina Legal e da Per\u00edcia M\u00e9dica.<\/p>\n\n\n\n<h3 class=\"wp-block-heading\" id=\"h-exames-de-corpo-de-delito\"><span class=\"ez-toc-section\" id=\"Exames_de_corpo_de_delito\"><\/span><strong>Exames de corpo de delito<\/strong><span class=\"ez-toc-section-end\"><\/span><\/h3>\n\n\n\n<p>O<strong> exame de corpo de delito<\/strong> corresponde a uma avalia\u00e7\u00e3o com o objetivo de identificar as infra\u00e7\u00f5es que deixaram registros no periciado. Esse exame visa o reconhecimento de vest\u00edgios, a an\u00e1lise destes e, por fim, a comprova\u00e7\u00e3o do delito.<\/p>\n\n\n\n<h3 class=\"wp-block-heading\" id=\"h-avaliacoes-de-lesoes-corporais\"><span class=\"ez-toc-section\" id=\"Avaliacoes_de_lesoes_corporais\"><\/span><strong>Avalia\u00e7\u00f5es de les\u00f5es corporais<\/strong><span class=\"ez-toc-section-end\"><\/span><\/h3>\n\n\n\n<p>Assim como o exame de corpo de delito, as<strong> avalia\u00e7\u00f5es de les\u00f5es corporais<\/strong> buscam identificar resqu\u00edcios de viol\u00eancia no periciado, se tratando assim de um procedimento direcionado a identifica\u00e7\u00e3o e an\u00e1lise de agress\u00f5es com caracter\u00edsticas de brigas, assaltos, acidente, entre outros fatores que possam gerar les\u00f5es no indiv\u00edduo.<\/p>\n\n\n\n<h3 class=\"wp-block-heading\" id=\"h-determinacao-de-causa-mortis\"><span class=\"ez-toc-section\" id=\"Determinacao_de_causa_mortis\"><\/span><strong>Determina\u00e7\u00e3o de <em>causa mortis<\/em><\/strong><span class=\"ez-toc-section-end\"><\/span><\/h3>\n\n\n\n<p><strong><em>Causa Mortis<\/em><\/strong><em> <\/em>pode ser traduzido como <strong>Causa Morte<\/strong> e se trata de uma avalia\u00e7\u00e3o do que levou ao \u00f3bito de uma pessoa e as implica\u00e7\u00f5es que levaram a tal fato. O m\u00e9dico profissional ir\u00e1 analisar, por meio de exames, testes que levaram \u00e0 morte do indiv\u00edduo.<\/p>\n\n\n\n<h3 class=\"wp-block-heading\" id=\"h-emissao-de-laudos-periciais\"><span class=\"ez-toc-section\" id=\"Emissao_de_laudos_periciais\"><\/span><strong>Emiss\u00e3o de laudos periciais<\/strong><span class=\"ez-toc-section-end\"><\/span><\/h3>\n\n\n\n<p>Um <strong>laudo pericial <\/strong>pode ser configurado como um resultado oficial de toda a per\u00edcia aplicada pelo m\u00e9dico perito, considerando os m\u00e9todos utilizados para a an\u00e1lise, os embasamentos t\u00e9cnico-cient\u00edficos e as considera\u00e7\u00f5es judiciais investigativas para a conclus\u00e3o desse documento.<\/p>\n\n\n\n<p>\u00c9 de responsabilidade do m\u00e9dico identificar e abranger todos os processos de an\u00e1lise para melhor construir esse laudo, atendendo aos requisitos jur\u00eddicos processuais do caso.<\/p>\n\n\n\n<figure class=\"wp-block-image size-large\"><a href=\"https:\/\/www.grupomedcof.com.br\/cofletters\/\" target=\"_blank\" rel=\" noreferrer noopener\"><img loading=\"lazy\" decoding=\"async\" width=\"1024\" height=\"320\" src=\"https:\/\/www.grupomedcof.com.br\/blog\/wp-content\/uploads\/2025\/02\/Banner-MedCof-Plus-2200x460-11-1024x320.png\" alt=\"\" class=\"wp-image-33723\" srcset=\"https:\/\/www.grupomedcof.com.br\/blog\/wp-content\/uploads\/2025\/02\/Banner-MedCof-Plus-2200x460-11-1024x320.png 1024w, https:\/\/www.grupomedcof.com.br\/blog\/wp-content\/uploads\/2025\/02\/Banner-MedCof-Plus-2200x460-11-300x94.png 300w, https:\/\/www.grupomedcof.com.br\/blog\/wp-content\/uploads\/2025\/02\/Banner-MedCof-Plus-2200x460-11-768x240.png 768w, https:\/\/www.grupomedcof.com.br\/blog\/wp-content\/uploads\/2025\/02\/Banner-MedCof-Plus-2200x460-11-1536x480.png 1536w, https:\/\/www.grupomedcof.com.br\/blog\/wp-content\/uploads\/2025\/02\/Banner-MedCof-Plus-2200x460-11-2048x640.png 2048w, https:\/\/www.grupomedcof.com.br\/blog\/wp-content\/uploads\/2025\/02\/Banner-MedCof-Plus-2200x460-11-1343x420.png 1343w, https:\/\/www.grupomedcof.com.br\/blog\/wp-content\/uploads\/2025\/02\/Banner-MedCof-Plus-2200x460-11-150x47.png 150w, https:\/\/www.grupomedcof.com.br\/blog\/wp-content\/uploads\/2025\/02\/Banner-MedCof-Plus-2200x460-11-696x218.png 696w, https:\/\/www.grupomedcof.com.br\/blog\/wp-content\/uploads\/2025\/02\/Banner-MedCof-Plus-2200x460-11-1068x334.png 1068w, https:\/\/www.grupomedcof.com.br\/blog\/wp-content\/uploads\/2025\/02\/Banner-MedCof-Plus-2200x460-11-1920x600.png 1920w\" sizes=\"auto, (max-width: 1024px) 100vw, 1024px\" \/><\/a><\/figure>\n\n\n\n<h2 class=\"wp-block-heading\" id=\"h-areas-de-atuacao-na-medicina-legal-e-pericia-medica\"><span class=\"ez-toc-section\" id=\"Areas_de_atuacao_na_Medicina_Legal_e_Pericia_Medica\"><\/span><strong>\u00c1reas de atua\u00e7\u00e3o na Medicina Legal e Per\u00edcia M\u00e9dica<\/strong><span class=\"ez-toc-section-end\"><\/span><\/h2>\n\n\n\n<p>Como j\u00e1 abordado no texto, a Medicina Legal e Per\u00edcia M\u00e9dica se mostra como uma \u00e1rea de grande abrang\u00eancia, atendendo solicita\u00e7\u00f5es que v\u00e3o al\u00e9m, muitas vezes, da \u00e1rea m\u00e9dica em si. Veja abaixo as \u00e1reas de atua\u00e7\u00e3o da Medicina Legal:<\/p>\n\n\n\n<h3 class=\"wp-block-heading\" id=\"h-pericia-criminal\"><span class=\"ez-toc-section\" id=\"Pericia_Criminal\"><\/span><strong>Per\u00edcia Criminal<\/strong><span class=\"ez-toc-section-end\"><\/span><\/h3>\n\n\n\n<p>O perito criminal e\/ou perito m\u00e9dico-legista s\u00e3o os profissionais (concursados) respons\u00e1veis pela realiza\u00e7\u00e3o da per\u00edcia diante de um caso criminal, verificando incid\u00eancias que comprovem o acontecimento de um crime.<\/p>\n\n\n\n<p>A<strong> per\u00edcia criminal <\/strong>\u00e9 composta por meio da produ\u00e7\u00e3o de documentos que contenham as provas materiais e consubstanciadas, laudo pericial, a coleta de elementos, processamento desses dados e a interpreta\u00e7\u00e3o desses componentes, concluindo a configura\u00e7\u00e3o do processo.<\/p>\n\n\n\n<h3 class=\"wp-block-heading\" id=\"h-pericia-civel\"><span class=\"ez-toc-section\" id=\"Pericia_Civel\"><\/span><strong>Per\u00edcia C\u00edvel<\/strong><span class=\"ez-toc-section-end\"><\/span><\/h3>\n\n\n\n<p>Uma <strong>per\u00edcia c\u00edvel<\/strong> \u00e9 necess\u00e1ria quando o processo est\u00e1 sendo tratado de maneira litigiosa, auxiliando no processo jur\u00eddico que atenda a um acordo entre as duas partes.<\/p>\n\n\n\n<p>O profissional qualificado ser\u00e1 respons\u00e1vel pelo desenvolvimento de uma an\u00e1lise detalhada do caso em quest\u00e3o, concluindo, muitas vezes, de maneira efetiva processos que envolvam <strong>lit\u00edgios<\/strong>, contribuindo ainda mais para a efetiva\u00e7\u00e3o do meio jur\u00eddico.<\/p>\n\n\n\n<h3 class=\"wp-block-heading\" id=\"h-pericia-trabalhista\"><span class=\"ez-toc-section\" id=\"Pericia_Trabalhista\"><\/span><strong>Per\u00edcia Trabalhista<\/strong><span class=\"ez-toc-section-end\"><\/span><\/h3>\n\n\n\n<p>Quando ocorrer algum processo trabalhista, envolvendo disputas entre ex-empregado e um antigo empregador, por exemplo, o profissional dever\u00e1 estabelecer uma<strong> per\u00edcia trabalhista<\/strong>.<\/p>\n\n\n\n<p>Por meio dessa atua\u00e7\u00e3o, o perito ir\u00e1 avaliar, t\u00e9cnica e imparcialmente, a situa\u00e7\u00e3o trabalhista ali exposta, tendo como base toda a jurisdi\u00e7\u00e3o necess\u00e1ria para assim garantir os direitos necess\u00e1rios. Vale lembrar que, normalmente, o profissional que realiza essa investiga\u00e7\u00e3o \u00e9 advindo de uma indica\u00e7\u00e3o do pr\u00f3prio juiz do processo.<\/p>\n\n\n\n<h3 class=\"wp-block-heading\" id=\"h-pericia-previdenciaria\"><span class=\"ez-toc-section\" id=\"Pericia_Previdenciaria\"><\/span><strong>Per\u00edcia Previdenci\u00e1ria<\/strong><span class=\"ez-toc-section-end\"><\/span><\/h3>\n\n\n\n<p>Por meio de procedimentos que examinam a situa\u00e7\u00e3o da sa\u00fade do indiv\u00edduo, a <strong>per\u00edcia previdenci\u00e1ria<\/strong> tem como objetivo principal analisar a viabilidade do direito a benef\u00edcios previdenci\u00e1rios, ou seja, averiguar a possibilidade de obter o benef\u00edcio da aposentadoria, seja ela por diferentes fatores, pens\u00f5es relacionadas ao trabalho e afastamento por quest\u00f5es de invalidez.<\/p>\n\n\n\n<p>Esse tipo de per\u00edcia \u00e9 de extrema import\u00e2ncia para a efetiva\u00e7\u00e3o dos processos que envolvem recursos previdenci\u00e1rios, atuando como processo regulador e garantindo assim os direitos estabelecidos pelo campo jur\u00eddico.<\/p>\n\n\n\n<h2 class=\"wp-block-heading\" id=\"h-qual-especializacao-e-necessaria-para-se-tornar-um-medico-legista\"><span class=\"ez-toc-section\" id=\"Qual_especializacao_e_necessaria_para_se_tornar_um_medico_legista\"><\/span><strong>Qual especializa\u00e7\u00e3o \u00e9 necess\u00e1ria para se tornar um m\u00e9dico legista?<\/strong><span class=\"ez-toc-section-end\"><\/span><\/h2>\n\n\n\n<p>H\u00e1 diferentes caminhos que levam a mesma atua\u00e7\u00e3o de m\u00e9dico perito e m\u00e9dico legista, sendo poss\u00edvel a ado\u00e7\u00e3o para carreira de uma ou mais especialidades, auxiliando assim na pr\u00e1tica m\u00e9dica desejada pelo indiv\u00edduo.<\/p>\n\n\n\n<p>Em um primeiro momento, o profissional precisa seguir com a escolha da resid\u00eancia m\u00e9dica em <strong>Patologia<\/strong> ou <strong>Medicina Legal<\/strong>, sendo ambas de acesso direto e com <strong>3 anos de dura\u00e7\u00e3o<\/strong>. Nessas especialidades, os m\u00e9dicos estar\u00e3o expostos a conte\u00fados te\u00f3ricos e pr\u00e1ticos que capacitam o indiv\u00edduo \u00e0 atua\u00e7\u00e3o da medicina legal e da per\u00edcia.<\/p>\n\n\n\n<p>Al\u00e9m disso, para uma maior efetiva\u00e7\u00e3o da pr\u00e1tica pr\u00f3xima ao \u00e2mbito jur\u00eddico, \u00e9 necess\u00e1ria a realiza\u00e7\u00e3o de um <strong>concurso p\u00fablico<\/strong>, direcionando a atividade para o meio c\u00edvel, administrativo e\/ou criminal.<\/p>\n\n\n\n<h3 class=\"wp-block-heading\" id=\"h-como-e-a-residencia-medica-em-medicina-legal-e-pericia-medica\"><span class=\"ez-toc-section\" id=\"Como_e_a_residencia_medica_em_Medicina_Legal_e_Pericia_Medica\"><\/span><strong>Como \u00e9 a resid\u00eancia m\u00e9dica em Medicina Legal e Per\u00edcia M\u00e9dica?<\/strong><span class=\"ez-toc-section-end\"><\/span><\/h3>\n\n\n\n<p>A Medicina Legal e Per\u00edcia M\u00e9dica se enquadram nas <a href=\"https:\/\/www.grupomedcof.com.br\/blog\/55-especialidades-medicas\/\" target=\"_blank\" rel=\"noreferrer noopener\"><strong>55 especialidades m\u00e9dicas reconhecidas no Brasil<\/strong><\/a>, sendo a forma de ingresso de <strong>acesso direto<\/strong>.<\/p>\n\n\n\n<p>Durante os<strong> tr\u00eas anos de dura\u00e7\u00e3o da resid\u00eancia,<\/strong> os alunos ter\u00e3o acesso a conte\u00fados variados, come\u00e7ando pela no\u00e7\u00e3o intr\u00ednseca da <strong>\u00e1rea do direito<\/strong>, que permitir\u00e1 ao futuro especialista ter uma no\u00e7\u00e3o geral do trabalho e, dessa forma, trazer um maior embasamento para a pr\u00e1tica.<\/p>\n\n\n\n<p>Al\u00e9m disso, ser\u00e1 passado ao estudante sobre cria\u00e7\u00e3o de <strong>laudos, t\u00e9cnicas, per\u00edcias e a efetiva\u00e7\u00e3o acad\u00eamica para a realiza\u00e7\u00e3o de aut\u00f3psias<\/strong>. Para isso, nessas especialidades, os conte\u00fados s\u00e3o passados de uma maneira que englobem diferentes \u00e1reas da pr\u00f3pria medicina, capacitando o profissional para variadas formas de abordagens e atendimentos.<\/p>\n\n\n\n<h3 class=\"wp-block-heading\" id=\"h-requisitos-para-ingressar-na-especialidade\"><span class=\"ez-toc-section\" id=\"Requisitos_para_ingressar_na_especialidade\"><\/span><strong>Requisitos para ingressar na especialidade<\/strong><span class=\"ez-toc-section-end\"><\/span><\/h3>\n\n\n\n<p>Sendo uma especialidade de acesso direto, o candidato \u00e0 resid\u00eancia m\u00e9dica em Medicina Legal e Per\u00edcia M\u00e9dica deve, primordialmente, ter <strong>finalizado a gradua\u00e7\u00e3o em medicina e possuir o registro m\u00e9dico no Conselho Federal de Medicina<\/strong>, pois s\u00f3 assim ser\u00e1 poss\u00edvel se candidatar e ingressar no programa de resid\u00eancia.<\/p>\n\n\n\n<figure class=\"wp-block-image size-large\"><a href=\"https:\/\/aulas.grupomedcof.com.br\/atualizacoes-medicas-que-podem-definir-sua-aprovacao\" target=\"_blank\" rel=\" noreferrer noopener\"><img loading=\"lazy\" decoding=\"async\" width=\"1024\" height=\"320\" src=\"https:\/\/www.grupomedcof.com.br\/blog\/wp-content\/uploads\/2025\/02\/Banner-MedCof-Plus-2200x460-13-1024x320.png\" alt=\"\" class=\"wp-image-33939\" srcset=\"https:\/\/www.grupomedcof.com.br\/blog\/wp-content\/uploads\/2025\/02\/Banner-MedCof-Plus-2200x460-13-1024x320.png 1024w, https:\/\/www.grupomedcof.com.br\/blog\/wp-content\/uploads\/2025\/02\/Banner-MedCof-Plus-2200x460-13-300x94.png 300w, https:\/\/www.grupomedcof.com.br\/blog\/wp-content\/uploads\/2025\/02\/Banner-MedCof-Plus-2200x460-13-768x240.png 768w, https:\/\/www.grupomedcof.com.br\/blog\/wp-content\/uploads\/2025\/02\/Banner-MedCof-Plus-2200x460-13-1536x480.png 1536w, https:\/\/www.grupomedcof.com.br\/blog\/wp-content\/uploads\/2025\/02\/Banner-MedCof-Plus-2200x460-13-2048x640.png 2048w, https:\/\/www.grupomedcof.com.br\/blog\/wp-content\/uploads\/2025\/02\/Banner-MedCof-Plus-2200x460-13-1344x420.png 1344w, https:\/\/www.grupomedcof.com.br\/blog\/wp-content\/uploads\/2025\/02\/Banner-MedCof-Plus-2200x460-13-150x47.png 150w, https:\/\/www.grupomedcof.com.br\/blog\/wp-content\/uploads\/2025\/02\/Banner-MedCof-Plus-2200x460-13-696x218.png 696w, https:\/\/www.grupomedcof.com.br\/blog\/wp-content\/uploads\/2025\/02\/Banner-MedCof-Plus-2200x460-13-1068x334.png 1068w, https:\/\/www.grupomedcof.com.br\/blog\/wp-content\/uploads\/2025\/02\/Banner-MedCof-Plus-2200x460-13-1920x600.png 1920w\" sizes=\"auto, (max-width: 1024px) 100vw, 1024px\" \/><\/a><\/figure>\n\n\n\n<h2 class=\"wp-block-heading\" id=\"h-desafios-eticos-e-legais-na-pratica-da-medicina-legal-e-pericia-medica\"><span class=\"ez-toc-section\" id=\"Desafios_eticos_e_legais_na_pratica_da_medicina_legal_e_pericia_medica\"><\/span><strong>Desafios \u00e9ticos e legais na pr\u00e1tica da medicina legal e per\u00edcia m\u00e9dica<\/strong><span class=\"ez-toc-section-end\"><\/span><\/h2>\n\n\n\n<p>Assim como as outras especialidades m\u00e9dicas, o profissional da Medicina Legal e Per\u00edcia M\u00e9dica deve ter como norte o c\u00f3digo de \u00e9tica da medicina assim como os preceitos \u00e9ticos e legais da \u00e1rea do direito.<\/p>\n\n\n\n<p>Como desafios que um m\u00e9dico perito pode se deparar \u00e9 importante destacar alguns:<br><br><strong>Imparcialidade<\/strong>: \u00e9 de grande direcionamento \u00e9tico-jur\u00eddico que, em sua atua\u00e7\u00e3o profissional, o m\u00e9dico trabalhe em paralelo com a imparcialidade, independentemente do caso abordado.<\/p>\n\n\n\n<p><strong>Responsabilidade \u00e9tica e jur\u00eddica<\/strong>: tamb\u00e9m como em outras especialidades, \u00e9 de responsabilidade do profissional o conhecimento dos fatos, os m\u00e9todos de examina\u00e7\u00e3o e conclus\u00e3o de um parecer sobre. Portanto, \u00e9 de total responsabilidade do m\u00e9dico as informa\u00e7\u00f5es ali prestadas, pois foi por meio dele que a per\u00edcia foi feita.<\/p>\n\n\n\n<p><br><strong>Preserva\u00e7\u00e3o da sa\u00fade mental<\/strong>: para alguns, pode ser um fator determinante na escolha, ou n\u00e3o escolha, da especialidade. O especialista nessa \u00e1rea pode, muitas vezes, se deparar com situa\u00e7\u00f5es de maior gravidade, sendo de grande import\u00e2ncia o acompanhamento psicol\u00f3gico para lidar com tais casos.<\/p>\n\n\n\n<h2 class=\"wp-block-heading\" id=\"h-quanto-ganha-um-profissional-da-medicina-legal-e-pericia-medica\"><span class=\"ez-toc-section\" id=\"Quanto_ganha_um_profissional_da_Medicina_Legal_e_Pericia_Medica\"><\/span><strong>Quanto ganha um profissional da Medicina Legal e Per\u00edcia M\u00e9dica?<\/strong><span class=\"ez-toc-section-end\"><\/span><\/h2>\n\n\n\n<p>Em rela\u00e7\u00e3o ao sal\u00e1rio, n\u00e3o h\u00e1 um direcionamento que concretize a remunera\u00e7\u00e3o de um certo valor, podendo esse variar de acordo com a rotina, local e segmento escolhido pelo indiv\u00edduo. Essa remunera\u00e7\u00e3o pode variar entre <strong>R$8.000,00 e R$16.000,00<\/strong>, segundo o portal do <a href=\"https:\/\/www.glassdoor.com.br\/Sal%C3%A1rios\/perito-medico-sal%C3%A1rio-SRCH_KO0,13.htm\"><strong>Glassdoor<\/strong><\/a>.<\/p>\n\n\n\n<h2 class=\"wp-block-heading\" id=\"h-conquiste-sua-vaga-na-residencia-em-medicina-legal-e-pericia-medica-com-a-medcof\"><span class=\"ez-toc-section\" id=\"Conquiste_sua_vaga_na_Residencia_em_Medicina_Legal_e_Pericia_Medica_com_a_MedCof\"><\/span><strong>Conquiste sua vaga na Resid\u00eancia em Medicina Legal e Per\u00edcia M\u00e9dica com a MedCof<\/strong><span class=\"ez-toc-section-end\"><\/span><\/h2>\n\n\n\n<p>Quer se preparar para as provas de resid\u00eancia m\u00e9dica de 2025? Busca a especialidade da Medicina Legal e Per\u00edcia M\u00e9dica?<\/p>\n\n\n\n<p>Ent\u00e3o prepare-se com o Grupo MedCof e turbine ainda mais seus estudos com uma metodologia exclusiva!<\/p>\n\n\n\n<figure class=\"wp-block-embed is-type-video is-provider-youtube wp-block-embed-youtube wp-embed-aspect-16-9 wp-has-aspect-ratio\"><div class=\"wp-block-embed__wrapper\">\n<div class=\"youtube-embed\" data-video_id=\"eD4-63J0j_M\"><iframe loading=\"lazy\" title=\"Aprova\u00e7\u00e3o | Respondendo a prova de resid\u00eancia m\u00e9dica antes dela chegar  | Dr Mateus Cavarzan\" width=\"696\" height=\"392\" src=\"https:\/\/www.youtube.com\/embed\/eD4-63J0j_M?feature=oembed&#038;enablejsapi=1\" frameborder=\"0\" allow=\"accelerometer; autoplay; clipboard-write; encrypted-media; gyroscope; picture-in-picture; web-share\" referrerpolicy=\"strict-origin-when-cross-origin\" allowfullscreen><\/iframe><\/div>\n<\/div><\/figure>\n","protected":false},"excerpt":{"rendered":"<p>A Medicina Legal e Per\u00edcia M\u00e9dica une medicina e direito para garantir a aplica\u00e7\u00e3o da lei e a prote\u00e7\u00e3o dos direitos do cidad\u00e3o. Saiba mais sobre a \u00e1rea!<\/p>\n","protected":false},"author":22,"featured_media":34768,"comment_status":"closed","ping_status":"closed","sticky":false,"template":"","format":"standard","meta":{"footnotes":""},"categories":[55,2443,2750,2751],"tags":[878,1812,2752,1514],"ppma_author":[3621],"class_list":{"0":"post-34767","1":"post","2":"type-post","3":"status-publish","4":"format-standard","5":"has-post-thumbnail","7":"category-carreira-medica","8":"category-especialidades","9":"category-medicina-legal","10":"category-pericia-medica","11":"tag-carreira-medica","12":"tag-medicina-legal","13":"tag-pericia-medica","14":"tag-residencia"},"yoast_head":"<!-- This site is optimized with the Yoast SEO Premium plugin v24.3 (Yoast SEO v27.4) - https:\/\/yoast.com\/product\/yoast-seo-premium-wordpress\/ -->\n<title>Medicina Legal e Per\u00edcia M\u00e9dica: conhe\u00e7a essa resid\u00eancia<\/title>\n<meta name=\"description\" content=\"A Medicina Legal e Per\u00edcia M\u00e9dica une medicina e direito para garantir a aplica\u00e7\u00e3o da lei e a prote\u00e7\u00e3o dos direitos do cidad\u00e3o. Saiba mais sobre a \u00e1rea!\" \/>\n<meta name=\"robots\" content=\"index, follow, max-snippet:-1, max-image-preview:large, max-video-preview:-1\" \/>\n<link rel=\"canonical\" href=\"https:\/\/www.grupomedcof.com.br\/blog\/medicina-legal-e-pericia-medica\/\" \/>\n<meta property=\"og:locale\" content=\"pt_BR\" \/>\n<meta property=\"og:type\" content=\"article\" \/>\n<meta property=\"og:title\" content=\"Medicina legal e per\u00edcia m\u00e9dica: o que \u00e9, atua\u00e7\u00e3o e resid\u00eancia\" \/>\n<meta property=\"og:description\" content=\"A Medicina Legal e Per\u00edcia M\u00e9dica une medicina e direito para garantir a aplica\u00e7\u00e3o da lei e a prote\u00e7\u00e3o dos direitos do cidad\u00e3o. Saiba mais sobre a \u00e1rea!\" \/>\n<meta property=\"og:url\" content=\"https:\/\/www.grupomedcof.com.br\/blog\/medicina-legal-e-pericia-medica\/\" \/>\n<meta property=\"og:site_name\" content=\"Blog de Medcof: conte\u00fados, editais, revalida e mais!\" \/>\n<meta property=\"article:publisher\" content=\"https:\/\/www.facebook.com\/MedCofQbank\/\" \/>\n<meta property=\"article:published_time\" content=\"2025-03-25T18:30:00+00:00\" \/>\n<meta property=\"article:modified_time\" content=\"2025-05-05T20:32:12+00:00\" \/>\n<meta property=\"og:image\" content=\"https:\/\/www.grupomedcof.com.br\/blog\/wp-content\/uploads\/2025\/03\/Titulo-de-Especialista-em-Cardiologia-3-scaled.jpg\" \/>\n\t<meta property=\"og:image:width\" content=\"2560\" \/>\n\t<meta property=\"og:image:height\" content=\"1440\" \/>\n\t<meta property=\"og:image:type\" content=\"image\/jpeg\" \/>\n<meta name=\"author\" content=\"Ettore Falcone\" \/>\n<meta name=\"twitter:card\" content=\"summary_large_image\" \/>\n<meta name=\"twitter:label1\" content=\"Escrito por\" \/>\n\t<meta name=\"twitter:data1\" content=\"Ettore Falcone\" \/>\n\t<meta name=\"twitter:label2\" content=\"Est. tempo de leitura\" \/>\n\t<meta name=\"twitter:data2\" content=\"10 minutos\" \/>\n<script type=\"application\/ld+json\" class=\"yoast-schema-graph\">{\"@context\":\"https:\\\/\\\/schema.org\",\"@graph\":[{\"@type\":\"Article\",\"@id\":\"https:\\\/\\\/www.grupomedcof.com.br\\\/blog\\\/medicina-legal-e-pericia-medica\\\/#article\",\"isPartOf\":{\"@id\":\"https:\\\/\\\/www.grupomedcof.com.br\\\/blog\\\/medicina-legal-e-pericia-medica\\\/\"},\"author\":{\"name\":\"Ettore Falcone\",\"@id\":\"https:\\\/\\\/www.grupomedcof.com.br\\\/blog\\\/#\\\/schema\\\/person\\\/ad0add4bd130988a15b8256e3db09359\"},\"headline\":\"Medicina legal e per\u00edcia m\u00e9dica: o que \u00e9, atua\u00e7\u00e3o e resid\u00eancia\",\"datePublished\":\"2025-03-25T18:30:00+00:00\",\"dateModified\":\"2025-05-05T20:32:12+00:00\",\"mainEntityOfPage\":{\"@id\":\"https:\\\/\\\/www.grupomedcof.com.br\\\/blog\\\/medicina-legal-e-pericia-medica\\\/\"},\"wordCount\":1952,\"publisher\":{\"@id\":\"https:\\\/\\\/www.grupomedcof.com.br\\\/blog\\\/#organization\"},\"image\":{\"@id\":\"https:\\\/\\\/www.grupomedcof.com.br\\\/blog\\\/medicina-legal-e-pericia-medica\\\/#primaryimage\"},\"thumbnailUrl\":\"https:\\\/\\\/www.grupomedcof.com.br\\\/blog\\\/wp-content\\\/uploads\\\/2025\\\/03\\\/Titulo-de-Especialista-em-Cardiologia-3-scaled.jpg\",\"keywords\":[\"carreira m\u00e9dica\",\"Medicina Legal\",\"per\u00edcia m\u00e9dica\",\"Resid\u00eancia\"],\"articleSection\":[\"Carreira M\u00e9dica\",\"Especialidades\",\"Medicina Legal\",\"Per\u00edcia M\u00e9dica\"],\"inLanguage\":\"pt-BR\"},{\"@type\":\"WebPage\",\"@id\":\"https:\\\/\\\/www.grupomedcof.com.br\\\/blog\\\/medicina-legal-e-pericia-medica\\\/\",\"url\":\"https:\\\/\\\/www.grupomedcof.com.br\\\/blog\\\/medicina-legal-e-pericia-medica\\\/\",\"name\":\"Medicina Legal e Per\u00edcia M\u00e9dica: conhe\u00e7a essa resid\u00eancia\",\"isPartOf\":{\"@id\":\"https:\\\/\\\/www.grupomedcof.com.br\\\/blog\\\/#website\"},\"primaryImageOfPage\":{\"@id\":\"https:\\\/\\\/www.grupomedcof.com.br\\\/blog\\\/medicina-legal-e-pericia-medica\\\/#primaryimage\"},\"image\":{\"@id\":\"https:\\\/\\\/www.grupomedcof.com.br\\\/blog\\\/medicina-legal-e-pericia-medica\\\/#primaryimage\"},\"thumbnailUrl\":\"https:\\\/\\\/www.grupomedcof.com.br\\\/blog\\\/wp-content\\\/uploads\\\/2025\\\/03\\\/Titulo-de-Especialista-em-Cardiologia-3-scaled.jpg\",\"datePublished\":\"2025-03-25T18:30:00+00:00\",\"dateModified\":\"2025-05-05T20:32:12+00:00\",\"description\":\"A Medicina Legal e Per\u00edcia M\u00e9dica une medicina e direito para garantir a aplica\u00e7\u00e3o da lei e a prote\u00e7\u00e3o dos direitos do cidad\u00e3o. Saiba mais sobre a \u00e1rea!\",\"breadcrumb\":{\"@id\":\"https:\\\/\\\/www.grupomedcof.com.br\\\/blog\\\/medicina-legal-e-pericia-medica\\\/#breadcrumb\"},\"inLanguage\":\"pt-BR\",\"potentialAction\":[{\"@type\":\"ReadAction\",\"target\":[\"https:\\\/\\\/www.grupomedcof.com.br\\\/blog\\\/medicina-legal-e-pericia-medica\\\/\"]}]},{\"@type\":\"ImageObject\",\"inLanguage\":\"pt-BR\",\"@id\":\"https:\\\/\\\/www.grupomedcof.com.br\\\/blog\\\/medicina-legal-e-pericia-medica\\\/#primaryimage\",\"url\":\"https:\\\/\\\/www.grupomedcof.com.br\\\/blog\\\/wp-content\\\/uploads\\\/2025\\\/03\\\/Titulo-de-Especialista-em-Cardiologia-3-scaled.jpg\",\"contentUrl\":\"https:\\\/\\\/www.grupomedcof.com.br\\\/blog\\\/wp-content\\\/uploads\\\/2025\\\/03\\\/Titulo-de-Especialista-em-Cardiologia-3-scaled.jpg\",\"width\":2560,\"height\":1440,\"caption\":\"m\u00e9dica segurando um cr\u00e2nio juntamente de uma pin\u00e7a, examinando algum componente desse.\"},{\"@type\":\"BreadcrumbList\",\"@id\":\"https:\\\/\\\/www.grupomedcof.com.br\\\/blog\\\/medicina-legal-e-pericia-medica\\\/#breadcrumb\",\"itemListElement\":[{\"@type\":\"ListItem\",\"position\":1,\"name\":\"In\u00edcio\",\"item\":\"https:\\\/\\\/www.grupomedcof.com.br\\\/blog\\\/\"},{\"@type\":\"ListItem\",\"position\":2,\"name\":\"Medicina legal e per\u00edcia m\u00e9dica: o que \u00e9, atua\u00e7\u00e3o e resid\u00eancia\"}]},{\"@type\":\"WebSite\",\"@id\":\"https:\\\/\\\/www.grupomedcof.com.br\\\/blog\\\/#website\",\"url\":\"https:\\\/\\\/www.grupomedcof.com.br\\\/blog\\\/\",\"name\":\"Blog de Medcof: conte\u00fados, editais, revalida e mais!\",\"description\":\"Acesso o blog de MedCof! Seu portal de conte\u00fados sobre resid\u00eancia m\u00e9dica, an\u00e1lise e editais e muito mais. Clique e confira!\",\"publisher\":{\"@id\":\"https:\\\/\\\/www.grupomedcof.com.br\\\/blog\\\/#organization\"},\"alternateName\":\"Blog de Medcof: conte\u00fados, editais, revalida e mais!\",\"potentialAction\":[{\"@type\":\"SearchAction\",\"target\":{\"@type\":\"EntryPoint\",\"urlTemplate\":\"https:\\\/\\\/www.grupomedcof.com.br\\\/blog\\\/?s={search_term_string}\"},\"query-input\":{\"@type\":\"PropertyValueSpecification\",\"valueRequired\":true,\"valueName\":\"search_term_string\"}}],\"inLanguage\":\"pt-BR\"},{\"@type\":\"Organization\",\"@id\":\"https:\\\/\\\/www.grupomedcof.com.br\\\/blog\\\/#organization\",\"name\":\"Grupo MedCof\",\"url\":\"https:\\\/\\\/www.grupomedcof.com.br\\\/blog\\\/\",\"logo\":{\"@type\":\"ImageObject\",\"inLanguage\":\"pt-BR\",\"@id\":\"https:\\\/\\\/www.grupomedcof.com.br\\\/blog\\\/#\\\/schema\\\/logo\\\/image\\\/\",\"url\":\"https:\\\/\\\/www.grupomedcof.com.br\\\/blog\\\/wp-content\\\/uploads\\\/2022\\\/01\\\/logo-medcof.png\",\"contentUrl\":\"https:\\\/\\\/www.grupomedcof.com.br\\\/blog\\\/wp-content\\\/uploads\\\/2022\\\/01\\\/logo-medcof.png\",\"width\":768,\"height\":269,\"caption\":\"Grupo MedCof\"},\"image\":{\"@id\":\"https:\\\/\\\/www.grupomedcof.com.br\\\/blog\\\/#\\\/schema\\\/logo\\\/image\\\/\"},\"sameAs\":[\"https:\\\/\\\/www.facebook.com\\\/MedCofQbank\\\/\",\"https:\\\/\\\/www.instagram.com\\\/grupomedcof\\\/\",\"https:\\\/\\\/br.linkedin.com\\\/company\\\/medcof\",\"https:\\\/\\\/www.youtube.com\\\/channel\\\/UCdHMuOHKICxcHwecxN8P-AA\"]},{\"@type\":\"Person\",\"@id\":\"https:\\\/\\\/www.grupomedcof.com.br\\\/blog\\\/#\\\/schema\\\/person\\\/ad0add4bd130988a15b8256e3db09359\",\"name\":\"Ettore Falcone\",\"image\":{\"@type\":\"ImageObject\",\"inLanguage\":\"pt-BR\",\"@id\":\"https:\\\/\\\/www.grupomedcof.com.br\\\/blog\\\/wp-content\\\/uploads\\\/2025\\\/11\\\/cropped-Imagem-do-WhatsApp-de-2025-11-27-as-10.40.59_de7ecb99-96x96.jpgcf2a84df9a5145806f5b1e554c54b779\",\"url\":\"https:\\\/\\\/www.grupomedcof.com.br\\\/blog\\\/wp-content\\\/uploads\\\/2025\\\/11\\\/cropped-Imagem-do-WhatsApp-de-2025-11-27-as-10.40.59_de7ecb99-96x96.jpg\",\"contentUrl\":\"https:\\\/\\\/www.grupomedcof.com.br\\\/blog\\\/wp-content\\\/uploads\\\/2025\\\/11\\\/cropped-Imagem-do-WhatsApp-de-2025-11-27-as-10.40.59_de7ecb99-96x96.jpg\",\"caption\":\"Ettore Falcone\"},\"description\":\"Jornalista formado, apaixonado por gastronomia, cinema e literatura. Sempre interessado em aprender algo novo e descobrir coisas novas todos os dias.\",\"url\":\"https:\\\/\\\/www.grupomedcof.com.br\\\/blog\\\/author\\\/ettore-falcone\\\/\"}]}<\/script>\n<!-- \/ Yoast SEO Premium plugin. -->","yoast_head_json":{"title":"Medicina Legal e Per\u00edcia M\u00e9dica: conhe\u00e7a essa resid\u00eancia","description":"A Medicina Legal e Per\u00edcia M\u00e9dica une medicina e direito para garantir a aplica\u00e7\u00e3o da lei e a prote\u00e7\u00e3o dos direitos do cidad\u00e3o. Saiba mais sobre a \u00e1rea!","robots":{"index":"index","follow":"follow","max-snippet":"max-snippet:-1","max-image-preview":"max-image-preview:large","max-video-preview":"max-video-preview:-1"},"canonical":"https:\/\/www.grupomedcof.com.br\/blog\/medicina-legal-e-pericia-medica\/","og_locale":"pt_BR","og_type":"article","og_title":"Medicina legal e per\u00edcia m\u00e9dica: o que \u00e9, atua\u00e7\u00e3o e resid\u00eancia","og_description":"A Medicina Legal e Per\u00edcia M\u00e9dica une medicina e direito para garantir a aplica\u00e7\u00e3o da lei e a prote\u00e7\u00e3o dos direitos do cidad\u00e3o. Saiba mais sobre a \u00e1rea!","og_url":"https:\/\/www.grupomedcof.com.br\/blog\/medicina-legal-e-pericia-medica\/","og_site_name":"Blog de Medcof: conte\u00fados, editais, revalida e mais!","article_publisher":"https:\/\/www.facebook.com\/MedCofQbank\/","article_published_time":"2025-03-25T18:30:00+00:00","article_modified_time":"2025-05-05T20:32:12+00:00","og_image":[{"width":2560,"height":1440,"url":"https:\/\/www.grupomedcof.com.br\/blog\/wp-content\/uploads\/2025\/03\/Titulo-de-Especialista-em-Cardiologia-3-scaled.jpg","type":"image\/jpeg"}],"author":"Ettore Falcone","twitter_card":"summary_large_image","twitter_misc":{"Escrito por":"Ettore Falcone","Est. tempo de leitura":"10 minutos"},"schema":{"@context":"https:\/\/schema.org","@graph":[{"@type":"Article","@id":"https:\/\/www.grupomedcof.com.br\/blog\/medicina-legal-e-pericia-medica\/#article","isPartOf":{"@id":"https:\/\/www.grupomedcof.com.br\/blog\/medicina-legal-e-pericia-medica\/"},"author":{"name":"Ettore Falcone","@id":"https:\/\/www.grupomedcof.com.br\/blog\/#\/schema\/person\/ad0add4bd130988a15b8256e3db09359"},"headline":"Medicina legal e per\u00edcia m\u00e9dica: o que \u00e9, atua\u00e7\u00e3o e resid\u00eancia","datePublished":"2025-03-25T18:30:00+00:00","dateModified":"2025-05-05T20:32:12+00:00","mainEntityOfPage":{"@id":"https:\/\/www.grupomedcof.com.br\/blog\/medicina-legal-e-pericia-medica\/"},"wordCount":1952,"publisher":{"@id":"https:\/\/www.grupomedcof.com.br\/blog\/#organization"},"image":{"@id":"https:\/\/www.grupomedcof.com.br\/blog\/medicina-legal-e-pericia-medica\/#primaryimage"},"thumbnailUrl":"https:\/\/www.grupomedcof.com.br\/blog\/wp-content\/uploads\/2025\/03\/Titulo-de-Especialista-em-Cardiologia-3-scaled.jpg","keywords":["carreira m\u00e9dica","Medicina Legal","per\u00edcia m\u00e9dica","Resid\u00eancia"],"articleSection":["Carreira M\u00e9dica","Especialidades","Medicina Legal","Per\u00edcia M\u00e9dica"],"inLanguage":"pt-BR"},{"@type":"WebPage","@id":"https:\/\/www.grupomedcof.com.br\/blog\/medicina-legal-e-pericia-medica\/","url":"https:\/\/www.grupomedcof.com.br\/blog\/medicina-legal-e-pericia-medica\/","name":"Medicina Legal e Per\u00edcia M\u00e9dica: conhe\u00e7a essa resid\u00eancia","isPartOf":{"@id":"https:\/\/www.grupomedcof.com.br\/blog\/#website"},"primaryImageOfPage":{"@id":"https:\/\/www.grupomedcof.com.br\/blog\/medicina-legal-e-pericia-medica\/#primaryimage"},"image":{"@id":"https:\/\/www.grupomedcof.com.br\/blog\/medicina-legal-e-pericia-medica\/#primaryimage"},"thumbnailUrl":"https:\/\/www.grupomedcof.com.br\/blog\/wp-content\/uploads\/2025\/03\/Titulo-de-Especialista-em-Cardiologia-3-scaled.jpg","datePublished":"2025-03-25T18:30:00+00:00","dateModified":"2025-05-05T20:32:12+00:00","description":"A Medicina Legal e Per\u00edcia M\u00e9dica une medicina e direito para garantir a aplica\u00e7\u00e3o da lei e a prote\u00e7\u00e3o dos direitos do cidad\u00e3o. Saiba mais sobre a \u00e1rea!","breadcrumb":{"@id":"https:\/\/www.grupomedcof.com.br\/blog\/medicina-legal-e-pericia-medica\/#breadcrumb"},"inLanguage":"pt-BR","potentialAction":[{"@type":"ReadAction","target":["https:\/\/www.grupomedcof.com.br\/blog\/medicina-legal-e-pericia-medica\/"]}]},{"@type":"ImageObject","inLanguage":"pt-BR","@id":"https:\/\/www.grupomedcof.com.br\/blog\/medicina-legal-e-pericia-medica\/#primaryimage","url":"https:\/\/www.grupomedcof.com.br\/blog\/wp-content\/uploads\/2025\/03\/Titulo-de-Especialista-em-Cardiologia-3-scaled.jpg","contentUrl":"https:\/\/www.grupomedcof.com.br\/blog\/wp-content\/uploads\/2025\/03\/Titulo-de-Especialista-em-Cardiologia-3-scaled.jpg","width":2560,"height":1440,"caption":"m\u00e9dica segurando um cr\u00e2nio juntamente de uma pin\u00e7a, examinando algum componente desse."},{"@type":"BreadcrumbList","@id":"https:\/\/www.grupomedcof.com.br\/blog\/medicina-legal-e-pericia-medica\/#breadcrumb","itemListElement":[{"@type":"ListItem","position":1,"name":"In\u00edcio","item":"https:\/\/www.grupomedcof.com.br\/blog\/"},{"@type":"ListItem","position":2,"name":"Medicina legal e per\u00edcia m\u00e9dica: o que \u00e9, atua\u00e7\u00e3o e resid\u00eancia"}]},{"@type":"WebSite","@id":"https:\/\/www.grupomedcof.com.br\/blog\/#website","url":"https:\/\/www.grupomedcof.com.br\/blog\/","name":"Blog de Medcof: conte\u00fados, editais, revalida e mais!","description":"Acesso o blog de MedCof! Seu portal de conte\u00fados sobre resid\u00eancia m\u00e9dica, an\u00e1lise e editais e muito mais. Clique e confira!","publisher":{"@id":"https:\/\/www.grupomedcof.com.br\/blog\/#organization"},"alternateName":"Blog de Medcof: conte\u00fados, editais, revalida e mais!","potentialAction":[{"@type":"SearchAction","target":{"@type":"EntryPoint","urlTemplate":"https:\/\/www.grupomedcof.com.br\/blog\/?s={search_term_string}"},"query-input":{"@type":"PropertyValueSpecification","valueRequired":true,"valueName":"search_term_string"}}],"inLanguage":"pt-BR"},{"@type":"Organization","@id":"https:\/\/www.grupomedcof.com.br\/blog\/#organization","name":"Grupo MedCof","url":"https:\/\/www.grupomedcof.com.br\/blog\/","logo":{"@type":"ImageObject","inLanguage":"pt-BR","@id":"https:\/\/www.grupomedcof.com.br\/blog\/#\/schema\/logo\/image\/","url":"https:\/\/www.grupomedcof.com.br\/blog\/wp-content\/uploads\/2022\/01\/logo-medcof.png","contentUrl":"https:\/\/www.grupomedcof.com.br\/blog\/wp-content\/uploads\/2022\/01\/logo-medcof.png","width":768,"height":269,"caption":"Grupo MedCof"},"image":{"@id":"https:\/\/www.grupomedcof.com.br\/blog\/#\/schema\/logo\/image\/"},"sameAs":["https:\/\/www.facebook.com\/MedCofQbank\/","https:\/\/www.instagram.com\/grupomedcof\/","https:\/\/br.linkedin.com\/company\/medcof","https:\/\/www.youtube.com\/channel\/UCdHMuOHKICxcHwecxN8P-AA"]},{"@type":"Person","@id":"https:\/\/www.grupomedcof.com.br\/blog\/#\/schema\/person\/ad0add4bd130988a15b8256e3db09359","name":"Ettore Falcone","image":{"@type":"ImageObject","inLanguage":"pt-BR","@id":"https:\/\/www.grupomedcof.com.br\/blog\/wp-content\/uploads\/2025\/11\/cropped-Imagem-do-WhatsApp-de-2025-11-27-as-10.40.59_de7ecb99-96x96.jpgcf2a84df9a5145806f5b1e554c54b779","url":"https:\/\/www.grupomedcof.com.br\/blog\/wp-content\/uploads\/2025\/11\/cropped-Imagem-do-WhatsApp-de-2025-11-27-as-10.40.59_de7ecb99-96x96.jpg","contentUrl":"https:\/\/www.grupomedcof.com.br\/blog\/wp-content\/uploads\/2025\/11\/cropped-Imagem-do-WhatsApp-de-2025-11-27-as-10.40.59_de7ecb99-96x96.jpg","caption":"Ettore Falcone"},"description":"Jornalista formado, apaixonado por gastronomia, cinema e literatura. Sempre interessado em aprender algo novo e descobrir coisas novas todos os dias.","url":"https:\/\/www.grupomedcof.com.br\/blog\/author\/ettore-falcone\/"}]}},"authors":[{"term_id":3621,"user_id":22,"is_guest":0,"slug":"ettore-falcone","display_name":"Ettore Falcone","avatar_url":"https:\/\/www.grupomedcof.com.br\/blog\/wp-content\/uploads\/2025\/11\/cropped-Imagem-do-WhatsApp-de-2025-11-27-as-10.40.59_de7ecb99-96x96.jpg","0":null,"1":"","2":"","3":"","4":"","5":"","6":"","7":"","8":""}],"_links":{"self":[{"href":"https:\/\/www.grupomedcof.com.br\/blog\/wp-json\/wp\/v2\/posts\/34767","targetHints":{"allow":["GET"]}}],"collection":[{"href":"https:\/\/www.grupomedcof.com.br\/blog\/wp-json\/wp\/v2\/posts"}],"about":[{"href":"https:\/\/www.grupomedcof.com.br\/blog\/wp-json\/wp\/v2\/types\/post"}],"author":[{"embeddable":true,"href":"https:\/\/www.grupomedcof.com.br\/blog\/wp-json\/wp\/v2\/users\/22"}],"replies":[{"embeddable":true,"href":"https:\/\/www.grupomedcof.com.br\/blog\/wp-json\/wp\/v2\/comments?post=34767"}],"version-history":[{"count":0,"href":"https:\/\/www.grupomedcof.com.br\/blog\/wp-json\/wp\/v2\/posts\/34767\/revisions"}],"wp:featuredmedia":[{"embeddable":true,"href":"https:\/\/www.grupomedcof.com.br\/blog\/wp-json\/wp\/v2\/media\/34768"}],"wp:attachment":[{"href":"https:\/\/www.grupomedcof.com.br\/blog\/wp-json\/wp\/v2\/media?parent=34767"}],"wp:term":[{"taxonomy":"category","embeddable":true,"href":"https:\/\/www.grupomedcof.com.br\/blog\/wp-json\/wp\/v2\/categories?post=34767"},{"taxonomy":"post_tag","embeddable":true,"href":"https:\/\/www.grupomedcof.com.br\/blog\/wp-json\/wp\/v2\/tags?post=34767"},{"taxonomy":"author","embeddable":true,"href":"https:\/\/www.grupomedcof.com.br\/blog\/wp-json\/wp\/v2\/ppma_author?post=34767"}],"curies":[{"name":"wp","href":"https:\/\/api.w.org\/{rel}","templated":true}]}}