{"id":34780,"date":"2025-11-21T11:55:10","date_gmt":"2025-11-21T14:55:10","guid":{"rendered":"https:\/\/www.grupomedcof.com.br\/blog\/?p=34780"},"modified":"2026-04-24T17:37:50","modified_gmt":"2026-04-24T20:37:50","slug":"tuberculose-brasil","status":"publish","type":"post","link":"https:\/\/www.grupomedcof.com.br\/blog\/tuberculose-brasil\/","title":{"rendered":"Tuberculose mata mais de 1 milh\u00e3o de pessoas por ano: qual a realidade do Brasil?"},"content":{"rendered":"<div id=\"ez-toc-container\" class=\"ez-toc-v2_0_74 counter-hierarchy ez-toc-counter ez-toc-transparent ez-toc-container-direction\">\n<div class=\"ez-toc-title-container\">\n<p class=\"ez-toc-title\" style=\"cursor:inherit\">Sum\u00e1rio<\/p>\n<span class=\"ez-toc-title-toggle\"><a href=\"#\" class=\"ez-toc-pull-right ez-toc-btn ez-toc-btn-xs ez-toc-btn-default ez-toc-toggle\" aria-label=\"Alternar tabela de conte\u00fado\"><span class=\"ez-toc-js-icon-con\"><span class=\"\"><span class=\"eztoc-hide\" style=\"display:none;\">Toggle<\/span><span class=\"ez-toc-icon-toggle-span\"><svg style=\"fill: #999;color:#999\" xmlns=\"http:\/\/www.w3.org\/2000\/svg\" class=\"list-377408\" width=\"20px\" height=\"20px\" viewBox=\"0 0 24 24\" fill=\"none\"><path d=\"M6 6H4v2h2V6zm14 0H8v2h12V6zM4 11h2v2H4v-2zm16 0H8v2h12v-2zM4 16h2v2H4v-2zm16 0H8v2h12v-2z\" fill=\"currentColor\"><\/path><\/svg><svg style=\"fill: #999;color:#999\" class=\"arrow-unsorted-368013\" xmlns=\"http:\/\/www.w3.org\/2000\/svg\" width=\"10px\" height=\"10px\" viewBox=\"0 0 24 24\" version=\"1.2\" baseProfile=\"tiny\"><path d=\"M18.2 9.3l-6.2-6.3-6.2 6.3c-.2.2-.3.4-.3.7s.1.5.3.7c.2.2.4.3.7.3h11c.3 0 .5-.1.7-.3.2-.2.3-.5.3-.7s-.1-.5-.3-.7zM5.8 14.7l6.2 6.3 6.2-6.3c.2-.2.3-.5.3-.7s-.1-.5-.3-.7c-.2-.2-.4-.3-.7-.3h-11c-.3 0-.5.1-.7.3-.2.2-.3.5-.3.7s.1.5.3.7z\"\/><\/svg><\/span><\/span><\/span><\/a><\/span><\/div>\n<nav><ul class='ez-toc-list ez-toc-list-level-1 ' ><li class='ez-toc-page-1 ez-toc-heading-level-2'><a class=\"ez-toc-link ez-toc-heading-1\" href=\"https:\/\/www.grupomedcof.com.br\/blog\/tuberculose-brasil\/#A_tuberculose_no_Brasil\" >A tuberculose no Brasil<\/a><\/li><li class='ez-toc-page-1 ez-toc-heading-level-2'><a class=\"ez-toc-link ez-toc-heading-2\" href=\"https:\/\/www.grupomedcof.com.br\/blog\/tuberculose-brasil\/#Fatores_de_risco_e_desafios_no_combate_a_doenca\" >Fatores de risco e desafios no combate \u00e0 doen\u00e7a<\/a><\/li><li class='ez-toc-page-1 ez-toc-heading-level-2'><a class=\"ez-toc-link ez-toc-heading-3\" href=\"https:\/\/www.grupomedcof.com.br\/blog\/tuberculose-brasil\/#Como_prevenir_e_tratar_a_tuberculose\" >Como prevenir e tratar a tuberculose?<\/a><ul class='ez-toc-list-level-3' ><li class='ez-toc-heading-level-3'><a class=\"ez-toc-link ez-toc-heading-4\" href=\"https:\/\/www.grupomedcof.com.br\/blog\/tuberculose-brasil\/#Tratamento_gratuito_pelo_SUS\" >Tratamento gratuito pelo SUS<\/a><\/li><\/ul><\/li><li class='ez-toc-page-1 ez-toc-heading-level-2'><a class=\"ez-toc-link ez-toc-heading-5\" href=\"https:\/\/www.grupomedcof.com.br\/blog\/tuberculose-brasil\/#Seja_um_MedCofer\" >Seja um MedCofer!<\/a><\/li><\/ul><\/nav><\/div>\n\n<figure class=\"wp-block-image size-large\"><img loading=\"lazy\" decoding=\"async\" width=\"1024\" height=\"576\" src=\"https:\/\/www.grupomedcof.com.br\/blog\/wp-content\/uploads\/2025\/03\/Copia-de-Blog-MedCof-1024x576.png\" alt=\"\" class=\"wp-image-34781\" srcset=\"https:\/\/www.grupomedcof.com.br\/blog\/wp-content\/uploads\/2025\/03\/Copia-de-Blog-MedCof-1024x576.png 1024w, https:\/\/www.grupomedcof.com.br\/blog\/wp-content\/uploads\/2025\/03\/Copia-de-Blog-MedCof-300x169.png 300w, https:\/\/www.grupomedcof.com.br\/blog\/wp-content\/uploads\/2025\/03\/Copia-de-Blog-MedCof-768x432.png 768w, https:\/\/www.grupomedcof.com.br\/blog\/wp-content\/uploads\/2025\/03\/Copia-de-Blog-MedCof-1536x864.png 1536w, https:\/\/www.grupomedcof.com.br\/blog\/wp-content\/uploads\/2025\/03\/Copia-de-Blog-MedCof-747x420.png 747w, https:\/\/www.grupomedcof.com.br\/blog\/wp-content\/uploads\/2025\/03\/Copia-de-Blog-MedCof-150x84.png 150w, https:\/\/www.grupomedcof.com.br\/blog\/wp-content\/uploads\/2025\/03\/Copia-de-Blog-MedCof-696x392.png 696w, https:\/\/www.grupomedcof.com.br\/blog\/wp-content\/uploads\/2025\/03\/Copia-de-Blog-MedCof-1068x601.png 1068w, https:\/\/www.grupomedcof.com.br\/blog\/wp-content\/uploads\/2025\/03\/Copia-de-Blog-MedCof.png 1920w\" sizes=\"auto, (max-width: 1024px) 100vw, 1024px\" \/><\/figure>\n\n\n\n<p>A <strong>tuberculose<\/strong> continua sendo uma das doen\u00e7as infecciosas mais letais do mundo. Segundo a <strong>Organiza\u00e7\u00e3o Mundial da Sa\u00fade (OMS)<\/strong>, <strong>mais de 1,3 milh\u00e3o<\/strong> de pessoas <strong>morrem anualmente<\/strong> em decorr\u00eancia da doen\u00e7a, apesar de ser trat\u00e1vel e preven\u00edvel. No <strong>Brasil<\/strong>, a situa\u00e7\u00e3o tamb\u00e9m preocupa: o pa\u00eds est\u00e1 <strong>entre os 30<\/strong> com maior carga de tuberculose no mundo, segundo o <strong>Minist\u00e9rio da Sa\u00fade<\/strong>.<\/p>\n\n\n\n<h2 class=\"wp-block-heading\" id=\"h-a-tuberculose-no-brasil\"><span class=\"ez-toc-section\" id=\"A_tuberculose_no_Brasil\"><\/span><strong>A tuberculose no Brasil<\/strong><span class=\"ez-toc-section-end\"><\/span><\/h2>\n\n\n\n<p>A tuberculose \u00e9 causada pela bact\u00e9ria <strong><em>Mycobacterium tuberculosis<\/em><\/strong>, que atinge principalmente os pulm\u00f5es, mas pode afetar outros \u00f3rg\u00e3os. A transmiss\u00e3o ocorre pelo ar, por meio de got\u00edculas expelidas ao falar, tossir ou espirrar. No Brasil, o <strong>Sistema \u00danico de Sa\u00fade (SUS)<\/strong> oferece <strong>diagn\u00f3stico e tratamento gratuitos<\/strong>, mas desafios como diagn\u00f3stico tardio, abandono do tratamento e vulnerabilidades sociais impactam no controle da doen\u00e7a.<\/p>\n\n\n\n<p>Os dados s\u00e3o alarmantes: segundo o <a href=\"https:\/\/www.gov.br\/aids\/pt-br\/central-de-conteudo\/boletins-epidemiologicos\/2025\/boletim-epidemiologico-tuberculose-2025\/view\"><strong>Boletim Epidemiol\u00f3gico do Minist\u00e9rio da Sa\u00fade<\/strong> <strong>de 2025<\/strong><\/a>, em 2024 foram registrados no Brasil mais de <strong>80 mil novos casos<\/strong> de tuberculose, com um coeficiente de <strong>incid\u00eancia de 39,7 casos<\/strong> por<strong> 100 mil habitantes<\/strong>.<\/p>\n\n\n\n<p>O n\u00famero assusta, mas, quando comparado com os dados divulgados de 2023 (ano com grande n\u00famero de ocorr\u00eancias), \u00e9 apresentada uma queda nos diagn\u00f3sticos, totalizados em   <strong>84.994<\/strong>.<\/p>\n\n\n\n<p>A mortalidade tamb\u00e9m preocupa. Segundo o documento, o ano de 2023 contou com mais de <strong>6 mil mortes pela doen\u00e7a<\/strong>, sendo a maioria delas registradas nos estados do <strong>Amazonas, Pernambuco e Rio de Janeiro<\/strong>.<\/p>\n\n\n\n<p>Os dados acima colocam um alerta na posi\u00e7\u00e3o do Brasil em estat\u00edsticas de diagn\u00f3sticos dessa doen\u00e7a.<\/p>\n\n\n\n<h2 class=\"wp-block-heading\" id=\"h-fatores-de-risco-e-desafios-no-combate-a-doenca\"><span class=\"ez-toc-section\" id=\"Fatores_de_risco_e_desafios_no_combate_a_doenca\"><\/span><strong>Fatores de risco e desafios no combate \u00e0 doen\u00e7a<\/strong><span class=\"ez-toc-section-end\"><\/span><\/h2>\n\n\n\n<p>A tuberculose tem uma rela\u00e7\u00e3o direta com fatores <strong>sociais e econ\u00f4micos<\/strong>, sendo mais comum em popula\u00e7\u00f5es vulner\u00e1veis, como pessoas em situa\u00e7\u00e3o de rua, privados de liberdade e indiv\u00edduos com HIV. Outros desafios incluem:<\/p>\n\n\n\n<ul class=\"wp-block-list\">\n<li><strong>Diagn\u00f3stico tardio<\/strong>: muitas vezes, os sintomas s\u00e3o confundidos com outras doen\u00e7as respirat\u00f3rias, atrasando o in\u00edcio do tratamento.<\/li>\n\n\n\n<li><strong>Resist\u00eancia aos medicamentos<\/strong>: a tuberculose multirresistente (TB-MDR) surge quando os pacientes n\u00e3o completam o tratamento corretamente, tornando a doen\u00e7a mais dif\u00edcil de tratar.<\/li>\n\n\n\n<li><strong>Fatores sociais<\/strong>: pobreza, desnutri\u00e7\u00e3o e condi\u00e7\u00f5es prec\u00e1rias de moradia contribuem para a dissemina\u00e7\u00e3o da doen\u00e7a.<\/li>\n<\/ul>\n\n\n\n<h2 class=\"wp-block-heading\" id=\"h-como-prevenir-e-tratar-a-tuberculose\"><span class=\"ez-toc-section\" id=\"Como_prevenir_e_tratar_a_tuberculose\"><\/span><strong>Como prevenir e tratar a tuberculose?<\/strong><span class=\"ez-toc-section-end\"><\/span><\/h2>\n\n\n\n<p>A preven\u00e7\u00e3o da tuberculose come\u00e7a com a vacina\u00e7\u00e3o <strong>BCG<\/strong>, obrigat\u00f3ria para beb\u00eas ao nascer, que protege contra formas graves da doen\u00e7a. Al\u00e9m disso, o <strong>diagn\u00f3stico precoce<\/strong> e o <strong>tratamento adequado<\/strong> s\u00e3o essenciais para evitar a transmiss\u00e3o.<\/p>\n\n\n\n<h3 class=\"wp-block-heading\" id=\"h-tratamento-gratuito-pelo-sus\"><span class=\"ez-toc-section\" id=\"Tratamento_gratuito_pelo_SUS\"><\/span><strong>Tratamento gratuito pelo SUS<\/strong><span class=\"ez-toc-section-end\"><\/span><\/h3>\n\n\n\n<p>O tratamento da tuberculose dura no m\u00ednimo <strong>seis meses<\/strong> e \u00e9 feito com <strong>antibi\u00f3ticos espec\u00edficos<\/strong>. \u00c9 fundamental que o paciente n\u00e3o interrompa o tratamento, pois isso pode levar ao desenvolvimento de tuberculose resistente, dificultando a cura.<\/p>\n\n\n\n<h2 class=\"wp-block-heading\"><span class=\"ez-toc-section\" id=\"Seja_um_MedCofer\"><\/span><strong>Seja um MedCofer!<\/strong><span class=\"ez-toc-section-end\"><\/span><\/h2>\n\n\n\n<p>Quer alcan\u00e7ar a aprova\u00e7\u00e3o nas provas de resid\u00eancia m\u00e9dica? Ent\u00e3o seja um&nbsp;<a href=\"https:\/\/www.grupomedcof.com.br\/home\/\" target=\"_blank\" rel=\"noreferrer noopener\"><strong>MedCoffer<\/strong><\/a>! Aqui te ajudaremos na busca da aprova\u00e7\u00e3o com conte\u00fados de qualidade e uma metodologia que j\u00e1 aprovou mais de 10 mil residentes no pa\u00eds! Por fim, acesse o nosso<a href=\"https:\/\/www.youtube.com\/@GrupoMedcof\/featured\" target=\"_blank\" rel=\"noreferrer noopener\">&nbsp;<strong>canal do youtube&nbsp;<\/strong><\/a>para ver o nosso material.<\/p>\n\n\n\n<figure class=\"wp-block-embed is-type-video is-provider-youtube wp-block-embed-youtube wp-embed-aspect-16-9 wp-has-aspect-ratio\"><div class=\"wp-block-embed__wrapper\">\n<iframe loading=\"lazy\" title=\"Tuberculose Pulmonar: O Que Voc\u00ea Precisa Saber. Com Dra. Jaqueline Palazzo\" width=\"696\" height=\"392\" src=\"https:\/\/www.youtube.com\/embed\/0tIUbJilDmA?feature=oembed\" frameborder=\"0\" allow=\"accelerometer; autoplay; clipboard-write; encrypted-media; gyroscope; picture-in-picture; web-share\" referrerpolicy=\"strict-origin-when-cross-origin\" allowfullscreen><\/iframe>\n<\/div><\/figure>\n","protected":false},"excerpt":{"rendered":"<p>O Brasil est\u00e1 entre os pa\u00edses mais afetados pela tuberculose. Conhe\u00e7a sintomas, formas de preven\u00e7\u00e3o e op\u00e7\u00f5es de tratamento gratuito dispon\u00edveis no SUS.<\/p>\n","protected":false},"author":23,"featured_media":34781,"comment_status":"closed","ping_status":"closed","sticky":false,"template":"","format":"standard","meta":{"footnotes":""},"categories":[195,240,173],"tags":[196,1460,1424,1139,1423],"ppma_author":[3618],"class_list":{"0":"post-34780","1":"post","2":"type-post","3":"status-publish","4":"format-standard","5":"has-post-thumbnail","7":"category-infectologia","8":"category-noticias","9":"category-novidades","10":"tag-infectologia","11":"tag-noticias","12":"tag-tratamento-tuberculose","13":"tag-tuberculose","14":"tag-tuberculose-causas"},"yoast_head":"<!-- This site is optimized with the Yoast SEO Premium plugin v24.3 (Yoast SEO v27.4) - https:\/\/yoast.com\/product\/yoast-seo-premium-wordpress\/ -->\n<title>Tuberculose no Brasil: Causas e Tratamento no SUS | Medcof<\/title>\n<meta name=\"description\" content=\"O Brasil est\u00e1 entre os pa\u00edses mais afetados pela tuberculose. Conhe\u00e7a sintomas, formas de preven\u00e7\u00e3o e op\u00e7\u00f5es de tratamento gratuito dispon\u00edveis no SUS.\" \/>\n<meta name=\"robots\" content=\"index, follow, max-snippet:-1, max-image-preview:large, max-video-preview:-1\" \/>\n<link rel=\"canonical\" href=\"https:\/\/www.grupomedcof.com.br\/blog\/tuberculose-brasil\/\" \/>\n<meta property=\"og:locale\" content=\"pt_BR\" \/>\n<meta property=\"og:type\" content=\"article\" \/>\n<meta property=\"og:title\" content=\"Tuberculose mata mais de 1 milh\u00e3o de pessoas por ano: qual a realidade do Brasil?\" \/>\n<meta property=\"og:description\" content=\"O Brasil est\u00e1 entre os pa\u00edses mais afetados pela tuberculose. Conhe\u00e7a sintomas, formas de preven\u00e7\u00e3o e op\u00e7\u00f5es de tratamento gratuito dispon\u00edveis no SUS.\" \/>\n<meta property=\"og:url\" content=\"https:\/\/www.grupomedcof.com.br\/blog\/tuberculose-brasil\/\" \/>\n<meta property=\"og:site_name\" content=\"Blog de Medcof: conte\u00fados, editais, revalida e mais!\" \/>\n<meta property=\"article:publisher\" content=\"https:\/\/www.facebook.com\/MedCofQbank\/\" \/>\n<meta property=\"article:published_time\" content=\"2025-11-21T14:55:10+00:00\" \/>\n<meta property=\"article:modified_time\" content=\"2026-04-24T20:37:50+00:00\" \/>\n<meta property=\"og:image\" content=\"https:\/\/www.grupomedcof.com.br\/blog\/wp-content\/uploads\/2025\/03\/Copia-de-Blog-MedCof.png\" \/>\n\t<meta property=\"og:image:width\" content=\"1920\" \/>\n\t<meta property=\"og:image:height\" content=\"1080\" \/>\n\t<meta property=\"og:image:type\" content=\"image\/png\" \/>\n<meta name=\"author\" content=\"Lu\u00edsa Porto\" \/>\n<meta name=\"twitter:card\" content=\"summary_large_image\" \/>\n<meta name=\"twitter:label1\" content=\"Escrito por\" \/>\n\t<meta name=\"twitter:data1\" content=\"Lu\u00edsa Porto\" \/>\n\t<meta name=\"twitter:label2\" content=\"Est. tempo de leitura\" \/>\n\t<meta name=\"twitter:data2\" content=\"4 minutos\" \/>\n<script type=\"application\/ld+json\" class=\"yoast-schema-graph\">{\"@context\":\"https:\\\/\\\/schema.org\",\"@graph\":[{\"@type\":\"Article\",\"@id\":\"https:\\\/\\\/www.grupomedcof.com.br\\\/blog\\\/tuberculose-brasil\\\/#article\",\"isPartOf\":{\"@id\":\"https:\\\/\\\/www.grupomedcof.com.br\\\/blog\\\/tuberculose-brasil\\\/\"},\"author\":{\"name\":\"Lu\u00edsa Porto\",\"@id\":\"https:\\\/\\\/www.grupomedcof.com.br\\\/blog\\\/#\\\/schema\\\/person\\\/d755ffce500bd0766bbf0e4e6572518f\"},\"headline\":\"Tuberculose mata mais de 1 milh\u00e3o de pessoas por ano: qual a realidade do Brasil?\",\"datePublished\":\"2025-11-21T14:55:10+00:00\",\"dateModified\":\"2026-04-24T20:37:50+00:00\",\"mainEntityOfPage\":{\"@id\":\"https:\\\/\\\/www.grupomedcof.com.br\\\/blog\\\/tuberculose-brasil\\\/\"},\"wordCount\":563,\"publisher\":{\"@id\":\"https:\\\/\\\/www.grupomedcof.com.br\\\/blog\\\/#organization\"},\"image\":{\"@id\":\"https:\\\/\\\/www.grupomedcof.com.br\\\/blog\\\/tuberculose-brasil\\\/#primaryimage\"},\"thumbnailUrl\":\"https:\\\/\\\/www.grupomedcof.com.br\\\/blog\\\/wp-content\\\/uploads\\\/2025\\\/03\\\/Copia-de-Blog-MedCof.png\",\"keywords\":[\"Infectologia\",\"not\u00edcias\",\"tratamento tuberculose\",\"tuberculose\",\"tuberculose causas\"],\"articleSection\":[\"Infectologia\",\"Not\u00edcias\",\"Novidades\"],\"inLanguage\":\"pt-BR\"},{\"@type\":\"WebPage\",\"@id\":\"https:\\\/\\\/www.grupomedcof.com.br\\\/blog\\\/tuberculose-brasil\\\/\",\"url\":\"https:\\\/\\\/www.grupomedcof.com.br\\\/blog\\\/tuberculose-brasil\\\/\",\"name\":\"Tuberculose no Brasil: Causas e Tratamento no SUS | Medcof\",\"isPartOf\":{\"@id\":\"https:\\\/\\\/www.grupomedcof.com.br\\\/blog\\\/#website\"},\"primaryImageOfPage\":{\"@id\":\"https:\\\/\\\/www.grupomedcof.com.br\\\/blog\\\/tuberculose-brasil\\\/#primaryimage\"},\"image\":{\"@id\":\"https:\\\/\\\/www.grupomedcof.com.br\\\/blog\\\/tuberculose-brasil\\\/#primaryimage\"},\"thumbnailUrl\":\"https:\\\/\\\/www.grupomedcof.com.br\\\/blog\\\/wp-content\\\/uploads\\\/2025\\\/03\\\/Copia-de-Blog-MedCof.png\",\"datePublished\":\"2025-11-21T14:55:10+00:00\",\"dateModified\":\"2026-04-24T20:37:50+00:00\",\"description\":\"O Brasil est\u00e1 entre os pa\u00edses mais afetados pela tuberculose. Conhe\u00e7a sintomas, formas de preven\u00e7\u00e3o e op\u00e7\u00f5es de tratamento gratuito dispon\u00edveis no SUS.\",\"breadcrumb\":{\"@id\":\"https:\\\/\\\/www.grupomedcof.com.br\\\/blog\\\/tuberculose-brasil\\\/#breadcrumb\"},\"inLanguage\":\"pt-BR\",\"potentialAction\":[{\"@type\":\"ReadAction\",\"target\":[\"https:\\\/\\\/www.grupomedcof.com.br\\\/blog\\\/tuberculose-brasil\\\/\"]}]},{\"@type\":\"ImageObject\",\"inLanguage\":\"pt-BR\",\"@id\":\"https:\\\/\\\/www.grupomedcof.com.br\\\/blog\\\/tuberculose-brasil\\\/#primaryimage\",\"url\":\"https:\\\/\\\/www.grupomedcof.com.br\\\/blog\\\/wp-content\\\/uploads\\\/2025\\\/03\\\/Copia-de-Blog-MedCof.png\",\"contentUrl\":\"https:\\\/\\\/www.grupomedcof.com.br\\\/blog\\\/wp-content\\\/uploads\\\/2025\\\/03\\\/Copia-de-Blog-MedCof.png\",\"width\":1920,\"height\":1080},{\"@type\":\"BreadcrumbList\",\"@id\":\"https:\\\/\\\/www.grupomedcof.com.br\\\/blog\\\/tuberculose-brasil\\\/#breadcrumb\",\"itemListElement\":[{\"@type\":\"ListItem\",\"position\":1,\"name\":\"In\u00edcio\",\"item\":\"https:\\\/\\\/www.grupomedcof.com.br\\\/blog\\\/\"},{\"@type\":\"ListItem\",\"position\":2,\"name\":\"Tuberculose mata mais de 1 milh\u00e3o de pessoas por ano: qual a realidade do Brasil?\"}]},{\"@type\":\"WebSite\",\"@id\":\"https:\\\/\\\/www.grupomedcof.com.br\\\/blog\\\/#website\",\"url\":\"https:\\\/\\\/www.grupomedcof.com.br\\\/blog\\\/\",\"name\":\"Blog de Medcof: conte\u00fados, editais, revalida e mais!\",\"description\":\"Acesso o blog de MedCof! Seu portal de conte\u00fados sobre resid\u00eancia m\u00e9dica, an\u00e1lise e editais e muito mais. Clique e confira!\",\"publisher\":{\"@id\":\"https:\\\/\\\/www.grupomedcof.com.br\\\/blog\\\/#organization\"},\"alternateName\":\"Blog de Medcof: conte\u00fados, editais, revalida e mais!\",\"potentialAction\":[{\"@type\":\"SearchAction\",\"target\":{\"@type\":\"EntryPoint\",\"urlTemplate\":\"https:\\\/\\\/www.grupomedcof.com.br\\\/blog\\\/?s={search_term_string}\"},\"query-input\":{\"@type\":\"PropertyValueSpecification\",\"valueRequired\":true,\"valueName\":\"search_term_string\"}}],\"inLanguage\":\"pt-BR\"},{\"@type\":\"Organization\",\"@id\":\"https:\\\/\\\/www.grupomedcof.com.br\\\/blog\\\/#organization\",\"name\":\"Grupo MedCof\",\"url\":\"https:\\\/\\\/www.grupomedcof.com.br\\\/blog\\\/\",\"logo\":{\"@type\":\"ImageObject\",\"inLanguage\":\"pt-BR\",\"@id\":\"https:\\\/\\\/www.grupomedcof.com.br\\\/blog\\\/#\\\/schema\\\/logo\\\/image\\\/\",\"url\":\"https:\\\/\\\/www.grupomedcof.com.br\\\/blog\\\/wp-content\\\/uploads\\\/2022\\\/01\\\/logo-medcof.png\",\"contentUrl\":\"https:\\\/\\\/www.grupomedcof.com.br\\\/blog\\\/wp-content\\\/uploads\\\/2022\\\/01\\\/logo-medcof.png\",\"width\":768,\"height\":269,\"caption\":\"Grupo MedCof\"},\"image\":{\"@id\":\"https:\\\/\\\/www.grupomedcof.com.br\\\/blog\\\/#\\\/schema\\\/logo\\\/image\\\/\"},\"sameAs\":[\"https:\\\/\\\/www.facebook.com\\\/MedCofQbank\\\/\",\"https:\\\/\\\/www.instagram.com\\\/grupomedcof\\\/\",\"https:\\\/\\\/br.linkedin.com\\\/company\\\/medcof\",\"https:\\\/\\\/www.youtube.com\\\/channel\\\/UCdHMuOHKICxcHwecxN8P-AA\"]},{\"@type\":\"Person\",\"@id\":\"https:\\\/\\\/www.grupomedcof.com.br\\\/blog\\\/#\\\/schema\\\/person\\\/d755ffce500bd0766bbf0e4e6572518f\",\"name\":\"Lu\u00edsa Porto\",\"image\":{\"@type\":\"ImageObject\",\"inLanguage\":\"pt-BR\",\"@id\":\"https:\\\/\\\/www.grupomedcof.com.br\\\/blog\\\/wp-content\\\/uploads\\\/2025\\\/05\\\/cropped-WhatsApp-Image-2025-05-05-at-19.22.15-96x96.jpegd989589e3fd3e4fb9efe9268a95bbcc4\",\"url\":\"https:\\\/\\\/www.grupomedcof.com.br\\\/blog\\\/wp-content\\\/uploads\\\/2025\\\/05\\\/cropped-WhatsApp-Image-2025-05-05-at-19.22.15-96x96.jpeg\",\"contentUrl\":\"https:\\\/\\\/www.grupomedcof.com.br\\\/blog\\\/wp-content\\\/uploads\\\/2025\\\/05\\\/cropped-WhatsApp-Image-2025-05-05-at-19.22.15-96x96.jpeg\",\"caption\":\"Lu\u00edsa Porto\"},\"description\":\"Estudante de Jornalismo do 6\u00ba semestre, encantada pela \u00e1rea da comunica\u00e7\u00e3o e f\u00e3 de automobilismo\",\"url\":\"https:\\\/\\\/www.grupomedcof.com.br\\\/blog\\\/author\\\/porto\\\/\"}]}<\/script>\n<!-- \/ Yoast SEO Premium plugin. -->","yoast_head_json":{"title":"Tuberculose no Brasil: Causas e Tratamento no SUS | Medcof","description":"O Brasil est\u00e1 entre os pa\u00edses mais afetados pela tuberculose. Conhe\u00e7a sintomas, formas de preven\u00e7\u00e3o e op\u00e7\u00f5es de tratamento gratuito dispon\u00edveis no SUS.","robots":{"index":"index","follow":"follow","max-snippet":"max-snippet:-1","max-image-preview":"max-image-preview:large","max-video-preview":"max-video-preview:-1"},"canonical":"https:\/\/www.grupomedcof.com.br\/blog\/tuberculose-brasil\/","og_locale":"pt_BR","og_type":"article","og_title":"Tuberculose mata mais de 1 milh\u00e3o de pessoas por ano: qual a realidade do Brasil?","og_description":"O Brasil est\u00e1 entre os pa\u00edses mais afetados pela tuberculose. Conhe\u00e7a sintomas, formas de preven\u00e7\u00e3o e op\u00e7\u00f5es de tratamento gratuito dispon\u00edveis no SUS.","og_url":"https:\/\/www.grupomedcof.com.br\/blog\/tuberculose-brasil\/","og_site_name":"Blog de Medcof: conte\u00fados, editais, revalida e mais!","article_publisher":"https:\/\/www.facebook.com\/MedCofQbank\/","article_published_time":"2025-11-21T14:55:10+00:00","article_modified_time":"2026-04-24T20:37:50+00:00","og_image":[{"width":1920,"height":1080,"url":"https:\/\/www.grupomedcof.com.br\/blog\/wp-content\/uploads\/2025\/03\/Copia-de-Blog-MedCof.png","type":"image\/png"}],"author":"Lu\u00edsa Porto","twitter_card":"summary_large_image","twitter_misc":{"Escrito por":"Lu\u00edsa Porto","Est. tempo de leitura":"4 minutos"},"schema":{"@context":"https:\/\/schema.org","@graph":[{"@type":"Article","@id":"https:\/\/www.grupomedcof.com.br\/blog\/tuberculose-brasil\/#article","isPartOf":{"@id":"https:\/\/www.grupomedcof.com.br\/blog\/tuberculose-brasil\/"},"author":{"name":"Lu\u00edsa Porto","@id":"https:\/\/www.grupomedcof.com.br\/blog\/#\/schema\/person\/d755ffce500bd0766bbf0e4e6572518f"},"headline":"Tuberculose mata mais de 1 milh\u00e3o de pessoas por ano: qual a realidade do Brasil?","datePublished":"2025-11-21T14:55:10+00:00","dateModified":"2026-04-24T20:37:50+00:00","mainEntityOfPage":{"@id":"https:\/\/www.grupomedcof.com.br\/blog\/tuberculose-brasil\/"},"wordCount":563,"publisher":{"@id":"https:\/\/www.grupomedcof.com.br\/blog\/#organization"},"image":{"@id":"https:\/\/www.grupomedcof.com.br\/blog\/tuberculose-brasil\/#primaryimage"},"thumbnailUrl":"https:\/\/www.grupomedcof.com.br\/blog\/wp-content\/uploads\/2025\/03\/Copia-de-Blog-MedCof.png","keywords":["Infectologia","not\u00edcias","tratamento tuberculose","tuberculose","tuberculose causas"],"articleSection":["Infectologia","Not\u00edcias","Novidades"],"inLanguage":"pt-BR"},{"@type":"WebPage","@id":"https:\/\/www.grupomedcof.com.br\/blog\/tuberculose-brasil\/","url":"https:\/\/www.grupomedcof.com.br\/blog\/tuberculose-brasil\/","name":"Tuberculose no Brasil: Causas e Tratamento no SUS | Medcof","isPartOf":{"@id":"https:\/\/www.grupomedcof.com.br\/blog\/#website"},"primaryImageOfPage":{"@id":"https:\/\/www.grupomedcof.com.br\/blog\/tuberculose-brasil\/#primaryimage"},"image":{"@id":"https:\/\/www.grupomedcof.com.br\/blog\/tuberculose-brasil\/#primaryimage"},"thumbnailUrl":"https:\/\/www.grupomedcof.com.br\/blog\/wp-content\/uploads\/2025\/03\/Copia-de-Blog-MedCof.png","datePublished":"2025-11-21T14:55:10+00:00","dateModified":"2026-04-24T20:37:50+00:00","description":"O Brasil est\u00e1 entre os pa\u00edses mais afetados pela tuberculose. Conhe\u00e7a sintomas, formas de preven\u00e7\u00e3o e op\u00e7\u00f5es de tratamento gratuito dispon\u00edveis no SUS.","breadcrumb":{"@id":"https:\/\/www.grupomedcof.com.br\/blog\/tuberculose-brasil\/#breadcrumb"},"inLanguage":"pt-BR","potentialAction":[{"@type":"ReadAction","target":["https:\/\/www.grupomedcof.com.br\/blog\/tuberculose-brasil\/"]}]},{"@type":"ImageObject","inLanguage":"pt-BR","@id":"https:\/\/www.grupomedcof.com.br\/blog\/tuberculose-brasil\/#primaryimage","url":"https:\/\/www.grupomedcof.com.br\/blog\/wp-content\/uploads\/2025\/03\/Copia-de-Blog-MedCof.png","contentUrl":"https:\/\/www.grupomedcof.com.br\/blog\/wp-content\/uploads\/2025\/03\/Copia-de-Blog-MedCof.png","width":1920,"height":1080},{"@type":"BreadcrumbList","@id":"https:\/\/www.grupomedcof.com.br\/blog\/tuberculose-brasil\/#breadcrumb","itemListElement":[{"@type":"ListItem","position":1,"name":"In\u00edcio","item":"https:\/\/www.grupomedcof.com.br\/blog\/"},{"@type":"ListItem","position":2,"name":"Tuberculose mata mais de 1 milh\u00e3o de pessoas por ano: qual a realidade do Brasil?"}]},{"@type":"WebSite","@id":"https:\/\/www.grupomedcof.com.br\/blog\/#website","url":"https:\/\/www.grupomedcof.com.br\/blog\/","name":"Blog de Medcof: conte\u00fados, editais, revalida e mais!","description":"Acesso o blog de MedCof! Seu portal de conte\u00fados sobre resid\u00eancia m\u00e9dica, an\u00e1lise e editais e muito mais. Clique e confira!","publisher":{"@id":"https:\/\/www.grupomedcof.com.br\/blog\/#organization"},"alternateName":"Blog de Medcof: conte\u00fados, editais, revalida e mais!","potentialAction":[{"@type":"SearchAction","target":{"@type":"EntryPoint","urlTemplate":"https:\/\/www.grupomedcof.com.br\/blog\/?s={search_term_string}"},"query-input":{"@type":"PropertyValueSpecification","valueRequired":true,"valueName":"search_term_string"}}],"inLanguage":"pt-BR"},{"@type":"Organization","@id":"https:\/\/www.grupomedcof.com.br\/blog\/#organization","name":"Grupo MedCof","url":"https:\/\/www.grupomedcof.com.br\/blog\/","logo":{"@type":"ImageObject","inLanguage":"pt-BR","@id":"https:\/\/www.grupomedcof.com.br\/blog\/#\/schema\/logo\/image\/","url":"https:\/\/www.grupomedcof.com.br\/blog\/wp-content\/uploads\/2022\/01\/logo-medcof.png","contentUrl":"https:\/\/www.grupomedcof.com.br\/blog\/wp-content\/uploads\/2022\/01\/logo-medcof.png","width":768,"height":269,"caption":"Grupo MedCof"},"image":{"@id":"https:\/\/www.grupomedcof.com.br\/blog\/#\/schema\/logo\/image\/"},"sameAs":["https:\/\/www.facebook.com\/MedCofQbank\/","https:\/\/www.instagram.com\/grupomedcof\/","https:\/\/br.linkedin.com\/company\/medcof","https:\/\/www.youtube.com\/channel\/UCdHMuOHKICxcHwecxN8P-AA"]},{"@type":"Person","@id":"https:\/\/www.grupomedcof.com.br\/blog\/#\/schema\/person\/d755ffce500bd0766bbf0e4e6572518f","name":"Lu\u00edsa Porto","image":{"@type":"ImageObject","inLanguage":"pt-BR","@id":"https:\/\/www.grupomedcof.com.br\/blog\/wp-content\/uploads\/2025\/05\/cropped-WhatsApp-Image-2025-05-05-at-19.22.15-96x96.jpegd989589e3fd3e4fb9efe9268a95bbcc4","url":"https:\/\/www.grupomedcof.com.br\/blog\/wp-content\/uploads\/2025\/05\/cropped-WhatsApp-Image-2025-05-05-at-19.22.15-96x96.jpeg","contentUrl":"https:\/\/www.grupomedcof.com.br\/blog\/wp-content\/uploads\/2025\/05\/cropped-WhatsApp-Image-2025-05-05-at-19.22.15-96x96.jpeg","caption":"Lu\u00edsa Porto"},"description":"Estudante de Jornalismo do 6\u00ba semestre, encantada pela \u00e1rea da comunica\u00e7\u00e3o e f\u00e3 de automobilismo","url":"https:\/\/www.grupomedcof.com.br\/blog\/author\/porto\/"}]}},"authors":[{"term_id":3618,"user_id":23,"is_guest":0,"slug":"porto","display_name":"Lu\u00edsa Porto","avatar_url":"https:\/\/www.grupomedcof.com.br\/blog\/wp-content\/uploads\/2025\/05\/cropped-WhatsApp-Image-2025-05-05-at-19.22.15-96x96.jpeg","0":null,"1":"","2":"","3":"","4":"","5":"","6":"","7":"","8":""}],"_links":{"self":[{"href":"https:\/\/www.grupomedcof.com.br\/blog\/wp-json\/wp\/v2\/posts\/34780","targetHints":{"allow":["GET"]}}],"collection":[{"href":"https:\/\/www.grupomedcof.com.br\/blog\/wp-json\/wp\/v2\/posts"}],"about":[{"href":"https:\/\/www.grupomedcof.com.br\/blog\/wp-json\/wp\/v2\/types\/post"}],"author":[{"embeddable":true,"href":"https:\/\/www.grupomedcof.com.br\/blog\/wp-json\/wp\/v2\/users\/23"}],"replies":[{"embeddable":true,"href":"https:\/\/www.grupomedcof.com.br\/blog\/wp-json\/wp\/v2\/comments?post=34780"}],"version-history":[{"count":3,"href":"https:\/\/www.grupomedcof.com.br\/blog\/wp-json\/wp\/v2\/posts\/34780\/revisions"}],"predecessor-version":[{"id":42817,"href":"https:\/\/www.grupomedcof.com.br\/blog\/wp-json\/wp\/v2\/posts\/34780\/revisions\/42817"}],"wp:featuredmedia":[{"embeddable":true,"href":"https:\/\/www.grupomedcof.com.br\/blog\/wp-json\/wp\/v2\/media\/34781"}],"wp:attachment":[{"href":"https:\/\/www.grupomedcof.com.br\/blog\/wp-json\/wp\/v2\/media?parent=34780"}],"wp:term":[{"taxonomy":"category","embeddable":true,"href":"https:\/\/www.grupomedcof.com.br\/blog\/wp-json\/wp\/v2\/categories?post=34780"},{"taxonomy":"post_tag","embeddable":true,"href":"https:\/\/www.grupomedcof.com.br\/blog\/wp-json\/wp\/v2\/tags?post=34780"},{"taxonomy":"author","embeddable":true,"href":"https:\/\/www.grupomedcof.com.br\/blog\/wp-json\/wp\/v2\/ppma_author?post=34780"}],"curies":[{"name":"wp","href":"https:\/\/api.w.org\/{rel}","templated":true}]}}