{"id":34795,"date":"2025-03-26T08:34:11","date_gmt":"2025-03-26T11:34:11","guid":{"rendered":"https:\/\/www.grupomedcof.com.br\/blog\/?p=34795"},"modified":"2026-04-24T15:47:37","modified_gmt":"2026-04-24T18:47:37","slug":"neurossifilis-quais-sintomas-e-prejuizos-causados-no-sistema-nervoso","status":"publish","type":"post","link":"https:\/\/www.grupomedcof.com.br\/blog\/neurossifilis-quais-sintomas-e-prejuizos-causados-no-sistema-nervoso\/","title":{"rendered":"Neuross\u00edfilis: quais sintomas e preju\u00edzos causados no sistema nervoso"},"content":{"rendered":"<div id=\"ez-toc-container\" class=\"ez-toc-v2_0_74 counter-hierarchy ez-toc-counter ez-toc-transparent ez-toc-container-direction\">\n<div class=\"ez-toc-title-container\">\n<p class=\"ez-toc-title\" style=\"cursor:inherit\">Sum\u00e1rio<\/p>\n<span class=\"ez-toc-title-toggle\"><a href=\"#\" class=\"ez-toc-pull-right ez-toc-btn ez-toc-btn-xs ez-toc-btn-default ez-toc-toggle\" aria-label=\"Alternar tabela de conte\u00fado\"><span class=\"ez-toc-js-icon-con\"><span class=\"\"><span class=\"eztoc-hide\" style=\"display:none;\">Toggle<\/span><span class=\"ez-toc-icon-toggle-span\"><svg style=\"fill: #999;color:#999\" xmlns=\"http:\/\/www.w3.org\/2000\/svg\" class=\"list-377408\" width=\"20px\" height=\"20px\" viewBox=\"0 0 24 24\" fill=\"none\"><path d=\"M6 6H4v2h2V6zm14 0H8v2h12V6zM4 11h2v2H4v-2zm16 0H8v2h12v-2zM4 16h2v2H4v-2zm16 0H8v2h12v-2z\" fill=\"currentColor\"><\/path><\/svg><svg style=\"fill: #999;color:#999\" class=\"arrow-unsorted-368013\" xmlns=\"http:\/\/www.w3.org\/2000\/svg\" width=\"10px\" height=\"10px\" viewBox=\"0 0 24 24\" version=\"1.2\" baseProfile=\"tiny\"><path d=\"M18.2 9.3l-6.2-6.3-6.2 6.3c-.2.2-.3.4-.3.7s.1.5.3.7c.2.2.4.3.7.3h11c.3 0 .5-.1.7-.3.2-.2.3-.5.3-.7s-.1-.5-.3-.7zM5.8 14.7l6.2 6.3 6.2-6.3c.2-.2.3-.5.3-.7s-.1-.5-.3-.7c-.2-.2-.4-.3-.7-.3h-11c-.3 0-.5.1-.7.3-.2.2-.3.5-.3.7s.1.5.3.7z\"\/><\/svg><\/span><\/span><\/span><\/a><\/span><\/div>\n<nav><ul class='ez-toc-list ez-toc-list-level-1 ' ><li class='ez-toc-page-1 ez-toc-heading-level-2'><a class=\"ez-toc-link ez-toc-heading-1\" href=\"https:\/\/www.grupomedcof.com.br\/blog\/neurossifilis-quais-sintomas-e-prejuizos-causados-no-sistema-nervoso\/#O_que_e_a_neurossifilis\" >O que \u00e9 a neuross\u00edfilis?&nbsp;<\/a><\/li><li class='ez-toc-page-1 ez-toc-heading-level-2'><a class=\"ez-toc-link ez-toc-heading-2\" href=\"https:\/\/www.grupomedcof.com.br\/blog\/neurossifilis-quais-sintomas-e-prejuizos-causados-no-sistema-nervoso\/#Historia_Natural_da_Sifilis_e_Invasao_do_SNC\" >Hist\u00f3ria Natural da S\u00edfilis e Invas\u00e3o do SNC<\/a><\/li><li class='ez-toc-page-1 ez-toc-heading-level-2'><a class=\"ez-toc-link ez-toc-heading-3\" href=\"https:\/\/www.grupomedcof.com.br\/blog\/neurossifilis-quais-sintomas-e-prejuizos-causados-no-sistema-nervoso\/#Formas_Clinicas_da_Neurossifilis\" >Formas Cl\u00ednicas da Neuross\u00edfilis<\/a><\/li><li class='ez-toc-page-1 ez-toc-heading-level-2'><a class=\"ez-toc-link ez-toc-heading-4\" href=\"https:\/\/www.grupomedcof.com.br\/blog\/neurossifilis-quais-sintomas-e-prejuizos-causados-no-sistema-nervoso\/#Diagnostico_da_Neurossifilis\" >Diagn\u00f3stico da Neuross\u00edfilis<\/a><\/li><li class='ez-toc-page-1 ez-toc-heading-level-2'><a class=\"ez-toc-link ez-toc-heading-5\" href=\"https:\/\/www.grupomedcof.com.br\/blog\/neurossifilis-quais-sintomas-e-prejuizos-causados-no-sistema-nervoso\/#Evidencia_de_sifilis_terciaria_ativa\" >Evid\u00eancia de s\u00edfilis terci\u00e1ria ativa.<\/a><\/li><li class='ez-toc-page-1 ez-toc-heading-level-2'><a class=\"ez-toc-link ez-toc-heading-6\" href=\"https:\/\/www.grupomedcof.com.br\/blog\/neurossifilis-quais-sintomas-e-prejuizos-causados-no-sistema-nervoso\/#Tratamento_da_Neurossifilis\" >Tratamento da Neuross\u00edfilis<\/a><\/li><li class='ez-toc-page-1 ez-toc-heading-level-2'><a class=\"ez-toc-link ez-toc-heading-7\" href=\"https:\/\/www.grupomedcof.com.br\/blog\/neurossifilis-quais-sintomas-e-prejuizos-causados-no-sistema-nervoso\/#Cura_e_Seguimento\" >Cura e Seguimento<\/a><ul class='ez-toc-list-level-3' ><li class='ez-toc-heading-level-3'><a class=\"ez-toc-link ez-toc-heading-8\" href=\"https:\/\/www.grupomedcof.com.br\/blog\/neurossifilis-quais-sintomas-e-prejuizos-causados-no-sistema-nervoso\/#Neurossifilis_em_Pacientes_Vivendo_com_HIV_PVHIV\" >Neuross\u00edfilis em Pacientes Vivendo com HIV (PVHIV)<\/a><\/li><li class='ez-toc-page-1 ez-toc-heading-level-3'><a class=\"ez-toc-link ez-toc-heading-9\" href=\"https:\/\/www.grupomedcof.com.br\/blog\/neurossifilis-quais-sintomas-e-prejuizos-causados-no-sistema-nervoso\/#Casos_Especiais\" >Casos Especiais<\/a><\/li><\/ul><\/li><li class='ez-toc-page-1 ez-toc-heading-level-2'><a class=\"ez-toc-link ez-toc-heading-10\" href=\"https:\/\/www.grupomedcof.com.br\/blog\/neurossifilis-quais-sintomas-e-prejuizos-causados-no-sistema-nervoso\/#Seja_um_MedCofer\" >Seja um MedCofer!<\/a><\/li><\/ul><\/nav><\/div>\n\n<figure class=\"wp-block-image size-large\"><img loading=\"lazy\" decoding=\"async\" width=\"1024\" height=\"576\" src=\"https:\/\/www.grupomedcof.com.br\/blog\/wp-content\/uploads\/2025\/03\/Blog-MedCof-2025-03-25T085003.209-1024x576.jpg\" alt=\"\" class=\"wp-image-34798\" srcset=\"https:\/\/www.grupomedcof.com.br\/blog\/wp-content\/uploads\/2025\/03\/Blog-MedCof-2025-03-25T085003.209-1024x576.jpg 1024w, https:\/\/www.grupomedcof.com.br\/blog\/wp-content\/uploads\/2025\/03\/Blog-MedCof-2025-03-25T085003.209-300x169.jpg 300w, https:\/\/www.grupomedcof.com.br\/blog\/wp-content\/uploads\/2025\/03\/Blog-MedCof-2025-03-25T085003.209-768x432.jpg 768w, https:\/\/www.grupomedcof.com.br\/blog\/wp-content\/uploads\/2025\/03\/Blog-MedCof-2025-03-25T085003.209-1536x864.jpg 1536w, https:\/\/www.grupomedcof.com.br\/blog\/wp-content\/uploads\/2025\/03\/Blog-MedCof-2025-03-25T085003.209-747x420.jpg 747w, https:\/\/www.grupomedcof.com.br\/blog\/wp-content\/uploads\/2025\/03\/Blog-MedCof-2025-03-25T085003.209-150x84.jpg 150w, https:\/\/www.grupomedcof.com.br\/blog\/wp-content\/uploads\/2025\/03\/Blog-MedCof-2025-03-25T085003.209-696x392.jpg 696w, https:\/\/www.grupomedcof.com.br\/blog\/wp-content\/uploads\/2025\/03\/Blog-MedCof-2025-03-25T085003.209-1068x601.jpg 1068w, https:\/\/www.grupomedcof.com.br\/blog\/wp-content\/uploads\/2025\/03\/Blog-MedCof-2025-03-25T085003.209.jpg 1920w\" sizes=\"auto, (max-width: 1024px) 100vw, 1024px\" \/><\/figure>\n\n\n\n<h2 class=\"wp-block-heading\" id=\"h-o-que-e-a-neurossifilis\"><span class=\"ez-toc-section\" id=\"O_que_e_a_neurossifilis\"><\/span><strong>O que \u00e9 a neuross\u00edfilis?&nbsp;<\/strong><span class=\"ez-toc-section-end\"><\/span><\/h2>\n\n\n\n<p>A <strong>neuross\u00edfilis<\/strong>, uma manifesta\u00e7\u00e3o tardia da s\u00edfilis que afeta o sistema nervoso central (SNC), apresenta um desafio diagn\u00f3stico e terap\u00eautico para m\u00e9dicos de todas as especialidades, especialmente para residentes em medicina. Por isso, precisamos dominar sua hist\u00f3ria natural, diagn\u00f3stico, tratamento e particularidades em pacientes vivendo com HIV (PVHIV).<\/p>\n\n\n\n<figure class=\"wp-block-image\"><img decoding=\"async\" src=\"https:\/\/lh7-rt.googleusercontent.com\/docsz\/AD_4nXd5Gyb5iGseaDgOwp56EPX57FN4-PBLgpXIjCZD78zq3P6x1v1D222LdNfB4_eOhYGlUYQd98WLG13_EE_RWsXloo6ShgdJtjRfc7pfxPDH3-pBQblwy7x_ARP773leFeHY1Mp9jQ?key=EQZGfOszZ05AoXEzcLWGPOK2\" alt=\"\"\/><figcaption class=\"wp-element-caption\">Resson\u00e2ncia magn\u00e9tica cerebral &#8211; cortes coronais nas pondera\u00e7\u00f5es T1 (A) e T2 (B) de um doente com neuross\u00edfilis. As setas indicam \u00e1reas de enfarte lacunar. .Fonte: <a href=\"https:\/\/www.google.com\/imgres?imgurl=x-raw-image%3A%2F%2F%2F176ff370fe0fdbe66009d054f2a1024750c96f812329f50d1addba805e5d7a54&amp;tbnid=5tsP_nDzbxf3wM&amp;vet=1&amp;imgrefurl=https%3A%2F%2Fpensaracademico.unifacig.edu.br%2Findex.php%2Fsemiariocientifico%2Farticle%2Fdownload%2F1335%2F1140%2F6027&amp;docid=DJd2NfKPdmH_TM&amp;w=850&amp;h=362&amp;itg=1&amp;hl=pt-BR&amp;source=sh%2Fx%2Fim%2Fm5%2F4&amp;kgs=cb635e8ff159c5c2\">Revis\u00e3o de Literatura Unifacig<\/a>&nbsp;<\/figcaption><\/figure>\n\n\n\n<h2 class=\"wp-block-heading\" id=\"h-historia-natural-da-sifilis-e-invasao-do-snc\"><span class=\"ez-toc-section\" id=\"Historia_Natural_da_Sifilis_e_Invasao_do_SNC\"><\/span><strong>Hist\u00f3ria Natural da S\u00edfilis e Invas\u00e3o do SNC<\/strong><span class=\"ez-toc-section-end\"><\/span><\/h2>\n\n\n\n<p>A s\u00edfilis \u00e9 uma infec\u00e7\u00e3o sexualmente transmiss\u00edvel (IST) causada pela bact\u00e9ria Treponema pallidum. Sua hist\u00f3ria natural \u00e9 dividida em est\u00e1gios: prim\u00e1rio, secund\u00e1rio, latente (precoce e tardia) e terci\u00e1rio. A neuross\u00edfilis pode ocorrer em qualquer est\u00e1gio, embora seja mais comum na fase terci\u00e1ria.<\/p>\n\n\n\n<figure class=\"wp-block-image is-resized\"><img decoding=\"async\" src=\"https:\/\/lh7-rt.googleusercontent.com\/docsz\/AD_4nXcGKWXI4yhna7zXHhsTh35a--vOU_C-JIQHNKTt801ZBxDamCo93-m-j73McmVR7mTAniV5NNWe-w8Yce0CGWhZ8cZUCiKCR4kEX-f2qQVaij-T3OekUhg-gr5HT5oe8G-gPi0FIQ?key=EQZGfOszZ05AoXEzcLWGPOK2\" alt=\"\" style=\"width:548px;height:auto\"\/><figcaption class=\"wp-element-caption\">Fonte: Acervo de Aulas do Grupo MedCof.<\/figcaption><\/figure>\n\n\n\n<p>Um ponto crucial a ser compreendido \u00e9 que a invas\u00e3o do SNC pelo Treponema pallidum pode ocorrer precocemente, nas primeiras semanas ap\u00f3s a infec\u00e7\u00e3o inicial. Isso significa que mesmo pacientes com s\u00edfilis prim\u00e1ria ou secund\u00e1ria podem apresentar envolvimento neurol\u00f3gico.<\/p>\n\n\n\n<h2 class=\"wp-block-heading\" id=\"h-formas-clinicas-da-neurossifilis\"><span class=\"ez-toc-section\" id=\"Formas_Clinicas_da_Neurossifilis\"><\/span><strong>Formas Cl\u00ednicas da Neuross\u00edfilis<\/strong><span class=\"ez-toc-section-end\"><\/span><\/h2>\n\n\n\n<p>A neuross\u00edfilis se manifesta de diversas formas, tornando o diagn\u00f3stico um desafio. As principais formas cl\u00ednicas incluem:<\/p>\n\n\n\n<ul class=\"wp-block-list\">\n<li>Meningite Ass\u00e9ptica: Caracterizada por cefaleia, rigidez da nuca e altera\u00e7\u00f5es no l\u00edquido cefalorraquidiano (LCR), com predom\u00ednio de c\u00e9lulas linfomonocit\u00e1rias e culturas negativas.<\/li>\n\n\n\n<li>Neuross\u00edfilis Meningovascular: Apresenta sinais neurol\u00f3gicos focais, como acidente vascular cerebral (AVC), devido \u00e0 inflama\u00e7\u00e3o dos vasos sangu\u00edneos cerebrais.<\/li>\n<\/ul>\n\n\n\n<figure class=\"wp-block-image\"><img decoding=\"async\" src=\"https:\/\/lh7-rt.googleusercontent.com\/docsz\/AD_4nXdagCHb7b24yqqKrhfmQGeIAANSARye2Ac5qZf2xelrYhzkc1i9MMC5O2Arq-aSozmhy8QI0bpmQei-ww_UI8botB7xCayo-ZdV2QvNvrrWNxKl9wiD99nUXmq3NHyi4Dr7B5vzXw?key=EQZGfOszZ05AoXEzcLWGPOK2\" alt=\"\"\/><figcaption class=\"wp-element-caption\">Apresenta\u00e7\u00e3o de neuross\u00edfilis meningovascular. Fonte: <a href=\"https:\/\/www.rmmg.org\/artigo\/detalhes\/494\">https:\/\/www.rmmg.org\/artigo\/detalhes\/494<\/a><\/figcaption><\/figure>\n\n\n\n<ul class=\"wp-block-list\">\n<li>Neuross\u00edfilis Ocular: Manifesta-se como uve\u00edte (anterior ou panuve\u00edte), com o LCR podendo ser normal;<\/li>\n\n\n\n<li>Tabes Dorsalis: Forma tardia que afeta a medula espinhal, causando perda da propriocep\u00e7\u00e3o profunda, ataxia (marcha alargada) e crises de dor lancinante;<\/li>\n\n\n\n<li>Dem\u00eancia: A neuross\u00edfilis \u00e9 uma das causas trat\u00e1veis de dem\u00eancia, apresentando decl\u00ednio cognitivo progressivo;<\/li>\n\n\n\n<li>Paralisia Geral: Forma grave que causa altera\u00e7\u00f5es de personalidade, d\u00e9ficits cognitivos e sintomas neurol\u00f3gicos variados;<\/li>\n\n\n\n<li>Pupila de Argyll Robertson: Caracterizada por pupilas pequenas e irregulares que n\u00e3o reagem \u00e0 luz, mas se contraem durante a acomoda\u00e7\u00e3o visual.<\/li>\n<\/ul>\n\n\n\n<h2 class=\"wp-block-heading\" id=\"h-diagnostico-da-neurossifilis\"><span class=\"ez-toc-section\" id=\"Diagnostico_da_Neurossifilis\"><\/span><strong>Diagn\u00f3stico da Neuross\u00edfilis<\/strong><span class=\"ez-toc-section-end\"><\/span><\/h2>\n\n\n\n<p>O diagn\u00f3stico da neuross\u00edfilis envolve a avalia\u00e7\u00e3o cl\u00ednica, exames sorol\u00f3gicos e an\u00e1lise do LCR.<\/p>\n\n\n\n<ol class=\"wp-block-list\">\n<li><strong>Exames Sorol\u00f3gicos<\/strong><\/li>\n<\/ol>\n\n\n\n<p>A presen\u00e7a de anticorpos trepon\u00eamicos (FTA-ABS) e n\u00e3o trepon\u00eamicos (VDRL) no soro \u00e9 fundamental para confirmar a infec\u00e7\u00e3o sifil\u00edtica. No entanto, \u00e9 importante ressaltar que o VDRL pode ser falso negativo em pacientes imunocomprometidos ou em est\u00e1gios tardios da doen\u00e7a.<\/p>\n\n\n\n<ol start=\"2\" class=\"wp-block-list\">\n<li><strong>An\u00e1lise do LCR<\/strong><\/li>\n<\/ol>\n\n\n\n<p>&nbsp;A pun\u00e7\u00e3o lombar e a an\u00e1lise do LCR s\u00e3o essenciais para o diagn\u00f3stico de neuross\u00edfilis. Os principais par\u00e2metros a serem avaliados s\u00e3o:<\/p>\n\n\n\n<ul class=\"wp-block-list\">\n<li>VDRL no LCR: Altamente espec\u00edfico, mas pouco sens\u00edvel. Um resultado positivo indica produ\u00e7\u00e3o local de anticorpos no SNC.<\/li>\n\n\n\n<li>FTA-ABS no LCR: Mais sens\u00edvel, mas menos espec\u00edfico, pois anticorpos podem atravessar a barreira hematoencef\u00e1lica (BHE).<\/li>\n\n\n\n<li>Celularidade: Aumento do n\u00famero de c\u00e9lulas (pleocitose), geralmente com predom\u00ednio de linf\u00f3citos.<\/li>\n\n\n\n<li>Prote\u00ednas: Eleva\u00e7\u00e3o da concentra\u00e7\u00e3o de prote\u00ednas (proteinorraquia).<\/li>\n\n\n\n<li>Glicose: Diminui\u00e7\u00e3o da concentra\u00e7\u00e3o de glicose (hipoglicorraquia), embora menos comum.<\/li>\n<\/ul>\n\n\n\n<figure class=\"wp-block-image\"><img decoding=\"async\" src=\"https:\/\/lh7-rt.googleusercontent.com\/docsz\/AD_4nXdtKGHIMscUxOl6Pi4VhovGAKgIl-f-G1z1DfiRWhn7eoHK8ROWzweWgi2tDiOd0a-E5PXL8A4WQEcuTfgTSs6itwEiFElq73gduSVoxgiilNDSCGV4yY_px3Z0ZuhAvYQmP0vc?key=EQZGfOszZ05AoXEzcLWGPOK2\" alt=\"\"\/><figcaption class=\"wp-element-caption\">Pun\u00e7\u00e3o lombar. Fonte: <a href=\"https:\/\/www.rafaeloliveiraneuro.com\/analise-do-lcr\">https:\/\/www.rafaeloliveiraneuro.com\/analise-do-lcr<\/a>&nbsp;<\/figcaption><\/figure>\n\n\n\n<p><strong>\u00c9 importante<\/strong> notar que o LCR pode ser normal em algumas formas de neuross\u00edfilis, como na neuross\u00edfilis ocular. Nesses casos, a decis\u00e3o de tratar deve ser baseada na avalia\u00e7\u00e3o cl\u00ednica e nos achados sorol\u00f3gicos. A pun\u00e7\u00e3o somente \u00e9 indicada em pacientes com sintomas neurol\u00f3gicos ou oftalmol\u00f3gicos.<\/p>\n\n\n\n<h2 class=\"wp-block-heading\" id=\"h-evidencia-de-sifilis-terciaria-ativa\"><span class=\"ez-toc-section\" id=\"Evidencia_de_sifilis_terciaria_ativa\"><\/span><strong>Evid\u00eancia de s\u00edfilis terci\u00e1ria ativa.<\/strong><span class=\"ez-toc-section-end\"><\/span><\/h2>\n\n\n\n<p>Ocorre quando h\u00e1 falha no tratamento cl\u00ednico sem reexposi\u00e7\u00e3o sexual. Ou seja, em pacientes vivendo com HIV (PVHIV) ap\u00f3s falha do tratamento, independentemente da hist\u00f3ria sexual.<\/p>\n\n\n\n<h2 class=\"wp-block-heading\" id=\"h-tratamento-da-neurossifilis\"><span class=\"ez-toc-section\" id=\"Tratamento_da_Neurossifilis\"><\/span><strong>Tratamento da Neuross\u00edfilis<\/strong><span class=\"ez-toc-section-end\"><\/span><\/h2>\n\n\n\n<p>O tratamento da neuross\u00edfilis envolve a administra\u00e7\u00e3o de penicilina ou ceftriaxona em doses elevadas por um per\u00edodo prolongado.<\/p>\n\n\n\n<ul class=\"wp-block-list\">\n<li>Penicilina G Cristalina: \u00c9 o tratamento de escolha, administrada por via intravenosa (IV) por 14 dias.<\/li>\n\n\n\n<li>Ceftriaxona: Pode ser utilizada como alternativa, administrada por via intramuscular (IM) ou IV por 14 dias.<\/li>\n<\/ul>\n\n\n\n<p>Contudo, em pacientes al\u00e9rgicos \u00e0 penicilina, a dessensibiliza\u00e7\u00e3o \u00e0 penicilina \u00e9 recomendada.<\/p>\n\n\n\n<h2 class=\"wp-block-heading\" id=\"h-cura-e-seguimento\"><span class=\"ez-toc-section\" id=\"Cura_e_Seguimento\"><\/span><strong>Cura e Seguimento<\/strong><span class=\"ez-toc-section-end\"><\/span><\/h2>\n\n\n\n<p>A cura da neuross\u00edfilis \u00e9 definida pela melhora dos par\u00e2metros do LCR, como a diminui\u00e7\u00e3o da celularidade e da concentra\u00e7\u00e3o de prote\u00ednas. Recomenda-se a realiza\u00e7\u00e3o de uma pun\u00e7\u00e3o lombar de controle em 6 meses ap\u00f3s o tratamento.<\/p>\n\n\n\n<h3 class=\"wp-block-heading\" id=\"h-neurossifilis-em-pacientes-vivendo-com-hiv-pvhiv\"><span class=\"ez-toc-section\" id=\"Neurossifilis_em_Pacientes_Vivendo_com_HIV_PVHIV\"><\/span><strong>Neuross\u00edfilis em Pacientes Vivendo com HIV (PVHIV)<\/strong><span class=\"ez-toc-section-end\"><\/span><\/h3>\n\n\n\n<p>A neuross\u00edfilis em PVHIV apresenta particularidades importantes. PVHIV podem ter altera\u00e7\u00f5es basais no LCR devido ao efeito imunomodulador do HIV, mesmo com carga viral indetect\u00e1vel. Al\u00e9m disso, os crit\u00e9rios de cura e seguimento podem ser diferentes entre as diretrizes do Minist\u00e9rio da Sa\u00fade e as diretrizes americanas.<\/p>\n\n\n\n<h3 class=\"wp-block-heading\"><span class=\"ez-toc-section\" id=\"Casos_Especiais\"><\/span><strong>Casos Especiais<\/strong><span class=\"ez-toc-section-end\"><\/span><\/h3>\n\n\n\n<p>A neuross\u00edfilis se comporta de forma espec\u00edfica dentro da doen\u00e7a, inclusive com tratamentos diferentes. Ap\u00f3s a infec\u00e7\u00e3o inicial, ocorre a invas\u00e3o do SNC nas primeiras semanas.<\/p>\n\n\n\n<p>Qualquer sintoma neurol\u00f3gico, frente a um diagn\u00f3stico sorol\u00f3gico de s\u00edfilis, deve ser investigado para neuross\u00edfilis.<\/p>\n\n\n\n<h2 class=\"wp-block-heading\"><span class=\"ez-toc-section\" id=\"Seja_um_MedCofer\"><\/span><strong>Seja um MedCofer!<\/strong><span class=\"ez-toc-section-end\"><\/span><\/h2>\n\n\n\n<p>Quer alcan\u00e7ar a aprova\u00e7\u00e3o nas provas de resid\u00eancia m\u00e9dica? Ent\u00e3o seja um\u00a0<a href=\"https:\/\/www.grupomedcof.com.br\/home\/\" target=\"_blank\" rel=\"noreferrer noopener\"><strong>MedCofer<\/strong><\/a>! Aqui te ajudaremos na busca da aprova\u00e7\u00e3o com conte\u00fados de qualidade e uma metodologia que j\u00e1 aprovou mais de 35 mil residentes no pa\u00eds! Por fim, acesse o nosso<a href=\"https:\/\/www.youtube.com\/@GrupoMedcof\/featured\">\u00a0<strong>canal do youtube\u00a0<\/strong><\/a>para ver o nosso material.<\/p>\n\n\n\n<figure class=\"wp-block-embed is-type-video is-provider-youtube wp-block-embed-youtube wp-embed-aspect-16-9 wp-has-aspect-ratio\"><div class=\"wp-block-embed__wrapper\">\n<div class=\"youtube-embed\" data-video_id=\"kiNomSG0lLM\"><iframe loading=\"lazy\" title=\"COFEXPRESS - Infec\u00e7\u00f5es e gravidez. Com Dra. Isabela Pasotti\" width=\"696\" height=\"392\" src=\"https:\/\/www.youtube.com\/embed\/kiNomSG0lLM?start=1&#038;feature=oembed\" frameborder=\"0\" allow=\"accelerometer; autoplay; clipboard-write; encrypted-media; gyroscope; picture-in-picture; web-share\" referrerpolicy=\"strict-origin-when-cross-origin\" allowfullscreen><\/iframe><\/div>\n<\/div><\/figure>\n","protected":false},"excerpt":{"rendered":"<p>A neuross\u00edfilis \u00e9 uma manifesta\u00e7\u00e3o tardia da s\u00edfilis que afeta o sistema nervoso central (SNC). Entenda melhor!<\/p>\n","protected":false},"author":21,"featured_media":34798,"comment_status":"closed","ping_status":"closed","sticky":false,"template":"","format":"standard","meta":{"footnotes":""},"categories":[195],"tags":[198,2757,2758],"ppma_author":[3617],"class_list":{"0":"post-34795","1":"post","2":"type-post","3":"status-publish","4":"format-standard","5":"has-post-thumbnail","7":"category-infectologia","8":"tag-hiv","9":"tag-neurossifilis","10":"tag-sistema-nervoso"},"yoast_head":"<!-- This site is optimized with the Yoast SEO Premium plugin v24.3 (Yoast SEO v27.4) - https:\/\/yoast.com\/product\/yoast-seo-premium-wordpress\/ -->\n<title>Neuross\u00edfilis: Sintomas e Danos ao Sistema Nervoso | Medcof<\/title>\n<meta name=\"description\" content=\"A neuross\u00edfilis \u00e9 uma manifesta\u00e7\u00e3o tardia da s\u00edfilis que afeta o sistema nervoso central (SNC). Entenda melhor!\" \/>\n<meta name=\"robots\" content=\"index, follow, max-snippet:-1, max-image-preview:large, max-video-preview:-1\" \/>\n<link rel=\"canonical\" href=\"https:\/\/www.grupomedcof.com.br\/blog\/neurossifilis-quais-sintomas-e-prejuizos-causados-no-sistema-nervoso\/\" \/>\n<meta property=\"og:locale\" content=\"pt_BR\" \/>\n<meta property=\"og:type\" content=\"article\" \/>\n<meta property=\"og:title\" content=\"Neuross\u00edfilis: quais sintomas e preju\u00edzos causados no sistema nervoso\" \/>\n<meta property=\"og:description\" content=\"A neuross\u00edfilis \u00e9 uma manifesta\u00e7\u00e3o tardia da s\u00edfilis que afeta o sistema nervoso central (SNC). Entenda melhor!\" \/>\n<meta property=\"og:url\" content=\"https:\/\/www.grupomedcof.com.br\/blog\/neurossifilis-quais-sintomas-e-prejuizos-causados-no-sistema-nervoso\/\" \/>\n<meta property=\"og:site_name\" content=\"Blog de Medcof: conte\u00fados, editais, revalida e mais!\" \/>\n<meta property=\"article:publisher\" content=\"https:\/\/www.facebook.com\/MedCofQbank\/\" \/>\n<meta property=\"article:published_time\" content=\"2025-03-26T11:34:11+00:00\" \/>\n<meta property=\"article:modified_time\" content=\"2026-04-24T18:47:37+00:00\" \/>\n<meta property=\"og:image\" content=\"https:\/\/www.grupomedcof.com.br\/blog\/wp-content\/uploads\/2025\/03\/Blog-MedCof-2025-03-25T085003.209.jpg\" \/>\n\t<meta property=\"og:image:width\" content=\"1920\" \/>\n\t<meta property=\"og:image:height\" content=\"1080\" \/>\n\t<meta property=\"og:image:type\" content=\"image\/jpeg\" \/>\n<meta name=\"author\" content=\"Kiara Adelino\" \/>\n<meta name=\"twitter:card\" content=\"summary_large_image\" \/>\n<meta name=\"twitter:label1\" content=\"Escrito por\" \/>\n\t<meta name=\"twitter:data1\" content=\"Kiara Adelino\" \/>\n\t<meta name=\"twitter:label2\" content=\"Est. tempo de leitura\" \/>\n\t<meta name=\"twitter:data2\" content=\"6 minutos\" \/>\n<script type=\"application\/ld+json\" class=\"yoast-schema-graph\">{\"@context\":\"https:\\\/\\\/schema.org\",\"@graph\":[{\"@type\":\"Article\",\"@id\":\"https:\\\/\\\/www.grupomedcof.com.br\\\/blog\\\/neurossifilis-quais-sintomas-e-prejuizos-causados-no-sistema-nervoso\\\/#article\",\"isPartOf\":{\"@id\":\"https:\\\/\\\/www.grupomedcof.com.br\\\/blog\\\/neurossifilis-quais-sintomas-e-prejuizos-causados-no-sistema-nervoso\\\/\"},\"author\":{\"name\":\"Kiara Adelino\",\"@id\":\"https:\\\/\\\/www.grupomedcof.com.br\\\/blog\\\/#\\\/schema\\\/person\\\/db19a651f86c5fc202d6eee744fd3292\"},\"headline\":\"Neuross\u00edfilis: quais sintomas e preju\u00edzos causados no sistema nervoso\",\"datePublished\":\"2025-03-26T11:34:11+00:00\",\"dateModified\":\"2026-04-24T18:47:37+00:00\",\"mainEntityOfPage\":{\"@id\":\"https:\\\/\\\/www.grupomedcof.com.br\\\/blog\\\/neurossifilis-quais-sintomas-e-prejuizos-causados-no-sistema-nervoso\\\/\"},\"wordCount\":997,\"publisher\":{\"@id\":\"https:\\\/\\\/www.grupomedcof.com.br\\\/blog\\\/#organization\"},\"image\":{\"@id\":\"https:\\\/\\\/www.grupomedcof.com.br\\\/blog\\\/neurossifilis-quais-sintomas-e-prejuizos-causados-no-sistema-nervoso\\\/#primaryimage\"},\"thumbnailUrl\":\"https:\\\/\\\/www.grupomedcof.com.br\\\/blog\\\/wp-content\\\/uploads\\\/2025\\\/03\\\/Blog-MedCof-2025-03-25T085003.209.jpg\",\"keywords\":[\"HIV\",\"Neuross\u00edfilis\",\"Sistema Nervoso\"],\"articleSection\":[\"Infectologia\"],\"inLanguage\":\"pt-BR\"},{\"@type\":\"WebPage\",\"@id\":\"https:\\\/\\\/www.grupomedcof.com.br\\\/blog\\\/neurossifilis-quais-sintomas-e-prejuizos-causados-no-sistema-nervoso\\\/\",\"url\":\"https:\\\/\\\/www.grupomedcof.com.br\\\/blog\\\/neurossifilis-quais-sintomas-e-prejuizos-causados-no-sistema-nervoso\\\/\",\"name\":\"Neuross\u00edfilis: Sintomas e Danos ao Sistema Nervoso | Medcof\",\"isPartOf\":{\"@id\":\"https:\\\/\\\/www.grupomedcof.com.br\\\/blog\\\/#website\"},\"primaryImageOfPage\":{\"@id\":\"https:\\\/\\\/www.grupomedcof.com.br\\\/blog\\\/neurossifilis-quais-sintomas-e-prejuizos-causados-no-sistema-nervoso\\\/#primaryimage\"},\"image\":{\"@id\":\"https:\\\/\\\/www.grupomedcof.com.br\\\/blog\\\/neurossifilis-quais-sintomas-e-prejuizos-causados-no-sistema-nervoso\\\/#primaryimage\"},\"thumbnailUrl\":\"https:\\\/\\\/www.grupomedcof.com.br\\\/blog\\\/wp-content\\\/uploads\\\/2025\\\/03\\\/Blog-MedCof-2025-03-25T085003.209.jpg\",\"datePublished\":\"2025-03-26T11:34:11+00:00\",\"dateModified\":\"2026-04-24T18:47:37+00:00\",\"description\":\"A neuross\u00edfilis \u00e9 uma manifesta\u00e7\u00e3o tardia da s\u00edfilis que afeta o sistema nervoso central (SNC). Entenda melhor!\",\"breadcrumb\":{\"@id\":\"https:\\\/\\\/www.grupomedcof.com.br\\\/blog\\\/neurossifilis-quais-sintomas-e-prejuizos-causados-no-sistema-nervoso\\\/#breadcrumb\"},\"inLanguage\":\"pt-BR\",\"potentialAction\":[{\"@type\":\"ReadAction\",\"target\":[\"https:\\\/\\\/www.grupomedcof.com.br\\\/blog\\\/neurossifilis-quais-sintomas-e-prejuizos-causados-no-sistema-nervoso\\\/\"]}]},{\"@type\":\"ImageObject\",\"inLanguage\":\"pt-BR\",\"@id\":\"https:\\\/\\\/www.grupomedcof.com.br\\\/blog\\\/neurossifilis-quais-sintomas-e-prejuizos-causados-no-sistema-nervoso\\\/#primaryimage\",\"url\":\"https:\\\/\\\/www.grupomedcof.com.br\\\/blog\\\/wp-content\\\/uploads\\\/2025\\\/03\\\/Blog-MedCof-2025-03-25T085003.209.jpg\",\"contentUrl\":\"https:\\\/\\\/www.grupomedcof.com.br\\\/blog\\\/wp-content\\\/uploads\\\/2025\\\/03\\\/Blog-MedCof-2025-03-25T085003.209.jpg\",\"width\":1920,\"height\":1080},{\"@type\":\"BreadcrumbList\",\"@id\":\"https:\\\/\\\/www.grupomedcof.com.br\\\/blog\\\/neurossifilis-quais-sintomas-e-prejuizos-causados-no-sistema-nervoso\\\/#breadcrumb\",\"itemListElement\":[{\"@type\":\"ListItem\",\"position\":1,\"name\":\"In\u00edcio\",\"item\":\"https:\\\/\\\/www.grupomedcof.com.br\\\/blog\\\/\"},{\"@type\":\"ListItem\",\"position\":2,\"name\":\"Neuross\u00edfilis: quais sintomas e preju\u00edzos causados no sistema nervoso\"}]},{\"@type\":\"WebSite\",\"@id\":\"https:\\\/\\\/www.grupomedcof.com.br\\\/blog\\\/#website\",\"url\":\"https:\\\/\\\/www.grupomedcof.com.br\\\/blog\\\/\",\"name\":\"Blog de Medcof: conte\u00fados, editais, revalida e mais!\",\"description\":\"Acesso o blog de MedCof! Seu portal de conte\u00fados sobre resid\u00eancia m\u00e9dica, an\u00e1lise e editais e muito mais. Clique e confira!\",\"publisher\":{\"@id\":\"https:\\\/\\\/www.grupomedcof.com.br\\\/blog\\\/#organization\"},\"alternateName\":\"Blog de Medcof: conte\u00fados, editais, revalida e mais!\",\"potentialAction\":[{\"@type\":\"SearchAction\",\"target\":{\"@type\":\"EntryPoint\",\"urlTemplate\":\"https:\\\/\\\/www.grupomedcof.com.br\\\/blog\\\/?s={search_term_string}\"},\"query-input\":{\"@type\":\"PropertyValueSpecification\",\"valueRequired\":true,\"valueName\":\"search_term_string\"}}],\"inLanguage\":\"pt-BR\"},{\"@type\":\"Organization\",\"@id\":\"https:\\\/\\\/www.grupomedcof.com.br\\\/blog\\\/#organization\",\"name\":\"Grupo MedCof\",\"url\":\"https:\\\/\\\/www.grupomedcof.com.br\\\/blog\\\/\",\"logo\":{\"@type\":\"ImageObject\",\"inLanguage\":\"pt-BR\",\"@id\":\"https:\\\/\\\/www.grupomedcof.com.br\\\/blog\\\/#\\\/schema\\\/logo\\\/image\\\/\",\"url\":\"https:\\\/\\\/www.grupomedcof.com.br\\\/blog\\\/wp-content\\\/uploads\\\/2022\\\/01\\\/logo-medcof.png\",\"contentUrl\":\"https:\\\/\\\/www.grupomedcof.com.br\\\/blog\\\/wp-content\\\/uploads\\\/2022\\\/01\\\/logo-medcof.png\",\"width\":768,\"height\":269,\"caption\":\"Grupo MedCof\"},\"image\":{\"@id\":\"https:\\\/\\\/www.grupomedcof.com.br\\\/blog\\\/#\\\/schema\\\/logo\\\/image\\\/\"},\"sameAs\":[\"https:\\\/\\\/www.facebook.com\\\/MedCofQbank\\\/\",\"https:\\\/\\\/www.instagram.com\\\/grupomedcof\\\/\",\"https:\\\/\\\/br.linkedin.com\\\/company\\\/medcof\",\"https:\\\/\\\/www.youtube.com\\\/channel\\\/UCdHMuOHKICxcHwecxN8P-AA\"]},{\"@type\":\"Person\",\"@id\":\"https:\\\/\\\/www.grupomedcof.com.br\\\/blog\\\/#\\\/schema\\\/person\\\/db19a651f86c5fc202d6eee744fd3292\",\"name\":\"Kiara Adelino\",\"image\":{\"@type\":\"ImageObject\",\"inLanguage\":\"pt-BR\",\"@id\":\"https:\\\/\\\/www.grupomedcof.com.br\\\/blog\\\/wp-content\\\/uploads\\\/2024\\\/08\\\/cropped-Kiara-Adelino2-96x96.jpega85663bdda67261f8f06f86e555e1e49\",\"url\":\"https:\\\/\\\/www.grupomedcof.com.br\\\/blog\\\/wp-content\\\/uploads\\\/2024\\\/08\\\/cropped-Kiara-Adelino2-96x96.jpeg\",\"contentUrl\":\"https:\\\/\\\/www.grupomedcof.com.br\\\/blog\\\/wp-content\\\/uploads\\\/2024\\\/08\\\/cropped-Kiara-Adelino2-96x96.jpeg\",\"caption\":\"Kiara Adelino\"},\"description\":\"Estudante do 5\u00b0 semestre de Medicina. Gosto bastante de aprender coisas novas, principalmente na \u00e1rea de Neurologia e Anatomia humana.\",\"url\":\"https:\\\/\\\/www.grupomedcof.com.br\\\/blog\\\/author\\\/kiara-adelino\\\/\"}]}<\/script>\n<!-- \/ Yoast SEO Premium plugin. -->","yoast_head_json":{"title":"Neuross\u00edfilis: Sintomas e Danos ao Sistema Nervoso | Medcof","description":"A neuross\u00edfilis \u00e9 uma manifesta\u00e7\u00e3o tardia da s\u00edfilis que afeta o sistema nervoso central (SNC). Entenda melhor!","robots":{"index":"index","follow":"follow","max-snippet":"max-snippet:-1","max-image-preview":"max-image-preview:large","max-video-preview":"max-video-preview:-1"},"canonical":"https:\/\/www.grupomedcof.com.br\/blog\/neurossifilis-quais-sintomas-e-prejuizos-causados-no-sistema-nervoso\/","og_locale":"pt_BR","og_type":"article","og_title":"Neuross\u00edfilis: quais sintomas e preju\u00edzos causados no sistema nervoso","og_description":"A neuross\u00edfilis \u00e9 uma manifesta\u00e7\u00e3o tardia da s\u00edfilis que afeta o sistema nervoso central (SNC). Entenda melhor!","og_url":"https:\/\/www.grupomedcof.com.br\/blog\/neurossifilis-quais-sintomas-e-prejuizos-causados-no-sistema-nervoso\/","og_site_name":"Blog de Medcof: conte\u00fados, editais, revalida e mais!","article_publisher":"https:\/\/www.facebook.com\/MedCofQbank\/","article_published_time":"2025-03-26T11:34:11+00:00","article_modified_time":"2026-04-24T18:47:37+00:00","og_image":[{"width":1920,"height":1080,"url":"https:\/\/www.grupomedcof.com.br\/blog\/wp-content\/uploads\/2025\/03\/Blog-MedCof-2025-03-25T085003.209.jpg","type":"image\/jpeg"}],"author":"Kiara Adelino","twitter_card":"summary_large_image","twitter_misc":{"Escrito por":"Kiara Adelino","Est. tempo de leitura":"6 minutos"},"schema":{"@context":"https:\/\/schema.org","@graph":[{"@type":"Article","@id":"https:\/\/www.grupomedcof.com.br\/blog\/neurossifilis-quais-sintomas-e-prejuizos-causados-no-sistema-nervoso\/#article","isPartOf":{"@id":"https:\/\/www.grupomedcof.com.br\/blog\/neurossifilis-quais-sintomas-e-prejuizos-causados-no-sistema-nervoso\/"},"author":{"name":"Kiara Adelino","@id":"https:\/\/www.grupomedcof.com.br\/blog\/#\/schema\/person\/db19a651f86c5fc202d6eee744fd3292"},"headline":"Neuross\u00edfilis: quais sintomas e preju\u00edzos causados no sistema nervoso","datePublished":"2025-03-26T11:34:11+00:00","dateModified":"2026-04-24T18:47:37+00:00","mainEntityOfPage":{"@id":"https:\/\/www.grupomedcof.com.br\/blog\/neurossifilis-quais-sintomas-e-prejuizos-causados-no-sistema-nervoso\/"},"wordCount":997,"publisher":{"@id":"https:\/\/www.grupomedcof.com.br\/blog\/#organization"},"image":{"@id":"https:\/\/www.grupomedcof.com.br\/blog\/neurossifilis-quais-sintomas-e-prejuizos-causados-no-sistema-nervoso\/#primaryimage"},"thumbnailUrl":"https:\/\/www.grupomedcof.com.br\/blog\/wp-content\/uploads\/2025\/03\/Blog-MedCof-2025-03-25T085003.209.jpg","keywords":["HIV","Neuross\u00edfilis","Sistema Nervoso"],"articleSection":["Infectologia"],"inLanguage":"pt-BR"},{"@type":"WebPage","@id":"https:\/\/www.grupomedcof.com.br\/blog\/neurossifilis-quais-sintomas-e-prejuizos-causados-no-sistema-nervoso\/","url":"https:\/\/www.grupomedcof.com.br\/blog\/neurossifilis-quais-sintomas-e-prejuizos-causados-no-sistema-nervoso\/","name":"Neuross\u00edfilis: Sintomas e Danos ao Sistema Nervoso | Medcof","isPartOf":{"@id":"https:\/\/www.grupomedcof.com.br\/blog\/#website"},"primaryImageOfPage":{"@id":"https:\/\/www.grupomedcof.com.br\/blog\/neurossifilis-quais-sintomas-e-prejuizos-causados-no-sistema-nervoso\/#primaryimage"},"image":{"@id":"https:\/\/www.grupomedcof.com.br\/blog\/neurossifilis-quais-sintomas-e-prejuizos-causados-no-sistema-nervoso\/#primaryimage"},"thumbnailUrl":"https:\/\/www.grupomedcof.com.br\/blog\/wp-content\/uploads\/2025\/03\/Blog-MedCof-2025-03-25T085003.209.jpg","datePublished":"2025-03-26T11:34:11+00:00","dateModified":"2026-04-24T18:47:37+00:00","description":"A neuross\u00edfilis \u00e9 uma manifesta\u00e7\u00e3o tardia da s\u00edfilis que afeta o sistema nervoso central (SNC). Entenda melhor!","breadcrumb":{"@id":"https:\/\/www.grupomedcof.com.br\/blog\/neurossifilis-quais-sintomas-e-prejuizos-causados-no-sistema-nervoso\/#breadcrumb"},"inLanguage":"pt-BR","potentialAction":[{"@type":"ReadAction","target":["https:\/\/www.grupomedcof.com.br\/blog\/neurossifilis-quais-sintomas-e-prejuizos-causados-no-sistema-nervoso\/"]}]},{"@type":"ImageObject","inLanguage":"pt-BR","@id":"https:\/\/www.grupomedcof.com.br\/blog\/neurossifilis-quais-sintomas-e-prejuizos-causados-no-sistema-nervoso\/#primaryimage","url":"https:\/\/www.grupomedcof.com.br\/blog\/wp-content\/uploads\/2025\/03\/Blog-MedCof-2025-03-25T085003.209.jpg","contentUrl":"https:\/\/www.grupomedcof.com.br\/blog\/wp-content\/uploads\/2025\/03\/Blog-MedCof-2025-03-25T085003.209.jpg","width":1920,"height":1080},{"@type":"BreadcrumbList","@id":"https:\/\/www.grupomedcof.com.br\/blog\/neurossifilis-quais-sintomas-e-prejuizos-causados-no-sistema-nervoso\/#breadcrumb","itemListElement":[{"@type":"ListItem","position":1,"name":"In\u00edcio","item":"https:\/\/www.grupomedcof.com.br\/blog\/"},{"@type":"ListItem","position":2,"name":"Neuross\u00edfilis: quais sintomas e preju\u00edzos causados no sistema nervoso"}]},{"@type":"WebSite","@id":"https:\/\/www.grupomedcof.com.br\/blog\/#website","url":"https:\/\/www.grupomedcof.com.br\/blog\/","name":"Blog de Medcof: conte\u00fados, editais, revalida e mais!","description":"Acesso o blog de MedCof! Seu portal de conte\u00fados sobre resid\u00eancia m\u00e9dica, an\u00e1lise e editais e muito mais. Clique e confira!","publisher":{"@id":"https:\/\/www.grupomedcof.com.br\/blog\/#organization"},"alternateName":"Blog de Medcof: conte\u00fados, editais, revalida e mais!","potentialAction":[{"@type":"SearchAction","target":{"@type":"EntryPoint","urlTemplate":"https:\/\/www.grupomedcof.com.br\/blog\/?s={search_term_string}"},"query-input":{"@type":"PropertyValueSpecification","valueRequired":true,"valueName":"search_term_string"}}],"inLanguage":"pt-BR"},{"@type":"Organization","@id":"https:\/\/www.grupomedcof.com.br\/blog\/#organization","name":"Grupo MedCof","url":"https:\/\/www.grupomedcof.com.br\/blog\/","logo":{"@type":"ImageObject","inLanguage":"pt-BR","@id":"https:\/\/www.grupomedcof.com.br\/blog\/#\/schema\/logo\/image\/","url":"https:\/\/www.grupomedcof.com.br\/blog\/wp-content\/uploads\/2022\/01\/logo-medcof.png","contentUrl":"https:\/\/www.grupomedcof.com.br\/blog\/wp-content\/uploads\/2022\/01\/logo-medcof.png","width":768,"height":269,"caption":"Grupo MedCof"},"image":{"@id":"https:\/\/www.grupomedcof.com.br\/blog\/#\/schema\/logo\/image\/"},"sameAs":["https:\/\/www.facebook.com\/MedCofQbank\/","https:\/\/www.instagram.com\/grupomedcof\/","https:\/\/br.linkedin.com\/company\/medcof","https:\/\/www.youtube.com\/channel\/UCdHMuOHKICxcHwecxN8P-AA"]},{"@type":"Person","@id":"https:\/\/www.grupomedcof.com.br\/blog\/#\/schema\/person\/db19a651f86c5fc202d6eee744fd3292","name":"Kiara Adelino","image":{"@type":"ImageObject","inLanguage":"pt-BR","@id":"https:\/\/www.grupomedcof.com.br\/blog\/wp-content\/uploads\/2024\/08\/cropped-Kiara-Adelino2-96x96.jpega85663bdda67261f8f06f86e555e1e49","url":"https:\/\/www.grupomedcof.com.br\/blog\/wp-content\/uploads\/2024\/08\/cropped-Kiara-Adelino2-96x96.jpeg","contentUrl":"https:\/\/www.grupomedcof.com.br\/blog\/wp-content\/uploads\/2024\/08\/cropped-Kiara-Adelino2-96x96.jpeg","caption":"Kiara Adelino"},"description":"Estudante do 5\u00b0 semestre de Medicina. Gosto bastante de aprender coisas novas, principalmente na \u00e1rea de Neurologia e Anatomia humana.","url":"https:\/\/www.grupomedcof.com.br\/blog\/author\/kiara-adelino\/"}]}},"authors":[{"term_id":3617,"user_id":21,"is_guest":0,"slug":"kiara-adelino","display_name":"Kiara Adelino","avatar_url":"https:\/\/www.grupomedcof.com.br\/blog\/wp-content\/uploads\/2024\/08\/cropped-Kiara-Adelino2-96x96.jpeg","0":null,"1":"","2":"","3":"","4":"","5":"","6":"","7":"","8":""}],"_links":{"self":[{"href":"https:\/\/www.grupomedcof.com.br\/blog\/wp-json\/wp\/v2\/posts\/34795","targetHints":{"allow":["GET"]}}],"collection":[{"href":"https:\/\/www.grupomedcof.com.br\/blog\/wp-json\/wp\/v2\/posts"}],"about":[{"href":"https:\/\/www.grupomedcof.com.br\/blog\/wp-json\/wp\/v2\/types\/post"}],"author":[{"embeddable":true,"href":"https:\/\/www.grupomedcof.com.br\/blog\/wp-json\/wp\/v2\/users\/21"}],"replies":[{"embeddable":true,"href":"https:\/\/www.grupomedcof.com.br\/blog\/wp-json\/wp\/v2\/comments?post=34795"}],"version-history":[{"count":1,"href":"https:\/\/www.grupomedcof.com.br\/blog\/wp-json\/wp\/v2\/posts\/34795\/revisions"}],"predecessor-version":[{"id":40468,"href":"https:\/\/www.grupomedcof.com.br\/blog\/wp-json\/wp\/v2\/posts\/34795\/revisions\/40468"}],"wp:featuredmedia":[{"embeddable":true,"href":"https:\/\/www.grupomedcof.com.br\/blog\/wp-json\/wp\/v2\/media\/34798"}],"wp:attachment":[{"href":"https:\/\/www.grupomedcof.com.br\/blog\/wp-json\/wp\/v2\/media?parent=34795"}],"wp:term":[{"taxonomy":"category","embeddable":true,"href":"https:\/\/www.grupomedcof.com.br\/blog\/wp-json\/wp\/v2\/categories?post=34795"},{"taxonomy":"post_tag","embeddable":true,"href":"https:\/\/www.grupomedcof.com.br\/blog\/wp-json\/wp\/v2\/tags?post=34795"},{"taxonomy":"author","embeddable":true,"href":"https:\/\/www.grupomedcof.com.br\/blog\/wp-json\/wp\/v2\/ppma_author?post=34795"}],"curies":[{"name":"wp","href":"https:\/\/api.w.org\/{rel}","templated":true}]}}