{"id":34806,"date":"2025-03-29T09:54:21","date_gmt":"2025-03-29T12:54:21","guid":{"rendered":"https:\/\/www.grupomedcof.com.br\/blog\/?p=34806"},"modified":"2025-03-25T10:17:01","modified_gmt":"2025-03-25T13:17:01","slug":"pneumologia","status":"publish","type":"post","link":"https:\/\/www.grupomedcof.com.br\/blog\/pneumologia\/","title":{"rendered":"Pneumologia: Entenda o que \u00e9, o que faz, resid\u00eancia e remunera\u00e7\u00e3o"},"content":{"rendered":"<div id=\"ez-toc-container\" class=\"ez-toc-v2_0_74 counter-hierarchy ez-toc-counter ez-toc-transparent ez-toc-container-direction\">\n<div class=\"ez-toc-title-container\">\n<p class=\"ez-toc-title\" style=\"cursor:inherit\">Sum\u00e1rio<\/p>\n<span class=\"ez-toc-title-toggle\"><a href=\"#\" class=\"ez-toc-pull-right ez-toc-btn ez-toc-btn-xs ez-toc-btn-default ez-toc-toggle\" aria-label=\"Alternar tabela de conte\u00fado\"><span class=\"ez-toc-js-icon-con\"><span class=\"\"><span class=\"eztoc-hide\" style=\"display:none;\">Toggle<\/span><span class=\"ez-toc-icon-toggle-span\"><svg style=\"fill: #999;color:#999\" xmlns=\"http:\/\/www.w3.org\/2000\/svg\" class=\"list-377408\" width=\"20px\" height=\"20px\" viewBox=\"0 0 24 24\" fill=\"none\"><path d=\"M6 6H4v2h2V6zm14 0H8v2h12V6zM4 11h2v2H4v-2zm16 0H8v2h12v-2zM4 16h2v2H4v-2zm16 0H8v2h12v-2z\" fill=\"currentColor\"><\/path><\/svg><svg style=\"fill: #999;color:#999\" class=\"arrow-unsorted-368013\" xmlns=\"http:\/\/www.w3.org\/2000\/svg\" width=\"10px\" height=\"10px\" viewBox=\"0 0 24 24\" version=\"1.2\" baseProfile=\"tiny\"><path d=\"M18.2 9.3l-6.2-6.3-6.2 6.3c-.2.2-.3.4-.3.7s.1.5.3.7c.2.2.4.3.7.3h11c.3 0 .5-.1.7-.3.2-.2.3-.5.3-.7s-.1-.5-.3-.7zM5.8 14.7l6.2 6.3 6.2-6.3c.2-.2.3-.5.3-.7s-.1-.5-.3-.7c-.2-.2-.4-.3-.7-.3h-11c-.3 0-.5.1-.7.3-.2.2-.3.5-.3.7s.1.5.3.7z\"\/><\/svg><\/span><\/span><\/span><\/a><\/span><\/div>\n<nav><ul class='ez-toc-list ez-toc-list-level-1 ' ><li class='ez-toc-page-1 ez-toc-heading-level-2'><a class=\"ez-toc-link ez-toc-heading-1\" href=\"https:\/\/www.grupomedcof.com.br\/blog\/pneumologia\/#O_que_e_Pneumologia\" >O que \u00e9 Pneumologia?<\/a><\/li><li class='ez-toc-page-1 ez-toc-heading-level-2'><a class=\"ez-toc-link ez-toc-heading-2\" href=\"https:\/\/www.grupomedcof.com.br\/blog\/pneumologia\/#Quais_sao_os_principais_exames_em_pneumologia\" >Quais s\u00e3o os principais exames em pneumologia?<\/a><ul class='ez-toc-list-level-3' ><li class='ez-toc-heading-level-3'><a class=\"ez-toc-link ez-toc-heading-3\" href=\"https:\/\/www.grupomedcof.com.br\/blog\/pneumologia\/#Espirometria\" >Espirometria<\/a><\/li><li class='ez-toc-page-1 ez-toc-heading-level-3'><a class=\"ez-toc-link ez-toc-heading-4\" href=\"https:\/\/www.grupomedcof.com.br\/blog\/pneumologia\/#Radiografia_de_Torax\" >Radiografia de T\u00f3rax<\/a><\/li><li class='ez-toc-page-1 ez-toc-heading-level-3'><a class=\"ez-toc-link ez-toc-heading-5\" href=\"https:\/\/www.grupomedcof.com.br\/blog\/pneumologia\/#Tomografia_Computadorizada\" >Tomografia Computadorizada<\/a><\/li><\/ul><\/li><li class='ez-toc-page-1 ez-toc-heading-level-2'><a class=\"ez-toc-link ez-toc-heading-6\" href=\"https:\/\/www.grupomedcof.com.br\/blog\/pneumologia\/#Quais_sao_os_principais_tratamentos_em_pneumologia\" >Quais s\u00e3o os principais tratamentos em pneumologia?<\/a><ul class='ez-toc-list-level-3' ><li class='ez-toc-heading-level-3'><a class=\"ez-toc-link ez-toc-heading-7\" href=\"https:\/\/www.grupomedcof.com.br\/blog\/pneumologia\/#Tratamento_para_Asma\" >Tratamento para Asma<\/a><\/li><li class='ez-toc-page-1 ez-toc-heading-level-3'><a class=\"ez-toc-link ez-toc-heading-8\" href=\"https:\/\/www.grupomedcof.com.br\/blog\/pneumologia\/#Tratamento_para_DPOC\" >Tratamento para DPOC<\/a><\/li><li class='ez-toc-page-1 ez-toc-heading-level-3'><a class=\"ez-toc-link ez-toc-heading-9\" href=\"https:\/\/www.grupomedcof.com.br\/blog\/pneumologia\/#Tratamento_para_Pneumonia\" >Tratamento para Pneumonia<\/a><\/li><li class='ez-toc-page-1 ez-toc-heading-level-3'><a class=\"ez-toc-link ez-toc-heading-10\" href=\"https:\/\/www.grupomedcof.com.br\/blog\/pneumologia\/#Tratamento_para_Cancer_de_Pulmao\" >Tratamento para C\u00e2ncer de Pulm\u00e3o<\/a><\/li><\/ul><\/li><li class='ez-toc-page-1 ez-toc-heading-level-2'><a class=\"ez-toc-link ez-toc-heading-11\" href=\"https:\/\/www.grupomedcof.com.br\/blog\/pneumologia\/#Quais_sao_as_areas_de_atuacao_do_pneumologista\" >Quais s\u00e3o as \u00e1reas de atua\u00e7\u00e3o do pneumologista<\/a><\/li><li class='ez-toc-page-1 ez-toc-heading-level-2'><a class=\"ez-toc-link ez-toc-heading-12\" href=\"https:\/\/www.grupomedcof.com.br\/blog\/pneumologia\/#Como_e_a_rotina_de_trabalho_do_pneumologista\" >Como \u00e9 a rotina de trabalho do pneumologista<\/a><\/li><li class='ez-toc-page-1 ez-toc-heading-level-2'><a class=\"ez-toc-link ez-toc-heading-13\" href=\"https:\/\/www.grupomedcof.com.br\/blog\/pneumologia\/#Como_se_especializar_em_pneumologia\" >Como se especializar em pneumologia?<\/a><ul class='ez-toc-list-level-3' ><li class='ez-toc-heading-level-3'><a class=\"ez-toc-link ez-toc-heading-14\" href=\"https:\/\/www.grupomedcof.com.br\/blog\/pneumologia\/#Pre-requisitos_para_a_residencia_em_pneumologia\" >Pr\u00e9-requisitos para a resid\u00eancia em pneumologia<\/a><\/li><li class='ez-toc-page-1 ez-toc-heading-level-3'><a class=\"ez-toc-link ez-toc-heading-15\" href=\"https:\/\/www.grupomedcof.com.br\/blog\/pneumologia\/#Duracao_da_residencia_em_Pneumologia\" >Dura\u00e7\u00e3o da resid\u00eancia em Pneumologia<\/a><\/li><\/ul><\/li><li class='ez-toc-page-1 ez-toc-heading-level-2'><a class=\"ez-toc-link ez-toc-heading-16\" href=\"https:\/\/www.grupomedcof.com.br\/blog\/pneumologia\/#Quanto_ganha_um_pneumologista\" >Quanto ganha um pneumologista?<\/a><\/li><li class='ez-toc-page-1 ez-toc-heading-level-2'><a class=\"ez-toc-link ez-toc-heading-17\" href=\"https:\/\/www.grupomedcof.com.br\/blog\/pneumologia\/#Como_esta_o_mercado_de_trabalho_para_pneumologistas\" >Como est\u00e1 o mercado de trabalho para pneumologistas?<\/a><\/li><li class='ez-toc-page-1 ez-toc-heading-level-2'><a class=\"ez-toc-link ez-toc-heading-18\" href=\"https:\/\/www.grupomedcof.com.br\/blog\/pneumologia\/#Conquiste_sua_vaga_na_Residencia_em_Pneumologia_com_a_MedCof\" >Conquiste sua vaga na Resid\u00eancia em Pneumologia com a MedCof<\/a><\/li><\/ul><\/nav><\/div>\n\n<figure class=\"wp-block-image size-large\"><img loading=\"lazy\" decoding=\"async\" width=\"1024\" height=\"576\" src=\"https:\/\/www.grupomedcof.com.br\/blog\/wp-content\/uploads\/2025\/03\/Blog-MedCof-2025-03-25T101135.309-1024x576.jpg\" alt=\"\" class=\"wp-image-34808\" srcset=\"https:\/\/www.grupomedcof.com.br\/blog\/wp-content\/uploads\/2025\/03\/Blog-MedCof-2025-03-25T101135.309-1024x576.jpg 1024w, https:\/\/www.grupomedcof.com.br\/blog\/wp-content\/uploads\/2025\/03\/Blog-MedCof-2025-03-25T101135.309-300x169.jpg 300w, https:\/\/www.grupomedcof.com.br\/blog\/wp-content\/uploads\/2025\/03\/Blog-MedCof-2025-03-25T101135.309-768x432.jpg 768w, https:\/\/www.grupomedcof.com.br\/blog\/wp-content\/uploads\/2025\/03\/Blog-MedCof-2025-03-25T101135.309-1536x864.jpg 1536w, https:\/\/www.grupomedcof.com.br\/blog\/wp-content\/uploads\/2025\/03\/Blog-MedCof-2025-03-25T101135.309-747x420.jpg 747w, https:\/\/www.grupomedcof.com.br\/blog\/wp-content\/uploads\/2025\/03\/Blog-MedCof-2025-03-25T101135.309-150x84.jpg 150w, https:\/\/www.grupomedcof.com.br\/blog\/wp-content\/uploads\/2025\/03\/Blog-MedCof-2025-03-25T101135.309-696x392.jpg 696w, https:\/\/www.grupomedcof.com.br\/blog\/wp-content\/uploads\/2025\/03\/Blog-MedCof-2025-03-25T101135.309-1068x601.jpg 1068w, https:\/\/www.grupomedcof.com.br\/blog\/wp-content\/uploads\/2025\/03\/Blog-MedCof-2025-03-25T101135.309.jpg 1920w\" sizes=\"auto, (max-width: 1024px) 100vw, 1024px\" \/><\/figure>\n\n\n\n<p>A pneumologia \u00e9 a especialidade m\u00e9dica voltada para o diagn\u00f3stico e tratamento das doen\u00e7as respirat\u00f3rias. Os pneumologistas s\u00e3o essenciais na gest\u00e3o de condi\u00e7\u00f5es como asma e DPOC. A forma\u00e7\u00e3o em resid\u00eancia m\u00e9dica \u00e9 rigorosa, e a remunera\u00e7\u00e3o varia conforme a experi\u00eancia e o local de atua\u00e7\u00e3o. Entenda abaixo!<\/p>\n\n\n\n<h2 class=\"wp-block-heading\" id=\"h-o-que-e-pneumologia\"><span class=\"ez-toc-section\" id=\"O_que_e_Pneumologia\"><\/span><strong>O que \u00e9 Pneumologia?<\/strong><span class=\"ez-toc-section-end\"><\/span><\/h2>\n\n\n\n<p>A pneumologia \u00e9 uma especialidade da medicina que estuda, <strong>investiga e trata doen\u00e7as do sistema respirat\u00f3rio, incluindo a laringe, traqueia, br\u00f4nquios e alv\u00e9olos pulmonares<\/strong>.<\/p>\n\n\n\n<h2 class=\"wp-block-heading\" id=\"h-quais-sao-os-principais-exames-em-pneumologia\"><span class=\"ez-toc-section\" id=\"Quais_sao_os_principais_exames_em_pneumologia\"><\/span><strong>Quais s\u00e3o os principais exames em pneumologia?<\/strong><span class=\"ez-toc-section-end\"><\/span><\/h2>\n\n\n\n<p>Na pneumologia, os exames mais importantes incluem a espirometria para avaliar a fun\u00e7\u00e3o pulmonar, a radiografia de t\u00f3rax para visualizar a estrutura dos pulm\u00f5es e a tomografia computadorizada para uma avalia\u00e7\u00e3o mais detalhada. Veja detalhadamente abaixo!<\/p>\n\n\n\n<h3 class=\"wp-block-heading\" id=\"h-espirometria\"><span class=\"ez-toc-section\" id=\"Espirometria\"><\/span><strong>Espirometria<\/strong><span class=\"ez-toc-section-end\"><\/span><\/h3>\n\n\n\n<p>A espirometria \u00e9 um exame que avalia a capacidade pulmonar, ou seja, aferir a movimenta\u00e7\u00e3o do ar por meio de fluxos e volumes pulmonares para determinar a capacidade do paciente de inspirar e expirar. \u00c9 indicado para pessoas com problemas pulmonares, como asma, doen\u00e7a pulmonar obstrutiva cr\u00f4nica, bronquite, enfisema e fibrose.<\/p>\n\n\n\n<p>O exame \u00e9 realizado por meio de um tubo de papel\u00e3o descart\u00e1vel, que liga a boca do paciente ao espir\u00f4metro, monitorando o volume e velocidade do fluxo do ar.&nbsp;<\/p>\n\n\n\n<h3 class=\"wp-block-heading\" id=\"h-radiografia-de-torax\"><span class=\"ez-toc-section\" id=\"Radiografia_de_Torax\"><\/span><strong>Radiografia de T\u00f3rax<\/strong><span class=\"ez-toc-section-end\"><\/span><\/h3>\n\n\n\n<p>A radiografia (ou Raio-X) do t\u00f3rax \u00e9 um exame que utiliza radia\u00e7\u00f5es para visualizar o interior do t\u00f3rax, como o cora\u00e7\u00e3o, pulm\u00f5es, ossos, vasos sangu\u00edneos e outras estruturas localizadas na regi\u00e3o.<\/p>\n\n\n\n<p>O raio-x \u00e9 frequentemente utilizado para investiga\u00e7\u00e3o de doen\u00e7as respirat\u00f3rias, card\u00edacas e avalia\u00e7\u00e3o geral do t\u00f3rax.&nbsp;<\/p>\n\n\n\n<h3 class=\"wp-block-heading\" id=\"h-tomografia-computadorizada\"><span class=\"ez-toc-section\" id=\"Tomografia_Computadorizada\"><\/span><strong>Tomografia Computadorizada<\/strong><span class=\"ez-toc-section-end\"><\/span><\/h3>\n\n\n\n<p>A tomografia \u00e9 um tipo de exame que permite visualizar o corpo humano em se\u00e7\u00f5es de v\u00e1rios \u00e2ngulos. \u00c9 um exame extremamente eficiente na detec\u00e7\u00e3o de les\u00f5es, fraturas ou tumores, mesmo que sejam ainda considerados muito pequenos, o que contribui para o diagn\u00f3stico precoce.\u00a0<\/p>\n\n\n\n<figure class=\"wp-block-image size-large\"><a href=\"https:\/\/www.grupomedcof.com.br\/cofletters\/\" target=\"_blank\" rel=\" noreferrer noopener\"><img loading=\"lazy\" decoding=\"async\" width=\"1024\" height=\"320\" src=\"https:\/\/www.grupomedcof.com.br\/blog\/wp-content\/uploads\/2025\/02\/Banner-MedCof-Plus-2200x460-11-1024x320.png\" alt=\"\" class=\"wp-image-33723\" srcset=\"https:\/\/www.grupomedcof.com.br\/blog\/wp-content\/uploads\/2025\/02\/Banner-MedCof-Plus-2200x460-11-1024x320.png 1024w, https:\/\/www.grupomedcof.com.br\/blog\/wp-content\/uploads\/2025\/02\/Banner-MedCof-Plus-2200x460-11-300x94.png 300w, https:\/\/www.grupomedcof.com.br\/blog\/wp-content\/uploads\/2025\/02\/Banner-MedCof-Plus-2200x460-11-768x240.png 768w, https:\/\/www.grupomedcof.com.br\/blog\/wp-content\/uploads\/2025\/02\/Banner-MedCof-Plus-2200x460-11-1536x480.png 1536w, https:\/\/www.grupomedcof.com.br\/blog\/wp-content\/uploads\/2025\/02\/Banner-MedCof-Plus-2200x460-11-2048x640.png 2048w, https:\/\/www.grupomedcof.com.br\/blog\/wp-content\/uploads\/2025\/02\/Banner-MedCof-Plus-2200x460-11-1343x420.png 1343w, https:\/\/www.grupomedcof.com.br\/blog\/wp-content\/uploads\/2025\/02\/Banner-MedCof-Plus-2200x460-11-150x47.png 150w, https:\/\/www.grupomedcof.com.br\/blog\/wp-content\/uploads\/2025\/02\/Banner-MedCof-Plus-2200x460-11-696x218.png 696w, https:\/\/www.grupomedcof.com.br\/blog\/wp-content\/uploads\/2025\/02\/Banner-MedCof-Plus-2200x460-11-1068x334.png 1068w, https:\/\/www.grupomedcof.com.br\/blog\/wp-content\/uploads\/2025\/02\/Banner-MedCof-Plus-2200x460-11-1920x600.png 1920w\" sizes=\"auto, (max-width: 1024px) 100vw, 1024px\" \/><\/a><\/figure>\n\n\n\n<h2 class=\"wp-block-heading\" id=\"h-quais-sao-os-principais-tratamentos-em-pneumologia\"><span class=\"ez-toc-section\" id=\"Quais_sao_os_principais_tratamentos_em_pneumologia\"><\/span><strong>Quais s\u00e3o os principais tratamentos em pneumologia?<\/strong><span class=\"ez-toc-section-end\"><\/span><\/h2>\n\n\n\n<p>Existem diversos tratamentos dentro da pneumologia, bem como tratamentos com antibi\u00f3ticos, antivirais e repouso, por\u00e9m, em casos graves pode ser necess\u00e1rio o uso de oxig\u00eanio ou cirurgia. Al\u00e9m disso, o tratamento depender\u00e1 diretamente da condi\u00e7\u00e3o do paciente. Entenda:<\/p>\n\n\n\n<h3 class=\"wp-block-heading\" id=\"h-tratamento-para-asma\"><span class=\"ez-toc-section\" id=\"Tratamento_para_Asma\"><\/span><strong>Tratamento para Asma<\/strong><span class=\"ez-toc-section-end\"><\/span><\/h3>\n\n\n\n<p>A base do <a href=\"https:\/\/www.grupomedcof.com.br\/blog\/atualizacoes-no-tratamento-de-asma\/\" target=\"_blank\" rel=\"noreferrer noopener\">tratamento para asma<\/a> \u00e9 o uso de medicamentos anti-inflamat\u00f3rios, como os <strong>corticosteroides inalat\u00f3rios (bombinha). <\/strong>Ademais, outras op\u00e7\u00f5es podem ser combinadas para o al\u00edvio do desconforto com efeito broncodilatador.\u00a0<\/p>\n\n\n\n<h3 class=\"wp-block-heading\" id=\"h-tratamento-para-dpoc\"><span class=\"ez-toc-section\" id=\"Tratamento_para_DPOC\"><\/span><strong>Tratamento para DPOC<\/strong><span class=\"ez-toc-section-end\"><\/span><\/h3>\n\n\n\n<p>O <a href=\"https:\/\/www.grupomedcof.com.br\/blog\/nova-terapia-para-dpoc-chega-ao-brasil-e-reduz-crises-em-52\/\" target=\"_blank\" rel=\"noreferrer noopener\">tratamento para a DPOC<\/a> \u00e9 o uso de um dispositivo inalat\u00f3rio, mas alguns medicamentos podem ser prescritos pelos m\u00e9dicos, al\u00e9m de ser recomendado a participa\u00e7\u00e3o em programas de reabilita\u00e7\u00e3o com fisioterapia respirat\u00f3ria e a pr\u00e1tica de atividades f\u00edsicas para melhor qualidade de vida.<\/p>\n\n\n\n<h3 class=\"wp-block-heading\" id=\"h-tratamento-para-pneumonia\"><span class=\"ez-toc-section\" id=\"Tratamento_para_Pneumonia\"><\/span><strong>Tratamento para Pneumonia<\/strong><span class=\"ez-toc-section-end\"><\/span><\/h3>\n\n\n\n<p>O tratamento para pneumonia pode ser atrav\u00e9s de antibi\u00f3ticos, caso seja causada por bact\u00e9rias e tenha sido adquirida fora do ambiente hospitalar, sendo poss\u00edvel tratar em casa. Contudo, em casos graves que necessitam interna\u00e7\u00e3o, antibi\u00f3tico \u00e9 administrado via endovenosa.<\/p>\n\n\n\n<h3 class=\"wp-block-heading\" id=\"h-tratamento-para-cancer-de-pulmao\"><span class=\"ez-toc-section\" id=\"Tratamento_para_Cancer_de_Pulmao\"><\/span><strong>Tratamento para C\u00e2ncer de Pulm\u00e3o<\/strong><span class=\"ez-toc-section-end\"><\/span><\/h3>\n\n\n\n<p>O tratamento para este tipo de c\u00e2ncer depende diretamente do estado de sa\u00fade geral do paciente, tipo de tumor e est\u00e1gio da doen\u00e7a. Para o tratamento de c\u00e2ncer de c\u00e9lulas pequenas, s\u00e3o realizadas quimioterapia e radioterapia. J\u00e1 para o c\u00e2ncer de c\u00e9lulas n\u00e3o pequenas, depende do est\u00e1gio da doen\u00e7a, tendo em vista que \u00e9 um c\u00e2ncer com crescimento lento. No primeiro est\u00e1gio, a cirurgia \u00e9 o principal tratamento. No segundo, \u00e9 poss\u00edvel combinar a radioterapia com cirurgias. No est\u00e1gio 3, o tratamento envolve tamb\u00e9m radioterapia, cirurgias e quimioterapia. Por fim, no quarto e \u00faltimo est\u00e1gio, o c\u00e2ncer j\u00e1 se espalhou para partes distantes do corpo e \u00e9 dif\u00edcil cur\u00e1-lo, assim, as op\u00e7\u00f5es de tratamento envolvem radio e quimioterapia para diminuir o tumor e aliviar os sintomas.\u00a0<\/p>\n\n\n\n<h2 class=\"wp-block-heading\" id=\"h-quais-sao-as-areas-de-atuacao-do-pneumologista\"><span class=\"ez-toc-section\" id=\"Quais_sao_as_areas_de_atuacao_do_pneumologista\"><\/span><strong>Quais s\u00e3o as \u00e1reas de atua\u00e7\u00e3o do pneumologista<\/strong><span class=\"ez-toc-section-end\"><\/span><\/h2>\n\n\n\n<p>Os pneumologistas t\u00eam um papel crucial em ambientes cl\u00ednicos e hospitalares, por\u00e9m podem atuar em muitas outras \u00e1reas. Veja:<\/p>\n\n\n\n<ul class=\"wp-block-list\">\n<li><strong>Atendimento ambulatorial e hospitalar:<\/strong> no cen\u00e1rio ambulatorial, o pneumologista se depara com doen\u00e7as como asma, bronquites, enfisema, pneumonia e tuberculose. Al\u00e9m de tratamentos cl\u00ednicos, o m\u00e9dico pode realizar procedimentos como espirometria e testes de provoca\u00e7\u00e3o br\u00f4nquica. Nesta \u00e1rea de atua\u00e7\u00e3o, os pneumologistas atuam intensivamente em ambientes de emerg\u00eancia, unidades de terapia intensiva e blocos cir\u00fargicos tratando c\u00e2ncer de pulm\u00e3o, insufici\u00eancia respirat\u00f3ria aguda e doen\u00e7as cr\u00f4nicas;<\/li>\n\n\n\n<li><strong>Pesquisas cl\u00ednicas: <\/strong>tamb\u00e9m \u00e9 poss\u00edvel seguir carreira na pesquisa cl\u00ednica, buscando novas terapias, medicamentos e tecnologias para o tratamento de doen\u00e7as pulmonares;<\/li>\n\n\n\n<li><strong>Medicina do sono: <\/strong>o m\u00e9dico pneumologista especializado em medicina do sono pode tratar condi\u00e7\u00f5es diretamente ligadas \u00e0 pneumologia, como a apneia do sono e os dist\u00farbios respirat\u00f3rios do sono;<\/li>\n\n\n\n<li><strong>Sa\u00fade p\u00fablica: <\/strong>os profissionais de sa\u00fade p\u00fablica lidam diretamente com doen\u00e7as respirat\u00f3rias em escala populacional, participando de campanhas de vacina\u00e7\u00e3o e programas de controle de tuberculose.<\/li>\n<\/ul>\n\n\n\n<h2 class=\"wp-block-heading\" id=\"h-como-e-a-rotina-de-trabalho-do-pneumologista\"><span class=\"ez-toc-section\" id=\"Como_e_a_rotina_de_trabalho_do_pneumologista\"><\/span><strong>Como \u00e9 a rotina de trabalho do pneumologista<\/strong><span class=\"ez-toc-section-end\"><\/span><\/h2>\n\n\n\n<p>A rotina de um pneumologista \u00e9 variada e abrange consultas ambulatoriais, onde diagnostica e trata condi\u00e7\u00f5es respirat\u00f3rias como asma e DPOC, al\u00e9m de realizar e interpretar exames como espirometrias e broncoscopias. Muitos tamb\u00e9m prestam atendimento em hospitais, monitorando pacientes internados e prestando consultoria para casos complexos. No campo da pesquisa, eles se envolvem em estudos cl\u00ednicos e publica\u00e7\u00f5es para avan\u00e7ar no tratamento de doen\u00e7as pulmonares. A educa\u00e7\u00e3o \u00e9 outra \u00e1rea de atua\u00e7\u00e3o, especialmente em ambientes acad\u00eamicos, onde ensinam e treinam futuros m\u00e9dicos. Desafios incluem manter-se atualizado e gerenciar o estresse associado ao cuidado de condi\u00e7\u00f5es cr\u00f4nicas.\u00a0<\/p>\n\n\n\n<figure class=\"wp-block-image size-large\"><a href=\"https:\/\/aulas.grupomedcof.com.br\/atualizacoes-medicas-que-podem-definir-sua-aprovacao\" target=\"_blank\" rel=\" noreferrer noopener\"><img loading=\"lazy\" decoding=\"async\" width=\"1024\" height=\"320\" src=\"https:\/\/www.grupomedcof.com.br\/blog\/wp-content\/uploads\/2025\/02\/Banner-MedCof-Plus-2200x460-13-1024x320.png\" alt=\"\" class=\"wp-image-33939\" srcset=\"https:\/\/www.grupomedcof.com.br\/blog\/wp-content\/uploads\/2025\/02\/Banner-MedCof-Plus-2200x460-13-1024x320.png 1024w, https:\/\/www.grupomedcof.com.br\/blog\/wp-content\/uploads\/2025\/02\/Banner-MedCof-Plus-2200x460-13-300x94.png 300w, https:\/\/www.grupomedcof.com.br\/blog\/wp-content\/uploads\/2025\/02\/Banner-MedCof-Plus-2200x460-13-768x240.png 768w, https:\/\/www.grupomedcof.com.br\/blog\/wp-content\/uploads\/2025\/02\/Banner-MedCof-Plus-2200x460-13-1536x480.png 1536w, https:\/\/www.grupomedcof.com.br\/blog\/wp-content\/uploads\/2025\/02\/Banner-MedCof-Plus-2200x460-13-2048x640.png 2048w, https:\/\/www.grupomedcof.com.br\/blog\/wp-content\/uploads\/2025\/02\/Banner-MedCof-Plus-2200x460-13-1344x420.png 1344w, https:\/\/www.grupomedcof.com.br\/blog\/wp-content\/uploads\/2025\/02\/Banner-MedCof-Plus-2200x460-13-150x47.png 150w, https:\/\/www.grupomedcof.com.br\/blog\/wp-content\/uploads\/2025\/02\/Banner-MedCof-Plus-2200x460-13-696x218.png 696w, https:\/\/www.grupomedcof.com.br\/blog\/wp-content\/uploads\/2025\/02\/Banner-MedCof-Plus-2200x460-13-1068x334.png 1068w, https:\/\/www.grupomedcof.com.br\/blog\/wp-content\/uploads\/2025\/02\/Banner-MedCof-Plus-2200x460-13-1920x600.png 1920w\" sizes=\"auto, (max-width: 1024px) 100vw, 1024px\" \/><\/a><\/figure>\n\n\n\n<h2 class=\"wp-block-heading\" id=\"h-como-se-especializar-em-pneumologia\"><span class=\"ez-toc-section\" id=\"Como_se_especializar_em_pneumologia\"><\/span><strong>Como se especializar em pneumologia?<\/strong><span class=\"ez-toc-section-end\"><\/span><\/h2>\n\n\n\n<p>Para se especializar em pneumologia, \u00e9 necess\u00e1rio concluir a gradua\u00e7\u00e3o em medicina em uma institui\u00e7\u00e3o reconhecida, que dura em torno de 6 anos.\u00a0<\/p>\n\n\n\n<h3 class=\"wp-block-heading\" id=\"h-pre-requisitos-para-a-residencia-em-pneumologia\"><span class=\"ez-toc-section\" id=\"Pre-requisitos_para_a_residencia_em_pneumologia\"><\/span><strong>Pr\u00e9-requisitos para a resid\u00eancia em pneumologia<\/strong><span class=\"ez-toc-section-end\"><\/span><\/h3>\n\n\n\n<p>Para ingressar na resid\u00eancia m\u00e9dica em pneumologia, \u00e9 necess\u00e1rio concluir a resid\u00eancia de pr\u00e9-requisito em cl\u00ednica m\u00e9dica, com dura\u00e7\u00e3o de 2 anos. Al\u00e9m de possuir o diploma de medicina, registro no Conselho Regional de Medicina (CRM), e outros documentos que possam ser exigidos no edital.<\/p>\n\n\n\n<h3 class=\"wp-block-heading\" id=\"h-duracao-da-residencia-em-pneumologia\"><span class=\"ez-toc-section\" id=\"Duracao_da_residencia_em_Pneumologia\"><\/span><strong>Dura\u00e7\u00e3o da resid\u00eancia em Pneumologia<\/strong><span class=\"ez-toc-section-end\"><\/span><\/h3>\n\n\n\n<p>A dura\u00e7\u00e3o da resid\u00eancia em pneumologia tem dura\u00e7\u00e3o de 2 a 3 anos.\u00a0<\/p>\n\n\n\n<h2 class=\"wp-block-heading\" id=\"h-quanto-ganha-um-pneumologista\"><span class=\"ez-toc-section\" id=\"Quanto_ganha_um_pneumologista\"><\/span><strong>Quanto ganha um pneumologista?<\/strong><span class=\"ez-toc-section-end\"><\/span><\/h2>\n\n\n\n<p>Em m\u00e9dia, um pneumologista pode ganhar no Brasil cerca de <strong>R$5.820,00<\/strong> para uma jornada de 19 horas semanais.\u00a0<\/p>\n\n\n\n<h2 class=\"wp-block-heading\" id=\"h-como-esta-o-mercado-de-trabalho-para-pneumologistas\"><span class=\"ez-toc-section\" id=\"Como_esta_o_mercado_de_trabalho_para_pneumologistas\"><\/span><strong>Como est\u00e1 o mercado de trabalho para pneumologistas?<\/strong><span class=\"ez-toc-section-end\"><\/span><\/h2>\n\n\n\n<p>O mercado de trabalho tem apresentado boas perspectivas com alta demanda profissional, devido ao envelhecimento da popula\u00e7\u00e3o e aumento de doen\u00e7as respirat\u00f3rias. Al\u00e9m disso, a COVID-19 destacou a import\u00e2ncia desses especialistas.<\/p>\n\n\n\n<h2 class=\"wp-block-heading\" id=\"h-conquiste-sua-vaga-na-residencia-em-pneumologia-com-a-medcof\"><span class=\"ez-toc-section\" id=\"Conquiste_sua_vaga_na_Residencia_em_Pneumologia_com_a_MedCof\"><\/span><strong>Conquiste sua vaga na Resid\u00eancia em Pneumologia com a MedCof<\/strong><span class=\"ez-toc-section-end\"><\/span><\/h2>\n\n\n\n<p>Est\u00e1 se preparando para conquistar a t\u00e3o sonhada vaga na resid\u00eancia de Pneumologia? Ent\u00e3o seja um <a href=\"https:\/\/www.grupomedcof.com.br\/home\/\">MedCofer! <\/a>Aqui te ajudaremos na busca da aprova\u00e7\u00e3o com conte\u00fados de qualidade e uma <a href=\"https:\/\/www.grupomedcof.com.br\/blog\/presenca-da-medcof-nas-aprovacoes-em-residencia-medica-no-brasil\/\">metodologia que j\u00e1 aprovou mais de 10 mil residentes no pa\u00eds! <\/a>Por fim, acesse o nosso<a href=\"https:\/\/www.youtube.com\/@GrupoMedcof\/featured\"> <strong>canal do YouTube <\/strong><\/a>para ver o nosso material de revis\u00e3o e corre\u00e7\u00e3o.<\/p>\n\n\n\n<figure class=\"wp-block-embed is-type-video is-provider-youtube wp-block-embed-youtube wp-embed-aspect-16-9 wp-has-aspect-ratio\"><div class=\"wp-block-embed__wrapper\">\n<div class=\"youtube-embed\" data-video_id=\"1_pjnG2y6W8\"><iframe loading=\"lazy\" title=\"LIVE de Corre\u00e7\u00e3o do TED: Veja os Detalhes da Prova com Especialistas!\" width=\"696\" height=\"392\" src=\"https:\/\/www.youtube.com\/embed\/1_pjnG2y6W8?feature=oembed&#038;enablejsapi=1\" frameborder=\"0\" allow=\"accelerometer; autoplay; clipboard-write; encrypted-media; gyroscope; picture-in-picture; web-share\" referrerpolicy=\"strict-origin-when-cross-origin\" allowfullscreen><\/iframe><\/div>\n<\/div><\/figure>\n","protected":false},"excerpt":{"rendered":"<p>O pneumologista diagnostica e trata doen\u00e7as respirat\u00f3rias. Entenda o que ele faz, como \u00e9 a resid\u00eancia na \u00e1rea e qual a remunera\u00e7\u00e3o dessa especialidade.<\/p>\n","protected":false},"author":20,"featured_media":34808,"comment_status":"closed","ping_status":"closed","sticky":false,"template":"","format":"standard","meta":{"footnotes":""},"categories":[89],"tags":[186,81,185,2762,77],"ppma_author":[3616],"class_list":{"0":"post-34806","1":"post","2":"type-post","3":"status-publish","4":"format-standard","5":"has-post-thumbnail","7":"category-pneumologia","8":"tag-asma","9":"tag-dpoc","10":"tag-pneumologia","11":"tag-pneumologista","12":"tag-pneumonia"},"yoast_head":"<!-- This site is optimized with the Yoast SEO Premium plugin v24.3 (Yoast SEO v27.4) - https:\/\/yoast.com\/product\/yoast-seo-premium-wordpress\/ -->\n<title>Pneumologia: o que \u00e9, o que faz, resid\u00eancia e remunera\u00e7\u00e3o<\/title>\n<meta name=\"description\" content=\"O pneumologista diagnostica e trata doen\u00e7as respirat\u00f3rias. Entenda o que ele faz, como \u00e9 a resid\u00eancia na \u00e1rea e qual a remunera\u00e7\u00e3o dessa especialidade.\" \/>\n<meta name=\"robots\" content=\"index, follow, max-snippet:-1, max-image-preview:large, max-video-preview:-1\" \/>\n<link rel=\"canonical\" href=\"https:\/\/www.grupomedcof.com.br\/blog\/pneumologia\/\" \/>\n<meta property=\"og:locale\" content=\"pt_BR\" \/>\n<meta property=\"og:type\" content=\"article\" \/>\n<meta property=\"og:title\" content=\"Pneumologia: Entenda o que \u00e9, o que faz, resid\u00eancia e remunera\u00e7\u00e3o\" \/>\n<meta property=\"og:description\" content=\"O pneumologista diagnostica e trata doen\u00e7as respirat\u00f3rias. Entenda o que ele faz, como \u00e9 a resid\u00eancia na \u00e1rea e qual a remunera\u00e7\u00e3o dessa especialidade.\" \/>\n<meta property=\"og:url\" content=\"https:\/\/www.grupomedcof.com.br\/blog\/pneumologia\/\" \/>\n<meta property=\"og:site_name\" content=\"Blog de Medcof: conte\u00fados, editais, revalida e mais!\" \/>\n<meta property=\"article:publisher\" content=\"https:\/\/www.facebook.com\/MedCofQbank\/\" \/>\n<meta property=\"article:published_time\" content=\"2025-03-29T12:54:21+00:00\" \/>\n<meta property=\"og:image\" content=\"https:\/\/www.grupomedcof.com.br\/blog\/wp-content\/uploads\/2025\/03\/Blog-MedCof-2025-03-25T101135.309.jpg\" \/>\n\t<meta property=\"og:image:width\" content=\"1920\" \/>\n\t<meta property=\"og:image:height\" content=\"1080\" \/>\n\t<meta property=\"og:image:type\" content=\"image\/jpeg\" \/>\n<meta name=\"author\" content=\"Leila Menzel\" \/>\n<meta name=\"twitter:card\" content=\"summary_large_image\" \/>\n<meta name=\"twitter:label1\" content=\"Escrito por\" \/>\n\t<meta name=\"twitter:data1\" content=\"Leila Menzel\" \/>\n\t<meta name=\"twitter:label2\" content=\"Est. tempo de leitura\" \/>\n\t<meta name=\"twitter:data2\" content=\"7 minutos\" \/>\n<script type=\"application\/ld+json\" class=\"yoast-schema-graph\">{\"@context\":\"https:\\\/\\\/schema.org\",\"@graph\":[{\"@type\":\"Article\",\"@id\":\"https:\\\/\\\/www.grupomedcof.com.br\\\/blog\\\/pneumologia\\\/#article\",\"isPartOf\":{\"@id\":\"https:\\\/\\\/www.grupomedcof.com.br\\\/blog\\\/pneumologia\\\/\"},\"author\":{\"name\":\"Leila Menzel\",\"@id\":\"https:\\\/\\\/www.grupomedcof.com.br\\\/blog\\\/#\\\/schema\\\/person\\\/9a44c2184a836bf5ae6967fdb3a1451e\"},\"headline\":\"Pneumologia: Entenda o que \u00e9, o que faz, resid\u00eancia e remunera\u00e7\u00e3o\",\"datePublished\":\"2025-03-29T12:54:21+00:00\",\"mainEntityOfPage\":{\"@id\":\"https:\\\/\\\/www.grupomedcof.com.br\\\/blog\\\/pneumologia\\\/\"},\"wordCount\":1266,\"publisher\":{\"@id\":\"https:\\\/\\\/www.grupomedcof.com.br\\\/blog\\\/#organization\"},\"image\":{\"@id\":\"https:\\\/\\\/www.grupomedcof.com.br\\\/blog\\\/pneumologia\\\/#primaryimage\"},\"thumbnailUrl\":\"https:\\\/\\\/www.grupomedcof.com.br\\\/blog\\\/wp-content\\\/uploads\\\/2025\\\/03\\\/Blog-MedCof-2025-03-25T101135.309.jpg\",\"keywords\":[\"Asma\",\"DPOC\",\"Pneumologia\",\"Pneumologista\",\"Pneumonia\"],\"articleSection\":[\"Pneumologia\"],\"inLanguage\":\"pt-BR\"},{\"@type\":\"WebPage\",\"@id\":\"https:\\\/\\\/www.grupomedcof.com.br\\\/blog\\\/pneumologia\\\/\",\"url\":\"https:\\\/\\\/www.grupomedcof.com.br\\\/blog\\\/pneumologia\\\/\",\"name\":\"Pneumologia: o que \u00e9, o que faz, resid\u00eancia e remunera\u00e7\u00e3o\",\"isPartOf\":{\"@id\":\"https:\\\/\\\/www.grupomedcof.com.br\\\/blog\\\/#website\"},\"primaryImageOfPage\":{\"@id\":\"https:\\\/\\\/www.grupomedcof.com.br\\\/blog\\\/pneumologia\\\/#primaryimage\"},\"image\":{\"@id\":\"https:\\\/\\\/www.grupomedcof.com.br\\\/blog\\\/pneumologia\\\/#primaryimage\"},\"thumbnailUrl\":\"https:\\\/\\\/www.grupomedcof.com.br\\\/blog\\\/wp-content\\\/uploads\\\/2025\\\/03\\\/Blog-MedCof-2025-03-25T101135.309.jpg\",\"datePublished\":\"2025-03-29T12:54:21+00:00\",\"description\":\"O pneumologista diagnostica e trata doen\u00e7as respirat\u00f3rias. Entenda o que ele faz, como \u00e9 a resid\u00eancia na \u00e1rea e qual a remunera\u00e7\u00e3o dessa especialidade.\",\"breadcrumb\":{\"@id\":\"https:\\\/\\\/www.grupomedcof.com.br\\\/blog\\\/pneumologia\\\/#breadcrumb\"},\"inLanguage\":\"pt-BR\",\"potentialAction\":[{\"@type\":\"ReadAction\",\"target\":[\"https:\\\/\\\/www.grupomedcof.com.br\\\/blog\\\/pneumologia\\\/\"]}]},{\"@type\":\"ImageObject\",\"inLanguage\":\"pt-BR\",\"@id\":\"https:\\\/\\\/www.grupomedcof.com.br\\\/blog\\\/pneumologia\\\/#primaryimage\",\"url\":\"https:\\\/\\\/www.grupomedcof.com.br\\\/blog\\\/wp-content\\\/uploads\\\/2025\\\/03\\\/Blog-MedCof-2025-03-25T101135.309.jpg\",\"contentUrl\":\"https:\\\/\\\/www.grupomedcof.com.br\\\/blog\\\/wp-content\\\/uploads\\\/2025\\\/03\\\/Blog-MedCof-2025-03-25T101135.309.jpg\",\"width\":1920,\"height\":1080},{\"@type\":\"BreadcrumbList\",\"@id\":\"https:\\\/\\\/www.grupomedcof.com.br\\\/blog\\\/pneumologia\\\/#breadcrumb\",\"itemListElement\":[{\"@type\":\"ListItem\",\"position\":1,\"name\":\"In\u00edcio\",\"item\":\"https:\\\/\\\/www.grupomedcof.com.br\\\/blog\\\/\"},{\"@type\":\"ListItem\",\"position\":2,\"name\":\"Pneumologia: Entenda o que \u00e9, o que faz, resid\u00eancia e remunera\u00e7\u00e3o\"}]},{\"@type\":\"WebSite\",\"@id\":\"https:\\\/\\\/www.grupomedcof.com.br\\\/blog\\\/#website\",\"url\":\"https:\\\/\\\/www.grupomedcof.com.br\\\/blog\\\/\",\"name\":\"Blog de Medcof: conte\u00fados, editais, revalida e mais!\",\"description\":\"Acesso o blog de MedCof! Seu portal de conte\u00fados sobre resid\u00eancia m\u00e9dica, an\u00e1lise e editais e muito mais. Clique e confira!\",\"publisher\":{\"@id\":\"https:\\\/\\\/www.grupomedcof.com.br\\\/blog\\\/#organization\"},\"alternateName\":\"Blog de Medcof: conte\u00fados, editais, revalida e mais!\",\"potentialAction\":[{\"@type\":\"SearchAction\",\"target\":{\"@type\":\"EntryPoint\",\"urlTemplate\":\"https:\\\/\\\/www.grupomedcof.com.br\\\/blog\\\/?s={search_term_string}\"},\"query-input\":{\"@type\":\"PropertyValueSpecification\",\"valueRequired\":true,\"valueName\":\"search_term_string\"}}],\"inLanguage\":\"pt-BR\"},{\"@type\":\"Organization\",\"@id\":\"https:\\\/\\\/www.grupomedcof.com.br\\\/blog\\\/#organization\",\"name\":\"Grupo MedCof\",\"url\":\"https:\\\/\\\/www.grupomedcof.com.br\\\/blog\\\/\",\"logo\":{\"@type\":\"ImageObject\",\"inLanguage\":\"pt-BR\",\"@id\":\"https:\\\/\\\/www.grupomedcof.com.br\\\/blog\\\/#\\\/schema\\\/logo\\\/image\\\/\",\"url\":\"https:\\\/\\\/www.grupomedcof.com.br\\\/blog\\\/wp-content\\\/uploads\\\/2022\\\/01\\\/logo-medcof.png\",\"contentUrl\":\"https:\\\/\\\/www.grupomedcof.com.br\\\/blog\\\/wp-content\\\/uploads\\\/2022\\\/01\\\/logo-medcof.png\",\"width\":768,\"height\":269,\"caption\":\"Grupo MedCof\"},\"image\":{\"@id\":\"https:\\\/\\\/www.grupomedcof.com.br\\\/blog\\\/#\\\/schema\\\/logo\\\/image\\\/\"},\"sameAs\":[\"https:\\\/\\\/www.facebook.com\\\/MedCofQbank\\\/\",\"https:\\\/\\\/www.instagram.com\\\/grupomedcof\\\/\",\"https:\\\/\\\/br.linkedin.com\\\/company\\\/medcof\",\"https:\\\/\\\/www.youtube.com\\\/channel\\\/UCdHMuOHKICxcHwecxN8P-AA\"]},{\"@type\":\"Person\",\"@id\":\"https:\\\/\\\/www.grupomedcof.com.br\\\/blog\\\/#\\\/schema\\\/person\\\/9a44c2184a836bf5ae6967fdb3a1451e\",\"name\":\"Leila Menzel\",\"image\":{\"@type\":\"ImageObject\",\"inLanguage\":\"pt-BR\",\"@id\":\"https:\\\/\\\/www.grupomedcof.com.br\\\/blog\\\/wp-content\\\/uploads\\\/2025\\\/09\\\/cropped-eu-96x96.jpeg19a74936d997c0a8b3031618467fa1d0\",\"url\":\"https:\\\/\\\/www.grupomedcof.com.br\\\/blog\\\/wp-content\\\/uploads\\\/2025\\\/09\\\/cropped-eu-96x96.jpeg\",\"contentUrl\":\"https:\\\/\\\/www.grupomedcof.com.br\\\/blog\\\/wp-content\\\/uploads\\\/2025\\\/09\\\/cropped-eu-96x96.jpeg\",\"caption\":\"Leila Menzel\"},\"description\":\"Estudante do 6\u00b0 semestre de jornalismo, amo e escrevo poesias e viajo em livros de romances clich\u00eas.\",\"url\":\"https:\\\/\\\/www.grupomedcof.com.br\\\/blog\\\/author\\\/leila-menzel\\\/\"}]}<\/script>\n<!-- \/ Yoast SEO Premium plugin. -->","yoast_head_json":{"title":"Pneumologia: o que \u00e9, o que faz, resid\u00eancia e remunera\u00e7\u00e3o","description":"O pneumologista diagnostica e trata doen\u00e7as respirat\u00f3rias. Entenda o que ele faz, como \u00e9 a resid\u00eancia na \u00e1rea e qual a remunera\u00e7\u00e3o dessa especialidade.","robots":{"index":"index","follow":"follow","max-snippet":"max-snippet:-1","max-image-preview":"max-image-preview:large","max-video-preview":"max-video-preview:-1"},"canonical":"https:\/\/www.grupomedcof.com.br\/blog\/pneumologia\/","og_locale":"pt_BR","og_type":"article","og_title":"Pneumologia: Entenda o que \u00e9, o que faz, resid\u00eancia e remunera\u00e7\u00e3o","og_description":"O pneumologista diagnostica e trata doen\u00e7as respirat\u00f3rias. Entenda o que ele faz, como \u00e9 a resid\u00eancia na \u00e1rea e qual a remunera\u00e7\u00e3o dessa especialidade.","og_url":"https:\/\/www.grupomedcof.com.br\/blog\/pneumologia\/","og_site_name":"Blog de Medcof: conte\u00fados, editais, revalida e mais!","article_publisher":"https:\/\/www.facebook.com\/MedCofQbank\/","article_published_time":"2025-03-29T12:54:21+00:00","og_image":[{"width":1920,"height":1080,"url":"https:\/\/www.grupomedcof.com.br\/blog\/wp-content\/uploads\/2025\/03\/Blog-MedCof-2025-03-25T101135.309.jpg","type":"image\/jpeg"}],"author":"Leila Menzel","twitter_card":"summary_large_image","twitter_misc":{"Escrito por":"Leila Menzel","Est. tempo de leitura":"7 minutos"},"schema":{"@context":"https:\/\/schema.org","@graph":[{"@type":"Article","@id":"https:\/\/www.grupomedcof.com.br\/blog\/pneumologia\/#article","isPartOf":{"@id":"https:\/\/www.grupomedcof.com.br\/blog\/pneumologia\/"},"author":{"name":"Leila Menzel","@id":"https:\/\/www.grupomedcof.com.br\/blog\/#\/schema\/person\/9a44c2184a836bf5ae6967fdb3a1451e"},"headline":"Pneumologia: Entenda o que \u00e9, o que faz, resid\u00eancia e remunera\u00e7\u00e3o","datePublished":"2025-03-29T12:54:21+00:00","mainEntityOfPage":{"@id":"https:\/\/www.grupomedcof.com.br\/blog\/pneumologia\/"},"wordCount":1266,"publisher":{"@id":"https:\/\/www.grupomedcof.com.br\/blog\/#organization"},"image":{"@id":"https:\/\/www.grupomedcof.com.br\/blog\/pneumologia\/#primaryimage"},"thumbnailUrl":"https:\/\/www.grupomedcof.com.br\/blog\/wp-content\/uploads\/2025\/03\/Blog-MedCof-2025-03-25T101135.309.jpg","keywords":["Asma","DPOC","Pneumologia","Pneumologista","Pneumonia"],"articleSection":["Pneumologia"],"inLanguage":"pt-BR"},{"@type":"WebPage","@id":"https:\/\/www.grupomedcof.com.br\/blog\/pneumologia\/","url":"https:\/\/www.grupomedcof.com.br\/blog\/pneumologia\/","name":"Pneumologia: o que \u00e9, o que faz, resid\u00eancia e remunera\u00e7\u00e3o","isPartOf":{"@id":"https:\/\/www.grupomedcof.com.br\/blog\/#website"},"primaryImageOfPage":{"@id":"https:\/\/www.grupomedcof.com.br\/blog\/pneumologia\/#primaryimage"},"image":{"@id":"https:\/\/www.grupomedcof.com.br\/blog\/pneumologia\/#primaryimage"},"thumbnailUrl":"https:\/\/www.grupomedcof.com.br\/blog\/wp-content\/uploads\/2025\/03\/Blog-MedCof-2025-03-25T101135.309.jpg","datePublished":"2025-03-29T12:54:21+00:00","description":"O pneumologista diagnostica e trata doen\u00e7as respirat\u00f3rias. Entenda o que ele faz, como \u00e9 a resid\u00eancia na \u00e1rea e qual a remunera\u00e7\u00e3o dessa especialidade.","breadcrumb":{"@id":"https:\/\/www.grupomedcof.com.br\/blog\/pneumologia\/#breadcrumb"},"inLanguage":"pt-BR","potentialAction":[{"@type":"ReadAction","target":["https:\/\/www.grupomedcof.com.br\/blog\/pneumologia\/"]}]},{"@type":"ImageObject","inLanguage":"pt-BR","@id":"https:\/\/www.grupomedcof.com.br\/blog\/pneumologia\/#primaryimage","url":"https:\/\/www.grupomedcof.com.br\/blog\/wp-content\/uploads\/2025\/03\/Blog-MedCof-2025-03-25T101135.309.jpg","contentUrl":"https:\/\/www.grupomedcof.com.br\/blog\/wp-content\/uploads\/2025\/03\/Blog-MedCof-2025-03-25T101135.309.jpg","width":1920,"height":1080},{"@type":"BreadcrumbList","@id":"https:\/\/www.grupomedcof.com.br\/blog\/pneumologia\/#breadcrumb","itemListElement":[{"@type":"ListItem","position":1,"name":"In\u00edcio","item":"https:\/\/www.grupomedcof.com.br\/blog\/"},{"@type":"ListItem","position":2,"name":"Pneumologia: Entenda o que \u00e9, o que faz, resid\u00eancia e remunera\u00e7\u00e3o"}]},{"@type":"WebSite","@id":"https:\/\/www.grupomedcof.com.br\/blog\/#website","url":"https:\/\/www.grupomedcof.com.br\/blog\/","name":"Blog de Medcof: conte\u00fados, editais, revalida e mais!","description":"Acesso o blog de MedCof! Seu portal de conte\u00fados sobre resid\u00eancia m\u00e9dica, an\u00e1lise e editais e muito mais. Clique e confira!","publisher":{"@id":"https:\/\/www.grupomedcof.com.br\/blog\/#organization"},"alternateName":"Blog de Medcof: conte\u00fados, editais, revalida e mais!","potentialAction":[{"@type":"SearchAction","target":{"@type":"EntryPoint","urlTemplate":"https:\/\/www.grupomedcof.com.br\/blog\/?s={search_term_string}"},"query-input":{"@type":"PropertyValueSpecification","valueRequired":true,"valueName":"search_term_string"}}],"inLanguage":"pt-BR"},{"@type":"Organization","@id":"https:\/\/www.grupomedcof.com.br\/blog\/#organization","name":"Grupo MedCof","url":"https:\/\/www.grupomedcof.com.br\/blog\/","logo":{"@type":"ImageObject","inLanguage":"pt-BR","@id":"https:\/\/www.grupomedcof.com.br\/blog\/#\/schema\/logo\/image\/","url":"https:\/\/www.grupomedcof.com.br\/blog\/wp-content\/uploads\/2022\/01\/logo-medcof.png","contentUrl":"https:\/\/www.grupomedcof.com.br\/blog\/wp-content\/uploads\/2022\/01\/logo-medcof.png","width":768,"height":269,"caption":"Grupo MedCof"},"image":{"@id":"https:\/\/www.grupomedcof.com.br\/blog\/#\/schema\/logo\/image\/"},"sameAs":["https:\/\/www.facebook.com\/MedCofQbank\/","https:\/\/www.instagram.com\/grupomedcof\/","https:\/\/br.linkedin.com\/company\/medcof","https:\/\/www.youtube.com\/channel\/UCdHMuOHKICxcHwecxN8P-AA"]},{"@type":"Person","@id":"https:\/\/www.grupomedcof.com.br\/blog\/#\/schema\/person\/9a44c2184a836bf5ae6967fdb3a1451e","name":"Leila Menzel","image":{"@type":"ImageObject","inLanguage":"pt-BR","@id":"https:\/\/www.grupomedcof.com.br\/blog\/wp-content\/uploads\/2025\/09\/cropped-eu-96x96.jpeg19a74936d997c0a8b3031618467fa1d0","url":"https:\/\/www.grupomedcof.com.br\/blog\/wp-content\/uploads\/2025\/09\/cropped-eu-96x96.jpeg","contentUrl":"https:\/\/www.grupomedcof.com.br\/blog\/wp-content\/uploads\/2025\/09\/cropped-eu-96x96.jpeg","caption":"Leila Menzel"},"description":"Estudante do 6\u00b0 semestre de jornalismo, amo e escrevo poesias e viajo em livros de romances clich\u00eas.","url":"https:\/\/www.grupomedcof.com.br\/blog\/author\/leila-menzel\/"}]}},"authors":[{"term_id":3616,"user_id":20,"is_guest":0,"slug":"leila-menzel","display_name":"Leila Menzel","avatar_url":"https:\/\/www.grupomedcof.com.br\/blog\/wp-content\/uploads\/2025\/09\/cropped-eu-96x96.jpeg","0":null,"1":"","2":"","3":"","4":"","5":"","6":"","7":"","8":""}],"_links":{"self":[{"href":"https:\/\/www.grupomedcof.com.br\/blog\/wp-json\/wp\/v2\/posts\/34806","targetHints":{"allow":["GET"]}}],"collection":[{"href":"https:\/\/www.grupomedcof.com.br\/blog\/wp-json\/wp\/v2\/posts"}],"about":[{"href":"https:\/\/www.grupomedcof.com.br\/blog\/wp-json\/wp\/v2\/types\/post"}],"author":[{"embeddable":true,"href":"https:\/\/www.grupomedcof.com.br\/blog\/wp-json\/wp\/v2\/users\/20"}],"replies":[{"embeddable":true,"href":"https:\/\/www.grupomedcof.com.br\/blog\/wp-json\/wp\/v2\/comments?post=34806"}],"version-history":[{"count":0,"href":"https:\/\/www.grupomedcof.com.br\/blog\/wp-json\/wp\/v2\/posts\/34806\/revisions"}],"wp:featuredmedia":[{"embeddable":true,"href":"https:\/\/www.grupomedcof.com.br\/blog\/wp-json\/wp\/v2\/media\/34808"}],"wp:attachment":[{"href":"https:\/\/www.grupomedcof.com.br\/blog\/wp-json\/wp\/v2\/media?parent=34806"}],"wp:term":[{"taxonomy":"category","embeddable":true,"href":"https:\/\/www.grupomedcof.com.br\/blog\/wp-json\/wp\/v2\/categories?post=34806"},{"taxonomy":"post_tag","embeddable":true,"href":"https:\/\/www.grupomedcof.com.br\/blog\/wp-json\/wp\/v2\/tags?post=34806"},{"taxonomy":"author","embeddable":true,"href":"https:\/\/www.grupomedcof.com.br\/blog\/wp-json\/wp\/v2\/ppma_author?post=34806"}],"curies":[{"name":"wp","href":"https:\/\/api.w.org\/{rel}","templated":true}]}}