{"id":34830,"date":"2025-03-28T07:55:32","date_gmt":"2025-03-28T10:55:32","guid":{"rendered":"https:\/\/www.grupomedcof.com.br\/blog\/?p=34830"},"modified":"2026-04-15T13:59:35","modified_gmt":"2026-04-15T16:59:35","slug":"medicina-intensiva","status":"publish","type":"post","link":"https:\/\/www.grupomedcof.com.br\/blog\/medicina-intensiva\/","title":{"rendered":"Medicina Intensiva: O que \u00e9, atua\u00e7\u00e3o, especializa\u00e7\u00e3o e sal\u00e1rios"},"content":{"rendered":"<div id=\"ez-toc-container\" class=\"ez-toc-v2_0_74 counter-hierarchy ez-toc-counter ez-toc-transparent ez-toc-container-direction\">\n<div class=\"ez-toc-title-container\">\n<p class=\"ez-toc-title\" style=\"cursor:inherit\">Sum\u00e1rio<\/p>\n<span class=\"ez-toc-title-toggle\"><a href=\"#\" class=\"ez-toc-pull-right ez-toc-btn ez-toc-btn-xs ez-toc-btn-default ez-toc-toggle\" aria-label=\"Alternar tabela de conte\u00fado\"><span class=\"ez-toc-js-icon-con\"><span class=\"\"><span class=\"eztoc-hide\" style=\"display:none;\">Toggle<\/span><span class=\"ez-toc-icon-toggle-span\"><svg style=\"fill: #999;color:#999\" xmlns=\"http:\/\/www.w3.org\/2000\/svg\" class=\"list-377408\" width=\"20px\" height=\"20px\" viewBox=\"0 0 24 24\" fill=\"none\"><path d=\"M6 6H4v2h2V6zm14 0H8v2h12V6zM4 11h2v2H4v-2zm16 0H8v2h12v-2zM4 16h2v2H4v-2zm16 0H8v2h12v-2z\" fill=\"currentColor\"><\/path><\/svg><svg style=\"fill: #999;color:#999\" class=\"arrow-unsorted-368013\" xmlns=\"http:\/\/www.w3.org\/2000\/svg\" width=\"10px\" height=\"10px\" viewBox=\"0 0 24 24\" version=\"1.2\" baseProfile=\"tiny\"><path d=\"M18.2 9.3l-6.2-6.3-6.2 6.3c-.2.2-.3.4-.3.7s.1.5.3.7c.2.2.4.3.7.3h11c.3 0 .5-.1.7-.3.2-.2.3-.5.3-.7s-.1-.5-.3-.7zM5.8 14.7l6.2 6.3 6.2-6.3c.2-.2.3-.5.3-.7s-.1-.5-.3-.7c-.2-.2-.4-.3-.7-.3h-11c-.3 0-.5.1-.7.3-.2.2-.3.5-.3.7s.1.5.3.7z\"\/><\/svg><\/span><\/span><\/span><\/a><\/span><\/div>\n<nav><ul class='ez-toc-list ez-toc-list-level-1 ' ><li class='ez-toc-page-1 ez-toc-heading-level-2'><a class=\"ez-toc-link ez-toc-heading-1\" href=\"https:\/\/www.grupomedcof.com.br\/blog\/medicina-intensiva\/#O_que_e_medicina_intensiva\" >O que \u00e9 medicina intensiva?<\/a><\/li><li class='ez-toc-page-1 ez-toc-heading-level-2'><a class=\"ez-toc-link ez-toc-heading-2\" href=\"https:\/\/www.grupomedcof.com.br\/blog\/medicina-intensiva\/#Qual_e_a_funcao_de_um_medico_intensivista\" >Qual \u00e9 a fun\u00e7\u00e3o de um m\u00e9dico intensivista?<\/a><\/li><li class='ez-toc-page-1 ez-toc-heading-level-2'><a class=\"ez-toc-link ez-toc-heading-3\" href=\"https:\/\/www.grupomedcof.com.br\/blog\/medicina-intensiva\/#Quais_as_principais_condicoes_tratadas_na_Medicina_Intensiva\" >Quais as principais condi\u00e7\u00f5es tratadas na Medicina Intensiva?<\/a><\/li><li class='ez-toc-page-1 ez-toc-heading-level-2'><a class=\"ez-toc-link ez-toc-heading-4\" href=\"https:\/\/www.grupomedcof.com.br\/blog\/medicina-intensiva\/#Quais_sao_as_areas_de_atuacao_do_medico_intensivista\" >Quais s\u00e3o as \u00e1reas de atua\u00e7\u00e3o do m\u00e9dico intensivista?<\/a><ul class='ez-toc-list-level-3' ><li class='ez-toc-heading-level-3'><a class=\"ez-toc-link ez-toc-heading-5\" href=\"https:\/\/www.grupomedcof.com.br\/blog\/medicina-intensiva\/#UTI_Geral_Adulto\" >UTI Geral (Adulto)<\/a><\/li><li class='ez-toc-page-1 ez-toc-heading-level-3'><a class=\"ez-toc-link ez-toc-heading-6\" href=\"https:\/\/www.grupomedcof.com.br\/blog\/medicina-intensiva\/#UTI_Cardiologica\" >UTI Cardiol\u00f3gica<\/a><\/li><li class='ez-toc-page-1 ez-toc-heading-level-3'><a class=\"ez-toc-link ez-toc-heading-7\" href=\"https:\/\/www.grupomedcof.com.br\/blog\/medicina-intensiva\/#UTI_Neurologica_Neurointensivismo\" >UTI Neurol\u00f3gica (Neurointensivismo)<\/a><\/li><li class='ez-toc-page-1 ez-toc-heading-level-3'><a class=\"ez-toc-link ez-toc-heading-8\" href=\"https:\/\/www.grupomedcof.com.br\/blog\/medicina-intensiva\/#UTI_Pediatrica_e_Neonatal\" >UTI Pedi\u00e1trica e Neonatal<\/a><\/li><li class='ez-toc-page-1 ez-toc-heading-level-3'><a class=\"ez-toc-link ez-toc-heading-9\" href=\"https:\/\/www.grupomedcof.com.br\/blog\/medicina-intensiva\/#UTI_Oncologica\" >UTI Oncol\u00f3gica<\/a><\/li><li class='ez-toc-page-1 ez-toc-heading-level-3'><a class=\"ez-toc-link ez-toc-heading-10\" href=\"https:\/\/www.grupomedcof.com.br\/blog\/medicina-intensiva\/#Diarista_vs_Plantonista\" >Diarista vs. Plantonista<\/a><\/li><\/ul><\/li><li class='ez-toc-page-1 ez-toc-heading-level-2'><a class=\"ez-toc-link ez-toc-heading-11\" href=\"https:\/\/www.grupomedcof.com.br\/blog\/medicina-intensiva\/#Como_e_o_trabalho_de_um_intensivista_em_UTI\" >Como \u00e9 o trabalho de um intensivista em UTI?<\/a><\/li><li class='ez-toc-page-1 ez-toc-heading-level-2'><a class=\"ez-toc-link ez-toc-heading-12\" href=\"https:\/\/www.grupomedcof.com.br\/blog\/medicina-intensiva\/#Como_se_tornar_um_medico_intensivista\" >Como se tornar um m\u00e9dico intensivista?<\/a><ul class='ez-toc-list-level-3' ><li class='ez-toc-heading-level-3'><a class=\"ez-toc-link ez-toc-heading-13\" href=\"https:\/\/www.grupomedcof.com.br\/blog\/medicina-intensiva\/#Quanto_tempo_dura_a_residencia_de_Medicina_Intensiva\" >Quanto tempo dura a resid\u00eancia de Medicina Intensiva?<\/a><\/li><\/ul><\/li><li class='ez-toc-page-1 ez-toc-heading-level-2'><a class=\"ez-toc-link ez-toc-heading-14\" href=\"https:\/\/www.grupomedcof.com.br\/blog\/medicina-intensiva\/#O_que_e_ensinado_na_residencia_de_medicina_intensiva\" >O que \u00e9 ensinado na resid\u00eancia de medicina intensiva?<\/a><\/li><li class='ez-toc-page-1 ez-toc-heading-level-2'><a class=\"ez-toc-link ez-toc-heading-15\" href=\"https:\/\/www.grupomedcof.com.br\/blog\/medicina-intensiva\/#Qual_e_o_salario_de_um_medico_intensivista\" >Qual \u00e9 o sal\u00e1rio de um m\u00e9dico intensivista?<\/a><\/li><li class='ez-toc-page-1 ez-toc-heading-level-2'><a class=\"ez-toc-link ez-toc-heading-16\" href=\"https:\/\/www.grupomedcof.com.br\/blog\/medicina-intensiva\/#Conquiste_sua_vaga_na_Residencia_em_Medicina_Intensiva_com_a_MedCof\" >Conquiste sua vaga na Resid\u00eancia em Medicina Intensiva com a MedCof<\/a><\/li><\/ul><\/nav><\/div>\n\n<figure class=\"wp-block-image size-large\"><img loading=\"lazy\" decoding=\"async\" width=\"1024\" height=\"576\" src=\"https:\/\/www.grupomedcof.com.br\/blog\/wp-content\/uploads\/2025\/03\/Blog-MedCof-2025-03-25T161729.004-1024x576.jpg\" alt=\"\" class=\"wp-image-34831\" srcset=\"https:\/\/www.grupomedcof.com.br\/blog\/wp-content\/uploads\/2025\/03\/Blog-MedCof-2025-03-25T161729.004-1024x576.jpg 1024w, https:\/\/www.grupomedcof.com.br\/blog\/wp-content\/uploads\/2025\/03\/Blog-MedCof-2025-03-25T161729.004-300x169.jpg 300w, https:\/\/www.grupomedcof.com.br\/blog\/wp-content\/uploads\/2025\/03\/Blog-MedCof-2025-03-25T161729.004-768x432.jpg 768w, https:\/\/www.grupomedcof.com.br\/blog\/wp-content\/uploads\/2025\/03\/Blog-MedCof-2025-03-25T161729.004-1536x864.jpg 1536w, https:\/\/www.grupomedcof.com.br\/blog\/wp-content\/uploads\/2025\/03\/Blog-MedCof-2025-03-25T161729.004-747x420.jpg 747w, https:\/\/www.grupomedcof.com.br\/blog\/wp-content\/uploads\/2025\/03\/Blog-MedCof-2025-03-25T161729.004-150x84.jpg 150w, https:\/\/www.grupomedcof.com.br\/blog\/wp-content\/uploads\/2025\/03\/Blog-MedCof-2025-03-25T161729.004-696x392.jpg 696w, https:\/\/www.grupomedcof.com.br\/blog\/wp-content\/uploads\/2025\/03\/Blog-MedCof-2025-03-25T161729.004-1068x601.jpg 1068w, https:\/\/www.grupomedcof.com.br\/blog\/wp-content\/uploads\/2025\/03\/Blog-MedCof-2025-03-25T161729.004.jpg 1920w\" sizes=\"auto, (max-width: 1024px) 100vw, 1024px\" \/><\/figure>\n\n\n\n<p>A <strong>Medicina Intensiva<\/strong> \u00e9 uma especialidade m\u00e9dica que se concentra no cuidado de pacientes cr\u00edticos em UTIs, exigindo monitoramento constante e suporte vital avan\u00e7ado. A carreira \u00e9 desafiadora, mas oferece gratifica\u00e7\u00e3o pessoal e remunera\u00e7\u00e3o competitiva.<\/p>\n\n\n\n<h2 class=\"wp-block-heading\" id=\"h-o-que-e-medicina-intensiva\"><span class=\"ez-toc-section\" id=\"O_que_e_medicina_intensiva\"><\/span><strong>O que \u00e9 medicina intensiva?<\/strong><span class=\"ez-toc-section-end\"><\/span><\/h2>\n\n\n\n<p>A medicina intensiva \u00e9 uma especialidade m\u00e9dica focada no<strong> tratamento de pacientes com condi\u00e7\u00f5es de sa\u00fade graves ou de risco de vida <\/strong>que requerem monitoramento e suporte cont\u00ednuo. Esses pacientes geralmente est\u00e3o em <strong>unidades de terapia intensiva (UTIs)<\/strong>, onde recebem cuidados especializados de uma equipe multidisciplinar.&nbsp;<\/p>\n\n\n\n<p>O suporte oferecido pode incluir ventila\u00e7\u00e3o mec\u00e2nica, suporte hemodin\u00e2mico, e monitoramento avan\u00e7ado. A medicina intensiva \u00e9 fundamental para condi\u00e7\u00f5es cr\u00edticas, como<strong> fal\u00eancia de \u00f3rg\u00e3os, s\u00e9psis grave, e p\u00f3s-operat\u00f3rios complexos.<\/strong> Seu objetivo \u00e9 estabilizar e melhorar a sa\u00fade dos pacientes at\u00e9 que possam receber cuidados menos intensivos.<\/p>\n\n\n\n<h2 class=\"wp-block-heading\" id=\"h-qual-e-a-funcao-de-um-medico-intensivista\"><span class=\"ez-toc-section\" id=\"Qual_e_a_funcao_de_um_medico_intensivista\"><\/span><strong>Qual \u00e9 a fun\u00e7\u00e3o de um m\u00e9dico intensivista?<\/strong><span class=\"ez-toc-section-end\"><\/span><\/h2>\n\n\n\n<p>Um m\u00e9dico intensivista <strong>\u00e9 respons\u00e1vel pelo cuidado de pacientes cr\u00edticos em unidades de terapia intensiva (UTIs)<\/strong>, monitorando continuamente seus sinais vitais e ajustando tratamentos complexos como ventila\u00e7\u00e3o mec\u00e2nica e terapia medicamentosa. Eles devem tomar decis\u00f5es r\u00e1pidas para estabilizar os pacientes em situa\u00e7\u00f5es emergenciais.&nbsp;<\/p>\n\n\n\n<p>Al\u00e9m disso, os intensivistas atuam junto de uma equipe multidisciplinar para oferecer um cuidado abrangente e integrado. Outra fun\u00e7\u00e3o importante \u00e9 manter uma comunica\u00e7\u00e3o clara com os familiares sobre o estado e o tratamento dos pacientes. Sua atua\u00e7\u00e3o \u00e9 essencial para melhorar os desfechos cl\u00ednicos em situa\u00e7\u00f5es de sa\u00fade graves.<\/p>\n\n\n\n<h2 class=\"wp-block-heading\" id=\"h-quais-as-principais-condicoes-tratadas-na-medicina-intensiva\"><span class=\"ez-toc-section\" id=\"Quais_as_principais_condicoes_tratadas_na_Medicina_Intensiva\"><\/span><strong>Quais as principais condi\u00e7\u00f5es tratadas na Medicina Intensiva?<\/strong><span class=\"ez-toc-section-end\"><\/span><\/h2>\n\n\n\n<p>A medicina intensiva lida com uma variedade de condi\u00e7\u00f5es cr\u00edticas que requerem monitoramento e interven\u00e7\u00e3o intensivos. As principais condi\u00e7\u00f5es incluem:<\/p>\n\n\n\n<ul class=\"wp-block-list\">\n<li><strong>Choque:<\/strong> esta \u00e9 uma condi\u00e7\u00e3o cr\u00edtica em que h\u00e1 uma insufici\u00eancia circulat\u00f3ria, levando a uma perfus\u00e3o inadequada dos tecidos. Pode ser causado por v\u00e1rias raz\u00f5es, incluindo choque s\u00e9ptico, cardiog\u00eanico e hipovol\u00eamico;<\/li>\n\n\n\n<li><strong>Fal\u00eancia M\u00faltipla de \u00d3rg\u00e3os:<\/strong> acontece quando dois ou mais \u00f3rg\u00e3os ou sistemas falham, o que \u00e9 comum em doen\u00e7as graves e frequentemente observada em pacientes com s\u00e9psis;<\/li>\n\n\n\n<li><strong>Insufici\u00eancia Respirat\u00f3ria:<\/strong> nessa condi\u00e7\u00e3o, os pulm\u00f5es n\u00e3o conseguem fornecer oxig\u00eanio suficiente ao sangue ou remover di\u00f3xido de carbono adequadamente, frequentemente necessitando de ventila\u00e7\u00e3o mec\u00e2nica;<\/li>\n\n\n\n<li><strong>Infarto Agudo do Mioc\u00e1rdio (IAM):<\/strong> embora o tratamento inicial frequentemente ocorra em cardiologia, complica\u00e7\u00f5es graves do IAM podem exigir cuidados na UTI;<\/li>\n\n\n\n<li><strong>Acidente Vascular Cerebral (AVC) Grave:<\/strong> pacientes com AVC extenso ou com complica\u00e7\u00f5es necessitam de monitoramento intensivo e suporte vital;<\/li>\n\n\n\n<li><strong>Infe\u00e7\u00f5es Graves:<\/strong> doen\u00e7as como pneumonia severa ou meningite podem levar a complica\u00e7\u00f5es que requerem cuidados intensivos.<\/li>\n<\/ul>\n\n\n\n<h2 class=\"wp-block-heading\" id=\"h-quais-sao-as-areas-de-atuacao-do-medico-intensivista\"><span class=\"ez-toc-section\" id=\"Quais_sao_as_areas_de_atuacao_do_medico_intensivista\"><\/span><strong>Quais s\u00e3o as \u00e1reas de atua\u00e7\u00e3o do m\u00e9dico intensivista?<\/strong><span class=\"ez-toc-section-end\"><\/span><\/h2>\n\n\n\n<p>O m\u00e9dico intensivista pode atuar em diferentes tipos de UTI e em fun\u00e7\u00f5es variadas dentro do ambiente hospitalar. As principais \u00e1reas de atua\u00e7\u00e3o s\u00e3o:<\/p>\n\n\n\n<h3 class=\"wp-block-heading\" id=\"h-uti-geral-adulto\"><span class=\"ez-toc-section\" id=\"UTI_Geral_Adulto\"><\/span><strong>UTI Geral (Adulto)<\/strong><span class=\"ez-toc-section-end\"><\/span><\/h3>\n\n\n\n<p>\u00c9 o campo de atua\u00e7\u00e3o mais comum. O intensivista cuida de pacientes cl\u00ednicos e cir\u00fargicos com condi\u00e7\u00f5es graves de diversas etiologias \u2014 sepse, insufici\u00eancia respirat\u00f3ria, p\u00f3s-operat\u00f3rios complicados, politraumas e descompensa\u00e7\u00f5es metab\u00f3licas.<\/p>\n\n\n\n<h3 class=\"wp-block-heading\" id=\"h-uti-cardiologica\"><span class=\"ez-toc-section\" id=\"UTI_Cardiologica\"><\/span><strong>UTI Cardiol\u00f3gica<\/strong><span class=\"ez-toc-section-end\"><\/span><\/h3>\n\n\n\n<p>Focada em pacientes com s\u00edndromes coronarianas agudas, insufici\u00eancia card\u00edaca descompensada, arritmias graves e p\u00f3s-operat\u00f3rio de cirurgia card\u00edaca. Exige conhecimento aprofundado em monitoriza\u00e7\u00e3o hemodin\u00e2mica e manejo de dispositivos de assist\u00eancia circulat\u00f3ria.<\/p>\n\n\n\n<h3 class=\"wp-block-heading\" id=\"h-uti-neurologica-neurointensivismo\"><span class=\"ez-toc-section\" id=\"UTI_Neurologica_Neurointensivismo\"><\/span><strong>UTI Neurol\u00f3gica (Neurointensivismo)<\/strong><span class=\"ez-toc-section-end\"><\/span><\/h3>\n\n\n\n<p>Atende pacientes com AVC extenso, traumatismo cranioencef\u00e1lico grave, hemorragia subaracnoideia, estado de mal epil\u00e9ptico e p\u00f3s-operat\u00f3rio de neurocirurgia. O intensivista monitora press\u00e3o intracraniana e realiza avalia\u00e7\u00f5es neurol\u00f3gicas seriadas.<\/p>\n\n\n\n<h3 class=\"wp-block-heading\" id=\"h-uti-pediatrica-e-neonatal\"><span class=\"ez-toc-section\" id=\"UTI_Pediatrica_e_Neonatal\"><\/span><strong>UTI Pedi\u00e1trica e Neonatal<\/strong><span class=\"ez-toc-section-end\"><\/span><\/h3>\n\n\n\n<p>Embora exija forma\u00e7\u00e3o complementar, alguns intensivistas atuam no cuidado de crian\u00e7as e rec\u00e9m-nascidos em estado cr\u00edtico, com foco em suporte ventilat\u00f3rio adaptado, manejo de sepse neonatal e p\u00f3s-operat\u00f3rio de cardiopatias cong\u00eanitas.<\/p>\n\n\n\n<h3 class=\"wp-block-heading\" id=\"h-uti-oncologica\"><span class=\"ez-toc-section\" id=\"UTI_Oncologica\"><\/span><strong>UTI Oncol\u00f3gica<\/strong><span class=\"ez-toc-section-end\"><\/span><\/h3>\n\n\n\n<p>Com o aumento da sobrevida de pacientes com c\u00e2ncer, a UTI oncol\u00f3gica se tornou uma \u00e1rea em expans\u00e3o. O intensivista oncol\u00f3gico \u00e9 especializado nas complica\u00e7\u00f5es do tratamento quimioter\u00e1pico, imunossupress\u00e3o e s\u00edndrome de lise tumoral.<\/p>\n\n\n\n<h3 class=\"wp-block-heading\" id=\"h-diarista-vs-plantonista\"><span class=\"ez-toc-section\" id=\"Diarista_vs_Plantonista\"><\/span><strong>Diarista vs. Plantonista<\/strong><span class=\"ez-toc-section-end\"><\/span><\/h3>\n\n\n\n<p>O intensivista pode atuar como plantonista (respons\u00e1vel pelos cuidados durante turnos de 12 ou 24 horas) ou como diarista\/rotineiro (acompanhando diariamente os mesmos pacientes, geralmente em hor\u00e1rio diurno). O papel de diarista costuma evoluir para fun\u00e7\u00f5es de coordena\u00e7\u00e3o de UTI, com menor carga hor\u00e1ria e maior remunera\u00e7\u00e3o.<\/p>\n\n\n\n<h2 class=\"wp-block-heading\" id=\"h-como-e-o-trabalho-de-um-intensivista-em-uti\"><span class=\"ez-toc-section\" id=\"Como_e_o_trabalho_de_um_intensivista_em_UTI\"><\/span><strong>Como \u00e9 o trabalho de um intensivista em UTI?<\/strong><span class=\"ez-toc-section-end\"><\/span><\/h2>\n\n\n\n<p>tratamento de pacientes que necessitam de aten\u00e7\u00e3o m\u00e9dica cont\u00ednua e complexa devido \u00e0 gravidade de suas condi\u00e7\u00f5es de sa\u00fade.&nbsp;<\/p>\n\n\n\n<p>Estes m\u00e9dicos s\u00e3o altamente treinados para <strong>lidar com situa\u00e7\u00f5es emergenciais e para fornecer tratamento intensivo a pacientes com condi\u00e7\u00f5es que amea\u00e7am a vida<\/strong>, exigindo decis\u00f5es r\u00e1pidas e precisas.&nbsp;<\/p>\n\n\n\n<p>Desde o ajuste de tratamentos baseados em constantes avalia\u00e7\u00f5es, at\u00e9 a implementa\u00e7\u00e3o de novos protocolos, <strong>o papel do intensivista \u00e9 crucial para a sobreviv\u00eancia e recupera\u00e7\u00e3o dos pacientes na UTI<\/strong>.<\/p>\n\n\n\n<p>A <strong>gest\u00e3o de ventila\u00e7\u00e3o mec\u00e2nica<\/strong> \u00e9 uma das responsabilidades mais importantes de um intensivista. Esses profissionais <strong>configuram e ajustam ventiladores mec\u00e2nicos <\/strong>para assegurar que cada paciente receba a quantidade <strong>adequada de suporte respirat\u00f3rio<\/strong>. Al\u00e9m disso, eles precisam estar prontos para ajustar os par\u00e2metros rapidamente de acordo com a resposta do paciente ao tratamento.&nbsp;<\/p>\n\n\n\n<p>Outra parte cr\u00edtica deste trabalho \u00e9 o desmame do ventilador, que envolve estrat\u00e9gias cuidadosas para retirar o suporte quando o paciente j\u00e1 consegue respirar de forma eficiente por conta pr\u00f3pria, um processo essencial para a recupera\u00e7\u00e3o total do paciente.<\/p>\n\n\n\n<p>O <strong>suporte hemodin\u00e2mico<\/strong> \u00e9 outro aspecto vital no dia a dia de um intensivista. Utilizando <strong>t\u00e9cnicas invasivas e n\u00e3o invasivas<\/strong>, eles monitoram par\u00e2metros como press\u00e3o arterial e d\u00e9bito card\u00edaco para manter a estabilidade do paciente. A administra\u00e7\u00e3o de medicamentos como vasopressores e inotr\u00f3picos pode ser necess\u00e1ria para apoiar a fun\u00e7\u00e3o card\u00edaca e circulat\u00f3ria, o que demanda um conhecimento profundo e sensibilidade elevada para ajustes finos. Este cuidado cont\u00ednuo assegura n\u00e3o apenas a manuten\u00e7\u00e3o dos sinais vitais do paciente, mas tamb\u00e9m a preven\u00e7\u00e3o de complica\u00e7\u00f5es adicionais.<\/p>\n\n\n\n<p>O intensivista trabalha em estreita colabora\u00e7\u00e3o com uma <strong>equipe multidisciplinar<\/strong> composta por <strong>enfermeiros, terapeutas respirat\u00f3rios, nutricionistas, farmac\u00eauticos e outros m\u00e9dicos especialistas.<\/strong> Esta colabora\u00e7\u00e3o \u00e9 essencial para fornecer um cuidado abrangente, considerando todos os aspectos do bem-estar do paciente. Al\u00e9m disso, a <strong>comunica\u00e7\u00e3o com os familiares<\/strong> \u00e9 uma parte importante do trabalho, <strong>exigindo sensibilidade e clareza <\/strong>para informar sobre o estado do paciente e as possibilidades de tratamento, ajudando os familiares a tomar decis\u00f5es informadas sobre o cuidado de seus entes queridos.<\/p>\n\n\n\n<p>Por fim, o ambiente de uma UTI \u00e9 altamente din\u00e2mico e muitas vezes estressante. Os intensivistas devem estar constantemente atualizados com os \u00faltimos avan\u00e7os na medicina intensiva para implementar as melhores pr\u00e1ticas e protocolos baseados em evid\u00eancias.&nbsp;<\/p>\n\n\n\n<figure class=\"wp-block-image size-large\"><a href=\"https:\/\/www.grupomedcof.com.br\/cofletters\/\" target=\"_blank\" rel=\" noreferrer noopener\"><img loading=\"lazy\" decoding=\"async\" width=\"1024\" height=\"320\" src=\"https:\/\/www.grupomedcof.com.br\/blog\/wp-content\/uploads\/2025\/02\/Banner-MedCof-Plus-2200x460-11-1024x320.png\" alt=\"\" class=\"wp-image-33723\" srcset=\"https:\/\/www.grupomedcof.com.br\/blog\/wp-content\/uploads\/2025\/02\/Banner-MedCof-Plus-2200x460-11-1024x320.png 1024w, https:\/\/www.grupomedcof.com.br\/blog\/wp-content\/uploads\/2025\/02\/Banner-MedCof-Plus-2200x460-11-300x94.png 300w, https:\/\/www.grupomedcof.com.br\/blog\/wp-content\/uploads\/2025\/02\/Banner-MedCof-Plus-2200x460-11-768x240.png 768w, https:\/\/www.grupomedcof.com.br\/blog\/wp-content\/uploads\/2025\/02\/Banner-MedCof-Plus-2200x460-11-1536x480.png 1536w, https:\/\/www.grupomedcof.com.br\/blog\/wp-content\/uploads\/2025\/02\/Banner-MedCof-Plus-2200x460-11-2048x640.png 2048w, https:\/\/www.grupomedcof.com.br\/blog\/wp-content\/uploads\/2025\/02\/Banner-MedCof-Plus-2200x460-11-1343x420.png 1343w, https:\/\/www.grupomedcof.com.br\/blog\/wp-content\/uploads\/2025\/02\/Banner-MedCof-Plus-2200x460-11-150x47.png 150w, https:\/\/www.grupomedcof.com.br\/blog\/wp-content\/uploads\/2025\/02\/Banner-MedCof-Plus-2200x460-11-696x218.png 696w, https:\/\/www.grupomedcof.com.br\/blog\/wp-content\/uploads\/2025\/02\/Banner-MedCof-Plus-2200x460-11-1068x334.png 1068w, https:\/\/www.grupomedcof.com.br\/blog\/wp-content\/uploads\/2025\/02\/Banner-MedCof-Plus-2200x460-11-1920x600.png 1920w\" sizes=\"auto, (max-width: 1024px) 100vw, 1024px\" \/><\/a><\/figure>\n\n\n\n<h2 class=\"wp-block-heading\" id=\"h-como-se-tornar-um-medico-intensivista\"><span class=\"ez-toc-section\" id=\"Como_se_tornar_um_medico_intensivista\"><\/span><strong>Como se tornar um m\u00e9dico intensivista?<\/strong><span class=\"ez-toc-section-end\"><\/span><\/h2>\n\n\n\n<p>Tornar-se um m\u00e9dico intensivista exige muitos anos de estudo e treinamento especializado para proporcionar cuidados de qualidade a pacientes em estado cr\u00edtico. Por isso, entenda abaixo os requisitos da forma\u00e7\u00e3o:<\/p>\n\n\n\n<ul class=\"wp-block-list\">\n<li><strong>Gradua\u00e7\u00e3o em Medicina:<\/strong> concluir o curso de Medicina, normalmente com dura\u00e7\u00e3o de 6 anos.&nbsp;<\/li>\n\n\n\n<li><strong>Resid\u00eancia M\u00e9dica: <\/strong>a resid\u00eancia em Medicina Intensiva requer pr\u00e9-requisito em algumas das \u00e1reas a seguir:\n<ul class=\"wp-block-list\">\n<li>cl\u00ednica m\u00e9dica;<\/li>\n\n\n\n<li>pediatria;<\/li>\n\n\n\n<li>cirurgia;<\/li>\n\n\n\n<li>anestesiologia;<\/li>\n\n\n\n<li>infectologia ou<\/li>\n\n\n\n<li>neurologia.<\/li>\n<\/ul>\n<\/li>\n<\/ul>\n\n\n\n<p>Ap\u00f3s cumprir o pr\u00e9-requisito, o estudante poder\u00e1 ingressar na resid\u00eancia m\u00e9dica em medicina intensiva.<\/p>\n\n\n\n<ul class=\"wp-block-list\">\n<li>Tornar-se especialista: depois de concluir a gradua\u00e7\u00e3o e tamb\u00e9m as resid\u00eancias, \u00e9 poss\u00edvel ser especialista na \u00e1rea. Basta aplicar para a <a href=\"https:\/\/www.grupomedcof.com.br\/blog\/prova-de-titulo-de-especialista-em-medicina-intensiva-temi-2024\/\">Prova de T\u00edtulo de Especialista em Medicina Intensiva.<\/a><\/li>\n<\/ul>\n\n\n\n<h3 class=\"wp-block-heading\" id=\"h-quanto-tempo-dura-a-residencia-de-medicina-intensiva\"><span class=\"ez-toc-section\" id=\"Quanto_tempo_dura_a_residencia_de_Medicina_Intensiva\"><\/span><strong>Quanto tempo dura a resid\u00eancia de Medicina Intensiva?<\/strong><span class=\"ez-toc-section-end\"><\/span><\/h3>\n\n\n\n<p>A resid\u00eancia em Medicina Intensiva dura cerca de dois a tr\u00eas anos ap\u00f3s a conclus\u00e3o da resid\u00eancia prim\u00e1ria em uma \u00e1rea m\u00e9dica correlata.<\/p>\n\n\n\n<h2 class=\"wp-block-heading\" id=\"h-o-que-e-ensinado-na-residencia-de-medicina-intensiva\"><span class=\"ez-toc-section\" id=\"O_que_e_ensinado_na_residencia_de_medicina_intensiva\"><\/span><strong>O que \u00e9 ensinado na resid\u00eancia de medicina intensiva?<\/strong><span class=\"ez-toc-section-end\"><\/span><\/h2>\n\n\n\n<ul class=\"wp-block-list\">\n<li>Ressuscita\u00e7\u00e3o e controle inicial do paciente enfermo;<\/li>\n\n\n\n<li>Diagn\u00f3stico: avalia\u00e7\u00e3o, investiga\u00e7\u00e3o, monitoramento e interpreta\u00e7\u00e3o de dados;<\/li>\n\n\n\n<li>Controle de doen\u00e7as;<\/li>\n\n\n\n<li>Interven\u00e7\u00f5es terap\u00eauticas\/suporte a sistemas org\u00e2nicos;<\/li>\n\n\n\n<li>Condi\u00e7\u00f5es de fal\u00eancia \u00fanica ou m\u00faltipla dos \u00f3rg\u00e3os;<\/li>\n\n\n\n<li>Procedimentos pr\u00e1ticos;<\/li>\n\n\n\n<li>Cuidados peri-operat\u00f3rios;<\/li>\n\n\n\n<li>Conforto e recupera\u00e7\u00e3o;<\/li>\n\n\n\n<li>Cuidados terminais;<\/li>\n\n\n\n<li>Seguran\u00e7a do paciente e controle de sistemas de sa\u00fade.<\/li>\n<\/ul>\n\n\n\n<h2 class=\"wp-block-heading\" id=\"h-qual-e-o-salario-de-um-medico-intensivista\"><span class=\"ez-toc-section\" id=\"Qual_e_o_salario_de_um_medico_intensivista\"><\/span><strong>Qual \u00e9 o sal\u00e1rio de um m\u00e9dico intensivista?<\/strong><span class=\"ez-toc-section-end\"><\/span><\/h2>\n\n\n\n<p>O sal\u00e1rio de um m\u00e9dico intensivista pode variar amplamente dependendo de diversos fatores, como:<\/p>\n\n\n\n<ul class=\"wp-block-list\">\n<li><strong>Faixa Salarial Inicial:<\/strong> m\u00e9dicos rec\u00e9m-formados ou em in\u00edcio de carreira na Medicina Intensiva podem receber uma remunera\u00e7\u00e3o inicial que varia de R$10.000 a R$15.000 por m\u00eas no Brasil.<\/li>\n\n\n\n<li><strong>Profissionais Experientes:<\/strong> com mais experi\u00eancia e especializa\u00e7\u00f5es adicionais, os m\u00e9dicos intensivistas podem receber entre R$20.000 a R$35.000 mensais ou mais, dependendo do local de trabalho.<\/li>\n<\/ul>\n\n\n\n<p>Al\u00e9m disso, existem alguns fatores que influenciam a remunera\u00e7\u00e3o, como:<\/p>\n\n\n\n<ul class=\"wp-block-list\">\n<li><strong>Localiza\u00e7\u00e3o Geogr\u00e1fica:<\/strong> as regi\u00f5es metropolitanas, onde o custo de vida geralmente \u00e9 mais alto, tendem a oferecer sal\u00e1rios mais elevados em compara\u00e7\u00e3o com cidades menores ou \u00e1reas rurais.<\/li>\n\n\n\n<li><strong>Experi\u00eancia e Qualifica\u00e7\u00f5es:<\/strong> m\u00e9dicos com mais anos de experi\u00eancia, especializa\u00e7\u00f5es adicionais ou certifica\u00e7\u00f5es em \u00e1reas complementares \u00e0 Medicina Intensiva (como Cardiologia ou Anestesiologia) podem ter sal\u00e1rios mais altos.<\/li>\n\n\n\n<li><strong>Tipo de Empregador:<\/strong> hospitais p\u00fablicos, privados, ou universidades podem oferecer diferentes pacotes de remunera\u00e7\u00e3o e benef\u00edcios. Hospitais privados de grande porte muitas vezes oferecem sal\u00e1rios mais atrativos.<\/li>\n\n\n\n<li><strong>Jornada de Trabalho:<\/strong> a quantidade de horas de plant\u00e3o e o n\u00famero de turnos noturnos influenciam diretamente a remunera\u00e7\u00e3o. Plant\u00f5es noturnos ou em fins de semana tendem a ter adicional.<\/li>\n<\/ul>\n\n\n\n<h2 class=\"wp-block-heading\" id=\"h-conquiste-sua-vaga-na-residencia-em-medicina-intensiva-com-a-medcof\"><span class=\"ez-toc-section\" id=\"Conquiste_sua_vaga_na_Residencia_em_Medicina_Intensiva_com_a_MedCof\"><\/span><strong>Conquiste sua vaga na Resid\u00eancia em Medicina Intensiva com a MedCof<\/strong><span class=\"ez-toc-section-end\"><\/span><\/h2>\n\n\n\n<p>Prepare-se para a resid\u00eancia em Medicina Intensiva com o <a href=\"https:\/\/www.grupomedcof.com.br\/home\/?gad_source=1&amp;gclid=Cj0KCQiAz6q-BhCfARIsAOezPxlI-ffIV9jiAvJB9CYi0DLYq6rABdXQAyHokWDKOY-QpNl6pvRok5caAq4bEALw_wcB\">MedCof<\/a>, que oferece conte\u00fado atualizado, mentoria especializada e simulados realistas. Nosso programa flex\u00edvel permite que voc\u00ea estude no seu ritmo com apoio cont\u00ednuo de profissionais experientes. Comece hoje mesmo e conquiste sua vaga na resid\u00eancia conosco!<\/p>\n\n\n\n<figure class=\"wp-block-embed is-type-video is-provider-youtube wp-block-embed-youtube wp-embed-aspect-16-9 wp-has-aspect-ratio\"><div class=\"wp-block-embed__wrapper\">\n<div class=\"youtube-embed\" data-video_id=\"PBGf3moJ7qE\"><iframe loading=\"lazy\" title=\"Fique por Dentro das Novidades em Medicina Intensiva com o Coordenador Douglas! \ud83e\ude7a\" width=\"696\" height=\"392\" src=\"https:\/\/www.youtube.com\/embed\/PBGf3moJ7qE?feature=oembed&#038;enablejsapi=1\" frameborder=\"0\" allow=\"accelerometer; autoplay; clipboard-write; encrypted-media; gyroscope; picture-in-picture; web-share\" referrerpolicy=\"strict-origin-when-cross-origin\" allowfullscreen><\/iframe><\/div>\n<\/div><\/figure>\n\n\n\n<p><\/p>\n","protected":false},"excerpt":{"rendered":"<p>Medicina Intensiva \u00e9 a especialidade que cuida de pacientes em estado cr\u00edtico. Descubra mais sobre a atua\u00e7\u00e3o, especializa\u00e7\u00e3o e sal\u00e1rios. Saiba mais!<\/p>\n","protected":false},"author":20,"featured_media":34831,"comment_status":"closed","ping_status":"closed","sticky":false,"template":"","format":"standard","meta":{"footnotes":""},"categories":[285],"tags":[200,2769],"ppma_author":[3616],"class_list":{"0":"post-34830","1":"post","2":"type-post","3":"status-publish","4":"format-standard","5":"has-post-thumbnail","7":"category-medicina-intensiva","8":"tag-medicina-intensiva","9":"tag-medico-intensivista"},"yoast_head":"<!-- This site is optimized with the Yoast SEO Premium plugin v24.3 (Yoast SEO v27.4) - https:\/\/yoast.com\/product\/yoast-seo-premium-wordpress\/ -->\n<title>Medicina Intensiva: o que \u00e9, o que faz, resid\u00eancia e atua\u00e7\u00e3o<\/title>\n<meta name=\"description\" content=\"Medicina Intensiva \u00e9 a especialidade que cuida de pacientes em estado cr\u00edtico. Descubra mais sobre a atua\u00e7\u00e3o, especializa\u00e7\u00e3o e sal\u00e1rios. Saiba mais!\" \/>\n<meta name=\"robots\" content=\"index, follow, max-snippet:-1, max-image-preview:large, max-video-preview:-1\" \/>\n<link rel=\"canonical\" href=\"https:\/\/www.grupomedcof.com.br\/blog\/medicina-intensiva\/\" \/>\n<meta property=\"og:locale\" content=\"pt_BR\" \/>\n<meta property=\"og:type\" content=\"article\" \/>\n<meta property=\"og:title\" content=\"Medicina Intensiva: O que \u00e9, atua\u00e7\u00e3o, especializa\u00e7\u00e3o e sal\u00e1rios\" \/>\n<meta property=\"og:description\" content=\"Medicina Intensiva \u00e9 a especialidade que cuida de pacientes em estado cr\u00edtico. Descubra mais sobre a atua\u00e7\u00e3o, especializa\u00e7\u00e3o e sal\u00e1rios. Saiba mais!\" \/>\n<meta property=\"og:url\" content=\"https:\/\/www.grupomedcof.com.br\/blog\/medicina-intensiva\/\" \/>\n<meta property=\"og:site_name\" content=\"Blog de Medcof: conte\u00fados, editais, revalida e mais!\" \/>\n<meta property=\"article:publisher\" content=\"https:\/\/www.facebook.com\/MedCofQbank\/\" \/>\n<meta property=\"article:published_time\" content=\"2025-03-28T10:55:32+00:00\" \/>\n<meta property=\"article:modified_time\" content=\"2026-04-15T16:59:35+00:00\" \/>\n<meta property=\"og:image\" content=\"https:\/\/www.grupomedcof.com.br\/blog\/wp-content\/uploads\/2025\/03\/Blog-MedCof-2025-03-25T161729.004.jpg\" \/>\n\t<meta property=\"og:image:width\" content=\"1920\" \/>\n\t<meta property=\"og:image:height\" content=\"1080\" \/>\n\t<meta property=\"og:image:type\" content=\"image\/jpeg\" \/>\n<meta name=\"author\" content=\"Leila Menzel\" \/>\n<meta name=\"twitter:card\" content=\"summary_large_image\" \/>\n<meta name=\"twitter:label1\" content=\"Escrito por\" \/>\n\t<meta name=\"twitter:data1\" content=\"Leila Menzel\" \/>\n\t<meta name=\"twitter:label2\" content=\"Est. tempo de leitura\" \/>\n\t<meta name=\"twitter:data2\" content=\"9 minutos\" \/>\n<script type=\"application\/ld+json\" class=\"yoast-schema-graph\">{\"@context\":\"https:\\\/\\\/schema.org\",\"@graph\":[{\"@type\":\"Article\",\"@id\":\"https:\\\/\\\/www.grupomedcof.com.br\\\/blog\\\/medicina-intensiva\\\/#article\",\"isPartOf\":{\"@id\":\"https:\\\/\\\/www.grupomedcof.com.br\\\/blog\\\/medicina-intensiva\\\/\"},\"author\":{\"name\":\"Leila Menzel\",\"@id\":\"https:\\\/\\\/www.grupomedcof.com.br\\\/blog\\\/#\\\/schema\\\/person\\\/9a44c2184a836bf5ae6967fdb3a1451e\"},\"headline\":\"Medicina Intensiva: O que \u00e9, atua\u00e7\u00e3o, especializa\u00e7\u00e3o e sal\u00e1rios\",\"datePublished\":\"2025-03-28T10:55:32+00:00\",\"dateModified\":\"2026-04-15T16:59:35+00:00\",\"mainEntityOfPage\":{\"@id\":\"https:\\\/\\\/www.grupomedcof.com.br\\\/blog\\\/medicina-intensiva\\\/\"},\"wordCount\":1769,\"publisher\":{\"@id\":\"https:\\\/\\\/www.grupomedcof.com.br\\\/blog\\\/#organization\"},\"image\":{\"@id\":\"https:\\\/\\\/www.grupomedcof.com.br\\\/blog\\\/medicina-intensiva\\\/#primaryimage\"},\"thumbnailUrl\":\"https:\\\/\\\/www.grupomedcof.com.br\\\/blog\\\/wp-content\\\/uploads\\\/2025\\\/03\\\/Blog-MedCof-2025-03-25T161729.004.jpg\",\"keywords\":[\"Medicina Intensiva\",\"M\u00e9dico Intensivista\"],\"articleSection\":[\"Medicina Intensiva\"],\"inLanguage\":\"pt-BR\"},{\"@type\":\"WebPage\",\"@id\":\"https:\\\/\\\/www.grupomedcof.com.br\\\/blog\\\/medicina-intensiva\\\/\",\"url\":\"https:\\\/\\\/www.grupomedcof.com.br\\\/blog\\\/medicina-intensiva\\\/\",\"name\":\"Medicina Intensiva: o que \u00e9, o que faz, resid\u00eancia e atua\u00e7\u00e3o\",\"isPartOf\":{\"@id\":\"https:\\\/\\\/www.grupomedcof.com.br\\\/blog\\\/#website\"},\"primaryImageOfPage\":{\"@id\":\"https:\\\/\\\/www.grupomedcof.com.br\\\/blog\\\/medicina-intensiva\\\/#primaryimage\"},\"image\":{\"@id\":\"https:\\\/\\\/www.grupomedcof.com.br\\\/blog\\\/medicina-intensiva\\\/#primaryimage\"},\"thumbnailUrl\":\"https:\\\/\\\/www.grupomedcof.com.br\\\/blog\\\/wp-content\\\/uploads\\\/2025\\\/03\\\/Blog-MedCof-2025-03-25T161729.004.jpg\",\"datePublished\":\"2025-03-28T10:55:32+00:00\",\"dateModified\":\"2026-04-15T16:59:35+00:00\",\"description\":\"Medicina Intensiva \u00e9 a especialidade que cuida de pacientes em estado cr\u00edtico. Descubra mais sobre a atua\u00e7\u00e3o, especializa\u00e7\u00e3o e sal\u00e1rios. Saiba mais!\",\"breadcrumb\":{\"@id\":\"https:\\\/\\\/www.grupomedcof.com.br\\\/blog\\\/medicina-intensiva\\\/#breadcrumb\"},\"inLanguage\":\"pt-BR\",\"potentialAction\":[{\"@type\":\"ReadAction\",\"target\":[\"https:\\\/\\\/www.grupomedcof.com.br\\\/blog\\\/medicina-intensiva\\\/\"]}]},{\"@type\":\"ImageObject\",\"inLanguage\":\"pt-BR\",\"@id\":\"https:\\\/\\\/www.grupomedcof.com.br\\\/blog\\\/medicina-intensiva\\\/#primaryimage\",\"url\":\"https:\\\/\\\/www.grupomedcof.com.br\\\/blog\\\/wp-content\\\/uploads\\\/2025\\\/03\\\/Blog-MedCof-2025-03-25T161729.004.jpg\",\"contentUrl\":\"https:\\\/\\\/www.grupomedcof.com.br\\\/blog\\\/wp-content\\\/uploads\\\/2025\\\/03\\\/Blog-MedCof-2025-03-25T161729.004.jpg\",\"width\":1920,\"height\":1080},{\"@type\":\"BreadcrumbList\",\"@id\":\"https:\\\/\\\/www.grupomedcof.com.br\\\/blog\\\/medicina-intensiva\\\/#breadcrumb\",\"itemListElement\":[{\"@type\":\"ListItem\",\"position\":1,\"name\":\"In\u00edcio\",\"item\":\"https:\\\/\\\/www.grupomedcof.com.br\\\/blog\\\/\"},{\"@type\":\"ListItem\",\"position\":2,\"name\":\"Medicina Intensiva: O que \u00e9, atua\u00e7\u00e3o, especializa\u00e7\u00e3o e sal\u00e1rios\"}]},{\"@type\":\"WebSite\",\"@id\":\"https:\\\/\\\/www.grupomedcof.com.br\\\/blog\\\/#website\",\"url\":\"https:\\\/\\\/www.grupomedcof.com.br\\\/blog\\\/\",\"name\":\"Blog de Medcof: conte\u00fados, editais, revalida e mais!\",\"description\":\"Acesso o blog de MedCof! Seu portal de conte\u00fados sobre resid\u00eancia m\u00e9dica, an\u00e1lise e editais e muito mais. Clique e confira!\",\"publisher\":{\"@id\":\"https:\\\/\\\/www.grupomedcof.com.br\\\/blog\\\/#organization\"},\"alternateName\":\"Blog de Medcof: conte\u00fados, editais, revalida e mais!\",\"potentialAction\":[{\"@type\":\"SearchAction\",\"target\":{\"@type\":\"EntryPoint\",\"urlTemplate\":\"https:\\\/\\\/www.grupomedcof.com.br\\\/blog\\\/?s={search_term_string}\"},\"query-input\":{\"@type\":\"PropertyValueSpecification\",\"valueRequired\":true,\"valueName\":\"search_term_string\"}}],\"inLanguage\":\"pt-BR\"},{\"@type\":\"Organization\",\"@id\":\"https:\\\/\\\/www.grupomedcof.com.br\\\/blog\\\/#organization\",\"name\":\"Grupo MedCof\",\"url\":\"https:\\\/\\\/www.grupomedcof.com.br\\\/blog\\\/\",\"logo\":{\"@type\":\"ImageObject\",\"inLanguage\":\"pt-BR\",\"@id\":\"https:\\\/\\\/www.grupomedcof.com.br\\\/blog\\\/#\\\/schema\\\/logo\\\/image\\\/\",\"url\":\"https:\\\/\\\/www.grupomedcof.com.br\\\/blog\\\/wp-content\\\/uploads\\\/2022\\\/01\\\/logo-medcof.png\",\"contentUrl\":\"https:\\\/\\\/www.grupomedcof.com.br\\\/blog\\\/wp-content\\\/uploads\\\/2022\\\/01\\\/logo-medcof.png\",\"width\":768,\"height\":269,\"caption\":\"Grupo MedCof\"},\"image\":{\"@id\":\"https:\\\/\\\/www.grupomedcof.com.br\\\/blog\\\/#\\\/schema\\\/logo\\\/image\\\/\"},\"sameAs\":[\"https:\\\/\\\/www.facebook.com\\\/MedCofQbank\\\/\",\"https:\\\/\\\/www.instagram.com\\\/grupomedcof\\\/\",\"https:\\\/\\\/br.linkedin.com\\\/company\\\/medcof\",\"https:\\\/\\\/www.youtube.com\\\/channel\\\/UCdHMuOHKICxcHwecxN8P-AA\"]},{\"@type\":\"Person\",\"@id\":\"https:\\\/\\\/www.grupomedcof.com.br\\\/blog\\\/#\\\/schema\\\/person\\\/9a44c2184a836bf5ae6967fdb3a1451e\",\"name\":\"Leila Menzel\",\"image\":{\"@type\":\"ImageObject\",\"inLanguage\":\"pt-BR\",\"@id\":\"https:\\\/\\\/www.grupomedcof.com.br\\\/blog\\\/wp-content\\\/uploads\\\/2025\\\/09\\\/cropped-eu-96x96.jpeg19a74936d997c0a8b3031618467fa1d0\",\"url\":\"https:\\\/\\\/www.grupomedcof.com.br\\\/blog\\\/wp-content\\\/uploads\\\/2025\\\/09\\\/cropped-eu-96x96.jpeg\",\"contentUrl\":\"https:\\\/\\\/www.grupomedcof.com.br\\\/blog\\\/wp-content\\\/uploads\\\/2025\\\/09\\\/cropped-eu-96x96.jpeg\",\"caption\":\"Leila Menzel\"},\"description\":\"Estudante do 6\u00b0 semestre de jornalismo, amo e escrevo poesias e viajo em livros de romances clich\u00eas.\",\"url\":\"https:\\\/\\\/www.grupomedcof.com.br\\\/blog\\\/author\\\/leila-menzel\\\/\"}]}<\/script>\n<!-- \/ Yoast SEO Premium plugin. -->","yoast_head_json":{"title":"Medicina Intensiva: o que \u00e9, o que faz, resid\u00eancia e atua\u00e7\u00e3o","description":"Medicina Intensiva \u00e9 a especialidade que cuida de pacientes em estado cr\u00edtico. Descubra mais sobre a atua\u00e7\u00e3o, especializa\u00e7\u00e3o e sal\u00e1rios. Saiba mais!","robots":{"index":"index","follow":"follow","max-snippet":"max-snippet:-1","max-image-preview":"max-image-preview:large","max-video-preview":"max-video-preview:-1"},"canonical":"https:\/\/www.grupomedcof.com.br\/blog\/medicina-intensiva\/","og_locale":"pt_BR","og_type":"article","og_title":"Medicina Intensiva: O que \u00e9, atua\u00e7\u00e3o, especializa\u00e7\u00e3o e sal\u00e1rios","og_description":"Medicina Intensiva \u00e9 a especialidade que cuida de pacientes em estado cr\u00edtico. Descubra mais sobre a atua\u00e7\u00e3o, especializa\u00e7\u00e3o e sal\u00e1rios. Saiba mais!","og_url":"https:\/\/www.grupomedcof.com.br\/blog\/medicina-intensiva\/","og_site_name":"Blog de Medcof: conte\u00fados, editais, revalida e mais!","article_publisher":"https:\/\/www.facebook.com\/MedCofQbank\/","article_published_time":"2025-03-28T10:55:32+00:00","article_modified_time":"2026-04-15T16:59:35+00:00","og_image":[{"width":1920,"height":1080,"url":"https:\/\/www.grupomedcof.com.br\/blog\/wp-content\/uploads\/2025\/03\/Blog-MedCof-2025-03-25T161729.004.jpg","type":"image\/jpeg"}],"author":"Leila Menzel","twitter_card":"summary_large_image","twitter_misc":{"Escrito por":"Leila Menzel","Est. tempo de leitura":"9 minutos"},"schema":{"@context":"https:\/\/schema.org","@graph":[{"@type":"Article","@id":"https:\/\/www.grupomedcof.com.br\/blog\/medicina-intensiva\/#article","isPartOf":{"@id":"https:\/\/www.grupomedcof.com.br\/blog\/medicina-intensiva\/"},"author":{"name":"Leila Menzel","@id":"https:\/\/www.grupomedcof.com.br\/blog\/#\/schema\/person\/9a44c2184a836bf5ae6967fdb3a1451e"},"headline":"Medicina Intensiva: O que \u00e9, atua\u00e7\u00e3o, especializa\u00e7\u00e3o e sal\u00e1rios","datePublished":"2025-03-28T10:55:32+00:00","dateModified":"2026-04-15T16:59:35+00:00","mainEntityOfPage":{"@id":"https:\/\/www.grupomedcof.com.br\/blog\/medicina-intensiva\/"},"wordCount":1769,"publisher":{"@id":"https:\/\/www.grupomedcof.com.br\/blog\/#organization"},"image":{"@id":"https:\/\/www.grupomedcof.com.br\/blog\/medicina-intensiva\/#primaryimage"},"thumbnailUrl":"https:\/\/www.grupomedcof.com.br\/blog\/wp-content\/uploads\/2025\/03\/Blog-MedCof-2025-03-25T161729.004.jpg","keywords":["Medicina Intensiva","M\u00e9dico Intensivista"],"articleSection":["Medicina Intensiva"],"inLanguage":"pt-BR"},{"@type":"WebPage","@id":"https:\/\/www.grupomedcof.com.br\/blog\/medicina-intensiva\/","url":"https:\/\/www.grupomedcof.com.br\/blog\/medicina-intensiva\/","name":"Medicina Intensiva: o que \u00e9, o que faz, resid\u00eancia e atua\u00e7\u00e3o","isPartOf":{"@id":"https:\/\/www.grupomedcof.com.br\/blog\/#website"},"primaryImageOfPage":{"@id":"https:\/\/www.grupomedcof.com.br\/blog\/medicina-intensiva\/#primaryimage"},"image":{"@id":"https:\/\/www.grupomedcof.com.br\/blog\/medicina-intensiva\/#primaryimage"},"thumbnailUrl":"https:\/\/www.grupomedcof.com.br\/blog\/wp-content\/uploads\/2025\/03\/Blog-MedCof-2025-03-25T161729.004.jpg","datePublished":"2025-03-28T10:55:32+00:00","dateModified":"2026-04-15T16:59:35+00:00","description":"Medicina Intensiva \u00e9 a especialidade que cuida de pacientes em estado cr\u00edtico. Descubra mais sobre a atua\u00e7\u00e3o, especializa\u00e7\u00e3o e sal\u00e1rios. Saiba mais!","breadcrumb":{"@id":"https:\/\/www.grupomedcof.com.br\/blog\/medicina-intensiva\/#breadcrumb"},"inLanguage":"pt-BR","potentialAction":[{"@type":"ReadAction","target":["https:\/\/www.grupomedcof.com.br\/blog\/medicina-intensiva\/"]}]},{"@type":"ImageObject","inLanguage":"pt-BR","@id":"https:\/\/www.grupomedcof.com.br\/blog\/medicina-intensiva\/#primaryimage","url":"https:\/\/www.grupomedcof.com.br\/blog\/wp-content\/uploads\/2025\/03\/Blog-MedCof-2025-03-25T161729.004.jpg","contentUrl":"https:\/\/www.grupomedcof.com.br\/blog\/wp-content\/uploads\/2025\/03\/Blog-MedCof-2025-03-25T161729.004.jpg","width":1920,"height":1080},{"@type":"BreadcrumbList","@id":"https:\/\/www.grupomedcof.com.br\/blog\/medicina-intensiva\/#breadcrumb","itemListElement":[{"@type":"ListItem","position":1,"name":"In\u00edcio","item":"https:\/\/www.grupomedcof.com.br\/blog\/"},{"@type":"ListItem","position":2,"name":"Medicina Intensiva: O que \u00e9, atua\u00e7\u00e3o, especializa\u00e7\u00e3o e sal\u00e1rios"}]},{"@type":"WebSite","@id":"https:\/\/www.grupomedcof.com.br\/blog\/#website","url":"https:\/\/www.grupomedcof.com.br\/blog\/","name":"Blog de Medcof: conte\u00fados, editais, revalida e mais!","description":"Acesso o blog de MedCof! Seu portal de conte\u00fados sobre resid\u00eancia m\u00e9dica, an\u00e1lise e editais e muito mais. Clique e confira!","publisher":{"@id":"https:\/\/www.grupomedcof.com.br\/blog\/#organization"},"alternateName":"Blog de Medcof: conte\u00fados, editais, revalida e mais!","potentialAction":[{"@type":"SearchAction","target":{"@type":"EntryPoint","urlTemplate":"https:\/\/www.grupomedcof.com.br\/blog\/?s={search_term_string}"},"query-input":{"@type":"PropertyValueSpecification","valueRequired":true,"valueName":"search_term_string"}}],"inLanguage":"pt-BR"},{"@type":"Organization","@id":"https:\/\/www.grupomedcof.com.br\/blog\/#organization","name":"Grupo MedCof","url":"https:\/\/www.grupomedcof.com.br\/blog\/","logo":{"@type":"ImageObject","inLanguage":"pt-BR","@id":"https:\/\/www.grupomedcof.com.br\/blog\/#\/schema\/logo\/image\/","url":"https:\/\/www.grupomedcof.com.br\/blog\/wp-content\/uploads\/2022\/01\/logo-medcof.png","contentUrl":"https:\/\/www.grupomedcof.com.br\/blog\/wp-content\/uploads\/2022\/01\/logo-medcof.png","width":768,"height":269,"caption":"Grupo MedCof"},"image":{"@id":"https:\/\/www.grupomedcof.com.br\/blog\/#\/schema\/logo\/image\/"},"sameAs":["https:\/\/www.facebook.com\/MedCofQbank\/","https:\/\/www.instagram.com\/grupomedcof\/","https:\/\/br.linkedin.com\/company\/medcof","https:\/\/www.youtube.com\/channel\/UCdHMuOHKICxcHwecxN8P-AA"]},{"@type":"Person","@id":"https:\/\/www.grupomedcof.com.br\/blog\/#\/schema\/person\/9a44c2184a836bf5ae6967fdb3a1451e","name":"Leila Menzel","image":{"@type":"ImageObject","inLanguage":"pt-BR","@id":"https:\/\/www.grupomedcof.com.br\/blog\/wp-content\/uploads\/2025\/09\/cropped-eu-96x96.jpeg19a74936d997c0a8b3031618467fa1d0","url":"https:\/\/www.grupomedcof.com.br\/blog\/wp-content\/uploads\/2025\/09\/cropped-eu-96x96.jpeg","contentUrl":"https:\/\/www.grupomedcof.com.br\/blog\/wp-content\/uploads\/2025\/09\/cropped-eu-96x96.jpeg","caption":"Leila Menzel"},"description":"Estudante do 6\u00b0 semestre de jornalismo, amo e escrevo poesias e viajo em livros de romances clich\u00eas.","url":"https:\/\/www.grupomedcof.com.br\/blog\/author\/leila-menzel\/"}]}},"authors":[{"term_id":3616,"user_id":20,"is_guest":0,"slug":"leila-menzel","display_name":"Leila Menzel","avatar_url":"https:\/\/www.grupomedcof.com.br\/blog\/wp-content\/uploads\/2025\/09\/cropped-eu-96x96.jpeg","0":null,"1":"","2":"","3":"","4":"","5":"","6":"","7":"","8":""}],"_links":{"self":[{"href":"https:\/\/www.grupomedcof.com.br\/blog\/wp-json\/wp\/v2\/posts\/34830","targetHints":{"allow":["GET"]}}],"collection":[{"href":"https:\/\/www.grupomedcof.com.br\/blog\/wp-json\/wp\/v2\/posts"}],"about":[{"href":"https:\/\/www.grupomedcof.com.br\/blog\/wp-json\/wp\/v2\/types\/post"}],"author":[{"embeddable":true,"href":"https:\/\/www.grupomedcof.com.br\/blog\/wp-json\/wp\/v2\/users\/20"}],"replies":[{"embeddable":true,"href":"https:\/\/www.grupomedcof.com.br\/blog\/wp-json\/wp\/v2\/comments?post=34830"}],"version-history":[{"count":1,"href":"https:\/\/www.grupomedcof.com.br\/blog\/wp-json\/wp\/v2\/posts\/34830\/revisions"}],"predecessor-version":[{"id":43062,"href":"https:\/\/www.grupomedcof.com.br\/blog\/wp-json\/wp\/v2\/posts\/34830\/revisions\/43062"}],"wp:featuredmedia":[{"embeddable":true,"href":"https:\/\/www.grupomedcof.com.br\/blog\/wp-json\/wp\/v2\/media\/34831"}],"wp:attachment":[{"href":"https:\/\/www.grupomedcof.com.br\/blog\/wp-json\/wp\/v2\/media?parent=34830"}],"wp:term":[{"taxonomy":"category","embeddable":true,"href":"https:\/\/www.grupomedcof.com.br\/blog\/wp-json\/wp\/v2\/categories?post=34830"},{"taxonomy":"post_tag","embeddable":true,"href":"https:\/\/www.grupomedcof.com.br\/blog\/wp-json\/wp\/v2\/tags?post=34830"},{"taxonomy":"author","embeddable":true,"href":"https:\/\/www.grupomedcof.com.br\/blog\/wp-json\/wp\/v2\/ppma_author?post=34830"}],"curies":[{"name":"wp","href":"https:\/\/api.w.org\/{rel}","templated":true}]}}