{"id":34902,"date":"2025-03-28T09:36:42","date_gmt":"2025-03-28T12:36:42","guid":{"rendered":"https:\/\/www.grupomedcof.com.br\/blog\/?p=34902"},"modified":"2025-03-28T09:36:43","modified_gmt":"2025-03-28T12:36:43","slug":"20-mortes-por-febre-amarela-sao-registradas-no-estado-de-sao-paulo","status":"publish","type":"post","link":"https:\/\/www.grupomedcof.com.br\/blog\/20-mortes-por-febre-amarela-sao-registradas-no-estado-de-sao-paulo\/","title":{"rendered":"20 mortes por febre amarela s\u00e3o registradas no Estado de S\u00e3o Paulo"},"content":{"rendered":"<div id=\"ez-toc-container\" class=\"ez-toc-v2_0_74 counter-hierarchy ez-toc-counter ez-toc-transparent ez-toc-container-direction\">\n<div class=\"ez-toc-title-container\">\n<p class=\"ez-toc-title\" style=\"cursor:inherit\">Sum\u00e1rio<\/p>\n<span class=\"ez-toc-title-toggle\"><a href=\"#\" class=\"ez-toc-pull-right ez-toc-btn ez-toc-btn-xs ez-toc-btn-default ez-toc-toggle\" aria-label=\"Alternar tabela de conte\u00fado\"><span class=\"ez-toc-js-icon-con\"><span class=\"\"><span class=\"eztoc-hide\" style=\"display:none;\">Toggle<\/span><span class=\"ez-toc-icon-toggle-span\"><svg style=\"fill: #999;color:#999\" xmlns=\"http:\/\/www.w3.org\/2000\/svg\" class=\"list-377408\" width=\"20px\" height=\"20px\" viewBox=\"0 0 24 24\" fill=\"none\"><path d=\"M6 6H4v2h2V6zm14 0H8v2h12V6zM4 11h2v2H4v-2zm16 0H8v2h12v-2zM4 16h2v2H4v-2zm16 0H8v2h12v-2z\" fill=\"currentColor\"><\/path><\/svg><svg style=\"fill: #999;color:#999\" class=\"arrow-unsorted-368013\" xmlns=\"http:\/\/www.w3.org\/2000\/svg\" width=\"10px\" height=\"10px\" viewBox=\"0 0 24 24\" version=\"1.2\" baseProfile=\"tiny\"><path d=\"M18.2 9.3l-6.2-6.3-6.2 6.3c-.2.2-.3.4-.3.7s.1.5.3.7c.2.2.4.3.7.3h11c.3 0 .5-.1.7-.3.2-.2.3-.5.3-.7s-.1-.5-.3-.7zM5.8 14.7l6.2 6.3 6.2-6.3c.2-.2.3-.5.3-.7s-.1-.5-.3-.7c-.2-.2-.4-.3-.7-.3h-11c-.3 0-.5.1-.7.3-.2.2-.3.5-.3.7s.1.5.3.7z\"\/><\/svg><\/span><\/span><\/span><\/a><\/span><\/div>\n<nav><ul class='ez-toc-list ez-toc-list-level-1 ' ><li class='ez-toc-page-1 ez-toc-heading-level-2'><a class=\"ez-toc-link ez-toc-heading-1\" href=\"https:\/\/www.grupomedcof.com.br\/blog\/20-mortes-por-febre-amarela-sao-registradas-no-estado-de-sao-paulo\/#Casos_de_febre_amarela_em_Sao_Paulo\" >Casos de febre amarela em S\u00e3o Paulo<\/a><\/li><li class='ez-toc-page-1 ez-toc-heading-level-2'><a class=\"ez-toc-link ez-toc-heading-2\" href=\"https:\/\/www.grupomedcof.com.br\/blog\/20-mortes-por-febre-amarela-sao-registradas-no-estado-de-sao-paulo\/#O_que_e_a_febre_amarela\" >O que \u00e9 a febre amarela?<\/a><ul class='ez-toc-list-level-3' ><li class='ez-toc-heading-level-3'><a class=\"ez-toc-link ez-toc-heading-3\" href=\"https:\/\/www.grupomedcof.com.br\/blog\/20-mortes-por-febre-amarela-sao-registradas-no-estado-de-sao-paulo\/#Como_se_prevenir_da_febre_amarela\" >Como se prevenir da febre amarela?<\/a><\/li><\/ul><\/li><li class='ez-toc-page-1 ez-toc-heading-level-2'><a class=\"ez-toc-link ez-toc-heading-4\" href=\"https:\/\/www.grupomedcof.com.br\/blog\/20-mortes-por-febre-amarela-sao-registradas-no-estado-de-sao-paulo\/#Seja_um_MedCofer\" >Seja um MedCofer!<\/a><\/li><\/ul><\/nav><\/div>\n\n<figure class=\"wp-block-image size-large\"><img loading=\"lazy\" decoding=\"async\" width=\"1024\" height=\"576\" src=\"https:\/\/www.grupomedcof.com.br\/blog\/wp-content\/uploads\/2025\/03\/Blog-MedCof-2025-03-28T093533.985-1024x576.jpg\" alt=\"\" class=\"wp-image-34904\" srcset=\"https:\/\/www.grupomedcof.com.br\/blog\/wp-content\/uploads\/2025\/03\/Blog-MedCof-2025-03-28T093533.985-1024x576.jpg 1024w, https:\/\/www.grupomedcof.com.br\/blog\/wp-content\/uploads\/2025\/03\/Blog-MedCof-2025-03-28T093533.985-300x169.jpg 300w, https:\/\/www.grupomedcof.com.br\/blog\/wp-content\/uploads\/2025\/03\/Blog-MedCof-2025-03-28T093533.985-768x432.jpg 768w, https:\/\/www.grupomedcof.com.br\/blog\/wp-content\/uploads\/2025\/03\/Blog-MedCof-2025-03-28T093533.985-1536x864.jpg 1536w, https:\/\/www.grupomedcof.com.br\/blog\/wp-content\/uploads\/2025\/03\/Blog-MedCof-2025-03-28T093533.985-747x420.jpg 747w, https:\/\/www.grupomedcof.com.br\/blog\/wp-content\/uploads\/2025\/03\/Blog-MedCof-2025-03-28T093533.985-150x84.jpg 150w, https:\/\/www.grupomedcof.com.br\/blog\/wp-content\/uploads\/2025\/03\/Blog-MedCof-2025-03-28T093533.985-696x392.jpg 696w, https:\/\/www.grupomedcof.com.br\/blog\/wp-content\/uploads\/2025\/03\/Blog-MedCof-2025-03-28T093533.985-1068x601.jpg 1068w, https:\/\/www.grupomedcof.com.br\/blog\/wp-content\/uploads\/2025\/03\/Blog-MedCof-2025-03-28T093533.985.jpg 1920w\" sizes=\"auto, (max-width: 1024px) 100vw, 1024px\" \/><\/figure>\n\n\n\n<p>De acordo com dados do boletim epidemiol\u00f3gico da Secretaria Estadual da Sa\u00fade do Estado de S\u00e3o Paulo, foi registrado, entre dezembro de 2024 e fevereiro deste ano, 20 \u00f3bitos decorrentes da febre amarela. Ao todo, foram confirmados 32 casos em todo o estado. Entenda melhor e saiba como se prevenir!<\/p>\n\n\n\n<h2 class=\"wp-block-heading\" id=\"h-casos-de-febre-amarela-em-sao-paulo\"><span class=\"ez-toc-section\" id=\"Casos_de_febre_amarela_em_Sao_Paulo\"><\/span><strong>Casos de febre amarela em S\u00e3o Paulo<\/strong><span class=\"ez-toc-section-end\"><\/span><\/h2>\n\n\n\n<p>O<a href=\"https:\/\/www.grupomedcof.com.br\/blog\/primeiro-caso-de-febre-amarela-em-humanos-e-detectado-em-sp-em-2025\/\" target=\"_blank\" rel=\"noreferrer noopener\"> <strong>primeiro caso do ano de febre amarela<\/strong><\/a> foi confirmado em janeiro deste ano, ap\u00f3s uma pessoa n\u00e3o vacinada passar o fim de semana em uma ch\u00e1cara em Socorro &#8211; SP. Agora, como j\u00e1 citado, o estado confirmou 32 casos no per\u00edodo de dezembro de 2024 e fevereiro de 2025, sendo o maior n\u00famero de casos registrados desde 2018. <\/p>\n\n\n\n<p>Segundo o boletim, 81% das pessoas infectadas pelo v\u00edrus n\u00e3o tinham sido vacinadas contra a doen\u00e7a. <\/p>\n\n\n\n<h2 class=\"wp-block-heading\" id=\"h-o-que-e-a-febre-amarela\"><span class=\"ez-toc-section\" id=\"O_que_e_a_febre_amarela\"><\/span><strong>O que \u00e9 a febre amarela?<\/strong><span class=\"ez-toc-section-end\"><\/span><\/h2>\n\n\n\n<p>A febre amarela \u00e9 uma doen\u00e7a infecciosa causada por um v\u00edrus transmitido pela picada de mosquito. Um indicador da presen\u00e7a dos mosquistos transmissores se d\u00e1 pela morte de macacos, que sofrem pela alta mortalidade quando contaminados. Assim, as equipes de sa\u00fade do munic\u00edpio devem sem informadas imediatamente quando ocorrer o avistamento de macacos mortos. <\/p>\n\n\n\n<h3 class=\"wp-block-heading\" id=\"h-como-se-prevenir-da-febre-amarela\"><span class=\"ez-toc-section\" id=\"Como_se_prevenir_da_febre_amarela\"><\/span><strong>Como se prevenir da febre amarela?<\/strong><span class=\"ez-toc-section-end\"><\/span><\/h3>\n\n\n\n<p>Segundo a\u00a0<strong>Secretaria de Estado da Sa\u00fade de S\u00e3o Paulo (SES-SP)<\/strong>, o principal meio de preven\u00e7\u00e3o contra a doen\u00e7a \u00e9 a\u00a0<strong>vacina\u00e7\u00e3o<\/strong>. A vacina \u00e9 oferecida para toda a popula\u00e7\u00e3o por meio do\u00a0<strong>Sistema \u00danico de Sa\u00fade (SUS)<\/strong>\u00a0desde 2017, por meio do esquema vacinal de uma\u00a0<strong>\u00fanica dose<\/strong>\u00a0ao longo da vida, em conformidade com as recomenda\u00e7\u00f5es da\u00a0<strong>Organiza\u00e7\u00e3o Mundial da Sa\u00fade (OMS).<\/strong><\/p>\n\n\n\n<p>A&nbsp;<strong>vacina contra a febre amarela (VFA)<\/strong>&nbsp;\u00e9 altamente eficaz, proporcionando imunidade em 95% a 99% dos adultos vacinados e cerca de 90% das crian\u00e7as pequenas. Algumas rea\u00e7\u00f5es podem ser notadas ap\u00f3s a vacina\u00e7\u00e3o, como hipersensibilidade e as manifesta\u00e7\u00f5es da pr\u00f3pria doen\u00e7a com o desenvolvimento dos sinais e sintomas observados.<a href=\"https:\/\/www.grupomedcof.com.br\/cofletters\/\"><\/a><\/p>\n\n\n\n<h2 class=\"wp-block-heading\"><span class=\"ez-toc-section\" id=\"Seja_um_MedCofer\"><\/span><strong>Seja um MedCofer!<\/strong><span class=\"ez-toc-section-end\"><\/span><\/h2>\n\n\n\n<p>Quer alcan\u00e7ar a aprova\u00e7\u00e3o nas provas de resid\u00eancia m\u00e9dica? Ent\u00e3o seja um&nbsp;<a href=\"https:\/\/www.grupomedcof.com.br\/home\/\" target=\"_blank\" rel=\"noreferrer noopener\"><strong>MedCofer<\/strong><\/a>! Aqui te ajudaremos na busca da aprova\u00e7\u00e3o com conte\u00fados de qualidade e uma metodologia que j\u00e1 aprovou mais de 10 mil residentes no pa\u00eds! Por fim, acesse o nosso<a href=\"https:\/\/www.youtube.com\/@GrupoMedcof\/featured\" target=\"_blank\" rel=\"noreferrer noopener\">&nbsp;<strong>canal do youtube&nbsp;<\/strong><\/a>para ver o nosso material.<\/p>\n\n\n\n<figure class=\"wp-block-embed is-type-video is-provider-youtube wp-block-embed-youtube wp-embed-aspect-16-9 wp-has-aspect-ratio\"><div class=\"wp-block-embed__wrapper\">\n<div class=\"youtube-embed\" data-video_id=\"geiGlJj6KS0\"><iframe loading=\"lazy\" title=\"Plant\u00e3o MedCof - Surto de Febre Maculosa: O que voc\u00ea deve saber?- com a Dra. Jaqueline Palazzo\" width=\"696\" height=\"392\" src=\"https:\/\/www.youtube.com\/embed\/geiGlJj6KS0?feature=oembed&#038;enablejsapi=1\" frameborder=\"0\" allow=\"accelerometer; autoplay; clipboard-write; encrypted-media; gyroscope; picture-in-picture; web-share\" referrerpolicy=\"strict-origin-when-cross-origin\" allowfullscreen><\/iframe><\/div>\n<\/div><\/figure>\n","protected":false},"excerpt":{"rendered":"<p>20 mortes detectadas em SP. Ao todo, foram confirmados 32 casos em todo o estado. Entenda melhor e saiba como se prevenir!<\/p>\n","protected":false},"author":20,"featured_media":34904,"comment_status":"closed","ping_status":"closed","sticky":false,"template":"","format":"standard","meta":{"footnotes":""},"categories":[240],"tags":[1565,805,2477],"ppma_author":[3616],"class_list":{"0":"post-34902","1":"post","2":"type-post","3":"status-publish","4":"format-standard","5":"has-post-thumbnail","7":"category-noticias","8":"tag-febre-amarela","9":"tag-sus","10":"tag-vacinacao-contra-febre-amarela"},"yoast_head":"<!-- This site is optimized with the Yoast SEO Premium plugin v24.3 (Yoast SEO v27.4) - https:\/\/yoast.com\/product\/yoast-seo-premium-wordpress\/ -->\n<title>20 mortes por febre amarela s\u00e3o registradas no Estado de S\u00e3o Paulo - Blog de Medcof: conte\u00fados, editais, revalida e mais!<\/title>\n<meta name=\"description\" content=\"20 mortes detectadas em SP. Ao todo, foram confirmados 32 casos em todo o estado. Entenda melhor e saiba como se prevenir!\" \/>\n<meta name=\"robots\" content=\"index, follow, max-snippet:-1, max-image-preview:large, max-video-preview:-1\" \/>\n<link rel=\"canonical\" href=\"https:\/\/www.grupomedcof.com.br\/blog\/20-mortes-por-febre-amarela-sao-registradas-no-estado-de-sao-paulo\/\" \/>\n<meta property=\"og:locale\" content=\"pt_BR\" \/>\n<meta property=\"og:type\" content=\"article\" \/>\n<meta property=\"og:title\" content=\"20 mortes por febre amarela s\u00e3o registradas no Estado de S\u00e3o Paulo\" \/>\n<meta property=\"og:description\" content=\"20 mortes detectadas em SP. Ao todo, foram confirmados 32 casos em todo o estado. Entenda melhor e saiba como se prevenir!\" \/>\n<meta property=\"og:url\" content=\"https:\/\/www.grupomedcof.com.br\/blog\/20-mortes-por-febre-amarela-sao-registradas-no-estado-de-sao-paulo\/\" \/>\n<meta property=\"og:site_name\" content=\"Blog de Medcof: conte\u00fados, editais, revalida e mais!\" \/>\n<meta property=\"article:publisher\" content=\"https:\/\/www.facebook.com\/MedCofQbank\/\" \/>\n<meta property=\"article:published_time\" content=\"2025-03-28T12:36:42+00:00\" \/>\n<meta property=\"article:modified_time\" content=\"2025-03-28T12:36:43+00:00\" \/>\n<meta property=\"og:image\" content=\"https:\/\/www.grupomedcof.com.br\/blog\/wp-content\/uploads\/2025\/03\/Blog-MedCof-2025-03-28T093533.985.jpg\" \/>\n\t<meta property=\"og:image:width\" content=\"1920\" \/>\n\t<meta property=\"og:image:height\" content=\"1080\" \/>\n\t<meta property=\"og:image:type\" content=\"image\/jpeg\" \/>\n<meta name=\"author\" content=\"Leila Menzel\" \/>\n<meta name=\"twitter:card\" content=\"summary_large_image\" \/>\n<meta name=\"twitter:label1\" content=\"Escrito por\" \/>\n\t<meta name=\"twitter:data1\" content=\"Leila Menzel\" \/>\n\t<meta name=\"twitter:label2\" content=\"Est. tempo de leitura\" \/>\n\t<meta name=\"twitter:data2\" content=\"3 minutos\" \/>\n<script type=\"application\/ld+json\" class=\"yoast-schema-graph\">{\"@context\":\"https:\\\/\\\/schema.org\",\"@graph\":[{\"@type\":\"Article\",\"@id\":\"https:\\\/\\\/www.grupomedcof.com.br\\\/blog\\\/20-mortes-por-febre-amarela-sao-registradas-no-estado-de-sao-paulo\\\/#article\",\"isPartOf\":{\"@id\":\"https:\\\/\\\/www.grupomedcof.com.br\\\/blog\\\/20-mortes-por-febre-amarela-sao-registradas-no-estado-de-sao-paulo\\\/\"},\"author\":{\"name\":\"Leila Menzel\",\"@id\":\"https:\\\/\\\/www.grupomedcof.com.br\\\/blog\\\/#\\\/schema\\\/person\\\/9a44c2184a836bf5ae6967fdb3a1451e\"},\"headline\":\"20 mortes por febre amarela s\u00e3o registradas no Estado de S\u00e3o Paulo\",\"datePublished\":\"2025-03-28T12:36:42+00:00\",\"dateModified\":\"2025-03-28T12:36:43+00:00\",\"mainEntityOfPage\":{\"@id\":\"https:\\\/\\\/www.grupomedcof.com.br\\\/blog\\\/20-mortes-por-febre-amarela-sao-registradas-no-estado-de-sao-paulo\\\/\"},\"wordCount\":415,\"publisher\":{\"@id\":\"https:\\\/\\\/www.grupomedcof.com.br\\\/blog\\\/#organization\"},\"image\":{\"@id\":\"https:\\\/\\\/www.grupomedcof.com.br\\\/blog\\\/20-mortes-por-febre-amarela-sao-registradas-no-estado-de-sao-paulo\\\/#primaryimage\"},\"thumbnailUrl\":\"https:\\\/\\\/www.grupomedcof.com.br\\\/blog\\\/wp-content\\\/uploads\\\/2025\\\/03\\\/Blog-MedCof-2025-03-28T093533.985.jpg\",\"keywords\":[\"Febre Amarela\",\"SUS\",\"Vacina\u00e7\u00e3o contra Febre Amarela\"],\"articleSection\":[\"Not\u00edcias\"],\"inLanguage\":\"pt-BR\"},{\"@type\":\"WebPage\",\"@id\":\"https:\\\/\\\/www.grupomedcof.com.br\\\/blog\\\/20-mortes-por-febre-amarela-sao-registradas-no-estado-de-sao-paulo\\\/\",\"url\":\"https:\\\/\\\/www.grupomedcof.com.br\\\/blog\\\/20-mortes-por-febre-amarela-sao-registradas-no-estado-de-sao-paulo\\\/\",\"name\":\"20 mortes por febre amarela s\u00e3o registradas no Estado de S\u00e3o Paulo - Blog de Medcof: conte\u00fados, editais, revalida e mais!\",\"isPartOf\":{\"@id\":\"https:\\\/\\\/www.grupomedcof.com.br\\\/blog\\\/#website\"},\"primaryImageOfPage\":{\"@id\":\"https:\\\/\\\/www.grupomedcof.com.br\\\/blog\\\/20-mortes-por-febre-amarela-sao-registradas-no-estado-de-sao-paulo\\\/#primaryimage\"},\"image\":{\"@id\":\"https:\\\/\\\/www.grupomedcof.com.br\\\/blog\\\/20-mortes-por-febre-amarela-sao-registradas-no-estado-de-sao-paulo\\\/#primaryimage\"},\"thumbnailUrl\":\"https:\\\/\\\/www.grupomedcof.com.br\\\/blog\\\/wp-content\\\/uploads\\\/2025\\\/03\\\/Blog-MedCof-2025-03-28T093533.985.jpg\",\"datePublished\":\"2025-03-28T12:36:42+00:00\",\"dateModified\":\"2025-03-28T12:36:43+00:00\",\"description\":\"20 mortes detectadas em SP. Ao todo, foram confirmados 32 casos em todo o estado. Entenda melhor e saiba como se prevenir!\",\"breadcrumb\":{\"@id\":\"https:\\\/\\\/www.grupomedcof.com.br\\\/blog\\\/20-mortes-por-febre-amarela-sao-registradas-no-estado-de-sao-paulo\\\/#breadcrumb\"},\"inLanguage\":\"pt-BR\",\"potentialAction\":[{\"@type\":\"ReadAction\",\"target\":[\"https:\\\/\\\/www.grupomedcof.com.br\\\/blog\\\/20-mortes-por-febre-amarela-sao-registradas-no-estado-de-sao-paulo\\\/\"]}]},{\"@type\":\"ImageObject\",\"inLanguage\":\"pt-BR\",\"@id\":\"https:\\\/\\\/www.grupomedcof.com.br\\\/blog\\\/20-mortes-por-febre-amarela-sao-registradas-no-estado-de-sao-paulo\\\/#primaryimage\",\"url\":\"https:\\\/\\\/www.grupomedcof.com.br\\\/blog\\\/wp-content\\\/uploads\\\/2025\\\/03\\\/Blog-MedCof-2025-03-28T093533.985.jpg\",\"contentUrl\":\"https:\\\/\\\/www.grupomedcof.com.br\\\/blog\\\/wp-content\\\/uploads\\\/2025\\\/03\\\/Blog-MedCof-2025-03-28T093533.985.jpg\",\"width\":1920,\"height\":1080},{\"@type\":\"BreadcrumbList\",\"@id\":\"https:\\\/\\\/www.grupomedcof.com.br\\\/blog\\\/20-mortes-por-febre-amarela-sao-registradas-no-estado-de-sao-paulo\\\/#breadcrumb\",\"itemListElement\":[{\"@type\":\"ListItem\",\"position\":1,\"name\":\"In\u00edcio\",\"item\":\"https:\\\/\\\/www.grupomedcof.com.br\\\/blog\\\/\"},{\"@type\":\"ListItem\",\"position\":2,\"name\":\"20 mortes por febre amarela s\u00e3o registradas no Estado de S\u00e3o Paulo\"}]},{\"@type\":\"WebSite\",\"@id\":\"https:\\\/\\\/www.grupomedcof.com.br\\\/blog\\\/#website\",\"url\":\"https:\\\/\\\/www.grupomedcof.com.br\\\/blog\\\/\",\"name\":\"Blog de Medcof: conte\u00fados, editais, revalida e mais!\",\"description\":\"Acesso o blog de MedCof! Seu portal de conte\u00fados sobre resid\u00eancia m\u00e9dica, an\u00e1lise e editais e muito mais. Clique e confira!\",\"publisher\":{\"@id\":\"https:\\\/\\\/www.grupomedcof.com.br\\\/blog\\\/#organization\"},\"alternateName\":\"Blog de Medcof: conte\u00fados, editais, revalida e mais!\",\"potentialAction\":[{\"@type\":\"SearchAction\",\"target\":{\"@type\":\"EntryPoint\",\"urlTemplate\":\"https:\\\/\\\/www.grupomedcof.com.br\\\/blog\\\/?s={search_term_string}\"},\"query-input\":{\"@type\":\"PropertyValueSpecification\",\"valueRequired\":true,\"valueName\":\"search_term_string\"}}],\"inLanguage\":\"pt-BR\"},{\"@type\":\"Organization\",\"@id\":\"https:\\\/\\\/www.grupomedcof.com.br\\\/blog\\\/#organization\",\"name\":\"Grupo MedCof\",\"url\":\"https:\\\/\\\/www.grupomedcof.com.br\\\/blog\\\/\",\"logo\":{\"@type\":\"ImageObject\",\"inLanguage\":\"pt-BR\",\"@id\":\"https:\\\/\\\/www.grupomedcof.com.br\\\/blog\\\/#\\\/schema\\\/logo\\\/image\\\/\",\"url\":\"https:\\\/\\\/www.grupomedcof.com.br\\\/blog\\\/wp-content\\\/uploads\\\/2022\\\/01\\\/logo-medcof.png\",\"contentUrl\":\"https:\\\/\\\/www.grupomedcof.com.br\\\/blog\\\/wp-content\\\/uploads\\\/2022\\\/01\\\/logo-medcof.png\",\"width\":768,\"height\":269,\"caption\":\"Grupo MedCof\"},\"image\":{\"@id\":\"https:\\\/\\\/www.grupomedcof.com.br\\\/blog\\\/#\\\/schema\\\/logo\\\/image\\\/\"},\"sameAs\":[\"https:\\\/\\\/www.facebook.com\\\/MedCofQbank\\\/\",\"https:\\\/\\\/www.instagram.com\\\/grupomedcof\\\/\",\"https:\\\/\\\/br.linkedin.com\\\/company\\\/medcof\",\"https:\\\/\\\/www.youtube.com\\\/channel\\\/UCdHMuOHKICxcHwecxN8P-AA\"]},{\"@type\":\"Person\",\"@id\":\"https:\\\/\\\/www.grupomedcof.com.br\\\/blog\\\/#\\\/schema\\\/person\\\/9a44c2184a836bf5ae6967fdb3a1451e\",\"name\":\"Leila Menzel\",\"image\":{\"@type\":\"ImageObject\",\"inLanguage\":\"pt-BR\",\"@id\":\"https:\\\/\\\/www.grupomedcof.com.br\\\/blog\\\/wp-content\\\/uploads\\\/2025\\\/09\\\/cropped-eu-96x96.jpeg19a74936d997c0a8b3031618467fa1d0\",\"url\":\"https:\\\/\\\/www.grupomedcof.com.br\\\/blog\\\/wp-content\\\/uploads\\\/2025\\\/09\\\/cropped-eu-96x96.jpeg\",\"contentUrl\":\"https:\\\/\\\/www.grupomedcof.com.br\\\/blog\\\/wp-content\\\/uploads\\\/2025\\\/09\\\/cropped-eu-96x96.jpeg\",\"caption\":\"Leila Menzel\"},\"description\":\"Estudante do 6\u00b0 semestre de jornalismo, amo e escrevo poesias e viajo em livros de romances clich\u00eas.\",\"url\":\"https:\\\/\\\/www.grupomedcof.com.br\\\/blog\\\/author\\\/leila-menzel\\\/\"}]}<\/script>\n<!-- \/ Yoast SEO Premium plugin. -->","yoast_head_json":{"title":"20 mortes por febre amarela s\u00e3o registradas no Estado de S\u00e3o Paulo - Blog de Medcof: conte\u00fados, editais, revalida e mais!","description":"20 mortes detectadas em SP. Ao todo, foram confirmados 32 casos em todo o estado. Entenda melhor e saiba como se prevenir!","robots":{"index":"index","follow":"follow","max-snippet":"max-snippet:-1","max-image-preview":"max-image-preview:large","max-video-preview":"max-video-preview:-1"},"canonical":"https:\/\/www.grupomedcof.com.br\/blog\/20-mortes-por-febre-amarela-sao-registradas-no-estado-de-sao-paulo\/","og_locale":"pt_BR","og_type":"article","og_title":"20 mortes por febre amarela s\u00e3o registradas no Estado de S\u00e3o Paulo","og_description":"20 mortes detectadas em SP. Ao todo, foram confirmados 32 casos em todo o estado. Entenda melhor e saiba como se prevenir!","og_url":"https:\/\/www.grupomedcof.com.br\/blog\/20-mortes-por-febre-amarela-sao-registradas-no-estado-de-sao-paulo\/","og_site_name":"Blog de Medcof: conte\u00fados, editais, revalida e mais!","article_publisher":"https:\/\/www.facebook.com\/MedCofQbank\/","article_published_time":"2025-03-28T12:36:42+00:00","article_modified_time":"2025-03-28T12:36:43+00:00","og_image":[{"width":1920,"height":1080,"url":"https:\/\/www.grupomedcof.com.br\/blog\/wp-content\/uploads\/2025\/03\/Blog-MedCof-2025-03-28T093533.985.jpg","type":"image\/jpeg"}],"author":"Leila Menzel","twitter_card":"summary_large_image","twitter_misc":{"Escrito por":"Leila Menzel","Est. tempo de leitura":"3 minutos"},"schema":{"@context":"https:\/\/schema.org","@graph":[{"@type":"Article","@id":"https:\/\/www.grupomedcof.com.br\/blog\/20-mortes-por-febre-amarela-sao-registradas-no-estado-de-sao-paulo\/#article","isPartOf":{"@id":"https:\/\/www.grupomedcof.com.br\/blog\/20-mortes-por-febre-amarela-sao-registradas-no-estado-de-sao-paulo\/"},"author":{"name":"Leila Menzel","@id":"https:\/\/www.grupomedcof.com.br\/blog\/#\/schema\/person\/9a44c2184a836bf5ae6967fdb3a1451e"},"headline":"20 mortes por febre amarela s\u00e3o registradas no Estado de S\u00e3o Paulo","datePublished":"2025-03-28T12:36:42+00:00","dateModified":"2025-03-28T12:36:43+00:00","mainEntityOfPage":{"@id":"https:\/\/www.grupomedcof.com.br\/blog\/20-mortes-por-febre-amarela-sao-registradas-no-estado-de-sao-paulo\/"},"wordCount":415,"publisher":{"@id":"https:\/\/www.grupomedcof.com.br\/blog\/#organization"},"image":{"@id":"https:\/\/www.grupomedcof.com.br\/blog\/20-mortes-por-febre-amarela-sao-registradas-no-estado-de-sao-paulo\/#primaryimage"},"thumbnailUrl":"https:\/\/www.grupomedcof.com.br\/blog\/wp-content\/uploads\/2025\/03\/Blog-MedCof-2025-03-28T093533.985.jpg","keywords":["Febre Amarela","SUS","Vacina\u00e7\u00e3o contra Febre Amarela"],"articleSection":["Not\u00edcias"],"inLanguage":"pt-BR"},{"@type":"WebPage","@id":"https:\/\/www.grupomedcof.com.br\/blog\/20-mortes-por-febre-amarela-sao-registradas-no-estado-de-sao-paulo\/","url":"https:\/\/www.grupomedcof.com.br\/blog\/20-mortes-por-febre-amarela-sao-registradas-no-estado-de-sao-paulo\/","name":"20 mortes por febre amarela s\u00e3o registradas no Estado de S\u00e3o Paulo - Blog de Medcof: conte\u00fados, editais, revalida e mais!","isPartOf":{"@id":"https:\/\/www.grupomedcof.com.br\/blog\/#website"},"primaryImageOfPage":{"@id":"https:\/\/www.grupomedcof.com.br\/blog\/20-mortes-por-febre-amarela-sao-registradas-no-estado-de-sao-paulo\/#primaryimage"},"image":{"@id":"https:\/\/www.grupomedcof.com.br\/blog\/20-mortes-por-febre-amarela-sao-registradas-no-estado-de-sao-paulo\/#primaryimage"},"thumbnailUrl":"https:\/\/www.grupomedcof.com.br\/blog\/wp-content\/uploads\/2025\/03\/Blog-MedCof-2025-03-28T093533.985.jpg","datePublished":"2025-03-28T12:36:42+00:00","dateModified":"2025-03-28T12:36:43+00:00","description":"20 mortes detectadas em SP. Ao todo, foram confirmados 32 casos em todo o estado. Entenda melhor e saiba como se prevenir!","breadcrumb":{"@id":"https:\/\/www.grupomedcof.com.br\/blog\/20-mortes-por-febre-amarela-sao-registradas-no-estado-de-sao-paulo\/#breadcrumb"},"inLanguage":"pt-BR","potentialAction":[{"@type":"ReadAction","target":["https:\/\/www.grupomedcof.com.br\/blog\/20-mortes-por-febre-amarela-sao-registradas-no-estado-de-sao-paulo\/"]}]},{"@type":"ImageObject","inLanguage":"pt-BR","@id":"https:\/\/www.grupomedcof.com.br\/blog\/20-mortes-por-febre-amarela-sao-registradas-no-estado-de-sao-paulo\/#primaryimage","url":"https:\/\/www.grupomedcof.com.br\/blog\/wp-content\/uploads\/2025\/03\/Blog-MedCof-2025-03-28T093533.985.jpg","contentUrl":"https:\/\/www.grupomedcof.com.br\/blog\/wp-content\/uploads\/2025\/03\/Blog-MedCof-2025-03-28T093533.985.jpg","width":1920,"height":1080},{"@type":"BreadcrumbList","@id":"https:\/\/www.grupomedcof.com.br\/blog\/20-mortes-por-febre-amarela-sao-registradas-no-estado-de-sao-paulo\/#breadcrumb","itemListElement":[{"@type":"ListItem","position":1,"name":"In\u00edcio","item":"https:\/\/www.grupomedcof.com.br\/blog\/"},{"@type":"ListItem","position":2,"name":"20 mortes por febre amarela s\u00e3o registradas no Estado de S\u00e3o Paulo"}]},{"@type":"WebSite","@id":"https:\/\/www.grupomedcof.com.br\/blog\/#website","url":"https:\/\/www.grupomedcof.com.br\/blog\/","name":"Blog de Medcof: conte\u00fados, editais, revalida e mais!","description":"Acesso o blog de MedCof! Seu portal de conte\u00fados sobre resid\u00eancia m\u00e9dica, an\u00e1lise e editais e muito mais. Clique e confira!","publisher":{"@id":"https:\/\/www.grupomedcof.com.br\/blog\/#organization"},"alternateName":"Blog de Medcof: conte\u00fados, editais, revalida e mais!","potentialAction":[{"@type":"SearchAction","target":{"@type":"EntryPoint","urlTemplate":"https:\/\/www.grupomedcof.com.br\/blog\/?s={search_term_string}"},"query-input":{"@type":"PropertyValueSpecification","valueRequired":true,"valueName":"search_term_string"}}],"inLanguage":"pt-BR"},{"@type":"Organization","@id":"https:\/\/www.grupomedcof.com.br\/blog\/#organization","name":"Grupo MedCof","url":"https:\/\/www.grupomedcof.com.br\/blog\/","logo":{"@type":"ImageObject","inLanguage":"pt-BR","@id":"https:\/\/www.grupomedcof.com.br\/blog\/#\/schema\/logo\/image\/","url":"https:\/\/www.grupomedcof.com.br\/blog\/wp-content\/uploads\/2022\/01\/logo-medcof.png","contentUrl":"https:\/\/www.grupomedcof.com.br\/blog\/wp-content\/uploads\/2022\/01\/logo-medcof.png","width":768,"height":269,"caption":"Grupo MedCof"},"image":{"@id":"https:\/\/www.grupomedcof.com.br\/blog\/#\/schema\/logo\/image\/"},"sameAs":["https:\/\/www.facebook.com\/MedCofQbank\/","https:\/\/www.instagram.com\/grupomedcof\/","https:\/\/br.linkedin.com\/company\/medcof","https:\/\/www.youtube.com\/channel\/UCdHMuOHKICxcHwecxN8P-AA"]},{"@type":"Person","@id":"https:\/\/www.grupomedcof.com.br\/blog\/#\/schema\/person\/9a44c2184a836bf5ae6967fdb3a1451e","name":"Leila Menzel","image":{"@type":"ImageObject","inLanguage":"pt-BR","@id":"https:\/\/www.grupomedcof.com.br\/blog\/wp-content\/uploads\/2025\/09\/cropped-eu-96x96.jpeg19a74936d997c0a8b3031618467fa1d0","url":"https:\/\/www.grupomedcof.com.br\/blog\/wp-content\/uploads\/2025\/09\/cropped-eu-96x96.jpeg","contentUrl":"https:\/\/www.grupomedcof.com.br\/blog\/wp-content\/uploads\/2025\/09\/cropped-eu-96x96.jpeg","caption":"Leila Menzel"},"description":"Estudante do 6\u00b0 semestre de jornalismo, amo e escrevo poesias e viajo em livros de romances clich\u00eas.","url":"https:\/\/www.grupomedcof.com.br\/blog\/author\/leila-menzel\/"}]}},"authors":[{"term_id":3616,"user_id":20,"is_guest":0,"slug":"leila-menzel","display_name":"Leila Menzel","avatar_url":"https:\/\/www.grupomedcof.com.br\/blog\/wp-content\/uploads\/2025\/09\/cropped-eu-96x96.jpeg","0":null,"1":"","2":"","3":"","4":"","5":"","6":"","7":"","8":""}],"_links":{"self":[{"href":"https:\/\/www.grupomedcof.com.br\/blog\/wp-json\/wp\/v2\/posts\/34902","targetHints":{"allow":["GET"]}}],"collection":[{"href":"https:\/\/www.grupomedcof.com.br\/blog\/wp-json\/wp\/v2\/posts"}],"about":[{"href":"https:\/\/www.grupomedcof.com.br\/blog\/wp-json\/wp\/v2\/types\/post"}],"author":[{"embeddable":true,"href":"https:\/\/www.grupomedcof.com.br\/blog\/wp-json\/wp\/v2\/users\/20"}],"replies":[{"embeddable":true,"href":"https:\/\/www.grupomedcof.com.br\/blog\/wp-json\/wp\/v2\/comments?post=34902"}],"version-history":[{"count":0,"href":"https:\/\/www.grupomedcof.com.br\/blog\/wp-json\/wp\/v2\/posts\/34902\/revisions"}],"wp:featuredmedia":[{"embeddable":true,"href":"https:\/\/www.grupomedcof.com.br\/blog\/wp-json\/wp\/v2\/media\/34904"}],"wp:attachment":[{"href":"https:\/\/www.grupomedcof.com.br\/blog\/wp-json\/wp\/v2\/media?parent=34902"}],"wp:term":[{"taxonomy":"category","embeddable":true,"href":"https:\/\/www.grupomedcof.com.br\/blog\/wp-json\/wp\/v2\/categories?post=34902"},{"taxonomy":"post_tag","embeddable":true,"href":"https:\/\/www.grupomedcof.com.br\/blog\/wp-json\/wp\/v2\/tags?post=34902"},{"taxonomy":"author","embeddable":true,"href":"https:\/\/www.grupomedcof.com.br\/blog\/wp-json\/wp\/v2\/ppma_author?post=34902"}],"curies":[{"name":"wp","href":"https:\/\/api.w.org\/{rel}","templated":true}]}}