{"id":34986,"date":"2025-04-04T11:36:47","date_gmt":"2025-04-04T14:36:47","guid":{"rendered":"https:\/\/www.grupomedcof.com.br\/blog\/?p=34986"},"modified":"2025-04-30T13:32:52","modified_gmt":"2025-04-30T16:32:52","slug":"dia-do-parkinsoniano-a-pessoa-alem-da-doenca","status":"publish","type":"post","link":"https:\/\/www.grupomedcof.com.br\/blog\/dia-do-parkinsoniano-a-pessoa-alem-da-doenca\/","title":{"rendered":"Dia do Parkinsoniano: a pessoa al\u00e9m da doen\u00e7a"},"content":{"rendered":"<div id=\"ez-toc-container\" class=\"ez-toc-v2_0_74 counter-hierarchy ez-toc-counter ez-toc-transparent ez-toc-container-direction\">\n<div class=\"ez-toc-title-container\">\n<p class=\"ez-toc-title\" style=\"cursor:inherit\">Sum\u00e1rio<\/p>\n<span class=\"ez-toc-title-toggle\"><a href=\"#\" class=\"ez-toc-pull-right ez-toc-btn ez-toc-btn-xs ez-toc-btn-default ez-toc-toggle\" aria-label=\"Alternar tabela de conte\u00fado\"><span class=\"ez-toc-js-icon-con\"><span class=\"\"><span class=\"eztoc-hide\" style=\"display:none;\">Toggle<\/span><span class=\"ez-toc-icon-toggle-span\"><svg style=\"fill: #999;color:#999\" xmlns=\"http:\/\/www.w3.org\/2000\/svg\" class=\"list-377408\" width=\"20px\" height=\"20px\" viewBox=\"0 0 24 24\" fill=\"none\"><path d=\"M6 6H4v2h2V6zm14 0H8v2h12V6zM4 11h2v2H4v-2zm16 0H8v2h12v-2zM4 16h2v2H4v-2zm16 0H8v2h12v-2z\" fill=\"currentColor\"><\/path><\/svg><svg style=\"fill: #999;color:#999\" class=\"arrow-unsorted-368013\" xmlns=\"http:\/\/www.w3.org\/2000\/svg\" width=\"10px\" height=\"10px\" viewBox=\"0 0 24 24\" version=\"1.2\" baseProfile=\"tiny\"><path d=\"M18.2 9.3l-6.2-6.3-6.2 6.3c-.2.2-.3.4-.3.7s.1.5.3.7c.2.2.4.3.7.3h11c.3 0 .5-.1.7-.3.2-.2.3-.5.3-.7s-.1-.5-.3-.7zM5.8 14.7l6.2 6.3 6.2-6.3c.2-.2.3-.5.3-.7s-.1-.5-.3-.7c-.2-.2-.4-.3-.7-.3h-11c-.3 0-.5.1-.7.3-.2.2-.3.5-.3.7s.1.5.3.7z\"\/><\/svg><\/span><\/span><\/span><\/a><\/span><\/div>\n<nav><ul class='ez-toc-list ez-toc-list-level-1 ' ><li class='ez-toc-page-1 ez-toc-heading-level-2'><a class=\"ez-toc-link ez-toc-heading-1\" href=\"https:\/\/www.grupomedcof.com.br\/blog\/dia-do-parkinsoniano-a-pessoa-alem-da-doenca\/#Dia_Nacional_do_Parkinsoniano\" >Dia Nacional do Parkinsoniano&nbsp;<\/a><\/li><li class='ez-toc-page-1 ez-toc-heading-level-2'><a class=\"ez-toc-link ez-toc-heading-2\" href=\"https:\/\/www.grupomedcof.com.br\/blog\/dia-do-parkinsoniano-a-pessoa-alem-da-doenca\/#Dados_epidemiologicos\" >Dados epidemiol\u00f3gicos<\/a><\/li><li class='ez-toc-page-1 ez-toc-heading-level-2'><a class=\"ez-toc-link ez-toc-heading-3\" href=\"https:\/\/www.grupomedcof.com.br\/blog\/dia-do-parkinsoniano-a-pessoa-alem-da-doenca\/#Conceitos_Iniciais_e_Fisiopatologia\" >Conceitos Iniciais e Fisiopatologia<\/a><\/li><li class='ez-toc-page-1 ez-toc-heading-level-2'><a class=\"ez-toc-link ez-toc-heading-4\" href=\"https:\/\/www.grupomedcof.com.br\/blog\/dia-do-parkinsoniano-a-pessoa-alem-da-doenca\/#Quadro_Clinico\" >Quadro Cl\u00ednico<\/a><\/li><li class='ez-toc-page-1 ez-toc-heading-level-2'><a class=\"ez-toc-link ez-toc-heading-5\" href=\"https:\/\/www.grupomedcof.com.br\/blog\/dia-do-parkinsoniano-a-pessoa-alem-da-doenca\/#Diagnostico_da_Doenca_de_Parkinson\" >Diagn\u00f3stico da Doen\u00e7a de Parkinson<\/a><\/li><li class='ez-toc-page-1 ez-toc-heading-level-2'><a class=\"ez-toc-link ez-toc-heading-6\" href=\"https:\/\/www.grupomedcof.com.br\/blog\/dia-do-parkinsoniano-a-pessoa-alem-da-doenca\/#Como_e_o_tratamento_da_Doenca_de_Parkinson\" >Como \u00e9 o tratamento da Doen\u00e7a de Parkinson?<\/a><\/li><li class='ez-toc-page-1 ez-toc-heading-level-2'><a class=\"ez-toc-link ez-toc-heading-7\" href=\"https:\/\/www.grupomedcof.com.br\/blog\/dia-do-parkinsoniano-a-pessoa-alem-da-doenca\/#Diagnostico_diferencial\" >Diagnostico diferencial&nbsp;<\/a><\/li><li class='ez-toc-page-1 ez-toc-heading-level-2'><a class=\"ez-toc-link ez-toc-heading-8\" href=\"https:\/\/www.grupomedcof.com.br\/blog\/dia-do-parkinsoniano-a-pessoa-alem-da-doenca\/#Seja_um_MedCofer\" >Seja um MedCofer!<\/a><\/li><\/ul><\/nav><\/div>\n\n<figure class=\"wp-block-image size-large\"><img loading=\"lazy\" decoding=\"async\" width=\"1024\" height=\"576\" src=\"https:\/\/www.grupomedcof.com.br\/blog\/wp-content\/uploads\/2025\/04\/Blog-MedCof-2025-04-03T120852.110-1024x576.jpg\" alt=\"\" class=\"wp-image-34989\" srcset=\"https:\/\/www.grupomedcof.com.br\/blog\/wp-content\/uploads\/2025\/04\/Blog-MedCof-2025-04-03T120852.110-1024x576.jpg 1024w, https:\/\/www.grupomedcof.com.br\/blog\/wp-content\/uploads\/2025\/04\/Blog-MedCof-2025-04-03T120852.110-300x169.jpg 300w, https:\/\/www.grupomedcof.com.br\/blog\/wp-content\/uploads\/2025\/04\/Blog-MedCof-2025-04-03T120852.110-768x432.jpg 768w, https:\/\/www.grupomedcof.com.br\/blog\/wp-content\/uploads\/2025\/04\/Blog-MedCof-2025-04-03T120852.110-1536x864.jpg 1536w, https:\/\/www.grupomedcof.com.br\/blog\/wp-content\/uploads\/2025\/04\/Blog-MedCof-2025-04-03T120852.110-747x420.jpg 747w, https:\/\/www.grupomedcof.com.br\/blog\/wp-content\/uploads\/2025\/04\/Blog-MedCof-2025-04-03T120852.110-150x84.jpg 150w, https:\/\/www.grupomedcof.com.br\/blog\/wp-content\/uploads\/2025\/04\/Blog-MedCof-2025-04-03T120852.110-696x392.jpg 696w, https:\/\/www.grupomedcof.com.br\/blog\/wp-content\/uploads\/2025\/04\/Blog-MedCof-2025-04-03T120852.110-1068x601.jpg 1068w, https:\/\/www.grupomedcof.com.br\/blog\/wp-content\/uploads\/2025\/04\/Blog-MedCof-2025-04-03T120852.110.jpg 1920w\" sizes=\"auto, (max-width: 1024px) 100vw, 1024px\" \/><\/figure>\n\n\n\n<h2 class=\"wp-block-heading\" id=\"h-dia-nacional-do-parkinsoniano-nbsp\"><span class=\"ez-toc-section\" id=\"Dia_Nacional_do_Parkinsoniano\"><\/span><strong>Dia Nacional do Parkinsoniano&nbsp;<\/strong><span class=\"ez-toc-section-end\"><\/span><\/h2>\n\n\n\n<p>No Brasil, al\u00e9m do Dia Mundial da Doen\u00e7a de Parkinson, celebrado em 11 de abril, \u00e9 tamb\u00e9m comemorado o Dia Nacional do Parkinsoniano em 4 de abril. Essa data visa aumentar a visibilidade das pessoas diagnosticadas com essa condi\u00e7\u00e3o neurodegenerativa.<\/p>\n\n\n\n<h2 class=\"wp-block-heading\" id=\"h-dados-epidemiologicos\"><span class=\"ez-toc-section\" id=\"Dados_epidemiologicos\"><\/span><strong>Dados epidemiol\u00f3gicos<\/strong><span class=\"ez-toc-section-end\"><\/span><\/h2>\n\n\n\n<p>De acordo com os dados da Organiza\u00e7\u00e3o Mundial da Sa\u00fade (OMS), existem aproximadamente 4 milh\u00f5es de pessoas no mundo com a doen\u00e7a. Com o aumento da expectativa de vida e o envelhecimento da popula\u00e7\u00e3o, esse n\u00famero pode dobrar at\u00e9 2040. Para residentes em neurologia, geriatria e outras especialidades, o conhecimento aprofundado sobre a DP \u00e9 essencial para oferecer um atendimento de qualidade e melhorar a vida dos pacientes.<\/p>\n\n\n\n<figure class=\"wp-block-image is-resized\"><img decoding=\"async\" src=\"https:\/\/lh7-rt.googleusercontent.com\/docsz\/AD_4nXeedswT7aT3JdefJwHyItNdkBrCz3uERWLL0xOi-oQv-KTuXOImnBFZYVoGZ6qsEtHbDgOjqESnHDRNVS419vC7bnodHQYKXqC1F43n0FM-h9px8gmzg-DIkFGrz12V7AQoPbFzLA?key=nw2IyMXP6gvcjGedq_ZjqZ80\" alt=\"\" style=\"width:454px;height:auto\"\/><figcaption class=\"wp-element-caption\">Idoso com Doen\u00e7a de Parkinson recebendo aux\u00edlio para se movimentar. Fonte: Pinterest.<br><\/figcaption><\/figure>\n\n\n\n<h2 class=\"wp-block-heading\" id=\"h-conceitos-iniciais-e-fisiopatologia\"><span class=\"ez-toc-section\" id=\"Conceitos_Iniciais_e_Fisiopatologia\"><\/span><strong>Conceitos Iniciais e Fisiopatologia<\/strong><span class=\"ez-toc-section-end\"><\/span><\/h2>\n\n\n\n<p>A <strong>Doen\u00e7a de Parkinson (DP) <\/strong>\u00e9 a <strong>segunda doen\u00e7a neurodegenerativa mais comum<\/strong>, perdendo apenas para a <a href=\"https:\/\/www.grupomedcof.com.br\/blog\/pesquisas-indicam-que-alzheimer-pode-ser-causado-por-infeccao-na-gengiva\/\"><strong>Doen\u00e7a de Alzheimer<\/strong><\/a>. Afeta principalmente indiv\u00edduos com mais de 60-65 anos, com uma preval\u00eancia de 2-3% na popula\u00e7\u00e3o acima de 65 anos. \u00c9 caracterizada por um <strong>dist\u00farbio predominantemente motor, progressivo e mais comum no sexo masculino<\/strong>.<\/p>\n\n\n\n<figure class=\"wp-block-image is-resized\"><img decoding=\"async\" src=\"https:\/\/lh7-rt.googleusercontent.com\/docsz\/AD_4nXefzH4smPYEJj2usiqKtwEgkrXeIMsOQ4W-okVN5Da66maiIrDwLsG_Jc6AhuELWXaJBjdLdA0zcARqVEXyRkY89EGJTgme836H1CxqlfwKouOf3yLDix4HqBnApGVJmWhYFfGoUg?key=nw2IyMXP6gvcjGedq_ZjqZ80\" alt=\"\" style=\"width:509px;height:auto\"\/><figcaption class=\"wp-element-caption\">Idoso sofrendo com os movimentos Parkinsonianos. Fonte: Freepik<\/figcaption><\/figure>\n\n\n\n<p>A fisiopatologia da DP envolve a deple\u00e7\u00e3o de dopamina devido \u00e0 morte de neur\u00f4nios na subst\u00e2ncia negra do mesenc\u00e9falo e nos n\u00facleos da base. Essa defici\u00eancia na transmiss\u00e3o dopamin\u00e9rgica na via nigroestriatal leva aos sintomas motores caracter\u00edsticos da doen\u00e7a. Al\u00e9m disso, a presen\u00e7a de dep\u00f3sitos anormais da alfa-sinucle\u00edna, com ac\u00famulo na subst\u00e2ncia negra e no tronco encef\u00e1lico, resulta na forma\u00e7\u00e3o dos Corpos de Lewy.<\/p>\n\n\n\n<figure class=\"wp-block-image is-resized\"><img decoding=\"async\" src=\"https:\/\/lh7-rt.googleusercontent.com\/docsz\/AD_4nXcz-sE4kBPmCKlpzmfsEvdTq8TnfSfYhJBzrDT9RDXFW1QFDAhg1wEaw7dIVS1rjGTLch1_0pXZz5NCMHkJBopOu8vCNvbrmfe0vkoWsUTByaX3vIHDZBY1mgF9KWTPFi6DKrNkSw?key=nw2IyMXP6gvcjGedq_ZjqZ80\" alt=\"\" style=\"width:409px;height:auto\"\/><figcaption class=\"wp-element-caption\">Ilustra\u00e7\u00e3o das mudan\u00e7as neurol\u00f3gicas que ocorrem no Parkinson. Fonte: <a href=\"https:\/\/www.criasaude.com.br\/N4007\/doencas\/doenca-de-parkinson.html#gsc.tab=0\" target=\"_blank\" rel=\"noreferrer noopener\">CriaSa\u00fade.<\/a><\/figcaption><\/figure>\n\n\n\n<h2 class=\"wp-block-heading\" id=\"h-quadro-clinico\"><span class=\"ez-toc-section\" id=\"Quadro_Clinico\"><\/span><strong>Quadro Cl\u00ednico<\/strong><span class=\"ez-toc-section-end\"><\/span><\/h2>\n\n\n\n<p>O quadro cl\u00ednico da DP \u00e9 composto por sintomas motores e n\u00e3o motores. Os sintomas motores incluem <strong>bradicinesia, tremor de repouso, rigidez pl\u00e1stica<\/strong> (em &#8220;roda denteada&#8221;) e <strong>instabilidade postural<\/strong> (que surge ap\u00f3s 5-10 anos de doen\u00e7a). \u00c9 importante ressaltar que o in\u00edcio dos sintomas \u00e9 sempre assim\u00e9trico.<\/p>\n\n\n\n<figure class=\"wp-block-image\"><img decoding=\"async\" src=\"https:\/\/lh7-rt.googleusercontent.com\/docsz\/AD_4nXcbsRQaWLdcH9i3rOQG9X5EghzSLMjwsS_uDtNRi-CZ8h1rUPs0quO3c_oXEdxLIMsBSqwo7pb2U6do-eIsl194ru5LIVBzovvQY6FunHK1z3bNnbRJ1uDfzkqI3c0byWqav_XZ2g?key=nw2IyMXP6gvcjGedq_ZjqZ80\" alt=\"\"\/><figcaption class=\"wp-element-caption\">Quadro de Sintomas Cardinais percept\u00edveis na cl\u00ednica. Fonte: Acervo de Ilustra\u00e7\u00f5es do Grupo MedCof.<\/figcaption><\/figure>\n\n\n\n<p>Os sintomas n\u00e3o motores, muitas vezes negligenciados, podem preceder os sintomas motores em muitos anos e incluem <strong>constipa\u00e7\u00e3o intestinal, depress\u00e3o, anosmia\/hiposmia e transtorno comportamental do sono REM <\/strong>(TCSR). A identifica\u00e7\u00e3o desses sintomas \u00e9 <strong>crucial para o diagn\u00f3stico precoce<\/strong> da DP.<\/p>\n\n\n\n<h2 class=\"wp-block-heading\" id=\"h-diagnostico-da-doenca-de-parkinson\"><span class=\"ez-toc-section\" id=\"Diagnostico_da_Doenca_de_Parkinson\"><\/span><strong>Diagn\u00f3stico<\/strong> <strong>da Doen\u00e7a de Parkinson<\/strong><span class=\"ez-toc-section-end\"><\/span><\/h2>\n\n\n\n<p>O diagn\u00f3stico da DP \u00e9 essencialmente cl\u00ednico, baseado nos crit\u00e9rios diagn\u00f3sticos do <strong>Banco de C\u00e9rebro de Londres<\/strong> ou nos crit\u00e9rios da <strong>Sociedade Internacional de Dist\u00farbios de Movimento.<\/strong> Os crit\u00e9rios do Banco de C\u00e9rebro de Londres incluem:<\/p>\n\n\n\n<figure class=\"wp-block-image\"><img decoding=\"async\" src=\"https:\/\/lh7-rt.googleusercontent.com\/docsz\/AD_4nXeTGT5jBerkvGKCNibXUyQ_8-nOu2hSTf7eFpe4PbUW5xVAyZbJOC3ILdjiLVeYbKnM2fkYNcDi1ruCtiaPnktMOc__GOXC95I9em-eqmnPfu6yGAt9ubF6tkYMRAOsTFgC9XvJoQ?key=nw2IyMXP6gvcjGedq_ZjqZ80\" alt=\"\"\/><figcaption class=\"wp-element-caption\">Tabela atualizada de crit\u00e9rios diagn\u00f3sticos.&nbsp; Fonte: Acervo de Ilustra\u00e7\u00f5es do Grupo MedCof.<\/figcaption><\/figure>\n\n\n\n<p>\u00c9 importante diferenciar a DP de outras causas de parkinsonismo, como parkinsonismo secund\u00e1rio (medicamentos ou subst\u00e2ncias t\u00f3xicas), parkinsonismo at\u00edpico (Paralisia Supranuclear Progressiva, Degenera\u00e7\u00e3o Corticobasal, Dem\u00eancia por Corp\u00fasculos de Lewy, Atrofia de M\u00faltiplos Sistemas) e causas heredodegenerativas.<\/p>\n\n\n\n<h2 class=\"wp-block-heading\" id=\"h-como-e-o-tratamento-da-doenca-de-parkinson\"><span class=\"ez-toc-section\" id=\"Como_e_o_tratamento_da_Doenca_de_Parkinson\"><\/span><strong>Como \u00e9 o tratamento da Doen\u00e7a de Parkinson?<\/strong><span class=\"ez-toc-section-end\"><\/span><\/h2>\n\n\n\n<p>O tratamento da DP visa aliviar os sintomas e melhorar a qualidade de vida dos pacientes. A principal medica\u00e7\u00e3o \u00e9 a <strong>levodopa<\/strong>, um precursor da dopamina que \u00e9 convertido em dopamina no c\u00e9rebro. A levodopa \u00e9 frequentemente associada a inibidores da COMT (Entacapona, Tolcapone) e da DDC (Carbidopa, Benserazide) para aumentar sua biodisponibilidade e reduzir os efeitos colaterais.<\/p>\n\n\n\n<figure class=\"wp-block-image is-resized\"><img decoding=\"async\" src=\"https:\/\/lh7-rt.googleusercontent.com\/docsz\/AD_4nXfYK7Ljy26686HJjZWivPJsjPXc6YiUX1TzRGLawpLNppmCad0Kt0xmKzFLxQ4hbhx1gSl4Ph7ZphyLsgv1qNsWhqIDgFSm58cRFj6g_sc-A8EIDEh1pL12r9A2lVR3YSeF6UFEvA?key=nw2IyMXP6gvcjGedq_ZjqZ80\" alt=\"\" style=\"width:470px;height:auto\"\/><figcaption class=\"wp-element-caption\">Fonte: Acervo de Ilustra\u00e7\u00f5es do Grupo MedCof.<\/figcaption><\/figure>\n\n\n\n<p>Outras op\u00e7\u00f5es de tratamento incluem <strong>agonistas dopamin\u00e9rgicos<\/strong> (Pramipexol, Rotigotina), inibidores da <strong>MAO-B<\/strong> (Rasagilina, Selegilina) e <strong>amantadina<\/strong> (\u00fatil para discinesias). Em casos selecionados, o tratamento cir\u00fargico, como a estimula\u00e7\u00e3o cerebral profunda (DBS), pode ser considerado.<\/p>\n\n\n\n<p>Al\u00e9m do tratamento farmacol\u00f3gico, o acompanhamento multidisciplinar \u00e9 fundamental para o manejo da DP. Fisioterapia, terapia ocupacional, fonoaudiologia e suporte psicol\u00f3gico podem ajudar a melhorar a mobilidade, a comunica\u00e7\u00e3o, a degluti\u00e7\u00e3o e o bem-estar emocional dos pacientes.<\/p>\n\n\n\n<h2 class=\"wp-block-heading\" id=\"h-diagnostico-diferencial-nbsp\"><span class=\"ez-toc-section\" id=\"Diagnostico_diferencial\"><\/span><strong>Diagnostico diferencial&nbsp;<\/strong><span class=\"ez-toc-section-end\"><\/span><\/h2>\n\n\n\n<p>No Dia do Parkinsoniano, \u00e9 essencial lembrar que a Doen\u00e7a de Parkinson \u00e9 uma condi\u00e7\u00e3o complexa que exige um olhar atento e individualizado. O diagn\u00f3stico diferencial pode ser muito \u00fatil quando falamos de tratamento adequado. Uma das principais condi\u00e7\u00f5es a serem diferenciadas \u00e9 o tremor essencial.<\/p>\n\n\n\n<figure class=\"wp-block-image is-resized\"><img decoding=\"async\" src=\"https:\/\/lh7-rt.googleusercontent.com\/docsz\/AD_4nXdmr7-04UbIhGW6Lgjh9NcEzV0EyXCkT7ojrKjnhXh5M-BveUEd4GTkaQ2As00pDF-34mhxcIeQ_VylCQV950JyeghnBnDA5pRhZQPLVA_ueyTg6w9i0AvmxftWGEoAcDganSqKIA?key=nw2IyMXP6gvcjGedq_ZjqZ80\" alt=\"\" style=\"width:448px;height:auto\"\/><figcaption class=\"wp-element-caption\">Tabela de diagn\u00f3stico diferencial dos tremores. Fonte: Acervo de Aulas do Grupo MedCof.<\/figcaption><\/figure>\n\n\n\n<h2 class=\"wp-block-heading\"><span class=\"ez-toc-section\" id=\"Seja_um_MedCofer\"><\/span><strong>Seja um MedCofer!<\/strong><span class=\"ez-toc-section-end\"><\/span><\/h2>\n\n\n\n<p>Quer alcan\u00e7ar a aprova\u00e7\u00e3o nas provas de resid\u00eancia m\u00e9dica? Ent\u00e3o seja um&nbsp;<a href=\"https:\/\/www.grupomedcof.com.br\/home\/\" target=\"_blank\" rel=\"noreferrer noopener\"><strong>MedCoffer<\/strong><\/a>! Aqui te ajudaremos na busca da aprova\u00e7\u00e3o com conte\u00fados de qualidade e uma metodologia que j\u00e1 aprovou mais de 10 mil residentes no pa\u00eds! Por fim, acesse o nosso<a href=\"https:\/\/www.youtube.com\/@GrupoMedcof\/featured\">&nbsp;<strong>canal do youtube&nbsp;<\/strong><\/a>para ver o nosso material.<\/p>\n\n\n\n<figure class=\"wp-block-embed is-type-video is-provider-youtube wp-block-embed-youtube wp-embed-aspect-16-9 wp-has-aspect-ratio\"><div class=\"wp-block-embed__wrapper\">\n<div class=\"youtube-embed\" data-video_id=\"xIulTfWYBy0\"><iframe loading=\"lazy\" title=\"Entendendo a Doen\u00e7a de Parkinson: Sintomas e Tratamentos. Com Dr. Leonardo Bernardes\" width=\"696\" height=\"392\" src=\"https:\/\/www.youtube.com\/embed\/xIulTfWYBy0?feature=oembed&#038;enablejsapi=1\" frameborder=\"0\" allow=\"accelerometer; autoplay; clipboard-write; encrypted-media; gyroscope; picture-in-picture; web-share\" referrerpolicy=\"strict-origin-when-cross-origin\" allowfullscreen><\/iframe><\/div>\n<\/div><\/figure>\n","protected":false},"excerpt":{"rendered":"<p>No Brasil, al\u00e9m do Dia Mundial da Doen\u00e7a de Parkinson, celebrado em 11 de abril, \u00e9 tamb\u00e9m comemorado o Dia Nacional do Parkinsoniano em 4 de abril.<\/p>\n","protected":false},"author":21,"featured_media":34989,"comment_status":"closed","ping_status":"closed","sticky":false,"template":"","format":"standard","meta":{"footnotes":""},"categories":[190],"tags":[2797,2798,2796],"ppma_author":[3617],"class_list":{"0":"post-34986","1":"post","2":"type-post","3":"status-publish","4":"format-standard","5":"has-post-thumbnail","7":"category-neurologia","8":"tag-dia-nacional-do-parkinsoniano","9":"tag-doenca-de-alzheimer","10":"tag-doenca-de-parkinson"},"yoast_head":"<!-- This site is optimized with the Yoast SEO Premium plugin v24.3 (Yoast SEO v27.4) - https:\/\/yoast.com\/product\/yoast-seo-premium-wordpress\/ -->\n<title>Dia do Parkinsoniano: a pessoa al\u00e9m da doen\u00e7a - Blog de Medcof: conte\u00fados, editais, revalida e mais!<\/title>\n<meta name=\"description\" content=\"No Brasil, al\u00e9m do Dia Mundial da Doen\u00e7a de Parkinson, celebrado em 11 de abril, \u00e9 tamb\u00e9m comemorado o Dia Nacional do Parkinsoniano em 4 de abril.\" \/>\n<meta name=\"robots\" content=\"index, follow, max-snippet:-1, max-image-preview:large, max-video-preview:-1\" \/>\n<link rel=\"canonical\" href=\"https:\/\/www.grupomedcof.com.br\/blog\/dia-do-parkinsoniano-a-pessoa-alem-da-doenca\/\" \/>\n<meta property=\"og:locale\" content=\"pt_BR\" \/>\n<meta property=\"og:type\" content=\"article\" \/>\n<meta property=\"og:title\" content=\"Dia do Parkinsoniano: a pessoa al\u00e9m da doen\u00e7a\" \/>\n<meta property=\"og:description\" content=\"No Brasil, al\u00e9m do Dia Mundial da Doen\u00e7a de Parkinson, celebrado em 11 de abril, \u00e9 tamb\u00e9m comemorado o Dia Nacional do Parkinsoniano em 4 de abril.\" \/>\n<meta property=\"og:url\" content=\"https:\/\/www.grupomedcof.com.br\/blog\/dia-do-parkinsoniano-a-pessoa-alem-da-doenca\/\" \/>\n<meta property=\"og:site_name\" content=\"Blog de Medcof: conte\u00fados, editais, revalida e mais!\" \/>\n<meta property=\"article:publisher\" content=\"https:\/\/www.facebook.com\/MedCofQbank\/\" \/>\n<meta property=\"article:published_time\" content=\"2025-04-04T14:36:47+00:00\" \/>\n<meta property=\"article:modified_time\" content=\"2025-04-30T16:32:52+00:00\" \/>\n<meta property=\"og:image\" content=\"https:\/\/www.grupomedcof.com.br\/blog\/wp-content\/uploads\/2025\/04\/Blog-MedCof-2025-04-03T120852.110.jpg\" \/>\n\t<meta property=\"og:image:width\" content=\"1920\" \/>\n\t<meta property=\"og:image:height\" content=\"1080\" \/>\n\t<meta property=\"og:image:type\" content=\"image\/jpeg\" \/>\n<meta name=\"author\" content=\"Kiara Adelino\" \/>\n<meta name=\"twitter:card\" content=\"summary_large_image\" \/>\n<meta name=\"twitter:label1\" content=\"Escrito por\" \/>\n\t<meta name=\"twitter:data1\" content=\"Kiara Adelino\" \/>\n\t<meta name=\"twitter:label2\" content=\"Est. tempo de leitura\" \/>\n\t<meta name=\"twitter:data2\" content=\"6 minutos\" \/>\n<script type=\"application\/ld+json\" class=\"yoast-schema-graph\">{\"@context\":\"https:\\\/\\\/schema.org\",\"@graph\":[{\"@type\":\"Article\",\"@id\":\"https:\\\/\\\/www.grupomedcof.com.br\\\/blog\\\/dia-do-parkinsoniano-a-pessoa-alem-da-doenca\\\/#article\",\"isPartOf\":{\"@id\":\"https:\\\/\\\/www.grupomedcof.com.br\\\/blog\\\/dia-do-parkinsoniano-a-pessoa-alem-da-doenca\\\/\"},\"author\":{\"name\":\"Kiara Adelino\",\"@id\":\"https:\\\/\\\/www.grupomedcof.com.br\\\/blog\\\/#\\\/schema\\\/person\\\/db19a651f86c5fc202d6eee744fd3292\"},\"headline\":\"Dia do Parkinsoniano: a pessoa al\u00e9m da doen\u00e7a\",\"datePublished\":\"2025-04-04T14:36:47+00:00\",\"dateModified\":\"2025-04-30T16:32:52+00:00\",\"mainEntityOfPage\":{\"@id\":\"https:\\\/\\\/www.grupomedcof.com.br\\\/blog\\\/dia-do-parkinsoniano-a-pessoa-alem-da-doenca\\\/\"},\"wordCount\":819,\"publisher\":{\"@id\":\"https:\\\/\\\/www.grupomedcof.com.br\\\/blog\\\/#organization\"},\"image\":{\"@id\":\"https:\\\/\\\/www.grupomedcof.com.br\\\/blog\\\/dia-do-parkinsoniano-a-pessoa-alem-da-doenca\\\/#primaryimage\"},\"thumbnailUrl\":\"https:\\\/\\\/www.grupomedcof.com.br\\\/blog\\\/wp-content\\\/uploads\\\/2025\\\/04\\\/Blog-MedCof-2025-04-03T120852.110.jpg\",\"keywords\":[\"Dia Nacional do Parkinsoniano\",\"Doen\u00e7a de Alzheimer\",\"Doen\u00e7a de Parkinson\"],\"articleSection\":[\"Neurologia\"],\"inLanguage\":\"pt-BR\"},{\"@type\":\"WebPage\",\"@id\":\"https:\\\/\\\/www.grupomedcof.com.br\\\/blog\\\/dia-do-parkinsoniano-a-pessoa-alem-da-doenca\\\/\",\"url\":\"https:\\\/\\\/www.grupomedcof.com.br\\\/blog\\\/dia-do-parkinsoniano-a-pessoa-alem-da-doenca\\\/\",\"name\":\"Dia do Parkinsoniano: a pessoa al\u00e9m da doen\u00e7a - Blog de Medcof: conte\u00fados, editais, revalida e mais!\",\"isPartOf\":{\"@id\":\"https:\\\/\\\/www.grupomedcof.com.br\\\/blog\\\/#website\"},\"primaryImageOfPage\":{\"@id\":\"https:\\\/\\\/www.grupomedcof.com.br\\\/blog\\\/dia-do-parkinsoniano-a-pessoa-alem-da-doenca\\\/#primaryimage\"},\"image\":{\"@id\":\"https:\\\/\\\/www.grupomedcof.com.br\\\/blog\\\/dia-do-parkinsoniano-a-pessoa-alem-da-doenca\\\/#primaryimage\"},\"thumbnailUrl\":\"https:\\\/\\\/www.grupomedcof.com.br\\\/blog\\\/wp-content\\\/uploads\\\/2025\\\/04\\\/Blog-MedCof-2025-04-03T120852.110.jpg\",\"datePublished\":\"2025-04-04T14:36:47+00:00\",\"dateModified\":\"2025-04-30T16:32:52+00:00\",\"description\":\"No Brasil, al\u00e9m do Dia Mundial da Doen\u00e7a de Parkinson, celebrado em 11 de abril, \u00e9 tamb\u00e9m comemorado o Dia Nacional do Parkinsoniano em 4 de abril.\",\"breadcrumb\":{\"@id\":\"https:\\\/\\\/www.grupomedcof.com.br\\\/blog\\\/dia-do-parkinsoniano-a-pessoa-alem-da-doenca\\\/#breadcrumb\"},\"inLanguage\":\"pt-BR\",\"potentialAction\":[{\"@type\":\"ReadAction\",\"target\":[\"https:\\\/\\\/www.grupomedcof.com.br\\\/blog\\\/dia-do-parkinsoniano-a-pessoa-alem-da-doenca\\\/\"]}]},{\"@type\":\"ImageObject\",\"inLanguage\":\"pt-BR\",\"@id\":\"https:\\\/\\\/www.grupomedcof.com.br\\\/blog\\\/dia-do-parkinsoniano-a-pessoa-alem-da-doenca\\\/#primaryimage\",\"url\":\"https:\\\/\\\/www.grupomedcof.com.br\\\/blog\\\/wp-content\\\/uploads\\\/2025\\\/04\\\/Blog-MedCof-2025-04-03T120852.110.jpg\",\"contentUrl\":\"https:\\\/\\\/www.grupomedcof.com.br\\\/blog\\\/wp-content\\\/uploads\\\/2025\\\/04\\\/Blog-MedCof-2025-04-03T120852.110.jpg\",\"width\":1920,\"height\":1080},{\"@type\":\"BreadcrumbList\",\"@id\":\"https:\\\/\\\/www.grupomedcof.com.br\\\/blog\\\/dia-do-parkinsoniano-a-pessoa-alem-da-doenca\\\/#breadcrumb\",\"itemListElement\":[{\"@type\":\"ListItem\",\"position\":1,\"name\":\"In\u00edcio\",\"item\":\"https:\\\/\\\/www.grupomedcof.com.br\\\/blog\\\/\"},{\"@type\":\"ListItem\",\"position\":2,\"name\":\"Dia do Parkinsoniano: a pessoa al\u00e9m da doen\u00e7a\"}]},{\"@type\":\"WebSite\",\"@id\":\"https:\\\/\\\/www.grupomedcof.com.br\\\/blog\\\/#website\",\"url\":\"https:\\\/\\\/www.grupomedcof.com.br\\\/blog\\\/\",\"name\":\"Blog de Medcof: conte\u00fados, editais, revalida e mais!\",\"description\":\"Acesso o blog de MedCof! Seu portal de conte\u00fados sobre resid\u00eancia m\u00e9dica, an\u00e1lise e editais e muito mais. Clique e confira!\",\"publisher\":{\"@id\":\"https:\\\/\\\/www.grupomedcof.com.br\\\/blog\\\/#organization\"},\"alternateName\":\"Blog de Medcof: conte\u00fados, editais, revalida e mais!\",\"potentialAction\":[{\"@type\":\"SearchAction\",\"target\":{\"@type\":\"EntryPoint\",\"urlTemplate\":\"https:\\\/\\\/www.grupomedcof.com.br\\\/blog\\\/?s={search_term_string}\"},\"query-input\":{\"@type\":\"PropertyValueSpecification\",\"valueRequired\":true,\"valueName\":\"search_term_string\"}}],\"inLanguage\":\"pt-BR\"},{\"@type\":\"Organization\",\"@id\":\"https:\\\/\\\/www.grupomedcof.com.br\\\/blog\\\/#organization\",\"name\":\"Grupo MedCof\",\"url\":\"https:\\\/\\\/www.grupomedcof.com.br\\\/blog\\\/\",\"logo\":{\"@type\":\"ImageObject\",\"inLanguage\":\"pt-BR\",\"@id\":\"https:\\\/\\\/www.grupomedcof.com.br\\\/blog\\\/#\\\/schema\\\/logo\\\/image\\\/\",\"url\":\"https:\\\/\\\/www.grupomedcof.com.br\\\/blog\\\/wp-content\\\/uploads\\\/2022\\\/01\\\/logo-medcof.png\",\"contentUrl\":\"https:\\\/\\\/www.grupomedcof.com.br\\\/blog\\\/wp-content\\\/uploads\\\/2022\\\/01\\\/logo-medcof.png\",\"width\":768,\"height\":269,\"caption\":\"Grupo MedCof\"},\"image\":{\"@id\":\"https:\\\/\\\/www.grupomedcof.com.br\\\/blog\\\/#\\\/schema\\\/logo\\\/image\\\/\"},\"sameAs\":[\"https:\\\/\\\/www.facebook.com\\\/MedCofQbank\\\/\",\"https:\\\/\\\/www.instagram.com\\\/grupomedcof\\\/\",\"https:\\\/\\\/br.linkedin.com\\\/company\\\/medcof\",\"https:\\\/\\\/www.youtube.com\\\/channel\\\/UCdHMuOHKICxcHwecxN8P-AA\"]},{\"@type\":\"Person\",\"@id\":\"https:\\\/\\\/www.grupomedcof.com.br\\\/blog\\\/#\\\/schema\\\/person\\\/db19a651f86c5fc202d6eee744fd3292\",\"name\":\"Kiara Adelino\",\"image\":{\"@type\":\"ImageObject\",\"inLanguage\":\"pt-BR\",\"@id\":\"https:\\\/\\\/www.grupomedcof.com.br\\\/blog\\\/wp-content\\\/uploads\\\/2024\\\/08\\\/cropped-Kiara-Adelino2-96x96.jpega85663bdda67261f8f06f86e555e1e49\",\"url\":\"https:\\\/\\\/www.grupomedcof.com.br\\\/blog\\\/wp-content\\\/uploads\\\/2024\\\/08\\\/cropped-Kiara-Adelino2-96x96.jpeg\",\"contentUrl\":\"https:\\\/\\\/www.grupomedcof.com.br\\\/blog\\\/wp-content\\\/uploads\\\/2024\\\/08\\\/cropped-Kiara-Adelino2-96x96.jpeg\",\"caption\":\"Kiara Adelino\"},\"description\":\"Estudante do 5\u00b0 semestre de Medicina. Gosto bastante de aprender coisas novas, principalmente na \u00e1rea de Neurologia e Anatomia humana.\",\"url\":\"https:\\\/\\\/www.grupomedcof.com.br\\\/blog\\\/author\\\/kiara-adelino\\\/\"}]}<\/script>\n<!-- \/ Yoast SEO Premium plugin. -->","yoast_head_json":{"title":"Dia do Parkinsoniano: a pessoa al\u00e9m da doen\u00e7a - Blog de Medcof: conte\u00fados, editais, revalida e mais!","description":"No Brasil, al\u00e9m do Dia Mundial da Doen\u00e7a de Parkinson, celebrado em 11 de abril, \u00e9 tamb\u00e9m comemorado o Dia Nacional do Parkinsoniano em 4 de abril.","robots":{"index":"index","follow":"follow","max-snippet":"max-snippet:-1","max-image-preview":"max-image-preview:large","max-video-preview":"max-video-preview:-1"},"canonical":"https:\/\/www.grupomedcof.com.br\/blog\/dia-do-parkinsoniano-a-pessoa-alem-da-doenca\/","og_locale":"pt_BR","og_type":"article","og_title":"Dia do Parkinsoniano: a pessoa al\u00e9m da doen\u00e7a","og_description":"No Brasil, al\u00e9m do Dia Mundial da Doen\u00e7a de Parkinson, celebrado em 11 de abril, \u00e9 tamb\u00e9m comemorado o Dia Nacional do Parkinsoniano em 4 de abril.","og_url":"https:\/\/www.grupomedcof.com.br\/blog\/dia-do-parkinsoniano-a-pessoa-alem-da-doenca\/","og_site_name":"Blog de Medcof: conte\u00fados, editais, revalida e mais!","article_publisher":"https:\/\/www.facebook.com\/MedCofQbank\/","article_published_time":"2025-04-04T14:36:47+00:00","article_modified_time":"2025-04-30T16:32:52+00:00","og_image":[{"width":1920,"height":1080,"url":"https:\/\/www.grupomedcof.com.br\/blog\/wp-content\/uploads\/2025\/04\/Blog-MedCof-2025-04-03T120852.110.jpg","type":"image\/jpeg"}],"author":"Kiara Adelino","twitter_card":"summary_large_image","twitter_misc":{"Escrito por":"Kiara Adelino","Est. tempo de leitura":"6 minutos"},"schema":{"@context":"https:\/\/schema.org","@graph":[{"@type":"Article","@id":"https:\/\/www.grupomedcof.com.br\/blog\/dia-do-parkinsoniano-a-pessoa-alem-da-doenca\/#article","isPartOf":{"@id":"https:\/\/www.grupomedcof.com.br\/blog\/dia-do-parkinsoniano-a-pessoa-alem-da-doenca\/"},"author":{"name":"Kiara Adelino","@id":"https:\/\/www.grupomedcof.com.br\/blog\/#\/schema\/person\/db19a651f86c5fc202d6eee744fd3292"},"headline":"Dia do Parkinsoniano: a pessoa al\u00e9m da doen\u00e7a","datePublished":"2025-04-04T14:36:47+00:00","dateModified":"2025-04-30T16:32:52+00:00","mainEntityOfPage":{"@id":"https:\/\/www.grupomedcof.com.br\/blog\/dia-do-parkinsoniano-a-pessoa-alem-da-doenca\/"},"wordCount":819,"publisher":{"@id":"https:\/\/www.grupomedcof.com.br\/blog\/#organization"},"image":{"@id":"https:\/\/www.grupomedcof.com.br\/blog\/dia-do-parkinsoniano-a-pessoa-alem-da-doenca\/#primaryimage"},"thumbnailUrl":"https:\/\/www.grupomedcof.com.br\/blog\/wp-content\/uploads\/2025\/04\/Blog-MedCof-2025-04-03T120852.110.jpg","keywords":["Dia Nacional do Parkinsoniano","Doen\u00e7a de Alzheimer","Doen\u00e7a de Parkinson"],"articleSection":["Neurologia"],"inLanguage":"pt-BR"},{"@type":"WebPage","@id":"https:\/\/www.grupomedcof.com.br\/blog\/dia-do-parkinsoniano-a-pessoa-alem-da-doenca\/","url":"https:\/\/www.grupomedcof.com.br\/blog\/dia-do-parkinsoniano-a-pessoa-alem-da-doenca\/","name":"Dia do Parkinsoniano: a pessoa al\u00e9m da doen\u00e7a - Blog de Medcof: conte\u00fados, editais, revalida e mais!","isPartOf":{"@id":"https:\/\/www.grupomedcof.com.br\/blog\/#website"},"primaryImageOfPage":{"@id":"https:\/\/www.grupomedcof.com.br\/blog\/dia-do-parkinsoniano-a-pessoa-alem-da-doenca\/#primaryimage"},"image":{"@id":"https:\/\/www.grupomedcof.com.br\/blog\/dia-do-parkinsoniano-a-pessoa-alem-da-doenca\/#primaryimage"},"thumbnailUrl":"https:\/\/www.grupomedcof.com.br\/blog\/wp-content\/uploads\/2025\/04\/Blog-MedCof-2025-04-03T120852.110.jpg","datePublished":"2025-04-04T14:36:47+00:00","dateModified":"2025-04-30T16:32:52+00:00","description":"No Brasil, al\u00e9m do Dia Mundial da Doen\u00e7a de Parkinson, celebrado em 11 de abril, \u00e9 tamb\u00e9m comemorado o Dia Nacional do Parkinsoniano em 4 de abril.","breadcrumb":{"@id":"https:\/\/www.grupomedcof.com.br\/blog\/dia-do-parkinsoniano-a-pessoa-alem-da-doenca\/#breadcrumb"},"inLanguage":"pt-BR","potentialAction":[{"@type":"ReadAction","target":["https:\/\/www.grupomedcof.com.br\/blog\/dia-do-parkinsoniano-a-pessoa-alem-da-doenca\/"]}]},{"@type":"ImageObject","inLanguage":"pt-BR","@id":"https:\/\/www.grupomedcof.com.br\/blog\/dia-do-parkinsoniano-a-pessoa-alem-da-doenca\/#primaryimage","url":"https:\/\/www.grupomedcof.com.br\/blog\/wp-content\/uploads\/2025\/04\/Blog-MedCof-2025-04-03T120852.110.jpg","contentUrl":"https:\/\/www.grupomedcof.com.br\/blog\/wp-content\/uploads\/2025\/04\/Blog-MedCof-2025-04-03T120852.110.jpg","width":1920,"height":1080},{"@type":"BreadcrumbList","@id":"https:\/\/www.grupomedcof.com.br\/blog\/dia-do-parkinsoniano-a-pessoa-alem-da-doenca\/#breadcrumb","itemListElement":[{"@type":"ListItem","position":1,"name":"In\u00edcio","item":"https:\/\/www.grupomedcof.com.br\/blog\/"},{"@type":"ListItem","position":2,"name":"Dia do Parkinsoniano: a pessoa al\u00e9m da doen\u00e7a"}]},{"@type":"WebSite","@id":"https:\/\/www.grupomedcof.com.br\/blog\/#website","url":"https:\/\/www.grupomedcof.com.br\/blog\/","name":"Blog de Medcof: conte\u00fados, editais, revalida e mais!","description":"Acesso o blog de MedCof! Seu portal de conte\u00fados sobre resid\u00eancia m\u00e9dica, an\u00e1lise e editais e muito mais. Clique e confira!","publisher":{"@id":"https:\/\/www.grupomedcof.com.br\/blog\/#organization"},"alternateName":"Blog de Medcof: conte\u00fados, editais, revalida e mais!","potentialAction":[{"@type":"SearchAction","target":{"@type":"EntryPoint","urlTemplate":"https:\/\/www.grupomedcof.com.br\/blog\/?s={search_term_string}"},"query-input":{"@type":"PropertyValueSpecification","valueRequired":true,"valueName":"search_term_string"}}],"inLanguage":"pt-BR"},{"@type":"Organization","@id":"https:\/\/www.grupomedcof.com.br\/blog\/#organization","name":"Grupo MedCof","url":"https:\/\/www.grupomedcof.com.br\/blog\/","logo":{"@type":"ImageObject","inLanguage":"pt-BR","@id":"https:\/\/www.grupomedcof.com.br\/blog\/#\/schema\/logo\/image\/","url":"https:\/\/www.grupomedcof.com.br\/blog\/wp-content\/uploads\/2022\/01\/logo-medcof.png","contentUrl":"https:\/\/www.grupomedcof.com.br\/blog\/wp-content\/uploads\/2022\/01\/logo-medcof.png","width":768,"height":269,"caption":"Grupo MedCof"},"image":{"@id":"https:\/\/www.grupomedcof.com.br\/blog\/#\/schema\/logo\/image\/"},"sameAs":["https:\/\/www.facebook.com\/MedCofQbank\/","https:\/\/www.instagram.com\/grupomedcof\/","https:\/\/br.linkedin.com\/company\/medcof","https:\/\/www.youtube.com\/channel\/UCdHMuOHKICxcHwecxN8P-AA"]},{"@type":"Person","@id":"https:\/\/www.grupomedcof.com.br\/blog\/#\/schema\/person\/db19a651f86c5fc202d6eee744fd3292","name":"Kiara Adelino","image":{"@type":"ImageObject","inLanguage":"pt-BR","@id":"https:\/\/www.grupomedcof.com.br\/blog\/wp-content\/uploads\/2024\/08\/cropped-Kiara-Adelino2-96x96.jpega85663bdda67261f8f06f86e555e1e49","url":"https:\/\/www.grupomedcof.com.br\/blog\/wp-content\/uploads\/2024\/08\/cropped-Kiara-Adelino2-96x96.jpeg","contentUrl":"https:\/\/www.grupomedcof.com.br\/blog\/wp-content\/uploads\/2024\/08\/cropped-Kiara-Adelino2-96x96.jpeg","caption":"Kiara Adelino"},"description":"Estudante do 5\u00b0 semestre de Medicina. Gosto bastante de aprender coisas novas, principalmente na \u00e1rea de Neurologia e Anatomia humana.","url":"https:\/\/www.grupomedcof.com.br\/blog\/author\/kiara-adelino\/"}]}},"authors":[{"term_id":3617,"user_id":21,"is_guest":0,"slug":"kiara-adelino","display_name":"Kiara Adelino","avatar_url":"https:\/\/www.grupomedcof.com.br\/blog\/wp-content\/uploads\/2024\/08\/cropped-Kiara-Adelino2-96x96.jpeg","0":null,"1":"","2":"","3":"","4":"","5":"","6":"","7":"","8":""}],"_links":{"self":[{"href":"https:\/\/www.grupomedcof.com.br\/blog\/wp-json\/wp\/v2\/posts\/34986","targetHints":{"allow":["GET"]}}],"collection":[{"href":"https:\/\/www.grupomedcof.com.br\/blog\/wp-json\/wp\/v2\/posts"}],"about":[{"href":"https:\/\/www.grupomedcof.com.br\/blog\/wp-json\/wp\/v2\/types\/post"}],"author":[{"embeddable":true,"href":"https:\/\/www.grupomedcof.com.br\/blog\/wp-json\/wp\/v2\/users\/21"}],"replies":[{"embeddable":true,"href":"https:\/\/www.grupomedcof.com.br\/blog\/wp-json\/wp\/v2\/comments?post=34986"}],"version-history":[{"count":0,"href":"https:\/\/www.grupomedcof.com.br\/blog\/wp-json\/wp\/v2\/posts\/34986\/revisions"}],"wp:featuredmedia":[{"embeddable":true,"href":"https:\/\/www.grupomedcof.com.br\/blog\/wp-json\/wp\/v2\/media\/34989"}],"wp:attachment":[{"href":"https:\/\/www.grupomedcof.com.br\/blog\/wp-json\/wp\/v2\/media?parent=34986"}],"wp:term":[{"taxonomy":"category","embeddable":true,"href":"https:\/\/www.grupomedcof.com.br\/blog\/wp-json\/wp\/v2\/categories?post=34986"},{"taxonomy":"post_tag","embeddable":true,"href":"https:\/\/www.grupomedcof.com.br\/blog\/wp-json\/wp\/v2\/tags?post=34986"},{"taxonomy":"author","embeddable":true,"href":"https:\/\/www.grupomedcof.com.br\/blog\/wp-json\/wp\/v2\/ppma_author?post=34986"}],"curies":[{"name":"wp","href":"https:\/\/api.w.org\/{rel}","templated":true}]}}