{"id":34994,"date":"2025-04-04T16:59:42","date_gmt":"2025-04-04T19:59:42","guid":{"rendered":"https:\/\/www.grupomedcof.com.br\/blog\/?p=34994"},"modified":"2025-04-04T16:59:45","modified_gmt":"2025-04-04T19:59:45","slug":"sao-paulo-registra-15-casos-de-superfungo-resistente-a-medicamentos","status":"publish","type":"post","link":"https:\/\/www.grupomedcof.com.br\/blog\/sao-paulo-registra-15-casos-de-superfungo-resistente-a-medicamentos\/","title":{"rendered":"S\u00e3o Paulo registra 15 casos de superfungo resistente a medicamentos"},"content":{"rendered":"<div id=\"ez-toc-container\" class=\"ez-toc-v2_0_74 counter-hierarchy ez-toc-counter ez-toc-transparent ez-toc-container-direction\">\n<div class=\"ez-toc-title-container\">\n<p class=\"ez-toc-title\" style=\"cursor:inherit\">Sum\u00e1rio<\/p>\n<span class=\"ez-toc-title-toggle\"><a href=\"#\" class=\"ez-toc-pull-right ez-toc-btn ez-toc-btn-xs ez-toc-btn-default ez-toc-toggle\" aria-label=\"Alternar tabela de conte\u00fado\"><span class=\"ez-toc-js-icon-con\"><span class=\"\"><span class=\"eztoc-hide\" style=\"display:none;\">Toggle<\/span><span class=\"ez-toc-icon-toggle-span\"><svg style=\"fill: #999;color:#999\" xmlns=\"http:\/\/www.w3.org\/2000\/svg\" class=\"list-377408\" width=\"20px\" height=\"20px\" viewBox=\"0 0 24 24\" fill=\"none\"><path d=\"M6 6H4v2h2V6zm14 0H8v2h12V6zM4 11h2v2H4v-2zm16 0H8v2h12v-2zM4 16h2v2H4v-2zm16 0H8v2h12v-2z\" fill=\"currentColor\"><\/path><\/svg><svg style=\"fill: #999;color:#999\" class=\"arrow-unsorted-368013\" xmlns=\"http:\/\/www.w3.org\/2000\/svg\" width=\"10px\" height=\"10px\" viewBox=\"0 0 24 24\" version=\"1.2\" baseProfile=\"tiny\"><path d=\"M18.2 9.3l-6.2-6.3-6.2 6.3c-.2.2-.3.4-.3.7s.1.5.3.7c.2.2.4.3.7.3h11c.3 0 .5-.1.7-.3.2-.2.3-.5.3-.7s-.1-.5-.3-.7zM5.8 14.7l6.2 6.3 6.2-6.3c.2-.2.3-.5.3-.7s-.1-.5-.3-.7c-.2-.2-.4-.3-.7-.3h-11c-.3 0-.5.1-.7.3-.2.2-.3.5-.3.7s.1.5.3.7z\"\/><\/svg><\/span><\/span><\/span><\/a><\/span><\/div>\n<nav><ul class='ez-toc-list ez-toc-list-level-1 ' ><li class='ez-toc-page-1 ez-toc-heading-level-2'><a class=\"ez-toc-link ez-toc-heading-1\" href=\"https:\/\/www.grupomedcof.com.br\/blog\/sao-paulo-registra-15-casos-de-superfungo-resistente-a-medicamentos\/#Casos_de_Candida_auris_detectados\" >Casos de Candida auris detectados<\/a><\/li><li class='ez-toc-page-1 ez-toc-heading-level-2'><a class=\"ez-toc-link ez-toc-heading-2\" href=\"https:\/\/www.grupomedcof.com.br\/blog\/sao-paulo-registra-15-casos-de-superfungo-resistente-a-medicamentos\/#O_que_e_Candida_auris\" >O que \u00e9 Candida auris?<\/a><\/li><li class='ez-toc-page-1 ez-toc-heading-level-2'><a class=\"ez-toc-link ez-toc-heading-3\" href=\"https:\/\/www.grupomedcof.com.br\/blog\/sao-paulo-registra-15-casos-de-superfungo-resistente-a-medicamentos\/#Pacientes_com_maior_risco_de_infeccao\" >Pacientes com maior risco de infec\u00e7\u00e3o<\/a><\/li><li class='ez-toc-page-1 ez-toc-heading-level-2'><a class=\"ez-toc-link ez-toc-heading-4\" href=\"https:\/\/www.grupomedcof.com.br\/blog\/sao-paulo-registra-15-casos-de-superfungo-resistente-a-medicamentos\/#Seja_um_MedCofer\" >Seja um MedCofer!<\/a><\/li><\/ul><\/nav><\/div>\n\n<p>Os casos de <em>Candida auris<\/em> foram registrados no Hospital do Servidor (IAMSPE) e alerta autoridades do mundo todo\u00a0<\/p>\n\n\n\n<figure class=\"wp-block-image size-large\"><img loading=\"lazy\" decoding=\"async\" width=\"1024\" height=\"576\" src=\"https:\/\/www.grupomedcof.com.br\/blog\/wp-content\/uploads\/2025\/04\/Blog-MedCof-2025-04-04T165511.392-1024x576.jpg\" alt=\"\" class=\"wp-image-34995\" srcset=\"https:\/\/www.grupomedcof.com.br\/blog\/wp-content\/uploads\/2025\/04\/Blog-MedCof-2025-04-04T165511.392-1024x576.jpg 1024w, https:\/\/www.grupomedcof.com.br\/blog\/wp-content\/uploads\/2025\/04\/Blog-MedCof-2025-04-04T165511.392-300x169.jpg 300w, https:\/\/www.grupomedcof.com.br\/blog\/wp-content\/uploads\/2025\/04\/Blog-MedCof-2025-04-04T165511.392-768x432.jpg 768w, https:\/\/www.grupomedcof.com.br\/blog\/wp-content\/uploads\/2025\/04\/Blog-MedCof-2025-04-04T165511.392-1536x864.jpg 1536w, https:\/\/www.grupomedcof.com.br\/blog\/wp-content\/uploads\/2025\/04\/Blog-MedCof-2025-04-04T165511.392-747x420.jpg 747w, https:\/\/www.grupomedcof.com.br\/blog\/wp-content\/uploads\/2025\/04\/Blog-MedCof-2025-04-04T165511.392-150x84.jpg 150w, https:\/\/www.grupomedcof.com.br\/blog\/wp-content\/uploads\/2025\/04\/Blog-MedCof-2025-04-04T165511.392-696x392.jpg 696w, https:\/\/www.grupomedcof.com.br\/blog\/wp-content\/uploads\/2025\/04\/Blog-MedCof-2025-04-04T165511.392-1068x601.jpg 1068w, https:\/\/www.grupomedcof.com.br\/blog\/wp-content\/uploads\/2025\/04\/Blog-MedCof-2025-04-04T165511.392.jpg 1920w\" sizes=\"auto, (max-width: 1024px) 100vw, 1024px\" \/><\/figure>\n\n\n\n<p>De acordo com o Hospital do Servidor P\u00fablico, dos 15 casos de <em>Candida auris<\/em>, a infec\u00e7\u00e3o ativa foi identificada exclusivamente em um paciente. Ele tinha 73 anos e comorbidades que geraram complica\u00e7\u00f5es cir\u00fargicas e culminaram em \u00f3bito. Entenda melhor no post a seguir.<\/p>\n\n\n\n<h2 class=\"wp-block-heading\" id=\"h-casos-de-candida-auris-detectados\"><span class=\"ez-toc-section\" id=\"Casos_de_Candida_auris_detectados\"><\/span><strong>Casos de Candida auris detectados<\/strong><span class=\"ez-toc-section-end\"><\/span><\/h2>\n\n\n\n<p>Por meio de uma a\u00e7\u00e3o de vigil\u00e2ncia do hospital, foi poss\u00edvel detectar a presen\u00e7a do microorganismo, que gera alerta no mundo todo pela<strong> alta capacidade de transmiss\u00e3o e resist\u00eancia aos antif\u00fangicos.<\/strong> A esp\u00e9cie coloniza na pele e mucosas sem causar sintomas nos pacientes. Neste caso, uma ferida pode tornar-se o alvo do fungo, que entra no corpo, atinge a corrente sangu\u00ednea e provoca infec\u00e7\u00f5es em m\u00faltiplos \u00f3rg\u00e3os. Em casos mais graves, o fungo pode atingir o cora\u00e7\u00e3o e o c\u00e9rebro, causando febre e calafrios e agravando problemas de sa\u00fade j\u00e1 existentes.&nbsp;<\/p>\n\n\n\n<p>Segundo um comunicado emitido pelo hospital, a unidade segue realizando coletas mensais em um per\u00edodo de seis meses para an\u00e1lise do cen\u00e1rio. Al\u00e9m disso, o HSPE se re\u00fane semanalmente com a Anvisa para relatar os resultados dessas coletas, o que refor\u00e7a as normas de controle de infec\u00e7\u00e3o em todo o hospital.&nbsp;<\/p>\n\n\n\n<h2 class=\"wp-block-heading\" id=\"h-o-que-e-candida-auris\"><span class=\"ez-toc-section\" id=\"O_que_e_Candida_auris\"><\/span><strong>O que \u00e9 Candida auris?<\/strong><span class=\"ez-toc-section-end\"><\/span><\/h2>\n\n\n\n<p>O superfungo resistente foi descoberto no Jap\u00e3o em 2009, no ouvido de uma paciente, chegando no Brasil somente 11 anos depois.&nbsp;<\/p>\n\n\n\n<p>Sua <strong>transmiss\u00e3o costuma ocorrer em hospitais<\/strong>, ainda mais com sua capacidade de permanecer em superf\u00edcies por longos per\u00edodos (semanas ou meses), sendo resistente a desinfetantes convencionais. O <strong>diagn\u00f3stico deste fungo \u00e9 dif\u00edcil de ser realizado<\/strong>, j\u00e1 que os <strong>m\u00e9todos de identifica\u00e7\u00e3o dispon\u00edveis s\u00e3o pouco espec\u00edficos para a identifica\u00e7\u00e3o dessa esp\u00e9cie,<\/strong> sendo importante a realiza\u00e7\u00e3o de exames mais espec\u00edficos, como MALDI-TOF, para confirmar a esp\u00e9cie, ou testes diferenciais para descartar outras leveduras.&nbsp;<\/p>\n\n\n\n<h2 class=\"wp-block-heading\" id=\"h-pacientes-com-maior-risco-de-infeccao\"><span class=\"ez-toc-section\" id=\"Pacientes_com_maior_risco_de_infeccao\"><\/span><strong>Pacientes com maior risco de infec\u00e7\u00e3o<\/strong><span class=\"ez-toc-section-end\"><\/span><\/h2>\n\n\n\n<p>O risco de infec\u00e7\u00e3o por <em>Candida auris <\/em>\u00e9 maior quando a pessoa:<\/p>\n\n\n\n<ul class=\"wp-block-list\">\n<li>Permanece internada por um longo per\u00edodo no hospital;<\/li>\n\n\n\n<li>Fez uso anteriormente de antif\u00fangicos;<\/li>\n\n\n\n<li>Possuem cateter venoso central ou outros dispositivos m\u00e9dicos no organismo, j\u00e1 que esse fungo possui capacidade de aderir a equipamentos m\u00e9dicos;<\/li>\n\n\n\n<li>Faz ou fez uso prolongado e indiscriminado de antibi\u00f3ticos.<\/li>\n<\/ul>\n\n\n\n<h2 class=\"wp-block-heading\"><span class=\"ez-toc-section\" id=\"Seja_um_MedCofer\"><\/span><strong>Seja um MedCofer!<\/strong><span class=\"ez-toc-section-end\"><\/span><\/h2>\n\n\n\n<p>Quer alcan\u00e7ar a aprova\u00e7\u00e3o nas provas de resid\u00eancia m\u00e9dica? Ent\u00e3o seja um&nbsp;<a href=\"https:\/\/www.grupomedcof.com.br\/home\/\" target=\"_blank\" rel=\"noreferrer noopener\"><strong>MedCoffer<\/strong><\/a>! Aqui te ajudaremos na busca da aprova\u00e7\u00e3o com conte\u00fados de qualidade e uma metodologia que j\u00e1 aprovou mais de 10 mil residentes no pa\u00eds! Por fim, acesse o nosso<a href=\"https:\/\/www.youtube.com\/@GrupoMedcof\/featured\">&nbsp;<strong>canal do youtube&nbsp;<\/strong><\/a>para ver o nosso material.<\/p>\n\n\n\n<figure class=\"wp-block-embed is-type-video is-provider-youtube wp-block-embed-youtube wp-embed-aspect-16-9 wp-has-aspect-ratio\"><div class=\"wp-block-embed__wrapper\">\n<div class=\"youtube-embed\" data-video_id=\"7MWKQGBOQ14\"><iframe loading=\"lazy\" title=\"Aprovado em Anestesiologia | UNICAMP  \u2013  Tib\u00e9rio C\u00e9sar Meneses | Papo de Aprovado #19\" width=\"696\" height=\"392\" src=\"https:\/\/www.youtube.com\/embed\/7MWKQGBOQ14?feature=oembed&#038;enablejsapi=1\" frameborder=\"0\" allow=\"accelerometer; autoplay; clipboard-write; encrypted-media; gyroscope; picture-in-picture; web-share\" referrerpolicy=\"strict-origin-when-cross-origin\" allowfullscreen><\/iframe><\/div>\n<\/div><\/figure>\n","protected":false},"excerpt":{"rendered":"<p>Os casos de Candida auris foram registrados no Hospital do Servidor (IAMSPE) e alerta autoridades do mundo todo\u00a0<\/p>\n","protected":false},"author":20,"featured_media":34995,"comment_status":"closed","ping_status":"closed","sticky":false,"template":"","format":"standard","meta":{"footnotes":""},"categories":[195,240,173],"tags":[2799,2800],"ppma_author":[3616],"class_list":{"0":"post-34994","1":"post","2":"type-post","3":"status-publish","4":"format-standard","5":"has-post-thumbnail","7":"category-infectologia","8":"category-noticias","9":"category-novidades","10":"tag-candida-auris","11":"tag-superfungo"},"yoast_head":"<!-- This site is optimized with the Yoast SEO Premium plugin v24.3 (Yoast SEO v27.5) - https:\/\/yoast.com\/product\/yoast-seo-premium-wordpress\/ -->\n<title>S\u00e3o Paulo registra 15 casos de superfungo resistente a medicamentos - Blog de Medcof: conte\u00fados, editais, revalida e mais!<\/title>\n<meta name=\"description\" content=\"Os casos de Candida auris foram registrados no Hospital do Servidor (IAMSPE) e alerta autoridades do mundo todo. Entenda!\" \/>\n<meta name=\"robots\" content=\"index, follow, max-snippet:-1, max-image-preview:large, max-video-preview:-1\" \/>\n<link rel=\"canonical\" href=\"https:\/\/www.grupomedcof.com.br\/blog\/sao-paulo-registra-15-casos-de-superfungo-resistente-a-medicamentos\/\" \/>\n<meta property=\"og:locale\" content=\"pt_BR\" \/>\n<meta property=\"og:type\" content=\"article\" \/>\n<meta property=\"og:title\" content=\"S\u00e3o Paulo registra 15 casos de superfungo resistente a medicamentos\" \/>\n<meta property=\"og:description\" content=\"Os casos de Candida auris foram registrados no Hospital do Servidor (IAMSPE) e alerta autoridades do mundo todo. Entenda!\" \/>\n<meta property=\"og:url\" content=\"https:\/\/www.grupomedcof.com.br\/blog\/sao-paulo-registra-15-casos-de-superfungo-resistente-a-medicamentos\/\" \/>\n<meta property=\"og:site_name\" content=\"Blog de Medcof: conte\u00fados, editais, revalida e mais!\" \/>\n<meta property=\"article:publisher\" content=\"https:\/\/www.facebook.com\/MedCofQbank\/\" \/>\n<meta property=\"article:published_time\" content=\"2025-04-04T19:59:42+00:00\" \/>\n<meta property=\"article:modified_time\" content=\"2025-04-04T19:59:45+00:00\" \/>\n<meta property=\"og:image\" content=\"https:\/\/www.grupomedcof.com.br\/blog\/wp-content\/uploads\/2025\/04\/Blog-MedCof-2025-04-04T165511.392.jpg\" \/>\n\t<meta property=\"og:image:width\" content=\"1920\" \/>\n\t<meta property=\"og:image:height\" content=\"1080\" \/>\n\t<meta property=\"og:image:type\" content=\"image\/jpeg\" \/>\n<meta name=\"author\" content=\"Leila Menzel\" \/>\n<meta name=\"twitter:card\" content=\"summary_large_image\" \/>\n<meta name=\"twitter:label1\" content=\"Escrito por\" \/>\n\t<meta name=\"twitter:data1\" content=\"Leila Menzel\" \/>\n\t<meta name=\"twitter:label2\" content=\"Est. tempo de leitura\" \/>\n\t<meta name=\"twitter:data2\" content=\"3 minutos\" \/>\n<script type=\"application\/ld+json\" class=\"yoast-schema-graph\">{\"@context\":\"https:\\\/\\\/schema.org\",\"@graph\":[{\"@type\":\"Article\",\"@id\":\"https:\\\/\\\/www.grupomedcof.com.br\\\/blog\\\/sao-paulo-registra-15-casos-de-superfungo-resistente-a-medicamentos\\\/#article\",\"isPartOf\":{\"@id\":\"https:\\\/\\\/www.grupomedcof.com.br\\\/blog\\\/sao-paulo-registra-15-casos-de-superfungo-resistente-a-medicamentos\\\/\"},\"author\":{\"name\":\"Leila Menzel\",\"@id\":\"https:\\\/\\\/www.grupomedcof.com.br\\\/blog\\\/#\\\/schema\\\/person\\\/9a44c2184a836bf5ae6967fdb3a1451e\"},\"headline\":\"S\u00e3o Paulo registra 15 casos de superfungo resistente a medicamentos\",\"datePublished\":\"2025-04-04T19:59:42+00:00\",\"dateModified\":\"2025-04-04T19:59:45+00:00\",\"mainEntityOfPage\":{\"@id\":\"https:\\\/\\\/www.grupomedcof.com.br\\\/blog\\\/sao-paulo-registra-15-casos-de-superfungo-resistente-a-medicamentos\\\/\"},\"wordCount\":492,\"publisher\":{\"@id\":\"https:\\\/\\\/www.grupomedcof.com.br\\\/blog\\\/#organization\"},\"image\":{\"@id\":\"https:\\\/\\\/www.grupomedcof.com.br\\\/blog\\\/sao-paulo-registra-15-casos-de-superfungo-resistente-a-medicamentos\\\/#primaryimage\"},\"thumbnailUrl\":\"https:\\\/\\\/www.grupomedcof.com.br\\\/blog\\\/wp-content\\\/uploads\\\/2025\\\/04\\\/Blog-MedCof-2025-04-04T165511.392.jpg\",\"keywords\":[\"Candida auris\",\"Superfungo\"],\"articleSection\":[\"Infectologia\",\"Not\u00edcias\",\"Novidades\"],\"inLanguage\":\"pt-BR\"},{\"@type\":\"WebPage\",\"@id\":\"https:\\\/\\\/www.grupomedcof.com.br\\\/blog\\\/sao-paulo-registra-15-casos-de-superfungo-resistente-a-medicamentos\\\/\",\"url\":\"https:\\\/\\\/www.grupomedcof.com.br\\\/blog\\\/sao-paulo-registra-15-casos-de-superfungo-resistente-a-medicamentos\\\/\",\"name\":\"S\u00e3o Paulo registra 15 casos de superfungo resistente a medicamentos - Blog de Medcof: conte\u00fados, editais, revalida e mais!\",\"isPartOf\":{\"@id\":\"https:\\\/\\\/www.grupomedcof.com.br\\\/blog\\\/#website\"},\"primaryImageOfPage\":{\"@id\":\"https:\\\/\\\/www.grupomedcof.com.br\\\/blog\\\/sao-paulo-registra-15-casos-de-superfungo-resistente-a-medicamentos\\\/#primaryimage\"},\"image\":{\"@id\":\"https:\\\/\\\/www.grupomedcof.com.br\\\/blog\\\/sao-paulo-registra-15-casos-de-superfungo-resistente-a-medicamentos\\\/#primaryimage\"},\"thumbnailUrl\":\"https:\\\/\\\/www.grupomedcof.com.br\\\/blog\\\/wp-content\\\/uploads\\\/2025\\\/04\\\/Blog-MedCof-2025-04-04T165511.392.jpg\",\"datePublished\":\"2025-04-04T19:59:42+00:00\",\"dateModified\":\"2025-04-04T19:59:45+00:00\",\"description\":\"Os casos de Candida auris foram registrados no Hospital do Servidor (IAMSPE) e alerta autoridades do mundo todo. Entenda!\",\"breadcrumb\":{\"@id\":\"https:\\\/\\\/www.grupomedcof.com.br\\\/blog\\\/sao-paulo-registra-15-casos-de-superfungo-resistente-a-medicamentos\\\/#breadcrumb\"},\"inLanguage\":\"pt-BR\",\"potentialAction\":[{\"@type\":\"ReadAction\",\"target\":[\"https:\\\/\\\/www.grupomedcof.com.br\\\/blog\\\/sao-paulo-registra-15-casos-de-superfungo-resistente-a-medicamentos\\\/\"]}]},{\"@type\":\"ImageObject\",\"inLanguage\":\"pt-BR\",\"@id\":\"https:\\\/\\\/www.grupomedcof.com.br\\\/blog\\\/sao-paulo-registra-15-casos-de-superfungo-resistente-a-medicamentos\\\/#primaryimage\",\"url\":\"https:\\\/\\\/www.grupomedcof.com.br\\\/blog\\\/wp-content\\\/uploads\\\/2025\\\/04\\\/Blog-MedCof-2025-04-04T165511.392.jpg\",\"contentUrl\":\"https:\\\/\\\/www.grupomedcof.com.br\\\/blog\\\/wp-content\\\/uploads\\\/2025\\\/04\\\/Blog-MedCof-2025-04-04T165511.392.jpg\",\"width\":1920,\"height\":1080},{\"@type\":\"BreadcrumbList\",\"@id\":\"https:\\\/\\\/www.grupomedcof.com.br\\\/blog\\\/sao-paulo-registra-15-casos-de-superfungo-resistente-a-medicamentos\\\/#breadcrumb\",\"itemListElement\":[{\"@type\":\"ListItem\",\"position\":1,\"name\":\"In\u00edcio\",\"item\":\"https:\\\/\\\/www.grupomedcof.com.br\\\/blog\\\/\"},{\"@type\":\"ListItem\",\"position\":2,\"name\":\"S\u00e3o Paulo registra 15 casos de superfungo resistente a medicamentos\"}]},{\"@type\":\"WebSite\",\"@id\":\"https:\\\/\\\/www.grupomedcof.com.br\\\/blog\\\/#website\",\"url\":\"https:\\\/\\\/www.grupomedcof.com.br\\\/blog\\\/\",\"name\":\"Blog de Medcof: conte\u00fados, editais, revalida e mais!\",\"description\":\"Acesso o blog de MedCof! Seu portal de conte\u00fados sobre resid\u00eancia m\u00e9dica, an\u00e1lise e editais e muito mais. Clique e confira!\",\"publisher\":{\"@id\":\"https:\\\/\\\/www.grupomedcof.com.br\\\/blog\\\/#organization\"},\"alternateName\":\"Blog de Medcof: conte\u00fados, editais, revalida e mais!\",\"potentialAction\":[{\"@type\":\"SearchAction\",\"target\":{\"@type\":\"EntryPoint\",\"urlTemplate\":\"https:\\\/\\\/www.grupomedcof.com.br\\\/blog\\\/?s={search_term_string}\"},\"query-input\":{\"@type\":\"PropertyValueSpecification\",\"valueRequired\":true,\"valueName\":\"search_term_string\"}}],\"inLanguage\":\"pt-BR\"},{\"@type\":\"Organization\",\"@id\":\"https:\\\/\\\/www.grupomedcof.com.br\\\/blog\\\/#organization\",\"name\":\"Grupo MedCof\",\"url\":\"https:\\\/\\\/www.grupomedcof.com.br\\\/blog\\\/\",\"logo\":{\"@type\":\"ImageObject\",\"inLanguage\":\"pt-BR\",\"@id\":\"https:\\\/\\\/www.grupomedcof.com.br\\\/blog\\\/#\\\/schema\\\/logo\\\/image\\\/\",\"url\":\"https:\\\/\\\/www.grupomedcof.com.br\\\/blog\\\/wp-content\\\/uploads\\\/2022\\\/01\\\/logo-medcof.png\",\"contentUrl\":\"https:\\\/\\\/www.grupomedcof.com.br\\\/blog\\\/wp-content\\\/uploads\\\/2022\\\/01\\\/logo-medcof.png\",\"width\":768,\"height\":269,\"caption\":\"Grupo MedCof\"},\"image\":{\"@id\":\"https:\\\/\\\/www.grupomedcof.com.br\\\/blog\\\/#\\\/schema\\\/logo\\\/image\\\/\"},\"sameAs\":[\"https:\\\/\\\/www.facebook.com\\\/MedCofQbank\\\/\",\"https:\\\/\\\/www.instagram.com\\\/grupomedcof\\\/\",\"https:\\\/\\\/br.linkedin.com\\\/company\\\/medcof\",\"https:\\\/\\\/www.youtube.com\\\/channel\\\/UCdHMuOHKICxcHwecxN8P-AA\"]},{\"@type\":\"Person\",\"@id\":\"https:\\\/\\\/www.grupomedcof.com.br\\\/blog\\\/#\\\/schema\\\/person\\\/9a44c2184a836bf5ae6967fdb3a1451e\",\"name\":\"Leila Menzel\",\"image\":{\"@type\":\"ImageObject\",\"inLanguage\":\"pt-BR\",\"@id\":\"https:\\\/\\\/www.grupomedcof.com.br\\\/blog\\\/wp-content\\\/uploads\\\/2025\\\/09\\\/cropped-eu-96x96.jpeg19a74936d997c0a8b3031618467fa1d0\",\"url\":\"https:\\\/\\\/www.grupomedcof.com.br\\\/blog\\\/wp-content\\\/uploads\\\/2025\\\/09\\\/cropped-eu-96x96.jpeg\",\"contentUrl\":\"https:\\\/\\\/www.grupomedcof.com.br\\\/blog\\\/wp-content\\\/uploads\\\/2025\\\/09\\\/cropped-eu-96x96.jpeg\",\"caption\":\"Leila Menzel\"},\"description\":\"Estudante do 6\u00b0 semestre de jornalismo, amo e escrevo poesias e viajo em livros de romances clich\u00eas.\",\"url\":\"https:\\\/\\\/www.grupomedcof.com.br\\\/blog\\\/author\\\/leila-menzel\\\/\"}]}<\/script>\n<!-- \/ Yoast SEO Premium plugin. -->","yoast_head_json":{"title":"S\u00e3o Paulo registra 15 casos de superfungo resistente a medicamentos - Blog de Medcof: conte\u00fados, editais, revalida e mais!","description":"Os casos de Candida auris foram registrados no Hospital do Servidor (IAMSPE) e alerta autoridades do mundo todo. Entenda!","robots":{"index":"index","follow":"follow","max-snippet":"max-snippet:-1","max-image-preview":"max-image-preview:large","max-video-preview":"max-video-preview:-1"},"canonical":"https:\/\/www.grupomedcof.com.br\/blog\/sao-paulo-registra-15-casos-de-superfungo-resistente-a-medicamentos\/","og_locale":"pt_BR","og_type":"article","og_title":"S\u00e3o Paulo registra 15 casos de superfungo resistente a medicamentos","og_description":"Os casos de Candida auris foram registrados no Hospital do Servidor (IAMSPE) e alerta autoridades do mundo todo. Entenda!","og_url":"https:\/\/www.grupomedcof.com.br\/blog\/sao-paulo-registra-15-casos-de-superfungo-resistente-a-medicamentos\/","og_site_name":"Blog de Medcof: conte\u00fados, editais, revalida e mais!","article_publisher":"https:\/\/www.facebook.com\/MedCofQbank\/","article_published_time":"2025-04-04T19:59:42+00:00","article_modified_time":"2025-04-04T19:59:45+00:00","og_image":[{"width":1920,"height":1080,"url":"https:\/\/www.grupomedcof.com.br\/blog\/wp-content\/uploads\/2025\/04\/Blog-MedCof-2025-04-04T165511.392.jpg","type":"image\/jpeg"}],"author":"Leila Menzel","twitter_card":"summary_large_image","twitter_misc":{"Escrito por":"Leila Menzel","Est. tempo de leitura":"3 minutos"},"schema":{"@context":"https:\/\/schema.org","@graph":[{"@type":"Article","@id":"https:\/\/www.grupomedcof.com.br\/blog\/sao-paulo-registra-15-casos-de-superfungo-resistente-a-medicamentos\/#article","isPartOf":{"@id":"https:\/\/www.grupomedcof.com.br\/blog\/sao-paulo-registra-15-casos-de-superfungo-resistente-a-medicamentos\/"},"author":{"name":"Leila Menzel","@id":"https:\/\/www.grupomedcof.com.br\/blog\/#\/schema\/person\/9a44c2184a836bf5ae6967fdb3a1451e"},"headline":"S\u00e3o Paulo registra 15 casos de superfungo resistente a medicamentos","datePublished":"2025-04-04T19:59:42+00:00","dateModified":"2025-04-04T19:59:45+00:00","mainEntityOfPage":{"@id":"https:\/\/www.grupomedcof.com.br\/blog\/sao-paulo-registra-15-casos-de-superfungo-resistente-a-medicamentos\/"},"wordCount":492,"publisher":{"@id":"https:\/\/www.grupomedcof.com.br\/blog\/#organization"},"image":{"@id":"https:\/\/www.grupomedcof.com.br\/blog\/sao-paulo-registra-15-casos-de-superfungo-resistente-a-medicamentos\/#primaryimage"},"thumbnailUrl":"https:\/\/www.grupomedcof.com.br\/blog\/wp-content\/uploads\/2025\/04\/Blog-MedCof-2025-04-04T165511.392.jpg","keywords":["Candida auris","Superfungo"],"articleSection":["Infectologia","Not\u00edcias","Novidades"],"inLanguage":"pt-BR"},{"@type":"WebPage","@id":"https:\/\/www.grupomedcof.com.br\/blog\/sao-paulo-registra-15-casos-de-superfungo-resistente-a-medicamentos\/","url":"https:\/\/www.grupomedcof.com.br\/blog\/sao-paulo-registra-15-casos-de-superfungo-resistente-a-medicamentos\/","name":"S\u00e3o Paulo registra 15 casos de superfungo resistente a medicamentos - Blog de Medcof: conte\u00fados, editais, revalida e mais!","isPartOf":{"@id":"https:\/\/www.grupomedcof.com.br\/blog\/#website"},"primaryImageOfPage":{"@id":"https:\/\/www.grupomedcof.com.br\/blog\/sao-paulo-registra-15-casos-de-superfungo-resistente-a-medicamentos\/#primaryimage"},"image":{"@id":"https:\/\/www.grupomedcof.com.br\/blog\/sao-paulo-registra-15-casos-de-superfungo-resistente-a-medicamentos\/#primaryimage"},"thumbnailUrl":"https:\/\/www.grupomedcof.com.br\/blog\/wp-content\/uploads\/2025\/04\/Blog-MedCof-2025-04-04T165511.392.jpg","datePublished":"2025-04-04T19:59:42+00:00","dateModified":"2025-04-04T19:59:45+00:00","description":"Os casos de Candida auris foram registrados no Hospital do Servidor (IAMSPE) e alerta autoridades do mundo todo. Entenda!","breadcrumb":{"@id":"https:\/\/www.grupomedcof.com.br\/blog\/sao-paulo-registra-15-casos-de-superfungo-resistente-a-medicamentos\/#breadcrumb"},"inLanguage":"pt-BR","potentialAction":[{"@type":"ReadAction","target":["https:\/\/www.grupomedcof.com.br\/blog\/sao-paulo-registra-15-casos-de-superfungo-resistente-a-medicamentos\/"]}]},{"@type":"ImageObject","inLanguage":"pt-BR","@id":"https:\/\/www.grupomedcof.com.br\/blog\/sao-paulo-registra-15-casos-de-superfungo-resistente-a-medicamentos\/#primaryimage","url":"https:\/\/www.grupomedcof.com.br\/blog\/wp-content\/uploads\/2025\/04\/Blog-MedCof-2025-04-04T165511.392.jpg","contentUrl":"https:\/\/www.grupomedcof.com.br\/blog\/wp-content\/uploads\/2025\/04\/Blog-MedCof-2025-04-04T165511.392.jpg","width":1920,"height":1080},{"@type":"BreadcrumbList","@id":"https:\/\/www.grupomedcof.com.br\/blog\/sao-paulo-registra-15-casos-de-superfungo-resistente-a-medicamentos\/#breadcrumb","itemListElement":[{"@type":"ListItem","position":1,"name":"In\u00edcio","item":"https:\/\/www.grupomedcof.com.br\/blog\/"},{"@type":"ListItem","position":2,"name":"S\u00e3o Paulo registra 15 casos de superfungo resistente a medicamentos"}]},{"@type":"WebSite","@id":"https:\/\/www.grupomedcof.com.br\/blog\/#website","url":"https:\/\/www.grupomedcof.com.br\/blog\/","name":"Blog de Medcof: conte\u00fados, editais, revalida e mais!","description":"Acesso o blog de MedCof! Seu portal de conte\u00fados sobre resid\u00eancia m\u00e9dica, an\u00e1lise e editais e muito mais. Clique e confira!","publisher":{"@id":"https:\/\/www.grupomedcof.com.br\/blog\/#organization"},"alternateName":"Blog de Medcof: conte\u00fados, editais, revalida e mais!","potentialAction":[{"@type":"SearchAction","target":{"@type":"EntryPoint","urlTemplate":"https:\/\/www.grupomedcof.com.br\/blog\/?s={search_term_string}"},"query-input":{"@type":"PropertyValueSpecification","valueRequired":true,"valueName":"search_term_string"}}],"inLanguage":"pt-BR"},{"@type":"Organization","@id":"https:\/\/www.grupomedcof.com.br\/blog\/#organization","name":"Grupo MedCof","url":"https:\/\/www.grupomedcof.com.br\/blog\/","logo":{"@type":"ImageObject","inLanguage":"pt-BR","@id":"https:\/\/www.grupomedcof.com.br\/blog\/#\/schema\/logo\/image\/","url":"https:\/\/www.grupomedcof.com.br\/blog\/wp-content\/uploads\/2022\/01\/logo-medcof.png","contentUrl":"https:\/\/www.grupomedcof.com.br\/blog\/wp-content\/uploads\/2022\/01\/logo-medcof.png","width":768,"height":269,"caption":"Grupo MedCof"},"image":{"@id":"https:\/\/www.grupomedcof.com.br\/blog\/#\/schema\/logo\/image\/"},"sameAs":["https:\/\/www.facebook.com\/MedCofQbank\/","https:\/\/www.instagram.com\/grupomedcof\/","https:\/\/br.linkedin.com\/company\/medcof","https:\/\/www.youtube.com\/channel\/UCdHMuOHKICxcHwecxN8P-AA"]},{"@type":"Person","@id":"https:\/\/www.grupomedcof.com.br\/blog\/#\/schema\/person\/9a44c2184a836bf5ae6967fdb3a1451e","name":"Leila Menzel","image":{"@type":"ImageObject","inLanguage":"pt-BR","@id":"https:\/\/www.grupomedcof.com.br\/blog\/wp-content\/uploads\/2025\/09\/cropped-eu-96x96.jpeg19a74936d997c0a8b3031618467fa1d0","url":"https:\/\/www.grupomedcof.com.br\/blog\/wp-content\/uploads\/2025\/09\/cropped-eu-96x96.jpeg","contentUrl":"https:\/\/www.grupomedcof.com.br\/blog\/wp-content\/uploads\/2025\/09\/cropped-eu-96x96.jpeg","caption":"Leila Menzel"},"description":"Estudante do 6\u00b0 semestre de jornalismo, amo e escrevo poesias e viajo em livros de romances clich\u00eas.","url":"https:\/\/www.grupomedcof.com.br\/blog\/author\/leila-menzel\/"}]}},"authors":[{"term_id":3616,"user_id":20,"is_guest":0,"slug":"leila-menzel","display_name":"Leila Menzel","avatar_url":"https:\/\/www.grupomedcof.com.br\/blog\/wp-content\/uploads\/2025\/09\/cropped-eu-96x96.jpeg","0":null,"1":"","2":"","3":"","4":"","5":"","6":"","7":"","8":""}],"_links":{"self":[{"href":"https:\/\/www.grupomedcof.com.br\/blog\/wp-json\/wp\/v2\/posts\/34994","targetHints":{"allow":["GET"]}}],"collection":[{"href":"https:\/\/www.grupomedcof.com.br\/blog\/wp-json\/wp\/v2\/posts"}],"about":[{"href":"https:\/\/www.grupomedcof.com.br\/blog\/wp-json\/wp\/v2\/types\/post"}],"author":[{"embeddable":true,"href":"https:\/\/www.grupomedcof.com.br\/blog\/wp-json\/wp\/v2\/users\/20"}],"replies":[{"embeddable":true,"href":"https:\/\/www.grupomedcof.com.br\/blog\/wp-json\/wp\/v2\/comments?post=34994"}],"version-history":[{"count":0,"href":"https:\/\/www.grupomedcof.com.br\/blog\/wp-json\/wp\/v2\/posts\/34994\/revisions"}],"wp:featuredmedia":[{"embeddable":true,"href":"https:\/\/www.grupomedcof.com.br\/blog\/wp-json\/wp\/v2\/media\/34995"}],"wp:attachment":[{"href":"https:\/\/www.grupomedcof.com.br\/blog\/wp-json\/wp\/v2\/media?parent=34994"}],"wp:term":[{"taxonomy":"category","embeddable":true,"href":"https:\/\/www.grupomedcof.com.br\/blog\/wp-json\/wp\/v2\/categories?post=34994"},{"taxonomy":"post_tag","embeddable":true,"href":"https:\/\/www.grupomedcof.com.br\/blog\/wp-json\/wp\/v2\/tags?post=34994"},{"taxonomy":"author","embeddable":true,"href":"https:\/\/www.grupomedcof.com.br\/blog\/wp-json\/wp\/v2\/ppma_author?post=34994"}],"curies":[{"name":"wp","href":"https:\/\/api.w.org\/{rel}","templated":true}]}}