{"id":35013,"date":"2025-04-07T15:32:38","date_gmt":"2025-04-07T18:32:38","guid":{"rendered":"https:\/\/www.grupomedcof.com.br\/blog\/?p=35013"},"modified":"2025-04-30T13:29:27","modified_gmt":"2025-04-30T16:29:27","slug":"dor-articular-pode-ser-osteoartrite","status":"publish","type":"post","link":"https:\/\/www.grupomedcof.com.br\/blog\/dor-articular-pode-ser-osteoartrite\/","title":{"rendered":"Dor articular: pode ser osteoartrite?"},"content":{"rendered":"<div id=\"ez-toc-container\" class=\"ez-toc-v2_0_74 counter-hierarchy ez-toc-counter ez-toc-transparent ez-toc-container-direction\">\n<div class=\"ez-toc-title-container\">\n<p class=\"ez-toc-title\" style=\"cursor:inherit\">Sum\u00e1rio<\/p>\n<span class=\"ez-toc-title-toggle\"><a href=\"#\" class=\"ez-toc-pull-right ez-toc-btn ez-toc-btn-xs ez-toc-btn-default ez-toc-toggle\" aria-label=\"Alternar tabela de conte\u00fado\"><span class=\"ez-toc-js-icon-con\"><span class=\"\"><span class=\"eztoc-hide\" style=\"display:none;\">Toggle<\/span><span class=\"ez-toc-icon-toggle-span\"><svg style=\"fill: #999;color:#999\" xmlns=\"http:\/\/www.w3.org\/2000\/svg\" class=\"list-377408\" width=\"20px\" height=\"20px\" viewBox=\"0 0 24 24\" fill=\"none\"><path d=\"M6 6H4v2h2V6zm14 0H8v2h12V6zM4 11h2v2H4v-2zm16 0H8v2h12v-2zM4 16h2v2H4v-2zm16 0H8v2h12v-2z\" fill=\"currentColor\"><\/path><\/svg><svg style=\"fill: #999;color:#999\" class=\"arrow-unsorted-368013\" xmlns=\"http:\/\/www.w3.org\/2000\/svg\" width=\"10px\" height=\"10px\" viewBox=\"0 0 24 24\" version=\"1.2\" baseProfile=\"tiny\"><path d=\"M18.2 9.3l-6.2-6.3-6.2 6.3c-.2.2-.3.4-.3.7s.1.5.3.7c.2.2.4.3.7.3h11c.3 0 .5-.1.7-.3.2-.2.3-.5.3-.7s-.1-.5-.3-.7zM5.8 14.7l6.2 6.3 6.2-6.3c.2-.2.3-.5.3-.7s-.1-.5-.3-.7c-.2-.2-.4-.3-.7-.3h-11c-.3 0-.5.1-.7.3-.2.2-.3.5-.3.7s.1.5.3.7z\"\/><\/svg><\/span><\/span><\/span><\/a><\/span><\/div>\n<nav><ul class='ez-toc-list ez-toc-list-level-1 ' ><li class='ez-toc-page-1 ez-toc-heading-level-2'><a class=\"ez-toc-link ez-toc-heading-1\" href=\"https:\/\/www.grupomedcof.com.br\/blog\/dor-articular-pode-ser-osteoartrite\/#O_que_e_a_Osteoartrite\" >O que \u00e9 a Osteoartrite?<\/a><\/li><li class='ez-toc-page-1 ez-toc-heading-level-2'><a class=\"ez-toc-link ez-toc-heading-2\" href=\"https:\/\/www.grupomedcof.com.br\/blog\/dor-articular-pode-ser-osteoartrite\/#Fisiopatologia\" >Fisiopatologia<\/a><\/li><li class='ez-toc-page-1 ez-toc-heading-level-2'><a class=\"ez-toc-link ez-toc-heading-3\" href=\"https:\/\/www.grupomedcof.com.br\/blog\/dor-articular-pode-ser-osteoartrite\/#Epidemiologia_e_Fatores_de_Risco\" >Epidemiologia e Fatores de Risco<\/a><\/li><li class='ez-toc-page-1 ez-toc-heading-level-2'><a class=\"ez-toc-link ez-toc-heading-4\" href=\"https:\/\/www.grupomedcof.com.br\/blog\/dor-articular-pode-ser-osteoartrite\/#Manifestacoes_Clinicas_da_Osteoartrite\" >Manifesta\u00e7\u00f5es Cl\u00ednicas da Osteoartrite<\/a><\/li><li class='ez-toc-page-1 ez-toc-heading-level-2'><a class=\"ez-toc-link ez-toc-heading-5\" href=\"https:\/\/www.grupomedcof.com.br\/blog\/dor-articular-pode-ser-osteoartrite\/#Diagnostico\" >Diagn\u00f3stico<\/a><\/li><li class='ez-toc-page-1 ez-toc-heading-level-2'><a class=\"ez-toc-link ez-toc-heading-6\" href=\"https:\/\/www.grupomedcof.com.br\/blog\/dor-articular-pode-ser-osteoartrite\/#Qual_e_o_tratamento_para_a_Osteoartrite\" >Qual \u00e9 o tratamento para a Osteoartrite?<\/a><\/li><li class='ez-toc-page-1 ez-toc-heading-level-2'><a class=\"ez-toc-link ez-toc-heading-7\" href=\"https:\/\/www.grupomedcof.com.br\/blog\/dor-articular-pode-ser-osteoartrite\/#Osteoartrite_Generalizada\" >Osteoartrite Generalizada<\/a><\/li><li class='ez-toc-page-1 ez-toc-heading-level-2'><a class=\"ez-toc-link ez-toc-heading-8\" href=\"https:\/\/www.grupomedcof.com.br\/blog\/dor-articular-pode-ser-osteoartrite\/#Seja_um_MedCofer\" >Seja um MedCofer!<\/a><\/li><\/ul><\/nav><\/div>\n\n<figure class=\"wp-block-image size-large\"><img loading=\"lazy\" decoding=\"async\" width=\"1024\" height=\"576\" src=\"https:\/\/www.grupomedcof.com.br\/blog\/wp-content\/uploads\/2025\/04\/Blog-MedCof-2025-04-07T153034.856-1024x576.jpg\" alt=\"\" class=\"wp-image-35014\" srcset=\"https:\/\/www.grupomedcof.com.br\/blog\/wp-content\/uploads\/2025\/04\/Blog-MedCof-2025-04-07T153034.856-1024x576.jpg 1024w, https:\/\/www.grupomedcof.com.br\/blog\/wp-content\/uploads\/2025\/04\/Blog-MedCof-2025-04-07T153034.856-300x169.jpg 300w, https:\/\/www.grupomedcof.com.br\/blog\/wp-content\/uploads\/2025\/04\/Blog-MedCof-2025-04-07T153034.856-768x432.jpg 768w, https:\/\/www.grupomedcof.com.br\/blog\/wp-content\/uploads\/2025\/04\/Blog-MedCof-2025-04-07T153034.856-1536x864.jpg 1536w, https:\/\/www.grupomedcof.com.br\/blog\/wp-content\/uploads\/2025\/04\/Blog-MedCof-2025-04-07T153034.856-747x420.jpg 747w, https:\/\/www.grupomedcof.com.br\/blog\/wp-content\/uploads\/2025\/04\/Blog-MedCof-2025-04-07T153034.856-150x84.jpg 150w, https:\/\/www.grupomedcof.com.br\/blog\/wp-content\/uploads\/2025\/04\/Blog-MedCof-2025-04-07T153034.856-696x392.jpg 696w, https:\/\/www.grupomedcof.com.br\/blog\/wp-content\/uploads\/2025\/04\/Blog-MedCof-2025-04-07T153034.856-1068x601.jpg 1068w, https:\/\/www.grupomedcof.com.br\/blog\/wp-content\/uploads\/2025\/04\/Blog-MedCof-2025-04-07T153034.856.jpg 1920w\" sizes=\"auto, (max-width: 1024px) 100vw, 1024px\" \/><\/figure>\n\n\n\n<p>Nominada de osteoartrite, osteoartrose ou somente artrose, essa condi\u00e7\u00e3o \u00e9 uma importante causa de afastamento dos trabalhos, segundo a Sociedade Brasileira de Radiologia.<\/p>\n\n\n\n<figure class=\"wp-block-image\"><img decoding=\"async\" src=\"https:\/\/lh7-rt.googleusercontent.com\/docsz\/AD_4nXepHvuc0T-knaT-wkRF63ZGDHSmNcv8pG3Ix3xEiMQoDx5DOa4MUwgDGanTtAo0wnScvI4xPsOjWznCiU_st-ACL3pl0wgSlBHFyuTHaCve-93_EFuB7AQqBQxuS6ZjcEFhuf5Qiw?key=ZZ6KsD9mP0Ay_bjDNc2-wguE\" alt=\"\"\/><figcaption class=\"wp-element-caption\">Achado radiol\u00f3gico de artrose. Fonte: Sociedade Mineira de Radiologia&nbsp;<\/figcaption><\/figure>\n\n\n\n<h2 class=\"wp-block-heading\" id=\"h-o-que-e-a-osteoartrite\"><span class=\"ez-toc-section\" id=\"O_que_e_a_Osteoartrite\"><\/span><strong>O que \u00e9 a Osteoartrite?<\/strong><span class=\"ez-toc-section-end\"><\/span><\/h2>\n\n\n\n<p>A osteoartrite (OA) \u00e9 uma&nbsp; das desordens <strong>articulares<\/strong> mais comuns na medicina. Ao contr\u00e1rio da artrite reumatoide, que \u00e9 uma doen\u00e7a inflamat\u00f3ria, a OA \u00e9 caracterizada por um <strong>processo degenerativo que afeta toda a articula\u00e7\u00e3o<\/strong>. Por isso, precisamos dominar a etiologia, diagn\u00f3stico e at\u00e9 as op\u00e7\u00f5es de tratamento mais recentes para gabarito nas provas de resid\u00eancia!&nbsp;<\/p>\n\n\n\n<h2 class=\"wp-block-heading\" id=\"h-fisiopatologia\"><span class=\"ez-toc-section\" id=\"Fisiopatologia\"><\/span><strong>Fisiopatologia<\/strong><span class=\"ez-toc-section-end\"><\/span><\/h2>\n\n\n\n<p>A osteoartrite \u00e9 uma doen\u00e7a complexa que afeta a <strong>cartilagem articular, o osso subcondral, os ligamentos e a membrana sinovial<\/strong>. Tradicionalmente vista como uma &#8220;<strong>doen\u00e7a do desgaste<\/strong>&#8220;, hoje a OA \u00e9 reconhecida como um <strong>processo ativo<\/strong> com m\u00faltiplos fatores contribuintes, incluindo <strong>gen\u00e9tica<\/strong>, <strong>biomec\u00e2nica<\/strong> e <strong>inflama\u00e7\u00e3o de baixo grau<\/strong>.<\/p>\n\n\n\n<figure class=\"wp-block-image\"><img decoding=\"async\" src=\"https:\/\/lh7-rt.googleusercontent.com\/docsz\/AD_4nXdYZtSAXgcnyfz52WtJDskz7xJBwIP3bhYs3C9fvUudB-o0uykG4weHw2wlUg9AMbBl_ktyAPUtggcwmEJP2qQkhaisj9JpjQpGA1BnHodxiPvc4dnIvW_ASFbt6M8rRho1SyuWwg?key=ZZ6KsD9mP0Ay_bjDNc2-wguE\" alt=\"\"\/><figcaption class=\"wp-element-caption\">Evid\u00eancias anat\u00f4micas da osteoartrite. Fonte: Fonte: Histologia B\u00e1sica: Texto e Atlas, 2018<\/figcaption><\/figure>\n\n\n\n<h2 class=\"wp-block-heading\" id=\"h-epidemiologia-e-fatores-de-risco\"><span class=\"ez-toc-section\" id=\"Epidemiologia_e_Fatores_de_Risco\"><\/span><strong>Epidemiologia e Fatores de Risco<\/strong><span class=\"ez-toc-section-end\"><\/span><\/h2>\n\n\n\n<p>Segundo dados divulgados pela Sociedade Brasileira de Radiologia, a OA \u00e9 uma das principais causas de <strong>morbidade em idosos<\/strong>, com um pico de incid\u00eancia por volta dos <strong>50 anos<\/strong>. No Brasil, a preval\u00eancia \u00e9 de aproximadamente 4,1%, mas esse n\u00famero tende a <strong>aumentar<\/strong> com o envelhecimento da popula\u00e7\u00e3o.<\/p>\n\n\n\n<p>Os fatores de risco para OA podem ser divididos em intr\u00ednsecos e extr\u00ednsecos:&nbsp;<\/p>\n\n\n\n<ol class=\"wp-block-list\">\n<li>&nbsp;Intr\u00ednsecos:<\/li>\n<\/ol>\n\n\n\n<ul class=\"wp-block-list\">\n<li>&nbsp;Gen\u00e9tica: H\u00e1 uma forte predisposi\u00e7\u00e3o gen\u00e9tica para OA.<\/li>\n\n\n\n<li>&nbsp;Idade: O envelhecimento est\u00e1 associado ao aumento da preval\u00eancia de OA.<\/li>\n\n\n\n<li>Obesidade: O excesso de peso aumenta a carga sobre as articula\u00e7\u00f5es, especialmente nos joelhos e quadris.<\/li>\n\n\n\n<li>Sarcopenia: A perda de massa muscular contribui para a instabilidade articular.<\/li>\n<\/ul>\n\n\n\n<ol start=\"2\" class=\"wp-block-list\">\n<li>Extr\u00ednsecos:<\/li>\n<\/ol>\n\n\n\n<ul class=\"wp-block-list\">\n<li>Danos repetitivos: Atividades que envolvem movimentos repetitivos ou sobrecarga nas articula\u00e7\u00f5es aumentam o risco.<\/li>\n\n\n\n<li>Les\u00f5es articulares pr\u00e9vias: Traumas, fraturas ou cirurgias articulares podem levar ao desenvolvimento de OA.<\/li>\n<\/ul>\n\n\n\n<h2 class=\"wp-block-heading\" id=\"h-manifestacoes-clinicas-da-osteoartrite\"><span class=\"ez-toc-section\" id=\"Manifestacoes_Clinicas_da_Osteoartrite\"><\/span><strong>Manifesta\u00e7\u00f5es Cl\u00ednicas<\/strong> <strong>da Osteoartrite<\/strong><span class=\"ez-toc-section-end\"><\/span><\/h2>\n\n\n\n<p>A OA se manifesta principalmente como <strong>dor mec\u00e2nica<\/strong>, que piora com a <strong>atividade<\/strong> e alivia com o <strong>repouso<\/strong>. A <strong>rigidez matinal<\/strong> \u00e9 comum, mas geralmente dura menos de 30 minutos.<\/p>\n\n\n\n<figure class=\"wp-block-image\"><img decoding=\"async\" src=\"https:\/\/lh7-rt.googleusercontent.com\/docsz\/AD_4nXfBvOeeUP6fJpg5BDxwntx6IisMkU4ZS0H8lMXthjNCbIlix_GR2kd7kULfyzypdJryuIZs7R-1X26YHAyzScRbmWRbthx456OjrUPRJRxeA0JEeO8sqvrdjSjScqTkV_XTDJto?key=ZZ6KsD9mP0Ay_bjDNc2-wguE\" alt=\"\"\/><figcaption class=\"wp-element-caption\">M\u00e3os com evid\u00eancia de osteoartrite, causadora das dores articulares. Fonte: Sociedade Brasileira de Radiologia.<\/figcaption><\/figure>\n\n\n\n<p>Os locais de acometimento mais frequentes incluem:<\/p>\n\n\n\n<ul class=\"wp-block-list\">\n<li>M\u00e3os: As articula\u00e7\u00f5es <strong>interfalangianas distais<\/strong> (IFD), <strong>interfalangeanas proximais<\/strong> (IFP) e a <strong>primeira carpometacarpal<\/strong> (rizartrose) s\u00e3o comumente afetadas.<\/li>\n\n\n\n<li>Joelhos: A dor \u00e9 frequentemente localizada na <strong>face medial da articula\u00e7\u00e3o<\/strong>.<\/li>\n\n\n\n<li>Quadris: A dor pode irradiar para a <strong>virilha, n\u00e1dega e coxa<\/strong>.<\/li>\n\n\n\n<li>Coluna cervical e lombar: A OA pode causar dor e rigidez no <strong>pesco\u00e7o<\/strong> e na <strong>regi\u00e3o lombar<\/strong>.<\/li>\n<\/ul>\n\n\n\n<figure class=\"wp-block-image size-full is-resized\"><img loading=\"lazy\" decoding=\"async\" width=\"510\" height=\"982\" src=\"https:\/\/www.grupomedcof.com.br\/blog\/wp-content\/uploads\/2025\/04\/unnamed-64.jpg\" alt=\"A ilustra\u00e7\u00e3o mostra um homem em posi\u00e7\u00e3o ereta, destacando regi\u00f5es comuns de dor corporal de artrite, representadas por c\u00edrculos vermelhos nos ombros, cotovelos, joelhos, abd\u00f4men e cabe\u00e7a. Essa imagem \u00e9 frequentemente utilizada para ilustrar sintomas de condi\u00e7\u00f5es como fibromialgia, artrite ou pontos de press\u00e3o. A express\u00e3o facial de desconforto refor\u00e7a a presen\u00e7a de dor nas \u00e1reas indicadas.\n\" class=\"wp-image-35042\" style=\"width:343px;height:auto\" srcset=\"https:\/\/www.grupomedcof.com.br\/blog\/wp-content\/uploads\/2025\/04\/unnamed-64.jpg 510w, https:\/\/www.grupomedcof.com.br\/blog\/wp-content\/uploads\/2025\/04\/unnamed-64-156x300.jpg 156w, https:\/\/www.grupomedcof.com.br\/blog\/wp-content\/uploads\/2025\/04\/unnamed-64-218x420.jpg 218w, https:\/\/www.grupomedcof.com.br\/blog\/wp-content\/uploads\/2025\/04\/unnamed-64-150x289.jpg 150w, https:\/\/www.grupomedcof.com.br\/blog\/wp-content\/uploads\/2025\/04\/unnamed-64-300x578.jpg 300w\" sizes=\"auto, (max-width: 510px) 100vw, 510px\" \/><figcaption class=\"wp-element-caption\">Principais focos da osteoartrite. Fonte: Acervo de ilustra\u00e7\u00f5es do Grupo MedCof.<\/figcaption><\/figure>\n\n\n\n<p>No exame f\u00edsico das m\u00e3os, \u00e9 poss\u00edvel identificar n\u00f3dulos de <strong>Heberden<\/strong> (nas IFD) e n\u00f3dulos de <strong>Bouchard<\/strong> (nas IFP).<\/p>\n\n\n\n<h2 class=\"wp-block-heading\" id=\"h-diagnostico\"><span class=\"ez-toc-section\" id=\"Diagnostico\"><\/span><strong>Diagn\u00f3stico<\/strong><span class=\"ez-toc-section-end\"><\/span><\/h2>\n\n\n\n<p>O diagn\u00f3stico de OA \u00e9 baseado na hist\u00f3ria cl\u00ednica, exame f\u00edsico e exames de imagem, <strong>j\u00e1 que n\u00e3o existem exames laboratoriais espec\u00edficos para a OA<\/strong>. O fator reumatoide (FR) pode ser <strong>falsamente positivo<\/strong>, especialmente em idosos, e n\u00e3o deve ser usado para descartar OA. A an\u00e1lise do <strong>l\u00edquido sinovial<\/strong> pode ser \u00fatil para descartar outras causas de dor articular, como infec\u00e7\u00e3o ou artrite inflamat\u00f3ria.<\/p>\n\n\n\n<p>A radiografia \u00e9 o exame de imagem fundamental para avaliar a OA! Os achados radiogr\u00e1ficos t\u00edpicos incluem:<\/p>\n\n\n\n<ul class=\"wp-block-list\">\n<li>Redu\u00e7\u00e3o do espa\u00e7o articular;<\/li>\n\n\n\n<li>Esclerose subcondral;<\/li>\n\n\n\n<li>Oste\u00f3fitos;<\/li>\n\n\n\n<li>Desalinhamento articular.<\/li>\n<\/ul>\n\n\n\n<h2 class=\"wp-block-heading\" id=\"h-qual-e-o-tratamento-para-a-osteoartrite\"><span class=\"ez-toc-section\" id=\"Qual_e_o_tratamento_para_a_Osteoartrite\"><\/span><strong>Qual \u00e9 o tratamento para a Osteoartrite?<\/strong><span class=\"ez-toc-section-end\"><\/span><\/h2>\n\n\n\n<p>O tratamento da OA visa aliviar a dor, melhorar a fun\u00e7\u00e3o e retardar a progress\u00e3o da doen\u00e7a. As op\u00e7\u00f5es de tratamento incluem medidas <strong>n\u00e3o farmacol\u00f3gicas, farmacol\u00f3gicas e cir\u00fargicas<\/strong>.<\/p>\n\n\n\n<ol class=\"wp-block-list\">\n<li>Medidas N\u00e3o Farmacol\u00f3gicas<\/li>\n<\/ol>\n\n\n\n<p>As medidas n\u00e3o farmacol\u00f3gicas s\u00e3o a <strong>base<\/strong> do tratamento da OA e incluem:<\/p>\n\n\n\n<ul class=\"wp-block-list\">\n<li>Educa\u00e7\u00e3o do paciente: <strong>Informar<\/strong> o paciente sobre a doen\u00e7a, suas causas e op\u00e7\u00f5es de tratamento.<\/li>\n\n\n\n<li>Exerc\u00edcios: <strong>Fortalecimento muscular<\/strong>, alongamento e exerc\u00edcios aer\u00f3bicos de <strong>baixo impacto<\/strong>.<\/li>\n\n\n\n<li>Perda de peso: <strong>Reduzir a carga<\/strong> sobre as articula\u00e7\u00f5es.<\/li>\n\n\n\n<li>\u00d3rteses: Utiliza\u00e7\u00e3o de <strong>\u00f3rteses<\/strong> para suporte e alinhamento articular, especialmente nas m\u00e3os.<\/li>\n\n\n\n<li>Fisioterapia: t\u00e9cnicas para <strong>aliviar a dor<\/strong>, melhorar a fun\u00e7\u00e3o e aumentar a amplitude de movimento.<\/li>\n\n\n\n<li>Terapia ocupacional: Adapta\u00e7\u00e3o de atividades para <strong>reduzir o estresse<\/strong> nas articula\u00e7\u00f5es.<\/li>\n<\/ul>\n\n\n\n<ol start=\"2\" class=\"wp-block-list\">\n<li>Medidas Farmacol\u00f3gicas<\/li>\n<\/ol>\n\n\n\n<p>As op\u00e7\u00f5es farmacol\u00f3gicas para o tratamento da OA incluem:<\/p>\n\n\n\n<ul class=\"wp-block-list\">\n<li>Analg\u00e9sicos:<\/li>\n<\/ul>\n\n\n\n<p>&nbsp;<strong>Paracetamol<\/strong> (\u00fatil para dor leve a moderada) e <strong>anti-inflamat\u00f3rios<\/strong> n\u00e3o esteroides ( sendo t\u00f3picos ou orais, servem para al\u00edvio da dor e inflama\u00e7\u00e3o).<\/p>\n\n\n\n<ul class=\"wp-block-list\">\n<li>Infiltra\u00e7\u00f5es:<\/li>\n<\/ul>\n\n\n\n<p><strong>Corticoides<\/strong> (com inje\u00e7\u00f5es intra-articulares de cortic\u00f3ides que podem proporcionar al\u00edvio tempor\u00e1rio da dor) e \u00e1cido hialur\u00f4nico (embora o benef\u00edcio seja question\u00e1vel, algumas pessoas relatam al\u00edvio da dor ap\u00f3s as inje\u00e7\u00f5es). Al\u00e9m disso, a <strong>duloxetina pode<\/strong> ser \u00fatil em pacientes com OA e fibromialgia associada, os <strong>condroprotetores<\/strong>, como glicosamina e condroitina, t\u00eam benef\u00edcio incerto e n\u00e3o s\u00e3o recomendados pelas diretrizes atuais e, por fim, a <strong>capsaicina t\u00f3pica<\/strong> (Embora tenha sido utilizada, atualmente est\u00e1 descontinuada).<\/p>\n\n\n\n<ol start=\"3\" class=\"wp-block-list\">\n<li>Tratamento Cir\u00fargico<\/li>\n<\/ol>\n\n\n\n<p>O tratamento cir\u00fargico \u00e9 reservado para <strong>casos de dor intrat\u00e1vel<\/strong> e preju\u00edzo significativo da <strong>mobilidade<\/strong>. A artroplastia total (substitui\u00e7\u00e3o da articula\u00e7\u00e3o) \u00e9 uma op\u00e7\u00e3o eficaz para pacientes com OA avan\u00e7ada nos joelhos ou quadris.<\/p>\n\n\n\n<figure class=\"wp-block-image\"><img decoding=\"async\" src=\"https:\/\/lh7-rt.googleusercontent.com\/docsz\/AD_4nXffSE-PIfXXwXwJ06sJsMjjr1I3KMV_QfAE2Y7qYcXLS4BB6fRllOMLTrRUWwZrrBpoyUiNXLBEgfN1ouvUYWguWtYohrUvJI1eJUdlPhBQFF3gO7ZRassppr_hpM-OBV1EnaeHAA?key=ZZ6KsD9mP0Ay_bjDNc2-wguE\" alt=\"\"\/><figcaption class=\"wp-element-caption\">Raio X do joelho com osteoartrite. Fonte: American College of Rheumatology.&nbsp;<\/figcaption><\/figure>\n\n\n\n<h2 class=\"wp-block-heading\" id=\"h-osteoartrite-generalizada\"><span class=\"ez-toc-section\" id=\"Osteoartrite_Generalizada\"><\/span><strong>Osteoartrite Generalizada<\/strong><span class=\"ez-toc-section-end\"><\/span><\/h2>\n\n\n\n<p>A osteoartrite generalizada (OAG) \u00e9 definida como o acometimento de <strong>mais de tr\u00eas<\/strong> grupos articulares. \u00c9 importante diferenciar a OAG prim\u00e1ria da secund\u00e1ria, que pode ser causada por outras condi\u00e7\u00f5es, como <strong>doen\u00e7as inflamat\u00f3rias ou infecciosas<\/strong>.<\/p>\n\n\n\n<h2 class=\"wp-block-heading\"><span class=\"ez-toc-section\" id=\"Seja_um_MedCofer\"><\/span><strong>Seja um MedCofer!<\/strong><span class=\"ez-toc-section-end\"><\/span><\/h2>\n\n\n\n<p>Quer alcan\u00e7ar a aprova\u00e7\u00e3o nas provas de resid\u00eancia m\u00e9dica? Ent\u00e3o seja um&nbsp;<a href=\"https:\/\/www.grupomedcof.com.br\/home\/\" target=\"_blank\" rel=\"noreferrer noopener\"><strong>MedCofer<\/strong><\/a>! Aqui te ajudaremos na busca da aprova\u00e7\u00e3o com conte\u00fados de qualidade e uma metodologia que j\u00e1 aprovou mais de 10 mil residentes no pa\u00eds! Por fim, acesse o nosso<a href=\"https:\/\/www.youtube.com\/@GrupoMedcof\/featured\">&nbsp;<strong>canal do youtube&nbsp;<\/strong><\/a>para ver o nosso material.<\/p>\n\n\n\n<figure class=\"wp-block-embed is-type-video is-provider-youtube wp-block-embed-youtube wp-embed-aspect-16-9 wp-has-aspect-ratio\"><div class=\"wp-block-embed__wrapper\">\n<div class=\"youtube-embed\" data-video_id=\"-GZ1_ExHV1w\"><iframe loading=\"lazy\" title=\"Saiba tudo sobre: Osteoporose. Com Dr. Henrique Dalmolin\" width=\"696\" height=\"392\" src=\"https:\/\/www.youtube.com\/embed\/-GZ1_ExHV1w?feature=oembed&#038;enablejsapi=1\" frameborder=\"0\" allow=\"accelerometer; autoplay; clipboard-write; encrypted-media; gyroscope; picture-in-picture; web-share\" referrerpolicy=\"strict-origin-when-cross-origin\" allowfullscreen><\/iframe><\/div>\n<\/div><\/figure>\n\n\n\n<p><\/p>\n","protected":false},"excerpt":{"rendered":"<p>Nominada de osteoartrite, osteoartrose ou somente artrose, essa condi\u00e7\u00e3o \u00e9 uma importante causa de afastamento dos trabalhos. Entenda!<\/p>\n","protected":false},"author":21,"featured_media":35014,"comment_status":"closed","ping_status":"closed","sticky":false,"template":"","format":"standard","meta":{"footnotes":""},"categories":[101],"tags":[184],"ppma_author":[3617],"class_list":{"0":"post-35013","1":"post","2":"type-post","3":"status-publish","4":"format-standard","5":"has-post-thumbnail","7":"category-reumatologia","8":"tag-osteoartrite"},"yoast_head":"<!-- This site is optimized with the Yoast SEO Premium plugin v24.3 (Yoast SEO v27.4) - https:\/\/yoast.com\/product\/yoast-seo-premium-wordpress\/ -->\n<title>Dor articular: pode ser osteoartrite? - Blog de Medcof: conte\u00fados, editais, revalida e mais!<\/title>\n<meta name=\"description\" content=\"Nominada de osteoartrite, osteoartrose ou somente artrose, essa condi\u00e7\u00e3o \u00e9 uma importante causa de afastamento dos trabalhos. Entenda!\" \/>\n<meta name=\"robots\" content=\"index, follow, max-snippet:-1, max-image-preview:large, max-video-preview:-1\" \/>\n<link rel=\"canonical\" href=\"https:\/\/www.grupomedcof.com.br\/blog\/dor-articular-pode-ser-osteoartrite\/\" \/>\n<meta property=\"og:locale\" content=\"pt_BR\" \/>\n<meta property=\"og:type\" content=\"article\" \/>\n<meta property=\"og:title\" content=\"Dor articular: pode ser osteoartrite?\" \/>\n<meta property=\"og:description\" content=\"Nominada de osteoartrite, osteoartrose ou somente artrose, essa condi\u00e7\u00e3o \u00e9 uma importante causa de afastamento dos trabalhos. Entenda!\" \/>\n<meta property=\"og:url\" content=\"https:\/\/www.grupomedcof.com.br\/blog\/dor-articular-pode-ser-osteoartrite\/\" \/>\n<meta property=\"og:site_name\" content=\"Blog de Medcof: conte\u00fados, editais, revalida e mais!\" \/>\n<meta property=\"article:publisher\" content=\"https:\/\/www.facebook.com\/MedCofQbank\/\" \/>\n<meta property=\"article:published_time\" content=\"2025-04-07T18:32:38+00:00\" \/>\n<meta property=\"article:modified_time\" content=\"2025-04-30T16:29:27+00:00\" \/>\n<meta property=\"og:image\" content=\"https:\/\/www.grupomedcof.com.br\/blog\/wp-content\/uploads\/2025\/04\/Blog-MedCof-2025-04-07T153034.856.jpg\" \/>\n\t<meta property=\"og:image:width\" content=\"1920\" \/>\n\t<meta property=\"og:image:height\" content=\"1080\" \/>\n\t<meta property=\"og:image:type\" content=\"image\/jpeg\" \/>\n<meta name=\"author\" content=\"Kiara Adelino\" \/>\n<meta name=\"twitter:card\" content=\"summary_large_image\" \/>\n<meta name=\"twitter:label1\" content=\"Escrito por\" \/>\n\t<meta name=\"twitter:data1\" content=\"Kiara Adelino\" \/>\n\t<meta name=\"twitter:label2\" content=\"Est. tempo de leitura\" \/>\n\t<meta name=\"twitter:data2\" content=\"7 minutos\" \/>\n<script type=\"application\/ld+json\" class=\"yoast-schema-graph\">{\"@context\":\"https:\\\/\\\/schema.org\",\"@graph\":[{\"@type\":\"Article\",\"@id\":\"https:\\\/\\\/www.grupomedcof.com.br\\\/blog\\\/dor-articular-pode-ser-osteoartrite\\\/#article\",\"isPartOf\":{\"@id\":\"https:\\\/\\\/www.grupomedcof.com.br\\\/blog\\\/dor-articular-pode-ser-osteoartrite\\\/\"},\"author\":{\"name\":\"Kiara Adelino\",\"@id\":\"https:\\\/\\\/www.grupomedcof.com.br\\\/blog\\\/#\\\/schema\\\/person\\\/db19a651f86c5fc202d6eee744fd3292\"},\"headline\":\"Dor articular: pode ser osteoartrite?\",\"datePublished\":\"2025-04-07T18:32:38+00:00\",\"dateModified\":\"2025-04-30T16:29:27+00:00\",\"mainEntityOfPage\":{\"@id\":\"https:\\\/\\\/www.grupomedcof.com.br\\\/blog\\\/dor-articular-pode-ser-osteoartrite\\\/\"},\"wordCount\":1041,\"publisher\":{\"@id\":\"https:\\\/\\\/www.grupomedcof.com.br\\\/blog\\\/#organization\"},\"image\":{\"@id\":\"https:\\\/\\\/www.grupomedcof.com.br\\\/blog\\\/dor-articular-pode-ser-osteoartrite\\\/#primaryimage\"},\"thumbnailUrl\":\"https:\\\/\\\/www.grupomedcof.com.br\\\/blog\\\/wp-content\\\/uploads\\\/2025\\\/04\\\/Blog-MedCof-2025-04-07T153034.856.jpg\",\"keywords\":[\"Osteoartrite\"],\"articleSection\":[\"Reumatologia\"],\"inLanguage\":\"pt-BR\"},{\"@type\":\"WebPage\",\"@id\":\"https:\\\/\\\/www.grupomedcof.com.br\\\/blog\\\/dor-articular-pode-ser-osteoartrite\\\/\",\"url\":\"https:\\\/\\\/www.grupomedcof.com.br\\\/blog\\\/dor-articular-pode-ser-osteoartrite\\\/\",\"name\":\"Dor articular: pode ser osteoartrite? - Blog de Medcof: conte\u00fados, editais, revalida e mais!\",\"isPartOf\":{\"@id\":\"https:\\\/\\\/www.grupomedcof.com.br\\\/blog\\\/#website\"},\"primaryImageOfPage\":{\"@id\":\"https:\\\/\\\/www.grupomedcof.com.br\\\/blog\\\/dor-articular-pode-ser-osteoartrite\\\/#primaryimage\"},\"image\":{\"@id\":\"https:\\\/\\\/www.grupomedcof.com.br\\\/blog\\\/dor-articular-pode-ser-osteoartrite\\\/#primaryimage\"},\"thumbnailUrl\":\"https:\\\/\\\/www.grupomedcof.com.br\\\/blog\\\/wp-content\\\/uploads\\\/2025\\\/04\\\/Blog-MedCof-2025-04-07T153034.856.jpg\",\"datePublished\":\"2025-04-07T18:32:38+00:00\",\"dateModified\":\"2025-04-30T16:29:27+00:00\",\"description\":\"Nominada de osteoartrite, osteoartrose ou somente artrose, essa condi\u00e7\u00e3o \u00e9 uma importante causa de afastamento dos trabalhos. Entenda!\",\"breadcrumb\":{\"@id\":\"https:\\\/\\\/www.grupomedcof.com.br\\\/blog\\\/dor-articular-pode-ser-osteoartrite\\\/#breadcrumb\"},\"inLanguage\":\"pt-BR\",\"potentialAction\":[{\"@type\":\"ReadAction\",\"target\":[\"https:\\\/\\\/www.grupomedcof.com.br\\\/blog\\\/dor-articular-pode-ser-osteoartrite\\\/\"]}]},{\"@type\":\"ImageObject\",\"inLanguage\":\"pt-BR\",\"@id\":\"https:\\\/\\\/www.grupomedcof.com.br\\\/blog\\\/dor-articular-pode-ser-osteoartrite\\\/#primaryimage\",\"url\":\"https:\\\/\\\/www.grupomedcof.com.br\\\/blog\\\/wp-content\\\/uploads\\\/2025\\\/04\\\/Blog-MedCof-2025-04-07T153034.856.jpg\",\"contentUrl\":\"https:\\\/\\\/www.grupomedcof.com.br\\\/blog\\\/wp-content\\\/uploads\\\/2025\\\/04\\\/Blog-MedCof-2025-04-07T153034.856.jpg\",\"width\":1920,\"height\":1080},{\"@type\":\"BreadcrumbList\",\"@id\":\"https:\\\/\\\/www.grupomedcof.com.br\\\/blog\\\/dor-articular-pode-ser-osteoartrite\\\/#breadcrumb\",\"itemListElement\":[{\"@type\":\"ListItem\",\"position\":1,\"name\":\"In\u00edcio\",\"item\":\"https:\\\/\\\/www.grupomedcof.com.br\\\/blog\\\/\"},{\"@type\":\"ListItem\",\"position\":2,\"name\":\"Dor articular: pode ser osteoartrite?\"}]},{\"@type\":\"WebSite\",\"@id\":\"https:\\\/\\\/www.grupomedcof.com.br\\\/blog\\\/#website\",\"url\":\"https:\\\/\\\/www.grupomedcof.com.br\\\/blog\\\/\",\"name\":\"Blog de Medcof: conte\u00fados, editais, revalida e mais!\",\"description\":\"Acesso o blog de MedCof! Seu portal de conte\u00fados sobre resid\u00eancia m\u00e9dica, an\u00e1lise e editais e muito mais. Clique e confira!\",\"publisher\":{\"@id\":\"https:\\\/\\\/www.grupomedcof.com.br\\\/blog\\\/#organization\"},\"alternateName\":\"Blog de Medcof: conte\u00fados, editais, revalida e mais!\",\"potentialAction\":[{\"@type\":\"SearchAction\",\"target\":{\"@type\":\"EntryPoint\",\"urlTemplate\":\"https:\\\/\\\/www.grupomedcof.com.br\\\/blog\\\/?s={search_term_string}\"},\"query-input\":{\"@type\":\"PropertyValueSpecification\",\"valueRequired\":true,\"valueName\":\"search_term_string\"}}],\"inLanguage\":\"pt-BR\"},{\"@type\":\"Organization\",\"@id\":\"https:\\\/\\\/www.grupomedcof.com.br\\\/blog\\\/#organization\",\"name\":\"Grupo MedCof\",\"url\":\"https:\\\/\\\/www.grupomedcof.com.br\\\/blog\\\/\",\"logo\":{\"@type\":\"ImageObject\",\"inLanguage\":\"pt-BR\",\"@id\":\"https:\\\/\\\/www.grupomedcof.com.br\\\/blog\\\/#\\\/schema\\\/logo\\\/image\\\/\",\"url\":\"https:\\\/\\\/www.grupomedcof.com.br\\\/blog\\\/wp-content\\\/uploads\\\/2022\\\/01\\\/logo-medcof.png\",\"contentUrl\":\"https:\\\/\\\/www.grupomedcof.com.br\\\/blog\\\/wp-content\\\/uploads\\\/2022\\\/01\\\/logo-medcof.png\",\"width\":768,\"height\":269,\"caption\":\"Grupo MedCof\"},\"image\":{\"@id\":\"https:\\\/\\\/www.grupomedcof.com.br\\\/blog\\\/#\\\/schema\\\/logo\\\/image\\\/\"},\"sameAs\":[\"https:\\\/\\\/www.facebook.com\\\/MedCofQbank\\\/\",\"https:\\\/\\\/www.instagram.com\\\/grupomedcof\\\/\",\"https:\\\/\\\/br.linkedin.com\\\/company\\\/medcof\",\"https:\\\/\\\/www.youtube.com\\\/channel\\\/UCdHMuOHKICxcHwecxN8P-AA\"]},{\"@type\":\"Person\",\"@id\":\"https:\\\/\\\/www.grupomedcof.com.br\\\/blog\\\/#\\\/schema\\\/person\\\/db19a651f86c5fc202d6eee744fd3292\",\"name\":\"Kiara Adelino\",\"image\":{\"@type\":\"ImageObject\",\"inLanguage\":\"pt-BR\",\"@id\":\"https:\\\/\\\/www.grupomedcof.com.br\\\/blog\\\/wp-content\\\/uploads\\\/2024\\\/08\\\/cropped-Kiara-Adelino2-96x96.jpega85663bdda67261f8f06f86e555e1e49\",\"url\":\"https:\\\/\\\/www.grupomedcof.com.br\\\/blog\\\/wp-content\\\/uploads\\\/2024\\\/08\\\/cropped-Kiara-Adelino2-96x96.jpeg\",\"contentUrl\":\"https:\\\/\\\/www.grupomedcof.com.br\\\/blog\\\/wp-content\\\/uploads\\\/2024\\\/08\\\/cropped-Kiara-Adelino2-96x96.jpeg\",\"caption\":\"Kiara Adelino\"},\"description\":\"Estudante do 5\u00b0 semestre de Medicina. Gosto bastante de aprender coisas novas, principalmente na \u00e1rea de Neurologia e Anatomia humana.\",\"url\":\"https:\\\/\\\/www.grupomedcof.com.br\\\/blog\\\/author\\\/kiara-adelino\\\/\"}]}<\/script>\n<!-- \/ Yoast SEO Premium plugin. -->","yoast_head_json":{"title":"Dor articular: pode ser osteoartrite? - Blog de Medcof: conte\u00fados, editais, revalida e mais!","description":"Nominada de osteoartrite, osteoartrose ou somente artrose, essa condi\u00e7\u00e3o \u00e9 uma importante causa de afastamento dos trabalhos. Entenda!","robots":{"index":"index","follow":"follow","max-snippet":"max-snippet:-1","max-image-preview":"max-image-preview:large","max-video-preview":"max-video-preview:-1"},"canonical":"https:\/\/www.grupomedcof.com.br\/blog\/dor-articular-pode-ser-osteoartrite\/","og_locale":"pt_BR","og_type":"article","og_title":"Dor articular: pode ser osteoartrite?","og_description":"Nominada de osteoartrite, osteoartrose ou somente artrose, essa condi\u00e7\u00e3o \u00e9 uma importante causa de afastamento dos trabalhos. Entenda!","og_url":"https:\/\/www.grupomedcof.com.br\/blog\/dor-articular-pode-ser-osteoartrite\/","og_site_name":"Blog de Medcof: conte\u00fados, editais, revalida e mais!","article_publisher":"https:\/\/www.facebook.com\/MedCofQbank\/","article_published_time":"2025-04-07T18:32:38+00:00","article_modified_time":"2025-04-30T16:29:27+00:00","og_image":[{"width":1920,"height":1080,"url":"https:\/\/www.grupomedcof.com.br\/blog\/wp-content\/uploads\/2025\/04\/Blog-MedCof-2025-04-07T153034.856.jpg","type":"image\/jpeg"}],"author":"Kiara Adelino","twitter_card":"summary_large_image","twitter_misc":{"Escrito por":"Kiara Adelino","Est. tempo de leitura":"7 minutos"},"schema":{"@context":"https:\/\/schema.org","@graph":[{"@type":"Article","@id":"https:\/\/www.grupomedcof.com.br\/blog\/dor-articular-pode-ser-osteoartrite\/#article","isPartOf":{"@id":"https:\/\/www.grupomedcof.com.br\/blog\/dor-articular-pode-ser-osteoartrite\/"},"author":{"name":"Kiara Adelino","@id":"https:\/\/www.grupomedcof.com.br\/blog\/#\/schema\/person\/db19a651f86c5fc202d6eee744fd3292"},"headline":"Dor articular: pode ser osteoartrite?","datePublished":"2025-04-07T18:32:38+00:00","dateModified":"2025-04-30T16:29:27+00:00","mainEntityOfPage":{"@id":"https:\/\/www.grupomedcof.com.br\/blog\/dor-articular-pode-ser-osteoartrite\/"},"wordCount":1041,"publisher":{"@id":"https:\/\/www.grupomedcof.com.br\/blog\/#organization"},"image":{"@id":"https:\/\/www.grupomedcof.com.br\/blog\/dor-articular-pode-ser-osteoartrite\/#primaryimage"},"thumbnailUrl":"https:\/\/www.grupomedcof.com.br\/blog\/wp-content\/uploads\/2025\/04\/Blog-MedCof-2025-04-07T153034.856.jpg","keywords":["Osteoartrite"],"articleSection":["Reumatologia"],"inLanguage":"pt-BR"},{"@type":"WebPage","@id":"https:\/\/www.grupomedcof.com.br\/blog\/dor-articular-pode-ser-osteoartrite\/","url":"https:\/\/www.grupomedcof.com.br\/blog\/dor-articular-pode-ser-osteoartrite\/","name":"Dor articular: pode ser osteoartrite? - Blog de Medcof: conte\u00fados, editais, revalida e mais!","isPartOf":{"@id":"https:\/\/www.grupomedcof.com.br\/blog\/#website"},"primaryImageOfPage":{"@id":"https:\/\/www.grupomedcof.com.br\/blog\/dor-articular-pode-ser-osteoartrite\/#primaryimage"},"image":{"@id":"https:\/\/www.grupomedcof.com.br\/blog\/dor-articular-pode-ser-osteoartrite\/#primaryimage"},"thumbnailUrl":"https:\/\/www.grupomedcof.com.br\/blog\/wp-content\/uploads\/2025\/04\/Blog-MedCof-2025-04-07T153034.856.jpg","datePublished":"2025-04-07T18:32:38+00:00","dateModified":"2025-04-30T16:29:27+00:00","description":"Nominada de osteoartrite, osteoartrose ou somente artrose, essa condi\u00e7\u00e3o \u00e9 uma importante causa de afastamento dos trabalhos. Entenda!","breadcrumb":{"@id":"https:\/\/www.grupomedcof.com.br\/blog\/dor-articular-pode-ser-osteoartrite\/#breadcrumb"},"inLanguage":"pt-BR","potentialAction":[{"@type":"ReadAction","target":["https:\/\/www.grupomedcof.com.br\/blog\/dor-articular-pode-ser-osteoartrite\/"]}]},{"@type":"ImageObject","inLanguage":"pt-BR","@id":"https:\/\/www.grupomedcof.com.br\/blog\/dor-articular-pode-ser-osteoartrite\/#primaryimage","url":"https:\/\/www.grupomedcof.com.br\/blog\/wp-content\/uploads\/2025\/04\/Blog-MedCof-2025-04-07T153034.856.jpg","contentUrl":"https:\/\/www.grupomedcof.com.br\/blog\/wp-content\/uploads\/2025\/04\/Blog-MedCof-2025-04-07T153034.856.jpg","width":1920,"height":1080},{"@type":"BreadcrumbList","@id":"https:\/\/www.grupomedcof.com.br\/blog\/dor-articular-pode-ser-osteoartrite\/#breadcrumb","itemListElement":[{"@type":"ListItem","position":1,"name":"In\u00edcio","item":"https:\/\/www.grupomedcof.com.br\/blog\/"},{"@type":"ListItem","position":2,"name":"Dor articular: pode ser osteoartrite?"}]},{"@type":"WebSite","@id":"https:\/\/www.grupomedcof.com.br\/blog\/#website","url":"https:\/\/www.grupomedcof.com.br\/blog\/","name":"Blog de Medcof: conte\u00fados, editais, revalida e mais!","description":"Acesso o blog de MedCof! Seu portal de conte\u00fados sobre resid\u00eancia m\u00e9dica, an\u00e1lise e editais e muito mais. Clique e confira!","publisher":{"@id":"https:\/\/www.grupomedcof.com.br\/blog\/#organization"},"alternateName":"Blog de Medcof: conte\u00fados, editais, revalida e mais!","potentialAction":[{"@type":"SearchAction","target":{"@type":"EntryPoint","urlTemplate":"https:\/\/www.grupomedcof.com.br\/blog\/?s={search_term_string}"},"query-input":{"@type":"PropertyValueSpecification","valueRequired":true,"valueName":"search_term_string"}}],"inLanguage":"pt-BR"},{"@type":"Organization","@id":"https:\/\/www.grupomedcof.com.br\/blog\/#organization","name":"Grupo MedCof","url":"https:\/\/www.grupomedcof.com.br\/blog\/","logo":{"@type":"ImageObject","inLanguage":"pt-BR","@id":"https:\/\/www.grupomedcof.com.br\/blog\/#\/schema\/logo\/image\/","url":"https:\/\/www.grupomedcof.com.br\/blog\/wp-content\/uploads\/2022\/01\/logo-medcof.png","contentUrl":"https:\/\/www.grupomedcof.com.br\/blog\/wp-content\/uploads\/2022\/01\/logo-medcof.png","width":768,"height":269,"caption":"Grupo MedCof"},"image":{"@id":"https:\/\/www.grupomedcof.com.br\/blog\/#\/schema\/logo\/image\/"},"sameAs":["https:\/\/www.facebook.com\/MedCofQbank\/","https:\/\/www.instagram.com\/grupomedcof\/","https:\/\/br.linkedin.com\/company\/medcof","https:\/\/www.youtube.com\/channel\/UCdHMuOHKICxcHwecxN8P-AA"]},{"@type":"Person","@id":"https:\/\/www.grupomedcof.com.br\/blog\/#\/schema\/person\/db19a651f86c5fc202d6eee744fd3292","name":"Kiara Adelino","image":{"@type":"ImageObject","inLanguage":"pt-BR","@id":"https:\/\/www.grupomedcof.com.br\/blog\/wp-content\/uploads\/2024\/08\/cropped-Kiara-Adelino2-96x96.jpega85663bdda67261f8f06f86e555e1e49","url":"https:\/\/www.grupomedcof.com.br\/blog\/wp-content\/uploads\/2024\/08\/cropped-Kiara-Adelino2-96x96.jpeg","contentUrl":"https:\/\/www.grupomedcof.com.br\/blog\/wp-content\/uploads\/2024\/08\/cropped-Kiara-Adelino2-96x96.jpeg","caption":"Kiara Adelino"},"description":"Estudante do 5\u00b0 semestre de Medicina. Gosto bastante de aprender coisas novas, principalmente na \u00e1rea de Neurologia e Anatomia humana.","url":"https:\/\/www.grupomedcof.com.br\/blog\/author\/kiara-adelino\/"}]}},"authors":[{"term_id":3617,"user_id":21,"is_guest":0,"slug":"kiara-adelino","display_name":"Kiara Adelino","avatar_url":"https:\/\/www.grupomedcof.com.br\/blog\/wp-content\/uploads\/2024\/08\/cropped-Kiara-Adelino2-96x96.jpeg","0":null,"1":"","2":"","3":"","4":"","5":"","6":"","7":"","8":""}],"_links":{"self":[{"href":"https:\/\/www.grupomedcof.com.br\/blog\/wp-json\/wp\/v2\/posts\/35013","targetHints":{"allow":["GET"]}}],"collection":[{"href":"https:\/\/www.grupomedcof.com.br\/blog\/wp-json\/wp\/v2\/posts"}],"about":[{"href":"https:\/\/www.grupomedcof.com.br\/blog\/wp-json\/wp\/v2\/types\/post"}],"author":[{"embeddable":true,"href":"https:\/\/www.grupomedcof.com.br\/blog\/wp-json\/wp\/v2\/users\/21"}],"replies":[{"embeddable":true,"href":"https:\/\/www.grupomedcof.com.br\/blog\/wp-json\/wp\/v2\/comments?post=35013"}],"version-history":[{"count":0,"href":"https:\/\/www.grupomedcof.com.br\/blog\/wp-json\/wp\/v2\/posts\/35013\/revisions"}],"wp:featuredmedia":[{"embeddable":true,"href":"https:\/\/www.grupomedcof.com.br\/blog\/wp-json\/wp\/v2\/media\/35014"}],"wp:attachment":[{"href":"https:\/\/www.grupomedcof.com.br\/blog\/wp-json\/wp\/v2\/media?parent=35013"}],"wp:term":[{"taxonomy":"category","embeddable":true,"href":"https:\/\/www.grupomedcof.com.br\/blog\/wp-json\/wp\/v2\/categories?post=35013"},{"taxonomy":"post_tag","embeddable":true,"href":"https:\/\/www.grupomedcof.com.br\/blog\/wp-json\/wp\/v2\/tags?post=35013"},{"taxonomy":"author","embeddable":true,"href":"https:\/\/www.grupomedcof.com.br\/blog\/wp-json\/wp\/v2\/ppma_author?post=35013"}],"curies":[{"name":"wp","href":"https:\/\/api.w.org\/{rel}","templated":true}]}}