{"id":35023,"date":"2025-04-11T09:04:11","date_gmt":"2025-04-11T12:04:11","guid":{"rendered":"https:\/\/www.grupomedcof.com.br\/blog\/?p=35023"},"modified":"2025-04-30T13:21:00","modified_gmt":"2025-04-30T16:21:00","slug":"dia-do-medico-legista-a-importancia-desse-profissional","status":"publish","type":"post","link":"https:\/\/www.grupomedcof.com.br\/blog\/dia-do-medico-legista-a-importancia-desse-profissional\/","title":{"rendered":"Dia do M\u00e9dico Legista e a import\u00e2ncia desse profissional"},"content":{"rendered":"<div id=\"ez-toc-container\" class=\"ez-toc-v2_0_74 counter-hierarchy ez-toc-counter ez-toc-transparent ez-toc-container-direction\">\n<div class=\"ez-toc-title-container\">\n<p class=\"ez-toc-title\" style=\"cursor:inherit\">Sum\u00e1rio<\/p>\n<span class=\"ez-toc-title-toggle\"><a href=\"#\" class=\"ez-toc-pull-right ez-toc-btn ez-toc-btn-xs ez-toc-btn-default ez-toc-toggle\" aria-label=\"Alternar tabela de conte\u00fado\"><span class=\"ez-toc-js-icon-con\"><span class=\"\"><span class=\"eztoc-hide\" style=\"display:none;\">Toggle<\/span><span class=\"ez-toc-icon-toggle-span\"><svg style=\"fill: #999;color:#999\" xmlns=\"http:\/\/www.w3.org\/2000\/svg\" class=\"list-377408\" width=\"20px\" height=\"20px\" viewBox=\"0 0 24 24\" fill=\"none\"><path d=\"M6 6H4v2h2V6zm14 0H8v2h12V6zM4 11h2v2H4v-2zm16 0H8v2h12v-2zM4 16h2v2H4v-2zm16 0H8v2h12v-2z\" fill=\"currentColor\"><\/path><\/svg><svg style=\"fill: #999;color:#999\" class=\"arrow-unsorted-368013\" xmlns=\"http:\/\/www.w3.org\/2000\/svg\" width=\"10px\" height=\"10px\" viewBox=\"0 0 24 24\" version=\"1.2\" baseProfile=\"tiny\"><path d=\"M18.2 9.3l-6.2-6.3-6.2 6.3c-.2.2-.3.4-.3.7s.1.5.3.7c.2.2.4.3.7.3h11c.3 0 .5-.1.7-.3.2-.2.3-.5.3-.7s-.1-.5-.3-.7zM5.8 14.7l6.2 6.3 6.2-6.3c.2-.2.3-.5.3-.7s-.1-.5-.3-.7c-.2-.2-.4-.3-.7-.3h-11c-.3 0-.5.1-.7.3-.2.2-.3.5-.3.7s.1.5.3.7z\"\/><\/svg><\/span><\/span><\/span><\/a><\/span><\/div>\n<nav><ul class='ez-toc-list ez-toc-list-level-1 ' ><li class='ez-toc-page-1 ez-toc-heading-level-2'><a class=\"ez-toc-link ez-toc-heading-1\" href=\"https:\/\/www.grupomedcof.com.br\/blog\/dia-do-medico-legista-a-importancia-desse-profissional\/#A_Essencia_da_Profissao\" >A Ess\u00eancia da Profiss\u00e3o<\/a><\/li><li class='ez-toc-page-1 ez-toc-heading-level-2'><a class=\"ez-toc-link ez-toc-heading-2\" href=\"https:\/\/www.grupomedcof.com.br\/blog\/dia-do-medico-legista-a-importancia-desse-profissional\/#Preparacao_para_a_Residencia\" >Prepara\u00e7\u00e3o para a Resid\u00eancia<\/a><\/li><li class='ez-toc-page-1 ez-toc-heading-level-2'><a class=\"ez-toc-link ez-toc-heading-3\" href=\"https:\/\/www.grupomedcof.com.br\/blog\/dia-do-medico-legista-a-importancia-desse-profissional\/#Contribuicao_a_Sociedade\" >Contribui\u00e7\u00e3o \u00e0 Sociedade<\/a><\/li><li class='ez-toc-page-1 ez-toc-heading-level-2'><a class=\"ez-toc-link ez-toc-heading-4\" href=\"https:\/\/www.grupomedcof.com.br\/blog\/dia-do-medico-legista-a-importancia-desse-profissional\/#Onde_fazer_a_Residencia\" >Onde fazer a Resid\u00eancia\u00a0<\/a><\/li><li class='ez-toc-page-1 ez-toc-heading-level-2'><a class=\"ez-toc-link ez-toc-heading-5\" href=\"https:\/\/www.grupomedcof.com.br\/blog\/dia-do-medico-legista-a-importancia-desse-profissional\/#Seja_um_MedCofer\" >Seja um MedCofer!<\/a><\/li><\/ul><\/nav><\/div>\n\n<figure class=\"wp-block-image size-large\"><img loading=\"lazy\" decoding=\"async\" width=\"1024\" height=\"576\" src=\"https:\/\/www.grupomedcof.com.br\/blog\/wp-content\/uploads\/2025\/04\/Blog-MedCof-2025-04-08T090657.908-1024x576.jpg\" alt=\"\" class=\"wp-image-35025\" srcset=\"https:\/\/www.grupomedcof.com.br\/blog\/wp-content\/uploads\/2025\/04\/Blog-MedCof-2025-04-08T090657.908-1024x576.jpg 1024w, https:\/\/www.grupomedcof.com.br\/blog\/wp-content\/uploads\/2025\/04\/Blog-MedCof-2025-04-08T090657.908-300x169.jpg 300w, https:\/\/www.grupomedcof.com.br\/blog\/wp-content\/uploads\/2025\/04\/Blog-MedCof-2025-04-08T090657.908-768x432.jpg 768w, https:\/\/www.grupomedcof.com.br\/blog\/wp-content\/uploads\/2025\/04\/Blog-MedCof-2025-04-08T090657.908-1536x864.jpg 1536w, https:\/\/www.grupomedcof.com.br\/blog\/wp-content\/uploads\/2025\/04\/Blog-MedCof-2025-04-08T090657.908-747x420.jpg 747w, https:\/\/www.grupomedcof.com.br\/blog\/wp-content\/uploads\/2025\/04\/Blog-MedCof-2025-04-08T090657.908-150x84.jpg 150w, https:\/\/www.grupomedcof.com.br\/blog\/wp-content\/uploads\/2025\/04\/Blog-MedCof-2025-04-08T090657.908-696x392.jpg 696w, https:\/\/www.grupomedcof.com.br\/blog\/wp-content\/uploads\/2025\/04\/Blog-MedCof-2025-04-08T090657.908-1068x601.jpg 1068w, https:\/\/www.grupomedcof.com.br\/blog\/wp-content\/uploads\/2025\/04\/Blog-MedCof-2025-04-08T090657.908.jpg 1680w\" sizes=\"auto, (max-width: 1024px) 100vw, 1024px\" \/><\/figure>\n\n\n\n<p>No dia 11 de abril, celebramos a import\u00e2ncia <strong>vital<\/strong> do M\u00e9dico Legista no sistema de justi\u00e7a criminal.<\/p>\n\n\n\n<h2 class=\"wp-block-heading\" id=\"h-a-essencia-da-profissao\"><span class=\"ez-toc-section\" id=\"A_Essencia_da_Profissao\"><\/span><strong>A Ess\u00eancia da Profiss\u00e3o<\/strong><span class=\"ez-toc-section-end\"><\/span><\/h2>\n\n\n\n<p>Os<a href=\"https:\/\/www.grupomedcof.com.br\/blog\/medicina-legal-e-pericia-medica\/\" target=\"_blank\" rel=\"noreferrer noopener\"> m\u00e9dicos legistas <\/a>desempenham um papel crucial na elucida\u00e7\u00e3o de crimes por meio da medicina legal, utilizando seus conhecimentos para <strong>investigar causas de morte, analisar les\u00f5es e auxiliar na reconstitui\u00e7\u00e3o de acontecimentos il\u00edcitos<\/strong>. Para isso, eles\u00a0utilizam uma combina\u00e7\u00e3o de <strong>medicina<\/strong>, <strong>ci\u00eancia<\/strong> e <strong>direito<\/strong> para fornecer aos investigadores respostas precisas sobre crimes e outras ocorr\u00eancias suspeitas. Eles s\u00e3o fundamentais n\u00e3o apenas na determina\u00e7\u00e3o das causas de mortes misteriosas, mas tamb\u00e9m na <strong>prote\u00e7\u00e3o dos direitos humanos<\/strong>, garantindo que a verdade seja revelada por meio de provas cient\u00edficas. Seu trabalho pode influenciar julgamentos, direcionar investiga\u00e7\u00f5es e fornecer conclus\u00f5es essenciais para os casos.<\/p>\n\n\n\n<figure class=\"wp-block-image\"><img decoding=\"async\" src=\"https:\/\/lh7-rt.googleusercontent.com\/docsz\/AD_4nXcaZSGmDE_0V_jirDLEuqBAoQziUKiokewGl19xgRn0PUM5xQQvcDfJkuQg2jxNmGkLAIkPSyfL78R0ECeuVtVZUtJhslUP_5bk2SI1IK9dxqOeR1oi-ReGzrHvKd_hOeP_Lj1_hA?key=GhnyxHqtCn8Kfz2RR283e1dm\" alt=\"\"\/><figcaption class=\"wp-element-caption\">Imagens de instrumentos usados na pr\u00e1tica do M\u00e9dico legista. Fonte: Secretaria da Seguran\u00e7a P\u00fablica e Defesa Social<\/figcaption><\/figure>\n\n\n\n<h2 class=\"wp-block-heading\" id=\"h-preparacao-para-a-residencia\"><span class=\"ez-toc-section\" id=\"Preparacao_para_a_Residencia\"><\/span><strong>Prepara\u00e7\u00e3o para a Resid\u00eancia<\/strong><span class=\"ez-toc-section-end\"><\/span><\/h2>\n\n\n\n<p>Quem aspira a seguir essa carreira, deve se preparar cuidadosamente para a resid\u00eancia em medicina legal. Esse processo inclui:<\/p>\n\n\n\n<ul class=\"wp-block-list\">\n<li>Educa\u00e7\u00e3o: Obter um diploma em medicina \u00e9 o primeiro passo. O conhecimento em biologia, anatomia e outras ci\u00eancias m\u00e9dicas \u00e9 fundamental (e n\u00f3s sabemos qual \u00e9 a melhor plataforma de prepara\u00e7\u00e3o: na plataforma <strong>MedCof <\/strong>voc\u00ea encontra aulas espec\u00edficas para todos os conte\u00fados cobrados nas provas de resid\u00eancia, al\u00e9m de quest\u00f5es passadas para que voc\u00ea possa treinar os conhecimentos adquiridos!<\/li>\n\n\n\n<li>Especializa\u00e7\u00e3o: Participar de programas de resid\u00eancia em medicina legal e obter certifica\u00e7\u00f5es relevantes que focam nos aspectos t\u00e9cnicos e \u00e9ticos da pr\u00e1tica forense.<\/li>\n\n\n\n<li>Experi\u00eancia Pr\u00e1tica: Engajar-se em est\u00e1gios e atividades pr\u00e1ticas na \u00e1rea forense para ganhar experi\u00eancia pr\u00e1tica e conhecimento aprofundado.<\/li>\n\n\n\n<li>Atualiza\u00e7\u00e3o Constante: A literatura m\u00e9dica e as metodologias investigativas est\u00e3o em constante evolu\u00e7\u00e3o, portanto, os profissionais devem se manter atualizados sobre as descobertas cient\u00edficas e tecnol\u00f3gicas.<\/li>\n<\/ul>\n\n\n\n<figure class=\"wp-block-image size-large\"><a href=\"https:\/\/www.grupomedcof.com.br\/cofletters\/\" target=\"_blank\" rel=\" noreferrer noopener\"><img loading=\"lazy\" decoding=\"async\" width=\"1024\" height=\"320\" src=\"https:\/\/www.grupomedcof.com.br\/blog\/wp-content\/uploads\/2025\/02\/Banner-MedCof-Plus-2200x460-11-1024x320.png\" alt=\"\" class=\"wp-image-33723\" srcset=\"https:\/\/www.grupomedcof.com.br\/blog\/wp-content\/uploads\/2025\/02\/Banner-MedCof-Plus-2200x460-11-1024x320.png 1024w, https:\/\/www.grupomedcof.com.br\/blog\/wp-content\/uploads\/2025\/02\/Banner-MedCof-Plus-2200x460-11-300x94.png 300w, https:\/\/www.grupomedcof.com.br\/blog\/wp-content\/uploads\/2025\/02\/Banner-MedCof-Plus-2200x460-11-768x240.png 768w, https:\/\/www.grupomedcof.com.br\/blog\/wp-content\/uploads\/2025\/02\/Banner-MedCof-Plus-2200x460-11-1536x480.png 1536w, https:\/\/www.grupomedcof.com.br\/blog\/wp-content\/uploads\/2025\/02\/Banner-MedCof-Plus-2200x460-11-2048x640.png 2048w, https:\/\/www.grupomedcof.com.br\/blog\/wp-content\/uploads\/2025\/02\/Banner-MedCof-Plus-2200x460-11-1343x420.png 1343w, https:\/\/www.grupomedcof.com.br\/blog\/wp-content\/uploads\/2025\/02\/Banner-MedCof-Plus-2200x460-11-150x47.png 150w, https:\/\/www.grupomedcof.com.br\/blog\/wp-content\/uploads\/2025\/02\/Banner-MedCof-Plus-2200x460-11-696x218.png 696w, https:\/\/www.grupomedcof.com.br\/blog\/wp-content\/uploads\/2025\/02\/Banner-MedCof-Plus-2200x460-11-1068x334.png 1068w, https:\/\/www.grupomedcof.com.br\/blog\/wp-content\/uploads\/2025\/02\/Banner-MedCof-Plus-2200x460-11-1920x600.png 1920w\" sizes=\"auto, (max-width: 1024px) 100vw, 1024px\" \/><\/a><\/figure>\n\n\n\n<h2 class=\"wp-block-heading\" id=\"h-contribuicao-a-sociedade\"><span class=\"ez-toc-section\" id=\"Contribuicao_a_Sociedade\"><\/span><strong>Contribui\u00e7\u00e3o \u00e0 Sociedade<\/strong><span class=\"ez-toc-section-end\"><\/span><\/h2>\n\n\n\n<p>A celebra\u00e7\u00e3o do Dia do M\u00e9dico Legista \u00e9 um reconhecimento n\u00e3o apenas da complexidade dessa profiss\u00e3o, mas tamb\u00e9m da <strong>dedica\u00e7\u00e3o dos profissionais<\/strong> que trabalham incansavelmente para garantir justi\u00e7a e dignidade. Seu trabalho assegura que leis sejam cumpridas, que culpados sejam identificados e inocentes, exonerados.<\/p>\n\n\n\n<p>Neste dia especial, expressamos nosso respeito aos m\u00e9dicos legistas por sua contribui\u00e7\u00e3o indispens\u00e1vel \u00e0 sociedade, inspirando a pr\u00f3xima gera\u00e7\u00e3o de profissionais na \u00e1rea m\u00e9dica e legal.<\/p>\n\n\n\n<h2 class=\"wp-block-heading\" id=\"h-onde-fazer-a-residencia\"><span class=\"ez-toc-section\" id=\"Onde_fazer_a_Residencia\"><\/span><strong>Onde fazer a Resid\u00eancia\u00a0<\/strong><span class=\"ez-toc-section-end\"><\/span><\/h2>\n\n\n\n<p>Embora no Brasil s\u00f3 existam 2 locais de forma\u00e7\u00e3o em Medicina Forense (Hospital das Cl\u00ednicas de Medicina da Universidade de S\u00e3o Paulo e a Sele\u00e7\u00e3o Unificada para Resid\u00eancia\u00a0 M\u00e9dica no Estado do Cear\u00e1), ambas as institui\u00e7\u00f5es s\u00e3o de alt\u00edssima qualidade, resultando em uma alta concorr\u00eancia. Por isso, fique atento aos editais de concurso para resid\u00eancia m\u00e9dica, que geralmente s\u00e3o lan\u00e7ados anualmente por cada institui\u00e7\u00e3o. Esses documentos cont\u00eam informa\u00e7\u00f5es detalhadas sobre o processo seletivo, incluindo o n\u00famero de vagas e as datas das provas.<\/p>\n\n\n\n<h2 class=\"wp-block-heading\"><span class=\"ez-toc-section\" id=\"Seja_um_MedCofer\"><\/span><strong>Seja um MedCofer!<\/strong><span class=\"ez-toc-section-end\"><\/span><\/h2>\n\n\n\n<p>Quer alcan\u00e7ar a aprova\u00e7\u00e3o nas provas de resid\u00eancia m\u00e9dica? Ent\u00e3o seja um&nbsp;<a href=\"https:\/\/www.grupomedcof.com.br\/home\/\" target=\"_blank\" rel=\"noreferrer noopener\"><strong>MedCoffer<\/strong><\/a>! Aqui te ajudaremos na busca da aprova\u00e7\u00e3o com conte\u00fados de qualidade e uma metodologia que j\u00e1 aprovou mais de 10 mil residentes no pa\u00eds! Por fim, acesse o nosso<a href=\"https:\/\/www.youtube.com\/@GrupoMedcof\/featured\">&nbsp;<strong>canal do youtube&nbsp;<\/strong><\/a>para ver o nosso material.<\/p>\n\n\n\n<figure class=\"wp-block-embed is-type-video is-provider-youtube wp-block-embed-youtube wp-embed-aspect-16-9 wp-has-aspect-ratio\"><div class=\"wp-block-embed__wrapper\">\n<div class=\"youtube-embed\" data-video_id=\"Zrj3krXKbsU\"><iframe loading=\"lazy\" title=\"SingularCast T2 Ep.23 - Dr. Matheus aprovado em Radiologia e Diagn\u00f3stico por Imagem na HCRP-USP\" width=\"696\" height=\"392\" src=\"https:\/\/www.youtube.com\/embed\/Zrj3krXKbsU?feature=oembed&#038;enablejsapi=1\" frameborder=\"0\" allow=\"accelerometer; autoplay; clipboard-write; encrypted-media; gyroscope; picture-in-picture; web-share\" referrerpolicy=\"strict-origin-when-cross-origin\" allowfullscreen><\/iframe><\/div>\n<\/div><\/figure>\n","protected":false},"excerpt":{"rendered":"<p>No dia 11 de abril, celebramos a import\u00e2ncia vital do M\u00e9dico Legista no sistema de justi\u00e7a criminal. Entenda mais!<\/p>\n","protected":false},"author":21,"featured_media":35025,"comment_status":"closed","ping_status":"closed","sticky":false,"template":"","format":"standard","meta":{"footnotes":""},"categories":[2750],"tags":[2808,2807],"ppma_author":[3617],"class_list":{"0":"post-35023","1":"post","2":"type-post","3":"status-publish","4":"format-standard","5":"has-post-thumbnail","7":"category-medicina-legal","8":"tag-dia-do-medico-legista","9":"tag-medico-legista"},"yoast_head":"<!-- This site is optimized with the Yoast SEO Premium plugin v24.3 (Yoast SEO v27.4) - https:\/\/yoast.com\/product\/yoast-seo-premium-wordpress\/ -->\n<title>Dia do M\u00e9dico Legista e a import\u00e2ncia desse profissional - Blog de Medcof: conte\u00fados, editais, revalida e mais!<\/title>\n<meta name=\"description\" content=\"No dia 11 de abril, celebramos a import\u00e2ncia vital do M\u00e9dico Legista no sistema de justi\u00e7a criminal. Entenda mais!\" \/>\n<meta name=\"robots\" content=\"index, follow, max-snippet:-1, max-image-preview:large, max-video-preview:-1\" \/>\n<link rel=\"canonical\" href=\"https:\/\/www.grupomedcof.com.br\/blog\/dia-do-medico-legista-a-importancia-desse-profissional\/\" \/>\n<meta property=\"og:locale\" content=\"pt_BR\" \/>\n<meta property=\"og:type\" content=\"article\" \/>\n<meta property=\"og:title\" content=\"Dia do M\u00e9dico Legista e a import\u00e2ncia desse profissional\" \/>\n<meta property=\"og:description\" content=\"No dia 11 de abril, celebramos a import\u00e2ncia vital do M\u00e9dico Legista no sistema de justi\u00e7a criminal. Entenda mais!\" \/>\n<meta property=\"og:url\" content=\"https:\/\/www.grupomedcof.com.br\/blog\/dia-do-medico-legista-a-importancia-desse-profissional\/\" \/>\n<meta property=\"og:site_name\" content=\"Blog de Medcof: conte\u00fados, editais, revalida e mais!\" \/>\n<meta property=\"article:publisher\" content=\"https:\/\/www.facebook.com\/MedCofQbank\/\" \/>\n<meta property=\"article:published_time\" content=\"2025-04-11T12:04:11+00:00\" \/>\n<meta property=\"article:modified_time\" content=\"2025-04-30T16:21:00+00:00\" \/>\n<meta property=\"og:image\" content=\"https:\/\/www.grupomedcof.com.br\/blog\/wp-content\/uploads\/2025\/04\/Blog-MedCof-2025-04-08T090657.908.jpg\" \/>\n\t<meta property=\"og:image:width\" content=\"1680\" \/>\n\t<meta property=\"og:image:height\" content=\"945\" \/>\n\t<meta property=\"og:image:type\" content=\"image\/jpeg\" \/>\n<meta name=\"author\" content=\"Kiara Adelino\" \/>\n<meta name=\"twitter:card\" content=\"summary_large_image\" \/>\n<meta name=\"twitter:label1\" content=\"Escrito por\" \/>\n\t<meta name=\"twitter:data1\" content=\"Kiara Adelino\" \/>\n\t<meta name=\"twitter:label2\" content=\"Est. tempo de leitura\" \/>\n\t<meta name=\"twitter:data2\" content=\"4 minutos\" \/>\n<script type=\"application\/ld+json\" class=\"yoast-schema-graph\">{\"@context\":\"https:\\\/\\\/schema.org\",\"@graph\":[{\"@type\":\"Article\",\"@id\":\"https:\\\/\\\/www.grupomedcof.com.br\\\/blog\\\/dia-do-medico-legista-a-importancia-desse-profissional\\\/#article\",\"isPartOf\":{\"@id\":\"https:\\\/\\\/www.grupomedcof.com.br\\\/blog\\\/dia-do-medico-legista-a-importancia-desse-profissional\\\/\"},\"author\":{\"name\":\"Kiara Adelino\",\"@id\":\"https:\\\/\\\/www.grupomedcof.com.br\\\/blog\\\/#\\\/schema\\\/person\\\/db19a651f86c5fc202d6eee744fd3292\"},\"headline\":\"Dia do M\u00e9dico Legista e a import\u00e2ncia desse profissional\",\"datePublished\":\"2025-04-11T12:04:11+00:00\",\"dateModified\":\"2025-04-30T16:21:00+00:00\",\"mainEntityOfPage\":{\"@id\":\"https:\\\/\\\/www.grupomedcof.com.br\\\/blog\\\/dia-do-medico-legista-a-importancia-desse-profissional\\\/\"},\"wordCount\":609,\"publisher\":{\"@id\":\"https:\\\/\\\/www.grupomedcof.com.br\\\/blog\\\/#organization\"},\"image\":{\"@id\":\"https:\\\/\\\/www.grupomedcof.com.br\\\/blog\\\/dia-do-medico-legista-a-importancia-desse-profissional\\\/#primaryimage\"},\"thumbnailUrl\":\"https:\\\/\\\/www.grupomedcof.com.br\\\/blog\\\/wp-content\\\/uploads\\\/2025\\\/04\\\/Blog-MedCof-2025-04-08T090657.908.jpg\",\"keywords\":[\"Dia do M\u00e9dico Legista\",\"M\u00e9dico Legista\"],\"articleSection\":[\"Medicina Legal\"],\"inLanguage\":\"pt-BR\"},{\"@type\":\"WebPage\",\"@id\":\"https:\\\/\\\/www.grupomedcof.com.br\\\/blog\\\/dia-do-medico-legista-a-importancia-desse-profissional\\\/\",\"url\":\"https:\\\/\\\/www.grupomedcof.com.br\\\/blog\\\/dia-do-medico-legista-a-importancia-desse-profissional\\\/\",\"name\":\"Dia do M\u00e9dico Legista e a import\u00e2ncia desse profissional - Blog de Medcof: conte\u00fados, editais, revalida e mais!\",\"isPartOf\":{\"@id\":\"https:\\\/\\\/www.grupomedcof.com.br\\\/blog\\\/#website\"},\"primaryImageOfPage\":{\"@id\":\"https:\\\/\\\/www.grupomedcof.com.br\\\/blog\\\/dia-do-medico-legista-a-importancia-desse-profissional\\\/#primaryimage\"},\"image\":{\"@id\":\"https:\\\/\\\/www.grupomedcof.com.br\\\/blog\\\/dia-do-medico-legista-a-importancia-desse-profissional\\\/#primaryimage\"},\"thumbnailUrl\":\"https:\\\/\\\/www.grupomedcof.com.br\\\/blog\\\/wp-content\\\/uploads\\\/2025\\\/04\\\/Blog-MedCof-2025-04-08T090657.908.jpg\",\"datePublished\":\"2025-04-11T12:04:11+00:00\",\"dateModified\":\"2025-04-30T16:21:00+00:00\",\"description\":\"No dia 11 de abril, celebramos a import\u00e2ncia vital do M\u00e9dico Legista no sistema de justi\u00e7a criminal. Entenda mais!\",\"breadcrumb\":{\"@id\":\"https:\\\/\\\/www.grupomedcof.com.br\\\/blog\\\/dia-do-medico-legista-a-importancia-desse-profissional\\\/#breadcrumb\"},\"inLanguage\":\"pt-BR\",\"potentialAction\":[{\"@type\":\"ReadAction\",\"target\":[\"https:\\\/\\\/www.grupomedcof.com.br\\\/blog\\\/dia-do-medico-legista-a-importancia-desse-profissional\\\/\"]}]},{\"@type\":\"ImageObject\",\"inLanguage\":\"pt-BR\",\"@id\":\"https:\\\/\\\/www.grupomedcof.com.br\\\/blog\\\/dia-do-medico-legista-a-importancia-desse-profissional\\\/#primaryimage\",\"url\":\"https:\\\/\\\/www.grupomedcof.com.br\\\/blog\\\/wp-content\\\/uploads\\\/2025\\\/04\\\/Blog-MedCof-2025-04-08T090657.908.jpg\",\"contentUrl\":\"https:\\\/\\\/www.grupomedcof.com.br\\\/blog\\\/wp-content\\\/uploads\\\/2025\\\/04\\\/Blog-MedCof-2025-04-08T090657.908.jpg\",\"width\":1680,\"height\":945},{\"@type\":\"BreadcrumbList\",\"@id\":\"https:\\\/\\\/www.grupomedcof.com.br\\\/blog\\\/dia-do-medico-legista-a-importancia-desse-profissional\\\/#breadcrumb\",\"itemListElement\":[{\"@type\":\"ListItem\",\"position\":1,\"name\":\"In\u00edcio\",\"item\":\"https:\\\/\\\/www.grupomedcof.com.br\\\/blog\\\/\"},{\"@type\":\"ListItem\",\"position\":2,\"name\":\"Dia do M\u00e9dico Legista e a import\u00e2ncia desse profissional\"}]},{\"@type\":\"WebSite\",\"@id\":\"https:\\\/\\\/www.grupomedcof.com.br\\\/blog\\\/#website\",\"url\":\"https:\\\/\\\/www.grupomedcof.com.br\\\/blog\\\/\",\"name\":\"Blog de Medcof: conte\u00fados, editais, revalida e mais!\",\"description\":\"Acesso o blog de MedCof! Seu portal de conte\u00fados sobre resid\u00eancia m\u00e9dica, an\u00e1lise e editais e muito mais. Clique e confira!\",\"publisher\":{\"@id\":\"https:\\\/\\\/www.grupomedcof.com.br\\\/blog\\\/#organization\"},\"alternateName\":\"Blog de Medcof: conte\u00fados, editais, revalida e mais!\",\"potentialAction\":[{\"@type\":\"SearchAction\",\"target\":{\"@type\":\"EntryPoint\",\"urlTemplate\":\"https:\\\/\\\/www.grupomedcof.com.br\\\/blog\\\/?s={search_term_string}\"},\"query-input\":{\"@type\":\"PropertyValueSpecification\",\"valueRequired\":true,\"valueName\":\"search_term_string\"}}],\"inLanguage\":\"pt-BR\"},{\"@type\":\"Organization\",\"@id\":\"https:\\\/\\\/www.grupomedcof.com.br\\\/blog\\\/#organization\",\"name\":\"Grupo MedCof\",\"url\":\"https:\\\/\\\/www.grupomedcof.com.br\\\/blog\\\/\",\"logo\":{\"@type\":\"ImageObject\",\"inLanguage\":\"pt-BR\",\"@id\":\"https:\\\/\\\/www.grupomedcof.com.br\\\/blog\\\/#\\\/schema\\\/logo\\\/image\\\/\",\"url\":\"https:\\\/\\\/www.grupomedcof.com.br\\\/blog\\\/wp-content\\\/uploads\\\/2022\\\/01\\\/logo-medcof.png\",\"contentUrl\":\"https:\\\/\\\/www.grupomedcof.com.br\\\/blog\\\/wp-content\\\/uploads\\\/2022\\\/01\\\/logo-medcof.png\",\"width\":768,\"height\":269,\"caption\":\"Grupo MedCof\"},\"image\":{\"@id\":\"https:\\\/\\\/www.grupomedcof.com.br\\\/blog\\\/#\\\/schema\\\/logo\\\/image\\\/\"},\"sameAs\":[\"https:\\\/\\\/www.facebook.com\\\/MedCofQbank\\\/\",\"https:\\\/\\\/www.instagram.com\\\/grupomedcof\\\/\",\"https:\\\/\\\/br.linkedin.com\\\/company\\\/medcof\",\"https:\\\/\\\/www.youtube.com\\\/channel\\\/UCdHMuOHKICxcHwecxN8P-AA\"]},{\"@type\":\"Person\",\"@id\":\"https:\\\/\\\/www.grupomedcof.com.br\\\/blog\\\/#\\\/schema\\\/person\\\/db19a651f86c5fc202d6eee744fd3292\",\"name\":\"Kiara Adelino\",\"image\":{\"@type\":\"ImageObject\",\"inLanguage\":\"pt-BR\",\"@id\":\"https:\\\/\\\/www.grupomedcof.com.br\\\/blog\\\/wp-content\\\/uploads\\\/2024\\\/08\\\/cropped-Kiara-Adelino2-96x96.jpega85663bdda67261f8f06f86e555e1e49\",\"url\":\"https:\\\/\\\/www.grupomedcof.com.br\\\/blog\\\/wp-content\\\/uploads\\\/2024\\\/08\\\/cropped-Kiara-Adelino2-96x96.jpeg\",\"contentUrl\":\"https:\\\/\\\/www.grupomedcof.com.br\\\/blog\\\/wp-content\\\/uploads\\\/2024\\\/08\\\/cropped-Kiara-Adelino2-96x96.jpeg\",\"caption\":\"Kiara Adelino\"},\"description\":\"Estudante do 5\u00b0 semestre de Medicina. Gosto bastante de aprender coisas novas, principalmente na \u00e1rea de Neurologia e Anatomia humana.\",\"url\":\"https:\\\/\\\/www.grupomedcof.com.br\\\/blog\\\/author\\\/kiara-adelino\\\/\"}]}<\/script>\n<!-- \/ Yoast SEO Premium plugin. -->","yoast_head_json":{"title":"Dia do M\u00e9dico Legista e a import\u00e2ncia desse profissional - Blog de Medcof: conte\u00fados, editais, revalida e mais!","description":"No dia 11 de abril, celebramos a import\u00e2ncia vital do M\u00e9dico Legista no sistema de justi\u00e7a criminal. Entenda mais!","robots":{"index":"index","follow":"follow","max-snippet":"max-snippet:-1","max-image-preview":"max-image-preview:large","max-video-preview":"max-video-preview:-1"},"canonical":"https:\/\/www.grupomedcof.com.br\/blog\/dia-do-medico-legista-a-importancia-desse-profissional\/","og_locale":"pt_BR","og_type":"article","og_title":"Dia do M\u00e9dico Legista e a import\u00e2ncia desse profissional","og_description":"No dia 11 de abril, celebramos a import\u00e2ncia vital do M\u00e9dico Legista no sistema de justi\u00e7a criminal. Entenda mais!","og_url":"https:\/\/www.grupomedcof.com.br\/blog\/dia-do-medico-legista-a-importancia-desse-profissional\/","og_site_name":"Blog de Medcof: conte\u00fados, editais, revalida e mais!","article_publisher":"https:\/\/www.facebook.com\/MedCofQbank\/","article_published_time":"2025-04-11T12:04:11+00:00","article_modified_time":"2025-04-30T16:21:00+00:00","og_image":[{"width":1680,"height":945,"url":"https:\/\/www.grupomedcof.com.br\/blog\/wp-content\/uploads\/2025\/04\/Blog-MedCof-2025-04-08T090657.908.jpg","type":"image\/jpeg"}],"author":"Kiara Adelino","twitter_card":"summary_large_image","twitter_misc":{"Escrito por":"Kiara Adelino","Est. tempo de leitura":"4 minutos"},"schema":{"@context":"https:\/\/schema.org","@graph":[{"@type":"Article","@id":"https:\/\/www.grupomedcof.com.br\/blog\/dia-do-medico-legista-a-importancia-desse-profissional\/#article","isPartOf":{"@id":"https:\/\/www.grupomedcof.com.br\/blog\/dia-do-medico-legista-a-importancia-desse-profissional\/"},"author":{"name":"Kiara Adelino","@id":"https:\/\/www.grupomedcof.com.br\/blog\/#\/schema\/person\/db19a651f86c5fc202d6eee744fd3292"},"headline":"Dia do M\u00e9dico Legista e a import\u00e2ncia desse profissional","datePublished":"2025-04-11T12:04:11+00:00","dateModified":"2025-04-30T16:21:00+00:00","mainEntityOfPage":{"@id":"https:\/\/www.grupomedcof.com.br\/blog\/dia-do-medico-legista-a-importancia-desse-profissional\/"},"wordCount":609,"publisher":{"@id":"https:\/\/www.grupomedcof.com.br\/blog\/#organization"},"image":{"@id":"https:\/\/www.grupomedcof.com.br\/blog\/dia-do-medico-legista-a-importancia-desse-profissional\/#primaryimage"},"thumbnailUrl":"https:\/\/www.grupomedcof.com.br\/blog\/wp-content\/uploads\/2025\/04\/Blog-MedCof-2025-04-08T090657.908.jpg","keywords":["Dia do M\u00e9dico Legista","M\u00e9dico Legista"],"articleSection":["Medicina Legal"],"inLanguage":"pt-BR"},{"@type":"WebPage","@id":"https:\/\/www.grupomedcof.com.br\/blog\/dia-do-medico-legista-a-importancia-desse-profissional\/","url":"https:\/\/www.grupomedcof.com.br\/blog\/dia-do-medico-legista-a-importancia-desse-profissional\/","name":"Dia do M\u00e9dico Legista e a import\u00e2ncia desse profissional - Blog de Medcof: conte\u00fados, editais, revalida e mais!","isPartOf":{"@id":"https:\/\/www.grupomedcof.com.br\/blog\/#website"},"primaryImageOfPage":{"@id":"https:\/\/www.grupomedcof.com.br\/blog\/dia-do-medico-legista-a-importancia-desse-profissional\/#primaryimage"},"image":{"@id":"https:\/\/www.grupomedcof.com.br\/blog\/dia-do-medico-legista-a-importancia-desse-profissional\/#primaryimage"},"thumbnailUrl":"https:\/\/www.grupomedcof.com.br\/blog\/wp-content\/uploads\/2025\/04\/Blog-MedCof-2025-04-08T090657.908.jpg","datePublished":"2025-04-11T12:04:11+00:00","dateModified":"2025-04-30T16:21:00+00:00","description":"No dia 11 de abril, celebramos a import\u00e2ncia vital do M\u00e9dico Legista no sistema de justi\u00e7a criminal. Entenda mais!","breadcrumb":{"@id":"https:\/\/www.grupomedcof.com.br\/blog\/dia-do-medico-legista-a-importancia-desse-profissional\/#breadcrumb"},"inLanguage":"pt-BR","potentialAction":[{"@type":"ReadAction","target":["https:\/\/www.grupomedcof.com.br\/blog\/dia-do-medico-legista-a-importancia-desse-profissional\/"]}]},{"@type":"ImageObject","inLanguage":"pt-BR","@id":"https:\/\/www.grupomedcof.com.br\/blog\/dia-do-medico-legista-a-importancia-desse-profissional\/#primaryimage","url":"https:\/\/www.grupomedcof.com.br\/blog\/wp-content\/uploads\/2025\/04\/Blog-MedCof-2025-04-08T090657.908.jpg","contentUrl":"https:\/\/www.grupomedcof.com.br\/blog\/wp-content\/uploads\/2025\/04\/Blog-MedCof-2025-04-08T090657.908.jpg","width":1680,"height":945},{"@type":"BreadcrumbList","@id":"https:\/\/www.grupomedcof.com.br\/blog\/dia-do-medico-legista-a-importancia-desse-profissional\/#breadcrumb","itemListElement":[{"@type":"ListItem","position":1,"name":"In\u00edcio","item":"https:\/\/www.grupomedcof.com.br\/blog\/"},{"@type":"ListItem","position":2,"name":"Dia do M\u00e9dico Legista e a import\u00e2ncia desse profissional"}]},{"@type":"WebSite","@id":"https:\/\/www.grupomedcof.com.br\/blog\/#website","url":"https:\/\/www.grupomedcof.com.br\/blog\/","name":"Blog de Medcof: conte\u00fados, editais, revalida e mais!","description":"Acesso o blog de MedCof! Seu portal de conte\u00fados sobre resid\u00eancia m\u00e9dica, an\u00e1lise e editais e muito mais. Clique e confira!","publisher":{"@id":"https:\/\/www.grupomedcof.com.br\/blog\/#organization"},"alternateName":"Blog de Medcof: conte\u00fados, editais, revalida e mais!","potentialAction":[{"@type":"SearchAction","target":{"@type":"EntryPoint","urlTemplate":"https:\/\/www.grupomedcof.com.br\/blog\/?s={search_term_string}"},"query-input":{"@type":"PropertyValueSpecification","valueRequired":true,"valueName":"search_term_string"}}],"inLanguage":"pt-BR"},{"@type":"Organization","@id":"https:\/\/www.grupomedcof.com.br\/blog\/#organization","name":"Grupo MedCof","url":"https:\/\/www.grupomedcof.com.br\/blog\/","logo":{"@type":"ImageObject","inLanguage":"pt-BR","@id":"https:\/\/www.grupomedcof.com.br\/blog\/#\/schema\/logo\/image\/","url":"https:\/\/www.grupomedcof.com.br\/blog\/wp-content\/uploads\/2022\/01\/logo-medcof.png","contentUrl":"https:\/\/www.grupomedcof.com.br\/blog\/wp-content\/uploads\/2022\/01\/logo-medcof.png","width":768,"height":269,"caption":"Grupo MedCof"},"image":{"@id":"https:\/\/www.grupomedcof.com.br\/blog\/#\/schema\/logo\/image\/"},"sameAs":["https:\/\/www.facebook.com\/MedCofQbank\/","https:\/\/www.instagram.com\/grupomedcof\/","https:\/\/br.linkedin.com\/company\/medcof","https:\/\/www.youtube.com\/channel\/UCdHMuOHKICxcHwecxN8P-AA"]},{"@type":"Person","@id":"https:\/\/www.grupomedcof.com.br\/blog\/#\/schema\/person\/db19a651f86c5fc202d6eee744fd3292","name":"Kiara Adelino","image":{"@type":"ImageObject","inLanguage":"pt-BR","@id":"https:\/\/www.grupomedcof.com.br\/blog\/wp-content\/uploads\/2024\/08\/cropped-Kiara-Adelino2-96x96.jpega85663bdda67261f8f06f86e555e1e49","url":"https:\/\/www.grupomedcof.com.br\/blog\/wp-content\/uploads\/2024\/08\/cropped-Kiara-Adelino2-96x96.jpeg","contentUrl":"https:\/\/www.grupomedcof.com.br\/blog\/wp-content\/uploads\/2024\/08\/cropped-Kiara-Adelino2-96x96.jpeg","caption":"Kiara Adelino"},"description":"Estudante do 5\u00b0 semestre de Medicina. Gosto bastante de aprender coisas novas, principalmente na \u00e1rea de Neurologia e Anatomia humana.","url":"https:\/\/www.grupomedcof.com.br\/blog\/author\/kiara-adelino\/"}]}},"authors":[{"term_id":3617,"user_id":21,"is_guest":0,"slug":"kiara-adelino","display_name":"Kiara Adelino","avatar_url":"https:\/\/www.grupomedcof.com.br\/blog\/wp-content\/uploads\/2024\/08\/cropped-Kiara-Adelino2-96x96.jpeg","0":null,"1":"","2":"","3":"","4":"","5":"","6":"","7":"","8":""}],"_links":{"self":[{"href":"https:\/\/www.grupomedcof.com.br\/blog\/wp-json\/wp\/v2\/posts\/35023","targetHints":{"allow":["GET"]}}],"collection":[{"href":"https:\/\/www.grupomedcof.com.br\/blog\/wp-json\/wp\/v2\/posts"}],"about":[{"href":"https:\/\/www.grupomedcof.com.br\/blog\/wp-json\/wp\/v2\/types\/post"}],"author":[{"embeddable":true,"href":"https:\/\/www.grupomedcof.com.br\/blog\/wp-json\/wp\/v2\/users\/21"}],"replies":[{"embeddable":true,"href":"https:\/\/www.grupomedcof.com.br\/blog\/wp-json\/wp\/v2\/comments?post=35023"}],"version-history":[{"count":0,"href":"https:\/\/www.grupomedcof.com.br\/blog\/wp-json\/wp\/v2\/posts\/35023\/revisions"}],"wp:featuredmedia":[{"embeddable":true,"href":"https:\/\/www.grupomedcof.com.br\/blog\/wp-json\/wp\/v2\/media\/35025"}],"wp:attachment":[{"href":"https:\/\/www.grupomedcof.com.br\/blog\/wp-json\/wp\/v2\/media?parent=35023"}],"wp:term":[{"taxonomy":"category","embeddable":true,"href":"https:\/\/www.grupomedcof.com.br\/blog\/wp-json\/wp\/v2\/categories?post=35023"},{"taxonomy":"post_tag","embeddable":true,"href":"https:\/\/www.grupomedcof.com.br\/blog\/wp-json\/wp\/v2\/tags?post=35023"},{"taxonomy":"author","embeddable":true,"href":"https:\/\/www.grupomedcof.com.br\/blog\/wp-json\/wp\/v2\/ppma_author?post=35023"}],"curies":[{"name":"wp","href":"https:\/\/api.w.org\/{rel}","templated":true}]}}