{"id":35114,"date":"2025-04-15T09:54:38","date_gmt":"2025-04-15T12:54:38","guid":{"rendered":"https:\/\/www.grupomedcof.com.br\/blog\/?p=35114"},"modified":"2025-04-16T17:10:58","modified_gmt":"2025-04-16T20:10:58","slug":"perigos-da-hipoglicemia-neonatal","status":"publish","type":"post","link":"https:\/\/www.grupomedcof.com.br\/blog\/perigos-da-hipoglicemia-neonatal\/","title":{"rendered":"Entenda sobre a hipoglicemia neonatal"},"content":{"rendered":"<div id=\"ez-toc-container\" class=\"ez-toc-v2_0_74 counter-hierarchy ez-toc-counter ez-toc-transparent ez-toc-container-direction\">\n<div class=\"ez-toc-title-container\">\n<p class=\"ez-toc-title\" style=\"cursor:inherit\">Sum\u00e1rio<\/p>\n<span class=\"ez-toc-title-toggle\"><a href=\"#\" class=\"ez-toc-pull-right ez-toc-btn ez-toc-btn-xs ez-toc-btn-default ez-toc-toggle\" aria-label=\"Alternar tabela de conte\u00fado\"><span class=\"ez-toc-js-icon-con\"><span class=\"\"><span class=\"eztoc-hide\" style=\"display:none;\">Toggle<\/span><span class=\"ez-toc-icon-toggle-span\"><svg style=\"fill: #999;color:#999\" xmlns=\"http:\/\/www.w3.org\/2000\/svg\" class=\"list-377408\" width=\"20px\" height=\"20px\" viewBox=\"0 0 24 24\" fill=\"none\"><path d=\"M6 6H4v2h2V6zm14 0H8v2h12V6zM4 11h2v2H4v-2zm16 0H8v2h12v-2zM4 16h2v2H4v-2zm16 0H8v2h12v-2z\" fill=\"currentColor\"><\/path><\/svg><svg style=\"fill: #999;color:#999\" class=\"arrow-unsorted-368013\" xmlns=\"http:\/\/www.w3.org\/2000\/svg\" width=\"10px\" height=\"10px\" viewBox=\"0 0 24 24\" version=\"1.2\" baseProfile=\"tiny\"><path d=\"M18.2 9.3l-6.2-6.3-6.2 6.3c-.2.2-.3.4-.3.7s.1.5.3.7c.2.2.4.3.7.3h11c.3 0 .5-.1.7-.3.2-.2.3-.5.3-.7s-.1-.5-.3-.7zM5.8 14.7l6.2 6.3 6.2-6.3c.2-.2.3-.5.3-.7s-.1-.5-.3-.7c-.2-.2-.4-.3-.7-.3h-11c-.3 0-.5.1-.7.3-.2.2-.3.5-.3.7s.1.5.3.7z\"\/><\/svg><\/span><\/span><\/span><\/a><\/span><\/div>\n<nav><ul class='ez-toc-list ez-toc-list-level-1 ' ><li class='ez-toc-page-1 ez-toc-heading-level-2'><a class=\"ez-toc-link ez-toc-heading-1\" href=\"https:\/\/www.grupomedcof.com.br\/blog\/perigos-da-hipoglicemia-neonatal\/#Conceitos\" >Conceitos<\/a><\/li><li class='ez-toc-page-1 ez-toc-heading-level-2'><a class=\"ez-toc-link ez-toc-heading-2\" href=\"https:\/\/www.grupomedcof.com.br\/blog\/perigos-da-hipoglicemia-neonatal\/#Triagem\" >Triagem<\/a><\/li><li class='ez-toc-page-1 ez-toc-heading-level-2'><a class=\"ez-toc-link ez-toc-heading-3\" href=\"https:\/\/www.grupomedcof.com.br\/blog\/perigos-da-hipoglicemia-neonatal\/#Etiologia\" >Etiologia<\/a><\/li><li class='ez-toc-page-1 ez-toc-heading-level-2'><a class=\"ez-toc-link ez-toc-heading-4\" href=\"https:\/\/www.grupomedcof.com.br\/blog\/perigos-da-hipoglicemia-neonatal\/#Manejo\" >Manejo<\/a><ul class='ez-toc-list-level-3' ><li class='ez-toc-heading-level-3'><a class=\"ez-toc-link ez-toc-heading-5\" href=\"https:\/\/www.grupomedcof.com.br\/blog\/perigos-da-hipoglicemia-neonatal\/#Quando_fazer_a_investigacao_etiologica\" >Quando fazer a investiga\u00e7\u00e3o etiol\u00f3gica?<\/a><\/li><\/ul><\/li><li class='ez-toc-page-1 ez-toc-heading-level-2'><a class=\"ez-toc-link ez-toc-heading-6\" href=\"https:\/\/www.grupomedcof.com.br\/blog\/perigos-da-hipoglicemia-neonatal\/#Monitoramento\" >Monitoramento<\/a><\/li><li class='ez-toc-page-1 ez-toc-heading-level-2'><a class=\"ez-toc-link ez-toc-heading-7\" href=\"https:\/\/www.grupomedcof.com.br\/blog\/perigos-da-hipoglicemia-neonatal\/#Seja_um_MedCofer\" >Seja um MedCofer!<\/a><\/li><\/ul><\/nav><\/div>\n\n<figure class=\"wp-block-image size-large\"><img loading=\"lazy\" decoding=\"async\" width=\"1024\" height=\"576\" src=\"https:\/\/www.grupomedcof.com.br\/blog\/wp-content\/uploads\/2025\/04\/Blog-MedCof-2025-04-14T103858.048-1024x576.jpg\" alt=\"A imagem retrata um rec\u00e9m-nascido em uma incubadora, representando os cuidados necess\u00e1rios para condi\u00e7\u00f5es cl\u00ednicas como a hipoglicemia neonatal. Essa condi\u00e7\u00e3o comum nas primeiras horas de vida exige monitoramento precoce, especialmente em prematuros ou neonatos de risco. O ambiente controlado e os cuidados m\u00e9dicos s\u00e3o essenciais para evitar complica\u00e7\u00f5es metab\u00f3licas e garantir um manejo adequado da glicemia neonatal.\" class=\"wp-image-35118\" srcset=\"https:\/\/www.grupomedcof.com.br\/blog\/wp-content\/uploads\/2025\/04\/Blog-MedCof-2025-04-14T103858.048-1024x576.jpg 1024w, https:\/\/www.grupomedcof.com.br\/blog\/wp-content\/uploads\/2025\/04\/Blog-MedCof-2025-04-14T103858.048-300x169.jpg 300w, https:\/\/www.grupomedcof.com.br\/blog\/wp-content\/uploads\/2025\/04\/Blog-MedCof-2025-04-14T103858.048-768x432.jpg 768w, https:\/\/www.grupomedcof.com.br\/blog\/wp-content\/uploads\/2025\/04\/Blog-MedCof-2025-04-14T103858.048-1536x864.jpg 1536w, https:\/\/www.grupomedcof.com.br\/blog\/wp-content\/uploads\/2025\/04\/Blog-MedCof-2025-04-14T103858.048-747x420.jpg 747w, https:\/\/www.grupomedcof.com.br\/blog\/wp-content\/uploads\/2025\/04\/Blog-MedCof-2025-04-14T103858.048-150x84.jpg 150w, https:\/\/www.grupomedcof.com.br\/blog\/wp-content\/uploads\/2025\/04\/Blog-MedCof-2025-04-14T103858.048-696x392.jpg 696w, https:\/\/www.grupomedcof.com.br\/blog\/wp-content\/uploads\/2025\/04\/Blog-MedCof-2025-04-14T103858.048-1068x601.jpg 1068w, https:\/\/www.grupomedcof.com.br\/blog\/wp-content\/uploads\/2025\/04\/Blog-MedCof-2025-04-14T103858.048.jpg 1920w\" sizes=\"auto, (max-width: 1024px) 100vw, 1024px\" \/><figcaption class=\"wp-element-caption\">Rec\u00e9m-nascido em cuidados intensivos neonatais, simbolizando a necessidade de monitoramento constante para condi\u00e7\u00f5es como a hipoglicemia neonatal. | Reprodu\u00e7\u00e3o: Canva.<\/figcaption><\/figure>\n\n\n\n<p>A <strong>hipoglicemia neonatal <\/strong>\u00e9 comum nas primeiras horas de vida e resulta de uma queda fisiol\u00f3gica nos n\u00edveis de glicose, devido \u00e0 imaturidade metab\u00f3lica do rec\u00e9m-nascido. <\/p>\n\n\n\n<h2 class=\"wp-block-heading\" id=\"h-conceitos\"><span class=\"ez-toc-section\" id=\"Conceitos\"><\/span><strong>Conceitos<\/strong><span class=\"ez-toc-section-end\"><\/span><\/h2>\n\n\n\n<p>A defini\u00e7\u00e3o da hipoglicemia neonatal \u00e9 complexa pelo fato de que \u00e9 a <strong>mais comumente encontrada<\/strong> na cl\u00ednica neonatal, especialmente nas primeiras horas ap\u00f3s o nascimento. Ela \u00e9 causada por uma redu\u00e7\u00e3o fisiol\u00f3gica da glicemia de rec\u00e9m-nascidos, atingindo uma mediana de <strong>55 mg\/dl,<\/strong> devido a uma maior necessidade cerebral de glicose e imaturidade hormonal e enzim\u00e1tica.<\/p>\n\n\n\n<p>Entretanto, \u00e9 necess\u00e1rio vigiar os neonatos que apresentam <strong>hipoglicemia<\/strong>, especialmente os grupos de risco: <strong>prematuros<\/strong>, <strong>filhos de m\u00e3e diab\u00e9tica, pequenos para idade gestacional (PIG) e os grandes para a idade gestacional (GIG)<\/strong>.<\/p>\n\n\n\n<p>Podemos definir a hipoglicemia a partir dos seguintes valores:<\/p>\n\n\n\n<ul class=\"wp-block-list\">\n<li>At\u00e9 48 horas de vida: &lt; 50 mg\/dL;<\/li>\n\n\n\n<li>De 48 a 72 horas de vida:&lt; 60 mg\/dL;<\/li>\n\n\n\n<li>> 72 horas de vida: &lt; 70mg\/dL;<\/li>\n<\/ul>\n\n\n\n<h2 class=\"wp-block-heading\" id=\"h-triagem\"><span class=\"ez-toc-section\" id=\"Triagem\"><\/span><strong>Triagem<\/strong><span class=\"ez-toc-section-end\"><\/span><\/h2>\n\n\n\n<p>Os <strong>sinais<\/strong> e <strong>sintomas<\/strong> que nos guiam a iniciar a triagem do neonato em condi\u00e7\u00e3o de hipoglicemia s\u00e3o:&nbsp;&nbsp;<\/p>\n\n\n\n<ul class=\"wp-block-list\">\n<li>Letargia ou sonol\u00eancia;<\/li>\n\n\n\n<li>Hipotonia;<\/li>\n\n\n\n<li>Bradicardia<\/li>\n\n\n\n<li>Tremores;<\/li>\n\n\n\n<li>Irritabilidade;<\/li>\n\n\n\n<li>Dificuldade na alimenta\u00e7\u00e3o (suc\u00e7\u00e3o fraca, dificuldade a coordena\u00e7\u00e3o da mamada ou cansa\u00e7o durante a amamenta\u00e7\u00e3o);<\/li>\n\n\n\n<li>Choro excessivo;<\/li>\n\n\n\n<li>Desconforto respirat\u00f3rio, Apneia e\/ou Cianose;<\/li>\n\n\n\n<li>Convuls\u00f5es;<\/li>\n<\/ul>\n\n\n\n<p>Al\u00e9m disso, mesmo assintom\u00e1ticos, os beb\u00eas dentro do grupo de risco devem passar pela triagem de glicemia capilar.\u00a0<\/p>\n\n\n\n<figure class=\"wp-block-image size-full\"><img loading=\"lazy\" decoding=\"async\" width=\"560\" height=\"465\" src=\"https:\/\/www.grupomedcof.com.br\/blog\/wp-content\/uploads\/2025\/04\/unnamed-5.png\" alt=\"O quadro apresenta os principais fatores de risco para hipoglicemia neonatal, divididos entre condi\u00e7\u00f5es neonatais e condi\u00e7\u00f5es maternas. Entre os fatores neonatais destacam-se prematuridade, restri\u00e7\u00e3o de crescimento intrauterino (RCIU), filhos de m\u00e3es diab\u00e9ticas, e sinais de hiperinsulinismo. No grupo materno, condi\u00e7\u00f5es como diabetes gestacional, pr\u00e9-ecl\u00e2mpsia e uso de medicamentos espec\u00edficos tamb\u00e9m elevam o risco. Identificar esses fatores \u00e9 essencial para manejar adequadamente essa condi\u00e7\u00e3o neonatal e prevenir complica\u00e7\u00f5es metab\u00f3licas nos rec\u00e9m-nascidos.\" class=\"wp-image-35115\" srcset=\"https:\/\/www.grupomedcof.com.br\/blog\/wp-content\/uploads\/2025\/04\/unnamed-5.png 560w, https:\/\/www.grupomedcof.com.br\/blog\/wp-content\/uploads\/2025\/04\/unnamed-5-300x249.png 300w, https:\/\/www.grupomedcof.com.br\/blog\/wp-content\/uploads\/2025\/04\/unnamed-5-506x420.png 506w, https:\/\/www.grupomedcof.com.br\/blog\/wp-content\/uploads\/2025\/04\/unnamed-5-150x125.png 150w\" sizes=\"auto, (max-width: 560px) 100vw, 560px\" \/><figcaption class=\"wp-element-caption\">Quadro ilustrativo listando os principais fatores de risco para hipoglicemia neonatal, divididos entre condi\u00e7\u00f5es neonatais  e condi\u00e7\u00f5es maternas. Fonte: Sociedade Brasileira de Pediatria (2022).<\/figcaption><\/figure>\n\n\n\n<p>A medi\u00e7\u00e3o da glicemia \u00e9 realizada <strong>ap\u00f3s a primeira mamada<\/strong> (que deve ocorrer dentro de uma hora ap\u00f3s o nascimento) ou entre <strong>60 e 120 minutos de idade<\/strong> se a primeira mamada foi adiada. Para beb\u00eas <strong>sintom\u00e1ticos<\/strong> a aferi\u00e7\u00e3o deve ser <strong>imediata<\/strong>!<\/p>\n\n\n\n<p>\u00a0FIQUE ATENTO!<\/p>\n\n\n\n<p>\u00c9 preconizado dosar a <strong>glicemia<\/strong> <strong>plasm\u00e1tica<\/strong> para a confirma\u00e7\u00e3o da hipoglicemia, pois a <strong>glicemia<\/strong> <strong>capilar<\/strong> aferida pelo glicos\u00edmetro pode apresentar de <strong>10% a 15% inferior \u00e0 glicemia plasm\u00e1tica<\/strong>.<\/p>\n\n\n\n<h2 class=\"wp-block-heading\" id=\"h-etiologia\"><span class=\"ez-toc-section\" id=\"Etiologia\"><\/span><strong>Etiologia<\/strong><span class=\"ez-toc-section-end\"><\/span><\/h2>\n\n\n\n<p>Ap\u00f3s o clampeamento do cord\u00e3o,&nbsp; h\u00e1 uma natural queda da glicose, j\u00e1 que o neonato agora vai produzir a glicemia recebida por via parental. Por isso, percebemos um aumento dos horm\u00f4nios contrarreguladores (glucagon e insulina) fazendo com que ocorra a glicogen\u00f3lise e a gliconeog\u00eanese. Para manter a glicemia adequada \u00e9 necess\u00e1rio que os beb\u00eas mantenham o equil\u00edbrio entre produ\u00e7\u00e3o hep\u00e1tica e consumo energ\u00e9tico at\u00e9 que utilizem glicose da dieta. Mas se a glicemia plasm\u00e1tica se mantiver abaixo dos n\u00edveis saud\u00e1veis (acima mencionados) o desenvolvimento cerebral pode ser seriamente afetado.<\/p>\n\n\n\n<p>&nbsp;Portanto, podemos classificar a hipoglicemia em dois grupos:<\/p>\n\n\n\n<ol class=\"wp-block-list\">\n<li>Transit\u00f3ria: de algumas <strong>horas<\/strong> at\u00e9 <strong>3 dias<\/strong> (mais da metade s\u00e3o <strong>transit\u00f3rios<\/strong> e <strong>assintom\u00e1ticos!<\/strong>)<\/li>\n<\/ol>\n\n\n\n<ol start=\"2\" class=\"wp-block-list\">\n<li>Persistente: <strong>mais que 3 dias<\/strong><\/li>\n<\/ol>\n\n\n\n<p>A hipoglicemia geralmente est\u00e1 relacionada \u00e0 transi\u00e7\u00e3o metab\u00f3lica do rec\u00e9m-nascido, entretanto 35% desses eventos est\u00e3o associados com outros epis\u00f3dios como:<\/p>\n\n\n\n<ul class=\"wp-block-list\">\n<li>Hiperinsulinismo cong\u00eanito;<\/li>\n\n\n\n<li>Insufici\u00eancia adrenal prim\u00e1ria;<\/li>\n\n\n\n<li>Galactosemia;<\/li>\n\n\n\n<li>Erros inatos do metabolismo:<\/li>\n\n\n\n<li>Dist\u00farbio da glicogen\u00f3lise;<\/li>\n\n\n\n<li>Dist\u00farbio da gliconeog\u00eanese;<\/li>\n\n\n\n<li>Dist\u00farbios do metabolismo dos amino\u00e1cidos;<\/li>\n\n\n\n<li>Dist\u00farbios do metabolismo dos \u00e1cidos graxos.<\/li>\n<\/ul>\n\n\n\n<h2 class=\"wp-block-heading\" id=\"h-manejo\"><span class=\"ez-toc-section\" id=\"Manejo\"><\/span><strong>Manejo<\/strong><span class=\"ez-toc-section-end\"><\/span><\/h2>\n\n\n\n<p>Como os casos de hipoglicemia podem estar relacionadas a outras doen\u00e7as metab\u00f3licas, para um correto manejo \u00e9 primordial <strong>coletar uma hist\u00f3ria detalhada sobre gesta\u00e7\u00e3o e parto<\/strong>, al\u00e9m de um <strong>exame f\u00edsico<\/strong> minucioso, em busca de descartar a presen\u00e7a de <strong>SEPSE NEONATAL<\/strong>, visto que \u00e9 uma condi\u00e7\u00e3o que <strong>frequentemente<\/strong> cursa com <strong>hipoglicemia<\/strong>.<\/p>\n\n\n\n<h3 class=\"wp-block-heading\" id=\"h-quando-fazer-a-investigacao-etiologica\"><span class=\"ez-toc-section\" id=\"Quando_fazer_a_investigacao_etiologica\"><\/span><strong>Quando fazer a investiga\u00e7\u00e3o etiol\u00f3gica?<\/strong><span class=\"ez-toc-section-end\"><\/span><\/h3>\n\n\n\n<p>A maioria das sociedades recomendam que RNs que apresentam hipoglicemia <strong>por mais de 7 dias<\/strong> e\/ou a necessidade da taxa de infus\u00e3o de glicose <strong>maior que 10mg\/kg\/min,<\/strong> deve-se iniciar a <strong>investiga\u00e7\u00e3o etiol\u00f3gica<\/strong>, coletando inclusive <strong>amostra cr\u00edtica no momento da hipoglicemia<\/strong>, para aux\u00edlio diagn\u00f3stico.<\/p>\n\n\n\n<figure class=\"wp-block-image size-full\"><img loading=\"lazy\" decoding=\"async\" width=\"794\" height=\"657\" src=\"https:\/\/www.grupomedcof.com.br\/blog\/wp-content\/uploads\/2025\/04\/unnamed-73.jpg\" alt=\"O fluxograma apresenta o manejo da hipoglicemia neonatal para neonatos assintom\u00e1ticos com glicemia menor que 40 mg\/dL. Est\u00e1 dividido em dois momentos: primeiras 4 horas de vida e entre 4 e 24 horas de vida. Na fase inicial, recomenda-se alimenta\u00e7\u00e3o seguida de controle glic\u00eamico ap\u00f3s 30 minutos; se a glicemia for menor que 25 mg\/dL, inicia-se glicose intravenosa, enquanto valores intermedi\u00e1rios indicam realimenta\u00e7\u00e3o. Entre 4 e 24 horas, s\u00e3o sugeridas dietas a cada 2-3 horas, com controle glic\u00eamico antes de cada refei\u00e7\u00e3o, e interven\u00e7\u00f5es ajustadas conforme os n\u00edveis glic\u00eamicos (<35 mg\/dL: glicose intravenosa; entre 35-45 mg\/dL: realimenta\u00e7\u00e3o ou glicose EV). O manejo tamb\u00e9m prev\u00ea o uso de glicose oral (gel) ou alimenta\u00e7\u00e3o enteral em situa\u00e7\u00f5es espec\u00edficas.\" class=\"wp-image-35116\" srcset=\"https:\/\/www.grupomedcof.com.br\/blog\/wp-content\/uploads\/2025\/04\/unnamed-73.jpg 794w, https:\/\/www.grupomedcof.com.br\/blog\/wp-content\/uploads\/2025\/04\/unnamed-73-300x248.jpg 300w, https:\/\/www.grupomedcof.com.br\/blog\/wp-content\/uploads\/2025\/04\/unnamed-73-768x635.jpg 768w, https:\/\/www.grupomedcof.com.br\/blog\/wp-content\/uploads\/2025\/04\/unnamed-73-508x420.jpg 508w, https:\/\/www.grupomedcof.com.br\/blog\/wp-content\/uploads\/2025\/04\/unnamed-73-150x124.jpg 150w, https:\/\/www.grupomedcof.com.br\/blog\/wp-content\/uploads\/2025\/04\/unnamed-73-696x576.jpg 696w\" sizes=\"auto, (max-width: 794px) 100vw, 794px\" \/><figcaption class=\"wp-element-caption\">Fluxograma de manejo para neonatos assintom\u00e1ticos, de acordo com as condi\u00e7\u00f5es investigadas. | Acervo de ilustra\u00e7\u00f5es do Grupo MedCof<\/figcaption><\/figure>\n\n\n\n<p>A <strong>alimenta\u00e7\u00e3o precoce e frequente<\/strong> \u00e9 muitas vezes a <strong>primeira linha de tratamento<\/strong>. No entanto, em casos mais graves ou persistentes, pode ser necess\u00e1ria a <strong>administra\u00e7\u00e3o intravenosa<\/strong> de glicose ou outras interven\u00e7\u00f5es.<\/p>\n\n\n\n<p><strong>Curiosidade: <\/strong>Estudos recentes mostraram que&nbsp; <strong>gel de dextrose<\/strong> <strong>massageado na mucosa<\/strong> oral pode ser eficaz no manejo de hipoglicemia assintom\u00e1tica em <strong>beb\u00eas prematuros<\/strong>.<\/p>\n\n\n\n<p>Al\u00e9m disso, em casos de <strong>hipoglicemia sintom\u00e1tica<\/strong>, na presen\u00e7a de <strong>glicemia &lt; 40 mg\/dL<\/strong>, deve-se realizar <strong>imediatamente um push de glicose<\/strong> a 10% na dose de 2 a 4ml\/kg, seguida de <strong>infus\u00e3o cont\u00ednua de ven\u00f3clise<\/strong> com TIG de 5 a 8 mg\/kg\/minuto.<\/p>\n\n\n\n<h2 class=\"wp-block-heading\" id=\"h-monitoramento\"><span class=\"ez-toc-section\" id=\"Monitoramento\"><\/span><strong>Monitoramento<\/strong><span class=\"ez-toc-section-end\"><\/span><\/h2>\n\n\n\n<p>Ap\u00f3s o tratamento inicial, \u00e9 fundamental <strong>monitorar continuamente<\/strong> os n\u00edveis de glicose no sangue e <strong>avaliar a resposta<\/strong> do beb\u00ea \u00e0s interven\u00e7\u00f5es.&nbsp;<\/p>\n\n\n\n<figure class=\"wp-block-image size-full\"><img loading=\"lazy\" decoding=\"async\" width=\"560\" height=\"465\" src=\"https:\/\/www.grupomedcof.com.br\/blog\/wp-content\/uploads\/2025\/04\/unnamed-6.png\" alt=\"O quadro destaca os principais fatores de risco para hipoglicemia neonatal, classificados em condi\u00e7\u00f5es neonatais e condi\u00e7\u00f5es maternas. Dentre os fatores neonatais est\u00e3o prematuridade, restri\u00e7\u00e3o de crescimento intrauterino (RCIU), rec\u00e9m-nascidos pequenos ou grandes para a idade gestacional (PIG\/GIG), filhos de m\u00e3es diab\u00e9ticas e sinais de hiperinsulinismo ou s\u00edndromes gen\u00e9ticas. No grupo de condi\u00e7\u00f5es maternas, diabetes gestacional, pr\u00e9-ecl\u00e2mpsia, uso de medicamentos espec\u00edficos e hist\u00f3rico familiar de hipoglicemia neonatal s\u00e3o os principais fatores. Identificar esses riscos permite interven\u00e7\u00e3o precoce e manejo eficaz da hipoglicemia neonatal.\" class=\"wp-image-35117\" srcset=\"https:\/\/www.grupomedcof.com.br\/blog\/wp-content\/uploads\/2025\/04\/unnamed-6.png 560w, https:\/\/www.grupomedcof.com.br\/blog\/wp-content\/uploads\/2025\/04\/unnamed-6-300x249.png 300w, https:\/\/www.grupomedcof.com.br\/blog\/wp-content\/uploads\/2025\/04\/unnamed-6-506x420.png 506w, https:\/\/www.grupomedcof.com.br\/blog\/wp-content\/uploads\/2025\/04\/unnamed-6-150x125.png 150w\" sizes=\"auto, (max-width: 560px) 100vw, 560px\" \/><figcaption class=\"wp-element-caption\">Orienta\u00e7\u00f5es para o manejo de acordo com a idade. Fonte: UpToDate (2023)<\/figcaption><\/figure>\n\n\n\n<h2 class=\"wp-block-heading\" id=\"h-seja-um-medcofer\"><span class=\"ez-toc-section\" id=\"Seja_um_MedCofer\"><\/span><strong>Seja um MedCofer!<\/strong><span class=\"ez-toc-section-end\"><\/span><\/h2>\n\n\n\n<p>Quer alcan\u00e7ar a aprova\u00e7\u00e3o nas provas de resid\u00eancia m\u00e9dica? Ent\u00e3o seja um&nbsp;<a href=\"https:\/\/www.grupomedcof.com.br\/home\/\" target=\"_blank\" rel=\"noreferrer noopener\">MedCofer<\/a>! Aqui te ajudaremos na busca da aprova\u00e7\u00e3o com conte\u00fados de qualidade e uma&nbsp;<a href=\"https:\/\/www.grupomedcof.com.br\/blog\/presenca-da-medcof-nas-aprovacoes-em-residencia-medica-no-brasil\/\" target=\"_blank\" rel=\"noreferrer noopener\">metodologia que j\u00e1 aprovou mais de 10 mil residentes no pa\u00eds!&nbsp;<\/a>Por fim, acesse o nosso<a href=\"https:\/\/www.youtube.com\/@GrupoMedcof\/featured\" target=\"_blank\" rel=\"noreferrer noopener\">&nbsp;<strong>canal do youtube&nbsp;<\/strong><\/a>para ver o nosso material.<\/p>\n\n\n\n<figure class=\"wp-block-embed is-type-video is-provider-youtube wp-block-embed-youtube wp-embed-aspect-16-9 wp-has-aspect-ratio\"><div class=\"wp-block-embed__wrapper\">\n<div class=\"youtube-embed\" data-video_id=\"-xPxzxOgBH0\"><iframe loading=\"lazy\" title=\"COFEXPRESS - Neonatologia: Dist\u00farbios Metab\u00f3licos. Com Dra. Amira Saleh\" width=\"696\" height=\"392\" src=\"https:\/\/www.youtube.com\/embed\/-xPxzxOgBH0?feature=oembed&#038;enablejsapi=1\" frameborder=\"0\" allow=\"accelerometer; autoplay; clipboard-write; encrypted-media; gyroscope; picture-in-picture; web-share\" referrerpolicy=\"strict-origin-when-cross-origin\" allowfullscreen><\/iframe><\/div>\n<\/div><\/figure>\n","protected":false},"excerpt":{"rendered":"<p>A hipoglicemia neonatal \u00e9 comum nas primeiras horas de vida e resulta de uma queda fisiol\u00f3gica nos n\u00edveis de glicose. Entenda agora!<\/p>\n","protected":false},"author":18,"featured_media":35118,"comment_status":"closed","ping_status":"closed","sticky":false,"template":"","format":"standard","meta":{"footnotes":""},"categories":[120],"tags":[2824,1421],"ppma_author":[3611],"class_list":{"0":"post-35114","1":"post","2":"type-post","3":"status-publish","4":"format-standard","5":"has-post-thumbnail","7":"category-pediatria","8":"tag-hipoglicemia-neonatal","9":"tag-neonatal"},"yoast_head":"<!-- This site is optimized with the Yoast SEO Premium plugin v24.3 (Yoast SEO v27.4) - https:\/\/yoast.com\/product\/yoast-seo-premium-wordpress\/ -->\n<title>Entenda sobre a hipoglicemia neonatal - Blog de Medcof: conte\u00fados, editais, revalida e mais!<\/title>\n<meta name=\"description\" content=\"A hipoglicemia neonatal \u00e9 comum nas primeiras horas de vida e resulta de uma queda fisiol\u00f3gica nos n\u00edveis de glicose. Entenda agora!\" \/>\n<meta name=\"robots\" content=\"index, follow, max-snippet:-1, max-image-preview:large, max-video-preview:-1\" \/>\n<link rel=\"canonical\" href=\"https:\/\/www.grupomedcof.com.br\/blog\/perigos-da-hipoglicemia-neonatal\/\" \/>\n<meta property=\"og:locale\" content=\"pt_BR\" \/>\n<meta property=\"og:type\" content=\"article\" \/>\n<meta property=\"og:title\" content=\"Entenda sobre a hipoglicemia neonatal\" \/>\n<meta property=\"og:description\" content=\"A hipoglicemia neonatal \u00e9 comum nas primeiras horas de vida e resulta de uma queda fisiol\u00f3gica nos n\u00edveis de glicose. Entenda agora!\" \/>\n<meta property=\"og:url\" content=\"https:\/\/www.grupomedcof.com.br\/blog\/perigos-da-hipoglicemia-neonatal\/\" \/>\n<meta property=\"og:site_name\" content=\"Blog de Medcof: conte\u00fados, editais, revalida e mais!\" \/>\n<meta property=\"article:publisher\" content=\"https:\/\/www.facebook.com\/MedCofQbank\/\" \/>\n<meta property=\"article:published_time\" content=\"2025-04-15T12:54:38+00:00\" \/>\n<meta property=\"article:modified_time\" content=\"2025-04-16T20:10:58+00:00\" \/>\n<meta property=\"og:image\" content=\"https:\/\/www.grupomedcof.com.br\/blog\/wp-content\/uploads\/2025\/04\/Blog-MedCof-2025-04-14T103858.048.jpg\" \/>\n\t<meta property=\"og:image:width\" content=\"1920\" \/>\n\t<meta property=\"og:image:height\" content=\"1080\" \/>\n\t<meta property=\"og:image:type\" content=\"image\/jpeg\" \/>\n<meta name=\"author\" content=\"Leila Menzel\" \/>\n<meta name=\"twitter:card\" content=\"summary_large_image\" \/>\n<meta name=\"twitter:label1\" content=\"Escrito por\" \/>\n\t<meta name=\"twitter:data1\" content=\"Leila Menzel\" \/>\n\t<meta name=\"twitter:label2\" content=\"Est. tempo de leitura\" \/>\n\t<meta name=\"twitter:data2\" content=\"6 minutos\" \/>\n<script type=\"application\/ld+json\" class=\"yoast-schema-graph\">{\"@context\":\"https:\\\/\\\/schema.org\",\"@graph\":[{\"@type\":\"Article\",\"@id\":\"https:\\\/\\\/www.grupomedcof.com.br\\\/blog\\\/perigos-da-hipoglicemia-neonatal\\\/#article\",\"isPartOf\":{\"@id\":\"https:\\\/\\\/www.grupomedcof.com.br\\\/blog\\\/perigos-da-hipoglicemia-neonatal\\\/\"},\"author\":{\"name\":\"Leila Menzel\",\"@id\":\"https:\\\/\\\/www.grupomedcof.com.br\\\/blog\\\/#\\\/schema\\\/person\\\/2a5527209c17e7eb35bd6a4ebd5c7956\"},\"headline\":\"Entenda sobre a hipoglicemia neonatal\",\"datePublished\":\"2025-04-15T12:54:38+00:00\",\"dateModified\":\"2025-04-16T20:10:58+00:00\",\"mainEntityOfPage\":{\"@id\":\"https:\\\/\\\/www.grupomedcof.com.br\\\/blog\\\/perigos-da-hipoglicemia-neonatal\\\/\"},\"wordCount\":912,\"publisher\":{\"@id\":\"https:\\\/\\\/www.grupomedcof.com.br\\\/blog\\\/#organization\"},\"image\":{\"@id\":\"https:\\\/\\\/www.grupomedcof.com.br\\\/blog\\\/perigos-da-hipoglicemia-neonatal\\\/#primaryimage\"},\"thumbnailUrl\":\"https:\\\/\\\/www.grupomedcof.com.br\\\/blog\\\/wp-content\\\/uploads\\\/2025\\\/04\\\/Blog-MedCof-2025-04-14T103858.048.jpg\",\"keywords\":[\"Hipoglicemia Neonatal\",\"neonatal\"],\"articleSection\":[\"Pediatria\"],\"inLanguage\":\"pt-BR\"},{\"@type\":\"WebPage\",\"@id\":\"https:\\\/\\\/www.grupomedcof.com.br\\\/blog\\\/perigos-da-hipoglicemia-neonatal\\\/\",\"url\":\"https:\\\/\\\/www.grupomedcof.com.br\\\/blog\\\/perigos-da-hipoglicemia-neonatal\\\/\",\"name\":\"Entenda sobre a hipoglicemia neonatal - Blog de Medcof: conte\u00fados, editais, revalida e mais!\",\"isPartOf\":{\"@id\":\"https:\\\/\\\/www.grupomedcof.com.br\\\/blog\\\/#website\"},\"primaryImageOfPage\":{\"@id\":\"https:\\\/\\\/www.grupomedcof.com.br\\\/blog\\\/perigos-da-hipoglicemia-neonatal\\\/#primaryimage\"},\"image\":{\"@id\":\"https:\\\/\\\/www.grupomedcof.com.br\\\/blog\\\/perigos-da-hipoglicemia-neonatal\\\/#primaryimage\"},\"thumbnailUrl\":\"https:\\\/\\\/www.grupomedcof.com.br\\\/blog\\\/wp-content\\\/uploads\\\/2025\\\/04\\\/Blog-MedCof-2025-04-14T103858.048.jpg\",\"datePublished\":\"2025-04-15T12:54:38+00:00\",\"dateModified\":\"2025-04-16T20:10:58+00:00\",\"description\":\"A hipoglicemia neonatal \u00e9 comum nas primeiras horas de vida e resulta de uma queda fisiol\u00f3gica nos n\u00edveis de glicose. Entenda agora!\",\"breadcrumb\":{\"@id\":\"https:\\\/\\\/www.grupomedcof.com.br\\\/blog\\\/perigos-da-hipoglicemia-neonatal\\\/#breadcrumb\"},\"inLanguage\":\"pt-BR\",\"potentialAction\":[{\"@type\":\"ReadAction\",\"target\":[\"https:\\\/\\\/www.grupomedcof.com.br\\\/blog\\\/perigos-da-hipoglicemia-neonatal\\\/\"]}]},{\"@type\":\"ImageObject\",\"inLanguage\":\"pt-BR\",\"@id\":\"https:\\\/\\\/www.grupomedcof.com.br\\\/blog\\\/perigos-da-hipoglicemia-neonatal\\\/#primaryimage\",\"url\":\"https:\\\/\\\/www.grupomedcof.com.br\\\/blog\\\/wp-content\\\/uploads\\\/2025\\\/04\\\/Blog-MedCof-2025-04-14T103858.048.jpg\",\"contentUrl\":\"https:\\\/\\\/www.grupomedcof.com.br\\\/blog\\\/wp-content\\\/uploads\\\/2025\\\/04\\\/Blog-MedCof-2025-04-14T103858.048.jpg\",\"width\":1920,\"height\":1080,\"caption\":\"Rec\u00e9m-nascido em cuidados intensivos neonatais, simbolizando a necessidade de monitoramento constante para condi\u00e7\u00f5es como a hipoglicemia neonatal. | Reprodu\u00e7\u00e3o: Canva.\"},{\"@type\":\"BreadcrumbList\",\"@id\":\"https:\\\/\\\/www.grupomedcof.com.br\\\/blog\\\/perigos-da-hipoglicemia-neonatal\\\/#breadcrumb\",\"itemListElement\":[{\"@type\":\"ListItem\",\"position\":1,\"name\":\"In\u00edcio\",\"item\":\"https:\\\/\\\/www.grupomedcof.com.br\\\/blog\\\/\"},{\"@type\":\"ListItem\",\"position\":2,\"name\":\"Entenda sobre a hipoglicemia neonatal\"}]},{\"@type\":\"WebSite\",\"@id\":\"https:\\\/\\\/www.grupomedcof.com.br\\\/blog\\\/#website\",\"url\":\"https:\\\/\\\/www.grupomedcof.com.br\\\/blog\\\/\",\"name\":\"Blog de Medcof: conte\u00fados, editais, revalida e mais!\",\"description\":\"Acesso o blog de MedCof! Seu portal de conte\u00fados sobre resid\u00eancia m\u00e9dica, an\u00e1lise e editais e muito mais. Clique e confira!\",\"publisher\":{\"@id\":\"https:\\\/\\\/www.grupomedcof.com.br\\\/blog\\\/#organization\"},\"alternateName\":\"Blog de Medcof: conte\u00fados, editais, revalida e mais!\",\"potentialAction\":[{\"@type\":\"SearchAction\",\"target\":{\"@type\":\"EntryPoint\",\"urlTemplate\":\"https:\\\/\\\/www.grupomedcof.com.br\\\/blog\\\/?s={search_term_string}\"},\"query-input\":{\"@type\":\"PropertyValueSpecification\",\"valueRequired\":true,\"valueName\":\"search_term_string\"}}],\"inLanguage\":\"pt-BR\"},{\"@type\":\"Organization\",\"@id\":\"https:\\\/\\\/www.grupomedcof.com.br\\\/blog\\\/#organization\",\"name\":\"Grupo MedCof\",\"url\":\"https:\\\/\\\/www.grupomedcof.com.br\\\/blog\\\/\",\"logo\":{\"@type\":\"ImageObject\",\"inLanguage\":\"pt-BR\",\"@id\":\"https:\\\/\\\/www.grupomedcof.com.br\\\/blog\\\/#\\\/schema\\\/logo\\\/image\\\/\",\"url\":\"https:\\\/\\\/www.grupomedcof.com.br\\\/blog\\\/wp-content\\\/uploads\\\/2022\\\/01\\\/logo-medcof.png\",\"contentUrl\":\"https:\\\/\\\/www.grupomedcof.com.br\\\/blog\\\/wp-content\\\/uploads\\\/2022\\\/01\\\/logo-medcof.png\",\"width\":768,\"height\":269,\"caption\":\"Grupo MedCof\"},\"image\":{\"@id\":\"https:\\\/\\\/www.grupomedcof.com.br\\\/blog\\\/#\\\/schema\\\/logo\\\/image\\\/\"},\"sameAs\":[\"https:\\\/\\\/www.facebook.com\\\/MedCofQbank\\\/\",\"https:\\\/\\\/www.instagram.com\\\/grupomedcof\\\/\",\"https:\\\/\\\/br.linkedin.com\\\/company\\\/medcof\",\"https:\\\/\\\/www.youtube.com\\\/channel\\\/UCdHMuOHKICxcHwecxN8P-AA\"]},{\"@type\":\"Person\",\"@id\":\"https:\\\/\\\/www.grupomedcof.com.br\\\/blog\\\/#\\\/schema\\\/person\\\/2a5527209c17e7eb35bd6a4ebd5c7956\",\"name\":\"Leila Menzel\",\"image\":{\"@type\":\"ImageObject\",\"inLanguage\":\"pt-BR\",\"@id\":\"https:\\\/\\\/www.grupomedcof.com.br\\\/blog\\\/wp-content\\\/uploads\\\/2023\\\/04\\\/cropped-cropped-cropped-logo-96x96.png15459389df217b605b4f0cce419ac81a\",\"url\":\"https:\\\/\\\/www.grupomedcof.com.br\\\/blog\\\/wp-content\\\/uploads\\\/2023\\\/04\\\/cropped-cropped-cropped-logo-96x96.png\",\"contentUrl\":\"https:\\\/\\\/www.grupomedcof.com.br\\\/blog\\\/wp-content\\\/uploads\\\/2023\\\/04\\\/cropped-cropped-cropped-logo-96x96.png\",\"caption\":\"Leila Menzel\"},\"description\":\"Estudante do 6\u00b0 semestre de jornalismo, amo e escrevo poesias e viajo em livros de romances clich\u00eas.\",\"url\":\"https:\\\/\\\/www.grupomedcof.com.br\\\/blog\\\/author\\\/leila\\\/\"}]}<\/script>\n<!-- \/ Yoast SEO Premium plugin. -->","yoast_head_json":{"title":"Entenda sobre a hipoglicemia neonatal - Blog de Medcof: conte\u00fados, editais, revalida e mais!","description":"A hipoglicemia neonatal \u00e9 comum nas primeiras horas de vida e resulta de uma queda fisiol\u00f3gica nos n\u00edveis de glicose. Entenda agora!","robots":{"index":"index","follow":"follow","max-snippet":"max-snippet:-1","max-image-preview":"max-image-preview:large","max-video-preview":"max-video-preview:-1"},"canonical":"https:\/\/www.grupomedcof.com.br\/blog\/perigos-da-hipoglicemia-neonatal\/","og_locale":"pt_BR","og_type":"article","og_title":"Entenda sobre a hipoglicemia neonatal","og_description":"A hipoglicemia neonatal \u00e9 comum nas primeiras horas de vida e resulta de uma queda fisiol\u00f3gica nos n\u00edveis de glicose. Entenda agora!","og_url":"https:\/\/www.grupomedcof.com.br\/blog\/perigos-da-hipoglicemia-neonatal\/","og_site_name":"Blog de Medcof: conte\u00fados, editais, revalida e mais!","article_publisher":"https:\/\/www.facebook.com\/MedCofQbank\/","article_published_time":"2025-04-15T12:54:38+00:00","article_modified_time":"2025-04-16T20:10:58+00:00","og_image":[{"width":1920,"height":1080,"url":"https:\/\/www.grupomedcof.com.br\/blog\/wp-content\/uploads\/2025\/04\/Blog-MedCof-2025-04-14T103858.048.jpg","type":"image\/jpeg"}],"author":"Leila Menzel","twitter_card":"summary_large_image","twitter_misc":{"Escrito por":"Leila Menzel","Est. tempo de leitura":"6 minutos"},"schema":{"@context":"https:\/\/schema.org","@graph":[{"@type":"Article","@id":"https:\/\/www.grupomedcof.com.br\/blog\/perigos-da-hipoglicemia-neonatal\/#article","isPartOf":{"@id":"https:\/\/www.grupomedcof.com.br\/blog\/perigos-da-hipoglicemia-neonatal\/"},"author":{"name":"Leila Menzel","@id":"https:\/\/www.grupomedcof.com.br\/blog\/#\/schema\/person\/2a5527209c17e7eb35bd6a4ebd5c7956"},"headline":"Entenda sobre a hipoglicemia neonatal","datePublished":"2025-04-15T12:54:38+00:00","dateModified":"2025-04-16T20:10:58+00:00","mainEntityOfPage":{"@id":"https:\/\/www.grupomedcof.com.br\/blog\/perigos-da-hipoglicemia-neonatal\/"},"wordCount":912,"publisher":{"@id":"https:\/\/www.grupomedcof.com.br\/blog\/#organization"},"image":{"@id":"https:\/\/www.grupomedcof.com.br\/blog\/perigos-da-hipoglicemia-neonatal\/#primaryimage"},"thumbnailUrl":"https:\/\/www.grupomedcof.com.br\/blog\/wp-content\/uploads\/2025\/04\/Blog-MedCof-2025-04-14T103858.048.jpg","keywords":["Hipoglicemia Neonatal","neonatal"],"articleSection":["Pediatria"],"inLanguage":"pt-BR"},{"@type":"WebPage","@id":"https:\/\/www.grupomedcof.com.br\/blog\/perigos-da-hipoglicemia-neonatal\/","url":"https:\/\/www.grupomedcof.com.br\/blog\/perigos-da-hipoglicemia-neonatal\/","name":"Entenda sobre a hipoglicemia neonatal - Blog de Medcof: conte\u00fados, editais, revalida e mais!","isPartOf":{"@id":"https:\/\/www.grupomedcof.com.br\/blog\/#website"},"primaryImageOfPage":{"@id":"https:\/\/www.grupomedcof.com.br\/blog\/perigos-da-hipoglicemia-neonatal\/#primaryimage"},"image":{"@id":"https:\/\/www.grupomedcof.com.br\/blog\/perigos-da-hipoglicemia-neonatal\/#primaryimage"},"thumbnailUrl":"https:\/\/www.grupomedcof.com.br\/blog\/wp-content\/uploads\/2025\/04\/Blog-MedCof-2025-04-14T103858.048.jpg","datePublished":"2025-04-15T12:54:38+00:00","dateModified":"2025-04-16T20:10:58+00:00","description":"A hipoglicemia neonatal \u00e9 comum nas primeiras horas de vida e resulta de uma queda fisiol\u00f3gica nos n\u00edveis de glicose. Entenda agora!","breadcrumb":{"@id":"https:\/\/www.grupomedcof.com.br\/blog\/perigos-da-hipoglicemia-neonatal\/#breadcrumb"},"inLanguage":"pt-BR","potentialAction":[{"@type":"ReadAction","target":["https:\/\/www.grupomedcof.com.br\/blog\/perigos-da-hipoglicemia-neonatal\/"]}]},{"@type":"ImageObject","inLanguage":"pt-BR","@id":"https:\/\/www.grupomedcof.com.br\/blog\/perigos-da-hipoglicemia-neonatal\/#primaryimage","url":"https:\/\/www.grupomedcof.com.br\/blog\/wp-content\/uploads\/2025\/04\/Blog-MedCof-2025-04-14T103858.048.jpg","contentUrl":"https:\/\/www.grupomedcof.com.br\/blog\/wp-content\/uploads\/2025\/04\/Blog-MedCof-2025-04-14T103858.048.jpg","width":1920,"height":1080,"caption":"Rec\u00e9m-nascido em cuidados intensivos neonatais, simbolizando a necessidade de monitoramento constante para condi\u00e7\u00f5es como a hipoglicemia neonatal. | Reprodu\u00e7\u00e3o: Canva."},{"@type":"BreadcrumbList","@id":"https:\/\/www.grupomedcof.com.br\/blog\/perigos-da-hipoglicemia-neonatal\/#breadcrumb","itemListElement":[{"@type":"ListItem","position":1,"name":"In\u00edcio","item":"https:\/\/www.grupomedcof.com.br\/blog\/"},{"@type":"ListItem","position":2,"name":"Entenda sobre a hipoglicemia neonatal"}]},{"@type":"WebSite","@id":"https:\/\/www.grupomedcof.com.br\/blog\/#website","url":"https:\/\/www.grupomedcof.com.br\/blog\/","name":"Blog de Medcof: conte\u00fados, editais, revalida e mais!","description":"Acesso o blog de MedCof! Seu portal de conte\u00fados sobre resid\u00eancia m\u00e9dica, an\u00e1lise e editais e muito mais. Clique e confira!","publisher":{"@id":"https:\/\/www.grupomedcof.com.br\/blog\/#organization"},"alternateName":"Blog de Medcof: conte\u00fados, editais, revalida e mais!","potentialAction":[{"@type":"SearchAction","target":{"@type":"EntryPoint","urlTemplate":"https:\/\/www.grupomedcof.com.br\/blog\/?s={search_term_string}"},"query-input":{"@type":"PropertyValueSpecification","valueRequired":true,"valueName":"search_term_string"}}],"inLanguage":"pt-BR"},{"@type":"Organization","@id":"https:\/\/www.grupomedcof.com.br\/blog\/#organization","name":"Grupo MedCof","url":"https:\/\/www.grupomedcof.com.br\/blog\/","logo":{"@type":"ImageObject","inLanguage":"pt-BR","@id":"https:\/\/www.grupomedcof.com.br\/blog\/#\/schema\/logo\/image\/","url":"https:\/\/www.grupomedcof.com.br\/blog\/wp-content\/uploads\/2022\/01\/logo-medcof.png","contentUrl":"https:\/\/www.grupomedcof.com.br\/blog\/wp-content\/uploads\/2022\/01\/logo-medcof.png","width":768,"height":269,"caption":"Grupo MedCof"},"image":{"@id":"https:\/\/www.grupomedcof.com.br\/blog\/#\/schema\/logo\/image\/"},"sameAs":["https:\/\/www.facebook.com\/MedCofQbank\/","https:\/\/www.instagram.com\/grupomedcof\/","https:\/\/br.linkedin.com\/company\/medcof","https:\/\/www.youtube.com\/channel\/UCdHMuOHKICxcHwecxN8P-AA"]},{"@type":"Person","@id":"https:\/\/www.grupomedcof.com.br\/blog\/#\/schema\/person\/2a5527209c17e7eb35bd6a4ebd5c7956","name":"Leila Menzel","image":{"@type":"ImageObject","inLanguage":"pt-BR","@id":"https:\/\/www.grupomedcof.com.br\/blog\/wp-content\/uploads\/2023\/04\/cropped-cropped-cropped-logo-96x96.png15459389df217b605b4f0cce419ac81a","url":"https:\/\/www.grupomedcof.com.br\/blog\/wp-content\/uploads\/2023\/04\/cropped-cropped-cropped-logo-96x96.png","contentUrl":"https:\/\/www.grupomedcof.com.br\/blog\/wp-content\/uploads\/2023\/04\/cropped-cropped-cropped-logo-96x96.png","caption":"Leila Menzel"},"description":"Estudante do 6\u00b0 semestre de jornalismo, amo e escrevo poesias e viajo em livros de romances clich\u00eas.","url":"https:\/\/www.grupomedcof.com.br\/blog\/author\/leila\/"}]}},"authors":[{"term_id":3611,"user_id":18,"is_guest":0,"slug":"leila","display_name":"Leila Menzel","avatar_url":"https:\/\/www.grupomedcof.com.br\/blog\/wp-content\/uploads\/2023\/04\/cropped-cropped-cropped-logo-96x96.png","0":null,"1":"","2":"","3":"","4":"","5":"","6":"","7":"","8":""}],"_links":{"self":[{"href":"https:\/\/www.grupomedcof.com.br\/blog\/wp-json\/wp\/v2\/posts\/35114","targetHints":{"allow":["GET"]}}],"collection":[{"href":"https:\/\/www.grupomedcof.com.br\/blog\/wp-json\/wp\/v2\/posts"}],"about":[{"href":"https:\/\/www.grupomedcof.com.br\/blog\/wp-json\/wp\/v2\/types\/post"}],"author":[{"embeddable":true,"href":"https:\/\/www.grupomedcof.com.br\/blog\/wp-json\/wp\/v2\/users\/18"}],"replies":[{"embeddable":true,"href":"https:\/\/www.grupomedcof.com.br\/blog\/wp-json\/wp\/v2\/comments?post=35114"}],"version-history":[{"count":0,"href":"https:\/\/www.grupomedcof.com.br\/blog\/wp-json\/wp\/v2\/posts\/35114\/revisions"}],"wp:featuredmedia":[{"embeddable":true,"href":"https:\/\/www.grupomedcof.com.br\/blog\/wp-json\/wp\/v2\/media\/35118"}],"wp:attachment":[{"href":"https:\/\/www.grupomedcof.com.br\/blog\/wp-json\/wp\/v2\/media?parent=35114"}],"wp:term":[{"taxonomy":"category","embeddable":true,"href":"https:\/\/www.grupomedcof.com.br\/blog\/wp-json\/wp\/v2\/categories?post=35114"},{"taxonomy":"post_tag","embeddable":true,"href":"https:\/\/www.grupomedcof.com.br\/blog\/wp-json\/wp\/v2\/tags?post=35114"},{"taxonomy":"author","embeddable":true,"href":"https:\/\/www.grupomedcof.com.br\/blog\/wp-json\/wp\/v2\/ppma_author?post=35114"}],"curies":[{"name":"wp","href":"https:\/\/api.w.org\/{rel}","templated":true}]}}