{"id":35121,"date":"2025-04-14T13:54:41","date_gmt":"2025-04-14T16:54:41","guid":{"rendered":"https:\/\/www.grupomedcof.com.br\/blog\/?p=35121"},"modified":"2025-04-14T13:54:43","modified_gmt":"2025-04-14T16:54:43","slug":"cfm-restringe-tratamentos-hormonais-jovens-trans","status":"publish","type":"post","link":"https:\/\/www.grupomedcof.com.br\/blog\/cfm-restringe-tratamentos-hormonais-jovens-trans\/","title":{"rendered":"Nova proposta do CFM pode restringir bloqueadores hormonais para adolescentes trans"},"content":{"rendered":"<div id=\"ez-toc-container\" class=\"ez-toc-v2_0_74 counter-hierarchy ez-toc-counter ez-toc-transparent ez-toc-container-direction\">\n<div class=\"ez-toc-title-container\">\n<p class=\"ez-toc-title\" style=\"cursor:inherit\">Sum\u00e1rio<\/p>\n<span class=\"ez-toc-title-toggle\"><a href=\"#\" class=\"ez-toc-pull-right ez-toc-btn ez-toc-btn-xs ez-toc-btn-default ez-toc-toggle\" aria-label=\"Alternar tabela de conte\u00fado\"><span class=\"ez-toc-js-icon-con\"><span class=\"\"><span class=\"eztoc-hide\" style=\"display:none;\">Toggle<\/span><span class=\"ez-toc-icon-toggle-span\"><svg style=\"fill: #999;color:#999\" xmlns=\"http:\/\/www.w3.org\/2000\/svg\" class=\"list-377408\" width=\"20px\" height=\"20px\" viewBox=\"0 0 24 24\" fill=\"none\"><path d=\"M6 6H4v2h2V6zm14 0H8v2h12V6zM4 11h2v2H4v-2zm16 0H8v2h12v-2zM4 16h2v2H4v-2zm16 0H8v2h12v-2z\" fill=\"currentColor\"><\/path><\/svg><svg style=\"fill: #999;color:#999\" class=\"arrow-unsorted-368013\" xmlns=\"http:\/\/www.w3.org\/2000\/svg\" width=\"10px\" height=\"10px\" viewBox=\"0 0 24 24\" version=\"1.2\" baseProfile=\"tiny\"><path d=\"M18.2 9.3l-6.2-6.3-6.2 6.3c-.2.2-.3.4-.3.7s.1.5.3.7c.2.2.4.3.7.3h11c.3 0 .5-.1.7-.3.2-.2.3-.5.3-.7s-.1-.5-.3-.7zM5.8 14.7l6.2 6.3 6.2-6.3c.2-.2.3-.5.3-.7s-.1-.5-.3-.7c-.2-.2-.4-.3-.7-.3h-11c-.3 0-.5.1-.7.3-.2.2-.3.5-.3.7s.1.5.3.7z\"\/><\/svg><\/span><\/span><\/span><\/a><\/span><\/div>\n<nav><ul class='ez-toc-list ez-toc-list-level-1 ' ><ul class='ez-toc-list-level-3' ><li class='ez-toc-heading-level-3'><a class=\"ez-toc-link ez-toc-heading-1\" href=\"https:\/\/www.grupomedcof.com.br\/blog\/cfm-restringe-tratamentos-hormonais-jovens-trans\/#O_que_diz_a_proposta_do_CFM\" >O que diz a proposta do CFM?<\/a><\/li><li class='ez-toc-page-1 ez-toc-heading-level-3'><a class=\"ez-toc-link ez-toc-heading-2\" href=\"https:\/\/www.grupomedcof.com.br\/blog\/cfm-restringe-tratamentos-hormonais-jovens-trans\/#O_que_sao_bloqueadores_hormonais\" >O que s\u00e3o bloqueadores hormonais?<\/a><\/li><li class='ez-toc-page-1 ez-toc-heading-level-3'><a class=\"ez-toc-link ez-toc-heading-3\" href=\"https:\/\/www.grupomedcof.com.br\/blog\/cfm-restringe-tratamentos-hormonais-jovens-trans\/#Reacoes_da_comunidade_medica_e_cientifica\" >Rea\u00e7\u00f5es da comunidade m\u00e9dica e cient\u00edfica<\/a><\/li><li class='ez-toc-page-1 ez-toc-heading-level-3'><a class=\"ez-toc-link ez-toc-heading-4\" href=\"https:\/\/www.grupomedcof.com.br\/blog\/cfm-restringe-tratamentos-hormonais-jovens-trans\/#Aspectos_eticos_e_legais\" >Aspectos \u00e9ticos e legais<\/a><\/li><li class='ez-toc-page-1 ez-toc-heading-level-3'><a class=\"ez-toc-link ez-toc-heading-5\" href=\"https:\/\/www.grupomedcof.com.br\/blog\/cfm-restringe-tratamentos-hormonais-jovens-trans\/#O_que_pode_acontecer_a_partir_de_agora\" >O que pode acontecer a partir de agora?<\/a><\/li><\/ul><\/li><li class='ez-toc-page-1 ez-toc-heading-level-2'><a class=\"ez-toc-link ez-toc-heading-6\" href=\"https:\/\/www.grupomedcof.com.br\/blog\/cfm-restringe-tratamentos-hormonais-jovens-trans\/#O_metodo_que_te_aprova\" >O m\u00e9todo que te aprova!<\/a><\/li><\/ul><\/nav><\/div>\n\n<figure class=\"wp-block-image size-large\"><img loading=\"lazy\" decoding=\"async\" width=\"1024\" height=\"576\" src=\"https:\/\/www.grupomedcof.com.br\/blog\/wp-content\/uploads\/2025\/04\/Modelo-instituicoes-1-1024x576.jpg\" alt=\"\" class=\"wp-image-35125\" srcset=\"https:\/\/www.grupomedcof.com.br\/blog\/wp-content\/uploads\/2025\/04\/Modelo-instituicoes-1-1024x576.jpg 1024w, https:\/\/www.grupomedcof.com.br\/blog\/wp-content\/uploads\/2025\/04\/Modelo-instituicoes-1-300x169.jpg 300w, https:\/\/www.grupomedcof.com.br\/blog\/wp-content\/uploads\/2025\/04\/Modelo-instituicoes-1-768x432.jpg 768w, https:\/\/www.grupomedcof.com.br\/blog\/wp-content\/uploads\/2025\/04\/Modelo-instituicoes-1-1536x864.jpg 1536w, https:\/\/www.grupomedcof.com.br\/blog\/wp-content\/uploads\/2025\/04\/Modelo-instituicoes-1-747x420.jpg 747w, https:\/\/www.grupomedcof.com.br\/blog\/wp-content\/uploads\/2025\/04\/Modelo-instituicoes-1-150x84.jpg 150w, https:\/\/www.grupomedcof.com.br\/blog\/wp-content\/uploads\/2025\/04\/Modelo-instituicoes-1-696x392.jpg 696w, https:\/\/www.grupomedcof.com.br\/blog\/wp-content\/uploads\/2025\/04\/Modelo-instituicoes-1-1068x601.jpg 1068w, https:\/\/www.grupomedcof.com.br\/blog\/wp-content\/uploads\/2025\/04\/Modelo-instituicoes-1.jpg 1920w\" sizes=\"auto, (max-width: 1024px) 100vw, 1024px\" \/><\/figure>\n\n\n\n<p><strong>Conselho Federal de Medicina<\/strong> (CFM) prop\u00f5e nova diretriz que restringe tratamentos hormonais em jovens transg\u00eaneros.<\/p>\n\n\n\n<h3 class=\"wp-block-heading\" id=\"h-o-que-diz-a-proposta-do-cfm\"><span class=\"ez-toc-section\" id=\"O_que_diz_a_proposta_do_CFM\"><\/span><strong>O que diz a proposta do CFM?<\/strong><span class=\"ez-toc-section-end\"><\/span><\/h3>\n\n\n\n<p>A proposta do CFM prev\u00ea a <strong>proibi\u00e7\u00e3o do uso de bloqueadores hormonais<\/strong>, tamb\u00e9m conhecidos como <strong>an\u00e1logos do GnRH<\/strong>, em pessoas <strong>menores de 18 anos<\/strong> que apresentem disforia de g\u00eanero. A resolu\u00e7\u00e3o tamb\u00e9m sugere <strong>limitar a terapia hormonal cruzada<\/strong> apenas <strong>a partir dos 18 anos<\/strong>, salvo em contextos de pesquisa cl\u00ednica aprovada por comit\u00eas de \u00e9tica.<\/p>\n\n\n\n<p>Segundo o Conselho, a medida visa &#8220;proteger crian\u00e7as e adolescentes de interven\u00e7\u00f5es com efeitos irrevers\u00edveis e ainda controversos do ponto de vista cient\u00edfico&#8221;. A justificativa se apoia na ideia de que ainda h\u00e1 lacunas na literatura m\u00e9dica sobre os efeitos de longo prazo desses tratamentos em pacientes jovens.<\/p>\n\n\n\n<h3 class=\"wp-block-heading\" id=\"h-o-que-sao-bloqueadores-hormonais\"><span class=\"ez-toc-section\" id=\"O_que_sao_bloqueadores_hormonais\"><\/span><strong>O que s\u00e3o bloqueadores hormonais?<\/strong><span class=\"ez-toc-section-end\"><\/span><\/h3>\n\n\n\n<p>Bloqueadores hormonais s\u00e3o medicamentos utilizados para <strong>interromper temporariamente o processo de puberdade<\/strong>. Em contextos de disforia de g\u00eanero, eles s\u00e3o prescritos para oferecer tempo ao jovem trans para refletir sobre sua identidade sem as mudan\u00e7as corporais irrevers\u00edveis da puberdade.<\/p>\n\n\n\n<p>Estudos cient\u00edficos indicam que o uso controlado desses f\u00e1rmacos pode reduzir significativamente o risco de depress\u00e3o, ansiedade e idea\u00e7\u00e3o suicida em adolescentes trans. Al\u00e9m disso, organiza\u00e7\u00f5es internacionais como a <strong>WPATH (World Professional Association for Transgender Health)<\/strong> e a <strong>Endocrine Society<\/strong> reconhecem os bloqueadores como parte de um protocolo de cuidado \u00e9tico e baseado em evid\u00eancias.<\/p>\n\n\n\n<h3 class=\"wp-block-heading\" id=\"h-reacoes-da-comunidade-medica-e-cientifica\"><span class=\"ez-toc-section\" id=\"Reacoes_da_comunidade_medica_e_cientifica\"><\/span><strong>Rea\u00e7\u00f5es da comunidade m\u00e9dica e cient\u00edfica<\/strong><span class=\"ez-toc-section-end\"><\/span><\/h3>\n\n\n\n<p>A proposta do CFM foi duramente criticada por diversas sociedades m\u00e9dicas e organiza\u00e7\u00f5es de direitos humanos. Entidades como a <strong>Sociedade Brasileira de Endocrinologia e Metabologia (SBEM)<\/strong> e a <strong>Sociedade Brasileira de Pediatria (SBP)<\/strong> manifestaram preocupa\u00e7\u00e3o com o impacto da resolu\u00e7\u00e3o, alegando que pode restringir o acesso a cuidados m\u00e9dicos adequados e aumentar o sofrimento ps\u00edquico de jovens trans.<\/p>\n\n\n\n<p>Al\u00e9m disso, especialistas alertam que a proposta pode contrariar princ\u00edpios b\u00e1sicos da bio\u00e9tica, como a autonomia, a benefic\u00eancia e a n\u00e3o malefic\u00eancia, ao impedir decis\u00f5es compartilhadas entre m\u00e9dicos, pacientes e suas fam\u00edlias.<\/p>\n\n\n\n<h3 class=\"wp-block-heading\" id=\"h-aspectos-eticos-e-legais\"><span class=\"ez-toc-section\" id=\"Aspectos_eticos_e_legais\"><\/span><strong>Aspectos \u00e9ticos e legais<\/strong><span class=\"ez-toc-section-end\"><\/span><\/h3>\n\n\n\n<p>Do ponto de vista legal, a medida tamb\u00e9m levanta quest\u00f5es delicadas. O <strong>Estatuto da Crian\u00e7a e do Adolescente (ECA)<\/strong> garante o direito \u00e0 sa\u00fade integral, e o Supremo Tribunal Federal j\u00e1 reconheceu, em decis\u00f5es anteriores, a legitimidade da identidade de g\u00eanero como direito fundamental.<\/p>\n\n\n\n<p>A proposta do CFM ainda est\u00e1 em <strong>fase de consulta p\u00fablica<\/strong>, e diversas entidades est\u00e3o se mobilizando para apresentar evid\u00eancias cient\u00edficas e argumentos jur\u00eddicos que possam reverter ou modificar o texto final.<\/p>\n\n\n\n<h3 class=\"wp-block-heading\" id=\"h-o-que-pode-acontecer-a-partir-de-agora\"><span class=\"ez-toc-section\" id=\"O_que_pode_acontecer_a_partir_de_agora\"><\/span><strong>O que pode acontecer a partir de agora?<\/strong><span class=\"ez-toc-section-end\"><\/span><\/h3>\n\n\n\n<p>Caso a resolu\u00e7\u00e3o seja <strong>aprovada<\/strong> da forma como est\u00e1, m\u00e9dicos que prescreverem bloqueadores hormonais fora das exce\u00e7\u00f5es previstas poder\u00e3o sofrer san\u00e7\u00f5es \u00e9tico-profissionais. Isso pode provocar uma retra\u00e7\u00e3o na oferta de cuidado especializado e aprofundar desigualdades no acesso \u00e0 sa\u00fade para pessoas trans no Brasil.<\/p>\n\n\n\n<p>A decis\u00e3o final ainda depende de <strong>manifesta\u00e7\u00f5es da sociedade civil<\/strong>, de <strong>institui\u00e7\u00f5es cient\u00edficas<\/strong> e, possivelmente, de <strong>a\u00e7\u00f5es no Judici\u00e1rio<\/strong>.<\/p>\n\n\n\n<h2 class=\"wp-block-heading\" id=\"o-m\u00e9todo-que-te-aprova\"><span class=\"ez-toc-section\" id=\"O_metodo_que_te_aprova\"><\/span><strong>O m\u00e9todo que te aprova!<\/strong><span class=\"ez-toc-section-end\"><\/span><\/h2>\n\n\n\n<p>Quer alcan\u00e7ar a aprova\u00e7\u00e3o nas provas de resid\u00eancia m\u00e9dica? Ent\u00e3o seja um&nbsp;<a href=\"https:\/\/www.grupomedcof.com.br\/home\/\" target=\"_blank\" rel=\"noreferrer noopener\"><strong>MedCoffer<\/strong><\/a>! Aqui te ajudaremos na busca da aprova\u00e7\u00e3o com conte\u00fados de qualidade e uma&nbsp;<a href=\"https:\/\/www.grupomedcof.com.br\/blog\/presenca-da-medcof-nas-aprovacoes-em-residencia-medica-no-brasil\/\" target=\"_blank\" rel=\"noreferrer noopener\"><strong>metodologia que j\u00e1 aprovou mais de 10 mil residentes no pa\u00eds!<\/strong>&nbsp;<\/a>Por fim, acesse o nosso<a href=\"https:\/\/www.youtube.com\/@GrupoMedcof\/featured\" target=\"_blank\" rel=\"noreferrer noopener\">&nbsp;<strong>canal do youtube&nbsp;<\/strong><\/a>para ver o nosso material.<\/p>\n\n\n\n<figure class=\"wp-block-embed is-type-video is-provider-youtube wp-block-embed-youtube wp-embed-aspect-16-9 wp-has-aspect-ratio\"><div class=\"wp-block-embed__wrapper\">\n<iframe loading=\"lazy\" title=\"SingularCast T2 Ep. 24 - Dr. Andr\u00e9 Luiz aprovado em Neurocirurgia na SCM-SP\" width=\"696\" height=\"392\" src=\"https:\/\/www.youtube.com\/embed\/qrKItQ4GcUs?feature=oembed\" frameborder=\"0\" allow=\"accelerometer; autoplay; clipboard-write; encrypted-media; gyroscope; picture-in-picture; web-share\" referrerpolicy=\"strict-origin-when-cross-origin\" allowfullscreen><\/iframe>\n<\/div><\/figure>\n","protected":false},"excerpt":{"rendered":"<p>Conselho Federal de Medicina (CFM) prop\u00f5e nova diretriz que restringe tratamentos hormonais em jovens transg\u00eaneros<\/p>\n","protected":false},"author":23,"featured_media":35125,"comment_status":"closed","ping_status":"closed","sticky":false,"template":"","format":"standard","meta":{"footnotes":""},"categories":[1802,240,173],"tags":[264,1460],"ppma_author":[3618],"class_list":{"0":"post-35121","1":"post","2":"type-post","3":"status-publish","4":"format-standard","5":"has-post-thumbnail","7":"category-cfm","8":"category-noticias","9":"category-novidades","10":"tag-cfm","11":"tag-noticias"},"yoast_head":"<!-- This site is optimized with the Yoast SEO Premium plugin v24.3 (Yoast SEO v27.4) - https:\/\/yoast.com\/product\/yoast-seo-premium-wordpress\/ -->\n<title>CFM prop\u00f5e restringir tratamentos hormonais a jovens trans | MedCof<\/title>\n<meta name=\"description\" content=\"Nova proposta do CFM quer limitar bloqueadores hormonais e terapias cruzadas para jovens trans. Comunidade m\u00e9dica e jur\u00eddica reage com cr\u00edticas.\" \/>\n<meta name=\"robots\" content=\"index, follow, max-snippet:-1, max-image-preview:large, max-video-preview:-1\" \/>\n<link rel=\"canonical\" href=\"https:\/\/www.grupomedcof.com.br\/blog\/cfm-restringe-tratamentos-hormonais-jovens-trans\/\" \/>\n<meta property=\"og:locale\" content=\"pt_BR\" \/>\n<meta property=\"og:type\" content=\"article\" \/>\n<meta property=\"og:title\" content=\"Nova proposta do CFM pode restringir bloqueadores hormonais para adolescentes trans\" \/>\n<meta property=\"og:description\" content=\"Nova proposta do CFM quer limitar bloqueadores hormonais e terapias cruzadas para jovens trans. Comunidade m\u00e9dica e jur\u00eddica reage com cr\u00edticas.\" \/>\n<meta property=\"og:url\" content=\"https:\/\/www.grupomedcof.com.br\/blog\/cfm-restringe-tratamentos-hormonais-jovens-trans\/\" \/>\n<meta property=\"og:site_name\" content=\"Blog de Medcof: conte\u00fados, editais, revalida e mais!\" \/>\n<meta property=\"article:publisher\" content=\"https:\/\/www.facebook.com\/MedCofQbank\/\" \/>\n<meta property=\"article:published_time\" content=\"2025-04-14T16:54:41+00:00\" \/>\n<meta property=\"article:modified_time\" content=\"2025-04-14T16:54:43+00:00\" \/>\n<meta property=\"og:image\" content=\"https:\/\/www.grupomedcof.com.br\/blog\/wp-content\/uploads\/2025\/04\/Modelo-instituicoes-1.jpg\" \/>\n\t<meta property=\"og:image:width\" content=\"1920\" \/>\n\t<meta property=\"og:image:height\" content=\"1080\" \/>\n\t<meta property=\"og:image:type\" content=\"image\/jpeg\" \/>\n<meta name=\"author\" content=\"Lu\u00edsa Porto\" \/>\n<meta name=\"twitter:card\" content=\"summary_large_image\" \/>\n<meta name=\"twitter:label1\" content=\"Escrito por\" \/>\n\t<meta name=\"twitter:data1\" content=\"Lu\u00edsa Porto\" \/>\n\t<meta name=\"twitter:label2\" content=\"Est. tempo de leitura\" \/>\n\t<meta name=\"twitter:data2\" content=\"4 minutos\" \/>\n<script type=\"application\/ld+json\" class=\"yoast-schema-graph\">{\"@context\":\"https:\\\/\\\/schema.org\",\"@graph\":[{\"@type\":\"Article\",\"@id\":\"https:\\\/\\\/www.grupomedcof.com.br\\\/blog\\\/cfm-restringe-tratamentos-hormonais-jovens-trans\\\/#article\",\"isPartOf\":{\"@id\":\"https:\\\/\\\/www.grupomedcof.com.br\\\/blog\\\/cfm-restringe-tratamentos-hormonais-jovens-trans\\\/\"},\"author\":{\"name\":\"Lu\u00edsa Porto\",\"@id\":\"https:\\\/\\\/www.grupomedcof.com.br\\\/blog\\\/#\\\/schema\\\/person\\\/d755ffce500bd0766bbf0e4e6572518f\"},\"headline\":\"Nova proposta do CFM pode restringir bloqueadores hormonais para adolescentes trans\",\"datePublished\":\"2025-04-14T16:54:41+00:00\",\"dateModified\":\"2025-04-14T16:54:43+00:00\",\"mainEntityOfPage\":{\"@id\":\"https:\\\/\\\/www.grupomedcof.com.br\\\/blog\\\/cfm-restringe-tratamentos-hormonais-jovens-trans\\\/\"},\"wordCount\":626,\"publisher\":{\"@id\":\"https:\\\/\\\/www.grupomedcof.com.br\\\/blog\\\/#organization\"},\"image\":{\"@id\":\"https:\\\/\\\/www.grupomedcof.com.br\\\/blog\\\/cfm-restringe-tratamentos-hormonais-jovens-trans\\\/#primaryimage\"},\"thumbnailUrl\":\"https:\\\/\\\/www.grupomedcof.com.br\\\/blog\\\/wp-content\\\/uploads\\\/2025\\\/04\\\/Modelo-instituicoes-1.jpg\",\"keywords\":[\"CFM\",\"not\u00edcias\"],\"articleSection\":[\"CFM\",\"Not\u00edcias\",\"Novidades\"],\"inLanguage\":\"pt-BR\"},{\"@type\":\"WebPage\",\"@id\":\"https:\\\/\\\/www.grupomedcof.com.br\\\/blog\\\/cfm-restringe-tratamentos-hormonais-jovens-trans\\\/\",\"url\":\"https:\\\/\\\/www.grupomedcof.com.br\\\/blog\\\/cfm-restringe-tratamentos-hormonais-jovens-trans\\\/\",\"name\":\"CFM prop\u00f5e restringir tratamentos hormonais a jovens trans | MedCof\",\"isPartOf\":{\"@id\":\"https:\\\/\\\/www.grupomedcof.com.br\\\/blog\\\/#website\"},\"primaryImageOfPage\":{\"@id\":\"https:\\\/\\\/www.grupomedcof.com.br\\\/blog\\\/cfm-restringe-tratamentos-hormonais-jovens-trans\\\/#primaryimage\"},\"image\":{\"@id\":\"https:\\\/\\\/www.grupomedcof.com.br\\\/blog\\\/cfm-restringe-tratamentos-hormonais-jovens-trans\\\/#primaryimage\"},\"thumbnailUrl\":\"https:\\\/\\\/www.grupomedcof.com.br\\\/blog\\\/wp-content\\\/uploads\\\/2025\\\/04\\\/Modelo-instituicoes-1.jpg\",\"datePublished\":\"2025-04-14T16:54:41+00:00\",\"dateModified\":\"2025-04-14T16:54:43+00:00\",\"description\":\"Nova proposta do CFM quer limitar bloqueadores hormonais e terapias cruzadas para jovens trans. Comunidade m\u00e9dica e jur\u00eddica reage com cr\u00edticas.\",\"breadcrumb\":{\"@id\":\"https:\\\/\\\/www.grupomedcof.com.br\\\/blog\\\/cfm-restringe-tratamentos-hormonais-jovens-trans\\\/#breadcrumb\"},\"inLanguage\":\"pt-BR\",\"potentialAction\":[{\"@type\":\"ReadAction\",\"target\":[\"https:\\\/\\\/www.grupomedcof.com.br\\\/blog\\\/cfm-restringe-tratamentos-hormonais-jovens-trans\\\/\"]}]},{\"@type\":\"ImageObject\",\"inLanguage\":\"pt-BR\",\"@id\":\"https:\\\/\\\/www.grupomedcof.com.br\\\/blog\\\/cfm-restringe-tratamentos-hormonais-jovens-trans\\\/#primaryimage\",\"url\":\"https:\\\/\\\/www.grupomedcof.com.br\\\/blog\\\/wp-content\\\/uploads\\\/2025\\\/04\\\/Modelo-instituicoes-1.jpg\",\"contentUrl\":\"https:\\\/\\\/www.grupomedcof.com.br\\\/blog\\\/wp-content\\\/uploads\\\/2025\\\/04\\\/Modelo-instituicoes-1.jpg\",\"width\":1920,\"height\":1080,\"caption\":\"Logotipo do CFM e Grupo MedCof com destaque para o tema: \\\"Bloqueadores hormonais em crian\u00e7as e adolescentes\\\".\"},{\"@type\":\"BreadcrumbList\",\"@id\":\"https:\\\/\\\/www.grupomedcof.com.br\\\/blog\\\/cfm-restringe-tratamentos-hormonais-jovens-trans\\\/#breadcrumb\",\"itemListElement\":[{\"@type\":\"ListItem\",\"position\":1,\"name\":\"In\u00edcio\",\"item\":\"https:\\\/\\\/www.grupomedcof.com.br\\\/blog\\\/\"},{\"@type\":\"ListItem\",\"position\":2,\"name\":\"Nova proposta do CFM pode restringir bloqueadores hormonais para adolescentes trans\"}]},{\"@type\":\"WebSite\",\"@id\":\"https:\\\/\\\/www.grupomedcof.com.br\\\/blog\\\/#website\",\"url\":\"https:\\\/\\\/www.grupomedcof.com.br\\\/blog\\\/\",\"name\":\"Blog de Medcof: conte\u00fados, editais, revalida e mais!\",\"description\":\"Acesso o blog de MedCof! Seu portal de conte\u00fados sobre resid\u00eancia m\u00e9dica, an\u00e1lise e editais e muito mais. Clique e confira!\",\"publisher\":{\"@id\":\"https:\\\/\\\/www.grupomedcof.com.br\\\/blog\\\/#organization\"},\"alternateName\":\"Blog de Medcof: conte\u00fados, editais, revalida e mais!\",\"potentialAction\":[{\"@type\":\"SearchAction\",\"target\":{\"@type\":\"EntryPoint\",\"urlTemplate\":\"https:\\\/\\\/www.grupomedcof.com.br\\\/blog\\\/?s={search_term_string}\"},\"query-input\":{\"@type\":\"PropertyValueSpecification\",\"valueRequired\":true,\"valueName\":\"search_term_string\"}}],\"inLanguage\":\"pt-BR\"},{\"@type\":\"Organization\",\"@id\":\"https:\\\/\\\/www.grupomedcof.com.br\\\/blog\\\/#organization\",\"name\":\"Grupo MedCof\",\"url\":\"https:\\\/\\\/www.grupomedcof.com.br\\\/blog\\\/\",\"logo\":{\"@type\":\"ImageObject\",\"inLanguage\":\"pt-BR\",\"@id\":\"https:\\\/\\\/www.grupomedcof.com.br\\\/blog\\\/#\\\/schema\\\/logo\\\/image\\\/\",\"url\":\"https:\\\/\\\/www.grupomedcof.com.br\\\/blog\\\/wp-content\\\/uploads\\\/2022\\\/01\\\/logo-medcof.png\",\"contentUrl\":\"https:\\\/\\\/www.grupomedcof.com.br\\\/blog\\\/wp-content\\\/uploads\\\/2022\\\/01\\\/logo-medcof.png\",\"width\":768,\"height\":269,\"caption\":\"Grupo MedCof\"},\"image\":{\"@id\":\"https:\\\/\\\/www.grupomedcof.com.br\\\/blog\\\/#\\\/schema\\\/logo\\\/image\\\/\"},\"sameAs\":[\"https:\\\/\\\/www.facebook.com\\\/MedCofQbank\\\/\",\"https:\\\/\\\/www.instagram.com\\\/grupomedcof\\\/\",\"https:\\\/\\\/br.linkedin.com\\\/company\\\/medcof\",\"https:\\\/\\\/www.youtube.com\\\/channel\\\/UCdHMuOHKICxcHwecxN8P-AA\"]},{\"@type\":\"Person\",\"@id\":\"https:\\\/\\\/www.grupomedcof.com.br\\\/blog\\\/#\\\/schema\\\/person\\\/d755ffce500bd0766bbf0e4e6572518f\",\"name\":\"Lu\u00edsa Porto\",\"image\":{\"@type\":\"ImageObject\",\"inLanguage\":\"pt-BR\",\"@id\":\"https:\\\/\\\/www.grupomedcof.com.br\\\/blog\\\/wp-content\\\/uploads\\\/2025\\\/05\\\/cropped-WhatsApp-Image-2025-05-05-at-19.22.15-96x96.jpegd989589e3fd3e4fb9efe9268a95bbcc4\",\"url\":\"https:\\\/\\\/www.grupomedcof.com.br\\\/blog\\\/wp-content\\\/uploads\\\/2025\\\/05\\\/cropped-WhatsApp-Image-2025-05-05-at-19.22.15-96x96.jpeg\",\"contentUrl\":\"https:\\\/\\\/www.grupomedcof.com.br\\\/blog\\\/wp-content\\\/uploads\\\/2025\\\/05\\\/cropped-WhatsApp-Image-2025-05-05-at-19.22.15-96x96.jpeg\",\"caption\":\"Lu\u00edsa Porto\"},\"description\":\"Estudante de Jornalismo do 6\u00ba semestre, encantada pela \u00e1rea da comunica\u00e7\u00e3o e f\u00e3 de automobilismo\",\"url\":\"https:\\\/\\\/www.grupomedcof.com.br\\\/blog\\\/author\\\/porto\\\/\"}]}<\/script>\n<!-- \/ Yoast SEO Premium plugin. -->","yoast_head_json":{"title":"CFM prop\u00f5e restringir tratamentos hormonais a jovens trans | MedCof","description":"Nova proposta do CFM quer limitar bloqueadores hormonais e terapias cruzadas para jovens trans. Comunidade m\u00e9dica e jur\u00eddica reage com cr\u00edticas.","robots":{"index":"index","follow":"follow","max-snippet":"max-snippet:-1","max-image-preview":"max-image-preview:large","max-video-preview":"max-video-preview:-1"},"canonical":"https:\/\/www.grupomedcof.com.br\/blog\/cfm-restringe-tratamentos-hormonais-jovens-trans\/","og_locale":"pt_BR","og_type":"article","og_title":"Nova proposta do CFM pode restringir bloqueadores hormonais para adolescentes trans","og_description":"Nova proposta do CFM quer limitar bloqueadores hormonais e terapias cruzadas para jovens trans. Comunidade m\u00e9dica e jur\u00eddica reage com cr\u00edticas.","og_url":"https:\/\/www.grupomedcof.com.br\/blog\/cfm-restringe-tratamentos-hormonais-jovens-trans\/","og_site_name":"Blog de Medcof: conte\u00fados, editais, revalida e mais!","article_publisher":"https:\/\/www.facebook.com\/MedCofQbank\/","article_published_time":"2025-04-14T16:54:41+00:00","article_modified_time":"2025-04-14T16:54:43+00:00","og_image":[{"width":1920,"height":1080,"url":"https:\/\/www.grupomedcof.com.br\/blog\/wp-content\/uploads\/2025\/04\/Modelo-instituicoes-1.jpg","type":"image\/jpeg"}],"author":"Lu\u00edsa Porto","twitter_card":"summary_large_image","twitter_misc":{"Escrito por":"Lu\u00edsa Porto","Est. tempo de leitura":"4 minutos"},"schema":{"@context":"https:\/\/schema.org","@graph":[{"@type":"Article","@id":"https:\/\/www.grupomedcof.com.br\/blog\/cfm-restringe-tratamentos-hormonais-jovens-trans\/#article","isPartOf":{"@id":"https:\/\/www.grupomedcof.com.br\/blog\/cfm-restringe-tratamentos-hormonais-jovens-trans\/"},"author":{"name":"Lu\u00edsa Porto","@id":"https:\/\/www.grupomedcof.com.br\/blog\/#\/schema\/person\/d755ffce500bd0766bbf0e4e6572518f"},"headline":"Nova proposta do CFM pode restringir bloqueadores hormonais para adolescentes trans","datePublished":"2025-04-14T16:54:41+00:00","dateModified":"2025-04-14T16:54:43+00:00","mainEntityOfPage":{"@id":"https:\/\/www.grupomedcof.com.br\/blog\/cfm-restringe-tratamentos-hormonais-jovens-trans\/"},"wordCount":626,"publisher":{"@id":"https:\/\/www.grupomedcof.com.br\/blog\/#organization"},"image":{"@id":"https:\/\/www.grupomedcof.com.br\/blog\/cfm-restringe-tratamentos-hormonais-jovens-trans\/#primaryimage"},"thumbnailUrl":"https:\/\/www.grupomedcof.com.br\/blog\/wp-content\/uploads\/2025\/04\/Modelo-instituicoes-1.jpg","keywords":["CFM","not\u00edcias"],"articleSection":["CFM","Not\u00edcias","Novidades"],"inLanguage":"pt-BR"},{"@type":"WebPage","@id":"https:\/\/www.grupomedcof.com.br\/blog\/cfm-restringe-tratamentos-hormonais-jovens-trans\/","url":"https:\/\/www.grupomedcof.com.br\/blog\/cfm-restringe-tratamentos-hormonais-jovens-trans\/","name":"CFM prop\u00f5e restringir tratamentos hormonais a jovens trans | MedCof","isPartOf":{"@id":"https:\/\/www.grupomedcof.com.br\/blog\/#website"},"primaryImageOfPage":{"@id":"https:\/\/www.grupomedcof.com.br\/blog\/cfm-restringe-tratamentos-hormonais-jovens-trans\/#primaryimage"},"image":{"@id":"https:\/\/www.grupomedcof.com.br\/blog\/cfm-restringe-tratamentos-hormonais-jovens-trans\/#primaryimage"},"thumbnailUrl":"https:\/\/www.grupomedcof.com.br\/blog\/wp-content\/uploads\/2025\/04\/Modelo-instituicoes-1.jpg","datePublished":"2025-04-14T16:54:41+00:00","dateModified":"2025-04-14T16:54:43+00:00","description":"Nova proposta do CFM quer limitar bloqueadores hormonais e terapias cruzadas para jovens trans. Comunidade m\u00e9dica e jur\u00eddica reage com cr\u00edticas.","breadcrumb":{"@id":"https:\/\/www.grupomedcof.com.br\/blog\/cfm-restringe-tratamentos-hormonais-jovens-trans\/#breadcrumb"},"inLanguage":"pt-BR","potentialAction":[{"@type":"ReadAction","target":["https:\/\/www.grupomedcof.com.br\/blog\/cfm-restringe-tratamentos-hormonais-jovens-trans\/"]}]},{"@type":"ImageObject","inLanguage":"pt-BR","@id":"https:\/\/www.grupomedcof.com.br\/blog\/cfm-restringe-tratamentos-hormonais-jovens-trans\/#primaryimage","url":"https:\/\/www.grupomedcof.com.br\/blog\/wp-content\/uploads\/2025\/04\/Modelo-instituicoes-1.jpg","contentUrl":"https:\/\/www.grupomedcof.com.br\/blog\/wp-content\/uploads\/2025\/04\/Modelo-instituicoes-1.jpg","width":1920,"height":1080,"caption":"Logotipo do CFM e Grupo MedCof com destaque para o tema: \"Bloqueadores hormonais em crian\u00e7as e adolescentes\"."},{"@type":"BreadcrumbList","@id":"https:\/\/www.grupomedcof.com.br\/blog\/cfm-restringe-tratamentos-hormonais-jovens-trans\/#breadcrumb","itemListElement":[{"@type":"ListItem","position":1,"name":"In\u00edcio","item":"https:\/\/www.grupomedcof.com.br\/blog\/"},{"@type":"ListItem","position":2,"name":"Nova proposta do CFM pode restringir bloqueadores hormonais para adolescentes trans"}]},{"@type":"WebSite","@id":"https:\/\/www.grupomedcof.com.br\/blog\/#website","url":"https:\/\/www.grupomedcof.com.br\/blog\/","name":"Blog de Medcof: conte\u00fados, editais, revalida e mais!","description":"Acesso o blog de MedCof! Seu portal de conte\u00fados sobre resid\u00eancia m\u00e9dica, an\u00e1lise e editais e muito mais. Clique e confira!","publisher":{"@id":"https:\/\/www.grupomedcof.com.br\/blog\/#organization"},"alternateName":"Blog de Medcof: conte\u00fados, editais, revalida e mais!","potentialAction":[{"@type":"SearchAction","target":{"@type":"EntryPoint","urlTemplate":"https:\/\/www.grupomedcof.com.br\/blog\/?s={search_term_string}"},"query-input":{"@type":"PropertyValueSpecification","valueRequired":true,"valueName":"search_term_string"}}],"inLanguage":"pt-BR"},{"@type":"Organization","@id":"https:\/\/www.grupomedcof.com.br\/blog\/#organization","name":"Grupo MedCof","url":"https:\/\/www.grupomedcof.com.br\/blog\/","logo":{"@type":"ImageObject","inLanguage":"pt-BR","@id":"https:\/\/www.grupomedcof.com.br\/blog\/#\/schema\/logo\/image\/","url":"https:\/\/www.grupomedcof.com.br\/blog\/wp-content\/uploads\/2022\/01\/logo-medcof.png","contentUrl":"https:\/\/www.grupomedcof.com.br\/blog\/wp-content\/uploads\/2022\/01\/logo-medcof.png","width":768,"height":269,"caption":"Grupo MedCof"},"image":{"@id":"https:\/\/www.grupomedcof.com.br\/blog\/#\/schema\/logo\/image\/"},"sameAs":["https:\/\/www.facebook.com\/MedCofQbank\/","https:\/\/www.instagram.com\/grupomedcof\/","https:\/\/br.linkedin.com\/company\/medcof","https:\/\/www.youtube.com\/channel\/UCdHMuOHKICxcHwecxN8P-AA"]},{"@type":"Person","@id":"https:\/\/www.grupomedcof.com.br\/blog\/#\/schema\/person\/d755ffce500bd0766bbf0e4e6572518f","name":"Lu\u00edsa Porto","image":{"@type":"ImageObject","inLanguage":"pt-BR","@id":"https:\/\/www.grupomedcof.com.br\/blog\/wp-content\/uploads\/2025\/05\/cropped-WhatsApp-Image-2025-05-05-at-19.22.15-96x96.jpegd989589e3fd3e4fb9efe9268a95bbcc4","url":"https:\/\/www.grupomedcof.com.br\/blog\/wp-content\/uploads\/2025\/05\/cropped-WhatsApp-Image-2025-05-05-at-19.22.15-96x96.jpeg","contentUrl":"https:\/\/www.grupomedcof.com.br\/blog\/wp-content\/uploads\/2025\/05\/cropped-WhatsApp-Image-2025-05-05-at-19.22.15-96x96.jpeg","caption":"Lu\u00edsa Porto"},"description":"Estudante de Jornalismo do 6\u00ba semestre, encantada pela \u00e1rea da comunica\u00e7\u00e3o e f\u00e3 de automobilismo","url":"https:\/\/www.grupomedcof.com.br\/blog\/author\/porto\/"}]}},"authors":[{"term_id":3618,"user_id":23,"is_guest":0,"slug":"porto","display_name":"Lu\u00edsa Porto","avatar_url":"https:\/\/www.grupomedcof.com.br\/blog\/wp-content\/uploads\/2025\/05\/cropped-WhatsApp-Image-2025-05-05-at-19.22.15-96x96.jpeg","0":null,"1":"","2":"","3":"","4":"","5":"","6":"","7":"","8":""}],"_links":{"self":[{"href":"https:\/\/www.grupomedcof.com.br\/blog\/wp-json\/wp\/v2\/posts\/35121","targetHints":{"allow":["GET"]}}],"collection":[{"href":"https:\/\/www.grupomedcof.com.br\/blog\/wp-json\/wp\/v2\/posts"}],"about":[{"href":"https:\/\/www.grupomedcof.com.br\/blog\/wp-json\/wp\/v2\/types\/post"}],"author":[{"embeddable":true,"href":"https:\/\/www.grupomedcof.com.br\/blog\/wp-json\/wp\/v2\/users\/23"}],"replies":[{"embeddable":true,"href":"https:\/\/www.grupomedcof.com.br\/blog\/wp-json\/wp\/v2\/comments?post=35121"}],"version-history":[{"count":0,"href":"https:\/\/www.grupomedcof.com.br\/blog\/wp-json\/wp\/v2\/posts\/35121\/revisions"}],"wp:featuredmedia":[{"embeddable":true,"href":"https:\/\/www.grupomedcof.com.br\/blog\/wp-json\/wp\/v2\/media\/35125"}],"wp:attachment":[{"href":"https:\/\/www.grupomedcof.com.br\/blog\/wp-json\/wp\/v2\/media?parent=35121"}],"wp:term":[{"taxonomy":"category","embeddable":true,"href":"https:\/\/www.grupomedcof.com.br\/blog\/wp-json\/wp\/v2\/categories?post=35121"},{"taxonomy":"post_tag","embeddable":true,"href":"https:\/\/www.grupomedcof.com.br\/blog\/wp-json\/wp\/v2\/tags?post=35121"},{"taxonomy":"author","embeddable":true,"href":"https:\/\/www.grupomedcof.com.br\/blog\/wp-json\/wp\/v2\/ppma_author?post=35121"}],"curies":[{"name":"wp","href":"https:\/\/api.w.org\/{rel}","templated":true}]}}