{"id":35140,"date":"2025-04-15T10:01:31","date_gmt":"2025-04-15T13:01:31","guid":{"rendered":"https:\/\/www.grupomedcof.com.br\/blog\/?p=35140"},"modified":"2026-04-22T15:00:41","modified_gmt":"2026-04-22T18:00:41","slug":"primeira-vacina-contra-chikungunya-e-aprovada-e-ms-solicitara-incorporacao-no-sus","status":"publish","type":"post","link":"https:\/\/www.grupomedcof.com.br\/blog\/primeira-vacina-contra-chikungunya-e-aprovada-e-ms-solicitara-incorporacao-no-sus\/","title":{"rendered":"Vacina contra Chikungunya \u00e9 aprovada e MS pedir\u00e1 incorpora\u00e7\u00e3o ao SUS"},"content":{"rendered":"<div id=\"ez-toc-container\" class=\"ez-toc-v2_0_74 counter-hierarchy ez-toc-counter ez-toc-transparent ez-toc-container-direction\">\n<div class=\"ez-toc-title-container\">\n<p class=\"ez-toc-title\" style=\"cursor:inherit\">Sum\u00e1rio<\/p>\n<span class=\"ez-toc-title-toggle\"><a href=\"#\" class=\"ez-toc-pull-right ez-toc-btn ez-toc-btn-xs ez-toc-btn-default ez-toc-toggle\" aria-label=\"Alternar tabela de conte\u00fado\"><span class=\"ez-toc-js-icon-con\"><span class=\"\"><span class=\"eztoc-hide\" style=\"display:none;\">Toggle<\/span><span class=\"ez-toc-icon-toggle-span\"><svg style=\"fill: #999;color:#999\" xmlns=\"http:\/\/www.w3.org\/2000\/svg\" class=\"list-377408\" width=\"20px\" height=\"20px\" viewBox=\"0 0 24 24\" fill=\"none\"><path d=\"M6 6H4v2h2V6zm14 0H8v2h12V6zM4 11h2v2H4v-2zm16 0H8v2h12v-2zM4 16h2v2H4v-2zm16 0H8v2h12v-2z\" fill=\"currentColor\"><\/path><\/svg><svg style=\"fill: #999;color:#999\" class=\"arrow-unsorted-368013\" xmlns=\"http:\/\/www.w3.org\/2000\/svg\" width=\"10px\" height=\"10px\" viewBox=\"0 0 24 24\" version=\"1.2\" baseProfile=\"tiny\"><path d=\"M18.2 9.3l-6.2-6.3-6.2 6.3c-.2.2-.3.4-.3.7s.1.5.3.7c.2.2.4.3.7.3h11c.3 0 .5-.1.7-.3.2-.2.3-.5.3-.7s-.1-.5-.3-.7zM5.8 14.7l6.2 6.3 6.2-6.3c.2-.2.3-.5.3-.7s-.1-.5-.3-.7c-.2-.2-.4-.3-.7-.3h-11c-.3 0-.5.1-.7.3-.2.2-.3.5-.3.7s.1.5.3.7z\"\/><\/svg><\/span><\/span><\/span><\/a><\/span><\/div>\n<nav><ul class='ez-toc-list ez-toc-list-level-1 ' ><li class='ez-toc-page-1 ez-toc-heading-level-2'><a class=\"ez-toc-link ez-toc-heading-1\" href=\"https:\/\/www.grupomedcof.com.br\/blog\/primeira-vacina-contra-chikungunya-e-aprovada-e-ms-solicitara-incorporacao-no-sus\/#Registro_da_vacina\" >Registro da vacina<\/a><\/li><li class='ez-toc-page-1 ez-toc-heading-level-2'><a class=\"ez-toc-link ez-toc-heading-2\" href=\"https:\/\/www.grupomedcof.com.br\/blog\/primeira-vacina-contra-chikungunya-e-aprovada-e-ms-solicitara-incorporacao-no-sus\/#Incorporacao_da_vacina_no_SUS\" >Incorpora\u00e7\u00e3o da vacina no SUS<\/a><\/li><li class='ez-toc-page-1 ez-toc-heading-level-2'><a class=\"ez-toc-link ez-toc-heading-3\" href=\"https:\/\/www.grupomedcof.com.br\/blog\/primeira-vacina-contra-chikungunya-e-aprovada-e-ms-solicitara-incorporacao-no-sus\/#Como_funciona_a_vacina\" >Como funciona a vacina<\/a><\/li><li class='ez-toc-page-1 ez-toc-heading-level-2'><a class=\"ez-toc-link ez-toc-heading-4\" href=\"https:\/\/www.grupomedcof.com.br\/blog\/primeira-vacina-contra-chikungunya-e-aprovada-e-ms-solicitara-incorporacao-no-sus\/#Contexto_da_Chikungunya\" >Contexto da Chikungunya<\/a><\/li><li class='ez-toc-page-1 ez-toc-heading-level-2'><a class=\"ez-toc-link ez-toc-heading-5\" href=\"https:\/\/www.grupomedcof.com.br\/blog\/primeira-vacina-contra-chikungunya-e-aprovada-e-ms-solicitara-incorporacao-no-sus\/#Seja_um_MedCofer\" >Seja um MedCofer!<\/a><\/li><\/ul><\/nav><\/div>\n\n<p>A Anvisa solicitar\u00e1 o registro da vacina que ser\u00e1 analisado pela Conitec<\/p>\n\n\n\n<figure class=\"wp-block-image size-large\"><img loading=\"lazy\" decoding=\"async\" width=\"1024\" height=\"576\" src=\"https:\/\/www.grupomedcof.com.br\/blog\/wp-content\/uploads\/2025\/04\/Blog-MedCof-2025-04-15T095901.342-1024x576.jpg\" alt=\"\" class=\"wp-image-35143\" srcset=\"https:\/\/www.grupomedcof.com.br\/blog\/wp-content\/uploads\/2025\/04\/Blog-MedCof-2025-04-15T095901.342-1024x576.jpg 1024w, https:\/\/www.grupomedcof.com.br\/blog\/wp-content\/uploads\/2025\/04\/Blog-MedCof-2025-04-15T095901.342-300x169.jpg 300w, https:\/\/www.grupomedcof.com.br\/blog\/wp-content\/uploads\/2025\/04\/Blog-MedCof-2025-04-15T095901.342-768x432.jpg 768w, https:\/\/www.grupomedcof.com.br\/blog\/wp-content\/uploads\/2025\/04\/Blog-MedCof-2025-04-15T095901.342-1536x864.jpg 1536w, https:\/\/www.grupomedcof.com.br\/blog\/wp-content\/uploads\/2025\/04\/Blog-MedCof-2025-04-15T095901.342-747x420.jpg 747w, https:\/\/www.grupomedcof.com.br\/blog\/wp-content\/uploads\/2025\/04\/Blog-MedCof-2025-04-15T095901.342-150x84.jpg 150w, https:\/\/www.grupomedcof.com.br\/blog\/wp-content\/uploads\/2025\/04\/Blog-MedCof-2025-04-15T095901.342-696x392.jpg 696w, https:\/\/www.grupomedcof.com.br\/blog\/wp-content\/uploads\/2025\/04\/Blog-MedCof-2025-04-15T095901.342-1068x601.jpg 1068w, https:\/\/www.grupomedcof.com.br\/blog\/wp-content\/uploads\/2025\/04\/Blog-MedCof-2025-04-15T095901.342.jpg 1920w\" sizes=\"auto, (max-width: 1024px) 100vw, 1024px\" \/><figcaption class=\"wp-element-caption\">Reprodu\u00e7\u00e3o: Canva.<\/figcaption><\/figure>\n\n\n\n<p>De acordo com uma publica\u00e7\u00e3o do Minist\u00e9rio da Sa\u00fade, a Anvisa aprovou o&nbsp;registro&nbsp;da <strong>vacina IXCHIQ&nbsp;<\/strong>(<strong>vacina&nbsp;Chikungunya&nbsp;recombinante atenuada<\/strong>), do Instituto&nbsp;Butantan. O imunizante ser\u00e1 indicado para maiores de 18 anos e ter\u00e1 dose \u00fanica. <\/p>\n\n\n\n<h2 class=\"wp-block-heading\" id=\"h-registro-da-vacina\"><span class=\"ez-toc-section\" id=\"Registro_da_vacina\"><\/span><strong>Registro da vacina<\/strong><span class=\"ez-toc-section-end\"><\/span><\/h2>\n\n\n\n<p>A Anvisa, em conjunto com o Instituto Butantan, definiu um Termo de Compromisso que prev\u00ea&nbsp;a&nbsp;realiza\u00e7\u00e3o&nbsp;de&nbsp;estudos&nbsp;de efetividade e seguran\u00e7a&nbsp;da&nbsp;vacina, para a publica\u00e7\u00e3o do registro. Anteriormente, o imunizante j\u00e1 havia sido aprovado por outras autoridades, como a Food and Drug Administration (FDA) dos Estados Unidos, e a Ag\u00eancia Europeia de Medicamentos (European Medicines Agency &#8211; EMA), para a&nbsp;preven\u00e7\u00e3o da&nbsp;Chikungunya.&nbsp;<\/p>\n\n\n\n<div class=\"wp-block-group\"><div class=\"wp-block-group__inner-container is-layout-constrained wp-block-group-is-layout-constrained\">\n<h2 class=\"wp-block-heading\" id=\"h-incorporacao-da-vacina-no-sus\"><span class=\"ez-toc-section\" id=\"Incorporacao_da_vacina_no_SUS\"><\/span><strong>Incorpora\u00e7\u00e3o da vacina no SUS<\/strong><span class=\"ez-toc-section-end\"><\/span><\/h2>\n\n\n\n<p>O <strong>Minist\u00e9rio da Sa\u00fade solicitar\u00e1 a incorpora\u00e7\u00e3o da vacina contra o v\u00edrus do Chikungunya no Sistema \u00danico de Sa\u00fade (SUS)<\/strong>, assim que aprovado o registro da vacina pela Anvisa. O pedido ser\u00e1 enviado \u00e0 Comiss\u00e3o T\u00e9cnica de Incorpora\u00e7\u00e3o de Tecnologias no SUS (CONITEC) para ado\u00e7\u00e3o das medidas necess\u00e1rias para seguir a avalia\u00e7\u00e3o da oferta do novo imunizante na rede p\u00fablica de sa\u00fade.&nbsp;<\/p>\n\n\n\n<p>A expectativa \u00e9 que, assim que aprovada, a vacina seja inclusa ao Programa Nacional de Imuniza\u00e7\u00f5es fortalecendo o combate \u00e0 doen\u00e7a no Brasil. <\/p>\n<\/div><\/div>\n\n\n\n<h2 class=\"wp-block-heading\" id=\"h-como-funciona-a-vacina\"><span class=\"ez-toc-section\" id=\"Como_funciona_a_vacina\"><\/span><strong>Como funciona a vacina<\/strong><span class=\"ez-toc-section-end\"><\/span><\/h2>\n\n\n\n<p>Conforme mencionado, a vacina \u00e9 um recombinante atenuada desenvolvida pela farmac\u00eautica austr\u00edaca <strong>Valneva<\/strong>, que ser\u00e1 produzida na Alemanha. Segundo o Instituto Butantan, futuramente haver\u00e1 a fabrica\u00e7\u00e3o no Brasil.<\/p>\n\n\n\n<p>Dessa forma, assim que o registro for aprovado, o imunizante ser\u00e1 aplicado no pa\u00eds para a popula\u00e7\u00e3o acima de 18 anos que estejam em risco aumentado de exposi\u00e7\u00e3o ao v\u00edrus. Vale ressaltar que n\u00e3o ser\u00e1 indicado para mulheres gr\u00e1vidas, pessoas&nbsp;imunodeficientes ou&nbsp;imunossuprimidas.&nbsp;&nbsp;<\/p>\n\n\n\n<figure class=\"wp-block-image size-large\"><a href=\"https:\/\/www.grupomedcof.com.br\/cofletters\/\" target=\"_blank\" rel=\" noreferrer noopener\"><img loading=\"lazy\" decoding=\"async\" width=\"1024\" height=\"320\" src=\"https:\/\/www.grupomedcof.com.br\/blog\/wp-content\/uploads\/2025\/02\/Banner-MedCof-Plus-2200x460-11-1024x320.png\" alt=\"\" class=\"wp-image-33723\" srcset=\"https:\/\/www.grupomedcof.com.br\/blog\/wp-content\/uploads\/2025\/02\/Banner-MedCof-Plus-2200x460-11-1024x320.png 1024w, https:\/\/www.grupomedcof.com.br\/blog\/wp-content\/uploads\/2025\/02\/Banner-MedCof-Plus-2200x460-11-300x94.png 300w, https:\/\/www.grupomedcof.com.br\/blog\/wp-content\/uploads\/2025\/02\/Banner-MedCof-Plus-2200x460-11-768x240.png 768w, https:\/\/www.grupomedcof.com.br\/blog\/wp-content\/uploads\/2025\/02\/Banner-MedCof-Plus-2200x460-11-1536x480.png 1536w, https:\/\/www.grupomedcof.com.br\/blog\/wp-content\/uploads\/2025\/02\/Banner-MedCof-Plus-2200x460-11-2048x640.png 2048w, https:\/\/www.grupomedcof.com.br\/blog\/wp-content\/uploads\/2025\/02\/Banner-MedCof-Plus-2200x460-11-1343x420.png 1343w, https:\/\/www.grupomedcof.com.br\/blog\/wp-content\/uploads\/2025\/02\/Banner-MedCof-Plus-2200x460-11-150x47.png 150w, https:\/\/www.grupomedcof.com.br\/blog\/wp-content\/uploads\/2025\/02\/Banner-MedCof-Plus-2200x460-11-696x218.png 696w, https:\/\/www.grupomedcof.com.br\/blog\/wp-content\/uploads\/2025\/02\/Banner-MedCof-Plus-2200x460-11-1068x334.png 1068w, https:\/\/www.grupomedcof.com.br\/blog\/wp-content\/uploads\/2025\/02\/Banner-MedCof-Plus-2200x460-11-1920x600.png 1920w\" sizes=\"auto, (max-width: 1024px) 100vw, 1024px\" \/><\/a><\/figure>\n\n\n\n<h2 class=\"wp-block-heading\" id=\"h-contexto-da-chikungunya\"><span class=\"ez-toc-section\" id=\"Contexto_da_Chikungunya\"><\/span><strong>Contexto da Chikungunya<\/strong><span class=\"ez-toc-section-end\"><\/span><\/h2>\n\n\n\n<p>A Chikungunya faz parte do grupo de <strong>Arboviroses<\/strong>, sendo transmitida pelo <em>Aedes aegypti, <\/em>tamb\u00e9m respons\u00e1vel pelo v\u00edrus da <a href=\"https:\/\/www.grupomedcof.com.br\/blog\/ministerio-da-saude-anuncia-vacina-100-nacional-contra-a-dengue\/\" target=\"_blank\" rel=\"noreferrer noopener\"><strong>dengue<\/strong><\/a> e da <strong>Zika<\/strong>. A doen\u00e7a causa febre alta e dores intensas nas articula\u00e7\u00f5es, podendo evoluir para dor cr\u00f4nica em alguns casos.<\/p>\n\n\n\n<p>O primeiro caso no pa\u00eds ocorreu em 2014 e, at\u00e9 14 de abril deste ano, o Brasil registrou <strong>68,1 mil casos da doen\u00e7a, <\/strong>com <strong>56 \u00f3bitos confirmados.\u00a0<\/strong>De acordo com a <strong>secret\u00e1ria de Vigil\u00e2ncia em Sa\u00fade e Ambiente do Minist\u00e9rio da Sa\u00fade<\/strong>, Mari\u00e2ngela Sim\u00e3o, a doen\u00e7a vem crescendo ainda mais no pa\u00eds, e o fato de se ter uma vacina que \u00e9 segura e eficaz, traz um al\u00edvio para a sociedade.<\/p>\n\n\n\n<h2 class=\"wp-block-heading\" id=\"h-seja-um-medcofer\"><span class=\"ez-toc-section\" id=\"Seja_um_MedCofer\"><\/span><strong>Seja um MedCofer!<\/strong><span class=\"ez-toc-section-end\"><\/span><\/h2>\n\n\n\n<p>Quer alcan\u00e7ar a aprova\u00e7\u00e3o nas provas de resid\u00eancia m\u00e9dica? Ent\u00e3o seja um&nbsp;<a href=\"https:\/\/www.grupomedcof.com.br\/home\/\" target=\"_blank\" rel=\"noreferrer noopener\">MedCofer<\/a>! Aqui te ajudaremos na busca da aprova\u00e7\u00e3o com conte\u00fados de qualidade e uma&nbsp;<a href=\"https:\/\/www.grupomedcof.com.br\/blog\/presenca-da-medcof-nas-aprovacoes-em-residencia-medica-no-brasil\/\" target=\"_blank\" rel=\"noreferrer noopener\">metodologia que j\u00e1 aprovou mais de 10 mil residentes no pa\u00eds!&nbsp;<\/a>Por fim, acesse o nosso<a href=\"https:\/\/www.youtube.com\/@GrupoMedcof\/featured\" target=\"_blank\" rel=\"noreferrer noopener\">&nbsp;<strong>canal do youtube&nbsp;<\/strong><\/a>para ver o nosso material.<\/p>\n\n\n\n<figure class=\"wp-block-embed is-type-video is-provider-youtube wp-block-embed-youtube wp-embed-aspect-16-9 wp-has-aspect-ratio\"><div class=\"wp-block-embed__wrapper\">\n<div class=\"youtube-embed\" data-video_id=\"vfuvv7-Qkvo\"><iframe loading=\"lazy\" title=\"SingularCast T2 Ep.25 - Dra. Amanda Ferrari aprovada em Dermatologia na SCM-SP.\" width=\"696\" height=\"392\" src=\"https:\/\/www.youtube.com\/embed\/vfuvv7-Qkvo?feature=oembed&#038;enablejsapi=1\" frameborder=\"0\" allow=\"accelerometer; autoplay; clipboard-write; encrypted-media; gyroscope; picture-in-picture; web-share\" referrerpolicy=\"strict-origin-when-cross-origin\" allowfullscreen><\/iframe><\/div>\n<\/div><\/figure>\n","protected":false},"excerpt":{"rendered":"<p>Entenda o processo de registro e solicita\u00e7\u00e3o de incorpora\u00e7\u00e3o da nova vacina contra a Chikungunya em nosso blog!<\/p>\n","protected":false},"author":20,"featured_media":35143,"comment_status":"closed","ping_status":"closed","sticky":false,"template":"","format":"standard","meta":{"footnotes":""},"categories":[240,173],"tags":[1685,2693,975],"ppma_author":[3616],"class_list":{"0":"post-35140","1":"post","2":"type-post","3":"status-publish","4":"format-standard","5":"has-post-thumbnail","7":"category-noticias","8":"category-novidades","9":"tag-anvisa","10":"tag-chikungunya","11":"tag-vacinacao"},"yoast_head":"<!-- This site is optimized with the Yoast SEO Premium plugin v24.3 (Yoast SEO v27.4) - https:\/\/yoast.com\/product\/yoast-seo-premium-wordpress\/ -->\n<title>Vacina contra Chikungunya \u00e9 aprovada e MS pedir\u00e1 incorpora\u00e7\u00e3o ao SUS - Blog de Medcof: conte\u00fados, editais, revalida e mais!<\/title>\n<meta name=\"description\" content=\"Entenda o processo de registro e solicita\u00e7\u00e3o de incorpora\u00e7\u00e3o da nova vacina contra a Chikungunya em nosso blog!\" \/>\n<meta name=\"robots\" content=\"index, follow, max-snippet:-1, max-image-preview:large, max-video-preview:-1\" \/>\n<link rel=\"canonical\" href=\"https:\/\/www.grupomedcof.com.br\/blog\/primeira-vacina-contra-chikungunya-e-aprovada-e-ms-solicitara-incorporacao-no-sus\/\" \/>\n<meta property=\"og:locale\" content=\"pt_BR\" \/>\n<meta property=\"og:type\" content=\"article\" \/>\n<meta property=\"og:title\" content=\"Vacina contra Chikungunya \u00e9 aprovada e MS pedir\u00e1 incorpora\u00e7\u00e3o ao SUS\" \/>\n<meta property=\"og:description\" content=\"Entenda o processo de registro e solicita\u00e7\u00e3o de incorpora\u00e7\u00e3o da nova vacina contra a Chikungunya em nosso blog!\" \/>\n<meta property=\"og:url\" content=\"https:\/\/www.grupomedcof.com.br\/blog\/primeira-vacina-contra-chikungunya-e-aprovada-e-ms-solicitara-incorporacao-no-sus\/\" \/>\n<meta property=\"og:site_name\" content=\"Blog de Medcof: conte\u00fados, editais, revalida e mais!\" \/>\n<meta property=\"article:publisher\" content=\"https:\/\/www.facebook.com\/MedCofQbank\/\" \/>\n<meta property=\"article:published_time\" content=\"2025-04-15T13:01:31+00:00\" \/>\n<meta property=\"article:modified_time\" content=\"2026-04-22T18:00:41+00:00\" \/>\n<meta property=\"og:image\" content=\"https:\/\/www.grupomedcof.com.br\/blog\/wp-content\/uploads\/2025\/04\/Blog-MedCof-2025-04-15T095901.342.jpg\" \/>\n\t<meta property=\"og:image:width\" content=\"1920\" \/>\n\t<meta property=\"og:image:height\" content=\"1080\" \/>\n\t<meta property=\"og:image:type\" content=\"image\/jpeg\" \/>\n<meta name=\"author\" content=\"Leila Menzel\" \/>\n<meta name=\"twitter:card\" content=\"summary_large_image\" \/>\n<meta name=\"twitter:label1\" content=\"Escrito por\" \/>\n\t<meta name=\"twitter:data1\" content=\"Leila Menzel\" \/>\n\t<meta name=\"twitter:label2\" content=\"Est. tempo de leitura\" \/>\n\t<meta name=\"twitter:data2\" content=\"4 minutos\" \/>\n<script type=\"application\/ld+json\" class=\"yoast-schema-graph\">{\"@context\":\"https:\\\/\\\/schema.org\",\"@graph\":[{\"@type\":\"Article\",\"@id\":\"https:\\\/\\\/www.grupomedcof.com.br\\\/blog\\\/primeira-vacina-contra-chikungunya-e-aprovada-e-ms-solicitara-incorporacao-no-sus\\\/#article\",\"isPartOf\":{\"@id\":\"https:\\\/\\\/www.grupomedcof.com.br\\\/blog\\\/primeira-vacina-contra-chikungunya-e-aprovada-e-ms-solicitara-incorporacao-no-sus\\\/\"},\"author\":{\"name\":\"Leila Menzel\",\"@id\":\"https:\\\/\\\/www.grupomedcof.com.br\\\/blog\\\/#\\\/schema\\\/person\\\/9a44c2184a836bf5ae6967fdb3a1451e\"},\"headline\":\"Vacina contra Chikungunya \u00e9 aprovada e MS pedir\u00e1 incorpora\u00e7\u00e3o ao SUS\",\"datePublished\":\"2025-04-15T13:01:31+00:00\",\"dateModified\":\"2026-04-22T18:00:41+00:00\",\"mainEntityOfPage\":{\"@id\":\"https:\\\/\\\/www.grupomedcof.com.br\\\/blog\\\/primeira-vacina-contra-chikungunya-e-aprovada-e-ms-solicitara-incorporacao-no-sus\\\/\"},\"wordCount\":545,\"publisher\":{\"@id\":\"https:\\\/\\\/www.grupomedcof.com.br\\\/blog\\\/#organization\"},\"image\":{\"@id\":\"https:\\\/\\\/www.grupomedcof.com.br\\\/blog\\\/primeira-vacina-contra-chikungunya-e-aprovada-e-ms-solicitara-incorporacao-no-sus\\\/#primaryimage\"},\"thumbnailUrl\":\"https:\\\/\\\/www.grupomedcof.com.br\\\/blog\\\/wp-content\\\/uploads\\\/2025\\\/04\\\/Blog-MedCof-2025-04-15T095901.342.jpg\",\"keywords\":[\"Anvisa\",\"Chikungunya\",\"vacina\u00e7\u00e3o\"],\"articleSection\":[\"Not\u00edcias\",\"Novidades\"],\"inLanguage\":\"pt-BR\"},{\"@type\":\"WebPage\",\"@id\":\"https:\\\/\\\/www.grupomedcof.com.br\\\/blog\\\/primeira-vacina-contra-chikungunya-e-aprovada-e-ms-solicitara-incorporacao-no-sus\\\/\",\"url\":\"https:\\\/\\\/www.grupomedcof.com.br\\\/blog\\\/primeira-vacina-contra-chikungunya-e-aprovada-e-ms-solicitara-incorporacao-no-sus\\\/\",\"name\":\"Vacina contra Chikungunya \u00e9 aprovada e MS pedir\u00e1 incorpora\u00e7\u00e3o ao SUS - Blog de Medcof: conte\u00fados, editais, revalida e mais!\",\"isPartOf\":{\"@id\":\"https:\\\/\\\/www.grupomedcof.com.br\\\/blog\\\/#website\"},\"primaryImageOfPage\":{\"@id\":\"https:\\\/\\\/www.grupomedcof.com.br\\\/blog\\\/primeira-vacina-contra-chikungunya-e-aprovada-e-ms-solicitara-incorporacao-no-sus\\\/#primaryimage\"},\"image\":{\"@id\":\"https:\\\/\\\/www.grupomedcof.com.br\\\/blog\\\/primeira-vacina-contra-chikungunya-e-aprovada-e-ms-solicitara-incorporacao-no-sus\\\/#primaryimage\"},\"thumbnailUrl\":\"https:\\\/\\\/www.grupomedcof.com.br\\\/blog\\\/wp-content\\\/uploads\\\/2025\\\/04\\\/Blog-MedCof-2025-04-15T095901.342.jpg\",\"datePublished\":\"2025-04-15T13:01:31+00:00\",\"dateModified\":\"2026-04-22T18:00:41+00:00\",\"description\":\"Entenda o processo de registro e solicita\u00e7\u00e3o de incorpora\u00e7\u00e3o da nova vacina contra a Chikungunya em nosso blog!\",\"breadcrumb\":{\"@id\":\"https:\\\/\\\/www.grupomedcof.com.br\\\/blog\\\/primeira-vacina-contra-chikungunya-e-aprovada-e-ms-solicitara-incorporacao-no-sus\\\/#breadcrumb\"},\"inLanguage\":\"pt-BR\",\"potentialAction\":[{\"@type\":\"ReadAction\",\"target\":[\"https:\\\/\\\/www.grupomedcof.com.br\\\/blog\\\/primeira-vacina-contra-chikungunya-e-aprovada-e-ms-solicitara-incorporacao-no-sus\\\/\"]}]},{\"@type\":\"ImageObject\",\"inLanguage\":\"pt-BR\",\"@id\":\"https:\\\/\\\/www.grupomedcof.com.br\\\/blog\\\/primeira-vacina-contra-chikungunya-e-aprovada-e-ms-solicitara-incorporacao-no-sus\\\/#primaryimage\",\"url\":\"https:\\\/\\\/www.grupomedcof.com.br\\\/blog\\\/wp-content\\\/uploads\\\/2025\\\/04\\\/Blog-MedCof-2025-04-15T095901.342.jpg\",\"contentUrl\":\"https:\\\/\\\/www.grupomedcof.com.br\\\/blog\\\/wp-content\\\/uploads\\\/2025\\\/04\\\/Blog-MedCof-2025-04-15T095901.342.jpg\",\"width\":1920,\"height\":1080,\"caption\":\"Reprodu\u00e7\u00e3o: Canva.\"},{\"@type\":\"BreadcrumbList\",\"@id\":\"https:\\\/\\\/www.grupomedcof.com.br\\\/blog\\\/primeira-vacina-contra-chikungunya-e-aprovada-e-ms-solicitara-incorporacao-no-sus\\\/#breadcrumb\",\"itemListElement\":[{\"@type\":\"ListItem\",\"position\":1,\"name\":\"In\u00edcio\",\"item\":\"https:\\\/\\\/www.grupomedcof.com.br\\\/blog\\\/\"},{\"@type\":\"ListItem\",\"position\":2,\"name\":\"Vacina contra Chikungunya \u00e9 aprovada e MS pedir\u00e1 incorpora\u00e7\u00e3o ao SUS\"}]},{\"@type\":\"WebSite\",\"@id\":\"https:\\\/\\\/www.grupomedcof.com.br\\\/blog\\\/#website\",\"url\":\"https:\\\/\\\/www.grupomedcof.com.br\\\/blog\\\/\",\"name\":\"Blog de Medcof: conte\u00fados, editais, revalida e mais!\",\"description\":\"Acesso o blog de MedCof! Seu portal de conte\u00fados sobre resid\u00eancia m\u00e9dica, an\u00e1lise e editais e muito mais. Clique e confira!\",\"publisher\":{\"@id\":\"https:\\\/\\\/www.grupomedcof.com.br\\\/blog\\\/#organization\"},\"alternateName\":\"Blog de Medcof: conte\u00fados, editais, revalida e mais!\",\"potentialAction\":[{\"@type\":\"SearchAction\",\"target\":{\"@type\":\"EntryPoint\",\"urlTemplate\":\"https:\\\/\\\/www.grupomedcof.com.br\\\/blog\\\/?s={search_term_string}\"},\"query-input\":{\"@type\":\"PropertyValueSpecification\",\"valueRequired\":true,\"valueName\":\"search_term_string\"}}],\"inLanguage\":\"pt-BR\"},{\"@type\":\"Organization\",\"@id\":\"https:\\\/\\\/www.grupomedcof.com.br\\\/blog\\\/#organization\",\"name\":\"Grupo MedCof\",\"url\":\"https:\\\/\\\/www.grupomedcof.com.br\\\/blog\\\/\",\"logo\":{\"@type\":\"ImageObject\",\"inLanguage\":\"pt-BR\",\"@id\":\"https:\\\/\\\/www.grupomedcof.com.br\\\/blog\\\/#\\\/schema\\\/logo\\\/image\\\/\",\"url\":\"https:\\\/\\\/www.grupomedcof.com.br\\\/blog\\\/wp-content\\\/uploads\\\/2022\\\/01\\\/logo-medcof.png\",\"contentUrl\":\"https:\\\/\\\/www.grupomedcof.com.br\\\/blog\\\/wp-content\\\/uploads\\\/2022\\\/01\\\/logo-medcof.png\",\"width\":768,\"height\":269,\"caption\":\"Grupo MedCof\"},\"image\":{\"@id\":\"https:\\\/\\\/www.grupomedcof.com.br\\\/blog\\\/#\\\/schema\\\/logo\\\/image\\\/\"},\"sameAs\":[\"https:\\\/\\\/www.facebook.com\\\/MedCofQbank\\\/\",\"https:\\\/\\\/www.instagram.com\\\/grupomedcof\\\/\",\"https:\\\/\\\/br.linkedin.com\\\/company\\\/medcof\",\"https:\\\/\\\/www.youtube.com\\\/channel\\\/UCdHMuOHKICxcHwecxN8P-AA\"]},{\"@type\":\"Person\",\"@id\":\"https:\\\/\\\/www.grupomedcof.com.br\\\/blog\\\/#\\\/schema\\\/person\\\/9a44c2184a836bf5ae6967fdb3a1451e\",\"name\":\"Leila Menzel\",\"image\":{\"@type\":\"ImageObject\",\"inLanguage\":\"pt-BR\",\"@id\":\"https:\\\/\\\/www.grupomedcof.com.br\\\/blog\\\/wp-content\\\/uploads\\\/2025\\\/09\\\/cropped-eu-96x96.jpeg19a74936d997c0a8b3031618467fa1d0\",\"url\":\"https:\\\/\\\/www.grupomedcof.com.br\\\/blog\\\/wp-content\\\/uploads\\\/2025\\\/09\\\/cropped-eu-96x96.jpeg\",\"contentUrl\":\"https:\\\/\\\/www.grupomedcof.com.br\\\/blog\\\/wp-content\\\/uploads\\\/2025\\\/09\\\/cropped-eu-96x96.jpeg\",\"caption\":\"Leila Menzel\"},\"description\":\"Estudante do 6\u00b0 semestre de jornalismo, amo e escrevo poesias e viajo em livros de romances clich\u00eas.\",\"url\":\"https:\\\/\\\/www.grupomedcof.com.br\\\/blog\\\/author\\\/leila-menzel\\\/\"}]}<\/script>\n<!-- \/ Yoast SEO Premium plugin. -->","yoast_head_json":{"title":"Vacina contra Chikungunya \u00e9 aprovada e MS pedir\u00e1 incorpora\u00e7\u00e3o ao SUS - Blog de Medcof: conte\u00fados, editais, revalida e mais!","description":"Entenda o processo de registro e solicita\u00e7\u00e3o de incorpora\u00e7\u00e3o da nova vacina contra a Chikungunya em nosso blog!","robots":{"index":"index","follow":"follow","max-snippet":"max-snippet:-1","max-image-preview":"max-image-preview:large","max-video-preview":"max-video-preview:-1"},"canonical":"https:\/\/www.grupomedcof.com.br\/blog\/primeira-vacina-contra-chikungunya-e-aprovada-e-ms-solicitara-incorporacao-no-sus\/","og_locale":"pt_BR","og_type":"article","og_title":"Vacina contra Chikungunya \u00e9 aprovada e MS pedir\u00e1 incorpora\u00e7\u00e3o ao SUS","og_description":"Entenda o processo de registro e solicita\u00e7\u00e3o de incorpora\u00e7\u00e3o da nova vacina contra a Chikungunya em nosso blog!","og_url":"https:\/\/www.grupomedcof.com.br\/blog\/primeira-vacina-contra-chikungunya-e-aprovada-e-ms-solicitara-incorporacao-no-sus\/","og_site_name":"Blog de Medcof: conte\u00fados, editais, revalida e mais!","article_publisher":"https:\/\/www.facebook.com\/MedCofQbank\/","article_published_time":"2025-04-15T13:01:31+00:00","article_modified_time":"2026-04-22T18:00:41+00:00","og_image":[{"width":1920,"height":1080,"url":"https:\/\/www.grupomedcof.com.br\/blog\/wp-content\/uploads\/2025\/04\/Blog-MedCof-2025-04-15T095901.342.jpg","type":"image\/jpeg"}],"author":"Leila Menzel","twitter_card":"summary_large_image","twitter_misc":{"Escrito por":"Leila Menzel","Est. tempo de leitura":"4 minutos"},"schema":{"@context":"https:\/\/schema.org","@graph":[{"@type":"Article","@id":"https:\/\/www.grupomedcof.com.br\/blog\/primeira-vacina-contra-chikungunya-e-aprovada-e-ms-solicitara-incorporacao-no-sus\/#article","isPartOf":{"@id":"https:\/\/www.grupomedcof.com.br\/blog\/primeira-vacina-contra-chikungunya-e-aprovada-e-ms-solicitara-incorporacao-no-sus\/"},"author":{"name":"Leila Menzel","@id":"https:\/\/www.grupomedcof.com.br\/blog\/#\/schema\/person\/9a44c2184a836bf5ae6967fdb3a1451e"},"headline":"Vacina contra Chikungunya \u00e9 aprovada e MS pedir\u00e1 incorpora\u00e7\u00e3o ao SUS","datePublished":"2025-04-15T13:01:31+00:00","dateModified":"2026-04-22T18:00:41+00:00","mainEntityOfPage":{"@id":"https:\/\/www.grupomedcof.com.br\/blog\/primeira-vacina-contra-chikungunya-e-aprovada-e-ms-solicitara-incorporacao-no-sus\/"},"wordCount":545,"publisher":{"@id":"https:\/\/www.grupomedcof.com.br\/blog\/#organization"},"image":{"@id":"https:\/\/www.grupomedcof.com.br\/blog\/primeira-vacina-contra-chikungunya-e-aprovada-e-ms-solicitara-incorporacao-no-sus\/#primaryimage"},"thumbnailUrl":"https:\/\/www.grupomedcof.com.br\/blog\/wp-content\/uploads\/2025\/04\/Blog-MedCof-2025-04-15T095901.342.jpg","keywords":["Anvisa","Chikungunya","vacina\u00e7\u00e3o"],"articleSection":["Not\u00edcias","Novidades"],"inLanguage":"pt-BR"},{"@type":"WebPage","@id":"https:\/\/www.grupomedcof.com.br\/blog\/primeira-vacina-contra-chikungunya-e-aprovada-e-ms-solicitara-incorporacao-no-sus\/","url":"https:\/\/www.grupomedcof.com.br\/blog\/primeira-vacina-contra-chikungunya-e-aprovada-e-ms-solicitara-incorporacao-no-sus\/","name":"Vacina contra Chikungunya \u00e9 aprovada e MS pedir\u00e1 incorpora\u00e7\u00e3o ao SUS - Blog de Medcof: conte\u00fados, editais, revalida e mais!","isPartOf":{"@id":"https:\/\/www.grupomedcof.com.br\/blog\/#website"},"primaryImageOfPage":{"@id":"https:\/\/www.grupomedcof.com.br\/blog\/primeira-vacina-contra-chikungunya-e-aprovada-e-ms-solicitara-incorporacao-no-sus\/#primaryimage"},"image":{"@id":"https:\/\/www.grupomedcof.com.br\/blog\/primeira-vacina-contra-chikungunya-e-aprovada-e-ms-solicitara-incorporacao-no-sus\/#primaryimage"},"thumbnailUrl":"https:\/\/www.grupomedcof.com.br\/blog\/wp-content\/uploads\/2025\/04\/Blog-MedCof-2025-04-15T095901.342.jpg","datePublished":"2025-04-15T13:01:31+00:00","dateModified":"2026-04-22T18:00:41+00:00","description":"Entenda o processo de registro e solicita\u00e7\u00e3o de incorpora\u00e7\u00e3o da nova vacina contra a Chikungunya em nosso blog!","breadcrumb":{"@id":"https:\/\/www.grupomedcof.com.br\/blog\/primeira-vacina-contra-chikungunya-e-aprovada-e-ms-solicitara-incorporacao-no-sus\/#breadcrumb"},"inLanguage":"pt-BR","potentialAction":[{"@type":"ReadAction","target":["https:\/\/www.grupomedcof.com.br\/blog\/primeira-vacina-contra-chikungunya-e-aprovada-e-ms-solicitara-incorporacao-no-sus\/"]}]},{"@type":"ImageObject","inLanguage":"pt-BR","@id":"https:\/\/www.grupomedcof.com.br\/blog\/primeira-vacina-contra-chikungunya-e-aprovada-e-ms-solicitara-incorporacao-no-sus\/#primaryimage","url":"https:\/\/www.grupomedcof.com.br\/blog\/wp-content\/uploads\/2025\/04\/Blog-MedCof-2025-04-15T095901.342.jpg","contentUrl":"https:\/\/www.grupomedcof.com.br\/blog\/wp-content\/uploads\/2025\/04\/Blog-MedCof-2025-04-15T095901.342.jpg","width":1920,"height":1080,"caption":"Reprodu\u00e7\u00e3o: Canva."},{"@type":"BreadcrumbList","@id":"https:\/\/www.grupomedcof.com.br\/blog\/primeira-vacina-contra-chikungunya-e-aprovada-e-ms-solicitara-incorporacao-no-sus\/#breadcrumb","itemListElement":[{"@type":"ListItem","position":1,"name":"In\u00edcio","item":"https:\/\/www.grupomedcof.com.br\/blog\/"},{"@type":"ListItem","position":2,"name":"Vacina contra Chikungunya \u00e9 aprovada e MS pedir\u00e1 incorpora\u00e7\u00e3o ao SUS"}]},{"@type":"WebSite","@id":"https:\/\/www.grupomedcof.com.br\/blog\/#website","url":"https:\/\/www.grupomedcof.com.br\/blog\/","name":"Blog de Medcof: conte\u00fados, editais, revalida e mais!","description":"Acesso o blog de MedCof! Seu portal de conte\u00fados sobre resid\u00eancia m\u00e9dica, an\u00e1lise e editais e muito mais. Clique e confira!","publisher":{"@id":"https:\/\/www.grupomedcof.com.br\/blog\/#organization"},"alternateName":"Blog de Medcof: conte\u00fados, editais, revalida e mais!","potentialAction":[{"@type":"SearchAction","target":{"@type":"EntryPoint","urlTemplate":"https:\/\/www.grupomedcof.com.br\/blog\/?s={search_term_string}"},"query-input":{"@type":"PropertyValueSpecification","valueRequired":true,"valueName":"search_term_string"}}],"inLanguage":"pt-BR"},{"@type":"Organization","@id":"https:\/\/www.grupomedcof.com.br\/blog\/#organization","name":"Grupo MedCof","url":"https:\/\/www.grupomedcof.com.br\/blog\/","logo":{"@type":"ImageObject","inLanguage":"pt-BR","@id":"https:\/\/www.grupomedcof.com.br\/blog\/#\/schema\/logo\/image\/","url":"https:\/\/www.grupomedcof.com.br\/blog\/wp-content\/uploads\/2022\/01\/logo-medcof.png","contentUrl":"https:\/\/www.grupomedcof.com.br\/blog\/wp-content\/uploads\/2022\/01\/logo-medcof.png","width":768,"height":269,"caption":"Grupo MedCof"},"image":{"@id":"https:\/\/www.grupomedcof.com.br\/blog\/#\/schema\/logo\/image\/"},"sameAs":["https:\/\/www.facebook.com\/MedCofQbank\/","https:\/\/www.instagram.com\/grupomedcof\/","https:\/\/br.linkedin.com\/company\/medcof","https:\/\/www.youtube.com\/channel\/UCdHMuOHKICxcHwecxN8P-AA"]},{"@type":"Person","@id":"https:\/\/www.grupomedcof.com.br\/blog\/#\/schema\/person\/9a44c2184a836bf5ae6967fdb3a1451e","name":"Leila Menzel","image":{"@type":"ImageObject","inLanguage":"pt-BR","@id":"https:\/\/www.grupomedcof.com.br\/blog\/wp-content\/uploads\/2025\/09\/cropped-eu-96x96.jpeg19a74936d997c0a8b3031618467fa1d0","url":"https:\/\/www.grupomedcof.com.br\/blog\/wp-content\/uploads\/2025\/09\/cropped-eu-96x96.jpeg","contentUrl":"https:\/\/www.grupomedcof.com.br\/blog\/wp-content\/uploads\/2025\/09\/cropped-eu-96x96.jpeg","caption":"Leila Menzel"},"description":"Estudante do 6\u00b0 semestre de jornalismo, amo e escrevo poesias e viajo em livros de romances clich\u00eas.","url":"https:\/\/www.grupomedcof.com.br\/blog\/author\/leila-menzel\/"}]}},"authors":[{"term_id":3616,"user_id":20,"is_guest":0,"slug":"leila-menzel","display_name":"Leila Menzel","avatar_url":"https:\/\/www.grupomedcof.com.br\/blog\/wp-content\/uploads\/2025\/09\/cropped-eu-96x96.jpeg","0":null,"1":"","2":"","3":"","4":"","5":"","6":"","7":"","8":""}],"_links":{"self":[{"href":"https:\/\/www.grupomedcof.com.br\/blog\/wp-json\/wp\/v2\/posts\/35140","targetHints":{"allow":["GET"]}}],"collection":[{"href":"https:\/\/www.grupomedcof.com.br\/blog\/wp-json\/wp\/v2\/posts"}],"about":[{"href":"https:\/\/www.grupomedcof.com.br\/blog\/wp-json\/wp\/v2\/types\/post"}],"author":[{"embeddable":true,"href":"https:\/\/www.grupomedcof.com.br\/blog\/wp-json\/wp\/v2\/users\/20"}],"replies":[{"embeddable":true,"href":"https:\/\/www.grupomedcof.com.br\/blog\/wp-json\/wp\/v2\/comments?post=35140"}],"version-history":[{"count":1,"href":"https:\/\/www.grupomedcof.com.br\/blog\/wp-json\/wp\/v2\/posts\/35140\/revisions"}],"predecessor-version":[{"id":43268,"href":"https:\/\/www.grupomedcof.com.br\/blog\/wp-json\/wp\/v2\/posts\/35140\/revisions\/43268"}],"wp:featuredmedia":[{"embeddable":true,"href":"https:\/\/www.grupomedcof.com.br\/blog\/wp-json\/wp\/v2\/media\/35143"}],"wp:attachment":[{"href":"https:\/\/www.grupomedcof.com.br\/blog\/wp-json\/wp\/v2\/media?parent=35140"}],"wp:term":[{"taxonomy":"category","embeddable":true,"href":"https:\/\/www.grupomedcof.com.br\/blog\/wp-json\/wp\/v2\/categories?post=35140"},{"taxonomy":"post_tag","embeddable":true,"href":"https:\/\/www.grupomedcof.com.br\/blog\/wp-json\/wp\/v2\/tags?post=35140"},{"taxonomy":"author","embeddable":true,"href":"https:\/\/www.grupomedcof.com.br\/blog\/wp-json\/wp\/v2\/ppma_author?post=35140"}],"curies":[{"name":"wp","href":"https:\/\/api.w.org\/{rel}","templated":true}]}}