{"id":35301,"date":"2025-04-24T11:51:58","date_gmt":"2025-04-24T14:51:58","guid":{"rendered":"https:\/\/www.grupomedcof.com.br\/blog\/?p=35301"},"modified":"2025-04-30T13:18:33","modified_gmt":"2025-04-30T16:18:33","slug":"dia-mundial-de-combate-a-meningite","status":"publish","type":"post","link":"https:\/\/www.grupomedcof.com.br\/blog\/dia-mundial-de-combate-a-meningite\/","title":{"rendered":"Dia Mundial de Combate \u00e0 Meningite\u00a0"},"content":{"rendered":"<div id=\"ez-toc-container\" class=\"ez-toc-v2_0_74 counter-hierarchy ez-toc-counter ez-toc-transparent ez-toc-container-direction\">\n<div class=\"ez-toc-title-container\">\n<p class=\"ez-toc-title\" style=\"cursor:inherit\">Sum\u00e1rio<\/p>\n<span class=\"ez-toc-title-toggle\"><a href=\"#\" class=\"ez-toc-pull-right ez-toc-btn ez-toc-btn-xs ez-toc-btn-default ez-toc-toggle\" aria-label=\"Alternar tabela de conte\u00fado\"><span class=\"ez-toc-js-icon-con\"><span class=\"\"><span class=\"eztoc-hide\" style=\"display:none;\">Toggle<\/span><span class=\"ez-toc-icon-toggle-span\"><svg style=\"fill: #999;color:#999\" xmlns=\"http:\/\/www.w3.org\/2000\/svg\" class=\"list-377408\" width=\"20px\" height=\"20px\" viewBox=\"0 0 24 24\" fill=\"none\"><path d=\"M6 6H4v2h2V6zm14 0H8v2h12V6zM4 11h2v2H4v-2zm16 0H8v2h12v-2zM4 16h2v2H4v-2zm16 0H8v2h12v-2z\" fill=\"currentColor\"><\/path><\/svg><svg style=\"fill: #999;color:#999\" class=\"arrow-unsorted-368013\" xmlns=\"http:\/\/www.w3.org\/2000\/svg\" width=\"10px\" height=\"10px\" viewBox=\"0 0 24 24\" version=\"1.2\" baseProfile=\"tiny\"><path d=\"M18.2 9.3l-6.2-6.3-6.2 6.3c-.2.2-.3.4-.3.7s.1.5.3.7c.2.2.4.3.7.3h11c.3 0 .5-.1.7-.3.2-.2.3-.5.3-.7s-.1-.5-.3-.7zM5.8 14.7l6.2 6.3 6.2-6.3c.2-.2.3-.5.3-.7s-.1-.5-.3-.7c-.2-.2-.4-.3-.7-.3h-11c-.3 0-.5.1-.7.3-.2.2-.3.5-.3.7s.1.5.3.7z\"\/><\/svg><\/span><\/span><\/span><\/a><\/span><\/div>\n<nav><ul class='ez-toc-list ez-toc-list-level-1 ' ><li class='ez-toc-page-1 ez-toc-heading-level-2'><a class=\"ez-toc-link ez-toc-heading-1\" href=\"https:\/\/www.grupomedcof.com.br\/blog\/dia-mundial-de-combate-a-meningite\/#Introducao\" >Introdu\u00e7\u00e3o<\/a><\/li><li class='ez-toc-page-1 ez-toc-heading-level-2'><a class=\"ez-toc-link ez-toc-heading-2\" href=\"https:\/\/www.grupomedcof.com.br\/blog\/dia-mundial-de-combate-a-meningite\/#Tipos_de_Meningite_e_Agentes_Etiologicos\" >Tipos de Meningite e Agentes Etiol\u00f3gicos<\/a><ul class='ez-toc-list-level-3' ><li class='ez-toc-heading-level-3'><a class=\"ez-toc-link ez-toc-heading-3\" href=\"https:\/\/www.grupomedcof.com.br\/blog\/dia-mundial-de-combate-a-meningite\/#Meningite_Bacteriana\" >Meningite Bacteriana<\/a><\/li><li class='ez-toc-page-1 ez-toc-heading-level-3'><a class=\"ez-toc-link ez-toc-heading-4\" href=\"https:\/\/www.grupomedcof.com.br\/blog\/dia-mundial-de-combate-a-meningite\/#Meningite_Viral\" >Meningite Viral<\/a><\/li><li class='ez-toc-page-1 ez-toc-heading-level-3'><a class=\"ez-toc-link ez-toc-heading-5\" href=\"https:\/\/www.grupomedcof.com.br\/blog\/dia-mundial-de-combate-a-meningite\/#Meningite_Tuberculosa\" >Meningite Tuberculosa<\/a><\/li><li class='ez-toc-page-1 ez-toc-heading-level-3'><a class=\"ez-toc-link ez-toc-heading-6\" href=\"https:\/\/www.grupomedcof.com.br\/blog\/dia-mundial-de-combate-a-meningite\/#Meningite_Fungica\" >Meningite F\u00fangica<\/a><\/li><\/ul><\/li><li class='ez-toc-page-1 ez-toc-heading-level-2'><a class=\"ez-toc-link ez-toc-heading-7\" href=\"https:\/\/www.grupomedcof.com.br\/blog\/dia-mundial-de-combate-a-meningite\/#Como_diferenciar_os_tipos_de_Meningite\" >Como diferenciar os tipos de Meningite<\/a><\/li><li class='ez-toc-page-1 ez-toc-heading-level-2'><a class=\"ez-toc-link ez-toc-heading-8\" href=\"https:\/\/www.grupomedcof.com.br\/blog\/dia-mundial-de-combate-a-meningite\/#Sinais_e_Sintomas\" >Sinais e Sintomas<\/a><\/li><li class='ez-toc-page-1 ez-toc-heading-level-2'><a class=\"ez-toc-link ez-toc-heading-9\" href=\"https:\/\/www.grupomedcof.com.br\/blog\/dia-mundial-de-combate-a-meningite\/#Combate_a_Meningite\" >Combate a Meningite<\/a><\/li><li class='ez-toc-page-1 ez-toc-heading-level-2'><a class=\"ez-toc-link ez-toc-heading-10\" href=\"https:\/\/www.grupomedcof.com.br\/blog\/dia-mundial-de-combate-a-meningite\/#Diagnostico_e_Tratamento_Precoces\" >Diagn\u00f3stico e Tratamento Precoces<\/a><\/li><li class='ez-toc-page-1 ez-toc-heading-level-2'><a class=\"ez-toc-link ez-toc-heading-11\" href=\"https:\/\/www.grupomedcof.com.br\/blog\/dia-mundial-de-combate-a-meningite\/#Seja_um_MedCofer\" >Seja um MedCofer!<\/a><\/li><\/ul><\/nav><\/div>\n\n<figure class=\"wp-block-image size-large\"><img loading=\"lazy\" decoding=\"async\" width=\"1024\" height=\"576\" src=\"https:\/\/www.grupomedcof.com.br\/blog\/wp-content\/uploads\/2025\/04\/Blog-MedCof-2025-04-24T114411.886-1024x576.jpg\" alt=\"\" class=\"wp-image-35302\" srcset=\"https:\/\/www.grupomedcof.com.br\/blog\/wp-content\/uploads\/2025\/04\/Blog-MedCof-2025-04-24T114411.886-1024x576.jpg 1024w, https:\/\/www.grupomedcof.com.br\/blog\/wp-content\/uploads\/2025\/04\/Blog-MedCof-2025-04-24T114411.886-300x169.jpg 300w, https:\/\/www.grupomedcof.com.br\/blog\/wp-content\/uploads\/2025\/04\/Blog-MedCof-2025-04-24T114411.886-768x432.jpg 768w, https:\/\/www.grupomedcof.com.br\/blog\/wp-content\/uploads\/2025\/04\/Blog-MedCof-2025-04-24T114411.886-1536x864.jpg 1536w, https:\/\/www.grupomedcof.com.br\/blog\/wp-content\/uploads\/2025\/04\/Blog-MedCof-2025-04-24T114411.886-747x420.jpg 747w, https:\/\/www.grupomedcof.com.br\/blog\/wp-content\/uploads\/2025\/04\/Blog-MedCof-2025-04-24T114411.886-150x84.jpg 150w, https:\/\/www.grupomedcof.com.br\/blog\/wp-content\/uploads\/2025\/04\/Blog-MedCof-2025-04-24T114411.886-696x392.jpg 696w, https:\/\/www.grupomedcof.com.br\/blog\/wp-content\/uploads\/2025\/04\/Blog-MedCof-2025-04-24T114411.886-1068x601.jpg 1068w, https:\/\/www.grupomedcof.com.br\/blog\/wp-content\/uploads\/2025\/04\/Blog-MedCof-2025-04-24T114411.886.jpg 1920w\" sizes=\"auto, (max-width: 1024px) 100vw, 1024px\" \/><figcaption class=\"wp-element-caption\">Fonte: Canva.<\/figcaption><\/figure>\n\n\n\n<p>Em 24 de abril, celebramos o <strong>Dia Mundial de Conscientiza\u00e7\u00e3o da Meningite<\/strong>, uma data crucial para aumentar o conhecimento sobre essa doen\u00e7a grave e potencialmente fatal. <\/p>\n\n\n\n<h2 class=\"wp-block-heading\" id=\"h-introducao\"><span class=\"ez-toc-section\" id=\"Introducao\"><\/span><strong>Introdu\u00e7\u00e3o<\/strong><span class=\"ez-toc-section-end\"><\/span><\/h2>\n\n\n\n<p>A meningite, uma <strong>inflama\u00e7\u00e3o das meninges<\/strong> (membranas que envolvem o c\u00e9rebro e a medula espinhal), pode ser causada por diversos <strong>agentes infecciosos<\/strong>, como <strong>bact\u00e9rias<\/strong>, <strong>v\u00edrus<\/strong> e <strong>fungos<\/strong>. O diagn\u00f3stico precoce e o tratamento adequado s\u00e3o fundamentais para reduzir as sequelas e salvar vidas.<\/p>\n\n\n\n<h2 class=\"wp-block-heading\" id=\"h-tipos-de-meningite-e-agentes-etiologicos\"><span class=\"ez-toc-section\" id=\"Tipos_de_Meningite_e_Agentes_Etiologicos\"><\/span><strong>Tipos de Meningite e Agentes Etiol\u00f3gicos<\/strong><span class=\"ez-toc-section-end\"><\/span><\/h2>\n\n\n\n<h3 class=\"wp-block-heading\" id=\"h-meningite-bacteriana\"><span class=\"ez-toc-section\" id=\"Meningite_Bacteriana\"><\/span><strong>Meningite Bacteriana<\/strong><span class=\"ez-toc-section-end\"><\/span><\/h3>\n\n\n\n<ul class=\"wp-block-list\">\n<li>Neisseria meningitidis <strong>(meningococo)<\/strong>: Principal agente no Brasil, um coco <strong>Gram-negativo<\/strong>.<\/li>\n\n\n\n<li>Streptococcus pneumoniae* <strong>(pneumococo)<\/strong>: Mais comum nos EUA, um coco <strong>Gram-positivo<\/strong>.<\/li>\n\n\n\n<li>Haemophilus influenzae: Importante causa, especialmente em <strong>crian\u00e7as n\u00e3o vacinadas.<\/strong><\/li>\n\n\n\n<li>Listeria monocytogenes: <strong>Considerar em idosos, gestantes e imunossuprimidos.<\/strong><\/li>\n<\/ul>\n\n\n\n<figure class=\"wp-block-image\"><img decoding=\"async\" src=\"https:\/\/lh7-rt.googleusercontent.com\/docsz\/AD_4nXfibE_JpPXwTFbg8Nq86Pha65qoY9ZC6pGz6rEdNBs7EGZOIWObVsBUD2wf2NdQGLn66bbYXQ2pgk4y53TfTAtVcILxbEMX6ZNLAVTDzg6GrsOkAm4xsEZAivbu-1PZaWjP8ZfY4Q?key=zXFbGokCwLKV2IOrs6mOeAh5\" alt=\"\"\/><figcaption class=\"wp-element-caption\">Citopatol\u00f3gico de Neisseria meningitidis. Fonte: <a href=\"https:\/\/g1.globo.com\/saude\/noticia\/2022\/09\/29\/meningite-o-que-e-como-ocorre-a-transmissao-e-o-que-fazer-para-se-proteger.ghtml\">https:\/\/g1.globo.com\/saude\/noticia\/2022\/09\/29\/meningite-o-que-e-como-ocorre-a-transmissao-e-o-que-fazer-para-se-proteger.ghtml<\/a>&nbsp;<\/figcaption><\/figure>\n\n\n\n<h3 class=\"wp-block-heading\" id=\"h-meningite-viral\"><span class=\"ez-toc-section\" id=\"Meningite_Viral\"><\/span><strong>Meningite Viral<\/strong><span class=\"ez-toc-section-end\"><\/span><\/h3>\n\n\n\n<p>Enterov\u00edrus (poliov\u00edrus, Coxsackie A e B), arbov\u00edrus, HIV, sarampo.<\/p>\n\n\n\n<h3 class=\"wp-block-heading\" id=\"h-meningite-tuberculosa\"><span class=\"ez-toc-section\" id=\"Meningite_Tuberculosa\"><\/span><strong>Meningite Tuberculosa<\/strong><span class=\"ez-toc-section-end\"><\/span><\/h3>\n\n\n\n<p>Mycobacterium tuberculosis.<\/p>\n\n\n\n<h3 class=\"wp-block-heading\" id=\"h-meningite-fungica\"><span class=\"ez-toc-section\" id=\"Meningite_Fungica\"><\/span><strong>Meningite F\u00fangica<\/strong><span class=\"ez-toc-section-end\"><\/span><\/h3>\n\n\n\n<p>Menos comum, geralmente associada a <strong>imunodefici\u00eancia.<\/strong><\/p>\n\n\n\n<h2 class=\"wp-block-heading\" id=\"h-como-diferenciar-os-tipos-de-meningite\"><span class=\"ez-toc-section\" id=\"Como_diferenciar_os_tipos_de_Meningite\"><\/span><strong>Como diferenciar os tipos de Meningite<\/strong><span class=\"ez-toc-section-end\"><\/span><\/h2>\n\n\n\n<p>A diferencia\u00e7\u00e3o entre os tipos de meningite \u00e9 <strong>crucial para o tratamento adequado<\/strong>. Por isso, \u00e9 fundamental a <strong>an\u00e1lise do l\u00edquor<\/strong> (l\u00edquido cefalorraquidiano), que \u00e9 fundamental para o <strong>diagn\u00f3stico<\/strong>:<\/p>\n\n\n\n<ol class=\"wp-block-list\">\n<li><strong>&nbsp;Meningite Bacteriana:<\/strong><\/li>\n<\/ol>\n\n\n\n<ul class=\"wp-block-list\">\n<li>L\u00edquor turvo ou opalescente.<\/li>\n\n\n\n<li>Pleocitose (&gt; 500 c\u00e9lulas) com predom\u00ednio de neutr\u00f3filos.<\/li>\n\n\n\n<li>Hiperproteinorraquia (prote\u00ednas elevadas).<\/li>\n\n\n\n<li>Hipoglicorraquia (glicose baixa).<\/li>\n\n\n\n<li>Lactato aumentado.<\/li>\n<\/ul>\n\n\n\n<figure class=\"wp-block-image\"><img decoding=\"async\" src=\"https:\/\/lh7-rt.googleusercontent.com\/docsz\/AD_4nXeetJ2v9nOk-We9uIgUsojOUBeDMObS5cL3Xu6KJocyEmmLiIYc1MKJ2v7fJM_Pl4NPK_WolSE_KttA6oZNmoywSmpJNrX9EHaCz9bExncEOKHQN8qEDuNDo9c9fOhjb0B5OjD-?key=zXFbGokCwLKV2IOrs6mOeAh5\" alt=\"\"\/><figcaption class=\"wp-element-caption\">Compara\u00e7\u00e3o de um liquor L\u00edmpido (\u00e0 esquerda) e o opalescente (\u00e0 direita).&nbsp; Fonte: <a href=\"https:\/\/neurolife.com.br\/exame-do-liquor-guia-completo\/\">https:\/\/neurolife.com.br\/exame-do-liquor-guia-completo\/<\/a>&nbsp;<\/figcaption><\/figure>\n\n\n\n<ol start=\"2\" class=\"wp-block-list\">\n<li><strong>Meningite Viral:<\/strong><\/li>\n<\/ol>\n\n\n\n<ul class=\"wp-block-list\">\n<li>L\u00edquor claro.<\/li>\n\n\n\n<li>Celularidade entre 100-500 c\u00e9lulas (predom\u00ednio de linf\u00f3citos).<\/li>\n\n\n\n<li>Prote\u00ednas normais ou discretamente aumentadas.<\/li>\n\n\n\n<li>Glicose normal.<\/li>\n<\/ul>\n\n\n\n<ol start=\"3\" class=\"wp-block-list\">\n<li><strong>Meningite Tuberculosa:<\/strong><\/li>\n<\/ol>\n\n\n\n<ul class=\"wp-block-list\">\n<li>Pleocitose linfoc\u00edtica (100-500 c\u00e9lulas).<\/li>\n\n\n\n<li>Hiperproteinorraquia (100-500).<\/li>\n\n\n\n<li>Glicose consumida (&lt; 40).<\/li>\n\n\n\n<li>Eleva\u00e7\u00e3o da ADA (adenosina deaminase).<\/li>\n<\/ul>\n\n\n\n<h2 class=\"wp-block-heading\" id=\"h-sinais-e-sintomas\"><span class=\"ez-toc-section\" id=\"Sinais_e_Sintomas\"><\/span><strong>Sinais e Sintomas<\/strong><span class=\"ez-toc-section-end\"><\/span><\/h2>\n\n\n\n<p>O reconhecimento precoce dos sinais e sintomas da meningite \u00e9 vital. Os sintomas cl\u00e1ssicos incluem cefaleia (dor de cabe\u00e7a), febre, rigidez de nuca, altera\u00e7\u00f5es do n\u00edvel de consci\u00eancia e sinais de Kernig e Brudzinski (presentes em menos de 50% dos casos). Mas aten\u00e7\u00e3o: sinal de Kernig e Brudzinski <strong>negativos<\/strong> <strong>n\u00e3o excluem o diagn\u00f3stico de meningite<\/strong>!&nbsp;<\/p>\n\n\n\n<figure class=\"wp-block-image size-large\"><img loading=\"lazy\" decoding=\"async\" width=\"1024\" height=\"848\" src=\"https:\/\/www.grupomedcof.com.br\/blog\/wp-content\/uploads\/2025\/04\/image-1024x848.jpeg\" alt=\"&quot;Ilustra\u00e7\u00e3o explicativa do Sinal de Kernig e do Sinal de Brudzinski, dois sinais cl\u00ednicos t\u00edpicos de meningite. No Sinal de Kernig, a flex\u00e3o do quadril e do joelho a 90 graus resulta em dor ou extens\u00e3o limitada ao tentar estender o joelho. No Sinal de Brudzinski, a flex\u00e3o passiva do pesco\u00e7o provoca reflexamente a flex\u00e3o de quadril e joelhos. Ambos os sinais s\u00e3o usados no diagn\u00f3stico de meningite.&quot;\" class=\"wp-image-35303\" srcset=\"https:\/\/www.grupomedcof.com.br\/blog\/wp-content\/uploads\/2025\/04\/image-1024x848.jpeg 1024w, https:\/\/www.grupomedcof.com.br\/blog\/wp-content\/uploads\/2025\/04\/image-300x248.jpeg 300w, https:\/\/www.grupomedcof.com.br\/blog\/wp-content\/uploads\/2025\/04\/image-768x636.jpeg 768w, https:\/\/www.grupomedcof.com.br\/blog\/wp-content\/uploads\/2025\/04\/image-507x420.jpeg 507w, https:\/\/www.grupomedcof.com.br\/blog\/wp-content\/uploads\/2025\/04\/image-150x124.jpeg 150w, https:\/\/www.grupomedcof.com.br\/blog\/wp-content\/uploads\/2025\/04\/image-696x576.jpeg 696w, https:\/\/www.grupomedcof.com.br\/blog\/wp-content\/uploads\/2025\/04\/image-1068x884.jpeg 1068w, https:\/\/www.grupomedcof.com.br\/blog\/wp-content\/uploads\/2025\/04\/image.jpeg 1192w\" sizes=\"auto, (max-width: 1024px) 100vw, 1024px\" \/><figcaption class=\"wp-element-caption\">Execu\u00e7\u00e3o das Manobras de avalia\u00e7\u00e3o das meninges, em busca dos sinais de Kernig e Brudzinski. Fonte: Acervo de ilustra\u00e7\u00f5es do Grupo MedCof.<\/figcaption><\/figure>\n\n\n\n<p>Saiba mais em: <strong><a href=\"https:\/\/www.grupomedcof.com.br\/blog\/meningites-e-encefalites-como-fazer-o-diagnostico-diferencial\/\" target=\"_blank\" rel=\"noreferrer noopener\">Meningites e Encefalites &#8211; como fazer o diagn\u00f3stico diferencial&nbsp;<\/a><\/strong><\/p>\n\n\n\n<h2 class=\"wp-block-heading\" id=\"h-combate-a-meningite\"><span class=\"ez-toc-section\" id=\"Combate_a_Meningite\"><\/span><strong>Combate a Meningite<\/strong><span class=\"ez-toc-section-end\"><\/span><\/h2>\n\n\n\n<p>A preven\u00e7\u00e3o e o combate \u00e0 meningite envolvem <strong>diversas estrat\u00e9gias<\/strong>:<\/p>\n\n\n\n<ul class=\"wp-block-list\">\n<li>&nbsp;Vacina\u00e7\u00e3o<\/li>\n<\/ul>\n\n\n\n<p>A vacina\u00e7\u00e3o \u00e9 a forma mais eficaz de preven\u00e7\u00e3o contra alguns tipos de meningite bacteriana, como as causadas por <strong>meningococo, pneumococo e Haemophilus influenzae.<\/strong><\/p>\n\n\n\n<ul class=\"wp-block-list\">\n<li>Quimioprofilaxia<\/li>\n<\/ul>\n\n\n\n<p>&nbsp;Em casos de contato pr\u00f3ximo com pacientes com <strong>meningite meningoc\u00f3cica<\/strong> ou por <strong>Haemophilus influenzae<\/strong>, a <strong>quimioprofilaxia<\/strong> com antibi\u00f3ticos como <strong>rifampicina<\/strong>, <strong>ceftriaxona<\/strong> ou <strong>ciprofloxacino<\/strong> pode ser indicada para prevenir a dissemina\u00e7\u00e3o da doen\u00e7a.<\/p>\n\n\n\n<ul class=\"wp-block-list\">\n<li>Higiene<\/li>\n<\/ul>\n\n\n\n<p>&nbsp;Lavar as m\u00e3os frequentemente e evitar compartilhar objetos pessoais s\u00e3o medidas importantes para <strong>reduzir o risco de infec\u00e7\u00e3o.<\/strong><\/p>\n\n\n\n<h2 class=\"wp-block-heading\" id=\"h-diagnostico-e-tratamento-precoces\"><span class=\"ez-toc-section\" id=\"Diagnostico_e_Tratamento_Precoces\"><\/span><strong>Diagn\u00f3stico e Tratamento Precoces<\/strong><span class=\"ez-toc-section-end\"><\/span><\/h2>\n\n\n\n<p>A identifica\u00e7\u00e3o <strong>r\u00e1pida dos sintomas<\/strong> e a busca por atendimento m\u00e9dico imediato s\u00e3o <strong>cruciais para o tratamento eficaz da meningite<\/strong>. O tratamento da meningite bacteriana envolve o uso de <strong>antibi\u00f3ticos intravenosos<\/strong>, como ceftriaxona, vancomicina e ampicilina (em casos de suspeita de Listeria monocytogenes).<\/p>\n\n\n\n<p>O Dia Mundial de Conscientiza\u00e7\u00e3o da Meningite \u00e9 uma oportunidade para <strong>refor\u00e7ar a import\u00e2ncia da preven\u00e7\u00e3o<\/strong>, do <strong>diagn\u00f3stico precoce<\/strong> e do <strong>tratamento adequado<\/strong> dessa doen\u00e7a. Ao disseminar informa\u00e7\u00f5es precisas e promover a vacina\u00e7\u00e3o, podemos proteger a sa\u00fade da popula\u00e7\u00e3o e reduzir o impacto da meningite.<\/p>\n\n\n\n<h2 class=\"wp-block-heading\"><span class=\"ez-toc-section\" id=\"Seja_um_MedCofer\"><\/span><strong>Seja um MedCofer!<\/strong><span class=\"ez-toc-section-end\"><\/span><\/h2>\n\n\n\n<p>Quer alcan\u00e7ar a aprova\u00e7\u00e3o nas provas de resid\u00eancia m\u00e9dica? Ent\u00e3o seja um&nbsp;<a href=\"https:\/\/www.grupomedcof.com.br\/home\/\" target=\"_blank\" rel=\"noreferrer noopener\"><strong>MedCofer<\/strong><\/a>! Aqui te ajudaremos na busca da aprova\u00e7\u00e3o com conte\u00fados de qualidade e uma metodologia que j\u00e1 aprovou mais de 10 mil residentes no pa\u00eds! Por fim, acesse o nosso<a href=\"https:\/\/www.youtube.com\/@GrupoMedcof\/featured\">&nbsp;<strong>canal do youtube&nbsp;<\/strong><\/a>para ver o nosso material.<\/p>\n\n\n\n<figure class=\"wp-block-embed is-type-video is-provider-youtube wp-block-embed-youtube wp-embed-aspect-4-3 wp-has-aspect-ratio\"><div class=\"wp-block-embed__wrapper\">\n<div class=\"youtube-embed\" data-video_id=\"BJsgO-KMbpI\"><iframe loading=\"lazy\" title=\"SingularCast + RChoices | Medicina Legal sem filtro com Dr. Yuri Franco (@papodelegista)\" width=\"696\" height=\"522\" src=\"https:\/\/www.youtube.com\/embed\/BJsgO-KMbpI?feature=oembed&#038;enablejsapi=1\" frameborder=\"0\" allow=\"accelerometer; autoplay; clipboard-write; encrypted-media; gyroscope; picture-in-picture; web-share\" referrerpolicy=\"strict-origin-when-cross-origin\" allowfullscreen><\/iframe><\/div>\n<\/div><\/figure>\n","protected":false},"excerpt":{"rendered":"<p>Em 24 de abril, celebramos o Dia Mundial de Conscientiza\u00e7\u00e3o da Meningite, uma data crucial para aumentar o conhecimento sobre essa doen\u00e7a.<\/p>\n","protected":false},"author":21,"featured_media":35302,"comment_status":"closed","ping_status":"closed","sticky":false,"template":"","format":"standard","meta":{"footnotes":""},"categories":[190],"tags":[1209],"ppma_author":[3617],"class_list":{"0":"post-35301","1":"post","2":"type-post","3":"status-publish","4":"format-standard","5":"has-post-thumbnail","7":"category-neurologia","8":"tag-meningite"},"yoast_head":"<!-- This site is optimized with the Yoast SEO Premium plugin v24.3 (Yoast SEO v27.4) - https:\/\/yoast.com\/product\/yoast-seo-premium-wordpress\/ -->\n<title>Dia Mundial de Combate \u00e0 Meningite\u00a0 - Blog de Medcof: conte\u00fados, editais, revalida e mais!<\/title>\n<meta name=\"description\" content=\"Em 24 de abril, celebramos o Dia Mundial de Conscientiza\u00e7\u00e3o da Meningite, uma data crucial para aumentar o conhecimento sobre essa doen\u00e7a.\" \/>\n<meta name=\"robots\" content=\"index, follow, max-snippet:-1, max-image-preview:large, max-video-preview:-1\" \/>\n<link rel=\"canonical\" href=\"https:\/\/www.grupomedcof.com.br\/blog\/dia-mundial-de-combate-a-meningite\/\" \/>\n<meta property=\"og:locale\" content=\"pt_BR\" \/>\n<meta property=\"og:type\" content=\"article\" \/>\n<meta property=\"og:title\" content=\"Dia Mundial de Combate \u00e0 Meningite\u00a0\" \/>\n<meta property=\"og:description\" content=\"Em 24 de abril, celebramos o Dia Mundial de Conscientiza\u00e7\u00e3o da Meningite, uma data crucial para aumentar o conhecimento sobre essa doen\u00e7a.\" \/>\n<meta property=\"og:url\" content=\"https:\/\/www.grupomedcof.com.br\/blog\/dia-mundial-de-combate-a-meningite\/\" \/>\n<meta property=\"og:site_name\" content=\"Blog de Medcof: conte\u00fados, editais, revalida e mais!\" \/>\n<meta property=\"article:publisher\" content=\"https:\/\/www.facebook.com\/MedCofQbank\/\" \/>\n<meta property=\"article:published_time\" content=\"2025-04-24T14:51:58+00:00\" \/>\n<meta property=\"article:modified_time\" content=\"2025-04-30T16:18:33+00:00\" \/>\n<meta property=\"og:image\" content=\"https:\/\/www.grupomedcof.com.br\/blog\/wp-content\/uploads\/2025\/04\/Blog-MedCof-2025-04-24T114411.886.jpg\" \/>\n\t<meta property=\"og:image:width\" content=\"1920\" \/>\n\t<meta property=\"og:image:height\" content=\"1080\" \/>\n\t<meta property=\"og:image:type\" content=\"image\/jpeg\" \/>\n<meta name=\"author\" content=\"Kiara Adelino\" \/>\n<meta name=\"twitter:card\" content=\"summary_large_image\" \/>\n<meta name=\"twitter:label1\" content=\"Escrito por\" \/>\n\t<meta name=\"twitter:data1\" content=\"Kiara Adelino\" \/>\n\t<meta name=\"twitter:label2\" content=\"Est. tempo de leitura\" \/>\n\t<meta name=\"twitter:data2\" content=\"5 minutos\" \/>\n<script type=\"application\/ld+json\" class=\"yoast-schema-graph\">{\"@context\":\"https:\\\/\\\/schema.org\",\"@graph\":[{\"@type\":\"Article\",\"@id\":\"https:\\\/\\\/www.grupomedcof.com.br\\\/blog\\\/dia-mundial-de-combate-a-meningite\\\/#article\",\"isPartOf\":{\"@id\":\"https:\\\/\\\/www.grupomedcof.com.br\\\/blog\\\/dia-mundial-de-combate-a-meningite\\\/\"},\"author\":{\"name\":\"Kiara Adelino\",\"@id\":\"https:\\\/\\\/www.grupomedcof.com.br\\\/blog\\\/#\\\/schema\\\/person\\\/db19a651f86c5fc202d6eee744fd3292\"},\"headline\":\"Dia Mundial de Combate \u00e0 Meningite\u00a0\",\"datePublished\":\"2025-04-24T14:51:58+00:00\",\"dateModified\":\"2025-04-30T16:18:33+00:00\",\"mainEntityOfPage\":{\"@id\":\"https:\\\/\\\/www.grupomedcof.com.br\\\/blog\\\/dia-mundial-de-combate-a-meningite\\\/\"},\"wordCount\":687,\"publisher\":{\"@id\":\"https:\\\/\\\/www.grupomedcof.com.br\\\/blog\\\/#organization\"},\"image\":{\"@id\":\"https:\\\/\\\/www.grupomedcof.com.br\\\/blog\\\/dia-mundial-de-combate-a-meningite\\\/#primaryimage\"},\"thumbnailUrl\":\"https:\\\/\\\/www.grupomedcof.com.br\\\/blog\\\/wp-content\\\/uploads\\\/2025\\\/04\\\/Blog-MedCof-2025-04-24T114411.886.jpg\",\"keywords\":[\"meningite\"],\"articleSection\":[\"Neurologia\"],\"inLanguage\":\"pt-BR\"},{\"@type\":\"WebPage\",\"@id\":\"https:\\\/\\\/www.grupomedcof.com.br\\\/blog\\\/dia-mundial-de-combate-a-meningite\\\/\",\"url\":\"https:\\\/\\\/www.grupomedcof.com.br\\\/blog\\\/dia-mundial-de-combate-a-meningite\\\/\",\"name\":\"Dia Mundial de Combate \u00e0 Meningite\u00a0 - Blog de Medcof: conte\u00fados, editais, revalida e mais!\",\"isPartOf\":{\"@id\":\"https:\\\/\\\/www.grupomedcof.com.br\\\/blog\\\/#website\"},\"primaryImageOfPage\":{\"@id\":\"https:\\\/\\\/www.grupomedcof.com.br\\\/blog\\\/dia-mundial-de-combate-a-meningite\\\/#primaryimage\"},\"image\":{\"@id\":\"https:\\\/\\\/www.grupomedcof.com.br\\\/blog\\\/dia-mundial-de-combate-a-meningite\\\/#primaryimage\"},\"thumbnailUrl\":\"https:\\\/\\\/www.grupomedcof.com.br\\\/blog\\\/wp-content\\\/uploads\\\/2025\\\/04\\\/Blog-MedCof-2025-04-24T114411.886.jpg\",\"datePublished\":\"2025-04-24T14:51:58+00:00\",\"dateModified\":\"2025-04-30T16:18:33+00:00\",\"description\":\"Em 24 de abril, celebramos o Dia Mundial de Conscientiza\u00e7\u00e3o da Meningite, uma data crucial para aumentar o conhecimento sobre essa doen\u00e7a.\",\"breadcrumb\":{\"@id\":\"https:\\\/\\\/www.grupomedcof.com.br\\\/blog\\\/dia-mundial-de-combate-a-meningite\\\/#breadcrumb\"},\"inLanguage\":\"pt-BR\",\"potentialAction\":[{\"@type\":\"ReadAction\",\"target\":[\"https:\\\/\\\/www.grupomedcof.com.br\\\/blog\\\/dia-mundial-de-combate-a-meningite\\\/\"]}]},{\"@type\":\"ImageObject\",\"inLanguage\":\"pt-BR\",\"@id\":\"https:\\\/\\\/www.grupomedcof.com.br\\\/blog\\\/dia-mundial-de-combate-a-meningite\\\/#primaryimage\",\"url\":\"https:\\\/\\\/www.grupomedcof.com.br\\\/blog\\\/wp-content\\\/uploads\\\/2025\\\/04\\\/Blog-MedCof-2025-04-24T114411.886.jpg\",\"contentUrl\":\"https:\\\/\\\/www.grupomedcof.com.br\\\/blog\\\/wp-content\\\/uploads\\\/2025\\\/04\\\/Blog-MedCof-2025-04-24T114411.886.jpg\",\"width\":1920,\"height\":1080,\"caption\":\"Fonte: Canva.\"},{\"@type\":\"BreadcrumbList\",\"@id\":\"https:\\\/\\\/www.grupomedcof.com.br\\\/blog\\\/dia-mundial-de-combate-a-meningite\\\/#breadcrumb\",\"itemListElement\":[{\"@type\":\"ListItem\",\"position\":1,\"name\":\"In\u00edcio\",\"item\":\"https:\\\/\\\/www.grupomedcof.com.br\\\/blog\\\/\"},{\"@type\":\"ListItem\",\"position\":2,\"name\":\"Dia Mundial de Combate \u00e0 Meningite\u00a0\"}]},{\"@type\":\"WebSite\",\"@id\":\"https:\\\/\\\/www.grupomedcof.com.br\\\/blog\\\/#website\",\"url\":\"https:\\\/\\\/www.grupomedcof.com.br\\\/blog\\\/\",\"name\":\"Blog de Medcof: conte\u00fados, editais, revalida e mais!\",\"description\":\"Acesso o blog de MedCof! Seu portal de conte\u00fados sobre resid\u00eancia m\u00e9dica, an\u00e1lise e editais e muito mais. Clique e confira!\",\"publisher\":{\"@id\":\"https:\\\/\\\/www.grupomedcof.com.br\\\/blog\\\/#organization\"},\"alternateName\":\"Blog de Medcof: conte\u00fados, editais, revalida e mais!\",\"potentialAction\":[{\"@type\":\"SearchAction\",\"target\":{\"@type\":\"EntryPoint\",\"urlTemplate\":\"https:\\\/\\\/www.grupomedcof.com.br\\\/blog\\\/?s={search_term_string}\"},\"query-input\":{\"@type\":\"PropertyValueSpecification\",\"valueRequired\":true,\"valueName\":\"search_term_string\"}}],\"inLanguage\":\"pt-BR\"},{\"@type\":\"Organization\",\"@id\":\"https:\\\/\\\/www.grupomedcof.com.br\\\/blog\\\/#organization\",\"name\":\"Grupo MedCof\",\"url\":\"https:\\\/\\\/www.grupomedcof.com.br\\\/blog\\\/\",\"logo\":{\"@type\":\"ImageObject\",\"inLanguage\":\"pt-BR\",\"@id\":\"https:\\\/\\\/www.grupomedcof.com.br\\\/blog\\\/#\\\/schema\\\/logo\\\/image\\\/\",\"url\":\"https:\\\/\\\/www.grupomedcof.com.br\\\/blog\\\/wp-content\\\/uploads\\\/2022\\\/01\\\/logo-medcof.png\",\"contentUrl\":\"https:\\\/\\\/www.grupomedcof.com.br\\\/blog\\\/wp-content\\\/uploads\\\/2022\\\/01\\\/logo-medcof.png\",\"width\":768,\"height\":269,\"caption\":\"Grupo MedCof\"},\"image\":{\"@id\":\"https:\\\/\\\/www.grupomedcof.com.br\\\/blog\\\/#\\\/schema\\\/logo\\\/image\\\/\"},\"sameAs\":[\"https:\\\/\\\/www.facebook.com\\\/MedCofQbank\\\/\",\"https:\\\/\\\/www.instagram.com\\\/grupomedcof\\\/\",\"https:\\\/\\\/br.linkedin.com\\\/company\\\/medcof\",\"https:\\\/\\\/www.youtube.com\\\/channel\\\/UCdHMuOHKICxcHwecxN8P-AA\"]},{\"@type\":\"Person\",\"@id\":\"https:\\\/\\\/www.grupomedcof.com.br\\\/blog\\\/#\\\/schema\\\/person\\\/db19a651f86c5fc202d6eee744fd3292\",\"name\":\"Kiara Adelino\",\"image\":{\"@type\":\"ImageObject\",\"inLanguage\":\"pt-BR\",\"@id\":\"https:\\\/\\\/www.grupomedcof.com.br\\\/blog\\\/wp-content\\\/uploads\\\/2024\\\/08\\\/cropped-Kiara-Adelino2-96x96.jpega85663bdda67261f8f06f86e555e1e49\",\"url\":\"https:\\\/\\\/www.grupomedcof.com.br\\\/blog\\\/wp-content\\\/uploads\\\/2024\\\/08\\\/cropped-Kiara-Adelino2-96x96.jpeg\",\"contentUrl\":\"https:\\\/\\\/www.grupomedcof.com.br\\\/blog\\\/wp-content\\\/uploads\\\/2024\\\/08\\\/cropped-Kiara-Adelino2-96x96.jpeg\",\"caption\":\"Kiara Adelino\"},\"description\":\"Estudante do 5\u00b0 semestre de Medicina. Gosto bastante de aprender coisas novas, principalmente na \u00e1rea de Neurologia e Anatomia humana.\",\"url\":\"https:\\\/\\\/www.grupomedcof.com.br\\\/blog\\\/author\\\/kiara-adelino\\\/\"}]}<\/script>\n<!-- \/ Yoast SEO Premium plugin. -->","yoast_head_json":{"title":"Dia Mundial de Combate \u00e0 Meningite\u00a0 - Blog de Medcof: conte\u00fados, editais, revalida e mais!","description":"Em 24 de abril, celebramos o Dia Mundial de Conscientiza\u00e7\u00e3o da Meningite, uma data crucial para aumentar o conhecimento sobre essa doen\u00e7a.","robots":{"index":"index","follow":"follow","max-snippet":"max-snippet:-1","max-image-preview":"max-image-preview:large","max-video-preview":"max-video-preview:-1"},"canonical":"https:\/\/www.grupomedcof.com.br\/blog\/dia-mundial-de-combate-a-meningite\/","og_locale":"pt_BR","og_type":"article","og_title":"Dia Mundial de Combate \u00e0 Meningite\u00a0","og_description":"Em 24 de abril, celebramos o Dia Mundial de Conscientiza\u00e7\u00e3o da Meningite, uma data crucial para aumentar o conhecimento sobre essa doen\u00e7a.","og_url":"https:\/\/www.grupomedcof.com.br\/blog\/dia-mundial-de-combate-a-meningite\/","og_site_name":"Blog de Medcof: conte\u00fados, editais, revalida e mais!","article_publisher":"https:\/\/www.facebook.com\/MedCofQbank\/","article_published_time":"2025-04-24T14:51:58+00:00","article_modified_time":"2025-04-30T16:18:33+00:00","og_image":[{"width":1920,"height":1080,"url":"https:\/\/www.grupomedcof.com.br\/blog\/wp-content\/uploads\/2025\/04\/Blog-MedCof-2025-04-24T114411.886.jpg","type":"image\/jpeg"}],"author":"Kiara Adelino","twitter_card":"summary_large_image","twitter_misc":{"Escrito por":"Kiara Adelino","Est. tempo de leitura":"5 minutos"},"schema":{"@context":"https:\/\/schema.org","@graph":[{"@type":"Article","@id":"https:\/\/www.grupomedcof.com.br\/blog\/dia-mundial-de-combate-a-meningite\/#article","isPartOf":{"@id":"https:\/\/www.grupomedcof.com.br\/blog\/dia-mundial-de-combate-a-meningite\/"},"author":{"name":"Kiara Adelino","@id":"https:\/\/www.grupomedcof.com.br\/blog\/#\/schema\/person\/db19a651f86c5fc202d6eee744fd3292"},"headline":"Dia Mundial de Combate \u00e0 Meningite\u00a0","datePublished":"2025-04-24T14:51:58+00:00","dateModified":"2025-04-30T16:18:33+00:00","mainEntityOfPage":{"@id":"https:\/\/www.grupomedcof.com.br\/blog\/dia-mundial-de-combate-a-meningite\/"},"wordCount":687,"publisher":{"@id":"https:\/\/www.grupomedcof.com.br\/blog\/#organization"},"image":{"@id":"https:\/\/www.grupomedcof.com.br\/blog\/dia-mundial-de-combate-a-meningite\/#primaryimage"},"thumbnailUrl":"https:\/\/www.grupomedcof.com.br\/blog\/wp-content\/uploads\/2025\/04\/Blog-MedCof-2025-04-24T114411.886.jpg","keywords":["meningite"],"articleSection":["Neurologia"],"inLanguage":"pt-BR"},{"@type":"WebPage","@id":"https:\/\/www.grupomedcof.com.br\/blog\/dia-mundial-de-combate-a-meningite\/","url":"https:\/\/www.grupomedcof.com.br\/blog\/dia-mundial-de-combate-a-meningite\/","name":"Dia Mundial de Combate \u00e0 Meningite\u00a0 - Blog de Medcof: conte\u00fados, editais, revalida e mais!","isPartOf":{"@id":"https:\/\/www.grupomedcof.com.br\/blog\/#website"},"primaryImageOfPage":{"@id":"https:\/\/www.grupomedcof.com.br\/blog\/dia-mundial-de-combate-a-meningite\/#primaryimage"},"image":{"@id":"https:\/\/www.grupomedcof.com.br\/blog\/dia-mundial-de-combate-a-meningite\/#primaryimage"},"thumbnailUrl":"https:\/\/www.grupomedcof.com.br\/blog\/wp-content\/uploads\/2025\/04\/Blog-MedCof-2025-04-24T114411.886.jpg","datePublished":"2025-04-24T14:51:58+00:00","dateModified":"2025-04-30T16:18:33+00:00","description":"Em 24 de abril, celebramos o Dia Mundial de Conscientiza\u00e7\u00e3o da Meningite, uma data crucial para aumentar o conhecimento sobre essa doen\u00e7a.","breadcrumb":{"@id":"https:\/\/www.grupomedcof.com.br\/blog\/dia-mundial-de-combate-a-meningite\/#breadcrumb"},"inLanguage":"pt-BR","potentialAction":[{"@type":"ReadAction","target":["https:\/\/www.grupomedcof.com.br\/blog\/dia-mundial-de-combate-a-meningite\/"]}]},{"@type":"ImageObject","inLanguage":"pt-BR","@id":"https:\/\/www.grupomedcof.com.br\/blog\/dia-mundial-de-combate-a-meningite\/#primaryimage","url":"https:\/\/www.grupomedcof.com.br\/blog\/wp-content\/uploads\/2025\/04\/Blog-MedCof-2025-04-24T114411.886.jpg","contentUrl":"https:\/\/www.grupomedcof.com.br\/blog\/wp-content\/uploads\/2025\/04\/Blog-MedCof-2025-04-24T114411.886.jpg","width":1920,"height":1080,"caption":"Fonte: Canva."},{"@type":"BreadcrumbList","@id":"https:\/\/www.grupomedcof.com.br\/blog\/dia-mundial-de-combate-a-meningite\/#breadcrumb","itemListElement":[{"@type":"ListItem","position":1,"name":"In\u00edcio","item":"https:\/\/www.grupomedcof.com.br\/blog\/"},{"@type":"ListItem","position":2,"name":"Dia Mundial de Combate \u00e0 Meningite\u00a0"}]},{"@type":"WebSite","@id":"https:\/\/www.grupomedcof.com.br\/blog\/#website","url":"https:\/\/www.grupomedcof.com.br\/blog\/","name":"Blog de Medcof: conte\u00fados, editais, revalida e mais!","description":"Acesso o blog de MedCof! Seu portal de conte\u00fados sobre resid\u00eancia m\u00e9dica, an\u00e1lise e editais e muito mais. Clique e confira!","publisher":{"@id":"https:\/\/www.grupomedcof.com.br\/blog\/#organization"},"alternateName":"Blog de Medcof: conte\u00fados, editais, revalida e mais!","potentialAction":[{"@type":"SearchAction","target":{"@type":"EntryPoint","urlTemplate":"https:\/\/www.grupomedcof.com.br\/blog\/?s={search_term_string}"},"query-input":{"@type":"PropertyValueSpecification","valueRequired":true,"valueName":"search_term_string"}}],"inLanguage":"pt-BR"},{"@type":"Organization","@id":"https:\/\/www.grupomedcof.com.br\/blog\/#organization","name":"Grupo MedCof","url":"https:\/\/www.grupomedcof.com.br\/blog\/","logo":{"@type":"ImageObject","inLanguage":"pt-BR","@id":"https:\/\/www.grupomedcof.com.br\/blog\/#\/schema\/logo\/image\/","url":"https:\/\/www.grupomedcof.com.br\/blog\/wp-content\/uploads\/2022\/01\/logo-medcof.png","contentUrl":"https:\/\/www.grupomedcof.com.br\/blog\/wp-content\/uploads\/2022\/01\/logo-medcof.png","width":768,"height":269,"caption":"Grupo MedCof"},"image":{"@id":"https:\/\/www.grupomedcof.com.br\/blog\/#\/schema\/logo\/image\/"},"sameAs":["https:\/\/www.facebook.com\/MedCofQbank\/","https:\/\/www.instagram.com\/grupomedcof\/","https:\/\/br.linkedin.com\/company\/medcof","https:\/\/www.youtube.com\/channel\/UCdHMuOHKICxcHwecxN8P-AA"]},{"@type":"Person","@id":"https:\/\/www.grupomedcof.com.br\/blog\/#\/schema\/person\/db19a651f86c5fc202d6eee744fd3292","name":"Kiara Adelino","image":{"@type":"ImageObject","inLanguage":"pt-BR","@id":"https:\/\/www.grupomedcof.com.br\/blog\/wp-content\/uploads\/2024\/08\/cropped-Kiara-Adelino2-96x96.jpega85663bdda67261f8f06f86e555e1e49","url":"https:\/\/www.grupomedcof.com.br\/blog\/wp-content\/uploads\/2024\/08\/cropped-Kiara-Adelino2-96x96.jpeg","contentUrl":"https:\/\/www.grupomedcof.com.br\/blog\/wp-content\/uploads\/2024\/08\/cropped-Kiara-Adelino2-96x96.jpeg","caption":"Kiara Adelino"},"description":"Estudante do 5\u00b0 semestre de Medicina. Gosto bastante de aprender coisas novas, principalmente na \u00e1rea de Neurologia e Anatomia humana.","url":"https:\/\/www.grupomedcof.com.br\/blog\/author\/kiara-adelino\/"}]}},"authors":[{"term_id":3617,"user_id":21,"is_guest":0,"slug":"kiara-adelino","display_name":"Kiara Adelino","avatar_url":"https:\/\/www.grupomedcof.com.br\/blog\/wp-content\/uploads\/2024\/08\/cropped-Kiara-Adelino2-96x96.jpeg","0":null,"1":"","2":"","3":"","4":"","5":"","6":"","7":"","8":""}],"_links":{"self":[{"href":"https:\/\/www.grupomedcof.com.br\/blog\/wp-json\/wp\/v2\/posts\/35301","targetHints":{"allow":["GET"]}}],"collection":[{"href":"https:\/\/www.grupomedcof.com.br\/blog\/wp-json\/wp\/v2\/posts"}],"about":[{"href":"https:\/\/www.grupomedcof.com.br\/blog\/wp-json\/wp\/v2\/types\/post"}],"author":[{"embeddable":true,"href":"https:\/\/www.grupomedcof.com.br\/blog\/wp-json\/wp\/v2\/users\/21"}],"replies":[{"embeddable":true,"href":"https:\/\/www.grupomedcof.com.br\/blog\/wp-json\/wp\/v2\/comments?post=35301"}],"version-history":[{"count":0,"href":"https:\/\/www.grupomedcof.com.br\/blog\/wp-json\/wp\/v2\/posts\/35301\/revisions"}],"wp:featuredmedia":[{"embeddable":true,"href":"https:\/\/www.grupomedcof.com.br\/blog\/wp-json\/wp\/v2\/media\/35302"}],"wp:attachment":[{"href":"https:\/\/www.grupomedcof.com.br\/blog\/wp-json\/wp\/v2\/media?parent=35301"}],"wp:term":[{"taxonomy":"category","embeddable":true,"href":"https:\/\/www.grupomedcof.com.br\/blog\/wp-json\/wp\/v2\/categories?post=35301"},{"taxonomy":"post_tag","embeddable":true,"href":"https:\/\/www.grupomedcof.com.br\/blog\/wp-json\/wp\/v2\/tags?post=35301"},{"taxonomy":"author","embeddable":true,"href":"https:\/\/www.grupomedcof.com.br\/blog\/wp-json\/wp\/v2\/ppma_author?post=35301"}],"curies":[{"name":"wp","href":"https:\/\/api.w.org\/{rel}","templated":true}]}}