{"id":35575,"date":"2025-06-05T08:58:38","date_gmt":"2025-06-05T11:58:38","guid":{"rendered":"https:\/\/www.grupomedcof.com.br\/blog\/?p=35575"},"modified":"2025-06-20T13:27:46","modified_gmt":"2025-06-20T16:27:46","slug":"tipos-do-trauma-cranioencefalico-na-infancia","status":"publish","type":"post","link":"https:\/\/www.grupomedcof.com.br\/blog\/tipos-do-trauma-cranioencefalico-na-infancia\/","title":{"rendered":"Tipos de Trauma Cranioencef\u00e1lico na inf\u00e2ncia"},"content":{"rendered":"<div id=\"ez-toc-container\" class=\"ez-toc-v2_0_74 counter-hierarchy ez-toc-counter ez-toc-transparent ez-toc-container-direction\">\n<div class=\"ez-toc-title-container\">\n<p class=\"ez-toc-title\" style=\"cursor:inherit\">Sum\u00e1rio<\/p>\n<span class=\"ez-toc-title-toggle\"><a href=\"#\" class=\"ez-toc-pull-right ez-toc-btn ez-toc-btn-xs ez-toc-btn-default ez-toc-toggle\" aria-label=\"Alternar tabela de conte\u00fado\"><span class=\"ez-toc-js-icon-con\"><span class=\"\"><span class=\"eztoc-hide\" style=\"display:none;\">Toggle<\/span><span class=\"ez-toc-icon-toggle-span\"><svg style=\"fill: #999;color:#999\" xmlns=\"http:\/\/www.w3.org\/2000\/svg\" class=\"list-377408\" width=\"20px\" height=\"20px\" viewBox=\"0 0 24 24\" fill=\"none\"><path d=\"M6 6H4v2h2V6zm14 0H8v2h12V6zM4 11h2v2H4v-2zm16 0H8v2h12v-2zM4 16h2v2H4v-2zm16 0H8v2h12v-2z\" fill=\"currentColor\"><\/path><\/svg><svg style=\"fill: #999;color:#999\" class=\"arrow-unsorted-368013\" xmlns=\"http:\/\/www.w3.org\/2000\/svg\" width=\"10px\" height=\"10px\" viewBox=\"0 0 24 24\" version=\"1.2\" baseProfile=\"tiny\"><path d=\"M18.2 9.3l-6.2-6.3-6.2 6.3c-.2.2-.3.4-.3.7s.1.5.3.7c.2.2.4.3.7.3h11c.3 0 .5-.1.7-.3.2-.2.3-.5.3-.7s-.1-.5-.3-.7zM5.8 14.7l6.2 6.3 6.2-6.3c.2-.2.3-.5.3-.7s-.1-.5-.3-.7c-.2-.2-.4-.3-.7-.3h-11c-.3 0-.5.1-.7.3-.2.2-.3.5-.3.7s.1.5.3.7z\"\/><\/svg><\/span><\/span><\/span><\/a><\/span><\/div>\n<nav><ul class='ez-toc-list ez-toc-list-level-1 ' ><li class='ez-toc-page-1 ez-toc-heading-level-2'><a class=\"ez-toc-link ez-toc-heading-1\" href=\"https:\/\/www.grupomedcof.com.br\/blog\/tipos-do-trauma-cranioencefalico-na-infancia\/#Fisiopatologia_do_Trauma_Cranioencefalico\" >Fisiopatologia do Trauma Cranioencef\u00e1lico<\/a><\/li><li class='ez-toc-page-1 ez-toc-heading-level-2'><a class=\"ez-toc-link ez-toc-heading-2\" href=\"https:\/\/www.grupomedcof.com.br\/blog\/tipos-do-trauma-cranioencefalico-na-infancia\/#Lesoes_que_devem_ser_rapidamente_reconhecidas\" >Les\u00f5es que devem ser rapidamente reconhecidas<\/a><\/li><li class='ez-toc-page-1 ez-toc-heading-level-2'><a class=\"ez-toc-link ez-toc-heading-3\" href=\"https:\/\/www.grupomedcof.com.br\/blog\/tipos-do-trauma-cranioencefalico-na-infancia\/#Como_fazemos_a_Anamnese\" >Como fazemos a Anamnese?<\/a><\/li><li class='ez-toc-page-1 ez-toc-heading-level-2'><a class=\"ez-toc-link ez-toc-heading-4\" href=\"https:\/\/www.grupomedcof.com.br\/blog\/tipos-do-trauma-cranioencefalico-na-infancia\/#Gravidade\" >Gravidade<\/a><\/li><li class='ez-toc-page-1 ez-toc-heading-level-2'><a class=\"ez-toc-link ez-toc-heading-5\" href=\"https:\/\/www.grupomedcof.com.br\/blog\/tipos-do-trauma-cranioencefalico-na-infancia\/#Trauma_Leve\" >Trauma Leve<\/a><\/li><li class='ez-toc-page-1 ez-toc-heading-level-2'><a class=\"ez-toc-link ez-toc-heading-6\" href=\"https:\/\/www.grupomedcof.com.br\/blog\/tipos-do-trauma-cranioencefalico-na-infancia\/#Trauma_moderado_a_grave\" >Trauma moderado a grave<\/a><ul class='ez-toc-list-level-3' ><li class='ez-toc-heading-level-3'><a class=\"ez-toc-link ez-toc-heading-7\" href=\"https:\/\/www.grupomedcof.com.br\/blog\/tipos-do-trauma-cranioencefalico-na-infancia\/#Cuidados_basicos_da_crianca_com_trauma_moderado_a_grave\" >Cuidados b\u00e1sicos da crian\u00e7a com trauma moderado a grave<\/a><\/li><\/ul><\/li><li class='ez-toc-page-1 ez-toc-heading-level-2'><a class=\"ez-toc-link ez-toc-heading-8\" href=\"https:\/\/www.grupomedcof.com.br\/blog\/tipos-do-trauma-cranioencefalico-na-infancia\/#Seja_um_MedCofer\" >Seja um MedCofer!<\/a><\/li><\/ul><\/nav><\/div>\n\n<p>O <strong>trauma cr\u00e2nio encef\u00e1lico (TCE)<\/strong> \u00e9 um problema de sa\u00fade p\u00fablica, especialmente na faixa et\u00e1ria pedi\u00e1trica, causando consequ\u00eancias sist\u00eamicas graves.&nbsp;<\/p>\n\n\n\n<figure class=\"wp-block-image size-large\"><img loading=\"lazy\" decoding=\"async\" width=\"1024\" height=\"576\" src=\"https:\/\/www.grupomedcof.com.br\/blog\/wp-content\/uploads\/2025\/05\/Blog-MedCof-2025-05-05T154919.495-1024x576.jpg\" alt=\"\" class=\"wp-image-35578\" srcset=\"https:\/\/www.grupomedcof.com.br\/blog\/wp-content\/uploads\/2025\/05\/Blog-MedCof-2025-05-05T154919.495-1024x576.jpg 1024w, https:\/\/www.grupomedcof.com.br\/blog\/wp-content\/uploads\/2025\/05\/Blog-MedCof-2025-05-05T154919.495-300x169.jpg 300w, https:\/\/www.grupomedcof.com.br\/blog\/wp-content\/uploads\/2025\/05\/Blog-MedCof-2025-05-05T154919.495-768x432.jpg 768w, https:\/\/www.grupomedcof.com.br\/blog\/wp-content\/uploads\/2025\/05\/Blog-MedCof-2025-05-05T154919.495-1536x864.jpg 1536w, https:\/\/www.grupomedcof.com.br\/blog\/wp-content\/uploads\/2025\/05\/Blog-MedCof-2025-05-05T154919.495-747x420.jpg 747w, https:\/\/www.grupomedcof.com.br\/blog\/wp-content\/uploads\/2025\/05\/Blog-MedCof-2025-05-05T154919.495-150x84.jpg 150w, https:\/\/www.grupomedcof.com.br\/blog\/wp-content\/uploads\/2025\/05\/Blog-MedCof-2025-05-05T154919.495-696x392.jpg 696w, https:\/\/www.grupomedcof.com.br\/blog\/wp-content\/uploads\/2025\/05\/Blog-MedCof-2025-05-05T154919.495-1068x601.jpg 1068w, https:\/\/www.grupomedcof.com.br\/blog\/wp-content\/uploads\/2025\/05\/Blog-MedCof-2025-05-05T154919.495.jpg 1920w\" sizes=\"auto, (max-width: 1024px) 100vw, 1024px\" \/><figcaption class=\"wp-element-caption\">Imagem: Canva.<\/figcaption><\/figure>\n\n\n\n<p>Quando falamos do p\u00fablico infantil, as <strong>principais causas<\/strong> de TCE s\u00e3o <strong>acidentes dom\u00e9sticos, quedas de pr\u00f3pria altura<\/strong>, acidentes automobil\u00edsticos, pr\u00e1ticas esportivas;, em crian\u00e7as mais novas podemos citar, tamb\u00e9m, a <strong><a href=\"https:\/\/www.grupomedcof.com.br\/blog\/sindrome-do-bebe-sacudido-o-que-e-causas-e-tratamentos\/\" target=\"_blank\" rel=\"noreferrer noopener\">s\u00edndrome do beb\u00ea sacudido<\/a><\/strong>. Al\u00e9m disso, <strong>viol\u00eancia<\/strong> tamb\u00e9m entra nas principais causas. Dentre os <strong>adolescentes<\/strong>, o TCE costuma estar associado ao uso de subst\u00e2ncias <strong>recreativas l\u00edcitas ou il\u00edcitas<\/strong>. Portanto, essa hip\u00f3tese tamb\u00e9m deve ser levantada e <strong>investigada<\/strong>.<\/p>\n\n\n\n<h2 class=\"wp-block-heading\" id=\"h-fisiopatologia-do-trauma-cranioencefalico\"><span class=\"ez-toc-section\" id=\"Fisiopatologia_do_Trauma_Cranioencefalico\"><\/span><strong>Fisiopatologia do Trauma Cranioencef\u00e1lico<\/strong><span class=\"ez-toc-section-end\"><\/span><\/h2>\n\n\n\n<p>O funcionamento b\u00e1sico do sistema nervoso central (SNC) depende da manuten\u00e7\u00e3o da press\u00e3o de perfus\u00e3o cerebral (PPC), que \u00e9 mantida atrav\u00e9s de alguns mecanismos:<\/p>\n\n\n\n<ul class=\"wp-block-list\">\n<li>Diminui\u00e7\u00e3o da produ\u00e7\u00e3o de l\u00edquor.<\/li>\n\n\n\n<li>Aumento da reabsor\u00e7\u00e3o de l\u00edquor.<\/li>\n\n\n\n<li>Aumento do retorno venoso.<\/li>\n\n\n\n<li>Outros mecanismos finos.<\/li>\n<\/ul>\n\n\n\n<figure class=\"wp-block-image size-large is-resized\"><img loading=\"lazy\" decoding=\"async\" width=\"819\" height=\"1024\" src=\"https:\/\/www.grupomedcof.com.br\/blog\/wp-content\/uploads\/2025\/05\/image-819x1024.png\" alt=\"Modelo anat\u00f4mico das meninges cerebrais em corte transversal mostrando pia-m\u00e1ter, aracnoide, dura-m\u00e1ter (men\u00edngea e periosteal), espa\u00e7os intracranianos (subdural, subaracn\u00f3ideo), e a rela\u00e7\u00e3o com o cr\u00e2nio e o enc\u00e9falo. Inclui detalhes como o seio sagital superior (drenagem venosa) e a foice do c\u00e9rebro (dura-m\u00e1ter separando os hemisf\u00e9rios cerebrais). A imagem \u00e9 ideal para estudo da anatomia do sistema nervoso central e suas estruturas de prote\u00e7\u00e3o.\" class=\"wp-image-35577\" style=\"width:657px;height:auto\" srcset=\"https:\/\/www.grupomedcof.com.br\/blog\/wp-content\/uploads\/2025\/05\/image-819x1024.png 819w, https:\/\/www.grupomedcof.com.br\/blog\/wp-content\/uploads\/2025\/05\/image-240x300.png 240w, https:\/\/www.grupomedcof.com.br\/blog\/wp-content\/uploads\/2025\/05\/image-768x960.png 768w, https:\/\/www.grupomedcof.com.br\/blog\/wp-content\/uploads\/2025\/05\/image-1229x1536.png 1229w, https:\/\/www.grupomedcof.com.br\/blog\/wp-content\/uploads\/2025\/05\/image-336x420.png 336w, https:\/\/www.grupomedcof.com.br\/blog\/wp-content\/uploads\/2025\/05\/image-150x188.png 150w, https:\/\/www.grupomedcof.com.br\/blog\/wp-content\/uploads\/2025\/05\/image-300x375.png 300w, https:\/\/www.grupomedcof.com.br\/blog\/wp-content\/uploads\/2025\/05\/image-696x870.png 696w, https:\/\/www.grupomedcof.com.br\/blog\/wp-content\/uploads\/2025\/05\/image-1068x1335.png 1068w, https:\/\/www.grupomedcof.com.br\/blog\/wp-content\/uploads\/2025\/05\/image.png 1280w\" sizes=\"auto, (max-width: 819px) 100vw, 819px\" \/><figcaption class=\"wp-element-caption\">Estrutura anat\u00f4mica do cr\u00e2nio, destacando os espa\u00e7os por onde percorrem o Liquor e o Sangue. | Fonte: Acervo de Ilustra\u00e7\u00f5es do Grupo MedCof.<\/figcaption><\/figure>\n\n\n\n<p>A les\u00e3o cerebral impede a <strong>manuten\u00e7\u00e3o da PPC <\/strong>e, consequentemente, ocasiona <strong>hipertens\u00e3o intracraniana<\/strong>, podendo evoluir para <strong>hernia\u00e7\u00e3o<\/strong>.<\/p>\n\n\n\n<h2 class=\"wp-block-heading\" id=\"h-lesoes-que-devem-ser-rapidamente-reconhecidas\"><span class=\"ez-toc-section\" id=\"Lesoes_que_devem_ser_rapidamente_reconhecidas\"><\/span><strong>Les\u00f5es que devem ser rapidamente reconhecidas<\/strong><span class=\"ez-toc-section-end\"><\/span><\/h2>\n\n\n\n<ul class=\"wp-block-list\">\n<li>Ferimentos e <strong>hematomas subgaleais<\/strong> em regi\u00e3o de <strong>couro cabeludo<\/strong>.<\/li>\n\n\n\n<li>Fraturas <strong>lineares<\/strong>, por <strong>afundamento<\/strong>, <strong>diast\u00e1ticas<\/strong> e <strong>comunicativas<\/strong>.<\/li>\n<\/ul>\n\n\n\n<p>Para que possamos identificar com clareza esse tipos de les\u00e3o, podemos buscar por alguns sinais, como:&nbsp;<\/p>\n\n\n\n<ol class=\"wp-block-list\">\n<li><strong>SINAIS DE FRATURA DE BASE DE CR\u00c2NIO:<\/strong><\/li>\n<\/ol>\n\n\n\n<p>&#8211; Sinal de Batalha (equimose retroauricular).<\/p>\n\n\n\n<figure class=\"wp-block-image is-resized\"><img decoding=\"async\" src=\"https:\/\/lh7-rt.googleusercontent.com\/docsz\/AD_4nXfGm4p7eJ-sdnVhkrS7v_f7Jdqt0X6Sn2CEVRb4Eiy-wSuZjCC9M4u655dExStXUuGp1vk4IlRJMh_xXC8-4v9tprH7Q3mp2eucc7KwiuVphIYvJ9o0Vy3QMn5z3GwO4zghsiOQ?key=Rw3I8aMPEdFsEZEWYTtZBg4v\" alt=\"\" style=\"width:537px;height:auto\"\/><figcaption class=\"wp-element-caption\">Fonte: Google Imagens.<\/figcaption><\/figure>\n\n\n\n<p>&#8211; Sinal de Guaxinim (equimose periorbital).<\/p>\n\n\n\n<figure class=\"wp-block-image is-resized\"><img decoding=\"async\" src=\"https:\/\/lh7-rt.googleusercontent.com\/docsz\/AD_4nXdGE60P2xBa2BzSojZdsGzPOcM03JUYPsk0YKPmiKGsB8ESqhn9sl1hTlfD5ojStk-R_wkH_qnxhIIohHaqYblBWb7KaIF4wehGuPX9qJOgjk4_pzkl4rGhkh52dFTsLcag0GO7kA?key=Rw3I8aMPEdFsEZEWYTtZBg4v\" alt=\"\" style=\"width:538px;height:auto\"\/><figcaption class=\"wp-element-caption\">Fonte: Google Imagens.<\/figcaption><\/figure>\n\n\n\n<p>&#8211; Otoliquorr\u00e9ia (sangramento pelos ouvidos).&nbsp;<\/p>\n\n\n\n<p>&#8211; Rinoliquorreia (sangramento pelo nariz).<\/p>\n\n\n\n<p>&#8211; Hemot\u00edmpano.<\/p>\n\n\n\n<figure class=\"wp-block-image\"><img decoding=\"async\" src=\"https:\/\/lh7-rt.googleusercontent.com\/docsz\/AD_4nXdaa7WpQB95NvLuHEwlYyLjPKxwkImr7ncOA24a79y-Q7yo9dNi7Tr_AZiPGpr6i0NOka7lQ8sbCgMCLI2SCQBIAA84VDP2_Q7MKkG8G8Rbh3f-HL5ZkR5Au-q5kX60BaZ5AB_1CA?key=Rw3I8aMPEdFsEZEWYTtZBg4v\" alt=\"\"\/><figcaption class=\"wp-element-caption\">Fonte: Google Imagens.<\/figcaption><\/figure>\n\n\n\n<p>&#8211; Paralisia facial perif\u00e9rica (causada por Les\u00e3o em motoneur\u00f4nio, resultando em paralisia da hemiface ipsilateral a les\u00e3o).<\/p>\n\n\n\n<p>&#8211; Anosmia (perda da sensibilidade olfativa).<\/p>\n\n\n\n<p>&#8211; Pneumoenc\u00e9falo (\u00e0 radiografia).<\/p>\n\n\n\n<figure class=\"wp-block-image\"><img decoding=\"async\" src=\"https:\/\/lh7-rt.googleusercontent.com\/docsz\/AD_4nXfajpJUy8Qi_v9BfQGpDA3nKgg09emfT54FoQhFtnh8q-cOaTPa8xZ3U0pfVnQdXs9jzNjf2wNDtXpGX7hVbzC01ZhUkQNDiSPoyUJnGcporgoincSh3OMq85FhSCg-kSxYvX_aiw?key=Rw3I8aMPEdFsEZEWYTtZBg4v\" alt=\"\"\/><figcaption class=\"wp-element-caption\">Fonte: Google Imagens.<\/figcaption><\/figure>\n\n\n\n<p>\u00c9 fundamental lembrar que a <strong>tomografia computadorizada<\/strong> (TC) de cr\u00e2nio \u00e9 o <strong>exame determinante no diagn\u00f3stico das les\u00f5es intracranianas.<\/strong><\/p>\n\n\n\n<h2 class=\"wp-block-heading\" id=\"h-como-fazemos-a-anamnese\"><span class=\"ez-toc-section\" id=\"Como_fazemos_a_Anamnese\"><\/span><strong>Como fazemos a Anamnese?<\/strong><span class=\"ez-toc-section-end\"><\/span><\/h2>\n\n\n\n<p><strong>Sempre<\/strong> devemos identificar:<\/p>\n\n\n\n<ul class=\"wp-block-list\">\n<li>&nbsp;<strong>Mecanismo<\/strong> e cinem\u00e1tica do trauma.<\/li>\n\n\n\n<li><strong>Tempo<\/strong> entre o trauma e o atendimento.<\/li>\n\n\n\n<li>Presen\u00e7a de <strong>convuls\u00e3o ou perda de consci\u00eancia<\/strong> (e quanto tempo durou).<\/li>\n\n\n\n<li><strong>Antecedentes<\/strong> de epilepsia ou discrasia sangu\u00ednea.<\/li>\n\n\n\n<li>Possibilidade de <strong>intoxica\u00e7\u00e3o<\/strong> ex\u00f3gena.<\/li>\n<\/ul>\n\n\n\n<h2 class=\"wp-block-heading\" id=\"h-gravidade\"><span class=\"ez-toc-section\" id=\"Gravidade\"><\/span><strong>Gravidade<\/strong><span class=\"ez-toc-section-end\"><\/span><\/h2>\n\n\n\n<p>De acordo com a Sociedade Brasileira de Pediatria, podemos classificar a gravidade de um trauma cranioencef\u00e1lico de acordo com os seguintes crit\u00e9rios:<\/p>\n\n\n\n<figure class=\"wp-block-image\"><img decoding=\"async\" src=\"https:\/\/lh7-rt.googleusercontent.com\/docsz\/AD_4nXdkIGrhh5aDjKpRhqkgsrVIXAi-WsapCKH6-Hq5Mbglftj7cb-nsaNvg96XIUUexlE5_qmEcdSOmUFJMkzYNLqwHpWuvbQyhBUbZ3skzpT9hCFNVfjEkdLNYBpATESZoUxeKS_HwQ?key=Rw3I8aMPEdFsEZEWYTtZBg4v\" alt=\"\"\/><figcaption class=\"wp-element-caption\">Fonte: Minist\u00e9rio da Sa\u00fade, 2018<\/figcaption><\/figure>\n\n\n\n<p>De acordo com o n\u00famero de pontos acumulados, temos que a gravidade pode ser dita como <strong>leve<\/strong> em <strong>somas maiores que 14,<\/strong> como <strong>moderada<\/strong> em pontua\u00e7\u00f5es que variam <strong>de 9 a 13<\/strong> e, por fim, <strong>grave<\/strong> quando o somat\u00f3rio resulta em <strong>8 pontos ou menos.<\/strong>&nbsp;<\/p>\n\n\n\n<p>Al\u00e9m disso, outros sinais de gravidade s\u00e3o:&nbsp;<\/p>\n\n\n\n<ul class=\"wp-block-list\">\n<li>Perda da consci\u00eancia.<\/li>\n\n\n\n<li>V\u00f4mitos (se &gt; 2 epis\u00f3dios).<\/li>\n\n\n\n<li>Crise convulsiva.<\/li>\n\n\n\n<li>Amn\u00e9sia lacunar.<\/li>\n\n\n\n<li>Sinais de fratura ou afundamento de cr\u00e2nio.<\/li>\n\n\n\n<li>Sinais de fratura de base de cr\u00e2nio.<\/li>\n<\/ul>\n\n\n\n<h2 class=\"wp-block-heading\" id=\"h-trauma-leve\"><span class=\"ez-toc-section\" id=\"Trauma_Leve\"><\/span><strong>Trauma Leve<\/strong><span class=\"ez-toc-section-end\"><\/span><\/h2>\n\n\n\n<p>A crian\u00e7a deve ser mantida em <strong>observa\u00e7\u00e3o em domic\u00edlio<\/strong>. Os pais devem ser orientados sobre os <strong>sinais de rebaixamento de n\u00edvel<\/strong> <strong>de consci\u00eancia<\/strong> e as indica\u00e7\u00f5es de buscar atendimento m\u00e9dico.<\/p>\n\n\n\n<h2 class=\"wp-block-heading\" id=\"h-trauma-moderado-a-grave\"><span class=\"ez-toc-section\" id=\"Trauma_moderado_a_grave\"><\/span><strong>Trauma moderado a grave<\/strong><span class=\"ez-toc-section-end\"><\/span><\/h2>\n\n\n\n<p>Nesse caso, algumas condutas devem ser realizadas de forma mais r\u00e1pida e em espa\u00e7o hospitalar, tais como:&nbsp;<\/p>\n\n\n\n<ul class=\"wp-block-list\">\n<li>Realizar <strong>tomografia computadorizada<\/strong> assim que poss\u00edvel.<\/li>\n\n\n\n<li>Assist\u00eancia em <strong>UTI<\/strong>.<\/li>\n\n\n\n<li><strong>Vigil\u00e2ncia constante<\/strong> para sinais de <strong>deteriora\u00e7\u00e3o neurol\u00f3gica<\/strong>.<\/li>\n\n\n\n<li><strong>Intuba\u00e7\u00e3o orotraqueal<\/strong> (IOT) + <strong>Ventila\u00e7\u00e3o Mec\u00e2nica<\/strong> se Escala de Coma de Glasgow (ECG) &lt; 9.<\/li>\n<\/ul>\n\n\n\n<figure class=\"wp-block-image\"><img decoding=\"async\" src=\"https:\/\/lh7-rt.googleusercontent.com\/docsz\/AD_4nXeKdBPof4daAgsFoIi6Tm3ddltSNa1g8BJjhRJxDqeyLwQdkE7H1NLlvSL0IGZIUggGiDmFOJpN2y3zCpVBtvBrpyoTl1inoiOq0FPqN1CNQUxDIVn7elx2TmHfv-c0Xv131gTW?key=_-OBTvqat42kJDXXzfZ7ng\" alt=\"\"\/><figcaption class=\"wp-element-caption\">Simula\u00e7\u00e3o de intuba\u00e7\u00e3o orotraqueal em corpo infantil. Fonte: <a href=\"https:\/\/jornaldomedico.com.br\/2023\/09\/artigo-emergencia-intubacao-orotraqueal-na-pediatria\/\">https:\/\/jornaldomedico.com.br\/2023\/09\/artigo-emergencia-intubacao-orotraqueal-na-pediatria\/<\/a>&nbsp;<\/figcaption><\/figure>\n\n\n\n<h3 class=\"wp-block-heading\" id=\"h-cuidados-basicos-da-crianca-com-trauma-moderado-a-grave\"><span class=\"ez-toc-section\" id=\"Cuidados_basicos_da_crianca_com_trauma_moderado_a_grave\"><\/span><strong>Cuidados b\u00e1sicos da crian\u00e7a com trauma moderado a grave<\/strong><span class=\"ez-toc-section-end\"><\/span><\/h3>\n\n\n\n<ul class=\"wp-block-list\">\n<li>Cabeceira elevada em 30\u00ba;<\/li>\n\n\n\n<li>Seda\u00e7\u00e3o e analgesia (benzodiazep\u00ednicos e opioides), minimizando est\u00edmulos externos;<\/li>\n\n\n\n<li>Ventila\u00e7\u00e3o (se necess\u00e1rio) com PaO2 entre 90 e 100 mmHg e PaCO2 entre 35 e 40 mmHg;<\/li>\n\n\n\n<li>Controle de Temperatura: m\u00e1ximo 38\u00ba C;<\/li>\n\n\n\n<li>Volume intravascular e controle de d\u00e9bito urin\u00e1rio;<\/li>\n\n\n\n<li>Manter hemoglobina superior a 7,0 g\/dL;<\/li>\n\n\n\n<li>Nutri\u00e7\u00e3o enteral o mais precocemente poss\u00edvel, por sonda;<\/li>\n\n\n\n<li>Drogas antiepil\u00e9pticas em caso de crises convulsivas, epilepsia pr\u00e9via ou les\u00e3o focal na TC.<\/li>\n<\/ul>\n\n\n\n<figure class=\"wp-block-image\"><img decoding=\"async\" src=\"https:\/\/lh7-rt.googleusercontent.com\/docsz\/AD_4nXfajAYEfaxRXZsDlYNPio-KP7FTy-62v9i7UmNxgzFpqTotQmFbb-fFH-9VGwEiaioJyF9OH9bfVFMcRkQV91tSxq-KvLCthjI3ZhRBx9kS5uBwjny-_4F1-_fSo69TsucnFr9vWg?key=_-OBTvqat42kJDXXzfZ7ng\" alt=\"\"\/><figcaption class=\"wp-element-caption\">Sonda nasal para alimenta\u00e7\u00e3o enteral. Fonte: <a href=\"https:\/\/depositphotos.com\/br\/photos\/alimenta%C3%A7%C3%A3o-por-sonda.html\">https:\/\/depositphotos.com\/br\/photos\/alimenta%C3%A7%C3%A3o-por-sonda.html<\/a>&nbsp;<\/figcaption><\/figure>\n\n\n\n<p>Al\u00e9m disso, \u00e9 importante lembrar que, na presen\u00e7a de fratura de base de cr\u00e2nio, sonda via nasal est\u00e1 <strong>contraindicada<\/strong>!<\/p>\n\n\n\n<ul class=\"wp-block-list\">\n<li><strong>Na presen\u00e7a de hernia\u00e7\u00e3o cerebral:<\/strong><\/li>\n<\/ul>\n\n\n\n<ul class=\"wp-block-list\">\n<li>Hiperventilar com O2 a 100% at\u00e9 reverter.<\/li>\n\n\n\n<li>Solu\u00e7\u00e3o salina hipert\u00f4nica (3%) ou manitol em bolus.<\/li>\n\n\n\n<li>Contato com neurocirurgia.<\/li>\n<\/ul>\n\n\n\n<p>Lembrando que para reconhecer os sinais de hernia\u00e7\u00e3o cerebral, observamos:&nbsp;<\/p>\n\n\n\n<ul class=\"wp-block-list\">\n<li>&nbsp;Dilata\u00e7\u00e3o pupilar.<\/li>\n\n\n\n<li>Postura flexora\/extensora.<\/li>\n\n\n\n<li>Tr\u00edade de Cushing: altera\u00e7\u00e3o respirat\u00f3ria + bradicardia + HAS.<\/li>\n<\/ul>\n\n\n\n<ul class=\"wp-block-list\">\n<li><strong>Na presen\u00e7a de hipertens\u00e3o intracraniana (HIC):<\/strong><\/li>\n<\/ul>\n\n\n\n<ul class=\"wp-block-list\">\n<li>Cateter subdural, intraparenquimatoso ou intraventricular para monitora\u00e7\u00e3o nos casos graves.<\/li>\n\n\n\n<li>Alvo da PIC: &lt; 20 mmHg.<\/li>\n\n\n\n<li>Alvo da PPC: \u2265 40 mmHg.<\/li>\n\n\n\n<li>Se aumento da press\u00e3o intracraniana (PIC) por mais de 5 minutos = infundir solu\u00e7\u00e3o hipert\u00f4nica 3% de 2 a 5 mL\/kg.<\/li>\n\n\n\n<li>Manitol a 20% pode ser usado na dose de 0,25 a 1g\/kg em bolus.<\/li>\n\n\n\n<li>Otimizar seda\u00e7\u00e3o e analgesia + bloqueio neuromuscular.<\/li>\n<\/ul>\n\n\n\n<p>\u00c9 importante lembrar que os principais <strong>sinais de HIC s\u00e3o:<\/strong><\/p>\n\n\n\n<ul class=\"wp-block-list\">\n<li>Cefaleia.<\/li>\n\n\n\n<li>V\u00f4mitos em jato.<\/li>\n\n\n\n<li>Papiledema.<\/li>\n<\/ul>\n\n\n\n<figure class=\"wp-block-image\"><img decoding=\"async\" src=\"https:\/\/lh7-rt.googleusercontent.com\/docsz\/AD_4nXd_YPtPo4fvgFCiLUI2bxc3eMfBhbrUTgGqQklRjHYAH0H48PnD4vt0SbVpf2S2SPOU9knfgeJJbmyWou62kd0mLxqG5hjkWcSr3sH0ToowKE_O6JH_4Saphm_Cv5IpbVp4Q-hVcQ?key=_-OBTvqat42kJDXXzfZ7ng\" alt=\"\"\/><figcaption class=\"wp-element-caption\">Papiledemas bilaterais. Fonte: Revista Brasileira de Oftalmoligia <a href=\"https:\/\/images.app.goo.gl\/TUr8ByVeeZdCy6Tm6\">https:\/\/images.app.goo.gl\/TUr8ByVeeZdCy6Tm6<\/a>&nbsp;<\/figcaption><\/figure>\n\n\n\n<p><\/p>\n\n\n\n<h2 class=\"wp-block-heading\"><span class=\"ez-toc-section\" id=\"Seja_um_MedCofer\"><\/span><strong>Seja um MedCofer!<\/strong><span class=\"ez-toc-section-end\"><\/span><\/h2>\n\n\n\n<p>Quer alcan\u00e7ar a aprova\u00e7\u00e3o nas provas de resid\u00eancia m\u00e9dica? Ent\u00e3o seja um&nbsp;<a href=\"https:\/\/www.grupomedcof.com.br\/home\/\" target=\"_blank\" rel=\"noreferrer noopener\"><strong>MedCofer<\/strong><\/a>! Aqui te ajudaremos na busca da aprova\u00e7\u00e3o com conte\u00fados de qualidade e uma metodologia que j\u00e1 aprovou mais de 10 mil residentes no pa\u00eds! Por fim, acesse o nosso<a href=\"https:\/\/www.youtube.com\/@GrupoMedcof\/featured\">&nbsp;<strong>canal do youtube&nbsp;<\/strong><\/a>para ver o nosso material.<\/p>\n\n\n\n<figure class=\"wp-block-embed is-type-video is-provider-youtube wp-block-embed-youtube wp-embed-aspect-16-9 wp-has-aspect-ratio\"><div class=\"wp-block-embed__wrapper\">\n<div class=\"youtube-embed\" data-video_id=\"1bW21urTlAM\"><iframe loading=\"lazy\" title=\"COFEXPRESS - Trauma Cranioencef\u00e1lico. Com Dr. Henrique Lunardelli\" width=\"696\" height=\"392\" src=\"https:\/\/www.youtube.com\/embed\/1bW21urTlAM?feature=oembed&#038;enablejsapi=1\" frameborder=\"0\" allow=\"accelerometer; autoplay; clipboard-write; encrypted-media; gyroscope; picture-in-picture; web-share\" referrerpolicy=\"strict-origin-when-cross-origin\" allowfullscreen><\/iframe><\/div>\n<\/div><\/figure>\n","protected":false},"excerpt":{"rendered":"<p>O trauma cr\u00e2nio encef\u00e1lico (TCE) \u00e9 um problema de sa\u00fade p\u00fablica, especialmente na faixa et\u00e1ria pedi\u00e1trica, causando consequ\u00eancias sist\u00eamicas graves.\u00a0<\/p>\n","protected":false},"author":21,"featured_media":35578,"comment_status":"closed","ping_status":"closed","sticky":false,"template":"","format":"standard","meta":{"footnotes":""},"categories":[120],"tags":[3009,1740,2772,2870],"ppma_author":[3617],"class_list":{"0":"post-35575","1":"post","2":"type-post","3":"status-publish","4":"format-standard","5":"has-post-thumbnail","7":"category-pediatria","8":"tag-revisado-por-thais-renata","9":"tag-trauma","10":"tag-trauma-cranioencefalico","11":"tag-trauma-na-infancia"},"yoast_head":"<!-- This site is optimized with the Yoast SEO Premium plugin v24.3 (Yoast SEO v27.4) - https:\/\/yoast.com\/product\/yoast-seo-premium-wordpress\/ -->\n<title>Tipos de Trauma Cranioencef\u00e1lico na inf\u00e2ncia - Blog de Medcof: conte\u00fados, editais, revalida e mais!<\/title>\n<meta name=\"description\" content=\"O trauma cr\u00e2nio encef\u00e1lico (TCE) \u00e9 um problema de sa\u00fade p\u00fablica, especialmente na faixa et\u00e1ria pedi\u00e1trica, causando consequ\u00eancias sist\u00eamicas graves.\u00a0\" \/>\n<meta name=\"robots\" content=\"index, follow, max-snippet:-1, max-image-preview:large, max-video-preview:-1\" \/>\n<link rel=\"canonical\" href=\"https:\/\/www.grupomedcof.com.br\/blog\/tipos-do-trauma-cranioencefalico-na-infancia\/\" \/>\n<meta property=\"og:locale\" content=\"pt_BR\" \/>\n<meta property=\"og:type\" content=\"article\" \/>\n<meta property=\"og:title\" content=\"Tipos de Trauma Cranioencef\u00e1lico na inf\u00e2ncia\" \/>\n<meta property=\"og:description\" content=\"O trauma cr\u00e2nio encef\u00e1lico (TCE) \u00e9 um problema de sa\u00fade p\u00fablica, especialmente na faixa et\u00e1ria pedi\u00e1trica, causando consequ\u00eancias sist\u00eamicas graves.\u00a0\" \/>\n<meta property=\"og:url\" content=\"https:\/\/www.grupomedcof.com.br\/blog\/tipos-do-trauma-cranioencefalico-na-infancia\/\" \/>\n<meta property=\"og:site_name\" content=\"Blog de Medcof: conte\u00fados, editais, revalida e mais!\" \/>\n<meta property=\"article:publisher\" content=\"https:\/\/www.facebook.com\/MedCofQbank\/\" \/>\n<meta property=\"article:published_time\" content=\"2025-06-05T11:58:38+00:00\" \/>\n<meta property=\"article:modified_time\" content=\"2025-06-20T16:27:46+00:00\" \/>\n<meta property=\"og:image\" content=\"https:\/\/www.grupomedcof.com.br\/blog\/wp-content\/uploads\/2025\/05\/Blog-MedCof-2025-05-05T154919.495.jpg\" \/>\n\t<meta property=\"og:image:width\" content=\"1920\" \/>\n\t<meta property=\"og:image:height\" content=\"1080\" \/>\n\t<meta property=\"og:image:type\" content=\"image\/jpeg\" \/>\n<meta name=\"author\" content=\"Kiara Adelino\" \/>\n<meta name=\"twitter:card\" content=\"summary_large_image\" \/>\n<meta name=\"twitter:label1\" content=\"Escrito por\" \/>\n\t<meta name=\"twitter:data1\" content=\"Kiara Adelino\" \/>\n\t<meta name=\"twitter:label2\" content=\"Est. tempo de leitura\" \/>\n\t<meta name=\"twitter:data2\" content=\"7 minutos\" \/>\n<script type=\"application\/ld+json\" class=\"yoast-schema-graph\">{\"@context\":\"https:\\\/\\\/schema.org\",\"@graph\":[{\"@type\":\"Article\",\"@id\":\"https:\\\/\\\/www.grupomedcof.com.br\\\/blog\\\/tipos-do-trauma-cranioencefalico-na-infancia\\\/#article\",\"isPartOf\":{\"@id\":\"https:\\\/\\\/www.grupomedcof.com.br\\\/blog\\\/tipos-do-trauma-cranioencefalico-na-infancia\\\/\"},\"author\":{\"name\":\"Kiara Adelino\",\"@id\":\"https:\\\/\\\/www.grupomedcof.com.br\\\/blog\\\/#\\\/schema\\\/person\\\/db19a651f86c5fc202d6eee744fd3292\"},\"headline\":\"Tipos de Trauma Cranioencef\u00e1lico na inf\u00e2ncia\",\"datePublished\":\"2025-06-05T11:58:38+00:00\",\"dateModified\":\"2025-06-20T16:27:46+00:00\",\"mainEntityOfPage\":{\"@id\":\"https:\\\/\\\/www.grupomedcof.com.br\\\/blog\\\/tipos-do-trauma-cranioencefalico-na-infancia\\\/\"},\"wordCount\":1000,\"publisher\":{\"@id\":\"https:\\\/\\\/www.grupomedcof.com.br\\\/blog\\\/#organization\"},\"image\":{\"@id\":\"https:\\\/\\\/www.grupomedcof.com.br\\\/blog\\\/tipos-do-trauma-cranioencefalico-na-infancia\\\/#primaryimage\"},\"thumbnailUrl\":\"https:\\\/\\\/www.grupomedcof.com.br\\\/blog\\\/wp-content\\\/uploads\\\/2025\\\/05\\\/Blog-MedCof-2025-05-05T154919.495.jpg\",\"keywords\":[\"Revisado por: Thais Renata\",\"Trauma\",\"Trauma Cranioencef\u00e1lico\",\"Trauma na inf\u00e2ncia\"],\"articleSection\":[\"Pediatria\"],\"inLanguage\":\"pt-BR\"},{\"@type\":\"WebPage\",\"@id\":\"https:\\\/\\\/www.grupomedcof.com.br\\\/blog\\\/tipos-do-trauma-cranioencefalico-na-infancia\\\/\",\"url\":\"https:\\\/\\\/www.grupomedcof.com.br\\\/blog\\\/tipos-do-trauma-cranioencefalico-na-infancia\\\/\",\"name\":\"Tipos de Trauma Cranioencef\u00e1lico na inf\u00e2ncia - Blog de Medcof: conte\u00fados, editais, revalida e mais!\",\"isPartOf\":{\"@id\":\"https:\\\/\\\/www.grupomedcof.com.br\\\/blog\\\/#website\"},\"primaryImageOfPage\":{\"@id\":\"https:\\\/\\\/www.grupomedcof.com.br\\\/blog\\\/tipos-do-trauma-cranioencefalico-na-infancia\\\/#primaryimage\"},\"image\":{\"@id\":\"https:\\\/\\\/www.grupomedcof.com.br\\\/blog\\\/tipos-do-trauma-cranioencefalico-na-infancia\\\/#primaryimage\"},\"thumbnailUrl\":\"https:\\\/\\\/www.grupomedcof.com.br\\\/blog\\\/wp-content\\\/uploads\\\/2025\\\/05\\\/Blog-MedCof-2025-05-05T154919.495.jpg\",\"datePublished\":\"2025-06-05T11:58:38+00:00\",\"dateModified\":\"2025-06-20T16:27:46+00:00\",\"description\":\"O trauma cr\u00e2nio encef\u00e1lico (TCE) \u00e9 um problema de sa\u00fade p\u00fablica, especialmente na faixa et\u00e1ria pedi\u00e1trica, causando consequ\u00eancias sist\u00eamicas graves.\u00a0\",\"breadcrumb\":{\"@id\":\"https:\\\/\\\/www.grupomedcof.com.br\\\/blog\\\/tipos-do-trauma-cranioencefalico-na-infancia\\\/#breadcrumb\"},\"inLanguage\":\"pt-BR\",\"potentialAction\":[{\"@type\":\"ReadAction\",\"target\":[\"https:\\\/\\\/www.grupomedcof.com.br\\\/blog\\\/tipos-do-trauma-cranioencefalico-na-infancia\\\/\"]}]},{\"@type\":\"ImageObject\",\"inLanguage\":\"pt-BR\",\"@id\":\"https:\\\/\\\/www.grupomedcof.com.br\\\/blog\\\/tipos-do-trauma-cranioencefalico-na-infancia\\\/#primaryimage\",\"url\":\"https:\\\/\\\/www.grupomedcof.com.br\\\/blog\\\/wp-content\\\/uploads\\\/2025\\\/05\\\/Blog-MedCof-2025-05-05T154919.495.jpg\",\"contentUrl\":\"https:\\\/\\\/www.grupomedcof.com.br\\\/blog\\\/wp-content\\\/uploads\\\/2025\\\/05\\\/Blog-MedCof-2025-05-05T154919.495.jpg\",\"width\":1920,\"height\":1080,\"caption\":\"Imagem: Canva.\"},{\"@type\":\"BreadcrumbList\",\"@id\":\"https:\\\/\\\/www.grupomedcof.com.br\\\/blog\\\/tipos-do-trauma-cranioencefalico-na-infancia\\\/#breadcrumb\",\"itemListElement\":[{\"@type\":\"ListItem\",\"position\":1,\"name\":\"In\u00edcio\",\"item\":\"https:\\\/\\\/www.grupomedcof.com.br\\\/blog\\\/\"},{\"@type\":\"ListItem\",\"position\":2,\"name\":\"Tipos de Trauma Cranioencef\u00e1lico na inf\u00e2ncia\"}]},{\"@type\":\"WebSite\",\"@id\":\"https:\\\/\\\/www.grupomedcof.com.br\\\/blog\\\/#website\",\"url\":\"https:\\\/\\\/www.grupomedcof.com.br\\\/blog\\\/\",\"name\":\"Blog de Medcof: conte\u00fados, editais, revalida e mais!\",\"description\":\"Acesso o blog de MedCof! Seu portal de conte\u00fados sobre resid\u00eancia m\u00e9dica, an\u00e1lise e editais e muito mais. Clique e confira!\",\"publisher\":{\"@id\":\"https:\\\/\\\/www.grupomedcof.com.br\\\/blog\\\/#organization\"},\"alternateName\":\"Blog de Medcof: conte\u00fados, editais, revalida e mais!\",\"potentialAction\":[{\"@type\":\"SearchAction\",\"target\":{\"@type\":\"EntryPoint\",\"urlTemplate\":\"https:\\\/\\\/www.grupomedcof.com.br\\\/blog\\\/?s={search_term_string}\"},\"query-input\":{\"@type\":\"PropertyValueSpecification\",\"valueRequired\":true,\"valueName\":\"search_term_string\"}}],\"inLanguage\":\"pt-BR\"},{\"@type\":\"Organization\",\"@id\":\"https:\\\/\\\/www.grupomedcof.com.br\\\/blog\\\/#organization\",\"name\":\"Grupo MedCof\",\"url\":\"https:\\\/\\\/www.grupomedcof.com.br\\\/blog\\\/\",\"logo\":{\"@type\":\"ImageObject\",\"inLanguage\":\"pt-BR\",\"@id\":\"https:\\\/\\\/www.grupomedcof.com.br\\\/blog\\\/#\\\/schema\\\/logo\\\/image\\\/\",\"url\":\"https:\\\/\\\/www.grupomedcof.com.br\\\/blog\\\/wp-content\\\/uploads\\\/2022\\\/01\\\/logo-medcof.png\",\"contentUrl\":\"https:\\\/\\\/www.grupomedcof.com.br\\\/blog\\\/wp-content\\\/uploads\\\/2022\\\/01\\\/logo-medcof.png\",\"width\":768,\"height\":269,\"caption\":\"Grupo MedCof\"},\"image\":{\"@id\":\"https:\\\/\\\/www.grupomedcof.com.br\\\/blog\\\/#\\\/schema\\\/logo\\\/image\\\/\"},\"sameAs\":[\"https:\\\/\\\/www.facebook.com\\\/MedCofQbank\\\/\",\"https:\\\/\\\/www.instagram.com\\\/grupomedcof\\\/\",\"https:\\\/\\\/br.linkedin.com\\\/company\\\/medcof\",\"https:\\\/\\\/www.youtube.com\\\/channel\\\/UCdHMuOHKICxcHwecxN8P-AA\"]},{\"@type\":\"Person\",\"@id\":\"https:\\\/\\\/www.grupomedcof.com.br\\\/blog\\\/#\\\/schema\\\/person\\\/db19a651f86c5fc202d6eee744fd3292\",\"name\":\"Kiara Adelino\",\"image\":{\"@type\":\"ImageObject\",\"inLanguage\":\"pt-BR\",\"@id\":\"https:\\\/\\\/www.grupomedcof.com.br\\\/blog\\\/wp-content\\\/uploads\\\/2024\\\/08\\\/cropped-Kiara-Adelino2-96x96.jpega85663bdda67261f8f06f86e555e1e49\",\"url\":\"https:\\\/\\\/www.grupomedcof.com.br\\\/blog\\\/wp-content\\\/uploads\\\/2024\\\/08\\\/cropped-Kiara-Adelino2-96x96.jpeg\",\"contentUrl\":\"https:\\\/\\\/www.grupomedcof.com.br\\\/blog\\\/wp-content\\\/uploads\\\/2024\\\/08\\\/cropped-Kiara-Adelino2-96x96.jpeg\",\"caption\":\"Kiara Adelino\"},\"description\":\"Estudante do 5\u00b0 semestre de Medicina. Gosto bastante de aprender coisas novas, principalmente na \u00e1rea de Neurologia e Anatomia humana.\",\"url\":\"https:\\\/\\\/www.grupomedcof.com.br\\\/blog\\\/author\\\/kiara-adelino\\\/\"}]}<\/script>\n<!-- \/ Yoast SEO Premium plugin. -->","yoast_head_json":{"title":"Tipos de Trauma Cranioencef\u00e1lico na inf\u00e2ncia - Blog de Medcof: conte\u00fados, editais, revalida e mais!","description":"O trauma cr\u00e2nio encef\u00e1lico (TCE) \u00e9 um problema de sa\u00fade p\u00fablica, especialmente na faixa et\u00e1ria pedi\u00e1trica, causando consequ\u00eancias sist\u00eamicas graves.\u00a0","robots":{"index":"index","follow":"follow","max-snippet":"max-snippet:-1","max-image-preview":"max-image-preview:large","max-video-preview":"max-video-preview:-1"},"canonical":"https:\/\/www.grupomedcof.com.br\/blog\/tipos-do-trauma-cranioencefalico-na-infancia\/","og_locale":"pt_BR","og_type":"article","og_title":"Tipos de Trauma Cranioencef\u00e1lico na inf\u00e2ncia","og_description":"O trauma cr\u00e2nio encef\u00e1lico (TCE) \u00e9 um problema de sa\u00fade p\u00fablica, especialmente na faixa et\u00e1ria pedi\u00e1trica, causando consequ\u00eancias sist\u00eamicas graves.\u00a0","og_url":"https:\/\/www.grupomedcof.com.br\/blog\/tipos-do-trauma-cranioencefalico-na-infancia\/","og_site_name":"Blog de Medcof: conte\u00fados, editais, revalida e mais!","article_publisher":"https:\/\/www.facebook.com\/MedCofQbank\/","article_published_time":"2025-06-05T11:58:38+00:00","article_modified_time":"2025-06-20T16:27:46+00:00","og_image":[{"width":1920,"height":1080,"url":"https:\/\/www.grupomedcof.com.br\/blog\/wp-content\/uploads\/2025\/05\/Blog-MedCof-2025-05-05T154919.495.jpg","type":"image\/jpeg"}],"author":"Kiara Adelino","twitter_card":"summary_large_image","twitter_misc":{"Escrito por":"Kiara Adelino","Est. tempo de leitura":"7 minutos"},"schema":{"@context":"https:\/\/schema.org","@graph":[{"@type":"Article","@id":"https:\/\/www.grupomedcof.com.br\/blog\/tipos-do-trauma-cranioencefalico-na-infancia\/#article","isPartOf":{"@id":"https:\/\/www.grupomedcof.com.br\/blog\/tipos-do-trauma-cranioencefalico-na-infancia\/"},"author":{"name":"Kiara Adelino","@id":"https:\/\/www.grupomedcof.com.br\/blog\/#\/schema\/person\/db19a651f86c5fc202d6eee744fd3292"},"headline":"Tipos de Trauma Cranioencef\u00e1lico na inf\u00e2ncia","datePublished":"2025-06-05T11:58:38+00:00","dateModified":"2025-06-20T16:27:46+00:00","mainEntityOfPage":{"@id":"https:\/\/www.grupomedcof.com.br\/blog\/tipos-do-trauma-cranioencefalico-na-infancia\/"},"wordCount":1000,"publisher":{"@id":"https:\/\/www.grupomedcof.com.br\/blog\/#organization"},"image":{"@id":"https:\/\/www.grupomedcof.com.br\/blog\/tipos-do-trauma-cranioencefalico-na-infancia\/#primaryimage"},"thumbnailUrl":"https:\/\/www.grupomedcof.com.br\/blog\/wp-content\/uploads\/2025\/05\/Blog-MedCof-2025-05-05T154919.495.jpg","keywords":["Revisado por: Thais Renata","Trauma","Trauma Cranioencef\u00e1lico","Trauma na inf\u00e2ncia"],"articleSection":["Pediatria"],"inLanguage":"pt-BR"},{"@type":"WebPage","@id":"https:\/\/www.grupomedcof.com.br\/blog\/tipos-do-trauma-cranioencefalico-na-infancia\/","url":"https:\/\/www.grupomedcof.com.br\/blog\/tipos-do-trauma-cranioencefalico-na-infancia\/","name":"Tipos de Trauma Cranioencef\u00e1lico na inf\u00e2ncia - Blog de Medcof: conte\u00fados, editais, revalida e mais!","isPartOf":{"@id":"https:\/\/www.grupomedcof.com.br\/blog\/#website"},"primaryImageOfPage":{"@id":"https:\/\/www.grupomedcof.com.br\/blog\/tipos-do-trauma-cranioencefalico-na-infancia\/#primaryimage"},"image":{"@id":"https:\/\/www.grupomedcof.com.br\/blog\/tipos-do-trauma-cranioencefalico-na-infancia\/#primaryimage"},"thumbnailUrl":"https:\/\/www.grupomedcof.com.br\/blog\/wp-content\/uploads\/2025\/05\/Blog-MedCof-2025-05-05T154919.495.jpg","datePublished":"2025-06-05T11:58:38+00:00","dateModified":"2025-06-20T16:27:46+00:00","description":"O trauma cr\u00e2nio encef\u00e1lico (TCE) \u00e9 um problema de sa\u00fade p\u00fablica, especialmente na faixa et\u00e1ria pedi\u00e1trica, causando consequ\u00eancias sist\u00eamicas graves.\u00a0","breadcrumb":{"@id":"https:\/\/www.grupomedcof.com.br\/blog\/tipos-do-trauma-cranioencefalico-na-infancia\/#breadcrumb"},"inLanguage":"pt-BR","potentialAction":[{"@type":"ReadAction","target":["https:\/\/www.grupomedcof.com.br\/blog\/tipos-do-trauma-cranioencefalico-na-infancia\/"]}]},{"@type":"ImageObject","inLanguage":"pt-BR","@id":"https:\/\/www.grupomedcof.com.br\/blog\/tipos-do-trauma-cranioencefalico-na-infancia\/#primaryimage","url":"https:\/\/www.grupomedcof.com.br\/blog\/wp-content\/uploads\/2025\/05\/Blog-MedCof-2025-05-05T154919.495.jpg","contentUrl":"https:\/\/www.grupomedcof.com.br\/blog\/wp-content\/uploads\/2025\/05\/Blog-MedCof-2025-05-05T154919.495.jpg","width":1920,"height":1080,"caption":"Imagem: Canva."},{"@type":"BreadcrumbList","@id":"https:\/\/www.grupomedcof.com.br\/blog\/tipos-do-trauma-cranioencefalico-na-infancia\/#breadcrumb","itemListElement":[{"@type":"ListItem","position":1,"name":"In\u00edcio","item":"https:\/\/www.grupomedcof.com.br\/blog\/"},{"@type":"ListItem","position":2,"name":"Tipos de Trauma Cranioencef\u00e1lico na inf\u00e2ncia"}]},{"@type":"WebSite","@id":"https:\/\/www.grupomedcof.com.br\/blog\/#website","url":"https:\/\/www.grupomedcof.com.br\/blog\/","name":"Blog de Medcof: conte\u00fados, editais, revalida e mais!","description":"Acesso o blog de MedCof! Seu portal de conte\u00fados sobre resid\u00eancia m\u00e9dica, an\u00e1lise e editais e muito mais. Clique e confira!","publisher":{"@id":"https:\/\/www.grupomedcof.com.br\/blog\/#organization"},"alternateName":"Blog de Medcof: conte\u00fados, editais, revalida e mais!","potentialAction":[{"@type":"SearchAction","target":{"@type":"EntryPoint","urlTemplate":"https:\/\/www.grupomedcof.com.br\/blog\/?s={search_term_string}"},"query-input":{"@type":"PropertyValueSpecification","valueRequired":true,"valueName":"search_term_string"}}],"inLanguage":"pt-BR"},{"@type":"Organization","@id":"https:\/\/www.grupomedcof.com.br\/blog\/#organization","name":"Grupo MedCof","url":"https:\/\/www.grupomedcof.com.br\/blog\/","logo":{"@type":"ImageObject","inLanguage":"pt-BR","@id":"https:\/\/www.grupomedcof.com.br\/blog\/#\/schema\/logo\/image\/","url":"https:\/\/www.grupomedcof.com.br\/blog\/wp-content\/uploads\/2022\/01\/logo-medcof.png","contentUrl":"https:\/\/www.grupomedcof.com.br\/blog\/wp-content\/uploads\/2022\/01\/logo-medcof.png","width":768,"height":269,"caption":"Grupo MedCof"},"image":{"@id":"https:\/\/www.grupomedcof.com.br\/blog\/#\/schema\/logo\/image\/"},"sameAs":["https:\/\/www.facebook.com\/MedCofQbank\/","https:\/\/www.instagram.com\/grupomedcof\/","https:\/\/br.linkedin.com\/company\/medcof","https:\/\/www.youtube.com\/channel\/UCdHMuOHKICxcHwecxN8P-AA"]},{"@type":"Person","@id":"https:\/\/www.grupomedcof.com.br\/blog\/#\/schema\/person\/db19a651f86c5fc202d6eee744fd3292","name":"Kiara Adelino","image":{"@type":"ImageObject","inLanguage":"pt-BR","@id":"https:\/\/www.grupomedcof.com.br\/blog\/wp-content\/uploads\/2024\/08\/cropped-Kiara-Adelino2-96x96.jpega85663bdda67261f8f06f86e555e1e49","url":"https:\/\/www.grupomedcof.com.br\/blog\/wp-content\/uploads\/2024\/08\/cropped-Kiara-Adelino2-96x96.jpeg","contentUrl":"https:\/\/www.grupomedcof.com.br\/blog\/wp-content\/uploads\/2024\/08\/cropped-Kiara-Adelino2-96x96.jpeg","caption":"Kiara Adelino"},"description":"Estudante do 5\u00b0 semestre de Medicina. Gosto bastante de aprender coisas novas, principalmente na \u00e1rea de Neurologia e Anatomia humana.","url":"https:\/\/www.grupomedcof.com.br\/blog\/author\/kiara-adelino\/"}]}},"authors":[{"term_id":3617,"user_id":21,"is_guest":0,"slug":"kiara-adelino","display_name":"Kiara Adelino","avatar_url":"https:\/\/www.grupomedcof.com.br\/blog\/wp-content\/uploads\/2024\/08\/cropped-Kiara-Adelino2-96x96.jpeg","0":null,"1":"","2":"","3":"","4":"","5":"","6":"","7":"","8":""}],"_links":{"self":[{"href":"https:\/\/www.grupomedcof.com.br\/blog\/wp-json\/wp\/v2\/posts\/35575","targetHints":{"allow":["GET"]}}],"collection":[{"href":"https:\/\/www.grupomedcof.com.br\/blog\/wp-json\/wp\/v2\/posts"}],"about":[{"href":"https:\/\/www.grupomedcof.com.br\/blog\/wp-json\/wp\/v2\/types\/post"}],"author":[{"embeddable":true,"href":"https:\/\/www.grupomedcof.com.br\/blog\/wp-json\/wp\/v2\/users\/21"}],"replies":[{"embeddable":true,"href":"https:\/\/www.grupomedcof.com.br\/blog\/wp-json\/wp\/v2\/comments?post=35575"}],"version-history":[{"count":2,"href":"https:\/\/www.grupomedcof.com.br\/blog\/wp-json\/wp\/v2\/posts\/35575\/revisions"}],"predecessor-version":[{"id":36159,"href":"https:\/\/www.grupomedcof.com.br\/blog\/wp-json\/wp\/v2\/posts\/35575\/revisions\/36159"}],"wp:featuredmedia":[{"embeddable":true,"href":"https:\/\/www.grupomedcof.com.br\/blog\/wp-json\/wp\/v2\/media\/35578"}],"wp:attachment":[{"href":"https:\/\/www.grupomedcof.com.br\/blog\/wp-json\/wp\/v2\/media?parent=35575"}],"wp:term":[{"taxonomy":"category","embeddable":true,"href":"https:\/\/www.grupomedcof.com.br\/blog\/wp-json\/wp\/v2\/categories?post=35575"},{"taxonomy":"post_tag","embeddable":true,"href":"https:\/\/www.grupomedcof.com.br\/blog\/wp-json\/wp\/v2\/tags?post=35575"},{"taxonomy":"author","embeddable":true,"href":"https:\/\/www.grupomedcof.com.br\/blog\/wp-json\/wp\/v2\/ppma_author?post=35575"}],"curies":[{"name":"wp","href":"https:\/\/api.w.org\/{rel}","templated":true}]}}