{"id":3564,"date":"2025-01-06T11:54:00","date_gmt":"2025-01-06T14:54:00","guid":{"rendered":"https:\/\/www.grupomedcof.com.br\/blog\/?p=3564"},"modified":"2026-04-07T11:24:49","modified_gmt":"2026-04-07T14:24:49","slug":"cronograma-revalida-fique-atento-as-datas-do-exame","status":"publish","type":"post","link":"https:\/\/www.grupomedcof.com.br\/blog\/cronograma-revalida-fique-atento-as-datas-do-exame\/","title":{"rendered":"Cronograma Revalida: fique atento as datas do exame"},"content":{"rendered":"<div id=\"ez-toc-container\" class=\"ez-toc-v2_0_74 counter-hierarchy ez-toc-counter ez-toc-transparent ez-toc-container-direction\">\n<div class=\"ez-toc-title-container\">\n<p class=\"ez-toc-title\" style=\"cursor:inherit\">Sum\u00e1rio<\/p>\n<span class=\"ez-toc-title-toggle\"><a href=\"#\" class=\"ez-toc-pull-right ez-toc-btn ez-toc-btn-xs ez-toc-btn-default ez-toc-toggle\" aria-label=\"Alternar tabela de conte\u00fado\"><span class=\"ez-toc-js-icon-con\"><span class=\"\"><span class=\"eztoc-hide\" style=\"display:none;\">Toggle<\/span><span class=\"ez-toc-icon-toggle-span\"><svg style=\"fill: #999;color:#999\" xmlns=\"http:\/\/www.w3.org\/2000\/svg\" class=\"list-377408\" width=\"20px\" height=\"20px\" viewBox=\"0 0 24 24\" fill=\"none\"><path d=\"M6 6H4v2h2V6zm14 0H8v2h12V6zM4 11h2v2H4v-2zm16 0H8v2h12v-2zM4 16h2v2H4v-2zm16 0H8v2h12v-2z\" fill=\"currentColor\"><\/path><\/svg><svg style=\"fill: #999;color:#999\" class=\"arrow-unsorted-368013\" xmlns=\"http:\/\/www.w3.org\/2000\/svg\" width=\"10px\" height=\"10px\" viewBox=\"0 0 24 24\" version=\"1.2\" baseProfile=\"tiny\"><path d=\"M18.2 9.3l-6.2-6.3-6.2 6.3c-.2.2-.3.4-.3.7s.1.5.3.7c.2.2.4.3.7.3h11c.3 0 .5-.1.7-.3.2-.2.3-.5.3-.7s-.1-.5-.3-.7zM5.8 14.7l6.2 6.3 6.2-6.3c.2-.2.3-.5.3-.7s-.1-.5-.3-.7c-.2-.2-.4-.3-.7-.3h-11c-.3 0-.5.1-.7.3-.2.2-.3.5-.3.7s.1.5.3.7z\"\/><\/svg><\/span><\/span><\/span><\/a><\/span><\/div>\n<nav><ul class='ez-toc-list ez-toc-list-level-1 ' ><li class='ez-toc-page-1 ez-toc-heading-level-2'><a class=\"ez-toc-link ez-toc-heading-1\" href=\"https:\/\/www.grupomedcof.com.br\/blog\/cronograma-revalida-fique-atento-as-datas-do-exame\/#Inscricao\" >Inscri\u00e7\u00e3o<\/a><ul class='ez-toc-list-level-3' ><li class='ez-toc-heading-level-3'><a class=\"ez-toc-link ez-toc-heading-2\" href=\"https:\/\/www.grupomedcof.com.br\/blog\/cronograma-revalida-fique-atento-as-datas-do-exame\/#Taxa_de_inscricao\" >Taxa de inscri\u00e7\u00e3o<\/a><\/li><li class='ez-toc-page-1 ez-toc-heading-level-3'><a class=\"ez-toc-link ez-toc-heading-3\" href=\"https:\/\/www.grupomedcof.com.br\/blog\/cronograma-revalida-fique-atento-as-datas-do-exame\/#Atendimentos\" >Atendimentos<\/a><\/li><\/ul><\/li><li class='ez-toc-page-1 ez-toc-heading-level-2'><a class=\"ez-toc-link ez-toc-heading-4\" href=\"https:\/\/www.grupomedcof.com.br\/blog\/cronograma-revalida-fique-atento-as-datas-do-exame\/#Resultado_e_Recursos\" >Resultado e Recursos<\/a><\/li><li class='ez-toc-page-1 ez-toc-heading-level-2'><a class=\"ez-toc-link ez-toc-heading-5\" href=\"https:\/\/www.grupomedcof.com.br\/blog\/cronograma-revalida-fique-atento-as-datas-do-exame\/#Sobre_a_prova\" >Sobre a prova<\/a><ul class='ez-toc-list-level-3' ><li class='ez-toc-heading-level-3'><a class=\"ez-toc-link ez-toc-heading-6\" href=\"https:\/\/www.grupomedcof.com.br\/blog\/cronograma-revalida-fique-atento-as-datas-do-exame\/#Aplicacao_do_Exame\" >Aplica\u00e7\u00e3o do Exame<\/a><\/li><li class='ez-toc-page-1 ez-toc-heading-level-3'><a class=\"ez-toc-link ez-toc-heading-7\" href=\"https:\/\/www.grupomedcof.com.br\/blog\/cronograma-revalida-fique-atento-as-datas-do-exame\/#Gabarito\" >Gabarito<\/a><\/li><li class='ez-toc-page-1 ez-toc-heading-level-3'><a class=\"ez-toc-link ez-toc-heading-8\" href=\"https:\/\/www.grupomedcof.com.br\/blog\/cronograma-revalida-fique-atento-as-datas-do-exame\/#No_dia_da_prova\" >No dia da prova<\/a><\/li><\/ul><\/li><\/ul><\/nav><\/div>\n<p><em>O Inep publicou na \u00faltima quarta-feira o <a href=\"https:\/\/www.in.gov.br\/web\/dou\/-\/edital-n-2-de-3-de-janeiro-de-2023-455960104\" rel=\"nofollow\">edital<\/a> da 1\u00aa etapa do Revalida 2023\/1 e os m\u00e9dicos que forem prestar para o exame poder\u00e3o se inscrever entre o dia 16 e 20 de janeiro. Confira aqui o cronograma!\u00a0<\/em>\t\t<\/p>\n<h4>\n\t\t\t\tPrincipais datas\t\t\t<\/h4>\n<h2><span class=\"ez-toc-section\" id=\"Inscricao\"><\/span>Inscri\u00e7\u00e3o<span class=\"ez-toc-section-end\"><\/span><\/h2>\n<p>Para os m\u00e9dicos que ir\u00e3o fazer o Exame Nacional de Revalida\u00e7\u00e3o de Diplomas M\u00e9dicos Expedidos por Institui\u00e7\u00e3o de Educa\u00e7\u00e3o Superior Estrangeira (Revalida), as inscri\u00e7\u00f5es estar\u00e3o abertas entre os<strong> 16 e 20 de janeiro<\/strong>. E para participar \u00e9 necess\u00e1rio informar:<\/p>\n<ul>\n<li>N\u00famero do CPF;<\/li>\n<li>Data de nascimento;<\/li>\n<li>Endere\u00e7o de email;<\/li>\n<li>N\u00famero de telefone fixo ou de celular que sejam v\u00e1lidos;<\/li>\n<li>Dados da institui\u00e7\u00e3o de educa\u00e7\u00e3o superior estrangeira de origem do diploma;<\/li>\n<li>e o ano de conclus\u00e3o do curso de medicina;<\/li>\n<\/ul>\n<p>O diploma dever\u00e1 ter a frente e o verso anexados no momento da inscri\u00e7\u00e3o, juntamente com a imagem do selo de autentica\u00e7\u00e3o. O resultado da an\u00e1lise ser\u00e1 divulgado no dia <strong>23 de janeiro<\/strong> atrav\u00e9s do Sistema Revalida.<\/p>\n<p>\u00a0<\/p>\n<h3><span class=\"ez-toc-section\" id=\"Taxa_de_inscricao\"><\/span>Taxa de inscri\u00e7\u00e3o<span class=\"ez-toc-section-end\"><\/span><\/h3>\n<p>\u00a0O valor da taxa de inscri\u00e7\u00e3o \u00e9 de R$ 410,00 e poder\u00e1 ser pago at\u00e9 o dia <strong>26 de janeiro,<\/strong> por meio do GRU Cobran\u00e7a (Guia de Recolhimento da Uni\u00e3o).\u00a0 O pagamento pode ser efetuado em qualquer ag\u00eancia banc\u00e1ria ou lot\u00e9rica. Mas fique atento aos hor\u00e1rios de compensa\u00e7\u00e3o!\u00a0<\/p>\n<h3><span class=\"ez-toc-section\" id=\"Atendimentos\"><\/span>Atendimentos<span class=\"ez-toc-section-end\"><\/span><\/h3>\n<p>\u00a0J\u00e1 os candidatos\u00a0 que necessitarem de atendimento especializado e de tratamento pelo nome social poder\u00e3o solicitar o servi\u00e7o anexando a documenta\u00e7\u00e3o comprobat\u00f3ria no momento da inscri\u00e7\u00e3o.\u00a0<\/p>\n<h2><span class=\"ez-toc-section\" id=\"Resultado_e_Recursos\"><\/span>Resultado e Recursos<span class=\"ez-toc-section-end\"><\/span><\/h2>\n<p>Caso seja necess\u00e1rio entrar com recursos devido os resultados, eles poder\u00e3o ser feitos logo ap\u00f3s a divulga\u00e7\u00e3o.<\/p>\n<h4>Atendimentos:\u00a0<\/h4>\n<ul>\n<li>Resultado: 30\/01\/2023<\/li>\n<li>Recurso: 30\/01 a 3\/02<\/li>\n<li>Resultado do recurso: 10\/02\/2023<\/li>\n<\/ul>\n<h4>\u00a0<\/h4>\n<h4>An\u00e1lise de diploma<\/h4>\n<ul>\n<li>Resultado: 23\/01\/2023<\/li>\n<li>Recurso: 23\/01 a 27\/01<\/li>\n<li>Resultado do recurso: 02\/02\/2023<\/li>\n<\/ul>\n<p>\u00a0<\/p>\n<p>A nota de corte ser\u00e1 divulgada do dia <strong>13 de fevereiro.<\/strong><\/p>\n<h2><span class=\"ez-toc-section\" id=\"Sobre_a_prova\"><\/span>Sobre a prova<span class=\"ez-toc-section-end\"><\/span><\/h2>\n<h3><span class=\"ez-toc-section\" id=\"Aplicacao_do_Exame\"><\/span>Aplica\u00e7\u00e3o do Exame<span class=\"ez-toc-section-end\"><\/span><\/h3>\n<p>A aplica\u00e7\u00e3o da prova te\u00f3rica ser\u00e1 realizada no dia 05 de mar\u00e7o nas cidades de Bras\u00edlia (DF), Campo Grande\u00a0 (MS), Curitiba (PR), Porto Alegre (RS), Recife (PE), Rio Branco (AC), Salvador (BA) e S\u00e3o Paulo (SP).<\/p>\n<p>\u00a0<\/p>\n<h3><span class=\"ez-toc-section\" id=\"Gabarito\"><\/span>Gabarito<span class=\"ez-toc-section-end\"><\/span><\/h3>\n<p>\u00a0A divulga\u00e7\u00e3o das vers\u00e3o preliminares do gabarito da prova objetiva (P1) e o padr\u00e3o de resposta da prova escrita discursiva (P2) ser\u00e1 no dia 08 de mar\u00e7o. Os recursos poder\u00e3o ser solicitados no mesmo dia da divulga\u00e7\u00e3o at\u00e9 o dia 14 do mesmo m\u00eas.\u00a0<\/p>\n<p>J\u00e1 a divulga\u00e7\u00e3o das vers\u00f5es definitivas, do resultado definitivo da P1 e provis\u00f3rio da P2 ser\u00e3o dia 11 de abril com possibilidade de interpor recursos sobre o resultado provis\u00f3rio da (P2) entre o per\u00edodo ap\u00f3s a divulga\u00e7\u00e3o do resultado e o dia 14 de abril. Agora, o resultado definitivo da P2 e <strong>o resultado final da 1\u00aa etapa do Revalida ser\u00e1 no dia 8 de maio de 2023!<\/strong><\/p>\n<p>\u00a0<\/p>\n<h3><span class=\"ez-toc-section\" id=\"No_dia_da_prova\"><\/span>No dia da prova<span class=\"ez-toc-section-end\"><\/span><\/h3>\n<p>Fique atento! A aplica\u00e7\u00e3o da prova seguir\u00e1 o<strong> hor\u00e1rio de Bras\u00edlia-DF:<\/strong><\/p>\n<p><strong>Manh\u00e3:<\/strong><br \/>Abertura dos port\u00f5es: 7h<br \/>Fechamento dos port\u00f5es: 7h45<br \/>In\u00edcio das provas: 8h<br \/>T\u00e9rmino das provas: 13h<\/p>\n<p>\u00a0<\/p>\n<p><strong>Tarde:<\/strong><\/p>\n<p>Abertura dos port\u00f5es: 14h30<br \/>Fechamento dos port\u00f5es: 15h15<br \/>In\u00edcio das provas: 15h30<br \/>T\u00e9rmino das provas: 19h30<\/p>\n<p>Ficou perdido em meio a tantas datas? Fique tranquilo, separamos uma tabelas com as principais datas para voc\u00ea lembrar!<\/p>\n<p>\t\t\t\t\t\t\t\t\t\t\t\t\t\t\t<img loading=\"lazy\" decoding=\"async\" width=\"300\" height=\"198\" src=\"https:\/\/www.grupomedcof.com.br\/blog\/wp-content\/uploads\/2023\/01\/Imagem1-300x198.jpg\" alt=\"Tabela com as principais datas do cronograma Revalida.\" srcset=\"https:\/\/www.grupomedcof.com.br\/blog\/wp-content\/uploads\/2023\/01\/Imagem1-300x198.jpg 300w, https:\/\/www.grupomedcof.com.br\/blog\/wp-content\/uploads\/2023\/01\/Imagem1-1024x676.jpg 1024w, https:\/\/www.grupomedcof.com.br\/blog\/wp-content\/uploads\/2023\/01\/Imagem1-768x507.jpg 768w, https:\/\/www.grupomedcof.com.br\/blog\/wp-content\/uploads\/2023\/01\/Imagem1-1536x1014.jpg 1536w, https:\/\/www.grupomedcof.com.br\/blog\/wp-content\/uploads\/2023\/01\/Imagem1.jpg 1963w\" sizes=\"auto, (max-width: 300px) 100vw, 300px\" \/>\t\t\t\t\t\t\t\t\t\t\t\t\t\t\t<\/p>\n<p>Se voc\u00ea vai prestar para o exame e quer estar preparado, a Medcof oferece um m\u00e9todo exclusivo e poderoso de cursos que j\u00e1 levaram v\u00e1rios alunos ao p\u00f3dio das maiores resid\u00eancias do pa\u00eds. <a href=\"https:\/\/www.grupomedcof.com.br\/revalida-2023\">Confira aqui.<\/a><\/p>\n","protected":false},"excerpt":{"rendered":"<p>Confira o cronograma completo do Revalida: datas de inscri\u00e7\u00e3o, aplica\u00e7\u00e3o da prova, gabarito e resultado. N\u00e3o perca nenhum prazo importante.<\/p>\n","protected":false},"author":6,"featured_media":0,"comment_status":"open","ping_status":"open","sticky":false,"template":"","format":"standard","meta":{"footnotes":""},"categories":[1],"tags":[],"ppma_author":[3609],"class_list":{"0":"post-3564","1":"post","2":"type-post","3":"status-publish","4":"format-standard","6":"category-uncategorized"},"yoast_head":"<!-- This site is optimized with the Yoast SEO Premium plugin v24.3 (Yoast SEO v27.5) - https:\/\/yoast.com\/product\/yoast-seo-premium-wordpress\/ -->\n<title>Cronograma Revalida: fique atento as datas do exame - Blog de Medcof: conte\u00fados, editais, revalida e mais!<\/title>\n<meta name=\"description\" content=\"Confira o cronograma completo do Revalida: datas de inscri\u00e7\u00e3o, aplica\u00e7\u00e3o da prova, gabarito e resultado. N\u00e3o perca nenhum prazo importante.\" \/>\n<meta name=\"robots\" content=\"index, follow, max-snippet:-1, max-image-preview:large, max-video-preview:-1\" \/>\n<link rel=\"canonical\" href=\"https:\/\/www.grupomedcof.com.br\/blog\/cronograma-revalida-fique-atento-as-datas-do-exame\/\" \/>\n<meta property=\"og:locale\" content=\"pt_BR\" \/>\n<meta property=\"og:type\" content=\"article\" \/>\n<meta property=\"og:title\" content=\"Cronograma Revalida: fique atento as datas do exame\" \/>\n<meta property=\"og:description\" content=\"Confira o cronograma completo do Revalida: datas de inscri\u00e7\u00e3o, aplica\u00e7\u00e3o da prova, gabarito e resultado. N\u00e3o perca nenhum prazo importante.\" \/>\n<meta property=\"og:url\" content=\"https:\/\/www.grupomedcof.com.br\/blog\/cronograma-revalida-fique-atento-as-datas-do-exame\/\" \/>\n<meta property=\"og:site_name\" content=\"Blog de Medcof: conte\u00fados, editais, revalida e mais!\" \/>\n<meta property=\"article:publisher\" content=\"https:\/\/www.facebook.com\/MedCofQbank\/\" \/>\n<meta property=\"article:published_time\" content=\"2025-01-06T14:54:00+00:00\" \/>\n<meta property=\"article:modified_time\" content=\"2026-04-07T14:24:49+00:00\" \/>\n<meta property=\"og:image\" content=\"https:\/\/www.grupomedcof.com.br\/blog\/wp-content\/uploads\/2023\/01\/Imagem1-300x198.jpg\" \/>\n<meta name=\"author\" content=\"J\u00falia Moreira\" \/>\n<meta name=\"twitter:card\" content=\"summary_large_image\" \/>\n<meta name=\"twitter:label1\" content=\"Escrito por\" \/>\n\t<meta name=\"twitter:data1\" content=\"J\u00falia Moreira\" \/>\n\t<meta name=\"twitter:label2\" content=\"Est. tempo de leitura\" \/>\n\t<meta name=\"twitter:data2\" content=\"4 minutos\" \/>\n<script type=\"application\/ld+json\" class=\"yoast-schema-graph\">{\"@context\":\"https:\\\/\\\/schema.org\",\"@graph\":[{\"@type\":\"Article\",\"@id\":\"https:\\\/\\\/www.grupomedcof.com.br\\\/blog\\\/cronograma-revalida-fique-atento-as-datas-do-exame\\\/#article\",\"isPartOf\":{\"@id\":\"https:\\\/\\\/www.grupomedcof.com.br\\\/blog\\\/cronograma-revalida-fique-atento-as-datas-do-exame\\\/\"},\"author\":{\"name\":\"J\u00falia Moreira\",\"@id\":\"https:\\\/\\\/www.grupomedcof.com.br\\\/blog\\\/#\\\/schema\\\/person\\\/1375e0ce724529d7a1d8156ea7f8ceaa\"},\"headline\":\"Cronograma Revalida: fique atento as datas do exame\",\"datePublished\":\"2025-01-06T14:54:00+00:00\",\"dateModified\":\"2026-04-07T14:24:49+00:00\",\"mainEntityOfPage\":{\"@id\":\"https:\\\/\\\/www.grupomedcof.com.br\\\/blog\\\/cronograma-revalida-fique-atento-as-datas-do-exame\\\/\"},\"wordCount\":604,\"commentCount\":0,\"publisher\":{\"@id\":\"https:\\\/\\\/www.grupomedcof.com.br\\\/blog\\\/#organization\"},\"image\":{\"@id\":\"https:\\\/\\\/www.grupomedcof.com.br\\\/blog\\\/cronograma-revalida-fique-atento-as-datas-do-exame\\\/#primaryimage\"},\"thumbnailUrl\":\"https:\\\/\\\/www.grupomedcof.com.br\\\/blog\\\/wp-content\\\/uploads\\\/2023\\\/01\\\/Imagem1-300x198.jpg\",\"articleSection\":[\"Uncategorized\"],\"inLanguage\":\"pt-BR\"},{\"@type\":\"WebPage\",\"@id\":\"https:\\\/\\\/www.grupomedcof.com.br\\\/blog\\\/cronograma-revalida-fique-atento-as-datas-do-exame\\\/\",\"url\":\"https:\\\/\\\/www.grupomedcof.com.br\\\/blog\\\/cronograma-revalida-fique-atento-as-datas-do-exame\\\/\",\"name\":\"Cronograma Revalida: fique atento as datas do exame - Blog de Medcof: conte\u00fados, editais, revalida e mais!\",\"isPartOf\":{\"@id\":\"https:\\\/\\\/www.grupomedcof.com.br\\\/blog\\\/#website\"},\"primaryImageOfPage\":{\"@id\":\"https:\\\/\\\/www.grupomedcof.com.br\\\/blog\\\/cronograma-revalida-fique-atento-as-datas-do-exame\\\/#primaryimage\"},\"image\":{\"@id\":\"https:\\\/\\\/www.grupomedcof.com.br\\\/blog\\\/cronograma-revalida-fique-atento-as-datas-do-exame\\\/#primaryimage\"},\"thumbnailUrl\":\"https:\\\/\\\/www.grupomedcof.com.br\\\/blog\\\/wp-content\\\/uploads\\\/2023\\\/01\\\/Imagem1-300x198.jpg\",\"datePublished\":\"2025-01-06T14:54:00+00:00\",\"dateModified\":\"2026-04-07T14:24:49+00:00\",\"description\":\"Confira o cronograma completo do Revalida: datas de inscri\u00e7\u00e3o, aplica\u00e7\u00e3o da prova, gabarito e resultado. N\u00e3o perca nenhum prazo importante.\",\"breadcrumb\":{\"@id\":\"https:\\\/\\\/www.grupomedcof.com.br\\\/blog\\\/cronograma-revalida-fique-atento-as-datas-do-exame\\\/#breadcrumb\"},\"inLanguage\":\"pt-BR\",\"potentialAction\":[{\"@type\":\"ReadAction\",\"target\":[\"https:\\\/\\\/www.grupomedcof.com.br\\\/blog\\\/cronograma-revalida-fique-atento-as-datas-do-exame\\\/\"]}]},{\"@type\":\"ImageObject\",\"inLanguage\":\"pt-BR\",\"@id\":\"https:\\\/\\\/www.grupomedcof.com.br\\\/blog\\\/cronograma-revalida-fique-atento-as-datas-do-exame\\\/#primaryimage\",\"url\":\"https:\\\/\\\/www.grupomedcof.com.br\\\/blog\\\/wp-content\\\/uploads\\\/2023\\\/01\\\/Imagem1.jpg\",\"contentUrl\":\"https:\\\/\\\/www.grupomedcof.com.br\\\/blog\\\/wp-content\\\/uploads\\\/2023\\\/01\\\/Imagem1.jpg\",\"width\":1963,\"height\":1296,\"caption\":\"Principais datas do cronograma Revalida.\"},{\"@type\":\"BreadcrumbList\",\"@id\":\"https:\\\/\\\/www.grupomedcof.com.br\\\/blog\\\/cronograma-revalida-fique-atento-as-datas-do-exame\\\/#breadcrumb\",\"itemListElement\":[{\"@type\":\"ListItem\",\"position\":1,\"name\":\"In\u00edcio\",\"item\":\"https:\\\/\\\/www.grupomedcof.com.br\\\/blog\\\/\"},{\"@type\":\"ListItem\",\"position\":2,\"name\":\"Cronograma Revalida: fique atento as datas do exame\"}]},{\"@type\":\"WebSite\",\"@id\":\"https:\\\/\\\/www.grupomedcof.com.br\\\/blog\\\/#website\",\"url\":\"https:\\\/\\\/www.grupomedcof.com.br\\\/blog\\\/\",\"name\":\"Blog de Medcof: conte\u00fados, editais, revalida e mais!\",\"description\":\"Acesso o blog de MedCof! Seu portal de conte\u00fados sobre resid\u00eancia m\u00e9dica, an\u00e1lise e editais e muito mais. Clique e confira!\",\"publisher\":{\"@id\":\"https:\\\/\\\/www.grupomedcof.com.br\\\/blog\\\/#organization\"},\"alternateName\":\"Blog de Medcof: conte\u00fados, editais, revalida e mais!\",\"potentialAction\":[{\"@type\":\"SearchAction\",\"target\":{\"@type\":\"EntryPoint\",\"urlTemplate\":\"https:\\\/\\\/www.grupomedcof.com.br\\\/blog\\\/?s={search_term_string}\"},\"query-input\":{\"@type\":\"PropertyValueSpecification\",\"valueRequired\":true,\"valueName\":\"search_term_string\"}}],\"inLanguage\":\"pt-BR\"},{\"@type\":\"Organization\",\"@id\":\"https:\\\/\\\/www.grupomedcof.com.br\\\/blog\\\/#organization\",\"name\":\"Grupo MedCof\",\"url\":\"https:\\\/\\\/www.grupomedcof.com.br\\\/blog\\\/\",\"logo\":{\"@type\":\"ImageObject\",\"inLanguage\":\"pt-BR\",\"@id\":\"https:\\\/\\\/www.grupomedcof.com.br\\\/blog\\\/#\\\/schema\\\/logo\\\/image\\\/\",\"url\":\"https:\\\/\\\/www.grupomedcof.com.br\\\/blog\\\/wp-content\\\/uploads\\\/2022\\\/01\\\/logo-medcof.png\",\"contentUrl\":\"https:\\\/\\\/www.grupomedcof.com.br\\\/blog\\\/wp-content\\\/uploads\\\/2022\\\/01\\\/logo-medcof.png\",\"width\":768,\"height\":269,\"caption\":\"Grupo MedCof\"},\"image\":{\"@id\":\"https:\\\/\\\/www.grupomedcof.com.br\\\/blog\\\/#\\\/schema\\\/logo\\\/image\\\/\"},\"sameAs\":[\"https:\\\/\\\/www.facebook.com\\\/MedCofQbank\\\/\",\"https:\\\/\\\/www.instagram.com\\\/grupomedcof\\\/\",\"https:\\\/\\\/br.linkedin.com\\\/company\\\/medcof\",\"https:\\\/\\\/www.youtube.com\\\/channel\\\/UCdHMuOHKICxcHwecxN8P-AA\"]},{\"@type\":\"Person\",\"@id\":\"https:\\\/\\\/www.grupomedcof.com.br\\\/blog\\\/#\\\/schema\\\/person\\\/1375e0ce724529d7a1d8156ea7f8ceaa\",\"name\":\"J\u00falia Moreira\",\"image\":{\"@type\":\"ImageObject\",\"inLanguage\":\"pt-BR\",\"@id\":\"https:\\\/\\\/www.grupomedcof.com.br\\\/blog\\\/wp-content\\\/uploads\\\/2024\\\/12\\\/cropped-Captura-de-tela-2023-12-15-094946-96x96.png6a0083ac34a0445de97d55fae63a4a41\",\"url\":\"https:\\\/\\\/www.grupomedcof.com.br\\\/blog\\\/wp-content\\\/uploads\\\/2024\\\/12\\\/cropped-Captura-de-tela-2023-12-15-094946-96x96.png\",\"contentUrl\":\"https:\\\/\\\/www.grupomedcof.com.br\\\/blog\\\/wp-content\\\/uploads\\\/2024\\\/12\\\/cropped-Captura-de-tela-2023-12-15-094946-96x96.png\",\"caption\":\"J\u00falia Moreira\"},\"description\":\"Estudante do 8\u00ba semestre de Jornalismo na ECA-USP, f\u00e3 de filmes de terror e m\u00fasica popular sul-coreana.\",\"sameAs\":[\"https:\\\/\\\/www.grupomedcof.com.br\\\/\"],\"url\":\"https:\\\/\\\/www.grupomedcof.com.br\\\/blog\\\/author\\\/julia\\\/\"}]}<\/script>\n<!-- \/ Yoast SEO Premium plugin. -->","yoast_head_json":{"title":"Cronograma Revalida: fique atento as datas do exame - Blog de Medcof: conte\u00fados, editais, revalida e mais!","description":"Confira o cronograma completo do Revalida: datas de inscri\u00e7\u00e3o, aplica\u00e7\u00e3o da prova, gabarito e resultado. N\u00e3o perca nenhum prazo importante.","robots":{"index":"index","follow":"follow","max-snippet":"max-snippet:-1","max-image-preview":"max-image-preview:large","max-video-preview":"max-video-preview:-1"},"canonical":"https:\/\/www.grupomedcof.com.br\/blog\/cronograma-revalida-fique-atento-as-datas-do-exame\/","og_locale":"pt_BR","og_type":"article","og_title":"Cronograma Revalida: fique atento as datas do exame","og_description":"Confira o cronograma completo do Revalida: datas de inscri\u00e7\u00e3o, aplica\u00e7\u00e3o da prova, gabarito e resultado. N\u00e3o perca nenhum prazo importante.","og_url":"https:\/\/www.grupomedcof.com.br\/blog\/cronograma-revalida-fique-atento-as-datas-do-exame\/","og_site_name":"Blog de Medcof: conte\u00fados, editais, revalida e mais!","article_publisher":"https:\/\/www.facebook.com\/MedCofQbank\/","article_published_time":"2025-01-06T14:54:00+00:00","article_modified_time":"2026-04-07T14:24:49+00:00","og_image":[{"url":"https:\/\/www.grupomedcof.com.br\/blog\/wp-content\/uploads\/2023\/01\/Imagem1-300x198.jpg","type":"","width":"","height":""}],"author":"J\u00falia Moreira","twitter_card":"summary_large_image","twitter_misc":{"Escrito por":"J\u00falia Moreira","Est. tempo de leitura":"4 minutos"},"schema":{"@context":"https:\/\/schema.org","@graph":[{"@type":"Article","@id":"https:\/\/www.grupomedcof.com.br\/blog\/cronograma-revalida-fique-atento-as-datas-do-exame\/#article","isPartOf":{"@id":"https:\/\/www.grupomedcof.com.br\/blog\/cronograma-revalida-fique-atento-as-datas-do-exame\/"},"author":{"name":"J\u00falia Moreira","@id":"https:\/\/www.grupomedcof.com.br\/blog\/#\/schema\/person\/1375e0ce724529d7a1d8156ea7f8ceaa"},"headline":"Cronograma Revalida: fique atento as datas do exame","datePublished":"2025-01-06T14:54:00+00:00","dateModified":"2026-04-07T14:24:49+00:00","mainEntityOfPage":{"@id":"https:\/\/www.grupomedcof.com.br\/blog\/cronograma-revalida-fique-atento-as-datas-do-exame\/"},"wordCount":604,"commentCount":0,"publisher":{"@id":"https:\/\/www.grupomedcof.com.br\/blog\/#organization"},"image":{"@id":"https:\/\/www.grupomedcof.com.br\/blog\/cronograma-revalida-fique-atento-as-datas-do-exame\/#primaryimage"},"thumbnailUrl":"https:\/\/www.grupomedcof.com.br\/blog\/wp-content\/uploads\/2023\/01\/Imagem1-300x198.jpg","articleSection":["Uncategorized"],"inLanguage":"pt-BR"},{"@type":"WebPage","@id":"https:\/\/www.grupomedcof.com.br\/blog\/cronograma-revalida-fique-atento-as-datas-do-exame\/","url":"https:\/\/www.grupomedcof.com.br\/blog\/cronograma-revalida-fique-atento-as-datas-do-exame\/","name":"Cronograma Revalida: fique atento as datas do exame - Blog de Medcof: conte\u00fados, editais, revalida e mais!","isPartOf":{"@id":"https:\/\/www.grupomedcof.com.br\/blog\/#website"},"primaryImageOfPage":{"@id":"https:\/\/www.grupomedcof.com.br\/blog\/cronograma-revalida-fique-atento-as-datas-do-exame\/#primaryimage"},"image":{"@id":"https:\/\/www.grupomedcof.com.br\/blog\/cronograma-revalida-fique-atento-as-datas-do-exame\/#primaryimage"},"thumbnailUrl":"https:\/\/www.grupomedcof.com.br\/blog\/wp-content\/uploads\/2023\/01\/Imagem1-300x198.jpg","datePublished":"2025-01-06T14:54:00+00:00","dateModified":"2026-04-07T14:24:49+00:00","description":"Confira o cronograma completo do Revalida: datas de inscri\u00e7\u00e3o, aplica\u00e7\u00e3o da prova, gabarito e resultado. N\u00e3o perca nenhum prazo importante.","breadcrumb":{"@id":"https:\/\/www.grupomedcof.com.br\/blog\/cronograma-revalida-fique-atento-as-datas-do-exame\/#breadcrumb"},"inLanguage":"pt-BR","potentialAction":[{"@type":"ReadAction","target":["https:\/\/www.grupomedcof.com.br\/blog\/cronograma-revalida-fique-atento-as-datas-do-exame\/"]}]},{"@type":"ImageObject","inLanguage":"pt-BR","@id":"https:\/\/www.grupomedcof.com.br\/blog\/cronograma-revalida-fique-atento-as-datas-do-exame\/#primaryimage","url":"https:\/\/www.grupomedcof.com.br\/blog\/wp-content\/uploads\/2023\/01\/Imagem1.jpg","contentUrl":"https:\/\/www.grupomedcof.com.br\/blog\/wp-content\/uploads\/2023\/01\/Imagem1.jpg","width":1963,"height":1296,"caption":"Principais datas do cronograma Revalida."},{"@type":"BreadcrumbList","@id":"https:\/\/www.grupomedcof.com.br\/blog\/cronograma-revalida-fique-atento-as-datas-do-exame\/#breadcrumb","itemListElement":[{"@type":"ListItem","position":1,"name":"In\u00edcio","item":"https:\/\/www.grupomedcof.com.br\/blog\/"},{"@type":"ListItem","position":2,"name":"Cronograma Revalida: fique atento as datas do exame"}]},{"@type":"WebSite","@id":"https:\/\/www.grupomedcof.com.br\/blog\/#website","url":"https:\/\/www.grupomedcof.com.br\/blog\/","name":"Blog de Medcof: conte\u00fados, editais, revalida e mais!","description":"Acesso o blog de MedCof! Seu portal de conte\u00fados sobre resid\u00eancia m\u00e9dica, an\u00e1lise e editais e muito mais. Clique e confira!","publisher":{"@id":"https:\/\/www.grupomedcof.com.br\/blog\/#organization"},"alternateName":"Blog de Medcof: conte\u00fados, editais, revalida e mais!","potentialAction":[{"@type":"SearchAction","target":{"@type":"EntryPoint","urlTemplate":"https:\/\/www.grupomedcof.com.br\/blog\/?s={search_term_string}"},"query-input":{"@type":"PropertyValueSpecification","valueRequired":true,"valueName":"search_term_string"}}],"inLanguage":"pt-BR"},{"@type":"Organization","@id":"https:\/\/www.grupomedcof.com.br\/blog\/#organization","name":"Grupo MedCof","url":"https:\/\/www.grupomedcof.com.br\/blog\/","logo":{"@type":"ImageObject","inLanguage":"pt-BR","@id":"https:\/\/www.grupomedcof.com.br\/blog\/#\/schema\/logo\/image\/","url":"https:\/\/www.grupomedcof.com.br\/blog\/wp-content\/uploads\/2022\/01\/logo-medcof.png","contentUrl":"https:\/\/www.grupomedcof.com.br\/blog\/wp-content\/uploads\/2022\/01\/logo-medcof.png","width":768,"height":269,"caption":"Grupo MedCof"},"image":{"@id":"https:\/\/www.grupomedcof.com.br\/blog\/#\/schema\/logo\/image\/"},"sameAs":["https:\/\/www.facebook.com\/MedCofQbank\/","https:\/\/www.instagram.com\/grupomedcof\/","https:\/\/br.linkedin.com\/company\/medcof","https:\/\/www.youtube.com\/channel\/UCdHMuOHKICxcHwecxN8P-AA"]},{"@type":"Person","@id":"https:\/\/www.grupomedcof.com.br\/blog\/#\/schema\/person\/1375e0ce724529d7a1d8156ea7f8ceaa","name":"J\u00falia Moreira","image":{"@type":"ImageObject","inLanguage":"pt-BR","@id":"https:\/\/www.grupomedcof.com.br\/blog\/wp-content\/uploads\/2024\/12\/cropped-Captura-de-tela-2023-12-15-094946-96x96.png6a0083ac34a0445de97d55fae63a4a41","url":"https:\/\/www.grupomedcof.com.br\/blog\/wp-content\/uploads\/2024\/12\/cropped-Captura-de-tela-2023-12-15-094946-96x96.png","contentUrl":"https:\/\/www.grupomedcof.com.br\/blog\/wp-content\/uploads\/2024\/12\/cropped-Captura-de-tela-2023-12-15-094946-96x96.png","caption":"J\u00falia Moreira"},"description":"Estudante do 8\u00ba semestre de Jornalismo na ECA-USP, f\u00e3 de filmes de terror e m\u00fasica popular sul-coreana.","sameAs":["https:\/\/www.grupomedcof.com.br\/"],"url":"https:\/\/www.grupomedcof.com.br\/blog\/author\/julia\/"}]}},"authors":[{"term_id":3609,"user_id":6,"is_guest":0,"slug":"julia","display_name":"J\u00falia Moreira","avatar_url":"https:\/\/www.grupomedcof.com.br\/blog\/wp-content\/uploads\/2024\/12\/cropped-Captura-de-tela-2023-12-15-094946-96x96.png","0":null,"1":"","2":"","3":"","4":"","5":"","6":"","7":"","8":""}],"_links":{"self":[{"href":"https:\/\/www.grupomedcof.com.br\/blog\/wp-json\/wp\/v2\/posts\/3564","targetHints":{"allow":["GET"]}}],"collection":[{"href":"https:\/\/www.grupomedcof.com.br\/blog\/wp-json\/wp\/v2\/posts"}],"about":[{"href":"https:\/\/www.grupomedcof.com.br\/blog\/wp-json\/wp\/v2\/types\/post"}],"author":[{"embeddable":true,"href":"https:\/\/www.grupomedcof.com.br\/blog\/wp-json\/wp\/v2\/users\/6"}],"replies":[{"embeddable":true,"href":"https:\/\/www.grupomedcof.com.br\/blog\/wp-json\/wp\/v2\/comments?post=3564"}],"version-history":[{"count":1,"href":"https:\/\/www.grupomedcof.com.br\/blog\/wp-json\/wp\/v2\/posts\/3564\/revisions"}],"predecessor-version":[{"id":42733,"href":"https:\/\/www.grupomedcof.com.br\/blog\/wp-json\/wp\/v2\/posts\/3564\/revisions\/42733"}],"wp:attachment":[{"href":"https:\/\/www.grupomedcof.com.br\/blog\/wp-json\/wp\/v2\/media?parent=3564"}],"wp:term":[{"taxonomy":"category","embeddable":true,"href":"https:\/\/www.grupomedcof.com.br\/blog\/wp-json\/wp\/v2\/categories?post=3564"},{"taxonomy":"post_tag","embeddable":true,"href":"https:\/\/www.grupomedcof.com.br\/blog\/wp-json\/wp\/v2\/tags?post=3564"},{"taxonomy":"author","embeddable":true,"href":"https:\/\/www.grupomedcof.com.br\/blog\/wp-json\/wp\/v2\/ppma_author?post=3564"}],"curies":[{"name":"wp","href":"https:\/\/api.w.org\/{rel}","templated":true}]}}