{"id":3576,"date":"2023-01-06T15:35:27","date_gmt":"2023-01-06T18:35:27","guid":{"rendered":"https:\/\/www.grupomedcof.com.br\/blog\/?p=3576"},"modified":"2023-01-06T15:35:27","modified_gmt":"2023-01-06T18:35:27","slug":"1a-etapa-revalida-2023-veja-as-datas-do-exame","status":"publish","type":"post","link":"https:\/\/www.grupomedcof.com.br\/blog\/1a-etapa-revalida-2023-veja-as-datas-do-exame\/","title":{"rendered":"Veja as datas da 1\u00aa etapa do exame Revalida 2023"},"content":{"rendered":"<div id=\"ez-toc-container\" class=\"ez-toc-v2_0_74 counter-hierarchy ez-toc-counter ez-toc-transparent ez-toc-container-direction\">\n<div class=\"ez-toc-title-container\">\n<p class=\"ez-toc-title\" style=\"cursor:inherit\">Sum\u00e1rio<\/p>\n<span class=\"ez-toc-title-toggle\"><a href=\"#\" class=\"ez-toc-pull-right ez-toc-btn ez-toc-btn-xs ez-toc-btn-default ez-toc-toggle\" aria-label=\"Alternar tabela de conte\u00fado\"><span class=\"ez-toc-js-icon-con\"><span class=\"\"><span class=\"eztoc-hide\" style=\"display:none;\">Toggle<\/span><span class=\"ez-toc-icon-toggle-span\"><svg style=\"fill: #999;color:#999\" xmlns=\"http:\/\/www.w3.org\/2000\/svg\" class=\"list-377408\" width=\"20px\" height=\"20px\" viewBox=\"0 0 24 24\" fill=\"none\"><path d=\"M6 6H4v2h2V6zm14 0H8v2h12V6zM4 11h2v2H4v-2zm16 0H8v2h12v-2zM4 16h2v2H4v-2zm16 0H8v2h12v-2z\" fill=\"currentColor\"><\/path><\/svg><svg style=\"fill: #999;color:#999\" class=\"arrow-unsorted-368013\" xmlns=\"http:\/\/www.w3.org\/2000\/svg\" width=\"10px\" height=\"10px\" viewBox=\"0 0 24 24\" version=\"1.2\" baseProfile=\"tiny\"><path d=\"M18.2 9.3l-6.2-6.3-6.2 6.3c-.2.2-.3.4-.3.7s.1.5.3.7c.2.2.4.3.7.3h11c.3 0 .5-.1.7-.3.2-.2.3-.5.3-.7s-.1-.5-.3-.7zM5.8 14.7l6.2 6.3 6.2-6.3c.2-.2.3-.5.3-.7s-.1-.5-.3-.7c-.2-.2-.4-.3-.7-.3h-11c-.3 0-.5.1-.7.3-.2.2-.3.5-.3.7s.1.5.3.7z\"\/><\/svg><\/span><\/span><\/span><\/a><\/span><\/div>\n<nav><ul class='ez-toc-list ez-toc-list-level-1 ' ><li class='ez-toc-page-1 ez-toc-heading-level-2'><a class=\"ez-toc-link ez-toc-heading-1\" href=\"https:\/\/www.grupomedcof.com.br\/blog\/1a-etapa-revalida-2023-veja-as-datas-do-exame\/#Inscricoes_para_o_exame\" >Inscri\u00e7\u00f5es para o exame<\/a><ul class='ez-toc-list-level-3' ><li class='ez-toc-heading-level-3'><a class=\"ez-toc-link ez-toc-heading-2\" href=\"https:\/\/www.grupomedcof.com.br\/blog\/1a-etapa-revalida-2023-veja-as-datas-do-exame\/#Taxa_de_inscricao\" >Taxa de inscri\u00e7\u00e3o<\/a><\/li><li class='ez-toc-page-1 ez-toc-heading-level-3'><a class=\"ez-toc-link ez-toc-heading-3\" href=\"https:\/\/www.grupomedcof.com.br\/blog\/1a-etapa-revalida-2023-veja-as-datas-do-exame\/#Atendimento\" >Atendimento<\/a><\/li><li class='ez-toc-page-1 ez-toc-heading-level-3'><a class=\"ez-toc-link ez-toc-heading-4\" href=\"https:\/\/www.grupomedcof.com.br\/blog\/1a-etapa-revalida-2023-veja-as-datas-do-exame\/#Recursos_e_Resultados\" >Recursos e Resultados<\/a><\/li><li class='ez-toc-page-1 ez-toc-heading-level-3'><a class=\"ez-toc-link ez-toc-heading-5\" href=\"https:\/\/www.grupomedcof.com.br\/blog\/1a-etapa-revalida-2023-veja-as-datas-do-exame\/#Analise_dos_diplomas\" >An\u00e1lise dos diplomas:<\/a><\/li><\/ul><\/li><li class='ez-toc-page-1 ez-toc-heading-level-2'><a class=\"ez-toc-link ez-toc-heading-6\" href=\"https:\/\/www.grupomedcof.com.br\/blog\/1a-etapa-revalida-2023-veja-as-datas-do-exame\/#Sobre_o_Exame\" >Sobre o Exame<\/a><\/li><li class='ez-toc-page-1 ez-toc-heading-level-2'><a class=\"ez-toc-link ez-toc-heading-7\" href=\"https:\/\/www.grupomedcof.com.br\/blog\/1a-etapa-revalida-2023-veja-as-datas-do-exame\/#Gabaritos_e_resultados\" >Gabaritos e resultados<\/a><\/li><\/ul><\/nav><\/div>\n<p><i style=\"color: var( --e-global-color-text ); font-family: var( --e-global-typography-text-font-family ), Sans-serif; font-weight: var( --e-global-typography-text-font-weight );\">Veja as datas da 1\u00aa etapa do exame Revalida 2023!\u00a0<\/i><em>O Inep divulgou nesta quarta-feira, 4, o cronograma e para n\u00e3o perder nada importante,\u00a0<\/em><i>confira as datas<\/i><em style=\"color: var( --e-global-color-text ); font-family: var( --e-global-typography-text-font-family ), Sans-serif; font-weight: var( --e-global-typography-text-font-weight );\">\u00a0e as principais informa\u00e7\u00f5es contidas no<a href=\"https:\/\/www.in.gov.br\/web\/dou\/-\/edital-n-2-de-3-de-janeiro-de-2023-455960104\"> edital.<\/a><\/em><\/p>\n<h4>\n\t\t\t\tVeja as principais informa\u00e7\u00f5es\t\t\t<\/h4>\n<h2><span class=\"ez-toc-section\" id=\"Inscricoes_para_o_exame\"><\/span>Inscri\u00e7\u00f5es para o exame<span class=\"ez-toc-section-end\"><\/span><\/h2>\n<p>Os m\u00e9dicos que ir\u00e3o prestar para o Exame Nacional de Revalida\u00e7\u00e3o de Diplomas M\u00e9dicos Expedidos por Institui\u00e7\u00e3o de Educa\u00e7\u00e3o Superior Estrangeira (Revalida) poder\u00e3o realizar suas inscri\u00e7\u00f5es entre os dias 16 e 20 de janeiro. Para participar os candidatos precisam ser brasileiros ou estrangeiros em situa\u00e7\u00e3o legal no pa\u00eds, al\u00e9m de ter o diploma em medicina expedido por uma institui\u00e7\u00e3o de educa\u00e7\u00e3o superior estrangeira reconhecida no pa\u00eds de origem pelo minist\u00e9rio da educa\u00e7\u00e3o.<\/p>\n<p>\u00a0<\/p>\n<p>Assim sendo, dever\u00e3o ser informados os seguintes dados:<\/p>\n<ul>\n<li>N\u00famero do CPF;<\/li>\n<li>Data da nascimento;<\/li>\n<li>Endere\u00e7o de email;<\/li>\n<li>N\u00famero de telefone fixo ou de celular que sejam v\u00e1lidos;<\/li>\n<li>Dados da institui\u00e7\u00e3o de educa\u00e7\u00e3o superior estrangeira de origem do diploma m\u00e9dico;<\/li>\n<li>Ano de conclus\u00e3o do curso;<\/li>\n<\/ul>\n<p>\u00a0<\/p>\n<p>J\u00e1 o diploma dever\u00e1 ter a frente e o verso anexados, juntamente com a imagem do selo de autentica\u00e7\u00e3o. O resultado da an\u00e1lise dos envios ser\u00e1 divulgado no dia <strong>23 de janeiro<\/strong> atrav\u00e9s do Sistema Revalida.<\/p>\n<p>\u00a0<\/p>\n<h3><span class=\"ez-toc-section\" id=\"Taxa_de_inscricao\"><\/span>Taxa de inscri\u00e7\u00e3o<span class=\"ez-toc-section-end\"><\/span><\/h3>\n<p>O valor da <strong>taxa de inscri\u00e7\u00e3o \u00e9 de R$410,00<\/strong> e poder\u00e1 ser pago at\u00e9 o dia <strong>26 de janeiro<\/strong> por meio da GRU cobran\u00e7a (Guia de Recolhimento da Uni\u00e3o), o pagamento pode ser realizado em qualquer ag\u00eancia banc\u00e1ria ou lot\u00e9rica pr\u00f3xima. Mas fique atento os hor\u00e1rios de compensa\u00e7\u00e3o!<\/p>\n<p>\u00a0<\/p>\n<h3><span class=\"ez-toc-section\" id=\"Atendimento\"><\/span>Atendimento<span class=\"ez-toc-section-end\"><\/span><\/h3>\n<p>Os candidatos que necessitarem de atendimento especializado ou tratamento pelo nome social dever\u00e3o solicitar estes servi\u00e7os no momento da inscri\u00e7\u00e3o ap\u00f3s anexa\u00e7\u00e3o da documenta\u00e7\u00e3o comprobat\u00f3ria.<\/p>\n<p>\u00a0<\/p>\n<h3><span class=\"ez-toc-section\" id=\"Recursos_e_Resultados\"><\/span>Recursos e Resultados<span class=\"ez-toc-section-end\"><\/span><\/h3>\n<p>Para os candidatos que precisarem interpolar por recursos\u00a0 a solicita\u00e7\u00e3o poder\u00e1 ser feita logo ap\u00f3s a divulga\u00e7\u00e3o dos resultados:<\/p>\n<p>\u00a0<\/p>\n<p>Atendimento especializado e Tratamento por nome social:<\/p>\n<ul>\n<li><strong>Resultado:<\/strong> 30\/01<\/li>\n<li><strong>Recurso:<\/strong> 30\/01 a 03\/02<\/li>\n<li><strong>Resultado do recurso:<\/strong> 10\/02<\/li>\n<\/ul>\n<p>\u00a0<\/p>\n<h3><span class=\"ez-toc-section\" id=\"Analise_dos_diplomas\"><\/span>An\u00e1lise dos diplomas:<span class=\"ez-toc-section-end\"><\/span><\/h3>\n<ul>\n<li><strong>Resultado da an\u00e1lise dos diplomas:<\/strong> 23\/01\/2023<\/li>\n<li><strong>Recurso:<\/strong> 23\/01 a 27\/02\u00a0<\/li>\n<li><strong>Resultado do Recurso:<\/strong> 02\/02<\/li>\n<\/ul>\n<p>\u00a0<\/p>\n<p>A nota de corte ser\u00e1 divulgada no dia <strong>13 de fevereiro<\/strong>.<\/p>\n<h2><span class=\"ez-toc-section\" id=\"Sobre_o_Exame\"><\/span>Sobre o Exame<span class=\"ez-toc-section-end\"><\/span><\/h2>\n<p>O exame te\u00f3rico da 1\u00aa etapa do Revalida 2023\/1 ser\u00e1 aplicado no dia 5 de mar\u00e7o, nas cidades de Bras\u00edlia (DF), Campo Grande (MS), Curitiba (PR), Porto Alegre (RS), Recife (PE), Rio Branco (AC), Salvador (BA) e S\u00e3o Paulo (SP). Mas n\u00e3o se confunda com o hor\u00e1rio! Ele ter\u00e1 como base o <strong>hor\u00e1rio de Bras\u00edlia-DF!<\/strong><\/p>\n<p>\u00a0<\/p>\n<p><strong>Manh\u00e3:<\/strong><\/p>\n<ul>\n<li><strong>Abertura dos port\u00f5es:<\/strong> 7h<\/li>\n<li><strong>Fechamento dos port\u00f5es:<\/strong> 7h45<\/li>\n<li><strong>In\u00edcio das provas:<\/strong> 8h<\/li>\n<li><strong>T\u00e9rmino das provas:<\/strong> 13h<\/li>\n<\/ul>\n<p>\u00a0<\/p>\n<p><strong>Tarde:<\/strong><\/p>\n<ul>\n<li><strong>Abertura dos port\u00f5es:<\/strong> 14h30<\/li>\n<li><strong>Fechamento dos port\u00f5es:<\/strong> 15h15<\/li>\n<li><strong>In\u00edcio das provas:<\/strong> 15h30<\/li>\n<li><strong>T\u00e9rmino das provas:<\/strong> 19h30<\/li>\n<\/ul>\n<p>\u00a0<\/p>\n<h2><span class=\"ez-toc-section\" id=\"Gabaritos_e_resultados\"><\/span>Gabaritos e resultados<span class=\"ez-toc-section-end\"><\/span><\/h2>\n<p>O gabarito da prova escrita e objetiva e o padr\u00e3o de resposta da prova escrita discursiva (P2) ter\u00e3o a divulga\u00e7\u00e3o das vers\u00f5es preliminares no dia 8 de mar\u00e7o. Os recursos poder\u00e3o ser solicitados entre o dia da publica\u00e7\u00e3o e o dia 14.<\/p>\n<p>\u00a0<\/p>\n<p>J\u00e1 a divulga\u00e7\u00e3o das vers\u00f5es definitivas, o resultado definitivo da P1 e o provis\u00f3rio da P2 ocorrer\u00e3o no dia 11 de abril, juntamente com o in\u00edcio dos pedidos por recurso que se encerrar\u00e1 no dia 17 do mesmo m\u00eas.<\/p>\n<p>\u00a0<\/p>\n<p>Mas calma! <strong>O resultado definitivo da P2 bem como o resultado final da 1\u00aa etapa ser\u00e1 divulgado no dia 8 de maio!<\/strong><\/p>\n<p>Perdido nas datas? N\u00e3o se preocupe, separamos as principais datas da 1\u00aa etapa do Revalida 2023 para voc\u00ea!<\/p>\n<p>\u00a0<\/p>\n<p>\t\t\t\t\t\t\t\t\t\t\t\t\t\t\t<img loading=\"lazy\" decoding=\"async\" width=\"768\" height=\"580\" src=\"https:\/\/www.grupomedcof.com.br\/blog\/wp-content\/uploads\/2023\/01\/Tabela-768x580.jpg\" alt=\"Principais datas do cronograma Revalida\" srcset=\"https:\/\/www.grupomedcof.com.br\/blog\/wp-content\/uploads\/2023\/01\/Tabela-768x580.jpg 768w, https:\/\/www.grupomedcof.com.br\/blog\/wp-content\/uploads\/2023\/01\/Tabela-300x227.jpg 300w, https:\/\/www.grupomedcof.com.br\/blog\/wp-content\/uploads\/2023\/01\/Tabela-1024x774.jpg 1024w, https:\/\/www.grupomedcof.com.br\/blog\/wp-content\/uploads\/2023\/01\/Tabela-1536x1160.jpg 1536w, https:\/\/www.grupomedcof.com.br\/blog\/wp-content\/uploads\/2023\/01\/Tabela.jpg 1963w\" sizes=\"auto, (max-width: 768px) 100vw, 768px\" \/>\t\t\t\t\t\t\t\t\t\t\t\t\t\t\t<\/p>\n<p>Confira o edital completo <a style=\"color: #0000ff;\" href=\"https:\/\/www.in.gov.br\/web\/dou\/-\/edital-n-2-de-3-de-janeiro-de-2023-455960104\" rel=\"nofollow\">aqui<\/a>!<\/p>\n<p>Para garantir a sua prepara\u00e7\u00e3o e aprova\u00e7\u00e3o o <b>Medcof Revalida<\/b> oferece um m\u00e9todo exclusivo e poderoso que j\u00e1 colocou diversos alunos no p\u00f3dio das maiores resid\u00eancias do Brasil! Para n\u00e3o ficar de fora, <a style=\"color: #0000ff;\" href=\"https:\/\/www.grupomedcof.com.br\/revalida-2023\">confira o curso<\/a>!<\/p>\n","protected":false},"excerpt":{"rendered":"<p>Saiba o cronograma da 1\u00aa etapa do Revalida 2023!<\/p>\n","protected":false},"author":6,"featured_media":3644,"comment_status":"open","ping_status":"open","sticky":false,"template":"","format":"standard","meta":{"footnotes":""},"categories":[55],"tags":[138],"ppma_author":[3609],"class_list":{"0":"post-3576","1":"post","2":"type-post","3":"status-publish","4":"format-standard","5":"has-post-thumbnail","7":"category-carreira-medica","8":"tag-revalidacao-de-diploma"},"yoast_head":"<!-- This site is optimized with the Yoast SEO Premium plugin v24.3 (Yoast SEO v27.5) - https:\/\/yoast.com\/product\/yoast-seo-premium-wordpress\/ -->\n<title>Veja as datas da 1\u00aa etapa do exame Revalida 2023 - Blog de Medcof: conte\u00fados, editais, revalida e mais!<\/title>\n<meta name=\"description\" content=\"Revalida 2023: Datas da 1\u00aa etapa foram % publicada pelo Inep. Vejas as datas do exame e n\u00e3o perca nenhum per\u00edodo importante!\" \/>\n<meta name=\"robots\" content=\"index, follow, max-snippet:-1, max-image-preview:large, max-video-preview:-1\" \/>\n<link rel=\"canonical\" href=\"https:\/\/www.grupomedcof.com.br\/blog\/1a-etapa-revalida-2023-veja-as-datas-do-exame\/\" \/>\n<meta property=\"og:locale\" content=\"pt_BR\" \/>\n<meta property=\"og:type\" content=\"article\" \/>\n<meta property=\"og:title\" content=\"Veja as datas da 1\u00aa etapa do exame Revalida 2023\" \/>\n<meta property=\"og:description\" content=\"Revalida 2023: Datas da 1\u00aa etapa foram % publicada pelo Inep. Vejas as datas do exame e n\u00e3o perca nenhum per\u00edodo importante!\" \/>\n<meta property=\"og:url\" content=\"https:\/\/www.grupomedcof.com.br\/blog\/1a-etapa-revalida-2023-veja-as-datas-do-exame\/\" \/>\n<meta property=\"og:site_name\" content=\"Blog de Medcof: conte\u00fados, editais, revalida e mais!\" \/>\n<meta property=\"article:publisher\" content=\"https:\/\/www.facebook.com\/MedCofQbank\/\" \/>\n<meta property=\"article:published_time\" content=\"2023-01-06T18:35:27+00:00\" \/>\n<meta property=\"og:image\" content=\"https:\/\/www.grupomedcof.com.br\/blog\/wp-content\/uploads\/2023\/01\/WhatsApp-Image-2023-01-06-at-15.30.52.jpeg\" \/>\n\t<meta property=\"og:image:width\" content=\"1141\" \/>\n\t<meta property=\"og:image:height\" content=\"642\" \/>\n\t<meta property=\"og:image:type\" content=\"image\/jpeg\" \/>\n<meta name=\"author\" content=\"J\u00falia Moreira\" \/>\n<meta name=\"twitter:card\" content=\"summary_large_image\" \/>\n<meta name=\"twitter:label1\" content=\"Escrito por\" \/>\n\t<meta name=\"twitter:data1\" content=\"J\u00falia Moreira\" \/>\n\t<meta name=\"twitter:label2\" content=\"Est. tempo de leitura\" \/>\n\t<meta name=\"twitter:data2\" content=\"4 minutos\" \/>\n<script type=\"application\/ld+json\" class=\"yoast-schema-graph\">{\"@context\":\"https:\\\/\\\/schema.org\",\"@graph\":[{\"@type\":\"Article\",\"@id\":\"https:\\\/\\\/www.grupomedcof.com.br\\\/blog\\\/1a-etapa-revalida-2023-veja-as-datas-do-exame\\\/#article\",\"isPartOf\":{\"@id\":\"https:\\\/\\\/www.grupomedcof.com.br\\\/blog\\\/1a-etapa-revalida-2023-veja-as-datas-do-exame\\\/\"},\"author\":{\"name\":\"J\u00falia Moreira\",\"@id\":\"https:\\\/\\\/www.grupomedcof.com.br\\\/blog\\\/#\\\/schema\\\/person\\\/1375e0ce724529d7a1d8156ea7f8ceaa\"},\"headline\":\"Veja as datas da 1\u00aa etapa do exame Revalida 2023\",\"datePublished\":\"2023-01-06T18:35:27+00:00\",\"mainEntityOfPage\":{\"@id\":\"https:\\\/\\\/www.grupomedcof.com.br\\\/blog\\\/1a-etapa-revalida-2023-veja-as-datas-do-exame\\\/\"},\"wordCount\":665,\"commentCount\":0,\"publisher\":{\"@id\":\"https:\\\/\\\/www.grupomedcof.com.br\\\/blog\\\/#organization\"},\"image\":{\"@id\":\"https:\\\/\\\/www.grupomedcof.com.br\\\/blog\\\/1a-etapa-revalida-2023-veja-as-datas-do-exame\\\/#primaryimage\"},\"thumbnailUrl\":\"https:\\\/\\\/www.grupomedcof.com.br\\\/blog\\\/wp-content\\\/uploads\\\/2023\\\/01\\\/WhatsApp-Image-2023-01-06-at-15.30.52.jpeg\",\"keywords\":[\"Revalida\u00e7\u00e3o de Diploma\"],\"articleSection\":[\"Carreira M\u00e9dica\"],\"inLanguage\":\"pt-BR\"},{\"@type\":\"WebPage\",\"@id\":\"https:\\\/\\\/www.grupomedcof.com.br\\\/blog\\\/1a-etapa-revalida-2023-veja-as-datas-do-exame\\\/\",\"url\":\"https:\\\/\\\/www.grupomedcof.com.br\\\/blog\\\/1a-etapa-revalida-2023-veja-as-datas-do-exame\\\/\",\"name\":\"Veja as datas da 1\u00aa etapa do exame Revalida 2023 - Blog de Medcof: conte\u00fados, editais, revalida e mais!\",\"isPartOf\":{\"@id\":\"https:\\\/\\\/www.grupomedcof.com.br\\\/blog\\\/#website\"},\"primaryImageOfPage\":{\"@id\":\"https:\\\/\\\/www.grupomedcof.com.br\\\/blog\\\/1a-etapa-revalida-2023-veja-as-datas-do-exame\\\/#primaryimage\"},\"image\":{\"@id\":\"https:\\\/\\\/www.grupomedcof.com.br\\\/blog\\\/1a-etapa-revalida-2023-veja-as-datas-do-exame\\\/#primaryimage\"},\"thumbnailUrl\":\"https:\\\/\\\/www.grupomedcof.com.br\\\/blog\\\/wp-content\\\/uploads\\\/2023\\\/01\\\/WhatsApp-Image-2023-01-06-at-15.30.52.jpeg\",\"datePublished\":\"2023-01-06T18:35:27+00:00\",\"description\":\"Revalida 2023: Datas da 1\u00aa etapa foram % publicada pelo Inep. Vejas as datas do exame e n\u00e3o perca nenhum per\u00edodo importante!\",\"breadcrumb\":{\"@id\":\"https:\\\/\\\/www.grupomedcof.com.br\\\/blog\\\/1a-etapa-revalida-2023-veja-as-datas-do-exame\\\/#breadcrumb\"},\"inLanguage\":\"pt-BR\",\"potentialAction\":[{\"@type\":\"ReadAction\",\"target\":[\"https:\\\/\\\/www.grupomedcof.com.br\\\/blog\\\/1a-etapa-revalida-2023-veja-as-datas-do-exame\\\/\"]}]},{\"@type\":\"ImageObject\",\"inLanguage\":\"pt-BR\",\"@id\":\"https:\\\/\\\/www.grupomedcof.com.br\\\/blog\\\/1a-etapa-revalida-2023-veja-as-datas-do-exame\\\/#primaryimage\",\"url\":\"https:\\\/\\\/www.grupomedcof.com.br\\\/blog\\\/wp-content\\\/uploads\\\/2023\\\/01\\\/WhatsApp-Image-2023-01-06-at-15.30.52.jpeg\",\"contentUrl\":\"https:\\\/\\\/www.grupomedcof.com.br\\\/blog\\\/wp-content\\\/uploads\\\/2023\\\/01\\\/WhatsApp-Image-2023-01-06-at-15.30.52.jpeg\",\"width\":1141,\"height\":642,\"caption\":\"Vai participar do Revalida 2023? Ent\u00e3o confira o cronograma do exame!\"},{\"@type\":\"BreadcrumbList\",\"@id\":\"https:\\\/\\\/www.grupomedcof.com.br\\\/blog\\\/1a-etapa-revalida-2023-veja-as-datas-do-exame\\\/#breadcrumb\",\"itemListElement\":[{\"@type\":\"ListItem\",\"position\":1,\"name\":\"In\u00edcio\",\"item\":\"https:\\\/\\\/www.grupomedcof.com.br\\\/blog\\\/\"},{\"@type\":\"ListItem\",\"position\":2,\"name\":\"Veja as datas da 1\u00aa etapa do exame Revalida 2023\"}]},{\"@type\":\"WebSite\",\"@id\":\"https:\\\/\\\/www.grupomedcof.com.br\\\/blog\\\/#website\",\"url\":\"https:\\\/\\\/www.grupomedcof.com.br\\\/blog\\\/\",\"name\":\"Blog de Medcof: conte\u00fados, editais, revalida e mais!\",\"description\":\"Acesso o blog de MedCof! Seu portal de conte\u00fados sobre resid\u00eancia m\u00e9dica, an\u00e1lise e editais e muito mais. Clique e confira!\",\"publisher\":{\"@id\":\"https:\\\/\\\/www.grupomedcof.com.br\\\/blog\\\/#organization\"},\"alternateName\":\"Blog de Medcof: conte\u00fados, editais, revalida e mais!\",\"potentialAction\":[{\"@type\":\"SearchAction\",\"target\":{\"@type\":\"EntryPoint\",\"urlTemplate\":\"https:\\\/\\\/www.grupomedcof.com.br\\\/blog\\\/?s={search_term_string}\"},\"query-input\":{\"@type\":\"PropertyValueSpecification\",\"valueRequired\":true,\"valueName\":\"search_term_string\"}}],\"inLanguage\":\"pt-BR\"},{\"@type\":\"Organization\",\"@id\":\"https:\\\/\\\/www.grupomedcof.com.br\\\/blog\\\/#organization\",\"name\":\"Grupo MedCof\",\"url\":\"https:\\\/\\\/www.grupomedcof.com.br\\\/blog\\\/\",\"logo\":{\"@type\":\"ImageObject\",\"inLanguage\":\"pt-BR\",\"@id\":\"https:\\\/\\\/www.grupomedcof.com.br\\\/blog\\\/#\\\/schema\\\/logo\\\/image\\\/\",\"url\":\"https:\\\/\\\/www.grupomedcof.com.br\\\/blog\\\/wp-content\\\/uploads\\\/2022\\\/01\\\/logo-medcof.png\",\"contentUrl\":\"https:\\\/\\\/www.grupomedcof.com.br\\\/blog\\\/wp-content\\\/uploads\\\/2022\\\/01\\\/logo-medcof.png\",\"width\":768,\"height\":269,\"caption\":\"Grupo MedCof\"},\"image\":{\"@id\":\"https:\\\/\\\/www.grupomedcof.com.br\\\/blog\\\/#\\\/schema\\\/logo\\\/image\\\/\"},\"sameAs\":[\"https:\\\/\\\/www.facebook.com\\\/MedCofQbank\\\/\",\"https:\\\/\\\/www.instagram.com\\\/grupomedcof\\\/\",\"https:\\\/\\\/br.linkedin.com\\\/company\\\/medcof\",\"https:\\\/\\\/www.youtube.com\\\/channel\\\/UCdHMuOHKICxcHwecxN8P-AA\"]},{\"@type\":\"Person\",\"@id\":\"https:\\\/\\\/www.grupomedcof.com.br\\\/blog\\\/#\\\/schema\\\/person\\\/1375e0ce724529d7a1d8156ea7f8ceaa\",\"name\":\"J\u00falia Moreira\",\"image\":{\"@type\":\"ImageObject\",\"inLanguage\":\"pt-BR\",\"@id\":\"https:\\\/\\\/www.grupomedcof.com.br\\\/blog\\\/wp-content\\\/uploads\\\/2024\\\/12\\\/cropped-Captura-de-tela-2023-12-15-094946-96x96.png6a0083ac34a0445de97d55fae63a4a41\",\"url\":\"https:\\\/\\\/www.grupomedcof.com.br\\\/blog\\\/wp-content\\\/uploads\\\/2024\\\/12\\\/cropped-Captura-de-tela-2023-12-15-094946-96x96.png\",\"contentUrl\":\"https:\\\/\\\/www.grupomedcof.com.br\\\/blog\\\/wp-content\\\/uploads\\\/2024\\\/12\\\/cropped-Captura-de-tela-2023-12-15-094946-96x96.png\",\"caption\":\"J\u00falia Moreira\"},\"description\":\"Estudante do 8\u00ba semestre de Jornalismo na ECA-USP, f\u00e3 de filmes de terror e m\u00fasica popular sul-coreana.\",\"sameAs\":[\"https:\\\/\\\/www.grupomedcof.com.br\\\/\"],\"url\":\"https:\\\/\\\/www.grupomedcof.com.br\\\/blog\\\/author\\\/julia\\\/\"}]}<\/script>\n<!-- \/ Yoast SEO Premium plugin. -->","yoast_head_json":{"title":"Veja as datas da 1\u00aa etapa do exame Revalida 2023 - Blog de Medcof: conte\u00fados, editais, revalida e mais!","description":"Revalida 2023: Datas da 1\u00aa etapa foram % publicada pelo Inep. Vejas as datas do exame e n\u00e3o perca nenhum per\u00edodo importante!","robots":{"index":"index","follow":"follow","max-snippet":"max-snippet:-1","max-image-preview":"max-image-preview:large","max-video-preview":"max-video-preview:-1"},"canonical":"https:\/\/www.grupomedcof.com.br\/blog\/1a-etapa-revalida-2023-veja-as-datas-do-exame\/","og_locale":"pt_BR","og_type":"article","og_title":"Veja as datas da 1\u00aa etapa do exame Revalida 2023","og_description":"Revalida 2023: Datas da 1\u00aa etapa foram % publicada pelo Inep. Vejas as datas do exame e n\u00e3o perca nenhum per\u00edodo importante!","og_url":"https:\/\/www.grupomedcof.com.br\/blog\/1a-etapa-revalida-2023-veja-as-datas-do-exame\/","og_site_name":"Blog de Medcof: conte\u00fados, editais, revalida e mais!","article_publisher":"https:\/\/www.facebook.com\/MedCofQbank\/","article_published_time":"2023-01-06T18:35:27+00:00","og_image":[{"width":1141,"height":642,"url":"https:\/\/www.grupomedcof.com.br\/blog\/wp-content\/uploads\/2023\/01\/WhatsApp-Image-2023-01-06-at-15.30.52.jpeg","type":"image\/jpeg"}],"author":"J\u00falia Moreira","twitter_card":"summary_large_image","twitter_misc":{"Escrito por":"J\u00falia Moreira","Est. tempo de leitura":"4 minutos"},"schema":{"@context":"https:\/\/schema.org","@graph":[{"@type":"Article","@id":"https:\/\/www.grupomedcof.com.br\/blog\/1a-etapa-revalida-2023-veja-as-datas-do-exame\/#article","isPartOf":{"@id":"https:\/\/www.grupomedcof.com.br\/blog\/1a-etapa-revalida-2023-veja-as-datas-do-exame\/"},"author":{"name":"J\u00falia Moreira","@id":"https:\/\/www.grupomedcof.com.br\/blog\/#\/schema\/person\/1375e0ce724529d7a1d8156ea7f8ceaa"},"headline":"Veja as datas da 1\u00aa etapa do exame Revalida 2023","datePublished":"2023-01-06T18:35:27+00:00","mainEntityOfPage":{"@id":"https:\/\/www.grupomedcof.com.br\/blog\/1a-etapa-revalida-2023-veja-as-datas-do-exame\/"},"wordCount":665,"commentCount":0,"publisher":{"@id":"https:\/\/www.grupomedcof.com.br\/blog\/#organization"},"image":{"@id":"https:\/\/www.grupomedcof.com.br\/blog\/1a-etapa-revalida-2023-veja-as-datas-do-exame\/#primaryimage"},"thumbnailUrl":"https:\/\/www.grupomedcof.com.br\/blog\/wp-content\/uploads\/2023\/01\/WhatsApp-Image-2023-01-06-at-15.30.52.jpeg","keywords":["Revalida\u00e7\u00e3o de Diploma"],"articleSection":["Carreira M\u00e9dica"],"inLanguage":"pt-BR"},{"@type":"WebPage","@id":"https:\/\/www.grupomedcof.com.br\/blog\/1a-etapa-revalida-2023-veja-as-datas-do-exame\/","url":"https:\/\/www.grupomedcof.com.br\/blog\/1a-etapa-revalida-2023-veja-as-datas-do-exame\/","name":"Veja as datas da 1\u00aa etapa do exame Revalida 2023 - Blog de Medcof: conte\u00fados, editais, revalida e mais!","isPartOf":{"@id":"https:\/\/www.grupomedcof.com.br\/blog\/#website"},"primaryImageOfPage":{"@id":"https:\/\/www.grupomedcof.com.br\/blog\/1a-etapa-revalida-2023-veja-as-datas-do-exame\/#primaryimage"},"image":{"@id":"https:\/\/www.grupomedcof.com.br\/blog\/1a-etapa-revalida-2023-veja-as-datas-do-exame\/#primaryimage"},"thumbnailUrl":"https:\/\/www.grupomedcof.com.br\/blog\/wp-content\/uploads\/2023\/01\/WhatsApp-Image-2023-01-06-at-15.30.52.jpeg","datePublished":"2023-01-06T18:35:27+00:00","description":"Revalida 2023: Datas da 1\u00aa etapa foram % publicada pelo Inep. Vejas as datas do exame e n\u00e3o perca nenhum per\u00edodo importante!","breadcrumb":{"@id":"https:\/\/www.grupomedcof.com.br\/blog\/1a-etapa-revalida-2023-veja-as-datas-do-exame\/#breadcrumb"},"inLanguage":"pt-BR","potentialAction":[{"@type":"ReadAction","target":["https:\/\/www.grupomedcof.com.br\/blog\/1a-etapa-revalida-2023-veja-as-datas-do-exame\/"]}]},{"@type":"ImageObject","inLanguage":"pt-BR","@id":"https:\/\/www.grupomedcof.com.br\/blog\/1a-etapa-revalida-2023-veja-as-datas-do-exame\/#primaryimage","url":"https:\/\/www.grupomedcof.com.br\/blog\/wp-content\/uploads\/2023\/01\/WhatsApp-Image-2023-01-06-at-15.30.52.jpeg","contentUrl":"https:\/\/www.grupomedcof.com.br\/blog\/wp-content\/uploads\/2023\/01\/WhatsApp-Image-2023-01-06-at-15.30.52.jpeg","width":1141,"height":642,"caption":"Vai participar do Revalida 2023? Ent\u00e3o confira o cronograma do exame!"},{"@type":"BreadcrumbList","@id":"https:\/\/www.grupomedcof.com.br\/blog\/1a-etapa-revalida-2023-veja-as-datas-do-exame\/#breadcrumb","itemListElement":[{"@type":"ListItem","position":1,"name":"In\u00edcio","item":"https:\/\/www.grupomedcof.com.br\/blog\/"},{"@type":"ListItem","position":2,"name":"Veja as datas da 1\u00aa etapa do exame Revalida 2023"}]},{"@type":"WebSite","@id":"https:\/\/www.grupomedcof.com.br\/blog\/#website","url":"https:\/\/www.grupomedcof.com.br\/blog\/","name":"Blog de Medcof: conte\u00fados, editais, revalida e mais!","description":"Acesso o blog de MedCof! Seu portal de conte\u00fados sobre resid\u00eancia m\u00e9dica, an\u00e1lise e editais e muito mais. Clique e confira!","publisher":{"@id":"https:\/\/www.grupomedcof.com.br\/blog\/#organization"},"alternateName":"Blog de Medcof: conte\u00fados, editais, revalida e mais!","potentialAction":[{"@type":"SearchAction","target":{"@type":"EntryPoint","urlTemplate":"https:\/\/www.grupomedcof.com.br\/blog\/?s={search_term_string}"},"query-input":{"@type":"PropertyValueSpecification","valueRequired":true,"valueName":"search_term_string"}}],"inLanguage":"pt-BR"},{"@type":"Organization","@id":"https:\/\/www.grupomedcof.com.br\/blog\/#organization","name":"Grupo MedCof","url":"https:\/\/www.grupomedcof.com.br\/blog\/","logo":{"@type":"ImageObject","inLanguage":"pt-BR","@id":"https:\/\/www.grupomedcof.com.br\/blog\/#\/schema\/logo\/image\/","url":"https:\/\/www.grupomedcof.com.br\/blog\/wp-content\/uploads\/2022\/01\/logo-medcof.png","contentUrl":"https:\/\/www.grupomedcof.com.br\/blog\/wp-content\/uploads\/2022\/01\/logo-medcof.png","width":768,"height":269,"caption":"Grupo MedCof"},"image":{"@id":"https:\/\/www.grupomedcof.com.br\/blog\/#\/schema\/logo\/image\/"},"sameAs":["https:\/\/www.facebook.com\/MedCofQbank\/","https:\/\/www.instagram.com\/grupomedcof\/","https:\/\/br.linkedin.com\/company\/medcof","https:\/\/www.youtube.com\/channel\/UCdHMuOHKICxcHwecxN8P-AA"]},{"@type":"Person","@id":"https:\/\/www.grupomedcof.com.br\/blog\/#\/schema\/person\/1375e0ce724529d7a1d8156ea7f8ceaa","name":"J\u00falia Moreira","image":{"@type":"ImageObject","inLanguage":"pt-BR","@id":"https:\/\/www.grupomedcof.com.br\/blog\/wp-content\/uploads\/2024\/12\/cropped-Captura-de-tela-2023-12-15-094946-96x96.png6a0083ac34a0445de97d55fae63a4a41","url":"https:\/\/www.grupomedcof.com.br\/blog\/wp-content\/uploads\/2024\/12\/cropped-Captura-de-tela-2023-12-15-094946-96x96.png","contentUrl":"https:\/\/www.grupomedcof.com.br\/blog\/wp-content\/uploads\/2024\/12\/cropped-Captura-de-tela-2023-12-15-094946-96x96.png","caption":"J\u00falia Moreira"},"description":"Estudante do 8\u00ba semestre de Jornalismo na ECA-USP, f\u00e3 de filmes de terror e m\u00fasica popular sul-coreana.","sameAs":["https:\/\/www.grupomedcof.com.br\/"],"url":"https:\/\/www.grupomedcof.com.br\/blog\/author\/julia\/"}]}},"authors":[{"term_id":3609,"user_id":6,"is_guest":0,"slug":"julia","display_name":"J\u00falia Moreira","avatar_url":"https:\/\/www.grupomedcof.com.br\/blog\/wp-content\/uploads\/2024\/12\/cropped-Captura-de-tela-2023-12-15-094946-96x96.png","0":null,"1":"","2":"","3":"","4":"","5":"","6":"","7":"","8":""}],"_links":{"self":[{"href":"https:\/\/www.grupomedcof.com.br\/blog\/wp-json\/wp\/v2\/posts\/3576","targetHints":{"allow":["GET"]}}],"collection":[{"href":"https:\/\/www.grupomedcof.com.br\/blog\/wp-json\/wp\/v2\/posts"}],"about":[{"href":"https:\/\/www.grupomedcof.com.br\/blog\/wp-json\/wp\/v2\/types\/post"}],"author":[{"embeddable":true,"href":"https:\/\/www.grupomedcof.com.br\/blog\/wp-json\/wp\/v2\/users\/6"}],"replies":[{"embeddable":true,"href":"https:\/\/www.grupomedcof.com.br\/blog\/wp-json\/wp\/v2\/comments?post=3576"}],"version-history":[{"count":0,"href":"https:\/\/www.grupomedcof.com.br\/blog\/wp-json\/wp\/v2\/posts\/3576\/revisions"}],"wp:featuredmedia":[{"embeddable":true,"href":"https:\/\/www.grupomedcof.com.br\/blog\/wp-json\/wp\/v2\/media\/3644"}],"wp:attachment":[{"href":"https:\/\/www.grupomedcof.com.br\/blog\/wp-json\/wp\/v2\/media?parent=3576"}],"wp:term":[{"taxonomy":"category","embeddable":true,"href":"https:\/\/www.grupomedcof.com.br\/blog\/wp-json\/wp\/v2\/categories?post=3576"},{"taxonomy":"post_tag","embeddable":true,"href":"https:\/\/www.grupomedcof.com.br\/blog\/wp-json\/wp\/v2\/tags?post=3576"},{"taxonomy":"author","embeddable":true,"href":"https:\/\/www.grupomedcof.com.br\/blog\/wp-json\/wp\/v2\/ppma_author?post=3576"}],"curies":[{"name":"wp","href":"https:\/\/api.w.org\/{rel}","templated":true}]}}