{"id":36018,"date":"2025-08-26T10:09:00","date_gmt":"2025-08-26T13:09:00","guid":{"rendered":"https:\/\/www.grupomedcof.com.br\/blog\/?p=36018"},"modified":"2025-08-25T10:10:47","modified_gmt":"2025-08-25T13:10:47","slug":"esclerose-multipla","status":"publish","type":"post","link":"https:\/\/www.grupomedcof.com.br\/blog\/esclerose-multipla\/","title":{"rendered":"Esclerose m\u00faltipla: o que \u00e9, sintomas, causas, tratamento e progn\u00f3stico"},"content":{"rendered":"<div id=\"ez-toc-container\" class=\"ez-toc-v2_0_74 counter-hierarchy ez-toc-counter ez-toc-transparent ez-toc-container-direction\">\n<div class=\"ez-toc-title-container\">\n<p class=\"ez-toc-title\" style=\"cursor:inherit\">Sum\u00e1rio<\/p>\n<span class=\"ez-toc-title-toggle\"><a href=\"#\" class=\"ez-toc-pull-right ez-toc-btn ez-toc-btn-xs ez-toc-btn-default ez-toc-toggle\" aria-label=\"Alternar tabela de conte\u00fado\"><span class=\"ez-toc-js-icon-con\"><span class=\"\"><span class=\"eztoc-hide\" style=\"display:none;\">Toggle<\/span><span class=\"ez-toc-icon-toggle-span\"><svg style=\"fill: #999;color:#999\" xmlns=\"http:\/\/www.w3.org\/2000\/svg\" class=\"list-377408\" width=\"20px\" height=\"20px\" viewBox=\"0 0 24 24\" fill=\"none\"><path d=\"M6 6H4v2h2V6zm14 0H8v2h12V6zM4 11h2v2H4v-2zm16 0H8v2h12v-2zM4 16h2v2H4v-2zm16 0H8v2h12v-2z\" fill=\"currentColor\"><\/path><\/svg><svg style=\"fill: #999;color:#999\" class=\"arrow-unsorted-368013\" xmlns=\"http:\/\/www.w3.org\/2000\/svg\" width=\"10px\" height=\"10px\" viewBox=\"0 0 24 24\" version=\"1.2\" baseProfile=\"tiny\"><path d=\"M18.2 9.3l-6.2-6.3-6.2 6.3c-.2.2-.3.4-.3.7s.1.5.3.7c.2.2.4.3.7.3h11c.3 0 .5-.1.7-.3.2-.2.3-.5.3-.7s-.1-.5-.3-.7zM5.8 14.7l6.2 6.3 6.2-6.3c.2-.2.3-.5.3-.7s-.1-.5-.3-.7c-.2-.2-.4-.3-.7-.3h-11c-.3 0-.5.1-.7.3-.2.2-.3.5-.3.7s.1.5.3.7z\"\/><\/svg><\/span><\/span><\/span><\/a><\/span><\/div>\n<nav><ul class='ez-toc-list ez-toc-list-level-1 ' ><li class='ez-toc-page-1 ez-toc-heading-level-2'><a class=\"ez-toc-link ez-toc-heading-1\" href=\"https:\/\/www.grupomedcof.com.br\/blog\/esclerose-multipla\/#O_que_leva_uma_pessoa_a_ter_esclerose_multipla\" >O que leva uma pessoa a ter esclerose m\u00faltipla?<\/a><\/li><li class='ez-toc-page-1 ez-toc-heading-level-2'><a class=\"ez-toc-link ez-toc-heading-2\" href=\"https:\/\/www.grupomedcof.com.br\/blog\/esclerose-multipla\/#Sintomas_da_esclerose_multipla\" >Sintomas da esclerose m\u00faltipla<\/a><ul class='ez-toc-list-level-3' ><li class='ez-toc-heading-level-3'><a class=\"ez-toc-link ez-toc-heading-3\" href=\"https:\/\/www.grupomedcof.com.br\/blog\/esclerose-multipla\/#Quais_sao_os_primeiros_sinais_da_esclerose_multipla\" >Quais s\u00e3o os primeiros sinais da esclerose m\u00faltipla?<\/a><\/li><li class='ez-toc-page-1 ez-toc-heading-level-3'><a class=\"ez-toc-link ez-toc-heading-4\" href=\"https:\/\/www.grupomedcof.com.br\/blog\/esclerose-multipla\/#Sintomas_tardios\" >Sintomas tardios<\/a><\/li><\/ul><\/li><li class='ez-toc-page-1 ez-toc-heading-level-2'><a class=\"ez-toc-link ez-toc-heading-5\" href=\"https:\/\/www.grupomedcof.com.br\/blog\/esclerose-multipla\/#Tipos_de_esclerose_multipla\" >Tipos de esclerose m\u00faltipla<\/a><\/li><li class='ez-toc-page-1 ez-toc-heading-level-2'><a class=\"ez-toc-link ez-toc-heading-6\" href=\"https:\/\/www.grupomedcof.com.br\/blog\/esclerose-multipla\/#Onde_a_esclerose_multipla_%E2%80%9Cataca%E2%80%9D_no_corpo\" >Onde a esclerose m\u00faltipla \u201cataca\u201d no corpo?<\/a><\/li><li class='ez-toc-page-1 ez-toc-heading-level-2'><a class=\"ez-toc-link ez-toc-heading-7\" href=\"https:\/\/www.grupomedcof.com.br\/blog\/esclerose-multipla\/#Como_e_feito_o_diagnostico_da_esclerose_multipla\" >Como \u00e9 feito o diagn\u00f3stico da esclerose m\u00faltipla?<\/a><ul class='ez-toc-list-level-3' ><li class='ez-toc-heading-level-3'><a class=\"ez-toc-link ez-toc-heading-8\" href=\"https:\/\/www.grupomedcof.com.br\/blog\/esclerose-multipla\/#Exames_utilizados_no_diagnostico\" >Exames utilizados no diagn\u00f3stico<\/a><\/li><\/ul><\/li><li class='ez-toc-page-1 ez-toc-heading-level-2'><a class=\"ez-toc-link ez-toc-heading-9\" href=\"https:\/\/www.grupomedcof.com.br\/blog\/esclerose-multipla\/#Qual_o_tratamento_para_esclerose_multipla\" >Qual o tratamento para esclerose m\u00faltipla?<\/a><ul class='ez-toc-list-level-3' ><li class='ez-toc-heading-level-3'><a class=\"ez-toc-link ez-toc-heading-10\" href=\"https:\/\/www.grupomedcof.com.br\/blog\/esclerose-multipla\/#Medicamentos_modificadores_da_doenca\" >Medicamentos modificadores da doen\u00e7a<\/a><\/li><li class='ez-toc-page-1 ez-toc-heading-level-3'><a class=\"ez-toc-link ez-toc-heading-11\" href=\"https:\/\/www.grupomedcof.com.br\/blog\/esclerose-multipla\/#Abordagens_complementares\" >Abordagens complementares<\/a><\/li><\/ul><\/li><li class='ez-toc-page-1 ez-toc-heading-level-2'><a class=\"ez-toc-link ez-toc-heading-12\" href=\"https:\/\/www.grupomedcof.com.br\/blog\/esclerose-multipla\/#Quantos_anos_vive_uma_pessoa_com_esclerose_multipla\" >Quantos anos vive uma pessoa com esclerose m\u00faltipla?<\/a><\/li><li class='ez-toc-page-1 ez-toc-heading-level-2'><a class=\"ez-toc-link ez-toc-heading-13\" href=\"https:\/\/www.grupomedcof.com.br\/blog\/esclerose-multipla\/#Seja_o_profissional_que_a_medicina_precisa_com_a_MedCof\" >Seja o profissional que a medicina precisa com a MedCof<\/a><\/li><li class='ez-toc-page-1 ez-toc-heading-level-2'><a class=\"ez-toc-link ez-toc-heading-14\" href=\"https:\/\/www.grupomedcof.com.br\/blog\/esclerose-multipla\/#Seja_o_profissional_que_a_medicina_precisa_com_a_MedCof-2\" >Seja o profissional que a medicina precisa com a MedCof<\/a><\/li><\/ul><\/nav><\/div>\n\n<figure class=\"wp-block-image size-large\"><img loading=\"lazy\" decoding=\"async\" width=\"1024\" height=\"576\" src=\"https:\/\/www.grupomedcof.com.br\/blog\/wp-content\/uploads\/2025\/05\/Blog-MedCof-2025-05-30T073348.461-1024x576.jpg\" alt=\"\" class=\"wp-image-36019\" srcset=\"https:\/\/www.grupomedcof.com.br\/blog\/wp-content\/uploads\/2025\/05\/Blog-MedCof-2025-05-30T073348.461-1024x576.jpg 1024w, https:\/\/www.grupomedcof.com.br\/blog\/wp-content\/uploads\/2025\/05\/Blog-MedCof-2025-05-30T073348.461-300x169.jpg 300w, https:\/\/www.grupomedcof.com.br\/blog\/wp-content\/uploads\/2025\/05\/Blog-MedCof-2025-05-30T073348.461-768x432.jpg 768w, https:\/\/www.grupomedcof.com.br\/blog\/wp-content\/uploads\/2025\/05\/Blog-MedCof-2025-05-30T073348.461-1536x864.jpg 1536w, https:\/\/www.grupomedcof.com.br\/blog\/wp-content\/uploads\/2025\/05\/Blog-MedCof-2025-05-30T073348.461-747x420.jpg 747w, https:\/\/www.grupomedcof.com.br\/blog\/wp-content\/uploads\/2025\/05\/Blog-MedCof-2025-05-30T073348.461-150x84.jpg 150w, https:\/\/www.grupomedcof.com.br\/blog\/wp-content\/uploads\/2025\/05\/Blog-MedCof-2025-05-30T073348.461-696x392.jpg 696w, https:\/\/www.grupomedcof.com.br\/blog\/wp-content\/uploads\/2025\/05\/Blog-MedCof-2025-05-30T073348.461-1068x601.jpg 1068w, https:\/\/www.grupomedcof.com.br\/blog\/wp-content\/uploads\/2025\/05\/Blog-MedCof-2025-05-30T073348.461.jpg 1920w\" sizes=\"auto, (max-width: 1024px) 100vw, 1024px\" \/><figcaption class=\"wp-element-caption\">Imagem: Canva.<\/figcaption><\/figure>\n\n\n\n<p>A<strong> Esclerose M\u00faltipla <\/strong>\u00e9 uma doen\u00e7a autoimune cr\u00f4nica que afeta o sistema nervoso central, bem como o c\u00e9rebro e a medula espinhal. A causa ainda \u00e9 desconhecida, mas envolve uma rea\u00e7\u00e3o autoimune.&nbsp;<\/p>\n\n\n\n<h2 class=\"wp-block-heading\" id=\"h-o-que-leva-uma-pessoa-a-ter-esclerose-multipla\"><span class=\"ez-toc-section\" id=\"O_que_leva_uma_pessoa_a_ter_esclerose_multipla\"><\/span><strong>O que leva uma pessoa a ter esclerose m\u00faltipla?<\/strong><span class=\"ez-toc-section-end\"><\/span><\/h2>\n\n\n\n<p>As causas da esclerose m\u00faltipla<strong> n\u00e3o s\u00e3o completamente compreendidas<\/strong>, entretanto, cientistas acreditam&nbsp; que uma combina\u00e7\u00e3o de<strong> fatores gen\u00e9ticos e ambientais<\/strong>, <strong>infec\u00e7\u00f5es virais, baixa vitamina D e tabagismo<\/strong> possam estar envolvidos.<\/p>\n\n\n\n<h2 class=\"wp-block-heading\" id=\"h-sintomas-da-esclerose-multipla\"><span class=\"ez-toc-section\" id=\"Sintomas_da_esclerose_multipla\"><\/span><strong>Sintomas da esclerose m\u00faltipla<\/strong><span class=\"ez-toc-section-end\"><\/span><\/h2>\n\n\n\n<p>Os <strong>sinais e sintomas <\/strong>podem <strong>variar<\/strong> de pessoa a pessoa e <strong>dependem da localiza\u00e7\u00e3o dos neur\u00f4nios comprometidos.<\/strong> Assim, os principais s\u00e3o:<\/p>\n\n\n\n<ul class=\"wp-block-list\">\n<li>Fadiga;<\/li>\n\n\n\n<li>Altera\u00e7\u00f5es na fala e degluti\u00e7\u00e3o;<\/li>\n\n\n\n<li>Transtorno cognitivo;<\/li>\n\n\n\n<li>Transtorno emocional;<\/li>\n\n\n\n<li>Problemas no trato urin\u00e1rio e intestinal;<\/li>\n\n\n\n<li>Transtornos visuais;<\/li>\n\n\n\n<li>Problemas de equil\u00edbrio e coordena\u00e7\u00e3o;<\/li>\n\n\n\n<li>Rigidez excessiva em algum membro do corpo.<\/li>\n<\/ul>\n\n\n\n<h3 class=\"wp-block-heading\" id=\"h-quais-sao-os-primeiros-sinais-da-esclerose-multipla\"><span class=\"ez-toc-section\" id=\"Quais_sao_os_primeiros_sinais_da_esclerose_multipla\"><\/span><strong>Quais s\u00e3o os primeiros sinais da esclerose m\u00faltipla?<\/strong><span class=\"ez-toc-section-end\"><\/span><\/h3>\n\n\n\n<p>Os <strong>primeiros sinais <\/strong>da esclerose m\u00faltipla podem ser<strong> sutis e variados<\/strong>, mas na maioria dos casos envolvem:<\/p>\n\n\n\n<ul class=\"wp-block-list\">\n<li>Vis\u00e3o emba\u00e7ada;<\/li>\n\n\n\n<li>Fraqueza muscular;<\/li>\n\n\n\n<li>Formigamentos;<\/li>\n\n\n\n<li>Desequil\u00edbrio;<\/li>\n\n\n\n<li>Fadiga intensa;<\/li>\n\n\n\n<li>Dificuldade na fala;<\/li>\n\n\n\n<li>Problemas cognitivos leves.<\/li>\n<\/ul>\n\n\n\n<h3 class=\"wp-block-heading\" id=\"h-sintomas-tardios\"><span class=\"ez-toc-section\" id=\"Sintomas_tardios\"><\/span><strong>Sintomas tardios<\/strong><span class=\"ez-toc-section-end\"><\/span><\/h3>\n\n\n\n<p>Os <strong>sintomas tardios <\/strong>podem envolver:<\/p>\n\n\n\n<ul class=\"wp-block-list\">\n<li>Espasticidade;<\/li>\n\n\n\n<li>Dificuldade de locomo\u00e7\u00e3o;<\/li>\n\n\n\n<li>Altera\u00e7\u00f5es cognitivas e urin\u00e1rias.<\/li>\n<\/ul>\n\n\n\n<p>Vale ressaltar que a<a href=\"https:\/\/www.grupomedcof.com.br\/blog\/esclerose-lateral-amiotrofica\/\"> evolu\u00e7\u00e3o da doen\u00e7a <\/a>depende do tipo da esclerose e da resposta do tratamento.<\/p>\n\n\n\n<h2 class=\"wp-block-heading\" id=\"h-tipos-de-esclerose-multipla\"><span class=\"ez-toc-section\" id=\"Tipos_de_esclerose_multipla\"><\/span><strong>Tipos de esclerose m\u00faltipla<\/strong><span class=\"ez-toc-section-end\"><\/span><\/h2>\n\n\n\n<p>Existem quatro tipos principais da esclerose m\u00faltipla:<br><\/p>\n\n\n\n<ul class=\"wp-block-list\">\n<li><strong>Surto-remiss\u00e3o (EMSR):<\/strong> essa \u00e9 a forma mais comum da doen\u00e7a com cerca de 85% dos casos. Envolve epis\u00f3dios de sintomas <a href=\"https:\/\/www.grupomedcof.com.br\/blog\/neurologia\/\">neurol\u00f3gicos<\/a>, chamados de surtos, que surgem rapidamente, seguidos de per\u00edodos de remiss\u00e3o, no qual os sintomas diminuem ou desaparecem;<\/li>\n\n\n\n<li><strong>Prim\u00e1ria progressiva: <\/strong>nessa forma, a doen\u00e7a progride desde o in\u00edcio, sem per\u00edodo de remiss\u00e3o;<\/li>\n\n\n\n<li><strong>Secund\u00e1ria progressiva: <\/strong>esse tipo geralmente se desenvolve em pessoas que, inicialmente, tiveram a forma recorrente da doen\u00e7a. Assim, a condi\u00e7\u00e3o piora gradualmente, com ou sem epis\u00f3dios de surtos;<\/li>\n\n\n\n<li><strong>Progressiva com surtos: <\/strong>caracteriza-se como uma forma rara da doen\u00e7a, com uma piora gradual dos sintomas e com epis\u00f3dios de surtos agudos que podem levar ao aumento tempor\u00e1rio da incapacidade.<\/li>\n<\/ul>\n\n\n\n<h2 class=\"wp-block-heading\" id=\"h-onde-a-esclerose-multipla-ataca-no-corpo\"><span class=\"ez-toc-section\" id=\"Onde_a_esclerose_multipla_%E2%80%9Cataca%E2%80%9D_no_corpo\"><\/span><strong>Onde a esclerose m\u00faltipla \u201cataca\u201d no corpo?<\/strong><span class=\"ez-toc-section-end\"><\/span><\/h2>\n\n\n\n<p>A esclerose m\u00faltipla atinge o <strong>c\u00e9rebro, a medula espinhal e os<\/strong><a href=\"https:\/\/www.grupomedcof.com.br\/blog\/doencas-desmielinizantes-a-fisiopatologia-envolvida\/\"><strong> nervos \u00f3pticos<\/strong><\/a><strong>.<\/strong> As<strong> \u00e1reas comuns de les\u00e3o<\/strong> envolvem:<\/p>\n\n\n\n<ul class=\"wp-block-list\">\n<li>Corpo caloso;<\/li>\n\n\n\n<li>Nervo \u00f3ptico;<\/li>\n\n\n\n<li>Cerebelo;<\/li>\n\n\n\n<li>Medula cervical.<\/li>\n<\/ul>\n\n\n\n<figure class=\"wp-block-image\"><img decoding=\"async\" src=\"https:\/\/lh7-rt.googleusercontent.com\/docsz\/AD_4nXfbTZatQZTHBzjxqeVslzIppqQkWr52IW5Ews9WHX9qPcswJxVgp9b2aSDzZ4zSJzj1u4p-ia4ZqYyxm8jU1FC_DMlvHATK4UWBSEo9yRJr9O9teKKnxdquICw8ua2ABWxIBOxhrA?key=OTe8BemDCG60z54AyUxnBQ\" alt=\"\"\/><figcaption class=\"wp-element-caption\">Resson\u00e2ncia magn\u00e9tica com les\u00f5es t\u00edpicas | Fonte: Researchgate<\/figcaption><\/figure>\n\n\n\n<h2 class=\"wp-block-heading\" id=\"h-como-e-feito-o-diagnostico-da-esclerose-multipla\"><span class=\"ez-toc-section\" id=\"Como_e_feito_o_diagnostico_da_esclerose_multipla\"><\/span><strong>Como \u00e9 feito o diagn\u00f3stico da esclerose m\u00faltipla?<\/strong><span class=\"ez-toc-section-end\"><\/span><\/h2>\n\n\n\n<p>Clinicamente, o diagn\u00f3stico envolve a<strong> anamnese detalhada, entendimento do hist\u00f3rico de surtos e a <\/strong><a href=\"https:\/\/www.grupomedcof.com.br\/blog\/55-especialidades-medicas\/\"><strong>avalia\u00e7\u00e3o neurol\u00f3gica<\/strong><\/a><strong>. <\/strong>At\u00e9 o momento, <strong>n\u00e3o h\u00e1 um \u00fanico exame confirmat\u00f3rio<\/strong>, mas pode envolver o<strong> exame de resson\u00e2ncia magn\u00e9tica e testes adicionais.<\/strong><\/p>\n\n\n\n<h3 class=\"wp-block-heading\" id=\"h-exames-utilizados-no-diagnostico\"><span class=\"ez-toc-section\" id=\"Exames_utilizados_no_diagnostico\"><\/span><strong>Exames utilizados no diagn\u00f3stico<\/strong><span class=\"ez-toc-section-end\"><\/span><\/h3>\n\n\n\n<p>Os exames mais comuns para diagn\u00f3stico s\u00e3o:<\/p>\n\n\n\n<ul class=\"wp-block-list\">\n<li><strong>Resson\u00e2ncia magn\u00e9tica:<\/strong> \u00e9 fundamental para identificar \u00e1reas de les\u00f5es na bainha de mielina, no c\u00e9rebro e na medula espinhal.<\/li>\n\n\n\n<li><strong>Pun\u00e7\u00e3o lombar: <\/strong>conhecido como an\u00e1lise de l\u00edquido cefalorraquidiano, permite detectar a presen\u00e7a de bandas oligoclonais.<\/li>\n\n\n\n<li><strong>Potenciais evocados:<\/strong> s\u00e3o testes que avaliam a resposta do sistema nervoso a est\u00edmulos sensoriais, al\u00e9m de poder indicar altera\u00e7\u00f5es na condu\u00e7\u00e3o nervosa.<\/li>\n\n\n\n<li><strong>Exame de sangue:<\/strong> realizado para excluir outras causas.<\/li>\n<\/ul>\n\n\n\n<h2 class=\"wp-block-heading\" id=\"h-qual-o-tratamento-para-esclerose-multipla\"><span class=\"ez-toc-section\" id=\"Qual_o_tratamento_para_esclerose_multipla\"><\/span><strong>Qual o tratamento para esclerose m\u00faltipla?<\/strong><span class=\"ez-toc-section-end\"><\/span><\/h2>\n\n\n\n<p>N\u00e3o existe uma cura para a esclerose m\u00faltipla, no entanto, h\u00e1 alguns tratamentos com o objetivo de reduzir surtos, desacelerar a progress\u00e3o da doen\u00e7a e controlar os sintomas, como:<\/p>\n\n\n\n<ul class=\"wp-block-list\">\n<li><strong>Corticoster\u00f3ides: <\/strong>utilizados por um curto per\u00edodo de tempo para amenizar os sintomas;<\/li>\n\n\n\n<li><strong>Medicamentos para ajudar a controlar o sistema imunol\u00f3gico: <\/strong>s\u00e3o utilizados para ajudar a impedir o sistema imunol\u00f3gico de atacar as bainhas de mielina.<\/li>\n\n\n\n<li><strong>Controle de sintomas: <\/strong>\u00e9 comum o uso de relaxantes musculares para controle de espasmos, clonazepam para tremores, amantadina para fadiga, antidepressivos e medicamentos para incontin\u00eancia urin\u00e1ria.<\/li>\n<\/ul>\n\n\n\n<h3 class=\"wp-block-heading\" id=\"h-medicamentos-modificadores-da-doenca\"><span class=\"ez-toc-section\" id=\"Medicamentos_modificadores_da_doenca\"><\/span><strong>Medicamentos modificadores da doen\u00e7a<\/strong><span class=\"ez-toc-section-end\"><\/span><\/h3>\n\n\n\n<p>Existem tamb\u00e9m alguns medicamentos modificadores da doen\u00e7a, como:<\/p>\n\n\n\n<ul class=\"wp-block-list\">\n<li>Interferons;<\/li>\n\n\n\n<li>Glatir\u00e2mer;<\/li>\n\n\n\n<li>Fingolimode;<\/li>\n\n\n\n<li>Natalizumabe;<\/li>\n\n\n\n<li>Ocrelizumab.<\/li>\n<\/ul>\n\n\n\n<p>No entanto, a escolha do medicamento depende do tipo de esclerose e perfil do paciente.<\/p>\n\n\n\n<h3 class=\"wp-block-heading\" id=\"h-abordagens-complementares\"><span class=\"ez-toc-section\" id=\"Abordagens_complementares\"><\/span><strong>Abordagens complementares<\/strong><span class=\"ez-toc-section-end\"><\/span><\/h3>\n\n\n\n<p>Outras abordagens complementares envolvem:<\/p>\n\n\n\n<ul class=\"wp-block-list\">\n<li>Fonoaudiologia;<\/li>\n\n\n\n<li>Terapia ocupacional;<\/li>\n\n\n\n<li>Psicoterapia.<\/li>\n<\/ul>\n\n\n\n<h2 class=\"wp-block-heading\" id=\"h-quantos-anos-vive-uma-pessoa-com-esclerose-multipla\"><span class=\"ez-toc-section\" id=\"Quantos_anos_vive_uma_pessoa_com_esclerose_multipla\"><\/span><strong>Quantos anos vive uma pessoa com esclerose m\u00faltipla?<\/strong><span class=\"ez-toc-section-end\"><\/span><\/h2>\n\n\n\n<p>Geralmente, a<strong> expectativa de vida n\u00e3o \u00e9 reduzida pela doen\u00e7a<\/strong>, podendo ser semelhante \u00e0 da popula\u00e7\u00e3o geral. Com os avan\u00e7os no tratamento e manejo da doen\u00e7a, a <strong>maioria dos pacientes vivem d\u00e9cadas ap\u00f3s o diagn\u00f3stico e com boa qualidade de vida.&nbsp;<\/strong><\/p>\n\n\n\n<h2 class=\"wp-block-heading\" id=\"h-seja-o-profissional-que-a-medicina-precisa-com-a-medcof\"><span class=\"ez-toc-section\" id=\"Seja_o_profissional_que_a_medicina_precisa_com_a_MedCof\"><\/span><strong>Seja o profissional que a medicina precisa com a MedCof<\/strong><span class=\"ez-toc-section-end\"><\/span><\/h2>\n\n\n\n<p>A <a href=\"https:\/\/www.grupomedcof.com.br\/home\/\"><strong>MedCof<\/strong><\/a> oferece uma forma\u00e7\u00e3o s\u00f3lida no ensino te\u00f3rico, cl\u00ednico e pr\u00e1tico que te prepara para a&nbsp; <a href=\"https:\/\/www.grupomedcof.com.br\/blog\/o-que-e-enare\/\">resid\u00eancia<\/a> e atua\u00e7\u00e3o m\u00e9dica no dia-a-dia. Seja um MedCofer e estude com foco, profundidade e prop\u00f3sito!<\/p>\n\n\n\n<h2 class=\"wp-block-heading\" id=\"h-seja-o-profissional-que-a-medicina-precisa-com-a-medcof-0\"><span class=\"ez-toc-section\" id=\"Seja_o_profissional_que_a_medicina_precisa_com_a_MedCof-2\"><\/span><strong><strong>Seja o profissional que a medicina precisa com a MedCof<\/strong><\/strong><span class=\"ez-toc-section-end\"><\/span><\/h2>\n\n\n\n<p>A <a href=\"https:\/\/www.grupomedcof.com.br\/home\/\"><strong>MedCof<\/strong><\/a> oferece uma forma\u00e7\u00e3o s\u00f3lida no ensino te\u00f3rico, cl\u00ednico e pr\u00e1tico que te prepara para a\u00a0 <a href=\"https:\/\/www.grupomedcof.com.br\/blog\/o-que-e-enare\/\">resid\u00eancia<\/a> e atua\u00e7\u00e3o m\u00e9dica no dia-a-dia. Seja um MedCofer e estude com foco, profundidade e prop\u00f3sito!<\/p>\n\n\n\n<figure class=\"wp-block-embed is-type-video is-provider-youtube wp-block-embed-youtube wp-embed-aspect-16-9 wp-has-aspect-ratio\"><div class=\"wp-block-embed__wrapper\">\n<div class=\"youtube-embed\" data-video_id=\"TH724UiCOT4\"><iframe loading=\"lazy\" title=\"Esclerose M\u00faltipla: O Que voc\u00ea precisa saber sobre os Sintomas e Tratamentos. Com Dr. Leonardo B...\" width=\"696\" height=\"392\" src=\"https:\/\/www.youtube.com\/embed\/TH724UiCOT4?feature=oembed&#038;enablejsapi=1\" frameborder=\"0\" allow=\"accelerometer; autoplay; clipboard-write; encrypted-media; gyroscope; picture-in-picture; web-share\" referrerpolicy=\"strict-origin-when-cross-origin\" allowfullscreen><\/iframe><\/div>\n<\/div><\/figure>\n","protected":false},"excerpt":{"rendered":"<p>No Dia Mundial da Esclerose M\u00faltipla, voltamos nossos olhares para uma das mais desafiadoras doen\u00e7as neurol\u00f3gicas: a Esclerose M\u00faltipla (EM). <\/p>\n","protected":false},"author":18,"featured_media":36019,"comment_status":"closed","ping_status":"closed","sticky":false,"template":"","format":"standard","meta":{"footnotes":""},"categories":[190],"tags":[2647,68,2005],"ppma_author":[3611],"class_list":{"0":"post-36018","1":"post","2":"type-post","3":"status-publish","4":"format-standard","5":"has-post-thumbnail","7":"category-neurologia","8":"tag-esclerose-multipla","9":"tag-residencia-medica","10":"tag-sistema-nervoso-central"},"yoast_head":"<!-- This site is optimized with the Yoast SEO Premium plugin v24.3 (Yoast SEO v27.4) - https:\/\/yoast.com\/product\/yoast-seo-premium-wordpress\/ -->\n<title>Esclerose m\u00faltipla: sintomas, causas, tipos e tratamento<\/title>\n<meta name=\"description\" content=\"Entenda os principais aspectos da esclerose m\u00faltipla: sinais, progress\u00e3o, diagn\u00f3stico e tratamento. Reforce seu estudo para provas de resid\u00eancia m\u00e9dica.\" \/>\n<meta name=\"robots\" content=\"index, follow, max-snippet:-1, max-image-preview:large, max-video-preview:-1\" \/>\n<link rel=\"canonical\" href=\"https:\/\/www.grupomedcof.com.br\/blog\/esclerose-multipla\/\" \/>\n<meta property=\"og:locale\" content=\"pt_BR\" \/>\n<meta property=\"og:type\" content=\"article\" \/>\n<meta property=\"og:title\" content=\"Esclerose m\u00faltipla: o que \u00e9, sintomas, causas, tratamento e progn\u00f3stico\" \/>\n<meta property=\"og:description\" content=\"Entenda os principais aspectos da esclerose m\u00faltipla: sinais, progress\u00e3o, diagn\u00f3stico e tratamento. Reforce seu estudo para provas de resid\u00eancia m\u00e9dica.\" \/>\n<meta property=\"og:url\" content=\"https:\/\/www.grupomedcof.com.br\/blog\/esclerose-multipla\/\" \/>\n<meta property=\"og:site_name\" content=\"Blog de Medcof: conte\u00fados, editais, revalida e mais!\" \/>\n<meta property=\"article:publisher\" content=\"https:\/\/www.facebook.com\/MedCofQbank\/\" \/>\n<meta property=\"article:published_time\" content=\"2025-08-26T13:09:00+00:00\" \/>\n<meta property=\"og:image\" content=\"https:\/\/www.grupomedcof.com.br\/blog\/wp-content\/uploads\/2025\/05\/Blog-MedCof-2025-05-30T073348.461.jpg\" \/>\n\t<meta property=\"og:image:width\" content=\"1920\" \/>\n\t<meta property=\"og:image:height\" content=\"1080\" \/>\n\t<meta property=\"og:image:type\" content=\"image\/jpeg\" \/>\n<meta name=\"author\" content=\"Leila Menzel\" \/>\n<meta name=\"twitter:card\" content=\"summary_large_image\" \/>\n<meta name=\"twitter:label1\" content=\"Escrito por\" \/>\n\t<meta name=\"twitter:data1\" content=\"Leila Menzel\" \/>\n\t<meta name=\"twitter:label2\" content=\"Est. tempo de leitura\" \/>\n\t<meta name=\"twitter:data2\" content=\"5 minutos\" \/>\n<script type=\"application\/ld+json\" class=\"yoast-schema-graph\">{\"@context\":\"https:\\\/\\\/schema.org\",\"@graph\":[{\"@type\":\"Article\",\"@id\":\"https:\\\/\\\/www.grupomedcof.com.br\\\/blog\\\/esclerose-multipla\\\/#article\",\"isPartOf\":{\"@id\":\"https:\\\/\\\/www.grupomedcof.com.br\\\/blog\\\/esclerose-multipla\\\/\"},\"author\":{\"name\":\"Leila Menzel\",\"@id\":\"https:\\\/\\\/www.grupomedcof.com.br\\\/blog\\\/#\\\/schema\\\/person\\\/2a5527209c17e7eb35bd6a4ebd5c7956\"},\"headline\":\"Esclerose m\u00faltipla: o que \u00e9, sintomas, causas, tratamento e progn\u00f3stico\",\"datePublished\":\"2025-08-26T13:09:00+00:00\",\"mainEntityOfPage\":{\"@id\":\"https:\\\/\\\/www.grupomedcof.com.br\\\/blog\\\/esclerose-multipla\\\/\"},\"wordCount\":896,\"publisher\":{\"@id\":\"https:\\\/\\\/www.grupomedcof.com.br\\\/blog\\\/#organization\"},\"image\":{\"@id\":\"https:\\\/\\\/www.grupomedcof.com.br\\\/blog\\\/esclerose-multipla\\\/#primaryimage\"},\"thumbnailUrl\":\"https:\\\/\\\/www.grupomedcof.com.br\\\/blog\\\/wp-content\\\/uploads\\\/2025\\\/05\\\/Blog-MedCof-2025-05-30T073348.461.jpg\",\"keywords\":[\"Esclerose M\u00faltipla\",\"Resid\u00eancia M\u00e9dica\",\"Sistema Nervoso Central\"],\"articleSection\":[\"Neurologia\"],\"inLanguage\":\"pt-BR\"},{\"@type\":\"WebPage\",\"@id\":\"https:\\\/\\\/www.grupomedcof.com.br\\\/blog\\\/esclerose-multipla\\\/\",\"url\":\"https:\\\/\\\/www.grupomedcof.com.br\\\/blog\\\/esclerose-multipla\\\/\",\"name\":\"Esclerose m\u00faltipla: sintomas, causas, tipos e tratamento\",\"isPartOf\":{\"@id\":\"https:\\\/\\\/www.grupomedcof.com.br\\\/blog\\\/#website\"},\"primaryImageOfPage\":{\"@id\":\"https:\\\/\\\/www.grupomedcof.com.br\\\/blog\\\/esclerose-multipla\\\/#primaryimage\"},\"image\":{\"@id\":\"https:\\\/\\\/www.grupomedcof.com.br\\\/blog\\\/esclerose-multipla\\\/#primaryimage\"},\"thumbnailUrl\":\"https:\\\/\\\/www.grupomedcof.com.br\\\/blog\\\/wp-content\\\/uploads\\\/2025\\\/05\\\/Blog-MedCof-2025-05-30T073348.461.jpg\",\"datePublished\":\"2025-08-26T13:09:00+00:00\",\"description\":\"Entenda os principais aspectos da esclerose m\u00faltipla: sinais, progress\u00e3o, diagn\u00f3stico e tratamento. Reforce seu estudo para provas de resid\u00eancia m\u00e9dica.\",\"breadcrumb\":{\"@id\":\"https:\\\/\\\/www.grupomedcof.com.br\\\/blog\\\/esclerose-multipla\\\/#breadcrumb\"},\"inLanguage\":\"pt-BR\",\"potentialAction\":[{\"@type\":\"ReadAction\",\"target\":[\"https:\\\/\\\/www.grupomedcof.com.br\\\/blog\\\/esclerose-multipla\\\/\"]}]},{\"@type\":\"ImageObject\",\"inLanguage\":\"pt-BR\",\"@id\":\"https:\\\/\\\/www.grupomedcof.com.br\\\/blog\\\/esclerose-multipla\\\/#primaryimage\",\"url\":\"https:\\\/\\\/www.grupomedcof.com.br\\\/blog\\\/wp-content\\\/uploads\\\/2025\\\/05\\\/Blog-MedCof-2025-05-30T073348.461.jpg\",\"contentUrl\":\"https:\\\/\\\/www.grupomedcof.com.br\\\/blog\\\/wp-content\\\/uploads\\\/2025\\\/05\\\/Blog-MedCof-2025-05-30T073348.461.jpg\",\"width\":1920,\"height\":1080,\"caption\":\"Imagem: Canva.\"},{\"@type\":\"BreadcrumbList\",\"@id\":\"https:\\\/\\\/www.grupomedcof.com.br\\\/blog\\\/esclerose-multipla\\\/#breadcrumb\",\"itemListElement\":[{\"@type\":\"ListItem\",\"position\":1,\"name\":\"In\u00edcio\",\"item\":\"https:\\\/\\\/www.grupomedcof.com.br\\\/blog\\\/\"},{\"@type\":\"ListItem\",\"position\":2,\"name\":\"Esclerose m\u00faltipla: o que \u00e9, sintomas, causas, tratamento e progn\u00f3stico\"}]},{\"@type\":\"WebSite\",\"@id\":\"https:\\\/\\\/www.grupomedcof.com.br\\\/blog\\\/#website\",\"url\":\"https:\\\/\\\/www.grupomedcof.com.br\\\/blog\\\/\",\"name\":\"Blog de Medcof: conte\u00fados, editais, revalida e mais!\",\"description\":\"Acesso o blog de MedCof! Seu portal de conte\u00fados sobre resid\u00eancia m\u00e9dica, an\u00e1lise e editais e muito mais. Clique e confira!\",\"publisher\":{\"@id\":\"https:\\\/\\\/www.grupomedcof.com.br\\\/blog\\\/#organization\"},\"alternateName\":\"Blog de Medcof: conte\u00fados, editais, revalida e mais!\",\"potentialAction\":[{\"@type\":\"SearchAction\",\"target\":{\"@type\":\"EntryPoint\",\"urlTemplate\":\"https:\\\/\\\/www.grupomedcof.com.br\\\/blog\\\/?s={search_term_string}\"},\"query-input\":{\"@type\":\"PropertyValueSpecification\",\"valueRequired\":true,\"valueName\":\"search_term_string\"}}],\"inLanguage\":\"pt-BR\"},{\"@type\":\"Organization\",\"@id\":\"https:\\\/\\\/www.grupomedcof.com.br\\\/blog\\\/#organization\",\"name\":\"Grupo MedCof\",\"url\":\"https:\\\/\\\/www.grupomedcof.com.br\\\/blog\\\/\",\"logo\":{\"@type\":\"ImageObject\",\"inLanguage\":\"pt-BR\",\"@id\":\"https:\\\/\\\/www.grupomedcof.com.br\\\/blog\\\/#\\\/schema\\\/logo\\\/image\\\/\",\"url\":\"https:\\\/\\\/www.grupomedcof.com.br\\\/blog\\\/wp-content\\\/uploads\\\/2022\\\/01\\\/logo-medcof.png\",\"contentUrl\":\"https:\\\/\\\/www.grupomedcof.com.br\\\/blog\\\/wp-content\\\/uploads\\\/2022\\\/01\\\/logo-medcof.png\",\"width\":768,\"height\":269,\"caption\":\"Grupo MedCof\"},\"image\":{\"@id\":\"https:\\\/\\\/www.grupomedcof.com.br\\\/blog\\\/#\\\/schema\\\/logo\\\/image\\\/\"},\"sameAs\":[\"https:\\\/\\\/www.facebook.com\\\/MedCofQbank\\\/\",\"https:\\\/\\\/www.instagram.com\\\/grupomedcof\\\/\",\"https:\\\/\\\/br.linkedin.com\\\/company\\\/medcof\",\"https:\\\/\\\/www.youtube.com\\\/channel\\\/UCdHMuOHKICxcHwecxN8P-AA\"]},{\"@type\":\"Person\",\"@id\":\"https:\\\/\\\/www.grupomedcof.com.br\\\/blog\\\/#\\\/schema\\\/person\\\/2a5527209c17e7eb35bd6a4ebd5c7956\",\"name\":\"Leila Menzel\",\"image\":{\"@type\":\"ImageObject\",\"inLanguage\":\"pt-BR\",\"@id\":\"https:\\\/\\\/www.grupomedcof.com.br\\\/blog\\\/wp-content\\\/uploads\\\/2023\\\/04\\\/cropped-cropped-cropped-logo-96x96.png15459389df217b605b4f0cce419ac81a\",\"url\":\"https:\\\/\\\/www.grupomedcof.com.br\\\/blog\\\/wp-content\\\/uploads\\\/2023\\\/04\\\/cropped-cropped-cropped-logo-96x96.png\",\"contentUrl\":\"https:\\\/\\\/www.grupomedcof.com.br\\\/blog\\\/wp-content\\\/uploads\\\/2023\\\/04\\\/cropped-cropped-cropped-logo-96x96.png\",\"caption\":\"Leila Menzel\"},\"description\":\"Estudante do 6\u00b0 semestre de jornalismo, amo e escrevo poesias e viajo em livros de romances clich\u00eas.\",\"url\":\"https:\\\/\\\/www.grupomedcof.com.br\\\/blog\\\/author\\\/leila\\\/\"}]}<\/script>\n<!-- \/ Yoast SEO Premium plugin. -->","yoast_head_json":{"title":"Esclerose m\u00faltipla: sintomas, causas, tipos e tratamento","description":"Entenda os principais aspectos da esclerose m\u00faltipla: sinais, progress\u00e3o, diagn\u00f3stico e tratamento. Reforce seu estudo para provas de resid\u00eancia m\u00e9dica.","robots":{"index":"index","follow":"follow","max-snippet":"max-snippet:-1","max-image-preview":"max-image-preview:large","max-video-preview":"max-video-preview:-1"},"canonical":"https:\/\/www.grupomedcof.com.br\/blog\/esclerose-multipla\/","og_locale":"pt_BR","og_type":"article","og_title":"Esclerose m\u00faltipla: o que \u00e9, sintomas, causas, tratamento e progn\u00f3stico","og_description":"Entenda os principais aspectos da esclerose m\u00faltipla: sinais, progress\u00e3o, diagn\u00f3stico e tratamento. Reforce seu estudo para provas de resid\u00eancia m\u00e9dica.","og_url":"https:\/\/www.grupomedcof.com.br\/blog\/esclerose-multipla\/","og_site_name":"Blog de Medcof: conte\u00fados, editais, revalida e mais!","article_publisher":"https:\/\/www.facebook.com\/MedCofQbank\/","article_published_time":"2025-08-26T13:09:00+00:00","og_image":[{"width":1920,"height":1080,"url":"https:\/\/www.grupomedcof.com.br\/blog\/wp-content\/uploads\/2025\/05\/Blog-MedCof-2025-05-30T073348.461.jpg","type":"image\/jpeg"}],"author":"Leila Menzel","twitter_card":"summary_large_image","twitter_misc":{"Escrito por":"Leila Menzel","Est. tempo de leitura":"5 minutos"},"schema":{"@context":"https:\/\/schema.org","@graph":[{"@type":"Article","@id":"https:\/\/www.grupomedcof.com.br\/blog\/esclerose-multipla\/#article","isPartOf":{"@id":"https:\/\/www.grupomedcof.com.br\/blog\/esclerose-multipla\/"},"author":{"name":"Leila Menzel","@id":"https:\/\/www.grupomedcof.com.br\/blog\/#\/schema\/person\/2a5527209c17e7eb35bd6a4ebd5c7956"},"headline":"Esclerose m\u00faltipla: o que \u00e9, sintomas, causas, tratamento e progn\u00f3stico","datePublished":"2025-08-26T13:09:00+00:00","mainEntityOfPage":{"@id":"https:\/\/www.grupomedcof.com.br\/blog\/esclerose-multipla\/"},"wordCount":896,"publisher":{"@id":"https:\/\/www.grupomedcof.com.br\/blog\/#organization"},"image":{"@id":"https:\/\/www.grupomedcof.com.br\/blog\/esclerose-multipla\/#primaryimage"},"thumbnailUrl":"https:\/\/www.grupomedcof.com.br\/blog\/wp-content\/uploads\/2025\/05\/Blog-MedCof-2025-05-30T073348.461.jpg","keywords":["Esclerose M\u00faltipla","Resid\u00eancia M\u00e9dica","Sistema Nervoso Central"],"articleSection":["Neurologia"],"inLanguage":"pt-BR"},{"@type":"WebPage","@id":"https:\/\/www.grupomedcof.com.br\/blog\/esclerose-multipla\/","url":"https:\/\/www.grupomedcof.com.br\/blog\/esclerose-multipla\/","name":"Esclerose m\u00faltipla: sintomas, causas, tipos e tratamento","isPartOf":{"@id":"https:\/\/www.grupomedcof.com.br\/blog\/#website"},"primaryImageOfPage":{"@id":"https:\/\/www.grupomedcof.com.br\/blog\/esclerose-multipla\/#primaryimage"},"image":{"@id":"https:\/\/www.grupomedcof.com.br\/blog\/esclerose-multipla\/#primaryimage"},"thumbnailUrl":"https:\/\/www.grupomedcof.com.br\/blog\/wp-content\/uploads\/2025\/05\/Blog-MedCof-2025-05-30T073348.461.jpg","datePublished":"2025-08-26T13:09:00+00:00","description":"Entenda os principais aspectos da esclerose m\u00faltipla: sinais, progress\u00e3o, diagn\u00f3stico e tratamento. Reforce seu estudo para provas de resid\u00eancia m\u00e9dica.","breadcrumb":{"@id":"https:\/\/www.grupomedcof.com.br\/blog\/esclerose-multipla\/#breadcrumb"},"inLanguage":"pt-BR","potentialAction":[{"@type":"ReadAction","target":["https:\/\/www.grupomedcof.com.br\/blog\/esclerose-multipla\/"]}]},{"@type":"ImageObject","inLanguage":"pt-BR","@id":"https:\/\/www.grupomedcof.com.br\/blog\/esclerose-multipla\/#primaryimage","url":"https:\/\/www.grupomedcof.com.br\/blog\/wp-content\/uploads\/2025\/05\/Blog-MedCof-2025-05-30T073348.461.jpg","contentUrl":"https:\/\/www.grupomedcof.com.br\/blog\/wp-content\/uploads\/2025\/05\/Blog-MedCof-2025-05-30T073348.461.jpg","width":1920,"height":1080,"caption":"Imagem: Canva."},{"@type":"BreadcrumbList","@id":"https:\/\/www.grupomedcof.com.br\/blog\/esclerose-multipla\/#breadcrumb","itemListElement":[{"@type":"ListItem","position":1,"name":"In\u00edcio","item":"https:\/\/www.grupomedcof.com.br\/blog\/"},{"@type":"ListItem","position":2,"name":"Esclerose m\u00faltipla: o que \u00e9, sintomas, causas, tratamento e progn\u00f3stico"}]},{"@type":"WebSite","@id":"https:\/\/www.grupomedcof.com.br\/blog\/#website","url":"https:\/\/www.grupomedcof.com.br\/blog\/","name":"Blog de Medcof: conte\u00fados, editais, revalida e mais!","description":"Acesso o blog de MedCof! Seu portal de conte\u00fados sobre resid\u00eancia m\u00e9dica, an\u00e1lise e editais e muito mais. Clique e confira!","publisher":{"@id":"https:\/\/www.grupomedcof.com.br\/blog\/#organization"},"alternateName":"Blog de Medcof: conte\u00fados, editais, revalida e mais!","potentialAction":[{"@type":"SearchAction","target":{"@type":"EntryPoint","urlTemplate":"https:\/\/www.grupomedcof.com.br\/blog\/?s={search_term_string}"},"query-input":{"@type":"PropertyValueSpecification","valueRequired":true,"valueName":"search_term_string"}}],"inLanguage":"pt-BR"},{"@type":"Organization","@id":"https:\/\/www.grupomedcof.com.br\/blog\/#organization","name":"Grupo MedCof","url":"https:\/\/www.grupomedcof.com.br\/blog\/","logo":{"@type":"ImageObject","inLanguage":"pt-BR","@id":"https:\/\/www.grupomedcof.com.br\/blog\/#\/schema\/logo\/image\/","url":"https:\/\/www.grupomedcof.com.br\/blog\/wp-content\/uploads\/2022\/01\/logo-medcof.png","contentUrl":"https:\/\/www.grupomedcof.com.br\/blog\/wp-content\/uploads\/2022\/01\/logo-medcof.png","width":768,"height":269,"caption":"Grupo MedCof"},"image":{"@id":"https:\/\/www.grupomedcof.com.br\/blog\/#\/schema\/logo\/image\/"},"sameAs":["https:\/\/www.facebook.com\/MedCofQbank\/","https:\/\/www.instagram.com\/grupomedcof\/","https:\/\/br.linkedin.com\/company\/medcof","https:\/\/www.youtube.com\/channel\/UCdHMuOHKICxcHwecxN8P-AA"]},{"@type":"Person","@id":"https:\/\/www.grupomedcof.com.br\/blog\/#\/schema\/person\/2a5527209c17e7eb35bd6a4ebd5c7956","name":"Leila Menzel","image":{"@type":"ImageObject","inLanguage":"pt-BR","@id":"https:\/\/www.grupomedcof.com.br\/blog\/wp-content\/uploads\/2023\/04\/cropped-cropped-cropped-logo-96x96.png15459389df217b605b4f0cce419ac81a","url":"https:\/\/www.grupomedcof.com.br\/blog\/wp-content\/uploads\/2023\/04\/cropped-cropped-cropped-logo-96x96.png","contentUrl":"https:\/\/www.grupomedcof.com.br\/blog\/wp-content\/uploads\/2023\/04\/cropped-cropped-cropped-logo-96x96.png","caption":"Leila Menzel"},"description":"Estudante do 6\u00b0 semestre de jornalismo, amo e escrevo poesias e viajo em livros de romances clich\u00eas.","url":"https:\/\/www.grupomedcof.com.br\/blog\/author\/leila\/"}]}},"authors":[{"term_id":3611,"user_id":18,"is_guest":0,"slug":"leila","display_name":"Leila Menzel","avatar_url":"https:\/\/www.grupomedcof.com.br\/blog\/wp-content\/uploads\/2023\/04\/cropped-cropped-cropped-logo-96x96.png","0":null,"1":"","2":"","3":"","4":"","5":"","6":"","7":"","8":""}],"_links":{"self":[{"href":"https:\/\/www.grupomedcof.com.br\/blog\/wp-json\/wp\/v2\/posts\/36018","targetHints":{"allow":["GET"]}}],"collection":[{"href":"https:\/\/www.grupomedcof.com.br\/blog\/wp-json\/wp\/v2\/posts"}],"about":[{"href":"https:\/\/www.grupomedcof.com.br\/blog\/wp-json\/wp\/v2\/types\/post"}],"author":[{"embeddable":true,"href":"https:\/\/www.grupomedcof.com.br\/blog\/wp-json\/wp\/v2\/users\/18"}],"replies":[{"embeddable":true,"href":"https:\/\/www.grupomedcof.com.br\/blog\/wp-json\/wp\/v2\/comments?post=36018"}],"version-history":[{"count":2,"href":"https:\/\/www.grupomedcof.com.br\/blog\/wp-json\/wp\/v2\/posts\/36018\/revisions"}],"predecessor-version":[{"id":37315,"href":"https:\/\/www.grupomedcof.com.br\/blog\/wp-json\/wp\/v2\/posts\/36018\/revisions\/37315"}],"wp:featuredmedia":[{"embeddable":true,"href":"https:\/\/www.grupomedcof.com.br\/blog\/wp-json\/wp\/v2\/media\/36019"}],"wp:attachment":[{"href":"https:\/\/www.grupomedcof.com.br\/blog\/wp-json\/wp\/v2\/media?parent=36018"}],"wp:term":[{"taxonomy":"category","embeddable":true,"href":"https:\/\/www.grupomedcof.com.br\/blog\/wp-json\/wp\/v2\/categories?post=36018"},{"taxonomy":"post_tag","embeddable":true,"href":"https:\/\/www.grupomedcof.com.br\/blog\/wp-json\/wp\/v2\/tags?post=36018"},{"taxonomy":"author","embeddable":true,"href":"https:\/\/www.grupomedcof.com.br\/blog\/wp-json\/wp\/v2\/ppma_author?post=36018"}],"curies":[{"name":"wp","href":"https:\/\/api.w.org\/{rel}","templated":true}]}}