{"id":36033,"date":"2025-05-30T15:31:26","date_gmt":"2025-05-30T18:31:26","guid":{"rendered":"https:\/\/www.grupomedcof.com.br\/blog\/?p=36033"},"modified":"2025-05-30T15:55:42","modified_gmt":"2025-05-30T18:55:42","slug":"melhores-residencias-de-oftalmologia-do-pais","status":"publish","type":"post","link":"https:\/\/www.grupomedcof.com.br\/blog\/melhores-residencias-de-oftalmologia-do-pais\/","title":{"rendered":"As melhores resid\u00eancias de Oftalmologia do pa\u00eds"},"content":{"rendered":"<div id=\"ez-toc-container\" class=\"ez-toc-v2_0_74 counter-hierarchy ez-toc-counter ez-toc-transparent ez-toc-container-direction\">\n<div class=\"ez-toc-title-container\">\n<p class=\"ez-toc-title\" style=\"cursor:inherit\">Sum\u00e1rio<\/p>\n<span class=\"ez-toc-title-toggle\"><a href=\"#\" class=\"ez-toc-pull-right ez-toc-btn ez-toc-btn-xs ez-toc-btn-default ez-toc-toggle\" aria-label=\"Alternar tabela de conte\u00fado\"><span class=\"ez-toc-js-icon-con\"><span class=\"\"><span class=\"eztoc-hide\" style=\"display:none;\">Toggle<\/span><span class=\"ez-toc-icon-toggle-span\"><svg style=\"fill: #999;color:#999\" xmlns=\"http:\/\/www.w3.org\/2000\/svg\" class=\"list-377408\" width=\"20px\" height=\"20px\" viewBox=\"0 0 24 24\" fill=\"none\"><path d=\"M6 6H4v2h2V6zm14 0H8v2h12V6zM4 11h2v2H4v-2zm16 0H8v2h12v-2zM4 16h2v2H4v-2zm16 0H8v2h12v-2z\" fill=\"currentColor\"><\/path><\/svg><svg style=\"fill: #999;color:#999\" class=\"arrow-unsorted-368013\" xmlns=\"http:\/\/www.w3.org\/2000\/svg\" width=\"10px\" height=\"10px\" viewBox=\"0 0 24 24\" version=\"1.2\" baseProfile=\"tiny\"><path d=\"M18.2 9.3l-6.2-6.3-6.2 6.3c-.2.2-.3.4-.3.7s.1.5.3.7c.2.2.4.3.7.3h11c.3 0 .5-.1.7-.3.2-.2.3-.5.3-.7s-.1-.5-.3-.7zM5.8 14.7l6.2 6.3 6.2-6.3c.2-.2.3-.5.3-.7s-.1-.5-.3-.7c-.2-.2-.4-.3-.7-.3h-11c-.3 0-.5.1-.7.3-.2.2-.3.5-.3.7s.1.5.3.7z\"\/><\/svg><\/span><\/span><\/span><\/a><\/span><\/div>\n<nav><ul class='ez-toc-list ez-toc-list-level-1 ' ><li class='ez-toc-page-1 ez-toc-heading-level-2'><a class=\"ez-toc-link ez-toc-heading-1\" href=\"https:\/\/www.grupomedcof.com.br\/blog\/melhores-residencias-de-oftalmologia-do-pais\/#Regiao_Sudeste_%E2%80%93_Hospital_das_Clinicas_da_Faculdade_de_Medicina_da_USP_HC_%E2%80%93_FMUSP\" >Regi\u00e3o Sudeste &#8211; Hospital das Cl\u00ednicas da Faculdade de Medicina da USP (HC &#8211; FMUSP)<\/a><\/li><li class='ez-toc-page-1 ez-toc-heading-level-2'><a class=\"ez-toc-link ez-toc-heading-2\" href=\"https:\/\/www.grupomedcof.com.br\/blog\/melhores-residencias-de-oftalmologia-do-pais\/#Regiao_Sul_%E2%80%93_Hospital_de_Clinicas_de_Porto_Alegre_HCPA\" >Regi\u00e3o Sul \u2013 Hospital de Cl\u00ednicas de Porto Alegre (HCPA)<\/a><\/li><li class='ez-toc-page-1 ez-toc-heading-level-2'><a class=\"ez-toc-link ez-toc-heading-3\" href=\"https:\/\/www.grupomedcof.com.br\/blog\/melhores-residencias-de-oftalmologia-do-pais\/#Regiao_Centro-Oeste_%E2%80%93_Hospital_das_Clinicas_da_Universidade_Federal_de_Goias_HC-UFG\" >Regi\u00e3o Centro-Oeste \u2013 Hospital das Cl\u00ednicas da Universidade Federal de Goi\u00e1s (HC-UFG)<\/a><\/li><li class='ez-toc-page-1 ez-toc-heading-level-2'><a class=\"ez-toc-link ez-toc-heading-4\" href=\"https:\/\/www.grupomedcof.com.br\/blog\/melhores-residencias-de-oftalmologia-do-pais\/#Regiao_Norte_%E2%80%93_Hospital_Ophir_Loyola\" >Regi\u00e3o Norte \u2013 Hospital Ophir Loyola<\/a><\/li><li class='ez-toc-page-1 ez-toc-heading-level-2'><a class=\"ez-toc-link ez-toc-heading-5\" href=\"https:\/\/www.grupomedcof.com.br\/blog\/melhores-residencias-de-oftalmologia-do-pais\/#Regiao_Nordeste_%E2%80%93_Fundacao_Altino_Ventura_FAV\" >Regi\u00e3o Nordeste \u2013 Funda\u00e7\u00e3o Altino Ventura (FAV)<\/a><\/li><li class='ez-toc-page-1 ez-toc-heading-level-2'><a class=\"ez-toc-link ez-toc-heading-6\" href=\"https:\/\/www.grupomedcof.com.br\/blog\/melhores-residencias-de-oftalmologia-do-pais\/#Seja_um_MedCofer\" >Seja um MedCofer!<\/a><\/li><\/ul><\/nav><\/div>\n\n<figure class=\"wp-block-image size-large\"><img loading=\"lazy\" decoding=\"async\" width=\"1024\" height=\"576\" src=\"https:\/\/www.grupomedcof.com.br\/blog\/wp-content\/uploads\/2025\/05\/Blog-MedCof-2025-05-30T151030.060-1024x576.jpg\" alt=\"\" class=\"wp-image-36035\" srcset=\"https:\/\/www.grupomedcof.com.br\/blog\/wp-content\/uploads\/2025\/05\/Blog-MedCof-2025-05-30T151030.060-1024x576.jpg 1024w, https:\/\/www.grupomedcof.com.br\/blog\/wp-content\/uploads\/2025\/05\/Blog-MedCof-2025-05-30T151030.060-300x169.jpg 300w, https:\/\/www.grupomedcof.com.br\/blog\/wp-content\/uploads\/2025\/05\/Blog-MedCof-2025-05-30T151030.060-768x432.jpg 768w, https:\/\/www.grupomedcof.com.br\/blog\/wp-content\/uploads\/2025\/05\/Blog-MedCof-2025-05-30T151030.060-1536x864.jpg 1536w, https:\/\/www.grupomedcof.com.br\/blog\/wp-content\/uploads\/2025\/05\/Blog-MedCof-2025-05-30T151030.060-747x420.jpg 747w, https:\/\/www.grupomedcof.com.br\/blog\/wp-content\/uploads\/2025\/05\/Blog-MedCof-2025-05-30T151030.060-150x84.jpg 150w, https:\/\/www.grupomedcof.com.br\/blog\/wp-content\/uploads\/2025\/05\/Blog-MedCof-2025-05-30T151030.060-696x392.jpg 696w, https:\/\/www.grupomedcof.com.br\/blog\/wp-content\/uploads\/2025\/05\/Blog-MedCof-2025-05-30T151030.060-1068x601.jpg 1068w, https:\/\/www.grupomedcof.com.br\/blog\/wp-content\/uploads\/2025\/05\/Blog-MedCof-2025-05-30T151030.060.jpg 1920w\" sizes=\"auto, (max-width: 1024px) 100vw, 1024px\" \/><figcaption class=\"wp-element-caption\">Imagem: Canva.<\/figcaption><\/figure>\n\n\n\n<p>A metade do ano j\u00e1 est\u00e1 chegando e, com ela, o <strong>aumento da ansiedade e press\u00e3o para escolher qual caminho seguir ap\u00f3s a gradua\u00e7\u00e3o.<\/strong> A fim de ajudar voc\u00eas nessa desafiadora decis\u00e3o, resolvemos trazer, desta vez, uma refer\u00eancia de cada estado do Brasil dos programas de resid\u00eancia m\u00e9dica em <strong>Oftalmologia<\/strong>.<\/p>\n\n\n\n<p>A resid\u00eancia \u00e9 conhecida por sua alta concorr\u00eancia e n\u00famero de vagas limitadas e consiste em uma especialidade m\u00e9dica de acesso direto e com dura\u00e7\u00e3o de 3 anos, sendo bastante almejada por conseguir englobar tanto a parte de procedimentos quanto cl\u00ednica. Veja a seguir!\u00a0<\/p>\n\n\n\n<h2 class=\"wp-block-heading\" id=\"h-regiao-sudeste-hospital-das-clinicas-da-faculdade-de-medicina-da-usp-hc-fmusp\"><span class=\"ez-toc-section\" id=\"Regiao_Sudeste_%E2%80%93_Hospital_das_Clinicas_da_Faculdade_de_Medicina_da_USP_HC_%E2%80%93_FMUSP\"><\/span><strong>Regi\u00e3o Sudeste &#8211; Hospital das Cl\u00ednicas da Faculdade de Medicina da USP (HC &#8211; FMUSP)<\/strong><span class=\"ez-toc-section-end\"><\/span><\/h2>\n\n\n\n<figure class=\"wp-block-image size-large\"><img loading=\"lazy\" decoding=\"async\" width=\"1024\" height=\"294\" src=\"https:\/\/www.grupomedcof.com.br\/blog\/wp-content\/uploads\/2025\/05\/capa2-kp6-1024x294.png\" alt=\"\" class=\"wp-image-36036\" srcset=\"https:\/\/www.grupomedcof.com.br\/blog\/wp-content\/uploads\/2025\/05\/capa2-kp6-1024x294.png 1024w, https:\/\/www.grupomedcof.com.br\/blog\/wp-content\/uploads\/2025\/05\/capa2-kp6-300x86.png 300w, https:\/\/www.grupomedcof.com.br\/blog\/wp-content\/uploads\/2025\/05\/capa2-kp6-768x220.png 768w, https:\/\/www.grupomedcof.com.br\/blog\/wp-content\/uploads\/2025\/05\/capa2-kp6-150x43.png 150w, https:\/\/www.grupomedcof.com.br\/blog\/wp-content\/uploads\/2025\/05\/capa2-kp6-696x200.png 696w, https:\/\/www.grupomedcof.com.br\/blog\/wp-content\/uploads\/2025\/05\/capa2-kp6-1068x306.png 1068w, https:\/\/www.grupomedcof.com.br\/blog\/wp-content\/uploads\/2025\/05\/capa2-kp6.png 1150w\" sizes=\"auto, (max-width: 1024px) 100vw, 1024px\" \/><figcaption class=\"wp-element-caption\">Reprodu\u00e7\u00e3o: FMUSP.<\/figcaption><\/figure>\n\n\n\n<p>O <strong>HC-FMUSP,<\/strong> localizado em S\u00e3o Paulo (SP), \u00e9 um dos centros mais prestigiados do pa\u00eds. Conta com ampla rede de hospitais conveniados, como o <strong>Hospital Universit\u00e1rio<\/strong> e o <strong>Hospital Santa Catarina,<\/strong> al\u00e9m de centros especializados em<strong> retina, glaucoma e c\u00f3rnea<\/strong>. A estrutura \u00e9 de excel\u00eancia, com tecnologia de ponta, corpo docente renomado e forte incentivo \u00e0 pesquisa. Alguns pontos relevantes:&nbsp;<\/p>\n\n\n\n<ul class=\"wp-block-list\">\n<li><strong>Carga hor\u00e1ria<\/strong>: 60 horas semanais;<\/li>\n\n\n\n<li><strong>Processo seletivo<\/strong>: USP-SP; prova objetiva e an\u00e1lise curricular; <\/li>\n\n\n\n<li><strong>Concorr\u00eancia<\/strong>: muito alta (acima de 100 candidatos por vaga);<\/li>\n\n\n\n<li><strong>Perfil da forma\u00e7\u00e3o<\/strong>: foco acad\u00eamico, forte em subespecializa\u00e7\u00f5es, pesquisa e produ\u00e7\u00e3o cient\u00edfica;<\/li>\n\n\n\n<li><strong>Oportunidades futuras<\/strong>: alta valoriza\u00e7\u00e3o nacional e internacional, facilidade para fellowships, concursos e atua\u00e7\u00e3o em grandes centros.<\/li>\n<\/ul>\n\n\n\n<h2 class=\"wp-block-heading\" id=\"h-regiao-sul-hospital-de-clinicas-de-porto-alegre-hcpa\"><span class=\"ez-toc-section\" id=\"Regiao_Sul_%E2%80%93_Hospital_de_Clinicas_de_Porto_Alegre_HCPA\"><\/span><strong>Regi\u00e3o Sul \u2013 Hospital de Cl\u00ednicas de Porto Alegre (HCPA)<\/strong><span class=\"ez-toc-section-end\"><\/span><\/h2>\n\n\n\n<figure class=\"wp-block-image size-full is-resized\"><img loading=\"lazy\" decoding=\"async\" width=\"427\" height=\"118\" src=\"https:\/\/www.grupomedcof.com.br\/blog\/wp-content\/uploads\/2025\/05\/download.jpeg\" alt=\"\" class=\"wp-image-36037\" style=\"width:696px;height:auto\" srcset=\"https:\/\/www.grupomedcof.com.br\/blog\/wp-content\/uploads\/2025\/05\/download.jpeg 427w, https:\/\/www.grupomedcof.com.br\/blog\/wp-content\/uploads\/2025\/05\/download-300x83.jpeg 300w, https:\/\/www.grupomedcof.com.br\/blog\/wp-content\/uploads\/2025\/05\/download-150x41.jpeg 150w\" sizes=\"auto, (max-width: 427px) 100vw, 427px\" \/><figcaption class=\"wp-element-caption\">Reprodu\u00e7\u00e3o: HCPA.<\/figcaption><\/figure>\n\n\n\n<p>O<strong> HCPA,<\/strong> da Universidade Federal do Rio Grande do Sul (UFRGS), \u00e9 o maior centro da regi\u00e3o. Possui infraestrutura moderna, com acesso equilibrado entre a pr\u00e1tica cl\u00ednica e cir\u00fargica, e parceria com cl\u00ednicas especializadas. Pontos importantes:&nbsp;<\/p>\n\n\n\n<ul class=\"wp-block-list\">\n<li><strong>Carga hor\u00e1ria<\/strong>: 60 horas semanais;<\/li>\n\n\n\n<li><strong>Processo seletivo<\/strong>: prova te\u00f3rica e poss\u00edvel entrevista;<\/li>\n\n\n\n<li><strong>Concorr\u00eancia<\/strong>: alta (cerca de 30\u201350 candidatos por vaga);<\/li>\n\n\n\n<li><strong>Perfil da forma\u00e7\u00e3o<\/strong>: equilibrado entre assist\u00eancia e ci\u00eancia, com incentivo \u00e0 pesquisa e boa base cl\u00ednica;<\/li>\n\n\n\n<li><strong>Oportunidades futuras<\/strong>: boa coloca\u00e7\u00e3o no mercado do Sul, acesso facilitado a especializa\u00e7\u00f5es.<\/li>\n<\/ul>\n\n\n\n<h2 class=\"wp-block-heading\" id=\"h-regiao-centro-oeste-hospital-das-clinicas-da-universidade-federal-de-goias-hc-ufg\"><span class=\"ez-toc-section\" id=\"Regiao_Centro-Oeste_%E2%80%93_Hospital_das_Clinicas_da_Universidade_Federal_de_Goias_HC-UFG\"><\/span><strong>Regi\u00e3o Centro-Oeste \u2013 Hospital das Cl\u00ednicas da Universidade Federal de Goi\u00e1s (HC-UFG)<\/strong><span class=\"ez-toc-section-end\"><\/span><\/h2>\n\n\n\n<figure class=\"wp-block-image size-full is-resized\"><img loading=\"lazy\" decoding=\"async\" width=\"293\" height=\"172\" src=\"https:\/\/www.grupomedcof.com.br\/blog\/wp-content\/uploads\/2025\/05\/download-1.jpeg\" alt=\"\" class=\"wp-image-36040\" style=\"width:472px;height:auto\" srcset=\"https:\/\/www.grupomedcof.com.br\/blog\/wp-content\/uploads\/2025\/05\/download-1.jpeg 293w, https:\/\/www.grupomedcof.com.br\/blog\/wp-content\/uploads\/2025\/05\/download-1-150x88.jpeg 150w\" sizes=\"auto, (max-width: 293px) 100vw, 293px\" \/><figcaption class=\"wp-element-caption\">Reprodu\u00e7\u00e3o: Academia Nacional de Cuidados Paliativos.<\/figcaption><\/figure>\n\n\n\n<p>Em Goi\u00e2nia (GO), o <strong>HC-UFG<\/strong> \u00e9 uma refer\u00eancia regional. O programa oferece est\u00e1gios em unidades p\u00fablicas e cl\u00ednicas privadas, com aprendizado pr\u00e1tico desde o in\u00edcio. A estrutura \u00e9 boa, embora com menor acesso a alta tecnologia em compara\u00e7\u00e3o aos grandes centros do Sudeste e Sul. Alguns pontos a serem levados em considera\u00e7\u00e3o:&nbsp;<\/p>\n\n\n\n<ul class=\"wp-block-list\">\n<li><strong>Carga hor\u00e1ria<\/strong>: 60 horas semanais;<\/li>\n\n\n\n<li><strong>Processo seletivo<\/strong>: Sistema da Ebserh ou edital pr\u00f3prio da UFG;<\/li>\n\n\n\n<li><strong>Concorr\u00eancia<\/strong>: moderada (20\u201330 candidatos por vaga);<\/li>\n\n\n\n<li><strong>Perfil da forma\u00e7\u00e3o<\/strong>: forte em cl\u00ednica e cirurgia oftalmol\u00f3gica, aprendizado pr\u00e1tico desde o in\u00edcio, com foco assistencial;<\/li>\n\n\n\n<li><strong>Oportunidades futuras<\/strong>: boa empregabilidade regional, inclusive em concursos e interioriza\u00e7\u00e3o.<\/li>\n<\/ul>\n\n\n\n<h2 class=\"wp-block-heading\" id=\"h-regiao-norte-hospital-ophir-loyola\"><span class=\"ez-toc-section\" id=\"Regiao_Norte_%E2%80%93_Hospital_Ophir_Loyola\"><\/span><strong>Regi\u00e3o Norte \u2013 Hospital Ophir Loyola<\/strong><span class=\"ez-toc-section-end\"><\/span><\/h2>\n\n\n\n<figure class=\"wp-block-image size-large\"><img loading=\"lazy\" decoding=\"async\" width=\"1024\" height=\"683\" src=\"https:\/\/www.grupomedcof.com.br\/blog\/wp-content\/uploads\/2025\/05\/ophir-1024x683.jpg\" alt=\"\" class=\"wp-image-36038\" srcset=\"https:\/\/www.grupomedcof.com.br\/blog\/wp-content\/uploads\/2025\/05\/ophir-1024x683.jpg 1024w, https:\/\/www.grupomedcof.com.br\/blog\/wp-content\/uploads\/2025\/05\/ophir-300x200.jpg 300w, https:\/\/www.grupomedcof.com.br\/blog\/wp-content\/uploads\/2025\/05\/ophir-768x512.jpg 768w, https:\/\/www.grupomedcof.com.br\/blog\/wp-content\/uploads\/2025\/05\/ophir-630x420.jpg 630w, https:\/\/www.grupomedcof.com.br\/blog\/wp-content\/uploads\/2025\/05\/ophir-150x100.jpg 150w, https:\/\/www.grupomedcof.com.br\/blog\/wp-content\/uploads\/2025\/05\/ophir-696x464.jpg 696w, https:\/\/www.grupomedcof.com.br\/blog\/wp-content\/uploads\/2025\/05\/ophir-1068x712.jpg 1068w, https:\/\/www.grupomedcof.com.br\/blog\/wp-content\/uploads\/2025\/05\/ophir.jpg 1300w\" sizes=\"auto, (max-width: 1024px) 100vw, 1024px\" \/><figcaption class=\"wp-element-caption\">Reprodu\u00e7\u00e3o: Hospital Ophir Loyola.<\/figcaption><\/figure>\n\n\n\n<p>O <strong>Hospital Ophir Loyola<\/strong>, em Bel\u00e9m (PA), vinculado \u00e0 <strong>Universidade do Estado do Par\u00e1 (UEPA)<\/strong>, \u00e9 refer\u00eancia na regi\u00e3o Norte. Conta com estrutura adequada para a realidade local, est\u00e1gios em cl\u00ednicas oftalmol\u00f3gicas e volume significativo de atendimentos.&nbsp;<\/p>\n\n\n\n<ul class=\"wp-block-list\">\n<li><strong>Carga hor\u00e1ria<\/strong>: 60 horas semanais;<\/li>\n\n\n\n<li><strong>Processo seletivo<\/strong>: Sistema de sele\u00e7\u00e3o estadual com etapas te\u00f3ricas e curriculares;<\/li>\n\n\n\n<li><strong>Concorr\u00eancia<\/strong>: Baixa a moderada (10\u201320 candidatos por vaga);<\/li>\n\n\n\n<li><strong>Perfil da forma\u00e7\u00e3o<\/strong>: foco assistencial, forte em doen\u00e7as oculares prevalentes na regi\u00e3o amaz\u00f4nica;<\/li>\n\n\n\n<li><strong>Oportunidades futuras<\/strong>: alta demanda por oftalmologistas na regi\u00e3o, principalmente por ser uma regi\u00e3o com menor oferta de especialistas, boa remunera\u00e7\u00e3o e empregabilidade local.<\/li>\n<\/ul>\n\n\n\n<h2 class=\"wp-block-heading\" id=\"h-regiao-nordeste-fundacao-altino-ventura-fav\"><span class=\"ez-toc-section\" id=\"Regiao_Nordeste_%E2%80%93_Fundacao_Altino_Ventura_FAV\"><\/span><strong>Regi\u00e3o Nordeste \u2013 Funda\u00e7\u00e3o Altino Ventura (FAV)<\/strong><span class=\"ez-toc-section-end\"><\/span><\/h2>\n\n\n\n<figure class=\"wp-block-image size-full\"><img loading=\"lazy\" decoding=\"async\" width=\"640\" height=\"444\" src=\"https:\/\/www.grupomedcof.com.br\/blog\/wp-content\/uploads\/2025\/05\/094e6f_039db120faaa4073a92485fac449dfb8mv2.avif\" alt=\"\" class=\"wp-image-36039\" srcset=\"https:\/\/www.grupomedcof.com.br\/blog\/wp-content\/uploads\/2025\/05\/094e6f_039db120faaa4073a92485fac449dfb8mv2.avif 640w, https:\/\/www.grupomedcof.com.br\/blog\/wp-content\/uploads\/2025\/05\/094e6f_039db120faaa4073a92485fac449dfb8mv2-300x208.avif 300w, https:\/\/www.grupomedcof.com.br\/blog\/wp-content\/uploads\/2025\/05\/094e6f_039db120faaa4073a92485fac449dfb8mv2-605x420.avif 605w, https:\/\/www.grupomedcof.com.br\/blog\/wp-content\/uploads\/2025\/05\/094e6f_039db120faaa4073a92485fac449dfb8mv2-150x104.avif 150w, https:\/\/www.grupomedcof.com.br\/blog\/wp-content\/uploads\/2025\/05\/094e6f_039db120faaa4073a92485fac449dfb8mv2-218x150.avif 218w\" sizes=\"auto, (max-width: 640px) 100vw, 640px\" \/><figcaption class=\"wp-element-caption\">Fonte: FAV.<\/figcaption><\/figure>\n\n\n\n<p>A <strong>FAV<\/strong>, em Recife (PE), \u00e9 um dos principais centros de refer\u00eancia em Oftalmologia no Nordeste e no pa\u00eds, com forte voca\u00e7\u00e3o assistencial e cir\u00fargica. A institui\u00e7\u00e3o \u00e9 conveniada a hospitais p\u00fablicos e atende a uma grande demanda do SUS, oferecendo aos residentes um alt\u00edssimo volume de pacientes e variedade de patologias oftalmol\u00f3gicas. A estrutura inclui centros especializados em catarata, retina, c\u00f3rnea e oftalmopediatria, com boa disponibilidade de equipamentos cir\u00fargicos e ambulat\u00f3rios modernos.<\/p>\n\n\n\n<ul class=\"wp-block-list\">\n<li><strong>Carga hor\u00e1ria<\/strong>: 60 horas semanais;<\/li>\n\n\n\n<li><strong>Processo seletivo<\/strong>: prova te\u00f3rica e an\u00e1lise curricular;<\/li>\n\n\n\n<li><strong>Concorr\u00eancia<\/strong>: moderada a alta (20\u201340 candidatos por vaga);<\/li>\n\n\n\n<li><strong>Perfil da forma\u00e7\u00e3o<\/strong>: foco assistencial intenso, alta carga cir\u00fargica, devido \u00e0 alta demanda, al\u00e9m de viv\u00eancia em patologias prevalentes no SUS;<\/li>\n\n\n\n<li><strong>Oportunidades futuras<\/strong>: boa coloca\u00e7\u00e3o no mercado regional, com possibilidade de seguir para subespecializa\u00e7\u00f5es.<\/li>\n<\/ul>\n\n\n\n<p>Para finalizar, \u00e9 v\u00e1lido lembrar que sempre devemos ter em mente que nem todo lugar \u00e9 perfeito, assim como nem todos os programas v\u00e3o atender 100% daquilo que desejamos. O mais importante \u00e9 manter em mente seu objetivo e escolher o lugar que mais se alinha com o estilo de vida que voc\u00ea quer seguir, lembrando que tudo s\u00e3o fases.<\/p>\n\n\n\n<h2 class=\"wp-block-heading\" id=\"h-seja-um-medcofer\"><span class=\"ez-toc-section\" id=\"Seja_um_MedCofer\"><\/span><strong>Seja um MedCofer!<\/strong><span class=\"ez-toc-section-end\"><\/span><\/h2>\n\n\n\n<p>Quer alcan\u00e7ar a aprova\u00e7\u00e3o nas provas de resid\u00eancia m\u00e9dica como a do ENARE? Ent\u00e3o seja um&nbsp;<a href=\"https:\/\/www.grupomedcof.com.br\/home\/\"><strong>MedCofer<\/strong><\/a>! Aqui te ajudaremos na busca da aprova\u00e7\u00e3o com conte\u00fados de qualidade e uma&nbsp;<a href=\"https:\/\/www.grupomedcof.com.br\/blog\/presenca-da-medcof-nas-aprovacoes-em-residencia-medica-no-brasil\/\"><strong>metodologia que j\u00e1 aprovou mais de 10 mil residentes no pa\u00eds!<\/strong>&nbsp;<\/a>Por fim, acesse o&nbsp;<a href=\"https:\/\/www.youtube.com\/@GrupoMedcof\/featured\"><strong>Youtube de MedCof<\/strong><\/a>&nbsp;para ver nossas lives de revis\u00e3o e corre\u00e7\u00e3o.<\/p>\n\n\n\n<figure class=\"wp-block-embed is-type-video is-provider-youtube wp-block-embed-youtube wp-embed-aspect-4-3 wp-has-aspect-ratio\"><div class=\"wp-block-embed__wrapper\">\n<div class=\"youtube-embed\" data-video_id=\"8mh3aeh8Ri8\"><iframe loading=\"lazy\" title=\"SingularCast T2 Ep.40 - Live: Per\u00edodo de F\u00e9rias - Amigo \u00edntimo ou pior inimigo no ano da prepara\u00e7\u00e3o?\" width=\"696\" height=\"522\" src=\"https:\/\/www.youtube.com\/embed\/8mh3aeh8Ri8?feature=oembed&#038;enablejsapi=1\" frameborder=\"0\" allow=\"accelerometer; autoplay; clipboard-write; encrypted-media; gyroscope; picture-in-picture; web-share\" referrerpolicy=\"strict-origin-when-cross-origin\" allowfullscreen><\/iframe><\/div>\n<\/div><\/figure>\n","protected":false},"excerpt":{"rendered":"<p> Trouxemos, desta vez, uma refer\u00eancia de cada estado do Brasil dos programas de resid\u00eancia m\u00e9dica em Oftalmologia. <\/p>\n","protected":false},"author":18,"featured_media":36035,"comment_status":"closed","ping_status":"closed","sticky":false,"template":"","format":"standard","meta":{"footnotes":""},"categories":[1136],"tags":[68],"ppma_author":[3611],"class_list":{"0":"post-36033","1":"post","2":"type-post","3":"status-publish","4":"format-standard","5":"has-post-thumbnail","7":"category-oftalmologia","8":"tag-residencia-medica"},"yoast_head":"<!-- This site is optimized with the Yoast SEO Premium plugin v24.3 (Yoast SEO v27.4) - https:\/\/yoast.com\/product\/yoast-seo-premium-wordpress\/ -->\n<title>As melhores resid\u00eancias de Oftalmologia do pa\u00eds - Blog de Medcof: conte\u00fados, editais, revalida e mais!<\/title>\n<meta name=\"description\" content=\"Trouxemos, desta vez, uma refer\u00eancia de cada estado do Brasil dos programas de resid\u00eancia m\u00e9dica em Oftalmologia.\" \/>\n<meta name=\"robots\" content=\"index, follow, max-snippet:-1, max-image-preview:large, max-video-preview:-1\" \/>\n<link rel=\"canonical\" href=\"https:\/\/www.grupomedcof.com.br\/blog\/melhores-residencias-de-oftalmologia-do-pais\/\" \/>\n<meta property=\"og:locale\" content=\"pt_BR\" \/>\n<meta property=\"og:type\" content=\"article\" \/>\n<meta property=\"og:title\" content=\"As melhores resid\u00eancias de Oftalmologia do pa\u00eds\" \/>\n<meta property=\"og:description\" content=\"Trouxemos, desta vez, uma refer\u00eancia de cada estado do Brasil dos programas de resid\u00eancia m\u00e9dica em Oftalmologia.\" \/>\n<meta property=\"og:url\" content=\"https:\/\/www.grupomedcof.com.br\/blog\/melhores-residencias-de-oftalmologia-do-pais\/\" \/>\n<meta property=\"og:site_name\" content=\"Blog de Medcof: conte\u00fados, editais, revalida e mais!\" \/>\n<meta property=\"article:publisher\" content=\"https:\/\/www.facebook.com\/MedCofQbank\/\" \/>\n<meta property=\"article:published_time\" content=\"2025-05-30T18:31:26+00:00\" \/>\n<meta property=\"article:modified_time\" content=\"2025-05-30T18:55:42+00:00\" \/>\n<meta property=\"og:image\" content=\"https:\/\/www.grupomedcof.com.br\/blog\/wp-content\/uploads\/2025\/05\/Blog-MedCof-2025-05-30T151030.060.jpg\" \/>\n\t<meta property=\"og:image:width\" content=\"1920\" \/>\n\t<meta property=\"og:image:height\" content=\"1080\" \/>\n\t<meta property=\"og:image:type\" content=\"image\/jpeg\" \/>\n<meta name=\"author\" content=\"Leila Menzel\" \/>\n<meta name=\"twitter:card\" content=\"summary_large_image\" \/>\n<meta name=\"twitter:label1\" content=\"Escrito por\" \/>\n\t<meta name=\"twitter:data1\" content=\"Leila Menzel\" \/>\n\t<meta name=\"twitter:label2\" content=\"Est. tempo de leitura\" \/>\n\t<meta name=\"twitter:data2\" content=\"6 minutos\" \/>\n<script type=\"application\/ld+json\" class=\"yoast-schema-graph\">{\"@context\":\"https:\\\/\\\/schema.org\",\"@graph\":[{\"@type\":\"Article\",\"@id\":\"https:\\\/\\\/www.grupomedcof.com.br\\\/blog\\\/melhores-residencias-de-oftalmologia-do-pais\\\/#article\",\"isPartOf\":{\"@id\":\"https:\\\/\\\/www.grupomedcof.com.br\\\/blog\\\/melhores-residencias-de-oftalmologia-do-pais\\\/\"},\"author\":{\"name\":\"Leila Menzel\",\"@id\":\"https:\\\/\\\/www.grupomedcof.com.br\\\/blog\\\/#\\\/schema\\\/person\\\/2a5527209c17e7eb35bd6a4ebd5c7956\"},\"headline\":\"As melhores resid\u00eancias de Oftalmologia do pa\u00eds\",\"datePublished\":\"2025-05-30T18:31:26+00:00\",\"dateModified\":\"2025-05-30T18:55:42+00:00\",\"mainEntityOfPage\":{\"@id\":\"https:\\\/\\\/www.grupomedcof.com.br\\\/blog\\\/melhores-residencias-de-oftalmologia-do-pais\\\/\"},\"wordCount\":921,\"publisher\":{\"@id\":\"https:\\\/\\\/www.grupomedcof.com.br\\\/blog\\\/#organization\"},\"image\":{\"@id\":\"https:\\\/\\\/www.grupomedcof.com.br\\\/blog\\\/melhores-residencias-de-oftalmologia-do-pais\\\/#primaryimage\"},\"thumbnailUrl\":\"https:\\\/\\\/www.grupomedcof.com.br\\\/blog\\\/wp-content\\\/uploads\\\/2025\\\/05\\\/Blog-MedCof-2025-05-30T151030.060.jpg\",\"keywords\":[\"Resid\u00eancia M\u00e9dica\"],\"articleSection\":[\"Oftalmologia\"],\"inLanguage\":\"pt-BR\"},{\"@type\":\"WebPage\",\"@id\":\"https:\\\/\\\/www.grupomedcof.com.br\\\/blog\\\/melhores-residencias-de-oftalmologia-do-pais\\\/\",\"url\":\"https:\\\/\\\/www.grupomedcof.com.br\\\/blog\\\/melhores-residencias-de-oftalmologia-do-pais\\\/\",\"name\":\"As melhores resid\u00eancias de Oftalmologia do pa\u00eds - Blog de Medcof: conte\u00fados, editais, revalida e mais!\",\"isPartOf\":{\"@id\":\"https:\\\/\\\/www.grupomedcof.com.br\\\/blog\\\/#website\"},\"primaryImageOfPage\":{\"@id\":\"https:\\\/\\\/www.grupomedcof.com.br\\\/blog\\\/melhores-residencias-de-oftalmologia-do-pais\\\/#primaryimage\"},\"image\":{\"@id\":\"https:\\\/\\\/www.grupomedcof.com.br\\\/blog\\\/melhores-residencias-de-oftalmologia-do-pais\\\/#primaryimage\"},\"thumbnailUrl\":\"https:\\\/\\\/www.grupomedcof.com.br\\\/blog\\\/wp-content\\\/uploads\\\/2025\\\/05\\\/Blog-MedCof-2025-05-30T151030.060.jpg\",\"datePublished\":\"2025-05-30T18:31:26+00:00\",\"dateModified\":\"2025-05-30T18:55:42+00:00\",\"description\":\"Trouxemos, desta vez, uma refer\u00eancia de cada estado do Brasil dos programas de resid\u00eancia m\u00e9dica em Oftalmologia.\",\"breadcrumb\":{\"@id\":\"https:\\\/\\\/www.grupomedcof.com.br\\\/blog\\\/melhores-residencias-de-oftalmologia-do-pais\\\/#breadcrumb\"},\"inLanguage\":\"pt-BR\",\"potentialAction\":[{\"@type\":\"ReadAction\",\"target\":[\"https:\\\/\\\/www.grupomedcof.com.br\\\/blog\\\/melhores-residencias-de-oftalmologia-do-pais\\\/\"]}]},{\"@type\":\"ImageObject\",\"inLanguage\":\"pt-BR\",\"@id\":\"https:\\\/\\\/www.grupomedcof.com.br\\\/blog\\\/melhores-residencias-de-oftalmologia-do-pais\\\/#primaryimage\",\"url\":\"https:\\\/\\\/www.grupomedcof.com.br\\\/blog\\\/wp-content\\\/uploads\\\/2025\\\/05\\\/Blog-MedCof-2025-05-30T151030.060.jpg\",\"contentUrl\":\"https:\\\/\\\/www.grupomedcof.com.br\\\/blog\\\/wp-content\\\/uploads\\\/2025\\\/05\\\/Blog-MedCof-2025-05-30T151030.060.jpg\",\"width\":1920,\"height\":1080,\"caption\":\"Imagem: Canva.\"},{\"@type\":\"BreadcrumbList\",\"@id\":\"https:\\\/\\\/www.grupomedcof.com.br\\\/blog\\\/melhores-residencias-de-oftalmologia-do-pais\\\/#breadcrumb\",\"itemListElement\":[{\"@type\":\"ListItem\",\"position\":1,\"name\":\"In\u00edcio\",\"item\":\"https:\\\/\\\/www.grupomedcof.com.br\\\/blog\\\/\"},{\"@type\":\"ListItem\",\"position\":2,\"name\":\"As melhores resid\u00eancias de Oftalmologia do pa\u00eds\"}]},{\"@type\":\"WebSite\",\"@id\":\"https:\\\/\\\/www.grupomedcof.com.br\\\/blog\\\/#website\",\"url\":\"https:\\\/\\\/www.grupomedcof.com.br\\\/blog\\\/\",\"name\":\"Blog de Medcof: conte\u00fados, editais, revalida e mais!\",\"description\":\"Acesso o blog de MedCof! Seu portal de conte\u00fados sobre resid\u00eancia m\u00e9dica, an\u00e1lise e editais e muito mais. Clique e confira!\",\"publisher\":{\"@id\":\"https:\\\/\\\/www.grupomedcof.com.br\\\/blog\\\/#organization\"},\"alternateName\":\"Blog de Medcof: conte\u00fados, editais, revalida e mais!\",\"potentialAction\":[{\"@type\":\"SearchAction\",\"target\":{\"@type\":\"EntryPoint\",\"urlTemplate\":\"https:\\\/\\\/www.grupomedcof.com.br\\\/blog\\\/?s={search_term_string}\"},\"query-input\":{\"@type\":\"PropertyValueSpecification\",\"valueRequired\":true,\"valueName\":\"search_term_string\"}}],\"inLanguage\":\"pt-BR\"},{\"@type\":\"Organization\",\"@id\":\"https:\\\/\\\/www.grupomedcof.com.br\\\/blog\\\/#organization\",\"name\":\"Grupo MedCof\",\"url\":\"https:\\\/\\\/www.grupomedcof.com.br\\\/blog\\\/\",\"logo\":{\"@type\":\"ImageObject\",\"inLanguage\":\"pt-BR\",\"@id\":\"https:\\\/\\\/www.grupomedcof.com.br\\\/blog\\\/#\\\/schema\\\/logo\\\/image\\\/\",\"url\":\"https:\\\/\\\/www.grupomedcof.com.br\\\/blog\\\/wp-content\\\/uploads\\\/2022\\\/01\\\/logo-medcof.png\",\"contentUrl\":\"https:\\\/\\\/www.grupomedcof.com.br\\\/blog\\\/wp-content\\\/uploads\\\/2022\\\/01\\\/logo-medcof.png\",\"width\":768,\"height\":269,\"caption\":\"Grupo MedCof\"},\"image\":{\"@id\":\"https:\\\/\\\/www.grupomedcof.com.br\\\/blog\\\/#\\\/schema\\\/logo\\\/image\\\/\"},\"sameAs\":[\"https:\\\/\\\/www.facebook.com\\\/MedCofQbank\\\/\",\"https:\\\/\\\/www.instagram.com\\\/grupomedcof\\\/\",\"https:\\\/\\\/br.linkedin.com\\\/company\\\/medcof\",\"https:\\\/\\\/www.youtube.com\\\/channel\\\/UCdHMuOHKICxcHwecxN8P-AA\"]},{\"@type\":\"Person\",\"@id\":\"https:\\\/\\\/www.grupomedcof.com.br\\\/blog\\\/#\\\/schema\\\/person\\\/2a5527209c17e7eb35bd6a4ebd5c7956\",\"name\":\"Leila Menzel\",\"image\":{\"@type\":\"ImageObject\",\"inLanguage\":\"pt-BR\",\"@id\":\"https:\\\/\\\/www.grupomedcof.com.br\\\/blog\\\/wp-content\\\/uploads\\\/2023\\\/04\\\/cropped-cropped-cropped-logo-96x96.png15459389df217b605b4f0cce419ac81a\",\"url\":\"https:\\\/\\\/www.grupomedcof.com.br\\\/blog\\\/wp-content\\\/uploads\\\/2023\\\/04\\\/cropped-cropped-cropped-logo-96x96.png\",\"contentUrl\":\"https:\\\/\\\/www.grupomedcof.com.br\\\/blog\\\/wp-content\\\/uploads\\\/2023\\\/04\\\/cropped-cropped-cropped-logo-96x96.png\",\"caption\":\"Leila Menzel\"},\"description\":\"Estudante do 6\u00b0 semestre de jornalismo, amo e escrevo poesias e viajo em livros de romances clich\u00eas.\",\"url\":\"https:\\\/\\\/www.grupomedcof.com.br\\\/blog\\\/author\\\/leila\\\/\"}]}<\/script>\n<!-- \/ Yoast SEO Premium plugin. -->","yoast_head_json":{"title":"As melhores resid\u00eancias de Oftalmologia do pa\u00eds - Blog de Medcof: conte\u00fados, editais, revalida e mais!","description":"Trouxemos, desta vez, uma refer\u00eancia de cada estado do Brasil dos programas de resid\u00eancia m\u00e9dica em Oftalmologia.","robots":{"index":"index","follow":"follow","max-snippet":"max-snippet:-1","max-image-preview":"max-image-preview:large","max-video-preview":"max-video-preview:-1"},"canonical":"https:\/\/www.grupomedcof.com.br\/blog\/melhores-residencias-de-oftalmologia-do-pais\/","og_locale":"pt_BR","og_type":"article","og_title":"As melhores resid\u00eancias de Oftalmologia do pa\u00eds","og_description":"Trouxemos, desta vez, uma refer\u00eancia de cada estado do Brasil dos programas de resid\u00eancia m\u00e9dica em Oftalmologia.","og_url":"https:\/\/www.grupomedcof.com.br\/blog\/melhores-residencias-de-oftalmologia-do-pais\/","og_site_name":"Blog de Medcof: conte\u00fados, editais, revalida e mais!","article_publisher":"https:\/\/www.facebook.com\/MedCofQbank\/","article_published_time":"2025-05-30T18:31:26+00:00","article_modified_time":"2025-05-30T18:55:42+00:00","og_image":[{"width":1920,"height":1080,"url":"https:\/\/www.grupomedcof.com.br\/blog\/wp-content\/uploads\/2025\/05\/Blog-MedCof-2025-05-30T151030.060.jpg","type":"image\/jpeg"}],"author":"Leila Menzel","twitter_card":"summary_large_image","twitter_misc":{"Escrito por":"Leila Menzel","Est. tempo de leitura":"6 minutos"},"schema":{"@context":"https:\/\/schema.org","@graph":[{"@type":"Article","@id":"https:\/\/www.grupomedcof.com.br\/blog\/melhores-residencias-de-oftalmologia-do-pais\/#article","isPartOf":{"@id":"https:\/\/www.grupomedcof.com.br\/blog\/melhores-residencias-de-oftalmologia-do-pais\/"},"author":{"name":"Leila Menzel","@id":"https:\/\/www.grupomedcof.com.br\/blog\/#\/schema\/person\/2a5527209c17e7eb35bd6a4ebd5c7956"},"headline":"As melhores resid\u00eancias de Oftalmologia do pa\u00eds","datePublished":"2025-05-30T18:31:26+00:00","dateModified":"2025-05-30T18:55:42+00:00","mainEntityOfPage":{"@id":"https:\/\/www.grupomedcof.com.br\/blog\/melhores-residencias-de-oftalmologia-do-pais\/"},"wordCount":921,"publisher":{"@id":"https:\/\/www.grupomedcof.com.br\/blog\/#organization"},"image":{"@id":"https:\/\/www.grupomedcof.com.br\/blog\/melhores-residencias-de-oftalmologia-do-pais\/#primaryimage"},"thumbnailUrl":"https:\/\/www.grupomedcof.com.br\/blog\/wp-content\/uploads\/2025\/05\/Blog-MedCof-2025-05-30T151030.060.jpg","keywords":["Resid\u00eancia M\u00e9dica"],"articleSection":["Oftalmologia"],"inLanguage":"pt-BR"},{"@type":"WebPage","@id":"https:\/\/www.grupomedcof.com.br\/blog\/melhores-residencias-de-oftalmologia-do-pais\/","url":"https:\/\/www.grupomedcof.com.br\/blog\/melhores-residencias-de-oftalmologia-do-pais\/","name":"As melhores resid\u00eancias de Oftalmologia do pa\u00eds - Blog de Medcof: conte\u00fados, editais, revalida e mais!","isPartOf":{"@id":"https:\/\/www.grupomedcof.com.br\/blog\/#website"},"primaryImageOfPage":{"@id":"https:\/\/www.grupomedcof.com.br\/blog\/melhores-residencias-de-oftalmologia-do-pais\/#primaryimage"},"image":{"@id":"https:\/\/www.grupomedcof.com.br\/blog\/melhores-residencias-de-oftalmologia-do-pais\/#primaryimage"},"thumbnailUrl":"https:\/\/www.grupomedcof.com.br\/blog\/wp-content\/uploads\/2025\/05\/Blog-MedCof-2025-05-30T151030.060.jpg","datePublished":"2025-05-30T18:31:26+00:00","dateModified":"2025-05-30T18:55:42+00:00","description":"Trouxemos, desta vez, uma refer\u00eancia de cada estado do Brasil dos programas de resid\u00eancia m\u00e9dica em Oftalmologia.","breadcrumb":{"@id":"https:\/\/www.grupomedcof.com.br\/blog\/melhores-residencias-de-oftalmologia-do-pais\/#breadcrumb"},"inLanguage":"pt-BR","potentialAction":[{"@type":"ReadAction","target":["https:\/\/www.grupomedcof.com.br\/blog\/melhores-residencias-de-oftalmologia-do-pais\/"]}]},{"@type":"ImageObject","inLanguage":"pt-BR","@id":"https:\/\/www.grupomedcof.com.br\/blog\/melhores-residencias-de-oftalmologia-do-pais\/#primaryimage","url":"https:\/\/www.grupomedcof.com.br\/blog\/wp-content\/uploads\/2025\/05\/Blog-MedCof-2025-05-30T151030.060.jpg","contentUrl":"https:\/\/www.grupomedcof.com.br\/blog\/wp-content\/uploads\/2025\/05\/Blog-MedCof-2025-05-30T151030.060.jpg","width":1920,"height":1080,"caption":"Imagem: Canva."},{"@type":"BreadcrumbList","@id":"https:\/\/www.grupomedcof.com.br\/blog\/melhores-residencias-de-oftalmologia-do-pais\/#breadcrumb","itemListElement":[{"@type":"ListItem","position":1,"name":"In\u00edcio","item":"https:\/\/www.grupomedcof.com.br\/blog\/"},{"@type":"ListItem","position":2,"name":"As melhores resid\u00eancias de Oftalmologia do pa\u00eds"}]},{"@type":"WebSite","@id":"https:\/\/www.grupomedcof.com.br\/blog\/#website","url":"https:\/\/www.grupomedcof.com.br\/blog\/","name":"Blog de Medcof: conte\u00fados, editais, revalida e mais!","description":"Acesso o blog de MedCof! Seu portal de conte\u00fados sobre resid\u00eancia m\u00e9dica, an\u00e1lise e editais e muito mais. Clique e confira!","publisher":{"@id":"https:\/\/www.grupomedcof.com.br\/blog\/#organization"},"alternateName":"Blog de Medcof: conte\u00fados, editais, revalida e mais!","potentialAction":[{"@type":"SearchAction","target":{"@type":"EntryPoint","urlTemplate":"https:\/\/www.grupomedcof.com.br\/blog\/?s={search_term_string}"},"query-input":{"@type":"PropertyValueSpecification","valueRequired":true,"valueName":"search_term_string"}}],"inLanguage":"pt-BR"},{"@type":"Organization","@id":"https:\/\/www.grupomedcof.com.br\/blog\/#organization","name":"Grupo MedCof","url":"https:\/\/www.grupomedcof.com.br\/blog\/","logo":{"@type":"ImageObject","inLanguage":"pt-BR","@id":"https:\/\/www.grupomedcof.com.br\/blog\/#\/schema\/logo\/image\/","url":"https:\/\/www.grupomedcof.com.br\/blog\/wp-content\/uploads\/2022\/01\/logo-medcof.png","contentUrl":"https:\/\/www.grupomedcof.com.br\/blog\/wp-content\/uploads\/2022\/01\/logo-medcof.png","width":768,"height":269,"caption":"Grupo MedCof"},"image":{"@id":"https:\/\/www.grupomedcof.com.br\/blog\/#\/schema\/logo\/image\/"},"sameAs":["https:\/\/www.facebook.com\/MedCofQbank\/","https:\/\/www.instagram.com\/grupomedcof\/","https:\/\/br.linkedin.com\/company\/medcof","https:\/\/www.youtube.com\/channel\/UCdHMuOHKICxcHwecxN8P-AA"]},{"@type":"Person","@id":"https:\/\/www.grupomedcof.com.br\/blog\/#\/schema\/person\/2a5527209c17e7eb35bd6a4ebd5c7956","name":"Leila Menzel","image":{"@type":"ImageObject","inLanguage":"pt-BR","@id":"https:\/\/www.grupomedcof.com.br\/blog\/wp-content\/uploads\/2023\/04\/cropped-cropped-cropped-logo-96x96.png15459389df217b605b4f0cce419ac81a","url":"https:\/\/www.grupomedcof.com.br\/blog\/wp-content\/uploads\/2023\/04\/cropped-cropped-cropped-logo-96x96.png","contentUrl":"https:\/\/www.grupomedcof.com.br\/blog\/wp-content\/uploads\/2023\/04\/cropped-cropped-cropped-logo-96x96.png","caption":"Leila Menzel"},"description":"Estudante do 6\u00b0 semestre de jornalismo, amo e escrevo poesias e viajo em livros de romances clich\u00eas.","url":"https:\/\/www.grupomedcof.com.br\/blog\/author\/leila\/"}]}},"authors":[{"term_id":3611,"user_id":18,"is_guest":0,"slug":"leila","display_name":"Leila Menzel","avatar_url":"https:\/\/www.grupomedcof.com.br\/blog\/wp-content\/uploads\/2023\/04\/cropped-cropped-cropped-logo-96x96.png","0":null,"1":"","2":"","3":"","4":"","5":"","6":"","7":"","8":""}],"_links":{"self":[{"href":"https:\/\/www.grupomedcof.com.br\/blog\/wp-json\/wp\/v2\/posts\/36033","targetHints":{"allow":["GET"]}}],"collection":[{"href":"https:\/\/www.grupomedcof.com.br\/blog\/wp-json\/wp\/v2\/posts"}],"about":[{"href":"https:\/\/www.grupomedcof.com.br\/blog\/wp-json\/wp\/v2\/types\/post"}],"author":[{"embeddable":true,"href":"https:\/\/www.grupomedcof.com.br\/blog\/wp-json\/wp\/v2\/users\/18"}],"replies":[{"embeddable":true,"href":"https:\/\/www.grupomedcof.com.br\/blog\/wp-json\/wp\/v2\/comments?post=36033"}],"version-history":[{"count":3,"href":"https:\/\/www.grupomedcof.com.br\/blog\/wp-json\/wp\/v2\/posts\/36033\/revisions"}],"predecessor-version":[{"id":36043,"href":"https:\/\/www.grupomedcof.com.br\/blog\/wp-json\/wp\/v2\/posts\/36033\/revisions\/36043"}],"wp:featuredmedia":[{"embeddable":true,"href":"https:\/\/www.grupomedcof.com.br\/blog\/wp-json\/wp\/v2\/media\/36035"}],"wp:attachment":[{"href":"https:\/\/www.grupomedcof.com.br\/blog\/wp-json\/wp\/v2\/media?parent=36033"}],"wp:term":[{"taxonomy":"category","embeddable":true,"href":"https:\/\/www.grupomedcof.com.br\/blog\/wp-json\/wp\/v2\/categories?post=36033"},{"taxonomy":"post_tag","embeddable":true,"href":"https:\/\/www.grupomedcof.com.br\/blog\/wp-json\/wp\/v2\/tags?post=36033"},{"taxonomy":"author","embeddable":true,"href":"https:\/\/www.grupomedcof.com.br\/blog\/wp-json\/wp\/v2\/ppma_author?post=36033"}],"curies":[{"name":"wp","href":"https:\/\/api.w.org\/{rel}","templated":true}]}}