{"id":36074,"date":"2025-06-03T14:42:15","date_gmt":"2025-06-03T17:42:15","guid":{"rendered":"https:\/\/www.grupomedcof.com.br\/blog\/?p=36074"},"modified":"2025-06-03T14:43:51","modified_gmt":"2025-06-03T17:43:51","slug":"ministerio-da-saude-institui-comite-nacional-de-prevencao-da-mortalidade-materna-fetal-e-infantil","status":"publish","type":"post","link":"https:\/\/www.grupomedcof.com.br\/blog\/ministerio-da-saude-institui-comite-nacional-de-prevencao-da-mortalidade-materna-fetal-e-infantil\/","title":{"rendered":"Minist\u00e9rio da Sa\u00fade institui Comit\u00ea Nacional de Preven\u00e7\u00e3o da Mortalidade Materna, Fetal e Infantil\u00a0"},"content":{"rendered":"<div id=\"ez-toc-container\" class=\"ez-toc-v2_0_74 counter-hierarchy ez-toc-counter ez-toc-transparent ez-toc-container-direction\">\n<div class=\"ez-toc-title-container\">\n<p class=\"ez-toc-title\" style=\"cursor:inherit\">Sum\u00e1rio<\/p>\n<span class=\"ez-toc-title-toggle\"><a href=\"#\" class=\"ez-toc-pull-right ez-toc-btn ez-toc-btn-xs ez-toc-btn-default ez-toc-toggle\" aria-label=\"Alternar tabela de conte\u00fado\"><span class=\"ez-toc-js-icon-con\"><span class=\"\"><span class=\"eztoc-hide\" style=\"display:none;\">Toggle<\/span><span class=\"ez-toc-icon-toggle-span\"><svg style=\"fill: #999;color:#999\" xmlns=\"http:\/\/www.w3.org\/2000\/svg\" class=\"list-377408\" width=\"20px\" height=\"20px\" viewBox=\"0 0 24 24\" fill=\"none\"><path d=\"M6 6H4v2h2V6zm14 0H8v2h12V6zM4 11h2v2H4v-2zm16 0H8v2h12v-2zM4 16h2v2H4v-2zm16 0H8v2h12v-2z\" fill=\"currentColor\"><\/path><\/svg><svg style=\"fill: #999;color:#999\" class=\"arrow-unsorted-368013\" xmlns=\"http:\/\/www.w3.org\/2000\/svg\" width=\"10px\" height=\"10px\" viewBox=\"0 0 24 24\" version=\"1.2\" baseProfile=\"tiny\"><path d=\"M18.2 9.3l-6.2-6.3-6.2 6.3c-.2.2-.3.4-.3.7s.1.5.3.7c.2.2.4.3.7.3h11c.3 0 .5-.1.7-.3.2-.2.3-.5.3-.7s-.1-.5-.3-.7zM5.8 14.7l6.2 6.3 6.2-6.3c.2-.2.3-.5.3-.7s-.1-.5-.3-.7c-.2-.2-.4-.3-.7-.3h-11c-.3 0-.5.1-.7.3-.2.2-.3.5-.3.7s.1.5.3.7z\"\/><\/svg><\/span><\/span><\/span><\/a><\/span><\/div>\n<nav><ul class='ez-toc-list ez-toc-list-level-1 ' ><li class='ez-toc-page-1 ez-toc-heading-level-2'><a class=\"ez-toc-link ez-toc-heading-1\" href=\"https:\/\/www.grupomedcof.com.br\/blog\/ministerio-da-saude-institui-comite-nacional-de-prevencao-da-mortalidade-materna-fetal-e-infantil\/#Objetivo_da_criacao_do_Comite\" >Objetivo da cria\u00e7\u00e3o do Comit\u00ea<\/a><ul class='ez-toc-list-level-3' ><li class='ez-toc-heading-level-3'><a class=\"ez-toc-link ez-toc-heading-2\" href=\"https:\/\/www.grupomedcof.com.br\/blog\/ministerio-da-saude-institui-comite-nacional-de-prevencao-da-mortalidade-materna-fetal-e-infantil\/#Composicao_do_comite_e_funcionamento\" >Composi\u00e7\u00e3o do comit\u00ea e funcionamento<\/a><\/li><\/ul><\/li><li class='ez-toc-page-1 ez-toc-heading-level-2'><a class=\"ez-toc-link ez-toc-heading-3\" href=\"https:\/\/www.grupomedcof.com.br\/blog\/ministerio-da-saude-institui-comite-nacional-de-prevencao-da-mortalidade-materna-fetal-e-infantil\/#Taxa_de_mortalidade_infantil_no_Brasil\" >Taxa de mortalidade infantil no Brasil<\/a><\/li><li class='ez-toc-page-1 ez-toc-heading-level-2'><a class=\"ez-toc-link ez-toc-heading-4\" href=\"https:\/\/www.grupomedcof.com.br\/blog\/ministerio-da-saude-institui-comite-nacional-de-prevencao-da-mortalidade-materna-fetal-e-infantil\/#Por_que_isso_e_importante_para_o_residente_de_GO\" >Por que isso \u00e9 importante para o residente de G.O?<\/a><\/li><li class='ez-toc-page-1 ez-toc-heading-level-2'><a class=\"ez-toc-link ez-toc-heading-5\" href=\"https:\/\/www.grupomedcof.com.br\/blog\/ministerio-da-saude-institui-comite-nacional-de-prevencao-da-mortalidade-materna-fetal-e-infantil\/#Seja_um_MedCofer\" >Seja um MedCofer!<\/a><\/li><\/ul><\/nav><\/div>\n\n<figure class=\"wp-block-image size-large\"><img loading=\"lazy\" decoding=\"async\" width=\"1024\" height=\"576\" src=\"https:\/\/www.grupomedcof.com.br\/blog\/wp-content\/uploads\/2025\/06\/Blog-MedCof-2025-06-03T144310.376-1024x576.jpg\" alt=\"\" class=\"wp-image-36078\" srcset=\"https:\/\/www.grupomedcof.com.br\/blog\/wp-content\/uploads\/2025\/06\/Blog-MedCof-2025-06-03T144310.376-1024x576.jpg 1024w, https:\/\/www.grupomedcof.com.br\/blog\/wp-content\/uploads\/2025\/06\/Blog-MedCof-2025-06-03T144310.376-300x169.jpg 300w, https:\/\/www.grupomedcof.com.br\/blog\/wp-content\/uploads\/2025\/06\/Blog-MedCof-2025-06-03T144310.376-768x432.jpg 768w, https:\/\/www.grupomedcof.com.br\/blog\/wp-content\/uploads\/2025\/06\/Blog-MedCof-2025-06-03T144310.376-1536x864.jpg 1536w, https:\/\/www.grupomedcof.com.br\/blog\/wp-content\/uploads\/2025\/06\/Blog-MedCof-2025-06-03T144310.376-747x420.jpg 747w, https:\/\/www.grupomedcof.com.br\/blog\/wp-content\/uploads\/2025\/06\/Blog-MedCof-2025-06-03T144310.376-150x84.jpg 150w, https:\/\/www.grupomedcof.com.br\/blog\/wp-content\/uploads\/2025\/06\/Blog-MedCof-2025-06-03T144310.376-696x392.jpg 696w, https:\/\/www.grupomedcof.com.br\/blog\/wp-content\/uploads\/2025\/06\/Blog-MedCof-2025-06-03T144310.376-1068x601.jpg 1068w, https:\/\/www.grupomedcof.com.br\/blog\/wp-content\/uploads\/2025\/06\/Blog-MedCof-2025-06-03T144310.376.jpg 1920w\" sizes=\"auto, (max-width: 1024px) 100vw, 1024px\" \/><figcaption class=\"wp-element-caption\">Imagem: Canva.<\/figcaption><\/figure>\n\n\n\n<p>No dia 26 de maio, o <strong>Minist\u00e9rio da Sa\u00fade <\/strong>criou um<strong> comit\u00ea<\/strong> focado na <strong>Preven\u00e7\u00e3o da Mortalidade Materna, Fetal e Infantil.<\/strong> Entenda os detalhes!<\/p>\n\n\n\n<h2 class=\"wp-block-heading\" id=\"h-objetivo-da-criacao-do-comite\"><span class=\"ez-toc-section\" id=\"Objetivo_da_criacao_do_Comite\"><\/span><strong>Objetivo da cria\u00e7\u00e3o do Comit\u00ea<\/strong><span class=\"ez-toc-section-end\"><\/span><\/h2>\n\n\n\n<p>Foi institu\u00eddo atrav\u00e9s da <a href=\"https:\/\/www.in.gov.br\/en\/web\/dou\/-\/portaria-gm\/ms-n-6.941-de-26-de-maio-de-2025-632234374\" target=\"_blank\" rel=\"noreferrer noopener\">Portaria GM\/MS n\u00ba 6.941<\/a>, uma corpora\u00e7\u00e3o permanente, t\u00e9cnico-cient\u00edfico e consultivo com o <strong>objetivo de monitorar e apoiar a formula\u00e7\u00e3o de pol\u00edticas p\u00fablicas para a redu\u00e7\u00e3o das mortes evit\u00e1veis de mulheres, beb\u00eas e crian\u00e7as no pa\u00eds. <\/strong><\/p>\n\n\n\n<p>Entre as atividades do <a href=\"https:\/\/www.gov.br\/saude\/pt-br\/assuntos\/noticias\/2025\/junho\/comite-nacional-de-prevencao-da-mortalidade-materna-fetal-e-infantil-e-instituido-pelo-ministerio-da-saude\" target=\"_blank\" rel=\"noreferrer noopener\">comit\u00ea <\/a>est\u00e3o:<\/p>\n\n\n\n<ul class=\"wp-block-list\">\n<li>Diagn\u00f3stico da situa\u00e7\u00e3o atual da mortalidade materna, fetal e infantil;<\/li>\n\n\n\n<li>Acompanhamento do plano nacional do tema e a proposi\u00e7\u00e3o de estrat\u00e9gias que levem em conta desigualdades sociais, raciais e regionais.<\/li>\n<\/ul>\n\n\n\n<p>A publica\u00e7\u00e3o da portaria ementa uma <strong>s\u00e9rie de a\u00e7\u00f5es estruturantes promovidas pelo MS para enfrentar a mortalidade,<\/strong> incluindo a mais recente: uma oficina nacional voltada \u00e0 qualifica\u00e7\u00e3o de profissionais de sa\u00fade e lideran\u00e7as comunit\u00e1rias, em parceria com a Organiza\u00e7\u00e3o Pan-Americana da Sa\u00fade (Opas). <\/p>\n\n\n\n<p>Al\u00e9m disso, a medida tamb\u00e9m se articula \u00e0 <a href=\"https:\/\/www.gov.br\/saude\/pt-br\/assuntos\/saude-de-a-a-z\/s\/saude-da-mulher\" target=\"_blank\" rel=\"noreferrer noopener\">Sa\u00fade da Mulher<\/a> da Sala de Apoio \u00e0 Gest\u00e3o \u00c1gil do SUS, que <strong>acompanha a\u00e7\u00f5es como a amplia\u00e7\u00e3o do acesso \u00e0 anticoncep\u00e7\u00e3o<\/strong>, a <strong>resposta \u00e0s emerg\u00eancias obst\u00e9tricas e a qualifica\u00e7\u00e3o da aten\u00e7\u00e3o no pr\u00e9-natal e no p\u00f3s-parto. <\/strong><\/p>\n\n\n\n<h3 class=\"wp-block-heading\" id=\"h-composicao-do-comite-e-funcionamento\"><span class=\"ez-toc-section\" id=\"Composicao_do_comite_e_funcionamento\"><\/span><strong>Composi\u00e7\u00e3o do comit\u00ea<\/strong> <strong>e funcionamento<\/strong><span class=\"ez-toc-section-end\"><\/span><\/h3>\n\n\n\n<p>O funcionamento do comit\u00ea ser\u00e1 a partir de reuni\u00f5es ordin\u00e1rias a cada 2 meses presencialmente e por v\u00eddeoconfer\u00eancia. Os participantes ser\u00e3o:<\/p>\n\n\n\n<ul class=\"wp-block-list\">\n<li>Ministro da Sa\u00fade;<\/li>\n\n\n\n<li>Representantes de Secretarias do Minist\u00e9rio da Sa\u00fade;<\/li>\n\n\n\n<li>Minist\u00e9rios da Mulher, Igualdade Racial e Povos Ind\u00edgenas;<\/li>\n\n\n\n<li>Conselhos e institui\u00e7\u00f5es de sa\u00fade;<\/li>\n\n\n\n<li>Febrasgo, Abenfo, SBP;<\/li>\n\n\n\n<li>Sociedade Civil (9 membros rotativos).<\/li>\n<\/ul>\n\n\n\n<h2 class=\"wp-block-heading\" id=\"h-taxa-de-mortalidade-infantil-no-brasil\"><span class=\"ez-toc-section\" id=\"Taxa_de_mortalidade_infantil_no_Brasil\"><\/span><strong>Taxa de mortalidade infantil no Brasil<\/strong><span class=\"ez-toc-section-end\"><\/span><\/h2>\n\n\n\n<p>De acordo com o <strong>Painel de Monitoramento da Mortalidade Infantil e Fetal, <\/strong>o Brasil <strong>registrou em 2023 cerca de 20 mil mortes<\/strong>, o <strong>menor n\u00famero <\/strong>de uma s\u00e9rie hist\u00f3rica desde 1996 &#8211; que foi contabilizado 53 mil, cerca de 62% a mais que 2023. <\/p>\n\n\n\n<p>Embora os avan\u00e7os conquistados, o Brasil ainda enfrenta uma estagna\u00e7\u00e3o desde 2015, significando que milhares de crian\u00e7as ainda perdem a vida precocemente, muitas vezes por causas evit\u00e1veis. <\/p>\n\n\n\n<figure class=\"wp-block-image size-large\"><a href=\"https:\/\/www.grupomedcof.com.br\/cofletters\/\" target=\"_blank\" rel=\" noreferrer noopener\"><img loading=\"lazy\" decoding=\"async\" width=\"1024\" height=\"320\" src=\"https:\/\/www.grupomedcof.com.br\/blog\/wp-content\/uploads\/2025\/02\/Banner-MedCof-Plus-2200x460-11-1024x320.png\" alt=\"\" class=\"wp-image-33723\" srcset=\"https:\/\/www.grupomedcof.com.br\/blog\/wp-content\/uploads\/2025\/02\/Banner-MedCof-Plus-2200x460-11-1024x320.png 1024w, https:\/\/www.grupomedcof.com.br\/blog\/wp-content\/uploads\/2025\/02\/Banner-MedCof-Plus-2200x460-11-300x94.png 300w, https:\/\/www.grupomedcof.com.br\/blog\/wp-content\/uploads\/2025\/02\/Banner-MedCof-Plus-2200x460-11-768x240.png 768w, https:\/\/www.grupomedcof.com.br\/blog\/wp-content\/uploads\/2025\/02\/Banner-MedCof-Plus-2200x460-11-1536x480.png 1536w, https:\/\/www.grupomedcof.com.br\/blog\/wp-content\/uploads\/2025\/02\/Banner-MedCof-Plus-2200x460-11-2048x640.png 2048w, https:\/\/www.grupomedcof.com.br\/blog\/wp-content\/uploads\/2025\/02\/Banner-MedCof-Plus-2200x460-11-1343x420.png 1343w, https:\/\/www.grupomedcof.com.br\/blog\/wp-content\/uploads\/2025\/02\/Banner-MedCof-Plus-2200x460-11-150x47.png 150w, https:\/\/www.grupomedcof.com.br\/blog\/wp-content\/uploads\/2025\/02\/Banner-MedCof-Plus-2200x460-11-696x218.png 696w, https:\/\/www.grupomedcof.com.br\/blog\/wp-content\/uploads\/2025\/02\/Banner-MedCof-Plus-2200x460-11-1068x334.png 1068w, https:\/\/www.grupomedcof.com.br\/blog\/wp-content\/uploads\/2025\/02\/Banner-MedCof-Plus-2200x460-11-1920x600.png 1920w\" sizes=\"auto, (max-width: 1024px) 100vw, 1024px\" \/><\/a><\/figure>\n\n\n\n<h2 class=\"wp-block-heading\" id=\"h-por-que-isso-e-importante-para-o-residente-de-g-o\"><span class=\"ez-toc-section\" id=\"Por_que_isso_e_importante_para_o_residente_de_GO\"><\/span><strong>Por que isso \u00e9 importante para o residente de G.O?<\/strong><span class=\"ez-toc-section-end\"><\/span><\/h2>\n\n\n\n<ul class=\"wp-block-list\">\n<li>Fortalece a atua\u00e7\u00e3o multidisciplinar;<\/li>\n\n\n\n<li>Apoio \u00e0 implementa\u00e7\u00e3o de pol\u00edticas para reduzir \u00f3bitos;<\/li>\n\n\n\n<li>Promove a equidade na aten\u00e7\u00e3o materno-infantil;<\/li>\n\n\n\n<li>Melhora o monitoramento e an\u00e1lise dos casos para preven\u00e7\u00e3o efetiva.<\/li>\n<\/ul>\n\n\n\n<h2 class=\"wp-block-heading\" id=\"h-seja-um-medcofer\"><span class=\"ez-toc-section\" id=\"Seja_um_MedCofer\"><\/span><strong>Seja um MedCofer!<\/strong><span class=\"ez-toc-section-end\"><\/span><\/h2>\n\n\n\n<p>Quer alcan\u00e7ar a aprova\u00e7\u00e3o nas provas de resid\u00eancia m\u00e9dica? Ent\u00e3o seja um&nbsp;<a href=\"https:\/\/www.grupomedcof.com.br\/home\/\"><strong>MedCofer<\/strong><\/a>! Aqui te ajudaremos na busca da aprova\u00e7\u00e3o com conte\u00fados de qualidade e uma&nbsp;<a href=\"https:\/\/www.grupomedcof.com.br\/blog\/presenca-da-medcof-nas-aprovacoes-em-residencia-medica-no-brasil\/\"><strong>metodologia que j\u00e1 aprovou mais de 10 mil residentes no pa\u00eds!<\/strong>&nbsp;<\/a>Por fim, acesse o&nbsp;<a href=\"https:\/\/www.youtube.com\/@GrupoMedcof\/featured\"><strong>Youtube de MedCof<\/strong><\/a>&nbsp;para ver nossas lives de revis\u00e3o e corre\u00e7\u00e3o.<\/p>\n\n\n\n<figure class=\"wp-block-embed is-type-video is-provider-youtube wp-block-embed-youtube wp-embed-aspect-16-9 wp-has-aspect-ratio\"><div class=\"wp-block-embed__wrapper\">\nhttps:\/\/www.youtube.com\/watch?v=_jaSDrtmxNE\n<\/div><\/figure>\n","protected":false},"excerpt":{"rendered":"<p>No dia 26 de maio, o Minist\u00e9rio da Sa\u00fade criou um comit\u00ea focado na Preven\u00e7\u00e3o da Mortalidade Materna, Fetal e Infantil. Entenda os detalhes!<\/p>\n","protected":false},"author":18,"featured_media":36078,"comment_status":"closed","ping_status":"closed","sticky":false,"template":"","format":"standard","meta":{"footnotes":""},"categories":[125,173],"tags":[1799,235,2952,2951,2077,2685],"ppma_author":[3611],"class_list":{"0":"post-36074","1":"post","2":"type-post","3":"status-publish","4":"format-standard","5":"has-post-thumbnail","7":"category-ginecologia-e-obstetricia","8":"category-novidades","9":"tag-atencao-primaria","10":"tag-ministerio-da-saude","11":"tag-mortalidade-infantil","12":"tag-mortalidade-materna","13":"tag-pre-natal","14":"tag-saude-da-mulher"},"yoast_head":"<!-- This site is optimized with the Yoast SEO Premium plugin v24.3 (Yoast SEO v27.4) - https:\/\/yoast.com\/product\/yoast-seo-premium-wordpress\/ -->\n<title>Minist\u00e9rio da Sa\u00fade institui Comit\u00ea Nacional de Preven\u00e7\u00e3o da Mortalidade Materna, Fetal e Infantil\u00a0 - Blog de Medcof: conte\u00fados, editais, revalida e mais!<\/title>\n<meta name=\"description\" content=\"No dia 26 de maio, o Minist\u00e9rio da Sa\u00fade criou um comit\u00ea focado na Preven\u00e7\u00e3o da Mortalidade Materna, Fetal e Infantil. Entenda os detalhes!\" \/>\n<meta name=\"robots\" content=\"index, follow, max-snippet:-1, max-image-preview:large, max-video-preview:-1\" \/>\n<link rel=\"canonical\" href=\"https:\/\/www.grupomedcof.com.br\/blog\/ministerio-da-saude-institui-comite-nacional-de-prevencao-da-mortalidade-materna-fetal-e-infantil\/\" \/>\n<meta property=\"og:locale\" content=\"pt_BR\" \/>\n<meta property=\"og:type\" content=\"article\" \/>\n<meta property=\"og:title\" content=\"Minist\u00e9rio da Sa\u00fade institui Comit\u00ea Nacional de Preven\u00e7\u00e3o da Mortalidade Materna, Fetal e Infantil\u00a0\" \/>\n<meta property=\"og:description\" content=\"No dia 26 de maio, o Minist\u00e9rio da Sa\u00fade criou um comit\u00ea focado na Preven\u00e7\u00e3o da Mortalidade Materna, Fetal e Infantil. Entenda os detalhes!\" \/>\n<meta property=\"og:url\" content=\"https:\/\/www.grupomedcof.com.br\/blog\/ministerio-da-saude-institui-comite-nacional-de-prevencao-da-mortalidade-materna-fetal-e-infantil\/\" \/>\n<meta property=\"og:site_name\" content=\"Blog de Medcof: conte\u00fados, editais, revalida e mais!\" \/>\n<meta property=\"article:publisher\" content=\"https:\/\/www.facebook.com\/MedCofQbank\/\" \/>\n<meta property=\"article:published_time\" content=\"2025-06-03T17:42:15+00:00\" \/>\n<meta property=\"article:modified_time\" content=\"2025-06-03T17:43:51+00:00\" \/>\n<meta property=\"og:image\" content=\"https:\/\/www.grupomedcof.com.br\/blog\/wp-content\/uploads\/2025\/06\/Blog-MedCof-2025-06-03T144310.376.jpg\" \/>\n\t<meta property=\"og:image:width\" content=\"1920\" \/>\n\t<meta property=\"og:image:height\" content=\"1080\" \/>\n\t<meta property=\"og:image:type\" content=\"image\/jpeg\" \/>\n<meta name=\"author\" content=\"Leila Menzel\" \/>\n<meta name=\"twitter:card\" content=\"summary_large_image\" \/>\n<meta name=\"twitter:label1\" content=\"Escrito por\" \/>\n\t<meta name=\"twitter:data1\" content=\"Leila Menzel\" \/>\n\t<meta name=\"twitter:label2\" content=\"Est. tempo de leitura\" \/>\n\t<meta name=\"twitter:data2\" content=\"3 minutos\" \/>\n<script type=\"application\/ld+json\" class=\"yoast-schema-graph\">{\"@context\":\"https:\\\/\\\/schema.org\",\"@graph\":[{\"@type\":\"Article\",\"@id\":\"https:\\\/\\\/www.grupomedcof.com.br\\\/blog\\\/ministerio-da-saude-institui-comite-nacional-de-prevencao-da-mortalidade-materna-fetal-e-infantil\\\/#article\",\"isPartOf\":{\"@id\":\"https:\\\/\\\/www.grupomedcof.com.br\\\/blog\\\/ministerio-da-saude-institui-comite-nacional-de-prevencao-da-mortalidade-materna-fetal-e-infantil\\\/\"},\"author\":{\"name\":\"Leila Menzel\",\"@id\":\"https:\\\/\\\/www.grupomedcof.com.br\\\/blog\\\/#\\\/schema\\\/person\\\/2a5527209c17e7eb35bd6a4ebd5c7956\"},\"headline\":\"Minist\u00e9rio da Sa\u00fade institui Comit\u00ea Nacional de Preven\u00e7\u00e3o da Mortalidade Materna, Fetal e Infantil\u00a0\",\"datePublished\":\"2025-06-03T17:42:15+00:00\",\"dateModified\":\"2025-06-03T17:43:51+00:00\",\"mainEntityOfPage\":{\"@id\":\"https:\\\/\\\/www.grupomedcof.com.br\\\/blog\\\/ministerio-da-saude-institui-comite-nacional-de-prevencao-da-mortalidade-materna-fetal-e-infantil\\\/\"},\"wordCount\":514,\"publisher\":{\"@id\":\"https:\\\/\\\/www.grupomedcof.com.br\\\/blog\\\/#organization\"},\"image\":{\"@id\":\"https:\\\/\\\/www.grupomedcof.com.br\\\/blog\\\/ministerio-da-saude-institui-comite-nacional-de-prevencao-da-mortalidade-materna-fetal-e-infantil\\\/#primaryimage\"},\"thumbnailUrl\":\"https:\\\/\\\/www.grupomedcof.com.br\\\/blog\\\/wp-content\\\/uploads\\\/2025\\\/06\\\/Blog-MedCof-2025-06-03T144310.376.jpg\",\"keywords\":[\"Aten\u00e7\u00e3o prim\u00e1ria\",\"Minist\u00e9rio da Sa\u00fade\",\"Mortalidade infantil\",\"Mortalidade materna\",\"Pr\u00e9-natal\",\"Sa\u00fade da Mulher\"],\"articleSection\":[\"Ginecologia e Obstetr\u00edcia\",\"Novidades\"],\"inLanguage\":\"pt-BR\"},{\"@type\":\"WebPage\",\"@id\":\"https:\\\/\\\/www.grupomedcof.com.br\\\/blog\\\/ministerio-da-saude-institui-comite-nacional-de-prevencao-da-mortalidade-materna-fetal-e-infantil\\\/\",\"url\":\"https:\\\/\\\/www.grupomedcof.com.br\\\/blog\\\/ministerio-da-saude-institui-comite-nacional-de-prevencao-da-mortalidade-materna-fetal-e-infantil\\\/\",\"name\":\"Minist\u00e9rio da Sa\u00fade institui Comit\u00ea Nacional de Preven\u00e7\u00e3o da Mortalidade Materna, Fetal e Infantil\u00a0 - Blog de Medcof: conte\u00fados, editais, revalida e mais!\",\"isPartOf\":{\"@id\":\"https:\\\/\\\/www.grupomedcof.com.br\\\/blog\\\/#website\"},\"primaryImageOfPage\":{\"@id\":\"https:\\\/\\\/www.grupomedcof.com.br\\\/blog\\\/ministerio-da-saude-institui-comite-nacional-de-prevencao-da-mortalidade-materna-fetal-e-infantil\\\/#primaryimage\"},\"image\":{\"@id\":\"https:\\\/\\\/www.grupomedcof.com.br\\\/blog\\\/ministerio-da-saude-institui-comite-nacional-de-prevencao-da-mortalidade-materna-fetal-e-infantil\\\/#primaryimage\"},\"thumbnailUrl\":\"https:\\\/\\\/www.grupomedcof.com.br\\\/blog\\\/wp-content\\\/uploads\\\/2025\\\/06\\\/Blog-MedCof-2025-06-03T144310.376.jpg\",\"datePublished\":\"2025-06-03T17:42:15+00:00\",\"dateModified\":\"2025-06-03T17:43:51+00:00\",\"description\":\"No dia 26 de maio, o Minist\u00e9rio da Sa\u00fade criou um comit\u00ea focado na Preven\u00e7\u00e3o da Mortalidade Materna, Fetal e Infantil. Entenda os detalhes!\",\"breadcrumb\":{\"@id\":\"https:\\\/\\\/www.grupomedcof.com.br\\\/blog\\\/ministerio-da-saude-institui-comite-nacional-de-prevencao-da-mortalidade-materna-fetal-e-infantil\\\/#breadcrumb\"},\"inLanguage\":\"pt-BR\",\"potentialAction\":[{\"@type\":\"ReadAction\",\"target\":[\"https:\\\/\\\/www.grupomedcof.com.br\\\/blog\\\/ministerio-da-saude-institui-comite-nacional-de-prevencao-da-mortalidade-materna-fetal-e-infantil\\\/\"]}]},{\"@type\":\"ImageObject\",\"inLanguage\":\"pt-BR\",\"@id\":\"https:\\\/\\\/www.grupomedcof.com.br\\\/blog\\\/ministerio-da-saude-institui-comite-nacional-de-prevencao-da-mortalidade-materna-fetal-e-infantil\\\/#primaryimage\",\"url\":\"https:\\\/\\\/www.grupomedcof.com.br\\\/blog\\\/wp-content\\\/uploads\\\/2025\\\/06\\\/Blog-MedCof-2025-06-03T144310.376.jpg\",\"contentUrl\":\"https:\\\/\\\/www.grupomedcof.com.br\\\/blog\\\/wp-content\\\/uploads\\\/2025\\\/06\\\/Blog-MedCof-2025-06-03T144310.376.jpg\",\"width\":1920,\"height\":1080,\"caption\":\"Imagem: Canva.\"},{\"@type\":\"BreadcrumbList\",\"@id\":\"https:\\\/\\\/www.grupomedcof.com.br\\\/blog\\\/ministerio-da-saude-institui-comite-nacional-de-prevencao-da-mortalidade-materna-fetal-e-infantil\\\/#breadcrumb\",\"itemListElement\":[{\"@type\":\"ListItem\",\"position\":1,\"name\":\"In\u00edcio\",\"item\":\"https:\\\/\\\/www.grupomedcof.com.br\\\/blog\\\/\"},{\"@type\":\"ListItem\",\"position\":2,\"name\":\"Minist\u00e9rio da Sa\u00fade institui Comit\u00ea Nacional de Preven\u00e7\u00e3o da Mortalidade Materna, Fetal e Infantil\u00a0\"}]},{\"@type\":\"WebSite\",\"@id\":\"https:\\\/\\\/www.grupomedcof.com.br\\\/blog\\\/#website\",\"url\":\"https:\\\/\\\/www.grupomedcof.com.br\\\/blog\\\/\",\"name\":\"Blog de Medcof: conte\u00fados, editais, revalida e mais!\",\"description\":\"Acesso o blog de MedCof! Seu portal de conte\u00fados sobre resid\u00eancia m\u00e9dica, an\u00e1lise e editais e muito mais. Clique e confira!\",\"publisher\":{\"@id\":\"https:\\\/\\\/www.grupomedcof.com.br\\\/blog\\\/#organization\"},\"alternateName\":\"Blog de Medcof: conte\u00fados, editais, revalida e mais!\",\"potentialAction\":[{\"@type\":\"SearchAction\",\"target\":{\"@type\":\"EntryPoint\",\"urlTemplate\":\"https:\\\/\\\/www.grupomedcof.com.br\\\/blog\\\/?s={search_term_string}\"},\"query-input\":{\"@type\":\"PropertyValueSpecification\",\"valueRequired\":true,\"valueName\":\"search_term_string\"}}],\"inLanguage\":\"pt-BR\"},{\"@type\":\"Organization\",\"@id\":\"https:\\\/\\\/www.grupomedcof.com.br\\\/blog\\\/#organization\",\"name\":\"Grupo MedCof\",\"url\":\"https:\\\/\\\/www.grupomedcof.com.br\\\/blog\\\/\",\"logo\":{\"@type\":\"ImageObject\",\"inLanguage\":\"pt-BR\",\"@id\":\"https:\\\/\\\/www.grupomedcof.com.br\\\/blog\\\/#\\\/schema\\\/logo\\\/image\\\/\",\"url\":\"https:\\\/\\\/www.grupomedcof.com.br\\\/blog\\\/wp-content\\\/uploads\\\/2022\\\/01\\\/logo-medcof.png\",\"contentUrl\":\"https:\\\/\\\/www.grupomedcof.com.br\\\/blog\\\/wp-content\\\/uploads\\\/2022\\\/01\\\/logo-medcof.png\",\"width\":768,\"height\":269,\"caption\":\"Grupo MedCof\"},\"image\":{\"@id\":\"https:\\\/\\\/www.grupomedcof.com.br\\\/blog\\\/#\\\/schema\\\/logo\\\/image\\\/\"},\"sameAs\":[\"https:\\\/\\\/www.facebook.com\\\/MedCofQbank\\\/\",\"https:\\\/\\\/www.instagram.com\\\/grupomedcof\\\/\",\"https:\\\/\\\/br.linkedin.com\\\/company\\\/medcof\",\"https:\\\/\\\/www.youtube.com\\\/channel\\\/UCdHMuOHKICxcHwecxN8P-AA\"]},{\"@type\":\"Person\",\"@id\":\"https:\\\/\\\/www.grupomedcof.com.br\\\/blog\\\/#\\\/schema\\\/person\\\/2a5527209c17e7eb35bd6a4ebd5c7956\",\"name\":\"Leila Menzel\",\"image\":{\"@type\":\"ImageObject\",\"inLanguage\":\"pt-BR\",\"@id\":\"https:\\\/\\\/www.grupomedcof.com.br\\\/blog\\\/wp-content\\\/uploads\\\/2023\\\/04\\\/cropped-cropped-cropped-logo-96x96.png15459389df217b605b4f0cce419ac81a\",\"url\":\"https:\\\/\\\/www.grupomedcof.com.br\\\/blog\\\/wp-content\\\/uploads\\\/2023\\\/04\\\/cropped-cropped-cropped-logo-96x96.png\",\"contentUrl\":\"https:\\\/\\\/www.grupomedcof.com.br\\\/blog\\\/wp-content\\\/uploads\\\/2023\\\/04\\\/cropped-cropped-cropped-logo-96x96.png\",\"caption\":\"Leila Menzel\"},\"description\":\"Estudante do 6\u00b0 semestre de jornalismo, amo e escrevo poesias e viajo em livros de romances clich\u00eas.\",\"url\":\"https:\\\/\\\/www.grupomedcof.com.br\\\/blog\\\/author\\\/leila\\\/\"}]}<\/script>\n<!-- \/ Yoast SEO Premium plugin. -->","yoast_head_json":{"title":"Minist\u00e9rio da Sa\u00fade institui Comit\u00ea Nacional de Preven\u00e7\u00e3o da Mortalidade Materna, Fetal e Infantil\u00a0 - Blog de Medcof: conte\u00fados, editais, revalida e mais!","description":"No dia 26 de maio, o Minist\u00e9rio da Sa\u00fade criou um comit\u00ea focado na Preven\u00e7\u00e3o da Mortalidade Materna, Fetal e Infantil. Entenda os detalhes!","robots":{"index":"index","follow":"follow","max-snippet":"max-snippet:-1","max-image-preview":"max-image-preview:large","max-video-preview":"max-video-preview:-1"},"canonical":"https:\/\/www.grupomedcof.com.br\/blog\/ministerio-da-saude-institui-comite-nacional-de-prevencao-da-mortalidade-materna-fetal-e-infantil\/","og_locale":"pt_BR","og_type":"article","og_title":"Minist\u00e9rio da Sa\u00fade institui Comit\u00ea Nacional de Preven\u00e7\u00e3o da Mortalidade Materna, Fetal e Infantil\u00a0","og_description":"No dia 26 de maio, o Minist\u00e9rio da Sa\u00fade criou um comit\u00ea focado na Preven\u00e7\u00e3o da Mortalidade Materna, Fetal e Infantil. Entenda os detalhes!","og_url":"https:\/\/www.grupomedcof.com.br\/blog\/ministerio-da-saude-institui-comite-nacional-de-prevencao-da-mortalidade-materna-fetal-e-infantil\/","og_site_name":"Blog de Medcof: conte\u00fados, editais, revalida e mais!","article_publisher":"https:\/\/www.facebook.com\/MedCofQbank\/","article_published_time":"2025-06-03T17:42:15+00:00","article_modified_time":"2025-06-03T17:43:51+00:00","og_image":[{"width":1920,"height":1080,"url":"https:\/\/www.grupomedcof.com.br\/blog\/wp-content\/uploads\/2025\/06\/Blog-MedCof-2025-06-03T144310.376.jpg","type":"image\/jpeg"}],"author":"Leila Menzel","twitter_card":"summary_large_image","twitter_misc":{"Escrito por":"Leila Menzel","Est. tempo de leitura":"3 minutos"},"schema":{"@context":"https:\/\/schema.org","@graph":[{"@type":"Article","@id":"https:\/\/www.grupomedcof.com.br\/blog\/ministerio-da-saude-institui-comite-nacional-de-prevencao-da-mortalidade-materna-fetal-e-infantil\/#article","isPartOf":{"@id":"https:\/\/www.grupomedcof.com.br\/blog\/ministerio-da-saude-institui-comite-nacional-de-prevencao-da-mortalidade-materna-fetal-e-infantil\/"},"author":{"name":"Leila Menzel","@id":"https:\/\/www.grupomedcof.com.br\/blog\/#\/schema\/person\/2a5527209c17e7eb35bd6a4ebd5c7956"},"headline":"Minist\u00e9rio da Sa\u00fade institui Comit\u00ea Nacional de Preven\u00e7\u00e3o da Mortalidade Materna, Fetal e Infantil\u00a0","datePublished":"2025-06-03T17:42:15+00:00","dateModified":"2025-06-03T17:43:51+00:00","mainEntityOfPage":{"@id":"https:\/\/www.grupomedcof.com.br\/blog\/ministerio-da-saude-institui-comite-nacional-de-prevencao-da-mortalidade-materna-fetal-e-infantil\/"},"wordCount":514,"publisher":{"@id":"https:\/\/www.grupomedcof.com.br\/blog\/#organization"},"image":{"@id":"https:\/\/www.grupomedcof.com.br\/blog\/ministerio-da-saude-institui-comite-nacional-de-prevencao-da-mortalidade-materna-fetal-e-infantil\/#primaryimage"},"thumbnailUrl":"https:\/\/www.grupomedcof.com.br\/blog\/wp-content\/uploads\/2025\/06\/Blog-MedCof-2025-06-03T144310.376.jpg","keywords":["Aten\u00e7\u00e3o prim\u00e1ria","Minist\u00e9rio da Sa\u00fade","Mortalidade infantil","Mortalidade materna","Pr\u00e9-natal","Sa\u00fade da Mulher"],"articleSection":["Ginecologia e Obstetr\u00edcia","Novidades"],"inLanguage":"pt-BR"},{"@type":"WebPage","@id":"https:\/\/www.grupomedcof.com.br\/blog\/ministerio-da-saude-institui-comite-nacional-de-prevencao-da-mortalidade-materna-fetal-e-infantil\/","url":"https:\/\/www.grupomedcof.com.br\/blog\/ministerio-da-saude-institui-comite-nacional-de-prevencao-da-mortalidade-materna-fetal-e-infantil\/","name":"Minist\u00e9rio da Sa\u00fade institui Comit\u00ea Nacional de Preven\u00e7\u00e3o da Mortalidade Materna, Fetal e Infantil\u00a0 - Blog de Medcof: conte\u00fados, editais, revalida e mais!","isPartOf":{"@id":"https:\/\/www.grupomedcof.com.br\/blog\/#website"},"primaryImageOfPage":{"@id":"https:\/\/www.grupomedcof.com.br\/blog\/ministerio-da-saude-institui-comite-nacional-de-prevencao-da-mortalidade-materna-fetal-e-infantil\/#primaryimage"},"image":{"@id":"https:\/\/www.grupomedcof.com.br\/blog\/ministerio-da-saude-institui-comite-nacional-de-prevencao-da-mortalidade-materna-fetal-e-infantil\/#primaryimage"},"thumbnailUrl":"https:\/\/www.grupomedcof.com.br\/blog\/wp-content\/uploads\/2025\/06\/Blog-MedCof-2025-06-03T144310.376.jpg","datePublished":"2025-06-03T17:42:15+00:00","dateModified":"2025-06-03T17:43:51+00:00","description":"No dia 26 de maio, o Minist\u00e9rio da Sa\u00fade criou um comit\u00ea focado na Preven\u00e7\u00e3o da Mortalidade Materna, Fetal e Infantil. Entenda os detalhes!","breadcrumb":{"@id":"https:\/\/www.grupomedcof.com.br\/blog\/ministerio-da-saude-institui-comite-nacional-de-prevencao-da-mortalidade-materna-fetal-e-infantil\/#breadcrumb"},"inLanguage":"pt-BR","potentialAction":[{"@type":"ReadAction","target":["https:\/\/www.grupomedcof.com.br\/blog\/ministerio-da-saude-institui-comite-nacional-de-prevencao-da-mortalidade-materna-fetal-e-infantil\/"]}]},{"@type":"ImageObject","inLanguage":"pt-BR","@id":"https:\/\/www.grupomedcof.com.br\/blog\/ministerio-da-saude-institui-comite-nacional-de-prevencao-da-mortalidade-materna-fetal-e-infantil\/#primaryimage","url":"https:\/\/www.grupomedcof.com.br\/blog\/wp-content\/uploads\/2025\/06\/Blog-MedCof-2025-06-03T144310.376.jpg","contentUrl":"https:\/\/www.grupomedcof.com.br\/blog\/wp-content\/uploads\/2025\/06\/Blog-MedCof-2025-06-03T144310.376.jpg","width":1920,"height":1080,"caption":"Imagem: Canva."},{"@type":"BreadcrumbList","@id":"https:\/\/www.grupomedcof.com.br\/blog\/ministerio-da-saude-institui-comite-nacional-de-prevencao-da-mortalidade-materna-fetal-e-infantil\/#breadcrumb","itemListElement":[{"@type":"ListItem","position":1,"name":"In\u00edcio","item":"https:\/\/www.grupomedcof.com.br\/blog\/"},{"@type":"ListItem","position":2,"name":"Minist\u00e9rio da Sa\u00fade institui Comit\u00ea Nacional de Preven\u00e7\u00e3o da Mortalidade Materna, Fetal e Infantil\u00a0"}]},{"@type":"WebSite","@id":"https:\/\/www.grupomedcof.com.br\/blog\/#website","url":"https:\/\/www.grupomedcof.com.br\/blog\/","name":"Blog de Medcof: conte\u00fados, editais, revalida e mais!","description":"Acesso o blog de MedCof! Seu portal de conte\u00fados sobre resid\u00eancia m\u00e9dica, an\u00e1lise e editais e muito mais. Clique e confira!","publisher":{"@id":"https:\/\/www.grupomedcof.com.br\/blog\/#organization"},"alternateName":"Blog de Medcof: conte\u00fados, editais, revalida e mais!","potentialAction":[{"@type":"SearchAction","target":{"@type":"EntryPoint","urlTemplate":"https:\/\/www.grupomedcof.com.br\/blog\/?s={search_term_string}"},"query-input":{"@type":"PropertyValueSpecification","valueRequired":true,"valueName":"search_term_string"}}],"inLanguage":"pt-BR"},{"@type":"Organization","@id":"https:\/\/www.grupomedcof.com.br\/blog\/#organization","name":"Grupo MedCof","url":"https:\/\/www.grupomedcof.com.br\/blog\/","logo":{"@type":"ImageObject","inLanguage":"pt-BR","@id":"https:\/\/www.grupomedcof.com.br\/blog\/#\/schema\/logo\/image\/","url":"https:\/\/www.grupomedcof.com.br\/blog\/wp-content\/uploads\/2022\/01\/logo-medcof.png","contentUrl":"https:\/\/www.grupomedcof.com.br\/blog\/wp-content\/uploads\/2022\/01\/logo-medcof.png","width":768,"height":269,"caption":"Grupo MedCof"},"image":{"@id":"https:\/\/www.grupomedcof.com.br\/blog\/#\/schema\/logo\/image\/"},"sameAs":["https:\/\/www.facebook.com\/MedCofQbank\/","https:\/\/www.instagram.com\/grupomedcof\/","https:\/\/br.linkedin.com\/company\/medcof","https:\/\/www.youtube.com\/channel\/UCdHMuOHKICxcHwecxN8P-AA"]},{"@type":"Person","@id":"https:\/\/www.grupomedcof.com.br\/blog\/#\/schema\/person\/2a5527209c17e7eb35bd6a4ebd5c7956","name":"Leila Menzel","image":{"@type":"ImageObject","inLanguage":"pt-BR","@id":"https:\/\/www.grupomedcof.com.br\/blog\/wp-content\/uploads\/2023\/04\/cropped-cropped-cropped-logo-96x96.png15459389df217b605b4f0cce419ac81a","url":"https:\/\/www.grupomedcof.com.br\/blog\/wp-content\/uploads\/2023\/04\/cropped-cropped-cropped-logo-96x96.png","contentUrl":"https:\/\/www.grupomedcof.com.br\/blog\/wp-content\/uploads\/2023\/04\/cropped-cropped-cropped-logo-96x96.png","caption":"Leila Menzel"},"description":"Estudante do 6\u00b0 semestre de jornalismo, amo e escrevo poesias e viajo em livros de romances clich\u00eas.","url":"https:\/\/www.grupomedcof.com.br\/blog\/author\/leila\/"}]}},"authors":[{"term_id":3611,"user_id":18,"is_guest":0,"slug":"leila","display_name":"Leila Menzel","avatar_url":"https:\/\/www.grupomedcof.com.br\/blog\/wp-content\/uploads\/2023\/04\/cropped-cropped-cropped-logo-96x96.png","0":null,"1":"","2":"","3":"","4":"","5":"","6":"","7":"","8":""}],"_links":{"self":[{"href":"https:\/\/www.grupomedcof.com.br\/blog\/wp-json\/wp\/v2\/posts\/36074","targetHints":{"allow":["GET"]}}],"collection":[{"href":"https:\/\/www.grupomedcof.com.br\/blog\/wp-json\/wp\/v2\/posts"}],"about":[{"href":"https:\/\/www.grupomedcof.com.br\/blog\/wp-json\/wp\/v2\/types\/post"}],"author":[{"embeddable":true,"href":"https:\/\/www.grupomedcof.com.br\/blog\/wp-json\/wp\/v2\/users\/18"}],"replies":[{"embeddable":true,"href":"https:\/\/www.grupomedcof.com.br\/blog\/wp-json\/wp\/v2\/comments?post=36074"}],"version-history":[{"count":3,"href":"https:\/\/www.grupomedcof.com.br\/blog\/wp-json\/wp\/v2\/posts\/36074\/revisions"}],"predecessor-version":[{"id":36079,"href":"https:\/\/www.grupomedcof.com.br\/blog\/wp-json\/wp\/v2\/posts\/36074\/revisions\/36079"}],"wp:featuredmedia":[{"embeddable":true,"href":"https:\/\/www.grupomedcof.com.br\/blog\/wp-json\/wp\/v2\/media\/36078"}],"wp:attachment":[{"href":"https:\/\/www.grupomedcof.com.br\/blog\/wp-json\/wp\/v2\/media?parent=36074"}],"wp:term":[{"taxonomy":"category","embeddable":true,"href":"https:\/\/www.grupomedcof.com.br\/blog\/wp-json\/wp\/v2\/categories?post=36074"},{"taxonomy":"post_tag","embeddable":true,"href":"https:\/\/www.grupomedcof.com.br\/blog\/wp-json\/wp\/v2\/tags?post=36074"},{"taxonomy":"author","embeddable":true,"href":"https:\/\/www.grupomedcof.com.br\/blog\/wp-json\/wp\/v2\/ppma_author?post=36074"}],"curies":[{"name":"wp","href":"https:\/\/api.w.org\/{rel}","templated":true}]}}