{"id":36142,"date":"2025-06-09T09:41:13","date_gmt":"2025-06-09T12:41:13","guid":{"rendered":"https:\/\/www.grupomedcof.com.br\/blog\/?p=36142"},"modified":"2025-06-09T09:41:15","modified_gmt":"2025-06-09T12:41:15","slug":"dia-nacional-da-imunizacao-entenda-as-novidades-e-reforcos-para-2025","status":"publish","type":"post","link":"https:\/\/www.grupomedcof.com.br\/blog\/dia-nacional-da-imunizacao-entenda-as-novidades-e-reforcos-para-2025\/","title":{"rendered":"Dia Nacional da Imuniza\u00e7\u00e3o: entenda as novidades e refor\u00e7os para 2025"},"content":{"rendered":"<div id=\"ez-toc-container\" class=\"ez-toc-v2_0_74 counter-hierarchy ez-toc-counter ez-toc-transparent ez-toc-container-direction\">\n<div class=\"ez-toc-title-container\">\n<p class=\"ez-toc-title\" style=\"cursor:inherit\">Sum\u00e1rio<\/p>\n<span class=\"ez-toc-title-toggle\"><a href=\"#\" class=\"ez-toc-pull-right ez-toc-btn ez-toc-btn-xs ez-toc-btn-default ez-toc-toggle\" aria-label=\"Alternar tabela de conte\u00fado\"><span class=\"ez-toc-js-icon-con\"><span class=\"\"><span class=\"eztoc-hide\" style=\"display:none;\">Toggle<\/span><span class=\"ez-toc-icon-toggle-span\"><svg style=\"fill: #999;color:#999\" xmlns=\"http:\/\/www.w3.org\/2000\/svg\" class=\"list-377408\" width=\"20px\" height=\"20px\" viewBox=\"0 0 24 24\" fill=\"none\"><path d=\"M6 6H4v2h2V6zm14 0H8v2h12V6zM4 11h2v2H4v-2zm16 0H8v2h12v-2zM4 16h2v2H4v-2zm16 0H8v2h12v-2z\" fill=\"currentColor\"><\/path><\/svg><svg style=\"fill: #999;color:#999\" class=\"arrow-unsorted-368013\" xmlns=\"http:\/\/www.w3.org\/2000\/svg\" width=\"10px\" height=\"10px\" viewBox=\"0 0 24 24\" version=\"1.2\" baseProfile=\"tiny\"><path d=\"M18.2 9.3l-6.2-6.3-6.2 6.3c-.2.2-.3.4-.3.7s.1.5.3.7c.2.2.4.3.7.3h11c.3 0 .5-.1.7-.3.2-.2.3-.5.3-.7s-.1-.5-.3-.7zM5.8 14.7l6.2 6.3 6.2-6.3c.2-.2.3-.5.3-.7s-.1-.5-.3-.7c-.2-.2-.4-.3-.7-.3h-11c-.3 0-.5.1-.7.3-.2.2-.3.5-.3.7s.1.5.3.7z\"\/><\/svg><\/span><\/span><\/span><\/a><\/span><\/div>\n<nav><ul class='ez-toc-list ez-toc-list-level-1 ' ><li class='ez-toc-page-1 ez-toc-heading-level-2'><a class=\"ez-toc-link ez-toc-heading-1\" href=\"https:\/\/www.grupomedcof.com.br\/blog\/dia-nacional-da-imunizacao-entenda-as-novidades-e-reforcos-para-2025\/#Dia_Nacional_da_Imunizacao\" >Dia Nacional da Imuniza\u00e7\u00e3o \u00a0<\/a><\/li><li class='ez-toc-page-1 ez-toc-heading-level-2'><a class=\"ez-toc-link ez-toc-heading-2\" href=\"https:\/\/www.grupomedcof.com.br\/blog\/dia-nacional-da-imunizacao-entenda-as-novidades-e-reforcos-para-2025\/#As_Novidades_e_Reforcos_para_2025\" >As Novidades e Refor\u00e7os para 2025<\/a><ul class='ez-toc-list-level-3' ><li class='ez-toc-heading-level-3'><a class=\"ez-toc-link ez-toc-heading-3\" href=\"https:\/\/www.grupomedcof.com.br\/blog\/dia-nacional-da-imunizacao-entenda-as-novidades-e-reforcos-para-2025\/#Vacina_BCG_Alem_da_Tuberculose\" >Vacina BCG: Al\u00e9m da Tuberculose<\/a><\/li><li class='ez-toc-page-1 ez-toc-heading-level-3'><a class=\"ez-toc-link ez-toc-heading-4\" href=\"https:\/\/www.grupomedcof.com.br\/blog\/dia-nacional-da-imunizacao-entenda-as-novidades-e-reforcos-para-2025\/#Vacina_Hepatite_B_HB_e_Penta\" >Vacina Hepatite B (HB) e Penta<\/a><\/li><li class='ez-toc-page-1 ez-toc-heading-level-3'><a class=\"ez-toc-link ez-toc-heading-5\" href=\"https:\/\/www.grupomedcof.com.br\/blog\/dia-nacional-da-imunizacao-entenda-as-novidades-e-reforcos-para-2025\/#Vacina_Rotavirus_Humano_VRH\" >Vacina Rotav\u00edrus Humano (VRH)<\/a><\/li><li class='ez-toc-page-1 ez-toc-heading-level-3'><a class=\"ez-toc-link ez-toc-heading-6\" href=\"https:\/\/www.grupomedcof.com.br\/blog\/dia-nacional-da-imunizacao-entenda-as-novidades-e-reforcos-para-2025\/#Vacina_Influenza\" >Vacina Influenza<\/a><\/li><li class='ez-toc-page-1 ez-toc-heading-level-3'><a class=\"ez-toc-link ez-toc-heading-7\" href=\"https:\/\/www.grupomedcof.com.br\/blog\/dia-nacional-da-imunizacao-entenda-as-novidades-e-reforcos-para-2025\/#Vacina_COVID-19\" >Vacina COVID-19\u00a0<\/a><\/li><li class='ez-toc-page-1 ez-toc-heading-level-3'><a class=\"ez-toc-link ez-toc-heading-8\" href=\"https:\/\/www.grupomedcof.com.br\/blog\/dia-nacional-da-imunizacao-entenda-as-novidades-e-reforcos-para-2025\/#Vacina_Febre_Amarela_VFA\" >Vacina Febre Amarela (VFA)\u00a0<\/a><\/li><li class='ez-toc-page-1 ez-toc-heading-level-3'><a class=\"ez-toc-link ez-toc-heading-9\" href=\"https:\/\/www.grupomedcof.com.br\/blog\/dia-nacional-da-imunizacao-entenda-as-novidades-e-reforcos-para-2025\/#Vacina_HPV4\" >Vacina HPV4<\/a><\/li><li class='ez-toc-page-1 ez-toc-heading-level-3'><a class=\"ez-toc-link ez-toc-heading-10\" href=\"https:\/\/www.grupomedcof.com.br\/blog\/dia-nacional-da-imunizacao-entenda-as-novidades-e-reforcos-para-2025\/#Vacina_dTpa\" >Vacina dTpa<\/a><\/li><\/ul><\/li><li class='ez-toc-page-1 ez-toc-heading-level-2'><a class=\"ez-toc-link ez-toc-heading-11\" href=\"https:\/\/www.grupomedcof.com.br\/blog\/dia-nacional-da-imunizacao-entenda-as-novidades-e-reforcos-para-2025\/#Seja_um_MedCofer\" >Seja um MedCofer!<\/a><\/li><\/ul><\/nav><\/div>\n\n<figure class=\"wp-block-image size-large\"><img loading=\"lazy\" decoding=\"async\" width=\"1024\" height=\"576\" src=\"https:\/\/www.grupomedcof.com.br\/blog\/wp-content\/uploads\/2025\/06\/Blog-MedCof-2025-06-09T093348.133-1024x576.jpg\" alt=\"\" class=\"wp-image-36143\" srcset=\"https:\/\/www.grupomedcof.com.br\/blog\/wp-content\/uploads\/2025\/06\/Blog-MedCof-2025-06-09T093348.133-1024x576.jpg 1024w, https:\/\/www.grupomedcof.com.br\/blog\/wp-content\/uploads\/2025\/06\/Blog-MedCof-2025-06-09T093348.133-300x169.jpg 300w, https:\/\/www.grupomedcof.com.br\/blog\/wp-content\/uploads\/2025\/06\/Blog-MedCof-2025-06-09T093348.133-768x432.jpg 768w, https:\/\/www.grupomedcof.com.br\/blog\/wp-content\/uploads\/2025\/06\/Blog-MedCof-2025-06-09T093348.133-1536x864.jpg 1536w, https:\/\/www.grupomedcof.com.br\/blog\/wp-content\/uploads\/2025\/06\/Blog-MedCof-2025-06-09T093348.133-747x420.jpg 747w, https:\/\/www.grupomedcof.com.br\/blog\/wp-content\/uploads\/2025\/06\/Blog-MedCof-2025-06-09T093348.133-150x84.jpg 150w, https:\/\/www.grupomedcof.com.br\/blog\/wp-content\/uploads\/2025\/06\/Blog-MedCof-2025-06-09T093348.133-696x392.jpg 696w, https:\/\/www.grupomedcof.com.br\/blog\/wp-content\/uploads\/2025\/06\/Blog-MedCof-2025-06-09T093348.133-1068x601.jpg 1068w, https:\/\/www.grupomedcof.com.br\/blog\/wp-content\/uploads\/2025\/06\/Blog-MedCof-2025-06-09T093348.133.jpg 1920w\" sizes=\"auto, (max-width: 1024px) 100vw, 1024px\" \/><figcaption class=\"wp-element-caption\">Imagem: Canva.<\/figcaption><\/figure>\n\n\n\n<p>Dos primeiros anos at\u00e9 o fim da vida, as Imuniza\u00e7\u00f5es s\u00e3o a maneira mais segura e eficaz de proteger o organismo humano de in\u00fameras infec\u00e7\u00f5es.\u00a0<\/p>\n\n\n\n<h2 class=\"wp-block-heading\" id=\"h-dia-nacional-da-imunizacao\"><span class=\"ez-toc-section\" id=\"Dia_Nacional_da_Imunizacao\"><\/span><strong>Dia Nacional da Imuniza\u00e7\u00e3o <\/strong>\u00a0<span class=\"ez-toc-section-end\"><\/span><\/h2>\n\n\n\n<p>No cen\u00e1rio din\u00e2mico da sa\u00fade p\u00fablica, manter-se atualizado sobre as diretrizes de imuniza\u00e7\u00e3o \u00e9 mais do que uma necessidade: \u00e9 um pilar fundamental da pr\u00e1tica m\u00e9dica. Como hoje estamos no Dia Nacional de Imuniza\u00e7\u00e3o, \u00e9 importante lembrar das atualiza\u00e7\u00f5es do <strong>Calend\u00e1rio Nacional de Vacina\u00e7\u00e3o<\/strong>. Para 2025, o <strong>Minist\u00e9rio da Sa\u00fade<\/strong>, por meio da <strong>Secretaria de Vigil\u00e2ncia em Sa\u00fade e Ambiente<\/strong>, traz importantes detalhamentos que impactar\u00e3o diretamente a rotina de atendimento em todas as esferas.<\/p>\n\n\n\n<h2 class=\"wp-block-heading\" id=\"h-as-novidades-e-reforcos-para-2025\"><span class=\"ez-toc-section\" id=\"As_Novidades_e_Reforcos_para_2025\"><\/span><strong>As Novidades e Refor\u00e7os para 2025<\/strong><span class=\"ez-toc-section-end\"><\/span><\/h2>\n\n\n\n<p>O <strong>calend\u00e1rio de vacina\u00e7\u00e3o<\/strong> \u00e9 uma ferramenta viva, que se adapta \u00e0s <strong>necessidades epidemiol\u00f3gicas e aos avan\u00e7os cient\u00edficos<\/strong>. Para 2025, algumas vacinas merecem aten\u00e7\u00e3o especial.<\/p>\n\n\n\n<h3 class=\"wp-block-heading\" id=\"h-vacina-bcg-alem-da-tuberculose\"><span class=\"ez-toc-section\" id=\"Vacina_BCG_Alem_da_Tuberculose\"><\/span><strong>Vacina BCG: Al\u00e9m da Tuberculose<\/strong><span class=\"ez-toc-section-end\"><\/span><\/h3>\n\n\n\n<p>A BCG continua sendo crucial na preven\u00e7\u00e3o das formas graves de<strong> tuberculose.<\/strong> A dose \u00fanica, preferencialmente na <strong>maternidade<\/strong>, permanece. Um ponto importante a se destacar \u00e9 a <strong>n\u00e3o recomenda\u00e7\u00e3o de revacina\u00e7\u00e3o<\/strong> para crian\u00e7as que <strong>n\u00e3o apresentam cicatriz vacinal<\/strong>, exceto em situa\u00e7\u00f5es excepcionais de dose inv\u00e1lida, com monitoramento de 3 meses. <\/p>\n\n\n\n<p>Al\u00e9m disso, a vacina \u00e9 indicada para <strong>contatos domiciliares de pacientes com hansen\u00edase<\/strong>, mesmo a partir dos 5 anos de idade, desde que n\u00e3o apresentem sinais da doen\u00e7a.\u00a0<\/p>\n\n\n\n<h3 class=\"wp-block-heading\" id=\"h-vacina-hepatite-b-hb-e-penta\"><span class=\"ez-toc-section\" id=\"Vacina_Hepatite_B_HB_e_Penta\"><\/span><strong>Vacina Hepatite B (HB) e Penta<\/strong><span class=\"ez-toc-section-end\"><\/span><\/h3>\n\n\n\n<p>A vacina HB \u00e9 <strong>universal a partir do nascimento,<\/strong> com a primeira dose idealmente nas <strong>primeiras 12 horas de vida<\/strong>. A vacina pentavalente (DTP-HB-Hib) segue o esquema b\u00e1sico de <strong>3 doses<\/strong> (2, 4 e 6 meses), com refor\u00e7os posteriores com a DTP. Fiquem atentos aos <strong>intervalos m\u00ednimos e \u00e0 import\u00e2ncia de n\u00e3o reiniciar o esquema<\/strong> em caso de atraso, mas sim complet\u00e1-lo.\u00a0<\/p>\n\n\n\n<figure class=\"wp-block-image\"><img decoding=\"async\" src=\"https:\/\/lh7-rt.googleusercontent.com\/docsz\/AD_4nXdci-pYA-eH2RhdHi5S-3UW_ZOxjW5azSBuh0KbDM0Mj16q0z3kTgteKq7QVrbpMEFWzVgSKgaRri-Ugri3W1dne5toGHHVUbuh7LtAYPXTa8idRrbo0oXYASA77SCO9TFIOaPH?key=cyBSAukK7Lp9JolsADd9SQ\" alt=\"\"\/><figcaption class=\"wp-element-caption\">Beb\u00ea vacinado contra a Hepatite B. Fonte: <a href=\"https:\/\/pin.it\/2Z9os7Soq\">https:\/\/pin.it\/2Z9os7Soq<\/a>\u00a0<\/figcaption><\/figure>\n\n\n\n<h3 class=\"wp-block-heading\" id=\"h-vacina-rotavirus-humano-vrh\"><span class=\"ez-toc-section\" id=\"Vacina_Rotavirus_Humano_VRH\"><\/span><strong>Vacina Rotav\u00edrus Humano (VRH)<\/strong><span class=\"ez-toc-section-end\"><\/span><\/h3>\n\n\n\n<p>A VRH, que previne <strong>gastroenterites graves<\/strong>, possui um esquema de <strong>2 doses (2 e 4 meses).<\/strong> Contudo, a <strong>janela de vacina\u00e7\u00e3o \u00e9 bastante restrita<\/strong>: a primeira dose deve ser administrada entre 1 m\u00eas e 15 dias e 11 meses e 29 dias de idade, e a segunda dose entre 3 meses e 15 dias e 23 meses e 29 dias. <strong>Perder essa janela significa perder a oportunidade de vacina\u00e7\u00e3o<\/strong>, um ponto cr\u00edtico para a orienta\u00e7\u00e3o dos pais.\u00a0<\/p>\n\n\n\n<h3 class=\"wp-block-heading\" id=\"h-vacina-influenza\"><span class=\"ez-toc-section\" id=\"Vacina_Influenza\"><\/span><strong>Vacina Influenza<\/strong><span class=\"ez-toc-section-end\"><\/span><\/h3>\n\n\n\n<p>A <strong>vacina da gripe \u00e9 anual<\/strong> e fundamental. Al\u00e9m das <strong>crian\u00e7as<\/strong> (6 meses a menores de 6 anos), <strong>gestantes e idosos<\/strong> (>60 anos), a estrat\u00e9gia de 2025 mant\u00e9m a recomenda\u00e7\u00e3o para diversos grupos vulner\u00e1veis, incluindo <strong>pu\u00e9rperas, povos ind\u00edgenas, quilombolas, profissionais de sa\u00fade, professores, for\u00e7as de seguran\u00e7a, pessoas com defici\u00eancia permanente, caminhoneiros, e pessoas com doen\u00e7as cr\u00f4nicas.<\/strong> Para crian\u00e7as que recebem a vacina pela primeira vez, s\u00e3o recomendadas 2 doses com intervalo de 30 dias.\u00a0<\/p>\n\n\n\n<figure class=\"wp-block-image\"><img decoding=\"async\" src=\"https:\/\/lh7-rt.googleusercontent.com\/docsz\/AD_4nXfEcLdHASthU1SYuUUoXEsyNKlv3H3Wb4wa0iHuM4XzYZsg6gQ3lz_tfr2YQhx6HoVIh2cajpKfPb-8rN9aZjCzzgbIcg6DaH3I5j3oCVwa14m-I8OxhXDa_rZP3RgzY1w1ZAAOoQ?key=cyBSAukK7Lp9JolsADd9SQ\" alt=\"\"\/><figcaption class=\"wp-element-caption\">Vacina\u00e7\u00e3o ao Idoso. Fonte: <a href=\"https:\/\/pin.it\/2Z9os7Soq\">https:\/\/pin.it\/2Z9os7Soq<\/a>\u00a0<\/figcaption><\/figure>\n\n\n\n<h3 class=\"wp-block-heading\" id=\"h-vacina-covid-19\"><span class=\"ez-toc-section\" id=\"Vacina_COVID-19\"><\/span><strong>Vacina COVID-19\u00a0<\/strong><span class=\"ez-toc-section-end\"><\/span><\/h3>\n\n\n\n<p>A vacina\u00e7\u00e3o contra a COVID-19 <strong>continua no calend\u00e1rio<\/strong>, com esquemas espec\u00edficos para <strong>crian\u00e7as<\/strong> (6 meses a 4 anos, 11 meses e 29 dias), <strong>gestantes<\/strong> e <strong>pessoas a partir de 60 anos<\/strong>. Doses peri\u00f3dicas anuais s\u00e3o recomendadas para idosos e imunocomprometidos, e a cada gesta\u00e7\u00e3o para gestantes. A diversidade de produtos (Pfizer, Moderna, Serum\/Zalika) e seus respectivos volumes e faixas et\u00e1rias exige aten\u00e7\u00e3o.\u00a0<\/p>\n\n\n\n<h3 class=\"wp-block-heading\" id=\"h-vacina-febre-amarela-vfa\"><span class=\"ez-toc-section\" id=\"Vacina_Febre_Amarela_VFA\"><\/span><strong>Vacina Febre Amarela (VFA)\u00a0<\/strong><span class=\"ez-toc-section-end\"><\/span><\/h3>\n\n\n\n<p>A VFA tem esquema de 1 dose aos 9 meses e refor\u00e7o aos 4 anos. \u00c9 crucial a avalia\u00e7\u00e3o de <strong>risco-benef\u00edcio para a vacina\u00e7\u00e3o de crian\u00e7as entre 6 e 8 meses de idade<\/strong> e <strong>indiv\u00edduos com 60 anos ou mais<\/strong>, especialmente em \u00e1reas de circula\u00e7\u00e3o viral. A simultaneidade com outras vacinas de v\u00edrus vivos atenuados (SRC, SRCV, Varicela) tamb\u00e9m \u00e9 detalhada, com a VFA podendo ser administrada simultaneamente com a maioria das vacinas.\u00a0<\/p>\n\n\n\n<h3 class=\"wp-block-heading\" id=\"h-vacina-hpv4\"><span class=\"ez-toc-section\" id=\"Vacina_HPV4\"><\/span><strong>Vacina HPV4<\/strong><span class=\"ez-toc-section-end\"><\/span><\/h3>\n\n\n\n<p>A vacina HPV4, que <strong>previne contra diversos tipos de c\u00e2ncer e verrugas genitais<\/strong>, tem esquema de <strong>dose \u00fanica<\/strong> para meninas e meninos entre 9 e 14 anos, 11 meses e 29 dias. No entanto, para grupos <strong>priorit\u00e1rios<\/strong> como <strong>imunodeprimidos<\/strong>, pessoas com <strong>Papilomatose Respirat\u00f3ria Recorrente (PRR),<\/strong> usu\u00e1rios de PrEP para <strong>HIV\/AIDS e v\u00edtimas de abuso sexual<\/strong>, o esquema \u00e9 de 3 doses, com faixas et\u00e1rias estendidas. Essa \u00e9 uma \u00e1rea de grande impacto na sa\u00fade sexual e reprodutiva.<\/p>\n\n\n\n<h3 class=\"wp-block-heading\" id=\"h-vacina-dtpa\"><span class=\"ez-toc-section\" id=\"Vacina_dTpa\"><\/span><strong>Vacina dTpa<\/strong><span class=\"ez-toc-section-end\"><\/span><\/h3>\n\n\n\n<p>A dTpa (<strong>difteria, t\u00e9tano e coqueluche acelular<\/strong>) \u00e9 vital para <strong>gestantes<\/strong> (a partir da 20\u00aa semana), <strong>pu\u00e9rperas e profissionais de sa\u00fade que atuam em maternidades<\/strong> e unidades <strong>neonatais<\/strong>. Sua import\u00e2ncia reside na preven\u00e7\u00e3o da coqueluche em rec\u00e9m-nascidos, que s\u00e3o particularmente vulner\u00e1veis.\u00a0<\/p>\n\n\n\n<figure class=\"wp-block-image\"><img decoding=\"async\" src=\"https:\/\/lh7-rt.googleusercontent.com\/docsz\/AD_4nXeyfg_homlkn3XCx278_X1gSuU_ItfMAYn3L2TEAh0_fTdONcHFdhUa-xbYMUQNJCd3chaOygVe5vzV5QGbf7n6XaX9U_cxJUmGGwWj7FrM2VR-wcC2BGsVgSBeq6jTsq7TDSXF?key=cyBSAukK7Lp9JolsADd9SQ\" alt=\"\"\/><figcaption class=\"wp-element-caption\">Imunidade da gestante para proporcionar imunidade do feto. Fonte: <a href=\"https:\/\/pin.it\/4vEkxo9z4\">https:\/\/pin.it\/4vEkxo9z4<\/a>\u00a0<\/figcaption><\/figure>\n\n\n\n<p>Manter-se atualizado \u00e9 um compromisso com a excel\u00eancia e com a vida. Que o Calend\u00e1rio Nacional de Vacina\u00e7\u00e3o 2025 seja mais uma ferramenta em suas m\u00e3os para transformar a sa\u00fade de nossos pacientes!<\/p>\n\n\n\n<h2 class=\"wp-block-heading\"><span class=\"ez-toc-section\" id=\"Seja_um_MedCofer\"><\/span><strong>Seja um MedCofer!<\/strong><span class=\"ez-toc-section-end\"><\/span><\/h2>\n\n\n\n<p>Quer alcan\u00e7ar a aprova\u00e7\u00e3o nas provas de resid\u00eancia m\u00e9dica? Ent\u00e3o seja um&nbsp;<a href=\"https:\/\/www.grupomedcof.com.br\/home\/\" target=\"_blank\" rel=\"noreferrer noopener\"><strong>MedCofer<\/strong><\/a>! Aqui te ajudaremos na busca da aprova\u00e7\u00e3o com conte\u00fados de qualidade e uma metodologia que j\u00e1 aprovou mais de 10 mil residentes no pa\u00eds! Por fim, acesse o nosso<a href=\"https:\/\/www.youtube.com\/@GrupoMedcof\/featured\">&nbsp;<strong>canal do youtube&nbsp;<\/strong><\/a>para ver o nosso material.<\/p>\n\n\n\n<figure class=\"wp-block-embed is-type-video is-provider-youtube wp-block-embed-youtube wp-embed-aspect-16-9 wp-has-aspect-ratio\"><div class=\"wp-block-embed__wrapper\">\n<div class=\"youtube-embed\" data-video_id=\"vpxE3hNdGX8\"><iframe loading=\"lazy\" title=\"Aula de vacina\u00e7\u00e3o com Dra. Jaqueline Palazzo\" width=\"696\" height=\"392\" src=\"https:\/\/www.youtube.com\/embed\/vpxE3hNdGX8?start=8&#038;feature=oembed\" frameborder=\"0\" allow=\"accelerometer; autoplay; clipboard-write; encrypted-media; gyroscope; picture-in-picture; web-share\" referrerpolicy=\"strict-origin-when-cross-origin\" allowfullscreen><\/iframe><\/div>\n<\/div><\/figure>\n","protected":false},"excerpt":{"rendered":"<p>Dos primeiros anos at\u00e9 o fim da vida, as Imuniza\u00e7\u00f5es s\u00e3o a maneira mais segura e eficaz de proteger o organismo humano de in\u00fameras infec\u00e7\u00f5es.\u00a0<\/p>\n","protected":false},"author":18,"featured_media":36143,"comment_status":"closed","ping_status":"closed","sticky":false,"template":"","format":"standard","meta":{"footnotes":""},"categories":[173],"tags":[2957,1725,1565,1564,1406,2956,1563,975],"ppma_author":[3611],"class_list":{"0":"post-36142","1":"post","2":"type-post","3":"status-publish","4":"format-standard","5":"has-post-thumbnail","7":"category-novidades","8":"tag-bcg","9":"tag-covid-19","10":"tag-febre-amarela","11":"tag-hepatite-b","12":"tag-hpv","13":"tag-imunizacao","14":"tag-influenza","15":"tag-vacinacao"},"yoast_head":"<!-- This site is optimized with the Yoast SEO Premium plugin v24.3 (Yoast SEO v27.4) - https:\/\/yoast.com\/product\/yoast-seo-premium-wordpress\/ -->\n<title>Dia Nacional da Imuniza\u00e7\u00e3o: entenda as novidades e refor\u00e7os para 2025 - Blog de Medcof: conte\u00fados, editais, revalida e mais!<\/title>\n<meta name=\"description\" content=\"Dos primeiros anos at\u00e9 o fim da vida, as Imuniza\u00e7\u00f5es s\u00e3o a maneira mais segura e eficaz de proteger o organismo humano de in\u00fameras infec\u00e7\u00f5es.\u00a0\" \/>\n<meta name=\"robots\" content=\"index, follow, max-snippet:-1, max-image-preview:large, max-video-preview:-1\" \/>\n<link rel=\"canonical\" href=\"https:\/\/www.grupomedcof.com.br\/blog\/dia-nacional-da-imunizacao-entenda-as-novidades-e-reforcos-para-2025\/\" \/>\n<meta property=\"og:locale\" content=\"pt_BR\" \/>\n<meta property=\"og:type\" content=\"article\" \/>\n<meta property=\"og:title\" content=\"Dia Nacional da Imuniza\u00e7\u00e3o: entenda as novidades e refor\u00e7os para 2025\" \/>\n<meta property=\"og:description\" content=\"Dos primeiros anos at\u00e9 o fim da vida, as Imuniza\u00e7\u00f5es s\u00e3o a maneira mais segura e eficaz de proteger o organismo humano de in\u00fameras infec\u00e7\u00f5es.\u00a0\" \/>\n<meta property=\"og:url\" content=\"https:\/\/www.grupomedcof.com.br\/blog\/dia-nacional-da-imunizacao-entenda-as-novidades-e-reforcos-para-2025\/\" \/>\n<meta property=\"og:site_name\" content=\"Blog de Medcof: conte\u00fados, editais, revalida e mais!\" \/>\n<meta property=\"article:publisher\" content=\"https:\/\/www.facebook.com\/MedCofQbank\/\" \/>\n<meta property=\"article:published_time\" content=\"2025-06-09T12:41:13+00:00\" \/>\n<meta property=\"article:modified_time\" content=\"2025-06-09T12:41:15+00:00\" \/>\n<meta property=\"og:image\" content=\"https:\/\/www.grupomedcof.com.br\/blog\/wp-content\/uploads\/2025\/06\/Blog-MedCof-2025-06-09T093348.133.jpg\" \/>\n\t<meta property=\"og:image:width\" content=\"1920\" \/>\n\t<meta property=\"og:image:height\" content=\"1080\" \/>\n\t<meta property=\"og:image:type\" content=\"image\/jpeg\" \/>\n<meta name=\"author\" content=\"Leila Menzel\" \/>\n<meta name=\"twitter:card\" content=\"summary_large_image\" \/>\n<meta name=\"twitter:label1\" content=\"Escrito por\" \/>\n\t<meta name=\"twitter:data1\" content=\"Leila Menzel\" \/>\n\t<meta name=\"twitter:label2\" content=\"Est. tempo de leitura\" \/>\n\t<meta name=\"twitter:data2\" content=\"6 minutos\" \/>\n<script type=\"application\/ld+json\" class=\"yoast-schema-graph\">{\"@context\":\"https:\\\/\\\/schema.org\",\"@graph\":[{\"@type\":\"Article\",\"@id\":\"https:\\\/\\\/www.grupomedcof.com.br\\\/blog\\\/dia-nacional-da-imunizacao-entenda-as-novidades-e-reforcos-para-2025\\\/#article\",\"isPartOf\":{\"@id\":\"https:\\\/\\\/www.grupomedcof.com.br\\\/blog\\\/dia-nacional-da-imunizacao-entenda-as-novidades-e-reforcos-para-2025\\\/\"},\"author\":{\"name\":\"Leila Menzel\",\"@id\":\"https:\\\/\\\/www.grupomedcof.com.br\\\/blog\\\/#\\\/schema\\\/person\\\/2a5527209c17e7eb35bd6a4ebd5c7956\"},\"headline\":\"Dia Nacional da Imuniza\u00e7\u00e3o: entenda as novidades e refor\u00e7os para 2025\",\"datePublished\":\"2025-06-09T12:41:13+00:00\",\"dateModified\":\"2025-06-09T12:41:15+00:00\",\"mainEntityOfPage\":{\"@id\":\"https:\\\/\\\/www.grupomedcof.com.br\\\/blog\\\/dia-nacional-da-imunizacao-entenda-as-novidades-e-reforcos-para-2025\\\/\"},\"wordCount\":912,\"publisher\":{\"@id\":\"https:\\\/\\\/www.grupomedcof.com.br\\\/blog\\\/#organization\"},\"image\":{\"@id\":\"https:\\\/\\\/www.grupomedcof.com.br\\\/blog\\\/dia-nacional-da-imunizacao-entenda-as-novidades-e-reforcos-para-2025\\\/#primaryimage\"},\"thumbnailUrl\":\"https:\\\/\\\/www.grupomedcof.com.br\\\/blog\\\/wp-content\\\/uploads\\\/2025\\\/06\\\/Blog-MedCof-2025-06-09T093348.133.jpg\",\"keywords\":[\"BCG\",\"COVID-19\",\"Febre Amarela\",\"Hepatite B\",\"Hpv\",\"Imuniza\u00e7\u00e3o\",\"Influenza\",\"vacina\u00e7\u00e3o\"],\"articleSection\":[\"Novidades\"],\"inLanguage\":\"pt-BR\"},{\"@type\":\"WebPage\",\"@id\":\"https:\\\/\\\/www.grupomedcof.com.br\\\/blog\\\/dia-nacional-da-imunizacao-entenda-as-novidades-e-reforcos-para-2025\\\/\",\"url\":\"https:\\\/\\\/www.grupomedcof.com.br\\\/blog\\\/dia-nacional-da-imunizacao-entenda-as-novidades-e-reforcos-para-2025\\\/\",\"name\":\"Dia Nacional da Imuniza\u00e7\u00e3o: entenda as novidades e refor\u00e7os para 2025 - Blog de Medcof: conte\u00fados, editais, revalida e mais!\",\"isPartOf\":{\"@id\":\"https:\\\/\\\/www.grupomedcof.com.br\\\/blog\\\/#website\"},\"primaryImageOfPage\":{\"@id\":\"https:\\\/\\\/www.grupomedcof.com.br\\\/blog\\\/dia-nacional-da-imunizacao-entenda-as-novidades-e-reforcos-para-2025\\\/#primaryimage\"},\"image\":{\"@id\":\"https:\\\/\\\/www.grupomedcof.com.br\\\/blog\\\/dia-nacional-da-imunizacao-entenda-as-novidades-e-reforcos-para-2025\\\/#primaryimage\"},\"thumbnailUrl\":\"https:\\\/\\\/www.grupomedcof.com.br\\\/blog\\\/wp-content\\\/uploads\\\/2025\\\/06\\\/Blog-MedCof-2025-06-09T093348.133.jpg\",\"datePublished\":\"2025-06-09T12:41:13+00:00\",\"dateModified\":\"2025-06-09T12:41:15+00:00\",\"description\":\"Dos primeiros anos at\u00e9 o fim da vida, as Imuniza\u00e7\u00f5es s\u00e3o a maneira mais segura e eficaz de proteger o organismo humano de in\u00fameras infec\u00e7\u00f5es.\u00a0\",\"breadcrumb\":{\"@id\":\"https:\\\/\\\/www.grupomedcof.com.br\\\/blog\\\/dia-nacional-da-imunizacao-entenda-as-novidades-e-reforcos-para-2025\\\/#breadcrumb\"},\"inLanguage\":\"pt-BR\",\"potentialAction\":[{\"@type\":\"ReadAction\",\"target\":[\"https:\\\/\\\/www.grupomedcof.com.br\\\/blog\\\/dia-nacional-da-imunizacao-entenda-as-novidades-e-reforcos-para-2025\\\/\"]}]},{\"@type\":\"ImageObject\",\"inLanguage\":\"pt-BR\",\"@id\":\"https:\\\/\\\/www.grupomedcof.com.br\\\/blog\\\/dia-nacional-da-imunizacao-entenda-as-novidades-e-reforcos-para-2025\\\/#primaryimage\",\"url\":\"https:\\\/\\\/www.grupomedcof.com.br\\\/blog\\\/wp-content\\\/uploads\\\/2025\\\/06\\\/Blog-MedCof-2025-06-09T093348.133.jpg\",\"contentUrl\":\"https:\\\/\\\/www.grupomedcof.com.br\\\/blog\\\/wp-content\\\/uploads\\\/2025\\\/06\\\/Blog-MedCof-2025-06-09T093348.133.jpg\",\"width\":1920,\"height\":1080,\"caption\":\"Imagem: Canva.\"},{\"@type\":\"BreadcrumbList\",\"@id\":\"https:\\\/\\\/www.grupomedcof.com.br\\\/blog\\\/dia-nacional-da-imunizacao-entenda-as-novidades-e-reforcos-para-2025\\\/#breadcrumb\",\"itemListElement\":[{\"@type\":\"ListItem\",\"position\":1,\"name\":\"In\u00edcio\",\"item\":\"https:\\\/\\\/www.grupomedcof.com.br\\\/blog\\\/\"},{\"@type\":\"ListItem\",\"position\":2,\"name\":\"Dia Nacional da Imuniza\u00e7\u00e3o: entenda as novidades e refor\u00e7os para 2025\"}]},{\"@type\":\"WebSite\",\"@id\":\"https:\\\/\\\/www.grupomedcof.com.br\\\/blog\\\/#website\",\"url\":\"https:\\\/\\\/www.grupomedcof.com.br\\\/blog\\\/\",\"name\":\"Blog de Medcof: conte\u00fados, editais, revalida e mais!\",\"description\":\"Acesso o blog de MedCof! Seu portal de conte\u00fados sobre resid\u00eancia m\u00e9dica, an\u00e1lise e editais e muito mais. Clique e confira!\",\"publisher\":{\"@id\":\"https:\\\/\\\/www.grupomedcof.com.br\\\/blog\\\/#organization\"},\"alternateName\":\"Blog de Medcof: conte\u00fados, editais, revalida e mais!\",\"potentialAction\":[{\"@type\":\"SearchAction\",\"target\":{\"@type\":\"EntryPoint\",\"urlTemplate\":\"https:\\\/\\\/www.grupomedcof.com.br\\\/blog\\\/?s={search_term_string}\"},\"query-input\":{\"@type\":\"PropertyValueSpecification\",\"valueRequired\":true,\"valueName\":\"search_term_string\"}}],\"inLanguage\":\"pt-BR\"},{\"@type\":\"Organization\",\"@id\":\"https:\\\/\\\/www.grupomedcof.com.br\\\/blog\\\/#organization\",\"name\":\"Grupo MedCof\",\"url\":\"https:\\\/\\\/www.grupomedcof.com.br\\\/blog\\\/\",\"logo\":{\"@type\":\"ImageObject\",\"inLanguage\":\"pt-BR\",\"@id\":\"https:\\\/\\\/www.grupomedcof.com.br\\\/blog\\\/#\\\/schema\\\/logo\\\/image\\\/\",\"url\":\"https:\\\/\\\/www.grupomedcof.com.br\\\/blog\\\/wp-content\\\/uploads\\\/2022\\\/01\\\/logo-medcof.png\",\"contentUrl\":\"https:\\\/\\\/www.grupomedcof.com.br\\\/blog\\\/wp-content\\\/uploads\\\/2022\\\/01\\\/logo-medcof.png\",\"width\":768,\"height\":269,\"caption\":\"Grupo MedCof\"},\"image\":{\"@id\":\"https:\\\/\\\/www.grupomedcof.com.br\\\/blog\\\/#\\\/schema\\\/logo\\\/image\\\/\"},\"sameAs\":[\"https:\\\/\\\/www.facebook.com\\\/MedCofQbank\\\/\",\"https:\\\/\\\/www.instagram.com\\\/grupomedcof\\\/\",\"https:\\\/\\\/br.linkedin.com\\\/company\\\/medcof\",\"https:\\\/\\\/www.youtube.com\\\/channel\\\/UCdHMuOHKICxcHwecxN8P-AA\"]},{\"@type\":\"Person\",\"@id\":\"https:\\\/\\\/www.grupomedcof.com.br\\\/blog\\\/#\\\/schema\\\/person\\\/2a5527209c17e7eb35bd6a4ebd5c7956\",\"name\":\"Leila Menzel\",\"image\":{\"@type\":\"ImageObject\",\"inLanguage\":\"pt-BR\",\"@id\":\"https:\\\/\\\/www.grupomedcof.com.br\\\/blog\\\/wp-content\\\/uploads\\\/2023\\\/04\\\/cropped-cropped-cropped-logo-96x96.png15459389df217b605b4f0cce419ac81a\",\"url\":\"https:\\\/\\\/www.grupomedcof.com.br\\\/blog\\\/wp-content\\\/uploads\\\/2023\\\/04\\\/cropped-cropped-cropped-logo-96x96.png\",\"contentUrl\":\"https:\\\/\\\/www.grupomedcof.com.br\\\/blog\\\/wp-content\\\/uploads\\\/2023\\\/04\\\/cropped-cropped-cropped-logo-96x96.png\",\"caption\":\"Leila Menzel\"},\"description\":\"Estudante do 6\u00b0 semestre de jornalismo, amo e escrevo poesias e viajo em livros de romances clich\u00eas.\",\"url\":\"https:\\\/\\\/www.grupomedcof.com.br\\\/blog\\\/author\\\/leila\\\/\"}]}<\/script>\n<!-- \/ Yoast SEO Premium plugin. -->","yoast_head_json":{"title":"Dia Nacional da Imuniza\u00e7\u00e3o: entenda as novidades e refor\u00e7os para 2025 - Blog de Medcof: conte\u00fados, editais, revalida e mais!","description":"Dos primeiros anos at\u00e9 o fim da vida, as Imuniza\u00e7\u00f5es s\u00e3o a maneira mais segura e eficaz de proteger o organismo humano de in\u00fameras infec\u00e7\u00f5es.\u00a0","robots":{"index":"index","follow":"follow","max-snippet":"max-snippet:-1","max-image-preview":"max-image-preview:large","max-video-preview":"max-video-preview:-1"},"canonical":"https:\/\/www.grupomedcof.com.br\/blog\/dia-nacional-da-imunizacao-entenda-as-novidades-e-reforcos-para-2025\/","og_locale":"pt_BR","og_type":"article","og_title":"Dia Nacional da Imuniza\u00e7\u00e3o: entenda as novidades e refor\u00e7os para 2025","og_description":"Dos primeiros anos at\u00e9 o fim da vida, as Imuniza\u00e7\u00f5es s\u00e3o a maneira mais segura e eficaz de proteger o organismo humano de in\u00fameras infec\u00e7\u00f5es.\u00a0","og_url":"https:\/\/www.grupomedcof.com.br\/blog\/dia-nacional-da-imunizacao-entenda-as-novidades-e-reforcos-para-2025\/","og_site_name":"Blog de Medcof: conte\u00fados, editais, revalida e mais!","article_publisher":"https:\/\/www.facebook.com\/MedCofQbank\/","article_published_time":"2025-06-09T12:41:13+00:00","article_modified_time":"2025-06-09T12:41:15+00:00","og_image":[{"width":1920,"height":1080,"url":"https:\/\/www.grupomedcof.com.br\/blog\/wp-content\/uploads\/2025\/06\/Blog-MedCof-2025-06-09T093348.133.jpg","type":"image\/jpeg"}],"author":"Leila Menzel","twitter_card":"summary_large_image","twitter_misc":{"Escrito por":"Leila Menzel","Est. tempo de leitura":"6 minutos"},"schema":{"@context":"https:\/\/schema.org","@graph":[{"@type":"Article","@id":"https:\/\/www.grupomedcof.com.br\/blog\/dia-nacional-da-imunizacao-entenda-as-novidades-e-reforcos-para-2025\/#article","isPartOf":{"@id":"https:\/\/www.grupomedcof.com.br\/blog\/dia-nacional-da-imunizacao-entenda-as-novidades-e-reforcos-para-2025\/"},"author":{"name":"Leila Menzel","@id":"https:\/\/www.grupomedcof.com.br\/blog\/#\/schema\/person\/2a5527209c17e7eb35bd6a4ebd5c7956"},"headline":"Dia Nacional da Imuniza\u00e7\u00e3o: entenda as novidades e refor\u00e7os para 2025","datePublished":"2025-06-09T12:41:13+00:00","dateModified":"2025-06-09T12:41:15+00:00","mainEntityOfPage":{"@id":"https:\/\/www.grupomedcof.com.br\/blog\/dia-nacional-da-imunizacao-entenda-as-novidades-e-reforcos-para-2025\/"},"wordCount":912,"publisher":{"@id":"https:\/\/www.grupomedcof.com.br\/blog\/#organization"},"image":{"@id":"https:\/\/www.grupomedcof.com.br\/blog\/dia-nacional-da-imunizacao-entenda-as-novidades-e-reforcos-para-2025\/#primaryimage"},"thumbnailUrl":"https:\/\/www.grupomedcof.com.br\/blog\/wp-content\/uploads\/2025\/06\/Blog-MedCof-2025-06-09T093348.133.jpg","keywords":["BCG","COVID-19","Febre Amarela","Hepatite B","Hpv","Imuniza\u00e7\u00e3o","Influenza","vacina\u00e7\u00e3o"],"articleSection":["Novidades"],"inLanguage":"pt-BR"},{"@type":"WebPage","@id":"https:\/\/www.grupomedcof.com.br\/blog\/dia-nacional-da-imunizacao-entenda-as-novidades-e-reforcos-para-2025\/","url":"https:\/\/www.grupomedcof.com.br\/blog\/dia-nacional-da-imunizacao-entenda-as-novidades-e-reforcos-para-2025\/","name":"Dia Nacional da Imuniza\u00e7\u00e3o: entenda as novidades e refor\u00e7os para 2025 - Blog de Medcof: conte\u00fados, editais, revalida e mais!","isPartOf":{"@id":"https:\/\/www.grupomedcof.com.br\/blog\/#website"},"primaryImageOfPage":{"@id":"https:\/\/www.grupomedcof.com.br\/blog\/dia-nacional-da-imunizacao-entenda-as-novidades-e-reforcos-para-2025\/#primaryimage"},"image":{"@id":"https:\/\/www.grupomedcof.com.br\/blog\/dia-nacional-da-imunizacao-entenda-as-novidades-e-reforcos-para-2025\/#primaryimage"},"thumbnailUrl":"https:\/\/www.grupomedcof.com.br\/blog\/wp-content\/uploads\/2025\/06\/Blog-MedCof-2025-06-09T093348.133.jpg","datePublished":"2025-06-09T12:41:13+00:00","dateModified":"2025-06-09T12:41:15+00:00","description":"Dos primeiros anos at\u00e9 o fim da vida, as Imuniza\u00e7\u00f5es s\u00e3o a maneira mais segura e eficaz de proteger o organismo humano de in\u00fameras infec\u00e7\u00f5es.\u00a0","breadcrumb":{"@id":"https:\/\/www.grupomedcof.com.br\/blog\/dia-nacional-da-imunizacao-entenda-as-novidades-e-reforcos-para-2025\/#breadcrumb"},"inLanguage":"pt-BR","potentialAction":[{"@type":"ReadAction","target":["https:\/\/www.grupomedcof.com.br\/blog\/dia-nacional-da-imunizacao-entenda-as-novidades-e-reforcos-para-2025\/"]}]},{"@type":"ImageObject","inLanguage":"pt-BR","@id":"https:\/\/www.grupomedcof.com.br\/blog\/dia-nacional-da-imunizacao-entenda-as-novidades-e-reforcos-para-2025\/#primaryimage","url":"https:\/\/www.grupomedcof.com.br\/blog\/wp-content\/uploads\/2025\/06\/Blog-MedCof-2025-06-09T093348.133.jpg","contentUrl":"https:\/\/www.grupomedcof.com.br\/blog\/wp-content\/uploads\/2025\/06\/Blog-MedCof-2025-06-09T093348.133.jpg","width":1920,"height":1080,"caption":"Imagem: Canva."},{"@type":"BreadcrumbList","@id":"https:\/\/www.grupomedcof.com.br\/blog\/dia-nacional-da-imunizacao-entenda-as-novidades-e-reforcos-para-2025\/#breadcrumb","itemListElement":[{"@type":"ListItem","position":1,"name":"In\u00edcio","item":"https:\/\/www.grupomedcof.com.br\/blog\/"},{"@type":"ListItem","position":2,"name":"Dia Nacional da Imuniza\u00e7\u00e3o: entenda as novidades e refor\u00e7os para 2025"}]},{"@type":"WebSite","@id":"https:\/\/www.grupomedcof.com.br\/blog\/#website","url":"https:\/\/www.grupomedcof.com.br\/blog\/","name":"Blog de Medcof: conte\u00fados, editais, revalida e mais!","description":"Acesso o blog de MedCof! Seu portal de conte\u00fados sobre resid\u00eancia m\u00e9dica, an\u00e1lise e editais e muito mais. Clique e confira!","publisher":{"@id":"https:\/\/www.grupomedcof.com.br\/blog\/#organization"},"alternateName":"Blog de Medcof: conte\u00fados, editais, revalida e mais!","potentialAction":[{"@type":"SearchAction","target":{"@type":"EntryPoint","urlTemplate":"https:\/\/www.grupomedcof.com.br\/blog\/?s={search_term_string}"},"query-input":{"@type":"PropertyValueSpecification","valueRequired":true,"valueName":"search_term_string"}}],"inLanguage":"pt-BR"},{"@type":"Organization","@id":"https:\/\/www.grupomedcof.com.br\/blog\/#organization","name":"Grupo MedCof","url":"https:\/\/www.grupomedcof.com.br\/blog\/","logo":{"@type":"ImageObject","inLanguage":"pt-BR","@id":"https:\/\/www.grupomedcof.com.br\/blog\/#\/schema\/logo\/image\/","url":"https:\/\/www.grupomedcof.com.br\/blog\/wp-content\/uploads\/2022\/01\/logo-medcof.png","contentUrl":"https:\/\/www.grupomedcof.com.br\/blog\/wp-content\/uploads\/2022\/01\/logo-medcof.png","width":768,"height":269,"caption":"Grupo MedCof"},"image":{"@id":"https:\/\/www.grupomedcof.com.br\/blog\/#\/schema\/logo\/image\/"},"sameAs":["https:\/\/www.facebook.com\/MedCofQbank\/","https:\/\/www.instagram.com\/grupomedcof\/","https:\/\/br.linkedin.com\/company\/medcof","https:\/\/www.youtube.com\/channel\/UCdHMuOHKICxcHwecxN8P-AA"]},{"@type":"Person","@id":"https:\/\/www.grupomedcof.com.br\/blog\/#\/schema\/person\/2a5527209c17e7eb35bd6a4ebd5c7956","name":"Leila Menzel","image":{"@type":"ImageObject","inLanguage":"pt-BR","@id":"https:\/\/www.grupomedcof.com.br\/blog\/wp-content\/uploads\/2023\/04\/cropped-cropped-cropped-logo-96x96.png15459389df217b605b4f0cce419ac81a","url":"https:\/\/www.grupomedcof.com.br\/blog\/wp-content\/uploads\/2023\/04\/cropped-cropped-cropped-logo-96x96.png","contentUrl":"https:\/\/www.grupomedcof.com.br\/blog\/wp-content\/uploads\/2023\/04\/cropped-cropped-cropped-logo-96x96.png","caption":"Leila Menzel"},"description":"Estudante do 6\u00b0 semestre de jornalismo, amo e escrevo poesias e viajo em livros de romances clich\u00eas.","url":"https:\/\/www.grupomedcof.com.br\/blog\/author\/leila\/"}]}},"authors":[{"term_id":3611,"user_id":18,"is_guest":0,"slug":"leila","display_name":"Leila Menzel","avatar_url":"https:\/\/www.grupomedcof.com.br\/blog\/wp-content\/uploads\/2023\/04\/cropped-cropped-cropped-logo-96x96.png","0":null,"1":"","2":"","3":"","4":"","5":"","6":"","7":"","8":""}],"_links":{"self":[{"href":"https:\/\/www.grupomedcof.com.br\/blog\/wp-json\/wp\/v2\/posts\/36142","targetHints":{"allow":["GET"]}}],"collection":[{"href":"https:\/\/www.grupomedcof.com.br\/blog\/wp-json\/wp\/v2\/posts"}],"about":[{"href":"https:\/\/www.grupomedcof.com.br\/blog\/wp-json\/wp\/v2\/types\/post"}],"author":[{"embeddable":true,"href":"https:\/\/www.grupomedcof.com.br\/blog\/wp-json\/wp\/v2\/users\/18"}],"replies":[{"embeddable":true,"href":"https:\/\/www.grupomedcof.com.br\/blog\/wp-json\/wp\/v2\/comments?post=36142"}],"version-history":[{"count":2,"href":"https:\/\/www.grupomedcof.com.br\/blog\/wp-json\/wp\/v2\/posts\/36142\/revisions"}],"predecessor-version":[{"id":36145,"href":"https:\/\/www.grupomedcof.com.br\/blog\/wp-json\/wp\/v2\/posts\/36142\/revisions\/36145"}],"wp:featuredmedia":[{"embeddable":true,"href":"https:\/\/www.grupomedcof.com.br\/blog\/wp-json\/wp\/v2\/media\/36143"}],"wp:attachment":[{"href":"https:\/\/www.grupomedcof.com.br\/blog\/wp-json\/wp\/v2\/media?parent=36142"}],"wp:term":[{"taxonomy":"category","embeddable":true,"href":"https:\/\/www.grupomedcof.com.br\/blog\/wp-json\/wp\/v2\/categories?post=36142"},{"taxonomy":"post_tag","embeddable":true,"href":"https:\/\/www.grupomedcof.com.br\/blog\/wp-json\/wp\/v2\/tags?post=36142"},{"taxonomy":"author","embeddable":true,"href":"https:\/\/www.grupomedcof.com.br\/blog\/wp-json\/wp\/v2\/ppma_author?post=36142"}],"curies":[{"name":"wp","href":"https:\/\/api.w.org\/{rel}","templated":true}]}}