{"id":36147,"date":"2025-06-10T08:41:29","date_gmt":"2025-06-10T11:41:29","guid":{"rendered":"https:\/\/www.grupomedcof.com.br\/blog\/?p=36147"},"modified":"2025-06-10T08:41:31","modified_gmt":"2025-06-10T11:41:31","slug":"sindrome-do-bebe-sacudido-o-que-e-causas-e-tratamentos","status":"publish","type":"post","link":"https:\/\/www.grupomedcof.com.br\/blog\/sindrome-do-bebe-sacudido-o-que-e-causas-e-tratamentos\/","title":{"rendered":"S\u00edndrome do beb\u00ea sacudido: o que \u00e9, causas e tratamentos"},"content":{"rendered":"<div id=\"ez-toc-container\" class=\"ez-toc-v2_0_74 counter-hierarchy ez-toc-counter ez-toc-transparent ez-toc-container-direction\">\n<div class=\"ez-toc-title-container\">\n<p class=\"ez-toc-title\" style=\"cursor:inherit\">Sum\u00e1rio<\/p>\n<span class=\"ez-toc-title-toggle\"><a href=\"#\" class=\"ez-toc-pull-right ez-toc-btn ez-toc-btn-xs ez-toc-btn-default ez-toc-toggle\" aria-label=\"Alternar tabela de conte\u00fado\"><span class=\"ez-toc-js-icon-con\"><span class=\"\"><span class=\"eztoc-hide\" style=\"display:none;\">Toggle<\/span><span class=\"ez-toc-icon-toggle-span\"><svg style=\"fill: #999;color:#999\" xmlns=\"http:\/\/www.w3.org\/2000\/svg\" class=\"list-377408\" width=\"20px\" height=\"20px\" viewBox=\"0 0 24 24\" fill=\"none\"><path d=\"M6 6H4v2h2V6zm14 0H8v2h12V6zM4 11h2v2H4v-2zm16 0H8v2h12v-2zM4 16h2v2H4v-2zm16 0H8v2h12v-2z\" fill=\"currentColor\"><\/path><\/svg><svg style=\"fill: #999;color:#999\" class=\"arrow-unsorted-368013\" xmlns=\"http:\/\/www.w3.org\/2000\/svg\" width=\"10px\" height=\"10px\" viewBox=\"0 0 24 24\" version=\"1.2\" baseProfile=\"tiny\"><path d=\"M18.2 9.3l-6.2-6.3-6.2 6.3c-.2.2-.3.4-.3.7s.1.5.3.7c.2.2.4.3.7.3h11c.3 0 .5-.1.7-.3.2-.2.3-.5.3-.7s-.1-.5-.3-.7zM5.8 14.7l6.2 6.3 6.2-6.3c.2-.2.3-.5.3-.7s-.1-.5-.3-.7c-.2-.2-.4-.3-.7-.3h-11c-.3 0-.5.1-.7.3-.2.2-.3.5-.3.7s.1.5.3.7z\"\/><\/svg><\/span><\/span><\/span><\/a><\/span><\/div>\n<nav><ul class='ez-toc-list ez-toc-list-level-1 ' ><li class='ez-toc-page-1 ez-toc-heading-level-2'><a class=\"ez-toc-link ez-toc-heading-1\" href=\"https:\/\/www.grupomedcof.com.br\/blog\/sindrome-do-bebe-sacudido-o-que-e-causas-e-tratamentos\/#O_que_e_a_Sindrome_do_bebe_sacudido\" >O que \u00e9 a S\u00edndrome do beb\u00ea sacudido?<\/a><\/li><li class='ez-toc-page-1 ez-toc-heading-level-2'><a class=\"ez-toc-link ez-toc-heading-2\" href=\"https:\/\/www.grupomedcof.com.br\/blog\/sindrome-do-bebe-sacudido-o-que-e-causas-e-tratamentos\/#Mecanismo_das_Lesoes_e_Manifestacoes_Clinicas\" >Mecanismo das Les\u00f5es e Manifesta\u00e7\u00f5es Cl\u00ednicas<\/a><\/li><li class='ez-toc-page-1 ez-toc-heading-level-2'><a class=\"ez-toc-link ez-toc-heading-3\" href=\"https:\/\/www.grupomedcof.com.br\/blog\/sindrome-do-bebe-sacudido-o-que-e-causas-e-tratamentos\/#E_quais_sao_as_consequencias_a_longo_prazo\" >E quais s\u00e3o as consequ\u00eancias a longo prazo?<\/a><\/li><li class='ez-toc-page-1 ez-toc-heading-level-2'><a class=\"ez-toc-link ez-toc-heading-4\" href=\"https:\/\/www.grupomedcof.com.br\/blog\/sindrome-do-bebe-sacudido-o-que-e-causas-e-tratamentos\/#Principais_vitimas_e_agressores\" >Principais v\u00edtimas e agressores<\/a><\/li><li class='ez-toc-page-1 ez-toc-heading-level-2'><a class=\"ez-toc-link ez-toc-heading-5\" href=\"https:\/\/www.grupomedcof.com.br\/blog\/sindrome-do-bebe-sacudido-o-que-e-causas-e-tratamentos\/#Qual_o_melhor_manejo_clinico\" >Qual o melhor manejo cl\u00ednico?\u00a0\u00a0<\/a><\/li><li class='ez-toc-page-1 ez-toc-heading-level-2'><a class=\"ez-toc-link ez-toc-heading-6\" href=\"https:\/\/www.grupomedcof.com.br\/blog\/sindrome-do-bebe-sacudido-o-que-e-causas-e-tratamentos\/#Seja_um_MedCofer\" >Seja um MedCofer!<\/a><\/li><\/ul><\/nav><\/div>\n\n<figure class=\"wp-block-image size-large\"><img loading=\"lazy\" decoding=\"async\" width=\"1024\" height=\"576\" src=\"https:\/\/www.grupomedcof.com.br\/blog\/wp-content\/uploads\/2025\/06\/Blog-MedCof-2025-06-09T102353.306-1024x576.jpg\" alt=\"\" class=\"wp-image-36152\" srcset=\"https:\/\/www.grupomedcof.com.br\/blog\/wp-content\/uploads\/2025\/06\/Blog-MedCof-2025-06-09T102353.306-1024x576.jpg 1024w, https:\/\/www.grupomedcof.com.br\/blog\/wp-content\/uploads\/2025\/06\/Blog-MedCof-2025-06-09T102353.306-300x169.jpg 300w, https:\/\/www.grupomedcof.com.br\/blog\/wp-content\/uploads\/2025\/06\/Blog-MedCof-2025-06-09T102353.306-768x432.jpg 768w, https:\/\/www.grupomedcof.com.br\/blog\/wp-content\/uploads\/2025\/06\/Blog-MedCof-2025-06-09T102353.306-1536x864.jpg 1536w, https:\/\/www.grupomedcof.com.br\/blog\/wp-content\/uploads\/2025\/06\/Blog-MedCof-2025-06-09T102353.306-747x420.jpg 747w, https:\/\/www.grupomedcof.com.br\/blog\/wp-content\/uploads\/2025\/06\/Blog-MedCof-2025-06-09T102353.306-150x84.jpg 150w, https:\/\/www.grupomedcof.com.br\/blog\/wp-content\/uploads\/2025\/06\/Blog-MedCof-2025-06-09T102353.306-696x392.jpg 696w, https:\/\/www.grupomedcof.com.br\/blog\/wp-content\/uploads\/2025\/06\/Blog-MedCof-2025-06-09T102353.306-1068x601.jpg 1068w, https:\/\/www.grupomedcof.com.br\/blog\/wp-content\/uploads\/2025\/06\/Blog-MedCof-2025-06-09T102353.306.jpg 1920w\" sizes=\"auto, (max-width: 1024px) 100vw, 1024px\" \/><figcaption class=\"wp-element-caption\">Imagem: Canva.<\/figcaption><\/figure>\n\n\n\n<h2 class=\"wp-block-heading\" id=\"h-o-que-e-a-sindrome-do-bebe-sacudido\"><span class=\"ez-toc-section\" id=\"O_que_e_a_Sindrome_do_bebe_sacudido\"><\/span><strong>O que \u00e9 a S\u00edndrome do beb\u00ea sacudido?<\/strong><span class=\"ez-toc-section-end\"><\/span><\/h2>\n\n\n\n<p>A <strong>S\u00edndrome do Beb\u00ea Sacudido (SBS),<\/strong> tamb\u00e9m conhecida como <strong>Trauma Cranioencef\u00e1lico Abusivo (AHT)<\/strong>, configura-se como uma das mais severas manifesta\u00e7\u00f5es de <strong>maus-tratos infantis<\/strong>, com repercuss\u00f5es frequentemente catastr\u00f3ficas.<\/p>\n\n\n\n<p>Esta condi\u00e7\u00e3o \u00e9 caracterizada por les\u00f5es cerebrais agudas, resultantes de <strong>sacudidas violentas e intencionais do corpo da crian\u00e7a.<\/strong> Embora a etiologia possa estar ligada \u00e0 frustra\u00e7\u00e3o dos cuidadores frente ao choro persistente e \u00e0 car\u00eancia de conhecimento sobre o desenvolvimento infantil e estrat\u00e9gias de manejo, o ato em si acarreta <strong>danos neurol\u00f3gicos profundos<\/strong>. Lactentes com <strong>idade inferior a um ano<\/strong> s\u00e3o particularmente suscet\u00edveis, dada a imaturidade de seu sistema musculoesquel\u00e9tico e a despropor\u00e7\u00e3o entre o volume cef\u00e1lico e corporal.<\/p>\n\n\n\n<figure class=\"wp-block-image\"><img decoding=\"async\" src=\"https:\/\/lh7-rt.googleusercontent.com\/docsz\/AD_4nXfwCqUcKCGustmr0KClt8eFE14anw0wsq-SoCatlr6NxDo2ZDAcznKpX_etVMpgyjv72g_hiLkrXGUxGtlo5Aspe3RgaVM48wUqagowqRRefqmohQ6VXV8cOKCWQUBgXwE8oxzagA?key=8V-vjPJYM3PiB-q7zo0QcQ\" alt=\"\"\/><figcaption class=\"wp-element-caption\">Per\u00edmetro Cef\u00e1lico esperado em cada idade de acordo com a Sociedade Brasileira de Pediatria. Fonte: <a href=\"https:\/\/www.sbp.com.br\/fileadmin\/user_upload\/24038c-ManOrient_-_AvalCrescim_o_que_PediatraPrecisaSaber.pdf\">https:\/\/www.sbp.com.br\/fileadmin\/user_upload\/24038c-ManOrient_-_AvalCrescim_o_que_PediatraPrecisaSaber.pdf<\/a>\u00a0<\/figcaption><\/figure>\n\n\n\n<h2 class=\"wp-block-heading\" id=\"h-mecanismo-das-lesoes-e-manifestacoes-clinicas\"><span class=\"ez-toc-section\" id=\"Mecanismo_das_Lesoes_e_Manifestacoes_Clinicas\"><\/span><strong>Mecanismo das Les\u00f5es e Manifesta\u00e7\u00f5es Cl\u00ednicas<\/strong><span class=\"ez-toc-section-end\"><\/span><\/h2>\n\n\n\n<p>A fisiopatologia da SBS reside em <strong>movimentos abruptos de acelera\u00e7\u00e3o e desacelera\u00e7\u00e3o<\/strong> que induzem deslocamentos bruscos da massa encef\u00e1lica. Este mecanismo resulta na <strong>colis\u00e3o do par\u00eanquima cerebral<\/strong> e do <strong>tronco encef\u00e1lico<\/strong> contra a calota craniana, gerando for\u00e7as de cisalhamento significativas. Tais for\u00e7as podem culminar na <strong>ruptura de vasos sangu\u00edneos<\/strong> e na ocorr\u00eancia de hemorragias intracranianas, al\u00e9m de les\u00f5es axonais difusas. O subsequente ac\u00famulo de sangue pode elevar a press\u00e3o intracraniana (PIC), exacerbando o dano cerebral.<\/p>\n\n\n\n<p>Clinicamente, a SBS \u00e9 frequentemente diagnosticada pela <strong>tr\u00edade cl\u00e1ssica de achados<\/strong>: hematoma subdural, hemorragia retiniana e les\u00f5es de partes moles. Adicionalmente, os beb\u00eas podem manifestar um espectro de <strong>sinais agudos<\/strong>, que incluem dificuldades respirat\u00f3rias, irritabilidade acentuada, convuls\u00f5es, rigidez postural, rebaixamento do n\u00edvel de consci\u00eancia, v\u00f4mitos, dificuldades de alimenta\u00e7\u00e3o, inabilidade de suc\u00e7\u00e3o e degluti\u00e7\u00e3o, e, em quadros mais graves, parada cardiorrespirat\u00f3ria e \u00f3bito. Fraturas de ossos longos, costelas posteriores ou &#8220;cantos&#8221; metafis\u00e1rios s\u00e3o <strong>achados ortop\u00e9dicos<\/strong> comuns e altamente indicativos de <strong>trauma n\u00e3o acidental<\/strong>.<\/p>\n\n\n\n<figure class=\"wp-block-image is-resized\"><img decoding=\"async\" src=\"https:\/\/lh7-rt.googleusercontent.com\/docsz\/AD_4nXc8vj4oIZU5A8Rb1hFfuhbD5T2NWEWrsZRKlFab4aIf5WCEUs7sgyQTmqOFqL48kiamcs7kdsZFyYxbLQBGtkSLOyXWIUse4d86xmFr30LlSW-07vQ7Td2oG6QT2q2y16t3cEOVTg?key=8V-vjPJYM3PiB-q7zo0QcQ\" alt=\"\" style=\"width:505px;height:auto\"\/><figcaption class=\"wp-element-caption\">Hemorragia Retiniana por S\u00edndrome do Beb\u00ea Sacudido. Fonte: <a href=\"https:\/\/medicinacriticapediatrica.wordpress.com\/tag\/hemorragia-retiniana-por-nino-sacudido\/\">https:\/\/medicinacriticapediatrica.wordpress.com\/tag\/hemorragia-retiniana-por-nino-sacudido\/<\/a>\u00a0<\/figcaption><\/figure>\n\n\n\n<figure class=\"wp-block-image\"><img decoding=\"async\" src=\"https:\/\/lh7-rt.googleusercontent.com\/docsz\/AD_4nXfOQOJJrd_iWW_6nc72ATigXQ9SlXqjwQtUkMC2hkE1DSMJxYCditgW_CWiDntmpB37sQVL8Ke5ssFYu7eryU8brc6IzrsQlcCz0dXVDjf3ud-YWKQlg0bsh96sGOXKojNP4RN3nQ?key=8V-vjPJYM3PiB-q7zo0QcQ\" alt=\"\"\/><figcaption class=\"wp-element-caption\">Hematoma subdural cr\u00f4nico, nas regi\u00f5es frontal esquerda e frontoparietal direita de diferentes datas de les\u00f5es. Fonte: <a href=\"https:\/\/www.scielo.cl\/scielo.php?script=sci_arttext&amp;pid=S0717-92272009000400004\">https:\/\/www.scielo.cl\/scielo.php?script=sci_arttext&amp;pid=S0717-92272009000400004<\/a>\u00a0<\/figcaption><\/figure>\n\n\n\n<h2 class=\"wp-block-heading\" id=\"h-e-quais-sao-as-consequencias-a-longo-prazo\"><span class=\"ez-toc-section\" id=\"E_quais_sao_as_consequencias_a_longo_prazo\"><\/span><strong>E quais s\u00e3o as consequ\u00eancias a longo prazo?<\/strong><span class=\"ez-toc-section-end\"><\/span><\/h2>\n\n\n\n<p>As sequelas da SBS s\u00e3o, em muitos casos, <strong>permanentes e devastadoras<\/strong>. Sobreviventes podem desenvolver altera\u00e7\u00f5es cognitivas, d\u00e9ficits motores, cegueira, epilepsia e atrasos significativos no desenvolvimento neuropsicomotor. A longo prazo, observam-se dificuldades de aprendizagem, defici\u00eancia f\u00edsica e auditiva, paralisia cerebral, dist\u00farbios da fala e d\u00e9ficits cognitivos persistentes.<\/p>\n\n\n\n<h2 class=\"wp-block-heading\" id=\"h-principais-vitimas-e-agressores\"><span class=\"ez-toc-section\" id=\"Principais_vitimas_e_agressores\"><\/span><strong>Principais v\u00edtimas e agressores<\/strong><span class=\"ez-toc-section-end\"><\/span><\/h2>\n\n\n\n<p>O perfil das crian\u00e7as <strong>mais vulner\u00e1veis<\/strong> \u00e0 SBS inclui <strong>primog\u00eanitos, prematuros, g\u00eameos ou beb\u00eas com baixo peso ao nascer<\/strong>, que demandam cuidados mais intensivos devido \u00e0 sua inerente fragilidade e imaturidade neuronal. <\/p>\n\n\n\n<p>O fatores de risco associados aos <strong>agressores<\/strong> englobam baixa escolaridade, hist\u00f3rico de abuso de subst\u00e2ncias, instabilidade familiar, viol\u00eancia dom\u00e9stica e condi\u00e7\u00f5es socioecon\u00f4micas desfavor\u00e1veis.<\/p>\n\n\n\n<h2 class=\"wp-block-heading\" id=\"h-qual-o-melhor-manejo-clinico\"><span class=\"ez-toc-section\" id=\"Qual_o_melhor_manejo_clinico\"><\/span><strong>Qual o melhor manejo cl\u00ednico?\u00a0\u00a0<\/strong><span class=\"ez-toc-section-end\"><\/span><\/h2>\n\n\n\n<p>O manejo da S\u00edndrome do Beb\u00ea Sacudido est\u00e1 intrinsecamente ligado \u00e0 <strong>detec\u00e7\u00e3o precoce e \u00e0 gest\u00e3o cl\u00ednica assertiva<\/strong> das les\u00f5es agudas e das sequelas a longo prazo. Aprimorar a detec\u00e7\u00e3o precoce e o manejo cl\u00ednico dos casos \u00e9 imperativo, o que exige a <strong>padroniza\u00e7\u00e3o de crit\u00e9rios diagn\u00f3sticos e o fortalecimento dos sistemas de notifica\u00e7\u00e3o<\/strong> de maus-tratos infantis.<\/p>\n\n\n\n<p>A abordagem terap\u00eautica e de suporte para a SBS deve ser <strong>inerentemente multidisciplinar<\/strong>, envolvendo uma rede de profissionais de sa\u00fade, assistentes sociais, autoridades judici\u00e1rias, for\u00e7as policiais, servi\u00e7os sociais e a comunidade em geral. Essa colabora\u00e7\u00e3o \u00e9 fundamental para a <strong>identifica\u00e7\u00e3o, avalia\u00e7\u00e3o, investiga\u00e7\u00e3o e gerenciamento abrangente<\/strong> dos casos, visando a <strong>preserva\u00e7\u00e3o da vida e a mitiga\u00e7\u00e3o de sequelas irrevers\u00edveis<\/strong> por meio de uma vigil\u00e2ncia ativa e interven\u00e7\u00e3o precoce. Tratamentos m\u00e9dicos diretos como interven\u00e7\u00f5es cir\u00fargicas para hematomas ou terapias de reabilita\u00e7\u00e3o detalhadas podem ser t\u00e9cnicas aplic\u00e1veis,a recupera\u00e7\u00e3o dos pacientes, dependendo do caso em quest\u00e3o.<\/p>\n\n\n\n<h2 class=\"wp-block-heading\"><span class=\"ez-toc-section\" id=\"Seja_um_MedCofer\"><\/span><strong>Seja um MedCofer!<\/strong><span class=\"ez-toc-section-end\"><\/span><\/h2>\n\n\n\n<p>Quer alcan\u00e7ar a aprova\u00e7\u00e3o nas provas de resid\u00eancia m\u00e9dica? Ent\u00e3o seja um&nbsp;<a href=\"https:\/\/www.grupomedcof.com.br\/home\/\" target=\"_blank\" rel=\"noreferrer noopener\"><strong>MedCofer<\/strong><\/a>! Aqui te ajudaremos na busca da aprova\u00e7\u00e3o com conte\u00fados de qualidade e uma metodologia que j\u00e1 aprovou mais de 10 mil residentes no pa\u00eds! Por fim, acesse o nosso<a href=\"https:\/\/www.youtube.com\/@GrupoMedcof\/featured\">&nbsp;<strong>canal do youtube&nbsp;<\/strong><\/a>para ver o nosso material.<\/p>\n\n\n\n<figure class=\"wp-block-embed is-type-video is-provider-youtube wp-block-embed-youtube wp-embed-aspect-16-9 wp-has-aspect-ratio\"><div class=\"wp-block-embed__wrapper\">\n<div class=\"youtube-embed\" data-video_id=\"pWLZJcVnWTw\"><iframe loading=\"lazy\" title=\"COFEXPRESS - Convuls\u00f5es na emerg\u00eancia + TCE leve e maus tratos. Com Dra. Camilla Castro\" width=\"696\" height=\"392\" src=\"https:\/\/www.youtube.com\/embed\/pWLZJcVnWTw?feature=oembed&#038;enablejsapi=1\" frameborder=\"0\" allow=\"accelerometer; autoplay; clipboard-write; encrypted-media; gyroscope; picture-in-picture; web-share\" referrerpolicy=\"strict-origin-when-cross-origin\" allowfullscreen><\/iframe><\/div>\n<\/div><\/figure>\n","protected":false},"excerpt":{"rendered":"<p>A S\u00edndrome do Beb\u00ea Sacudido (SBS) configura-se como uma das mais severas manifesta\u00e7\u00f5es de maus-tratos infantis. Saiba mais em nosso blog!<\/p>\n","protected":false},"author":18,"featured_media":36152,"comment_status":"closed","ping_status":"closed","sticky":false,"template":"","format":"standard","meta":{"footnotes":""},"categories":[120],"tags":[68,2958,2191],"ppma_author":[3611],"class_list":{"0":"post-36147","1":"post","2":"type-post","3":"status-publish","4":"format-standard","5":"has-post-thumbnail","7":"category-pediatria","8":"tag-residencia-medica","9":"tag-sindrome-do-bebe-sacudido","10":"tag-violencia"},"yoast_head":"<!-- This site is optimized with the Yoast SEO Premium plugin v24.3 (Yoast SEO v27.4) - https:\/\/yoast.com\/product\/yoast-seo-premium-wordpress\/ -->\n<title>S\u00edndrome do beb\u00ea sacudido: o que \u00e9, causas e tratamentos - Blog de Medcof: conte\u00fados, editais, revalida e mais!<\/title>\n<meta name=\"description\" content=\"A S\u00edndrome do Beb\u00ea Sacudido (SBS) configura-se como uma das mais severas manifesta\u00e7\u00f5es de maus-tratos infantis. Saiba mais em nosso blog!\" \/>\n<meta name=\"robots\" content=\"index, follow, max-snippet:-1, max-image-preview:large, max-video-preview:-1\" \/>\n<link rel=\"canonical\" href=\"https:\/\/www.grupomedcof.com.br\/blog\/sindrome-do-bebe-sacudido-o-que-e-causas-e-tratamentos\/\" \/>\n<meta property=\"og:locale\" content=\"pt_BR\" \/>\n<meta property=\"og:type\" content=\"article\" \/>\n<meta property=\"og:title\" content=\"S\u00edndrome do beb\u00ea sacudido: o que \u00e9, causas e tratamentos\" \/>\n<meta property=\"og:description\" content=\"A S\u00edndrome do Beb\u00ea Sacudido (SBS) configura-se como uma das mais severas manifesta\u00e7\u00f5es de maus-tratos infantis. Saiba mais em nosso blog!\" \/>\n<meta property=\"og:url\" content=\"https:\/\/www.grupomedcof.com.br\/blog\/sindrome-do-bebe-sacudido-o-que-e-causas-e-tratamentos\/\" \/>\n<meta property=\"og:site_name\" content=\"Blog de Medcof: conte\u00fados, editais, revalida e mais!\" \/>\n<meta property=\"article:publisher\" content=\"https:\/\/www.facebook.com\/MedCofQbank\/\" \/>\n<meta property=\"article:published_time\" content=\"2025-06-10T11:41:29+00:00\" \/>\n<meta property=\"article:modified_time\" content=\"2025-06-10T11:41:31+00:00\" \/>\n<meta property=\"og:image\" content=\"https:\/\/www.grupomedcof.com.br\/blog\/wp-content\/uploads\/2025\/06\/Blog-MedCof-2025-06-09T102353.306.jpg\" \/>\n\t<meta property=\"og:image:width\" content=\"1920\" \/>\n\t<meta property=\"og:image:height\" content=\"1080\" \/>\n\t<meta property=\"og:image:type\" content=\"image\/jpeg\" \/>\n<meta name=\"author\" content=\"Leila Menzel\" \/>\n<meta name=\"twitter:card\" content=\"summary_large_image\" \/>\n<meta name=\"twitter:label1\" content=\"Escrito por\" \/>\n\t<meta name=\"twitter:data1\" content=\"Leila Menzel\" \/>\n\t<meta name=\"twitter:label2\" content=\"Est. tempo de leitura\" \/>\n\t<meta name=\"twitter:data2\" content=\"5 minutos\" \/>\n<script type=\"application\/ld+json\" class=\"yoast-schema-graph\">{\"@context\":\"https:\\\/\\\/schema.org\",\"@graph\":[{\"@type\":\"Article\",\"@id\":\"https:\\\/\\\/www.grupomedcof.com.br\\\/blog\\\/sindrome-do-bebe-sacudido-o-que-e-causas-e-tratamentos\\\/#article\",\"isPartOf\":{\"@id\":\"https:\\\/\\\/www.grupomedcof.com.br\\\/blog\\\/sindrome-do-bebe-sacudido-o-que-e-causas-e-tratamentos\\\/\"},\"author\":{\"name\":\"Leila Menzel\",\"@id\":\"https:\\\/\\\/www.grupomedcof.com.br\\\/blog\\\/#\\\/schema\\\/person\\\/2a5527209c17e7eb35bd6a4ebd5c7956\"},\"headline\":\"S\u00edndrome do beb\u00ea sacudido: o que \u00e9, causas e tratamentos\",\"datePublished\":\"2025-06-10T11:41:29+00:00\",\"dateModified\":\"2025-06-10T11:41:31+00:00\",\"mainEntityOfPage\":{\"@id\":\"https:\\\/\\\/www.grupomedcof.com.br\\\/blog\\\/sindrome-do-bebe-sacudido-o-que-e-causas-e-tratamentos\\\/\"},\"wordCount\":804,\"publisher\":{\"@id\":\"https:\\\/\\\/www.grupomedcof.com.br\\\/blog\\\/#organization\"},\"image\":{\"@id\":\"https:\\\/\\\/www.grupomedcof.com.br\\\/blog\\\/sindrome-do-bebe-sacudido-o-que-e-causas-e-tratamentos\\\/#primaryimage\"},\"thumbnailUrl\":\"https:\\\/\\\/www.grupomedcof.com.br\\\/blog\\\/wp-content\\\/uploads\\\/2025\\\/06\\\/Blog-MedCof-2025-06-09T102353.306.jpg\",\"keywords\":[\"Resid\u00eancia M\u00e9dica\",\"S\u00edndrome do beb\u00ea sacudido\",\"Viol\u00eancia\"],\"articleSection\":[\"Pediatria\"],\"inLanguage\":\"pt-BR\"},{\"@type\":\"WebPage\",\"@id\":\"https:\\\/\\\/www.grupomedcof.com.br\\\/blog\\\/sindrome-do-bebe-sacudido-o-que-e-causas-e-tratamentos\\\/\",\"url\":\"https:\\\/\\\/www.grupomedcof.com.br\\\/blog\\\/sindrome-do-bebe-sacudido-o-que-e-causas-e-tratamentos\\\/\",\"name\":\"S\u00edndrome do beb\u00ea sacudido: o que \u00e9, causas e tratamentos - Blog de Medcof: conte\u00fados, editais, revalida e mais!\",\"isPartOf\":{\"@id\":\"https:\\\/\\\/www.grupomedcof.com.br\\\/blog\\\/#website\"},\"primaryImageOfPage\":{\"@id\":\"https:\\\/\\\/www.grupomedcof.com.br\\\/blog\\\/sindrome-do-bebe-sacudido-o-que-e-causas-e-tratamentos\\\/#primaryimage\"},\"image\":{\"@id\":\"https:\\\/\\\/www.grupomedcof.com.br\\\/blog\\\/sindrome-do-bebe-sacudido-o-que-e-causas-e-tratamentos\\\/#primaryimage\"},\"thumbnailUrl\":\"https:\\\/\\\/www.grupomedcof.com.br\\\/blog\\\/wp-content\\\/uploads\\\/2025\\\/06\\\/Blog-MedCof-2025-06-09T102353.306.jpg\",\"datePublished\":\"2025-06-10T11:41:29+00:00\",\"dateModified\":\"2025-06-10T11:41:31+00:00\",\"description\":\"A S\u00edndrome do Beb\u00ea Sacudido (SBS) configura-se como uma das mais severas manifesta\u00e7\u00f5es de maus-tratos infantis. Saiba mais em nosso blog!\",\"breadcrumb\":{\"@id\":\"https:\\\/\\\/www.grupomedcof.com.br\\\/blog\\\/sindrome-do-bebe-sacudido-o-que-e-causas-e-tratamentos\\\/#breadcrumb\"},\"inLanguage\":\"pt-BR\",\"potentialAction\":[{\"@type\":\"ReadAction\",\"target\":[\"https:\\\/\\\/www.grupomedcof.com.br\\\/blog\\\/sindrome-do-bebe-sacudido-o-que-e-causas-e-tratamentos\\\/\"]}]},{\"@type\":\"ImageObject\",\"inLanguage\":\"pt-BR\",\"@id\":\"https:\\\/\\\/www.grupomedcof.com.br\\\/blog\\\/sindrome-do-bebe-sacudido-o-que-e-causas-e-tratamentos\\\/#primaryimage\",\"url\":\"https:\\\/\\\/www.grupomedcof.com.br\\\/blog\\\/wp-content\\\/uploads\\\/2025\\\/06\\\/Blog-MedCof-2025-06-09T102353.306.jpg\",\"contentUrl\":\"https:\\\/\\\/www.grupomedcof.com.br\\\/blog\\\/wp-content\\\/uploads\\\/2025\\\/06\\\/Blog-MedCof-2025-06-09T102353.306.jpg\",\"width\":1920,\"height\":1080,\"caption\":\"Imagem: Canva.\"},{\"@type\":\"BreadcrumbList\",\"@id\":\"https:\\\/\\\/www.grupomedcof.com.br\\\/blog\\\/sindrome-do-bebe-sacudido-o-que-e-causas-e-tratamentos\\\/#breadcrumb\",\"itemListElement\":[{\"@type\":\"ListItem\",\"position\":1,\"name\":\"In\u00edcio\",\"item\":\"https:\\\/\\\/www.grupomedcof.com.br\\\/blog\\\/\"},{\"@type\":\"ListItem\",\"position\":2,\"name\":\"S\u00edndrome do beb\u00ea sacudido: o que \u00e9, causas e tratamentos\"}]},{\"@type\":\"WebSite\",\"@id\":\"https:\\\/\\\/www.grupomedcof.com.br\\\/blog\\\/#website\",\"url\":\"https:\\\/\\\/www.grupomedcof.com.br\\\/blog\\\/\",\"name\":\"Blog de Medcof: conte\u00fados, editais, revalida e mais!\",\"description\":\"Acesso o blog de MedCof! Seu portal de conte\u00fados sobre resid\u00eancia m\u00e9dica, an\u00e1lise e editais e muito mais. Clique e confira!\",\"publisher\":{\"@id\":\"https:\\\/\\\/www.grupomedcof.com.br\\\/blog\\\/#organization\"},\"alternateName\":\"Blog de Medcof: conte\u00fados, editais, revalida e mais!\",\"potentialAction\":[{\"@type\":\"SearchAction\",\"target\":{\"@type\":\"EntryPoint\",\"urlTemplate\":\"https:\\\/\\\/www.grupomedcof.com.br\\\/blog\\\/?s={search_term_string}\"},\"query-input\":{\"@type\":\"PropertyValueSpecification\",\"valueRequired\":true,\"valueName\":\"search_term_string\"}}],\"inLanguage\":\"pt-BR\"},{\"@type\":\"Organization\",\"@id\":\"https:\\\/\\\/www.grupomedcof.com.br\\\/blog\\\/#organization\",\"name\":\"Grupo MedCof\",\"url\":\"https:\\\/\\\/www.grupomedcof.com.br\\\/blog\\\/\",\"logo\":{\"@type\":\"ImageObject\",\"inLanguage\":\"pt-BR\",\"@id\":\"https:\\\/\\\/www.grupomedcof.com.br\\\/blog\\\/#\\\/schema\\\/logo\\\/image\\\/\",\"url\":\"https:\\\/\\\/www.grupomedcof.com.br\\\/blog\\\/wp-content\\\/uploads\\\/2022\\\/01\\\/logo-medcof.png\",\"contentUrl\":\"https:\\\/\\\/www.grupomedcof.com.br\\\/blog\\\/wp-content\\\/uploads\\\/2022\\\/01\\\/logo-medcof.png\",\"width\":768,\"height\":269,\"caption\":\"Grupo MedCof\"},\"image\":{\"@id\":\"https:\\\/\\\/www.grupomedcof.com.br\\\/blog\\\/#\\\/schema\\\/logo\\\/image\\\/\"},\"sameAs\":[\"https:\\\/\\\/www.facebook.com\\\/MedCofQbank\\\/\",\"https:\\\/\\\/www.instagram.com\\\/grupomedcof\\\/\",\"https:\\\/\\\/br.linkedin.com\\\/company\\\/medcof\",\"https:\\\/\\\/www.youtube.com\\\/channel\\\/UCdHMuOHKICxcHwecxN8P-AA\"]},{\"@type\":\"Person\",\"@id\":\"https:\\\/\\\/www.grupomedcof.com.br\\\/blog\\\/#\\\/schema\\\/person\\\/2a5527209c17e7eb35bd6a4ebd5c7956\",\"name\":\"Leila Menzel\",\"image\":{\"@type\":\"ImageObject\",\"inLanguage\":\"pt-BR\",\"@id\":\"https:\\\/\\\/www.grupomedcof.com.br\\\/blog\\\/wp-content\\\/uploads\\\/2023\\\/04\\\/cropped-cropped-cropped-logo-96x96.png15459389df217b605b4f0cce419ac81a\",\"url\":\"https:\\\/\\\/www.grupomedcof.com.br\\\/blog\\\/wp-content\\\/uploads\\\/2023\\\/04\\\/cropped-cropped-cropped-logo-96x96.png\",\"contentUrl\":\"https:\\\/\\\/www.grupomedcof.com.br\\\/blog\\\/wp-content\\\/uploads\\\/2023\\\/04\\\/cropped-cropped-cropped-logo-96x96.png\",\"caption\":\"Leila Menzel\"},\"description\":\"Estudante do 6\u00b0 semestre de jornalismo, amo e escrevo poesias e viajo em livros de romances clich\u00eas.\",\"url\":\"https:\\\/\\\/www.grupomedcof.com.br\\\/blog\\\/author\\\/leila\\\/\"}]}<\/script>\n<!-- \/ Yoast SEO Premium plugin. -->","yoast_head_json":{"title":"S\u00edndrome do beb\u00ea sacudido: o que \u00e9, causas e tratamentos - Blog de Medcof: conte\u00fados, editais, revalida e mais!","description":"A S\u00edndrome do Beb\u00ea Sacudido (SBS) configura-se como uma das mais severas manifesta\u00e7\u00f5es de maus-tratos infantis. Saiba mais em nosso blog!","robots":{"index":"index","follow":"follow","max-snippet":"max-snippet:-1","max-image-preview":"max-image-preview:large","max-video-preview":"max-video-preview:-1"},"canonical":"https:\/\/www.grupomedcof.com.br\/blog\/sindrome-do-bebe-sacudido-o-que-e-causas-e-tratamentos\/","og_locale":"pt_BR","og_type":"article","og_title":"S\u00edndrome do beb\u00ea sacudido: o que \u00e9, causas e tratamentos","og_description":"A S\u00edndrome do Beb\u00ea Sacudido (SBS) configura-se como uma das mais severas manifesta\u00e7\u00f5es de maus-tratos infantis. Saiba mais em nosso blog!","og_url":"https:\/\/www.grupomedcof.com.br\/blog\/sindrome-do-bebe-sacudido-o-que-e-causas-e-tratamentos\/","og_site_name":"Blog de Medcof: conte\u00fados, editais, revalida e mais!","article_publisher":"https:\/\/www.facebook.com\/MedCofQbank\/","article_published_time":"2025-06-10T11:41:29+00:00","article_modified_time":"2025-06-10T11:41:31+00:00","og_image":[{"width":1920,"height":1080,"url":"https:\/\/www.grupomedcof.com.br\/blog\/wp-content\/uploads\/2025\/06\/Blog-MedCof-2025-06-09T102353.306.jpg","type":"image\/jpeg"}],"author":"Leila Menzel","twitter_card":"summary_large_image","twitter_misc":{"Escrito por":"Leila Menzel","Est. tempo de leitura":"5 minutos"},"schema":{"@context":"https:\/\/schema.org","@graph":[{"@type":"Article","@id":"https:\/\/www.grupomedcof.com.br\/blog\/sindrome-do-bebe-sacudido-o-que-e-causas-e-tratamentos\/#article","isPartOf":{"@id":"https:\/\/www.grupomedcof.com.br\/blog\/sindrome-do-bebe-sacudido-o-que-e-causas-e-tratamentos\/"},"author":{"name":"Leila Menzel","@id":"https:\/\/www.grupomedcof.com.br\/blog\/#\/schema\/person\/2a5527209c17e7eb35bd6a4ebd5c7956"},"headline":"S\u00edndrome do beb\u00ea sacudido: o que \u00e9, causas e tratamentos","datePublished":"2025-06-10T11:41:29+00:00","dateModified":"2025-06-10T11:41:31+00:00","mainEntityOfPage":{"@id":"https:\/\/www.grupomedcof.com.br\/blog\/sindrome-do-bebe-sacudido-o-que-e-causas-e-tratamentos\/"},"wordCount":804,"publisher":{"@id":"https:\/\/www.grupomedcof.com.br\/blog\/#organization"},"image":{"@id":"https:\/\/www.grupomedcof.com.br\/blog\/sindrome-do-bebe-sacudido-o-que-e-causas-e-tratamentos\/#primaryimage"},"thumbnailUrl":"https:\/\/www.grupomedcof.com.br\/blog\/wp-content\/uploads\/2025\/06\/Blog-MedCof-2025-06-09T102353.306.jpg","keywords":["Resid\u00eancia M\u00e9dica","S\u00edndrome do beb\u00ea sacudido","Viol\u00eancia"],"articleSection":["Pediatria"],"inLanguage":"pt-BR"},{"@type":"WebPage","@id":"https:\/\/www.grupomedcof.com.br\/blog\/sindrome-do-bebe-sacudido-o-que-e-causas-e-tratamentos\/","url":"https:\/\/www.grupomedcof.com.br\/blog\/sindrome-do-bebe-sacudido-o-que-e-causas-e-tratamentos\/","name":"S\u00edndrome do beb\u00ea sacudido: o que \u00e9, causas e tratamentos - Blog de Medcof: conte\u00fados, editais, revalida e mais!","isPartOf":{"@id":"https:\/\/www.grupomedcof.com.br\/blog\/#website"},"primaryImageOfPage":{"@id":"https:\/\/www.grupomedcof.com.br\/blog\/sindrome-do-bebe-sacudido-o-que-e-causas-e-tratamentos\/#primaryimage"},"image":{"@id":"https:\/\/www.grupomedcof.com.br\/blog\/sindrome-do-bebe-sacudido-o-que-e-causas-e-tratamentos\/#primaryimage"},"thumbnailUrl":"https:\/\/www.grupomedcof.com.br\/blog\/wp-content\/uploads\/2025\/06\/Blog-MedCof-2025-06-09T102353.306.jpg","datePublished":"2025-06-10T11:41:29+00:00","dateModified":"2025-06-10T11:41:31+00:00","description":"A S\u00edndrome do Beb\u00ea Sacudido (SBS) configura-se como uma das mais severas manifesta\u00e7\u00f5es de maus-tratos infantis. Saiba mais em nosso blog!","breadcrumb":{"@id":"https:\/\/www.grupomedcof.com.br\/blog\/sindrome-do-bebe-sacudido-o-que-e-causas-e-tratamentos\/#breadcrumb"},"inLanguage":"pt-BR","potentialAction":[{"@type":"ReadAction","target":["https:\/\/www.grupomedcof.com.br\/blog\/sindrome-do-bebe-sacudido-o-que-e-causas-e-tratamentos\/"]}]},{"@type":"ImageObject","inLanguage":"pt-BR","@id":"https:\/\/www.grupomedcof.com.br\/blog\/sindrome-do-bebe-sacudido-o-que-e-causas-e-tratamentos\/#primaryimage","url":"https:\/\/www.grupomedcof.com.br\/blog\/wp-content\/uploads\/2025\/06\/Blog-MedCof-2025-06-09T102353.306.jpg","contentUrl":"https:\/\/www.grupomedcof.com.br\/blog\/wp-content\/uploads\/2025\/06\/Blog-MedCof-2025-06-09T102353.306.jpg","width":1920,"height":1080,"caption":"Imagem: Canva."},{"@type":"BreadcrumbList","@id":"https:\/\/www.grupomedcof.com.br\/blog\/sindrome-do-bebe-sacudido-o-que-e-causas-e-tratamentos\/#breadcrumb","itemListElement":[{"@type":"ListItem","position":1,"name":"In\u00edcio","item":"https:\/\/www.grupomedcof.com.br\/blog\/"},{"@type":"ListItem","position":2,"name":"S\u00edndrome do beb\u00ea sacudido: o que \u00e9, causas e tratamentos"}]},{"@type":"WebSite","@id":"https:\/\/www.grupomedcof.com.br\/blog\/#website","url":"https:\/\/www.grupomedcof.com.br\/blog\/","name":"Blog de Medcof: conte\u00fados, editais, revalida e mais!","description":"Acesso o blog de MedCof! Seu portal de conte\u00fados sobre resid\u00eancia m\u00e9dica, an\u00e1lise e editais e muito mais. Clique e confira!","publisher":{"@id":"https:\/\/www.grupomedcof.com.br\/blog\/#organization"},"alternateName":"Blog de Medcof: conte\u00fados, editais, revalida e mais!","potentialAction":[{"@type":"SearchAction","target":{"@type":"EntryPoint","urlTemplate":"https:\/\/www.grupomedcof.com.br\/blog\/?s={search_term_string}"},"query-input":{"@type":"PropertyValueSpecification","valueRequired":true,"valueName":"search_term_string"}}],"inLanguage":"pt-BR"},{"@type":"Organization","@id":"https:\/\/www.grupomedcof.com.br\/blog\/#organization","name":"Grupo MedCof","url":"https:\/\/www.grupomedcof.com.br\/blog\/","logo":{"@type":"ImageObject","inLanguage":"pt-BR","@id":"https:\/\/www.grupomedcof.com.br\/blog\/#\/schema\/logo\/image\/","url":"https:\/\/www.grupomedcof.com.br\/blog\/wp-content\/uploads\/2022\/01\/logo-medcof.png","contentUrl":"https:\/\/www.grupomedcof.com.br\/blog\/wp-content\/uploads\/2022\/01\/logo-medcof.png","width":768,"height":269,"caption":"Grupo MedCof"},"image":{"@id":"https:\/\/www.grupomedcof.com.br\/blog\/#\/schema\/logo\/image\/"},"sameAs":["https:\/\/www.facebook.com\/MedCofQbank\/","https:\/\/www.instagram.com\/grupomedcof\/","https:\/\/br.linkedin.com\/company\/medcof","https:\/\/www.youtube.com\/channel\/UCdHMuOHKICxcHwecxN8P-AA"]},{"@type":"Person","@id":"https:\/\/www.grupomedcof.com.br\/blog\/#\/schema\/person\/2a5527209c17e7eb35bd6a4ebd5c7956","name":"Leila Menzel","image":{"@type":"ImageObject","inLanguage":"pt-BR","@id":"https:\/\/www.grupomedcof.com.br\/blog\/wp-content\/uploads\/2023\/04\/cropped-cropped-cropped-logo-96x96.png15459389df217b605b4f0cce419ac81a","url":"https:\/\/www.grupomedcof.com.br\/blog\/wp-content\/uploads\/2023\/04\/cropped-cropped-cropped-logo-96x96.png","contentUrl":"https:\/\/www.grupomedcof.com.br\/blog\/wp-content\/uploads\/2023\/04\/cropped-cropped-cropped-logo-96x96.png","caption":"Leila Menzel"},"description":"Estudante do 6\u00b0 semestre de jornalismo, amo e escrevo poesias e viajo em livros de romances clich\u00eas.","url":"https:\/\/www.grupomedcof.com.br\/blog\/author\/leila\/"}]}},"authors":[{"term_id":3611,"user_id":18,"is_guest":0,"slug":"leila","display_name":"Leila Menzel","avatar_url":"https:\/\/www.grupomedcof.com.br\/blog\/wp-content\/uploads\/2023\/04\/cropped-cropped-cropped-logo-96x96.png","0":null,"1":"","2":"","3":"","4":"","5":"","6":"","7":"","8":""}],"_links":{"self":[{"href":"https:\/\/www.grupomedcof.com.br\/blog\/wp-json\/wp\/v2\/posts\/36147","targetHints":{"allow":["GET"]}}],"collection":[{"href":"https:\/\/www.grupomedcof.com.br\/blog\/wp-json\/wp\/v2\/posts"}],"about":[{"href":"https:\/\/www.grupomedcof.com.br\/blog\/wp-json\/wp\/v2\/types\/post"}],"author":[{"embeddable":true,"href":"https:\/\/www.grupomedcof.com.br\/blog\/wp-json\/wp\/v2\/users\/18"}],"replies":[{"embeddable":true,"href":"https:\/\/www.grupomedcof.com.br\/blog\/wp-json\/wp\/v2\/comments?post=36147"}],"version-history":[{"count":2,"href":"https:\/\/www.grupomedcof.com.br\/blog\/wp-json\/wp\/v2\/posts\/36147\/revisions"}],"predecessor-version":[{"id":36157,"href":"https:\/\/www.grupomedcof.com.br\/blog\/wp-json\/wp\/v2\/posts\/36147\/revisions\/36157"}],"wp:featuredmedia":[{"embeddable":true,"href":"https:\/\/www.grupomedcof.com.br\/blog\/wp-json\/wp\/v2\/media\/36152"}],"wp:attachment":[{"href":"https:\/\/www.grupomedcof.com.br\/blog\/wp-json\/wp\/v2\/media?parent=36147"}],"wp:term":[{"taxonomy":"category","embeddable":true,"href":"https:\/\/www.grupomedcof.com.br\/blog\/wp-json\/wp\/v2\/categories?post=36147"},{"taxonomy":"post_tag","embeddable":true,"href":"https:\/\/www.grupomedcof.com.br\/blog\/wp-json\/wp\/v2\/tags?post=36147"},{"taxonomy":"author","embeddable":true,"href":"https:\/\/www.grupomedcof.com.br\/blog\/wp-json\/wp\/v2\/ppma_author?post=36147"}],"curies":[{"name":"wp","href":"https:\/\/api.w.org\/{rel}","templated":true}]}}