{"id":36461,"date":"2025-06-30T07:42:55","date_gmt":"2025-06-30T10:42:55","guid":{"rendered":"https:\/\/www.grupomedcof.com.br\/blog\/?p=36461"},"modified":"2025-06-30T07:42:56","modified_gmt":"2025-06-30T10:42:56","slug":"entenda-a-diferenca-entre-epilepsia-e-convulsao","status":"publish","type":"post","link":"https:\/\/www.grupomedcof.com.br\/blog\/entenda-a-diferenca-entre-epilepsia-e-convulsao\/","title":{"rendered":"Entenda a diferen\u00e7a entre Epilepsia e Convuls\u00e3o\u00a0"},"content":{"rendered":"<div id=\"ez-toc-container\" class=\"ez-toc-v2_0_74 counter-hierarchy ez-toc-counter ez-toc-transparent ez-toc-container-direction\">\n<div class=\"ez-toc-title-container\">\n<p class=\"ez-toc-title\" style=\"cursor:inherit\">Sum\u00e1rio<\/p>\n<span class=\"ez-toc-title-toggle\"><a href=\"#\" class=\"ez-toc-pull-right ez-toc-btn ez-toc-btn-xs ez-toc-btn-default ez-toc-toggle\" aria-label=\"Alternar tabela de conte\u00fado\"><span class=\"ez-toc-js-icon-con\"><span class=\"\"><span class=\"eztoc-hide\" style=\"display:none;\">Toggle<\/span><span class=\"ez-toc-icon-toggle-span\"><svg style=\"fill: #999;color:#999\" xmlns=\"http:\/\/www.w3.org\/2000\/svg\" class=\"list-377408\" width=\"20px\" height=\"20px\" viewBox=\"0 0 24 24\" fill=\"none\"><path d=\"M6 6H4v2h2V6zm14 0H8v2h12V6zM4 11h2v2H4v-2zm16 0H8v2h12v-2zM4 16h2v2H4v-2zm16 0H8v2h12v-2z\" fill=\"currentColor\"><\/path><\/svg><svg style=\"fill: #999;color:#999\" class=\"arrow-unsorted-368013\" xmlns=\"http:\/\/www.w3.org\/2000\/svg\" width=\"10px\" height=\"10px\" viewBox=\"0 0 24 24\" version=\"1.2\" baseProfile=\"tiny\"><path d=\"M18.2 9.3l-6.2-6.3-6.2 6.3c-.2.2-.3.4-.3.7s.1.5.3.7c.2.2.4.3.7.3h11c.3 0 .5-.1.7-.3.2-.2.3-.5.3-.7s-.1-.5-.3-.7zM5.8 14.7l6.2 6.3 6.2-6.3c.2-.2.3-.5.3-.7s-.1-.5-.3-.7c-.2-.2-.4-.3-.7-.3h-11c-.3 0-.5.1-.7.3-.2.2-.3.5-.3.7s.1.5.3.7z\"\/><\/svg><\/span><\/span><\/span><\/a><\/span><\/div>\n<nav><ul class='ez-toc-list ez-toc-list-level-1 ' ><li class='ez-toc-page-1 ez-toc-heading-level-2'><a class=\"ez-toc-link ez-toc-heading-1\" href=\"https:\/\/www.grupomedcof.com.br\/blog\/entenda-a-diferenca-entre-epilepsia-e-convulsao\/#O_que_e_a_epilepsia\" >O que \u00e9 a epilepsia?\u00a0<\/a><\/li><li class='ez-toc-page-1 ez-toc-heading-level-2'><a class=\"ez-toc-link ez-toc-heading-2\" href=\"https:\/\/www.grupomedcof.com.br\/blog\/entenda-a-diferenca-entre-epilepsia-e-convulsao\/#Como_caracterizar_as_crises_de_epilepsia\" >Como caracterizar as crises de epilepsia?<\/a><\/li><li class='ez-toc-page-1 ez-toc-heading-level-2'><a class=\"ez-toc-link ez-toc-heading-3\" href=\"https:\/\/www.grupomedcof.com.br\/blog\/entenda-a-diferenca-entre-epilepsia-e-convulsao\/#Como_chegar_no_diagnostico_da_epilepsia\" >Como chegar no diagn\u00f3stico da epilepsia?\u00a0<\/a><\/li><li class='ez-toc-page-1 ez-toc-heading-level-2'><a class=\"ez-toc-link ez-toc-heading-4\" href=\"https:\/\/www.grupomedcof.com.br\/blog\/entenda-a-diferenca-entre-epilepsia-e-convulsao\/#Como_tratar_a_epilepsia\" >Como tratar a epilepsia?<\/a><\/li><li class='ez-toc-page-1 ez-toc-heading-level-2'><a class=\"ez-toc-link ez-toc-heading-5\" href=\"https:\/\/www.grupomedcof.com.br\/blog\/entenda-a-diferenca-entre-epilepsia-e-convulsao\/#O_que_e_o_Estado_de_Mal_Epileptico_EME\" >O que \u00e9 o Estado de Mal Epil\u00e9ptico (EME)?<\/a><\/li><li class='ez-toc-page-1 ez-toc-heading-level-2'><a class=\"ez-toc-link ez-toc-heading-6\" href=\"https:\/\/www.grupomedcof.com.br\/blog\/entenda-a-diferenca-entre-epilepsia-e-convulsao\/#Quais_os_desafios_na_clinica_Neurologica\" >Quais os desafios na cl\u00ednica Neurol\u00f3gica?\u00a0<\/a><\/li><li class='ez-toc-page-1 ez-toc-heading-level-2'><a class=\"ez-toc-link ez-toc-heading-7\" href=\"https:\/\/www.grupomedcof.com.br\/blog\/entenda-a-diferenca-entre-epilepsia-e-convulsao\/#Seja_um_MedCofer\" >Seja um MedCofer!<\/a><\/li><\/ul><\/nav><\/div>\n\n<figure class=\"wp-block-image size-large\"><img loading=\"lazy\" decoding=\"async\" width=\"1024\" height=\"576\" src=\"https:\/\/www.grupomedcof.com.br\/blog\/wp-content\/uploads\/2025\/06\/Blog-MedCof-2025-06-30T074029.287-1024x576.jpg\" alt=\"\" class=\"wp-image-36462\" srcset=\"https:\/\/www.grupomedcof.com.br\/blog\/wp-content\/uploads\/2025\/06\/Blog-MedCof-2025-06-30T074029.287-1024x576.jpg 1024w, https:\/\/www.grupomedcof.com.br\/blog\/wp-content\/uploads\/2025\/06\/Blog-MedCof-2025-06-30T074029.287-300x169.jpg 300w, https:\/\/www.grupomedcof.com.br\/blog\/wp-content\/uploads\/2025\/06\/Blog-MedCof-2025-06-30T074029.287-768x432.jpg 768w, https:\/\/www.grupomedcof.com.br\/blog\/wp-content\/uploads\/2025\/06\/Blog-MedCof-2025-06-30T074029.287-1536x864.jpg 1536w, https:\/\/www.grupomedcof.com.br\/blog\/wp-content\/uploads\/2025\/06\/Blog-MedCof-2025-06-30T074029.287-747x420.jpg 747w, https:\/\/www.grupomedcof.com.br\/blog\/wp-content\/uploads\/2025\/06\/Blog-MedCof-2025-06-30T074029.287-150x84.jpg 150w, https:\/\/www.grupomedcof.com.br\/blog\/wp-content\/uploads\/2025\/06\/Blog-MedCof-2025-06-30T074029.287-696x392.jpg 696w, https:\/\/www.grupomedcof.com.br\/blog\/wp-content\/uploads\/2025\/06\/Blog-MedCof-2025-06-30T074029.287-1068x601.jpg 1068w, https:\/\/www.grupomedcof.com.br\/blog\/wp-content\/uploads\/2025\/06\/Blog-MedCof-2025-06-30T074029.287.jpg 1920w\" sizes=\"auto, (max-width: 1024px) 100vw, 1024px\" \/><figcaption class=\"wp-element-caption\">Imagem: Canva.<\/figcaption><\/figure>\n\n\n\n<p>A<strong> epilepsia<\/strong>, uma das condi\u00e7\u00f5es neurol\u00f3gicas cr\u00f4nicas mais prevalentes, representa um desafio significativo na pr\u00e1tica m\u00e9dica, exigindo uma compreens\u00e3o aprofundada para o diagn\u00f3stico preciso e manejo eficaz.\u00a0<\/p>\n\n\n\n<h2 class=\"wp-block-heading\" id=\"h-o-que-e-a-epilepsia\"><span class=\"ez-toc-section\" id=\"O_que_e_a_epilepsia\"><\/span><strong>O que \u00e9 a epilepsia?\u00a0<\/strong><span class=\"ez-toc-section-end\"><\/span><\/h2>\n\n\n\n<p>Para iniciar, \u00e9 fundamental distinguir <strong>crise epil\u00e9ptica<\/strong> de <strong>epilepsia<\/strong>:<\/p>\n\n\n\n<p>Uma<strong> crise epil\u00e9ptica <\/strong>\u00e9 uma ocorr\u00eancia <strong>transit\u00f3ria<\/strong> de sinais e\/ou sintomas resultantes de <strong>atividade neuronal s\u00edncrona<\/strong> ou <strong>excessiva no c\u00e9rebro<\/strong>. Suas manifesta\u00e7\u00f5es s\u00e3o vastas, incluindo <strong>altera\u00e7\u00f5es de consci\u00eancia<\/strong>, <strong>eventos motores<\/strong>, <strong>sensitivos\/sensoriais<\/strong>, <strong>auton\u00f4micos<\/strong> ou <strong>ps\u00edquicos<\/strong>.<\/p>\n\n\n\n<p>\u00a0A <strong>epilepsia<\/strong>, por sua vez, <strong>transcende a crise isolada<\/strong>, sendo definida como uma <strong>doen\u00e7a cerebral caracterizada<\/strong> por<\/p>\n\n\n\n<ol class=\"wp-block-list\">\n<li>\u00a0Pelo menos <strong>duas crises n\u00e3o provocadas<\/strong> (ou reflexas), ocorrendo com intervalo superior a 24 horas.\u00a0<\/li>\n\n\n\n<li>Uma <strong>crise n\u00e3o provocada<\/strong> (ou reflexa) e uma <strong>probabilidade de recorr\u00eancia<\/strong> igual ou superior ao risco geral ap\u00f3s duas crises n\u00e3o provocadas nos pr\u00f3ximos 10 anos (geralmente acima de 60%).<\/li>\n\n\n\n<li>Diagn\u00f3stico de uma s\u00edndrome epil\u00e9ptica espec\u00edfica, como a <strong>S\u00edndrome de West<\/strong> ou a <strong>S\u00edndrome de Lennox-Gastaut<\/strong>.<\/li>\n<\/ol>\n\n\n\n<figure class=\"wp-block-image\"><img decoding=\"async\" src=\"https:\/\/lh7-rt.googleusercontent.com\/docsz\/AD_4nXfF3NYi7M5qmvV-sPJWj_cnwI09Xy8kCnz6hk906fxdu1aqUN0gUHfmP0Nu1qLAbzRyefpZ8YrKuhw-80OjPONx_UBIDH8qYVnhl8VTKyt-csx5pUx1DIZ_ffG90GRNXGZuHoUnlQ?key=5LaMtZuGgQuCHzn7Dthl4A\" alt=\"\"\/><figcaption class=\"wp-element-caption\">Tabela de caracter\u00edsticas dos tipos de epilepsia. Fonte: Acervo de Aulas do Grupo MedCof.<\/figcaption><\/figure>\n\n\n\n<h2 class=\"wp-block-heading\" id=\"h-como-caracterizar-as-crises-de-epilepsia\"><span class=\"ez-toc-section\" id=\"Como_caracterizar_as_crises_de_epilepsia\"><\/span><strong>Como caracterizar as crises de epilepsia?<\/strong><span class=\"ez-toc-section-end\"><\/span><\/h2>\n\n\n\n<p>As crises epil\u00e9pticas podem ser divididas em at\u00e9 2 categorias:&nbsp;<\/p>\n\n\n\n<ol class=\"wp-block-list\">\n<li><strong>Crises Focais<\/strong>: Aquelas que se originam em apenas uma parte de um hemisf\u00e9rio cerebral.<\/li>\n\n\n\n<li><strong>Crises Generalizadas<\/strong>: Aquelas que rapidamente se envolvem e se distribuem em redes neuronais bilateralmente, em ambos os hemisf\u00e9rios.<\/li>\n<\/ol>\n\n\n\n<p>Al\u00e9m disso, dentro da vasta gama de manifesta\u00e7\u00f5es, algumas crises merecem destaque:<\/p>\n\n\n\n<ul class=\"wp-block-list\">\n<li><strong>Crise de Aus\u00eancia<\/strong>: Caracterizada por um in\u00edcio s\u00fabito, interrup\u00e7\u00e3o das atividades em curso, olhar vazio e, por vezes, um breve desvio dos olhos para cima. O paciente geralmente permanece irresponsivo e a dura\u00e7\u00e3o \u00e9 curta, de segundos a meio minuto, com recupera\u00e7\u00e3o r\u00e1pida. \u00c9 mais comum em crian\u00e7as.<\/li>\n<\/ul>\n\n\n\n<ul class=\"wp-block-list\">\n<li><strong>Crise At\u00f4nica:<\/strong> Uma redu\u00e7\u00e3o ou perda s\u00fabita do t\u00f4nus muscular, com dura\u00e7\u00e3o de 1 a 2 segundos, podendo afetar a cabe\u00e7a, tronco, queixo ou membros.<\/li>\n<\/ul>\n\n\n\n<ul class=\"wp-block-list\">\n<li><strong>Crise Miocl\u00f4nica<\/strong>: Contra\u00e7\u00e3o s\u00fabita, breve (&lt; 100 ms), involunt\u00e1ria, \u00fanica ou m\u00faltipla de m\u00fasculos ou grupos de m\u00fasculos.<\/li>\n<\/ul>\n\n\n\n<figure class=\"wp-block-image is-resized\"><img decoding=\"async\" src=\"https:\/\/lh7-rt.googleusercontent.com\/docsz\/AD_4nXdlFwvwldk6m1SnR4D0AVYMRXOwt7ZSIU1wR57THm-HhHDoQ6rjp-NfY2aUoXadPrmNwTfFh56aRFexooegOTyVKGDsvIuiK2ISFNMbZZB3GJ2At8p-drHXkLOnUKRWZx_-V_jUAA?key=5LaMtZuGgQuCHzn7Dthl4A\" alt=\"\" style=\"width:387px;height:auto\"\/><figcaption class=\"wp-element-caption\">Apresenta\u00e7\u00e3o da epilepsia em tipos de crises t\u00f4nicas. Fonte: <a href=\"https:\/\/images.app.goo.gl\/GRvdKW59aEpnB1nr5\">https:\/\/images.app.goo.gl\/GRvdKW59aEpnB1nr5<\/a>\u00a0<\/figcaption><\/figure>\n\n\n\n<ul class=\"wp-block-list\">\n<li><strong>Paralisia de Todd<\/strong>: Uma paresia transit\u00f3ria de um membro que ocorre no per\u00edodo <strong>p\u00f3s-ictal<\/strong>, tipicamente <strong>revers\u00edvel em at\u00e9 36 horas.<\/strong> \u00c9 crucial para o diagn\u00f3stico diferencial com eventos isqu\u00eamicos vasculares.<\/li>\n<\/ul>\n\n\n\n<h2 class=\"wp-block-heading\" id=\"h-como-chegar-no-diagnostico-da-epilepsia\"><span class=\"ez-toc-section\" id=\"Como_chegar_no_diagnostico_da_epilepsia\"><\/span><strong>Como chegar no diagn\u00f3stico da epilepsia?\u00a0<\/strong><span class=\"ez-toc-section-end\"><\/span><\/h2>\n\n\n\n<p>O diagn\u00f3stico da epilepsia \u00e9 <strong>fundamentalmente cl\u00ednico<\/strong>, pautado na descri\u00e7\u00e3o detalhada da <strong>semiologia da<\/strong> crise. No entanto, <strong>exames adjuvantes<\/strong> s\u00e3o indispens\u00e1veis para corroborar a hip\u00f3tese diagn\u00f3stica, estratificar riscos e investigar etiolog\u00edas:<\/p>\n\n\n\n<ul class=\"wp-block-list\">\n<li><strong>Eletroencefalograma<\/strong> (EEG) e <strong>Videoeletroencefalograma<\/strong>: Essenciais para identificar padr\u00f5es epil\u00e9pticos e auxiliar na classifica\u00e7\u00e3o da crise.\u00a0<\/li>\n<\/ul>\n\n\n\n<figure class=\"wp-block-image\"><img decoding=\"async\" src=\"https:\/\/lh7-rt.googleusercontent.com\/docsz\/AD_4nXcxKEaLEkIuNkLabmy_bDIK3UHBo3lUjqF4SDQwszyebfGaY4VrYfoZBfOZwxu9PA78bBELgY8C0PUt03PA1OiO8XKE_vT6bviN_NGEqCSySC7WOr7goBQ5jBNSJ2pMJNJ27PzK?key=5LaMtZuGgQuCHzn7Dthl4A\" alt=\"\"\/><figcaption class=\"wp-element-caption\">Fonte: SciELO Brasil <a href=\"https:\/\/share.google\/grCXnziFDOKtGitZg\">https:\/\/share.google\/grCXnziFDOKtGitZg<\/a>\u00a0<\/figcaption><\/figure>\n\n\n\n<ul class=\"wp-block-list\">\n<li><strong>Neuroimagem<\/strong> (TC e RM de Cr\u00e2nio): Permitem a identifica\u00e7\u00e3o de les\u00f5es estruturais subjacentes, como esclerose mesial temporal, tumores ou malforma\u00e7\u00f5es.<\/li>\n<\/ul>\n\n\n\n<figure class=\"wp-block-image is-resized\"><img decoding=\"async\" src=\"https:\/\/lh7-rt.googleusercontent.com\/docsz\/AD_4nXfVd3rlQ_dQ0SeTiPV3bwM0y-72T8t-0vZc-B5QAt-72-MpRGFfmYJj5WNbtyGr5hswW6U6Gih9Y1IvKpk5Muu22ZGH2zGS57zOn4rBCVZWQwhEfbo5Zpp_FLJ2P93l8p2xUgXyhQ?key=5LaMtZuGgQuCHzn7Dthl4A\" alt=\"\" style=\"width:426px;height:auto\"\/><figcaption class=\"wp-element-caption\">Resson\u00e2ncia nuclear magn\u00e9tica pr\u00e9-operat\u00f3ria, com achado na \u00e1rea circulada de vermelho. Fonte: <a href=\"https:\/\/share.google\/licSmBiTApo1GHqQT\">https:\/\/share.google\/licSmBiTApo1GHqQT<\/a>\u00a0<\/figcaption><\/figure>\n\n\n\n<ul class=\"wp-block-list\">\n<li><strong>Exames Laboratoriais<\/strong>: Incluem avalia\u00e7\u00f5es de fun\u00e7\u00e3o hep\u00e1tica e renal, eletr\u00f3litos, hemograma e sorologias, \u00fateis para descartar causas metab\u00f3licas ou infecciosas e monitorar efeitos de f\u00e1rmacos.<\/li>\n<\/ul>\n\n\n\n<p>\u00c9 vital realizar o <strong>diagn\u00f3stico diferencial<\/strong>, principalmente com <strong>s\u00edncope<\/strong>, dadas as sobreposi\u00e7\u00f5es de sintomas. A diferencia\u00e7\u00e3o pode ser resumida por <strong>gatilhos<\/strong> (comuns em s\u00edncope, raros em crises epil\u00e9pticas), <strong>pr\u00f3dromos<\/strong> (sudorese, turva\u00e7\u00e3o visual na s\u00edncope; auras em crises), <strong>palidez cut\u00e2nea<\/strong> (comum em s\u00edncope, rara em crises), <strong>dura\u00e7\u00e3o<\/strong> (&lt;20 segundos na s\u00edncope, &gt;60 segundos em crises epil\u00e9pticas), <strong>abalos musculares<\/strong> (raros e breves na s\u00edncope, comuns e mais longos em crises), <strong>estado p\u00f3s-ictal<\/strong> (raro em s\u00edncope, comum em crises) e <strong>mordedura de l\u00edngua<\/strong> (rara em s\u00edncope, comum em crises).<\/p>\n\n\n\n<h2 class=\"wp-block-heading\" id=\"h-como-tratar-a-epilepsia\"><span class=\"ez-toc-section\" id=\"Como_tratar_a_epilepsia\"><\/span><strong>Como tratar a epilepsia?<\/strong><span class=\"ez-toc-section-end\"><\/span><\/h2>\n\n\n\n<p>O <strong>tratamento medicamentoso<\/strong> \u00e9 o pilar do manejo. A escolha do f\u00e1rmaco <strong>antiepil\u00e9ptico<\/strong> (FAE) depende do tipo de crise e de comorbidades:<\/p>\n\n\n\n<ol class=\"wp-block-list\">\n<li>Para crises focais: <strong>Carbamazepina<\/strong> e <strong>Oxcarbazepina<\/strong> s\u00e3o frequentemente as primeiras escolhas.<\/li>\n\n\n\n<li>Para crises generalizadas: <strong>Fenito\u00edna<\/strong> e <strong>Fenobarbital<\/strong> s\u00e3o boas op\u00e7\u00f5es.<\/li>\n\n\n\n<li>Para crises de aus\u00eancia: <strong>Etossuximida<\/strong> \u00e9 a droga de elei\u00e7\u00e3o.<\/li>\n<\/ol>\n\n\n\n<p>O <strong>\u00c1cido Valproico<\/strong> possui amplo espectro, sendo eficaz em epilepsias generalizadas e focais. Al\u00e9m disso, o <strong>Levetiracetam<\/strong> \u00e9 uma excelente op\u00e7\u00e3o, especialmente para mulheres em idade f\u00e9rtil devido ao seu perfil de seguran\u00e7a na gesta\u00e7\u00e3o, embora possa exacerbar quadros psiqui\u00e1tricos preexistentes.<\/p>\n\n\n\n<p>Ainda podemos citar a <strong>Lamotrigina<\/strong>, eficaz em crises focais e generalizadas, incluindo mioclonias, mas exige titula\u00e7\u00e3o gradual devido ao <strong>risco de rash cut\u00e2neo<\/strong>, e o <strong>Topiramato<\/strong>, rem\u00e9dio de <strong>amplo espectro<\/strong> (crises t\u00f4nico-cl\u00f4nico generalizadas, aus\u00eancias, focais), mas geralmente n\u00e3o \u00e9 usado em monoterapia.<\/p>\n\n\n\n<h2 class=\"wp-block-heading\" id=\"h-o-que-e-o-estado-de-mal-epileptico-eme\"><span class=\"ez-toc-section\" id=\"O_que_e_o_Estado_de_Mal_Epileptico_EME\"><\/span><strong>O que \u00e9 o Estado de Mal Epil\u00e9ptico (EME)?<\/strong><span class=\"ez-toc-section-end\"><\/span><\/h2>\n\n\n\n<p>\u00c9 uma emerg\u00eancia neurol\u00f3gica que resulta da falha dos mecanismos respons\u00e1veis pelo t\u00e9rmino da crise, tornando-a <strong>anormalmente prolongada<\/strong>. Em termos pr\u00e1ticos, para crises t\u00f4nico-cl\u00f4nico generalizadas, define-se <strong>como \u2265 5 minutos cont\u00ednuos<\/strong> de crise ou <strong>duas ou mais crises sem recobrar completamente a consci\u00eancia<\/strong>. O EME pode levar a <strong>dano ou morte neuronal<\/strong> se persistir. Os <strong>tempos cr\u00edticos<\/strong> (T1 para in\u00edcio do dano, T2 para dano estabelecido) variam por tipo: 5\/30 minutos para t\u00f4nico-cl\u00f4nico generalizado, 10\/&gt;60 minutos para focal com altera\u00e7\u00e3o de consci\u00eancia e 10-15\/desconhecido para crises de aus\u00eancia.<\/p>\n\n\n\n<ul class=\"wp-block-list\">\n<li><strong>O tratamento do EME segue um protocolo rigoroso!<\/strong><\/li>\n<\/ul>\n\n\n\n<ol class=\"wp-block-list\">\n<li><strong>Estabiliza\u00e7\u00e3o Cl\u00ednica<\/strong>: Priorit\u00e1ria, incluindo suporte ventilat\u00f3rio e cardiovascular.\u00a0<\/li>\n\n\n\n<li><strong>Benzodiazep\u00ednico<\/strong>: Midazolam (10mg IM se sem acesso perif\u00e9rico) ou Diazepam (10mg EV se acesso).<\/li>\n\n\n\n<li><strong>Hidantaliza\u00e7\u00e3o<\/strong> (Fenito\u00edna): 20mg\/kg EV, com taxa m\u00e1xima de infus\u00e3o de 50mg\/min.<\/li>\n\n\n\n<li><strong>Fenobarbital<\/strong>: 20mg\/kg EV, caso a Fenito\u00edna seja ineficaz.<\/li>\n\n\n\n<li><strong>Midazolam<\/strong> (ataque e manuten\u00e7\u00e3o): 0.2mg\/kg em ataque, seguido de infus\u00e3o cont\u00ednua de 0.05-2mg\/kg\/h.<\/li>\n<\/ol>\n\n\n\n<p>\u00c9 importante notar que Lacosamida EV possui evid\u00eancias limitadas no EME, e alguns FAEs endovenosos como Levetiracetam e \u00c1cido Valproico podem n\u00e3o estar dispon\u00edveis em todas as regi\u00f5es. Al\u00e9m disso, Fenito\u00edna, Fenobarbital e Diazepam n\u00e3o devem ser administrados por via intramuscular.<\/p>\n\n\n\n<p>Al\u00e9m disso, existe tamb\u00e9m o <strong>Estado de Mal N\u00e3o Epil\u00e9ptico (EMNC)\/N\u00e3o Convulsivo<\/strong>, com sintomas sutis como <strong>nistagmo, desvio do olhar e flutua\u00e7\u00e3o da consci\u00eancia,<\/strong> diagnosticado por EEG cont\u00ednuo. O tratamento <strong>segue o mesmo fluxograma do EME<\/strong>. A <strong>Epilepsia Partialis Continua<\/strong> \u00e9 uma forma focal de EME com <strong>manifesta\u00e7\u00f5es motoras<\/strong> <strong>prolongadas e consci\u00eancia preservada<\/strong>, frequentemente associada a causas metab\u00f3licas, vasculares ou infecciosas.<\/p>\n\n\n\n<h2 class=\"wp-block-heading\" id=\"h-quais-os-desafios-na-clinica-neurologica\"><span class=\"ez-toc-section\" id=\"Quais_os_desafios_na_clinica_Neurologica\"><\/span><strong>Quais os desafios na cl\u00ednica Neurol\u00f3gica?\u00a0<\/strong><span class=\"ez-toc-section-end\"><\/span><\/h2>\n\n\n\n<p>Algumas condi\u00e7\u00f5es espec\u00edficas dentro do espectro da epilepsia merecem <strong>aten\u00e7\u00e3o especial<\/strong>:<\/p>\n\n\n\n<ul class=\"wp-block-list\">\n<li>Epilepsia Miocl\u00f4nica Juvenil (EMJ)<\/li>\n<\/ul>\n\n\n\n<p>&nbsp;Afeta <strong>adolescentes<\/strong> (m\u00e9dia de 14 anos), com hist\u00f3ria familiar em at\u00e9 50% dos casos. As crises (miocl\u00f4nicas, crises t\u00f4nico-cl\u00f4nico generalizadas, aus\u00eancias) ocorrem predominantemente pela manh\u00e3 ou ao acordar, e s\u00e3o frequentemente <strong>precipitadas por priva\u00e7\u00e3o de sono, estresse, fadiga e \u00e1lcool<\/strong>. O EEG mostra <strong>poliesp\u00edculas<\/strong> de alta amplitude, sim\u00e9tricas e generalizadas (4-6 Hz). O <strong>Valproato<\/strong> \u00e9 a droga de escolha, com Levetiracetam como alternativa, especialmente para mulheres em idade f\u00e9rtil.&nbsp;<\/p>\n\n\n\n<ul class=\"wp-block-list\">\n<li>Epilepsia e Gesta\u00e7\u00e3o<\/li>\n<\/ul>\n\n\n\n<p>Exige um <strong>planejamento meticuloso<\/strong>. Recomenda-se iniciar <strong>\u00e1cido f\u00f3lico<\/strong> 5mg\/dia pelo menos 3 meses antes da concep\u00e7\u00e3o. \u00c9 crucial <strong>evitar f\u00e1rmacos com alto potencial<\/strong> <strong>teratog\u00eanico<\/strong>, como \u00e1cido valproico, fenobarbital, topiramato e carbamazepina. Levetiracetam e Lamotrigina s\u00e3o consideradas as op\u00e7\u00f5es mais seguras. Se a gestante j\u00e1 estiver usando um f\u00e1rmaco teratog\u00eanico, a <strong>transi\u00e7\u00e3o para monoterapia<\/strong> com dose otimizada e fracionada \u00e9 prefer\u00edvel, evitando-se trocas de medica\u00e7\u00e3o durante a gesta\u00e7\u00e3o. Felizmente, dois ter\u00e7os das mulheres permanecem est\u00e1veis das convuls\u00f5es durante a gravidez, e a epilepsia por si s\u00f3 n\u00e3o \u00e9 uma indica\u00e7\u00e3o para cesariana.<\/p>\n\n\n\n<ul class=\"wp-block-list\">\n<li>Epilepsia do Lobo Temporal<\/li>\n<\/ul>\n\n\n\n<p>A <strong>forma mais comum de crise focal no adulto<\/strong>, frequentemente associada a crises febris na inf\u00e2ncia. A <strong>Esclerose Mesial Temporal<\/strong> \u00e9 a principal causa (cerca de 80% dos casos), tornando-a uma epilepsia de dif\u00edcil tratamento. O quadro cl\u00ednico pode incluir <strong>auras<\/strong> (desconforto epig\u00e1strico, d\u00e9j\u00e0 vu, alucina\u00e7\u00f5es), <strong>afasia, altera\u00e7\u00e3o de consci\u00eancia breve com parada comportamental e amn\u00e9sia, automatismos orofaciais e sensa\u00e7\u00e3o de medo<\/strong>. O tratamento geralmente envolve m\u00faltiplos f\u00e1rmacos e, em alguns casos, interven\u00e7\u00e3o cir\u00fargica.<\/p>\n\n\n\n<figure class=\"wp-block-image\"><img decoding=\"async\" src=\"https:\/\/lh7-rt.googleusercontent.com\/docsz\/AD_4nXeSnFTNHj1WJk2XSmNfYvvUvb_rj89v71G6nMkNbuKdGsdeE4GgNlFct7Kh6Pzbmjf5ayM0C6_kkFtmGojFLZ7SCa1u4mJJBcfAYFWwAYe7DbyY1S6PXiWlP2XaGQbU6dHzMB57Ng?key=5LaMtZuGgQuCHzn7Dthl4A\" alt=\"\"\/><figcaption class=\"wp-element-caption\">Radiografia de Epilepsia do Lobo Temporal, sinalizada por seta azul. Fonte:<a href=\"https:\/\/images.app.goo.gl\/BsUzeefPtZovLgxu5\">https:\/\/images.app.goo.gl\/BsUzeefPtZovLgxu5<\/a>\u00a0<\/figcaption><\/figure>\n\n\n\n<h2 class=\"wp-block-heading\" id=\"conquiste-a-aprova\u00e7\u00e3o\"><span class=\"ez-toc-section\" id=\"Seja_um_MedCofer\"><\/span><strong>Seja um MedCofer!<\/strong><span class=\"ez-toc-section-end\"><\/span><\/h2>\n\n\n\n<p>Quer garantir a sua aprova\u00e7\u00e3o nas provas de resid\u00eancia m\u00e9dica? Ent\u00e3o conhe\u00e7a o&nbsp;<strong>Grupo MedCof&nbsp;<\/strong>e a&nbsp;<a href=\"https:\/\/www.grupomedcof.com.br\/home\/\"><strong>metodologia<\/strong><\/a>&nbsp;que j\u00e1 aprovou<a href=\"https:\/\/www.grupomedcof.com.br\/blog\/presenca-da-medcof-nas-aprovacoes-em-residencia-medica-no-brasil\/\">&nbsp;<strong>mais de 10 mil residentes<\/strong>&nbsp;<\/a>pelo pa\u00eds!<\/p>\n\n\n\n<figure class=\"wp-block-embed is-type-video is-provider-youtube wp-block-embed-youtube wp-embed-aspect-16-9 wp-has-aspect-ratio\"><div class=\"wp-block-embed__wrapper\">\n<div class=\"youtube-embed\" data-video_id=\"crLu8fx1S04\"><iframe loading=\"lazy\" title=\"COFEXPRESS - Epilepsias na Inf\u00e2ncia - Parte I. Com Dr. Joemir Brito\" width=\"696\" height=\"392\" src=\"https:\/\/www.youtube.com\/embed\/crLu8fx1S04?feature=oembed&#038;enablejsapi=1\" frameborder=\"0\" allow=\"accelerometer; autoplay; clipboard-write; encrypted-media; gyroscope; picture-in-picture; web-share\" referrerpolicy=\"strict-origin-when-cross-origin\" allowfullscreen><\/iframe><\/div>\n<\/div><\/figure>\n","protected":false},"excerpt":{"rendered":"<p>A epilepsia, uma das condi\u00e7\u00f5es neurol\u00f3gicas cr\u00f4nicas mais prevalentes, representa um desafio significativo na pr\u00e1tica m\u00e9dica. Acesse e entenda!<\/p>\n","protected":false},"author":18,"featured_media":36462,"comment_status":"closed","ping_status":"closed","sticky":false,"template":"","format":"standard","meta":{"footnotes":""},"categories":[190],"tags":[3034,3035,3036,3033],"ppma_author":[3611],"class_list":{"0":"post-36461","1":"post","2":"type-post","3":"status-publish","4":"format-standard","5":"has-post-thumbnail","7":"category-neurologia","8":"tag-convulsao","9":"tag-crise-epileptica","10":"tag-eme","11":"tag-epilepsia"},"yoast_head":"<!-- This site is optimized with the Yoast SEO Premium plugin v24.3 (Yoast SEO v27.4) - https:\/\/yoast.com\/product\/yoast-seo-premium-wordpress\/ -->\n<title>Entenda a diferen\u00e7a entre Epilepsia e Convuls\u00e3o\u00a0 - Blog de Medcof: conte\u00fados, editais, revalida e mais!<\/title>\n<meta name=\"description\" content=\"A epilepsia, uma das condi\u00e7\u00f5es neurol\u00f3gicas cr\u00f4nicas mais prevalentes, representa um desafio significativo na pr\u00e1tica m\u00e9dica. Acesse e entenda!\" \/>\n<meta name=\"robots\" content=\"index, follow, max-snippet:-1, max-image-preview:large, max-video-preview:-1\" \/>\n<link rel=\"canonical\" href=\"https:\/\/www.grupomedcof.com.br\/blog\/entenda-a-diferenca-entre-epilepsia-e-convulsao\/\" \/>\n<meta property=\"og:locale\" content=\"pt_BR\" \/>\n<meta property=\"og:type\" content=\"article\" \/>\n<meta property=\"og:title\" content=\"Entenda a diferen\u00e7a entre Epilepsia e Convuls\u00e3o\u00a0\" \/>\n<meta property=\"og:description\" content=\"A epilepsia, uma das condi\u00e7\u00f5es neurol\u00f3gicas cr\u00f4nicas mais prevalentes, representa um desafio significativo na pr\u00e1tica m\u00e9dica. Acesse e entenda!\" \/>\n<meta property=\"og:url\" content=\"https:\/\/www.grupomedcof.com.br\/blog\/entenda-a-diferenca-entre-epilepsia-e-convulsao\/\" \/>\n<meta property=\"og:site_name\" content=\"Blog de Medcof: conte\u00fados, editais, revalida e mais!\" \/>\n<meta property=\"article:publisher\" content=\"https:\/\/www.facebook.com\/MedCofQbank\/\" \/>\n<meta property=\"article:published_time\" content=\"2025-06-30T10:42:55+00:00\" \/>\n<meta property=\"article:modified_time\" content=\"2025-06-30T10:42:56+00:00\" \/>\n<meta property=\"og:image\" content=\"https:\/\/www.grupomedcof.com.br\/blog\/wp-content\/uploads\/2025\/06\/Blog-MedCof-2025-06-30T074029.287.jpg\" \/>\n\t<meta property=\"og:image:width\" content=\"1920\" \/>\n\t<meta property=\"og:image:height\" content=\"1080\" \/>\n\t<meta property=\"og:image:type\" content=\"image\/jpeg\" \/>\n<meta name=\"author\" content=\"Leila Menzel\" \/>\n<meta name=\"twitter:card\" content=\"summary_large_image\" \/>\n<meta name=\"twitter:label1\" content=\"Escrito por\" \/>\n\t<meta name=\"twitter:data1\" content=\"Leila Menzel\" \/>\n\t<meta name=\"twitter:label2\" content=\"Est. tempo de leitura\" \/>\n\t<meta name=\"twitter:data2\" content=\"9 minutos\" \/>\n<script type=\"application\/ld+json\" class=\"yoast-schema-graph\">{\"@context\":\"https:\\\/\\\/schema.org\",\"@graph\":[{\"@type\":\"Article\",\"@id\":\"https:\\\/\\\/www.grupomedcof.com.br\\\/blog\\\/entenda-a-diferenca-entre-epilepsia-e-convulsao\\\/#article\",\"isPartOf\":{\"@id\":\"https:\\\/\\\/www.grupomedcof.com.br\\\/blog\\\/entenda-a-diferenca-entre-epilepsia-e-convulsao\\\/\"},\"author\":{\"name\":\"Leila Menzel\",\"@id\":\"https:\\\/\\\/www.grupomedcof.com.br\\\/blog\\\/#\\\/schema\\\/person\\\/2a5527209c17e7eb35bd6a4ebd5c7956\"},\"headline\":\"Entenda a diferen\u00e7a entre Epilepsia e Convuls\u00e3o\u00a0\",\"datePublished\":\"2025-06-30T10:42:55+00:00\",\"dateModified\":\"2025-06-30T10:42:56+00:00\",\"mainEntityOfPage\":{\"@id\":\"https:\\\/\\\/www.grupomedcof.com.br\\\/blog\\\/entenda-a-diferenca-entre-epilepsia-e-convulsao\\\/\"},\"wordCount\":1523,\"publisher\":{\"@id\":\"https:\\\/\\\/www.grupomedcof.com.br\\\/blog\\\/#organization\"},\"image\":{\"@id\":\"https:\\\/\\\/www.grupomedcof.com.br\\\/blog\\\/entenda-a-diferenca-entre-epilepsia-e-convulsao\\\/#primaryimage\"},\"thumbnailUrl\":\"https:\\\/\\\/www.grupomedcof.com.br\\\/blog\\\/wp-content\\\/uploads\\\/2025\\\/06\\\/Blog-MedCof-2025-06-30T074029.287.jpg\",\"keywords\":[\"Convuls\u00e3o\",\"Crise epil\u00e9ptica\",\"EME\",\"Epilepsia\"],\"articleSection\":[\"Neurologia\"],\"inLanguage\":\"pt-BR\"},{\"@type\":\"WebPage\",\"@id\":\"https:\\\/\\\/www.grupomedcof.com.br\\\/blog\\\/entenda-a-diferenca-entre-epilepsia-e-convulsao\\\/\",\"url\":\"https:\\\/\\\/www.grupomedcof.com.br\\\/blog\\\/entenda-a-diferenca-entre-epilepsia-e-convulsao\\\/\",\"name\":\"Entenda a diferen\u00e7a entre Epilepsia e Convuls\u00e3o\u00a0 - Blog de Medcof: conte\u00fados, editais, revalida e mais!\",\"isPartOf\":{\"@id\":\"https:\\\/\\\/www.grupomedcof.com.br\\\/blog\\\/#website\"},\"primaryImageOfPage\":{\"@id\":\"https:\\\/\\\/www.grupomedcof.com.br\\\/blog\\\/entenda-a-diferenca-entre-epilepsia-e-convulsao\\\/#primaryimage\"},\"image\":{\"@id\":\"https:\\\/\\\/www.grupomedcof.com.br\\\/blog\\\/entenda-a-diferenca-entre-epilepsia-e-convulsao\\\/#primaryimage\"},\"thumbnailUrl\":\"https:\\\/\\\/www.grupomedcof.com.br\\\/blog\\\/wp-content\\\/uploads\\\/2025\\\/06\\\/Blog-MedCof-2025-06-30T074029.287.jpg\",\"datePublished\":\"2025-06-30T10:42:55+00:00\",\"dateModified\":\"2025-06-30T10:42:56+00:00\",\"description\":\"A epilepsia, uma das condi\u00e7\u00f5es neurol\u00f3gicas cr\u00f4nicas mais prevalentes, representa um desafio significativo na pr\u00e1tica m\u00e9dica. Acesse e entenda!\",\"breadcrumb\":{\"@id\":\"https:\\\/\\\/www.grupomedcof.com.br\\\/blog\\\/entenda-a-diferenca-entre-epilepsia-e-convulsao\\\/#breadcrumb\"},\"inLanguage\":\"pt-BR\",\"potentialAction\":[{\"@type\":\"ReadAction\",\"target\":[\"https:\\\/\\\/www.grupomedcof.com.br\\\/blog\\\/entenda-a-diferenca-entre-epilepsia-e-convulsao\\\/\"]}]},{\"@type\":\"ImageObject\",\"inLanguage\":\"pt-BR\",\"@id\":\"https:\\\/\\\/www.grupomedcof.com.br\\\/blog\\\/entenda-a-diferenca-entre-epilepsia-e-convulsao\\\/#primaryimage\",\"url\":\"https:\\\/\\\/www.grupomedcof.com.br\\\/blog\\\/wp-content\\\/uploads\\\/2025\\\/06\\\/Blog-MedCof-2025-06-30T074029.287.jpg\",\"contentUrl\":\"https:\\\/\\\/www.grupomedcof.com.br\\\/blog\\\/wp-content\\\/uploads\\\/2025\\\/06\\\/Blog-MedCof-2025-06-30T074029.287.jpg\",\"width\":1920,\"height\":1080,\"caption\":\"Imagem: Canva.\"},{\"@type\":\"BreadcrumbList\",\"@id\":\"https:\\\/\\\/www.grupomedcof.com.br\\\/blog\\\/entenda-a-diferenca-entre-epilepsia-e-convulsao\\\/#breadcrumb\",\"itemListElement\":[{\"@type\":\"ListItem\",\"position\":1,\"name\":\"In\u00edcio\",\"item\":\"https:\\\/\\\/www.grupomedcof.com.br\\\/blog\\\/\"},{\"@type\":\"ListItem\",\"position\":2,\"name\":\"Entenda a diferen\u00e7a entre Epilepsia e Convuls\u00e3o\u00a0\"}]},{\"@type\":\"WebSite\",\"@id\":\"https:\\\/\\\/www.grupomedcof.com.br\\\/blog\\\/#website\",\"url\":\"https:\\\/\\\/www.grupomedcof.com.br\\\/blog\\\/\",\"name\":\"Blog de Medcof: conte\u00fados, editais, revalida e mais!\",\"description\":\"Acesso o blog de MedCof! Seu portal de conte\u00fados sobre resid\u00eancia m\u00e9dica, an\u00e1lise e editais e muito mais. Clique e confira!\",\"publisher\":{\"@id\":\"https:\\\/\\\/www.grupomedcof.com.br\\\/blog\\\/#organization\"},\"alternateName\":\"Blog de Medcof: conte\u00fados, editais, revalida e mais!\",\"potentialAction\":[{\"@type\":\"SearchAction\",\"target\":{\"@type\":\"EntryPoint\",\"urlTemplate\":\"https:\\\/\\\/www.grupomedcof.com.br\\\/blog\\\/?s={search_term_string}\"},\"query-input\":{\"@type\":\"PropertyValueSpecification\",\"valueRequired\":true,\"valueName\":\"search_term_string\"}}],\"inLanguage\":\"pt-BR\"},{\"@type\":\"Organization\",\"@id\":\"https:\\\/\\\/www.grupomedcof.com.br\\\/blog\\\/#organization\",\"name\":\"Grupo MedCof\",\"url\":\"https:\\\/\\\/www.grupomedcof.com.br\\\/blog\\\/\",\"logo\":{\"@type\":\"ImageObject\",\"inLanguage\":\"pt-BR\",\"@id\":\"https:\\\/\\\/www.grupomedcof.com.br\\\/blog\\\/#\\\/schema\\\/logo\\\/image\\\/\",\"url\":\"https:\\\/\\\/www.grupomedcof.com.br\\\/blog\\\/wp-content\\\/uploads\\\/2022\\\/01\\\/logo-medcof.png\",\"contentUrl\":\"https:\\\/\\\/www.grupomedcof.com.br\\\/blog\\\/wp-content\\\/uploads\\\/2022\\\/01\\\/logo-medcof.png\",\"width\":768,\"height\":269,\"caption\":\"Grupo MedCof\"},\"image\":{\"@id\":\"https:\\\/\\\/www.grupomedcof.com.br\\\/blog\\\/#\\\/schema\\\/logo\\\/image\\\/\"},\"sameAs\":[\"https:\\\/\\\/www.facebook.com\\\/MedCofQbank\\\/\",\"https:\\\/\\\/www.instagram.com\\\/grupomedcof\\\/\",\"https:\\\/\\\/br.linkedin.com\\\/company\\\/medcof\",\"https:\\\/\\\/www.youtube.com\\\/channel\\\/UCdHMuOHKICxcHwecxN8P-AA\"]},{\"@type\":\"Person\",\"@id\":\"https:\\\/\\\/www.grupomedcof.com.br\\\/blog\\\/#\\\/schema\\\/person\\\/2a5527209c17e7eb35bd6a4ebd5c7956\",\"name\":\"Leila Menzel\",\"image\":{\"@type\":\"ImageObject\",\"inLanguage\":\"pt-BR\",\"@id\":\"https:\\\/\\\/www.grupomedcof.com.br\\\/blog\\\/wp-content\\\/uploads\\\/2023\\\/04\\\/cropped-cropped-cropped-logo-96x96.png15459389df217b605b4f0cce419ac81a\",\"url\":\"https:\\\/\\\/www.grupomedcof.com.br\\\/blog\\\/wp-content\\\/uploads\\\/2023\\\/04\\\/cropped-cropped-cropped-logo-96x96.png\",\"contentUrl\":\"https:\\\/\\\/www.grupomedcof.com.br\\\/blog\\\/wp-content\\\/uploads\\\/2023\\\/04\\\/cropped-cropped-cropped-logo-96x96.png\",\"caption\":\"Leila Menzel\"},\"description\":\"Estudante do 6\u00b0 semestre de jornalismo, amo e escrevo poesias e viajo em livros de romances clich\u00eas.\",\"url\":\"https:\\\/\\\/www.grupomedcof.com.br\\\/blog\\\/author\\\/leila\\\/\"}]}<\/script>\n<!-- \/ Yoast SEO Premium plugin. -->","yoast_head_json":{"title":"Entenda a diferen\u00e7a entre Epilepsia e Convuls\u00e3o\u00a0 - Blog de Medcof: conte\u00fados, editais, revalida e mais!","description":"A epilepsia, uma das condi\u00e7\u00f5es neurol\u00f3gicas cr\u00f4nicas mais prevalentes, representa um desafio significativo na pr\u00e1tica m\u00e9dica. Acesse e entenda!","robots":{"index":"index","follow":"follow","max-snippet":"max-snippet:-1","max-image-preview":"max-image-preview:large","max-video-preview":"max-video-preview:-1"},"canonical":"https:\/\/www.grupomedcof.com.br\/blog\/entenda-a-diferenca-entre-epilepsia-e-convulsao\/","og_locale":"pt_BR","og_type":"article","og_title":"Entenda a diferen\u00e7a entre Epilepsia e Convuls\u00e3o\u00a0","og_description":"A epilepsia, uma das condi\u00e7\u00f5es neurol\u00f3gicas cr\u00f4nicas mais prevalentes, representa um desafio significativo na pr\u00e1tica m\u00e9dica. Acesse e entenda!","og_url":"https:\/\/www.grupomedcof.com.br\/blog\/entenda-a-diferenca-entre-epilepsia-e-convulsao\/","og_site_name":"Blog de Medcof: conte\u00fados, editais, revalida e mais!","article_publisher":"https:\/\/www.facebook.com\/MedCofQbank\/","article_published_time":"2025-06-30T10:42:55+00:00","article_modified_time":"2025-06-30T10:42:56+00:00","og_image":[{"width":1920,"height":1080,"url":"https:\/\/www.grupomedcof.com.br\/blog\/wp-content\/uploads\/2025\/06\/Blog-MedCof-2025-06-30T074029.287.jpg","type":"image\/jpeg"}],"author":"Leila Menzel","twitter_card":"summary_large_image","twitter_misc":{"Escrito por":"Leila Menzel","Est. tempo de leitura":"9 minutos"},"schema":{"@context":"https:\/\/schema.org","@graph":[{"@type":"Article","@id":"https:\/\/www.grupomedcof.com.br\/blog\/entenda-a-diferenca-entre-epilepsia-e-convulsao\/#article","isPartOf":{"@id":"https:\/\/www.grupomedcof.com.br\/blog\/entenda-a-diferenca-entre-epilepsia-e-convulsao\/"},"author":{"name":"Leila Menzel","@id":"https:\/\/www.grupomedcof.com.br\/blog\/#\/schema\/person\/2a5527209c17e7eb35bd6a4ebd5c7956"},"headline":"Entenda a diferen\u00e7a entre Epilepsia e Convuls\u00e3o\u00a0","datePublished":"2025-06-30T10:42:55+00:00","dateModified":"2025-06-30T10:42:56+00:00","mainEntityOfPage":{"@id":"https:\/\/www.grupomedcof.com.br\/blog\/entenda-a-diferenca-entre-epilepsia-e-convulsao\/"},"wordCount":1523,"publisher":{"@id":"https:\/\/www.grupomedcof.com.br\/blog\/#organization"},"image":{"@id":"https:\/\/www.grupomedcof.com.br\/blog\/entenda-a-diferenca-entre-epilepsia-e-convulsao\/#primaryimage"},"thumbnailUrl":"https:\/\/www.grupomedcof.com.br\/blog\/wp-content\/uploads\/2025\/06\/Blog-MedCof-2025-06-30T074029.287.jpg","keywords":["Convuls\u00e3o","Crise epil\u00e9ptica","EME","Epilepsia"],"articleSection":["Neurologia"],"inLanguage":"pt-BR"},{"@type":"WebPage","@id":"https:\/\/www.grupomedcof.com.br\/blog\/entenda-a-diferenca-entre-epilepsia-e-convulsao\/","url":"https:\/\/www.grupomedcof.com.br\/blog\/entenda-a-diferenca-entre-epilepsia-e-convulsao\/","name":"Entenda a diferen\u00e7a entre Epilepsia e Convuls\u00e3o\u00a0 - Blog de Medcof: conte\u00fados, editais, revalida e mais!","isPartOf":{"@id":"https:\/\/www.grupomedcof.com.br\/blog\/#website"},"primaryImageOfPage":{"@id":"https:\/\/www.grupomedcof.com.br\/blog\/entenda-a-diferenca-entre-epilepsia-e-convulsao\/#primaryimage"},"image":{"@id":"https:\/\/www.grupomedcof.com.br\/blog\/entenda-a-diferenca-entre-epilepsia-e-convulsao\/#primaryimage"},"thumbnailUrl":"https:\/\/www.grupomedcof.com.br\/blog\/wp-content\/uploads\/2025\/06\/Blog-MedCof-2025-06-30T074029.287.jpg","datePublished":"2025-06-30T10:42:55+00:00","dateModified":"2025-06-30T10:42:56+00:00","description":"A epilepsia, uma das condi\u00e7\u00f5es neurol\u00f3gicas cr\u00f4nicas mais prevalentes, representa um desafio significativo na pr\u00e1tica m\u00e9dica. Acesse e entenda!","breadcrumb":{"@id":"https:\/\/www.grupomedcof.com.br\/blog\/entenda-a-diferenca-entre-epilepsia-e-convulsao\/#breadcrumb"},"inLanguage":"pt-BR","potentialAction":[{"@type":"ReadAction","target":["https:\/\/www.grupomedcof.com.br\/blog\/entenda-a-diferenca-entre-epilepsia-e-convulsao\/"]}]},{"@type":"ImageObject","inLanguage":"pt-BR","@id":"https:\/\/www.grupomedcof.com.br\/blog\/entenda-a-diferenca-entre-epilepsia-e-convulsao\/#primaryimage","url":"https:\/\/www.grupomedcof.com.br\/blog\/wp-content\/uploads\/2025\/06\/Blog-MedCof-2025-06-30T074029.287.jpg","contentUrl":"https:\/\/www.grupomedcof.com.br\/blog\/wp-content\/uploads\/2025\/06\/Blog-MedCof-2025-06-30T074029.287.jpg","width":1920,"height":1080,"caption":"Imagem: Canva."},{"@type":"BreadcrumbList","@id":"https:\/\/www.grupomedcof.com.br\/blog\/entenda-a-diferenca-entre-epilepsia-e-convulsao\/#breadcrumb","itemListElement":[{"@type":"ListItem","position":1,"name":"In\u00edcio","item":"https:\/\/www.grupomedcof.com.br\/blog\/"},{"@type":"ListItem","position":2,"name":"Entenda a diferen\u00e7a entre Epilepsia e Convuls\u00e3o\u00a0"}]},{"@type":"WebSite","@id":"https:\/\/www.grupomedcof.com.br\/blog\/#website","url":"https:\/\/www.grupomedcof.com.br\/blog\/","name":"Blog de Medcof: conte\u00fados, editais, revalida e mais!","description":"Acesso o blog de MedCof! Seu portal de conte\u00fados sobre resid\u00eancia m\u00e9dica, an\u00e1lise e editais e muito mais. Clique e confira!","publisher":{"@id":"https:\/\/www.grupomedcof.com.br\/blog\/#organization"},"alternateName":"Blog de Medcof: conte\u00fados, editais, revalida e mais!","potentialAction":[{"@type":"SearchAction","target":{"@type":"EntryPoint","urlTemplate":"https:\/\/www.grupomedcof.com.br\/blog\/?s={search_term_string}"},"query-input":{"@type":"PropertyValueSpecification","valueRequired":true,"valueName":"search_term_string"}}],"inLanguage":"pt-BR"},{"@type":"Organization","@id":"https:\/\/www.grupomedcof.com.br\/blog\/#organization","name":"Grupo MedCof","url":"https:\/\/www.grupomedcof.com.br\/blog\/","logo":{"@type":"ImageObject","inLanguage":"pt-BR","@id":"https:\/\/www.grupomedcof.com.br\/blog\/#\/schema\/logo\/image\/","url":"https:\/\/www.grupomedcof.com.br\/blog\/wp-content\/uploads\/2022\/01\/logo-medcof.png","contentUrl":"https:\/\/www.grupomedcof.com.br\/blog\/wp-content\/uploads\/2022\/01\/logo-medcof.png","width":768,"height":269,"caption":"Grupo MedCof"},"image":{"@id":"https:\/\/www.grupomedcof.com.br\/blog\/#\/schema\/logo\/image\/"},"sameAs":["https:\/\/www.facebook.com\/MedCofQbank\/","https:\/\/www.instagram.com\/grupomedcof\/","https:\/\/br.linkedin.com\/company\/medcof","https:\/\/www.youtube.com\/channel\/UCdHMuOHKICxcHwecxN8P-AA"]},{"@type":"Person","@id":"https:\/\/www.grupomedcof.com.br\/blog\/#\/schema\/person\/2a5527209c17e7eb35bd6a4ebd5c7956","name":"Leila Menzel","image":{"@type":"ImageObject","inLanguage":"pt-BR","@id":"https:\/\/www.grupomedcof.com.br\/blog\/wp-content\/uploads\/2023\/04\/cropped-cropped-cropped-logo-96x96.png15459389df217b605b4f0cce419ac81a","url":"https:\/\/www.grupomedcof.com.br\/blog\/wp-content\/uploads\/2023\/04\/cropped-cropped-cropped-logo-96x96.png","contentUrl":"https:\/\/www.grupomedcof.com.br\/blog\/wp-content\/uploads\/2023\/04\/cropped-cropped-cropped-logo-96x96.png","caption":"Leila Menzel"},"description":"Estudante do 6\u00b0 semestre de jornalismo, amo e escrevo poesias e viajo em livros de romances clich\u00eas.","url":"https:\/\/www.grupomedcof.com.br\/blog\/author\/leila\/"}]}},"authors":[{"term_id":3611,"user_id":18,"is_guest":0,"slug":"leila","display_name":"Leila Menzel","avatar_url":"https:\/\/www.grupomedcof.com.br\/blog\/wp-content\/uploads\/2023\/04\/cropped-cropped-cropped-logo-96x96.png","0":null,"1":"","2":"","3":"","4":"","5":"","6":"","7":"","8":""}],"_links":{"self":[{"href":"https:\/\/www.grupomedcof.com.br\/blog\/wp-json\/wp\/v2\/posts\/36461","targetHints":{"allow":["GET"]}}],"collection":[{"href":"https:\/\/www.grupomedcof.com.br\/blog\/wp-json\/wp\/v2\/posts"}],"about":[{"href":"https:\/\/www.grupomedcof.com.br\/blog\/wp-json\/wp\/v2\/types\/post"}],"author":[{"embeddable":true,"href":"https:\/\/www.grupomedcof.com.br\/blog\/wp-json\/wp\/v2\/users\/18"}],"replies":[{"embeddable":true,"href":"https:\/\/www.grupomedcof.com.br\/blog\/wp-json\/wp\/v2\/comments?post=36461"}],"version-history":[{"count":1,"href":"https:\/\/www.grupomedcof.com.br\/blog\/wp-json\/wp\/v2\/posts\/36461\/revisions"}],"predecessor-version":[{"id":36463,"href":"https:\/\/www.grupomedcof.com.br\/blog\/wp-json\/wp\/v2\/posts\/36461\/revisions\/36463"}],"wp:featuredmedia":[{"embeddable":true,"href":"https:\/\/www.grupomedcof.com.br\/blog\/wp-json\/wp\/v2\/media\/36462"}],"wp:attachment":[{"href":"https:\/\/www.grupomedcof.com.br\/blog\/wp-json\/wp\/v2\/media?parent=36461"}],"wp:term":[{"taxonomy":"category","embeddable":true,"href":"https:\/\/www.grupomedcof.com.br\/blog\/wp-json\/wp\/v2\/categories?post=36461"},{"taxonomy":"post_tag","embeddable":true,"href":"https:\/\/www.grupomedcof.com.br\/blog\/wp-json\/wp\/v2\/tags?post=36461"},{"taxonomy":"author","embeddable":true,"href":"https:\/\/www.grupomedcof.com.br\/blog\/wp-json\/wp\/v2\/ppma_author?post=36461"}],"curies":[{"name":"wp","href":"https:\/\/api.w.org\/{rel}","templated":true}]}}