{"id":36666,"date":"2025-07-23T11:58:56","date_gmt":"2025-07-23T14:58:56","guid":{"rendered":"https:\/\/www.grupomedcof.com.br\/blog\/?p=36666"},"modified":"2026-04-24T15:46:52","modified_gmt":"2026-04-24T18:46:52","slug":"entenda-a-nova-politica-nacional-de-enfrentamento-da-infeccao-por-hpv","status":"publish","type":"post","link":"https:\/\/www.grupomedcof.com.br\/blog\/entenda-a-nova-politica-nacional-de-enfrentamento-da-infeccao-por-hpv\/","title":{"rendered":"Entenda a nova Pol\u00edtica Nacional de Enfrentamento da Infec\u00e7\u00e3o por HPV"},"content":{"rendered":"<div id=\"ez-toc-container\" class=\"ez-toc-v2_0_74 counter-hierarchy ez-toc-counter ez-toc-transparent ez-toc-container-direction\">\n<div class=\"ez-toc-title-container\">\n<p class=\"ez-toc-title\" style=\"cursor:inherit\">Sum\u00e1rio<\/p>\n<span class=\"ez-toc-title-toggle\"><a href=\"#\" class=\"ez-toc-pull-right ez-toc-btn ez-toc-btn-xs ez-toc-btn-default ez-toc-toggle\" aria-label=\"Alternar tabela de conte\u00fado\"><span class=\"ez-toc-js-icon-con\"><span class=\"\"><span class=\"eztoc-hide\" style=\"display:none;\">Toggle<\/span><span class=\"ez-toc-icon-toggle-span\"><svg style=\"fill: #999;color:#999\" xmlns=\"http:\/\/www.w3.org\/2000\/svg\" class=\"list-377408\" width=\"20px\" height=\"20px\" viewBox=\"0 0 24 24\" fill=\"none\"><path d=\"M6 6H4v2h2V6zm14 0H8v2h12V6zM4 11h2v2H4v-2zm16 0H8v2h12v-2zM4 16h2v2H4v-2zm16 0H8v2h12v-2z\" fill=\"currentColor\"><\/path><\/svg><svg style=\"fill: #999;color:#999\" class=\"arrow-unsorted-368013\" xmlns=\"http:\/\/www.w3.org\/2000\/svg\" width=\"10px\" height=\"10px\" viewBox=\"0 0 24 24\" version=\"1.2\" baseProfile=\"tiny\"><path d=\"M18.2 9.3l-6.2-6.3-6.2 6.3c-.2.2-.3.4-.3.7s.1.5.3.7c.2.2.4.3.7.3h11c.3 0 .5-.1.7-.3.2-.2.3-.5.3-.7s-.1-.5-.3-.7zM5.8 14.7l6.2 6.3 6.2-6.3c.2-.2.3-.5.3-.7s-.1-.5-.3-.7c-.2-.2-.4-.3-.7-.3h-11c-.3 0-.5.1-.7.3-.2.2-.3.5-.3.7s.1.5.3.7z\"\/><\/svg><\/span><\/span><\/span><\/a><\/span><\/div>\n<nav><ul class='ez-toc-list ez-toc-list-level-1 ' ><li class='ez-toc-page-1 ez-toc-heading-level-2'><a class=\"ez-toc-link ez-toc-heading-1\" href=\"https:\/\/www.grupomedcof.com.br\/blog\/entenda-a-nova-politica-nacional-de-enfrentamento-da-infeccao-por-hpv\/#O_que_e_a_Politica_Nacional_de_Enfrentamento_da_Infeccao_por_HPV\" >O que \u00e9 a Pol\u00edtica Nacional de Enfrentamento da Infec\u00e7\u00e3o por HPV?<\/a><\/li><li class='ez-toc-page-1 ez-toc-heading-level-2'><a class=\"ez-toc-link ez-toc-heading-2\" href=\"https:\/\/www.grupomedcof.com.br\/blog\/entenda-a-nova-politica-nacional-de-enfrentamento-da-infeccao-por-hpv\/#Diretrizes_da_nova_lesgislacao\" >Diretrizes da nova lesgisla\u00e7\u00e3o<\/a><\/li><li class='ez-toc-page-1 ez-toc-heading-level-2'><a class=\"ez-toc-link ez-toc-heading-3\" href=\"https:\/\/www.grupomedcof.com.br\/blog\/entenda-a-nova-politica-nacional-de-enfrentamento-da-infeccao-por-hpv\/#Como_conquistar_a_aprovacao_na_residencia\" >Como conquistar a aprova\u00e7\u00e3o na resid\u00eancia?<\/a><\/li><\/ul><\/nav><\/div>\n\n<figure class=\"wp-block-image size-large\"><img loading=\"lazy\" decoding=\"async\" width=\"1024\" height=\"576\" src=\"https:\/\/www.grupomedcof.com.br\/blog\/wp-content\/uploads\/2025\/07\/Blog-MedCof-2025-07-23T115641.283-1024x576.jpg\" alt=\"\" class=\"wp-image-36670\" srcset=\"https:\/\/www.grupomedcof.com.br\/blog\/wp-content\/uploads\/2025\/07\/Blog-MedCof-2025-07-23T115641.283-1024x576.jpg 1024w, https:\/\/www.grupomedcof.com.br\/blog\/wp-content\/uploads\/2025\/07\/Blog-MedCof-2025-07-23T115641.283-300x169.jpg 300w, https:\/\/www.grupomedcof.com.br\/blog\/wp-content\/uploads\/2025\/07\/Blog-MedCof-2025-07-23T115641.283-768x432.jpg 768w, https:\/\/www.grupomedcof.com.br\/blog\/wp-content\/uploads\/2025\/07\/Blog-MedCof-2025-07-23T115641.283-1536x864.jpg 1536w, https:\/\/www.grupomedcof.com.br\/blog\/wp-content\/uploads\/2025\/07\/Blog-MedCof-2025-07-23T115641.283-747x420.jpg 747w, https:\/\/www.grupomedcof.com.br\/blog\/wp-content\/uploads\/2025\/07\/Blog-MedCof-2025-07-23T115641.283-150x84.jpg 150w, https:\/\/www.grupomedcof.com.br\/blog\/wp-content\/uploads\/2025\/07\/Blog-MedCof-2025-07-23T115641.283-696x392.jpg 696w, https:\/\/www.grupomedcof.com.br\/blog\/wp-content\/uploads\/2025\/07\/Blog-MedCof-2025-07-23T115641.283-1068x601.jpg 1068w, https:\/\/www.grupomedcof.com.br\/blog\/wp-content\/uploads\/2025\/07\/Blog-MedCof-2025-07-23T115641.283.jpg 1920w\" sizes=\"auto, (max-width: 1024px) 100vw, 1024px\" \/><figcaption class=\"wp-element-caption\">Imagem: Canva.<\/figcaption><\/figure>\n\n\n\n<p>Publicada hoje no Di\u00e1rio Oficial da Uni\u00e3o, a\u00a0<strong>Lei n\u00ba 15.174<\/strong> institui a <strong>Pol\u00edtica Nacional de Enfrentamento da Infec\u00e7\u00e3o por HPV.<\/strong> A legisla\u00e7\u00e3o visa ampliar a <strong>preven\u00e7\u00e3o, diagn\u00f3stico  e tratamento<\/strong> pelo Papilomav\u00edrus Humano em todo o pa\u00eds. <\/p>\n\n\n\n<h2 class=\"wp-block-heading\" id=\"h-o-que-e-a-politica-nacional-de-enfrentamento-da-infeccao-por-hpv\"><span class=\"ez-toc-section\" id=\"O_que_e_a_Politica_Nacional_de_Enfrentamento_da_Infeccao_por_HPV\"><\/span><strong>O que \u00e9 a Pol\u00edtica Nacional de Enfrentamento da Infec\u00e7\u00e3o por HPV?<\/strong><span class=\"ez-toc-section-end\"><\/span><\/h2>\n\n\n\n<p>Como mencionado, a legisla\u00e7\u00e3o ampliar\u00e1 a preven\u00e7\u00e3o, diagn\u00f3stico e tratamento do HPV, com objetivo central de<strong> aditamento<\/strong> <strong>do acesso \u00e0 vacina\u00e7\u00e3o contra o HPV<\/strong>, exames cl\u00ednicos e laboratoriais para detec\u00e7\u00e3o precoce e tratamentos acess\u00edveis \u00e0 popula\u00e7\u00e3o. Dentre os m\u00e9todos, est\u00e3o:<\/p>\n\n\n\n<ul class=\"wp-block-list\">\n<li>Exames f\u00edsicos;<\/li>\n\n\n\n<li>Testes locais;<\/li>\n\n\n\n<li>Colposcopia;<\/li>\n\n\n\n<li>Citologia;<\/li>\n\n\n\n<li>Bi\u00f3psia;<\/li>\n\n\n\n<li>Testes moleculares.<\/li>\n<\/ul>\n\n\n\n<p>Ademais, a lei tamb\u00e9m determina que os<strong> parceiros de pessoas infectadas sejam devidamente tratados<\/strong> e possuam acompanhamento cl\u00ednico, representando um avan\u00e7o no cuidado e na quebra da<strong> cadeia de transmiss\u00e3o.<\/strong><\/p>\n\n\n\n<p>O regulamento passar\u00e1 a valer em 90 dias, tempo para que o governo e os estados ajustem os sistemas de sa\u00fade para a nova pol\u00edtica.<\/p>\n\n\n\n<div class=\"wp-block-buttons is-content-justification-center is-layout-flex wp-container-core-buttons-is-layout-16018d1d wp-block-buttons-is-layout-flex\">\n<div class=\"wp-block-button\"><a class=\"wp-block-button__link wp-element-button\" href=\"https:\/\/www.grupomedcof.com.br\/blog\/wp-content\/uploads\/2025\/07\/LEI-No-15.174-DE-22-DE-JULHO-DE-2025-LEI-No-15.174-DE-22-DE-JULHO-DE-2025-DOU-Imprensa-Nacional.pdf\" target=\"_blank\" rel=\"noreferrer noopener\"><strong>Lei n\u00ba 15.174<\/strong><\/a><\/div>\n<\/div>\n\n\n\n<h2 class=\"wp-block-heading\" id=\"h-diretrizes-da-nova-lesgislacao\"><span class=\"ez-toc-section\" id=\"Diretrizes_da_nova_lesgislacao\"><\/span><strong>Diretrizes da nova lesgisla\u00e7\u00e3o<\/strong><span class=\"ez-toc-section-end\"><\/span><\/h2>\n\n\n\n<p>As diretrizes da legisla\u00e7\u00e3o tamb\u00e9m incluem o\u00a0<strong>incentivo \u00e0 integra\u00e7\u00e3o entre \u00f3rg\u00e3os p\u00fablicos<\/strong>, entidades da sociedade civil e institui\u00e7\u00f5es de pesquisa, al\u00e9m da promo\u00e7\u00e3o de campanhas educativas para aumentar a conscientiza\u00e7\u00e3o sobre a preven\u00e7\u00e3o do HPV e suas complica\u00e7\u00f5es.\u00a0<\/p>\n\n\n\n<p>N\u00e3o deixe de conferir: <a href=\"https:\/\/www.grupomedcof.com.br\/blog\/sus-substituira-papanicolau-por-exame-molecular-de-dna-hpv\/\" target=\"_blank\" rel=\"noreferrer noopener\">SUS substituir\u00e1 Papanicolau por exame molecular de DNA-HPV<\/a> | <a href=\"https:\/\/www.grupomedcof.com.br\/blog\/marco-lilas-prevenindo-o-cancer-de-colo-de-utero\/\" target=\"_blank\" rel=\"noreferrer noopener\">Mar\u00e7o Lil\u00e1s: prevenindo o c\u00e2ncer de colo de \u00fatero\u00a0<\/a><\/p>\n\n\n\n<hr class=\"wp-block-separator has-alpha-channel-opacity\"\/>\n\n\n\n<h2 class=\"wp-block-heading\" id=\"como-conquistar-a-aprova\u00e7\u00e3o-na-resid\u00eancia\"><span class=\"ez-toc-section\" id=\"Como_conquistar_a_aprovacao_na_residencia\"><\/span><strong>Como conquistar a aprova\u00e7\u00e3o na resid\u00eancia?<\/strong><span class=\"ez-toc-section-end\"><\/span><\/h2>\n\n\n\n<p>Quer alcan\u00e7ar a aprova\u00e7\u00e3o nas provas de resid\u00eancia m\u00e9dica? Ent\u00e3o seja um&nbsp;<a href=\"https:\/\/www.grupomedcof.com.br\/home\/\">MedCofer<\/a>! Aqui te ajudaremos na busca da aprova\u00e7\u00e3o com conte\u00fados de qualidade e uma&nbsp;<a href=\"https:\/\/www.grupomedcof.com.br\/blog\/presenca-da-medcof-nas-aprovacoes-em-residencia-medica-no-brasil\/\">metodologia que j\u00e1 aprovou mais de 10 mil residentes no pa\u00eds!&nbsp;<\/a>Por fim, acesse o nosso<a href=\"https:\/\/www.youtube.com\/@GrupoMedcof\/featured\">&nbsp;<strong>canal do youtube&nbsp;<\/strong><\/a>para ver o nosso material.<\/p>\n\n\n\n<figure class=\"wp-block-embed is-type-video is-provider-youtube wp-block-embed-youtube wp-embed-aspect-16-9 wp-has-aspect-ratio\"><div class=\"wp-block-embed__wrapper\">\n<div class=\"youtube-embed\" data-video_id=\"Sqxg5gvK3pc\"><iframe loading=\"lazy\" title=\"Alerta ATUALIZA\u00c7\u00c3O \u203c\ufe0f\u203c\ufe0fVacina para o HPV\" width=\"696\" height=\"392\" src=\"https:\/\/www.youtube.com\/embed\/Sqxg5gvK3pc?feature=oembed&#038;enablejsapi=1\" frameborder=\"0\" allow=\"accelerometer; autoplay; clipboard-write; encrypted-media; gyroscope; picture-in-picture; web-share\" referrerpolicy=\"strict-origin-when-cross-origin\" allowfullscreen><\/iframe><\/div>\n<\/div><\/figure>\n","protected":false},"excerpt":{"rendered":"<p>Entenda a nova Pol\u00edtica de enfrentamento da infec\u00e7\u00e3o por HPV sancionada pelo governo. Veja as novas diretrizes! <\/p>\n","protected":false},"author":20,"featured_media":36670,"comment_status":"closed","ping_status":"closed","sticky":false,"template":"","format":"standard","meta":{"footnotes":""},"categories":[240],"tags":[1803,1313,1406],"ppma_author":[3616],"class_list":{"0":"post-36666","1":"post","2":"type-post","3":"status-publish","4":"format-standard","5":"has-post-thumbnail","7":"category-noticias","8":"tag-cancer-de-colo-de-utero","9":"tag-exame","10":"tag-hpv"},"yoast_head":"<!-- This site is optimized with the Yoast SEO Premium plugin v24.3 (Yoast SEO v27.4) - https:\/\/yoast.com\/product\/yoast-seo-premium-wordpress\/ -->\n<title>Nova Pol\u00edtica Nacional de Enfrentamento ao HPV | Medcof<\/title>\n<meta name=\"description\" content=\"Entenda a nova Pol\u00edtica de enfrentamento da infec\u00e7\u00e3o por HPV sancionada pelo governo. Veja as novas diretrizes!\" \/>\n<meta name=\"robots\" content=\"index, follow, max-snippet:-1, max-image-preview:large, max-video-preview:-1\" \/>\n<link rel=\"canonical\" href=\"https:\/\/www.grupomedcof.com.br\/blog\/entenda-a-nova-politica-nacional-de-enfrentamento-da-infeccao-por-hpv\/\" \/>\n<meta property=\"og:locale\" content=\"pt_BR\" \/>\n<meta property=\"og:type\" content=\"article\" \/>\n<meta property=\"og:title\" content=\"Entenda a nova Pol\u00edtica Nacional de Enfrentamento da Infec\u00e7\u00e3o por HPV\" \/>\n<meta property=\"og:description\" content=\"Entenda a nova Pol\u00edtica de enfrentamento da infec\u00e7\u00e3o por HPV sancionada pelo governo. Veja as novas diretrizes!\" \/>\n<meta property=\"og:url\" content=\"https:\/\/www.grupomedcof.com.br\/blog\/entenda-a-nova-politica-nacional-de-enfrentamento-da-infeccao-por-hpv\/\" \/>\n<meta property=\"og:site_name\" content=\"Blog de Medcof: conte\u00fados, editais, revalida e mais!\" \/>\n<meta property=\"article:publisher\" content=\"https:\/\/www.facebook.com\/MedCofQbank\/\" \/>\n<meta property=\"article:published_time\" content=\"2025-07-23T14:58:56+00:00\" \/>\n<meta property=\"article:modified_time\" content=\"2026-04-24T18:46:52+00:00\" \/>\n<meta property=\"og:image\" content=\"https:\/\/www.grupomedcof.com.br\/blog\/wp-content\/uploads\/2025\/07\/Blog-MedCof-2025-07-23T115641.283.jpg\" \/>\n\t<meta property=\"og:image:width\" content=\"1920\" \/>\n\t<meta property=\"og:image:height\" content=\"1080\" \/>\n\t<meta property=\"og:image:type\" content=\"image\/jpeg\" \/>\n<meta name=\"author\" content=\"Leila Menzel\" \/>\n<meta name=\"twitter:card\" content=\"summary_large_image\" \/>\n<meta name=\"twitter:label1\" content=\"Escrito por\" \/>\n\t<meta name=\"twitter:data1\" content=\"Leila Menzel\" \/>\n\t<meta name=\"twitter:label2\" content=\"Est. tempo de leitura\" \/>\n\t<meta name=\"twitter:data2\" content=\"2 minutos\" \/>\n<script type=\"application\/ld+json\" class=\"yoast-schema-graph\">{\"@context\":\"https:\\\/\\\/schema.org\",\"@graph\":[{\"@type\":\"Article\",\"@id\":\"https:\\\/\\\/www.grupomedcof.com.br\\\/blog\\\/entenda-a-nova-politica-nacional-de-enfrentamento-da-infeccao-por-hpv\\\/#article\",\"isPartOf\":{\"@id\":\"https:\\\/\\\/www.grupomedcof.com.br\\\/blog\\\/entenda-a-nova-politica-nacional-de-enfrentamento-da-infeccao-por-hpv\\\/\"},\"author\":{\"name\":\"Leila Menzel\",\"@id\":\"https:\\\/\\\/www.grupomedcof.com.br\\\/blog\\\/#\\\/schema\\\/person\\\/9a44c2184a836bf5ae6967fdb3a1451e\"},\"headline\":\"Entenda a nova Pol\u00edtica Nacional de Enfrentamento da Infec\u00e7\u00e3o por HPV\",\"datePublished\":\"2025-07-23T14:58:56+00:00\",\"dateModified\":\"2026-04-24T18:46:52+00:00\",\"mainEntityOfPage\":{\"@id\":\"https:\\\/\\\/www.grupomedcof.com.br\\\/blog\\\/entenda-a-nova-politica-nacional-de-enfrentamento-da-infeccao-por-hpv\\\/\"},\"wordCount\":352,\"publisher\":{\"@id\":\"https:\\\/\\\/www.grupomedcof.com.br\\\/blog\\\/#organization\"},\"image\":{\"@id\":\"https:\\\/\\\/www.grupomedcof.com.br\\\/blog\\\/entenda-a-nova-politica-nacional-de-enfrentamento-da-infeccao-por-hpv\\\/#primaryimage\"},\"thumbnailUrl\":\"https:\\\/\\\/www.grupomedcof.com.br\\\/blog\\\/wp-content\\\/uploads\\\/2025\\\/07\\\/Blog-MedCof-2025-07-23T115641.283.jpg\",\"keywords\":[\"C\u00e2ncer de colo de \u00fatero\",\"exame\",\"Hpv\"],\"articleSection\":[\"Not\u00edcias\"],\"inLanguage\":\"pt-BR\"},{\"@type\":\"WebPage\",\"@id\":\"https:\\\/\\\/www.grupomedcof.com.br\\\/blog\\\/entenda-a-nova-politica-nacional-de-enfrentamento-da-infeccao-por-hpv\\\/\",\"url\":\"https:\\\/\\\/www.grupomedcof.com.br\\\/blog\\\/entenda-a-nova-politica-nacional-de-enfrentamento-da-infeccao-por-hpv\\\/\",\"name\":\"Nova Pol\u00edtica Nacional de Enfrentamento ao HPV | Medcof\",\"isPartOf\":{\"@id\":\"https:\\\/\\\/www.grupomedcof.com.br\\\/blog\\\/#website\"},\"primaryImageOfPage\":{\"@id\":\"https:\\\/\\\/www.grupomedcof.com.br\\\/blog\\\/entenda-a-nova-politica-nacional-de-enfrentamento-da-infeccao-por-hpv\\\/#primaryimage\"},\"image\":{\"@id\":\"https:\\\/\\\/www.grupomedcof.com.br\\\/blog\\\/entenda-a-nova-politica-nacional-de-enfrentamento-da-infeccao-por-hpv\\\/#primaryimage\"},\"thumbnailUrl\":\"https:\\\/\\\/www.grupomedcof.com.br\\\/blog\\\/wp-content\\\/uploads\\\/2025\\\/07\\\/Blog-MedCof-2025-07-23T115641.283.jpg\",\"datePublished\":\"2025-07-23T14:58:56+00:00\",\"dateModified\":\"2026-04-24T18:46:52+00:00\",\"description\":\"Entenda a nova Pol\u00edtica de enfrentamento da infec\u00e7\u00e3o por HPV sancionada pelo governo. Veja as novas diretrizes!\",\"breadcrumb\":{\"@id\":\"https:\\\/\\\/www.grupomedcof.com.br\\\/blog\\\/entenda-a-nova-politica-nacional-de-enfrentamento-da-infeccao-por-hpv\\\/#breadcrumb\"},\"inLanguage\":\"pt-BR\",\"potentialAction\":[{\"@type\":\"ReadAction\",\"target\":[\"https:\\\/\\\/www.grupomedcof.com.br\\\/blog\\\/entenda-a-nova-politica-nacional-de-enfrentamento-da-infeccao-por-hpv\\\/\"]}]},{\"@type\":\"ImageObject\",\"inLanguage\":\"pt-BR\",\"@id\":\"https:\\\/\\\/www.grupomedcof.com.br\\\/blog\\\/entenda-a-nova-politica-nacional-de-enfrentamento-da-infeccao-por-hpv\\\/#primaryimage\",\"url\":\"https:\\\/\\\/www.grupomedcof.com.br\\\/blog\\\/wp-content\\\/uploads\\\/2025\\\/07\\\/Blog-MedCof-2025-07-23T115641.283.jpg\",\"contentUrl\":\"https:\\\/\\\/www.grupomedcof.com.br\\\/blog\\\/wp-content\\\/uploads\\\/2025\\\/07\\\/Blog-MedCof-2025-07-23T115641.283.jpg\",\"width\":1920,\"height\":1080,\"caption\":\"Imagem: Canva.\"},{\"@type\":\"BreadcrumbList\",\"@id\":\"https:\\\/\\\/www.grupomedcof.com.br\\\/blog\\\/entenda-a-nova-politica-nacional-de-enfrentamento-da-infeccao-por-hpv\\\/#breadcrumb\",\"itemListElement\":[{\"@type\":\"ListItem\",\"position\":1,\"name\":\"In\u00edcio\",\"item\":\"https:\\\/\\\/www.grupomedcof.com.br\\\/blog\\\/\"},{\"@type\":\"ListItem\",\"position\":2,\"name\":\"Entenda a nova Pol\u00edtica Nacional de Enfrentamento da Infec\u00e7\u00e3o por HPV\"}]},{\"@type\":\"WebSite\",\"@id\":\"https:\\\/\\\/www.grupomedcof.com.br\\\/blog\\\/#website\",\"url\":\"https:\\\/\\\/www.grupomedcof.com.br\\\/blog\\\/\",\"name\":\"Blog de Medcof: conte\u00fados, editais, revalida e mais!\",\"description\":\"Acesso o blog de MedCof! Seu portal de conte\u00fados sobre resid\u00eancia m\u00e9dica, an\u00e1lise e editais e muito mais. Clique e confira!\",\"publisher\":{\"@id\":\"https:\\\/\\\/www.grupomedcof.com.br\\\/blog\\\/#organization\"},\"alternateName\":\"Blog de Medcof: conte\u00fados, editais, revalida e mais!\",\"potentialAction\":[{\"@type\":\"SearchAction\",\"target\":{\"@type\":\"EntryPoint\",\"urlTemplate\":\"https:\\\/\\\/www.grupomedcof.com.br\\\/blog\\\/?s={search_term_string}\"},\"query-input\":{\"@type\":\"PropertyValueSpecification\",\"valueRequired\":true,\"valueName\":\"search_term_string\"}}],\"inLanguage\":\"pt-BR\"},{\"@type\":\"Organization\",\"@id\":\"https:\\\/\\\/www.grupomedcof.com.br\\\/blog\\\/#organization\",\"name\":\"Grupo MedCof\",\"url\":\"https:\\\/\\\/www.grupomedcof.com.br\\\/blog\\\/\",\"logo\":{\"@type\":\"ImageObject\",\"inLanguage\":\"pt-BR\",\"@id\":\"https:\\\/\\\/www.grupomedcof.com.br\\\/blog\\\/#\\\/schema\\\/logo\\\/image\\\/\",\"url\":\"https:\\\/\\\/www.grupomedcof.com.br\\\/blog\\\/wp-content\\\/uploads\\\/2022\\\/01\\\/logo-medcof.png\",\"contentUrl\":\"https:\\\/\\\/www.grupomedcof.com.br\\\/blog\\\/wp-content\\\/uploads\\\/2022\\\/01\\\/logo-medcof.png\",\"width\":768,\"height\":269,\"caption\":\"Grupo MedCof\"},\"image\":{\"@id\":\"https:\\\/\\\/www.grupomedcof.com.br\\\/blog\\\/#\\\/schema\\\/logo\\\/image\\\/\"},\"sameAs\":[\"https:\\\/\\\/www.facebook.com\\\/MedCofQbank\\\/\",\"https:\\\/\\\/www.instagram.com\\\/grupomedcof\\\/\",\"https:\\\/\\\/br.linkedin.com\\\/company\\\/medcof\",\"https:\\\/\\\/www.youtube.com\\\/channel\\\/UCdHMuOHKICxcHwecxN8P-AA\"]},{\"@type\":\"Person\",\"@id\":\"https:\\\/\\\/www.grupomedcof.com.br\\\/blog\\\/#\\\/schema\\\/person\\\/9a44c2184a836bf5ae6967fdb3a1451e\",\"name\":\"Leila Menzel\",\"image\":{\"@type\":\"ImageObject\",\"inLanguage\":\"pt-BR\",\"@id\":\"https:\\\/\\\/www.grupomedcof.com.br\\\/blog\\\/wp-content\\\/uploads\\\/2025\\\/09\\\/cropped-eu-96x96.jpeg19a74936d997c0a8b3031618467fa1d0\",\"url\":\"https:\\\/\\\/www.grupomedcof.com.br\\\/blog\\\/wp-content\\\/uploads\\\/2025\\\/09\\\/cropped-eu-96x96.jpeg\",\"contentUrl\":\"https:\\\/\\\/www.grupomedcof.com.br\\\/blog\\\/wp-content\\\/uploads\\\/2025\\\/09\\\/cropped-eu-96x96.jpeg\",\"caption\":\"Leila Menzel\"},\"description\":\"Estudante do 6\u00b0 semestre de jornalismo, amo e escrevo poesias e viajo em livros de romances clich\u00eas.\",\"url\":\"https:\\\/\\\/www.grupomedcof.com.br\\\/blog\\\/author\\\/leila-menzel\\\/\"}]}<\/script>\n<!-- \/ Yoast SEO Premium plugin. -->","yoast_head_json":{"title":"Nova Pol\u00edtica Nacional de Enfrentamento ao HPV | Medcof","description":"Entenda a nova Pol\u00edtica de enfrentamento da infec\u00e7\u00e3o por HPV sancionada pelo governo. Veja as novas diretrizes!","robots":{"index":"index","follow":"follow","max-snippet":"max-snippet:-1","max-image-preview":"max-image-preview:large","max-video-preview":"max-video-preview:-1"},"canonical":"https:\/\/www.grupomedcof.com.br\/blog\/entenda-a-nova-politica-nacional-de-enfrentamento-da-infeccao-por-hpv\/","og_locale":"pt_BR","og_type":"article","og_title":"Entenda a nova Pol\u00edtica Nacional de Enfrentamento da Infec\u00e7\u00e3o por HPV","og_description":"Entenda a nova Pol\u00edtica de enfrentamento da infec\u00e7\u00e3o por HPV sancionada pelo governo. Veja as novas diretrizes!","og_url":"https:\/\/www.grupomedcof.com.br\/blog\/entenda-a-nova-politica-nacional-de-enfrentamento-da-infeccao-por-hpv\/","og_site_name":"Blog de Medcof: conte\u00fados, editais, revalida e mais!","article_publisher":"https:\/\/www.facebook.com\/MedCofQbank\/","article_published_time":"2025-07-23T14:58:56+00:00","article_modified_time":"2026-04-24T18:46:52+00:00","og_image":[{"width":1920,"height":1080,"url":"https:\/\/www.grupomedcof.com.br\/blog\/wp-content\/uploads\/2025\/07\/Blog-MedCof-2025-07-23T115641.283.jpg","type":"image\/jpeg"}],"author":"Leila Menzel","twitter_card":"summary_large_image","twitter_misc":{"Escrito por":"Leila Menzel","Est. tempo de leitura":"2 minutos"},"schema":{"@context":"https:\/\/schema.org","@graph":[{"@type":"Article","@id":"https:\/\/www.grupomedcof.com.br\/blog\/entenda-a-nova-politica-nacional-de-enfrentamento-da-infeccao-por-hpv\/#article","isPartOf":{"@id":"https:\/\/www.grupomedcof.com.br\/blog\/entenda-a-nova-politica-nacional-de-enfrentamento-da-infeccao-por-hpv\/"},"author":{"name":"Leila Menzel","@id":"https:\/\/www.grupomedcof.com.br\/blog\/#\/schema\/person\/9a44c2184a836bf5ae6967fdb3a1451e"},"headline":"Entenda a nova Pol\u00edtica Nacional de Enfrentamento da Infec\u00e7\u00e3o por HPV","datePublished":"2025-07-23T14:58:56+00:00","dateModified":"2026-04-24T18:46:52+00:00","mainEntityOfPage":{"@id":"https:\/\/www.grupomedcof.com.br\/blog\/entenda-a-nova-politica-nacional-de-enfrentamento-da-infeccao-por-hpv\/"},"wordCount":352,"publisher":{"@id":"https:\/\/www.grupomedcof.com.br\/blog\/#organization"},"image":{"@id":"https:\/\/www.grupomedcof.com.br\/blog\/entenda-a-nova-politica-nacional-de-enfrentamento-da-infeccao-por-hpv\/#primaryimage"},"thumbnailUrl":"https:\/\/www.grupomedcof.com.br\/blog\/wp-content\/uploads\/2025\/07\/Blog-MedCof-2025-07-23T115641.283.jpg","keywords":["C\u00e2ncer de colo de \u00fatero","exame","Hpv"],"articleSection":["Not\u00edcias"],"inLanguage":"pt-BR"},{"@type":"WebPage","@id":"https:\/\/www.grupomedcof.com.br\/blog\/entenda-a-nova-politica-nacional-de-enfrentamento-da-infeccao-por-hpv\/","url":"https:\/\/www.grupomedcof.com.br\/blog\/entenda-a-nova-politica-nacional-de-enfrentamento-da-infeccao-por-hpv\/","name":"Nova Pol\u00edtica Nacional de Enfrentamento ao HPV | Medcof","isPartOf":{"@id":"https:\/\/www.grupomedcof.com.br\/blog\/#website"},"primaryImageOfPage":{"@id":"https:\/\/www.grupomedcof.com.br\/blog\/entenda-a-nova-politica-nacional-de-enfrentamento-da-infeccao-por-hpv\/#primaryimage"},"image":{"@id":"https:\/\/www.grupomedcof.com.br\/blog\/entenda-a-nova-politica-nacional-de-enfrentamento-da-infeccao-por-hpv\/#primaryimage"},"thumbnailUrl":"https:\/\/www.grupomedcof.com.br\/blog\/wp-content\/uploads\/2025\/07\/Blog-MedCof-2025-07-23T115641.283.jpg","datePublished":"2025-07-23T14:58:56+00:00","dateModified":"2026-04-24T18:46:52+00:00","description":"Entenda a nova Pol\u00edtica de enfrentamento da infec\u00e7\u00e3o por HPV sancionada pelo governo. Veja as novas diretrizes!","breadcrumb":{"@id":"https:\/\/www.grupomedcof.com.br\/blog\/entenda-a-nova-politica-nacional-de-enfrentamento-da-infeccao-por-hpv\/#breadcrumb"},"inLanguage":"pt-BR","potentialAction":[{"@type":"ReadAction","target":["https:\/\/www.grupomedcof.com.br\/blog\/entenda-a-nova-politica-nacional-de-enfrentamento-da-infeccao-por-hpv\/"]}]},{"@type":"ImageObject","inLanguage":"pt-BR","@id":"https:\/\/www.grupomedcof.com.br\/blog\/entenda-a-nova-politica-nacional-de-enfrentamento-da-infeccao-por-hpv\/#primaryimage","url":"https:\/\/www.grupomedcof.com.br\/blog\/wp-content\/uploads\/2025\/07\/Blog-MedCof-2025-07-23T115641.283.jpg","contentUrl":"https:\/\/www.grupomedcof.com.br\/blog\/wp-content\/uploads\/2025\/07\/Blog-MedCof-2025-07-23T115641.283.jpg","width":1920,"height":1080,"caption":"Imagem: Canva."},{"@type":"BreadcrumbList","@id":"https:\/\/www.grupomedcof.com.br\/blog\/entenda-a-nova-politica-nacional-de-enfrentamento-da-infeccao-por-hpv\/#breadcrumb","itemListElement":[{"@type":"ListItem","position":1,"name":"In\u00edcio","item":"https:\/\/www.grupomedcof.com.br\/blog\/"},{"@type":"ListItem","position":2,"name":"Entenda a nova Pol\u00edtica Nacional de Enfrentamento da Infec\u00e7\u00e3o por HPV"}]},{"@type":"WebSite","@id":"https:\/\/www.grupomedcof.com.br\/blog\/#website","url":"https:\/\/www.grupomedcof.com.br\/blog\/","name":"Blog de Medcof: conte\u00fados, editais, revalida e mais!","description":"Acesso o blog de MedCof! Seu portal de conte\u00fados sobre resid\u00eancia m\u00e9dica, an\u00e1lise e editais e muito mais. Clique e confira!","publisher":{"@id":"https:\/\/www.grupomedcof.com.br\/blog\/#organization"},"alternateName":"Blog de Medcof: conte\u00fados, editais, revalida e mais!","potentialAction":[{"@type":"SearchAction","target":{"@type":"EntryPoint","urlTemplate":"https:\/\/www.grupomedcof.com.br\/blog\/?s={search_term_string}"},"query-input":{"@type":"PropertyValueSpecification","valueRequired":true,"valueName":"search_term_string"}}],"inLanguage":"pt-BR"},{"@type":"Organization","@id":"https:\/\/www.grupomedcof.com.br\/blog\/#organization","name":"Grupo MedCof","url":"https:\/\/www.grupomedcof.com.br\/blog\/","logo":{"@type":"ImageObject","inLanguage":"pt-BR","@id":"https:\/\/www.grupomedcof.com.br\/blog\/#\/schema\/logo\/image\/","url":"https:\/\/www.grupomedcof.com.br\/blog\/wp-content\/uploads\/2022\/01\/logo-medcof.png","contentUrl":"https:\/\/www.grupomedcof.com.br\/blog\/wp-content\/uploads\/2022\/01\/logo-medcof.png","width":768,"height":269,"caption":"Grupo MedCof"},"image":{"@id":"https:\/\/www.grupomedcof.com.br\/blog\/#\/schema\/logo\/image\/"},"sameAs":["https:\/\/www.facebook.com\/MedCofQbank\/","https:\/\/www.instagram.com\/grupomedcof\/","https:\/\/br.linkedin.com\/company\/medcof","https:\/\/www.youtube.com\/channel\/UCdHMuOHKICxcHwecxN8P-AA"]},{"@type":"Person","@id":"https:\/\/www.grupomedcof.com.br\/blog\/#\/schema\/person\/9a44c2184a836bf5ae6967fdb3a1451e","name":"Leila Menzel","image":{"@type":"ImageObject","inLanguage":"pt-BR","@id":"https:\/\/www.grupomedcof.com.br\/blog\/wp-content\/uploads\/2025\/09\/cropped-eu-96x96.jpeg19a74936d997c0a8b3031618467fa1d0","url":"https:\/\/www.grupomedcof.com.br\/blog\/wp-content\/uploads\/2025\/09\/cropped-eu-96x96.jpeg","contentUrl":"https:\/\/www.grupomedcof.com.br\/blog\/wp-content\/uploads\/2025\/09\/cropped-eu-96x96.jpeg","caption":"Leila Menzel"},"description":"Estudante do 6\u00b0 semestre de jornalismo, amo e escrevo poesias e viajo em livros de romances clich\u00eas.","url":"https:\/\/www.grupomedcof.com.br\/blog\/author\/leila-menzel\/"}]}},"authors":[{"term_id":3616,"user_id":20,"is_guest":0,"slug":"leila-menzel","display_name":"Leila Menzel","avatar_url":"https:\/\/www.grupomedcof.com.br\/blog\/wp-content\/uploads\/2025\/09\/cropped-eu-96x96.jpeg","0":null,"1":"","2":"","3":"","4":"","5":"","6":"","7":"","8":""}],"_links":{"self":[{"href":"https:\/\/www.grupomedcof.com.br\/blog\/wp-json\/wp\/v2\/posts\/36666","targetHints":{"allow":["GET"]}}],"collection":[{"href":"https:\/\/www.grupomedcof.com.br\/blog\/wp-json\/wp\/v2\/posts"}],"about":[{"href":"https:\/\/www.grupomedcof.com.br\/blog\/wp-json\/wp\/v2\/types\/post"}],"author":[{"embeddable":true,"href":"https:\/\/www.grupomedcof.com.br\/blog\/wp-json\/wp\/v2\/users\/20"}],"replies":[{"embeddable":true,"href":"https:\/\/www.grupomedcof.com.br\/blog\/wp-json\/wp\/v2\/comments?post=36666"}],"version-history":[{"count":2,"href":"https:\/\/www.grupomedcof.com.br\/blog\/wp-json\/wp\/v2\/posts\/36666\/revisions"}],"predecessor-version":[{"id":36671,"href":"https:\/\/www.grupomedcof.com.br\/blog\/wp-json\/wp\/v2\/posts\/36666\/revisions\/36671"}],"wp:featuredmedia":[{"embeddable":true,"href":"https:\/\/www.grupomedcof.com.br\/blog\/wp-json\/wp\/v2\/media\/36670"}],"wp:attachment":[{"href":"https:\/\/www.grupomedcof.com.br\/blog\/wp-json\/wp\/v2\/media?parent=36666"}],"wp:term":[{"taxonomy":"category","embeddable":true,"href":"https:\/\/www.grupomedcof.com.br\/blog\/wp-json\/wp\/v2\/categories?post=36666"},{"taxonomy":"post_tag","embeddable":true,"href":"https:\/\/www.grupomedcof.com.br\/blog\/wp-json\/wp\/v2\/tags?post=36666"},{"taxonomy":"author","embeddable":true,"href":"https:\/\/www.grupomedcof.com.br\/blog\/wp-json\/wp\/v2\/ppma_author?post=36666"}],"curies":[{"name":"wp","href":"https:\/\/api.w.org\/{rel}","templated":true}]}}