{"id":36688,"date":"2025-08-06T08:59:27","date_gmt":"2025-08-06T11:59:27","guid":{"rendered":"https:\/\/www.grupomedcof.com.br\/blog\/?p=36688"},"modified":"2025-08-06T08:59:29","modified_gmt":"2025-08-06T11:59:29","slug":"residencia-medica-o-que-muda-com-as-novas-medidas-do-ministerio-da-saude","status":"publish","type":"post","link":"https:\/\/www.grupomedcof.com.br\/blog\/residencia-medica-o-que-muda-com-as-novas-medidas-do-ministerio-da-saude\/","title":{"rendered":"Como funcionar\u00e1 a segunda entrada da resid\u00eancia m\u00e9dica?"},"content":{"rendered":"<div id=\"ez-toc-container\" class=\"ez-toc-v2_0_74 counter-hierarchy ez-toc-counter ez-toc-transparent ez-toc-container-direction\">\n<div class=\"ez-toc-title-container\">\n<p class=\"ez-toc-title\" style=\"cursor:inherit\">Sum\u00e1rio<\/p>\n<span class=\"ez-toc-title-toggle\"><a href=\"#\" class=\"ez-toc-pull-right ez-toc-btn ez-toc-btn-xs ez-toc-btn-default ez-toc-toggle\" aria-label=\"Alternar tabela de conte\u00fado\"><span class=\"ez-toc-js-icon-con\"><span class=\"\"><span class=\"eztoc-hide\" style=\"display:none;\">Toggle<\/span><span class=\"ez-toc-icon-toggle-span\"><svg style=\"fill: #999;color:#999\" xmlns=\"http:\/\/www.w3.org\/2000\/svg\" class=\"list-377408\" width=\"20px\" height=\"20px\" viewBox=\"0 0 24 24\" fill=\"none\"><path d=\"M6 6H4v2h2V6zm14 0H8v2h12V6zM4 11h2v2H4v-2zm16 0H8v2h12v-2zM4 16h2v2H4v-2zm16 0H8v2h12v-2z\" fill=\"currentColor\"><\/path><\/svg><svg style=\"fill: #999;color:#999\" class=\"arrow-unsorted-368013\" xmlns=\"http:\/\/www.w3.org\/2000\/svg\" width=\"10px\" height=\"10px\" viewBox=\"0 0 24 24\" version=\"1.2\" baseProfile=\"tiny\"><path d=\"M18.2 9.3l-6.2-6.3-6.2 6.3c-.2.2-.3.4-.3.7s.1.5.3.7c.2.2.4.3.7.3h11c.3 0 .5-.1.7-.3.2-.2.3-.5.3-.7s-.1-.5-.3-.7zM5.8 14.7l6.2 6.3 6.2-6.3c.2-.2.3-.5.3-.7s-.1-.5-.3-.7c-.2-.2-.4-.3-.7-.3h-11c-.3 0-.5.1-.7.3-.2.2-.3.5-.3.7s.1.5.3.7z\"\/><\/svg><\/span><\/span><\/span><\/a><\/span><\/div>\n<nav><ul class='ez-toc-list ez-toc-list-level-1 ' ><li class='ez-toc-page-1 ez-toc-heading-level-2'><a class=\"ez-toc-link ez-toc-heading-1\" href=\"https:\/\/www.grupomedcof.com.br\/blog\/residencia-medica-o-que-muda-com-as-novas-medidas-do-ministerio-da-saude\/#Mais_chances_com_a_segunda_entrada_na_residencia_medica\" >Mais chances com a segunda entrada na resid\u00eancia m\u00e9dica<\/a><\/li><li class='ez-toc-page-1 ez-toc-heading-level-2'><a class=\"ez-toc-link ez-toc-heading-2\" href=\"https:\/\/www.grupomedcof.com.br\/blog\/residencia-medica-o-que-muda-com-as-novas-medidas-do-ministerio-da-saude\/#Mais_vagas_e_incentivos_para_preceptores\" >Mais vagas e incentivos para preceptores<\/a><\/li><li class='ez-toc-page-1 ez-toc-heading-level-2'><a class=\"ez-toc-link ez-toc-heading-3\" href=\"https:\/\/www.grupomedcof.com.br\/blog\/residencia-medica-o-que-muda-com-as-novas-medidas-do-ministerio-da-saude\/#Oncologia_em_foco_Patologia_e_Radioterapia_ganham_forca\" >Oncologia em foco: Patologia e Radioterapia ganham for\u00e7a<\/a><\/li><li class='ez-toc-page-1 ez-toc-heading-level-2'><a class=\"ez-toc-link ez-toc-heading-4\" href=\"https:\/\/www.grupomedcof.com.br\/blog\/residencia-medica-o-que-muda-com-as-novas-medidas-do-ministerio-da-saude\/#E_o_que_muda_para_o_residente\" >E o que muda para o residente?<\/a><\/li><li class='ez-toc-page-1 ez-toc-heading-level-2'><a class=\"ez-toc-link ez-toc-heading-5\" href=\"https:\/\/www.grupomedcof.com.br\/blog\/residencia-medica-o-que-muda-com-as-novas-medidas-do-ministerio-da-saude\/#Regras_da_segunda_entrada_de_residencia_medica_atualizadas_pela_CNRM\" >Regras da segunda entrada de resid\u00eancia m\u00e9dica atualizadas pela CNRM<\/a><\/li><li class='ez-toc-page-1 ez-toc-heading-level-2'><a class=\"ez-toc-link ez-toc-heading-6\" href=\"https:\/\/www.grupomedcof.com.br\/blog\/residencia-medica-o-que-muda-com-as-novas-medidas-do-ministerio-da-saude\/#Seja_um_MedCofer\" >Seja um MedCofer!<\/a><\/li><\/ul><\/nav><\/div>\n\n<figure class=\"wp-block-image size-large\"><img loading=\"lazy\" decoding=\"async\" width=\"1024\" height=\"472\" src=\"https:\/\/www.grupomedcof.com.br\/blog\/wp-content\/uploads\/2025\/07\/whatsapp-image-2025-05-30-at-13-1024x472.jpg\" alt=\"\" class=\"wp-image-36689\" srcset=\"https:\/\/www.grupomedcof.com.br\/blog\/wp-content\/uploads\/2025\/07\/whatsapp-image-2025-05-30-at-13-1024x472.jpg 1024w, https:\/\/www.grupomedcof.com.br\/blog\/wp-content\/uploads\/2025\/07\/whatsapp-image-2025-05-30-at-13-300x138.jpg 300w, https:\/\/www.grupomedcof.com.br\/blog\/wp-content\/uploads\/2025\/07\/whatsapp-image-2025-05-30-at-13-768x354.jpg 768w, https:\/\/www.grupomedcof.com.br\/blog\/wp-content\/uploads\/2025\/07\/whatsapp-image-2025-05-30-at-13-911x420.jpg 911w, https:\/\/www.grupomedcof.com.br\/blog\/wp-content\/uploads\/2025\/07\/whatsapp-image-2025-05-30-at-13-150x69.jpg 150w, https:\/\/www.grupomedcof.com.br\/blog\/wp-content\/uploads\/2025\/07\/whatsapp-image-2025-05-30-at-13-696x321.jpg 696w, https:\/\/www.grupomedcof.com.br\/blog\/wp-content\/uploads\/2025\/07\/whatsapp-image-2025-05-30-at-13-1068x492.jpg 1068w, https:\/\/www.grupomedcof.com.br\/blog\/wp-content\/uploads\/2025\/07\/whatsapp-image-2025-05-30-at-13.jpg 1280w\" sizes=\"auto, (max-width: 1024px) 100vw, 1024px\" \/><figcaption class=\"wp-element-caption\">Imagem\/Reprodu\u00e7\u00e3o: Gov.br<\/figcaption><\/figure>\n\n\n\n<p>O Minist\u00e9rio da Sa\u00fade anunciou durante o evento do <strong>Agora Tem Especialistas, <\/strong>um pacote de medidas que promete impactar diretamente a vida dos m\u00e9dicos residentes e a <a href=\"https:\/\/www.grupomedcof.com.br\/blog\/edital-mais-medicos-especialistas\/\" target=\"_blank\" rel=\"noreferrer noopener\"><strong>forma\u00e7\u00e3o de especialistas para o SUS<\/strong><\/a>. Entre as novidades, uma das mais aguardadas \u00e9 a cria\u00e7\u00e3o de uma <strong>segunda entrada anual na resid\u00eancia m\u00e9dica<\/strong>, aprovada pela Comiss\u00e3o Nacional de Resid\u00eancia M\u00e9dica (CNRM).<\/p>\n\n\n\n<p>Mas o que muda na pr\u00e1tica para quem est\u00e1 na resid\u00eancia ou sonha em come\u00e7ar em breve?<\/p>\n\n\n\n<h2 class=\"wp-block-heading\" id=\"h-mais-chances-com-a-segunda-entrada-na-residencia-medica\"><span class=\"ez-toc-section\" id=\"Mais_chances_com_a_segunda_entrada_na_residencia_medica\"><\/span><strong>Mais chances com a segunda entrada na resid\u00eancia m\u00e9dica<\/strong><span class=\"ez-toc-section-end\"><\/span><\/h2>\n\n\n\n<p>A partir de setembro de 2025, ser\u00e1 poss\u00edvel <strong>ingressar na resid\u00eancia m\u00e9dica<\/strong> em um <strong>segundo ciclo de entrada. <\/strong>A ideia \u00e9 <strong>preencher vagas ociosas<\/strong> e aproveitar listas de espera de sele\u00e7\u00f5es j\u00e1 realizadas, como o ENARE. Isso significa que<strong> quem se forma no meio do ano ou ficou na lista de espera<\/strong> pode ter uma <strong>nova chance sem precisar aguardar at\u00e9 mar\u00e7o do ano seguinte<\/strong>.<\/p>\n\n\n\n<h2 class=\"wp-block-heading\" id=\"h-mais-vagas-e-incentivos-para-preceptores\"><span class=\"ez-toc-section\" id=\"Mais_vagas_e_incentivos_para_preceptores\"><\/span><strong>Mais vagas e incentivos para preceptores<\/strong><span class=\"ez-toc-section-end\"><\/span><\/h2>\n\n\n\n<p>Outra mudan\u00e7a relevante \u00e9 o <strong>refor\u00e7o no investimento em programas de resid\u00eancia m\u00e9dica<\/strong>. Cada novo programa autorizado ter\u00e1 incentivo financeiro para coordenadores (R$4 mil) e preceptores (R$4 mil a cada tr\u00eas vagas criadas). A previs\u00e3o \u00e9 de quase <strong>R$100 milh\u00f5es investidos at\u00e9 2026<\/strong>, com foco em \u00e1reas estrat\u00e9gicas e regi\u00f5es com car\u00eancia de especialistas.<\/p>\n\n\n\n<p>Para quem j\u00e1 \u00e9 residente, isso pode significar <strong>mais oportunidades de bolsas em novas institui\u00e7\u00f5es e expans\u00e3o de vagas em especialidades com alta demanda<\/strong>.<\/p>\n\n\n\n<h2 class=\"wp-block-heading\" id=\"h-oncologia-em-foco-patologia-e-radioterapia-ganham-forca\"><span class=\"ez-toc-section\" id=\"Oncologia_em_foco_Patologia_e_Radioterapia_ganham_forca\"><\/span><strong>Oncologia em foco: Patologia e Radioterapia ganham for\u00e7a<\/strong><span class=\"ez-toc-section-end\"><\/span><\/h2>\n\n\n\n<p>Outro ponto importante foi o an\u00fancio do <strong>fortalecimento da forma\u00e7\u00e3o em Oncologia<\/strong>, especialmente em Patologia e Radioterapia \u2014 \u00e1reas historicamente com vagas ociosas.<br>O Minist\u00e9rio da Sa\u00fade quer atrair mais m\u00e9dicos para essas especialidades com uma <strong>trilha educacional complementar<\/strong> durante a resid\u00eancia, \u00eanfase em pr\u00e1tica supervisionada e at\u00e9 a possibilidade de <strong>bolsa-forma\u00e7\u00e3o adicional<\/strong>.<\/p>\n\n\n\n<h2 class=\"wp-block-heading\" id=\"h-e-o-que-muda-para-o-residente\"><span class=\"ez-toc-section\" id=\"E_o_que_muda_para_o_residente\"><\/span><strong>E o que muda para o residente?<\/strong><span class=\"ez-toc-section-end\"><\/span><\/h2>\n\n\n\n<p>Se voc\u00ea j\u00e1 est\u00e1 na resid\u00eancia, as novidades podem representar <strong>mais preceptores qualificados e melhores condi\u00e7\u00f5es de forma\u00e7\u00e3o<\/strong>. Para quem ainda vai entrar, a segunda entrada anual pode ser uma chance para aqueles que n\u00e3o conseguiram uma vaga logo no in\u00edcio do ano.<\/p>\n\n\n\n<p>A recomenda\u00e7\u00e3o \u00e9 ficar atento aos pr\u00f3ximos editais e \u00e0 publica\u00e7\u00e3o oficial das regras da CNRM. A resid\u00eancia m\u00e9dica continua sendo o principal caminho para forma\u00e7\u00e3o especializada no Brasil e, com essas mudan\u00e7as, a expectativa \u00e9 de um sistema mais \u00e1gil e com mais oportunidades. Confira mais informa\u00e7\u00f5es no<a href=\"https:\/\/www.instagram.com\/p\/DMgKIo_O0Qp\/\" target=\"_blank\" rel=\"noreferrer noopener\"> Instagram<\/a>!<\/p>\n\n\n\n<h2 class=\"wp-block-heading\" id=\"h-regras-da-segunda-entrada-de-residencia-medica-atualizadas-pela-cnrm\"><span class=\"ez-toc-section\" id=\"Regras_da_segunda_entrada_de_residencia_medica_atualizadas_pela_CNRM\"><\/span><strong>Regras da segunda entrada de resid\u00eancia m\u00e9dica atualizadas pela CNRM<\/strong><span class=\"ez-toc-section-end\"><\/span><\/h2>\n\n\n\n<p>Em 06 de agosto de 2025, a <strong>Comiss\u00e3o Nacional de Resid\u00eancia M\u00e9dica<\/strong> (CNRM) divulgou no <strong>Di\u00e1rio Oficial da Uni\u00e3o<\/strong> (DOU), uma atualiza\u00e7\u00e3o de outras resolu\u00e7\u00f5es. <\/p>\n\n\n\n<p>Anteriormente, a resolu\u00e7\u00e3o determinava que o in\u00edcio dos programas seriam somente em mar\u00e7o do ano seguinte. Agora, as atividades dos programas de resid\u00eancia m\u00e9dica devem iniciar m\u00a0<strong>1\u00ba de mar\u00e7o ou 1\u00ba de setembro<\/strong>, com t\u00e9rmino previsto para o fim de fevereiro ou de agosto em seu ano de conclus\u00e3o, respectivamente.<\/p>\n\n\n\n<p>As matr\u00edculas ocorrer\u00e3o entre\u00a0<strong>10 de fevereiro e 31 de mar\u00e7o<\/strong>,\u00a0<strong>para o primeiro semestre<\/strong>, e de\u00a0<strong>10 de agosto a 30 de setembro<\/strong>,\u00a0<strong>para o segundo<\/strong>.\u00a0Ademais, a norma tamb\u00e9m permite o <strong>remanejamento entre programas<\/strong>, at\u00e9\u00a0<strong>15 de mar\u00e7o ou 15 de setembro<\/strong>, desde que o candidato desista formalmente da vaga anterior at\u00e9 os dias<strong> 10 de janeiro ou 10 de julho. <\/strong><\/p>\n\n\n\n<p>A nova resolu\u00e7\u00e3o tamb\u00e9m traz novidades em rela\u00e7\u00e3o aos programas de pr\u00e9-requisito, permitindo que o candidato apresente, at\u00e9 a data limite de <strong>15 de mar\u00e7o ou 15 de setembro,<\/strong> a\u00a0<strong>declara\u00e7\u00e3o de conclus\u00e3o<\/strong>\u00a0do programa anterior ou de\u00a0<strong>aprova\u00e7\u00e3o no t\u00edtulo de especialista<\/strong>\u00a0no pr\u00e9-requisito exigido. <\/p>\n\n\n\n<div class=\"wp-block-buttons is-content-justification-center is-layout-flex wp-container-core-buttons-is-layout-16018d1d wp-block-buttons-is-layout-flex\">\n<div class=\"wp-block-button\"><a class=\"wp-block-button__link wp-element-button\" href=\"https:\/\/www.grupomedcof.com.br\/blog\/wp-content\/uploads\/2025\/07\/Resolucao-CNRM-2025.pdf\" target=\"_blank\" rel=\"noreferrer noopener\">Resolu\u00e7\u00e3o CNRM 1\/2025<\/a><\/div>\n<\/div>\n\n\n\n<p>Ainda, a segunda resolu\u00e7\u00e3o atualiza a\u00a0<strong><a href=\"https:\/\/www.grupomedcof.com.br\/blog\/wp-content\/uploads\/2025\/07\/999.RESOLUOCNRMN17DE21DEDEZEMBRODE2022_RESOLUOCNR-1.pdf\" target=\"_blank\" rel=\"noreferrer noopener\">Resolu\u00e7\u00e3o CNRM n\u00ba 17\/2022<\/a><\/strong>, refor\u00e7ando que\u00a0<strong>m\u00e9dicos com matr\u00edcula ativa em qualquer programa de resid\u00eancia<\/strong>\u00a0n\u00e3o poder\u00e3o participar de processos seletivos no semestre seguinte, mesmo que em outra institui\u00e7\u00e3o.<\/p>\n\n\n\n<p>Por fim, ap\u00f3s a realiza\u00e7\u00e3o das matr\u00edculas, as institui\u00e7\u00f5es dever\u00e3o <strong>registrar o residente no sistema informatizado do Minist\u00e9rio da Educa\u00e7\u00e3o<\/strong>.<\/p>\n\n\n\n<div class=\"wp-block-buttons is-content-justification-center is-layout-flex wp-container-core-buttons-is-layout-16018d1d wp-block-buttons-is-layout-flex\">\n<div class=\"wp-block-button\"><a class=\"wp-block-button__link wp-element-button\" href=\"https:\/\/www.in.gov.br\/web\/dou\/-\/resolucao-cnrm-n-2-de-1-de-agosto-de-2025-646748196\" target=\"_blank\" rel=\"noreferrer noopener\">Resolu\u00e7\u00e3o CNRM 2\/2025<\/a><\/div>\n<\/div>\n\n\n\n<figure class=\"wp-block-image size-large\"><a href=\"https:\/\/www.grupomedcof.com.br\/cofletters\/\" target=\"_blank\" rel=\" noreferrer noopener\"><img loading=\"lazy\" decoding=\"async\" width=\"1024\" height=\"320\" src=\"https:\/\/www.grupomedcof.com.br\/blog\/wp-content\/uploads\/2025\/02\/Banner-MedCof-Plus-2200x460-11-1024x320.png\" alt=\"\" class=\"wp-image-33723\" srcset=\"https:\/\/www.grupomedcof.com.br\/blog\/wp-content\/uploads\/2025\/02\/Banner-MedCof-Plus-2200x460-11-1024x320.png 1024w, https:\/\/www.grupomedcof.com.br\/blog\/wp-content\/uploads\/2025\/02\/Banner-MedCof-Plus-2200x460-11-300x94.png 300w, https:\/\/www.grupomedcof.com.br\/blog\/wp-content\/uploads\/2025\/02\/Banner-MedCof-Plus-2200x460-11-768x240.png 768w, https:\/\/www.grupomedcof.com.br\/blog\/wp-content\/uploads\/2025\/02\/Banner-MedCof-Plus-2200x460-11-1536x480.png 1536w, https:\/\/www.grupomedcof.com.br\/blog\/wp-content\/uploads\/2025\/02\/Banner-MedCof-Plus-2200x460-11-2048x640.png 2048w, https:\/\/www.grupomedcof.com.br\/blog\/wp-content\/uploads\/2025\/02\/Banner-MedCof-Plus-2200x460-11-1343x420.png 1343w, https:\/\/www.grupomedcof.com.br\/blog\/wp-content\/uploads\/2025\/02\/Banner-MedCof-Plus-2200x460-11-150x47.png 150w, https:\/\/www.grupomedcof.com.br\/blog\/wp-content\/uploads\/2025\/02\/Banner-MedCof-Plus-2200x460-11-696x218.png 696w, https:\/\/www.grupomedcof.com.br\/blog\/wp-content\/uploads\/2025\/02\/Banner-MedCof-Plus-2200x460-11-1068x334.png 1068w, https:\/\/www.grupomedcof.com.br\/blog\/wp-content\/uploads\/2025\/02\/Banner-MedCof-Plus-2200x460-11-1920x600.png 1920w\" sizes=\"auto, (max-width: 1024px) 100vw, 1024px\" \/><\/a><\/figure>\n\n\n\n<p><a href=\"https:\/\/www.grupomedcof.com.br\/blog\/psu-mg-psu-go-edital-2-entrada\/\" target=\"_blank\" rel=\"noreferrer noopener\"><strong>PSU-MG e PSU-GO 2025: edital para 2\u00aa entrada na resid\u00eancia m\u00e9dica<\/strong><\/a><\/p>\n\n\n\n<h2 class=\"wp-block-heading\"><span class=\"ez-toc-section\" id=\"Seja_um_MedCofer\"><\/span><strong>Seja um MedCofer!<\/strong><span class=\"ez-toc-section-end\"><\/span><\/h2>\n\n\n\n<p>Quer alcan\u00e7ar a aprova\u00e7\u00e3o nas provas de resid\u00eancia m\u00e9dica? Ent\u00e3o seja um&nbsp;<a href=\"https:\/\/www.grupomedcof.com.br\/home\/\" target=\"_blank\" rel=\"noreferrer noopener\"><strong>MedCofer<\/strong><\/a>! Aqui te ajudaremos na busca da aprova\u00e7\u00e3o com conte\u00fados de qualidade e uma metodologia que j\u00e1 aprovou mais de 10 mil residentes no pa\u00eds! Por fim, acesse o nosso<a href=\"https:\/\/www.youtube.com\/@GrupoMedcof\/featured\">&nbsp;<strong>canal do youtube&nbsp;<\/strong><\/a>para ver o nosso material.<\/p>\n\n\n\n<figure class=\"wp-block-embed is-type-video is-provider-youtube wp-block-embed-youtube wp-embed-aspect-16-9 wp-has-aspect-ratio\"><div class=\"wp-block-embed__wrapper\">\n<div class=\"youtube-embed\" data-video_id=\"-gdufc8B6f0\"><iframe loading=\"lazy\" title=\"SingularCast T2 Ep. 50 - Conhecendo Sua Mentora: Maria Beatriz\" width=\"696\" height=\"392\" src=\"https:\/\/www.youtube.com\/embed\/-gdufc8B6f0?feature=oembed&#038;enablejsapi=1\" frameborder=\"0\" allow=\"accelerometer; autoplay; clipboard-write; encrypted-media; gyroscope; picture-in-picture; web-share\" referrerpolicy=\"strict-origin-when-cross-origin\" allowfullscreen><\/iframe><\/div>\n<\/div><\/figure>\n","protected":false},"excerpt":{"rendered":"<p>Entenda o que vai mudar na resid\u00eancia m\u00e9dica ap\u00f3s as novas medidas do Minist\u00e9rio da Sa\u00fade. Confira tudo no Blog MedCof!<\/p>\n","protected":false},"author":20,"featured_media":36689,"comment_status":"closed","ping_status":"closed","sticky":false,"template":"","format":"standard","meta":{"footnotes":""},"categories":[240,173],"tags":[1474,235,68,3061],"ppma_author":[3616],"class_list":{"0":"post-36688","1":"post","2":"type-post","3":"status-publish","4":"format-standard","5":"has-post-thumbnail","7":"category-noticias","8":"category-novidades","9":"tag-cnrm","10":"tag-ministerio-da-saude","11":"tag-residencia-medica","12":"tag-segunda-entrada-anual"},"yoast_head":"<!-- This site is optimized with the Yoast SEO Premium plugin v24.3 (Yoast SEO v27.4) - https:\/\/yoast.com\/product\/yoast-seo-premium-wordpress\/ -->\n<title>Como funcionar\u00e1 a segunda entrada da resid\u00eancia m\u00e9dica? - Blog de Medcof: conte\u00fados, editais, revalida e mais!<\/title>\n<meta name=\"description\" content=\"Entenda o que vai mudar na resid\u00eancia m\u00e9dica ap\u00f3s as novas medidas do Minist\u00e9rio da Sa\u00fade. Confira tudo no Blog MedCof!\" \/>\n<meta name=\"robots\" content=\"index, follow, max-snippet:-1, max-image-preview:large, max-video-preview:-1\" \/>\n<link rel=\"canonical\" href=\"https:\/\/www.grupomedcof.com.br\/blog\/residencia-medica-o-que-muda-com-as-novas-medidas-do-ministerio-da-saude\/\" \/>\n<meta property=\"og:locale\" content=\"pt_BR\" \/>\n<meta property=\"og:type\" content=\"article\" \/>\n<meta property=\"og:title\" content=\"Como funcionar\u00e1 a segunda entrada da resid\u00eancia m\u00e9dica?\" \/>\n<meta property=\"og:description\" content=\"Entenda o que vai mudar na resid\u00eancia m\u00e9dica ap\u00f3s as novas medidas do Minist\u00e9rio da Sa\u00fade. Confira tudo no Blog MedCof!\" \/>\n<meta property=\"og:url\" content=\"https:\/\/www.grupomedcof.com.br\/blog\/residencia-medica-o-que-muda-com-as-novas-medidas-do-ministerio-da-saude\/\" \/>\n<meta property=\"og:site_name\" content=\"Blog de Medcof: conte\u00fados, editais, revalida e mais!\" \/>\n<meta property=\"article:publisher\" content=\"https:\/\/www.facebook.com\/MedCofQbank\/\" \/>\n<meta property=\"article:published_time\" content=\"2025-08-06T11:59:27+00:00\" \/>\n<meta property=\"article:modified_time\" content=\"2025-08-06T11:59:29+00:00\" \/>\n<meta property=\"og:image\" content=\"https:\/\/www.grupomedcof.com.br\/blog\/wp-content\/uploads\/2025\/07\/whatsapp-image-2025-05-30-at-13.jpg\" \/>\n\t<meta property=\"og:image:width\" content=\"1280\" \/>\n\t<meta property=\"og:image:height\" content=\"590\" \/>\n\t<meta property=\"og:image:type\" content=\"image\/jpeg\" \/>\n<meta name=\"author\" content=\"Leila Menzel\" \/>\n<meta name=\"twitter:card\" content=\"summary_large_image\" \/>\n<meta name=\"twitter:label1\" content=\"Escrito por\" \/>\n\t<meta name=\"twitter:data1\" content=\"Leila Menzel\" \/>\n\t<meta name=\"twitter:label2\" content=\"Est. tempo de leitura\" \/>\n\t<meta name=\"twitter:data2\" content=\"5 minutos\" \/>\n<script type=\"application\/ld+json\" class=\"yoast-schema-graph\">{\"@context\":\"https:\\\/\\\/schema.org\",\"@graph\":[{\"@type\":\"Article\",\"@id\":\"https:\\\/\\\/www.grupomedcof.com.br\\\/blog\\\/residencia-medica-o-que-muda-com-as-novas-medidas-do-ministerio-da-saude\\\/#article\",\"isPartOf\":{\"@id\":\"https:\\\/\\\/www.grupomedcof.com.br\\\/blog\\\/residencia-medica-o-que-muda-com-as-novas-medidas-do-ministerio-da-saude\\\/\"},\"author\":{\"name\":\"Leila Menzel\",\"@id\":\"https:\\\/\\\/www.grupomedcof.com.br\\\/blog\\\/#\\\/schema\\\/person\\\/9a44c2184a836bf5ae6967fdb3a1451e\"},\"headline\":\"Como funcionar\u00e1 a segunda entrada da resid\u00eancia m\u00e9dica?\",\"datePublished\":\"2025-08-06T11:59:27+00:00\",\"dateModified\":\"2025-08-06T11:59:29+00:00\",\"mainEntityOfPage\":{\"@id\":\"https:\\\/\\\/www.grupomedcof.com.br\\\/blog\\\/residencia-medica-o-que-muda-com-as-novas-medidas-do-ministerio-da-saude\\\/\"},\"wordCount\":825,\"publisher\":{\"@id\":\"https:\\\/\\\/www.grupomedcof.com.br\\\/blog\\\/#organization\"},\"image\":{\"@id\":\"https:\\\/\\\/www.grupomedcof.com.br\\\/blog\\\/residencia-medica-o-que-muda-com-as-novas-medidas-do-ministerio-da-saude\\\/#primaryimage\"},\"thumbnailUrl\":\"https:\\\/\\\/www.grupomedcof.com.br\\\/blog\\\/wp-content\\\/uploads\\\/2025\\\/07\\\/whatsapp-image-2025-05-30-at-13.jpg\",\"keywords\":[\"CNRM\",\"Minist\u00e9rio da Sa\u00fade\",\"Resid\u00eancia M\u00e9dica\",\"Segunda entrada anual\"],\"articleSection\":[\"Not\u00edcias\",\"Novidades\"],\"inLanguage\":\"pt-BR\"},{\"@type\":\"WebPage\",\"@id\":\"https:\\\/\\\/www.grupomedcof.com.br\\\/blog\\\/residencia-medica-o-que-muda-com-as-novas-medidas-do-ministerio-da-saude\\\/\",\"url\":\"https:\\\/\\\/www.grupomedcof.com.br\\\/blog\\\/residencia-medica-o-que-muda-com-as-novas-medidas-do-ministerio-da-saude\\\/\",\"name\":\"Como funcionar\u00e1 a segunda entrada da resid\u00eancia m\u00e9dica? - Blog de Medcof: conte\u00fados, editais, revalida e mais!\",\"isPartOf\":{\"@id\":\"https:\\\/\\\/www.grupomedcof.com.br\\\/blog\\\/#website\"},\"primaryImageOfPage\":{\"@id\":\"https:\\\/\\\/www.grupomedcof.com.br\\\/blog\\\/residencia-medica-o-que-muda-com-as-novas-medidas-do-ministerio-da-saude\\\/#primaryimage\"},\"image\":{\"@id\":\"https:\\\/\\\/www.grupomedcof.com.br\\\/blog\\\/residencia-medica-o-que-muda-com-as-novas-medidas-do-ministerio-da-saude\\\/#primaryimage\"},\"thumbnailUrl\":\"https:\\\/\\\/www.grupomedcof.com.br\\\/blog\\\/wp-content\\\/uploads\\\/2025\\\/07\\\/whatsapp-image-2025-05-30-at-13.jpg\",\"datePublished\":\"2025-08-06T11:59:27+00:00\",\"dateModified\":\"2025-08-06T11:59:29+00:00\",\"description\":\"Entenda o que vai mudar na resid\u00eancia m\u00e9dica ap\u00f3s as novas medidas do Minist\u00e9rio da Sa\u00fade. Confira tudo no Blog MedCof!\",\"breadcrumb\":{\"@id\":\"https:\\\/\\\/www.grupomedcof.com.br\\\/blog\\\/residencia-medica-o-que-muda-com-as-novas-medidas-do-ministerio-da-saude\\\/#breadcrumb\"},\"inLanguage\":\"pt-BR\",\"potentialAction\":[{\"@type\":\"ReadAction\",\"target\":[\"https:\\\/\\\/www.grupomedcof.com.br\\\/blog\\\/residencia-medica-o-que-muda-com-as-novas-medidas-do-ministerio-da-saude\\\/\"]}]},{\"@type\":\"ImageObject\",\"inLanguage\":\"pt-BR\",\"@id\":\"https:\\\/\\\/www.grupomedcof.com.br\\\/blog\\\/residencia-medica-o-que-muda-com-as-novas-medidas-do-ministerio-da-saude\\\/#primaryimage\",\"url\":\"https:\\\/\\\/www.grupomedcof.com.br\\\/blog\\\/wp-content\\\/uploads\\\/2025\\\/07\\\/whatsapp-image-2025-05-30-at-13.jpg\",\"contentUrl\":\"https:\\\/\\\/www.grupomedcof.com.br\\\/blog\\\/wp-content\\\/uploads\\\/2025\\\/07\\\/whatsapp-image-2025-05-30-at-13.jpg\",\"width\":1280,\"height\":590,\"caption\":\"Imagem\\\/Reprodu\u00e7\u00e3o: Gov.br\"},{\"@type\":\"BreadcrumbList\",\"@id\":\"https:\\\/\\\/www.grupomedcof.com.br\\\/blog\\\/residencia-medica-o-que-muda-com-as-novas-medidas-do-ministerio-da-saude\\\/#breadcrumb\",\"itemListElement\":[{\"@type\":\"ListItem\",\"position\":1,\"name\":\"In\u00edcio\",\"item\":\"https:\\\/\\\/www.grupomedcof.com.br\\\/blog\\\/\"},{\"@type\":\"ListItem\",\"position\":2,\"name\":\"Como funcionar\u00e1 a segunda entrada da resid\u00eancia m\u00e9dica?\"}]},{\"@type\":\"WebSite\",\"@id\":\"https:\\\/\\\/www.grupomedcof.com.br\\\/blog\\\/#website\",\"url\":\"https:\\\/\\\/www.grupomedcof.com.br\\\/blog\\\/\",\"name\":\"Blog de Medcof: conte\u00fados, editais, revalida e mais!\",\"description\":\"Acesso o blog de MedCof! Seu portal de conte\u00fados sobre resid\u00eancia m\u00e9dica, an\u00e1lise e editais e muito mais. Clique e confira!\",\"publisher\":{\"@id\":\"https:\\\/\\\/www.grupomedcof.com.br\\\/blog\\\/#organization\"},\"alternateName\":\"Blog de Medcof: conte\u00fados, editais, revalida e mais!\",\"potentialAction\":[{\"@type\":\"SearchAction\",\"target\":{\"@type\":\"EntryPoint\",\"urlTemplate\":\"https:\\\/\\\/www.grupomedcof.com.br\\\/blog\\\/?s={search_term_string}\"},\"query-input\":{\"@type\":\"PropertyValueSpecification\",\"valueRequired\":true,\"valueName\":\"search_term_string\"}}],\"inLanguage\":\"pt-BR\"},{\"@type\":\"Organization\",\"@id\":\"https:\\\/\\\/www.grupomedcof.com.br\\\/blog\\\/#organization\",\"name\":\"Grupo MedCof\",\"url\":\"https:\\\/\\\/www.grupomedcof.com.br\\\/blog\\\/\",\"logo\":{\"@type\":\"ImageObject\",\"inLanguage\":\"pt-BR\",\"@id\":\"https:\\\/\\\/www.grupomedcof.com.br\\\/blog\\\/#\\\/schema\\\/logo\\\/image\\\/\",\"url\":\"https:\\\/\\\/www.grupomedcof.com.br\\\/blog\\\/wp-content\\\/uploads\\\/2022\\\/01\\\/logo-medcof.png\",\"contentUrl\":\"https:\\\/\\\/www.grupomedcof.com.br\\\/blog\\\/wp-content\\\/uploads\\\/2022\\\/01\\\/logo-medcof.png\",\"width\":768,\"height\":269,\"caption\":\"Grupo MedCof\"},\"image\":{\"@id\":\"https:\\\/\\\/www.grupomedcof.com.br\\\/blog\\\/#\\\/schema\\\/logo\\\/image\\\/\"},\"sameAs\":[\"https:\\\/\\\/www.facebook.com\\\/MedCofQbank\\\/\",\"https:\\\/\\\/www.instagram.com\\\/grupomedcof\\\/\",\"https:\\\/\\\/br.linkedin.com\\\/company\\\/medcof\",\"https:\\\/\\\/www.youtube.com\\\/channel\\\/UCdHMuOHKICxcHwecxN8P-AA\"]},{\"@type\":\"Person\",\"@id\":\"https:\\\/\\\/www.grupomedcof.com.br\\\/blog\\\/#\\\/schema\\\/person\\\/9a44c2184a836bf5ae6967fdb3a1451e\",\"name\":\"Leila Menzel\",\"image\":{\"@type\":\"ImageObject\",\"inLanguage\":\"pt-BR\",\"@id\":\"https:\\\/\\\/www.grupomedcof.com.br\\\/blog\\\/wp-content\\\/uploads\\\/2025\\\/09\\\/cropped-eu-96x96.jpeg19a74936d997c0a8b3031618467fa1d0\",\"url\":\"https:\\\/\\\/www.grupomedcof.com.br\\\/blog\\\/wp-content\\\/uploads\\\/2025\\\/09\\\/cropped-eu-96x96.jpeg\",\"contentUrl\":\"https:\\\/\\\/www.grupomedcof.com.br\\\/blog\\\/wp-content\\\/uploads\\\/2025\\\/09\\\/cropped-eu-96x96.jpeg\",\"caption\":\"Leila Menzel\"},\"description\":\"Estudante do 6\u00b0 semestre de jornalismo, amo e escrevo poesias e viajo em livros de romances clich\u00eas.\",\"url\":\"https:\\\/\\\/www.grupomedcof.com.br\\\/blog\\\/author\\\/leila-menzel\\\/\"}]}<\/script>\n<!-- \/ Yoast SEO Premium plugin. -->","yoast_head_json":{"title":"Como funcionar\u00e1 a segunda entrada da resid\u00eancia m\u00e9dica? - Blog de Medcof: conte\u00fados, editais, revalida e mais!","description":"Entenda o que vai mudar na resid\u00eancia m\u00e9dica ap\u00f3s as novas medidas do Minist\u00e9rio da Sa\u00fade. Confira tudo no Blog MedCof!","robots":{"index":"index","follow":"follow","max-snippet":"max-snippet:-1","max-image-preview":"max-image-preview:large","max-video-preview":"max-video-preview:-1"},"canonical":"https:\/\/www.grupomedcof.com.br\/blog\/residencia-medica-o-que-muda-com-as-novas-medidas-do-ministerio-da-saude\/","og_locale":"pt_BR","og_type":"article","og_title":"Como funcionar\u00e1 a segunda entrada da resid\u00eancia m\u00e9dica?","og_description":"Entenda o que vai mudar na resid\u00eancia m\u00e9dica ap\u00f3s as novas medidas do Minist\u00e9rio da Sa\u00fade. Confira tudo no Blog MedCof!","og_url":"https:\/\/www.grupomedcof.com.br\/blog\/residencia-medica-o-que-muda-com-as-novas-medidas-do-ministerio-da-saude\/","og_site_name":"Blog de Medcof: conte\u00fados, editais, revalida e mais!","article_publisher":"https:\/\/www.facebook.com\/MedCofQbank\/","article_published_time":"2025-08-06T11:59:27+00:00","article_modified_time":"2025-08-06T11:59:29+00:00","og_image":[{"width":1280,"height":590,"url":"https:\/\/www.grupomedcof.com.br\/blog\/wp-content\/uploads\/2025\/07\/whatsapp-image-2025-05-30-at-13.jpg","type":"image\/jpeg"}],"author":"Leila Menzel","twitter_card":"summary_large_image","twitter_misc":{"Escrito por":"Leila Menzel","Est. tempo de leitura":"5 minutos"},"schema":{"@context":"https:\/\/schema.org","@graph":[{"@type":"Article","@id":"https:\/\/www.grupomedcof.com.br\/blog\/residencia-medica-o-que-muda-com-as-novas-medidas-do-ministerio-da-saude\/#article","isPartOf":{"@id":"https:\/\/www.grupomedcof.com.br\/blog\/residencia-medica-o-que-muda-com-as-novas-medidas-do-ministerio-da-saude\/"},"author":{"name":"Leila Menzel","@id":"https:\/\/www.grupomedcof.com.br\/blog\/#\/schema\/person\/9a44c2184a836bf5ae6967fdb3a1451e"},"headline":"Como funcionar\u00e1 a segunda entrada da resid\u00eancia m\u00e9dica?","datePublished":"2025-08-06T11:59:27+00:00","dateModified":"2025-08-06T11:59:29+00:00","mainEntityOfPage":{"@id":"https:\/\/www.grupomedcof.com.br\/blog\/residencia-medica-o-que-muda-com-as-novas-medidas-do-ministerio-da-saude\/"},"wordCount":825,"publisher":{"@id":"https:\/\/www.grupomedcof.com.br\/blog\/#organization"},"image":{"@id":"https:\/\/www.grupomedcof.com.br\/blog\/residencia-medica-o-que-muda-com-as-novas-medidas-do-ministerio-da-saude\/#primaryimage"},"thumbnailUrl":"https:\/\/www.grupomedcof.com.br\/blog\/wp-content\/uploads\/2025\/07\/whatsapp-image-2025-05-30-at-13.jpg","keywords":["CNRM","Minist\u00e9rio da Sa\u00fade","Resid\u00eancia M\u00e9dica","Segunda entrada anual"],"articleSection":["Not\u00edcias","Novidades"],"inLanguage":"pt-BR"},{"@type":"WebPage","@id":"https:\/\/www.grupomedcof.com.br\/blog\/residencia-medica-o-que-muda-com-as-novas-medidas-do-ministerio-da-saude\/","url":"https:\/\/www.grupomedcof.com.br\/blog\/residencia-medica-o-que-muda-com-as-novas-medidas-do-ministerio-da-saude\/","name":"Como funcionar\u00e1 a segunda entrada da resid\u00eancia m\u00e9dica? - Blog de Medcof: conte\u00fados, editais, revalida e mais!","isPartOf":{"@id":"https:\/\/www.grupomedcof.com.br\/blog\/#website"},"primaryImageOfPage":{"@id":"https:\/\/www.grupomedcof.com.br\/blog\/residencia-medica-o-que-muda-com-as-novas-medidas-do-ministerio-da-saude\/#primaryimage"},"image":{"@id":"https:\/\/www.grupomedcof.com.br\/blog\/residencia-medica-o-que-muda-com-as-novas-medidas-do-ministerio-da-saude\/#primaryimage"},"thumbnailUrl":"https:\/\/www.grupomedcof.com.br\/blog\/wp-content\/uploads\/2025\/07\/whatsapp-image-2025-05-30-at-13.jpg","datePublished":"2025-08-06T11:59:27+00:00","dateModified":"2025-08-06T11:59:29+00:00","description":"Entenda o que vai mudar na resid\u00eancia m\u00e9dica ap\u00f3s as novas medidas do Minist\u00e9rio da Sa\u00fade. Confira tudo no Blog MedCof!","breadcrumb":{"@id":"https:\/\/www.grupomedcof.com.br\/blog\/residencia-medica-o-que-muda-com-as-novas-medidas-do-ministerio-da-saude\/#breadcrumb"},"inLanguage":"pt-BR","potentialAction":[{"@type":"ReadAction","target":["https:\/\/www.grupomedcof.com.br\/blog\/residencia-medica-o-que-muda-com-as-novas-medidas-do-ministerio-da-saude\/"]}]},{"@type":"ImageObject","inLanguage":"pt-BR","@id":"https:\/\/www.grupomedcof.com.br\/blog\/residencia-medica-o-que-muda-com-as-novas-medidas-do-ministerio-da-saude\/#primaryimage","url":"https:\/\/www.grupomedcof.com.br\/blog\/wp-content\/uploads\/2025\/07\/whatsapp-image-2025-05-30-at-13.jpg","contentUrl":"https:\/\/www.grupomedcof.com.br\/blog\/wp-content\/uploads\/2025\/07\/whatsapp-image-2025-05-30-at-13.jpg","width":1280,"height":590,"caption":"Imagem\/Reprodu\u00e7\u00e3o: Gov.br"},{"@type":"BreadcrumbList","@id":"https:\/\/www.grupomedcof.com.br\/blog\/residencia-medica-o-que-muda-com-as-novas-medidas-do-ministerio-da-saude\/#breadcrumb","itemListElement":[{"@type":"ListItem","position":1,"name":"In\u00edcio","item":"https:\/\/www.grupomedcof.com.br\/blog\/"},{"@type":"ListItem","position":2,"name":"Como funcionar\u00e1 a segunda entrada da resid\u00eancia m\u00e9dica?"}]},{"@type":"WebSite","@id":"https:\/\/www.grupomedcof.com.br\/blog\/#website","url":"https:\/\/www.grupomedcof.com.br\/blog\/","name":"Blog de Medcof: conte\u00fados, editais, revalida e mais!","description":"Acesso o blog de MedCof! Seu portal de conte\u00fados sobre resid\u00eancia m\u00e9dica, an\u00e1lise e editais e muito mais. Clique e confira!","publisher":{"@id":"https:\/\/www.grupomedcof.com.br\/blog\/#organization"},"alternateName":"Blog de Medcof: conte\u00fados, editais, revalida e mais!","potentialAction":[{"@type":"SearchAction","target":{"@type":"EntryPoint","urlTemplate":"https:\/\/www.grupomedcof.com.br\/blog\/?s={search_term_string}"},"query-input":{"@type":"PropertyValueSpecification","valueRequired":true,"valueName":"search_term_string"}}],"inLanguage":"pt-BR"},{"@type":"Organization","@id":"https:\/\/www.grupomedcof.com.br\/blog\/#organization","name":"Grupo MedCof","url":"https:\/\/www.grupomedcof.com.br\/blog\/","logo":{"@type":"ImageObject","inLanguage":"pt-BR","@id":"https:\/\/www.grupomedcof.com.br\/blog\/#\/schema\/logo\/image\/","url":"https:\/\/www.grupomedcof.com.br\/blog\/wp-content\/uploads\/2022\/01\/logo-medcof.png","contentUrl":"https:\/\/www.grupomedcof.com.br\/blog\/wp-content\/uploads\/2022\/01\/logo-medcof.png","width":768,"height":269,"caption":"Grupo MedCof"},"image":{"@id":"https:\/\/www.grupomedcof.com.br\/blog\/#\/schema\/logo\/image\/"},"sameAs":["https:\/\/www.facebook.com\/MedCofQbank\/","https:\/\/www.instagram.com\/grupomedcof\/","https:\/\/br.linkedin.com\/company\/medcof","https:\/\/www.youtube.com\/channel\/UCdHMuOHKICxcHwecxN8P-AA"]},{"@type":"Person","@id":"https:\/\/www.grupomedcof.com.br\/blog\/#\/schema\/person\/9a44c2184a836bf5ae6967fdb3a1451e","name":"Leila Menzel","image":{"@type":"ImageObject","inLanguage":"pt-BR","@id":"https:\/\/www.grupomedcof.com.br\/blog\/wp-content\/uploads\/2025\/09\/cropped-eu-96x96.jpeg19a74936d997c0a8b3031618467fa1d0","url":"https:\/\/www.grupomedcof.com.br\/blog\/wp-content\/uploads\/2025\/09\/cropped-eu-96x96.jpeg","contentUrl":"https:\/\/www.grupomedcof.com.br\/blog\/wp-content\/uploads\/2025\/09\/cropped-eu-96x96.jpeg","caption":"Leila Menzel"},"description":"Estudante do 6\u00b0 semestre de jornalismo, amo e escrevo poesias e viajo em livros de romances clich\u00eas.","url":"https:\/\/www.grupomedcof.com.br\/blog\/author\/leila-menzel\/"}]}},"authors":[{"term_id":3616,"user_id":20,"is_guest":0,"slug":"leila-menzel","display_name":"Leila Menzel","avatar_url":"https:\/\/www.grupomedcof.com.br\/blog\/wp-content\/uploads\/2025\/09\/cropped-eu-96x96.jpeg","0":null,"1":"","2":"","3":"","4":"","5":"","6":"","7":"","8":""}],"_links":{"self":[{"href":"https:\/\/www.grupomedcof.com.br\/blog\/wp-json\/wp\/v2\/posts\/36688","targetHints":{"allow":["GET"]}}],"collection":[{"href":"https:\/\/www.grupomedcof.com.br\/blog\/wp-json\/wp\/v2\/posts"}],"about":[{"href":"https:\/\/www.grupomedcof.com.br\/blog\/wp-json\/wp\/v2\/types\/post"}],"author":[{"embeddable":true,"href":"https:\/\/www.grupomedcof.com.br\/blog\/wp-json\/wp\/v2\/users\/20"}],"replies":[{"embeddable":true,"href":"https:\/\/www.grupomedcof.com.br\/blog\/wp-json\/wp\/v2\/comments?post=36688"}],"version-history":[{"count":6,"href":"https:\/\/www.grupomedcof.com.br\/blog\/wp-json\/wp\/v2\/posts\/36688\/revisions"}],"predecessor-version":[{"id":36852,"href":"https:\/\/www.grupomedcof.com.br\/blog\/wp-json\/wp\/v2\/posts\/36688\/revisions\/36852"}],"wp:featuredmedia":[{"embeddable":true,"href":"https:\/\/www.grupomedcof.com.br\/blog\/wp-json\/wp\/v2\/media\/36689"}],"wp:attachment":[{"href":"https:\/\/www.grupomedcof.com.br\/blog\/wp-json\/wp\/v2\/media?parent=36688"}],"wp:term":[{"taxonomy":"category","embeddable":true,"href":"https:\/\/www.grupomedcof.com.br\/blog\/wp-json\/wp\/v2\/categories?post=36688"},{"taxonomy":"post_tag","embeddable":true,"href":"https:\/\/www.grupomedcof.com.br\/blog\/wp-json\/wp\/v2\/tags?post=36688"},{"taxonomy":"author","embeddable":true,"href":"https:\/\/www.grupomedcof.com.br\/blog\/wp-json\/wp\/v2\/ppma_author?post=36688"}],"curies":[{"name":"wp","href":"https:\/\/api.w.org\/{rel}","templated":true}]}}