{"id":36701,"date":"2025-07-24T14:15:24","date_gmt":"2025-07-24T17:15:24","guid":{"rendered":"https:\/\/www.grupomedcof.com.br\/blog\/?p=36701"},"modified":"2025-07-24T15:13:15","modified_gmt":"2025-07-24T18:13:15","slug":"febre-reumatica-o-que-e-sintomas-e-tratamentos","status":"publish","type":"post","link":"https:\/\/www.grupomedcof.com.br\/blog\/febre-reumatica-o-que-e-sintomas-e-tratamentos\/","title":{"rendered":"Febre reum\u00e1tica: o que \u00e9, sintomas, causas, profilaxia e tratamento"},"content":{"rendered":"<div id=\"ez-toc-container\" class=\"ez-toc-v2_0_74 counter-hierarchy ez-toc-counter ez-toc-transparent ez-toc-container-direction\">\n<div class=\"ez-toc-title-container\">\n<p class=\"ez-toc-title\" style=\"cursor:inherit\">Sum\u00e1rio<\/p>\n<span class=\"ez-toc-title-toggle\"><a href=\"#\" class=\"ez-toc-pull-right ez-toc-btn ez-toc-btn-xs ez-toc-btn-default ez-toc-toggle\" aria-label=\"Alternar tabela de conte\u00fado\"><span class=\"ez-toc-js-icon-con\"><span class=\"\"><span class=\"eztoc-hide\" style=\"display:none;\">Toggle<\/span><span class=\"ez-toc-icon-toggle-span\"><svg style=\"fill: #999;color:#999\" xmlns=\"http:\/\/www.w3.org\/2000\/svg\" class=\"list-377408\" width=\"20px\" height=\"20px\" viewBox=\"0 0 24 24\" fill=\"none\"><path d=\"M6 6H4v2h2V6zm14 0H8v2h12V6zM4 11h2v2H4v-2zm16 0H8v2h12v-2zM4 16h2v2H4v-2zm16 0H8v2h12v-2z\" fill=\"currentColor\"><\/path><\/svg><svg style=\"fill: #999;color:#999\" class=\"arrow-unsorted-368013\" xmlns=\"http:\/\/www.w3.org\/2000\/svg\" width=\"10px\" height=\"10px\" viewBox=\"0 0 24 24\" version=\"1.2\" baseProfile=\"tiny\"><path d=\"M18.2 9.3l-6.2-6.3-6.2 6.3c-.2.2-.3.4-.3.7s.1.5.3.7c.2.2.4.3.7.3h11c.3 0 .5-.1.7-.3.2-.2.3-.5.3-.7s-.1-.5-.3-.7zM5.8 14.7l6.2 6.3 6.2-6.3c.2-.2.3-.5.3-.7s-.1-.5-.3-.7c-.2-.2-.4-.3-.7-.3h-11c-.3 0-.5.1-.7.3-.2.2-.3.5-.3.7s.1.5.3.7z\"\/><\/svg><\/span><\/span><\/span><\/a><\/span><\/div>\n<nav><ul class='ez-toc-list ez-toc-list-level-1 ' ><li class='ez-toc-page-1 ez-toc-heading-level-2'><a class=\"ez-toc-link ez-toc-heading-1\" href=\"https:\/\/www.grupomedcof.com.br\/blog\/febre-reumatica-o-que-e-sintomas-e-tratamentos\/#O_que_causa_a_febre_reumatica\" >O que causa a febre reum\u00e1tica?<\/a><\/li><li class='ez-toc-page-1 ez-toc-heading-level-2'><a class=\"ez-toc-link ez-toc-heading-2\" href=\"https:\/\/www.grupomedcof.com.br\/blog\/febre-reumatica-o-que-e-sintomas-e-tratamentos\/#Quais_sao_os_sintomas_da_febre_reumatica\" >Quais s\u00e3o os sintomas da febre reum\u00e1tica?<\/a><ul class='ez-toc-list-level-3' ><li class='ez-toc-heading-level-3'><a class=\"ez-toc-link ez-toc-heading-3\" href=\"https:\/\/www.grupomedcof.com.br\/blog\/febre-reumatica-o-que-e-sintomas-e-tratamentos\/#Febre_alta_e_persistente\" >Febre alta e persistente<\/a><\/li><li class='ez-toc-page-1 ez-toc-heading-level-3'><a class=\"ez-toc-link ez-toc-heading-4\" href=\"https:\/\/www.grupomedcof.com.br\/blog\/febre-reumatica-o-que-e-sintomas-e-tratamentos\/#Dor_nas_articulacoes_artrite_migratoria\" >Dor nas articula\u00e7\u00f5es (artrite migrat\u00f3ria)<\/a><\/li><li class='ez-toc-page-1 ez-toc-heading-level-3'><a class=\"ez-toc-link ez-toc-heading-5\" href=\"https:\/\/www.grupomedcof.com.br\/blog\/febre-reumatica-o-que-e-sintomas-e-tratamentos\/#Cansaco_excessivo_e_fraqueza\" >Cansa\u00e7o excessivo e fraqueza<\/a><\/li><li class='ez-toc-page-1 ez-toc-heading-level-3'><a class=\"ez-toc-link ez-toc-heading-6\" href=\"https:\/\/www.grupomedcof.com.br\/blog\/febre-reumatica-o-que-e-sintomas-e-tratamentos\/#Movimentos_involuntarios_coreia_de_Sydenham\" >Movimentos involunt\u00e1rios (coreia de Sydenham)<\/a><\/li><li class='ez-toc-page-1 ez-toc-heading-level-3'><a class=\"ez-toc-link ez-toc-heading-7\" href=\"https:\/\/www.grupomedcof.com.br\/blog\/febre-reumatica-o-que-e-sintomas-e-tratamentos\/#Sopro_cardiaco_ou_dor_no_peito\" >Sopro card\u00edaco ou dor no peito<\/a><\/li><li class='ez-toc-page-1 ez-toc-heading-level-3'><a class=\"ez-toc-link ez-toc-heading-8\" href=\"https:\/\/www.grupomedcof.com.br\/blog\/febre-reumatica-o-que-e-sintomas-e-tratamentos\/#Manchas_vermelhas_na_pele_eritema_marginado\" >Manchas vermelhas na pele (eritema marginado)<\/a><\/li><\/ul><\/li><li class='ez-toc-page-1 ez-toc-heading-level-2'><a class=\"ez-toc-link ez-toc-heading-9\" href=\"https:\/\/www.grupomedcof.com.br\/blog\/febre-reumatica-o-que-e-sintomas-e-tratamentos\/#Como_e_feito_o_diagnostico_da_febre_reumatica\" >Como \u00e9 feito o diagn\u00f3stico da febre reum\u00e1tica?<\/a><ul class='ez-toc-list-level-3' ><li class='ez-toc-heading-level-3'><a class=\"ez-toc-link ez-toc-heading-10\" href=\"https:\/\/www.grupomedcof.com.br\/blog\/febre-reumatica-o-que-e-sintomas-e-tratamentos\/#Qual_exame_detecta_a_febre_reumatica\" >Qual exame detecta a febre reum\u00e1tica?<\/a><\/li><\/ul><\/li><li class='ez-toc-page-1 ez-toc-heading-level-2'><a class=\"ez-toc-link ez-toc-heading-11\" href=\"https:\/\/www.grupomedcof.com.br\/blog\/febre-reumatica-o-que-e-sintomas-e-tratamentos\/#Qual_o_tratamento_para_a_febre_reumatica\" >Qual o tratamento para a febre reum\u00e1tica?<\/a><\/li><li class='ez-toc-page-1 ez-toc-heading-level-2'><a class=\"ez-toc-link ez-toc-heading-12\" href=\"https:\/\/www.grupomedcof.com.br\/blog\/febre-reumatica-o-que-e-sintomas-e-tratamentos\/#Profilaxia_da_febre_reumatica\" >Profilaxia da febre reum\u00e1tica<\/a><ul class='ez-toc-list-level-3' ><li class='ez-toc-heading-level-3'><a class=\"ez-toc-link ez-toc-heading-13\" href=\"https:\/\/www.grupomedcof.com.br\/blog\/febre-reumatica-o-que-e-sintomas-e-tratamentos\/#Profilaxia_primaria\" >Profilaxia prim\u00e1ria<\/a><\/li><li class='ez-toc-page-1 ez-toc-heading-level-3'><a class=\"ez-toc-link ez-toc-heading-14\" href=\"https:\/\/www.grupomedcof.com.br\/blog\/febre-reumatica-o-que-e-sintomas-e-tratamentos\/#Profilaxia_secundaria\" >Profilaxia secund\u00e1ria<\/a><\/li><\/ul><\/li><li class='ez-toc-page-1 ez-toc-heading-level-2'><a class=\"ez-toc-link ez-toc-heading-15\" href=\"https:\/\/www.grupomedcof.com.br\/blog\/febre-reumatica-o-que-e-sintomas-e-tratamentos\/#Como_a_febre_reumatica_e_transmitida\" >Como a febre reum\u00e1tica \u00e9 transmitida?<\/a><\/li><li class='ez-toc-page-1 ez-toc-heading-level-2'><a class=\"ez-toc-link ez-toc-heading-16\" href=\"https:\/\/www.grupomedcof.com.br\/blog\/febre-reumatica-o-que-e-sintomas-e-tratamentos\/#A_febre_reumatica_e_perigosa\" >A febre reum\u00e1tica \u00e9 perigosa?<\/a><ul class='ez-toc-list-level-3' ><li class='ez-toc-heading-level-3'><a class=\"ez-toc-link ez-toc-heading-17\" href=\"https:\/\/www.grupomedcof.com.br\/blog\/febre-reumatica-o-que-e-sintomas-e-tratamentos\/#Quantos_anos_vive_uma_pessoa_com_febre_reumatica\" >Quantos anos vive uma pessoa com febre reum\u00e1tica?<\/a><\/li><\/ul><\/li><li class='ez-toc-page-1 ez-toc-heading-level-2'><a class=\"ez-toc-link ez-toc-heading-18\" href=\"https:\/\/www.grupomedcof.com.br\/blog\/febre-reumatica-o-que-e-sintomas-e-tratamentos\/#Como_o_MedCof_pode_ajudar_nos_seus_estudos\" >Como o MedCof pode ajudar nos seus estudos?<\/a><\/li><\/ul><\/nav><\/div>\n\n<figure class=\"wp-block-image size-large\"><img loading=\"lazy\" decoding=\"async\" width=\"1024\" height=\"576\" src=\"https:\/\/www.grupomedcof.com.br\/blog\/wp-content\/uploads\/2025\/07\/Blog-MedCof-7-1024x576.jpg\" alt=\"\" class=\"wp-image-36702\" srcset=\"https:\/\/www.grupomedcof.com.br\/blog\/wp-content\/uploads\/2025\/07\/Blog-MedCof-7-1024x576.jpg 1024w, https:\/\/www.grupomedcof.com.br\/blog\/wp-content\/uploads\/2025\/07\/Blog-MedCof-7-300x169.jpg 300w, https:\/\/www.grupomedcof.com.br\/blog\/wp-content\/uploads\/2025\/07\/Blog-MedCof-7-768x432.jpg 768w, https:\/\/www.grupomedcof.com.br\/blog\/wp-content\/uploads\/2025\/07\/Blog-MedCof-7-1536x864.jpg 1536w, https:\/\/www.grupomedcof.com.br\/blog\/wp-content\/uploads\/2025\/07\/Blog-MedCof-7-747x420.jpg 747w, https:\/\/www.grupomedcof.com.br\/blog\/wp-content\/uploads\/2025\/07\/Blog-MedCof-7-150x84.jpg 150w, https:\/\/www.grupomedcof.com.br\/blog\/wp-content\/uploads\/2025\/07\/Blog-MedCof-7-696x392.jpg 696w, https:\/\/www.grupomedcof.com.br\/blog\/wp-content\/uploads\/2025\/07\/Blog-MedCof-7-1068x601.jpg 1068w, https:\/\/www.grupomedcof.com.br\/blog\/wp-content\/uploads\/2025\/07\/Blog-MedCof-7.jpg 1920w\" sizes=\"auto, (max-width: 1024px) 100vw, 1024px\" \/><\/figure>\n\n\n\n<p>A <strong>febre reum\u00e1tica<\/strong> \u00e9 uma <strong>doen\u00e7a inflamat\u00f3ria sist\u00eamica<\/strong> que surge como resposta imune tardia a uma <strong>faringoamigdalite<\/strong> causada pela bact\u00e9ria <strong><em>Streptococcus pyogenes<\/em><\/strong>.&nbsp;<\/p>\n\n\n\n<p>Os principais sintomas incluem febre persistente, dor nas articula\u00e7\u00f5es e sinais card\u00edacos, podendo causar les\u00f5es graves e permanentes, especialmente nas v\u00e1lvulas do cora\u00e7\u00e3o. O tratamento envolve antibi\u00f3ticos, anti-inflamat\u00f3rios e profilaxia prolongada para evitar reca\u00eddas.<\/p>\n\n\n\n<h2 class=\"wp-block-heading\" id=\"h-o-que-causa-a-febre-reumatica\"><span class=\"ez-toc-section\" id=\"O_que_causa_a_febre_reumatica\"><\/span><strong>O que causa a febre reum\u00e1tica?<\/strong><span class=\"ez-toc-section-end\"><\/span><\/h2>\n\n\n\n<p>A <strong>febre reum\u00e1tica<\/strong> \u00e9 desencadeada por uma <strong>infec\u00e7\u00e3o pr\u00e9via na garganta<\/strong>. As principais causas s\u00e3o:<\/p>\n\n\n\n<ul class=\"wp-block-list\">\n<li><strong>Infec\u00e7\u00e3o por <\/strong><strong><em>Streptococcus pyogenes<\/em><\/strong> (grupo A): causa amigdalite bacteriana n\u00e3o tratada ou tratada de forma inadequada.<\/li>\n\n\n\n<li><strong>Predisposi\u00e7\u00e3o gen\u00e9tica<\/strong>: nem todas as pessoas infectadas desenvolvem a doen\u00e7a; h\u00e1 fatores gen\u00e9ticos envolvidos.<\/li>\n\n\n\n<li><strong>Resposta imune cruzada<\/strong>: a prote\u00edna M do estreptococo se assemelha a tecidos humanos, levando o sistema imunol\u00f3gico a atacar articula\u00e7\u00f5es, cora\u00e7\u00e3o, c\u00e9rebro e pele.<\/li>\n\n\n\n<li><strong>Baixas condi\u00e7\u00f5es socioecon\u00f4micas<\/strong>: maior preval\u00eancia em popula\u00e7\u00f5es com acesso limitado a servi\u00e7os de sa\u00fade e em ambientes com aglomera\u00e7\u00e3o.<\/li>\n<\/ul>\n\n\n\n<h2 class=\"wp-block-heading\"><span class=\"ez-toc-section\" id=\"Quais_sao_os_sintomas_da_febre_reumatica\"><\/span><strong>Quais s\u00e3o os sintomas da febre reum\u00e1tica?<\/strong><span class=\"ez-toc-section-end\"><\/span><\/h2>\n\n\n\n<p>Os <strong>sintomas da febre reum\u00e1tica<\/strong> variam conforme os \u00f3rg\u00e3os afetados e podem surgir de 2 a 4 semanas ap\u00f3s uma infec\u00e7\u00e3o de garganta.<\/p>\n\n\n\n<h3 class=\"wp-block-heading\"><span class=\"ez-toc-section\" id=\"Febre_alta_e_persistente\"><\/span><strong>Febre alta e persistente<\/strong><span class=\"ez-toc-section-end\"><\/span><\/h3>\n\n\n\n<p>A febre costuma <strong>ultrapassar 38,5\u00baC<\/strong>, sendo um dos <strong>principais sinais<\/strong> da doen\u00e7a. \u00c9 comum surgir acompanhada de mal-estar e pode ser confundida com outras infec\u00e7\u00f5es. A persist\u00eancia da febre ap\u00f3s uma faringite requer avalia\u00e7\u00e3o m\u00e9dica.<\/p>\n\n\n\n<h3 class=\"wp-block-heading\"><span class=\"ez-toc-section\" id=\"Dor_nas_articulacoes_artrite_migratoria\"><\/span><strong>Dor nas articula\u00e7\u00f5es (artrite migrat\u00f3ria)<\/strong><span class=\"ez-toc-section-end\"><\/span><\/h3>\n\n\n\n<p>A dor acomete principalmente <strong>joelhos, tornozelos, cotovelos<\/strong> e <strong>punhos<\/strong>, de forma <strong>intensa<\/strong> e <strong>migrat\u00f3ria<\/strong>. A articula\u00e7\u00e3o inflamada melhora espontaneamente em alguns dias, mas outra \u00e9 acometida em seguida. \u00c9 um sintoma frequente e importante para o diagn\u00f3stico.<\/p>\n\n\n\n<h3 class=\"wp-block-heading\"><span class=\"ez-toc-section\" id=\"Cansaco_excessivo_e_fraqueza\"><\/span><strong>Cansa\u00e7o excessivo e fraqueza<\/strong><span class=\"ez-toc-section-end\"><\/span><\/h3>\n\n\n\n<p>O paciente pode apresentar <strong>fadiga intensa<\/strong>, mesmo em repouso, associada a <strong>falta de ar<\/strong>. Quando associada \u00e0 <strong>cardite<\/strong>, o quadro tende a ser mais grave e exige aten\u00e7\u00e3o m\u00e9dica urgente.<\/p>\n\n\n\n<h3 class=\"wp-block-heading\"><span class=\"ez-toc-section\" id=\"Movimentos_involuntarios_coreia_de_Sydenham\"><\/span><strong>Movimentos involunt\u00e1rios (coreia de Sydenham)<\/strong><span class=\"ez-toc-section-end\"><\/span><\/h3>\n\n\n\n<p>Movimentos <strong>r\u00e1pidos e descoordenados<\/strong>, que afetam principalmente <strong>m\u00e3os, p\u00e9s<\/strong> e <strong>rosto<\/strong>. Costuma surgir meses ap\u00f3s a infec\u00e7\u00e3o e pode ser confundida com dist\u00farbios neurol\u00f3gicos. <strong>Piora<\/strong> com <strong>estresse<\/strong> e <strong>desaparece<\/strong> durante o <strong>sono<\/strong>.<\/p>\n\n\n\n<h3 class=\"wp-block-heading\"><span class=\"ez-toc-section\" id=\"Sopro_cardiaco_ou_dor_no_peito\"><\/span><strong>Sopro card\u00edaco ou dor no peito<\/strong><span class=\"ez-toc-section-end\"><\/span><\/h3>\n\n\n\n<p>Presen\u00e7a de <strong>sopro<\/strong> na ausculta card\u00edaca pode indicar <strong>inflama\u00e7\u00e3o das v\u00e1lvulas do cora\u00e7\u00e3o<\/strong>. <strong>Dor tor\u00e1cica<\/strong> e <a href=\"https:\/\/www.grupomedcof.com.br\/blog\/bradicardia-o-que-e-sintomas-e-mais\/\"><strong>palpita\u00e7\u00f5es<\/strong><\/a> s\u00e3o <strong>comuns<\/strong> em casos de<strong> cardite reum\u00e1tica<\/strong> e devem ser avaliadas com ecocardiograma.<\/p>\n\n\n\n<h3 class=\"wp-block-heading\"><span class=\"ez-toc-section\" id=\"Manchas_vermelhas_na_pele_eritema_marginado\"><\/span><strong>Manchas vermelhas na pele (eritema marginado)<\/strong><span class=\"ez-toc-section-end\"><\/span><\/h3>\n\n\n\n<p><strong>Les\u00f5es r\u00f3seas<\/strong> e <strong>n\u00e3o pruriginosas<\/strong>, com <strong>centro claro <\/strong>e <strong>bordas vermelhas<\/strong>, geralmente no <strong>tronco<\/strong> e <strong>raiz dos membros<\/strong>. Raras, mas t\u00edpicas da doen\u00e7a quando presentes.<\/p>\n\n\n\n<h2 class=\"wp-block-heading\"><span class=\"ez-toc-section\" id=\"Como_e_feito_o_diagnostico_da_febre_reumatica\"><\/span><strong>Como \u00e9 feito o diagn\u00f3stico da febre reum\u00e1tica?<\/strong><span class=\"ez-toc-section-end\"><\/span><\/h2>\n\n\n\n<figure class=\"wp-block-image size-large is-resized\"><img loading=\"lazy\" decoding=\"async\" width=\"1024\" height=\"576\" src=\"https:\/\/www.grupomedcof.com.br\/blog\/wp-content\/uploads\/2025\/07\/Blog-MedCof-8-1024x576.jpg\" alt=\"\" class=\"wp-image-36703\" style=\"width:510px;height:auto\" srcset=\"https:\/\/www.grupomedcof.com.br\/blog\/wp-content\/uploads\/2025\/07\/Blog-MedCof-8-1024x576.jpg 1024w, https:\/\/www.grupomedcof.com.br\/blog\/wp-content\/uploads\/2025\/07\/Blog-MedCof-8-300x169.jpg 300w, https:\/\/www.grupomedcof.com.br\/blog\/wp-content\/uploads\/2025\/07\/Blog-MedCof-8-768x432.jpg 768w, https:\/\/www.grupomedcof.com.br\/blog\/wp-content\/uploads\/2025\/07\/Blog-MedCof-8-1536x864.jpg 1536w, https:\/\/www.grupomedcof.com.br\/blog\/wp-content\/uploads\/2025\/07\/Blog-MedCof-8-747x420.jpg 747w, https:\/\/www.grupomedcof.com.br\/blog\/wp-content\/uploads\/2025\/07\/Blog-MedCof-8-150x84.jpg 150w, https:\/\/www.grupomedcof.com.br\/blog\/wp-content\/uploads\/2025\/07\/Blog-MedCof-8-696x392.jpg 696w, https:\/\/www.grupomedcof.com.br\/blog\/wp-content\/uploads\/2025\/07\/Blog-MedCof-8-1068x601.jpg 1068w, https:\/\/www.grupomedcof.com.br\/blog\/wp-content\/uploads\/2025\/07\/Blog-MedCof-8.jpg 1920w\" sizes=\"auto, (max-width: 1024px) 100vw, 1024px\" \/><\/figure>\n\n\n\n<p>O diagn\u00f3stico \u00e9 <strong>cl\u00ednico<\/strong>, baseado nos <strong>crit\u00e9rios de Jones<\/strong> modificados e evid\u00eancia de <strong>infec\u00e7\u00e3o estreptoc\u00f3cica<\/strong> pr\u00e9via:<\/p>\n\n\n\n<ol class=\"wp-block-list\">\n<li><strong>Anamnese<\/strong>: hist\u00f3rico de dor de garganta recente, febre, artrite, coreia ou sintomas card\u00edacos.<\/li>\n\n\n\n<li><strong>Exame f\u00edsico<\/strong>: busca por sopros card\u00edacos, eritemas, movimentos involunt\u00e1rios e dor articular.<\/li>\n\n\n\n<li><strong>Aplica\u00e7\u00e3o dos crit\u00e9rios de Jones<\/strong>:<\/li>\n<\/ol>\n\n\n\n<ul class=\"wp-block-list\">\n<li>2 crit\u00e9rios maiores ou<\/li>\n\n\n\n<li>1 crit\u00e9rio maior + 2 menores<\/li>\n\n\n\n<li>evid\u00eancia de infec\u00e7\u00e3o por Streptococcus (ASLO elevado, cultura positiva etc.).<\/li>\n<\/ul>\n\n\n\n<h3 class=\"wp-block-heading\"><span class=\"ez-toc-section\" id=\"Qual_exame_detecta_a_febre_reumatica\"><\/span><strong>Qual exame detecta a febre reum\u00e1tica?<\/strong><span class=\"ez-toc-section-end\"><\/span><\/h3>\n\n\n\n<p>Os <strong>exames mais usados<\/strong> para apoiar o diagn\u00f3stico s\u00e3o:<\/p>\n\n\n\n<ul class=\"wp-block-list\">\n<li><strong>ASLO<\/strong>: detecta infec\u00e7\u00e3o recente por estreptococo;<\/li>\n\n\n\n<li><strong>PCR e VHS<\/strong>: indicam inflama\u00e7\u00e3o ativa;<\/li>\n\n\n\n<li><strong>Ecocardiograma com Doppler<\/strong>: avalia presen\u00e7a de cardite, inclusive subcl\u00ednica;<\/li>\n\n\n\n<li><strong>Eletrocardiograma<\/strong>: pode mostrar altera\u00e7\u00f5es no intervalo PR;<\/li>\n\n\n\n<li><strong>Cultura de orofaringe ou teste r\u00e1pido para estreptococo<\/strong>: \u00fatil nas fases iniciais.<\/li>\n<\/ul>\n\n\n\n<h2 class=\"wp-block-heading\"><span class=\"ez-toc-section\" id=\"Qual_o_tratamento_para_a_febre_reumatica\"><\/span><strong>Qual o tratamento para a febre reum\u00e1tica?<\/strong><span class=\"ez-toc-section-end\"><\/span><\/h2>\n\n\n\n<p>O tratamento varia conforme a <strong>gravidade<\/strong> e os <strong>\u00f3rg\u00e3os acometidos<\/strong>:<\/p>\n\n\n\n<ul class=\"wp-block-list\">\n<li><strong>Erradica\u00e7\u00e3o da infec\u00e7\u00e3o:<\/strong> penicilina benzatina (dose \u00fanica intramuscular);<\/li>\n\n\n\n<li><strong>Artrite: <\/strong>anti-inflamat\u00f3rios n\u00e3o hormonais como ibuprofeno ou naproxeno;<\/li>\n\n\n\n<li><strong>Cardite:<\/strong> corticoides (prednisona) em casos moderados a graves;<\/li>\n\n\n\n<li><strong>Coreia:<\/strong> haloperidol, \u00e1cido valpr\u00f3ico ou carbamazepina;<\/li>\n\n\n\n<li><strong>Insufici\u00eancia card\u00edaca:<\/strong> diur\u00e9ticos, IECA e, em casos graves, digoxina;<\/li>\n\n\n\n<li><strong>Repouso relativo ou absoluto<\/strong>, dependendo do grau da cardite.<\/li>\n<\/ul>\n\n\n\n<h2 class=\"wp-block-heading\"><span class=\"ez-toc-section\" id=\"Profilaxia_da_febre_reumatica\"><\/span><strong>Profilaxia da febre reum\u00e1tica<\/strong><span class=\"ez-toc-section-end\"><\/span><\/h2>\n\n\n\n<p>A <strong>profilaxia<\/strong> da <strong>febre reum\u00e1tica<\/strong> consiste em medidas preventivas que visam evitar o desenvolvimento da doen\u00e7a ou impedir novas crises em quem j\u00e1 foi diagnosticado. Ela \u00e9 fundamental para reduzir o risco de les\u00f5es card\u00edacas permanentes, especialmente em crian\u00e7as e adolescentes.<\/p>\n\n\n\n<p>Existem dois tipos principais: a <strong>profilaxia prim\u00e1ria<\/strong>, que previne o primeiro epis\u00f3dio da doen\u00e7a, e a <strong>profilaxia secund\u00e1ria<\/strong>, que evita recorr\u00eancias em pacientes j\u00e1 acometidos.<\/p>\n\n\n\n<p>Ambas envolvem o <strong>uso de antibi\u00f3ticos<\/strong> para combater ou impedir infec\u00e7\u00f5es por <em>Streptococcus pyogenes<\/em>, a bact\u00e9ria respons\u00e1vel por desencadear a febre reum\u00e1tica.<\/p>\n\n\n\n<h3 class=\"wp-block-heading\"><span class=\"ez-toc-section\" id=\"Profilaxia_primaria\"><\/span><strong>Profilaxia prim\u00e1ria<\/strong><span class=\"ez-toc-section-end\"><\/span><\/h3>\n\n\n\n<p><strong>Tratamento imediato<\/strong> da <strong>faringite estreptoc\u00f3cica<\/strong> com:<\/p>\n\n\n\n<ul class=\"wp-block-list\">\n<li><em>Penicilina G benzatina<\/em> (IM, dose \u00fanica)<\/li>\n\n\n\n<li>Alternativas para al\u00e9rgicos: eritromicina, azitromicina ou clindamicina<\/li>\n<\/ul>\n\n\n\n<h3 class=\"wp-block-heading\"><span class=\"ez-toc-section\" id=\"Profilaxia_secundaria\"><\/span><strong>Profilaxia secund\u00e1ria<\/strong><span class=\"ez-toc-section-end\"><\/span><\/h3>\n\n\n\n<p>Ap\u00f3s o <strong>diagn\u00f3stico<\/strong> de febre reum\u00e1tica, o paciente deve receber <strong><em>penicilina benzatina<\/em><\/strong> a cada <strong>21 dias<\/strong>, por pelo menos:<\/p>\n\n\n\n<ul class=\"wp-block-list\">\n<li><strong>5 anos<\/strong> ou <strong>at\u00e9 os 21 anos<\/strong> (sem cardite)<\/li>\n\n\n\n<li><strong>10 anos<\/strong> ou <strong>at\u00e9 os 25 anos<\/strong> (com cardite leve)<\/li>\n\n\n\n<li>Por <strong>tempo indefinido<\/strong> (com les\u00e3o valvar grave)<\/li>\n<\/ul>\n\n\n\n<h2 class=\"wp-block-heading\"><span class=\"ez-toc-section\" id=\"Como_a_febre_reumatica_e_transmitida\"><\/span><strong>Como a febre reum\u00e1tica \u00e9 transmitida?<\/strong><span class=\"ez-toc-section-end\"><\/span><\/h2>\n\n\n\n<figure class=\"wp-block-image size-large is-resized\"><img loading=\"lazy\" decoding=\"async\" width=\"1024\" height=\"576\" src=\"https:\/\/www.grupomedcof.com.br\/blog\/wp-content\/uploads\/2025\/07\/Blog-MedCof-9-1024x576.jpg\" alt=\"\" class=\"wp-image-36704\" style=\"width:519px;height:auto\" srcset=\"https:\/\/www.grupomedcof.com.br\/blog\/wp-content\/uploads\/2025\/07\/Blog-MedCof-9-1024x576.jpg 1024w, https:\/\/www.grupomedcof.com.br\/blog\/wp-content\/uploads\/2025\/07\/Blog-MedCof-9-300x169.jpg 300w, https:\/\/www.grupomedcof.com.br\/blog\/wp-content\/uploads\/2025\/07\/Blog-MedCof-9-768x432.jpg 768w, https:\/\/www.grupomedcof.com.br\/blog\/wp-content\/uploads\/2025\/07\/Blog-MedCof-9-1536x864.jpg 1536w, https:\/\/www.grupomedcof.com.br\/blog\/wp-content\/uploads\/2025\/07\/Blog-MedCof-9-747x420.jpg 747w, https:\/\/www.grupomedcof.com.br\/blog\/wp-content\/uploads\/2025\/07\/Blog-MedCof-9-150x84.jpg 150w, https:\/\/www.grupomedcof.com.br\/blog\/wp-content\/uploads\/2025\/07\/Blog-MedCof-9-696x392.jpg 696w, https:\/\/www.grupomedcof.com.br\/blog\/wp-content\/uploads\/2025\/07\/Blog-MedCof-9-1068x601.jpg 1068w, https:\/\/www.grupomedcof.com.br\/blog\/wp-content\/uploads\/2025\/07\/Blog-MedCof-9.jpg 1920w\" sizes=\"auto, (max-width: 1024px) 100vw, 1024px\" \/><\/figure>\n\n\n\n<p>Segundo o <a href=\"https:\/\/www.msdmanuals.com\/pt\/profissional\/pediatria\/miscel%C3%A2nea-de-infec%C3%A7%C3%B5es-bacterianas-em-lactentes-e-crian%C3%A7as\/febre-reum%C3%A1tica\"><strong>Manual MSD para profissionais de sa\u00fade<\/strong><\/a>, a febre reum\u00e1tica <strong>n\u00e3o \u00e9 contagiosa<\/strong>, mas a <strong>faringite estreptoc\u00f3cica<\/strong> que a antecede, <strong>sim<\/strong>. O cont\u00e1gio ocorre por <strong>got\u00edculas respirat\u00f3rias<\/strong>. Portanto, <a href=\"https:\/\/www.grupomedcof.com.br\/blog\/55-especialidades-medicas\/\"><strong>tratar adequadamente<\/strong><\/a> a amigdalite \u00e9 a principal forma de preven\u00e7\u00e3o.<\/p>\n\n\n\n<h2 class=\"wp-block-heading\"><span class=\"ez-toc-section\" id=\"A_febre_reumatica_e_perigosa\"><\/span><strong>A febre reum\u00e1tica \u00e9 perigosa?<\/strong><span class=\"ez-toc-section-end\"><\/span><\/h2>\n\n\n\n<p><strong>Sim<\/strong>. A principal complica\u00e7\u00e3o \u00e9 a <strong>cardiopatia reum\u00e1tica cr\u00f4nica<\/strong>, que pode levar a:<\/p>\n\n\n\n<ul class=\"wp-block-list\">\n<li>Insufici\u00eancia card\u00edaca;<\/li>\n\n\n\n<li>Estenose valvar;<\/li>\n\n\n\n<li>Necessidade de cirurgia card\u00edaca;<\/li>\n\n\n\n<li>Morte precoce em casos graves.<\/li>\n<\/ul>\n\n\n\n<p>Cerca de <strong>39 milh\u00f5es<\/strong> de pessoas t\u00eam <strong>doen\u00e7a card\u00edaca reum\u00e1tica<\/strong> no mundo, com 300 mil mortes anuais. A <strong>preven\u00e7\u00e3o precoce<\/strong> \u00e9 essencial para reduzir esses n\u00fameros.<\/p>\n\n\n\n<h3 class=\"wp-block-heading\"><span class=\"ez-toc-section\" id=\"Quantos_anos_vive_uma_pessoa_com_febre_reumatica\"><\/span><strong>Quantos anos vive uma pessoa com febre reum\u00e1tica?<\/strong><span class=\"ez-toc-section-end\"><\/span><\/h3>\n\n\n\n<p>Com <strong>tratamento e profilaxia adequados<\/strong>, a <strong>expectativa de vida<\/strong> pode ser <strong>normal<\/strong>. J\u00e1 em <strong>casos n\u00e3o tratados<\/strong>, as les\u00f5es card\u00edacas progridem, <strong>reduzindo significativamente<\/strong> a expectativa de vida. A ades\u00e3o \u00e0 profilaxia de longo prazo \u00e9 determinante para a qualidade e tempo de vida do paciente.<\/p>\n\n\n\n<h2 class=\"wp-block-heading\"><span class=\"ez-toc-section\" id=\"Como_o_MedCof_pode_ajudar_nos_seus_estudos\"><\/span><strong>Como o MedCof pode ajudar nos seus estudos?<\/strong><span class=\"ez-toc-section-end\"><\/span><\/h2>\n\n\n\n<p>Quer alcan\u00e7ar a aprova\u00e7\u00e3o nas provas de <a href=\"https:\/\/www.grupomedcof.com.br\/blog\/o-que-e-residencia-medica\/\"><strong>resid\u00eancia m\u00e9dica<\/strong><\/a>? Ent\u00e3o voc\u00ea precisa <a href=\"https:\/\/www.grupomedcof.com.br\/home\/?page=sobre-nos\"><strong>conhecer<\/strong><\/a> o <strong>Grupo MedCof<\/strong>!<br>Sendo um <a href=\"https:\/\/www.grupomedcof.com.br\/home\/\"><strong>MedCofer<\/strong><\/a>, te ajudaremos na busca da <a href=\"https:\/\/www.grupomedcof.com.br\/blog\/o-que-e-enare\/\"><strong>aprova\u00e7\u00e3o<\/strong><\/a> com conte\u00fados de qualidade e uma metodologia que j\u00e1 aprovou mais de 10 mil residentes no pa\u00eds!<\/p>\n\n\n\n<figure class=\"wp-block-embed is-type-video is-provider-youtube wp-block-embed-youtube wp-embed-aspect-16-9 wp-has-aspect-ratio\"><div class=\"wp-block-embed__wrapper\">\n<iframe loading=\"lazy\" title=\"COFEXPRESS - Pediatria: Reumatologia (Kawasaki + PHS + Febre reum\u00e1tica). Com Dra. Laura Coimbra\" width=\"696\" height=\"392\" src=\"https:\/\/www.youtube.com\/embed\/yfQGsnaJlcw?feature=oembed\" frameborder=\"0\" allow=\"accelerometer; autoplay; clipboard-write; encrypted-media; gyroscope; picture-in-picture; web-share\" referrerpolicy=\"strict-origin-when-cross-origin\" allowfullscreen><\/iframe>\n<\/div><\/figure>\n","protected":false},"excerpt":{"rendered":"<p>Descubra o que \u00e9 febre reum\u00e1tica, sintomas, causas e como tratar. Entenda os exames, diagn\u00f3stico, se a febre reum\u00e1tica \u00e9 perigosa e sua profilaxia. Veja!<\/p>\n","protected":false},"author":2,"featured_media":36702,"comment_status":"closed","ping_status":"closed","sticky":false,"template":"","format":"standard","meta":{"footnotes":""},"categories":[101],"tags":[2921],"ppma_author":[3612],"class_list":{"0":"post-36701","1":"post","2":"type-post","3":"status-publish","4":"format-standard","5":"has-post-thumbnail","7":"category-reumatologia","8":"tag-febre-reumatica"},"yoast_head":"<!-- This site is optimized with the Yoast SEO Premium plugin v24.3 (Yoast SEO v27.4) - https:\/\/yoast.com\/product\/yoast-seo-premium-wordpress\/ -->\n<title>Febre reum\u00e1tica: o que \u00e9, sintomas, causas e tratamento<\/title>\n<meta name=\"description\" content=\"Descubra o que \u00e9 febre reum\u00e1tica, sintomas, causas e como tratar. Entenda os exames, diagn\u00f3stico, se a febre reum\u00e1tica \u00e9 perigosa e sua profilaxia. Veja!\" \/>\n<meta name=\"robots\" content=\"index, follow, max-snippet:-1, max-image-preview:large, max-video-preview:-1\" \/>\n<link rel=\"canonical\" href=\"https:\/\/www.grupomedcof.com.br\/blog\/febre-reumatica-o-que-e-sintomas-e-tratamentos\/\" \/>\n<meta property=\"og:locale\" content=\"pt_BR\" \/>\n<meta property=\"og:type\" content=\"article\" \/>\n<meta property=\"og:title\" content=\"Febre reum\u00e1tica: o que \u00e9, sintomas, causas, profilaxia e tratamento\" \/>\n<meta property=\"og:description\" content=\"Descubra o que \u00e9 febre reum\u00e1tica, sintomas, causas e como tratar. Entenda os exames, diagn\u00f3stico, se a febre reum\u00e1tica \u00e9 perigosa e sua profilaxia. Veja!\" \/>\n<meta property=\"og:url\" content=\"https:\/\/www.grupomedcof.com.br\/blog\/febre-reumatica-o-que-e-sintomas-e-tratamentos\/\" \/>\n<meta property=\"og:site_name\" content=\"Blog de Medcof: conte\u00fados, editais, revalida e mais!\" \/>\n<meta property=\"article:publisher\" content=\"https:\/\/www.facebook.com\/MedCofQbank\/\" \/>\n<meta property=\"article:published_time\" content=\"2025-07-24T17:15:24+00:00\" \/>\n<meta property=\"article:modified_time\" content=\"2025-07-24T18:13:15+00:00\" \/>\n<meta property=\"og:image\" content=\"https:\/\/www.grupomedcof.com.br\/blog\/wp-content\/uploads\/2025\/07\/Blog-MedCof-7.jpg\" \/>\n\t<meta property=\"og:image:width\" content=\"1920\" \/>\n\t<meta property=\"og:image:height\" content=\"1080\" \/>\n\t<meta property=\"og:image:type\" content=\"image\/jpeg\" \/>\n<meta name=\"author\" content=\"Patr\u00edcia Oliveira\" \/>\n<meta name=\"twitter:card\" content=\"summary_large_image\" \/>\n<meta name=\"twitter:label1\" content=\"Escrito por\" \/>\n\t<meta name=\"twitter:data1\" content=\"Patr\u00edcia Oliveira\" \/>\n\t<meta name=\"twitter:label2\" content=\"Est. tempo de leitura\" \/>\n\t<meta name=\"twitter:data2\" content=\"7 minutos\" \/>\n<script type=\"application\/ld+json\" class=\"yoast-schema-graph\">{\"@context\":\"https:\\\/\\\/schema.org\",\"@graph\":[{\"@type\":\"Article\",\"@id\":\"https:\\\/\\\/www.grupomedcof.com.br\\\/blog\\\/febre-reumatica-o-que-e-sintomas-e-tratamentos\\\/#article\",\"isPartOf\":{\"@id\":\"https:\\\/\\\/www.grupomedcof.com.br\\\/blog\\\/febre-reumatica-o-que-e-sintomas-e-tratamentos\\\/\"},\"author\":{\"name\":\"Patr\u00edcia Oliveira\",\"@id\":\"https:\\\/\\\/www.grupomedcof.com.br\\\/blog\\\/#\\\/schema\\\/person\\\/7a655db4c3da9796e0166bf55a9ea53a\"},\"headline\":\"Febre reum\u00e1tica: o que \u00e9, sintomas, causas, profilaxia e tratamento\",\"datePublished\":\"2025-07-24T17:15:24+00:00\",\"dateModified\":\"2025-07-24T18:13:15+00:00\",\"mainEntityOfPage\":{\"@id\":\"https:\\\/\\\/www.grupomedcof.com.br\\\/blog\\\/febre-reumatica-o-que-e-sintomas-e-tratamentos\\\/\"},\"wordCount\":1120,\"publisher\":{\"@id\":\"https:\\\/\\\/www.grupomedcof.com.br\\\/blog\\\/#organization\"},\"image\":{\"@id\":\"https:\\\/\\\/www.grupomedcof.com.br\\\/blog\\\/febre-reumatica-o-que-e-sintomas-e-tratamentos\\\/#primaryimage\"},\"thumbnailUrl\":\"https:\\\/\\\/www.grupomedcof.com.br\\\/blog\\\/wp-content\\\/uploads\\\/2025\\\/07\\\/Blog-MedCof-7.jpg\",\"keywords\":[\"Febre Reum\u00e1tica\"],\"articleSection\":[\"Reumatologia\"],\"inLanguage\":\"pt-BR\"},{\"@type\":\"WebPage\",\"@id\":\"https:\\\/\\\/www.grupomedcof.com.br\\\/blog\\\/febre-reumatica-o-que-e-sintomas-e-tratamentos\\\/\",\"url\":\"https:\\\/\\\/www.grupomedcof.com.br\\\/blog\\\/febre-reumatica-o-que-e-sintomas-e-tratamentos\\\/\",\"name\":\"Febre reum\u00e1tica: o que \u00e9, sintomas, causas e tratamento\",\"isPartOf\":{\"@id\":\"https:\\\/\\\/www.grupomedcof.com.br\\\/blog\\\/#website\"},\"primaryImageOfPage\":{\"@id\":\"https:\\\/\\\/www.grupomedcof.com.br\\\/blog\\\/febre-reumatica-o-que-e-sintomas-e-tratamentos\\\/#primaryimage\"},\"image\":{\"@id\":\"https:\\\/\\\/www.grupomedcof.com.br\\\/blog\\\/febre-reumatica-o-que-e-sintomas-e-tratamentos\\\/#primaryimage\"},\"thumbnailUrl\":\"https:\\\/\\\/www.grupomedcof.com.br\\\/blog\\\/wp-content\\\/uploads\\\/2025\\\/07\\\/Blog-MedCof-7.jpg\",\"datePublished\":\"2025-07-24T17:15:24+00:00\",\"dateModified\":\"2025-07-24T18:13:15+00:00\",\"description\":\"Descubra o que \u00e9 febre reum\u00e1tica, sintomas, causas e como tratar. Entenda os exames, diagn\u00f3stico, se a febre reum\u00e1tica \u00e9 perigosa e sua profilaxia. Veja!\",\"breadcrumb\":{\"@id\":\"https:\\\/\\\/www.grupomedcof.com.br\\\/blog\\\/febre-reumatica-o-que-e-sintomas-e-tratamentos\\\/#breadcrumb\"},\"inLanguage\":\"pt-BR\",\"potentialAction\":[{\"@type\":\"ReadAction\",\"target\":[\"https:\\\/\\\/www.grupomedcof.com.br\\\/blog\\\/febre-reumatica-o-que-e-sintomas-e-tratamentos\\\/\"]}]},{\"@type\":\"ImageObject\",\"inLanguage\":\"pt-BR\",\"@id\":\"https:\\\/\\\/www.grupomedcof.com.br\\\/blog\\\/febre-reumatica-o-que-e-sintomas-e-tratamentos\\\/#primaryimage\",\"url\":\"https:\\\/\\\/www.grupomedcof.com.br\\\/blog\\\/wp-content\\\/uploads\\\/2025\\\/07\\\/Blog-MedCof-7.jpg\",\"contentUrl\":\"https:\\\/\\\/www.grupomedcof.com.br\\\/blog\\\/wp-content\\\/uploads\\\/2025\\\/07\\\/Blog-MedCof-7.jpg\",\"width\":1920,\"height\":1080},{\"@type\":\"BreadcrumbList\",\"@id\":\"https:\\\/\\\/www.grupomedcof.com.br\\\/blog\\\/febre-reumatica-o-que-e-sintomas-e-tratamentos\\\/#breadcrumb\",\"itemListElement\":[{\"@type\":\"ListItem\",\"position\":1,\"name\":\"In\u00edcio\",\"item\":\"https:\\\/\\\/www.grupomedcof.com.br\\\/blog\\\/\"},{\"@type\":\"ListItem\",\"position\":2,\"name\":\"Febre reum\u00e1tica: o que \u00e9, sintomas, causas, profilaxia e tratamento\"}]},{\"@type\":\"WebSite\",\"@id\":\"https:\\\/\\\/www.grupomedcof.com.br\\\/blog\\\/#website\",\"url\":\"https:\\\/\\\/www.grupomedcof.com.br\\\/blog\\\/\",\"name\":\"Blog de Medcof: conte\u00fados, editais, revalida e mais!\",\"description\":\"Acesso o blog de MedCof! Seu portal de conte\u00fados sobre resid\u00eancia m\u00e9dica, an\u00e1lise e editais e muito mais. Clique e confira!\",\"publisher\":{\"@id\":\"https:\\\/\\\/www.grupomedcof.com.br\\\/blog\\\/#organization\"},\"alternateName\":\"Blog de Medcof: conte\u00fados, editais, revalida e mais!\",\"potentialAction\":[{\"@type\":\"SearchAction\",\"target\":{\"@type\":\"EntryPoint\",\"urlTemplate\":\"https:\\\/\\\/www.grupomedcof.com.br\\\/blog\\\/?s={search_term_string}\"},\"query-input\":{\"@type\":\"PropertyValueSpecification\",\"valueRequired\":true,\"valueName\":\"search_term_string\"}}],\"inLanguage\":\"pt-BR\"},{\"@type\":\"Organization\",\"@id\":\"https:\\\/\\\/www.grupomedcof.com.br\\\/blog\\\/#organization\",\"name\":\"Grupo MedCof\",\"url\":\"https:\\\/\\\/www.grupomedcof.com.br\\\/blog\\\/\",\"logo\":{\"@type\":\"ImageObject\",\"inLanguage\":\"pt-BR\",\"@id\":\"https:\\\/\\\/www.grupomedcof.com.br\\\/blog\\\/#\\\/schema\\\/logo\\\/image\\\/\",\"url\":\"https:\\\/\\\/www.grupomedcof.com.br\\\/blog\\\/wp-content\\\/uploads\\\/2022\\\/01\\\/logo-medcof.png\",\"contentUrl\":\"https:\\\/\\\/www.grupomedcof.com.br\\\/blog\\\/wp-content\\\/uploads\\\/2022\\\/01\\\/logo-medcof.png\",\"width\":768,\"height\":269,\"caption\":\"Grupo MedCof\"},\"image\":{\"@id\":\"https:\\\/\\\/www.grupomedcof.com.br\\\/blog\\\/#\\\/schema\\\/logo\\\/image\\\/\"},\"sameAs\":[\"https:\\\/\\\/www.facebook.com\\\/MedCofQbank\\\/\",\"https:\\\/\\\/www.instagram.com\\\/grupomedcof\\\/\",\"https:\\\/\\\/br.linkedin.com\\\/company\\\/medcof\",\"https:\\\/\\\/www.youtube.com\\\/channel\\\/UCdHMuOHKICxcHwecxN8P-AA\"]},{\"@type\":\"Person\",\"@id\":\"https:\\\/\\\/www.grupomedcof.com.br\\\/blog\\\/#\\\/schema\\\/person\\\/7a655db4c3da9796e0166bf55a9ea53a\",\"name\":\"Patr\u00edcia Oliveira\",\"image\":{\"@type\":\"ImageObject\",\"inLanguage\":\"pt-BR\",\"@id\":\"https:\\\/\\\/www.grupomedcof.com.br\\\/blog\\\/wp-content\\\/uploads\\\/2022\\\/03\\\/furacao-96x96.png19e0d43e5696aaa42a3bb896953b331f\",\"url\":\"https:\\\/\\\/www.grupomedcof.com.br\\\/blog\\\/wp-content\\\/uploads\\\/2022\\\/03\\\/furacao-96x96.png\",\"contentUrl\":\"https:\\\/\\\/www.grupomedcof.com.br\\\/blog\\\/wp-content\\\/uploads\\\/2022\\\/03\\\/furacao-96x96.png\",\"caption\":\"Patr\u00edcia Oliveira\"},\"sameAs\":[\"https:\\\/\\\/www.grupomedcof.com.br\\\/\"],\"url\":\"https:\\\/\\\/www.grupomedcof.com.br\\\/blog\\\/author\\\/patricia\\\/\"}]}<\/script>\n<!-- \/ Yoast SEO Premium plugin. -->","yoast_head_json":{"title":"Febre reum\u00e1tica: o que \u00e9, sintomas, causas e tratamento","description":"Descubra o que \u00e9 febre reum\u00e1tica, sintomas, causas e como tratar. Entenda os exames, diagn\u00f3stico, se a febre reum\u00e1tica \u00e9 perigosa e sua profilaxia. Veja!","robots":{"index":"index","follow":"follow","max-snippet":"max-snippet:-1","max-image-preview":"max-image-preview:large","max-video-preview":"max-video-preview:-1"},"canonical":"https:\/\/www.grupomedcof.com.br\/blog\/febre-reumatica-o-que-e-sintomas-e-tratamentos\/","og_locale":"pt_BR","og_type":"article","og_title":"Febre reum\u00e1tica: o que \u00e9, sintomas, causas, profilaxia e tratamento","og_description":"Descubra o que \u00e9 febre reum\u00e1tica, sintomas, causas e como tratar. Entenda os exames, diagn\u00f3stico, se a febre reum\u00e1tica \u00e9 perigosa e sua profilaxia. Veja!","og_url":"https:\/\/www.grupomedcof.com.br\/blog\/febre-reumatica-o-que-e-sintomas-e-tratamentos\/","og_site_name":"Blog de Medcof: conte\u00fados, editais, revalida e mais!","article_publisher":"https:\/\/www.facebook.com\/MedCofQbank\/","article_published_time":"2025-07-24T17:15:24+00:00","article_modified_time":"2025-07-24T18:13:15+00:00","og_image":[{"width":1920,"height":1080,"url":"https:\/\/www.grupomedcof.com.br\/blog\/wp-content\/uploads\/2025\/07\/Blog-MedCof-7.jpg","type":"image\/jpeg"}],"author":"Patr\u00edcia Oliveira","twitter_card":"summary_large_image","twitter_misc":{"Escrito por":"Patr\u00edcia Oliveira","Est. tempo de leitura":"7 minutos"},"schema":{"@context":"https:\/\/schema.org","@graph":[{"@type":"Article","@id":"https:\/\/www.grupomedcof.com.br\/blog\/febre-reumatica-o-que-e-sintomas-e-tratamentos\/#article","isPartOf":{"@id":"https:\/\/www.grupomedcof.com.br\/blog\/febre-reumatica-o-que-e-sintomas-e-tratamentos\/"},"author":{"name":"Patr\u00edcia Oliveira","@id":"https:\/\/www.grupomedcof.com.br\/blog\/#\/schema\/person\/7a655db4c3da9796e0166bf55a9ea53a"},"headline":"Febre reum\u00e1tica: o que \u00e9, sintomas, causas, profilaxia e tratamento","datePublished":"2025-07-24T17:15:24+00:00","dateModified":"2025-07-24T18:13:15+00:00","mainEntityOfPage":{"@id":"https:\/\/www.grupomedcof.com.br\/blog\/febre-reumatica-o-que-e-sintomas-e-tratamentos\/"},"wordCount":1120,"publisher":{"@id":"https:\/\/www.grupomedcof.com.br\/blog\/#organization"},"image":{"@id":"https:\/\/www.grupomedcof.com.br\/blog\/febre-reumatica-o-que-e-sintomas-e-tratamentos\/#primaryimage"},"thumbnailUrl":"https:\/\/www.grupomedcof.com.br\/blog\/wp-content\/uploads\/2025\/07\/Blog-MedCof-7.jpg","keywords":["Febre Reum\u00e1tica"],"articleSection":["Reumatologia"],"inLanguage":"pt-BR"},{"@type":"WebPage","@id":"https:\/\/www.grupomedcof.com.br\/blog\/febre-reumatica-o-que-e-sintomas-e-tratamentos\/","url":"https:\/\/www.grupomedcof.com.br\/blog\/febre-reumatica-o-que-e-sintomas-e-tratamentos\/","name":"Febre reum\u00e1tica: o que \u00e9, sintomas, causas e tratamento","isPartOf":{"@id":"https:\/\/www.grupomedcof.com.br\/blog\/#website"},"primaryImageOfPage":{"@id":"https:\/\/www.grupomedcof.com.br\/blog\/febre-reumatica-o-que-e-sintomas-e-tratamentos\/#primaryimage"},"image":{"@id":"https:\/\/www.grupomedcof.com.br\/blog\/febre-reumatica-o-que-e-sintomas-e-tratamentos\/#primaryimage"},"thumbnailUrl":"https:\/\/www.grupomedcof.com.br\/blog\/wp-content\/uploads\/2025\/07\/Blog-MedCof-7.jpg","datePublished":"2025-07-24T17:15:24+00:00","dateModified":"2025-07-24T18:13:15+00:00","description":"Descubra o que \u00e9 febre reum\u00e1tica, sintomas, causas e como tratar. Entenda os exames, diagn\u00f3stico, se a febre reum\u00e1tica \u00e9 perigosa e sua profilaxia. Veja!","breadcrumb":{"@id":"https:\/\/www.grupomedcof.com.br\/blog\/febre-reumatica-o-que-e-sintomas-e-tratamentos\/#breadcrumb"},"inLanguage":"pt-BR","potentialAction":[{"@type":"ReadAction","target":["https:\/\/www.grupomedcof.com.br\/blog\/febre-reumatica-o-que-e-sintomas-e-tratamentos\/"]}]},{"@type":"ImageObject","inLanguage":"pt-BR","@id":"https:\/\/www.grupomedcof.com.br\/blog\/febre-reumatica-o-que-e-sintomas-e-tratamentos\/#primaryimage","url":"https:\/\/www.grupomedcof.com.br\/blog\/wp-content\/uploads\/2025\/07\/Blog-MedCof-7.jpg","contentUrl":"https:\/\/www.grupomedcof.com.br\/blog\/wp-content\/uploads\/2025\/07\/Blog-MedCof-7.jpg","width":1920,"height":1080},{"@type":"BreadcrumbList","@id":"https:\/\/www.grupomedcof.com.br\/blog\/febre-reumatica-o-que-e-sintomas-e-tratamentos\/#breadcrumb","itemListElement":[{"@type":"ListItem","position":1,"name":"In\u00edcio","item":"https:\/\/www.grupomedcof.com.br\/blog\/"},{"@type":"ListItem","position":2,"name":"Febre reum\u00e1tica: o que \u00e9, sintomas, causas, profilaxia e tratamento"}]},{"@type":"WebSite","@id":"https:\/\/www.grupomedcof.com.br\/blog\/#website","url":"https:\/\/www.grupomedcof.com.br\/blog\/","name":"Blog de Medcof: conte\u00fados, editais, revalida e mais!","description":"Acesso o blog de MedCof! Seu portal de conte\u00fados sobre resid\u00eancia m\u00e9dica, an\u00e1lise e editais e muito mais. Clique e confira!","publisher":{"@id":"https:\/\/www.grupomedcof.com.br\/blog\/#organization"},"alternateName":"Blog de Medcof: conte\u00fados, editais, revalida e mais!","potentialAction":[{"@type":"SearchAction","target":{"@type":"EntryPoint","urlTemplate":"https:\/\/www.grupomedcof.com.br\/blog\/?s={search_term_string}"},"query-input":{"@type":"PropertyValueSpecification","valueRequired":true,"valueName":"search_term_string"}}],"inLanguage":"pt-BR"},{"@type":"Organization","@id":"https:\/\/www.grupomedcof.com.br\/blog\/#organization","name":"Grupo MedCof","url":"https:\/\/www.grupomedcof.com.br\/blog\/","logo":{"@type":"ImageObject","inLanguage":"pt-BR","@id":"https:\/\/www.grupomedcof.com.br\/blog\/#\/schema\/logo\/image\/","url":"https:\/\/www.grupomedcof.com.br\/blog\/wp-content\/uploads\/2022\/01\/logo-medcof.png","contentUrl":"https:\/\/www.grupomedcof.com.br\/blog\/wp-content\/uploads\/2022\/01\/logo-medcof.png","width":768,"height":269,"caption":"Grupo MedCof"},"image":{"@id":"https:\/\/www.grupomedcof.com.br\/blog\/#\/schema\/logo\/image\/"},"sameAs":["https:\/\/www.facebook.com\/MedCofQbank\/","https:\/\/www.instagram.com\/grupomedcof\/","https:\/\/br.linkedin.com\/company\/medcof","https:\/\/www.youtube.com\/channel\/UCdHMuOHKICxcHwecxN8P-AA"]},{"@type":"Person","@id":"https:\/\/www.grupomedcof.com.br\/blog\/#\/schema\/person\/7a655db4c3da9796e0166bf55a9ea53a","name":"Patr\u00edcia Oliveira","image":{"@type":"ImageObject","inLanguage":"pt-BR","@id":"https:\/\/www.grupomedcof.com.br\/blog\/wp-content\/uploads\/2022\/03\/furacao-96x96.png19e0d43e5696aaa42a3bb896953b331f","url":"https:\/\/www.grupomedcof.com.br\/blog\/wp-content\/uploads\/2022\/03\/furacao-96x96.png","contentUrl":"https:\/\/www.grupomedcof.com.br\/blog\/wp-content\/uploads\/2022\/03\/furacao-96x96.png","caption":"Patr\u00edcia Oliveira"},"sameAs":["https:\/\/www.grupomedcof.com.br\/"],"url":"https:\/\/www.grupomedcof.com.br\/blog\/author\/patricia\/"}]}},"authors":[{"term_id":3612,"user_id":2,"is_guest":0,"slug":"patricia","display_name":"Patr\u00edcia Oliveira","avatar_url":"https:\/\/www.grupomedcof.com.br\/blog\/wp-content\/uploads\/2022\/03\/furacao-96x96.png","0":null,"1":"","2":"","3":"","4":"","5":"","6":"","7":"","8":""}],"_links":{"self":[{"href":"https:\/\/www.grupomedcof.com.br\/blog\/wp-json\/wp\/v2\/posts\/36701","targetHints":{"allow":["GET"]}}],"collection":[{"href":"https:\/\/www.grupomedcof.com.br\/blog\/wp-json\/wp\/v2\/posts"}],"about":[{"href":"https:\/\/www.grupomedcof.com.br\/blog\/wp-json\/wp\/v2\/types\/post"}],"author":[{"embeddable":true,"href":"https:\/\/www.grupomedcof.com.br\/blog\/wp-json\/wp\/v2\/users\/2"}],"replies":[{"embeddable":true,"href":"https:\/\/www.grupomedcof.com.br\/blog\/wp-json\/wp\/v2\/comments?post=36701"}],"version-history":[{"count":2,"href":"https:\/\/www.grupomedcof.com.br\/blog\/wp-json\/wp\/v2\/posts\/36701\/revisions"}],"predecessor-version":[{"id":36706,"href":"https:\/\/www.grupomedcof.com.br\/blog\/wp-json\/wp\/v2\/posts\/36701\/revisions\/36706"}],"wp:featuredmedia":[{"embeddable":true,"href":"https:\/\/www.grupomedcof.com.br\/blog\/wp-json\/wp\/v2\/media\/36702"}],"wp:attachment":[{"href":"https:\/\/www.grupomedcof.com.br\/blog\/wp-json\/wp\/v2\/media?parent=36701"}],"wp:term":[{"taxonomy":"category","embeddable":true,"href":"https:\/\/www.grupomedcof.com.br\/blog\/wp-json\/wp\/v2\/categories?post=36701"},{"taxonomy":"post_tag","embeddable":true,"href":"https:\/\/www.grupomedcof.com.br\/blog\/wp-json\/wp\/v2\/tags?post=36701"},{"taxonomy":"author","embeddable":true,"href":"https:\/\/www.grupomedcof.com.br\/blog\/wp-json\/wp\/v2\/ppma_author?post=36701"}],"curies":[{"name":"wp","href":"https:\/\/api.w.org\/{rel}","templated":true}]}}