{"id":37180,"date":"2026-07-19T11:00:00","date_gmt":"2026-07-19T14:00:00","guid":{"rendered":"https:\/\/www.grupomedcof.com.br\/blog\/?p=37180"},"modified":"2026-07-14T17:06:56","modified_gmt":"2026-07-14T20:06:56","slug":"farmacodermias","status":"publish","type":"post","link":"https:\/\/www.grupomedcof.com.br\/blog\/farmacodermias\/","title":{"rendered":"Farmacodermias: o que s\u00e3o, tipos, padr\u00f5es, como identificar e tratar"},"content":{"rendered":"\n<figure class=\"wp-block-image size-large\"><img loading=\"lazy\" decoding=\"async\" width=\"1024\" height=\"576\" src=\"https:\/\/www.grupomedcof.com.br\/blog\/wp-content\/uploads\/2025\/08\/Blog-MedCof-2025-08-21T142530.097-1024x576.jpg\" alt=\"\" class=\"wp-image-37242\" srcset=\"https:\/\/www.grupomedcof.com.br\/blog\/wp-content\/uploads\/2025\/08\/Blog-MedCof-2025-08-21T142530.097-1024x576.jpg 1024w, https:\/\/www.grupomedcof.com.br\/blog\/wp-content\/uploads\/2025\/08\/Blog-MedCof-2025-08-21T142530.097-300x169.jpg 300w, https:\/\/www.grupomedcof.com.br\/blog\/wp-content\/uploads\/2025\/08\/Blog-MedCof-2025-08-21T142530.097-768x432.jpg 768w, https:\/\/www.grupomedcof.com.br\/blog\/wp-content\/uploads\/2025\/08\/Blog-MedCof-2025-08-21T142530.097-1536x864.jpg 1536w, https:\/\/www.grupomedcof.com.br\/blog\/wp-content\/uploads\/2025\/08\/Blog-MedCof-2025-08-21T142530.097-747x420.jpg 747w, https:\/\/www.grupomedcof.com.br\/blog\/wp-content\/uploads\/2025\/08\/Blog-MedCof-2025-08-21T142530.097-150x84.jpg 150w, https:\/\/www.grupomedcof.com.br\/blog\/wp-content\/uploads\/2025\/08\/Blog-MedCof-2025-08-21T142530.097-696x392.jpg 696w, https:\/\/www.grupomedcof.com.br\/blog\/wp-content\/uploads\/2025\/08\/Blog-MedCof-2025-08-21T142530.097-1068x601.jpg 1068w, https:\/\/www.grupomedcof.com.br\/blog\/wp-content\/uploads\/2025\/08\/Blog-MedCof-2025-08-21T142530.097.jpg 1920w\" sizes=\"auto, (max-width: 1024px) 100vw, 1024px\" \/><\/figure>\n\n\n\n<p class=\"wp-block-paragraph\">As <strong>farmacodermias<\/strong> s\u00e3o manifesta\u00e7\u00f5es <strong>patol\u00f3gicas <\/strong>que acometem <strong>pele, mucosas e anexos<\/strong> devido a administra\u00e7\u00e3o de medicamentos por <strong>qualquer via de administra\u00e7\u00e3o <\/strong>(t\u00f3pica, oral ou parenteral).&nbsp;<\/p>\n\n\n\n<p class=\"wp-block-paragraph\">Ela pode ser denominada tamb\u00e9m de rea\u00e7\u00f5es cut\u00e2neas adversas a drogas <strong>(RCAD)<\/strong> e podem variar, desde <strong>quadros leves <\/strong>e autolimitados at\u00e9 s\u00edndromes graves <strong>potencialmente fatais<\/strong>. Por isso \u00e9 fundamental saber quais farmacodermias demandam<strong> diagn\u00f3stico precoce <\/strong>e <strong>interven\u00e7\u00e3o imediata<\/strong> em ambiente de terapia intensiva.<\/p>\n\n\n\n<h2 id=\"h-como-as-farmacodermias-acontecem-nbsp\" class=\"wp-block-heading\"><strong>Como as farmacodermias acontecem?&nbsp;<\/strong><\/h2>\n\n\n\n<p class=\"wp-block-paragraph\">As patologias advindas dos medicamentos resultam de <strong>dois mecanismos fisiopatol\u00f3gicos:<\/strong> as rea\u00e7\u00f5es imunes de <strong>hipersensibilidade <\/strong>ou a <strong>toxicidade direta <\/strong>desencadeada pelo f\u00e1rmaco ou por seus metab\u00f3litos reativos.&nbsp;&nbsp;<\/p>\n\n\n\n<p class=\"wp-block-paragraph\">A hipersensibilidade se relaciona com o reconhecimento do f\u00e1rmaco (seja por meio de um <strong>hapteno <\/strong>ou liga\u00e7\u00e3o direta aos<strong> receptores de c\u00e9lula T<\/strong>) pelo sistema imune.&nbsp; A partir de ent\u00e3o \u00e9 iniciada a cascata de ativa\u00e7\u00e3o imunol\u00f3gica e inflama\u00e7\u00e3o cut\u00e2nea, onde h\u00e1 o recrutamento de<strong> linf\u00f3citos, eosin\u00f3filos e mast\u00f3citos <\/strong>que liberam citocinas pr\u00f3-inflamat\u00f3rias, quimiocinas e mediadores citot\u00f3xicos, causando as <strong>les\u00f5es vis\u00edveis.&nbsp;<\/strong><\/p>\n\n\n\n<p class=\"wp-block-paragraph\">O desenvolvimento e a gravidade dessa condi\u00e7\u00e3o depende de<strong> fatores gen\u00e9ticos, doses e propriedades inerentes do f\u00e1rmaco, tempo de exposi\u00e7\u00e3o e a condi\u00e7\u00e3o de polifarm\u00e1cia.&nbsp;<\/strong><\/p>\n\n\n\n<h2 id=\"h-quais-medicamentos-causam-mais-farmacodermias-nbsp\" class=\"wp-block-heading\"><strong>Quais medicamentos causam mais farmacodermias?&nbsp;<\/strong><\/h2>\n\n\n\n<p class=\"wp-block-paragraph\">Existem grupos farmacol\u00f3gicos que concentram a maioria dos diagn\u00f3sticos de toxidermias, que s\u00e3o:&nbsp;&nbsp;<\/p>\n\n\n\n<ul class=\"wp-block-list\">\n<li><strong>Antibi\u00f3ticos:<\/strong> Destacando-se os beta-lact\u00e2micos (penicilinas e cefalosporinas) e as sulfonamidas (sulfametoxazol-trimetoprima), frequentemente associados a exantemas e S\u00edndrome de Stevens-Johnson\/Necr\u00f3lise Epid\u00e9rmica T\u00f3xica<\/li>\n\n\n\n<li><strong>Anticonvulsivantes:<\/strong> Especialmente os f\u00e1rmacos arom\u00e1ticos (fenito\u00edna, carbamazepina, fenobarbital e lamotrigina), que figuram como os principais gatilhos para a s\u00edndrome DRESS (Drug Reaction with Eosinophilia and Systemic Symptoms\/Rea\u00e7\u00e3o medicamentosa com eosinofilia e sintomas sist\u00eamicos).<\/li>\n\n\n\n<li><strong>Anti-inflamat\u00f3rios N\u00e3o Esteroidais (AINEs):<\/strong> Incluindo derivados do \u00e1cido salic\u00edlico, piroxicam e diclofenaco, amplamente implicados em quadros de Eritema Pigmentar Fixo e urtic\u00e1rias.<\/li>\n\n\n\n<li><strong>Alopurinol:<\/strong> Inibidor da xantina oxidase utilizado no manejo da hiperuricemia, fortemente vinculado ao desenvolvimento de rea\u00e7\u00f5es cut\u00e2neas graves em pacientes com alelos HLA espec\u00edficos.<\/li>\n\n\n\n<li><strong>Antirretrovirais:<\/strong> Medicamentos como a nevirapina e o abacavir, que demandam triagem farmacogen\u00e9tica pr\u00e9via em diversos protocolos devido ao alto \u00edndice de hipersensibilidade sist\u00eamica.<\/li>\n<\/ul>\n\n\n\n<h2 id=\"h-principais-apresentacoes-clinicas-de-farmacodermias\" class=\"wp-block-heading\"><strong>Principais apresenta\u00e7\u00f5es cl\u00ednicas de farmacodermias<\/strong><\/h2>\n\n\n\n<p class=\"wp-block-paragraph\">A incid\u00eancia das farmacodermias depende do <strong>contexto cl\u00ednico<\/strong>, pois ele se manifesta de forma diferente se o paciente estiver em atendimento ambulatorial de rotina, em salas de urg\u00eancia ou em unidades de terapia intensiva. As rea\u00e7\u00f5es cut\u00e2neas adversas podem ser <strong>estratificadas <\/strong>atrav\u00e9s das seguintes apresenta\u00e7\u00f5es e classifica\u00e7\u00f5es cl\u00ednicas:&nbsp;<\/p>\n\n\n\n<ul class=\"wp-block-list\">\n<li><strong>Rea\u00e7\u00f5es Tipo A (Previs\u00edveis):<\/strong> Decorrentes da a\u00e7\u00e3o farmacol\u00f3gica intr\u00ednseca do f\u00e1rmaco, sendo<strong> dose-dependentes<\/strong> (ex: xerose por retinoides).<\/li>\n\n\n\n<li><strong>Rea\u00e7\u00f5es Tipo B (Imprevis\u00edveis):<\/strong> Idiossincr\u00e1sicas ou al\u00e9rgicas, independentes da dose terap\u00eautica padr\u00e3o (ex: exantema morbiliforme).<\/li>\n\n\n\n<li><strong>Manifesta\u00e7\u00f5es Imediatas:<\/strong> Mediadas por IgE, ocorrendo de minutos a poucas horas ap\u00f3s a administra\u00e7\u00e3o, caracterizadas por<strong> urtic\u00e1ria, <\/strong><a href=\"https:\/\/www.grupomedcof.com.br\/blog\/angioedema-uma-consequencia-da-alergia-e-suas-diferencas-da-rinite-e-dpv\/\"><strong>angioedema<\/strong><\/a><strong> e anafilaxia.<\/strong><\/li>\n\n\n\n<li><strong>Manifesta\u00e7\u00f5es Tardias:<\/strong> Mediadas por imunidade celular (linf\u00f3citos T), iniciando-se de dias a semanas ap\u00f3s a introdu\u00e7\u00e3o da droga, englobando a maioria dos <strong>exantemas e s\u00edndromes descamativas.<\/strong><\/li>\n\n\n\n<li><strong>Quadros Leves e Autolimitados:<\/strong> Restritos ao acometimento cut\u00e2neo superficial, sem<strong> repercuss\u00e3o sist\u00eamica <\/strong>ou<strong> disfun\u00e7\u00e3o org\u00e2nica<\/strong> (ex: eritema pigmentar fixo localizado).<\/li>\n\n\n\n<li><strong>S\u00edndromes Graves e Potencialmente Fatais (SCARs):<\/strong> Rea\u00e7\u00f5es de alta <strong>morbimortalidade <\/strong>que cursam com febre, acometimento mucoso, necrose epid\u00e9rmica ou fal\u00eancia multivisceral (ex: SSJ, NET, DRESS e PEGA).<\/li>\n<\/ul>\n\n\n\n<h2 id=\"h-padroes-morfologicos-de-farmacodermias-nbsp\" class=\"wp-block-heading\"><strong>Padr\u00f5es morfol\u00f3gicos de farmacodermias&nbsp;<\/strong><\/h2>\n\n\n\n<p class=\"wp-block-paragraph\">O diagn\u00f3stico depende do reconhecimento macrosc\u00f3pico e an\u00e1lise minuciosa das les\u00f5es elementares cut\u00e2neas. Os principais padr\u00f5es morfol\u00f3gicos s\u00e3o:&nbsp;&nbsp;<\/p>\n\n\n\n<h3 id=\"h-exantema-maculopapular\" class=\"wp-block-heading\"><strong>Exantema maculopapular<\/strong><\/h3>\n\n\n\n<figure class=\"wp-block-image size-full\"><a href=\"Fonte: https:\/\/www.portalped.com.br\/especialidades-da-pediatria\/infectologia\/zika-virus-quando-suspeitar\/attachment\/erupcao-papular-2\/\" target=\"_blank\" rel=\" noreferrer noopener\"><img loading=\"lazy\" decoding=\"async\" width=\"613\" height=\"377\" src=\"https:\/\/www.grupomedcof.com.br\/blog\/wp-content\/uploads\/2026\/07\/image-11.png\" alt=\"\" class=\"wp-image-46964\" srcset=\"https:\/\/www.grupomedcof.com.br\/blog\/wp-content\/uploads\/2026\/07\/image-11.png 613w, https:\/\/www.grupomedcof.com.br\/blog\/wp-content\/uploads\/2026\/07\/image-11-300x185.png 300w, https:\/\/www.grupomedcof.com.br\/blog\/wp-content\/uploads\/2026\/07\/image-11-150x92.png 150w\" sizes=\"auto, (max-width: 613px) 100vw, 613px\" \/><\/a><figcaption class=\"wp-element-caption\">Fonte: Portal Ped<\/figcaption><\/figure>\n\n\n\n<p class=\"wp-block-paragraph\">Essa \u00e9 a manifesta\u00e7\u00e3o <a href=\"https:\/\/www.grupomedcof.com.br\/blog\/clinica-medica\/\" target=\"_blank\" rel=\"noreferrer noopener\"><strong>cl\u00ednica<\/strong><\/a><strong> <\/strong>mais comum entre as farmacodermias, representada pela <strong>erup\u00e7\u00f5es morbiliformes disseminadas sim\u00e9tricas.<\/strong> Normalmente s\u00e3o compostas por <strong>m\u00e1culas e p\u00e1pulas<\/strong> que se iniciam&nbsp; frequentemente na regi\u00e3o troncular com progress\u00e3o centr\u00edfuga, poupando a face e extremidades na fase inicial.&nbsp;<\/p>\n\n\n\n<p class=\"wp-block-paragraph\">Esse padr\u00e3o se associa com uso recentes de medicamentos, com per\u00edodo de incuba\u00e7\u00e3o de<strong> 7 a 14 dias ap\u00f3s a primeira exposi\u00e7\u00e3o<\/strong>. A evolu\u00e7\u00e3o costuma ser <strong>benigna e autolimitada,<\/strong> se resolvendo completamente se for reconhecida r\u00e1pido e suspenso precocemente o agente causal suspeito.&nbsp;<\/p>\n\n\n\n<h3 id=\"h-urticaria-e-angioedema\" class=\"wp-block-heading\"><strong>Urtic\u00e1ria e angioedema<\/strong><\/h3>\n\n\n\n<figure class=\"wp-block-image size-full is-resized\"><img loading=\"lazy\" decoding=\"async\" width=\"269\" height=\"187\" src=\"https:\/\/www.grupomedcof.com.br\/blog\/wp-content\/uploads\/2026\/07\/image-7.png\" alt=\"\" class=\"wp-image-46959\" style=\"aspect-ratio:1.4386595353501588;width:538px;height:auto\" srcset=\"https:\/\/www.grupomedcof.com.br\/blog\/wp-content\/uploads\/2026\/07\/image-7.png 269w, https:\/\/www.grupomedcof.com.br\/blog\/wp-content\/uploads\/2026\/07\/image-7-150x104.png 150w\" sizes=\"auto, (max-width: 269px) 100vw, 269px\" \/><\/figure>\n\n\n\n<p class=\"wp-block-paragraph\">Fonte: <a href=\"https:\/\/blogdalergia.blogspot.com\/2014\/02\/urticaria-e-angioedema.html\" target=\"_blank\" rel=\"noreferrer noopener\">Blog da alergia<\/a><\/p>\n\n\n\n<p class=\"wp-block-paragraph\">Essas s\u00e3o rea\u00e7\u00f5es imediatas de hipersensibilidade Tipo I (de Gell e Coombs) que se caracterizam clinicamente pelo <strong>surgimento abrupto de urticas, prurido intenso e placas eritemato-edematosas evanescentes.&nbsp;<\/strong><\/p>\n\n\n\n<p class=\"wp-block-paragraph\">Se o processo inflamat\u00f3rio acometer a derme profunda e o tecido subcut\u00e2neo, come\u00e7a a surgir o <a href=\"https:\/\/www.grupomedcof.com.br\/blog\/angioedema-uma-consequencia-da-alergia-e-suas-diferencas-da-rinite-e-dpv\/\" target=\"_blank\" rel=\"noreferrer noopener\"><strong>angioedema<\/strong><\/a>, evidenciado por <strong>edema s\u00fabito, doloroso e assim\u00e9trico<\/strong>. Quando h\u00e1 maior gravidade, h\u00e1 risco de acometimento respirat\u00f3rio (devido a edema de glote ou broncoespasmo grave) ou evolu\u00e7\u00e3o para choque anafil\u00e1tico.&nbsp;<\/p>\n\n\n\n<p class=\"wp-block-paragraph\">Por isso, o diagn\u00f3stico r\u00e1pido e preciso \u00e9 fundamental para correta conduta emergencial, com administra\u00e7\u00e3o imediata de <strong>adrenalina intramuscular<\/strong> em casos de anafilaxia e suporte ventilat\u00f3rio e estabiliza\u00e7\u00e3o hemodin\u00e2mica.&nbsp;<\/p>\n\n\n\n<h3 id=\"h-eritema-fixo-medicamentoso\" class=\"wp-block-heading\"><strong>Eritema fixo medicamentoso<\/strong><\/h3>\n\n\n\n<figure class=\"wp-block-image size-full\"><img loading=\"lazy\" decoding=\"async\" width=\"302\" height=\"434\" src=\"https:\/\/www.grupomedcof.com.br\/blog\/wp-content\/uploads\/2026\/07\/image-8.png\" alt=\"\" class=\"wp-image-46960\" srcset=\"https:\/\/www.grupomedcof.com.br\/blog\/wp-content\/uploads\/2026\/07\/image-8.png 302w, https:\/\/www.grupomedcof.com.br\/blog\/wp-content\/uploads\/2026\/07\/image-8-209x300.png 209w, https:\/\/www.grupomedcof.com.br\/blog\/wp-content\/uploads\/2026\/07\/image-8-292x420.png 292w, https:\/\/www.grupomedcof.com.br\/blog\/wp-content\/uploads\/2026\/07\/image-8-150x216.png 150w, https:\/\/www.grupomedcof.com.br\/blog\/wp-content\/uploads\/2026\/07\/image-8-300x431.png 300w\" sizes=\"auto, (max-width: 302px) 100vw, 302px\" \/><figcaption class=\"wp-element-caption\">Fonte: <a href=\"https:\/\/prontopele.com.br\/blog\/voce-sabe-o-que-e-eritema-fixo-pigmentar\/\" target=\"_blank\" rel=\"noreferrer noopener\">Pronto Pele<\/a><\/figcaption><\/figure>\n\n\n\n<p class=\"wp-block-paragraph\">Essa \u00e9 uma rea\u00e7\u00e3o imunol\u00f3gica peculiar mediada por linf\u00f3citos T de mem\u00f3ria residentes na pele. Essa farmacodermia se apresenta&nbsp; com padr\u00e3o cl\u00e1ssico de <strong>placas eritemato-viol\u00e1ceas, arredondadas ou ovais,<\/strong> bem delimitadas e que recorrem exatamente nos mesmos locais ap\u00f3s cada reexposi\u00e7\u00e3o ao f\u00e1rmaco.&nbsp;<\/p>\n\n\n\n<p class=\"wp-block-paragraph\">Um achado patognom\u00f4nico \u00e9 a <strong>hiperpigmenta\u00e7\u00e3o residual castanha ou acinzentada<\/strong> ap\u00f3s a resolu\u00e7\u00e3o da fase aguda, sendo crit\u00e9rio chave para o diagn\u00f3stico retrospectivo.&nbsp; Os locais mais afetados s\u00e3o mucosa oral, genit\u00e1lia e extremidades, os quais se associam com medicamentos anti-inflamat\u00f3rios n\u00e3o esteroidais.&nbsp;<\/p>\n\n\n\n<h3 id=\"h-sindrome-dress\" class=\"wp-block-heading\"><strong>S\u00edndrome DRESS<\/strong><\/h3>\n\n\n\n<figure class=\"wp-block-image size-large\"><img loading=\"lazy\" decoding=\"async\" width=\"1024\" height=\"482\" src=\"https:\/\/www.grupomedcof.com.br\/blog\/wp-content\/uploads\/2026\/07\/image-5-1024x482.jpeg\" alt=\"\" class=\"wp-image-46961\" srcset=\"https:\/\/www.grupomedcof.com.br\/blog\/wp-content\/uploads\/2026\/07\/image-5-1024x482.jpeg 1024w, https:\/\/www.grupomedcof.com.br\/blog\/wp-content\/uploads\/2026\/07\/image-5-300x141.jpeg 300w, https:\/\/www.grupomedcof.com.br\/blog\/wp-content\/uploads\/2026\/07\/image-5-768x362.jpeg 768w, https:\/\/www.grupomedcof.com.br\/blog\/wp-content\/uploads\/2026\/07\/image-5-1536x723.jpeg 1536w, https:\/\/www.grupomedcof.com.br\/blog\/wp-content\/uploads\/2026\/07\/image-5-892x420.jpeg 892w, https:\/\/www.grupomedcof.com.br\/blog\/wp-content\/uploads\/2026\/07\/image-5-150x71.jpeg 150w, https:\/\/www.grupomedcof.com.br\/blog\/wp-content\/uploads\/2026\/07\/image-5-696x328.jpeg 696w, https:\/\/www.grupomedcof.com.br\/blog\/wp-content\/uploads\/2026\/07\/image-5-1068x503.jpeg 1068w, https:\/\/www.grupomedcof.com.br\/blog\/wp-content\/uploads\/2026\/07\/image-5-1920x904.jpeg 1920w, https:\/\/www.grupomedcof.com.br\/blog\/wp-content\/uploads\/2026\/07\/image-5.jpeg 2048w\" sizes=\"auto, (max-width: 1024px) 100vw, 1024px\" \/><figcaption class=\"wp-element-caption\">Fonte: GN Research<\/figcaption><\/figure>\n\n\n\n<p class=\"wp-block-paragraph\">Essa \u00e9 uma farmacodermia<strong> tardia grave<\/strong>, que podemos classificar como um rea\u00e7\u00e3o cut\u00e2nea adversa grave (SCAR)e associada a uma taxa de mortalidade de 1 para 10.&nbsp;<\/p>\n\n\n\n<p class=\"wp-block-paragraph\">Vemos no paciente um exantema maculopapular <strong>extenso e infiltrativo<\/strong>, <strong>eosinofilia <\/strong>perif\u00e9rica marcada (normalmente &gt; 1.500\/m\u00b3 )e <strong>acometimento sist\u00eamico de m\u00faltiplos \u00f3rg\u00e3os.<\/strong> Podemos identificar a tr\u00edade que a diferencia de exantemas benignos: febre alta persistente, linfadenopatia difusa e altera\u00e7\u00f5es hep\u00e1ticas (a hepatite medicamentosa).&nbsp;<\/p>\n\n\n\n<p class=\"wp-block-paragraph\">Como essa condi\u00e7\u00e3o pode acometer o corpo de forma sist\u00eamica progressiva, \u00e9 fundamental a identifica\u00e7\u00e3o precoce e suspens\u00e3o imediata de todos os medicamentos suspeitos, seguida por corticoterapia sist\u00eamica prolongada e suporte hemodin\u00e2mico.&nbsp;<\/p>\n\n\n\n<h3 id=\"h-sindrome-de-stevens-johnson-e-necrolise-epidermica-toxica\" class=\"wp-block-heading\"><strong>S\u00edndrome de Stevens-Johnson e Necr\u00f3lise Epid\u00e9rmica T\u00f3xica<\/strong><\/h3>\n\n\n\n<figure class=\"wp-block-image size-full\"><img loading=\"lazy\" decoding=\"async\" width=\"630\" height=\"506\" src=\"https:\/\/www.grupomedcof.com.br\/blog\/wp-content\/uploads\/2026\/07\/image-9.png\" alt=\"\" class=\"wp-image-46962\" srcset=\"https:\/\/www.grupomedcof.com.br\/blog\/wp-content\/uploads\/2026\/07\/image-9.png 630w, https:\/\/www.grupomedcof.com.br\/blog\/wp-content\/uploads\/2026\/07\/image-9-300x241.png 300w, https:\/\/www.grupomedcof.com.br\/blog\/wp-content\/uploads\/2026\/07\/image-9-523x420.png 523w, https:\/\/www.grupomedcof.com.br\/blog\/wp-content\/uploads\/2026\/07\/image-9-150x120.png 150w\" sizes=\"auto, (max-width: 630px) 100vw, 630px\" \/><figcaption class=\"wp-element-caption\">Necr\u00f3lise Epid\u00e9rmica T\u00f3xica. Fonte: Scielo<\/figcaption><\/figure>\n\n\n\n<p class=\"wp-block-paragraph\">Essas duas condi\u00e7\u00f5es representam o espectro mais grave das emerg\u00eancias <a href=\"https:\/\/www.grupomedcof.com.br\/blog\/dermatologia\/\" target=\"_blank\" rel=\"noreferrer noopener\"><strong>dermatol\u00f3gicas<\/strong><\/a>, caracterizadas por <strong>necrose epid\u00e9rmica extensa, apoptose massiva de queratin\u00f3citos e acometimento erosivo de m\u00faltiplas mucosas <\/strong>(ocular, oral, genital e respirat\u00f3ria).&nbsp;<\/p>\n\n\n\n<p class=\"wp-block-paragraph\">A diferen\u00e7a entre as duas condi\u00e7\u00f5es \u00e9 estabelecida conforme o <strong>percentual de descolamento cut\u00e2neo da superf\u00edcie corporal<\/strong> total acometido. Na S\u00edndrome de Stevens-Johnson tem destrui\u00e7\u00e3o epid\u00e9rmica restrita a menos de 10% da SCT, se houver sobreposi\u00e7\u00e3o das duas condi\u00e7\u00f5es h\u00e1 um aumento de 10 a 30% da superf\u00edcie acometida, j\u00e1 na Necr\u00f3lise Epid\u00e9rmica T\u00f3xica h\u00e1 comprometimento fulminantes de mais de 30% da SCT (cursa com sinal de Nikolsky amplamente positivo).&nbsp;<\/p>\n\n\n\n<p class=\"wp-block-paragraph\">A alta morbimortalidade se associa a emerg\u00eancia de um manejo intensivo precoce (sobretudo nas unidades de terapia intensiva ou centro de queimados), um isolamento reverso, um suporte eletrol\u00edtico rigoroso e um diagn\u00f3stico precoce com imediata interrup\u00e7\u00e3o do f\u00e1rmaco agressor. Em raz\u00e3o dessas v\u00e1rias etapas complicadas, a mortalidade pode ultrapassar 30% na NET.&nbsp;<\/p>\n\n\n\n<h3 id=\"h-eritema-multiforme\" class=\"wp-block-heading\"><strong>Eritema multiforme<\/strong><\/h3>\n\n\n\n<figure class=\"wp-block-image size-full\"><img loading=\"lazy\" decoding=\"async\" width=\"663\" height=\"376\" src=\"https:\/\/www.grupomedcof.com.br\/blog\/wp-content\/uploads\/2026\/07\/image-10.png\" alt=\"\" class=\"wp-image-46963\" srcset=\"https:\/\/www.grupomedcof.com.br\/blog\/wp-content\/uploads\/2026\/07\/image-10.png 663w, https:\/\/www.grupomedcof.com.br\/blog\/wp-content\/uploads\/2026\/07\/image-10-300x170.png 300w, https:\/\/www.grupomedcof.com.br\/blog\/wp-content\/uploads\/2026\/07\/image-10-150x85.png 150w\" sizes=\"auto, (max-width: 663px) 100vw, 663px\" \/><figcaption class=\"wp-element-caption\">Fonte: <a href=\"https:\/\/cdn-prod.medicalnewstoday.com\/content\/images\/articles\/323\/323801\/erythema-multiforme-on-a-childs-elbows-br-image-credit-dermnet-new-zealand-br.jpg\">https:\/\/cdn-prod.medicalnewstoday.com\/content\/images\/articles\/323\/323801\/erythema-multiforme-on-a-childs-elbows-br-image-credit-dermnet-new-zealand-br.jpg<\/a>&nbsp;<\/figcaption><\/figure>\n\n\n\n<p class=\"wp-block-paragraph\">O eritema multiforme (EM) \u00e9 uma rea\u00e7\u00e3o aguda de hipersensibilidade mucocut\u00e2nea imunomediada que pode ser identificada pelo surgimento de les\u00f5es em alvo t\u00edpicas (<strong>les\u00f5es em ir\u00eds<\/strong>). Esse tipo de les\u00e3o apresenta um padr\u00e3o de<strong> 3 zonas<\/strong>: um centro purp\u00farico ou bolhoso, um halo intermedi\u00e1rio edematoso e claro e uma borda externa eritematosa, o que pode se assemelhar a um olho.<\/p>\n\n\n\n<p class=\"wp-block-paragraph\">Esse acometimento \u00e9 bastante confundido com rea\u00e7\u00f5es medicamentosas,&nbsp; mas os principais gatilhos para o eritema multiforme s\u00e3o as <strong>infec\u00e7\u00f5es<\/strong>, sobretudo pelo v\u00edrus Herpes Simplex e Mycoplasma pneumoniae.<\/p>\n\n\n\n<p class=\"wp-block-paragraph\">O que diferencia o eritema multiforme da S\u00edndrome de Stevens-Johnson e Necr\u00f3lise Epid\u00e9rmica T\u00f3xica e o padr\u00e3o cl\u00ednico com<strong> les\u00f5es acrais em alvo verdadeiro e a menor extens\u00e3o e gravidade do acometimento mucoso<\/strong>, j\u00e1 que o eritema multiforme costuma ser restrito \u00e0 cavidade oral.&nbsp;<\/p>\n\n\n\n<p class=\"wp-block-paragraph\">Compreender essa distin\u00e7\u00e3o ressalta a <strong>import\u00e2ncia do diagn\u00f3stico diferencial nas emerg\u00eancias dermatol\u00f3gicas<\/strong>, uma vez que a abordagem terap\u00eautica, o progn\u00f3stico e a necessidade de suporte intensivo diferem completamente entre o EM e o espectro de necrose epid\u00e9rmica da SSJ\/NET.&nbsp;<\/p>\n\n\n\n<h3 id=\"h-pega-pustulose-exantematica-generalizada-aguda\" class=\"wp-block-heading\"><strong>PEGA (Pustulose Exantem\u00e1tica Generalizada Aguda)<\/strong><\/h3>\n\n\n\n<figure class=\"wp-block-image size-full\"><img loading=\"lazy\" decoding=\"async\" width=\"676\" height=\"458\" src=\"https:\/\/www.grupomedcof.com.br\/blog\/wp-content\/uploads\/2026\/07\/image-13.png\" alt=\"\" class=\"wp-image-46966\" srcset=\"https:\/\/www.grupomedcof.com.br\/blog\/wp-content\/uploads\/2026\/07\/image-13.png 676w, https:\/\/www.grupomedcof.com.br\/blog\/wp-content\/uploads\/2026\/07\/image-13-300x203.png 300w, https:\/\/www.grupomedcof.com.br\/blog\/wp-content\/uploads\/2026\/07\/image-13-620x420.png 620w, https:\/\/www.grupomedcof.com.br\/blog\/wp-content\/uploads\/2026\/07\/image-13-150x102.png 150w\" sizes=\"auto, (max-width: 676px) 100vw, 676px\" \/><figcaption class=\"wp-element-caption\">Fonte: <a href=\"https:\/\/jamanetwork.com\/data\/Journals\/DERM\/5207\/dob80028f2.png\">https:\/\/jamanetwork.com\/data\/Journals\/DERM\/5207\/dob80028f2.png<\/a>&nbsp;<\/figcaption><\/figure>\n\n\n\n<p class=\"wp-block-paragraph\">Essa farmacodermia aguda \u00e9 classificada no grupo das rea\u00e7\u00f5es de hipersensibilidade do tipo IVd, mediada por<strong> linf\u00f3citos T<\/strong> que recrutam e ativam <strong>neutr\u00f3filos <\/strong>atrav\u00e9s da secre\u00e7\u00e3o de<strong> IL-8\/CXCL8.&nbsp;<\/strong><\/p>\n\n\n\n<p class=\"wp-block-paragraph\">A manifesta\u00e7\u00e3o cl\u00ednica \u00e9 o surgimento s\u00fabito de m\u00faltiplas <strong>p\u00fastulas est\u00e9reis<\/strong>, n\u00e3o foliculares, de pequenas dimens\u00f5es e dispostas sobre uma base intencionalmente <strong>eritematosa e edematosa (<\/strong>que tem predile\u00e7\u00e3o inicial pelas grandes dobras cut\u00e2neas).&nbsp;<\/p>\n\n\n\n<p class=\"wp-block-paragraph\">Como h\u00e1 um quadro sist\u00eamico inflamat\u00f3rio sist\u00eamico, podemos identificar<strong> febre alta<\/strong> e leucocitose marcada por <strong>neutrofilia expressiva <\/strong>(&gt; 10.000\/mm\u00b3), o que pode mimetizar quadros de sepse bacteriana ou psor\u00edase pustulosa de Von Zumbusch.&nbsp;<\/p>\n\n\n\n<p class=\"wp-block-paragraph\">O aparecimento dessa manifesta\u00e7\u00e3o est\u00e1 relacionado ao uso de <strong>antibi\u00f3ticos <\/strong>(sobretudo beta-lact\u00e2micos e macrol\u00eddeos), com in\u00edcio bastante <strong>r\u00e1pido <\/strong>(menos de 48h) ap\u00f3s a exposi\u00e7\u00e3o. Apesar disso,&nbsp; o<strong> progn\u00f3stico \u00e9 bom<\/strong>, com resolu\u00e7\u00e3o espont\u00e2nea e descama\u00e7\u00e3o subsequente em 1 a 2 semanas ap\u00f3s a suspens\u00e3o isolada do agente causal.&nbsp;<\/p>\n\n\n\n<h3 id=\"h-sdrife-symmetrical-drug-related-intertriginous-and-flexural-exanthema\" class=\"wp-block-heading\"><strong>SDRIFE (Symmetrical Drug-Related Intertriginous and Flexural Exanthema)<\/strong><\/h3>\n\n\n\n<figure class=\"wp-block-image size-full\"><img loading=\"lazy\" decoding=\"async\" width=\"626\" height=\"485\" src=\"https:\/\/www.grupomedcof.com.br\/blog\/wp-content\/uploads\/2026\/07\/image-12.png\" alt=\"\" class=\"wp-image-46965\" srcset=\"https:\/\/www.grupomedcof.com.br\/blog\/wp-content\/uploads\/2026\/07\/image-12.png 626w, https:\/\/www.grupomedcof.com.br\/blog\/wp-content\/uploads\/2026\/07\/image-12-300x232.png 300w, https:\/\/www.grupomedcof.com.br\/blog\/wp-content\/uploads\/2026\/07\/image-12-542x420.png 542w, https:\/\/www.grupomedcof.com.br\/blog\/wp-content\/uploads\/2026\/07\/image-12-150x116.png 150w\" sizes=\"auto, (max-width: 626px) 100vw, 626px\" \/><figcaption class=\"wp-element-caption\">Fonte: <a href=\"https:\/\/cdn.ncbi.nlm.nih.gov\/pmc\/blobs\/eb70\/8765698\/b41a928079d2\/3029_Fig1.jpg\">https:\/\/cdn.ncbi.nlm.nih.gov\/pmc\/blobs\/eb70\/8765698\/b41a928079d2\/3029_Fig1.jpg<\/a>&nbsp;<\/figcaption><\/figure>\n\n\n\n<p class=\"wp-block-paragraph\">Anteriormente, essa s\u00edndrome era conhecida como<strong> Baboon Syndrome<\/strong> (S\u00edndrome do Babu\u00edno), caracterizada como uma rea\u00e7\u00e3o medicamentosa cut\u00e2nea incomum de <strong>hipersensibilidade tardia.&nbsp;<\/strong><\/p>\n\n\n\n<p class=\"wp-block-paragraph\">A manifesta\u00e7\u00e3o conta com um <strong>eritema maculopapular ou purp\u00farico<\/strong> intensamente sim\u00e9trico, bem delimitado, localizado em \u00e1reas intertriginosas e flexurais, que acometem, principalmente, as regi\u00f5es gl\u00fateas, inguinais, axilares e fossas cubitais. O pilar do reconhecimento cl\u00ednico \u00e9 o reconhecimento da <strong>distribui\u00e7\u00e3o t\u00edpica e padronizada,<\/strong> que n\u00e3o cursa com les\u00f5es bolhosas e em outras regi\u00f5es corporais.&nbsp;<\/p>\n\n\n\n<p class=\"wp-block-paragraph\">A <strong>SDRIFE <\/strong>est\u00e1 bastante associada ao uso de antibi\u00f3ticos beta-lact\u00e2micos, como a amoxicilina e a ampicilina, mas pode ser associada a outros agentes sist\u00eamicos. A <strong>aus\u00eancia completa de comprometimento sist\u00eamico grave, altera\u00e7\u00f5es laboratoriais hematol\u00f3gicas ou acometimento mucoso funciona como um diferencial importante<\/strong> frente a outras toxicodermias exuberantes, consolidando um curso benigno e de excelente resposta \u00e0 suspens\u00e3o do f\u00e1rmaco e corticoterapia t\u00f3pica.&nbsp;<\/p>\n\n\n\n<h2 id=\"h-como-identificar-uma-farmacodermia\" class=\"wp-block-heading\"><strong>Como identificar uma farmacodermia?<\/strong><\/h2>\n\n\n\n<p class=\"wp-block-paragraph\">\u00c9 fundamental para o diagn\u00f3stico das farmacodermias a identifica\u00e7\u00e3o da cl\u00ednica e da apresenta\u00e7\u00e3o cronol\u00f3gica. O pilar dessa an\u00e1lise \u00e9 uma anamnese detalhada e minuciosa, que foca em identificar os seguintes pontos:&nbsp;<\/p>\n\n\n\n<ul class=\"wp-block-list\">\n<li><strong>Mapeamento Farmacol\u00f3gico Extenso:<\/strong> investigue todos os medicamentos utilizados nas \u00faltimas 8 semanas, incluindo drogas de uso cont\u00ednuo, medica\u00e7\u00f5es prescritas recentemente e uso espor\u00e1dico de analg\u00e9sicos ou antit\u00e9rmicos.&nbsp;<\/li>\n\n\n\n<li><strong>Agentes Secund\u00e1rios e Ocultos: <\/strong>pesquise ativamente o uso de drogas t\u00f3picas, fitoter\u00e1picos, suplementos alimentares, complexos vitam\u00ednicos e drogas ocultas (os laxantes, col\u00edrios ou anti-inflamat\u00f3rios consumidos por automedica\u00e7\u00e3o).&nbsp;<\/li>\n\n\n\n<li><strong>Estabelecimentos do Nexo Causal Temporal:<\/strong> correlacione com precis\u00e3o o tempo de in\u00edcio do f\u00e1rmaco suspeito e dos sintomas cut\u00e2neos, com aten\u00e7\u00e3o para os per\u00edodos de lat\u00eancia caracter\u00edsticos de cada padr\u00e3o morfol\u00f3gico.&nbsp;<\/li>\n\n\n\n<li><strong>Hist\u00f3rico de Hipersensibilidade:<\/strong> levantar rea\u00e7\u00f5es adversas pr\u00e9vias a medicamentos da mesma classe qu\u00edmica ou farmacol\u00f3gica.&nbsp;<\/li>\n<\/ul>\n\n\n\n<p class=\"wp-block-paragraph\">\u00c9 importante lembrar que n\u00e3o existem exames <strong>laboratoriais espec\u00edficos ou testes in vitro validados para confirmar o diagn\u00f3stico<\/strong> da grande maioria das farmacodermias. O diagn\u00f3stico de certeza baseia-se na exclus\u00e3o de outras etiologias e na melhora cl\u00ednica ap\u00f3s a retirada da subst\u00e2ncia. Apesar disso, o exame <strong>histopatol\u00f3gico <\/strong>e a <strong>bi\u00f3psia cut\u00e2nea <\/strong>podem auxiliar nos casos graves ou at\u00edpicos para identificar padr\u00f5es sugestivos.&nbsp;&nbsp;<\/p>\n\n\n\n<h3 id=\"h-quais-doencas-podem-ser-confundidas-com-farmacodermias\" class=\"wp-block-heading\"><strong>Quais doen\u00e7as podem ser confundidas com farmacodermias?<\/strong><\/h3>\n\n\n\n<p class=\"wp-block-paragraph\">As farmacodermias podem mimetizar muitas condi\u00e7\u00f5es, dentre as quais as principais s\u00e3o:&nbsp;<\/p>\n\n\n\n<ul class=\"wp-block-list\">\n<li><strong>Infec\u00e7\u00f5es Virais (Exantemas Infecciosos):<\/strong> Os quadros de mononucleose infecciosa (EBV), citomegalov\u00edrus (CMV), parvov\u00edrus B19, dengue e exantemas causados por enterov\u00edrus podem ser clinicamente id\u00eanticos ao exantema maculopapular medicamentoso.<\/li>\n\n\n\n<li><strong>Doen\u00e7as Autoimunes:<\/strong> As manifesta\u00e7\u00f5es agudas do l\u00fapus eritematoso sist\u00eamico (LES) ou da dermatomiosite podem cursar com eritema e fotossensibilidade difusa.<\/li>\n\n\n\n<li><strong>Vasculites Sist\u00eamicas:<\/strong> No caso da vasculite leucocitocl\u00e1stica isolada ou associada a infec\u00e7\u00f5es e neoplasias podemos notar curso com p\u00farpura palp\u00e1vel, simulando farmacodermias purp\u00faricas.<\/li>\n\n\n\n<li><strong>Dermatoses Inflamat\u00f3rias Prim\u00e1rias:<\/strong> A psor\u00edase pustulosa generalizada (diagn\u00f3stico diferencial cr\u00edtico da PEGA) e a pitir\u00edase r\u00f3sea de Gibert podem ser encaixadas nesse grupo.<\/li>\n<\/ul>\n\n\n\n<p class=\"wp-block-paragraph\">A diferencia\u00e7\u00e3o dessas condi\u00e7\u00f5es \u00e9 o puro e completo exame cl\u00ednico e an\u00e1lise do hist\u00f3rico medicamentoso. Analise a presen\u00e7a de <strong>sintomas prodr\u00f4micos virais e contagem de eosin\u00f3filos perif\u00e9ricos<\/strong> para evitar condutas terap\u00eauticas err\u00f4neas.&nbsp;<\/p>\n\n\n\n<h2 id=\"h-como-funciona-o-tratamento-das-farmacodermias-nbsp\" class=\"wp-block-heading\"><strong>Como funciona o tratamento das farmacodermias?&nbsp;<\/strong><\/h2>\n\n\n\n<p class=\"wp-block-paragraph\">A conduta inicial deve ser sempre a<strong> suspens\u00e3o imediata e definitiva do medicamento suspeito <\/strong>(incluindo&nbsp; todos os f\u00e1rmacos n\u00e3o essenciais&nbsp; introduzidos recentemente). Se a identifica\u00e7\u00e3o for atrasada, h\u00e1 <strong>piores progn\u00f3sticos e aumento da morbidade<\/strong>.&nbsp;<\/p>\n\n\n\n<p class=\"wp-block-paragraph\">Nas formas mais graves, suporte deve incluir interna\u00e7\u00e3o hospitalar e abordagem medicamentosa agressiva. Na DRESS, \u00e9 prefer\u00edvel <strong>corticoterapia sist\u00eamica<\/strong> <strong>por via oral ou parenteral<\/strong> (Prednisona ou equivalente, 0,5 a 1 mg\/kg\/dia) com desmame extremamente lento para evitar rebotes inflamat\u00f3rios. Na SSJ e NET, o manejo deve incluir <strong>suporte intensivo em UTI ou unidade de queimados<\/strong>, focando em reposi\u00e7\u00e3o vol\u00eamica vigorosa, controle t\u00e9rmico, analgesia multimodal, preven\u00e7\u00e3o de infec\u00e7\u00f5es secund\u00e1rias e cuidados espec\u00edficos com as mucosas erosionadas.&nbsp;<\/p>\n\n\n\n<p class=\"wp-block-paragraph\">J\u00e1 nas formas mais leves&nbsp; a moderados, o tratamento se direciona ao controle sintom\u00e1tico, com <strong>anti-histam\u00ednicos H1 sist\u00eamicos<\/strong> para o al\u00edvio do prurido e <strong>corticoides t\u00f3picos de m\u00e9dia a alta pot\u00eancia<\/strong> nas \u00e1reas afetadas para reduzir a resposta inflamat\u00f3ria local e acelerar a resolu\u00e7\u00e3o das les\u00f5es.&nbsp;<\/p>\n\n\n\n<h3 id=\"h-quando-a-farmacodermia-e-considerada-uma-emergencia\" class=\"wp-block-heading\"><strong>Quando a farmacodermia \u00e9 considerada uma emerg\u00eancia?<\/strong><\/h3>\n\n\n\n<p class=\"wp-block-paragraph\">\u00c9 fundamental reconhecer imediatamente os sinais de alarme que aumentam a rea\u00e7\u00e3o cut\u00e2nea a estados de emerg\u00eancia e alta mortalidade. A farmacodermia \u00e9 considerada grave se apresentar:<\/p>\n\n\n\n<ul class=\"wp-block-list\">\n<li><strong>Acometimento Mucoso Extenso:<\/strong> Eros\u00f5es, ulcera\u00e7\u00f5es dolorosas ou forma\u00e7\u00e3o de pseudomembranas em duas ou mais mucosas (oral, ocular, genital ou anal).<\/li>\n\n\n\n<li><strong>Febre Alta e Persistente:<\/strong> Temperatura axilar superior a 38,5\u00b0C sem outro foco infeccioso aparente, denotando libera\u00e7\u00e3o maci\u00e7a de citocinas sist\u00eamicas.<\/li>\n\n\n\n<li><strong>Sinais de Descolamento Epid\u00e9rmico:<\/strong> Presen\u00e7a de bolhas fl\u00e1cidas, desnudamento cut\u00e2neo espont\u00e2neo ou <strong>Sinal de Nikolsky positivo<\/strong> (descolamento da epiderme s\u00e3 sob digito-press\u00e3o ou fric\u00e7\u00e3o marginal).<\/li>\n\n\n\n<li><strong>Dor Cut\u00e2nea Espont\u00e2nea Intensa:<\/strong> Dor na pele que se manifesta mesmo na aus\u00eancia de les\u00f5es bolhosas vis\u00edveis, indicando sofrimento e necrose de queratin\u00f3citos na jun\u00e7\u00e3o dermoepid\u00e9rmica.<\/li>\n\n\n\n<li><strong>Disfun\u00e7\u00e3o Org\u00e2nica Sist\u00eamica:<\/strong> Altera\u00e7\u00f5es laboratoriais ou cl\u00ednicas que evidenciem acometimento visceral, tais como eleva\u00e7\u00e3o abrupta de transaminases hep\u00e1ticas (hepatite), aumento de esc\u00f3rias renais (nefrite), dispneia (pneumonite) ou linfadenopatia difusa.<\/li>\n\n\n\n<li>.<\/li>\n<\/ul>\n\n\n\n<h2 id=\"h-como-prevenir-farmacodermias\" class=\"wp-block-heading\"><strong>Como prevenir farmacodermias?<\/strong><\/h2>\n\n\n\n<p class=\"wp-block-paragraph\">As estrat\u00e9gias se baseiam primordialmente na implementa\u00e7\u00e3o do uso racional de medicamentos e na rigorosa investiga\u00e7\u00e3o pr\u00e9via de hipersensibilidades. Para minimizar as incid\u00eancias dessas condi\u00e7\u00f5es, devemos adotar as seguintes condutas:&nbsp;<\/p>\n\n\n\n<ul class=\"wp-block-list\">\n<li><strong>Anamnese Al\u00e9rgica Direcionada:<\/strong>&nbsp; \u00e9 mandat\u00f3ria a <strong>investiga\u00e7\u00e3o ativa e minuciosa sobre rea\u00e7\u00f5es adversas pr\u00e9vias<\/strong>, mapeando os sintomas manifestados e os f\u00e1rmacos envolvidos.<\/li>\n\n\n\n<li><strong>Mapeamento de Reatividade Cruzada:<\/strong> evite a prescri\u00e7\u00e3o de drogas que compartilhem a mesma classe qu\u00edmica ou determinantes antig\u00eanicos com o medicamento sabidamente agressor (como a reatividade entre diferentes anticonvulsivantes arom\u00e1ticos).<\/li>\n\n\n\n<li><strong>Registro em Prontu\u00e1rio e Notifica\u00e7\u00e3o:<\/strong> registre de forma clara e destacada o hist\u00f3rico de hipersensibilidade no prontu\u00e1rio do paciente e <strong>notifique formalmente o evento aos \u00f3rg\u00e3os de vigil\u00e2ncia sanit\u00e1ria (farmacovigil\u00e2ncia)<\/strong>.<\/li>\n\n\n\n<li><strong>Educa\u00e7\u00e3o Ativa do Paciente:<\/strong> forne\u00e7a ao paciente e aos seus familiares um <strong>relat\u00f3rio m\u00e9dico detalhado contendo os nomes comerciais e gen\u00e9ricos das subst\u00e2ncias proibidas<\/strong>, orientando-os a carregar essa informa\u00e7\u00e3o por escrito e a inform\u00e1-la a qualquer profissional de sa\u00fade em atendimentos futuros.<\/li>\n<\/ul>\n\n\n\n<h2 id=\"h-farmacodermias-nas-provas-de-residencia-medica\" class=\"wp-block-heading\"><strong>Farmacodermias nas provas de resid\u00eancia m\u00e9dica<\/strong><\/h2>\n\n\n\n<p class=\"wp-block-paragraph\">Essa tem\u00e1tica \u00e9 uma das prediletas das <a href=\"https:\/\/www.grupomedcof.com.br\/blog\/o-que-e-residencia-medica\/\" target=\"_blank\" rel=\"noreferrer noopener\"><strong>bancas de concurso nacionais<\/strong><\/a>, com estrutura\u00e7\u00e3o de casos cl\u00ednicos complexos associados a imagens dermatol\u00f3gicas de alta defini\u00e7\u00e3o. Os examinadores querem ver sua capacidade de correlacionar a cronologia dos sintomas com a introdu\u00e7\u00e3o de drogas.&nbsp;<\/p>\n\n\n\n<h3 id=\"h-principais-temas-de-farmacodermias-cobrados-nas-bancas\" class=\"wp-block-heading\"><strong>Principais temas de farmacodermias cobrados nas bancas<\/strong><\/h3>\n\n\n\n<p class=\"wp-block-paragraph\">O mapeamento estat\u00edstico das provas aponta que o foco do seu estudo deve se concentrar nos seguintes t\u00f3picos:<\/p>\n\n\n\n<ul class=\"wp-block-list\">\n<li><strong>Diferencia\u00e7\u00e3o cl\u00ednica e quantitativa entre SSJ e NET<\/strong> com base na extens\u00e3o de descolamento epid\u00e9rmico.<\/li>\n\n\n\n<li><strong>Reconhecimento da tr\u00edade cl\u00ednica e laboratorial da S\u00edndrome DRESS<\/strong> (febre, eosinofilia e hepatite).<\/li>\n\n\n\n<li><strong>Identifica\u00e7\u00e3o dos sinais de gravidade (sinais de alarme)<\/strong> que exigem interna\u00e7\u00e3o em ambiente de terapia intensiva.<\/li>\n\n\n\n<li><strong>Associa\u00e7\u00e3o etiol\u00f3gica cl\u00e1ssica<\/strong> entre antibi\u00f3ticos beta-lact\u00e2micos, anticonvulsivantes arom\u00e1ticos, AINEs e alopurinol com seus respectivos padr\u00f5es de RCAD.<\/li>\n\n\n\n<li><strong>Padr\u00e3o morfol\u00f3gico e cronol\u00f3gico do exantema maculopapular<\/strong>, diferenciando-o de exantemas virais.<\/li>\n<\/ul>\n\n\n\n<h2 id=\"h-como-estudar-farmacodermias-para-a-residencia-medica\" class=\"wp-block-heading\"><strong>Como estudar farmacodermias para a resid\u00eancia m\u00e9dica?<\/strong><\/h2>\n\n\n\n<p class=\"wp-block-paragraph\">Para dominar as farmacodermias de forma direcionada e otimizar o tempo de estudo, o planejamento deve migrar da memoriza\u00e7\u00e3o passiva para o racioc\u00ednio cl\u00ednico visual. Algumas estrat\u00e9gias pr\u00e1ticas que voc\u00ea pode usar s\u00e3o:&nbsp;<\/p>\n\n\n\n<ul class=\"wp-block-list\">\n<li><strong>Revis\u00e3o Ativa de Imagens Cl\u00ednicas<\/strong><\/li>\n\n\n\n<li><strong>Fixa\u00e7\u00e3o dos Padr\u00f5es Morfol\u00f3gicos e Cronol\u00f3gicos<\/strong><\/li>\n\n\n\n<li><strong>Sistematiza\u00e7\u00e3o dos Crit\u00e9rios de Gravidade<\/strong><\/li>\n<\/ul>\n\n\n\n<p class=\"wp-block-paragraph\">Com o Grupo MedCof voc\u00ea tem acesso a quest\u00f5es com casos cl\u00ednicos estruturados exatamente como as bancas costumam cobrar, al\u00e9m de m\u00e9todos de estudo com revis\u00f5es baseadas em Flashcards visuais&nbsp; e an\u00e1lise de imagens com les\u00f5es espec\u00edficas.&nbsp;<\/p>\n\n\n\n<h2 id=\"h-gabarite-as-emergencias-medicas-e-conquiste-sua-vaga-com-a-medcof\" class=\"wp-block-heading\"><strong>Gabarite as emerg\u00eancias m\u00e9dicas e conquiste sua vaga com a MedCof!<\/strong><\/h2>\n\n\n\n<p class=\"wp-block-paragraph\">O Grupo <a href=\"https:\/\/www.grupomedcof.com.br\/home\/\" target=\"_blank\" rel=\"noreferrer noopener\"><strong>Medcof<\/strong><\/a> \u00e9 o sistema de <strong>elite <\/strong>na prepara\u00e7\u00e3o para a resid\u00eancia m\u00e9dica por traduzir as complexidades diagn\u00f3sticas e os consensos de de rea\u00e7\u00f5es cut\u00e2neas adversas graves (SCARs) atrav\u00e9s de<strong> tabelas comparativas brutas e engenharia reversa <\/strong>focada em dados estat\u00edsticos das <strong>provas mais recentes.<\/strong><\/p>\n\n\n\n<p class=\"wp-block-paragraph\">As teorias irrelevantes e perca de tempo s\u00e3o eliminadas com um banco de quest\u00f5es comentadas<strong> alternativa por alternativa,<\/strong> com<strong> imagens dermatol\u00f3gicas<\/strong> reais em alta resolu\u00e7\u00e3o e<strong> fluxogramas diagn\u00f3sticos exclusivos,<\/strong> com foco na identifica\u00e7\u00e3o de sinais de gravidade e diagn\u00f3sticos diferenciais, que te ensinam a matar a quest\u00e3o em menos de um minuto. <a href=\"https:\/\/www.grupomedcof.com.br\/home\/?page=sobre-nos\" target=\"_blank\" rel=\"noreferrer noopener\"><strong>Conhe\u00e7a o MedCof<\/strong><\/a><strong> agora!&nbsp;<\/strong><\/p>\n\n\n\n<figure class=\"wp-block-image size-large\"><a href=\"https:\/\/medcofderma.com.br\/\" target=\"_blank\" rel=\" noreferrer noopener\"><img loading=\"lazy\" decoding=\"async\" width=\"1024\" height=\"320\" src=\"https:\/\/www.grupomedcof.com.br\/blog\/wp-content\/uploads\/2025\/10\/Banner-MedCof-Plus-2200x460-32-1024x320.png\" alt=\"\" class=\"wp-image-42851\" srcset=\"https:\/\/www.grupomedcof.com.br\/blog\/wp-content\/uploads\/2025\/10\/Banner-MedCof-Plus-2200x460-32-1024x320.png 1024w, https:\/\/www.grupomedcof.com.br\/blog\/wp-content\/uploads\/2025\/10\/Banner-MedCof-Plus-2200x460-32-300x94.png 300w, https:\/\/www.grupomedcof.com.br\/blog\/wp-content\/uploads\/2025\/10\/Banner-MedCof-Plus-2200x460-32-768x240.png 768w, https:\/\/www.grupomedcof.com.br\/blog\/wp-content\/uploads\/2025\/10\/Banner-MedCof-Plus-2200x460-32-1536x480.png 1536w, https:\/\/www.grupomedcof.com.br\/blog\/wp-content\/uploads\/2025\/10\/Banner-MedCof-Plus-2200x460-32-1344x420.png 1344w, https:\/\/www.grupomedcof.com.br\/blog\/wp-content\/uploads\/2025\/10\/Banner-MedCof-Plus-2200x460-32-150x47.png 150w, https:\/\/www.grupomedcof.com.br\/blog\/wp-content\/uploads\/2025\/10\/Banner-MedCof-Plus-2200x460-32-696x218.png 696w, https:\/\/www.grupomedcof.com.br\/blog\/wp-content\/uploads\/2025\/10\/Banner-MedCof-Plus-2200x460-32-1068x334.png 1068w, https:\/\/www.grupomedcof.com.br\/blog\/wp-content\/uploads\/2025\/10\/Banner-MedCof-Plus-2200x460-32.png 1600w\" sizes=\"auto, (max-width: 1024px) 100vw, 1024px\" \/><\/a><\/figure>\n\n\n\n<h2 id=\"h-perguntas-frequentes-sobre-farmacodermias\" class=\"wp-block-heading\"><strong>Perguntas frequentes sobre farmacodermias<\/strong><\/h2>\n\n\n\n<h3 id=\"h-o-que-sao-farmacodermias\" class=\"wp-block-heading\"><strong>O que s\u00e3o farmacodermias?<\/strong><\/h3>\n\n\n\n<p class=\"wp-block-paragraph\">S\u00e3o rea\u00e7\u00f5es adversas na pele, mucosas ou anexos cut\u00e2neos decorrentes do uso de medicamentos administrados por qualquer via.&nbsp;<\/p>\n\n\n\n<h3 id=\"h-farmacodermia-e-grave\" class=\"wp-block-heading\"><strong>Farmacodermia \u00e9 grave?<\/strong><\/h3>\n\n\n\n<p class=\"wp-block-paragraph\">Podem ser leves e autolimitadas, mas formas como S\u00edndrome de Stevens-Johnson (SSJ) e DRESS s\u00e3o emerg\u00eancias graves com alto risco de mortalidade.&nbsp;<\/p>\n\n\n\n<h3 id=\"h-quais-sao-os-sinais-de-farmacodermia\" class=\"wp-block-heading\"><strong>Quais s\u00e3o os sinais de farmacodermia?<\/strong><\/h3>\n\n\n\n<p class=\"wp-block-paragraph\">Os principais sinais incluem exantema generalizado, placas eritematosas, coceira, febre, dor na pele, ves\u00edculas, descama\u00e7\u00e3o e les\u00f5es erosivas nas mucosas.&nbsp;<\/p>\n\n\n\n<h3 id=\"h-farmacodermia-tem-cura\" class=\"wp-block-heading\"><strong>Farmacodermia tem cura?<\/strong><\/h3>\n\n\n\n<p class=\"wp-block-paragraph\">Sim, a maioria apresenta resolu\u00e7\u00e3o completa ap\u00f3s a suspens\u00e3o imediata do medicamento agressor e institui\u00e7\u00e3o do tratamento m\u00e9dico adequado.&nbsp;<\/p>\n","protected":false},"excerpt":{"rendered":"<p>&#8220;Saiba o que s\u00e3o as farmacodermias, suas manifesta\u00e7\u00f5es, medicamentos associados e como reconhecer quadros leves e graves. Veja os temas cobrados em provas!<\/p>\n<p>&#8220;<\/p>\n","protected":false},"author":21,"featured_media":37242,"comment_status":"closed","ping_status":"closed","sticky":false,"template":"","format":"standard","meta":{"footnotes":""},"categories":[203],"tags":[3102,3101,3100],"ppma_author":[3617],"class_list":["post-37180","post","type-post","status-publish","format-standard","has-post-thumbnail","category-dermatologia","tag-dress","tag-net","tag-ssj"],"yoast_head":"<!-- This site is optimized with the Yoast SEO Premium plugin v28.1 (Yoast SEO v28.4) - https:\/\/yoast.com\/product\/yoast-seo-premium-wordpress\/ -->\n<title>Farmacodermias: apresenta\u00e7\u00f5es, como identificar e manejar<\/title>\n<meta name=\"description\" content=\"Saiba o que s\u00e3o as farmacodermias, suas manifesta\u00e7\u00f5es, medicamentos associados e como reconhecer quadros leves e graves. Veja os temas cobrados em provas!\" \/>\n<meta name=\"robots\" content=\"index, follow, max-snippet:-1, max-image-preview:large, max-video-preview:-1\" \/>\n<link rel=\"canonical\" href=\"https:\/\/www.grupomedcof.com.br\/blog\/farmacodermias\/\" \/>\n<meta property=\"og:locale\" content=\"pt_BR\" \/>\n<meta property=\"og:type\" content=\"article\" \/>\n<meta property=\"og:title\" content=\"Farmacodermias: o que s\u00e3o, tipos, padr\u00f5es, como identificar e tratar\" \/>\n<meta property=\"og:description\" content=\"Saiba o que s\u00e3o as farmacodermias, suas manifesta\u00e7\u00f5es, medicamentos associados e como reconhecer quadros leves e graves. Veja os temas cobrados em provas!\" \/>\n<meta property=\"og:url\" content=\"https:\/\/www.grupomedcof.com.br\/blog\/farmacodermias\/\" \/>\n<meta property=\"og:site_name\" content=\"Blog de Medcof: conte\u00fados, editais, revalida e mais!\" \/>\n<meta property=\"article:publisher\" content=\"https:\/\/www.facebook.com\/MedCofQbank\/\" \/>\n<meta property=\"article:published_time\" content=\"2026-07-19T14:00:00+00:00\" \/>\n<meta property=\"og:image\" content=\"https:\/\/www.grupomedcof.com.br\/blog\/wp-content\/uploads\/2025\/08\/Blog-MedCof-2025-08-21T142530.097.jpg\" \/>\n\t<meta property=\"og:image:width\" content=\"1920\" \/>\n\t<meta property=\"og:image:height\" content=\"1080\" \/>\n\t<meta property=\"og:image:type\" content=\"image\/jpeg\" \/>\n<meta name=\"author\" content=\"Kiara Adelino\" \/>\n<meta name=\"twitter:card\" content=\"summary_large_image\" \/>\n<meta name=\"twitter:label1\" content=\"Escrito por\" \/>\n\t<meta name=\"twitter:data1\" content=\"Kiara Adelino\" \/>\n\t<meta name=\"twitter:label2\" content=\"Est. tempo de leitura\" \/>\n\t<meta name=\"twitter:data2\" content=\"18 minutos\" \/>\n<script type=\"application\/ld+json\" class=\"yoast-schema-graph\">{\"@context\":\"https:\\\/\\\/schema.org\",\"@graph\":[{\"@type\":\"Article\",\"@id\":\"https:\\\/\\\/www.grupomedcof.com.br\\\/blog\\\/farmacodermias\\\/#article\",\"isPartOf\":{\"@id\":\"https:\\\/\\\/www.grupomedcof.com.br\\\/blog\\\/farmacodermias\\\/\"},\"author\":{\"name\":\"Kiara Adelino\",\"@id\":\"https:\\\/\\\/www.grupomedcof.com.br\\\/blog\\\/#\\\/schema\\\/person\\\/fe785b3af705d0d9e7a8dc31ff9a5e6d\"},\"headline\":\"Farmacodermias: o que s\u00e3o, tipos, padr\u00f5es, como identificar e tratar\",\"datePublished\":\"2026-07-19T14:00:00+00:00\",\"mainEntityOfPage\":{\"@id\":\"https:\\\/\\\/www.grupomedcof.com.br\\\/blog\\\/farmacodermias\\\/\"},\"wordCount\":3463,\"publisher\":{\"@id\":\"https:\\\/\\\/www.grupomedcof.com.br\\\/blog\\\/#organization\"},\"image\":{\"@id\":\"https:\\\/\\\/www.grupomedcof.com.br\\\/blog\\\/farmacodermias\\\/#primaryimage\"},\"thumbnailUrl\":\"https:\\\/\\\/www.grupomedcof.com.br\\\/blog\\\/wp-content\\\/uploads\\\/2025\\\/08\\\/Blog-MedCof-2025-08-21T142530.097.jpg\",\"keywords\":[\"DRESS\",\"NET\",\"SSJ\"],\"articleSection\":[\"Dermatologia\"],\"inLanguage\":\"pt-BR\"},{\"@type\":\"WebPage\",\"@id\":\"https:\\\/\\\/www.grupomedcof.com.br\\\/blog\\\/farmacodermias\\\/\",\"url\":\"https:\\\/\\\/www.grupomedcof.com.br\\\/blog\\\/farmacodermias\\\/\",\"name\":\"Farmacodermias: apresenta\u00e7\u00f5es, como identificar e manejar\",\"isPartOf\":{\"@id\":\"https:\\\/\\\/www.grupomedcof.com.br\\\/blog\\\/#website\"},\"primaryImageOfPage\":{\"@id\":\"https:\\\/\\\/www.grupomedcof.com.br\\\/blog\\\/farmacodermias\\\/#primaryimage\"},\"image\":{\"@id\":\"https:\\\/\\\/www.grupomedcof.com.br\\\/blog\\\/farmacodermias\\\/#primaryimage\"},\"thumbnailUrl\":\"https:\\\/\\\/www.grupomedcof.com.br\\\/blog\\\/wp-content\\\/uploads\\\/2025\\\/08\\\/Blog-MedCof-2025-08-21T142530.097.jpg\",\"datePublished\":\"2026-07-19T14:00:00+00:00\",\"description\":\"Saiba o que s\u00e3o as farmacodermias, suas manifesta\u00e7\u00f5es, medicamentos associados e como reconhecer quadros leves e graves. Veja os temas cobrados em provas!\",\"breadcrumb\":{\"@id\":\"https:\\\/\\\/www.grupomedcof.com.br\\\/blog\\\/farmacodermias\\\/#breadcrumb\"},\"inLanguage\":\"pt-BR\",\"potentialAction\":[{\"@type\":\"ReadAction\",\"target\":[\"https:\\\/\\\/www.grupomedcof.com.br\\\/blog\\\/farmacodermias\\\/\"]}]},{\"@type\":\"ImageObject\",\"inLanguage\":\"pt-BR\",\"@id\":\"https:\\\/\\\/www.grupomedcof.com.br\\\/blog\\\/farmacodermias\\\/#primaryimage\",\"url\":\"https:\\\/\\\/www.grupomedcof.com.br\\\/blog\\\/wp-content\\\/uploads\\\/2025\\\/08\\\/Blog-MedCof-2025-08-21T142530.097.jpg\",\"contentUrl\":\"https:\\\/\\\/www.grupomedcof.com.br\\\/blog\\\/wp-content\\\/uploads\\\/2025\\\/08\\\/Blog-MedCof-2025-08-21T142530.097.jpg\",\"width\":1920,\"height\":1080},{\"@type\":\"BreadcrumbList\",\"@id\":\"https:\\\/\\\/www.grupomedcof.com.br\\\/blog\\\/farmacodermias\\\/#breadcrumb\",\"itemListElement\":[{\"@type\":\"ListItem\",\"position\":1,\"name\":\"In\u00edcio\",\"item\":\"https:\\\/\\\/www.grupomedcof.com.br\\\/blog\\\/\"},{\"@type\":\"ListItem\",\"position\":2,\"name\":\"Farmacodermias: o que s\u00e3o, tipos, padr\u00f5es, como identificar e tratar\"}]},{\"@type\":\"WebSite\",\"@id\":\"https:\\\/\\\/www.grupomedcof.com.br\\\/blog\\\/#website\",\"url\":\"https:\\\/\\\/www.grupomedcof.com.br\\\/blog\\\/\",\"name\":\"Blog de Medcof: conte\u00fados, editais, revalida e mais!\",\"description\":\"Acesso o blog de MedCof! Seu portal de conte\u00fados sobre resid\u00eancia m\u00e9dica, an\u00e1lise e editais e muito mais. Clique e confira!\",\"publisher\":{\"@id\":\"https:\\\/\\\/www.grupomedcof.com.br\\\/blog\\\/#organization\"},\"alternateName\":\"Blog de Medcof: conte\u00fados, editais, revalida e mais!\",\"potentialAction\":[{\"@type\":\"SearchAction\",\"target\":{\"@type\":\"EntryPoint\",\"urlTemplate\":\"https:\\\/\\\/www.grupomedcof.com.br\\\/blog\\\/?s={search_term_string}\"},\"query-input\":{\"@type\":\"PropertyValueSpecification\",\"valueRequired\":true,\"valueName\":\"search_term_string\"}}],\"inLanguage\":\"pt-BR\"},{\"@type\":\"Organization\",\"@id\":\"https:\\\/\\\/www.grupomedcof.com.br\\\/blog\\\/#organization\",\"name\":\"Grupo MedCof\",\"url\":\"https:\\\/\\\/www.grupomedcof.com.br\\\/blog\\\/\",\"logo\":{\"@type\":\"ImageObject\",\"inLanguage\":\"pt-BR\",\"@id\":\"https:\\\/\\\/www.grupomedcof.com.br\\\/blog\\\/#\\\/schema\\\/logo\\\/image\\\/\",\"url\":\"https:\\\/\\\/www.grupomedcof.com.br\\\/blog\\\/wp-content\\\/uploads\\\/2022\\\/01\\\/logo-medcof.png\",\"contentUrl\":\"https:\\\/\\\/www.grupomedcof.com.br\\\/blog\\\/wp-content\\\/uploads\\\/2022\\\/01\\\/logo-medcof.png\",\"width\":768,\"height\":269,\"caption\":\"Grupo MedCof\"},\"image\":{\"@id\":\"https:\\\/\\\/www.grupomedcof.com.br\\\/blog\\\/#\\\/schema\\\/logo\\\/image\\\/\"},\"sameAs\":[\"https:\\\/\\\/www.facebook.com\\\/MedCofQbank\\\/\",\"https:\\\/\\\/www.instagram.com\\\/grupomedcof\\\/\",\"https:\\\/\\\/br.linkedin.com\\\/company\\\/medcof\",\"https:\\\/\\\/www.youtube.com\\\/channel\\\/UCdHMuOHKICxcHwecxN8P-AA\"]},{\"@type\":\"Person\",\"@id\":\"https:\\\/\\\/www.grupomedcof.com.br\\\/blog\\\/#\\\/schema\\\/person\\\/fe785b3af705d0d9e7a8dc31ff9a5e6d\",\"name\":\"Kiara Adelino\",\"image\":{\"@type\":\"ImageObject\",\"inLanguage\":\"pt-BR\",\"@id\":\"https:\\\/\\\/www.grupomedcof.com.br\\\/blog\\\/wp-content\\\/uploads\\\/2024\\\/08\\\/cropped-Kiara-Adelino2-96x96.jpega85663bdda67261f8f06f86e555e1e49\",\"url\":\"https:\\\/\\\/www.grupomedcof.com.br\\\/blog\\\/wp-content\\\/uploads\\\/2024\\\/08\\\/cropped-Kiara-Adelino2-96x96.jpeg\",\"contentUrl\":\"https:\\\/\\\/www.grupomedcof.com.br\\\/blog\\\/wp-content\\\/uploads\\\/2024\\\/08\\\/cropped-Kiara-Adelino2-96x96.jpeg\",\"caption\":\"Kiara Adelino\"},\"description\":\"Estudante do 6\u00b0 semestre de Medicina. Gosto bastante de aprender coisas novas, principalmente na \u00e1rea de Neurologia e Anatomia humana.\",\"url\":\"https:\\\/\\\/www.grupomedcof.com.br\\\/blog\\\/author\\\/kiara-adelino\\\/\"}]}<\/script>\n<!-- \/ Yoast SEO Premium plugin. -->","yoast_head_json":{"title":"Farmacodermias: apresenta\u00e7\u00f5es, como identificar e manejar","description":"Saiba o que s\u00e3o as farmacodermias, suas manifesta\u00e7\u00f5es, medicamentos associados e como reconhecer quadros leves e graves. Veja os temas cobrados em provas!","robots":{"index":"index","follow":"follow","max-snippet":"max-snippet:-1","max-image-preview":"max-image-preview:large","max-video-preview":"max-video-preview:-1"},"canonical":"https:\/\/www.grupomedcof.com.br\/blog\/farmacodermias\/","og_locale":"pt_BR","og_type":"article","og_title":"Farmacodermias: o que s\u00e3o, tipos, padr\u00f5es, como identificar e tratar","og_description":"Saiba o que s\u00e3o as farmacodermias, suas manifesta\u00e7\u00f5es, medicamentos associados e como reconhecer quadros leves e graves. Veja os temas cobrados em provas!","og_url":"https:\/\/www.grupomedcof.com.br\/blog\/farmacodermias\/","og_site_name":"Blog de Medcof: conte\u00fados, editais, revalida e mais!","article_publisher":"https:\/\/www.facebook.com\/MedCofQbank\/","article_published_time":"2026-07-19T14:00:00+00:00","og_image":[{"width":1920,"height":1080,"url":"https:\/\/www.grupomedcof.com.br\/blog\/wp-content\/uploads\/2025\/08\/Blog-MedCof-2025-08-21T142530.097.jpg","type":"image\/jpeg"}],"author":"Kiara Adelino","twitter_card":"summary_large_image","twitter_misc":{"Escrito por":"Kiara Adelino","Est. tempo de leitura":"18 minutos"},"schema":{"@context":"https:\/\/schema.org","@graph":[{"@type":"Article","@id":"https:\/\/www.grupomedcof.com.br\/blog\/farmacodermias\/#article","isPartOf":{"@id":"https:\/\/www.grupomedcof.com.br\/blog\/farmacodermias\/"},"author":{"name":"Kiara Adelino","@id":"https:\/\/www.grupomedcof.com.br\/blog\/#\/schema\/person\/fe785b3af705d0d9e7a8dc31ff9a5e6d"},"headline":"Farmacodermias: o que s\u00e3o, tipos, padr\u00f5es, como identificar e tratar","datePublished":"2026-07-19T14:00:00+00:00","mainEntityOfPage":{"@id":"https:\/\/www.grupomedcof.com.br\/blog\/farmacodermias\/"},"wordCount":3463,"publisher":{"@id":"https:\/\/www.grupomedcof.com.br\/blog\/#organization"},"image":{"@id":"https:\/\/www.grupomedcof.com.br\/blog\/farmacodermias\/#primaryimage"},"thumbnailUrl":"https:\/\/www.grupomedcof.com.br\/blog\/wp-content\/uploads\/2025\/08\/Blog-MedCof-2025-08-21T142530.097.jpg","keywords":["DRESS","NET","SSJ"],"articleSection":["Dermatologia"],"inLanguage":"pt-BR"},{"@type":"WebPage","@id":"https:\/\/www.grupomedcof.com.br\/blog\/farmacodermias\/","url":"https:\/\/www.grupomedcof.com.br\/blog\/farmacodermias\/","name":"Farmacodermias: apresenta\u00e7\u00f5es, como identificar e manejar","isPartOf":{"@id":"https:\/\/www.grupomedcof.com.br\/blog\/#website"},"primaryImageOfPage":{"@id":"https:\/\/www.grupomedcof.com.br\/blog\/farmacodermias\/#primaryimage"},"image":{"@id":"https:\/\/www.grupomedcof.com.br\/blog\/farmacodermias\/#primaryimage"},"thumbnailUrl":"https:\/\/www.grupomedcof.com.br\/blog\/wp-content\/uploads\/2025\/08\/Blog-MedCof-2025-08-21T142530.097.jpg","datePublished":"2026-07-19T14:00:00+00:00","description":"Saiba o que s\u00e3o as farmacodermias, suas manifesta\u00e7\u00f5es, medicamentos associados e como reconhecer quadros leves e graves. Veja os temas cobrados em provas!","breadcrumb":{"@id":"https:\/\/www.grupomedcof.com.br\/blog\/farmacodermias\/#breadcrumb"},"inLanguage":"pt-BR","potentialAction":[{"@type":"ReadAction","target":["https:\/\/www.grupomedcof.com.br\/blog\/farmacodermias\/"]}]},{"@type":"ImageObject","inLanguage":"pt-BR","@id":"https:\/\/www.grupomedcof.com.br\/blog\/farmacodermias\/#primaryimage","url":"https:\/\/www.grupomedcof.com.br\/blog\/wp-content\/uploads\/2025\/08\/Blog-MedCof-2025-08-21T142530.097.jpg","contentUrl":"https:\/\/www.grupomedcof.com.br\/blog\/wp-content\/uploads\/2025\/08\/Blog-MedCof-2025-08-21T142530.097.jpg","width":1920,"height":1080},{"@type":"BreadcrumbList","@id":"https:\/\/www.grupomedcof.com.br\/blog\/farmacodermias\/#breadcrumb","itemListElement":[{"@type":"ListItem","position":1,"name":"In\u00edcio","item":"https:\/\/www.grupomedcof.com.br\/blog\/"},{"@type":"ListItem","position":2,"name":"Farmacodermias: o que s\u00e3o, tipos, padr\u00f5es, como identificar e tratar"}]},{"@type":"WebSite","@id":"https:\/\/www.grupomedcof.com.br\/blog\/#website","url":"https:\/\/www.grupomedcof.com.br\/blog\/","name":"Blog de Medcof: conte\u00fados, editais, revalida e mais!","description":"Acesso o blog de MedCof! Seu portal de conte\u00fados sobre resid\u00eancia m\u00e9dica, an\u00e1lise e editais e muito mais. Clique e confira!","publisher":{"@id":"https:\/\/www.grupomedcof.com.br\/blog\/#organization"},"alternateName":"Blog de Medcof: conte\u00fados, editais, revalida e mais!","potentialAction":[{"@type":"SearchAction","target":{"@type":"EntryPoint","urlTemplate":"https:\/\/www.grupomedcof.com.br\/blog\/?s={search_term_string}"},"query-input":{"@type":"PropertyValueSpecification","valueRequired":true,"valueName":"search_term_string"}}],"inLanguage":"pt-BR"},{"@type":"Organization","@id":"https:\/\/www.grupomedcof.com.br\/blog\/#organization","name":"Grupo MedCof","url":"https:\/\/www.grupomedcof.com.br\/blog\/","logo":{"@type":"ImageObject","inLanguage":"pt-BR","@id":"https:\/\/www.grupomedcof.com.br\/blog\/#\/schema\/logo\/image\/","url":"https:\/\/www.grupomedcof.com.br\/blog\/wp-content\/uploads\/2022\/01\/logo-medcof.png","contentUrl":"https:\/\/www.grupomedcof.com.br\/blog\/wp-content\/uploads\/2022\/01\/logo-medcof.png","width":768,"height":269,"caption":"Grupo MedCof"},"image":{"@id":"https:\/\/www.grupomedcof.com.br\/blog\/#\/schema\/logo\/image\/"},"sameAs":["https:\/\/www.facebook.com\/MedCofQbank\/","https:\/\/www.instagram.com\/grupomedcof\/","https:\/\/br.linkedin.com\/company\/medcof","https:\/\/www.youtube.com\/channel\/UCdHMuOHKICxcHwecxN8P-AA"]},{"@type":"Person","@id":"https:\/\/www.grupomedcof.com.br\/blog\/#\/schema\/person\/fe785b3af705d0d9e7a8dc31ff9a5e6d","name":"Kiara Adelino","image":{"@type":"ImageObject","inLanguage":"pt-BR","@id":"https:\/\/www.grupomedcof.com.br\/blog\/wp-content\/uploads\/2024\/08\/cropped-Kiara-Adelino2-96x96.jpega85663bdda67261f8f06f86e555e1e49","url":"https:\/\/www.grupomedcof.com.br\/blog\/wp-content\/uploads\/2024\/08\/cropped-Kiara-Adelino2-96x96.jpeg","contentUrl":"https:\/\/www.grupomedcof.com.br\/blog\/wp-content\/uploads\/2024\/08\/cropped-Kiara-Adelino2-96x96.jpeg","caption":"Kiara Adelino"},"description":"Estudante do 6\u00b0 semestre de Medicina. Gosto bastante de aprender coisas novas, principalmente na \u00e1rea de Neurologia e Anatomia humana.","url":"https:\/\/www.grupomedcof.com.br\/blog\/author\/kiara-adelino\/"}]}},"authors":[{"term_id":3617,"user_id":21,"is_guest":0,"slug":"kiara-adelino","display_name":"Kiara Adelino","avatar_url":"https:\/\/www.grupomedcof.com.br\/blog\/wp-content\/uploads\/2024\/08\/cropped-Kiara-Adelino2-96x96.jpeg","0":null,"1":"","2":"","3":"","4":"","5":"","6":"","7":"","8":""}],"_links":{"self":[{"href":"https:\/\/www.grupomedcof.com.br\/blog\/wp-json\/wp\/v2\/posts\/37180","targetHints":{"allow":["GET"]}}],"collection":[{"href":"https:\/\/www.grupomedcof.com.br\/blog\/wp-json\/wp\/v2\/posts"}],"about":[{"href":"https:\/\/www.grupomedcof.com.br\/blog\/wp-json\/wp\/v2\/types\/post"}],"author":[{"embeddable":true,"href":"https:\/\/www.grupomedcof.com.br\/blog\/wp-json\/wp\/v2\/users\/21"}],"replies":[{"embeddable":true,"href":"https:\/\/www.grupomedcof.com.br\/blog\/wp-json\/wp\/v2\/comments?post=37180"}],"version-history":[{"count":4,"href":"https:\/\/www.grupomedcof.com.br\/blog\/wp-json\/wp\/v2\/posts\/37180\/revisions"}],"predecessor-version":[{"id":46972,"href":"https:\/\/www.grupomedcof.com.br\/blog\/wp-json\/wp\/v2\/posts\/37180\/revisions\/46972"}],"wp:featuredmedia":[{"embeddable":true,"href":"https:\/\/www.grupomedcof.com.br\/blog\/wp-json\/wp\/v2\/media\/37242"}],"wp:attachment":[{"href":"https:\/\/www.grupomedcof.com.br\/blog\/wp-json\/wp\/v2\/media?parent=37180"}],"wp:term":[{"taxonomy":"category","embeddable":true,"href":"https:\/\/www.grupomedcof.com.br\/blog\/wp-json\/wp\/v2\/categories?post=37180"},{"taxonomy":"post_tag","embeddable":true,"href":"https:\/\/www.grupomedcof.com.br\/blog\/wp-json\/wp\/v2\/tags?post=37180"},{"taxonomy":"author","embeddable":true,"href":"https:\/\/www.grupomedcof.com.br\/blog\/wp-json\/wp\/v2\/ppma_author?post=37180"}],"curies":[{"name":"wp","href":"https:\/\/api.w.org\/{rel}","templated":true}]}}