{"id":37230,"date":"2026-03-06T15:10:01","date_gmt":"2026-03-06T18:10:01","guid":{"rendered":"https:\/\/www.grupomedcof.com.br\/blog\/?p=37230"},"modified":"2026-04-16T16:28:07","modified_gmt":"2026-04-16T19:28:07","slug":"prova-de-titulo-psiquiatria","status":"publish","type":"post","link":"https:\/\/www.grupomedcof.com.br\/blog\/prova-de-titulo-psiquiatria\/","title":{"rendered":"Edital Prova de T\u00edtulo de Especialista em Psiquiatria 2026.1"},"content":{"rendered":"<div id=\"ez-toc-container\" class=\"ez-toc-v2_0_74 counter-hierarchy ez-toc-counter ez-toc-transparent ez-toc-container-direction\">\n<div class=\"ez-toc-title-container\">\n<p class=\"ez-toc-title\" style=\"cursor:inherit\">Sum\u00e1rio<\/p>\n<span class=\"ez-toc-title-toggle\"><a href=\"#\" class=\"ez-toc-pull-right ez-toc-btn ez-toc-btn-xs ez-toc-btn-default ez-toc-toggle\" aria-label=\"Alternar tabela de conte\u00fado\"><span class=\"ez-toc-js-icon-con\"><span class=\"\"><span class=\"eztoc-hide\" style=\"display:none;\">Toggle<\/span><span class=\"ez-toc-icon-toggle-span\"><svg style=\"fill: #999;color:#999\" xmlns=\"http:\/\/www.w3.org\/2000\/svg\" class=\"list-377408\" width=\"20px\" height=\"20px\" viewBox=\"0 0 24 24\" fill=\"none\"><path d=\"M6 6H4v2h2V6zm14 0H8v2h12V6zM4 11h2v2H4v-2zm16 0H8v2h12v-2zM4 16h2v2H4v-2zm16 0H8v2h12v-2z\" fill=\"currentColor\"><\/path><\/svg><svg style=\"fill: #999;color:#999\" class=\"arrow-unsorted-368013\" xmlns=\"http:\/\/www.w3.org\/2000\/svg\" width=\"10px\" height=\"10px\" viewBox=\"0 0 24 24\" version=\"1.2\" baseProfile=\"tiny\"><path d=\"M18.2 9.3l-6.2-6.3-6.2 6.3c-.2.2-.3.4-.3.7s.1.5.3.7c.2.2.4.3.7.3h11c.3 0 .5-.1.7-.3.2-.2.3-.5.3-.7s-.1-.5-.3-.7zM5.8 14.7l6.2 6.3 6.2-6.3c.2-.2.3-.5.3-.7s-.1-.5-.3-.7c-.2-.2-.4-.3-.7-.3h-11c-.3 0-.5.1-.7.3-.2.2-.3.5-.3.7s.1.5.3.7z\"\/><\/svg><\/span><\/span><\/span><\/a><\/span><\/div>\n<nav><ul class='ez-toc-list ez-toc-list-level-1 ' ><li class='ez-toc-page-1 ez-toc-heading-level-2'><a class=\"ez-toc-link ez-toc-heading-1\" href=\"https:\/\/www.grupomedcof.com.br\/blog\/prova-de-titulo-psiquiatria\/#Informacoes_edital_Titulo_de_Especialista_em_Psiquiatria_20261\" >Informa\u00e7\u00f5es edital T\u00edtulo de Especialista em Psiquiatria 2026.1<\/a><ul class='ez-toc-list-level-3' ><li class='ez-toc-heading-level-3'><a class=\"ez-toc-link ez-toc-heading-2\" href=\"https:\/\/www.grupomedcof.com.br\/blog\/prova-de-titulo-psiquiatria\/#Processo_Seletivo\" >Processo Seletivo<\/a><\/li><\/ul><\/li><li class='ez-toc-page-1 ez-toc-heading-level-2'><a class=\"ez-toc-link ez-toc-heading-3\" href=\"https:\/\/www.grupomedcof.com.br\/blog\/prova-de-titulo-psiquiatria\/#Cronograma\" >Cronograma<\/a><\/li><li class='ez-toc-page-1 ez-toc-heading-level-2'><a class=\"ez-toc-link ez-toc-heading-4\" href=\"https:\/\/www.grupomedcof.com.br\/blog\/prova-de-titulo-psiquiatria\/#Requisitos_para_participacao\" >Requisitos para participa\u00e7\u00e3o<\/a><\/li><li class='ez-toc-page-1 ez-toc-heading-level-2'><a class=\"ez-toc-link ez-toc-heading-5\" href=\"https:\/\/www.grupomedcof.com.br\/blog\/prova-de-titulo-psiquiatria\/#Edital_na_integra\" >Edital na \u00edntegra<\/a><\/li><li class='ez-toc-page-1 ez-toc-heading-level-2'><a class=\"ez-toc-link ez-toc-heading-6\" href=\"https:\/\/www.grupomedcof.com.br\/blog\/prova-de-titulo-psiquiatria\/#Seja_um_MedCofer\" >Seja um MedCofer!<\/a><\/li><\/ul><\/nav><\/div>\n\n<figure class=\"wp-block-image size-large\"><img loading=\"lazy\" decoding=\"async\" width=\"1024\" height=\"576\" src=\"https:\/\/www.grupomedcof.com.br\/blog\/wp-content\/uploads\/2025\/08\/Modelo-instituicoes-2025-08-21T083919.111-1024x576.jpg\" alt=\"\" class=\"wp-image-37232\" srcset=\"https:\/\/www.grupomedcof.com.br\/blog\/wp-content\/uploads\/2025\/08\/Modelo-instituicoes-2025-08-21T083919.111-1024x576.jpg 1024w, https:\/\/www.grupomedcof.com.br\/blog\/wp-content\/uploads\/2025\/08\/Modelo-instituicoes-2025-08-21T083919.111-300x169.jpg 300w, https:\/\/www.grupomedcof.com.br\/blog\/wp-content\/uploads\/2025\/08\/Modelo-instituicoes-2025-08-21T083919.111-768x432.jpg 768w, https:\/\/www.grupomedcof.com.br\/blog\/wp-content\/uploads\/2025\/08\/Modelo-instituicoes-2025-08-21T083919.111-1536x864.jpg 1536w, https:\/\/www.grupomedcof.com.br\/blog\/wp-content\/uploads\/2025\/08\/Modelo-instituicoes-2025-08-21T083919.111-747x420.jpg 747w, https:\/\/www.grupomedcof.com.br\/blog\/wp-content\/uploads\/2025\/08\/Modelo-instituicoes-2025-08-21T083919.111-150x84.jpg 150w, https:\/\/www.grupomedcof.com.br\/blog\/wp-content\/uploads\/2025\/08\/Modelo-instituicoes-2025-08-21T083919.111-696x392.jpg 696w, https:\/\/www.grupomedcof.com.br\/blog\/wp-content\/uploads\/2025\/08\/Modelo-instituicoes-2025-08-21T083919.111-1068x601.jpg 1068w, https:\/\/www.grupomedcof.com.br\/blog\/wp-content\/uploads\/2025\/08\/Modelo-instituicoes-2025-08-21T083919.111.jpg 1920w\" sizes=\"auto, (max-width: 1024px) 100vw, 1024px\" \/><\/figure>\n\n\n\n<p>A\u00a0<strong>Associa\u00e7\u00e3o Brasileira de Psiquiatria (ABP)<\/strong>\u00a0divulgou o edital para a prova de T\u00edtulo de Especialista em Psiquiatria 2026.1. Veja os detalhes a seguir!<\/p>\n\n\n\n<h2 class=\"wp-block-heading\" id=\"h-informacoes-edital-titulo-de-especialista-em-psiquiatria-2026-1\"><span class=\"ez-toc-section\" id=\"Informacoes_edital_Titulo_de_Especialista_em_Psiquiatria_20261\"><\/span><strong>Informa\u00e7\u00f5es edital T\u00edtulo de Especialista em Psiquiatria 2026.1<\/strong><span class=\"ez-toc-section-end\"><\/span><\/h2>\n\n\n\n<p>A edi\u00e7\u00e3o de 2026 da Prova de T\u00edtulo de Especialista em\u00a0Psiquiatria est\u00e1 iniciando agora em <strong>03 de mar\u00e7o,<\/strong> com a abertura das inscri\u00e7\u00f5es, indo at\u00e9 o dia 09 de abril de 2026<strong>.<\/strong> A taxa de inscri\u00e7\u00e3o funcionar\u00e1 da seguinte forma:<\/p>\n\n\n\n<figure class=\"wp-block-table\"><table class=\"has-fixed-layout\"><thead><tr><th>Categoria<\/th><th>At\u00e9 08\/03\/2026<\/th><th>At\u00e9 26\/03\/2026<\/th><th>At\u00e9 09\/04\/2026<\/th><\/tr><\/thead><tbody><tr><td>Associados Psiquiatras ABP\/AMB<\/td><td>R$ 1.705,00<\/td><td>R$ 1.909,60<\/td><td>R$ 2.138,80<\/td><\/tr><tr><td>Associados N\u00e3o Psiquiatras ABP\/AMB<\/td><td>R$ 2.213,70<\/td><td>R$ 2.479,40<\/td><td>R$ 2.776,90<\/td><\/tr><tr><td>N\u00e3o associados ABP\/AMB<\/td><td>R$ 4.356,00<\/td><td>R$ 4.878,70<\/td><td>R$ 5.464,20<\/td><\/tr><\/tbody><\/table><\/figure>\n\n\n\n<h3 class=\"wp-block-heading\" id=\"h-processo-seletivo\"><span class=\"ez-toc-section\" id=\"Processo_Seletivo\"><\/span><strong>Processo Seletivo<\/strong><span class=\"ez-toc-section-end\"><\/span><\/h3>\n\n\n\n<p>A edi\u00e7\u00e3o do T\u00edtulo de Especialista em&nbsp;Psiquiatria se dividir\u00e1 em 3 fases: <strong>prova objetiva, an\u00e1lise curricular e prova pr\u00e1tica.<\/strong> Entretanto, antes disso tamb\u00e9m haver\u00e1 a <strong>avalia\u00e7\u00e3o documental <\/strong>realizada pela ABP.<\/p>\n\n\n\n<p>A <strong>prova objetiva<\/strong>, marcada para o dia <strong>07 de junho de 2026, \u00e0s 9h<\/strong>, ser\u00e1 composta de <strong>100 quest\u00f5es de m\u00faltipla escolha<\/strong> sobre Psiquiatria Geral e \u00e1reas de atua\u00e7\u00e3o (Inf\u00e2ncia e Adolesc\u00eancia, Psicogeriatria, Psicoterapia, Forense e Medicina do Sono). Essa etapa tem valor m\u00e1ximo de 10 pontos e valor m\u00ednimo de 7 pontos.<\/p>\n\n\n\n<p>Para a fase de <strong>an\u00e1lise curricular<\/strong>, os candidatos dever\u00e3o enviar os documentos no per\u00edodo entre <strong>09 e 13 de julho de 2026.<\/strong> Essa etapa valer\u00e1 at\u00e9 1 ponto adicional, com base em certificados de atividades cient\u00edficas reconhecidas pela ABP. <\/p>\n\n\n\n<p>Por fim, a <strong>prova pr\u00e1tica<\/strong> ser\u00e1 uma entrevista psiqui\u00e1trica supervisionada\u00a0com reda\u00e7\u00e3o e argui\u00e7\u00e3o. Ter\u00e1 valor m\u00e1ximo de at\u00e9 9 pontos e est\u00e1 prevista para <strong>16 de julho de 2026.<\/strong><\/p>\n\n\n\n<p>Vale lembrar que os candidatos com&nbsp;<strong>Registro de Qualifica\u00e7\u00e3o de Especialista (RQE)<\/strong>&nbsp;emitido pelo CRM estar\u00e3o isentos da prova pr\u00e1tica, sendo exigida apenas a aprova\u00e7\u00e3o na prova objetiva.<\/p>\n\n\n\n<h2 class=\"wp-block-heading\" id=\"h-cronograma\"><span class=\"ez-toc-section\" id=\"Cronograma\"><\/span><strong>Cronograma<\/strong><span class=\"ez-toc-section-end\"><\/span><\/h2>\n\n\n\n<figure class=\"wp-block-table\"><table class=\"has-fixed-layout\"><tbody><tr><td><strong>Inscri\u00e7\u00f5es<\/strong><\/td><td>03\/03 e 09\/04\/2026<\/td><\/tr><tr><td><strong>Prova Objetiva<\/strong><\/td><td>07\/06\/2026 &#8211; 9h<\/td><\/tr><tr><td><strong>Envio de documentos para An\u00e1lise Curricular<\/strong><\/td><td>09 e 13\/07\/2026<\/td><\/tr><tr><td><strong>Prova Pr\u00e1tica<\/strong><\/td><td>16\/07\/2026<\/td><\/tr><tr><td><strong>Resultado Final<\/strong><\/td><td>31\/08\/2026<\/td><\/tr><\/tbody><\/table><\/figure>\n\n\n\n<figure class=\"wp-block-image size-large\"><img loading=\"lazy\" decoding=\"async\" width=\"1024\" height=\"366\" src=\"https:\/\/www.grupomedcof.com.br\/blog\/wp-content\/uploads\/2024\/08\/Capa-Eventos-MedCof-Plus-14-4-1024x366.png\" alt=\"\" class=\"wp-image-29290\" srcset=\"https:\/\/www.grupomedcof.com.br\/blog\/wp-content\/uploads\/2024\/08\/Capa-Eventos-MedCof-Plus-14-4-1024x366.png 1024w, https:\/\/www.grupomedcof.com.br\/blog\/wp-content\/uploads\/2024\/08\/Capa-Eventos-MedCof-Plus-14-4-300x107.png 300w, https:\/\/www.grupomedcof.com.br\/blog\/wp-content\/uploads\/2024\/08\/Capa-Eventos-MedCof-Plus-14-4-768x275.png 768w, https:\/\/www.grupomedcof.com.br\/blog\/wp-content\/uploads\/2024\/08\/Capa-Eventos-MedCof-Plus-14-4-1536x549.png 1536w, https:\/\/www.grupomedcof.com.br\/blog\/wp-content\/uploads\/2024\/08\/Capa-Eventos-MedCof-Plus-14-4-2048x732.png 2048w, https:\/\/www.grupomedcof.com.br\/blog\/wp-content\/uploads\/2024\/08\/Capa-Eventos-MedCof-Plus-14-4-1174x420.png 1174w, https:\/\/www.grupomedcof.com.br\/blog\/wp-content\/uploads\/2024\/08\/Capa-Eventos-MedCof-Plus-14-4-150x54.png 150w, https:\/\/www.grupomedcof.com.br\/blog\/wp-content\/uploads\/2024\/08\/Capa-Eventos-MedCof-Plus-14-4-696x249.png 696w, https:\/\/www.grupomedcof.com.br\/blog\/wp-content\/uploads\/2024\/08\/Capa-Eventos-MedCof-Plus-14-4-1068x382.png 1068w, https:\/\/www.grupomedcof.com.br\/blog\/wp-content\/uploads\/2024\/08\/Capa-Eventos-MedCof-Plus-14-4-1920x687.png 1920w\" sizes=\"auto, (max-width: 1024px) 100vw, 1024px\" \/><\/figure>\n\n\n\n<h2 class=\"wp-block-heading\" id=\"h-requisitos-para-participacao\"><span class=\"ez-toc-section\" id=\"Requisitos_para_participacao\"><\/span><strong>Requisitos para participa\u00e7\u00e3o<\/strong><span class=\"ez-toc-section-end\"><\/span><\/h2>\n\n\n\n<p>Para se inscrever e participar do exame, o candidato deve apresentar, obrigatoriamente:<\/p>\n\n\n\n<ul class=\"wp-block-list\">\n<li>C\u00f3pia autenticada do diploma de gradua\u00e7\u00e3o em Medicina;<\/li>\n\n\n\n<li>C\u00f3pia autenticada da carteira do CRM, com inscri\u00e7\u00e3o definitiva na Unidade da Federa\u00e7\u00e3o em que reside;<\/li>\n\n\n\n<li>Curr\u00edculo conforme modelo em anexo;<\/li>\n\n\n\n<li>Certid\u00e3o \u00e9tico-profissional de nada consta emitida pelo CRM;<\/li>\n<\/ul>\n\n\n\n<p>Al\u00e9m disso, o candidato deve ter conclu\u00eddo <strong>resid\u00eancia m\u00e9dica em Psiquiatria<\/strong> ou possuir <strong>forma\u00e7\u00e3o na \u00e1rea por meio de cursos credenciados pela Associa\u00e7\u00e3o Brasileira de Psiquiatria (ABP)<\/strong>, desde que o programa apresente equival\u00eancia com a matriz de compet\u00eancias do respectivo programa de resid\u00eancia m\u00e9dica aprovado pela <strong>Comiss\u00e3o Nacional de Resid\u00eancia M\u00e9dica (CNRM)<\/strong>.<\/p>\n\n\n\n<p>Tamb\u00e9m ser\u00e1 aceita a <strong>comprova\u00e7\u00e3o de capacita\u00e7\u00e3o por meio de atua\u00e7\u00e3o pr\u00e1tica profissional na \u00e1rea de Psiquiatria<\/strong>, por per\u00edodo m\u00ednimo correspondente ao dobro da dura\u00e7\u00e3o da resid\u00eancia m\u00e9dica, ou seja, <strong>seis anos<\/strong>.<\/p>\n\n\n\n<h2 class=\"wp-block-heading\" id=\"h-edital-na-integra\"><span class=\"ez-toc-section\" id=\"Edital_na_integra\"><\/span><strong>Edital na \u00edntegra<\/strong><span class=\"ez-toc-section-end\"><\/span><\/h2>\n\n\n\n<div data-wp-interactive=\"core\/file\" class=\"wp-block-file\"><object data-wp-bind--hidden=\"!state.hasPdfPreview\" hidden class=\"wp-block-file__embed\" data=\"https:\/\/www.grupomedcof.com.br\/blog\/wp-content\/uploads\/2025\/08\/Edital-Titulo-de-Especialista-Psiquiatria-2026.pdf\" type=\"application\/pdf\" style=\"width:100%;height:600px\" aria-label=\"Incorporado de Edital T\u00edtulo de Especialista Psiquiatria 2026.\"><\/object><a id=\"wp-block-file--media-c3182a95-6b9d-40e1-80fd-7f88dd9e20c7\" href=\"https:\/\/www.grupomedcof.com.br\/blog\/wp-content\/uploads\/2025\/08\/Edital-Titulo-de-Especialista-Psiquiatria-2026.pdf\">Edital T\u00edtulo de Especialista Psiquiatria 2026<\/a><a href=\"https:\/\/www.grupomedcof.com.br\/blog\/wp-content\/uploads\/2025\/08\/Edital-Titulo-de-Especialista-Psiquiatria-2026.pdf\" class=\"wp-block-file__button wp-element-button\" download aria-describedby=\"wp-block-file--media-c3182a95-6b9d-40e1-80fd-7f88dd9e20c7\">Baixar<\/a><\/div>\n\n\n\n<h2 class=\"wp-block-heading\" id=\"h-seja-um-medcofer\"><span class=\"ez-toc-section\" id=\"Seja_um_MedCofer\"><\/span><strong>Seja um MedCofer!<\/strong><span class=\"ez-toc-section-end\"><\/span><\/h2>\n\n\n\n<p>Quer conquistar o t\u00e3o sonhado T\u00edtulo de Especialista? Ent\u00e3o junte-se ao\u00a0<a href=\"https:\/\/www.grupomedcof.com.br\/home\/\">Grupo MedCof!<\/a>\u00a0Aqui temos profissionais de qualidade e conte\u00fados expecionais! N\u00e3o deixe de conferir o nosso\u00a0<a href=\"https:\/\/www.grupomedcof.com.br\/blog\/qbank-medcof\/\" target=\"_blank\" rel=\"noreferrer noopener\">banco de quest\u00f5es<\/a>!<\/p>\n\n\n\n<figure class=\"wp-block-embed is-type-video is-provider-youtube wp-block-embed-youtube wp-embed-aspect-16-9 wp-has-aspect-ratio\"><div class=\"wp-block-embed__wrapper\">\n<div class=\"youtube-embed\" data-video_id=\"cCYt8aJjyXA\"><iframe loading=\"lazy\" title=\"R-Choices: Desafios e Benef\u00edcios da Psiquiatria\" width=\"696\" height=\"392\" src=\"https:\/\/www.youtube.com\/embed\/cCYt8aJjyXA?start=287&#038;feature=oembed\" frameborder=\"0\" allow=\"accelerometer; autoplay; clipboard-write; encrypted-media; gyroscope; picture-in-picture; web-share\" referrerpolicy=\"strict-origin-when-cross-origin\" allowfullscreen><\/iframe><\/div>\n<\/div><\/figure>\n","protected":false},"excerpt":{"rendered":"<p>A\u00a0Associa\u00e7\u00e3o Brasileira de Psiquiatria (ABP)\u00a0divulgou o edital para a prova de T\u00edtulo de Especialista em Psiquiatria 2026.1. Veja os detalhes a seguir!<\/p>\n","protected":false},"author":20,"featured_media":37232,"comment_status":"closed","ping_status":"closed","sticky":false,"template":"","format":"standard","meta":{"footnotes":""},"categories":[2023,1409],"tags":[1568,3097,1964,3098,1452],"ppma_author":[3616],"class_list":{"0":"post-37230","1":"post","2":"type-post","3":"status-publish","4":"format-standard","5":"has-post-thumbnail","7":"category-editais","8":"category-prova-de-titulo","9":"tag-edital","10":"tag-edital-prova-de-titulo","11":"tag-prova-de-titulo","12":"tag-prova-de-titulo-em-psiquiatria","13":"tag-provas"},"yoast_head":"<!-- This site is optimized with the Yoast SEO Premium plugin v24.3 (Yoast SEO v27.5) - https:\/\/yoast.com\/product\/yoast-seo-premium-wordpress\/ -->\n<title>Edital Prova de T\u00edtulo de Especialista em Psiquiatria 2026.1 - Blog de Medcof: conte\u00fados, editais, revalida e mais!<\/title>\n<meta name=\"description\" content=\"A\u00a0Associa\u00e7\u00e3o Brasileira de Psiquiatria (ABP)\u00a0divulgou o edital para a prova de T\u00edtulo de Especialista em Psiquiatria 2026.1. Veja os detalhes a seguir!\" \/>\n<meta name=\"robots\" content=\"index, follow, max-snippet:-1, max-image-preview:large, max-video-preview:-1\" \/>\n<link rel=\"canonical\" href=\"https:\/\/www.grupomedcof.com.br\/blog\/prova-de-titulo-psiquiatria\/\" \/>\n<meta property=\"og:locale\" content=\"pt_BR\" \/>\n<meta property=\"og:type\" content=\"article\" \/>\n<meta property=\"og:title\" content=\"Edital Prova de T\u00edtulo de Especialista em Psiquiatria 2026.1\" \/>\n<meta property=\"og:description\" content=\"A\u00a0Associa\u00e7\u00e3o Brasileira de Psiquiatria (ABP)\u00a0divulgou o edital para a prova de T\u00edtulo de Especialista em Psiquiatria 2026.1. Veja os detalhes a seguir!\" \/>\n<meta property=\"og:url\" content=\"https:\/\/www.grupomedcof.com.br\/blog\/prova-de-titulo-psiquiatria\/\" \/>\n<meta property=\"og:site_name\" content=\"Blog de Medcof: conte\u00fados, editais, revalida e mais!\" \/>\n<meta property=\"article:publisher\" content=\"https:\/\/www.facebook.com\/MedCofQbank\/\" \/>\n<meta property=\"article:published_time\" content=\"2026-03-06T18:10:01+00:00\" \/>\n<meta property=\"article:modified_time\" content=\"2026-04-16T19:28:07+00:00\" \/>\n<meta property=\"og:image\" content=\"https:\/\/www.grupomedcof.com.br\/blog\/wp-content\/uploads\/2025\/08\/Modelo-instituicoes-2025-08-21T083919.111.jpg\" \/>\n\t<meta property=\"og:image:width\" content=\"1920\" \/>\n\t<meta property=\"og:image:height\" content=\"1080\" \/>\n\t<meta property=\"og:image:type\" content=\"image\/jpeg\" \/>\n<meta name=\"author\" content=\"Leila Menzel\" \/>\n<meta name=\"twitter:card\" content=\"summary_large_image\" \/>\n<meta name=\"twitter:label1\" content=\"Escrito por\" \/>\n\t<meta name=\"twitter:data1\" content=\"Leila Menzel\" \/>\n\t<meta name=\"twitter:label2\" content=\"Est. tempo de leitura\" \/>\n\t<meta name=\"twitter:data2\" content=\"4 minutos\" \/>\n<script type=\"application\/ld+json\" class=\"yoast-schema-graph\">{\"@context\":\"https:\\\/\\\/schema.org\",\"@graph\":[{\"@type\":\"Article\",\"@id\":\"https:\\\/\\\/www.grupomedcof.com.br\\\/blog\\\/prova-de-titulo-psiquiatria\\\/#article\",\"isPartOf\":{\"@id\":\"https:\\\/\\\/www.grupomedcof.com.br\\\/blog\\\/prova-de-titulo-psiquiatria\\\/\"},\"author\":{\"name\":\"Leila Menzel\",\"@id\":\"https:\\\/\\\/www.grupomedcof.com.br\\\/blog\\\/#\\\/schema\\\/person\\\/9a44c2184a836bf5ae6967fdb3a1451e\"},\"headline\":\"Edital Prova de T\u00edtulo de Especialista em Psiquiatria 2026.1\",\"datePublished\":\"2026-03-06T18:10:01+00:00\",\"dateModified\":\"2026-04-16T19:28:07+00:00\",\"mainEntityOfPage\":{\"@id\":\"https:\\\/\\\/www.grupomedcof.com.br\\\/blog\\\/prova-de-titulo-psiquiatria\\\/\"},\"wordCount\":560,\"publisher\":{\"@id\":\"https:\\\/\\\/www.grupomedcof.com.br\\\/blog\\\/#organization\"},\"image\":{\"@id\":\"https:\\\/\\\/www.grupomedcof.com.br\\\/blog\\\/prova-de-titulo-psiquiatria\\\/#primaryimage\"},\"thumbnailUrl\":\"https:\\\/\\\/www.grupomedcof.com.br\\\/blog\\\/wp-content\\\/uploads\\\/2025\\\/08\\\/Modelo-instituicoes-2025-08-21T083919.111.jpg\",\"keywords\":[\"Edital\",\"Edital Prova de T\u00edtulo\",\"Prova de T\u00edtulo\",\"Prova de T\u00edtulo em Psiquiatria\",\"Provas\"],\"articleSection\":[\"Editais\",\"Prova de T\u00edtulo: dicas e informa\u00e7\u00f5es confi\u00e1veis e atualizadas\"],\"inLanguage\":\"pt-BR\"},{\"@type\":\"WebPage\",\"@id\":\"https:\\\/\\\/www.grupomedcof.com.br\\\/blog\\\/prova-de-titulo-psiquiatria\\\/\",\"url\":\"https:\\\/\\\/www.grupomedcof.com.br\\\/blog\\\/prova-de-titulo-psiquiatria\\\/\",\"name\":\"Edital Prova de T\u00edtulo de Especialista em Psiquiatria 2026.1 - Blog de Medcof: conte\u00fados, editais, revalida e mais!\",\"isPartOf\":{\"@id\":\"https:\\\/\\\/www.grupomedcof.com.br\\\/blog\\\/#website\"},\"primaryImageOfPage\":{\"@id\":\"https:\\\/\\\/www.grupomedcof.com.br\\\/blog\\\/prova-de-titulo-psiquiatria\\\/#primaryimage\"},\"image\":{\"@id\":\"https:\\\/\\\/www.grupomedcof.com.br\\\/blog\\\/prova-de-titulo-psiquiatria\\\/#primaryimage\"},\"thumbnailUrl\":\"https:\\\/\\\/www.grupomedcof.com.br\\\/blog\\\/wp-content\\\/uploads\\\/2025\\\/08\\\/Modelo-instituicoes-2025-08-21T083919.111.jpg\",\"datePublished\":\"2026-03-06T18:10:01+00:00\",\"dateModified\":\"2026-04-16T19:28:07+00:00\",\"description\":\"A\u00a0Associa\u00e7\u00e3o Brasileira de Psiquiatria (ABP)\u00a0divulgou o edital para a prova de T\u00edtulo de Especialista em Psiquiatria 2026.1. Veja os detalhes a seguir!\",\"breadcrumb\":{\"@id\":\"https:\\\/\\\/www.grupomedcof.com.br\\\/blog\\\/prova-de-titulo-psiquiatria\\\/#breadcrumb\"},\"inLanguage\":\"pt-BR\",\"potentialAction\":[{\"@type\":\"ReadAction\",\"target\":[\"https:\\\/\\\/www.grupomedcof.com.br\\\/blog\\\/prova-de-titulo-psiquiatria\\\/\"]}]},{\"@type\":\"ImageObject\",\"inLanguage\":\"pt-BR\",\"@id\":\"https:\\\/\\\/www.grupomedcof.com.br\\\/blog\\\/prova-de-titulo-psiquiatria\\\/#primaryimage\",\"url\":\"https:\\\/\\\/www.grupomedcof.com.br\\\/blog\\\/wp-content\\\/uploads\\\/2025\\\/08\\\/Modelo-instituicoes-2025-08-21T083919.111.jpg\",\"contentUrl\":\"https:\\\/\\\/www.grupomedcof.com.br\\\/blog\\\/wp-content\\\/uploads\\\/2025\\\/08\\\/Modelo-instituicoes-2025-08-21T083919.111.jpg\",\"width\":1920,\"height\":1080},{\"@type\":\"BreadcrumbList\",\"@id\":\"https:\\\/\\\/www.grupomedcof.com.br\\\/blog\\\/prova-de-titulo-psiquiatria\\\/#breadcrumb\",\"itemListElement\":[{\"@type\":\"ListItem\",\"position\":1,\"name\":\"In\u00edcio\",\"item\":\"https:\\\/\\\/www.grupomedcof.com.br\\\/blog\\\/\"},{\"@type\":\"ListItem\",\"position\":2,\"name\":\"Edital Prova de T\u00edtulo de Especialista em Psiquiatria 2026.1\"}]},{\"@type\":\"WebSite\",\"@id\":\"https:\\\/\\\/www.grupomedcof.com.br\\\/blog\\\/#website\",\"url\":\"https:\\\/\\\/www.grupomedcof.com.br\\\/blog\\\/\",\"name\":\"Blog de Medcof: conte\u00fados, editais, revalida e mais!\",\"description\":\"Acesso o blog de MedCof! Seu portal de conte\u00fados sobre resid\u00eancia m\u00e9dica, an\u00e1lise e editais e muito mais. Clique e confira!\",\"publisher\":{\"@id\":\"https:\\\/\\\/www.grupomedcof.com.br\\\/blog\\\/#organization\"},\"alternateName\":\"Blog de Medcof: conte\u00fados, editais, revalida e mais!\",\"potentialAction\":[{\"@type\":\"SearchAction\",\"target\":{\"@type\":\"EntryPoint\",\"urlTemplate\":\"https:\\\/\\\/www.grupomedcof.com.br\\\/blog\\\/?s={search_term_string}\"},\"query-input\":{\"@type\":\"PropertyValueSpecification\",\"valueRequired\":true,\"valueName\":\"search_term_string\"}}],\"inLanguage\":\"pt-BR\"},{\"@type\":\"Organization\",\"@id\":\"https:\\\/\\\/www.grupomedcof.com.br\\\/blog\\\/#organization\",\"name\":\"Grupo MedCof\",\"url\":\"https:\\\/\\\/www.grupomedcof.com.br\\\/blog\\\/\",\"logo\":{\"@type\":\"ImageObject\",\"inLanguage\":\"pt-BR\",\"@id\":\"https:\\\/\\\/www.grupomedcof.com.br\\\/blog\\\/#\\\/schema\\\/logo\\\/image\\\/\",\"url\":\"https:\\\/\\\/www.grupomedcof.com.br\\\/blog\\\/wp-content\\\/uploads\\\/2022\\\/01\\\/logo-medcof.png\",\"contentUrl\":\"https:\\\/\\\/www.grupomedcof.com.br\\\/blog\\\/wp-content\\\/uploads\\\/2022\\\/01\\\/logo-medcof.png\",\"width\":768,\"height\":269,\"caption\":\"Grupo MedCof\"},\"image\":{\"@id\":\"https:\\\/\\\/www.grupomedcof.com.br\\\/blog\\\/#\\\/schema\\\/logo\\\/image\\\/\"},\"sameAs\":[\"https:\\\/\\\/www.facebook.com\\\/MedCofQbank\\\/\",\"https:\\\/\\\/www.instagram.com\\\/grupomedcof\\\/\",\"https:\\\/\\\/br.linkedin.com\\\/company\\\/medcof\",\"https:\\\/\\\/www.youtube.com\\\/channel\\\/UCdHMuOHKICxcHwecxN8P-AA\"]},{\"@type\":\"Person\",\"@id\":\"https:\\\/\\\/www.grupomedcof.com.br\\\/blog\\\/#\\\/schema\\\/person\\\/9a44c2184a836bf5ae6967fdb3a1451e\",\"name\":\"Leila Menzel\",\"image\":{\"@type\":\"ImageObject\",\"inLanguage\":\"pt-BR\",\"@id\":\"https:\\\/\\\/www.grupomedcof.com.br\\\/blog\\\/wp-content\\\/uploads\\\/2025\\\/09\\\/cropped-eu-96x96.jpeg19a74936d997c0a8b3031618467fa1d0\",\"url\":\"https:\\\/\\\/www.grupomedcof.com.br\\\/blog\\\/wp-content\\\/uploads\\\/2025\\\/09\\\/cropped-eu-96x96.jpeg\",\"contentUrl\":\"https:\\\/\\\/www.grupomedcof.com.br\\\/blog\\\/wp-content\\\/uploads\\\/2025\\\/09\\\/cropped-eu-96x96.jpeg\",\"caption\":\"Leila Menzel\"},\"description\":\"Estudante do 6\u00b0 semestre de jornalismo, amo e escrevo poesias e viajo em livros de romances clich\u00eas.\",\"url\":\"https:\\\/\\\/www.grupomedcof.com.br\\\/blog\\\/author\\\/leila-menzel\\\/\"}]}<\/script>\n<!-- \/ Yoast SEO Premium plugin. -->","yoast_head_json":{"title":"Edital Prova de T\u00edtulo de Especialista em Psiquiatria 2026.1 - Blog de Medcof: conte\u00fados, editais, revalida e mais!","description":"A\u00a0Associa\u00e7\u00e3o Brasileira de Psiquiatria (ABP)\u00a0divulgou o edital para a prova de T\u00edtulo de Especialista em Psiquiatria 2026.1. Veja os detalhes a seguir!","robots":{"index":"index","follow":"follow","max-snippet":"max-snippet:-1","max-image-preview":"max-image-preview:large","max-video-preview":"max-video-preview:-1"},"canonical":"https:\/\/www.grupomedcof.com.br\/blog\/prova-de-titulo-psiquiatria\/","og_locale":"pt_BR","og_type":"article","og_title":"Edital Prova de T\u00edtulo de Especialista em Psiquiatria 2026.1","og_description":"A\u00a0Associa\u00e7\u00e3o Brasileira de Psiquiatria (ABP)\u00a0divulgou o edital para a prova de T\u00edtulo de Especialista em Psiquiatria 2026.1. Veja os detalhes a seguir!","og_url":"https:\/\/www.grupomedcof.com.br\/blog\/prova-de-titulo-psiquiatria\/","og_site_name":"Blog de Medcof: conte\u00fados, editais, revalida e mais!","article_publisher":"https:\/\/www.facebook.com\/MedCofQbank\/","article_published_time":"2026-03-06T18:10:01+00:00","article_modified_time":"2026-04-16T19:28:07+00:00","og_image":[{"width":1920,"height":1080,"url":"https:\/\/www.grupomedcof.com.br\/blog\/wp-content\/uploads\/2025\/08\/Modelo-instituicoes-2025-08-21T083919.111.jpg","type":"image\/jpeg"}],"author":"Leila Menzel","twitter_card":"summary_large_image","twitter_misc":{"Escrito por":"Leila Menzel","Est. tempo de leitura":"4 minutos"},"schema":{"@context":"https:\/\/schema.org","@graph":[{"@type":"Article","@id":"https:\/\/www.grupomedcof.com.br\/blog\/prova-de-titulo-psiquiatria\/#article","isPartOf":{"@id":"https:\/\/www.grupomedcof.com.br\/blog\/prova-de-titulo-psiquiatria\/"},"author":{"name":"Leila Menzel","@id":"https:\/\/www.grupomedcof.com.br\/blog\/#\/schema\/person\/9a44c2184a836bf5ae6967fdb3a1451e"},"headline":"Edital Prova de T\u00edtulo de Especialista em Psiquiatria 2026.1","datePublished":"2026-03-06T18:10:01+00:00","dateModified":"2026-04-16T19:28:07+00:00","mainEntityOfPage":{"@id":"https:\/\/www.grupomedcof.com.br\/blog\/prova-de-titulo-psiquiatria\/"},"wordCount":560,"publisher":{"@id":"https:\/\/www.grupomedcof.com.br\/blog\/#organization"},"image":{"@id":"https:\/\/www.grupomedcof.com.br\/blog\/prova-de-titulo-psiquiatria\/#primaryimage"},"thumbnailUrl":"https:\/\/www.grupomedcof.com.br\/blog\/wp-content\/uploads\/2025\/08\/Modelo-instituicoes-2025-08-21T083919.111.jpg","keywords":["Edital","Edital Prova de T\u00edtulo","Prova de T\u00edtulo","Prova de T\u00edtulo em Psiquiatria","Provas"],"articleSection":["Editais","Prova de T\u00edtulo: dicas e informa\u00e7\u00f5es confi\u00e1veis e atualizadas"],"inLanguage":"pt-BR"},{"@type":"WebPage","@id":"https:\/\/www.grupomedcof.com.br\/blog\/prova-de-titulo-psiquiatria\/","url":"https:\/\/www.grupomedcof.com.br\/blog\/prova-de-titulo-psiquiatria\/","name":"Edital Prova de T\u00edtulo de Especialista em Psiquiatria 2026.1 - Blog de Medcof: conte\u00fados, editais, revalida e mais!","isPartOf":{"@id":"https:\/\/www.grupomedcof.com.br\/blog\/#website"},"primaryImageOfPage":{"@id":"https:\/\/www.grupomedcof.com.br\/blog\/prova-de-titulo-psiquiatria\/#primaryimage"},"image":{"@id":"https:\/\/www.grupomedcof.com.br\/blog\/prova-de-titulo-psiquiatria\/#primaryimage"},"thumbnailUrl":"https:\/\/www.grupomedcof.com.br\/blog\/wp-content\/uploads\/2025\/08\/Modelo-instituicoes-2025-08-21T083919.111.jpg","datePublished":"2026-03-06T18:10:01+00:00","dateModified":"2026-04-16T19:28:07+00:00","description":"A\u00a0Associa\u00e7\u00e3o Brasileira de Psiquiatria (ABP)\u00a0divulgou o edital para a prova de T\u00edtulo de Especialista em Psiquiatria 2026.1. Veja os detalhes a seguir!","breadcrumb":{"@id":"https:\/\/www.grupomedcof.com.br\/blog\/prova-de-titulo-psiquiatria\/#breadcrumb"},"inLanguage":"pt-BR","potentialAction":[{"@type":"ReadAction","target":["https:\/\/www.grupomedcof.com.br\/blog\/prova-de-titulo-psiquiatria\/"]}]},{"@type":"ImageObject","inLanguage":"pt-BR","@id":"https:\/\/www.grupomedcof.com.br\/blog\/prova-de-titulo-psiquiatria\/#primaryimage","url":"https:\/\/www.grupomedcof.com.br\/blog\/wp-content\/uploads\/2025\/08\/Modelo-instituicoes-2025-08-21T083919.111.jpg","contentUrl":"https:\/\/www.grupomedcof.com.br\/blog\/wp-content\/uploads\/2025\/08\/Modelo-instituicoes-2025-08-21T083919.111.jpg","width":1920,"height":1080},{"@type":"BreadcrumbList","@id":"https:\/\/www.grupomedcof.com.br\/blog\/prova-de-titulo-psiquiatria\/#breadcrumb","itemListElement":[{"@type":"ListItem","position":1,"name":"In\u00edcio","item":"https:\/\/www.grupomedcof.com.br\/blog\/"},{"@type":"ListItem","position":2,"name":"Edital Prova de T\u00edtulo de Especialista em Psiquiatria 2026.1"}]},{"@type":"WebSite","@id":"https:\/\/www.grupomedcof.com.br\/blog\/#website","url":"https:\/\/www.grupomedcof.com.br\/blog\/","name":"Blog de Medcof: conte\u00fados, editais, revalida e mais!","description":"Acesso o blog de MedCof! Seu portal de conte\u00fados sobre resid\u00eancia m\u00e9dica, an\u00e1lise e editais e muito mais. Clique e confira!","publisher":{"@id":"https:\/\/www.grupomedcof.com.br\/blog\/#organization"},"alternateName":"Blog de Medcof: conte\u00fados, editais, revalida e mais!","potentialAction":[{"@type":"SearchAction","target":{"@type":"EntryPoint","urlTemplate":"https:\/\/www.grupomedcof.com.br\/blog\/?s={search_term_string}"},"query-input":{"@type":"PropertyValueSpecification","valueRequired":true,"valueName":"search_term_string"}}],"inLanguage":"pt-BR"},{"@type":"Organization","@id":"https:\/\/www.grupomedcof.com.br\/blog\/#organization","name":"Grupo MedCof","url":"https:\/\/www.grupomedcof.com.br\/blog\/","logo":{"@type":"ImageObject","inLanguage":"pt-BR","@id":"https:\/\/www.grupomedcof.com.br\/blog\/#\/schema\/logo\/image\/","url":"https:\/\/www.grupomedcof.com.br\/blog\/wp-content\/uploads\/2022\/01\/logo-medcof.png","contentUrl":"https:\/\/www.grupomedcof.com.br\/blog\/wp-content\/uploads\/2022\/01\/logo-medcof.png","width":768,"height":269,"caption":"Grupo MedCof"},"image":{"@id":"https:\/\/www.grupomedcof.com.br\/blog\/#\/schema\/logo\/image\/"},"sameAs":["https:\/\/www.facebook.com\/MedCofQbank\/","https:\/\/www.instagram.com\/grupomedcof\/","https:\/\/br.linkedin.com\/company\/medcof","https:\/\/www.youtube.com\/channel\/UCdHMuOHKICxcHwecxN8P-AA"]},{"@type":"Person","@id":"https:\/\/www.grupomedcof.com.br\/blog\/#\/schema\/person\/9a44c2184a836bf5ae6967fdb3a1451e","name":"Leila Menzel","image":{"@type":"ImageObject","inLanguage":"pt-BR","@id":"https:\/\/www.grupomedcof.com.br\/blog\/wp-content\/uploads\/2025\/09\/cropped-eu-96x96.jpeg19a74936d997c0a8b3031618467fa1d0","url":"https:\/\/www.grupomedcof.com.br\/blog\/wp-content\/uploads\/2025\/09\/cropped-eu-96x96.jpeg","contentUrl":"https:\/\/www.grupomedcof.com.br\/blog\/wp-content\/uploads\/2025\/09\/cropped-eu-96x96.jpeg","caption":"Leila Menzel"},"description":"Estudante do 6\u00b0 semestre de jornalismo, amo e escrevo poesias e viajo em livros de romances clich\u00eas.","url":"https:\/\/www.grupomedcof.com.br\/blog\/author\/leila-menzel\/"}]}},"authors":[{"term_id":3616,"user_id":20,"is_guest":0,"slug":"leila-menzel","display_name":"Leila Menzel","avatar_url":"https:\/\/www.grupomedcof.com.br\/blog\/wp-content\/uploads\/2025\/09\/cropped-eu-96x96.jpeg","0":null,"1":"","2":"","3":"","4":"","5":"","6":"","7":"","8":""}],"_links":{"self":[{"href":"https:\/\/www.grupomedcof.com.br\/blog\/wp-json\/wp\/v2\/posts\/37230","targetHints":{"allow":["GET"]}}],"collection":[{"href":"https:\/\/www.grupomedcof.com.br\/blog\/wp-json\/wp\/v2\/posts"}],"about":[{"href":"https:\/\/www.grupomedcof.com.br\/blog\/wp-json\/wp\/v2\/types\/post"}],"author":[{"embeddable":true,"href":"https:\/\/www.grupomedcof.com.br\/blog\/wp-json\/wp\/v2\/users\/20"}],"replies":[{"embeddable":true,"href":"https:\/\/www.grupomedcof.com.br\/blog\/wp-json\/wp\/v2\/comments?post=37230"}],"version-history":[{"count":2,"href":"https:\/\/www.grupomedcof.com.br\/blog\/wp-json\/wp\/v2\/posts\/37230\/revisions"}],"predecessor-version":[{"id":42145,"href":"https:\/\/www.grupomedcof.com.br\/blog\/wp-json\/wp\/v2\/posts\/37230\/revisions\/42145"}],"wp:featuredmedia":[{"embeddable":true,"href":"https:\/\/www.grupomedcof.com.br\/blog\/wp-json\/wp\/v2\/media\/37232"}],"wp:attachment":[{"href":"https:\/\/www.grupomedcof.com.br\/blog\/wp-json\/wp\/v2\/media?parent=37230"}],"wp:term":[{"taxonomy":"category","embeddable":true,"href":"https:\/\/www.grupomedcof.com.br\/blog\/wp-json\/wp\/v2\/categories?post=37230"},{"taxonomy":"post_tag","embeddable":true,"href":"https:\/\/www.grupomedcof.com.br\/blog\/wp-json\/wp\/v2\/tags?post=37230"},{"taxonomy":"author","embeddable":true,"href":"https:\/\/www.grupomedcof.com.br\/blog\/wp-json\/wp\/v2\/ppma_author?post=37230"}],"curies":[{"name":"wp","href":"https:\/\/api.w.org\/{rel}","templated":true}]}}