{"id":37256,"date":"2025-08-22T09:35:29","date_gmt":"2025-08-22T12:35:29","guid":{"rendered":"https:\/\/www.grupomedcof.com.br\/blog\/?p=37256"},"modified":"2025-08-22T09:35:30","modified_gmt":"2025-08-22T12:35:30","slug":"leucemia-classificacao-diagnostico-tratamento-e-mais","status":"publish","type":"post","link":"https:\/\/www.grupomedcof.com.br\/blog\/leucemia-classificacao-diagnostico-tratamento-e-mais\/","title":{"rendered":"Leucemia: classifica\u00e7\u00e3o, diagn\u00f3stico, tratamento e mais!"},"content":{"rendered":"<div id=\"ez-toc-container\" class=\"ez-toc-v2_0_74 counter-hierarchy ez-toc-counter ez-toc-transparent ez-toc-container-direction\">\n<div class=\"ez-toc-title-container\">\n<p class=\"ez-toc-title\" style=\"cursor:inherit\">Sum\u00e1rio<\/p>\n<span class=\"ez-toc-title-toggle\"><a href=\"#\" class=\"ez-toc-pull-right ez-toc-btn ez-toc-btn-xs ez-toc-btn-default ez-toc-toggle\" aria-label=\"Alternar tabela de conte\u00fado\"><span class=\"ez-toc-js-icon-con\"><span class=\"\"><span class=\"eztoc-hide\" style=\"display:none;\">Toggle<\/span><span class=\"ez-toc-icon-toggle-span\"><svg style=\"fill: #999;color:#999\" xmlns=\"http:\/\/www.w3.org\/2000\/svg\" class=\"list-377408\" width=\"20px\" height=\"20px\" viewBox=\"0 0 24 24\" fill=\"none\"><path d=\"M6 6H4v2h2V6zm14 0H8v2h12V6zM4 11h2v2H4v-2zm16 0H8v2h12v-2zM4 16h2v2H4v-2zm16 0H8v2h12v-2z\" fill=\"currentColor\"><\/path><\/svg><svg style=\"fill: #999;color:#999\" class=\"arrow-unsorted-368013\" xmlns=\"http:\/\/www.w3.org\/2000\/svg\" width=\"10px\" height=\"10px\" viewBox=\"0 0 24 24\" version=\"1.2\" baseProfile=\"tiny\"><path d=\"M18.2 9.3l-6.2-6.3-6.2 6.3c-.2.2-.3.4-.3.7s.1.5.3.7c.2.2.4.3.7.3h11c.3 0 .5-.1.7-.3.2-.2.3-.5.3-.7s-.1-.5-.3-.7zM5.8 14.7l6.2 6.3 6.2-6.3c.2-.2.3-.5.3-.7s-.1-.5-.3-.7c-.2-.2-.4-.3-.7-.3h-11c-.3 0-.5.1-.7.3-.2.2-.3.5-.3.7s.1.5.3.7z\"\/><\/svg><\/span><\/span><\/span><\/a><\/span><\/div>\n<nav><ul class='ez-toc-list ez-toc-list-level-1 ' ><li class='ez-toc-page-1 ez-toc-heading-level-2'><a class=\"ez-toc-link ez-toc-heading-1\" href=\"https:\/\/www.grupomedcof.com.br\/blog\/leucemia-classificacao-diagnostico-tratamento-e-mais\/#Como_sao_classificadas\" >Como s\u00e3o classificadas?\u00a0<\/a><\/li><li class='ez-toc-page-1 ez-toc-heading-level-2'><a class=\"ez-toc-link ez-toc-heading-2\" href=\"https:\/\/www.grupomedcof.com.br\/blog\/leucemia-classificacao-diagnostico-tratamento-e-mais\/#Quais_tipos_de_Leucemia_existem\" >Quais tipos de Leucemia existem?<\/a><ul class='ez-toc-list-level-3' ><li class='ez-toc-heading-level-3'><a class=\"ez-toc-link ez-toc-heading-3\" href=\"https:\/\/www.grupomedcof.com.br\/blog\/leucemia-classificacao-diagnostico-tratamento-e-mais\/#Leucemia_Mieloide_Aguda_LMA\" >Leucemia Mieloide Aguda (LMA)<\/a><\/li><li class='ez-toc-page-1 ez-toc-heading-level-3'><a class=\"ez-toc-link ez-toc-heading-4\" href=\"https:\/\/www.grupomedcof.com.br\/blog\/leucemia-classificacao-diagnostico-tratamento-e-mais\/#Leucemia_Linfoide_Aguda_LLA\" >Leucemia Linfoide Aguda (LLA)<\/a><\/li><li class='ez-toc-page-1 ez-toc-heading-level-3'><a class=\"ez-toc-link ez-toc-heading-5\" href=\"https:\/\/www.grupomedcof.com.br\/blog\/leucemia-classificacao-diagnostico-tratamento-e-mais\/#Leucemia_Promielocitica_Aguda_LPA\" >Leucemia Promieloc\u00edtica Aguda (LPA)<\/a><\/li><li class='ez-toc-page-1 ez-toc-heading-level-3'><a class=\"ez-toc-link ez-toc-heading-6\" href=\"https:\/\/www.grupomedcof.com.br\/blog\/leucemia-classificacao-diagnostico-tratamento-e-mais\/#Leucemia_Linfocitica_Cronica_LLC\" >Leucemia Linfoc\u00edtica Cr\u00f4nica (LLC)<\/a><\/li><\/ul><\/li><li class='ez-toc-page-1 ez-toc-heading-level-2'><a class=\"ez-toc-link ez-toc-heading-7\" href=\"https:\/\/www.grupomedcof.com.br\/blog\/leucemia-classificacao-diagnostico-tratamento-e-mais\/#O_metodo_que_te_aprova\" >O m\u00e9todo que te aprova!<\/a><\/li><\/ul><\/nav><\/div>\n\n<figure class=\"wp-block-image size-large\"><img loading=\"lazy\" decoding=\"async\" width=\"1024\" height=\"576\" src=\"https:\/\/www.grupomedcof.com.br\/blog\/wp-content\/uploads\/2025\/08\/Blog-MedCof-2025-08-22T093118.937-1024x576.jpg\" alt=\"\" class=\"wp-image-37257\" srcset=\"https:\/\/www.grupomedcof.com.br\/blog\/wp-content\/uploads\/2025\/08\/Blog-MedCof-2025-08-22T093118.937-1024x576.jpg 1024w, https:\/\/www.grupomedcof.com.br\/blog\/wp-content\/uploads\/2025\/08\/Blog-MedCof-2025-08-22T093118.937-300x169.jpg 300w, https:\/\/www.grupomedcof.com.br\/blog\/wp-content\/uploads\/2025\/08\/Blog-MedCof-2025-08-22T093118.937-768x432.jpg 768w, https:\/\/www.grupomedcof.com.br\/blog\/wp-content\/uploads\/2025\/08\/Blog-MedCof-2025-08-22T093118.937-1536x864.jpg 1536w, https:\/\/www.grupomedcof.com.br\/blog\/wp-content\/uploads\/2025\/08\/Blog-MedCof-2025-08-22T093118.937-747x420.jpg 747w, https:\/\/www.grupomedcof.com.br\/blog\/wp-content\/uploads\/2025\/08\/Blog-MedCof-2025-08-22T093118.937-150x84.jpg 150w, https:\/\/www.grupomedcof.com.br\/blog\/wp-content\/uploads\/2025\/08\/Blog-MedCof-2025-08-22T093118.937-696x392.jpg 696w, https:\/\/www.grupomedcof.com.br\/blog\/wp-content\/uploads\/2025\/08\/Blog-MedCof-2025-08-22T093118.937-1068x601.jpg 1068w, https:\/\/www.grupomedcof.com.br\/blog\/wp-content\/uploads\/2025\/08\/Blog-MedCof-2025-08-22T093118.937.jpg 1920w\" sizes=\"auto, (max-width: 1024px) 100vw, 1024px\" \/><\/figure>\n\n\n\n<p>As <strong>leucemias <\/strong>s\u00e3o <strong>neoplasias hematol\u00f3gicas<\/strong> que se originam na medula \u00f3ssea a partir de c\u00e9lulas-tronco hematopoi\u00e9ticas. Como elas <strong>podem dar origem a qualquer c\u00e9lula sangu\u00ednea<\/strong>, podem comprometer uma linhagem espec\u00edfica, como <strong>miel\u00f3ide ou linf\u00f3ide.<\/strong><\/p>\n\n\n\n<h2 class=\"wp-block-heading\" id=\"h-como-sao-classificadas\"><span class=\"ez-toc-section\" id=\"Como_sao_classificadas\"><\/span><strong>Como s\u00e3o classificadas?\u00a0<\/strong><span class=\"ez-toc-section-end\"><\/span><\/h2>\n\n\n\n<p>As leucemias s\u00e3o divididas em dois grandes grupos: <strong>agudas e cr\u00f4nicas<\/strong>. A principal diferen\u00e7a entre elas reside na <strong>matura\u00e7\u00e3o celular<\/strong>.\u00a0<\/p>\n\n\n\n<p>Nas <strong>leucemias agudas<\/strong>, ocorre uma <strong>pausa na matura\u00e7\u00e3o das c\u00e9lulas<\/strong>, que ficam incapazes de seguir seu desenvolvimento normal. Isso leva a uma <strong>produ\u00e7\u00e3o clonal de c\u00e9lulas jovens e imaturas<\/strong>, conhecidas como blastos, e a uma subsequente <strong>redu\u00e7\u00e3o da hematopoiese normal<\/strong>. O diagn\u00f3stico de leucemia aguda \u00e9 estabelecido quando h\u00e1 uma contagem de <strong>blastos superior a 20%<\/strong> na medula \u00f3ssea ou no sangue perif\u00e9rico.<\/p>\n\n\n\n<p>Em contraste, as <strong>leucemias cr\u00f4nicas<\/strong> <strong>n\u00e3o apresentam essa pausa de matura\u00e7\u00e3o<\/strong>. Elas s\u00e3o caracterizadas por uma <strong>prolifera\u00e7\u00e3o clonal de c\u00e9lulas maduras<\/strong>, que podem se acumular no sangue, medula \u00f3ssea e outros \u00f3rg\u00e3os.<\/p>\n\n\n\n<figure class=\"wp-block-image\"><img decoding=\"async\" src=\"https:\/\/lh7-rt.googleusercontent.com\/docsz\/AD_4nXdswtnG1Zqhu5CJjPY0hdLD_xdNNnnbSQBq0F9sDNGvFf3AVGzeLCYmtecdTKqoiIZqmvUPIw-Ed-Zld7qUc71EH4z1Y3Kd0Nu0qzTwPQn1mNIGBUajcWCqLhzTo-par8hDUFeGsw?key=tLMGfdOEzWyGGOGRwRS7MQ\" alt=\"\"\/><figcaption class=\"wp-element-caption\">Representa\u00e7\u00e3o da diferen\u00e7a de l\u00e2minas do sangue normal e do sangue de pacientes com leucemia. | Fonte: Acervo de Ilustra\u00e7\u00f5es do Grupo MedCof.\u00a0<\/figcaption><\/figure>\n\n\n\n<h2 class=\"wp-block-heading\" id=\"h-quais-tipos-de-leucemia-existem\"><span class=\"ez-toc-section\" id=\"Quais_tipos_de_Leucemia_existem\"><\/span><strong>Quais tipos de Leucemia existem?<\/strong><span class=\"ez-toc-section-end\"><\/span><\/h2>\n\n\n\n<p>Dentre a classifica\u00e7\u00e3o explicada acima, existem alguns tipos de leucemia que merecem aten\u00e7\u00e3o!\u00a0<\/p>\n\n\n\n<h3 class=\"wp-block-heading\" id=\"h-leucemia-mieloide-aguda-lma\"><span class=\"ez-toc-section\" id=\"Leucemia_Mieloide_Aguda_LMA\"><\/span><strong>Leucemia Mieloide Aguda (LMA)<\/strong><span class=\"ez-toc-section-end\"><\/span><\/h3>\n\n\n\n<p>A LMA \u00e9 a forma mais comum de leucemia aguda em adultos, representando aproximadamente <strong>90% dos casos<\/strong>. A incid\u00eancia da doen\u00e7a <strong>aumenta com a idade<\/strong>, especialmente ap\u00f3s os 60 anos, devido ao ac\u00famulo de muta\u00e7\u00f5es que desencadeiam o bloqueio da matura\u00e7\u00e3o celular. A maioria dos casos de LMA \u00e9 classificada como &#8220;de novo,&#8221; <strong>sem uma causa ou fator de risco identific\u00e1vel,<\/strong> embora possa ser secund\u00e1ria a tratamentos de quimioterapia ou radioterapia anteriores. A LMA \u00e9 caracterizada pela produ\u00e7\u00e3o clonal de um precursor mieloide chamado <strong>mieloblasto<\/strong>.<\/p>\n\n\n\n<p>Os sinais e sintomas da LMA incluem <strong>febre, palidez, astenia, sangramentos e hepatoesplenomegalia.<\/strong> O diagn\u00f3stico \u00e9 confirmado pela presen\u00e7a de mais de 20% de blastos no sangue perif\u00e9rico ou na medula \u00f3ssea. Um <strong>achado patognom\u00f4nico<\/strong> da LMA \u00e9 o <strong>bastonete de Auer<\/strong>.&nbsp;<\/p>\n\n\n\n<figure class=\"wp-block-image\"><img decoding=\"async\" src=\"https:\/\/lh7-rt.googleusercontent.com\/docsz\/AD_4nXc_mDu_Ecrq4768sFWkDAsJ3w3Me8FHx04TVN02imV8l6GNPxyarovpPuQu4n317qhj1mHIL62l-9HopNCao9P3Ftx8IZUHDUpRT_GT-JDjo0dPPm1viKm67i9iqEe6zwiF5EJ-9A?key=tLMGfdOEzWyGGOGRwRS7MQ\" alt=\"\"\/><figcaption class=\"wp-element-caption\">Bastonete de Auer entre c\u00e9lulas sangu\u00edneas normais. | Fonte: Acervo de Aulas do Grupo.<\/figcaption><\/figure>\n\n\n\n<p>O diagn\u00f3stico e a subtipagem s\u00e3o auxiliados pela <strong>imunofenotipagem<\/strong>, que identifica marcadores miel\u00f3ides como <strong>MPO, CD13 e CD33,<\/strong> e pela <strong>citogen\u00e9tica<\/strong> e <strong>biologia molecular<\/strong>. Os subtipos espec\u00edficos de LMA pode ser classificado morfologicamente&nbsp; (de acordo com a FAB &#8211; French-American-British) em:&nbsp;<\/p>\n\n\n\n<ul class=\"wp-block-list\">\n<li>M0 (m\u00ednima diferencia\u00e7\u00e3o);<\/li>\n\n\n\n<li>\u00a0M1 (sem matura\u00e7\u00e3o);\u00a0<\/li>\n\n\n\n<li>M2 (com matura\u00e7\u00e3o);\u00a0<\/li>\n\n\n\n<li>M3 (promieloc\u00edtica);\u00a0<\/li>\n\n\n\n<li>M4 (mielomonoc\u00edtica);\u00a0<\/li>\n\n\n\n<li>M5 (monobl\u00e1stica);<\/li>\n\n\n\n<li>M6 (eritroleucemia);<\/li>\n\n\n\n<li>\u00a0M7 (megacariobl\u00e1stica).<\/li>\n<\/ul>\n\n\n\n<h3 class=\"wp-block-heading\" id=\"h-leucemia-linfoide-aguda-lla\"><span class=\"ez-toc-section\" id=\"Leucemia_Linfoide_Aguda_LLA\"><\/span><strong>Leucemia Linfoide Aguda (LLA)<\/strong><span class=\"ez-toc-section-end\"><\/span><\/h3>\n\n\n\n<p>A LLA \u00e9 o c\u00e2ncer mais comum na <strong>inf\u00e2ncia<\/strong>, com a maioria dos casos ocorrendo antes dos 6 anos. Os sintomas da LLA incluem <strong>fadiga, infec\u00e7\u00f5es, sangramentos ou hematomas, dor \u00f3ssea e artralgia<\/strong>, com poss\u00edvel presen\u00e7a de <strong>hepatoesplenomegalia<\/strong>. O diagn\u00f3stico \u00e9 feito com a presen\u00e7a de <strong>mais de 20% de linfoblastos<\/strong> no sangue perif\u00e9rico ou na medula \u00f3ssea. O progn\u00f3stico da LLA varia significativamente com a idade: <strong>a taxa de cura em crian\u00e7as \u00e9 alta <\/strong>(90%), mas em adultos com mais de 20 anos, a taxa de cura cai para cerca de 40%. A <strong>imunofenotipagem<\/strong> \u00e9 crucial para identificar a linhagem celular, com marcadores como <strong>CD19 e CD20 para a linhagem B, e CD3 para a linhagem T.<\/strong>&nbsp;<\/p>\n\n\n\n<figure class=\"wp-block-image\"><img decoding=\"async\" src=\"https:\/\/lh7-rt.googleusercontent.com\/docsz\/AD_4nXesWtUO7LeG4u-SQ68aGu8MVYd-Nj93FnJ32TG-HBsLbMMVkhejgI9V4AY7nZYdn0K7OatrKlfAx5ILYoafMyKZ6OWNBWNV57PUTN70Kh8X7RdmVCeyyE3z5BCVisT_ILLmeyOnmw?key=tLMGfdOEzWyGGOGRwRS7MQ\" alt=\"\"\/><figcaption class=\"wp-element-caption\">Estratifica\u00e7\u00e3o do risco conforme o achado de altera\u00e7\u00e3o gen\u00e9tica. Fonte: Leucemia Mieloide aguda (LMA): Sintomas e Diagn\u00f3stico | Dasa Gen\u00f4mica <a href=\"https:\/\/share.google\/zuIjL0FRWdzu28hZD\">https:\/\/share.google\/zuIjL0FRWdzu28hZD<\/a>\u00a0<\/figcaption><\/figure>\n\n\n\n<p>Al\u00e9m disso, podemos destacar que a LLA de <strong>baixo risco<\/strong> geralmente apresenta leuc\u00f3citos <strong>menores que 50.000 ao diagn\u00f3stico<\/strong>, idade entre 1 e 10 anos, e altera\u00e7\u00f5es citogen\u00e9ticas favor\u00e1veis, como a <strong>trissomia dos cromossomos 4 e 10<\/strong>.<\/p>\n\n\n\n<h3 class=\"wp-block-heading\" id=\"h-leucemia-promielocitica-aguda-lpa\"><span class=\"ez-toc-section\" id=\"Leucemia_Promielocitica_Aguda_LPA\"><\/span><strong>Leucemia Promieloc\u00edtica Aguda (LPA)<\/strong><span class=\"ez-toc-section-end\"><\/span><\/h3>\n\n\n\n<p>A LPA \u00e9 um <strong>subtipo espec\u00edfico da LMA (M3)<\/strong> e \u00e9 considerada uma <strong>emerg\u00eancia m\u00e9dica<\/strong>. Ela \u00e9 caracterizada pela <strong>transloca\u00e7\u00e3o balanceada entre os cromossomos 15 e 17,<\/strong> que resulta no gene de fus\u00e3o <strong>PML-RARA<\/strong>. Esse gene est\u00e1 fortemente relacionado a problemas de coagula\u00e7\u00e3o, como <strong>plaquetopenia<\/strong>, <strong>hiperfibrin\u00f3lise<\/strong> e <strong>coagula\u00e7\u00e3o intravascular disseminada (CIVD).<\/strong> A LPA representa entre 5% e 20% dos casos de LMA e \u00e9 mais comum em <strong>adultos jovens<\/strong>. Apesar de sua gravidade, a LPA \u00e9 o subtipo de LMA com o <strong>melhor progn\u00f3stico e a maior taxa de cura. <\/strong>O tratamento \u00e9 not\u00e1vel: a combina\u00e7\u00e3o de ATRA (\u00e1cido all-trans-retin\u00f3ico) com quimioterapia promove a cura em 80% dos pacientes.<\/p>\n\n\n\n<figure class=\"wp-block-image is-resized\"><img decoding=\"async\" src=\"https:\/\/lh7-rt.googleusercontent.com\/docsz\/AD_4nXcmaalVO-QNlAQmpHXkJxzPvmCgZSbYgokbmpbZuxkGD7VqRPFF4JfAIgevaThls9Dp9CVO5vCFNb7lotaHoHX7ss-X8ce5SGf1Xtw0g1dwcZ4ty7bEZq8zendLI-pTB7wgDs2t?key=tLMGfdOEzWyGGOGRwRS7MQ\" alt=\"\" style=\"width:696px;height:auto\"\/><figcaption class=\"wp-element-caption\">Fonte: <a href=\"https:\/\/doi.org\/10.1590\/S1516-84842009005000088\">https:\/\/doi.org\/10.1590\/S1516-84842009005000088<\/a>\u00a0<\/figcaption><\/figure>\n\n\n\n<h3 class=\"wp-block-heading\" id=\"h-leucemia-linfocitica-cronica-llc\"><span class=\"ez-toc-section\" id=\"Leucemia_Linfocitica_Cronica_LLC\"><\/span><strong>Leucemia Linfoc\u00edtica Cr\u00f4nica (LLC)<\/strong><span class=\"ez-toc-section-end\"><\/span><\/h3>\n\n\n\n<p>A LLC \u00e9 a leucemia mais comum em <strong>adultos e idosos<\/strong>. Cerca de 30% dos casos ocorrem em homens idosos. A LLC \u00e9 uma <strong>doen\u00e7a cr\u00f4nica<\/strong>, e a maioria dos pacientes \u00e9 <strong>assintom\u00e1tica<\/strong> no momento do diagn\u00f3stico. O diagn\u00f3stico \u00e9 baseado na presen\u00e7a de uma <strong>linfocitose monoclonal,<\/strong> com contagem de linf\u00f3citos <strong>superior a 5.000\/mm\u00b3.<\/strong> O diagn\u00f3stico de LLC <strong>n\u00e3o requer uma avalia\u00e7\u00e3o da medula \u00f3ssea<\/strong>.<\/p>\n\n\n\n<figure class=\"wp-block-image\"><img decoding=\"async\" src=\"https:\/\/lh7-rt.googleusercontent.com\/docsz\/AD_4nXdHKQbtHgeE2hEdKPDuFY7SnJQXig5_vBmo8M2VsbfSI5ryqGjKcAiC0N3gbSqWnyS9HGlfWOue8meD03Jw_Vz8oyn5oaHc6BIhVmF2AGnVh5s9ryMqDWe02HM_8_8NtZrib8fdgA?key=tLMGfdOEzWyGGOGRwRS7MQ\" alt=\"\"\/><figcaption class=\"wp-element-caption\">Fonte: <a href=\"https:\/\/doi.org\/10.1590\/S1516-84842005000400003\">https:\/\/doi.org\/10.1590\/S1516-84842005000400003<\/a>\u00a0<\/figcaption><\/figure>\n\n\n\n<p>Os sinais e sintomas podem incluir <strong>linfonodomegalias discretas, infec\u00e7\u00f5es recorrentes<\/strong> (especialmente de vias a\u00e9reas) e <strong>fen\u00f4menos autoimunes<\/strong>, como AHAI e PTI. Segundo os crit\u00e9rios do iwCLL, o <strong>tratamento \u00e9 indicado para pacientes com sintomas<\/strong> B (febre, sudorese noturna, perda de peso), esplenomegalia maci\u00e7a, linfocitose progressiva, citopenias autoimunes refrat\u00e1rias a corticoides ou crescimento linfonodal r\u00e1pido.<\/p>\n\n\n\n<h2 class=\"wp-block-heading\" id=\"o-m\u00e9todo-que-te-aprova\"><span class=\"ez-toc-section\" id=\"O_metodo_que_te_aprova\"><\/span><strong>O m\u00e9todo que te aprova!<\/strong><span class=\"ez-toc-section-end\"><\/span><\/h2>\n\n\n\n<p>Quer alcan\u00e7ar a aprova\u00e7\u00e3o nas provas de resid\u00eancia m\u00e9dica? Ent\u00e3o seja um&nbsp;<a href=\"https:\/\/www.grupomedcof.com.br\/home\/\" target=\"_blank\" rel=\"noreferrer noopener\">MedCofer<\/a>! Aqui te ajudaremos na busca da aprova\u00e7\u00e3o com conte\u00fados de qualidade e uma&nbsp;<a href=\"https:\/\/www.grupomedcof.com.br\/blog\/presenca-da-medcof-nas-aprovacoes-em-residencia-medica-no-brasil\/\" target=\"_blank\" rel=\"noreferrer noopener\">metodologia que j\u00e1 aprovou mais de 20 mil residentes no pa\u00eds!&nbsp;<\/a>Por fim, acesse o nosso<a href=\"https:\/\/www.youtube.com\/@GrupoMedcof\/featured\" target=\"_blank\" rel=\"noreferrer noopener\">&nbsp;<strong>canal do youtube&nbsp;<\/strong><\/a>para ver o nosso material.<\/p>\n\n\n\n<figure class=\"wp-block-embed is-type-video is-provider-youtube wp-block-embed-youtube wp-embed-aspect-16-9 wp-has-aspect-ratio\"><div class=\"wp-block-embed__wrapper\">\n<div class=\"youtube-embed\" data-video_id=\"9fXd10GBPUs\"><iframe loading=\"lazy\" title=\"COFEXPRESS - Leucemias. Com Dra. Carolina Perrone\" width=\"696\" height=\"392\" src=\"https:\/\/www.youtube.com\/embed\/9fXd10GBPUs?feature=oembed&#038;enablejsapi=1\" frameborder=\"0\" allow=\"accelerometer; autoplay; clipboard-write; encrypted-media; gyroscope; picture-in-picture; web-share\" referrerpolicy=\"strict-origin-when-cross-origin\" allowfullscreen><\/iframe><\/div>\n<\/div><\/figure>\n","protected":false},"excerpt":{"rendered":"<p>Entenda os principais tipos de leucemias, sinais e sintomas, diagn\u00f3sticos, como tratar. Veja tudo no Blog MedCof!<\/p>\n","protected":false},"author":21,"featured_media":37257,"comment_status":"closed","ping_status":"closed","sticky":false,"template":"","format":"standard","meta":{"footnotes":""},"categories":[2600],"tags":[2562,3105],"ppma_author":[3617],"class_list":{"0":"post-37256","1":"post","2":"type-post","3":"status-publish","4":"format-standard","5":"has-post-thumbnail","7":"category-hematologia","8":"tag-leucemia","9":"tag-tipos-de-leucemia"},"yoast_head":"<!-- This site is optimized with the Yoast SEO Premium plugin v24.3 (Yoast SEO v27.4) - https:\/\/yoast.com\/product\/yoast-seo-premium-wordpress\/ -->\n<title>Leucemia: classifica\u00e7\u00e3o, diagn\u00f3stico, tratamento e mais! - Blog de Medcof: conte\u00fados, editais, revalida e mais!<\/title>\n<meta name=\"description\" content=\"Entenda os principais tipos de leucemias, sinais e sintomas, diagn\u00f3sticos, como tratar. Veja tudo no Blog MedCof!\" \/>\n<meta name=\"robots\" content=\"index, follow, max-snippet:-1, max-image-preview:large, max-video-preview:-1\" \/>\n<link rel=\"canonical\" href=\"https:\/\/www.grupomedcof.com.br\/blog\/leucemia-classificacao-diagnostico-tratamento-e-mais\/\" \/>\n<meta property=\"og:locale\" content=\"pt_BR\" \/>\n<meta property=\"og:type\" content=\"article\" \/>\n<meta property=\"og:title\" content=\"Leucemia: classifica\u00e7\u00e3o, diagn\u00f3stico, tratamento e mais!\" \/>\n<meta property=\"og:description\" content=\"Entenda os principais tipos de leucemias, sinais e sintomas, diagn\u00f3sticos, como tratar. Veja tudo no Blog MedCof!\" \/>\n<meta property=\"og:url\" content=\"https:\/\/www.grupomedcof.com.br\/blog\/leucemia-classificacao-diagnostico-tratamento-e-mais\/\" \/>\n<meta property=\"og:site_name\" content=\"Blog de Medcof: conte\u00fados, editais, revalida e mais!\" \/>\n<meta property=\"article:publisher\" content=\"https:\/\/www.facebook.com\/MedCofQbank\/\" \/>\n<meta property=\"article:published_time\" content=\"2025-08-22T12:35:29+00:00\" \/>\n<meta property=\"article:modified_time\" content=\"2025-08-22T12:35:30+00:00\" \/>\n<meta property=\"og:image\" content=\"https:\/\/www.grupomedcof.com.br\/blog\/wp-content\/uploads\/2025\/08\/Blog-MedCof-2025-08-22T093118.937.jpg\" \/>\n\t<meta property=\"og:image:width\" content=\"1920\" \/>\n\t<meta property=\"og:image:height\" content=\"1080\" \/>\n\t<meta property=\"og:image:type\" content=\"image\/jpeg\" \/>\n<meta name=\"author\" content=\"Kiara Adelino\" \/>\n<meta name=\"twitter:card\" content=\"summary_large_image\" \/>\n<meta name=\"twitter:label1\" content=\"Escrito por\" \/>\n\t<meta name=\"twitter:data1\" content=\"Kiara Adelino\" \/>\n\t<meta name=\"twitter:label2\" content=\"Est. tempo de leitura\" \/>\n\t<meta name=\"twitter:data2\" content=\"7 minutos\" \/>\n<script type=\"application\/ld+json\" class=\"yoast-schema-graph\">{\"@context\":\"https:\\\/\\\/schema.org\",\"@graph\":[{\"@type\":\"Article\",\"@id\":\"https:\\\/\\\/www.grupomedcof.com.br\\\/blog\\\/leucemia-classificacao-diagnostico-tratamento-e-mais\\\/#article\",\"isPartOf\":{\"@id\":\"https:\\\/\\\/www.grupomedcof.com.br\\\/blog\\\/leucemia-classificacao-diagnostico-tratamento-e-mais\\\/\"},\"author\":{\"name\":\"Kiara Adelino\",\"@id\":\"https:\\\/\\\/www.grupomedcof.com.br\\\/blog\\\/#\\\/schema\\\/person\\\/db19a651f86c5fc202d6eee744fd3292\"},\"headline\":\"Leucemia: classifica\u00e7\u00e3o, diagn\u00f3stico, tratamento e mais!\",\"datePublished\":\"2025-08-22T12:35:29+00:00\",\"dateModified\":\"2025-08-22T12:35:30+00:00\",\"mainEntityOfPage\":{\"@id\":\"https:\\\/\\\/www.grupomedcof.com.br\\\/blog\\\/leucemia-classificacao-diagnostico-tratamento-e-mais\\\/\"},\"wordCount\":989,\"publisher\":{\"@id\":\"https:\\\/\\\/www.grupomedcof.com.br\\\/blog\\\/#organization\"},\"image\":{\"@id\":\"https:\\\/\\\/www.grupomedcof.com.br\\\/blog\\\/leucemia-classificacao-diagnostico-tratamento-e-mais\\\/#primaryimage\"},\"thumbnailUrl\":\"https:\\\/\\\/www.grupomedcof.com.br\\\/blog\\\/wp-content\\\/uploads\\\/2025\\\/08\\\/Blog-MedCof-2025-08-22T093118.937.jpg\",\"keywords\":[\"Leucemia\",\"Tipos de Leucemia\"],\"articleSection\":[\"Hematologia\"],\"inLanguage\":\"pt-BR\"},{\"@type\":\"WebPage\",\"@id\":\"https:\\\/\\\/www.grupomedcof.com.br\\\/blog\\\/leucemia-classificacao-diagnostico-tratamento-e-mais\\\/\",\"url\":\"https:\\\/\\\/www.grupomedcof.com.br\\\/blog\\\/leucemia-classificacao-diagnostico-tratamento-e-mais\\\/\",\"name\":\"Leucemia: classifica\u00e7\u00e3o, diagn\u00f3stico, tratamento e mais! - Blog de Medcof: conte\u00fados, editais, revalida e mais!\",\"isPartOf\":{\"@id\":\"https:\\\/\\\/www.grupomedcof.com.br\\\/blog\\\/#website\"},\"primaryImageOfPage\":{\"@id\":\"https:\\\/\\\/www.grupomedcof.com.br\\\/blog\\\/leucemia-classificacao-diagnostico-tratamento-e-mais\\\/#primaryimage\"},\"image\":{\"@id\":\"https:\\\/\\\/www.grupomedcof.com.br\\\/blog\\\/leucemia-classificacao-diagnostico-tratamento-e-mais\\\/#primaryimage\"},\"thumbnailUrl\":\"https:\\\/\\\/www.grupomedcof.com.br\\\/blog\\\/wp-content\\\/uploads\\\/2025\\\/08\\\/Blog-MedCof-2025-08-22T093118.937.jpg\",\"datePublished\":\"2025-08-22T12:35:29+00:00\",\"dateModified\":\"2025-08-22T12:35:30+00:00\",\"description\":\"Entenda os principais tipos de leucemias, sinais e sintomas, diagn\u00f3sticos, como tratar. Veja tudo no Blog MedCof!\",\"breadcrumb\":{\"@id\":\"https:\\\/\\\/www.grupomedcof.com.br\\\/blog\\\/leucemia-classificacao-diagnostico-tratamento-e-mais\\\/#breadcrumb\"},\"inLanguage\":\"pt-BR\",\"potentialAction\":[{\"@type\":\"ReadAction\",\"target\":[\"https:\\\/\\\/www.grupomedcof.com.br\\\/blog\\\/leucemia-classificacao-diagnostico-tratamento-e-mais\\\/\"]}]},{\"@type\":\"ImageObject\",\"inLanguage\":\"pt-BR\",\"@id\":\"https:\\\/\\\/www.grupomedcof.com.br\\\/blog\\\/leucemia-classificacao-diagnostico-tratamento-e-mais\\\/#primaryimage\",\"url\":\"https:\\\/\\\/www.grupomedcof.com.br\\\/blog\\\/wp-content\\\/uploads\\\/2025\\\/08\\\/Blog-MedCof-2025-08-22T093118.937.jpg\",\"contentUrl\":\"https:\\\/\\\/www.grupomedcof.com.br\\\/blog\\\/wp-content\\\/uploads\\\/2025\\\/08\\\/Blog-MedCof-2025-08-22T093118.937.jpg\",\"width\":1920,\"height\":1080},{\"@type\":\"BreadcrumbList\",\"@id\":\"https:\\\/\\\/www.grupomedcof.com.br\\\/blog\\\/leucemia-classificacao-diagnostico-tratamento-e-mais\\\/#breadcrumb\",\"itemListElement\":[{\"@type\":\"ListItem\",\"position\":1,\"name\":\"In\u00edcio\",\"item\":\"https:\\\/\\\/www.grupomedcof.com.br\\\/blog\\\/\"},{\"@type\":\"ListItem\",\"position\":2,\"name\":\"Leucemia: classifica\u00e7\u00e3o, diagn\u00f3stico, tratamento e mais!\"}]},{\"@type\":\"WebSite\",\"@id\":\"https:\\\/\\\/www.grupomedcof.com.br\\\/blog\\\/#website\",\"url\":\"https:\\\/\\\/www.grupomedcof.com.br\\\/blog\\\/\",\"name\":\"Blog de Medcof: conte\u00fados, editais, revalida e mais!\",\"description\":\"Acesso o blog de MedCof! Seu portal de conte\u00fados sobre resid\u00eancia m\u00e9dica, an\u00e1lise e editais e muito mais. Clique e confira!\",\"publisher\":{\"@id\":\"https:\\\/\\\/www.grupomedcof.com.br\\\/blog\\\/#organization\"},\"alternateName\":\"Blog de Medcof: conte\u00fados, editais, revalida e mais!\",\"potentialAction\":[{\"@type\":\"SearchAction\",\"target\":{\"@type\":\"EntryPoint\",\"urlTemplate\":\"https:\\\/\\\/www.grupomedcof.com.br\\\/blog\\\/?s={search_term_string}\"},\"query-input\":{\"@type\":\"PropertyValueSpecification\",\"valueRequired\":true,\"valueName\":\"search_term_string\"}}],\"inLanguage\":\"pt-BR\"},{\"@type\":\"Organization\",\"@id\":\"https:\\\/\\\/www.grupomedcof.com.br\\\/blog\\\/#organization\",\"name\":\"Grupo MedCof\",\"url\":\"https:\\\/\\\/www.grupomedcof.com.br\\\/blog\\\/\",\"logo\":{\"@type\":\"ImageObject\",\"inLanguage\":\"pt-BR\",\"@id\":\"https:\\\/\\\/www.grupomedcof.com.br\\\/blog\\\/#\\\/schema\\\/logo\\\/image\\\/\",\"url\":\"https:\\\/\\\/www.grupomedcof.com.br\\\/blog\\\/wp-content\\\/uploads\\\/2022\\\/01\\\/logo-medcof.png\",\"contentUrl\":\"https:\\\/\\\/www.grupomedcof.com.br\\\/blog\\\/wp-content\\\/uploads\\\/2022\\\/01\\\/logo-medcof.png\",\"width\":768,\"height\":269,\"caption\":\"Grupo MedCof\"},\"image\":{\"@id\":\"https:\\\/\\\/www.grupomedcof.com.br\\\/blog\\\/#\\\/schema\\\/logo\\\/image\\\/\"},\"sameAs\":[\"https:\\\/\\\/www.facebook.com\\\/MedCofQbank\\\/\",\"https:\\\/\\\/www.instagram.com\\\/grupomedcof\\\/\",\"https:\\\/\\\/br.linkedin.com\\\/company\\\/medcof\",\"https:\\\/\\\/www.youtube.com\\\/channel\\\/UCdHMuOHKICxcHwecxN8P-AA\"]},{\"@type\":\"Person\",\"@id\":\"https:\\\/\\\/www.grupomedcof.com.br\\\/blog\\\/#\\\/schema\\\/person\\\/db19a651f86c5fc202d6eee744fd3292\",\"name\":\"Kiara Adelino\",\"image\":{\"@type\":\"ImageObject\",\"inLanguage\":\"pt-BR\",\"@id\":\"https:\\\/\\\/www.grupomedcof.com.br\\\/blog\\\/wp-content\\\/uploads\\\/2024\\\/08\\\/cropped-Kiara-Adelino2-96x96.jpega85663bdda67261f8f06f86e555e1e49\",\"url\":\"https:\\\/\\\/www.grupomedcof.com.br\\\/blog\\\/wp-content\\\/uploads\\\/2024\\\/08\\\/cropped-Kiara-Adelino2-96x96.jpeg\",\"contentUrl\":\"https:\\\/\\\/www.grupomedcof.com.br\\\/blog\\\/wp-content\\\/uploads\\\/2024\\\/08\\\/cropped-Kiara-Adelino2-96x96.jpeg\",\"caption\":\"Kiara Adelino\"},\"description\":\"Estudante do 5\u00b0 semestre de Medicina. Gosto bastante de aprender coisas novas, principalmente na \u00e1rea de Neurologia e Anatomia humana.\",\"url\":\"https:\\\/\\\/www.grupomedcof.com.br\\\/blog\\\/author\\\/kiara-adelino\\\/\"}]}<\/script>\n<!-- \/ Yoast SEO Premium plugin. -->","yoast_head_json":{"title":"Leucemia: classifica\u00e7\u00e3o, diagn\u00f3stico, tratamento e mais! - Blog de Medcof: conte\u00fados, editais, revalida e mais!","description":"Entenda os principais tipos de leucemias, sinais e sintomas, diagn\u00f3sticos, como tratar. Veja tudo no Blog MedCof!","robots":{"index":"index","follow":"follow","max-snippet":"max-snippet:-1","max-image-preview":"max-image-preview:large","max-video-preview":"max-video-preview:-1"},"canonical":"https:\/\/www.grupomedcof.com.br\/blog\/leucemia-classificacao-diagnostico-tratamento-e-mais\/","og_locale":"pt_BR","og_type":"article","og_title":"Leucemia: classifica\u00e7\u00e3o, diagn\u00f3stico, tratamento e mais!","og_description":"Entenda os principais tipos de leucemias, sinais e sintomas, diagn\u00f3sticos, como tratar. Veja tudo no Blog MedCof!","og_url":"https:\/\/www.grupomedcof.com.br\/blog\/leucemia-classificacao-diagnostico-tratamento-e-mais\/","og_site_name":"Blog de Medcof: conte\u00fados, editais, revalida e mais!","article_publisher":"https:\/\/www.facebook.com\/MedCofQbank\/","article_published_time":"2025-08-22T12:35:29+00:00","article_modified_time":"2025-08-22T12:35:30+00:00","og_image":[{"width":1920,"height":1080,"url":"https:\/\/www.grupomedcof.com.br\/blog\/wp-content\/uploads\/2025\/08\/Blog-MedCof-2025-08-22T093118.937.jpg","type":"image\/jpeg"}],"author":"Kiara Adelino","twitter_card":"summary_large_image","twitter_misc":{"Escrito por":"Kiara Adelino","Est. tempo de leitura":"7 minutos"},"schema":{"@context":"https:\/\/schema.org","@graph":[{"@type":"Article","@id":"https:\/\/www.grupomedcof.com.br\/blog\/leucemia-classificacao-diagnostico-tratamento-e-mais\/#article","isPartOf":{"@id":"https:\/\/www.grupomedcof.com.br\/blog\/leucemia-classificacao-diagnostico-tratamento-e-mais\/"},"author":{"name":"Kiara Adelino","@id":"https:\/\/www.grupomedcof.com.br\/blog\/#\/schema\/person\/db19a651f86c5fc202d6eee744fd3292"},"headline":"Leucemia: classifica\u00e7\u00e3o, diagn\u00f3stico, tratamento e mais!","datePublished":"2025-08-22T12:35:29+00:00","dateModified":"2025-08-22T12:35:30+00:00","mainEntityOfPage":{"@id":"https:\/\/www.grupomedcof.com.br\/blog\/leucemia-classificacao-diagnostico-tratamento-e-mais\/"},"wordCount":989,"publisher":{"@id":"https:\/\/www.grupomedcof.com.br\/blog\/#organization"},"image":{"@id":"https:\/\/www.grupomedcof.com.br\/blog\/leucemia-classificacao-diagnostico-tratamento-e-mais\/#primaryimage"},"thumbnailUrl":"https:\/\/www.grupomedcof.com.br\/blog\/wp-content\/uploads\/2025\/08\/Blog-MedCof-2025-08-22T093118.937.jpg","keywords":["Leucemia","Tipos de Leucemia"],"articleSection":["Hematologia"],"inLanguage":"pt-BR"},{"@type":"WebPage","@id":"https:\/\/www.grupomedcof.com.br\/blog\/leucemia-classificacao-diagnostico-tratamento-e-mais\/","url":"https:\/\/www.grupomedcof.com.br\/blog\/leucemia-classificacao-diagnostico-tratamento-e-mais\/","name":"Leucemia: classifica\u00e7\u00e3o, diagn\u00f3stico, tratamento e mais! - Blog de Medcof: conte\u00fados, editais, revalida e mais!","isPartOf":{"@id":"https:\/\/www.grupomedcof.com.br\/blog\/#website"},"primaryImageOfPage":{"@id":"https:\/\/www.grupomedcof.com.br\/blog\/leucemia-classificacao-diagnostico-tratamento-e-mais\/#primaryimage"},"image":{"@id":"https:\/\/www.grupomedcof.com.br\/blog\/leucemia-classificacao-diagnostico-tratamento-e-mais\/#primaryimage"},"thumbnailUrl":"https:\/\/www.grupomedcof.com.br\/blog\/wp-content\/uploads\/2025\/08\/Blog-MedCof-2025-08-22T093118.937.jpg","datePublished":"2025-08-22T12:35:29+00:00","dateModified":"2025-08-22T12:35:30+00:00","description":"Entenda os principais tipos de leucemias, sinais e sintomas, diagn\u00f3sticos, como tratar. Veja tudo no Blog MedCof!","breadcrumb":{"@id":"https:\/\/www.grupomedcof.com.br\/blog\/leucemia-classificacao-diagnostico-tratamento-e-mais\/#breadcrumb"},"inLanguage":"pt-BR","potentialAction":[{"@type":"ReadAction","target":["https:\/\/www.grupomedcof.com.br\/blog\/leucemia-classificacao-diagnostico-tratamento-e-mais\/"]}]},{"@type":"ImageObject","inLanguage":"pt-BR","@id":"https:\/\/www.grupomedcof.com.br\/blog\/leucemia-classificacao-diagnostico-tratamento-e-mais\/#primaryimage","url":"https:\/\/www.grupomedcof.com.br\/blog\/wp-content\/uploads\/2025\/08\/Blog-MedCof-2025-08-22T093118.937.jpg","contentUrl":"https:\/\/www.grupomedcof.com.br\/blog\/wp-content\/uploads\/2025\/08\/Blog-MedCof-2025-08-22T093118.937.jpg","width":1920,"height":1080},{"@type":"BreadcrumbList","@id":"https:\/\/www.grupomedcof.com.br\/blog\/leucemia-classificacao-diagnostico-tratamento-e-mais\/#breadcrumb","itemListElement":[{"@type":"ListItem","position":1,"name":"In\u00edcio","item":"https:\/\/www.grupomedcof.com.br\/blog\/"},{"@type":"ListItem","position":2,"name":"Leucemia: classifica\u00e7\u00e3o, diagn\u00f3stico, tratamento e mais!"}]},{"@type":"WebSite","@id":"https:\/\/www.grupomedcof.com.br\/blog\/#website","url":"https:\/\/www.grupomedcof.com.br\/blog\/","name":"Blog de Medcof: conte\u00fados, editais, revalida e mais!","description":"Acesso o blog de MedCof! Seu portal de conte\u00fados sobre resid\u00eancia m\u00e9dica, an\u00e1lise e editais e muito mais. Clique e confira!","publisher":{"@id":"https:\/\/www.grupomedcof.com.br\/blog\/#organization"},"alternateName":"Blog de Medcof: conte\u00fados, editais, revalida e mais!","potentialAction":[{"@type":"SearchAction","target":{"@type":"EntryPoint","urlTemplate":"https:\/\/www.grupomedcof.com.br\/blog\/?s={search_term_string}"},"query-input":{"@type":"PropertyValueSpecification","valueRequired":true,"valueName":"search_term_string"}}],"inLanguage":"pt-BR"},{"@type":"Organization","@id":"https:\/\/www.grupomedcof.com.br\/blog\/#organization","name":"Grupo MedCof","url":"https:\/\/www.grupomedcof.com.br\/blog\/","logo":{"@type":"ImageObject","inLanguage":"pt-BR","@id":"https:\/\/www.grupomedcof.com.br\/blog\/#\/schema\/logo\/image\/","url":"https:\/\/www.grupomedcof.com.br\/blog\/wp-content\/uploads\/2022\/01\/logo-medcof.png","contentUrl":"https:\/\/www.grupomedcof.com.br\/blog\/wp-content\/uploads\/2022\/01\/logo-medcof.png","width":768,"height":269,"caption":"Grupo MedCof"},"image":{"@id":"https:\/\/www.grupomedcof.com.br\/blog\/#\/schema\/logo\/image\/"},"sameAs":["https:\/\/www.facebook.com\/MedCofQbank\/","https:\/\/www.instagram.com\/grupomedcof\/","https:\/\/br.linkedin.com\/company\/medcof","https:\/\/www.youtube.com\/channel\/UCdHMuOHKICxcHwecxN8P-AA"]},{"@type":"Person","@id":"https:\/\/www.grupomedcof.com.br\/blog\/#\/schema\/person\/db19a651f86c5fc202d6eee744fd3292","name":"Kiara Adelino","image":{"@type":"ImageObject","inLanguage":"pt-BR","@id":"https:\/\/www.grupomedcof.com.br\/blog\/wp-content\/uploads\/2024\/08\/cropped-Kiara-Adelino2-96x96.jpega85663bdda67261f8f06f86e555e1e49","url":"https:\/\/www.grupomedcof.com.br\/blog\/wp-content\/uploads\/2024\/08\/cropped-Kiara-Adelino2-96x96.jpeg","contentUrl":"https:\/\/www.grupomedcof.com.br\/blog\/wp-content\/uploads\/2024\/08\/cropped-Kiara-Adelino2-96x96.jpeg","caption":"Kiara Adelino"},"description":"Estudante do 5\u00b0 semestre de Medicina. Gosto bastante de aprender coisas novas, principalmente na \u00e1rea de Neurologia e Anatomia humana.","url":"https:\/\/www.grupomedcof.com.br\/blog\/author\/kiara-adelino\/"}]}},"authors":[{"term_id":3617,"user_id":21,"is_guest":0,"slug":"kiara-adelino","display_name":"Kiara Adelino","avatar_url":"https:\/\/www.grupomedcof.com.br\/blog\/wp-content\/uploads\/2024\/08\/cropped-Kiara-Adelino2-96x96.jpeg","0":null,"1":"","2":"","3":"","4":"","5":"","6":"","7":"","8":""}],"_links":{"self":[{"href":"https:\/\/www.grupomedcof.com.br\/blog\/wp-json\/wp\/v2\/posts\/37256","targetHints":{"allow":["GET"]}}],"collection":[{"href":"https:\/\/www.grupomedcof.com.br\/blog\/wp-json\/wp\/v2\/posts"}],"about":[{"href":"https:\/\/www.grupomedcof.com.br\/blog\/wp-json\/wp\/v2\/types\/post"}],"author":[{"embeddable":true,"href":"https:\/\/www.grupomedcof.com.br\/blog\/wp-json\/wp\/v2\/users\/21"}],"replies":[{"embeddable":true,"href":"https:\/\/www.grupomedcof.com.br\/blog\/wp-json\/wp\/v2\/comments?post=37256"}],"version-history":[{"count":1,"href":"https:\/\/www.grupomedcof.com.br\/blog\/wp-json\/wp\/v2\/posts\/37256\/revisions"}],"predecessor-version":[{"id":37258,"href":"https:\/\/www.grupomedcof.com.br\/blog\/wp-json\/wp\/v2\/posts\/37256\/revisions\/37258"}],"wp:featuredmedia":[{"embeddable":true,"href":"https:\/\/www.grupomedcof.com.br\/blog\/wp-json\/wp\/v2\/media\/37257"}],"wp:attachment":[{"href":"https:\/\/www.grupomedcof.com.br\/blog\/wp-json\/wp\/v2\/media?parent=37256"}],"wp:term":[{"taxonomy":"category","embeddable":true,"href":"https:\/\/www.grupomedcof.com.br\/blog\/wp-json\/wp\/v2\/categories?post=37256"},{"taxonomy":"post_tag","embeddable":true,"href":"https:\/\/www.grupomedcof.com.br\/blog\/wp-json\/wp\/v2\/tags?post=37256"},{"taxonomy":"author","embeddable":true,"href":"https:\/\/www.grupomedcof.com.br\/blog\/wp-json\/wp\/v2\/ppma_author?post=37256"}],"curies":[{"name":"wp","href":"https:\/\/api.w.org\/{rel}","templated":true}]}}