{"id":37317,"date":"2025-08-26T18:11:00","date_gmt":"2025-08-26T21:11:00","guid":{"rendered":"https:\/\/www.grupomedcof.com.br\/blog\/?p=37317"},"modified":"2026-04-07T14:26:19","modified_gmt":"2026-04-07T17:26:19","slug":"lupus-eritematoso-sistemico","status":"publish","type":"post","link":"https:\/\/www.grupomedcof.com.br\/blog\/lupus-eritematoso-sistemico\/","title":{"rendered":"L\u00fapus eritematoso sist\u00eamico (LES): sintomas, diagn\u00f3stico e tratamento"},"content":{"rendered":"<div id=\"ez-toc-container\" class=\"ez-toc-v2_0_74 counter-hierarchy ez-toc-counter ez-toc-transparent ez-toc-container-direction\">\n<div class=\"ez-toc-title-container\">\n<p class=\"ez-toc-title\" style=\"cursor:inherit\">Sum\u00e1rio<\/p>\n<span class=\"ez-toc-title-toggle\"><a href=\"#\" class=\"ez-toc-pull-right ez-toc-btn ez-toc-btn-xs ez-toc-btn-default ez-toc-toggle\" aria-label=\"Alternar tabela de conte\u00fado\"><span class=\"ez-toc-js-icon-con\"><span class=\"\"><span class=\"eztoc-hide\" style=\"display:none;\">Toggle<\/span><span class=\"ez-toc-icon-toggle-span\"><svg style=\"fill: #999;color:#999\" xmlns=\"http:\/\/www.w3.org\/2000\/svg\" class=\"list-377408\" width=\"20px\" height=\"20px\" viewBox=\"0 0 24 24\" fill=\"none\"><path d=\"M6 6H4v2h2V6zm14 0H8v2h12V6zM4 11h2v2H4v-2zm16 0H8v2h12v-2zM4 16h2v2H4v-2zm16 0H8v2h12v-2z\" fill=\"currentColor\"><\/path><\/svg><svg style=\"fill: #999;color:#999\" class=\"arrow-unsorted-368013\" xmlns=\"http:\/\/www.w3.org\/2000\/svg\" width=\"10px\" height=\"10px\" viewBox=\"0 0 24 24\" version=\"1.2\" baseProfile=\"tiny\"><path d=\"M18.2 9.3l-6.2-6.3-6.2 6.3c-.2.2-.3.4-.3.7s.1.5.3.7c.2.2.4.3.7.3h11c.3 0 .5-.1.7-.3.2-.2.3-.5.3-.7s-.1-.5-.3-.7zM5.8 14.7l6.2 6.3 6.2-6.3c.2-.2.3-.5.3-.7s-.1-.5-.3-.7c-.2-.2-.4-.3-.7-.3h-11c-.3 0-.5.1-.7.3-.2.2-.3.5-.3.7s.1.5.3.7z\"\/><\/svg><\/span><\/span><\/span><\/a><\/span><\/div>\n<nav><ul class='ez-toc-list ez-toc-list-level-1 ' ><li class='ez-toc-page-1 ez-toc-heading-level-2'><a class=\"ez-toc-link ez-toc-heading-1\" href=\"https:\/\/www.grupomedcof.com.br\/blog\/lupus-eritematoso-sistemico\/#O_que_causa_o_lupus\" >O que causa o l\u00fapus?<\/a><\/li><li class='ez-toc-page-1 ez-toc-heading-level-2'><a class=\"ez-toc-link ez-toc-heading-2\" href=\"https:\/\/www.grupomedcof.com.br\/blog\/lupus-eritematoso-sistemico\/#Quais_sao_os_primeiros_sinais_de_lupus\" >Quais s\u00e3o os primeiros sinais de l\u00fapus?<\/a><\/li><li class='ez-toc-page-1 ez-toc-heading-level-2'><a class=\"ez-toc-link ez-toc-heading-3\" href=\"https:\/\/www.grupomedcof.com.br\/blog\/lupus-eritematoso-sistemico\/#Sintomas_do_LES\" >Sintomas do LES<\/a><ul class='ez-toc-list-level-3' ><li class='ez-toc-heading-level-3'><a class=\"ez-toc-link ez-toc-heading-4\" href=\"https:\/\/www.grupomedcof.com.br\/blog\/lupus-eritematoso-sistemico\/#Dor_nas_articulacoes_e_musculos\" >Dor nas articula\u00e7\u00f5es e m\u00fasculos<\/a><\/li><li class='ez-toc-page-1 ez-toc-heading-level-3'><a class=\"ez-toc-link ez-toc-heading-5\" href=\"https:\/\/www.grupomedcof.com.br\/blog\/lupus-eritematoso-sistemico\/#Alteracoes_na_pele_e_mucosas\" >Altera\u00e7\u00f5es na pele e mucosas<\/a><\/li><li class='ez-toc-page-1 ez-toc-heading-level-3'><a class=\"ez-toc-link ez-toc-heading-6\" href=\"https:\/\/www.grupomedcof.com.br\/blog\/lupus-eritematoso-sistemico\/#Comprometimento_pulmonar_e_cardiaco\" >Comprometimento pulmonar e card\u00edaco<\/a><\/li><li class='ez-toc-page-1 ez-toc-heading-level-3'><a class=\"ez-toc-link ez-toc-heading-7\" href=\"https:\/\/www.grupomedcof.com.br\/blog\/lupus-eritematoso-sistemico\/#Impactos_neurologicos_e_renais\" >Impactos neurol\u00f3gicos e renais<\/a><\/li><li class='ez-toc-page-1 ez-toc-heading-level-3'><a class=\"ez-toc-link ez-toc-heading-8\" href=\"https:\/\/www.grupomedcof.com.br\/blog\/lupus-eritematoso-sistemico\/#Outros_sintomas_frequentes\" >Outros sintomas frequentes<\/a><\/li><\/ul><\/li><li class='ez-toc-page-1 ez-toc-heading-level-2'><a class=\"ez-toc-link ez-toc-heading-9\" href=\"https:\/\/www.grupomedcof.com.br\/blog\/lupus-eritematoso-sistemico\/#Como_o_lupus_e_diagnosticado\" >Como o l\u00fapus \u00e9 diagnosticado?<\/a><\/li><li class='ez-toc-page-1 ez-toc-heading-level-2'><a class=\"ez-toc-link ez-toc-heading-10\" href=\"https:\/\/www.grupomedcof.com.br\/blog\/lupus-eritematoso-sistemico\/#Tratamento_para_o_lupus\" >Tratamento para o l\u00fapus<\/a><ul class='ez-toc-list-level-3' ><li class='ez-toc-heading-level-3'><a class=\"ez-toc-link ez-toc-heading-11\" href=\"https:\/\/www.grupomedcof.com.br\/blog\/lupus-eritematoso-sistemico\/#Casos_leves_e_moderados\" >Casos leves e moderados<\/a><\/li><li class='ez-toc-page-1 ez-toc-heading-level-3'><a class=\"ez-toc-link ez-toc-heading-12\" href=\"https:\/\/www.grupomedcof.com.br\/blog\/lupus-eritematoso-sistemico\/#Casos_graves_e_complicacoes\" >Casos graves e complica\u00e7\u00f5es<\/a><\/li><li class='ez-toc-page-1 ez-toc-heading-level-3'><a class=\"ez-toc-link ez-toc-heading-13\" href=\"https:\/\/www.grupomedcof.com.br\/blog\/lupus-eritematoso-sistemico\/#Medicamentos_e_acompanhamento_continuo\" >Medicamentos e acompanhamento cont\u00ednuo<\/a><\/li><\/ul><\/li><li class='ez-toc-page-1 ez-toc-heading-level-2'><a class=\"ez-toc-link ez-toc-heading-14\" href=\"https:\/\/www.grupomedcof.com.br\/blog\/lupus-eritematoso-sistemico\/#Quais_sao_os_4_tipos_de_lupus\" >Quais s\u00e3o os 4 tipos de l\u00fapus?<\/a><\/li><li class='ez-toc-page-1 ez-toc-heading-level-2'><a class=\"ez-toc-link ez-toc-heading-15\" href=\"https:\/\/www.grupomedcof.com.br\/blog\/lupus-eritematoso-sistemico\/#Alcance_seu_potencial_maximo_na_medicina_com_a_MedCof\" >Alcance seu potencial m\u00e1ximo na medicina com a MedCof<\/a><\/li><\/ul><\/nav><\/div>\n\n<figure class=\"wp-block-image size-large\"><img loading=\"lazy\" decoding=\"async\" width=\"1024\" height=\"576\" src=\"https:\/\/www.grupomedcof.com.br\/blog\/wp-content\/uploads\/2025\/08\/Blog-MedCof-2025-08-25T105830.132-1024x576.jpg\" alt=\"\" class=\"wp-image-37320\" srcset=\"https:\/\/www.grupomedcof.com.br\/blog\/wp-content\/uploads\/2025\/08\/Blog-MedCof-2025-08-25T105830.132-1024x576.jpg 1024w, https:\/\/www.grupomedcof.com.br\/blog\/wp-content\/uploads\/2025\/08\/Blog-MedCof-2025-08-25T105830.132-300x169.jpg 300w, https:\/\/www.grupomedcof.com.br\/blog\/wp-content\/uploads\/2025\/08\/Blog-MedCof-2025-08-25T105830.132-768x432.jpg 768w, https:\/\/www.grupomedcof.com.br\/blog\/wp-content\/uploads\/2025\/08\/Blog-MedCof-2025-08-25T105830.132-1536x864.jpg 1536w, https:\/\/www.grupomedcof.com.br\/blog\/wp-content\/uploads\/2025\/08\/Blog-MedCof-2025-08-25T105830.132-747x420.jpg 747w, https:\/\/www.grupomedcof.com.br\/blog\/wp-content\/uploads\/2025\/08\/Blog-MedCof-2025-08-25T105830.132-150x84.jpg 150w, https:\/\/www.grupomedcof.com.br\/blog\/wp-content\/uploads\/2025\/08\/Blog-MedCof-2025-08-25T105830.132-696x392.jpg 696w, https:\/\/www.grupomedcof.com.br\/blog\/wp-content\/uploads\/2025\/08\/Blog-MedCof-2025-08-25T105830.132-1068x601.jpg 1068w, https:\/\/www.grupomedcof.com.br\/blog\/wp-content\/uploads\/2025\/08\/Blog-MedCof-2025-08-25T105830.132.jpg 1920w\" sizes=\"auto, (max-width: 1024px) 100vw, 1024px\" \/><\/figure>\n\n\n\n<p>O <strong>L\u00fapus eritematoso sist\u00eamico<\/strong> (LES) \u00e9 uma <strong>doen\u00e7a autoimune cr\u00f4nica<\/strong>, em que o sistema imunol\u00f3gico <strong>ataca os pr\u00f3prios tecidos do corpo<\/strong>, provocando inflama\u00e7\u00e3o em \u00f3rg\u00e3os como pele, articula\u00e7\u00f5es, rins, c\u00e9rebro e cora\u00e7\u00e3o. As causas n\u00e3o s\u00e3o totalmente conhecidas, mas envolvem predisposi\u00e7\u00e3o gen\u00e9tica, fatores ambientais, hormonais e infecciosos.&nbsp;<\/p>\n\n\n\n<p>Os sintomas iniciais mais comuns incluem <strong>fadiga, febre, dores articulares e les\u00f5es na pele<\/strong>. Embora n\u00e3o tenha cura, o tratamento busca controlar a atividade da doen\u00e7a, aliviar os sintomas e prevenir complica\u00e7\u00f5es.<\/p>\n\n\n\n<h2 class=\"wp-block-heading\" id=\"h-o-que-causa-o-lupus\"><span class=\"ez-toc-section\" id=\"O_que_causa_o_lupus\"><\/span><strong>O que causa o l\u00fapus?<\/strong><span class=\"ez-toc-section-end\"><\/span><\/h2>\n\n\n\n<p>O <strong>l\u00fapus<\/strong> \u00e9 desencadeado por uma <strong>combina\u00e7\u00e3o de fatores<\/strong> gen\u00e9ticos, hormonais, ambientais e infecciosos. N\u00e3o h\u00e1 uma <strong>\u00fanica causa<\/strong> definida, mas sim uma <strong>intera\u00e7\u00e3o complexa<\/strong> entre <strong>predisposi\u00e7\u00e3o heredit\u00e1ria<\/strong> e <strong>gatilhos externos<\/strong>. A seguir, detalhamos os <strong>principais fatores<\/strong> associados ao desenvolvimento do <strong>LES<\/strong>:<\/p>\n\n\n\n<ul class=\"wp-block-list\">\n<li><strong>Fatores gen\u00e9ticos<\/strong>: hist\u00f3rico familiar de doen\u00e7as autoimunes aumenta o risco.<\/li>\n\n\n\n<li><strong>Fatores hormonais<\/strong>: o l\u00fapus \u00e9 mais prevalente em mulheres, especialmente em idade f\u00e9rtil, sugerindo uma influ\u00eancia dos horm\u00f4nios femininos.<\/li>\n\n\n\n<li><strong>Fatores ambientais<\/strong>: exposi\u00e7\u00e3o prolongada \u00e0 luz solar, polui\u00e7\u00e3o, estresse e tabagismo podem contribuir para o desencadeamento da doen\u00e7a.<\/li>\n\n\n\n<li><strong>Infec\u00e7\u00f5es virais<\/strong>: infec\u00e7\u00f5es como o Epstein-Barr v\u00edrus s\u00e3o apontadas como poss\u00edveis gatilhos.<\/li>\n\n\n\n<li><strong>Medicamentos<\/strong>: certos f\u00e1rmacos, como hidralazina e procainamida, podem induzir formas tempor\u00e1rias de l\u00fapus.<\/li>\n<\/ul>\n\n\n\n<h2 class=\"wp-block-heading\" id=\"h-quais-sao-os-primeiros-sinais-de-lupus\"><span class=\"ez-toc-section\" id=\"Quais_sao_os_primeiros_sinais_de_lupus\"><\/span><strong>Quais s\u00e3o os primeiros sinais de l\u00fapus?<\/strong><span class=\"ez-toc-section-end\"><\/span><\/h2>\n\n\n\n<p>O <strong>in\u00edcio do l\u00fapus<\/strong> pode ser <strong>sutil<\/strong> e os sintomas <strong>nem sempre<\/strong> s\u00e3o reconhecidos de imediato. Em muitos pacientes, os sinais iniciais s\u00e3o inespec\u00edficos e podem se confundir com outras condi\u00e7\u00f5es de sa\u00fade. Por isso, o diagn\u00f3stico pode demorar <strong>meses<\/strong> ou at\u00e9 <strong>anos<\/strong>. Os sintomas iniciais mais relatados incluem:<\/p>\n\n\n\n<ul class=\"wp-block-list\">\n<li><strong>Fadiga<\/strong> persistente e desproporcional ao esfor\u00e7o realizado.<\/li>\n\n\n\n<li><strong>Febre<\/strong> de origem indefinida, geralmente baixa e recorrente.<\/li>\n\n\n\n<li><strong>Dores articulares<\/strong> em m\u00faltiplas articula\u00e7\u00f5es, principalmente m\u00e3os, punhos e joelhos.<\/li>\n\n\n\n<li><strong>Erup\u00e7\u00f5es cut\u00e2neas<\/strong>, especialmente no rosto, em forma de &#8216;asa de borboleta&#8217;.<\/li>\n\n\n\n<li><strong>Sensibilidade \u00e0 luz solar<\/strong>, com surgimento ou piora de les\u00f5es na pele.<\/li>\n<\/ul>\n\n\n\n<h2 class=\"wp-block-heading\" id=\"h-sintomas-do-les\"><span class=\"ez-toc-section\" id=\"Sintomas_do_LES\"><\/span><strong>Sintomas do LES<\/strong><span class=\"ez-toc-section-end\"><\/span><\/h2>\n\n\n\n<p>O <strong>l\u00fapus eritematoso sist\u00eamico<\/strong> pode afetar <strong>m\u00faltiplos \u00f3rg\u00e3os e tecidos<\/strong>, e os sintomas variam conforme o sistema acometido. Eles podem surgir gradualmente ou de forma abrupta, e oscilar entre per\u00edodos de atividade e remiss\u00e3o.<\/p>\n\n\n\n<h3 class=\"wp-block-heading\" id=\"h-dor-nas-articulacoes-e-musculos\"><span class=\"ez-toc-section\" id=\"Dor_nas_articulacoes_e_musculos\"><\/span><strong>Dor nas articula\u00e7\u00f5es e m\u00fasculos<\/strong><span class=\"ez-toc-section-end\"><\/span><\/h3>\n\n\n\n<p>A <strong>dor articular<\/strong> \u00e9 um dos <strong>sintomas mais frequentes<\/strong> do LES, ocorrendo em cerca de <strong>90%<\/strong> dos pacientes. Essas <a href=\"https:\/\/www.grupomedcof.com.br\/blog\/dores-articulares-diagnostico-de-artrite-reumatoide-na-clinica-medica\/\"><strong>dores<\/strong><\/a> s\u00e3o geralmente sim\u00e9tricas, migrat\u00f3rias e podem vir acompanhadas de rigidez matinal. Apesar da intensidade, raramente causam deformidades.<\/p>\n\n\n\n<h3 class=\"wp-block-heading\" id=\"h-alteracoes-na-pele-e-mucosas\"><span class=\"ez-toc-section\" id=\"Alteracoes_na_pele_e_mucosas\"><\/span><strong>Altera\u00e7\u00f5es na pele e mucosas<\/strong><span class=\"ez-toc-section-end\"><\/span><\/h3>\n\n\n\n<p>As <strong>manifesta\u00e7\u00f5es cut\u00e2neas<\/strong> do LES s\u00e3o marcantes e variadas. O <strong>rash malar<\/strong> (vermelhid\u00e3o sobre as bochechas e nariz) \u00e9 cl\u00e1ssico, mas tamb\u00e9m s\u00e3o comuns les\u00f5es disc\u00f3ides, \u00falceras orais, queda de cabelo e hipersensibilidade \u00e0 luz solar.<\/p>\n\n\n\n<h3 class=\"wp-block-heading\" id=\"h-comprometimento-pulmonar-e-cardiaco\"><span class=\"ez-toc-section\" id=\"Comprometimento_pulmonar_e_cardiaco\"><\/span><strong>Comprometimento pulmonar e card\u00edaco<\/strong><span class=\"ez-toc-section-end\"><\/span><\/h3>\n\n\n\n<p>Pacientes com l\u00fapus podem desenvolver <strong>inflama\u00e7\u00f5es nas membranas<\/strong> que revestem <strong>pulm\u00f5es<\/strong> (pleurite) e <strong>cora\u00e7\u00e3o<\/strong> (pericardite). Al\u00e9m disso, h\u00e1 risco de <strong><a href=\"https:\/\/www.grupomedcof.com.br\/blog\/miocardite\/\" target=\"_blank\" rel=\"noreferrer noopener\">miocardite<\/a><\/strong>, hipertens\u00e3o pulmonar e, em casos graves, <a href=\"https:\/\/www.grupomedcof.com.br\/blog\/relembre-a-classificacao-de-insuficiencia-cardiaca\/\"><strong>insufici\u00eancia card\u00edaca<\/strong><\/a>.<\/p>\n\n\n\n<h3 class=\"wp-block-heading\" id=\"h-impactos-neurologicos-e-renais\"><span class=\"ez-toc-section\" id=\"Impactos_neurologicos_e_renais\"><\/span><strong>Impactos neurol\u00f3gicos e renais<\/strong><span class=\"ez-toc-section-end\"><\/span><\/h3>\n\n\n\n<p>O <strong>envolvimento neurol\u00f3gico<\/strong> pode se manifestar com dores de cabe\u00e7a, convuls\u00f5es, altera\u00e7\u00f5es cognitivas e psicose. J\u00e1 nos rins, a nefrite l\u00fapica \u00e9 uma das manifesta\u00e7\u00f5es mais graves, podendo levar \u00e0 insufici\u00eancia renal.<\/p>\n\n\n\n<h3 class=\"wp-block-heading\" id=\"h-outros-sintomas-frequentes\"><span class=\"ez-toc-section\" id=\"Outros_sintomas_frequentes\"><\/span><strong>Outros sintomas frequentes<\/strong><span class=\"ez-toc-section-end\"><\/span><\/h3>\n\n\n\n<p>Outras queixas incluem febre persistente, perda de peso involunt\u00e1ria, linfadenopatia, anemia, altera\u00e7\u00f5es visuais, entre outras. A variabilidade dos sintomas refor\u00e7a a necessidade de <strong>avalia\u00e7\u00e3o m\u00e9dica especializada<\/strong>.<\/p>\n\n\n\n<h2 class=\"wp-block-heading\" id=\"h-como-o-lupus-e-diagnosticado\"><span class=\"ez-toc-section\" id=\"Como_o_lupus_e_diagnosticado\"><\/span><strong>Como o l\u00fapus \u00e9 diagnosticado?<\/strong><span class=\"ez-toc-section-end\"><\/span><\/h2>\n\n\n\n<p>O <strong>diagn\u00f3stico<\/strong> do l\u00fapus \u00e9 um desafio <strong>cl\u00ednico<\/strong>, pois seus sintomas variam muito entre os pacientes e podem imitar outras doen\u00e7as. Por isso, o diagn\u00f3stico \u00e9 feito a partir da combina\u00e7\u00e3o de <strong>sinais cl\u00ednicos<\/strong> e <strong>exames laboratoriais<\/strong>, com base nos crit\u00e9rios estabelecidos pela <strong>EULAR\/ACR<\/strong> (European League Against Rheumatism\/American College of Rheumatology).<\/p>\n\n\n\n<p>Os principais exames utilizados s\u00e3o:<\/p>\n\n\n\n<ul class=\"wp-block-list\">\n<li><strong>FAN (fator antinuclear)<\/strong>: presente em mais de 95% dos casos ativos.<\/li>\n\n\n\n<li><strong>Anticorpos anti-DNA de cadeia dupla (anti-dsDNA) e anti-Sm<\/strong>: espec\u00edficos para o LES.<\/li>\n\n\n\n<li><strong>Anticorpos anti-Ro (SSA) e anti-La (SSB)<\/strong>: associados a manifesta\u00e7\u00f5es cut\u00e2neas e l\u00fapus neonatal.<\/li>\n\n\n\n<li><strong>Dosagem de complemento (C3 e C4)<\/strong>: n\u00edveis baixos indicam atividade da doen\u00e7a.<\/li>\n\n\n\n<li><strong>Hemograma completo<\/strong>: pode revelar anemia, leucopenia ou plaquetopenia.<\/li>\n\n\n\n<li><strong>Urina tipo 1 e fun\u00e7\u00e3o renal<\/strong>: fundamentais na detec\u00e7\u00e3o precoce da nefrite l\u00fapica.<\/li>\n\n\n\n<li><strong>Bi\u00f3psia renal<\/strong>: indicada quando h\u00e1 suspeita de comprometimento dos rins.<\/li>\n<\/ul>\n\n\n\n<p>\u00c9 importante lembrar que um <strong>FAN positivo<\/strong>, isoladamente, <strong>n\u00e3o confirma<\/strong> o diagn\u00f3stico de LES, pois pode estar presente em outras condi\u00e7\u00f5es autoimunes ou at\u00e9 em pessoas saud\u00e1veis.<\/p>\n\n\n\n<h2 class=\"wp-block-heading\" id=\"h-tratamento-para-o-lupus\"><span class=\"ez-toc-section\" id=\"Tratamento_para_o_lupus\"><\/span><strong>Tratamento para o l\u00fapus<\/strong><span class=\"ez-toc-section-end\"><\/span><\/h2>\n\n\n\n<p>O <strong>tratamento<\/strong> do l\u00fapus \u00e9 individualizado e depende da <strong>gravidade<\/strong> do quadro e dos <strong>\u00f3rg\u00e3os comprometidos<\/strong>.<\/p>\n\n\n\n<p>O objetivo \u00e9 controlar os sintomas, reduzir inflama\u00e7\u00f5es, prevenir complica\u00e7\u00f5es e promover qualidade de vida.<\/p>\n\n\n\n<p>O acompanhamento deve ser feito de forma <strong>cont\u00ednua e multidisciplinar<\/strong>, com o <a href=\"https:\/\/www.grupomedcof.com.br\/blog\/reumatologia\/\"><strong>reumatologista<\/strong><\/a> \u00e0 frente do cuidado.<\/p>\n\n\n\n<h3 class=\"wp-block-heading\" id=\"h-casos-leves-e-moderados\"><span class=\"ez-toc-section\" id=\"Casos_leves_e_moderados\"><\/span><strong>Casos leves e moderados<\/strong><span class=\"ez-toc-section-end\"><\/span><\/h3>\n\n\n\n<p>Pacientes com<strong> formas leves ou moderadas<\/strong> da doen\u00e7a geralmente apresentam sintomas cut\u00e2neos, articulares e fadiga. O tratamento inclui:<\/p>\n\n\n\n<ul class=\"wp-block-list\">\n<li><strong>Anti-inflamat\u00f3rios n\u00e3o esteroides (AINEs)<\/strong> para dor e inflama\u00e7\u00e3o.<\/li>\n\n\n\n<li><strong>Antimal\u00e1ricos<\/strong>, como a hidroxicloroquina, essencial no controle da doen\u00e7a.<\/li>\n\n\n\n<li><strong>Fotoprote\u00e7\u00e3o rigorosa<\/strong> com uso di\u00e1rio de <a href=\"https:\/\/www.grupomedcof.com.br\/blog\/qual-a-relacao-entre-lupus-e-a-luz-solar\/\"><strong>protetor solar<\/strong><\/a>.<\/li>\n\n\n\n<li><strong>Mudan\u00e7as no estilo de vida<\/strong>: alimenta\u00e7\u00e3o saud\u00e1vel, sono adequado, pr\u00e1tica de exerc\u00edcios f\u00edsicos leves.<\/li>\n<\/ul>\n\n\n\n<h3 class=\"wp-block-heading\" id=\"h-casos-graves-e-complicacoes\"><span class=\"ez-toc-section\" id=\"Casos_graves_e_complicacoes\"><\/span><strong>Casos graves e complica\u00e7\u00f5es<\/strong><span class=\"ez-toc-section-end\"><\/span><\/h3>\n\n\n\n<p>Quando h\u00e1 <strong>comprometimento de \u00f3rg\u00e3os vitais<\/strong> (rins, cora\u00e7\u00e3o, pulm\u00f5es ou sistema nervoso), o tratamento exige medicamentos mais potentes:<\/p>\n\n\n\n<ul class=\"wp-block-list\">\n<li><strong>Corticoides<\/strong> em doses elevadas, como a prednisona, usados por tempo limitado.<\/li>\n\n\n\n<li><strong>Imunossupressores<\/strong> como ciclofosfamida, micofenolato de mofetila e azatioprina.<\/li>\n\n\n\n<li><strong>Biol\u00f3gicos<\/strong> como o belimumabe e o rituximabe, indicados em casos refrat\u00e1rios.<\/li>\n\n\n\n<li><strong>Pulsoterapia<\/strong> com metilprednisolona intravenosa em situa\u00e7\u00f5es de emerg\u00eancia.<\/li>\n<\/ul>\n\n\n\n<h3 class=\"wp-block-heading\" id=\"h-medicamentos-e-acompanhamento-continuo\"><span class=\"ez-toc-section\" id=\"Medicamentos_e_acompanhamento_continuo\"><\/span><strong>Medicamentos e acompanhamento cont\u00ednuo<\/strong><span class=\"ez-toc-section-end\"><\/span><\/h3>\n\n\n\n<p>O l\u00fapus \u00e9 uma <strong>doen\u00e7a cr\u00f4nica<\/strong>, que exige seguimento constante com o <strong>reumatologista<\/strong>.<\/p>\n\n\n\n<p>A ades\u00e3o ao tratamento, a realiza\u00e7\u00e3o peri\u00f3dica de exames e o monitoramento de efeitos colaterais s\u00e3o <strong>fundamentais<\/strong> para evitar reca\u00eddas e garantir o bem-estar do paciente.<\/p>\n\n\n\n<h2 class=\"wp-block-heading\" id=\"h-quais-sao-os-4-tipos-de-lupus\"><span class=\"ez-toc-section\" id=\"Quais_sao_os_4_tipos_de_lupus\"><\/span><strong>Quais s\u00e3o os 4 tipos de l\u00fapus?<\/strong><span class=\"ez-toc-section-end\"><\/span><\/h2>\n\n\n\n<p>Al\u00e9m do LES, existem outras formas de manifesta\u00e7\u00e3o da doen\u00e7a, cada uma com caracter\u00edsticas espec\u00edficas:<\/p>\n\n\n\n<ol class=\"wp-block-list\">\n<li><strong>L\u00fapus eritematoso sist\u00eamico (LES)<\/strong><\/li>\n<\/ol>\n\n\n\n<p>\u00c9 o tipo mais comum e grave, afetando m\u00faltiplos \u00f3rg\u00e3os e sistemas.<\/p>\n\n\n\n<ol start=\"2\" class=\"wp-block-list\">\n<li><strong>L\u00fapus cut\u00e2neo<\/strong><\/li>\n<\/ol>\n\n\n\n<p>Restrito \u00e0 pele, pode se apresentar como les\u00f5es avermelhadas, especialmente em \u00e1reas expostas ao sol. Em alguns casos, pode evoluir para LES.<\/p>\n\n\n\n<ol start=\"3\" class=\"wp-block-list\">\n<li><strong>L\u00fapus induzido por drogas<\/strong><\/li>\n<\/ol>\n\n\n\n<p>Surge ap\u00f3s o uso de medicamentos espec\u00edficos. Os sintomas geralmente desaparecem ao interromper o uso.<\/p>\n\n\n\n<ol start=\"4\" class=\"wp-block-list\">\n<li><strong>L\u00fapus neonatal<\/strong><\/li>\n<\/ol>\n\n\n\n<p>Raro, ocorre em rec\u00e9m-nascidos de m\u00e3es com autoanticorpos (principalmente anti-Ro). Pode causar erup\u00e7\u00f5es cut\u00e2neas e, em casos mais graves, bloqueios card\u00edacos cong\u00eanitos.<\/p>\n\n\n\n<h2 class=\"wp-block-heading\" id=\"h-alcance-seu-potencial-maximo-na-medicina-com-a-medcof\"><span class=\"ez-toc-section\" id=\"Alcance_seu_potencial_maximo_na_medicina_com_a_MedCof\"><\/span><strong>Alcance seu potencial m\u00e1ximo na medicina com a MedCof<\/strong><span class=\"ez-toc-section-end\"><\/span><\/h2>\n\n\n\n<p>Quer alcan\u00e7ar a aprova\u00e7\u00e3o nas provas de <a href=\"https:\/\/www.grupomedcof.com.br\/blog\/o-que-e-residencia-medica\/\"><strong>resid\u00eancia m\u00e9dica<\/strong><\/a>? Ent\u00e3o seja um MedCofer e tenha a sua aprova\u00e7\u00e3o na resid\u00eancia m\u00e9dica. Aqui temos uma\u00a0 metodologia que j\u00e1 aprovou mais de <a href=\"https:\/\/www.grupomedcof.com.br\/blog\/presenca-da-medcof-nas-aprovacoes-em-residencia-medica-no-brasil\/\"><strong>20 mil residentes<\/strong><\/a> no pa\u00eds!<\/p>\n\n\n\n<figure class=\"wp-block-embed is-type-video is-provider-youtube wp-block-embed-youtube wp-embed-aspect-16-9 wp-has-aspect-ratio\"><div class=\"wp-block-embed__wrapper\">\n<div class=\"youtube-embed\" data-video_id=\"MgdS2q7Cy9w\"><iframe loading=\"lazy\" title=\"Espondiloartrites (reumatologia) com o Dr. Henrique Dalmolin\" width=\"696\" height=\"392\" src=\"https:\/\/www.youtube.com\/embed\/MgdS2q7Cy9w?feature=oembed&#038;enablejsapi=1\" frameborder=\"0\" allow=\"accelerometer; autoplay; clipboard-write; encrypted-media; gyroscope; picture-in-picture; web-share\" referrerpolicy=\"strict-origin-when-cross-origin\" allowfullscreen><\/iframe><\/div>\n<\/div><\/figure>\n","protected":false},"excerpt":{"rendered":"<p>Entenda o que \u00e9 o l\u00fapus eritematoso sist\u00eamico, como ele se manifesta, quais exames ajudam no diagn\u00f3stico e  as abordagens terap\u00eauticas mais indicadas.<\/p>\n","protected":false},"author":18,"featured_media":37320,"comment_status":"closed","ping_status":"closed","sticky":false,"template":"","format":"standard","meta":{"footnotes":""},"categories":[101],"tags":[3125,2563,3126,3127],"ppma_author":[3611],"class_list":{"0":"post-37317","1":"post","2":"type-post","3":"status-publish","4":"format-standard","5":"has-post-thumbnail","7":"category-reumatologia","8":"tag-les","9":"tag-lupus","10":"tag-lupus-eritematoso","11":"tag-lupus-sistemico"},"yoast_head":"<!-- This site is optimized with the Yoast SEO Premium plugin v24.3 (Yoast SEO v27.4) - https:\/\/yoast.com\/product\/yoast-seo-premium-wordpress\/ -->\n<title>L\u00fapus Sist\u00eamico (LES): o que \u00e9, sintomas e como tratar<\/title>\n<meta name=\"description\" content=\"Entenda o que \u00e9 o l\u00fapus eritematoso sist\u00eamico, como ele se manifesta, quais exames ajudam no diagn\u00f3stico e as abordagens terap\u00eauticas mais indicadas.\" \/>\n<meta name=\"robots\" content=\"index, follow, max-snippet:-1, max-image-preview:large, max-video-preview:-1\" \/>\n<link rel=\"canonical\" href=\"https:\/\/www.grupomedcof.com.br\/blog\/lupus-eritematoso-sistemico\/\" \/>\n<meta property=\"og:locale\" content=\"pt_BR\" \/>\n<meta property=\"og:type\" content=\"article\" \/>\n<meta property=\"og:title\" content=\"L\u00fapus eritematoso sist\u00eamico (LES): sintomas, diagn\u00f3stico e tratamento\" \/>\n<meta property=\"og:description\" content=\"Entenda o que \u00e9 o l\u00fapus eritematoso sist\u00eamico, como ele se manifesta, quais exames ajudam no diagn\u00f3stico e as abordagens terap\u00eauticas mais indicadas.\" \/>\n<meta property=\"og:url\" content=\"https:\/\/www.grupomedcof.com.br\/blog\/lupus-eritematoso-sistemico\/\" \/>\n<meta property=\"og:site_name\" content=\"Blog de Medcof: conte\u00fados, editais, revalida e mais!\" \/>\n<meta property=\"article:publisher\" content=\"https:\/\/www.facebook.com\/MedCofQbank\/\" \/>\n<meta property=\"article:published_time\" content=\"2025-08-26T21:11:00+00:00\" \/>\n<meta property=\"article:modified_time\" content=\"2026-04-07T17:26:19+00:00\" \/>\n<meta property=\"og:image\" content=\"https:\/\/www.grupomedcof.com.br\/blog\/wp-content\/uploads\/2025\/08\/Blog-MedCof-2025-08-25T105830.132.jpg\" \/>\n\t<meta property=\"og:image:width\" content=\"1920\" \/>\n\t<meta property=\"og:image:height\" content=\"1080\" \/>\n\t<meta property=\"og:image:type\" content=\"image\/jpeg\" \/>\n<meta name=\"author\" content=\"Leila Menzel\" \/>\n<meta name=\"twitter:card\" content=\"summary_large_image\" \/>\n<meta name=\"twitter:label1\" content=\"Escrito por\" \/>\n\t<meta name=\"twitter:data1\" content=\"Leila Menzel\" \/>\n\t<meta name=\"twitter:label2\" content=\"Est. tempo de leitura\" \/>\n\t<meta name=\"twitter:data2\" content=\"7 minutos\" \/>\n<script type=\"application\/ld+json\" class=\"yoast-schema-graph\">{\"@context\":\"https:\\\/\\\/schema.org\",\"@graph\":[{\"@type\":\"Article\",\"@id\":\"https:\\\/\\\/www.grupomedcof.com.br\\\/blog\\\/lupus-eritematoso-sistemico\\\/#article\",\"isPartOf\":{\"@id\":\"https:\\\/\\\/www.grupomedcof.com.br\\\/blog\\\/lupus-eritematoso-sistemico\\\/\"},\"author\":{\"name\":\"Leila Menzel\",\"@id\":\"https:\\\/\\\/www.grupomedcof.com.br\\\/blog\\\/#\\\/schema\\\/person\\\/2a5527209c17e7eb35bd6a4ebd5c7956\"},\"headline\":\"L\u00fapus eritematoso sist\u00eamico (LES): sintomas, diagn\u00f3stico e tratamento\",\"datePublished\":\"2025-08-26T21:11:00+00:00\",\"dateModified\":\"2026-04-07T17:26:19+00:00\",\"mainEntityOfPage\":{\"@id\":\"https:\\\/\\\/www.grupomedcof.com.br\\\/blog\\\/lupus-eritematoso-sistemico\\\/\"},\"wordCount\":1252,\"publisher\":{\"@id\":\"https:\\\/\\\/www.grupomedcof.com.br\\\/blog\\\/#organization\"},\"image\":{\"@id\":\"https:\\\/\\\/www.grupomedcof.com.br\\\/blog\\\/lupus-eritematoso-sistemico\\\/#primaryimage\"},\"thumbnailUrl\":\"https:\\\/\\\/www.grupomedcof.com.br\\\/blog\\\/wp-content\\\/uploads\\\/2025\\\/08\\\/Blog-MedCof-2025-08-25T105830.132.jpg\",\"keywords\":[\"LES\",\"L\u00fapus\",\"L\u00fapus eritematoso\",\"L\u00fapus sist\u00eamico\"],\"articleSection\":[\"Reumatologia\"],\"inLanguage\":\"pt-BR\"},{\"@type\":\"WebPage\",\"@id\":\"https:\\\/\\\/www.grupomedcof.com.br\\\/blog\\\/lupus-eritematoso-sistemico\\\/\",\"url\":\"https:\\\/\\\/www.grupomedcof.com.br\\\/blog\\\/lupus-eritematoso-sistemico\\\/\",\"name\":\"L\u00fapus Sist\u00eamico (LES): o que \u00e9, sintomas e como tratar\",\"isPartOf\":{\"@id\":\"https:\\\/\\\/www.grupomedcof.com.br\\\/blog\\\/#website\"},\"primaryImageOfPage\":{\"@id\":\"https:\\\/\\\/www.grupomedcof.com.br\\\/blog\\\/lupus-eritematoso-sistemico\\\/#primaryimage\"},\"image\":{\"@id\":\"https:\\\/\\\/www.grupomedcof.com.br\\\/blog\\\/lupus-eritematoso-sistemico\\\/#primaryimage\"},\"thumbnailUrl\":\"https:\\\/\\\/www.grupomedcof.com.br\\\/blog\\\/wp-content\\\/uploads\\\/2025\\\/08\\\/Blog-MedCof-2025-08-25T105830.132.jpg\",\"datePublished\":\"2025-08-26T21:11:00+00:00\",\"dateModified\":\"2026-04-07T17:26:19+00:00\",\"description\":\"Entenda o que \u00e9 o l\u00fapus eritematoso sist\u00eamico, como ele se manifesta, quais exames ajudam no diagn\u00f3stico e as abordagens terap\u00eauticas mais indicadas.\",\"breadcrumb\":{\"@id\":\"https:\\\/\\\/www.grupomedcof.com.br\\\/blog\\\/lupus-eritematoso-sistemico\\\/#breadcrumb\"},\"inLanguage\":\"pt-BR\",\"potentialAction\":[{\"@type\":\"ReadAction\",\"target\":[\"https:\\\/\\\/www.grupomedcof.com.br\\\/blog\\\/lupus-eritematoso-sistemico\\\/\"]}]},{\"@type\":\"ImageObject\",\"inLanguage\":\"pt-BR\",\"@id\":\"https:\\\/\\\/www.grupomedcof.com.br\\\/blog\\\/lupus-eritematoso-sistemico\\\/#primaryimage\",\"url\":\"https:\\\/\\\/www.grupomedcof.com.br\\\/blog\\\/wp-content\\\/uploads\\\/2025\\\/08\\\/Blog-MedCof-2025-08-25T105830.132.jpg\",\"contentUrl\":\"https:\\\/\\\/www.grupomedcof.com.br\\\/blog\\\/wp-content\\\/uploads\\\/2025\\\/08\\\/Blog-MedCof-2025-08-25T105830.132.jpg\",\"width\":1920,\"height\":1080},{\"@type\":\"BreadcrumbList\",\"@id\":\"https:\\\/\\\/www.grupomedcof.com.br\\\/blog\\\/lupus-eritematoso-sistemico\\\/#breadcrumb\",\"itemListElement\":[{\"@type\":\"ListItem\",\"position\":1,\"name\":\"In\u00edcio\",\"item\":\"https:\\\/\\\/www.grupomedcof.com.br\\\/blog\\\/\"},{\"@type\":\"ListItem\",\"position\":2,\"name\":\"L\u00fapus eritematoso sist\u00eamico (LES): sintomas, diagn\u00f3stico e tratamento\"}]},{\"@type\":\"WebSite\",\"@id\":\"https:\\\/\\\/www.grupomedcof.com.br\\\/blog\\\/#website\",\"url\":\"https:\\\/\\\/www.grupomedcof.com.br\\\/blog\\\/\",\"name\":\"Blog de Medcof: conte\u00fados, editais, revalida e mais!\",\"description\":\"Acesso o blog de MedCof! Seu portal de conte\u00fados sobre resid\u00eancia m\u00e9dica, an\u00e1lise e editais e muito mais. Clique e confira!\",\"publisher\":{\"@id\":\"https:\\\/\\\/www.grupomedcof.com.br\\\/blog\\\/#organization\"},\"alternateName\":\"Blog de Medcof: conte\u00fados, editais, revalida e mais!\",\"potentialAction\":[{\"@type\":\"SearchAction\",\"target\":{\"@type\":\"EntryPoint\",\"urlTemplate\":\"https:\\\/\\\/www.grupomedcof.com.br\\\/blog\\\/?s={search_term_string}\"},\"query-input\":{\"@type\":\"PropertyValueSpecification\",\"valueRequired\":true,\"valueName\":\"search_term_string\"}}],\"inLanguage\":\"pt-BR\"},{\"@type\":\"Organization\",\"@id\":\"https:\\\/\\\/www.grupomedcof.com.br\\\/blog\\\/#organization\",\"name\":\"Grupo MedCof\",\"url\":\"https:\\\/\\\/www.grupomedcof.com.br\\\/blog\\\/\",\"logo\":{\"@type\":\"ImageObject\",\"inLanguage\":\"pt-BR\",\"@id\":\"https:\\\/\\\/www.grupomedcof.com.br\\\/blog\\\/#\\\/schema\\\/logo\\\/image\\\/\",\"url\":\"https:\\\/\\\/www.grupomedcof.com.br\\\/blog\\\/wp-content\\\/uploads\\\/2022\\\/01\\\/logo-medcof.png\",\"contentUrl\":\"https:\\\/\\\/www.grupomedcof.com.br\\\/blog\\\/wp-content\\\/uploads\\\/2022\\\/01\\\/logo-medcof.png\",\"width\":768,\"height\":269,\"caption\":\"Grupo MedCof\"},\"image\":{\"@id\":\"https:\\\/\\\/www.grupomedcof.com.br\\\/blog\\\/#\\\/schema\\\/logo\\\/image\\\/\"},\"sameAs\":[\"https:\\\/\\\/www.facebook.com\\\/MedCofQbank\\\/\",\"https:\\\/\\\/www.instagram.com\\\/grupomedcof\\\/\",\"https:\\\/\\\/br.linkedin.com\\\/company\\\/medcof\",\"https:\\\/\\\/www.youtube.com\\\/channel\\\/UCdHMuOHKICxcHwecxN8P-AA\"]},{\"@type\":\"Person\",\"@id\":\"https:\\\/\\\/www.grupomedcof.com.br\\\/blog\\\/#\\\/schema\\\/person\\\/2a5527209c17e7eb35bd6a4ebd5c7956\",\"name\":\"Leila Menzel\",\"image\":{\"@type\":\"ImageObject\",\"inLanguage\":\"pt-BR\",\"@id\":\"https:\\\/\\\/www.grupomedcof.com.br\\\/blog\\\/wp-content\\\/uploads\\\/2023\\\/04\\\/cropped-cropped-cropped-logo-96x96.png15459389df217b605b4f0cce419ac81a\",\"url\":\"https:\\\/\\\/www.grupomedcof.com.br\\\/blog\\\/wp-content\\\/uploads\\\/2023\\\/04\\\/cropped-cropped-cropped-logo-96x96.png\",\"contentUrl\":\"https:\\\/\\\/www.grupomedcof.com.br\\\/blog\\\/wp-content\\\/uploads\\\/2023\\\/04\\\/cropped-cropped-cropped-logo-96x96.png\",\"caption\":\"Leila Menzel\"},\"description\":\"Estudante do 6\u00b0 semestre de jornalismo, amo e escrevo poesias e viajo em livros de romances clich\u00eas.\",\"url\":\"https:\\\/\\\/www.grupomedcof.com.br\\\/blog\\\/author\\\/leila\\\/\"}]}<\/script>\n<!-- \/ Yoast SEO Premium plugin. -->","yoast_head_json":{"title":"L\u00fapus Sist\u00eamico (LES): o que \u00e9, sintomas e como tratar","description":"Entenda o que \u00e9 o l\u00fapus eritematoso sist\u00eamico, como ele se manifesta, quais exames ajudam no diagn\u00f3stico e as abordagens terap\u00eauticas mais indicadas.","robots":{"index":"index","follow":"follow","max-snippet":"max-snippet:-1","max-image-preview":"max-image-preview:large","max-video-preview":"max-video-preview:-1"},"canonical":"https:\/\/www.grupomedcof.com.br\/blog\/lupus-eritematoso-sistemico\/","og_locale":"pt_BR","og_type":"article","og_title":"L\u00fapus eritematoso sist\u00eamico (LES): sintomas, diagn\u00f3stico e tratamento","og_description":"Entenda o que \u00e9 o l\u00fapus eritematoso sist\u00eamico, como ele se manifesta, quais exames ajudam no diagn\u00f3stico e as abordagens terap\u00eauticas mais indicadas.","og_url":"https:\/\/www.grupomedcof.com.br\/blog\/lupus-eritematoso-sistemico\/","og_site_name":"Blog de Medcof: conte\u00fados, editais, revalida e mais!","article_publisher":"https:\/\/www.facebook.com\/MedCofQbank\/","article_published_time":"2025-08-26T21:11:00+00:00","article_modified_time":"2026-04-07T17:26:19+00:00","og_image":[{"width":1920,"height":1080,"url":"https:\/\/www.grupomedcof.com.br\/blog\/wp-content\/uploads\/2025\/08\/Blog-MedCof-2025-08-25T105830.132.jpg","type":"image\/jpeg"}],"author":"Leila Menzel","twitter_card":"summary_large_image","twitter_misc":{"Escrito por":"Leila Menzel","Est. tempo de leitura":"7 minutos"},"schema":{"@context":"https:\/\/schema.org","@graph":[{"@type":"Article","@id":"https:\/\/www.grupomedcof.com.br\/blog\/lupus-eritematoso-sistemico\/#article","isPartOf":{"@id":"https:\/\/www.grupomedcof.com.br\/blog\/lupus-eritematoso-sistemico\/"},"author":{"name":"Leila Menzel","@id":"https:\/\/www.grupomedcof.com.br\/blog\/#\/schema\/person\/2a5527209c17e7eb35bd6a4ebd5c7956"},"headline":"L\u00fapus eritematoso sist\u00eamico (LES): sintomas, diagn\u00f3stico e tratamento","datePublished":"2025-08-26T21:11:00+00:00","dateModified":"2026-04-07T17:26:19+00:00","mainEntityOfPage":{"@id":"https:\/\/www.grupomedcof.com.br\/blog\/lupus-eritematoso-sistemico\/"},"wordCount":1252,"publisher":{"@id":"https:\/\/www.grupomedcof.com.br\/blog\/#organization"},"image":{"@id":"https:\/\/www.grupomedcof.com.br\/blog\/lupus-eritematoso-sistemico\/#primaryimage"},"thumbnailUrl":"https:\/\/www.grupomedcof.com.br\/blog\/wp-content\/uploads\/2025\/08\/Blog-MedCof-2025-08-25T105830.132.jpg","keywords":["LES","L\u00fapus","L\u00fapus eritematoso","L\u00fapus sist\u00eamico"],"articleSection":["Reumatologia"],"inLanguage":"pt-BR"},{"@type":"WebPage","@id":"https:\/\/www.grupomedcof.com.br\/blog\/lupus-eritematoso-sistemico\/","url":"https:\/\/www.grupomedcof.com.br\/blog\/lupus-eritematoso-sistemico\/","name":"L\u00fapus Sist\u00eamico (LES): o que \u00e9, sintomas e como tratar","isPartOf":{"@id":"https:\/\/www.grupomedcof.com.br\/blog\/#website"},"primaryImageOfPage":{"@id":"https:\/\/www.grupomedcof.com.br\/blog\/lupus-eritematoso-sistemico\/#primaryimage"},"image":{"@id":"https:\/\/www.grupomedcof.com.br\/blog\/lupus-eritematoso-sistemico\/#primaryimage"},"thumbnailUrl":"https:\/\/www.grupomedcof.com.br\/blog\/wp-content\/uploads\/2025\/08\/Blog-MedCof-2025-08-25T105830.132.jpg","datePublished":"2025-08-26T21:11:00+00:00","dateModified":"2026-04-07T17:26:19+00:00","description":"Entenda o que \u00e9 o l\u00fapus eritematoso sist\u00eamico, como ele se manifesta, quais exames ajudam no diagn\u00f3stico e as abordagens terap\u00eauticas mais indicadas.","breadcrumb":{"@id":"https:\/\/www.grupomedcof.com.br\/blog\/lupus-eritematoso-sistemico\/#breadcrumb"},"inLanguage":"pt-BR","potentialAction":[{"@type":"ReadAction","target":["https:\/\/www.grupomedcof.com.br\/blog\/lupus-eritematoso-sistemico\/"]}]},{"@type":"ImageObject","inLanguage":"pt-BR","@id":"https:\/\/www.grupomedcof.com.br\/blog\/lupus-eritematoso-sistemico\/#primaryimage","url":"https:\/\/www.grupomedcof.com.br\/blog\/wp-content\/uploads\/2025\/08\/Blog-MedCof-2025-08-25T105830.132.jpg","contentUrl":"https:\/\/www.grupomedcof.com.br\/blog\/wp-content\/uploads\/2025\/08\/Blog-MedCof-2025-08-25T105830.132.jpg","width":1920,"height":1080},{"@type":"BreadcrumbList","@id":"https:\/\/www.grupomedcof.com.br\/blog\/lupus-eritematoso-sistemico\/#breadcrumb","itemListElement":[{"@type":"ListItem","position":1,"name":"In\u00edcio","item":"https:\/\/www.grupomedcof.com.br\/blog\/"},{"@type":"ListItem","position":2,"name":"L\u00fapus eritematoso sist\u00eamico (LES): sintomas, diagn\u00f3stico e tratamento"}]},{"@type":"WebSite","@id":"https:\/\/www.grupomedcof.com.br\/blog\/#website","url":"https:\/\/www.grupomedcof.com.br\/blog\/","name":"Blog de Medcof: conte\u00fados, editais, revalida e mais!","description":"Acesso o blog de MedCof! Seu portal de conte\u00fados sobre resid\u00eancia m\u00e9dica, an\u00e1lise e editais e muito mais. Clique e confira!","publisher":{"@id":"https:\/\/www.grupomedcof.com.br\/blog\/#organization"},"alternateName":"Blog de Medcof: conte\u00fados, editais, revalida e mais!","potentialAction":[{"@type":"SearchAction","target":{"@type":"EntryPoint","urlTemplate":"https:\/\/www.grupomedcof.com.br\/blog\/?s={search_term_string}"},"query-input":{"@type":"PropertyValueSpecification","valueRequired":true,"valueName":"search_term_string"}}],"inLanguage":"pt-BR"},{"@type":"Organization","@id":"https:\/\/www.grupomedcof.com.br\/blog\/#organization","name":"Grupo MedCof","url":"https:\/\/www.grupomedcof.com.br\/blog\/","logo":{"@type":"ImageObject","inLanguage":"pt-BR","@id":"https:\/\/www.grupomedcof.com.br\/blog\/#\/schema\/logo\/image\/","url":"https:\/\/www.grupomedcof.com.br\/blog\/wp-content\/uploads\/2022\/01\/logo-medcof.png","contentUrl":"https:\/\/www.grupomedcof.com.br\/blog\/wp-content\/uploads\/2022\/01\/logo-medcof.png","width":768,"height":269,"caption":"Grupo MedCof"},"image":{"@id":"https:\/\/www.grupomedcof.com.br\/blog\/#\/schema\/logo\/image\/"},"sameAs":["https:\/\/www.facebook.com\/MedCofQbank\/","https:\/\/www.instagram.com\/grupomedcof\/","https:\/\/br.linkedin.com\/company\/medcof","https:\/\/www.youtube.com\/channel\/UCdHMuOHKICxcHwecxN8P-AA"]},{"@type":"Person","@id":"https:\/\/www.grupomedcof.com.br\/blog\/#\/schema\/person\/2a5527209c17e7eb35bd6a4ebd5c7956","name":"Leila Menzel","image":{"@type":"ImageObject","inLanguage":"pt-BR","@id":"https:\/\/www.grupomedcof.com.br\/blog\/wp-content\/uploads\/2023\/04\/cropped-cropped-cropped-logo-96x96.png15459389df217b605b4f0cce419ac81a","url":"https:\/\/www.grupomedcof.com.br\/blog\/wp-content\/uploads\/2023\/04\/cropped-cropped-cropped-logo-96x96.png","contentUrl":"https:\/\/www.grupomedcof.com.br\/blog\/wp-content\/uploads\/2023\/04\/cropped-cropped-cropped-logo-96x96.png","caption":"Leila Menzel"},"description":"Estudante do 6\u00b0 semestre de jornalismo, amo e escrevo poesias e viajo em livros de romances clich\u00eas.","url":"https:\/\/www.grupomedcof.com.br\/blog\/author\/leila\/"}]}},"authors":[{"term_id":3611,"user_id":18,"is_guest":0,"slug":"leila","display_name":"Leila Menzel","avatar_url":"https:\/\/www.grupomedcof.com.br\/blog\/wp-content\/uploads\/2023\/04\/cropped-cropped-cropped-logo-96x96.png","0":null,"1":"","2":"","3":"","4":"","5":"","6":"","7":"","8":""}],"_links":{"self":[{"href":"https:\/\/www.grupomedcof.com.br\/blog\/wp-json\/wp\/v2\/posts\/37317","targetHints":{"allow":["GET"]}}],"collection":[{"href":"https:\/\/www.grupomedcof.com.br\/blog\/wp-json\/wp\/v2\/posts"}],"about":[{"href":"https:\/\/www.grupomedcof.com.br\/blog\/wp-json\/wp\/v2\/types\/post"}],"author":[{"embeddable":true,"href":"https:\/\/www.grupomedcof.com.br\/blog\/wp-json\/wp\/v2\/users\/18"}],"replies":[{"embeddable":true,"href":"https:\/\/www.grupomedcof.com.br\/blog\/wp-json\/wp\/v2\/comments?post=37317"}],"version-history":[{"count":2,"href":"https:\/\/www.grupomedcof.com.br\/blog\/wp-json\/wp\/v2\/posts\/37317\/revisions"}],"predecessor-version":[{"id":42765,"href":"https:\/\/www.grupomedcof.com.br\/blog\/wp-json\/wp\/v2\/posts\/37317\/revisions\/42765"}],"wp:featuredmedia":[{"embeddable":true,"href":"https:\/\/www.grupomedcof.com.br\/blog\/wp-json\/wp\/v2\/media\/37320"}],"wp:attachment":[{"href":"https:\/\/www.grupomedcof.com.br\/blog\/wp-json\/wp\/v2\/media?parent=37317"}],"wp:term":[{"taxonomy":"category","embeddable":true,"href":"https:\/\/www.grupomedcof.com.br\/blog\/wp-json\/wp\/v2\/categories?post=37317"},{"taxonomy":"post_tag","embeddable":true,"href":"https:\/\/www.grupomedcof.com.br\/blog\/wp-json\/wp\/v2\/tags?post=37317"},{"taxonomy":"author","embeddable":true,"href":"https:\/\/www.grupomedcof.com.br\/blog\/wp-json\/wp\/v2\/ppma_author?post=37317"}],"curies":[{"name":"wp","href":"https:\/\/api.w.org\/{rel}","templated":true}]}}