{"id":37322,"date":"2025-08-27T11:00:00","date_gmt":"2025-08-27T14:00:00","guid":{"rendered":"https:\/\/www.grupomedcof.com.br\/blog\/?p=37322"},"modified":"2025-08-25T11:22:13","modified_gmt":"2025-08-25T14:22:13","slug":"doenca-de-addison","status":"publish","type":"post","link":"https:\/\/www.grupomedcof.com.br\/blog\/doenca-de-addison\/","title":{"rendered":"Doen\u00e7a de Addison: conhe\u00e7a sintomas, causas e tratamentos"},"content":{"rendered":"<div id=\"ez-toc-container\" class=\"ez-toc-v2_0_74 counter-hierarchy ez-toc-counter ez-toc-transparent ez-toc-container-direction\">\n<div class=\"ez-toc-title-container\">\n<p class=\"ez-toc-title\" style=\"cursor:inherit\">Sum\u00e1rio<\/p>\n<span class=\"ez-toc-title-toggle\"><a href=\"#\" class=\"ez-toc-pull-right ez-toc-btn ez-toc-btn-xs ez-toc-btn-default ez-toc-toggle\" aria-label=\"Alternar tabela de conte\u00fado\"><span class=\"ez-toc-js-icon-con\"><span class=\"\"><span class=\"eztoc-hide\" style=\"display:none;\">Toggle<\/span><span class=\"ez-toc-icon-toggle-span\"><svg style=\"fill: #999;color:#999\" xmlns=\"http:\/\/www.w3.org\/2000\/svg\" class=\"list-377408\" width=\"20px\" height=\"20px\" viewBox=\"0 0 24 24\" fill=\"none\"><path d=\"M6 6H4v2h2V6zm14 0H8v2h12V6zM4 11h2v2H4v-2zm16 0H8v2h12v-2zM4 16h2v2H4v-2zm16 0H8v2h12v-2z\" fill=\"currentColor\"><\/path><\/svg><svg style=\"fill: #999;color:#999\" class=\"arrow-unsorted-368013\" xmlns=\"http:\/\/www.w3.org\/2000\/svg\" width=\"10px\" height=\"10px\" viewBox=\"0 0 24 24\" version=\"1.2\" baseProfile=\"tiny\"><path d=\"M18.2 9.3l-6.2-6.3-6.2 6.3c-.2.2-.3.4-.3.7s.1.5.3.7c.2.2.4.3.7.3h11c.3 0 .5-.1.7-.3.2-.2.3-.5.3-.7s-.1-.5-.3-.7zM5.8 14.7l6.2 6.3 6.2-6.3c.2-.2.3-.5.3-.7s-.1-.5-.3-.7c-.2-.2-.4-.3-.7-.3h-11c-.3 0-.5.1-.7.3-.2.2-.3.5-.3.7s.1.5.3.7z\"\/><\/svg><\/span><\/span><\/span><\/a><\/span><\/div>\n<nav><ul class='ez-toc-list ez-toc-list-level-1 ' ><li class='ez-toc-page-1 ez-toc-heading-level-2'><a class=\"ez-toc-link ez-toc-heading-1\" href=\"https:\/\/www.grupomedcof.com.br\/blog\/doenca-de-addison\/#Causas_da_Doenca_de_Addison\" >Causas da Doen\u00e7a de Addison<\/a><\/li><li class='ez-toc-page-1 ez-toc-heading-level-2'><a class=\"ez-toc-link ez-toc-heading-2\" href=\"https:\/\/www.grupomedcof.com.br\/blog\/doenca-de-addison\/#Sintomas_da_insuficiencia_adrenal_primaria\" >Sintomas da insufici\u00eancia adrenal prim\u00e1ria<\/a><ul class='ez-toc-list-level-3' ><li class='ez-toc-heading-level-3'><a class=\"ez-toc-link ez-toc-heading-3\" href=\"https:\/\/www.grupomedcof.com.br\/blog\/doenca-de-addison\/#Crise_suprarrenal\" >Crise suprarrenal<\/a><\/li><\/ul><\/li><li class='ez-toc-page-1 ez-toc-heading-level-2'><a class=\"ez-toc-link ez-toc-heading-4\" href=\"https:\/\/www.grupomedcof.com.br\/blog\/doenca-de-addison\/#Diagnostico_da_Doenca_de_Addison\" >Diagn\u00f3stico da Doen\u00e7a de Addison<\/a><ul class='ez-toc-list-level-3' ><li class='ez-toc-heading-level-3'><a class=\"ez-toc-link ez-toc-heading-5\" href=\"https:\/\/www.grupomedcof.com.br\/blog\/doenca-de-addison\/#Qual_exame_detecta_a_doenca_de_Addison\" >Qual exame detecta a doen\u00e7a de Addison?<\/a><\/li><li class='ez-toc-page-1 ez-toc-heading-level-3'><a class=\"ez-toc-link ez-toc-heading-6\" href=\"https:\/\/www.grupomedcof.com.br\/blog\/doenca-de-addison\/#Outros_exames\" >Outros exames<\/a><\/li><\/ul><\/li><li class='ez-toc-page-1 ez-toc-heading-level-2'><a class=\"ez-toc-link ez-toc-heading-7\" href=\"https:\/\/www.grupomedcof.com.br\/blog\/doenca-de-addison\/#Tratamento_da_insuficiencia_adrenal_primaria\" >Tratamento da insufici\u00eancia adrenal prim\u00e1ria<\/a><\/li><li class='ez-toc-page-1 ez-toc-heading-level-2'><a class=\"ez-toc-link ez-toc-heading-8\" href=\"https:\/\/www.grupomedcof.com.br\/blog\/doenca-de-addison\/#Prevencao_e_monitoramento\" >Preven\u00e7\u00e3o e monitoramento<\/a><\/li><li class='ez-toc-page-1 ez-toc-heading-level-2'><a class=\"ez-toc-link ez-toc-heading-9\" href=\"https:\/\/www.grupomedcof.com.br\/blog\/doenca-de-addison\/#O_que_e_sindrome_de_Cushing_ou_Addison\" >O que \u00e9 s\u00edndrome de Cushing ou Addison?<\/a><\/li><li class='ez-toc-page-1 ez-toc-heading-level-2'><a class=\"ez-toc-link ez-toc-heading-10\" href=\"https:\/\/www.grupomedcof.com.br\/blog\/doenca-de-addison\/#Construa_uma_carreira_medica_solida_com_o_suporte_da_MedCof\" >Construa uma carreira m\u00e9dica s\u00f3lida com o suporte da MedCof<\/a><\/li><\/ul><\/nav><\/div>\n\n<figure class=\"wp-block-image size-large\"><img loading=\"lazy\" decoding=\"async\" width=\"1024\" height=\"576\" src=\"https:\/\/www.grupomedcof.com.br\/blog\/wp-content\/uploads\/2025\/08\/Blog-MedCof-2025-08-25T111234.240-1-1024x576.jpg\" alt=\"\" class=\"wp-image-37325\" srcset=\"https:\/\/www.grupomedcof.com.br\/blog\/wp-content\/uploads\/2025\/08\/Blog-MedCof-2025-08-25T111234.240-1-1024x576.jpg 1024w, https:\/\/www.grupomedcof.com.br\/blog\/wp-content\/uploads\/2025\/08\/Blog-MedCof-2025-08-25T111234.240-1-300x169.jpg 300w, https:\/\/www.grupomedcof.com.br\/blog\/wp-content\/uploads\/2025\/08\/Blog-MedCof-2025-08-25T111234.240-1-768x432.jpg 768w, https:\/\/www.grupomedcof.com.br\/blog\/wp-content\/uploads\/2025\/08\/Blog-MedCof-2025-08-25T111234.240-1-1536x864.jpg 1536w, https:\/\/www.grupomedcof.com.br\/blog\/wp-content\/uploads\/2025\/08\/Blog-MedCof-2025-08-25T111234.240-1-747x420.jpg 747w, https:\/\/www.grupomedcof.com.br\/blog\/wp-content\/uploads\/2025\/08\/Blog-MedCof-2025-08-25T111234.240-1-150x84.jpg 150w, https:\/\/www.grupomedcof.com.br\/blog\/wp-content\/uploads\/2025\/08\/Blog-MedCof-2025-08-25T111234.240-1-696x392.jpg 696w, https:\/\/www.grupomedcof.com.br\/blog\/wp-content\/uploads\/2025\/08\/Blog-MedCof-2025-08-25T111234.240-1-1068x601.jpg 1068w, https:\/\/www.grupomedcof.com.br\/blog\/wp-content\/uploads\/2025\/08\/Blog-MedCof-2025-08-25T111234.240-1.jpg 1920w\" sizes=\"auto, (max-width: 1024px) 100vw, 1024px\" \/><\/figure>\n\n\n\n<p>A <strong>Doen\u00e7a de Addison<\/strong> \u00e9 uma <strong>insufici\u00eancia adrenal prim\u00e1ria<\/strong>, caracterizada pela produ\u00e7\u00e3o inadequada de<a href=\"https:\/\/www.grupomedcof.com.br\/blog\/endocrinologia\/\"> horm\u00f4nios<\/a> como o <strong>cortisol<\/strong> e a <strong>aldosterona<\/strong> pelas <strong>gl\u00e2ndulas suprarrenais<\/strong>. Trata-se de uma condi\u00e7\u00e3o rara, com progress\u00e3o lenta, mas potencialmente grave.&nbsp;<\/p>\n\n\n\n<p>Entre suas principais causas est\u00e3o <strong>doen\u00e7as autoimunes, infec\u00e7\u00f5es e fatores gen\u00e9ticos<\/strong>. Os sintomas mais comuns incluem fadiga, perda de peso, hipotens\u00e3o e hiperpigmenta\u00e7\u00e3o da pele. O tratamento envolve reposi\u00e7\u00e3o hormonal, sendo eficaz quando realizado corretamente.<\/p>\n\n\n\n<h2 class=\"wp-block-heading\" id=\"h-causas-da-doenca-de-addison\"><span class=\"ez-toc-section\" id=\"Causas_da_Doenca_de_Addison\"><\/span><strong>Causas da Doen\u00e7a de Addison<\/strong><span class=\"ez-toc-section-end\"><\/span><\/h2>\n\n\n\n<p>As <strong>principais causas<\/strong> da <a href=\"https:\/\/www.grupomedcof.com.br\/blog\/insuficiencia-adrenal-saiba-mais-sobre\/\">insufici\u00eancia adrenal prim\u00e1ria <\/a>incluem:<\/p>\n\n\n\n<ul class=\"wp-block-list\">\n<li>Autoimunidade (principal causa, respons\u00e1vel por at\u00e9 84% dos casos);<\/li>\n\n\n\n<li>Tuberculose adrenal;<\/li>\n\n\n\n<li>Infec\u00e7\u00f5es f\u00fangicas, citomegalov\u00edrus ou HIV;<\/li>\n\n\n\n<li>Hemorragia adrenal;<\/li>\n\n\n\n<li>Doen\u00e7as infiltrativas (como sarcoidose e amiloidose);<\/li>\n\n\n\n<li>Adrenoleucodistrofia (mais comum em homens jovens).<\/li>\n<\/ul>\n\n\n\n<h2 class=\"wp-block-heading\" id=\"h-sintomas-da-insuficiencia-adrenal-primaria\"><span class=\"ez-toc-section\" id=\"Sintomas_da_insuficiencia_adrenal_primaria\"><\/span><strong>Sintomas da insufici\u00eancia adrenal prim\u00e1ria<\/strong><span class=\"ez-toc-section-end\"><\/span><\/h2>\n\n\n\n<p>Os <strong>sintomas<\/strong> da Doen\u00e7a de Addison podem surgir de forma <strong>lenta<\/strong> e <strong>inespec\u00edfica<\/strong>, o que dificulta o diagn\u00f3stico precoce. Entre os sinais mais frequentes, destacam-se:<\/p>\n\n\n\n<ul class=\"wp-block-list\">\n<li>Fadiga cr\u00f4nica e fraqueza muscular;<\/li>\n\n\n\n<li>Perda de peso e falta de apetite;<\/li>\n\n\n\n<li>Hipotens\u00e3o arterial (especialmente ao levantar);<\/li>\n\n\n\n<li>Hipoglicemia (glicose baixa no sangue);<\/li>\n\n\n\n<li>Hiperpigmenta\u00e7\u00e3o cut\u00e2nea (escurecimento da pele e mucosas);<\/li>\n\n\n\n<li>N\u00e1useas, v\u00f4mitos e dor abdominal;<\/li>\n\n\n\n<li>Desejo por sal ou alimentos salgados;<\/li>\n\n\n\n<li>Altera\u00e7\u00f5es de humor, depress\u00e3o, irritabilidade;<\/li>\n\n\n\n<li>Sensa\u00e7\u00e3o de tontura e desidrata\u00e7\u00e3o frequente.<\/li>\n<\/ul>\n\n\n\n<h3 class=\"wp-block-heading\" id=\"h-crise-suprarrenal\"><span class=\"ez-toc-section\" id=\"Crise_suprarrenal\"><\/span><strong>Crise suprarrenal<\/strong><span class=\"ez-toc-section-end\"><\/span><\/h3>\n\n\n\n<p>A <strong>crise suprarrenal<\/strong> \u00e9 uma <a href=\"https:\/\/www.grupomedcof.com.br\/blog\/55-especialidades-medicas\/\">emerg\u00eancia m\u00e9dica<\/a> <strong>grave<\/strong> que pode ocorrer de forma s\u00fabita, geralmente desencadeada por infec\u00e7\u00e3o, estresse intenso ou interrup\u00e7\u00e3o do tratamento.<\/p>\n\n\n\n<p>Os <strong>principais sinais<\/strong> de alerta incluem:<\/p>\n\n\n\n<ul class=\"wp-block-list\">\n<li>Fraqueza extrema e astenia intensa;<\/li>\n\n\n\n<li>Confus\u00e3o mental, inquieta\u00e7\u00e3o ou sonol\u00eancia excessiva;<\/li>\n\n\n\n<li>V\u00f4mitos e diarreia intensos;<\/li>\n\n\n\n<li>Desidrata\u00e7\u00e3o severa;<\/li>\n\n\n\n<li>Febre alta ou temperatura corporal anormalmente baixa;<\/li>\n\n\n\n<li>Queda de press\u00e3o arterial e risco de choque circulat\u00f3rio.<\/li>\n<\/ul>\n\n\n\n<p>Nesses casos, o tratamento imediato com <strong>hidrocortisona intravenosa<\/strong> e <strong>reposi\u00e7\u00e3o de fluidos<\/strong> \u00e9 essencial para a sobreviv\u00eancia.<\/p>\n\n\n\n<h2 class=\"wp-block-heading\" id=\"h-diagnostico-da-doenca-de-addison\"><span class=\"ez-toc-section\" id=\"Diagnostico_da_Doenca_de_Addison\"><\/span><strong>Diagn\u00f3stico da Doen\u00e7a de Addison<\/strong><span class=\"ez-toc-section-end\"><\/span><\/h2>\n\n\n\n<p><strong>sintomas,<\/strong> associada a exames f\u00edsicos e testes laboratoriais.<\/p>\n\n\n\n<p>Os primeiros testes incluem a <strong>dosagem matinal de cortisol e ACTH no sangue<\/strong>:<\/p>\n\n\n\n<ul class=\"wp-block-list\">\n<li><strong>Cortisol baixo<\/strong> pela manh\u00e3 (normalmente &lt; 5 \u00b5g\/dL) associado a<\/li>\n\n\n\n<li><strong>ACTH elevado<\/strong> (acima de 50 pg\/mL) confirma o diagn\u00f3stico, especialmente em situa\u00e7\u00f5es de estresse intenso ou choque.<\/li>\n<\/ul>\n\n\n\n<h3 class=\"wp-block-heading\" id=\"h-qual-exame-detecta-a-doenca-de-addison\"><span class=\"ez-toc-section\" id=\"Qual_exame_detecta_a_doenca_de_Addison\"><\/span><strong>Qual exame detecta a doen\u00e7a de Addison?<\/strong><span class=\"ez-toc-section-end\"><\/span><\/h3>\n\n\n\n<p>O exame inicial \u00e9 o <strong>teste de sangue para medir cortisol e ACTH<\/strong>. Al\u00e9m disso, podem ser solicitados exames de imagem para avaliar as gl\u00e2ndulas suprarrenais, como tomografia computadorizada ou resson\u00e2ncia magn\u00e9tica.<\/p>\n\n\n\n<h3 class=\"wp-block-heading\" id=\"h-outros-exames\"><span class=\"ez-toc-section\" id=\"Outros_exames\"><\/span><strong>Outros exames<\/strong><span class=\"ez-toc-section-end\"><\/span><\/h3>\n\n\n\n<ul class=\"wp-block-list\">\n<li><strong>Teste de estimula\u00e7\u00e3o com ACTH sint\u00e9tico (cosintropina)<\/strong>: avalia a resposta das gl\u00e2ndulas suprarrenais ao ACTH.<\/li>\n\n\n\n<li><strong>Eletr\u00f3litos s\u00e9ricos<\/strong>: pode haver s\u00f3dio baixo (hiponatremia) e pot\u00e1ssio alto (hipercalemia).<\/li>\n\n\n\n<li><strong>Glicemia<\/strong>: pode estar reduzida (hipoglicemia).<\/li>\n\n\n\n<li><strong>Anticorpos anti-21-hidroxilase<\/strong>: indicam origem autoimune.<\/li>\n\n\n\n<li><strong>Tomografia computadorizada (TC)<\/strong> das gl\u00e2ndulas suprarrenais:para identificar atrofia, calcifica\u00e7\u00f5es ou massas.<\/li>\n\n\n\n<li><strong>Resson\u00e2ncia magn\u00e9tica (RM)<\/strong> da hip\u00f3fise: \u00fatil se houver suspeita de insufici\u00eancia adrenal secund\u00e1ria.<\/li>\n\n\n\n<li><strong>Gasometria arterial<\/strong>: pode mostrar acidose metab\u00f3lica.<\/li>\n<\/ul>\n\n\n\n<figure class=\"wp-block-image\"><img decoding=\"async\" src=\"https:\/\/lh7-rt.googleusercontent.com\/docsz\/AD_4nXeyq0PlOySN46MqitkcE6uXPc3DvRdwE87gtUofpy6C92nYhgShNo5aUVQWkp6Tcx1w1VMFkVDoj9YSrJuobYFpeXSiQiElth3RtTVyOoLeHKyTDRJEAloK_6qNyhPEAbidOnK0BQ?key=V1WY95TgALjgP8oyHZMkRQ\" alt=\"\"\/><figcaption class=\"wp-element-caption\">Imagem\/Reprodu\u00e7\u00e3o: Canva.<\/figcaption><\/figure>\n\n\n\n<h2 class=\"wp-block-heading\" id=\"h-tratamento-da-insuficiencia-adrenal-primaria\"><span class=\"ez-toc-section\" id=\"Tratamento_da_insuficiencia_adrenal_primaria\"><\/span><strong>Tratamento da insufici\u00eancia adrenal prim\u00e1ria<\/strong><span class=\"ez-toc-section-end\"><\/span><\/h2>\n\n\n\n<p>De modo geral, o tratamento para a insufici\u00eancia adrenal prim\u00e1ria envolve <strong>corticosteroides e hidrata\u00e7\u00e3o intravenosa.&nbsp;<\/strong><\/p>\n\n\n\n<p>O esquema terap\u00eautico padr\u00e3o envolve a administra\u00e7\u00e3o di\u00e1ria de <strong>glicocorticoides<\/strong> (como<strong> hidrocortisona ou prednisona<\/strong>) e, se necess\u00e1rio, <strong>mineralocorticoides<\/strong> (como f<strong>ludrocortisona<\/strong>).&nbsp;<\/p>\n\n\n\n<h2 class=\"wp-block-heading\" id=\"h-prevencao-e-monitoramento\"><span class=\"ez-toc-section\" id=\"Prevencao_e_monitoramento\"><\/span><strong>Preven\u00e7\u00e3o e monitoramento<\/strong><span class=\"ez-toc-section-end\"><\/span><\/h2>\n\n\n\n<p>Pacientes com insufici\u00eancia adrenal prim\u00e1ria (Doen\u00e7a de Addison) precisam adotar <strong>estrat\u00e9gias para prevenir crises adrenais<\/strong> e saber agir rapidamente em situa\u00e7\u00f5es de risco. O manejo correto em momentos de <strong>estresse f\u00edsico ou emocional<\/strong> \u00e9 fundamental, j\u00e1 que o corpo n\u00e3o consegue aumentar a produ\u00e7\u00e3o de cortisol de forma natural.<\/p>\n\n\n\n<p>Em situa\u00e7\u00f5es de estresse, \u00e9 importante saber o que fazer:<\/p>\n\n\n\n<ul class=\"wp-block-list\">\n<li><strong>Ajuste da dose de corticoide<\/strong>: Em febre, infec\u00e7\u00f5es, cirurgias, traumas ou estresse emocional intenso, o paciente deve seguir a orienta\u00e7\u00e3o m\u00e9dica para <strong>dobrar ou triplicar temporariamente a dose de glicocorticoide<\/strong>.<\/li>\n\n\n\n<li><strong>Inje\u00e7\u00e3o de hidrocortisona de emerg\u00eancia<\/strong>: Se n\u00e3o for poss\u00edvel ingerir o medicamento por via oral (v\u00f4mitos, diarreia intensa, perda de consci\u00eancia), deve-se aplicar <strong>hidrocortisona intramuscular<\/strong> imediatamente.<\/li>\n\n\n\n<li><strong>Procure atendimento de urg\u00eancia<\/strong>: Ap\u00f3s a dose de emerg\u00eancia, ir ao pronto-socorro com o cart\u00e3o ou pulseira de identifica\u00e7\u00e3o m\u00e9dica.<\/li>\n<\/ul>\n\n\n\n<p><strong>Checklist de cuidados preventivos:<\/strong><\/p>\n\n\n\n<ul class=\"wp-block-list\">\n<li><strong>Tomar diariamente a medica\u00e7\u00e3o <\/strong>conforme prescri\u00e7\u00e3o (glicocorticoide \u00b1 mineralocorticoide).<\/li>\n\n\n\n<li><strong>Manter estoque extra de medicamentos e ampolas de hidrocortisona <\/strong>para emerg\u00eancias.<\/li>\n\n\n\n<li>Portar<strong> cart\u00e3o<\/strong> ou<strong> pulseira <\/strong>de <strong>alerta m\u00e9dico<\/strong> informando<strong> \u201cInsufici\u00eancia Adrenal \u2013 Necessidade de Cortisol\u201d.<\/strong><\/li>\n\n\n\n<li>Ter sempre <strong>seringa, agulha e ampola de hidrocortisona dispon\u00edveis.<\/strong><\/li>\n\n\n\n<li>Conhecer a<strong> t\u00e9cnica correta <\/strong>de aplica\u00e7\u00e3o intramuscular.<\/li>\n\n\n\n<li><strong>Ajustar a dose<\/strong> em situa\u00e7\u00f5es de<strong> febre, infec\u00e7\u00e3o, cirurgia ou trauma, conforme orienta\u00e7\u00e3o m\u00e9dica.<\/strong><\/li>\n\n\n\n<li>Realizar<strong> acompanhamento m\u00e9dico peri\u00f3dico com dosagens hormonais<\/strong>.<\/li>\n\n\n\n<li><strong>Atualizar a vacina\u00e7\u00e3o<\/strong> para prevenir infec\u00e7\u00f5es.<\/li>\n<\/ul>\n\n\n\n<h2 class=\"wp-block-heading\" id=\"h-o-que-e-sindrome-de-cushing-ou-addison\"><span class=\"ez-toc-section\" id=\"O_que_e_sindrome_de_Cushing_ou_Addison\"><\/span><strong>O que \u00e9 s\u00edndrome de Cushing ou Addison?<\/strong><span class=\"ez-toc-section-end\"><\/span><\/h2>\n\n\n\n<p>A <strong>S\u00edndrome de Cushing<\/strong> e a <strong>Doen\u00e7a de Addison<\/strong> s\u00e3o dist\u00farbios hormonais que afetam o <strong>eixo hipot\u00e1lamo\u2013hip\u00f3fise\u2013adrenal<\/strong>, respons\u00e1vel pela regula\u00e7\u00e3o da produ\u00e7\u00e3o de <strong>cortisol<\/strong> e, em alguns casos, de <strong>aldosterona<\/strong>. Apesar de estarem relacionadas ao mesmo sistema, elas s\u00e3o condi\u00e7\u00f5es <strong>opostas<\/strong> em termos de produ\u00e7\u00e3o de cortisol.<\/p>\n\n\n\n<figure class=\"wp-block-table\"><table class=\"has-fixed-layout\"><tbody><tr><td><strong>Caracter\u00edstica<\/strong><\/td><td><strong>S\u00edndrome de Cushing<\/strong><\/td><td><strong>Doen\u00e7a de Addison <\/strong><\/td><\/tr><tr><td><strong>Produ\u00e7\u00e3o de cortisol<\/strong><\/td><td><strong>Excesso<\/strong><\/td><td><strong>Defici\u00eancia<\/strong><\/td><\/tr><tr><td><strong>Causa principal<\/strong><\/td><td>Tumores (hip\u00f3fise, adrenal), secre\u00e7\u00e3o ect\u00f3pica de ACTH ou uso prolongado de corticoides<\/td><td>Doen\u00e7a autoimune, infec\u00e7\u00e3o, hemorragia ou causas gen\u00e9ticas<\/td><\/tr><tr><td><strong>Press\u00e3o arterial<\/strong><\/td><td>Geralmente elevada<\/td><td>Geralmente baixa<\/td><\/tr><tr><td><strong>Peso corporal<\/strong><\/td><td>Aumento, principalmente no tronco e face<\/td><td>Perda de peso<\/td><\/tr><tr><td><strong>Apar\u00eancia facial<\/strong><\/td><td>\u201cFace em lua cheia\u201d<\/td><td>Face emagrecida e mais escura<\/td><\/tr><tr><td><strong>Distribui\u00e7\u00e3o de gordura<\/strong><\/td><td>Tronco e nuca (\u201cgiba de b\u00fafalo\u201d)<\/td><td>N\u00e3o h\u00e1 ac\u00famulo, pode haver perda de gordura<\/td><\/tr><tr><td><strong>Pele<\/strong><\/td><td>Fina, fr\u00e1gil, com estrias arroxeadas e hematomas f\u00e1ceis<\/td><td>Hiperpigmenta\u00e7\u00e3o da pele e mucosas<\/td><\/tr><tr><td><strong>Massa muscular<\/strong><\/td><td>Perda muscular com fraqueza<\/td><td>Fraqueza geral<\/td><\/tr><tr><td><strong>Outros sintomas<\/strong><\/td><td>Hiperglicemia, osteoporose, altera\u00e7\u00f5es menstruais, infertilidade<\/td><td>N\u00e1useas, v\u00f4mitos, dor abdominal, altera\u00e7\u00f5es de s\u00f3dio e pot\u00e1ssio<\/td><\/tr><tr><td><strong>Tratamento<\/strong><\/td><td>Reduzir a produ\u00e7\u00e3o de cortisol (cirurgia, radioterapia, ajuste de medicamentos)<\/td><td>Reposi\u00e7\u00e3o vital\u00edcia de glicocorticoides e mineralocorticoides<\/td><\/tr><\/tbody><\/table><\/figure>\n\n\n\n<h2 class=\"wp-block-heading\" id=\"h-construa-uma-carreira-medica-solida-com-o-suporte-da-medcof\"><span class=\"ez-toc-section\" id=\"Construa_uma_carreira_medica_solida_com_o_suporte_da_MedCof\"><\/span><strong>Construa uma carreira m\u00e9dica s\u00f3lida com o suporte da MedCof<\/strong><span class=\"ez-toc-section-end\"><\/span><\/h2>\n\n\n\n<p>Muito al\u00e9m de um <a href=\"https:\/\/www.grupomedcof.com.br\/blog\/prova-de-titulo-de-endocrinologia-por-que-fazer\/\">curso preparat\u00f3rio<\/a> para as provas de <a href=\"https:\/\/www.grupomedcof.com.br\/blog\/o-que-e-residencia-medica\/\">resid\u00eancia<\/a>, a <a href=\"https:\/\/www.grupomedcof.com.br\/home\/\"><strong>MedCof<\/strong><\/a> oferece uma forma\u00e7\u00e3o completa, baseada nos pilares <strong>te\u00f3rico, cl\u00ednico e pr\u00e1tico<\/strong>.Voc\u00ea estuda o conte\u00fado que cai nas provas, mas tamb\u00e9m desenvolve as habilidades e o racioc\u00ednio necess\u00e1rios para a vida m\u00e9dica real, garantindo seguran\u00e7a, confian\u00e7a e excel\u00eancia no cuidado ao paciente. Seja um MedCofer j\u00e1!<\/p>\n\n\n\n<figure class=\"wp-block-embed is-type-video is-provider-youtube wp-block-embed-youtube wp-embed-aspect-16-9 wp-has-aspect-ratio\"><div class=\"wp-block-embed__wrapper\">\n<div class=\"youtube-embed\" data-video_id=\"7eK2ZR1dXk4\"><iframe loading=\"lazy\" title=\"Entendendo a S\u00edndrome de Cushing: Sintomas e Tratamentos. Com Dra. Mariana Ramos\" width=\"696\" height=\"392\" src=\"https:\/\/www.youtube.com\/embed\/7eK2ZR1dXk4?start=3&#038;feature=oembed\" frameborder=\"0\" allow=\"accelerometer; autoplay; clipboard-write; encrypted-media; gyroscope; picture-in-picture; web-share\" referrerpolicy=\"strict-origin-when-cross-origin\" allowfullscreen><\/iframe><\/div>\n<\/div><\/figure>\n","protected":false},"excerpt":{"rendered":"<p>Saiba o que \u00e9 a Doen\u00e7a de Addison, seus principais sintomas, exames para diagn\u00f3stico (ACTH e cortisol), causas autoimunes e tratamento com corticoides.<\/p>\n","protected":false},"author":18,"featured_media":37325,"comment_status":"closed","ping_status":"closed","sticky":false,"template":"","format":"standard","meta":{"footnotes":""},"categories":[94],"tags":[3128,3129,3103],"ppma_author":[3611],"class_list":{"0":"post-37322","1":"post","2":"type-post","3":"status-publish","4":"format-standard","5":"has-post-thumbnail","7":"category-endocrinologia","8":"tag-addison","9":"tag-insuficiencia-adrenal-primaria","10":"tag-sindrome-de-cushing"},"yoast_head":"<!-- This site is optimized with the Yoast SEO Premium plugin v24.3 (Yoast SEO v27.4) - https:\/\/yoast.com\/product\/yoast-seo-premium-wordpress\/ -->\n<title>Doen\u00e7a de Addison: sintomas, causas, diagn\u00f3stico e tratamento<\/title>\n<meta name=\"description\" content=\"Saiba o que \u00e9 a Doen\u00e7a de Addison, seus principais sintomas, exames para diagn\u00f3stico (ACTH e cortisol), causas autoimunes e tratamento com corticoides.\" \/>\n<meta name=\"robots\" content=\"index, follow, max-snippet:-1, max-image-preview:large, max-video-preview:-1\" \/>\n<link rel=\"canonical\" href=\"https:\/\/www.grupomedcof.com.br\/blog\/doenca-de-addison\/\" \/>\n<meta property=\"og:locale\" content=\"pt_BR\" \/>\n<meta property=\"og:type\" content=\"article\" \/>\n<meta property=\"og:title\" content=\"Doen\u00e7a de Addison: conhe\u00e7a sintomas, causas e tratamentos\" \/>\n<meta property=\"og:description\" content=\"Saiba o que \u00e9 a Doen\u00e7a de Addison, seus principais sintomas, exames para diagn\u00f3stico (ACTH e cortisol), causas autoimunes e tratamento com corticoides.\" \/>\n<meta property=\"og:url\" content=\"https:\/\/www.grupomedcof.com.br\/blog\/doenca-de-addison\/\" \/>\n<meta property=\"og:site_name\" content=\"Blog de Medcof: conte\u00fados, editais, revalida e mais!\" \/>\n<meta property=\"article:publisher\" content=\"https:\/\/www.facebook.com\/MedCofQbank\/\" \/>\n<meta property=\"article:published_time\" content=\"2025-08-27T14:00:00+00:00\" \/>\n<meta property=\"og:image\" content=\"https:\/\/www.grupomedcof.com.br\/blog\/wp-content\/uploads\/2025\/08\/Blog-MedCof-2025-08-25T111234.240-1.jpg\" \/>\n\t<meta property=\"og:image:width\" content=\"1920\" \/>\n\t<meta property=\"og:image:height\" content=\"1080\" \/>\n\t<meta property=\"og:image:type\" content=\"image\/jpeg\" \/>\n<meta name=\"author\" content=\"Leila Menzel\" \/>\n<meta name=\"twitter:card\" content=\"summary_large_image\" \/>\n<meta name=\"twitter:label1\" content=\"Escrito por\" \/>\n\t<meta name=\"twitter:data1\" content=\"Leila Menzel\" \/>\n\t<meta name=\"twitter:label2\" content=\"Est. tempo de leitura\" \/>\n\t<meta name=\"twitter:data2\" content=\"6 minutos\" \/>\n<script type=\"application\/ld+json\" class=\"yoast-schema-graph\">{\"@context\":\"https:\\\/\\\/schema.org\",\"@graph\":[{\"@type\":\"Article\",\"@id\":\"https:\\\/\\\/www.grupomedcof.com.br\\\/blog\\\/doenca-de-addison\\\/#article\",\"isPartOf\":{\"@id\":\"https:\\\/\\\/www.grupomedcof.com.br\\\/blog\\\/doenca-de-addison\\\/\"},\"author\":{\"name\":\"Leila Menzel\",\"@id\":\"https:\\\/\\\/www.grupomedcof.com.br\\\/blog\\\/#\\\/schema\\\/person\\\/2a5527209c17e7eb35bd6a4ebd5c7956\"},\"headline\":\"Doen\u00e7a de Addison: conhe\u00e7a sintomas, causas e tratamentos\",\"datePublished\":\"2025-08-27T14:00:00+00:00\",\"mainEntityOfPage\":{\"@id\":\"https:\\\/\\\/www.grupomedcof.com.br\\\/blog\\\/doenca-de-addison\\\/\"},\"wordCount\":1163,\"publisher\":{\"@id\":\"https:\\\/\\\/www.grupomedcof.com.br\\\/blog\\\/#organization\"},\"image\":{\"@id\":\"https:\\\/\\\/www.grupomedcof.com.br\\\/blog\\\/doenca-de-addison\\\/#primaryimage\"},\"thumbnailUrl\":\"https:\\\/\\\/www.grupomedcof.com.br\\\/blog\\\/wp-content\\\/uploads\\\/2025\\\/08\\\/Blog-MedCof-2025-08-25T111234.240-1.jpg\",\"keywords\":[\"Addison\",\"Insufici\u00eancia Adrenal Prim\u00e1ria\",\"S\u00edndrome de Cushing\"],\"articleSection\":[\"Endocrinologia\"],\"inLanguage\":\"pt-BR\"},{\"@type\":\"WebPage\",\"@id\":\"https:\\\/\\\/www.grupomedcof.com.br\\\/blog\\\/doenca-de-addison\\\/\",\"url\":\"https:\\\/\\\/www.grupomedcof.com.br\\\/blog\\\/doenca-de-addison\\\/\",\"name\":\"Doen\u00e7a de Addison: sintomas, causas, diagn\u00f3stico e tratamento\",\"isPartOf\":{\"@id\":\"https:\\\/\\\/www.grupomedcof.com.br\\\/blog\\\/#website\"},\"primaryImageOfPage\":{\"@id\":\"https:\\\/\\\/www.grupomedcof.com.br\\\/blog\\\/doenca-de-addison\\\/#primaryimage\"},\"image\":{\"@id\":\"https:\\\/\\\/www.grupomedcof.com.br\\\/blog\\\/doenca-de-addison\\\/#primaryimage\"},\"thumbnailUrl\":\"https:\\\/\\\/www.grupomedcof.com.br\\\/blog\\\/wp-content\\\/uploads\\\/2025\\\/08\\\/Blog-MedCof-2025-08-25T111234.240-1.jpg\",\"datePublished\":\"2025-08-27T14:00:00+00:00\",\"description\":\"Saiba o que \u00e9 a Doen\u00e7a de Addison, seus principais sintomas, exames para diagn\u00f3stico (ACTH e cortisol), causas autoimunes e tratamento com corticoides.\",\"breadcrumb\":{\"@id\":\"https:\\\/\\\/www.grupomedcof.com.br\\\/blog\\\/doenca-de-addison\\\/#breadcrumb\"},\"inLanguage\":\"pt-BR\",\"potentialAction\":[{\"@type\":\"ReadAction\",\"target\":[\"https:\\\/\\\/www.grupomedcof.com.br\\\/blog\\\/doenca-de-addison\\\/\"]}]},{\"@type\":\"ImageObject\",\"inLanguage\":\"pt-BR\",\"@id\":\"https:\\\/\\\/www.grupomedcof.com.br\\\/blog\\\/doenca-de-addison\\\/#primaryimage\",\"url\":\"https:\\\/\\\/www.grupomedcof.com.br\\\/blog\\\/wp-content\\\/uploads\\\/2025\\\/08\\\/Blog-MedCof-2025-08-25T111234.240-1.jpg\",\"contentUrl\":\"https:\\\/\\\/www.grupomedcof.com.br\\\/blog\\\/wp-content\\\/uploads\\\/2025\\\/08\\\/Blog-MedCof-2025-08-25T111234.240-1.jpg\",\"width\":1920,\"height\":1080},{\"@type\":\"BreadcrumbList\",\"@id\":\"https:\\\/\\\/www.grupomedcof.com.br\\\/blog\\\/doenca-de-addison\\\/#breadcrumb\",\"itemListElement\":[{\"@type\":\"ListItem\",\"position\":1,\"name\":\"In\u00edcio\",\"item\":\"https:\\\/\\\/www.grupomedcof.com.br\\\/blog\\\/\"},{\"@type\":\"ListItem\",\"position\":2,\"name\":\"Doen\u00e7a de Addison: conhe\u00e7a sintomas, causas e tratamentos\"}]},{\"@type\":\"WebSite\",\"@id\":\"https:\\\/\\\/www.grupomedcof.com.br\\\/blog\\\/#website\",\"url\":\"https:\\\/\\\/www.grupomedcof.com.br\\\/blog\\\/\",\"name\":\"Blog de Medcof: conte\u00fados, editais, revalida e mais!\",\"description\":\"Acesso o blog de MedCof! Seu portal de conte\u00fados sobre resid\u00eancia m\u00e9dica, an\u00e1lise e editais e muito mais. Clique e confira!\",\"publisher\":{\"@id\":\"https:\\\/\\\/www.grupomedcof.com.br\\\/blog\\\/#organization\"},\"alternateName\":\"Blog de Medcof: conte\u00fados, editais, revalida e mais!\",\"potentialAction\":[{\"@type\":\"SearchAction\",\"target\":{\"@type\":\"EntryPoint\",\"urlTemplate\":\"https:\\\/\\\/www.grupomedcof.com.br\\\/blog\\\/?s={search_term_string}\"},\"query-input\":{\"@type\":\"PropertyValueSpecification\",\"valueRequired\":true,\"valueName\":\"search_term_string\"}}],\"inLanguage\":\"pt-BR\"},{\"@type\":\"Organization\",\"@id\":\"https:\\\/\\\/www.grupomedcof.com.br\\\/blog\\\/#organization\",\"name\":\"Grupo MedCof\",\"url\":\"https:\\\/\\\/www.grupomedcof.com.br\\\/blog\\\/\",\"logo\":{\"@type\":\"ImageObject\",\"inLanguage\":\"pt-BR\",\"@id\":\"https:\\\/\\\/www.grupomedcof.com.br\\\/blog\\\/#\\\/schema\\\/logo\\\/image\\\/\",\"url\":\"https:\\\/\\\/www.grupomedcof.com.br\\\/blog\\\/wp-content\\\/uploads\\\/2022\\\/01\\\/logo-medcof.png\",\"contentUrl\":\"https:\\\/\\\/www.grupomedcof.com.br\\\/blog\\\/wp-content\\\/uploads\\\/2022\\\/01\\\/logo-medcof.png\",\"width\":768,\"height\":269,\"caption\":\"Grupo MedCof\"},\"image\":{\"@id\":\"https:\\\/\\\/www.grupomedcof.com.br\\\/blog\\\/#\\\/schema\\\/logo\\\/image\\\/\"},\"sameAs\":[\"https:\\\/\\\/www.facebook.com\\\/MedCofQbank\\\/\",\"https:\\\/\\\/www.instagram.com\\\/grupomedcof\\\/\",\"https:\\\/\\\/br.linkedin.com\\\/company\\\/medcof\",\"https:\\\/\\\/www.youtube.com\\\/channel\\\/UCdHMuOHKICxcHwecxN8P-AA\"]},{\"@type\":\"Person\",\"@id\":\"https:\\\/\\\/www.grupomedcof.com.br\\\/blog\\\/#\\\/schema\\\/person\\\/2a5527209c17e7eb35bd6a4ebd5c7956\",\"name\":\"Leila Menzel\",\"image\":{\"@type\":\"ImageObject\",\"inLanguage\":\"pt-BR\",\"@id\":\"https:\\\/\\\/www.grupomedcof.com.br\\\/blog\\\/wp-content\\\/uploads\\\/2023\\\/04\\\/cropped-cropped-cropped-logo-96x96.png15459389df217b605b4f0cce419ac81a\",\"url\":\"https:\\\/\\\/www.grupomedcof.com.br\\\/blog\\\/wp-content\\\/uploads\\\/2023\\\/04\\\/cropped-cropped-cropped-logo-96x96.png\",\"contentUrl\":\"https:\\\/\\\/www.grupomedcof.com.br\\\/blog\\\/wp-content\\\/uploads\\\/2023\\\/04\\\/cropped-cropped-cropped-logo-96x96.png\",\"caption\":\"Leila Menzel\"},\"description\":\"Estudante do 6\u00b0 semestre de jornalismo, amo e escrevo poesias e viajo em livros de romances clich\u00eas.\",\"url\":\"https:\\\/\\\/www.grupomedcof.com.br\\\/blog\\\/author\\\/leila\\\/\"}]}<\/script>\n<!-- \/ Yoast SEO Premium plugin. -->","yoast_head_json":{"title":"Doen\u00e7a de Addison: sintomas, causas, diagn\u00f3stico e tratamento","description":"Saiba o que \u00e9 a Doen\u00e7a de Addison, seus principais sintomas, exames para diagn\u00f3stico (ACTH e cortisol), causas autoimunes e tratamento com corticoides.","robots":{"index":"index","follow":"follow","max-snippet":"max-snippet:-1","max-image-preview":"max-image-preview:large","max-video-preview":"max-video-preview:-1"},"canonical":"https:\/\/www.grupomedcof.com.br\/blog\/doenca-de-addison\/","og_locale":"pt_BR","og_type":"article","og_title":"Doen\u00e7a de Addison: conhe\u00e7a sintomas, causas e tratamentos","og_description":"Saiba o que \u00e9 a Doen\u00e7a de Addison, seus principais sintomas, exames para diagn\u00f3stico (ACTH e cortisol), causas autoimunes e tratamento com corticoides.","og_url":"https:\/\/www.grupomedcof.com.br\/blog\/doenca-de-addison\/","og_site_name":"Blog de Medcof: conte\u00fados, editais, revalida e mais!","article_publisher":"https:\/\/www.facebook.com\/MedCofQbank\/","article_published_time":"2025-08-27T14:00:00+00:00","og_image":[{"width":1920,"height":1080,"url":"https:\/\/www.grupomedcof.com.br\/blog\/wp-content\/uploads\/2025\/08\/Blog-MedCof-2025-08-25T111234.240-1.jpg","type":"image\/jpeg"}],"author":"Leila Menzel","twitter_card":"summary_large_image","twitter_misc":{"Escrito por":"Leila Menzel","Est. tempo de leitura":"6 minutos"},"schema":{"@context":"https:\/\/schema.org","@graph":[{"@type":"Article","@id":"https:\/\/www.grupomedcof.com.br\/blog\/doenca-de-addison\/#article","isPartOf":{"@id":"https:\/\/www.grupomedcof.com.br\/blog\/doenca-de-addison\/"},"author":{"name":"Leila Menzel","@id":"https:\/\/www.grupomedcof.com.br\/blog\/#\/schema\/person\/2a5527209c17e7eb35bd6a4ebd5c7956"},"headline":"Doen\u00e7a de Addison: conhe\u00e7a sintomas, causas e tratamentos","datePublished":"2025-08-27T14:00:00+00:00","mainEntityOfPage":{"@id":"https:\/\/www.grupomedcof.com.br\/blog\/doenca-de-addison\/"},"wordCount":1163,"publisher":{"@id":"https:\/\/www.grupomedcof.com.br\/blog\/#organization"},"image":{"@id":"https:\/\/www.grupomedcof.com.br\/blog\/doenca-de-addison\/#primaryimage"},"thumbnailUrl":"https:\/\/www.grupomedcof.com.br\/blog\/wp-content\/uploads\/2025\/08\/Blog-MedCof-2025-08-25T111234.240-1.jpg","keywords":["Addison","Insufici\u00eancia Adrenal Prim\u00e1ria","S\u00edndrome de Cushing"],"articleSection":["Endocrinologia"],"inLanguage":"pt-BR"},{"@type":"WebPage","@id":"https:\/\/www.grupomedcof.com.br\/blog\/doenca-de-addison\/","url":"https:\/\/www.grupomedcof.com.br\/blog\/doenca-de-addison\/","name":"Doen\u00e7a de Addison: sintomas, causas, diagn\u00f3stico e tratamento","isPartOf":{"@id":"https:\/\/www.grupomedcof.com.br\/blog\/#website"},"primaryImageOfPage":{"@id":"https:\/\/www.grupomedcof.com.br\/blog\/doenca-de-addison\/#primaryimage"},"image":{"@id":"https:\/\/www.grupomedcof.com.br\/blog\/doenca-de-addison\/#primaryimage"},"thumbnailUrl":"https:\/\/www.grupomedcof.com.br\/blog\/wp-content\/uploads\/2025\/08\/Blog-MedCof-2025-08-25T111234.240-1.jpg","datePublished":"2025-08-27T14:00:00+00:00","description":"Saiba o que \u00e9 a Doen\u00e7a de Addison, seus principais sintomas, exames para diagn\u00f3stico (ACTH e cortisol), causas autoimunes e tratamento com corticoides.","breadcrumb":{"@id":"https:\/\/www.grupomedcof.com.br\/blog\/doenca-de-addison\/#breadcrumb"},"inLanguage":"pt-BR","potentialAction":[{"@type":"ReadAction","target":["https:\/\/www.grupomedcof.com.br\/blog\/doenca-de-addison\/"]}]},{"@type":"ImageObject","inLanguage":"pt-BR","@id":"https:\/\/www.grupomedcof.com.br\/blog\/doenca-de-addison\/#primaryimage","url":"https:\/\/www.grupomedcof.com.br\/blog\/wp-content\/uploads\/2025\/08\/Blog-MedCof-2025-08-25T111234.240-1.jpg","contentUrl":"https:\/\/www.grupomedcof.com.br\/blog\/wp-content\/uploads\/2025\/08\/Blog-MedCof-2025-08-25T111234.240-1.jpg","width":1920,"height":1080},{"@type":"BreadcrumbList","@id":"https:\/\/www.grupomedcof.com.br\/blog\/doenca-de-addison\/#breadcrumb","itemListElement":[{"@type":"ListItem","position":1,"name":"In\u00edcio","item":"https:\/\/www.grupomedcof.com.br\/blog\/"},{"@type":"ListItem","position":2,"name":"Doen\u00e7a de Addison: conhe\u00e7a sintomas, causas e tratamentos"}]},{"@type":"WebSite","@id":"https:\/\/www.grupomedcof.com.br\/blog\/#website","url":"https:\/\/www.grupomedcof.com.br\/blog\/","name":"Blog de Medcof: conte\u00fados, editais, revalida e mais!","description":"Acesso o blog de MedCof! Seu portal de conte\u00fados sobre resid\u00eancia m\u00e9dica, an\u00e1lise e editais e muito mais. Clique e confira!","publisher":{"@id":"https:\/\/www.grupomedcof.com.br\/blog\/#organization"},"alternateName":"Blog de Medcof: conte\u00fados, editais, revalida e mais!","potentialAction":[{"@type":"SearchAction","target":{"@type":"EntryPoint","urlTemplate":"https:\/\/www.grupomedcof.com.br\/blog\/?s={search_term_string}"},"query-input":{"@type":"PropertyValueSpecification","valueRequired":true,"valueName":"search_term_string"}}],"inLanguage":"pt-BR"},{"@type":"Organization","@id":"https:\/\/www.grupomedcof.com.br\/blog\/#organization","name":"Grupo MedCof","url":"https:\/\/www.grupomedcof.com.br\/blog\/","logo":{"@type":"ImageObject","inLanguage":"pt-BR","@id":"https:\/\/www.grupomedcof.com.br\/blog\/#\/schema\/logo\/image\/","url":"https:\/\/www.grupomedcof.com.br\/blog\/wp-content\/uploads\/2022\/01\/logo-medcof.png","contentUrl":"https:\/\/www.grupomedcof.com.br\/blog\/wp-content\/uploads\/2022\/01\/logo-medcof.png","width":768,"height":269,"caption":"Grupo MedCof"},"image":{"@id":"https:\/\/www.grupomedcof.com.br\/blog\/#\/schema\/logo\/image\/"},"sameAs":["https:\/\/www.facebook.com\/MedCofQbank\/","https:\/\/www.instagram.com\/grupomedcof\/","https:\/\/br.linkedin.com\/company\/medcof","https:\/\/www.youtube.com\/channel\/UCdHMuOHKICxcHwecxN8P-AA"]},{"@type":"Person","@id":"https:\/\/www.grupomedcof.com.br\/blog\/#\/schema\/person\/2a5527209c17e7eb35bd6a4ebd5c7956","name":"Leila Menzel","image":{"@type":"ImageObject","inLanguage":"pt-BR","@id":"https:\/\/www.grupomedcof.com.br\/blog\/wp-content\/uploads\/2023\/04\/cropped-cropped-cropped-logo-96x96.png15459389df217b605b4f0cce419ac81a","url":"https:\/\/www.grupomedcof.com.br\/blog\/wp-content\/uploads\/2023\/04\/cropped-cropped-cropped-logo-96x96.png","contentUrl":"https:\/\/www.grupomedcof.com.br\/blog\/wp-content\/uploads\/2023\/04\/cropped-cropped-cropped-logo-96x96.png","caption":"Leila Menzel"},"description":"Estudante do 6\u00b0 semestre de jornalismo, amo e escrevo poesias e viajo em livros de romances clich\u00eas.","url":"https:\/\/www.grupomedcof.com.br\/blog\/author\/leila\/"}]}},"authors":[{"term_id":3611,"user_id":18,"is_guest":0,"slug":"leila","display_name":"Leila Menzel","avatar_url":"https:\/\/www.grupomedcof.com.br\/blog\/wp-content\/uploads\/2023\/04\/cropped-cropped-cropped-logo-96x96.png","0":null,"1":"","2":"","3":"","4":"","5":"","6":"","7":"","8":""}],"_links":{"self":[{"href":"https:\/\/www.grupomedcof.com.br\/blog\/wp-json\/wp\/v2\/posts\/37322","targetHints":{"allow":["GET"]}}],"collection":[{"href":"https:\/\/www.grupomedcof.com.br\/blog\/wp-json\/wp\/v2\/posts"}],"about":[{"href":"https:\/\/www.grupomedcof.com.br\/blog\/wp-json\/wp\/v2\/types\/post"}],"author":[{"embeddable":true,"href":"https:\/\/www.grupomedcof.com.br\/blog\/wp-json\/wp\/v2\/users\/18"}],"replies":[{"embeddable":true,"href":"https:\/\/www.grupomedcof.com.br\/blog\/wp-json\/wp\/v2\/comments?post=37322"}],"version-history":[{"count":1,"href":"https:\/\/www.grupomedcof.com.br\/blog\/wp-json\/wp\/v2\/posts\/37322\/revisions"}],"predecessor-version":[{"id":37326,"href":"https:\/\/www.grupomedcof.com.br\/blog\/wp-json\/wp\/v2\/posts\/37322\/revisions\/37326"}],"wp:featuredmedia":[{"embeddable":true,"href":"https:\/\/www.grupomedcof.com.br\/blog\/wp-json\/wp\/v2\/media\/37325"}],"wp:attachment":[{"href":"https:\/\/www.grupomedcof.com.br\/blog\/wp-json\/wp\/v2\/media?parent=37322"}],"wp:term":[{"taxonomy":"category","embeddable":true,"href":"https:\/\/www.grupomedcof.com.br\/blog\/wp-json\/wp\/v2\/categories?post=37322"},{"taxonomy":"post_tag","embeddable":true,"href":"https:\/\/www.grupomedcof.com.br\/blog\/wp-json\/wp\/v2\/tags?post=37322"},{"taxonomy":"author","embeddable":true,"href":"https:\/\/www.grupomedcof.com.br\/blog\/wp-json\/wp\/v2\/ppma_author?post=37322"}],"curies":[{"name":"wp","href":"https:\/\/api.w.org\/{rel}","templated":true}]}}