{"id":3744,"date":"2023-02-08T15:52:59","date_gmt":"2023-02-08T18:52:59","guid":{"rendered":"https:\/\/www.grupomedcof.com.br\/blog\/?p=3744"},"modified":"2023-02-08T15:52:59","modified_gmt":"2023-02-08T18:52:59","slug":"resultado-residencia-medica-usp-2023","status":"publish","type":"post","link":"https:\/\/www.grupomedcof.com.br\/blog\/resultado-residencia-medica-usp-2023\/","title":{"rendered":"Resultado Resid\u00eancia M\u00e9dica USP-2023"},"content":{"rendered":"<div id=\"ez-toc-container\" class=\"ez-toc-v2_0_74 counter-hierarchy ez-toc-counter ez-toc-transparent ez-toc-container-direction\">\n<div class=\"ez-toc-title-container\">\n<p class=\"ez-toc-title\" style=\"cursor:inherit\">Sum\u00e1rio<\/p>\n<span class=\"ez-toc-title-toggle\"><a href=\"#\" class=\"ez-toc-pull-right ez-toc-btn ez-toc-btn-xs ez-toc-btn-default ez-toc-toggle\" aria-label=\"Alternar tabela de conte\u00fado\"><span class=\"ez-toc-js-icon-con\"><span class=\"\"><span class=\"eztoc-hide\" style=\"display:none;\">Toggle<\/span><span class=\"ez-toc-icon-toggle-span\"><svg style=\"fill: #999;color:#999\" xmlns=\"http:\/\/www.w3.org\/2000\/svg\" class=\"list-377408\" width=\"20px\" height=\"20px\" viewBox=\"0 0 24 24\" fill=\"none\"><path d=\"M6 6H4v2h2V6zm14 0H8v2h12V6zM4 11h2v2H4v-2zm16 0H8v2h12v-2zM4 16h2v2H4v-2zm16 0H8v2h12v-2z\" fill=\"currentColor\"><\/path><\/svg><svg style=\"fill: #999;color:#999\" class=\"arrow-unsorted-368013\" xmlns=\"http:\/\/www.w3.org\/2000\/svg\" width=\"10px\" height=\"10px\" viewBox=\"0 0 24 24\" version=\"1.2\" baseProfile=\"tiny\"><path d=\"M18.2 9.3l-6.2-6.3-6.2 6.3c-.2.2-.3.4-.3.7s.1.5.3.7c.2.2.4.3.7.3h11c.3 0 .5-.1.7-.3.2-.2.3-.5.3-.7s-.1-.5-.3-.7zM5.8 14.7l6.2 6.3 6.2-6.3c.2-.2.3-.5.3-.7s-.1-.5-.3-.7c-.2-.2-.4-.3-.7-.3h-11c-.3 0-.5.1-.7.3-.2.2-.3.5-.3.7s.1.5.3.7z\"\/><\/svg><\/span><\/span><\/span><\/a><\/span><\/div>\n<nav><ul class='ez-toc-list ez-toc-list-level-1 ' ><li class='ez-toc-page-1 ez-toc-heading-level-2'><a class=\"ez-toc-link ez-toc-heading-1\" href=\"https:\/\/www.grupomedcof.com.br\/blog\/resultado-residencia-medica-usp-2023\/#Sobre_o_processo_seletivo_USP-2023\" >Sobre o processo seletivo USP-2023<\/a><ul class='ez-toc-list-level-3' ><li class='ez-toc-heading-level-3'><a class=\"ez-toc-link ez-toc-heading-2\" href=\"https:\/\/www.grupomedcof.com.br\/blog\/resultado-residencia-medica-usp-2023\/#Acesso_Direto\" >Acesso Direto<\/a><\/li><li class='ez-toc-page-1 ez-toc-heading-level-3'><a class=\"ez-toc-link ez-toc-heading-3\" href=\"https:\/\/www.grupomedcof.com.br\/blog\/resultado-residencia-medica-usp-2023\/#Pre-Requisitos\" >Pr\u00e9-Requisitos<\/a><\/li><li class='ez-toc-page-1 ez-toc-heading-level-3'><a class=\"ez-toc-link ez-toc-heading-4\" href=\"https:\/\/www.grupomedcof.com.br\/blog\/resultado-residencia-medica-usp-2023\/#Areas_de_Atuacao\" >\u00c1reas de Atua\u00e7\u00e3o<\/a><\/li><li class='ez-toc-page-1 ez-toc-heading-level-3'><a class=\"ez-toc-link ez-toc-heading-5\" href=\"https:\/\/www.grupomedcof.com.br\/blog\/resultado-residencia-medica-usp-2023\/#Anos_Adicionais\" >Anos Adicionais<\/a><\/li><\/ul><\/li><li class='ez-toc-page-1 ez-toc-heading-level-2'><a class=\"ez-toc-link ez-toc-heading-6\" href=\"https:\/\/www.grupomedcof.com.br\/blog\/resultado-residencia-medica-usp-2023\/#Concorrencia\" >Concorr\u00eancia<\/a><\/li><li class='ez-toc-page-1 ez-toc-heading-level-2'><a class=\"ez-toc-link ez-toc-heading-7\" href=\"https:\/\/www.grupomedcof.com.br\/blog\/resultado-residencia-medica-usp-2023\/#Matriculas_USP-SP_2023\" >Matr\u00edculas USP-SP 2023<\/a><\/li><li class='ez-toc-page-1 ez-toc-heading-level-2'><a class=\"ez-toc-link ez-toc-heading-8\" href=\"https:\/\/www.grupomedcof.com.br\/blog\/resultado-residencia-medica-usp-2023\/#Conquiste_a_aprovacao\" >Conquiste a aprova\u00e7\u00e3o<\/a><\/li><\/ul><\/nav><\/div>\n<p>Nesta quarta-feira, dia 8 de fevereiro, \u00e0s 12h, a Fuvest divulga o&nbsp;resultado definitivo do processo seletivo para Resid\u00eancia M\u00e9dica USP-SP 2023! E ap\u00f3s passar pelas duas etapas de avalia\u00e7\u00e3o e interpor pelos poss\u00edveis recursos, voc\u00ea pode conferir a sua aprova\u00e7\u00e3o e classifica\u00e7\u00e3o atrav\u00e9s do <a href=\"https:\/\/app.fuvest.br\/login\">site<\/a>!<\/p>\n<h4>\n\t\t\t\tO que voc\u00ea ver\u00e1:\t\t\t<\/h4>\n<h2><span class=\"ez-toc-section\" id=\"Sobre_o_processo_seletivo_USP-2023\"><\/span>Sobre o processo seletivo USP-2023<span class=\"ez-toc-section-end\"><\/span><\/h2>\n<p>Ocorreram algumas mudan\u00e7as no processo seletivo para <strong>Resid\u00eancia M\u00e9dica USP-SP 2023<\/strong>, um exemplo foi a implementa\u00e7\u00e3o de uma nova banca e o processo seletivo passar a estar sob responsabilidade da Fuvest (Funda\u00e7\u00e3o Universit\u00e1ria para o Vestibular).<\/p>\n<p>Al\u00e9m disso, foram ofertadas 714 vagas (37 reservadas para For\u00e7as Armadas) e distribu\u00eddas entre as especialidades de Acesso Direto, com Pr\u00e9-requisitos, \u00e1reas de atua\u00e7\u00e3o e especialidades de anos adicionais. Veja abaixo as vagas em cada \u00e1rea:<\/p>\n<h3><span class=\"ez-toc-section\" id=\"Acesso_Direto\"><\/span>Acesso Direto<span class=\"ez-toc-section-end\"><\/span><\/h3>\n<figure>\n<table>\n<thead>\n<tr>\n<th>Especialidades<\/th>\n<th data-align=\"center\">Vagas Ofertadas<\/th>\n<th data-align=\"center\">Vagas Reservadas<\/th>\n<\/tr>\n<\/thead>\n<tbody>\n<tr>\n<td>Cl\u00ednica M\u00e9dica<\/td>\n<td data-align=\"center\">42 + 12*<\/td>\n<td data-align=\"center\">6<\/td>\n<\/tr>\n<tr>\n<td>Medicina Preventiva e Social<\/td>\n<td data-align=\"center\">5<\/td>\n<td data-align=\"center\">\u2013<\/td>\n<\/tr>\n<tr>\n<td>Medicina de Fam\u00edlia e Comunidade<\/td>\n<td data-align=\"center\">10<\/td>\n<td data-align=\"center\">\u2013<\/td>\n<\/tr>\n<tr>\n<td>Obstetr\u00edcia e Ginecologia<\/td>\n<td data-align=\"center\">16<\/td>\n<td data-align=\"center\">\u2013<\/td>\n<\/tr>\n<tr>\n<td>Pediatria<\/td>\n<td data-align=\"center\">38<\/td>\n<td data-align=\"center\">2<\/td>\n<\/tr>\n<tr>\n<td>Acupuntura<\/td>\n<td data-align=\"center\">1<\/td>\n<td data-align=\"center\">\u00a0<\/td>\n<\/tr>\n<tr>\n<td>Anestesiologia<\/td>\n<td data-align=\"center\">33<\/td>\n<td data-align=\"center\">2<\/td>\n<\/tr>\n<tr>\n<td>Cirurgia Cardiovascular<\/td>\n<td data-align=\"center\">4+2*<\/td>\n<td data-align=\"center\">\u00a0<\/td>\n<\/tr>\n<tr>\n<td>Cirurgia Geral<\/td>\n<td data-align=\"center\">17<\/td>\n<td data-align=\"center\">7<\/td>\n<\/tr>\n<tr>\n<td>Dermatologia<\/td>\n<td data-align=\"center\">10<\/td>\n<td data-align=\"center\">\u00a0<\/td>\n<\/tr>\n<tr>\n<td>Gen\u00e9tica M\u00e9dica<\/td>\n<td data-align=\"center\">2+3*<\/td>\n<td data-align=\"center\">\u00a0<\/td>\n<\/tr>\n<tr>\n<td>Infectologia<\/td>\n<td data-align=\"center\">7<\/td>\n<td data-align=\"center\">1<\/td>\n<\/tr>\n<tr>\n<td>Medicina de Emerg\u00eancia<\/td>\n<td data-align=\"center\">23*<\/td>\n<td data-align=\"center\">1*<\/td>\n<\/tr>\n<tr>\n<td>Medicina do Trabalho<\/td>\n<td data-align=\"center\">2<\/td>\n<td data-align=\"center\">\u00a0<\/td>\n<\/tr>\n<tr>\n<td>Medicina Esportiva<\/td>\n<td data-align=\"center\">5<\/td>\n<td data-align=\"center\">1<\/td>\n<\/tr>\n<tr>\n<td>Medicina F\u00edsica e Reabilita\u00e7\u00e3o<\/td>\n<td data-align=\"center\">10<\/td>\n<td data-align=\"center\">\u00a0<\/td>\n<\/tr>\n<tr>\n<td>Medicina Intensiva<\/td>\n<td data-align=\"center\">9<\/td>\n<td data-align=\"center\">1<\/td>\n<\/tr>\n<tr>\n<td>Medicina Legal e Per\u00edcia M\u00e9dica<\/td>\n<td data-align=\"center\">1 + 2*<\/td>\n<td data-align=\"center\">1 + 1*<\/td>\n<\/tr>\n<tr>\n<td>Medicina Nuclear<\/td>\n<td data-align=\"center\">5<\/td>\n<td data-align=\"center\">\u00a0<\/td>\n<\/tr>\n<tr>\n<td>Neurocirurgia<\/td>\n<td data-align=\"center\">3<\/td>\n<td data-align=\"center\">1<\/td>\n<\/tr>\n<tr>\n<td>Neurologia<\/td>\n<td data-align=\"center\">12<\/td>\n<td data-align=\"center\">\u00a0<\/td>\n<\/tr>\n<tr>\n<td>Oftalmologia<\/td>\n<td data-align=\"center\">14<\/td>\n<td data-align=\"center\">\u00a0<\/td>\n<\/tr>\n<tr>\n<td>Ortopedia e Traumatologia<\/td>\n<td data-align=\"center\">12<\/td>\n<td data-align=\"center\">6<\/td>\n<\/tr>\n<tr>\n<td>Otorrinolaringologia<\/td>\n<td data-align=\"center\">4<\/td>\n<td data-align=\"center\">2<\/td>\n<\/tr>\n<tr>\n<td>Patologia<\/td>\n<td data-align=\"center\">8<\/td>\n<td data-align=\"center\">1<\/td>\n<\/tr>\n<tr>\n<td>Patologia Cl\u00ednica\/Medicina Laboratorial<\/td>\n<td data-align=\"center\">2<\/td>\n<td data-align=\"center\">\u00a0<\/td>\n<\/tr>\n<tr>\n<td>Psiquiatria<\/td>\n<td data-align=\"center\">18<\/td>\n<td data-align=\"center\">2<\/td>\n<\/tr>\n<tr>\n<td>Radiologia e Diagn\u00f3stico por Imagem<\/td>\n<td data-align=\"center\">20<\/td>\n<td data-align=\"center\">2<\/td>\n<\/tr>\n<tr>\n<td>Radioterapia<\/td>\n<td data-align=\"center\">3<\/td>\n<td data-align=\"center\">\u00a0<\/td>\n<\/tr>\n<tr>\n<td><strong>Total de vagas<\/strong><\/td>\n<td data-align=\"center\"><strong>355<\/strong><\/td>\n<td data-align=\"center\"><strong>37<\/strong><\/td>\n<\/tr>\n<\/tbody>\n<\/table>\n<\/figure>\n<h3><span class=\"ez-toc-section\" id=\"Pre-Requisitos\"><\/span>Pr\u00e9-Requisitos<span class=\"ez-toc-section-end\"><\/span><\/h3>\n<figure>\n<table>\n<thead>\n<tr>\n<th>Especialidades<\/th>\n<th data-align=\"center\">Vagas<\/th>\n<\/tr>\n<\/thead>\n<tbody>\n<tr>\n<td>Cirurgia de Cabe\u00e7a e Pesco\u00e7o<\/td>\n<td data-align=\"center\">5<\/td>\n<\/tr>\n<tr>\n<td>Cirurgia da M\u00e3o<\/td>\n<td data-align=\"center\">4<\/td>\n<\/tr>\n<tr>\n<td>Endoscopia<\/td>\n<td data-align=\"center\">4 + 4*<\/td>\n<\/tr>\n<tr>\n<td>Mastologia<\/td>\n<td data-align=\"center\">5<\/td>\n<\/tr>\n<tr>\n<td>Nutrologia<\/td>\n<td data-align=\"center\">2<\/td>\n<\/tr>\n<tr>\n<td><strong>Total de vagas<\/strong><\/td>\n<td data-align=\"center\"><strong>24<\/strong><\/td>\n<\/tr>\n<\/tbody>\n<\/table>\n<\/figure>\n<h3><span class=\"ez-toc-section\" id=\"Areas_de_Atuacao\"><\/span>\u00c1reas de Atua\u00e7\u00e3o<span class=\"ez-toc-section-end\"><\/span><\/h3>\n<figure>\n<table>\n<thead>\n<tr>\n<th>Especialidades<\/th>\n<th data-align=\"center\">Vagas<\/th>\n<\/tr>\n<\/thead>\n<tbody>\n<tr>\n<td>Cirurgia Geral<\/td>\n<td data-align=\"center\">4<\/td>\n<\/tr>\n<tr>\n<td>Dor<\/td>\n<td data-align=\"center\">3<\/td>\n<\/tr>\n<tr>\n<td>Endoscopia Digestiva<\/td>\n<td data-align=\"center\">1 + 1*<\/td>\n<\/tr>\n<tr>\n<td>Endoscopia Ginecol\u00f3gica<\/td>\n<td data-align=\"center\">1 + 1*<\/td>\n<\/tr>\n<tr>\n<td>Hepatologia<\/td>\n<td data-align=\"center\">3*<\/td>\n<\/tr>\n<tr>\n<td>Medicina do Sono<\/td>\n<td data-align=\"center\">2 + 4*<\/td>\n<\/tr>\n<tr>\n<td>Medicina Fetal<\/td>\n<td data-align=\"center\">2 + 2*<\/td>\n<\/tr>\n<tr>\n<td>Medicina Tropical<\/td>\n<td data-align=\"center\">2*<\/td>\n<\/tr>\n<tr>\n<td>neurorradiologia<\/td>\n<td data-align=\"center\">1*<\/td>\n<\/tr>\n<tr>\n<td>Psicogeriatria<\/td>\n<td data-align=\"center\">3<\/td>\n<\/tr>\n<tr>\n<td>Psicoterapia<\/td>\n<td data-align=\"center\">2<\/td>\n<\/tr>\n<tr>\n<td>Psiquiatria da Inf\u00e2ncia e da Adolesc\u00eancia<\/td>\n<td data-align=\"center\">6<\/td>\n<\/tr>\n<tr>\n<td>Psiquiatria Forense<\/td>\n<td data-align=\"center\">2<\/td>\n<\/tr>\n<tr>\n<td>Transplante de Cora\u00e7\u00e3o (Cardiologia)<\/td>\n<td data-align=\"center\">3*<\/td>\n<\/tr>\n<tr>\n<td>Transplante de Cora\u00e7\u00e3o (Cirurgia Cardiovascular)<\/td>\n<td data-align=\"center\">2*<\/td>\n<\/tr>\n<tr>\n<td>Transplante de F\u00edgado (Cirurgia do Aparelho Digestivo, Cirurgia Geral)<\/td>\n<td data-align=\"center\">2*<\/td>\n<\/tr>\n<tr>\n<td>Transplante de F\u00edgado (Cirurgia Pedi\u00e1trica)<\/td>\n<td data-align=\"center\">1*<\/td>\n<\/tr>\n<tr>\n<td>Transplante de F\u00edgado (Gastroenterologia)<\/td>\n<td data-align=\"center\">2*<\/td>\n<\/tr>\n<tr>\n<td>Transplante de Medula \u00d3ssea<\/td>\n<td data-align=\"center\">2*<\/td>\n<\/tr>\n<tr>\n<td>Transplante de Pulm\u00e3o (Cirurgia Tor\u00e1cica)<\/td>\n<td data-align=\"center\">1*<\/td>\n<\/tr>\n<tr>\n<td>Transplante de Pulm\u00e3o (Pneumologia)<\/td>\n<td data-align=\"center\">1*<\/td>\n<\/tr>\n<tr>\n<td>Transplante de Rim (Nefrologia)<\/td>\n<td data-align=\"center\">2*<\/td>\n<\/tr>\n<tr>\n<td>Transplante de Rim (Urologia)<\/td>\n<td data-align=\"center\">2*<\/td>\n<\/tr>\n<tr>\n<td><strong>Total de vagas<\/strong><\/td>\n<td data-align=\"center\"><strong>58<\/strong><\/td>\n<\/tr>\n<\/tbody>\n<\/table>\n<\/figure>\n<h3><span class=\"ez-toc-section\" id=\"Anos_Adicionais\"><\/span>Anos Adicionais<span class=\"ez-toc-section-end\"><\/span><\/h3>\n<figure>\n<table>\n<thead>\n<tr>\n<th>Especialidades<\/th>\n<th data-align=\"center\">Vagas<\/th>\n<\/tr>\n<\/thead>\n<tbody>\n<tr>\n<td>Endocrinologia<\/td>\n<td data-align=\"center\">1<\/td>\n<\/tr>\n<tr>\n<td>Medicina Nuclear<\/td>\n<td data-align=\"center\">6*<\/td>\n<\/tr>\n<tr>\n<td>Obstetr\u00edcia e Ginecologia<\/td>\n<td data-align=\"center\">2<\/td>\n<\/tr>\n<tr>\n<td>Patologia Cl\u00ednica\/Medicina Laboratorial<\/td>\n<td data-align=\"center\">1<\/td>\n<\/tr>\n<tr>\n<td>Psiquiatria<\/td>\n<td data-align=\"center\">2<\/td>\n<\/tr>\n<tr>\n<td><strong>Total de vagas<\/strong><\/td>\n<td data-align=\"center\"><strong>12<\/strong><\/td>\n<\/tr>\n<\/tbody>\n<\/table>\n<\/figure>\n<p>*Previs\u00e3o de bolsas provenientes do Minist\u00e9rio da Sa\u00fade<\/p>\n<h2><span class=\"ez-toc-section\" id=\"Concorrencia\"><\/span>Concorr\u00eancia<span class=\"ez-toc-section-end\"><\/span><\/h2>\n<p>Em Acesso Direto, Neurocirurgia foi a \u00e1rea mais concorrida, pois somou aproximadamente 67,33 candidatos por vaga, seguida por Otorrinolaringologia com 51,50 e Dermatologia com 40,10. As especialidades de menor concorr\u00eancia foram Patologia Cl\u00ednica\/Medicina Laboratorial, Radioterapia e Acupuntura com 2,0, 2,6 e 3,0 respectivamente.<\/p>\n<p>Entretanto, nas especialidades cl\u00ednicas, Endocrinologia, Gastroenterologia e Oncologia Cl\u00ednica tiveram a maior rela\u00e7\u00e3o candidato por vaga, com 11,60, 9,13 e 8,43 respectivamente. Em cirurgia, a \u00e1rea mais concorrida foi Cirurgia Pl\u00e1stica com 25,14.<\/p>\n<h2><span class=\"ez-toc-section\" id=\"Matriculas_USP-SP_2023\"><\/span>Matr\u00edculas USP-SP 2023<span class=\"ez-toc-section-end\"><\/span><\/h2>\n<p>Em suma, o processo seletivo para <strong>Resid\u00eancia M\u00e9dica USP-SP 2023<\/strong> envolveu muita prepara\u00e7\u00e3o e expectativa, portanto, atente-se as datas de matr\u00edcula! Elas ocorrer\u00e3o entre nos dias<strong> 10, 13 e 14 de fevereiro<\/strong> pelo site da Fuvest, j\u00e1 em rela\u00e7\u00e3o \u00e0 lista de candidatos excedentes para matr\u00edcula, ela estar\u00e1 dispon\u00edvel no dia 16.<\/p>\n<h2><span class=\"ez-toc-section\" id=\"Conquiste_a_aprovacao\"><\/span>Conquiste a aprova\u00e7\u00e3o<span class=\"ez-toc-section-end\"><\/span><\/h2>\n<p>Desse modo, se o seu resultado no<strong> processo seletivo para Resid\u00eancia M\u00e9dica USP-SP 2023 <\/strong>n\u00e3o atingiu o esperado ou caso queira se preparar para o pr\u00f3ximo ano, visite nosso site e confira nossos <a href=\"https:\/\/www.grupomedcof.com.br\/?gclid=CjwKCAiAioifBhAXEiwApzCztszAcaZ-9qforJfXpCsOC1MKYqOKbLkETzdFm3LvSF_vvsE6c3dzlxoCZ2UQAvD_BwE\">cursos<\/a>! A Medcof, j\u00e1 levou diversos alunos \u00e0s melhores classifica\u00e7\u00f5es nas melhores institui\u00e7\u00f5es dos pa\u00eds.<\/p>\n<p><strong>Leia tamb\u00e9m <\/strong><a style=\"font-size: 16px;\" href=\"https:\/\/www.grupomedcof.com.br\/blog\/residencia-medica-unicamp-2023-confira-o-edital\/\">Resid\u00eancia M\u00e9dica Unicamp 2023: confira o edital!<\/a><\/p>\n<h5>\u00a0<\/h5>\n","protected":false},"excerpt":{"rendered":"<p>Nesta quarta-feira, dia 8 de fevereiro, \u00e0s 12h, a Fuvest divulga o&nbsp;resultado definitivo do processo seletivo para Resid\u00eancia M\u00e9dica USP-SP 2023! E ap\u00f3s passar pelas duas etapas de avalia\u00e7\u00e3o e interpor pelos poss\u00edveis recursos, voc\u00ea pode conferir a sua aprova\u00e7\u00e3o e classifica\u00e7\u00e3o atrav\u00e9s do site! O que voc\u00ea ver\u00e1: Sobre o processo seletivo USP-2023 Ocorreram [&hellip;]<\/p>\n","protected":false},"author":6,"featured_media":2205,"comment_status":"open","ping_status":"open","sticky":false,"template":"","format":"standard","meta":{"footnotes":""},"categories":[174],"tags":[93,68,13],"ppma_author":[3609],"class_list":{"0":"post-3744","1":"post","2":"type-post","3":"status-publish","4":"format-standard","5":"has-post-thumbnail","7":"category-residencia-medica","8":"tag-especialidades-medicas","9":"tag-residencia-medica","10":"tag-usp-sp"},"yoast_head":"<!-- This site is optimized with the Yoast SEO Premium plugin v24.3 (Yoast SEO v27.4) - https:\/\/yoast.com\/product\/yoast-seo-premium-wordpress\/ -->\n<title>Resultado Resid\u00eancia M\u00e9dica USP-2023 - Blog de Medcof: conte\u00fados, editais, revalida e mais!<\/title>\n<meta name=\"description\" content=\"Foi divulgado o resultado para Resid\u00eancia M\u00e9dica USP-SP 2023 pela Fuvest. Os aprovados ter\u00e3o at\u00e9 o dia 14 de fevereiro para se matricularem.\" \/>\n<meta name=\"robots\" content=\"index, follow, max-snippet:-1, max-image-preview:large, max-video-preview:-1\" \/>\n<link rel=\"canonical\" href=\"https:\/\/www.grupomedcof.com.br\/blog\/resultado-residencia-medica-usp-2023\/\" \/>\n<meta property=\"og:locale\" content=\"pt_BR\" \/>\n<meta property=\"og:type\" content=\"article\" \/>\n<meta property=\"og:title\" content=\"Resultado Resid\u00eancia M\u00e9dica USP-2023 -- Blog de Medcof: conte\u00fados, editais, revalida e mais!\" \/>\n<meta property=\"og:description\" content=\"Foi divulgado o resultado para Resid\u00eancia m\u00e9dica: editais, resultados, temas quentes e mais USP-SP 2023 pela Fuvest.\" \/>\n<meta property=\"og:url\" content=\"https:\/\/www.grupomedcof.com.br\/blog\/resultado-residencia-medica-usp-2023\/\" \/>\n<meta property=\"og:site_name\" content=\"Blog de Medcof: conte\u00fados, editais, revalida e mais!\" \/>\n<meta property=\"article:publisher\" content=\"https:\/\/www.facebook.com\/MedCofQbank\/\" \/>\n<meta property=\"article:published_time\" content=\"2023-02-08T18:52:59+00:00\" \/>\n<meta property=\"og:image\" content=\"https:\/\/www.grupomedcof.com.br\/blog\/wp-content\/uploads\/2022\/09\/usp-sp.png\" \/>\n\t<meta property=\"og:image:width\" content=\"2240\" \/>\n\t<meta property=\"og:image:height\" content=\"1260\" \/>\n\t<meta property=\"og:image:type\" content=\"image\/png\" \/>\n<meta name=\"author\" content=\"J\u00falia Moreira\" \/>\n<meta name=\"twitter:card\" content=\"summary_large_image\" \/>\n<meta name=\"twitter:title\" content=\"Resultado Resid\u00eancia M\u00e9dica USP-2023 -Blog de Medcof: conte\u00fados, editais, revalida e mais!\" \/>\n<meta name=\"twitter:description\" content=\"Foi divulgado o resultado para Resid\u00eancia m\u00e9dica: editais, resultados, temas quentes e mais USP-SP 2023 pela Fuvest.\" \/>\n<meta name=\"twitter:label1\" content=\"Escrito por\" \/>\n\t<meta name=\"twitter:data1\" content=\"J\u00falia Moreira\" \/>\n\t<meta name=\"twitter:label2\" content=\"Est. tempo de leitura\" \/>\n\t<meta name=\"twitter:data2\" content=\"6 minutos\" \/>\n<script type=\"application\/ld+json\" class=\"yoast-schema-graph\">{\"@context\":\"https:\\\/\\\/schema.org\",\"@graph\":[{\"@type\":\"Article\",\"@id\":\"https:\\\/\\\/www.grupomedcof.com.br\\\/blog\\\/resultado-residencia-medica-usp-2023\\\/#article\",\"isPartOf\":{\"@id\":\"https:\\\/\\\/www.grupomedcof.com.br\\\/blog\\\/resultado-residencia-medica-usp-2023\\\/\"},\"author\":{\"name\":\"J\u00falia Moreira\",\"@id\":\"https:\\\/\\\/www.grupomedcof.com.br\\\/blog\\\/#\\\/schema\\\/person\\\/1375e0ce724529d7a1d8156ea7f8ceaa\"},\"headline\":\"Resultado Resid\u00eancia M\u00e9dica USP-2023\",\"datePublished\":\"2023-02-08T18:52:59+00:00\",\"mainEntityOfPage\":{\"@id\":\"https:\\\/\\\/www.grupomedcof.com.br\\\/blog\\\/resultado-residencia-medica-usp-2023\\\/\"},\"wordCount\":584,\"commentCount\":0,\"publisher\":{\"@id\":\"https:\\\/\\\/www.grupomedcof.com.br\\\/blog\\\/#organization\"},\"image\":{\"@id\":\"https:\\\/\\\/www.grupomedcof.com.br\\\/blog\\\/resultado-residencia-medica-usp-2023\\\/#primaryimage\"},\"thumbnailUrl\":\"https:\\\/\\\/www.grupomedcof.com.br\\\/blog\\\/wp-content\\\/uploads\\\/2022\\\/09\\\/usp-sp.png\",\"keywords\":[\"Especialidades m\u00e9dicas\",\"Resid\u00eancia M\u00e9dica\",\"USP-SP\"],\"articleSection\":[\"Resid\u00eancia m\u00e9dica: editais, resultados, temas quentes e mais\"],\"inLanguage\":\"pt-BR\"},{\"@type\":\"WebPage\",\"@id\":\"https:\\\/\\\/www.grupomedcof.com.br\\\/blog\\\/resultado-residencia-medica-usp-2023\\\/\",\"url\":\"https:\\\/\\\/www.grupomedcof.com.br\\\/blog\\\/resultado-residencia-medica-usp-2023\\\/\",\"name\":\"Resultado Resid\u00eancia M\u00e9dica USP-2023 - Blog de Medcof: conte\u00fados, editais, revalida e mais!\",\"isPartOf\":{\"@id\":\"https:\\\/\\\/www.grupomedcof.com.br\\\/blog\\\/#website\"},\"primaryImageOfPage\":{\"@id\":\"https:\\\/\\\/www.grupomedcof.com.br\\\/blog\\\/resultado-residencia-medica-usp-2023\\\/#primaryimage\"},\"image\":{\"@id\":\"https:\\\/\\\/www.grupomedcof.com.br\\\/blog\\\/resultado-residencia-medica-usp-2023\\\/#primaryimage\"},\"thumbnailUrl\":\"https:\\\/\\\/www.grupomedcof.com.br\\\/blog\\\/wp-content\\\/uploads\\\/2022\\\/09\\\/usp-sp.png\",\"datePublished\":\"2023-02-08T18:52:59+00:00\",\"description\":\"Foi divulgado o resultado para Resid\u00eancia M\u00e9dica USP-SP 2023 pela Fuvest. Os aprovados ter\u00e3o at\u00e9 o dia 14 de fevereiro para se matricularem.\",\"breadcrumb\":{\"@id\":\"https:\\\/\\\/www.grupomedcof.com.br\\\/blog\\\/resultado-residencia-medica-usp-2023\\\/#breadcrumb\"},\"inLanguage\":\"pt-BR\",\"potentialAction\":[{\"@type\":\"ReadAction\",\"target\":[\"https:\\\/\\\/www.grupomedcof.com.br\\\/blog\\\/resultado-residencia-medica-usp-2023\\\/\"]}]},{\"@type\":\"ImageObject\",\"inLanguage\":\"pt-BR\",\"@id\":\"https:\\\/\\\/www.grupomedcof.com.br\\\/blog\\\/resultado-residencia-medica-usp-2023\\\/#primaryimage\",\"url\":\"https:\\\/\\\/www.grupomedcof.com.br\\\/blog\\\/wp-content\\\/uploads\\\/2022\\\/09\\\/usp-sp.png\",\"contentUrl\":\"https:\\\/\\\/www.grupomedcof.com.br\\\/blog\\\/wp-content\\\/uploads\\\/2022\\\/09\\\/usp-sp.png\",\"width\":2240,\"height\":1260,\"caption\":\"Para os m\u00e9dicos que prestaram para o processo seletivo de Resid\u00eancia M\u00e9dica USP-SP 2023, confira as principais informa\u00e7\u00f5es!\"},{\"@type\":\"BreadcrumbList\",\"@id\":\"https:\\\/\\\/www.grupomedcof.com.br\\\/blog\\\/resultado-residencia-medica-usp-2023\\\/#breadcrumb\",\"itemListElement\":[{\"@type\":\"ListItem\",\"position\":1,\"name\":\"In\u00edcio\",\"item\":\"https:\\\/\\\/www.grupomedcof.com.br\\\/blog\\\/\"},{\"@type\":\"ListItem\",\"position\":2,\"name\":\"Resultado Resid\u00eancia M\u00e9dica USP-2023\"}]},{\"@type\":\"WebSite\",\"@id\":\"https:\\\/\\\/www.grupomedcof.com.br\\\/blog\\\/#website\",\"url\":\"https:\\\/\\\/www.grupomedcof.com.br\\\/blog\\\/\",\"name\":\"Blog de Medcof: conte\u00fados, editais, revalida e mais!\",\"description\":\"Acesso o blog de MedCof! Seu portal de conte\u00fados sobre resid\u00eancia m\u00e9dica, an\u00e1lise e editais e muito mais. Clique e confira!\",\"publisher\":{\"@id\":\"https:\\\/\\\/www.grupomedcof.com.br\\\/blog\\\/#organization\"},\"alternateName\":\"Blog de Medcof: conte\u00fados, editais, revalida e mais!\",\"potentialAction\":[{\"@type\":\"SearchAction\",\"target\":{\"@type\":\"EntryPoint\",\"urlTemplate\":\"https:\\\/\\\/www.grupomedcof.com.br\\\/blog\\\/?s={search_term_string}\"},\"query-input\":{\"@type\":\"PropertyValueSpecification\",\"valueRequired\":true,\"valueName\":\"search_term_string\"}}],\"inLanguage\":\"pt-BR\"},{\"@type\":\"Organization\",\"@id\":\"https:\\\/\\\/www.grupomedcof.com.br\\\/blog\\\/#organization\",\"name\":\"Grupo MedCof\",\"url\":\"https:\\\/\\\/www.grupomedcof.com.br\\\/blog\\\/\",\"logo\":{\"@type\":\"ImageObject\",\"inLanguage\":\"pt-BR\",\"@id\":\"https:\\\/\\\/www.grupomedcof.com.br\\\/blog\\\/#\\\/schema\\\/logo\\\/image\\\/\",\"url\":\"https:\\\/\\\/www.grupomedcof.com.br\\\/blog\\\/wp-content\\\/uploads\\\/2022\\\/01\\\/logo-medcof.png\",\"contentUrl\":\"https:\\\/\\\/www.grupomedcof.com.br\\\/blog\\\/wp-content\\\/uploads\\\/2022\\\/01\\\/logo-medcof.png\",\"width\":768,\"height\":269,\"caption\":\"Grupo MedCof\"},\"image\":{\"@id\":\"https:\\\/\\\/www.grupomedcof.com.br\\\/blog\\\/#\\\/schema\\\/logo\\\/image\\\/\"},\"sameAs\":[\"https:\\\/\\\/www.facebook.com\\\/MedCofQbank\\\/\",\"https:\\\/\\\/www.instagram.com\\\/grupomedcof\\\/\",\"https:\\\/\\\/br.linkedin.com\\\/company\\\/medcof\",\"https:\\\/\\\/www.youtube.com\\\/channel\\\/UCdHMuOHKICxcHwecxN8P-AA\"]},{\"@type\":\"Person\",\"@id\":\"https:\\\/\\\/www.grupomedcof.com.br\\\/blog\\\/#\\\/schema\\\/person\\\/1375e0ce724529d7a1d8156ea7f8ceaa\",\"name\":\"J\u00falia Moreira\",\"image\":{\"@type\":\"ImageObject\",\"inLanguage\":\"pt-BR\",\"@id\":\"https:\\\/\\\/www.grupomedcof.com.br\\\/blog\\\/wp-content\\\/uploads\\\/2024\\\/12\\\/cropped-Captura-de-tela-2023-12-15-094946-96x96.png6a0083ac34a0445de97d55fae63a4a41\",\"url\":\"https:\\\/\\\/www.grupomedcof.com.br\\\/blog\\\/wp-content\\\/uploads\\\/2024\\\/12\\\/cropped-Captura-de-tela-2023-12-15-094946-96x96.png\",\"contentUrl\":\"https:\\\/\\\/www.grupomedcof.com.br\\\/blog\\\/wp-content\\\/uploads\\\/2024\\\/12\\\/cropped-Captura-de-tela-2023-12-15-094946-96x96.png\",\"caption\":\"J\u00falia Moreira\"},\"description\":\"Estudante do 8\u00ba semestre de Jornalismo na ECA-USP, f\u00e3 de filmes de terror e m\u00fasica popular sul-coreana.\",\"sameAs\":[\"https:\\\/\\\/www.grupomedcof.com.br\\\/\"],\"url\":\"https:\\\/\\\/www.grupomedcof.com.br\\\/blog\\\/author\\\/julia\\\/\"}]}<\/script>\n<!-- \/ Yoast SEO Premium plugin. -->","yoast_head_json":{"title":"Resultado Resid\u00eancia M\u00e9dica USP-2023 - Blog de Medcof: conte\u00fados, editais, revalida e mais!","description":"Foi divulgado o resultado para Resid\u00eancia M\u00e9dica USP-SP 2023 pela Fuvest. Os aprovados ter\u00e3o at\u00e9 o dia 14 de fevereiro para se matricularem.","robots":{"index":"index","follow":"follow","max-snippet":"max-snippet:-1","max-image-preview":"max-image-preview:large","max-video-preview":"max-video-preview:-1"},"canonical":"https:\/\/www.grupomedcof.com.br\/blog\/resultado-residencia-medica-usp-2023\/","og_locale":"pt_BR","og_type":"article","og_title":"Resultado Resid\u00eancia M\u00e9dica USP-2023 -- Blog de Medcof: conte\u00fados, editais, revalida e mais!","og_description":"Foi divulgado o resultado para Resid\u00eancia m\u00e9dica: editais, resultados, temas quentes e mais USP-SP 2023 pela Fuvest.","og_url":"https:\/\/www.grupomedcof.com.br\/blog\/resultado-residencia-medica-usp-2023\/","og_site_name":"Blog de Medcof: conte\u00fados, editais, revalida e mais!","article_publisher":"https:\/\/www.facebook.com\/MedCofQbank\/","article_published_time":"2023-02-08T18:52:59+00:00","og_image":[{"width":2240,"height":1260,"url":"https:\/\/www.grupomedcof.com.br\/blog\/wp-content\/uploads\/2022\/09\/usp-sp.png","type":"image\/png"}],"author":"J\u00falia Moreira","twitter_card":"summary_large_image","twitter_title":"Resultado Resid\u00eancia M\u00e9dica USP-2023 -Blog de Medcof: conte\u00fados, editais, revalida e mais!","twitter_description":"Foi divulgado o resultado para Resid\u00eancia m\u00e9dica: editais, resultados, temas quentes e mais USP-SP 2023 pela Fuvest.","twitter_misc":{"Escrito por":"J\u00falia Moreira","Est. tempo de leitura":"6 minutos"},"schema":{"@context":"https:\/\/schema.org","@graph":[{"@type":"Article","@id":"https:\/\/www.grupomedcof.com.br\/blog\/resultado-residencia-medica-usp-2023\/#article","isPartOf":{"@id":"https:\/\/www.grupomedcof.com.br\/blog\/resultado-residencia-medica-usp-2023\/"},"author":{"name":"J\u00falia Moreira","@id":"https:\/\/www.grupomedcof.com.br\/blog\/#\/schema\/person\/1375e0ce724529d7a1d8156ea7f8ceaa"},"headline":"Resultado Resid\u00eancia M\u00e9dica USP-2023","datePublished":"2023-02-08T18:52:59+00:00","mainEntityOfPage":{"@id":"https:\/\/www.grupomedcof.com.br\/blog\/resultado-residencia-medica-usp-2023\/"},"wordCount":584,"commentCount":0,"publisher":{"@id":"https:\/\/www.grupomedcof.com.br\/blog\/#organization"},"image":{"@id":"https:\/\/www.grupomedcof.com.br\/blog\/resultado-residencia-medica-usp-2023\/#primaryimage"},"thumbnailUrl":"https:\/\/www.grupomedcof.com.br\/blog\/wp-content\/uploads\/2022\/09\/usp-sp.png","keywords":["Especialidades m\u00e9dicas","Resid\u00eancia M\u00e9dica","USP-SP"],"articleSection":["Resid\u00eancia m\u00e9dica: editais, resultados, temas quentes e mais"],"inLanguage":"pt-BR"},{"@type":"WebPage","@id":"https:\/\/www.grupomedcof.com.br\/blog\/resultado-residencia-medica-usp-2023\/","url":"https:\/\/www.grupomedcof.com.br\/blog\/resultado-residencia-medica-usp-2023\/","name":"Resultado Resid\u00eancia M\u00e9dica USP-2023 - Blog de Medcof: conte\u00fados, editais, revalida e mais!","isPartOf":{"@id":"https:\/\/www.grupomedcof.com.br\/blog\/#website"},"primaryImageOfPage":{"@id":"https:\/\/www.grupomedcof.com.br\/blog\/resultado-residencia-medica-usp-2023\/#primaryimage"},"image":{"@id":"https:\/\/www.grupomedcof.com.br\/blog\/resultado-residencia-medica-usp-2023\/#primaryimage"},"thumbnailUrl":"https:\/\/www.grupomedcof.com.br\/blog\/wp-content\/uploads\/2022\/09\/usp-sp.png","datePublished":"2023-02-08T18:52:59+00:00","description":"Foi divulgado o resultado para Resid\u00eancia M\u00e9dica USP-SP 2023 pela Fuvest. Os aprovados ter\u00e3o at\u00e9 o dia 14 de fevereiro para se matricularem.","breadcrumb":{"@id":"https:\/\/www.grupomedcof.com.br\/blog\/resultado-residencia-medica-usp-2023\/#breadcrumb"},"inLanguage":"pt-BR","potentialAction":[{"@type":"ReadAction","target":["https:\/\/www.grupomedcof.com.br\/blog\/resultado-residencia-medica-usp-2023\/"]}]},{"@type":"ImageObject","inLanguage":"pt-BR","@id":"https:\/\/www.grupomedcof.com.br\/blog\/resultado-residencia-medica-usp-2023\/#primaryimage","url":"https:\/\/www.grupomedcof.com.br\/blog\/wp-content\/uploads\/2022\/09\/usp-sp.png","contentUrl":"https:\/\/www.grupomedcof.com.br\/blog\/wp-content\/uploads\/2022\/09\/usp-sp.png","width":2240,"height":1260,"caption":"Para os m\u00e9dicos que prestaram para o processo seletivo de Resid\u00eancia M\u00e9dica USP-SP 2023, confira as principais informa\u00e7\u00f5es!"},{"@type":"BreadcrumbList","@id":"https:\/\/www.grupomedcof.com.br\/blog\/resultado-residencia-medica-usp-2023\/#breadcrumb","itemListElement":[{"@type":"ListItem","position":1,"name":"In\u00edcio","item":"https:\/\/www.grupomedcof.com.br\/blog\/"},{"@type":"ListItem","position":2,"name":"Resultado Resid\u00eancia M\u00e9dica USP-2023"}]},{"@type":"WebSite","@id":"https:\/\/www.grupomedcof.com.br\/blog\/#website","url":"https:\/\/www.grupomedcof.com.br\/blog\/","name":"Blog de Medcof: conte\u00fados, editais, revalida e mais!","description":"Acesso o blog de MedCof! Seu portal de conte\u00fados sobre resid\u00eancia m\u00e9dica, an\u00e1lise e editais e muito mais. Clique e confira!","publisher":{"@id":"https:\/\/www.grupomedcof.com.br\/blog\/#organization"},"alternateName":"Blog de Medcof: conte\u00fados, editais, revalida e mais!","potentialAction":[{"@type":"SearchAction","target":{"@type":"EntryPoint","urlTemplate":"https:\/\/www.grupomedcof.com.br\/blog\/?s={search_term_string}"},"query-input":{"@type":"PropertyValueSpecification","valueRequired":true,"valueName":"search_term_string"}}],"inLanguage":"pt-BR"},{"@type":"Organization","@id":"https:\/\/www.grupomedcof.com.br\/blog\/#organization","name":"Grupo MedCof","url":"https:\/\/www.grupomedcof.com.br\/blog\/","logo":{"@type":"ImageObject","inLanguage":"pt-BR","@id":"https:\/\/www.grupomedcof.com.br\/blog\/#\/schema\/logo\/image\/","url":"https:\/\/www.grupomedcof.com.br\/blog\/wp-content\/uploads\/2022\/01\/logo-medcof.png","contentUrl":"https:\/\/www.grupomedcof.com.br\/blog\/wp-content\/uploads\/2022\/01\/logo-medcof.png","width":768,"height":269,"caption":"Grupo MedCof"},"image":{"@id":"https:\/\/www.grupomedcof.com.br\/blog\/#\/schema\/logo\/image\/"},"sameAs":["https:\/\/www.facebook.com\/MedCofQbank\/","https:\/\/www.instagram.com\/grupomedcof\/","https:\/\/br.linkedin.com\/company\/medcof","https:\/\/www.youtube.com\/channel\/UCdHMuOHKICxcHwecxN8P-AA"]},{"@type":"Person","@id":"https:\/\/www.grupomedcof.com.br\/blog\/#\/schema\/person\/1375e0ce724529d7a1d8156ea7f8ceaa","name":"J\u00falia Moreira","image":{"@type":"ImageObject","inLanguage":"pt-BR","@id":"https:\/\/www.grupomedcof.com.br\/blog\/wp-content\/uploads\/2024\/12\/cropped-Captura-de-tela-2023-12-15-094946-96x96.png6a0083ac34a0445de97d55fae63a4a41","url":"https:\/\/www.grupomedcof.com.br\/blog\/wp-content\/uploads\/2024\/12\/cropped-Captura-de-tela-2023-12-15-094946-96x96.png","contentUrl":"https:\/\/www.grupomedcof.com.br\/blog\/wp-content\/uploads\/2024\/12\/cropped-Captura-de-tela-2023-12-15-094946-96x96.png","caption":"J\u00falia Moreira"},"description":"Estudante do 8\u00ba semestre de Jornalismo na ECA-USP, f\u00e3 de filmes de terror e m\u00fasica popular sul-coreana.","sameAs":["https:\/\/www.grupomedcof.com.br\/"],"url":"https:\/\/www.grupomedcof.com.br\/blog\/author\/julia\/"}]}},"authors":[{"term_id":3609,"user_id":6,"is_guest":0,"slug":"julia","display_name":"J\u00falia Moreira","avatar_url":"https:\/\/www.grupomedcof.com.br\/blog\/wp-content\/uploads\/2024\/12\/cropped-Captura-de-tela-2023-12-15-094946-96x96.png","0":null,"1":"","2":"","3":"","4":"","5":"","6":"","7":"","8":""}],"_links":{"self":[{"href":"https:\/\/www.grupomedcof.com.br\/blog\/wp-json\/wp\/v2\/posts\/3744","targetHints":{"allow":["GET"]}}],"collection":[{"href":"https:\/\/www.grupomedcof.com.br\/blog\/wp-json\/wp\/v2\/posts"}],"about":[{"href":"https:\/\/www.grupomedcof.com.br\/blog\/wp-json\/wp\/v2\/types\/post"}],"author":[{"embeddable":true,"href":"https:\/\/www.grupomedcof.com.br\/blog\/wp-json\/wp\/v2\/users\/6"}],"replies":[{"embeddable":true,"href":"https:\/\/www.grupomedcof.com.br\/blog\/wp-json\/wp\/v2\/comments?post=3744"}],"version-history":[{"count":0,"href":"https:\/\/www.grupomedcof.com.br\/blog\/wp-json\/wp\/v2\/posts\/3744\/revisions"}],"wp:featuredmedia":[{"embeddable":true,"href":"https:\/\/www.grupomedcof.com.br\/blog\/wp-json\/wp\/v2\/media\/2205"}],"wp:attachment":[{"href":"https:\/\/www.grupomedcof.com.br\/blog\/wp-json\/wp\/v2\/media?parent=3744"}],"wp:term":[{"taxonomy":"category","embeddable":true,"href":"https:\/\/www.grupomedcof.com.br\/blog\/wp-json\/wp\/v2\/categories?post=3744"},{"taxonomy":"post_tag","embeddable":true,"href":"https:\/\/www.grupomedcof.com.br\/blog\/wp-json\/wp\/v2\/tags?post=3744"},{"taxonomy":"author","embeddable":true,"href":"https:\/\/www.grupomedcof.com.br\/blog\/wp-json\/wp\/v2\/ppma_author?post=3744"}],"curies":[{"name":"wp","href":"https:\/\/api.w.org\/{rel}","templated":true}]}}