{"id":37612,"date":"2025-09-05T15:18:23","date_gmt":"2025-09-05T18:18:23","guid":{"rendered":"https:\/\/www.grupomedcof.com.br\/blog\/?p=37612"},"modified":"2025-09-05T15:18:25","modified_gmt":"2025-09-05T18:18:25","slug":"norma-do-cfm-autoriza-uso-de-ozonioterapia-em-alguns-tratamentos-medicos","status":"publish","type":"post","link":"https:\/\/www.grupomedcof.com.br\/blog\/norma-do-cfm-autoriza-uso-de-ozonioterapia-em-alguns-tratamentos-medicos\/","title":{"rendered":"Norma do CFM autoriza uso de ozonioterapia em alguns tratamentos m\u00e9dicos"},"content":{"rendered":"<div id=\"ez-toc-container\" class=\"ez-toc-v2_0_74 counter-hierarchy ez-toc-counter ez-toc-transparent ez-toc-container-direction\">\n<div class=\"ez-toc-title-container\">\n<p class=\"ez-toc-title\" style=\"cursor:inherit\">Sum\u00e1rio<\/p>\n<span class=\"ez-toc-title-toggle\"><a href=\"#\" class=\"ez-toc-pull-right ez-toc-btn ez-toc-btn-xs ez-toc-btn-default ez-toc-toggle\" aria-label=\"Alternar tabela de conte\u00fado\"><span class=\"ez-toc-js-icon-con\"><span class=\"\"><span class=\"eztoc-hide\" style=\"display:none;\">Toggle<\/span><span class=\"ez-toc-icon-toggle-span\"><svg style=\"fill: #999;color:#999\" xmlns=\"http:\/\/www.w3.org\/2000\/svg\" class=\"list-377408\" width=\"20px\" height=\"20px\" viewBox=\"0 0 24 24\" fill=\"none\"><path d=\"M6 6H4v2h2V6zm14 0H8v2h12V6zM4 11h2v2H4v-2zm16 0H8v2h12v-2zM4 16h2v2H4v-2zm16 0H8v2h12v-2z\" fill=\"currentColor\"><\/path><\/svg><svg style=\"fill: #999;color:#999\" class=\"arrow-unsorted-368013\" xmlns=\"http:\/\/www.w3.org\/2000\/svg\" width=\"10px\" height=\"10px\" viewBox=\"0 0 24 24\" version=\"1.2\" baseProfile=\"tiny\"><path d=\"M18.2 9.3l-6.2-6.3-6.2 6.3c-.2.2-.3.4-.3.7s.1.5.3.7c.2.2.4.3.7.3h11c.3 0 .5-.1.7-.3.2-.2.3-.5.3-.7s-.1-.5-.3-.7zM5.8 14.7l6.2 6.3 6.2-6.3c.2-.2.3-.5.3-.7s-.1-.5-.3-.7c-.2-.2-.4-.3-.7-.3h-11c-.3 0-.5.1-.7.3-.2.2-.3.5-.3.7s.1.5.3.7z\"\/><\/svg><\/span><\/span><\/span><\/a><\/span><\/div>\n<nav><ul class='ez-toc-list ez-toc-list-level-1 ' ><li class='ez-toc-page-1 ez-toc-heading-level-2'><a class=\"ez-toc-link ez-toc-heading-1\" href=\"https:\/\/www.grupomedcof.com.br\/blog\/norma-do-cfm-autoriza-uso-de-ozonioterapia-em-alguns-tratamentos-medicos\/#Indicacoes_permitidas\" >Indica\u00e7\u00f5es permitidas<\/a><\/li><li class='ez-toc-page-1 ez-toc-heading-level-2'><a class=\"ez-toc-link ez-toc-heading-2\" href=\"https:\/\/www.grupomedcof.com.br\/blog\/norma-do-cfm-autoriza-uso-de-ozonioterapia-em-alguns-tratamentos-medicos\/#Regras_e_criterios_de_seguranca\" >Regras e crit\u00e9rios de seguran\u00e7a<\/a><\/li><li class='ez-toc-page-1 ez-toc-heading-level-2'><a class=\"ez-toc-link ez-toc-heading-3\" href=\"https:\/\/www.grupomedcof.com.br\/blog\/norma-do-cfm-autoriza-uso-de-ozonioterapia-em-alguns-tratamentos-medicos\/#Evidencia_cientifica_e_contexto_historico\" >Evid\u00eancia cient\u00edfica e contexto hist\u00f3rico<\/a><\/li><li class='ez-toc-page-1 ez-toc-heading-level-2'><a class=\"ez-toc-link ez-toc-heading-4\" href=\"https:\/\/www.grupomedcof.com.br\/blog\/norma-do-cfm-autoriza-uso-de-ozonioterapia-em-alguns-tratamentos-medicos\/#Importancia_da_regulamentacao\" >Import\u00e2ncia da regulamenta\u00e7\u00e3o<\/a><\/li><li class='ez-toc-page-1 ez-toc-heading-level-2'><a class=\"ez-toc-link ez-toc-heading-5\" href=\"https:\/\/www.grupomedcof.com.br\/blog\/norma-do-cfm-autoriza-uso-de-ozonioterapia-em-alguns-tratamentos-medicos\/#Seja_um_MedCofer\" >Seja um MedCofer!<\/a><\/li><\/ul><\/nav><\/div>\n\n<figure class=\"wp-block-image size-large\"><img loading=\"lazy\" decoding=\"async\" width=\"1024\" height=\"576\" src=\"https:\/\/www.grupomedcof.com.br\/blog\/wp-content\/uploads\/2025\/09\/Blog-MedCof-2025-09-05T151531.798-1024x576.jpg\" alt=\"\" class=\"wp-image-37615\" srcset=\"https:\/\/www.grupomedcof.com.br\/blog\/wp-content\/uploads\/2025\/09\/Blog-MedCof-2025-09-05T151531.798-1024x576.jpg 1024w, https:\/\/www.grupomedcof.com.br\/blog\/wp-content\/uploads\/2025\/09\/Blog-MedCof-2025-09-05T151531.798-300x169.jpg 300w, https:\/\/www.grupomedcof.com.br\/blog\/wp-content\/uploads\/2025\/09\/Blog-MedCof-2025-09-05T151531.798-768x432.jpg 768w, https:\/\/www.grupomedcof.com.br\/blog\/wp-content\/uploads\/2025\/09\/Blog-MedCof-2025-09-05T151531.798-1536x864.jpg 1536w, https:\/\/www.grupomedcof.com.br\/blog\/wp-content\/uploads\/2025\/09\/Blog-MedCof-2025-09-05T151531.798-747x420.jpg 747w, https:\/\/www.grupomedcof.com.br\/blog\/wp-content\/uploads\/2025\/09\/Blog-MedCof-2025-09-05T151531.798-150x84.jpg 150w, https:\/\/www.grupomedcof.com.br\/blog\/wp-content\/uploads\/2025\/09\/Blog-MedCof-2025-09-05T151531.798-696x392.jpg 696w, https:\/\/www.grupomedcof.com.br\/blog\/wp-content\/uploads\/2025\/09\/Blog-MedCof-2025-09-05T151531.798-1068x601.jpg 1068w, https:\/\/www.grupomedcof.com.br\/blog\/wp-content\/uploads\/2025\/09\/Blog-MedCof-2025-09-05T151531.798.jpg 1920w\" sizes=\"auto, (max-width: 1024px) 100vw, 1024px\" \/><\/figure>\n\n\n\n<p>O <strong>Conselho Federal de Medicina (CFM)<\/strong> publicou a <strong>Resolu\u00e7\u00e3o n\u00ba 2.445\/2025<\/strong>, autorizando o uso da <strong>ozonioterapia<\/strong> como <strong>tratamento m\u00e9dico adjuvante em condi\u00e7\u00f5es cl\u00ednicas restritas,<\/strong> seguindo crit\u00e9rios t\u00e9cnicos e respaldo cient\u00edfico recente.<\/p>\n\n\n\n<h2 class=\"wp-block-heading\" id=\"h-indicacoes-permitidas\"><span class=\"ez-toc-section\" id=\"Indicacoes_permitidas\"><\/span><strong>Indica\u00e7\u00f5es permitidas<\/strong><span class=\"ez-toc-section-end\"><\/span><\/h2>\n\n\n\n<p>A partir de agora, os m\u00e9dicos poder\u00e3o utilizar a ozonioterapia, por via <strong>t\u00f3pica<\/strong>, para tratar <strong>feridas cr\u00f4nicas<\/strong> como:<\/p>\n\n\n\n<ul class=\"wp-block-list\">\n<li>\u00dalceras de p\u00e9 diab\u00e9tico;<\/li>\n\n\n\n<li>\u00dalceras arteriais isqu\u00eamicas;<\/li>\n\n\n\n<li>\u00dalceras venosas cr\u00f4nicas;<\/li>\n\n\n\n<li>Feridas infecciosas agudas.<\/li>\n<\/ul>\n\n\n\n<p>Al\u00e9m disso, a t\u00e9cnica est\u00e1 autorizada como <strong>terapia adjuvante<\/strong> em casos de <strong>dores musculoesquel\u00e9ticas<\/strong>, especialmente:<\/p>\n\n\n\n<ul class=\"wp-block-list\">\n<li>Osteoartrite de joelho (via inje\u00e7\u00e3o intra-articular);<\/li>\n\n\n\n<li>Dor lombar associada \u00e0 h\u00e9rnia de disco (inje\u00e7\u00f5es paravertebrais ou intradiscais).<\/li>\n<\/ul>\n\n\n\n<h2 class=\"wp-block-heading\" id=\"h-regras-e-criterios-de-seguranca\"><span class=\"ez-toc-section\" id=\"Regras_e_criterios_de_seguranca\"><\/span><strong>Regras e crit\u00e9rios de seguran\u00e7a<\/strong><span class=\"ez-toc-section-end\"><\/span><\/h2>\n\n\n\n<p>A resolu\u00e7\u00e3o enfatiza que:<\/p>\n\n\n\n<ul class=\"wp-block-list\">\n<li>A ozonioterapia \u00e9 um <strong>ato m\u00e9dico exclusivo<\/strong>, sempre precedido por diagn\u00f3stico nosol\u00f3gico preciso.<\/li>\n\n\n\n<li>N\u00e3o \u00e9 permitida para tratamento de <strong>c\u00e2ncer<\/strong>, exceto em <strong>pesquisas cl\u00ednicas formalmente aprovadas<\/strong>.<\/li>\n\n\n\n<li>Deve-se usar equipamento gerador de oz\u00f4nio <strong>certificado pela Anvisa<\/strong>, em ambientes com infraestrutura adequada, e registrar detalhadamente os procedimentos no prontu\u00e1rio do paciente.<\/li>\n<\/ul>\n\n\n\n<h2 class=\"wp-block-heading\" id=\"h-evidencia-cientifica-e-contexto-historico\"><span class=\"ez-toc-section\" id=\"Evidencia_cientifica_e_contexto_historico\"><\/span><strong>Evid\u00eancia cient\u00edfica e contexto hist\u00f3rico<\/strong><span class=\"ez-toc-section-end\"><\/span><\/h2>\n\n\n\n<p>Apesar da autoriza\u00e7\u00e3o, a ozonioterapia permanece controversa. Estudiosos apontam que as <strong>evid\u00eancias cient\u00edficas permanecem fr\u00e1geis<\/strong>, com base em estudos de pequeno porte e metodologias limitadas.<\/p>\n\n\n\n<h2 class=\"wp-block-heading\" id=\"h-importancia-da-regulamentacao\"><span class=\"ez-toc-section\" id=\"Importancia_da_regulamentacao\"><\/span><strong>Import\u00e2ncia da regulamenta\u00e7\u00e3o<\/strong><span class=\"ez-toc-section-end\"><\/span><\/h2>\n\n\n\n<p>Para o presidente do CFM, <strong>Jos\u00e9 Hiran Gallo<\/strong>, essa norma marca um avan\u00e7o regulat\u00f3rio essencial: ela estabelece <strong>indica\u00e7\u00f5es claras<\/strong> para a pr\u00e1tica respons\u00e1vel da ozonioterapia, fortalece crit\u00e9rios cl\u00ednicos e \u00e9ticos e prioriza a <strong>seguran\u00e7a do paciente<\/strong><\/p>\n\n\n\n<div class=\"wp-block-buttons is-content-justification-center is-layout-flex wp-container-core-buttons-is-layout-16018d1d wp-block-buttons-is-layout-flex\">\n<div class=\"wp-block-button\"><a class=\"wp-block-button__link wp-element-button\" href=\"https:\/\/portal.cfm.org.br\/wp-content\/uploads\/2025\/08\/RESOLUCAO-2445_2025.pdf\" target=\"_blank\" rel=\"noreferrer noopener\">Confira a resolu\u00e7\u00e3o aqui!<\/a><\/div>\n<\/div>\n\n\n\n<figure class=\"wp-block-image size-large\"><a href=\"https:\/\/www.grupomedcof.com.br\/cofletters\/\" target=\"_blank\" rel=\" noreferrer noopener\"><img loading=\"lazy\" decoding=\"async\" width=\"1024\" height=\"366\" src=\"https:\/\/www.grupomedcof.com.br\/blog\/wp-content\/uploads\/2024\/08\/Capa-Eventos-MedCof-Plus-14-4-1024x366.png\" alt=\"\" class=\"wp-image-29290\" srcset=\"https:\/\/www.grupomedcof.com.br\/blog\/wp-content\/uploads\/2024\/08\/Capa-Eventos-MedCof-Plus-14-4-1024x366.png 1024w, https:\/\/www.grupomedcof.com.br\/blog\/wp-content\/uploads\/2024\/08\/Capa-Eventos-MedCof-Plus-14-4-300x107.png 300w, https:\/\/www.grupomedcof.com.br\/blog\/wp-content\/uploads\/2024\/08\/Capa-Eventos-MedCof-Plus-14-4-768x275.png 768w, https:\/\/www.grupomedcof.com.br\/blog\/wp-content\/uploads\/2024\/08\/Capa-Eventos-MedCof-Plus-14-4-1536x549.png 1536w, https:\/\/www.grupomedcof.com.br\/blog\/wp-content\/uploads\/2024\/08\/Capa-Eventos-MedCof-Plus-14-4-2048x732.png 2048w, https:\/\/www.grupomedcof.com.br\/blog\/wp-content\/uploads\/2024\/08\/Capa-Eventos-MedCof-Plus-14-4-1174x420.png 1174w, https:\/\/www.grupomedcof.com.br\/blog\/wp-content\/uploads\/2024\/08\/Capa-Eventos-MedCof-Plus-14-4-150x54.png 150w, https:\/\/www.grupomedcof.com.br\/blog\/wp-content\/uploads\/2024\/08\/Capa-Eventos-MedCof-Plus-14-4-696x249.png 696w, https:\/\/www.grupomedcof.com.br\/blog\/wp-content\/uploads\/2024\/08\/Capa-Eventos-MedCof-Plus-14-4-1068x382.png 1068w, https:\/\/www.grupomedcof.com.br\/blog\/wp-content\/uploads\/2024\/08\/Capa-Eventos-MedCof-Plus-14-4-1920x687.png 1920w\" sizes=\"auto, (max-width: 1024px) 100vw, 1024px\" \/><\/a><\/figure>\n\n\n\n<h2 class=\"wp-block-heading\" id=\"h-seja-um-medcofer\"><span class=\"ez-toc-section\" id=\"Seja_um_MedCofer\"><\/span><strong>Seja um MedCofer!<\/strong><span class=\"ez-toc-section-end\"><\/span><\/h2>\n\n\n\n<p>Quer garantir a sua aprova\u00e7\u00e3o nas provas de resid\u00eancia m\u00e9dica? Ent\u00e3o conhe\u00e7a o Grupo MedCof e a metodologia que j\u00e1 aprovou<a href=\"https:\/\/www.grupomedcof.com.br\/blog\/presenca-da-medcof-nas-aprovacoes-em-residencia-medica-no-brasil\/\" target=\"_blank\" rel=\"noreferrer noopener\">&nbsp;<strong>mais de 20 mil residentes<\/strong>&nbsp;<\/a>pelo pa\u00eds. Por fim, voc\u00ea pode acessar o nosso<a href=\"https:\/\/www.youtube.com\/@GrupoMedcof\/featured\" target=\"_blank\" rel=\"noreferrer noopener\">&nbsp;<strong>canal do youtube&nbsp;<\/strong><\/a>e ver o nosso material de revis\u00e3o e corre\u00e7\u00e3o.<\/p>\n\n\n\n<figure class=\"wp-block-embed is-type-video is-provider-youtube wp-block-embed-youtube wp-embed-aspect-4-3 wp-has-aspect-ratio\"><div class=\"wp-block-embed__wrapper\">\n<div class=\"youtube-embed\" data-video_id=\"qZufWW_rOos\"><iframe loading=\"lazy\" title=\"SingularCast T2 Ep.55 - Live: Meus pontos n\u00e3o aumentam - O que eu fa\u00e7o?\" width=\"696\" height=\"522\" src=\"https:\/\/www.youtube.com\/embed\/qZufWW_rOos?feature=oembed&#038;enablejsapi=1\" frameborder=\"0\" allow=\"accelerometer; autoplay; clipboard-write; encrypted-media; gyroscope; picture-in-picture; web-share\" referrerpolicy=\"strict-origin-when-cross-origin\" allowfullscreen><\/iframe><\/div>\n<\/div><\/figure>\n","protected":false},"excerpt":{"rendered":"<p>Confira o novo regulamento da CFM sobre o uso da Ozonioterapia. Entenda como e quando ser\u00e1 utilizada e mais!<\/p>\n","protected":false},"author":20,"featured_media":37615,"comment_status":"closed","ping_status":"closed","sticky":false,"template":"","format":"standard","meta":{"footnotes":""},"categories":[1802],"tags":[3171],"ppma_author":[3616],"class_list":{"0":"post-37612","1":"post","2":"type-post","3":"status-publish","4":"format-standard","5":"has-post-thumbnail","7":"category-cfm","8":"tag-ozonioterapia"},"yoast_head":"<!-- This site is optimized with the Yoast SEO Premium plugin v24.3 (Yoast SEO v27.4) - https:\/\/yoast.com\/product\/yoast-seo-premium-wordpress\/ -->\n<title>Norma do CFM autoriza uso de ozonioterapia em alguns tratamentos m\u00e9dicos - Blog de Medcof: conte\u00fados, editais, revalida e mais!<\/title>\n<meta name=\"description\" content=\"Confira o novo regulamento da CFM sobre o uso da Ozonioterapia. Entenda como e quando ser\u00e1 utilizada e mais!\" \/>\n<meta name=\"robots\" content=\"index, follow, max-snippet:-1, max-image-preview:large, max-video-preview:-1\" \/>\n<link rel=\"canonical\" href=\"https:\/\/www.grupomedcof.com.br\/blog\/norma-do-cfm-autoriza-uso-de-ozonioterapia-em-alguns-tratamentos-medicos\/\" \/>\n<meta property=\"og:locale\" content=\"pt_BR\" \/>\n<meta property=\"og:type\" content=\"article\" \/>\n<meta property=\"og:title\" content=\"Norma do CFM autoriza uso de ozonioterapia em alguns tratamentos m\u00e9dicos\" \/>\n<meta property=\"og:description\" content=\"Confira o novo regulamento da CFM sobre o uso da Ozonioterapia. Entenda como e quando ser\u00e1 utilizada e mais!\" \/>\n<meta property=\"og:url\" content=\"https:\/\/www.grupomedcof.com.br\/blog\/norma-do-cfm-autoriza-uso-de-ozonioterapia-em-alguns-tratamentos-medicos\/\" \/>\n<meta property=\"og:site_name\" content=\"Blog de Medcof: conte\u00fados, editais, revalida e mais!\" \/>\n<meta property=\"article:publisher\" content=\"https:\/\/www.facebook.com\/MedCofQbank\/\" \/>\n<meta property=\"article:published_time\" content=\"2025-09-05T18:18:23+00:00\" \/>\n<meta property=\"article:modified_time\" content=\"2025-09-05T18:18:25+00:00\" \/>\n<meta property=\"og:image\" content=\"https:\/\/www.grupomedcof.com.br\/blog\/wp-content\/uploads\/2025\/09\/Blog-MedCof-2025-09-05T151531.798.jpg\" \/>\n\t<meta property=\"og:image:width\" content=\"1920\" \/>\n\t<meta property=\"og:image:height\" content=\"1080\" \/>\n\t<meta property=\"og:image:type\" content=\"image\/jpeg\" \/>\n<meta name=\"author\" content=\"Leila Menzel\" \/>\n<meta name=\"twitter:card\" content=\"summary_large_image\" \/>\n<meta name=\"twitter:label1\" content=\"Escrito por\" \/>\n\t<meta name=\"twitter:data1\" content=\"Leila Menzel\" \/>\n\t<meta name=\"twitter:label2\" content=\"Est. tempo de leitura\" \/>\n\t<meta name=\"twitter:data2\" content=\"3 minutos\" \/>\n<script type=\"application\/ld+json\" class=\"yoast-schema-graph\">{\"@context\":\"https:\\\/\\\/schema.org\",\"@graph\":[{\"@type\":\"Article\",\"@id\":\"https:\\\/\\\/www.grupomedcof.com.br\\\/blog\\\/norma-do-cfm-autoriza-uso-de-ozonioterapia-em-alguns-tratamentos-medicos\\\/#article\",\"isPartOf\":{\"@id\":\"https:\\\/\\\/www.grupomedcof.com.br\\\/blog\\\/norma-do-cfm-autoriza-uso-de-ozonioterapia-em-alguns-tratamentos-medicos\\\/\"},\"author\":{\"name\":\"Leila Menzel\",\"@id\":\"https:\\\/\\\/www.grupomedcof.com.br\\\/blog\\\/#\\\/schema\\\/person\\\/9a44c2184a836bf5ae6967fdb3a1451e\"},\"headline\":\"Norma do CFM autoriza uso de ozonioterapia em alguns tratamentos m\u00e9dicos\",\"datePublished\":\"2025-09-05T18:18:23+00:00\",\"dateModified\":\"2025-09-05T18:18:25+00:00\",\"mainEntityOfPage\":{\"@id\":\"https:\\\/\\\/www.grupomedcof.com.br\\\/blog\\\/norma-do-cfm-autoriza-uso-de-ozonioterapia-em-alguns-tratamentos-medicos\\\/\"},\"wordCount\":354,\"publisher\":{\"@id\":\"https:\\\/\\\/www.grupomedcof.com.br\\\/blog\\\/#organization\"},\"image\":{\"@id\":\"https:\\\/\\\/www.grupomedcof.com.br\\\/blog\\\/norma-do-cfm-autoriza-uso-de-ozonioterapia-em-alguns-tratamentos-medicos\\\/#primaryimage\"},\"thumbnailUrl\":\"https:\\\/\\\/www.grupomedcof.com.br\\\/blog\\\/wp-content\\\/uploads\\\/2025\\\/09\\\/Blog-MedCof-2025-09-05T151531.798.jpg\",\"keywords\":[\"Ozonioterapia\"],\"articleSection\":[\"CFM\"],\"inLanguage\":\"pt-BR\"},{\"@type\":\"WebPage\",\"@id\":\"https:\\\/\\\/www.grupomedcof.com.br\\\/blog\\\/norma-do-cfm-autoriza-uso-de-ozonioterapia-em-alguns-tratamentos-medicos\\\/\",\"url\":\"https:\\\/\\\/www.grupomedcof.com.br\\\/blog\\\/norma-do-cfm-autoriza-uso-de-ozonioterapia-em-alguns-tratamentos-medicos\\\/\",\"name\":\"Norma do CFM autoriza uso de ozonioterapia em alguns tratamentos m\u00e9dicos - Blog de Medcof: conte\u00fados, editais, revalida e mais!\",\"isPartOf\":{\"@id\":\"https:\\\/\\\/www.grupomedcof.com.br\\\/blog\\\/#website\"},\"primaryImageOfPage\":{\"@id\":\"https:\\\/\\\/www.grupomedcof.com.br\\\/blog\\\/norma-do-cfm-autoriza-uso-de-ozonioterapia-em-alguns-tratamentos-medicos\\\/#primaryimage\"},\"image\":{\"@id\":\"https:\\\/\\\/www.grupomedcof.com.br\\\/blog\\\/norma-do-cfm-autoriza-uso-de-ozonioterapia-em-alguns-tratamentos-medicos\\\/#primaryimage\"},\"thumbnailUrl\":\"https:\\\/\\\/www.grupomedcof.com.br\\\/blog\\\/wp-content\\\/uploads\\\/2025\\\/09\\\/Blog-MedCof-2025-09-05T151531.798.jpg\",\"datePublished\":\"2025-09-05T18:18:23+00:00\",\"dateModified\":\"2025-09-05T18:18:25+00:00\",\"description\":\"Confira o novo regulamento da CFM sobre o uso da Ozonioterapia. Entenda como e quando ser\u00e1 utilizada e mais!\",\"breadcrumb\":{\"@id\":\"https:\\\/\\\/www.grupomedcof.com.br\\\/blog\\\/norma-do-cfm-autoriza-uso-de-ozonioterapia-em-alguns-tratamentos-medicos\\\/#breadcrumb\"},\"inLanguage\":\"pt-BR\",\"potentialAction\":[{\"@type\":\"ReadAction\",\"target\":[\"https:\\\/\\\/www.grupomedcof.com.br\\\/blog\\\/norma-do-cfm-autoriza-uso-de-ozonioterapia-em-alguns-tratamentos-medicos\\\/\"]}]},{\"@type\":\"ImageObject\",\"inLanguage\":\"pt-BR\",\"@id\":\"https:\\\/\\\/www.grupomedcof.com.br\\\/blog\\\/norma-do-cfm-autoriza-uso-de-ozonioterapia-em-alguns-tratamentos-medicos\\\/#primaryimage\",\"url\":\"https:\\\/\\\/www.grupomedcof.com.br\\\/blog\\\/wp-content\\\/uploads\\\/2025\\\/09\\\/Blog-MedCof-2025-09-05T151531.798.jpg\",\"contentUrl\":\"https:\\\/\\\/www.grupomedcof.com.br\\\/blog\\\/wp-content\\\/uploads\\\/2025\\\/09\\\/Blog-MedCof-2025-09-05T151531.798.jpg\",\"width\":1920,\"height\":1080},{\"@type\":\"BreadcrumbList\",\"@id\":\"https:\\\/\\\/www.grupomedcof.com.br\\\/blog\\\/norma-do-cfm-autoriza-uso-de-ozonioterapia-em-alguns-tratamentos-medicos\\\/#breadcrumb\",\"itemListElement\":[{\"@type\":\"ListItem\",\"position\":1,\"name\":\"In\u00edcio\",\"item\":\"https:\\\/\\\/www.grupomedcof.com.br\\\/blog\\\/\"},{\"@type\":\"ListItem\",\"position\":2,\"name\":\"Norma do CFM autoriza uso de ozonioterapia em alguns tratamentos m\u00e9dicos\"}]},{\"@type\":\"WebSite\",\"@id\":\"https:\\\/\\\/www.grupomedcof.com.br\\\/blog\\\/#website\",\"url\":\"https:\\\/\\\/www.grupomedcof.com.br\\\/blog\\\/\",\"name\":\"Blog de Medcof: conte\u00fados, editais, revalida e mais!\",\"description\":\"Acesso o blog de MedCof! Seu portal de conte\u00fados sobre resid\u00eancia m\u00e9dica, an\u00e1lise e editais e muito mais. Clique e confira!\",\"publisher\":{\"@id\":\"https:\\\/\\\/www.grupomedcof.com.br\\\/blog\\\/#organization\"},\"alternateName\":\"Blog de Medcof: conte\u00fados, editais, revalida e mais!\",\"potentialAction\":[{\"@type\":\"SearchAction\",\"target\":{\"@type\":\"EntryPoint\",\"urlTemplate\":\"https:\\\/\\\/www.grupomedcof.com.br\\\/blog\\\/?s={search_term_string}\"},\"query-input\":{\"@type\":\"PropertyValueSpecification\",\"valueRequired\":true,\"valueName\":\"search_term_string\"}}],\"inLanguage\":\"pt-BR\"},{\"@type\":\"Organization\",\"@id\":\"https:\\\/\\\/www.grupomedcof.com.br\\\/blog\\\/#organization\",\"name\":\"Grupo MedCof\",\"url\":\"https:\\\/\\\/www.grupomedcof.com.br\\\/blog\\\/\",\"logo\":{\"@type\":\"ImageObject\",\"inLanguage\":\"pt-BR\",\"@id\":\"https:\\\/\\\/www.grupomedcof.com.br\\\/blog\\\/#\\\/schema\\\/logo\\\/image\\\/\",\"url\":\"https:\\\/\\\/www.grupomedcof.com.br\\\/blog\\\/wp-content\\\/uploads\\\/2022\\\/01\\\/logo-medcof.png\",\"contentUrl\":\"https:\\\/\\\/www.grupomedcof.com.br\\\/blog\\\/wp-content\\\/uploads\\\/2022\\\/01\\\/logo-medcof.png\",\"width\":768,\"height\":269,\"caption\":\"Grupo MedCof\"},\"image\":{\"@id\":\"https:\\\/\\\/www.grupomedcof.com.br\\\/blog\\\/#\\\/schema\\\/logo\\\/image\\\/\"},\"sameAs\":[\"https:\\\/\\\/www.facebook.com\\\/MedCofQbank\\\/\",\"https:\\\/\\\/www.instagram.com\\\/grupomedcof\\\/\",\"https:\\\/\\\/br.linkedin.com\\\/company\\\/medcof\",\"https:\\\/\\\/www.youtube.com\\\/channel\\\/UCdHMuOHKICxcHwecxN8P-AA\"]},{\"@type\":\"Person\",\"@id\":\"https:\\\/\\\/www.grupomedcof.com.br\\\/blog\\\/#\\\/schema\\\/person\\\/9a44c2184a836bf5ae6967fdb3a1451e\",\"name\":\"Leila Menzel\",\"image\":{\"@type\":\"ImageObject\",\"inLanguage\":\"pt-BR\",\"@id\":\"https:\\\/\\\/www.grupomedcof.com.br\\\/blog\\\/wp-content\\\/uploads\\\/2025\\\/09\\\/cropped-eu-96x96.jpeg19a74936d997c0a8b3031618467fa1d0\",\"url\":\"https:\\\/\\\/www.grupomedcof.com.br\\\/blog\\\/wp-content\\\/uploads\\\/2025\\\/09\\\/cropped-eu-96x96.jpeg\",\"contentUrl\":\"https:\\\/\\\/www.grupomedcof.com.br\\\/blog\\\/wp-content\\\/uploads\\\/2025\\\/09\\\/cropped-eu-96x96.jpeg\",\"caption\":\"Leila Menzel\"},\"description\":\"Estudante do 6\u00b0 semestre de jornalismo, amo e escrevo poesias e viajo em livros de romances clich\u00eas.\",\"url\":\"https:\\\/\\\/www.grupomedcof.com.br\\\/blog\\\/author\\\/leila-menzel\\\/\"}]}<\/script>\n<!-- \/ Yoast SEO Premium plugin. -->","yoast_head_json":{"title":"Norma do CFM autoriza uso de ozonioterapia em alguns tratamentos m\u00e9dicos - Blog de Medcof: conte\u00fados, editais, revalida e mais!","description":"Confira o novo regulamento da CFM sobre o uso da Ozonioterapia. Entenda como e quando ser\u00e1 utilizada e mais!","robots":{"index":"index","follow":"follow","max-snippet":"max-snippet:-1","max-image-preview":"max-image-preview:large","max-video-preview":"max-video-preview:-1"},"canonical":"https:\/\/www.grupomedcof.com.br\/blog\/norma-do-cfm-autoriza-uso-de-ozonioterapia-em-alguns-tratamentos-medicos\/","og_locale":"pt_BR","og_type":"article","og_title":"Norma do CFM autoriza uso de ozonioterapia em alguns tratamentos m\u00e9dicos","og_description":"Confira o novo regulamento da CFM sobre o uso da Ozonioterapia. Entenda como e quando ser\u00e1 utilizada e mais!","og_url":"https:\/\/www.grupomedcof.com.br\/blog\/norma-do-cfm-autoriza-uso-de-ozonioterapia-em-alguns-tratamentos-medicos\/","og_site_name":"Blog de Medcof: conte\u00fados, editais, revalida e mais!","article_publisher":"https:\/\/www.facebook.com\/MedCofQbank\/","article_published_time":"2025-09-05T18:18:23+00:00","article_modified_time":"2025-09-05T18:18:25+00:00","og_image":[{"width":1920,"height":1080,"url":"https:\/\/www.grupomedcof.com.br\/blog\/wp-content\/uploads\/2025\/09\/Blog-MedCof-2025-09-05T151531.798.jpg","type":"image\/jpeg"}],"author":"Leila Menzel","twitter_card":"summary_large_image","twitter_misc":{"Escrito por":"Leila Menzel","Est. tempo de leitura":"3 minutos"},"schema":{"@context":"https:\/\/schema.org","@graph":[{"@type":"Article","@id":"https:\/\/www.grupomedcof.com.br\/blog\/norma-do-cfm-autoriza-uso-de-ozonioterapia-em-alguns-tratamentos-medicos\/#article","isPartOf":{"@id":"https:\/\/www.grupomedcof.com.br\/blog\/norma-do-cfm-autoriza-uso-de-ozonioterapia-em-alguns-tratamentos-medicos\/"},"author":{"name":"Leila Menzel","@id":"https:\/\/www.grupomedcof.com.br\/blog\/#\/schema\/person\/9a44c2184a836bf5ae6967fdb3a1451e"},"headline":"Norma do CFM autoriza uso de ozonioterapia em alguns tratamentos m\u00e9dicos","datePublished":"2025-09-05T18:18:23+00:00","dateModified":"2025-09-05T18:18:25+00:00","mainEntityOfPage":{"@id":"https:\/\/www.grupomedcof.com.br\/blog\/norma-do-cfm-autoriza-uso-de-ozonioterapia-em-alguns-tratamentos-medicos\/"},"wordCount":354,"publisher":{"@id":"https:\/\/www.grupomedcof.com.br\/blog\/#organization"},"image":{"@id":"https:\/\/www.grupomedcof.com.br\/blog\/norma-do-cfm-autoriza-uso-de-ozonioterapia-em-alguns-tratamentos-medicos\/#primaryimage"},"thumbnailUrl":"https:\/\/www.grupomedcof.com.br\/blog\/wp-content\/uploads\/2025\/09\/Blog-MedCof-2025-09-05T151531.798.jpg","keywords":["Ozonioterapia"],"articleSection":["CFM"],"inLanguage":"pt-BR"},{"@type":"WebPage","@id":"https:\/\/www.grupomedcof.com.br\/blog\/norma-do-cfm-autoriza-uso-de-ozonioterapia-em-alguns-tratamentos-medicos\/","url":"https:\/\/www.grupomedcof.com.br\/blog\/norma-do-cfm-autoriza-uso-de-ozonioterapia-em-alguns-tratamentos-medicos\/","name":"Norma do CFM autoriza uso de ozonioterapia em alguns tratamentos m\u00e9dicos - Blog de Medcof: conte\u00fados, editais, revalida e mais!","isPartOf":{"@id":"https:\/\/www.grupomedcof.com.br\/blog\/#website"},"primaryImageOfPage":{"@id":"https:\/\/www.grupomedcof.com.br\/blog\/norma-do-cfm-autoriza-uso-de-ozonioterapia-em-alguns-tratamentos-medicos\/#primaryimage"},"image":{"@id":"https:\/\/www.grupomedcof.com.br\/blog\/norma-do-cfm-autoriza-uso-de-ozonioterapia-em-alguns-tratamentos-medicos\/#primaryimage"},"thumbnailUrl":"https:\/\/www.grupomedcof.com.br\/blog\/wp-content\/uploads\/2025\/09\/Blog-MedCof-2025-09-05T151531.798.jpg","datePublished":"2025-09-05T18:18:23+00:00","dateModified":"2025-09-05T18:18:25+00:00","description":"Confira o novo regulamento da CFM sobre o uso da Ozonioterapia. Entenda como e quando ser\u00e1 utilizada e mais!","breadcrumb":{"@id":"https:\/\/www.grupomedcof.com.br\/blog\/norma-do-cfm-autoriza-uso-de-ozonioterapia-em-alguns-tratamentos-medicos\/#breadcrumb"},"inLanguage":"pt-BR","potentialAction":[{"@type":"ReadAction","target":["https:\/\/www.grupomedcof.com.br\/blog\/norma-do-cfm-autoriza-uso-de-ozonioterapia-em-alguns-tratamentos-medicos\/"]}]},{"@type":"ImageObject","inLanguage":"pt-BR","@id":"https:\/\/www.grupomedcof.com.br\/blog\/norma-do-cfm-autoriza-uso-de-ozonioterapia-em-alguns-tratamentos-medicos\/#primaryimage","url":"https:\/\/www.grupomedcof.com.br\/blog\/wp-content\/uploads\/2025\/09\/Blog-MedCof-2025-09-05T151531.798.jpg","contentUrl":"https:\/\/www.grupomedcof.com.br\/blog\/wp-content\/uploads\/2025\/09\/Blog-MedCof-2025-09-05T151531.798.jpg","width":1920,"height":1080},{"@type":"BreadcrumbList","@id":"https:\/\/www.grupomedcof.com.br\/blog\/norma-do-cfm-autoriza-uso-de-ozonioterapia-em-alguns-tratamentos-medicos\/#breadcrumb","itemListElement":[{"@type":"ListItem","position":1,"name":"In\u00edcio","item":"https:\/\/www.grupomedcof.com.br\/blog\/"},{"@type":"ListItem","position":2,"name":"Norma do CFM autoriza uso de ozonioterapia em alguns tratamentos m\u00e9dicos"}]},{"@type":"WebSite","@id":"https:\/\/www.grupomedcof.com.br\/blog\/#website","url":"https:\/\/www.grupomedcof.com.br\/blog\/","name":"Blog de Medcof: conte\u00fados, editais, revalida e mais!","description":"Acesso o blog de MedCof! Seu portal de conte\u00fados sobre resid\u00eancia m\u00e9dica, an\u00e1lise e editais e muito mais. Clique e confira!","publisher":{"@id":"https:\/\/www.grupomedcof.com.br\/blog\/#organization"},"alternateName":"Blog de Medcof: conte\u00fados, editais, revalida e mais!","potentialAction":[{"@type":"SearchAction","target":{"@type":"EntryPoint","urlTemplate":"https:\/\/www.grupomedcof.com.br\/blog\/?s={search_term_string}"},"query-input":{"@type":"PropertyValueSpecification","valueRequired":true,"valueName":"search_term_string"}}],"inLanguage":"pt-BR"},{"@type":"Organization","@id":"https:\/\/www.grupomedcof.com.br\/blog\/#organization","name":"Grupo MedCof","url":"https:\/\/www.grupomedcof.com.br\/blog\/","logo":{"@type":"ImageObject","inLanguage":"pt-BR","@id":"https:\/\/www.grupomedcof.com.br\/blog\/#\/schema\/logo\/image\/","url":"https:\/\/www.grupomedcof.com.br\/blog\/wp-content\/uploads\/2022\/01\/logo-medcof.png","contentUrl":"https:\/\/www.grupomedcof.com.br\/blog\/wp-content\/uploads\/2022\/01\/logo-medcof.png","width":768,"height":269,"caption":"Grupo MedCof"},"image":{"@id":"https:\/\/www.grupomedcof.com.br\/blog\/#\/schema\/logo\/image\/"},"sameAs":["https:\/\/www.facebook.com\/MedCofQbank\/","https:\/\/www.instagram.com\/grupomedcof\/","https:\/\/br.linkedin.com\/company\/medcof","https:\/\/www.youtube.com\/channel\/UCdHMuOHKICxcHwecxN8P-AA"]},{"@type":"Person","@id":"https:\/\/www.grupomedcof.com.br\/blog\/#\/schema\/person\/9a44c2184a836bf5ae6967fdb3a1451e","name":"Leila Menzel","image":{"@type":"ImageObject","inLanguage":"pt-BR","@id":"https:\/\/www.grupomedcof.com.br\/blog\/wp-content\/uploads\/2025\/09\/cropped-eu-96x96.jpeg19a74936d997c0a8b3031618467fa1d0","url":"https:\/\/www.grupomedcof.com.br\/blog\/wp-content\/uploads\/2025\/09\/cropped-eu-96x96.jpeg","contentUrl":"https:\/\/www.grupomedcof.com.br\/blog\/wp-content\/uploads\/2025\/09\/cropped-eu-96x96.jpeg","caption":"Leila Menzel"},"description":"Estudante do 6\u00b0 semestre de jornalismo, amo e escrevo poesias e viajo em livros de romances clich\u00eas.","url":"https:\/\/www.grupomedcof.com.br\/blog\/author\/leila-menzel\/"}]}},"authors":[{"term_id":3616,"user_id":20,"is_guest":0,"slug":"leila-menzel","display_name":"Leila Menzel","avatar_url":"https:\/\/www.grupomedcof.com.br\/blog\/wp-content\/uploads\/2025\/09\/cropped-eu-96x96.jpeg","0":null,"1":"","2":"","3":"","4":"","5":"","6":"","7":"","8":""}],"_links":{"self":[{"href":"https:\/\/www.grupomedcof.com.br\/blog\/wp-json\/wp\/v2\/posts\/37612","targetHints":{"allow":["GET"]}}],"collection":[{"href":"https:\/\/www.grupomedcof.com.br\/blog\/wp-json\/wp\/v2\/posts"}],"about":[{"href":"https:\/\/www.grupomedcof.com.br\/blog\/wp-json\/wp\/v2\/types\/post"}],"author":[{"embeddable":true,"href":"https:\/\/www.grupomedcof.com.br\/blog\/wp-json\/wp\/v2\/users\/20"}],"replies":[{"embeddable":true,"href":"https:\/\/www.grupomedcof.com.br\/blog\/wp-json\/wp\/v2\/comments?post=37612"}],"version-history":[{"count":2,"href":"https:\/\/www.grupomedcof.com.br\/blog\/wp-json\/wp\/v2\/posts\/37612\/revisions"}],"predecessor-version":[{"id":37616,"href":"https:\/\/www.grupomedcof.com.br\/blog\/wp-json\/wp\/v2\/posts\/37612\/revisions\/37616"}],"wp:featuredmedia":[{"embeddable":true,"href":"https:\/\/www.grupomedcof.com.br\/blog\/wp-json\/wp\/v2\/media\/37615"}],"wp:attachment":[{"href":"https:\/\/www.grupomedcof.com.br\/blog\/wp-json\/wp\/v2\/media?parent=37612"}],"wp:term":[{"taxonomy":"category","embeddable":true,"href":"https:\/\/www.grupomedcof.com.br\/blog\/wp-json\/wp\/v2\/categories?post=37612"},{"taxonomy":"post_tag","embeddable":true,"href":"https:\/\/www.grupomedcof.com.br\/blog\/wp-json\/wp\/v2\/tags?post=37612"},{"taxonomy":"author","embeddable":true,"href":"https:\/\/www.grupomedcof.com.br\/blog\/wp-json\/wp\/v2\/ppma_author?post=37612"}],"curies":[{"name":"wp","href":"https:\/\/api.w.org\/{rel}","templated":true}]}}