{"id":37625,"date":"2026-08-19T14:31:22","date_gmt":"2026-08-19T17:31:22","guid":{"rendered":"https:\/\/www.grupomedcof.com.br\/blog\/?p=37625"},"modified":"2026-08-19T14:32:11","modified_gmt":"2026-08-19T17:32:11","slug":"edital-prova-pno-prova-nacional-de-oftalmologia","status":"publish","type":"post","link":"https:\/\/www.grupomedcof.com.br\/blog\/edital-prova-pno-prova-nacional-de-oftalmologia\/","title":{"rendered":"Prova de T\u00edtulo em Oftalmologia (PNO) 2027: confira o edital"},"content":{"rendered":"\n<figure class=\"wp-block-image size-large\"><img loading=\"lazy\" decoding=\"async\" width=\"1024\" height=\"576\" src=\"https:\/\/www.grupomedcof.com.br\/blog\/wp-content\/uploads\/2026\/08\/Modelo-instituicoes-1-1024x576.jpg\" alt=\"\" class=\"wp-image-48455\" srcset=\"https:\/\/www.grupomedcof.com.br\/blog\/wp-content\/uploads\/2026\/08\/Modelo-instituicoes-1-1024x576.jpg 1024w, https:\/\/www.grupomedcof.com.br\/blog\/wp-content\/uploads\/2026\/08\/Modelo-instituicoes-1-300x169.jpg 300w, https:\/\/www.grupomedcof.com.br\/blog\/wp-content\/uploads\/2026\/08\/Modelo-instituicoes-1-768x432.jpg 768w, https:\/\/www.grupomedcof.com.br\/blog\/wp-content\/uploads\/2026\/08\/Modelo-instituicoes-1-1536x864.jpg 1536w, https:\/\/www.grupomedcof.com.br\/blog\/wp-content\/uploads\/2026\/08\/Modelo-instituicoes-1-747x420.jpg 747w, https:\/\/www.grupomedcof.com.br\/blog\/wp-content\/uploads\/2026\/08\/Modelo-instituicoes-1-150x84.jpg 150w, https:\/\/www.grupomedcof.com.br\/blog\/wp-content\/uploads\/2026\/08\/Modelo-instituicoes-1-696x392.jpg 696w, https:\/\/www.grupomedcof.com.br\/blog\/wp-content\/uploads\/2026\/08\/Modelo-instituicoes-1-1068x601.jpg 1068w, https:\/\/www.grupomedcof.com.br\/blog\/wp-content\/uploads\/2026\/08\/Modelo-instituicoes-1.jpg 1920w\" sizes=\"auto, (max-width: 1024px) 100vw, 1024px\" \/><\/figure>\n\n\n\n<p class=\"wp-block-paragraph\">O <strong>Conselho Brasileiro de Oftalmologia (CBO)<\/strong>, em conjunto com a <strong>Associa\u00e7\u00e3o M\u00e9dica Brasileira (AMB)<\/strong>, publicou o edital da <strong>Prova Nacional de Oftalmologia (PNO) 2027<\/strong>, exame que concede o T\u00edtulo de Especialista em Oftalmologia aos candidatos aprovados. <\/p>\n\n\n\n<p class=\"wp-block-paragraph\">Nesta edi\u00e7\u00e3o, as etapas te\u00f3ricas ser\u00e3o realizadas de forma <strong>remota e s\u00edncrona em 17 de janeiro de 2027<\/strong>, enquanto a Prova Pr\u00e1tica acontecer\u00e1 presencialmente entre <strong>22 e 26 de fevereiro de 2027<\/strong>.<\/p>\n\n\n\n<h2 id=\"h-inscricoes-pno-2027\" class=\"wp-block-heading\"><strong>Inscri\u00e7\u00f5es PNO 2027<\/strong><\/h2>\n\n\n\n<p class=\"wp-block-paragraph\">As inscri\u00e7\u00f5es para a <strong>Prova Nacional de Oftalmologia 2027<\/strong> ficar\u00e3o abertas entre <strong>13 de outubro de 2026 e 30 de outubro de 2026<\/strong>.<\/p>\n\n\n\n<p class=\"wp-block-paragraph\">O candidato dever\u00e1 realizar todo o procedimento pela internet, no <a href=\"http:\/\/www.cbo.com.br\" target=\"_blank\" rel=\"noreferrer noopener\">site do <strong>Conselho Brasileiro de Oftalmologia (CBO)<\/strong><\/a>.<\/p>\n\n\n\n<p class=\"wp-block-paragraph\">O valor geral da inscri\u00e7\u00e3o \u00e9 de <strong>R$ 4.737,00<\/strong>. J\u00e1 o candidato classificado como <strong>Beneficiado<\/strong>, conforme as regras de aproveitamento da PNO 2026, paga <strong>R$ 3.706,00<\/strong> quando n\u00e3o utiliza o desconto destinado aos candidatos adimplentes com o CBO.<\/p>\n\n\n\n<p class=\"wp-block-paragraph\">Para candidatos quites com a anuidade do CBO 2026, os valores s\u00e3o:<\/p>\n\n\n\n<figure class=\"wp-block-table\"><table class=\"has-fixed-layout\"><tbody><tr><th>Categoria<\/th><th>Quem se enquadra<\/th><th>Valor<\/th><\/tr><tr><td>CBO e CBO\/CNRM<\/td><td>Candidato do 3\u00ba ano de curso credenciado, em vaga CBO ou CBO\/CNRM simult\u00e2nea, realizando a prova pela primeira vez<\/td><td>R$ 2.058,00<\/td><\/tr><tr><td>CNRM\/MEC<\/td><td>Candidato do 3\u00ba ano que concluir\u00e1 Resid\u00eancia M\u00e9dica em vaga exclusivamente CNRM\/MEC<\/td><td>R$ 2.655,00<\/td><\/tr><tr><td>Independente<\/td><td>M\u00e9dico com pelo menos seis anos, equivalentes a 72 meses, de exerc\u00edcio profissional comprovado em Oftalmologia<\/td><td>R$ 3.038,00<\/td><\/tr><tr><td>CBO +<\/td><td>Candidato que j\u00e1 concluiu especializa\u00e7\u00e3o em curso credenciado pelo CBO<\/td><td>R$ 3.038,00<\/td><\/tr><tr><td>CNRM\/MEC +<\/td><td>Candidato que j\u00e1 concluiu Resid\u00eancia M\u00e9dica em Oftalmologia credenciada pela CNRM<\/td><td>R$ 3.038,00<\/td><\/tr><tr><td>Beneficiado<\/td><td>Candidato n\u00e3o habilitado na PNO 2026 com direito ao aproveitamento previsto no edital<\/td><td>R$ 2.058,00<\/td><\/tr><\/tbody><\/table><\/figure>\n\n\n\n<h2 id=\"h-cronograma-da-pno-2027\" class=\"wp-block-heading\">Cronograma da PNO 2027<\/h2>\n\n\n\n<p class=\"wp-block-paragraph\">Confira as principais datas previstas no edital:<\/p>\n\n\n\n<figure class=\"wp-block-table\"><table class=\"has-fixed-layout\"><tbody><tr><td>Etapa<\/td><td>Data<\/td><td>Hor\u00e1rio<\/td><\/tr><tr><td>Publica\u00e7\u00e3o do edital<\/td><td>13\/08\/2026<\/td><td>8h<\/td><\/tr><tr><td>Abertura das inscri\u00e7\u00f5es<\/td><td>13\/10\/2026<\/td><td>8h<\/td><\/tr><tr><td>In\u00edcio do envio dos documentos<\/td><td>13\/10\/2026<\/td><td>8h<\/td><\/tr><tr><td>Encerramento das inscri\u00e7\u00f5es<\/td><td>30\/10\/2026<\/td><td>17h<\/td><\/tr><tr><td>Prazo final para envio dos documentos<\/td><td>30\/10\/2026<\/td><td>17h<\/td><\/tr><tr><td>Confirma\u00e7\u00e3o das inscri\u00e7\u00f5es deferidas<\/td><td>30\/11\/2026<\/td><td>12h<\/td><\/tr><tr><td>1\u00ba per\u00edodo de pr\u00e9-teste obrigat\u00f3rio<\/td><td>02 a 18\/12\/2026<\/td><td>Conforme agendamento<\/td><\/tr><tr><td>2\u00ba per\u00edodo de pr\u00e9-teste obrigat\u00f3rio<\/td><td>07 a 13\/01\/2027<\/td><td>Conforme agendamento<\/td><\/tr><tr><td>Prova Te\u00f3rica I<\/td><td>17\/01\/2027<\/td><td>9h<\/td><\/tr><tr><td>Prova Te\u00f3rico-Pr\u00e1tica<\/td><td>17\/01\/2027<\/td><td>11h15<\/td><\/tr><tr><td>Prova Te\u00f3rica II<\/td><td>17\/01\/2027<\/td><td>14h30<\/td><\/tr><tr><td>Gabaritos preliminares e in\u00edcio dos recursos<\/td><td>17\/01\/2027<\/td><td>20h<\/td><\/tr><tr><td>Prazo final para recursos<\/td><td>19\/01\/2027<\/td><td>20h<\/td><\/tr><tr><td>Gabaritos finais e resultado dos habilitados para a Prova Pr\u00e1tica<\/td><td>02\/02\/2027<\/td><td>14h<\/td><\/tr><tr><td>Divulga\u00e7\u00e3o do local da Prova Pr\u00e1tica<\/td><td>17\/02\/2027<\/td><td>14h<\/td><\/tr><tr><td>Prova Pr\u00e1tica<\/td><td>22 a 26\/02\/2027<\/td><td>Conforme convoca\u00e7\u00e3o<\/td><\/tr><tr><td>Prazo para comprovante de conclus\u00e3o de PRM\/curso para concluintes do 3\u00ba ano<\/td><td>31\/03\/2027<\/td><td>20h<\/td><\/tr><tr><td>Resultado final da PNO 2027<\/td><td>12\/04\/2027<\/td><td>14h<\/td><\/tr><\/tbody><\/table><\/figure>\n\n\n\n<h2 id=\"h-edital-pno-2027\" class=\"wp-block-heading\"><strong>Edital PNO 2027<\/strong><\/h2>\n\n\n\n<p class=\"wp-block-paragraph\">Para conferir todas as regras, documentos, crit\u00e9rios de aprova\u00e7\u00e3o, bibliografia e anexos, acesse o edital completo.<\/p>\n\n\n\n<div class=\"wp-block-buttons is-layout-flex wp-block-buttons-is-layout-flex\">\n<div class=\"wp-block-button\"><a class=\"wp-block-button__link wp-element-button\" href=\"https:\/\/www.grupomedcof.com.br\/blog\/wp-content\/uploads\/2026\/07\/EDITAL-PNO-2027-APROVADO-AMB-5.pdf\" target=\"_blank\" rel=\"noreferrer noopener\"><strong>BAIXAR O EDITAL COMPLETO DA PNO 2027<\/strong><\/a><\/div>\n<\/div>\n\n\n\n<h2 id=\"h-como-funciona-a-pno-2027\" class=\"wp-block-heading\"><strong>Como funciona a PNO 2027?<\/strong><\/h2>\n\n\n\n<p class=\"wp-block-paragraph\">A <strong>Prova Nacional de Oftalmologia 2027<\/strong> possui quatro avalia\u00e7\u00f5es obrigat\u00f3rias:<\/p>\n\n\n\n<ol start=\"1\" class=\"wp-block-list\">\n<li>Prova Te\u00f3rica I \u2014 Oftalmologia B\u00e1sica;<\/li>\n\n\n\n<li>Prova Te\u00f3rico-Pr\u00e1tica \u2014 An\u00e1lise de Casos;<\/li>\n\n\n\n<li>Prova Te\u00f3rica II \u2014 Oftalmologia Cl\u00ednica e Cir\u00fargica;<\/li>\n\n\n\n<li>Prova Pr\u00e1tica \u2014 Exame de Paciente.<\/li>\n<\/ol>\n\n\n\n<p class=\"wp-block-paragraph\">As tr\u00eas primeiras avalia\u00e7\u00f5es ser\u00e3o realizadas <strong>remotamente e de forma s\u00edncrona em 17 de janeiro de 2027<\/strong>. J\u00e1 a etapa pr\u00e1tica ser\u00e1 presencial e destinada somente aos candidatos habilitados ap\u00f3s as provas te\u00f3ricas.<\/p>\n\n\n\n<h3 id=\"h-prova-teorica-i-oftalmologia-basica\" class=\"wp-block-heading\"><strong>Prova Te\u00f3rica I: Oftalmologia B\u00e1sica<\/strong><\/h3>\n\n\n\n<p class=\"wp-block-paragraph\">A primeira prova ter\u00e1:<\/p>\n\n\n\n<ul class=\"wp-block-list\">\n<li><strong>50 quest\u00f5es objetivas de m\u00faltipla escolha<\/strong>;<\/li>\n\n\n\n<li>alternativas A, B, C e D;<\/li>\n\n\n\n<li>dura\u00e7\u00e3o de <strong>1 hora e 45 minutos<\/strong>, das 9h \u00e0s 10h45;<\/li>\n\n\n\n<li>pontua\u00e7\u00e3o m\u00e1xima de 10 pontos.<\/li>\n<\/ul>\n\n\n\n<p class=\"wp-block-paragraph\">A avalia\u00e7\u00e3o abordar\u00e1 conte\u00fados b\u00e1sicos relacionados \u00e0 Oftalmologia, incluindo Anatomia, Embriologia, Farmacologia, Fisiologia, Gen\u00e9tica, Histologia, \u00d3ptica e Patologia.<\/p>\n\n\n\n<h3 id=\"h-prova-teorico-pratica-analise-de-casos\" class=\"wp-block-heading\"><strong>Prova Te\u00f3rico-Pr\u00e1tica: An\u00e1lise de Casos<\/strong><\/h3>\n\n\n\n<p class=\"wp-block-paragraph\">A segunda avalia\u00e7\u00e3o tamb\u00e9m ter\u00e1:<\/p>\n\n\n\n<ul class=\"wp-block-list\">\n<li><strong>50 quest\u00f5es objetivas de m\u00faltipla escolha<\/strong>;<\/li>\n\n\n\n<li>an\u00e1lise de imagens e v\u00eddeos relacionados a casos cl\u00ednicos;<\/li>\n\n\n\n<li>dura\u00e7\u00e3o de <strong>1 hora e 45 minutos<\/strong>, das 11h15 \u00e0s 13h;<\/li>\n\n\n\n<li>pontua\u00e7\u00e3o m\u00e1xima de 10 pontos.<\/li>\n<\/ul>\n\n\n\n<p class=\"wp-block-paragraph\">As quest\u00f5es dever\u00e3o ser respondidas a partir da an\u00e1lise dos casos apresentados.<\/p>\n\n\n\n<h3 id=\"h-prova-teorica-ii-oftalmologia-clinica-e-cirurgica\" class=\"wp-block-heading\"><strong>Prova Te\u00f3rica II: Oftalmologia Cl\u00ednica e Cir\u00fargica<\/strong><\/h3>\n\n\n\n<p class=\"wp-block-paragraph\">A terceira etapa contar\u00e1 com:<\/p>\n\n\n\n<ul class=\"wp-block-list\">\n<li><strong>100 quest\u00f5es objetivas de m\u00faltipla escolha<\/strong>;<\/li>\n\n\n\n<li>alternativas A, B, C e D;<\/li>\n\n\n\n<li>dura\u00e7\u00e3o de <strong>4 horas<\/strong>, das 14h30 \u00e0s 18h30;<\/li>\n\n\n\n<li>pontua\u00e7\u00e3o m\u00e1xima de 10 pontos.<\/li>\n<\/ul>\n\n\n\n<p class=\"wp-block-paragraph\">Essa avalia\u00e7\u00e3o abordar\u00e1 conte\u00fados relacionados \u00e0 <strong>Oftalmologia cl\u00ednica e cir\u00fargica<\/strong>.<\/p>\n\n\n\n<p class=\"wp-block-paragraph\">Portanto, as etapas te\u00f3ricas da PNO 2027 somam <strong>200 quest\u00f5es<\/strong>.<\/p>\n\n\n\n<h3 id=\"h-qual-e-a-nota-minima-para-passar-para-a-prova-pratica\" class=\"wp-block-heading\"><strong>Qual \u00e9 a nota m\u00ednima para passar para a Prova Pr\u00e1tica?<\/strong><\/h3>\n\n\n\n<p class=\"wp-block-paragraph\">Para ser habilitado para a Prova Pr\u00e1tica, o candidato precisa alcan\u00e7ar:<\/p>\n\n\n\n<ul class=\"wp-block-list\">\n<li><strong>nota m\u00ednima de 6,0 em cada uma das tr\u00eas provas te\u00f3ricas<\/strong>; e<\/li>\n\n\n\n<li><strong>m\u00e9dia aritm\u00e9tica igual ou superior a 6,5<\/strong> entre Prova Te\u00f3rica I, Prova Te\u00f3rico-Pr\u00e1tica e Prova Te\u00f3rica II.<\/li>\n<\/ul>\n\n\n\n<p class=\"wp-block-paragraph\">O edital n\u00e3o prev\u00ea arredondamento das notas individuais nem da m\u00e9dia das provas te\u00f3ricas.<\/p>\n\n\n\n<p class=\"wp-block-paragraph\">Al\u00e9m disso, candidatos eleg\u00edveis poder\u00e3o receber <strong>bonifica\u00e7\u00e3o de 5% ou 10% na m\u00e9dia das provas te\u00f3ricas<\/strong>, conforme o desempenho obtido nas edi\u00e7\u00f5es do Teste de Progresso realizadas durante o primeiro e\/ou segundo ano da forma\u00e7\u00e3o. Para receber o b\u00f4nus, por\u00e9m, o candidato precisa primeiro alcan\u00e7ar pelo menos 6,0 em cada uma das tr\u00eas provas.<\/p>\n\n\n\n<h3 id=\"h-como-sera-a-prova-pratica\" class=\"wp-block-heading\"><strong>Como ser\u00e1 a Prova Pr\u00e1tica?<\/strong><\/h3>\n\n\n\n<p class=\"wp-block-paragraph\">A <strong>Prova Pr\u00e1tica da PNO 2027<\/strong> acontecer\u00e1 presencialmente entre <strong>22 e 26 de fevereiro de 2027<\/strong>.<\/p>\n\n\n\n<p class=\"wp-block-paragraph\">Nessa etapa, o candidato realizar\u00e1 o <strong>exame presencial de pacientes<\/strong>, al\u00e9m da discuss\u00e3o do caso e da orienta\u00e7\u00e3o terap\u00eautica perante uma banca examinadora indicada pelo CBO.<\/p>\n\n\n\n<p class=\"wp-block-paragraph\">A nota varia de 0 a 10, e o candidato precisa alcan\u00e7ar <strong>no m\u00ednimo 7,0<\/strong> para ser aprovado.<\/p>\n\n\n\n<p class=\"wp-block-paragraph\">O edital n\u00e3o estabelece, nessa se\u00e7\u00e3o, uma dura\u00e7\u00e3o \u00fanica para a Prova Pr\u00e1tica. O dia, o hor\u00e1rio e o local ser\u00e3o definidos conforme as regras aplic\u00e1veis a cada categoria de candidato.<\/p>\n\n\n\n<h3 id=\"h-qual-e-a-nota-de-aprovacao-na-pno-2027\" class=\"wp-block-heading\"><strong>Qual \u00e9 a nota de aprova\u00e7\u00e3o na PNO 2027?<\/strong><\/h3>\n\n\n\n<p class=\"wp-block-paragraph\">Para conquistar o T\u00edtulo de Especialista em Oftalmologia, o candidato dever\u00e1 obter simultaneamente:<\/p>\n\n\n\n<ul class=\"wp-block-list\">\n<li>nota <strong>igual ou superior a 6,0 em cada prova te\u00f3rica<\/strong>;<\/li>\n\n\n\n<li>m\u00e9dia das tr\u00eas provas te\u00f3ricas <strong>igual ou superior a 6,5<\/strong>;<\/li>\n\n\n\n<li>nota <strong>igual ou superior a 7,0 na Prova Pr\u00e1tica<\/strong>.<\/li>\n<\/ul>\n\n\n\n<p class=\"wp-block-paragraph\">A aprova\u00e7\u00e3o final tamb\u00e9m depende da apresenta\u00e7\u00e3o de toda a documenta\u00e7\u00e3o exigida pelo edital.<\/p>\n\n\n\n<h2 id=\"h-pre-teste-obrigatorio-da-pno-2027\" class=\"wp-block-heading\"><strong>Pr\u00e9-teste obrigat\u00f3rio da PNO 2027<\/strong><\/h2>\n\n\n\n<p class=\"wp-block-paragraph\">Como as etapas te\u00f3ricas ocorrer\u00e3o de forma remota, o candidato dever\u00e1 participar de um <strong>pr\u00e9-teste obrigat\u00f3rio<\/strong> para validar computador, smartphone, conex\u00e3o e condi\u00e7\u00f5es do local escolhido para realizar a prova.<\/p>\n\n\n\n<p class=\"wp-block-paragraph\">Os pr\u00e9-testes ser\u00e3o oferecidos em dois per\u00edodos:<\/p>\n\n\n\n<ul class=\"wp-block-list\">\n<li><strong>2 a 18 de dezembro de 2026<\/strong>;<\/li>\n\n\n\n<li><strong>7 a 13 de janeiro de 2027<\/strong>.<\/li>\n<\/ul>\n\n\n\n<p class=\"wp-block-paragraph\">Pelo menos um pr\u00e9-teste dever\u00e1 ser realizado <strong>no mesmo local f\u00edsico em que o candidato far\u00e1 as provas te\u00f3ricas<\/strong>. A participa\u00e7\u00e3o satisfat\u00f3ria \u00e9 obrigat\u00f3ria para que o candidato seja autorizado a realizar as avalia\u00e7\u00f5es.<\/p>\n\n\n\n<p class=\"wp-block-paragraph\">Para as provas te\u00f3ricas, o edital exige computador port\u00e1til compat\u00edvel, com c\u00e2mera e microfone integrados, al\u00e9m de smartphone que atenda \u00e0s especifica\u00e7\u00f5es t\u00e9cnicas da plataforma.<\/p>\n\n\n\n<h2 id=\"h-quem-pode-participar-da-pno-2027\" class=\"wp-block-heading\"><strong>Quem pode participar da PNO 2027?<\/strong><\/h2>\n\n\n\n<p class=\"wp-block-paragraph\">A Prova Nacional de Oftalmologia poder\u00e1 ser realizada por <strong>m\u00e9dicos com inscri\u00e7\u00e3o definitiva no Conselho Regional de Medicina (CRM)<\/strong> e formados em institui\u00e7\u00e3o regularmente reconhecida e credenciada pelo MEC.<\/p>\n\n\n\n<p class=\"wp-block-paragraph\">Al\u00e9m disso, o candidato dever\u00e1 se enquadrar em pelo menos uma das seguintes condi\u00e7\u00f5es:<\/p>\n\n\n\n<h3 id=\"h-1-residencia-medica-em-oftalmologia\" class=\"wp-block-heading\"><strong>1. Resid\u00eancia M\u00e9dica em Oftalmologia<\/strong><\/h3>\n\n\n\n<p class=\"wp-block-paragraph\">Pode participar quem concluiu <strong>Resid\u00eancia M\u00e9dica em Oftalmologia em programa aprovado pela CNRM\/MEC<\/strong>.<\/p>\n\n\n\n<p class=\"wp-block-paragraph\">Tamb\u00e9m podem se inscrever candidatos que estejam no \u00faltimo ano da resid\u00eancia, desde que tenham previs\u00e3o de conclus\u00e3o at\u00e9 <strong>28 de fevereiro de 2027<\/strong>. Nesse caso, ser\u00e1 necess\u00e1rio apresentar declara\u00e7\u00e3o da COREME e, posteriormente, comprovar a conclus\u00e3o do programa at\u00e9 <strong>31 de mar\u00e7o de 2027<\/strong>.<br>Para programas realizados no exterior, o certificado precisa atender \u00e0s regras de equival\u00eancia, revalida\u00e7\u00e3o e registro estabelecidas no edital.<\/p>\n\n\n\n<h3 id=\"h-2-curso-de-formacao-em-oftalmologia-credenciado-pelo-cbo\" class=\"wp-block-heading\"><strong>2. Curso de forma\u00e7\u00e3o em Oftalmologia credenciado pelo CBO<\/strong><\/h3>\n\n\n\n<p class=\"wp-block-paragraph\">Tamb\u00e9m pode participar quem concluiu programa de forma\u00e7\u00e3o em Oftalmologia <strong>credenciado pelo Conselho Brasileiro de Oftalmologia<\/strong>, desde que tenha ocupado uma das vagas oficiais credenciadas.<\/p>\n\n\n\n<p class=\"wp-block-paragraph\">O edital informa ainda que programas com carga hor\u00e1ria inferior a <strong>2.880 horas anuais<\/strong> n\u00e3o atendem aos requisitos m\u00ednimos para inscri\u00e7\u00e3o no exame.<\/p>\n\n\n\n<p class=\"wp-block-paragraph\">Os concluintes do \u00faltimo ano desses programas tamb\u00e9m podem participar quando a conclus\u00e3o estiver prevista at\u00e9 <strong>28 de fevereiro de 2027<\/strong>, desde que entreguem posteriormente a comprova\u00e7\u00e3o definitiva at\u00e9 31 de mar\u00e7o.<\/p>\n\n\n\n<figure class=\"wp-block-image size-large\"><a href=\"https:\/\/mcf.onl\/r\/blog-banner-oftalmo-edital\" target=\"_blank\" rel=\" noreferrer noopener\"><img loading=\"lazy\" decoding=\"async\" width=\"1024\" height=\"320\" src=\"https:\/\/www.grupomedcof.com.br\/blog\/wp-content\/uploads\/2026\/01\/Banner-MedCof-Oftalmo-1024x320.png\" alt=\"Prova Nacional de Oftalmologia\" class=\"wp-image-47248\" srcset=\"https:\/\/www.grupomedcof.com.br\/blog\/wp-content\/uploads\/2026\/01\/Banner-MedCof-Oftalmo-1024x320.png 1024w, https:\/\/www.grupomedcof.com.br\/blog\/wp-content\/uploads\/2026\/01\/Banner-MedCof-Oftalmo-300x94.png 300w, https:\/\/www.grupomedcof.com.br\/blog\/wp-content\/uploads\/2026\/01\/Banner-MedCof-Oftalmo-768x240.png 768w, https:\/\/www.grupomedcof.com.br\/blog\/wp-content\/uploads\/2026\/01\/Banner-MedCof-Oftalmo-1536x480.png 1536w, https:\/\/www.grupomedcof.com.br\/blog\/wp-content\/uploads\/2026\/01\/Banner-MedCof-Oftalmo-1344x420.png 1344w, https:\/\/www.grupomedcof.com.br\/blog\/wp-content\/uploads\/2026\/01\/Banner-MedCof-Oftalmo-150x47.png 150w, https:\/\/www.grupomedcof.com.br\/blog\/wp-content\/uploads\/2026\/01\/Banner-MedCof-Oftalmo-696x218.png 696w, https:\/\/www.grupomedcof.com.br\/blog\/wp-content\/uploads\/2026\/01\/Banner-MedCof-Oftalmo-1068x334.png 1068w, https:\/\/www.grupomedcof.com.br\/blog\/wp-content\/uploads\/2026\/01\/Banner-MedCof-Oftalmo.png 1600w\" sizes=\"auto, (max-width: 1024px) 100vw, 1024px\" \/><\/a><\/figure>\n\n\n\n<h3 id=\"h-3-atuacao-profissional-em-oftalmologia\" class=\"wp-block-heading\"><strong>3. Atua\u00e7\u00e3o profissional em Oftalmologia<\/strong><\/h3>\n\n\n\n<p class=\"wp-block-paragraph\">O m\u00e9dico tamb\u00e9m poder\u00e1 participar por meio da comprova\u00e7\u00e3o de <strong>seis anos de atua\u00e7\u00e3o pr\u00e1tico-profissional em Oftalmologia<\/strong>, equivalentes a 72 meses.<\/p>\n\n\n\n<p class=\"wp-block-paragraph\">Nesse caso, a atua\u00e7\u00e3o dever\u00e1:<\/p>\n\n\n\n<ul class=\"wp-block-list\">\n<li>ter ocorrido ap\u00f3s a gradua\u00e7\u00e3o em Medicina;<\/li>\n\n\n\n<li>completar os seis anos at\u00e9 <strong>28 de fevereiro de 2027<\/strong>;<\/li>\n\n\n\n<li>ter sido exercida no territ\u00f3rio nacional;<\/li>\n\n\n\n<li>ser devidamente comprovada por documenta\u00e7\u00e3o aceita pelo edital.<\/li>\n<\/ul>\n\n\n\n<p class=\"wp-block-paragraph\">O edital n\u00e3o aceita trabalho volunt\u00e1rio para completar esse per\u00edodo.<\/p>\n\n\n\n<p class=\"wp-block-paragraph\">Para essa modalidade, o documento estabelece como refer\u00eancia gradua\u00e7\u00e3o em Medicina conclu\u00edda at\u00e9 <strong>fevereiro de 2021<\/strong> e admite diferentes formas de comprova\u00e7\u00e3o, como declara\u00e7\u00e3o da institui\u00e7\u00e3o, contratos de trabalho ou presta\u00e7\u00e3o de servi\u00e7os, comprovantes de remunera\u00e7\u00e3o e outros documentos que comprovem efetivamente a atua\u00e7\u00e3o em Oftalmologia.<\/p>\n\n\n\n<h2 id=\"h-quais-documentos-sao-exigidos\" class=\"wp-block-heading\"><strong>Quais documentos s\u00e3o exigidos?<\/strong><\/h2>\n\n\n\n<p class=\"wp-block-paragraph\">Entre os principais documentos obrigat\u00f3rios para a inscri\u00e7\u00e3o na <strong>PNO 2027<\/strong>, est\u00e3o:<\/p>\n\n\n\n<ul class=\"wp-block-list\">\n<li>c\u00f3pia do diploma de gradua\u00e7\u00e3o em Medicina;<\/li>\n\n\n\n<li>c\u00f3pia da carteira do CRM com inscri\u00e7\u00e3o definitiva;<\/li>\n\n\n\n<li>certid\u00e3o \u00e9tico-profissional de nada consta emitida pelo CRM;<\/li>\n\n\n\n<li>documenta\u00e7\u00e3o que comprove Resid\u00eancia M\u00e9dica, forma\u00e7\u00e3o credenciada pelo CBO ou tempo de atua\u00e7\u00e3o profissional em Oftalmologia;<\/li>\n\n\n\n<li>documenta\u00e7\u00e3o para solicita\u00e7\u00e3o de condi\u00e7\u00f5es especiais, quando aplic\u00e1vel.<\/li>\n<\/ul>\n\n\n\n<h2 id=\"h-aproveitamento-de-notas-da-pno-2026\" class=\"wp-block-heading\"><strong>Aproveitamento de notas da PNO 2026<\/strong><\/h2>\n\n\n\n<p class=\"wp-block-paragraph\">O edital da PNO 2027 apresenta uma regra espec\u00edfica para candidatos que participaram da edi\u00e7\u00e3o de 2026.<\/p>\n\n\n\n<p class=\"wp-block-paragraph\">Quem <strong>n\u00e3o alcan\u00e7ou a m\u00e9dia necess\u00e1ria para aprova\u00e7\u00e3o em 2026<\/strong>, mas obteve nota igual ou superior a <strong>6,0 nas tr\u00eas provas te\u00f3ricas<\/strong>, poder\u00e1 optar por n\u00e3o realizar novamente at\u00e9 <strong>duas dessas avalia\u00e7\u00f5es em 2027<\/strong>. Nesses casos, ser\u00e3o consideradas as notas brutas obtidas na edi\u00e7\u00e3o anterior.<\/p>\n\n\n\n<p class=\"wp-block-paragraph\">Al\u00e9m disso, o candidato que for aprovado nas etapas te\u00f3ricas de 2027, mas n\u00e3o alcan\u00e7ar a nota m\u00ednima na Prova Pr\u00e1tica, poder\u00e1, conforme as regras do edital, realizar <strong>somente a Prova Pr\u00e1tica na PNO 2028<\/strong>, benef\u00edcio concedido uma \u00fanica vez.<\/p>\n\n\n\n<h2 id=\"h-quando-sai-o-resultado-da-pno-2027\" class=\"wp-block-heading\"><strong>Quando sai o resultado da PNO 2027?<\/strong><\/h2>\n\n\n\n<p class=\"wp-block-paragraph\">O resultado final da <strong>Prova Nacional de Oftalmologia 2027<\/strong> est\u00e1 previsto para <strong>12 de abril de 2027, \u00e0s 14h<\/strong>, no site do Conselho Brasileiro de Oftalmologia.<\/p>\n\n\n\n<p class=\"wp-block-paragraph\">A partir dessa data, o candidato aprovado poder\u00e1 imprimir a declara\u00e7\u00e3o que informa o direito ao <strong>T\u00edtulo de Especialista em Oftalmologia CBO\/AMB<\/strong>. A rela\u00e7\u00e3o dos aprovados ser\u00e1 encaminhada \u00e0 Associa\u00e7\u00e3o M\u00e9dica Brasileira, respons\u00e1vel pela confec\u00e7\u00e3o e entrega do t\u00edtulo.<\/p>\n\n\n\n<h2 id=\"h-por-que-fazer-a-pno\" class=\"wp-block-heading\"><strong>Por que fazer a PNO?<\/strong><\/h2>\n\n\n\n<p class=\"wp-block-paragraph\">A aprova\u00e7\u00e3o na <strong>Prova Nacional de Oftalmologia<\/strong> \u00e9 o caminho previsto no edital para a obten\u00e7\u00e3o do <strong>T\u00edtulo de Especialista em Oftalmologia concedido pelo CBO e pela AMB<\/strong>.<\/p>\n\n\n\n<p class=\"wp-block-paragraph\">Por isso, conquistar o t\u00edtulo pode representar diferentes benef\u00edcios para a trajet\u00f3ria profissional do oftalmologista:<\/p>\n\n\n\n<ul class=\"wp-block-list\">\n<li><strong>reconhecimento formal da forma\u00e7\u00e3o na especialidade<\/strong>, por meio da titula\u00e7\u00e3o concedida pelo CBO e pela AMB;<\/li>\n\n\n\n<li><strong>valoriza\u00e7\u00e3o curricular<\/strong>, especialmente para m\u00e9dicos que desejam consolidar sua trajet\u00f3ria profissional em Oftalmologia;<\/li>\n\n\n\n<li><strong>diferencial profissional<\/strong> em processos seletivos, servi\u00e7os e oportunidades relacionadas \u00e0 especialidade;<\/li>\n\n\n\n<li>comprova\u00e7\u00e3o de conhecimento te\u00f3rico, racioc\u00ednio aplicado a casos cl\u00ednicos e desempenho pr\u00e1tico;<\/li>\n\n\n\n<li>fortalecimento da credibilidade profissional perante institui\u00e7\u00f5es e pacientes;<\/li>\n\n\n\n<li>atua\u00e7\u00e3o alinhada \u00e0s normas brasileiras relacionadas \u00e0 titula\u00e7\u00e3o nas especialidades m\u00e9dicas.<\/li>\n<\/ul>\n\n\n\n<p class=\"wp-block-paragraph\">Al\u00e9m disso, a estrutura da PNO avalia desde fundamentos b\u00e1sicos da Oftalmologia at\u00e9 conhecimentos cl\u00ednicos, cir\u00fargicos e capacidade de examinar e conduzir pacientes.<\/p>\n\n\n\n<h2 class=\"wp-block-heading\"><strong>Prepare-se para a PNO com quem conhece a prova de perto<\/strong><\/h2>\n\n\n\n<p class=\"wp-block-paragraph\">A aprova\u00e7\u00e3o na <strong>Prova Nacional de Oftalmologia (PNO)<\/strong> \u00e9 um passo essencial para conquistar o <strong>T\u00edtulo de Especialista e habilitar o RQE em Oftalmologia<\/strong>.<\/p>\n\n\n\n<p class=\"wp-block-paragraph\">No <strong>MedCof Oftalmo<\/strong>, voc\u00ea encontra uma prepara\u00e7\u00e3o 100% online, com <strong>11 professores subespecialistas do HC-FMUSP<\/strong>, mais de <strong>4.500 quest\u00f5es autorais<\/strong>, provas dos \u00faltimos 10 anos comentadas em v\u00eddeo e uma rotina de estudos personalizada pelo <strong>DailyCof<\/strong>.<\/p>\n\n\n\n<p class=\"wp-block-paragraph\"><strong>Comece agora sua prepara\u00e7\u00e3o para a PNO e avance em dire\u00e7\u00e3o ao seu T\u00edtulo de Especialista em Oftalmologia.<\/strong><\/p>\n\n\n\n<div class=\"wp-block-buttons is-layout-flex wp-block-buttons-is-layout-flex\">\n<div class=\"wp-block-button\"><a class=\"wp-block-button__link wp-element-button\" href=\"https:\/\/mcf.onl\/r\/blog-texto-pno-extensivo-oftalmo\" target=\"_blank\" rel=\"noreferrer noopener\"><strong>QUERO CONHECER O MEDCOF OFTALMO<\/strong><\/a><\/div>\n<\/div>\n\n\n\n<p class=\"wp-block-paragraph\"><\/p>\n","protected":false},"excerpt":{"rendered":"<p>Confira o edital da PNO 2027, com datas  inscri\u00e7\u00e3o, valores, etapas, requisitos e cronograma para o T\u00edtulo de Especialista em Oftalmologia.<\/p>\n","protected":false},"author":35,"featured_media":37626,"comment_status":"closed","ping_status":"closed","sticky":false,"template":"","format":"standard","meta":{"footnotes":""},"categories":[287,1136,1409],"tags":[2173,2311,2872,150,3174,1965],"ppma_author":[3619],"class_list":["post-37625","post","type-post","status-publish","format-standard","has-post-thumbnail","category-destaques-medcof","category-oftalmologia","category-prova-de-titulo","tag-conselho-brasileiro-de-oftalmologia","tag-especializacao","tag-medcof-oftalmo","tag-oftalmologia","tag-prova-nacional-de-oftalmologia","tag-titulo-de-especialista"],"yoast_head":"<!-- This site is optimized with the Yoast SEO Premium plugin v28.1 (Yoast SEO v28.3) - https:\/\/yoast.com\/product\/yoast-seo-premium-wordpress\/ -->\n<title>Prova de T\u00edtulo em Oftalmologia (PNO) 2027: confira o edital - Blog de Medcof: conte\u00fados, editais, revalida e mais!<\/title>\n<meta name=\"description\" content=\"Confira o edital da PNO 2027, com datas inscri\u00e7\u00e3o, valores, etapas, requisitos e cronograma para o T\u00edtulo de Especialista em Oftalmologia.\" \/>\n<meta name=\"robots\" content=\"index, follow, max-snippet:-1, max-image-preview:large, max-video-preview:-1\" \/>\n<link rel=\"canonical\" href=\"https:\/\/www.grupomedcof.com.br\/blog\/edital-prova-pno-prova-nacional-de-oftalmologia\/\" \/>\n<meta property=\"og:locale\" content=\"pt_BR\" \/>\n<meta property=\"og:type\" content=\"article\" \/>\n<meta property=\"og:title\" content=\"Prova de T\u00edtulo em Oftalmologia (PNO) 2027: confira o edital\" \/>\n<meta property=\"og:description\" content=\"Confira o edital da PNO 2027, com datas inscri\u00e7\u00e3o, valores, etapas, requisitos e cronograma para o T\u00edtulo de Especialista em Oftalmologia.\" \/>\n<meta property=\"og:url\" content=\"https:\/\/www.grupomedcof.com.br\/blog\/edital-prova-pno-prova-nacional-de-oftalmologia\/\" \/>\n<meta property=\"og:site_name\" content=\"Blog de Medcof: conte\u00fados, editais, revalida e mais!\" \/>\n<meta property=\"article:publisher\" content=\"https:\/\/www.facebook.com\/MedCofQbank\/\" \/>\n<meta property=\"article:published_time\" content=\"2026-08-19T17:31:22+00:00\" \/>\n<meta property=\"article:modified_time\" content=\"2026-08-19T17:32:11+00:00\" \/>\n<meta property=\"og:image\" content=\"https:\/\/www.grupomedcof.com.br\/blog\/wp-content\/uploads\/2025\/09\/Edital-PNO-scaled.jpg\" \/>\n\t<meta property=\"og:image:width\" content=\"2560\" \/>\n\t<meta property=\"og:image:height\" content=\"1440\" \/>\n\t<meta property=\"og:image:type\" content=\"image\/jpeg\" \/>\n<meta name=\"author\" content=\"Laura Fernandes - Jornalista\" \/>\n<meta name=\"twitter:card\" content=\"summary_large_image\" \/>\n<meta name=\"twitter:label1\" content=\"Escrito por\" \/>\n\t<meta name=\"twitter:data1\" content=\"Laura Fernandes - Jornalista\" \/>\n\t<meta name=\"twitter:label2\" content=\"Est. tempo de leitura\" \/>\n\t<meta name=\"twitter:data2\" content=\"12 minutos\" \/>\n<script type=\"application\/ld+json\" class=\"yoast-schema-graph\">{\"@context\":\"https:\\\/\\\/schema.org\",\"@graph\":[{\"@type\":\"Article\",\"@id\":\"https:\\\/\\\/www.grupomedcof.com.br\\\/blog\\\/edital-prova-pno-prova-nacional-de-oftalmologia\\\/#article\",\"isPartOf\":{\"@id\":\"https:\\\/\\\/www.grupomedcof.com.br\\\/blog\\\/edital-prova-pno-prova-nacional-de-oftalmologia\\\/\"},\"author\":{\"name\":\"Laura Fernandes - Jornalista\",\"@id\":\"https:\\\/\\\/www.grupomedcof.com.br\\\/blog\\\/#\\\/schema\\\/person\\\/ce6d0d444602a2695b12716bda933402\"},\"headline\":\"Prova de T\u00edtulo em Oftalmologia (PNO) 2027: confira o edital\",\"datePublished\":\"2026-08-19T17:31:22+00:00\",\"dateModified\":\"2026-08-19T17:32:11+00:00\",\"mainEntityOfPage\":{\"@id\":\"https:\\\/\\\/www.grupomedcof.com.br\\\/blog\\\/edital-prova-pno-prova-nacional-de-oftalmologia\\\/\"},\"wordCount\":2088,\"publisher\":{\"@id\":\"https:\\\/\\\/www.grupomedcof.com.br\\\/blog\\\/#organization\"},\"image\":{\"@id\":\"https:\\\/\\\/www.grupomedcof.com.br\\\/blog\\\/edital-prova-pno-prova-nacional-de-oftalmologia\\\/#primaryimage\"},\"thumbnailUrl\":\"https:\\\/\\\/www.grupomedcof.com.br\\\/blog\\\/wp-content\\\/uploads\\\/2025\\\/09\\\/Edital-PNO-scaled.jpg\",\"keywords\":[\"Conselho Brasileiro de Oftalmologia\",\"especializa\u00e7\u00e3o\",\"MedCof Oftalmo\",\"Oftalmologia\",\"Prova Nacional de Oftalmologia\",\"T\u00edtulo de Especialista\"],\"articleSection\":[\"Destaques MedCof\",\"Oftalmologia\",\"Prova de T\u00edtulo: dicas e informa\u00e7\u00f5es confi\u00e1veis e atualizadas\"],\"inLanguage\":\"pt-BR\"},{\"@type\":\"WebPage\",\"@id\":\"https:\\\/\\\/www.grupomedcof.com.br\\\/blog\\\/edital-prova-pno-prova-nacional-de-oftalmologia\\\/\",\"url\":\"https:\\\/\\\/www.grupomedcof.com.br\\\/blog\\\/edital-prova-pno-prova-nacional-de-oftalmologia\\\/\",\"name\":\"Prova de T\u00edtulo em Oftalmologia (PNO) 2027: confira o edital - Blog de Medcof: conte\u00fados, editais, revalida e mais!\",\"isPartOf\":{\"@id\":\"https:\\\/\\\/www.grupomedcof.com.br\\\/blog\\\/#website\"},\"primaryImageOfPage\":{\"@id\":\"https:\\\/\\\/www.grupomedcof.com.br\\\/blog\\\/edital-prova-pno-prova-nacional-de-oftalmologia\\\/#primaryimage\"},\"image\":{\"@id\":\"https:\\\/\\\/www.grupomedcof.com.br\\\/blog\\\/edital-prova-pno-prova-nacional-de-oftalmologia\\\/#primaryimage\"},\"thumbnailUrl\":\"https:\\\/\\\/www.grupomedcof.com.br\\\/blog\\\/wp-content\\\/uploads\\\/2025\\\/09\\\/Edital-PNO-scaled.jpg\",\"datePublished\":\"2026-08-19T17:31:22+00:00\",\"dateModified\":\"2026-08-19T17:32:11+00:00\",\"description\":\"Confira o edital da PNO 2027, com datas inscri\u00e7\u00e3o, valores, etapas, requisitos e cronograma para o T\u00edtulo de Especialista em Oftalmologia.\",\"breadcrumb\":{\"@id\":\"https:\\\/\\\/www.grupomedcof.com.br\\\/blog\\\/edital-prova-pno-prova-nacional-de-oftalmologia\\\/#breadcrumb\"},\"inLanguage\":\"pt-BR\",\"potentialAction\":[{\"@type\":\"ReadAction\",\"target\":[\"https:\\\/\\\/www.grupomedcof.com.br\\\/blog\\\/edital-prova-pno-prova-nacional-de-oftalmologia\\\/\"]}]},{\"@type\":\"ImageObject\",\"inLanguage\":\"pt-BR\",\"@id\":\"https:\\\/\\\/www.grupomedcof.com.br\\\/blog\\\/edital-prova-pno-prova-nacional-de-oftalmologia\\\/#primaryimage\",\"url\":\"https:\\\/\\\/www.grupomedcof.com.br\\\/blog\\\/wp-content\\\/uploads\\\/2025\\\/09\\\/Edital-PNO-scaled.jpg\",\"contentUrl\":\"https:\\\/\\\/www.grupomedcof.com.br\\\/blog\\\/wp-content\\\/uploads\\\/2025\\\/09\\\/Edital-PNO-scaled.jpg\",\"width\":2560,\"height\":1440,\"caption\":\"Imagem apresentando o logo do Conselho Brasileiro de Oftalmologia .\"},{\"@type\":\"BreadcrumbList\",\"@id\":\"https:\\\/\\\/www.grupomedcof.com.br\\\/blog\\\/edital-prova-pno-prova-nacional-de-oftalmologia\\\/#breadcrumb\",\"itemListElement\":[{\"@type\":\"ListItem\",\"position\":1,\"name\":\"In\u00edcio\",\"item\":\"https:\\\/\\\/www.grupomedcof.com.br\\\/blog\\\/\"},{\"@type\":\"ListItem\",\"position\":2,\"name\":\"Prova de T\u00edtulo em Oftalmologia (PNO) 2027: confira o edital\"}]},{\"@type\":\"WebSite\",\"@id\":\"https:\\\/\\\/www.grupomedcof.com.br\\\/blog\\\/#website\",\"url\":\"https:\\\/\\\/www.grupomedcof.com.br\\\/blog\\\/\",\"name\":\"Blog de Medcof: conte\u00fados, editais, revalida e mais!\",\"description\":\"Acesso o blog de MedCof! Seu portal de conte\u00fados sobre resid\u00eancia m\u00e9dica, an\u00e1lise e editais e muito mais. Clique e confira!\",\"publisher\":{\"@id\":\"https:\\\/\\\/www.grupomedcof.com.br\\\/blog\\\/#organization\"},\"alternateName\":\"Blog de Medcof: conte\u00fados, editais, revalida e mais!\",\"potentialAction\":[{\"@type\":\"SearchAction\",\"target\":{\"@type\":\"EntryPoint\",\"urlTemplate\":\"https:\\\/\\\/www.grupomedcof.com.br\\\/blog\\\/?s={search_term_string}\"},\"query-input\":{\"@type\":\"PropertyValueSpecification\",\"valueRequired\":true,\"valueName\":\"search_term_string\"}}],\"inLanguage\":\"pt-BR\"},{\"@type\":\"Organization\",\"@id\":\"https:\\\/\\\/www.grupomedcof.com.br\\\/blog\\\/#organization\",\"name\":\"Grupo MedCof\",\"url\":\"https:\\\/\\\/www.grupomedcof.com.br\\\/blog\\\/\",\"logo\":{\"@type\":\"ImageObject\",\"inLanguage\":\"pt-BR\",\"@id\":\"https:\\\/\\\/www.grupomedcof.com.br\\\/blog\\\/#\\\/schema\\\/logo\\\/image\\\/\",\"url\":\"https:\\\/\\\/www.grupomedcof.com.br\\\/blog\\\/wp-content\\\/uploads\\\/2022\\\/01\\\/logo-medcof.png\",\"contentUrl\":\"https:\\\/\\\/www.grupomedcof.com.br\\\/blog\\\/wp-content\\\/uploads\\\/2022\\\/01\\\/logo-medcof.png\",\"width\":768,\"height\":269,\"caption\":\"Grupo MedCof\"},\"image\":{\"@id\":\"https:\\\/\\\/www.grupomedcof.com.br\\\/blog\\\/#\\\/schema\\\/logo\\\/image\\\/\"},\"sameAs\":[\"https:\\\/\\\/www.facebook.com\\\/MedCofQbank\\\/\",\"https:\\\/\\\/www.instagram.com\\\/grupomedcof\\\/\",\"https:\\\/\\\/br.linkedin.com\\\/company\\\/medcof\",\"https:\\\/\\\/www.youtube.com\\\/channel\\\/UCdHMuOHKICxcHwecxN8P-AA\"]},{\"@type\":\"Person\",\"@id\":\"https:\\\/\\\/www.grupomedcof.com.br\\\/blog\\\/#\\\/schema\\\/person\\\/ce6d0d444602a2695b12716bda933402\",\"name\":\"Laura Fernandes - Jornalista\",\"image\":{\"@type\":\"ImageObject\",\"inLanguage\":\"pt-BR\",\"@id\":\"https:\\\/\\\/www.grupomedcof.com.br\\\/blog\\\/wp-content\\\/uploads\\\/2025\\\/09\\\/cropped-equipe-96x96.jpegaa171aa213b4913d9406ab69d274aa2a\",\"url\":\"https:\\\/\\\/www.grupomedcof.com.br\\\/blog\\\/wp-content\\\/uploads\\\/2025\\\/09\\\/cropped-equipe-96x96.jpeg\",\"contentUrl\":\"https:\\\/\\\/www.grupomedcof.com.br\\\/blog\\\/wp-content\\\/uploads\\\/2025\\\/09\\\/cropped-equipe-96x96.jpeg\",\"caption\":\"Laura Fernandes - Jornalista\"},\"description\":\"Laura Fernandes \u00e9 jornalista formada pela Universidade Federal de Ouro Preto (UFOP), com experi\u00eancia na produ\u00e7\u00e3o de conte\u00fado jornal\u00edstico sobre sa\u00fade e educa\u00e7\u00e3o m\u00e9dica. Na MedCof, atua na produ\u00e7\u00e3o e atualiza\u00e7\u00e3o de conte\u00fados relacionados \u00e0 resid\u00eancia m\u00e9dica, especialidades e carreira m\u00e9dica, acompanhando informa\u00e7\u00f5es relevantes para estudantes e m\u00e9dicos em prepara\u00e7\u00e3o para processos seletivos.\",\"url\":\"https:\\\/\\\/www.grupomedcof.com.br\\\/blog\\\/author\\\/laura\\\/\"}]}<\/script>\n<!-- \/ Yoast SEO Premium plugin. -->","yoast_head_json":{"title":"Prova de T\u00edtulo em Oftalmologia (PNO) 2027: confira o edital - Blog de Medcof: conte\u00fados, editais, revalida e mais!","description":"Confira o edital da PNO 2027, com datas inscri\u00e7\u00e3o, valores, etapas, requisitos e cronograma para o T\u00edtulo de Especialista em Oftalmologia.","robots":{"index":"index","follow":"follow","max-snippet":"max-snippet:-1","max-image-preview":"max-image-preview:large","max-video-preview":"max-video-preview:-1"},"canonical":"https:\/\/www.grupomedcof.com.br\/blog\/edital-prova-pno-prova-nacional-de-oftalmologia\/","og_locale":"pt_BR","og_type":"article","og_title":"Prova de T\u00edtulo em Oftalmologia (PNO) 2027: confira o edital","og_description":"Confira o edital da PNO 2027, com datas inscri\u00e7\u00e3o, valores, etapas, requisitos e cronograma para o T\u00edtulo de Especialista em Oftalmologia.","og_url":"https:\/\/www.grupomedcof.com.br\/blog\/edital-prova-pno-prova-nacional-de-oftalmologia\/","og_site_name":"Blog de Medcof: conte\u00fados, editais, revalida e mais!","article_publisher":"https:\/\/www.facebook.com\/MedCofQbank\/","article_published_time":"2026-08-19T17:31:22+00:00","article_modified_time":"2026-08-19T17:32:11+00:00","og_image":[{"width":2560,"height":1440,"url":"https:\/\/www.grupomedcof.com.br\/blog\/wp-content\/uploads\/2025\/09\/Edital-PNO-scaled.jpg","type":"image\/jpeg"}],"author":"Laura Fernandes - Jornalista","twitter_card":"summary_large_image","twitter_misc":{"Escrito por":"Laura Fernandes - Jornalista","Est. tempo de leitura":"12 minutos"},"schema":{"@context":"https:\/\/schema.org","@graph":[{"@type":"Article","@id":"https:\/\/www.grupomedcof.com.br\/blog\/edital-prova-pno-prova-nacional-de-oftalmologia\/#article","isPartOf":{"@id":"https:\/\/www.grupomedcof.com.br\/blog\/edital-prova-pno-prova-nacional-de-oftalmologia\/"},"author":{"name":"Laura Fernandes - Jornalista","@id":"https:\/\/www.grupomedcof.com.br\/blog\/#\/schema\/person\/ce6d0d444602a2695b12716bda933402"},"headline":"Prova de T\u00edtulo em Oftalmologia (PNO) 2027: confira o edital","datePublished":"2026-08-19T17:31:22+00:00","dateModified":"2026-08-19T17:32:11+00:00","mainEntityOfPage":{"@id":"https:\/\/www.grupomedcof.com.br\/blog\/edital-prova-pno-prova-nacional-de-oftalmologia\/"},"wordCount":2088,"publisher":{"@id":"https:\/\/www.grupomedcof.com.br\/blog\/#organization"},"image":{"@id":"https:\/\/www.grupomedcof.com.br\/blog\/edital-prova-pno-prova-nacional-de-oftalmologia\/#primaryimage"},"thumbnailUrl":"https:\/\/www.grupomedcof.com.br\/blog\/wp-content\/uploads\/2025\/09\/Edital-PNO-scaled.jpg","keywords":["Conselho Brasileiro de Oftalmologia","especializa\u00e7\u00e3o","MedCof Oftalmo","Oftalmologia","Prova Nacional de Oftalmologia","T\u00edtulo de Especialista"],"articleSection":["Destaques MedCof","Oftalmologia","Prova de T\u00edtulo: dicas e informa\u00e7\u00f5es confi\u00e1veis e atualizadas"],"inLanguage":"pt-BR"},{"@type":"WebPage","@id":"https:\/\/www.grupomedcof.com.br\/blog\/edital-prova-pno-prova-nacional-de-oftalmologia\/","url":"https:\/\/www.grupomedcof.com.br\/blog\/edital-prova-pno-prova-nacional-de-oftalmologia\/","name":"Prova de T\u00edtulo em Oftalmologia (PNO) 2027: confira o edital - Blog de Medcof: conte\u00fados, editais, revalida e mais!","isPartOf":{"@id":"https:\/\/www.grupomedcof.com.br\/blog\/#website"},"primaryImageOfPage":{"@id":"https:\/\/www.grupomedcof.com.br\/blog\/edital-prova-pno-prova-nacional-de-oftalmologia\/#primaryimage"},"image":{"@id":"https:\/\/www.grupomedcof.com.br\/blog\/edital-prova-pno-prova-nacional-de-oftalmologia\/#primaryimage"},"thumbnailUrl":"https:\/\/www.grupomedcof.com.br\/blog\/wp-content\/uploads\/2025\/09\/Edital-PNO-scaled.jpg","datePublished":"2026-08-19T17:31:22+00:00","dateModified":"2026-08-19T17:32:11+00:00","description":"Confira o edital da PNO 2027, com datas inscri\u00e7\u00e3o, valores, etapas, requisitos e cronograma para o T\u00edtulo de Especialista em Oftalmologia.","breadcrumb":{"@id":"https:\/\/www.grupomedcof.com.br\/blog\/edital-prova-pno-prova-nacional-de-oftalmologia\/#breadcrumb"},"inLanguage":"pt-BR","potentialAction":[{"@type":"ReadAction","target":["https:\/\/www.grupomedcof.com.br\/blog\/edital-prova-pno-prova-nacional-de-oftalmologia\/"]}]},{"@type":"ImageObject","inLanguage":"pt-BR","@id":"https:\/\/www.grupomedcof.com.br\/blog\/edital-prova-pno-prova-nacional-de-oftalmologia\/#primaryimage","url":"https:\/\/www.grupomedcof.com.br\/blog\/wp-content\/uploads\/2025\/09\/Edital-PNO-scaled.jpg","contentUrl":"https:\/\/www.grupomedcof.com.br\/blog\/wp-content\/uploads\/2025\/09\/Edital-PNO-scaled.jpg","width":2560,"height":1440,"caption":"Imagem apresentando o logo do Conselho Brasileiro de Oftalmologia ."},{"@type":"BreadcrumbList","@id":"https:\/\/www.grupomedcof.com.br\/blog\/edital-prova-pno-prova-nacional-de-oftalmologia\/#breadcrumb","itemListElement":[{"@type":"ListItem","position":1,"name":"In\u00edcio","item":"https:\/\/www.grupomedcof.com.br\/blog\/"},{"@type":"ListItem","position":2,"name":"Prova de T\u00edtulo em Oftalmologia (PNO) 2027: confira o edital"}]},{"@type":"WebSite","@id":"https:\/\/www.grupomedcof.com.br\/blog\/#website","url":"https:\/\/www.grupomedcof.com.br\/blog\/","name":"Blog de Medcof: conte\u00fados, editais, revalida e mais!","description":"Acesso o blog de MedCof! Seu portal de conte\u00fados sobre resid\u00eancia m\u00e9dica, an\u00e1lise e editais e muito mais. Clique e confira!","publisher":{"@id":"https:\/\/www.grupomedcof.com.br\/blog\/#organization"},"alternateName":"Blog de Medcof: conte\u00fados, editais, revalida e mais!","potentialAction":[{"@type":"SearchAction","target":{"@type":"EntryPoint","urlTemplate":"https:\/\/www.grupomedcof.com.br\/blog\/?s={search_term_string}"},"query-input":{"@type":"PropertyValueSpecification","valueRequired":true,"valueName":"search_term_string"}}],"inLanguage":"pt-BR"},{"@type":"Organization","@id":"https:\/\/www.grupomedcof.com.br\/blog\/#organization","name":"Grupo MedCof","url":"https:\/\/www.grupomedcof.com.br\/blog\/","logo":{"@type":"ImageObject","inLanguage":"pt-BR","@id":"https:\/\/www.grupomedcof.com.br\/blog\/#\/schema\/logo\/image\/","url":"https:\/\/www.grupomedcof.com.br\/blog\/wp-content\/uploads\/2022\/01\/logo-medcof.png","contentUrl":"https:\/\/www.grupomedcof.com.br\/blog\/wp-content\/uploads\/2022\/01\/logo-medcof.png","width":768,"height":269,"caption":"Grupo MedCof"},"image":{"@id":"https:\/\/www.grupomedcof.com.br\/blog\/#\/schema\/logo\/image\/"},"sameAs":["https:\/\/www.facebook.com\/MedCofQbank\/","https:\/\/www.instagram.com\/grupomedcof\/","https:\/\/br.linkedin.com\/company\/medcof","https:\/\/www.youtube.com\/channel\/UCdHMuOHKICxcHwecxN8P-AA"]},{"@type":"Person","@id":"https:\/\/www.grupomedcof.com.br\/blog\/#\/schema\/person\/ce6d0d444602a2695b12716bda933402","name":"Laura Fernandes - Jornalista","image":{"@type":"ImageObject","inLanguage":"pt-BR","@id":"https:\/\/www.grupomedcof.com.br\/blog\/wp-content\/uploads\/2025\/09\/cropped-equipe-96x96.jpegaa171aa213b4913d9406ab69d274aa2a","url":"https:\/\/www.grupomedcof.com.br\/blog\/wp-content\/uploads\/2025\/09\/cropped-equipe-96x96.jpeg","contentUrl":"https:\/\/www.grupomedcof.com.br\/blog\/wp-content\/uploads\/2025\/09\/cropped-equipe-96x96.jpeg","caption":"Laura Fernandes - Jornalista"},"description":"Laura Fernandes \u00e9 jornalista formada pela Universidade Federal de Ouro Preto (UFOP), com experi\u00eancia na produ\u00e7\u00e3o de conte\u00fado jornal\u00edstico sobre sa\u00fade e educa\u00e7\u00e3o m\u00e9dica. Na MedCof, atua na produ\u00e7\u00e3o e atualiza\u00e7\u00e3o de conte\u00fados relacionados \u00e0 resid\u00eancia m\u00e9dica, especialidades e carreira m\u00e9dica, acompanhando informa\u00e7\u00f5es relevantes para estudantes e m\u00e9dicos em prepara\u00e7\u00e3o para processos seletivos.","url":"https:\/\/www.grupomedcof.com.br\/blog\/author\/laura\/"}]}},"authors":[{"term_id":3619,"user_id":35,"is_guest":0,"slug":"laura","display_name":"Laura Fernandes - Jornalista","avatar_url":"https:\/\/www.grupomedcof.com.br\/blog\/wp-content\/uploads\/2025\/09\/cropped-equipe-96x96.jpeg","0":null,"1":"","2":"","3":"","4":"","5":"","6":"","7":"","8":""}],"_links":{"self":[{"href":"https:\/\/www.grupomedcof.com.br\/blog\/wp-json\/wp\/v2\/posts\/37625","targetHints":{"allow":["GET"]}}],"collection":[{"href":"https:\/\/www.grupomedcof.com.br\/blog\/wp-json\/wp\/v2\/posts"}],"about":[{"href":"https:\/\/www.grupomedcof.com.br\/blog\/wp-json\/wp\/v2\/types\/post"}],"author":[{"embeddable":true,"href":"https:\/\/www.grupomedcof.com.br\/blog\/wp-json\/wp\/v2\/users\/35"}],"replies":[{"embeddable":true,"href":"https:\/\/www.grupomedcof.com.br\/blog\/wp-json\/wp\/v2\/comments?post=37625"}],"version-history":[{"count":16,"href":"https:\/\/www.grupomedcof.com.br\/blog\/wp-json\/wp\/v2\/posts\/37625\/revisions"}],"predecessor-version":[{"id":48458,"href":"https:\/\/www.grupomedcof.com.br\/blog\/wp-json\/wp\/v2\/posts\/37625\/revisions\/48458"}],"wp:featuredmedia":[{"embeddable":true,"href":"https:\/\/www.grupomedcof.com.br\/blog\/wp-json\/wp\/v2\/media\/37626"}],"wp:attachment":[{"href":"https:\/\/www.grupomedcof.com.br\/blog\/wp-json\/wp\/v2\/media?parent=37625"}],"wp:term":[{"taxonomy":"category","embeddable":true,"href":"https:\/\/www.grupomedcof.com.br\/blog\/wp-json\/wp\/v2\/categories?post=37625"},{"taxonomy":"post_tag","embeddable":true,"href":"https:\/\/www.grupomedcof.com.br\/blog\/wp-json\/wp\/v2\/tags?post=37625"},{"taxonomy":"author","embeddable":true,"href":"https:\/\/www.grupomedcof.com.br\/blog\/wp-json\/wp\/v2\/ppma_author?post=37625"}],"curies":[{"name":"wp","href":"https:\/\/api.w.org\/{rel}","templated":true}]}}