{"id":37657,"date":"2025-09-08T10:53:57","date_gmt":"2025-09-08T13:53:57","guid":{"rendered":"https:\/\/www.grupomedcof.com.br\/blog\/?p=37657"},"modified":"2025-09-08T15:47:30","modified_gmt":"2025-09-08T18:47:30","slug":"diferencas-do-tea-e-do-tdah-na-puericultura","status":"publish","type":"post","link":"https:\/\/www.grupomedcof.com.br\/blog\/diferencas-do-tea-e-do-tdah-na-puericultura\/","title":{"rendered":"Diferen\u00e7as do TEA e do TDAH na Puericultura"},"content":{"rendered":"<div id=\"ez-toc-container\" class=\"ez-toc-v2_0_74 counter-hierarchy ez-toc-counter ez-toc-transparent ez-toc-container-direction\">\n<div class=\"ez-toc-title-container\">\n<p class=\"ez-toc-title\" style=\"cursor:inherit\">Sum\u00e1rio<\/p>\n<span class=\"ez-toc-title-toggle\"><a href=\"#\" class=\"ez-toc-pull-right ez-toc-btn ez-toc-btn-xs ez-toc-btn-default ez-toc-toggle\" aria-label=\"Alternar tabela de conte\u00fado\"><span class=\"ez-toc-js-icon-con\"><span class=\"\"><span class=\"eztoc-hide\" style=\"display:none;\">Toggle<\/span><span class=\"ez-toc-icon-toggle-span\"><svg style=\"fill: #999;color:#999\" xmlns=\"http:\/\/www.w3.org\/2000\/svg\" class=\"list-377408\" width=\"20px\" height=\"20px\" viewBox=\"0 0 24 24\" fill=\"none\"><path d=\"M6 6H4v2h2V6zm14 0H8v2h12V6zM4 11h2v2H4v-2zm16 0H8v2h12v-2zM4 16h2v2H4v-2zm16 0H8v2h12v-2z\" fill=\"currentColor\"><\/path><\/svg><svg style=\"fill: #999;color:#999\" class=\"arrow-unsorted-368013\" xmlns=\"http:\/\/www.w3.org\/2000\/svg\" width=\"10px\" height=\"10px\" viewBox=\"0 0 24 24\" version=\"1.2\" baseProfile=\"tiny\"><path d=\"M18.2 9.3l-6.2-6.3-6.2 6.3c-.2.2-.3.4-.3.7s.1.5.3.7c.2.2.4.3.7.3h11c.3 0 .5-.1.7-.3.2-.2.3-.5.3-.7s-.1-.5-.3-.7zM5.8 14.7l6.2 6.3 6.2-6.3c.2-.2.3-.5.3-.7s-.1-.5-.3-.7c-.2-.2-.4-.3-.7-.3h-11c-.3 0-.5.1-.7.3-.2.2-.3.5-.3.7s.1.5.3.7z\"\/><\/svg><\/span><\/span><\/span><\/a><\/span><\/div>\n<nav><ul class='ez-toc-list ez-toc-list-level-1 ' ><li class='ez-toc-page-1 ez-toc-heading-level-2'><a class=\"ez-toc-link ez-toc-heading-1\" href=\"https:\/\/www.grupomedcof.com.br\/blog\/diferencas-do-tea-e-do-tdah-na-puericultura\/#Transtorno_do_Espectro_Autista_TEA\" >Transtorno do Espectro Autista (TEA)<\/a><ul class='ez-toc-list-level-3' ><li class='ez-toc-heading-level-3'><a class=\"ez-toc-link ez-toc-heading-2\" href=\"https:\/\/www.grupomedcof.com.br\/blog\/diferencas-do-tea-e-do-tdah-na-puericultura\/#Quais_sintomas_e_a_apresentacao_clinica\" >Quais sintomas e a apresenta\u00e7\u00e3o cl\u00ednica?<\/a><\/li><li class='ez-toc-page-1 ez-toc-heading-level-3'><a class=\"ez-toc-link ez-toc-heading-3\" href=\"https:\/\/www.grupomedcof.com.br\/blog\/diferencas-do-tea-e-do-tdah-na-puericultura\/#Diagnostico_e_Manejo\" >Diagn\u00f3stico e Manejo<\/a><\/li><\/ul><\/li><li class='ez-toc-page-1 ez-toc-heading-level-2'><a class=\"ez-toc-link ez-toc-heading-4\" href=\"https:\/\/www.grupomedcof.com.br\/blog\/diferencas-do-tea-e-do-tdah-na-puericultura\/#Transtorno_de_Deficit_de_Atencao_e_Hiperatividade_TDAH\" >Transtorno de D\u00e9ficit de Aten\u00e7\u00e3o e Hiperatividade (TDAH)<\/a><ul class='ez-toc-list-level-3' ><li class='ez-toc-heading-level-3'><a class=\"ez-toc-link ez-toc-heading-5\" href=\"https:\/\/www.grupomedcof.com.br\/blog\/diferencas-do-tea-e-do-tdah-na-puericultura\/#Quais_os_sintomas_e_a_apresentacao_clinica\" >Quais os sintomas e a apresenta\u00e7\u00e3o cl\u00ednica?<\/a><\/li><li class='ez-toc-page-1 ez-toc-heading-level-3'><a class=\"ez-toc-link ez-toc-heading-6\" href=\"https:\/\/www.grupomedcof.com.br\/blog\/diferencas-do-tea-e-do-tdah-na-puericultura\/#Como_fazer_o_Diagnostico_e_o_Manejo\" >Como fazer o Diagn\u00f3stico e o Manejo?<\/a><\/li><\/ul><\/li><li class='ez-toc-page-1 ez-toc-heading-level-2'><a class=\"ez-toc-link ez-toc-heading-7\" href=\"https:\/\/www.grupomedcof.com.br\/blog\/diferencas-do-tea-e-do-tdah-na-puericultura\/#Seja_um_MedCofer\" >Seja um MedCofer!<\/a><\/li><\/ul><\/nav><\/div>\n\n<figure class=\"wp-block-image size-large\"><img loading=\"lazy\" decoding=\"async\" width=\"1024\" height=\"576\" src=\"https:\/\/www.grupomedcof.com.br\/blog\/wp-content\/uploads\/2025\/09\/Blog-MedCof-2025-09-08T105004.630-1024x576.jpg\" alt=\"\" class=\"wp-image-37660\" srcset=\"https:\/\/www.grupomedcof.com.br\/blog\/wp-content\/uploads\/2025\/09\/Blog-MedCof-2025-09-08T105004.630-1024x576.jpg 1024w, https:\/\/www.grupomedcof.com.br\/blog\/wp-content\/uploads\/2025\/09\/Blog-MedCof-2025-09-08T105004.630-300x169.jpg 300w, https:\/\/www.grupomedcof.com.br\/blog\/wp-content\/uploads\/2025\/09\/Blog-MedCof-2025-09-08T105004.630-768x432.jpg 768w, https:\/\/www.grupomedcof.com.br\/blog\/wp-content\/uploads\/2025\/09\/Blog-MedCof-2025-09-08T105004.630-1536x864.jpg 1536w, https:\/\/www.grupomedcof.com.br\/blog\/wp-content\/uploads\/2025\/09\/Blog-MedCof-2025-09-08T105004.630-747x420.jpg 747w, https:\/\/www.grupomedcof.com.br\/blog\/wp-content\/uploads\/2025\/09\/Blog-MedCof-2025-09-08T105004.630-150x84.jpg 150w, https:\/\/www.grupomedcof.com.br\/blog\/wp-content\/uploads\/2025\/09\/Blog-MedCof-2025-09-08T105004.630-696x392.jpg 696w, https:\/\/www.grupomedcof.com.br\/blog\/wp-content\/uploads\/2025\/09\/Blog-MedCof-2025-09-08T105004.630-1068x601.jpg 1068w, https:\/\/www.grupomedcof.com.br\/blog\/wp-content\/uploads\/2025\/09\/Blog-MedCof-2025-09-08T105004.630.jpg 1920w\" sizes=\"auto, (max-width: 1024px) 100vw, 1024px\" \/><\/figure>\n\n\n\n<p>Vamos abordar os dois <strong>principais transtornos do neurodesenvolvimento <\/strong>para reconhecer\u00a0de forma precoce o <strong>Transtorno do Espectro Autista (TEA) <\/strong>e o <strong>Transtorno de D\u00e9ficit de Aten\u00e7\u00e3o e Hiperatividade (TDAH).<\/strong><\/p>\n\n\n\n<h2 class=\"wp-block-heading\" id=\"h-transtorno-do-espectro-autista-tea\"><span class=\"ez-toc-section\" id=\"Transtorno_do_Espectro_Autista_TEA\"><\/span><strong>Transtorno do Espectro Autista (TEA)<\/strong><span class=\"ez-toc-section-end\"><\/span><\/h2>\n\n\n\n<p>O <strong>TEA<\/strong> \u00e9 um transtorno <strong>permanente<\/strong> do neurodesenvolvimento, com <strong>diferentes n\u00edveis de gravidade<\/strong>. Ele \u00e9 caracterizado por <strong>dificuldades na comunica\u00e7\u00e3o e intera\u00e7\u00e3o social<\/strong>, al\u00e9m de <strong>comportamentos e interesses repetitivos ou restritos<\/strong>. <\/p>\n\n\n\n<p>A preval\u00eancia do TEA tem aumentado significativamente nos \u00faltimos anos, e dados do <strong>Centers of Disease Control and Prevencion <\/strong>(CDC) de 2023 indicam que o transtorno afeta<strong> 1 em cada 36 crian\u00e7as.<\/strong><\/p>\n\n\n\n<p>As causas do TEA resultam da intera\u00e7\u00e3o entre <strong>fatores gen\u00e9ticos e ambientais<\/strong>. Entre os fatores de risco est\u00e3o a <strong>idade avan\u00e7ada dos pais<\/strong>, <strong>prematuridade<\/strong>, <strong>baixo peso ao nascer<\/strong>, <strong>asfixia, neglig\u00eancia de cuidados<\/strong> e a exposi\u00e7\u00e3o a certas <strong>subst\u00e2ncias<\/strong> ou <strong>medica\u00e7\u00f5es<\/strong> durante o per\u00edodo pr\u00e9-natal.<\/p>\n\n\n\n<h3 class=\"wp-block-heading\" id=\"h-quais-sintomas-e-a-apresentacao-clinica\"><span class=\"ez-toc-section\" id=\"Quais_sintomas_e_a_apresentacao_clinica\"><\/span><strong>Quais sintomas e a apresenta\u00e7\u00e3o cl\u00ednica?<\/strong><span class=\"ez-toc-section-end\"><\/span><\/h3>\n\n\n\n<p>Os sintomas do TEA costumam ser mais percept\u00edveis a partir dos <strong>12 a 24 meses de idade<\/strong>, sendo <strong>inespec\u00edficos no primeiro ano de vida<\/strong>. No Brasil, o diagn\u00f3stico tende a ser <strong>tardio<\/strong>. No entanto, a interven\u00e7\u00e3o precoce \u00e9 crucial, pois <strong>melhora o progn\u00f3stico<\/strong> e promove ganhos no funcionamento cognitivo e adaptativo devido \u00e0 <strong>plasticidade neuronal<\/strong>. Confira mais sobre o <a href=\"https:\/\/www.grupomedcof.com.br\/blog\/resumo-sobre-desenvolvimento-neuropsicomotor\/\" target=\"_blank\" rel=\"noreferrer noopener\">desenvolvimento neuropsicomotor infantil!\u00a0<\/a><\/p>\n\n\n\n<p><strong>Os principais sinais cl\u00ednicos incluem:<\/strong><\/p>\n\n\n\n<ul class=\"wp-block-list\">\n<li>Dificuldade de comunica\u00e7\u00e3o e intera\u00e7\u00e3o social;<\/li>\n\n\n\n<li>Evita contato visual e prefere ficar <strong>sozinho<\/strong>;<\/li>\n\n\n\n<li>N\u00e3o responde quando chamado pelo <strong>nome<\/strong> e tem <strong>dificuldade<\/strong> em entender ou expressar <strong>sentimentos<\/strong>;<\/li>\n\n\n\n<li>Pode haver atraso na fala ou outros <strong>dist\u00farbios de linguagem<\/strong>;<\/li>\n\n\n\n<li>Interesses repetitivos\/restritos;<\/li>\n\n\n\n<li><strong>N\u00e3o tolera mudan\u00e7as na rotina<\/strong> e apresenta movimentos repetitivos, conhecidos como <strong>estereotipias<\/strong>;<\/li>\n\n\n\n<li>Pode ter uma maneira incomum de brincar;<\/li>\n\n\n\n<li><strong>Hipo<\/strong> ou <strong>hipersensibilidade sensorial<\/strong>, que pode levar \u00e0 <strong>seletividade alimentar<\/strong>.<\/li>\n<\/ul>\n\n\n\n<p>Existem tamb\u00e9m sinais de alerta que podem ser observados em <strong>diferentes idades<\/strong>:<\/p>\n\n\n\n<ul class=\"wp-block-list\">\n<li><strong>Aos 6 meses:<\/strong> Poucas express\u00f5es faciais, pouco contato visual, aus\u00eancia de sorriso social e baixo engajamento sociocomunicativo.<\/li>\n\n\n\n<li><strong>Aos 9 meses:<\/strong> N\u00e3o h\u00e1 troca de turno comunicativa, n\u00e3o balbucia &#8220;mama&#8221; ou &#8220;papa&#8221;, n\u00e3o olha quando chamado ou quando algu\u00e9m aponta para algo.<\/li>\n\n\n\n<li><strong>Aos 12 meses:<\/strong> Aus\u00eancia de balbucios, n\u00e3o faz gestos convencionais como &#8220;dar tchau&#8221;, n\u00e3o fala &#8220;mama&#8221; ou &#8220;papa&#8221;, e n\u00e3o h\u00e1 aten\u00e7\u00e3o compartilhada.<\/li>\n\n\n\n<li><strong>Em qualquer idade:<\/strong> Perda de habilidades previamente adquiridas.<\/li>\n<\/ul>\n\n\n\n<p>O TEA frequentemente est\u00e1 <strong>associado a outras condi\u00e7\u00f5es<\/strong> em cerca de <strong>70% dos casos, <\/strong>como <strong>epilepsia, dist\u00farbios do sono, defici\u00eancia intelectual, TDAH, transtornos de ansiedade e depress\u00e3o<\/strong>.<\/p>\n\n\n\n<figure class=\"wp-block-image size-full\"><img loading=\"lazy\" decoding=\"async\" width=\"395\" height=\"414\" src=\"https:\/\/www.grupomedcof.com.br\/blog\/wp-content\/uploads\/2025\/09\/image-31.png\" alt=\"\" class=\"wp-image-37658\" srcset=\"https:\/\/www.grupomedcof.com.br\/blog\/wp-content\/uploads\/2025\/09\/image-31.png 395w, https:\/\/www.grupomedcof.com.br\/blog\/wp-content\/uploads\/2025\/09\/image-31-286x300.png 286w, https:\/\/www.grupomedcof.com.br\/blog\/wp-content\/uploads\/2025\/09\/image-31-150x157.png 150w, https:\/\/www.grupomedcof.com.br\/blog\/wp-content\/uploads\/2025\/09\/image-31-300x314.png 300w\" sizes=\"auto, (max-width: 395px) 100vw, 395px\" \/><figcaption class=\"wp-element-caption\">Fonte: <a href=\"https:\/\/doi.org\/10.1590\/S0102-37722014000100004\">https:\/\/doi.org\/10.1590\/S0102-37722014000100004<\/a>\u00a0<\/figcaption><\/figure>\n\n\n\n<h3 class=\"wp-block-heading\" id=\"h-diagnostico-e-manejo\"><span class=\"ez-toc-section\" id=\"Diagnostico_e_Manejo\"><\/span><strong>Diagn\u00f3stico e Manejo<\/strong><span class=\"ez-toc-section-end\"><\/span><\/h3>\n\n\n\n<p>O diagn\u00f3stico do transtorno \u00e9 <strong>cl\u00ednico<\/strong>, seguindo os crit\u00e9rios do <strong>DSM-V<\/strong>. A triagem \u00e9 feita com a ferramenta <strong>M-CHAT-R\/F<\/strong>, um question\u00e1rio de <strong>20 perguntas <\/strong>para os pais. O Minist\u00e9rio da Sa\u00fade recomenda que a triagem seja realizada em <strong>todas as crian\u00e7as com 18 meses,<\/strong> podendo ser feita entre 16 e 30 meses. Se a pontua\u00e7\u00e3o for <strong>igual ou superior a 8<\/strong>, ou se houver <strong>hist\u00f3ria familiar de TEA<\/strong> em primeiro grau, a crian\u00e7a deve ser encaminhada para uma <strong>avalia\u00e7\u00e3o diagn\u00f3stica aprofundada<\/strong>.<\/p>\n\n\n\n<p>Aqui est\u00e1 a tabela da imagem transcrita em formato de texto:<\/p>\n\n\n\n<figure class=\"wp-block-table\"><table class=\"has-fixed-layout\"><thead><tr><th>N\u00ba<\/th><th>Pergunta<\/th><th>Sim<\/th><th>N\u00e3o<\/th><\/tr><\/thead><tbody><tr><td>1<\/td><td>Se voc\u00ea apontar para algum objeto no quarto, o seu filho olha para este objeto? (Por exemplo, se voc\u00ea apontar para um brinquedo ou animal, o seu filho olha para o brinquedo ou para o animal?)<\/td><td>( )<\/td><td>( )<\/td><\/tr><tr><td>2<\/td><td>Alguma vez voc\u00ea se perguntou se o seu filho pode ser surdo?<\/td><td>( )<\/td><td>( )<\/td><\/tr><tr><td>3<\/td><td>O seu filho brinca de faz de contas? (Por exemplo, faz de conta que bebe em um copo vazio, faz de conta que fala ao telefone, faz de conta que d\u00e1 comida a uma boneca ou a um bichinho de pel\u00facia?)<\/td><td>( )<\/td><td>( )<\/td><\/tr><tr><td>4<\/td><td>O seu filho gosta de subir nas coisas? (Por exemplo, m\u00f3veis, brinquedos ou parques de divers\u00e3o)<\/td><td>( )<\/td><td>( )<\/td><\/tr><tr><td>5<\/td><td>O seu filho faz movimentos estranhos com os dedos perto dos olhos? (Por exemplo, mexe os dedos em frente aos olhos e fica olhando para os mesmos?)<\/td><td>( )<\/td><td>( )<\/td><\/tr><tr><td>6<\/td><td>O seu filho aponta com o dedo para pedir algo ou para conseguir ajuda? (Por exemplo, aponta para um biscoito ou brinquedo fora do alcance dele?)<\/td><td>( )<\/td><td>( )<\/td><\/tr><tr><td>7<\/td><td>O seu filho aponta com o dedo para mostrar algo interessante para voc\u00ea? (Por exemplo, aponta para um avi\u00e3o no c\u00e9u ou um caminh\u00e3o grande na rua)<\/td><td>( )<\/td><td>( )<\/td><\/tr><tr><td>8<\/td><td>O seu filho se interessa por outras crian\u00e7as? (Por exemplo, seu filho olha para outras crian\u00e7as, sorri para elas ou se aproxima delas?)<\/td><td>( )<\/td><td>( )<\/td><\/tr><tr><td>9<\/td><td>O seu filho traz coisas para mostrar para voc\u00ea ou as segura para que voc\u00ea as veja \u2013 n\u00e3o para conseguir ajuda, mas apenas para compartilhar? (Por exemplo, para mostrar uma flor, um bichinho de pel\u00facia ou um carrinho de brinquedo)<\/td><td>( )<\/td><td>( )<\/td><\/tr><tr><td>10<\/td><td>O seu filho responde quando voc\u00ea o chama pelo nome? (Por exemplo, ele olha para voc\u00ea, fala ou emite algum som, ou para o que est\u00e1 fazendo quando voc\u00ea o chama pelo nome?)<\/td><td>( )<\/td><td>( )<\/td><\/tr><tr><td>11<\/td><td>Quando voc\u00ea sorri para o seu filho, ele sorri de volta para voc\u00ea?<\/td><td>( )<\/td><td>( )<\/td><\/tr><tr><td>12<\/td><td>O seu filho fica muito incomodado com barulhos do dia a dia? (Por exemplo, seu filho grita ou chora ao ouvir barulhos como os de liquidificador ou de m\u00fasica alta?)<\/td><td>( )<\/td><td>( )<\/td><\/tr><tr><td>13<\/td><td>O seu filho anda?<\/td><td>( )<\/td><td>( )<\/td><\/tr><tr><td>14<\/td><td>O seu filho olha nos seus olhos quando voc\u00ea est\u00e1 falando ou brincando com ele\/ela, ou vestindo a roupa dele\/dela?<\/td><td>( )<\/td><td>( )<\/td><\/tr><tr><td>15<\/td><td>O seu filho tenta imitar o que voc\u00ea faz? (Por exemplo, quando voc\u00ea acena \u2018tchau\u2019, ou bate palmas, ou sopra um beijo, ele imita o que voc\u00ea faz?)<\/td><td>( )<\/td><td>( )<\/td><\/tr><tr><td>16<\/td><td>Quando voc\u00ea vira a cabe\u00e7a para olhar para alguma coisa, o seu filho olha ao redor para ver o que voc\u00ea est\u00e1 olhando?<\/td><td>( )<\/td><td>( )<\/td><\/tr><tr><td>17<\/td><td>O seu filho tenta fazer voc\u00ea olhar para ele\/ela? (Por exemplo, o seu filho olha para voc\u00ea para receber elogio\/aprova\u00e7\u00e3o, ou diz: \u201colha m\u00e3e!\u201d ou \u201c\u00f4h m\u00e3e!\u201d)<\/td><td>( )<\/td><td>( )<\/td><\/tr><tr><td>18<\/td><td>O seu filho entende quando voc\u00ea pede para ele\/ela fazer alguma coisa? (Por exemplo, se voc\u00ea n\u00e3o apontar, o seu filho entende o que voc\u00ea quer dizer quando voc\u00ea diz: \u201ccoloca o livro na cadeira\u201d ou \u201cliga a televis\u00e3o\u201d?)<\/td><td>( )<\/td><td>( )<\/td><\/tr><tr><td>19<\/td><td>Quando acontece algo novo, o seu filho olha para o seu rosto para ver a sua rea\u00e7\u00e3o sobre o que aconteceu? (Por exemplo, se ele ouvir um barulho estranho ou ver um brinquedo novo, ser\u00e1 que ele\/ela olharia para seu rosto?)<\/td><td>( )<\/td><td>( )<\/td><\/tr><tr><td>20<\/td><td>O seu filho gosta de atividades de movimento? (Por exemplo, ser balan\u00e7ado ou pular em seus joelhos).<\/td><td>( )<\/td><td>( )<\/td><\/tr><\/tbody><\/table><\/figure>\n\n\n\n<p>O manejo \u00e9 <strong>multidisciplinar<\/strong>, envolvendo <strong>fonoaudiologia, psicologia, terapia ocupacional, neuropediatria e a terapia ABA.<\/strong> O treinamento parental e a avalia\u00e7\u00e3o nutricional tamb\u00e9m s\u00e3o importantes. Em alguns casos, <strong>psicof\u00e1rmacos<\/strong> podem ser utilizados para tratar sintomas associados:<\/p>\n\n\n\n<ul class=\"wp-block-list\">\n<li>Risperidona e aripiprazol para irritabilidade e agressividade;<\/li>\n\n\n\n<li>Psicoestimulantes para desaten\u00e7\u00e3o e hiperatividade;<\/li>\n\n\n\n<li>Inibidores seletivos de recapta\u00e7\u00e3o de serotonina para ansiedade.<\/li>\n<\/ul>\n\n\n\n<h2 class=\"wp-block-heading\" id=\"h-transtorno-de-deficit-de-atencao-e-hiperatividade-tdah\"><span class=\"ez-toc-section\" id=\"Transtorno_de_Deficit_de_Atencao_e_Hiperatividade_TDAH\"><\/span><strong>Transtorno de D\u00e9ficit de Aten\u00e7\u00e3o e Hiperatividade (TDAH)<\/strong><span class=\"ez-toc-section-end\"><\/span><\/h2>\n\n\n\n<p>O <strong>TDAH<\/strong> \u00e9 um transtorno do neurodesenvolvimento com <strong>in\u00edcio precoce<\/strong>, antes dos 12 anos de idade. Ele causa <strong>preju\u00edzo funcional<\/strong> e suas manifesta\u00e7\u00f5es devem ocorrer em pelo menos <strong>dois ambientes<\/strong> (ex: casa e escola). Embora possa <strong>persistir na vida adulta<\/strong>, a <strong>intensidade<\/strong> dos sintomas <strong>pode diminuir<\/strong> com o tempo. O TDAH se caracteriza por <strong>desaten\u00e7\u00e3o E\/OU hiperatividade\/impulsividade.<\/strong><\/p>\n\n\n\n<p>A preval\u00eancia do TDAH tem aumentado, afetando cerca de <strong>5%<\/strong> das crian\u00e7as, e \u00e9 mais comum em <strong>meninos<\/strong>. A etiologia est\u00e1 relacionada a <strong>altera\u00e7\u00f5es nos circuitos de dopamina e noradrenalina, <\/strong>com influ\u00eancia de fatores gen\u00e9ticos e ambientais. Os fatores de risco incluem <strong>exposi\u00e7\u00e3o pr\u00e9-natal \u00e0 nicotina e \u00e1lcool<\/strong>, <strong>prematuridade<\/strong>, <strong>baixo peso<\/strong> ao nascer e <strong>contato com<\/strong> <strong>toxinas<\/strong> como o chumbo na inf\u00e2ncia.<\/p>\n\n\n\n<h3 class=\"wp-block-heading\" id=\"h-quais-os-sintomas-e-a-apresentacao-clinica\"><span class=\"ez-toc-section\" id=\"Quais_os_sintomas_e_a_apresentacao_clinica\"><\/span><strong>Quais os sintomas e a apresenta\u00e7\u00e3o cl\u00ednica?<\/strong><span class=\"ez-toc-section-end\"><\/span><\/h3>\n\n\n\n<p>Para o diagn\u00f3stico, os sintomas devem estar presentes h\u00e1 <strong>mais de 6 meses<\/strong> em pelo menos <strong>dois ambientes<\/strong> e causar <strong>preju\u00edzo funcional<\/strong>. O TDAH pode se apresentar de tr\u00eas formas: <strong>predominantemente desatento, predominantemente hiperativo\/impulsivo, ou combinado.<\/strong><\/p>\n\n\n\n<p><strong>Os sintomas de desaten\u00e7\u00e3o incluem:<\/strong><\/p>\n\n\n\n<ul class=\"wp-block-list\">\n<li>Dificuldade em manter a <strong>aten\u00e7\u00e3o<\/strong>;<\/li>\n\n\n\n<li>Cometer erros por <strong>descuido<\/strong> e <strong>parecer n\u00e3o escutar<\/strong>;<\/li>\n\n\n\n<li><strong>N\u00e3o seguir instru\u00e7\u00f5es<\/strong> nem terminar tarefas;<\/li>\n\n\n\n<li><strong>Perder<\/strong> objetos e <strong>esquecer<\/strong> de atividades di\u00e1rias;<\/li>\n\n\n\n<li><strong>Distrair-se facilmente<\/strong> com est\u00edmulos externos.<\/li>\n<\/ul>\n\n\n\n<p><strong>Os sintomas de hiperatividade\/impulsividade incluem:<\/strong><\/p>\n\n\n\n<ul class=\"wp-block-list\">\n<li><strong>Incapacidade de ficar parado<\/strong> ou sentado (agita as pernas).<\/li>\n\n\n\n<li><strong>N\u00e3o<\/strong> conseguir &#8220;desligar&#8221; ou ficar <strong>quieto<\/strong>.<\/li>\n\n\n\n<li>Ter <strong>dificuldade em esperar a vez<\/strong>, interrompendo conversas ou se intrometendo.<\/li>\n<\/ul>\n\n\n\n<p>O TDAH frequentemente se associa a outros transtornos, como <strong>transtorno opositor desafiador (TOD), transtorno de conduta, dist\u00farbios do sono, transtornos de ansiedade e depress\u00e3o, e TEA.<\/strong><\/p>\n\n\n\n<h3 class=\"wp-block-heading\" id=\"h-como-fazer-o-diagnostico-e-o-manejo\"><span class=\"ez-toc-section\" id=\"Como_fazer_o_Diagnostico_e_o_Manejo\"><\/span><strong>Como fazer o Diagn\u00f3stico e o Manejo?<\/strong><span class=\"ez-toc-section-end\"><\/span><\/h3>\n\n\n\n<p>O diagn\u00f3stico do TDAH tamb\u00e9m \u00e9 <strong>cl\u00ednico<\/strong>, baseado nos crit\u00e9rios do <strong>DSM-V ou da CID.<\/strong> O diagn\u00f3stico diferencial deve considerar <strong>transtornos de aprendizagem<\/strong>, cujos sintomas aparecem principalmente no ambiente escolar.<\/p>\n\n\n\n<p>A triagem pode ser realizada com a escala <strong>SNAP-IV<\/strong>, preenchida pelos pais e\/ou professores. Se a pontua\u00e7\u00e3o for <strong>igual ou superior a 6<\/strong> em cada \u00e1rea (desaten\u00e7\u00e3o e hiperatividade), o diagn\u00f3stico de TDAH \u00e9 sugerido.<\/p>\n\n\n\n<figure class=\"wp-block-table\"><table class=\"has-fixed-layout\"><thead><tr><th>N\u00ba<\/th><th>Pergunta<\/th><th>Nem um pouco<\/th><th>S\u00f3 um pouco<\/th><th>Bastante<\/th><th>Demais<\/th><\/tr><\/thead><tbody><tr><td>01<\/td><td>N\u00e3o consegue prestar muita aten\u00e7\u00e3o a detalhes ou comete erros por descuido nos trabalhos da escola ou tarefas.<\/td><td>( )<\/td><td>( )<\/td><td>( )<\/td><td>( )<\/td><\/tr><tr><td>02<\/td><td>Tem dificuldade de manter a aten\u00e7\u00e3o em tarefas ou atividades de lazer.<\/td><td>( )<\/td><td>( )<\/td><td>( )<\/td><td>( )<\/td><\/tr><tr><td>03<\/td><td>Parece n\u00e3o estar ouvindo quando se fala diretamente com ele.<\/td><td>( )<\/td><td>( )<\/td><td>( )<\/td><td>( )<\/td><\/tr><tr><td>04<\/td><td>N\u00e3o segue instru\u00e7\u00f5es at\u00e9 o fim e n\u00e3o termina deveres de escola, tarefas ou obriga\u00e7\u00f5es.<\/td><td>( )<\/td><td>( )<\/td><td>( )<\/td><td>( )<\/td><\/tr><tr><td>05<\/td><td>Tem dificuldade para organizar tarefas e atividades.<\/td><td>( )<\/td><td>( )<\/td><td>( )<\/td><td>( )<\/td><\/tr><tr><td>06<\/td><td>Evita, n\u00e3o gosta ou se envolve contra a vontade em tarefas que exigem esfor\u00e7o mental prolongado.<\/td><td>( )<\/td><td>( )<\/td><td>( )<\/td><td>( )<\/td><\/tr><tr><td>07<\/td><td>Perde coisas necess\u00e1rias para atividades (p. ex: brinquedos, deveres da escola, l\u00e1pis ou livros).<\/td><td>( )<\/td><td>( )<\/td><td>( )<\/td><td>( )<\/td><\/tr><tr><td>08<\/td><td>Distrai-se com est\u00edmulos externos.<\/td><td>( )<\/td><td>( )<\/td><td>( )<\/td><td>( )<\/td><\/tr><tr><td>09<\/td><td>\u00c9 esquecido em atividades do dia a dia.<\/td><td>( )<\/td><td>( )<\/td><td>( )<\/td><td>( )<\/td><\/tr><tr><td>10<\/td><td>Mexe com as m\u00e3os ou os p\u00e9s ou se remexe na cadeira.<\/td><td>( )<\/td><td>( )<\/td><td>( )<\/td><td>( )<\/td><\/tr><tr><td>11<\/td><td>Sai do lugar na sala de aula ou em outras situa\u00e7\u00f5es em que se espera que fique sentado.<\/td><td>( )<\/td><td>( )<\/td><td>( )<\/td><td>( )<\/td><\/tr><tr><td>12<\/td><td>Corre de um lado para outro ou sobe demais nas coisas em situa\u00e7\u00f5es em que isto \u00e9 inapropriado.<\/td><td>( )<\/td><td>( )<\/td><td>( )<\/td><td>( )<\/td><\/tr><tr><td>13<\/td><td>Tem dificuldade em brincar ou envolver-se em atividades de lazer de forma calma.<\/td><td>( )<\/td><td>( )<\/td><td>( )<\/td><td>( )<\/td><\/tr><tr><td>14<\/td><td>N\u00e3o para ou frequentemente est\u00e1 a \u201cmil por hora\u201d.<\/td><td>( )<\/td><td>( )<\/td><td>( )<\/td><td>( )<\/td><\/tr><tr><td>15<\/td><td>Fala em excesso.<\/td><td>( )<\/td><td>( )<\/td><td>( )<\/td><td>( )<\/td><\/tr><tr><td>16<\/td><td>Responde \u00e0s perguntas de forma precipitada antes delas terem sido terminadas.<\/td><td>( )<\/td><td>( )<\/td><td>( )<\/td><td>( )<\/td><\/tr><tr><td>17<\/td><td>Tem dificuldade de esperar sua vez.<\/td><td>( )<\/td><td>( )<\/td><td>( )<\/td><td>( )<\/td><\/tr><tr><td>18<\/td><td>Interrompe os outros ou se intromete (p.ex. mete-se nas conversas\/jogos).<\/td><td>( )<\/td><td>( )<\/td><td>( )<\/td><td>( )<\/td><\/tr><tr><td>19<\/td><td>Descontrola-se.<\/td><td>( )<\/td><td>( )<\/td><td>( )<\/td><td>( )<\/td><\/tr><tr><td>20<\/td><td>Discute com adultos.<\/td><td>( )<\/td><td>( )<\/td><td>( )<\/td><td>( )<\/td><\/tr><tr><td>21<\/td><td>Desafia ativamente ou se recusa a atender pedidos ou regras de adultos.<\/td><td>( )<\/td><td>( )<\/td><td>( )<\/td><td>( )<\/td><\/tr><tr><td>22<\/td><td>Faz coisas de prop\u00f3sito que incomodam outras pessoas.<\/td><td>( )<\/td><td>( )<\/td><td>( )<\/td><td>( )<\/td><\/tr><tr><td>23<\/td><td>Culpa os outros pelos seus erros ou mau comportamento.<\/td><td>( )<\/td><td>( )<\/td><td>( )<\/td><td>( )<\/td><\/tr><tr><td>24<\/td><td>\u00c9 irrit\u00e1vel ou facilmente incomodado pelos outros.<\/td><td>( )<\/td><td>( )<\/td><td>( )<\/td><td>( )<\/td><\/tr><tr><td>25<\/td><td>\u00c9 zangado e ressentido.<\/td><td>( )<\/td><td>( )<\/td><td>( )<\/td><td>( )<\/td><\/tr><tr><td>26<\/td><td>\u00c9 maldoso e vingativo.<\/td><td>( )<\/td><td>( )<\/td><td>( )<\/td><td>( )<\/td><\/tr><\/tbody><\/table><figcaption class=\"wp-element-caption\">Quest\u00f5es feitas aos pais e professores. Fonte: Empresa Brasileira de Servi\u00e7os Hospitalares.<\/figcaption><\/figure>\n\n\n\n<p>O manejo do TDAH envolve um <strong>plano terap\u00eautico<\/strong> que inclui o <strong>paciente<\/strong>, a <strong>fam\u00edlia<\/strong> e a <strong>escola<\/strong>. A terapia <strong>cognitivo-comportamental<\/strong> e o treinamento parental s\u00e3o partes importantes do tratamento. O tratamento <strong>farmacol\u00f3gico<\/strong> pode ser utilizado, principalmente com <strong>psicoestimulantes<\/strong> como o <strong>metilfenidato e a lisdexanfetamina<\/strong>.<\/p>\n\n\n\n<p>\u00c9 importante avaliar o paciente antes e durante o uso desses medicamentos, monitorando riscos como <strong>arritmias<\/strong>, que podem aumentar o <strong>intervalo QT<\/strong>, e a redu\u00e7\u00e3o da <strong>velocidade de crescimento<\/strong>. Os psicoestimulantes s\u00e3o contraindicados em casos de <strong>psicose, arritmia grave, hipertireoidismo<\/strong> <strong>n\u00e3o controlado, angina e glaucoma de \u00e2ngulo fechado<\/strong>. Outras medica\u00e7\u00f5es, como a <strong>clonidina<\/strong> e a <strong>bupropiona<\/strong>, podem ser usadas caso n\u00e3o haja uma resposta adequada aos psicoestimulantes.<\/p>\n\n\n\n<h2 class=\"wp-block-heading\" id=\"h-seja-um-medcofer\"><span class=\"ez-toc-section\" id=\"Seja_um_MedCofer\"><\/span><strong>Seja um MedCofer!<\/strong><span class=\"ez-toc-section-end\"><\/span><\/h2>\n\n\n\n<p>Quer garantir a sua aprova\u00e7\u00e3o nas provas de resid\u00eancia m\u00e9dica? Ent\u00e3o conhe\u00e7a o Grupo MedCof e a metodologia que j\u00e1 aprovou<a href=\"https:\/\/www.grupomedcof.com.br\/blog\/presenca-da-medcof-nas-aprovacoes-em-residencia-medica-no-brasil\/\" target=\"_blank\" rel=\"noreferrer noopener\">&nbsp;<strong>mais de 20 mil residentes<\/strong>&nbsp;<\/a>pelo pa\u00eds. Por fim, voc\u00ea pode acessar o nosso<a href=\"https:\/\/www.youtube.com\/@GrupoMedcof\/featured\" target=\"_blank\" rel=\"noreferrer noopener\">&nbsp;<strong>canal do youtube&nbsp;<\/strong><\/a>e ver o nosso material de revis\u00e3o e corre\u00e7\u00e3o.<\/p>\n\n\n\n<figure class=\"wp-block-embed is-type-video is-provider-youtube wp-block-embed-youtube wp-embed-aspect-16-9 wp-has-aspect-ratio\"><div class=\"wp-block-embed__wrapper\">\n<div class=\"youtube-embed\" data-video_id=\"AHDu7188KZM\"><iframe loading=\"lazy\" title=\"Transtornos do Desenvolvimento em Pediatria\" width=\"696\" height=\"392\" src=\"https:\/\/www.youtube.com\/embed\/AHDu7188KZM?feature=oembed&#038;enablejsapi=1\" frameborder=\"0\" allow=\"accelerometer; autoplay; clipboard-write; encrypted-media; gyroscope; picture-in-picture; web-share\" referrerpolicy=\"strict-origin-when-cross-origin\" allowfullscreen><\/iframe><\/div>\n<\/div><\/figure>\n","protected":false},"excerpt":{"rendered":"<p>Voc\u00ea sabe as diferen\u00e7as entre os principais transtornos do neurodesenvolvimento na pediatria? Entenda agora sobre o TEA e TDAH!<\/p>\n","protected":false},"author":21,"featured_media":37660,"comment_status":"closed","ping_status":"closed","sticky":false,"template":"","format":"standard","meta":{"footnotes":""},"categories":[120],"tags":[2788,3175,3176],"ppma_author":[3617],"class_list":{"0":"post-37657","1":"post","2":"type-post","3":"status-publish","4":"format-standard","5":"has-post-thumbnail","7":"category-pediatria","8":"tag-autismo","9":"tag-tdah","10":"tag-tea"},"yoast_head":"<!-- This site is optimized with the Yoast SEO Premium plugin v24.3 (Yoast SEO v27.4) - https:\/\/yoast.com\/product\/yoast-seo-premium-wordpress\/ -->\n<title>Diferen\u00e7as do TEA e do TDAH na Puericultura - Blog de Medcof: conte\u00fados, editais, revalida e mais!<\/title>\n<meta name=\"description\" content=\"Voc\u00ea sabe as diferen\u00e7as entre os principais transtornos do neurodesenvolvimento na pediatria? Entenda agora sobre o TEA e TDAH!\" \/>\n<meta name=\"robots\" content=\"index, follow, max-snippet:-1, max-image-preview:large, max-video-preview:-1\" \/>\n<link rel=\"canonical\" href=\"https:\/\/www.grupomedcof.com.br\/blog\/diferencas-do-tea-e-do-tdah-na-puericultura\/\" \/>\n<meta property=\"og:locale\" content=\"pt_BR\" \/>\n<meta property=\"og:type\" content=\"article\" \/>\n<meta property=\"og:title\" content=\"Diferen\u00e7as do TEA e do TDAH na Puericultura\" \/>\n<meta property=\"og:description\" content=\"Voc\u00ea sabe as diferen\u00e7as entre os principais transtornos do neurodesenvolvimento na pediatria? Entenda agora sobre o TEA e TDAH!\" \/>\n<meta property=\"og:url\" content=\"https:\/\/www.grupomedcof.com.br\/blog\/diferencas-do-tea-e-do-tdah-na-puericultura\/\" \/>\n<meta property=\"og:site_name\" content=\"Blog de Medcof: conte\u00fados, editais, revalida e mais!\" \/>\n<meta property=\"article:publisher\" content=\"https:\/\/www.facebook.com\/MedCofQbank\/\" \/>\n<meta property=\"article:published_time\" content=\"2025-09-08T13:53:57+00:00\" \/>\n<meta property=\"article:modified_time\" content=\"2025-09-08T18:47:30+00:00\" \/>\n<meta property=\"og:image\" content=\"https:\/\/www.grupomedcof.com.br\/blog\/wp-content\/uploads\/2025\/09\/Blog-MedCof-2025-09-08T105004.630.jpg\" \/>\n\t<meta property=\"og:image:width\" content=\"1920\" \/>\n\t<meta property=\"og:image:height\" content=\"1080\" \/>\n\t<meta property=\"og:image:type\" content=\"image\/jpeg\" \/>\n<meta name=\"author\" content=\"Kiara Adelino\" \/>\n<meta name=\"twitter:card\" content=\"summary_large_image\" \/>\n<meta name=\"twitter:label1\" content=\"Escrito por\" \/>\n\t<meta name=\"twitter:data1\" content=\"Kiara Adelino\" \/>\n\t<meta name=\"twitter:label2\" content=\"Est. tempo de leitura\" \/>\n\t<meta name=\"twitter:data2\" content=\"12 minutos\" \/>\n<script type=\"application\/ld+json\" class=\"yoast-schema-graph\">{\"@context\":\"https:\\\/\\\/schema.org\",\"@graph\":[{\"@type\":\"Article\",\"@id\":\"https:\\\/\\\/www.grupomedcof.com.br\\\/blog\\\/diferencas-do-tea-e-do-tdah-na-puericultura\\\/#article\",\"isPartOf\":{\"@id\":\"https:\\\/\\\/www.grupomedcof.com.br\\\/blog\\\/diferencas-do-tea-e-do-tdah-na-puericultura\\\/\"},\"author\":{\"name\":\"Kiara Adelino\",\"@id\":\"https:\\\/\\\/www.grupomedcof.com.br\\\/blog\\\/#\\\/schema\\\/person\\\/db19a651f86c5fc202d6eee744fd3292\"},\"headline\":\"Diferen\u00e7as do TEA e do TDAH na Puericultura\",\"datePublished\":\"2025-09-08T13:53:57+00:00\",\"dateModified\":\"2025-09-08T18:47:30+00:00\",\"mainEntityOfPage\":{\"@id\":\"https:\\\/\\\/www.grupomedcof.com.br\\\/blog\\\/diferencas-do-tea-e-do-tdah-na-puericultura\\\/\"},\"wordCount\":2008,\"publisher\":{\"@id\":\"https:\\\/\\\/www.grupomedcof.com.br\\\/blog\\\/#organization\"},\"image\":{\"@id\":\"https:\\\/\\\/www.grupomedcof.com.br\\\/blog\\\/diferencas-do-tea-e-do-tdah-na-puericultura\\\/#primaryimage\"},\"thumbnailUrl\":\"https:\\\/\\\/www.grupomedcof.com.br\\\/blog\\\/wp-content\\\/uploads\\\/2025\\\/09\\\/Blog-MedCof-2025-09-08T105004.630.jpg\",\"keywords\":[\"Autismo\",\"TDAH\",\"TEA\"],\"articleSection\":[\"Pediatria\"],\"inLanguage\":\"pt-BR\"},{\"@type\":\"WebPage\",\"@id\":\"https:\\\/\\\/www.grupomedcof.com.br\\\/blog\\\/diferencas-do-tea-e-do-tdah-na-puericultura\\\/\",\"url\":\"https:\\\/\\\/www.grupomedcof.com.br\\\/blog\\\/diferencas-do-tea-e-do-tdah-na-puericultura\\\/\",\"name\":\"Diferen\u00e7as do TEA e do TDAH na Puericultura - Blog de Medcof: conte\u00fados, editais, revalida e mais!\",\"isPartOf\":{\"@id\":\"https:\\\/\\\/www.grupomedcof.com.br\\\/blog\\\/#website\"},\"primaryImageOfPage\":{\"@id\":\"https:\\\/\\\/www.grupomedcof.com.br\\\/blog\\\/diferencas-do-tea-e-do-tdah-na-puericultura\\\/#primaryimage\"},\"image\":{\"@id\":\"https:\\\/\\\/www.grupomedcof.com.br\\\/blog\\\/diferencas-do-tea-e-do-tdah-na-puericultura\\\/#primaryimage\"},\"thumbnailUrl\":\"https:\\\/\\\/www.grupomedcof.com.br\\\/blog\\\/wp-content\\\/uploads\\\/2025\\\/09\\\/Blog-MedCof-2025-09-08T105004.630.jpg\",\"datePublished\":\"2025-09-08T13:53:57+00:00\",\"dateModified\":\"2025-09-08T18:47:30+00:00\",\"description\":\"Voc\u00ea sabe as diferen\u00e7as entre os principais transtornos do neurodesenvolvimento na pediatria? Entenda agora sobre o TEA e TDAH!\",\"breadcrumb\":{\"@id\":\"https:\\\/\\\/www.grupomedcof.com.br\\\/blog\\\/diferencas-do-tea-e-do-tdah-na-puericultura\\\/#breadcrumb\"},\"inLanguage\":\"pt-BR\",\"potentialAction\":[{\"@type\":\"ReadAction\",\"target\":[\"https:\\\/\\\/www.grupomedcof.com.br\\\/blog\\\/diferencas-do-tea-e-do-tdah-na-puericultura\\\/\"]}]},{\"@type\":\"ImageObject\",\"inLanguage\":\"pt-BR\",\"@id\":\"https:\\\/\\\/www.grupomedcof.com.br\\\/blog\\\/diferencas-do-tea-e-do-tdah-na-puericultura\\\/#primaryimage\",\"url\":\"https:\\\/\\\/www.grupomedcof.com.br\\\/blog\\\/wp-content\\\/uploads\\\/2025\\\/09\\\/Blog-MedCof-2025-09-08T105004.630.jpg\",\"contentUrl\":\"https:\\\/\\\/www.grupomedcof.com.br\\\/blog\\\/wp-content\\\/uploads\\\/2025\\\/09\\\/Blog-MedCof-2025-09-08T105004.630.jpg\",\"width\":1920,\"height\":1080},{\"@type\":\"BreadcrumbList\",\"@id\":\"https:\\\/\\\/www.grupomedcof.com.br\\\/blog\\\/diferencas-do-tea-e-do-tdah-na-puericultura\\\/#breadcrumb\",\"itemListElement\":[{\"@type\":\"ListItem\",\"position\":1,\"name\":\"In\u00edcio\",\"item\":\"https:\\\/\\\/www.grupomedcof.com.br\\\/blog\\\/\"},{\"@type\":\"ListItem\",\"position\":2,\"name\":\"Diferen\u00e7as do TEA e do TDAH na Puericultura\"}]},{\"@type\":\"WebSite\",\"@id\":\"https:\\\/\\\/www.grupomedcof.com.br\\\/blog\\\/#website\",\"url\":\"https:\\\/\\\/www.grupomedcof.com.br\\\/blog\\\/\",\"name\":\"Blog de Medcof: conte\u00fados, editais, revalida e mais!\",\"description\":\"Acesso o blog de MedCof! Seu portal de conte\u00fados sobre resid\u00eancia m\u00e9dica, an\u00e1lise e editais e muito mais. Clique e confira!\",\"publisher\":{\"@id\":\"https:\\\/\\\/www.grupomedcof.com.br\\\/blog\\\/#organization\"},\"alternateName\":\"Blog de Medcof: conte\u00fados, editais, revalida e mais!\",\"potentialAction\":[{\"@type\":\"SearchAction\",\"target\":{\"@type\":\"EntryPoint\",\"urlTemplate\":\"https:\\\/\\\/www.grupomedcof.com.br\\\/blog\\\/?s={search_term_string}\"},\"query-input\":{\"@type\":\"PropertyValueSpecification\",\"valueRequired\":true,\"valueName\":\"search_term_string\"}}],\"inLanguage\":\"pt-BR\"},{\"@type\":\"Organization\",\"@id\":\"https:\\\/\\\/www.grupomedcof.com.br\\\/blog\\\/#organization\",\"name\":\"Grupo MedCof\",\"url\":\"https:\\\/\\\/www.grupomedcof.com.br\\\/blog\\\/\",\"logo\":{\"@type\":\"ImageObject\",\"inLanguage\":\"pt-BR\",\"@id\":\"https:\\\/\\\/www.grupomedcof.com.br\\\/blog\\\/#\\\/schema\\\/logo\\\/image\\\/\",\"url\":\"https:\\\/\\\/www.grupomedcof.com.br\\\/blog\\\/wp-content\\\/uploads\\\/2022\\\/01\\\/logo-medcof.png\",\"contentUrl\":\"https:\\\/\\\/www.grupomedcof.com.br\\\/blog\\\/wp-content\\\/uploads\\\/2022\\\/01\\\/logo-medcof.png\",\"width\":768,\"height\":269,\"caption\":\"Grupo MedCof\"},\"image\":{\"@id\":\"https:\\\/\\\/www.grupomedcof.com.br\\\/blog\\\/#\\\/schema\\\/logo\\\/image\\\/\"},\"sameAs\":[\"https:\\\/\\\/www.facebook.com\\\/MedCofQbank\\\/\",\"https:\\\/\\\/www.instagram.com\\\/grupomedcof\\\/\",\"https:\\\/\\\/br.linkedin.com\\\/company\\\/medcof\",\"https:\\\/\\\/www.youtube.com\\\/channel\\\/UCdHMuOHKICxcHwecxN8P-AA\"]},{\"@type\":\"Person\",\"@id\":\"https:\\\/\\\/www.grupomedcof.com.br\\\/blog\\\/#\\\/schema\\\/person\\\/db19a651f86c5fc202d6eee744fd3292\",\"name\":\"Kiara Adelino\",\"image\":{\"@type\":\"ImageObject\",\"inLanguage\":\"pt-BR\",\"@id\":\"https:\\\/\\\/www.grupomedcof.com.br\\\/blog\\\/wp-content\\\/uploads\\\/2024\\\/08\\\/cropped-Kiara-Adelino2-96x96.jpega85663bdda67261f8f06f86e555e1e49\",\"url\":\"https:\\\/\\\/www.grupomedcof.com.br\\\/blog\\\/wp-content\\\/uploads\\\/2024\\\/08\\\/cropped-Kiara-Adelino2-96x96.jpeg\",\"contentUrl\":\"https:\\\/\\\/www.grupomedcof.com.br\\\/blog\\\/wp-content\\\/uploads\\\/2024\\\/08\\\/cropped-Kiara-Adelino2-96x96.jpeg\",\"caption\":\"Kiara Adelino\"},\"description\":\"Estudante do 5\u00b0 semestre de Medicina. Gosto bastante de aprender coisas novas, principalmente na \u00e1rea de Neurologia e Anatomia humana.\",\"url\":\"https:\\\/\\\/www.grupomedcof.com.br\\\/blog\\\/author\\\/kiara-adelino\\\/\"}]}<\/script>\n<!-- \/ Yoast SEO Premium plugin. -->","yoast_head_json":{"title":"Diferen\u00e7as do TEA e do TDAH na Puericultura - Blog de Medcof: conte\u00fados, editais, revalida e mais!","description":"Voc\u00ea sabe as diferen\u00e7as entre os principais transtornos do neurodesenvolvimento na pediatria? Entenda agora sobre o TEA e TDAH!","robots":{"index":"index","follow":"follow","max-snippet":"max-snippet:-1","max-image-preview":"max-image-preview:large","max-video-preview":"max-video-preview:-1"},"canonical":"https:\/\/www.grupomedcof.com.br\/blog\/diferencas-do-tea-e-do-tdah-na-puericultura\/","og_locale":"pt_BR","og_type":"article","og_title":"Diferen\u00e7as do TEA e do TDAH na Puericultura","og_description":"Voc\u00ea sabe as diferen\u00e7as entre os principais transtornos do neurodesenvolvimento na pediatria? Entenda agora sobre o TEA e TDAH!","og_url":"https:\/\/www.grupomedcof.com.br\/blog\/diferencas-do-tea-e-do-tdah-na-puericultura\/","og_site_name":"Blog de Medcof: conte\u00fados, editais, revalida e mais!","article_publisher":"https:\/\/www.facebook.com\/MedCofQbank\/","article_published_time":"2025-09-08T13:53:57+00:00","article_modified_time":"2025-09-08T18:47:30+00:00","og_image":[{"width":1920,"height":1080,"url":"https:\/\/www.grupomedcof.com.br\/blog\/wp-content\/uploads\/2025\/09\/Blog-MedCof-2025-09-08T105004.630.jpg","type":"image\/jpeg"}],"author":"Kiara Adelino","twitter_card":"summary_large_image","twitter_misc":{"Escrito por":"Kiara Adelino","Est. tempo de leitura":"12 minutos"},"schema":{"@context":"https:\/\/schema.org","@graph":[{"@type":"Article","@id":"https:\/\/www.grupomedcof.com.br\/blog\/diferencas-do-tea-e-do-tdah-na-puericultura\/#article","isPartOf":{"@id":"https:\/\/www.grupomedcof.com.br\/blog\/diferencas-do-tea-e-do-tdah-na-puericultura\/"},"author":{"name":"Kiara Adelino","@id":"https:\/\/www.grupomedcof.com.br\/blog\/#\/schema\/person\/db19a651f86c5fc202d6eee744fd3292"},"headline":"Diferen\u00e7as do TEA e do TDAH na Puericultura","datePublished":"2025-09-08T13:53:57+00:00","dateModified":"2025-09-08T18:47:30+00:00","mainEntityOfPage":{"@id":"https:\/\/www.grupomedcof.com.br\/blog\/diferencas-do-tea-e-do-tdah-na-puericultura\/"},"wordCount":2008,"publisher":{"@id":"https:\/\/www.grupomedcof.com.br\/blog\/#organization"},"image":{"@id":"https:\/\/www.grupomedcof.com.br\/blog\/diferencas-do-tea-e-do-tdah-na-puericultura\/#primaryimage"},"thumbnailUrl":"https:\/\/www.grupomedcof.com.br\/blog\/wp-content\/uploads\/2025\/09\/Blog-MedCof-2025-09-08T105004.630.jpg","keywords":["Autismo","TDAH","TEA"],"articleSection":["Pediatria"],"inLanguage":"pt-BR"},{"@type":"WebPage","@id":"https:\/\/www.grupomedcof.com.br\/blog\/diferencas-do-tea-e-do-tdah-na-puericultura\/","url":"https:\/\/www.grupomedcof.com.br\/blog\/diferencas-do-tea-e-do-tdah-na-puericultura\/","name":"Diferen\u00e7as do TEA e do TDAH na Puericultura - Blog de Medcof: conte\u00fados, editais, revalida e mais!","isPartOf":{"@id":"https:\/\/www.grupomedcof.com.br\/blog\/#website"},"primaryImageOfPage":{"@id":"https:\/\/www.grupomedcof.com.br\/blog\/diferencas-do-tea-e-do-tdah-na-puericultura\/#primaryimage"},"image":{"@id":"https:\/\/www.grupomedcof.com.br\/blog\/diferencas-do-tea-e-do-tdah-na-puericultura\/#primaryimage"},"thumbnailUrl":"https:\/\/www.grupomedcof.com.br\/blog\/wp-content\/uploads\/2025\/09\/Blog-MedCof-2025-09-08T105004.630.jpg","datePublished":"2025-09-08T13:53:57+00:00","dateModified":"2025-09-08T18:47:30+00:00","description":"Voc\u00ea sabe as diferen\u00e7as entre os principais transtornos do neurodesenvolvimento na pediatria? Entenda agora sobre o TEA e TDAH!","breadcrumb":{"@id":"https:\/\/www.grupomedcof.com.br\/blog\/diferencas-do-tea-e-do-tdah-na-puericultura\/#breadcrumb"},"inLanguage":"pt-BR","potentialAction":[{"@type":"ReadAction","target":["https:\/\/www.grupomedcof.com.br\/blog\/diferencas-do-tea-e-do-tdah-na-puericultura\/"]}]},{"@type":"ImageObject","inLanguage":"pt-BR","@id":"https:\/\/www.grupomedcof.com.br\/blog\/diferencas-do-tea-e-do-tdah-na-puericultura\/#primaryimage","url":"https:\/\/www.grupomedcof.com.br\/blog\/wp-content\/uploads\/2025\/09\/Blog-MedCof-2025-09-08T105004.630.jpg","contentUrl":"https:\/\/www.grupomedcof.com.br\/blog\/wp-content\/uploads\/2025\/09\/Blog-MedCof-2025-09-08T105004.630.jpg","width":1920,"height":1080},{"@type":"BreadcrumbList","@id":"https:\/\/www.grupomedcof.com.br\/blog\/diferencas-do-tea-e-do-tdah-na-puericultura\/#breadcrumb","itemListElement":[{"@type":"ListItem","position":1,"name":"In\u00edcio","item":"https:\/\/www.grupomedcof.com.br\/blog\/"},{"@type":"ListItem","position":2,"name":"Diferen\u00e7as do TEA e do TDAH na Puericultura"}]},{"@type":"WebSite","@id":"https:\/\/www.grupomedcof.com.br\/blog\/#website","url":"https:\/\/www.grupomedcof.com.br\/blog\/","name":"Blog de Medcof: conte\u00fados, editais, revalida e mais!","description":"Acesso o blog de MedCof! Seu portal de conte\u00fados sobre resid\u00eancia m\u00e9dica, an\u00e1lise e editais e muito mais. Clique e confira!","publisher":{"@id":"https:\/\/www.grupomedcof.com.br\/blog\/#organization"},"alternateName":"Blog de Medcof: conte\u00fados, editais, revalida e mais!","potentialAction":[{"@type":"SearchAction","target":{"@type":"EntryPoint","urlTemplate":"https:\/\/www.grupomedcof.com.br\/blog\/?s={search_term_string}"},"query-input":{"@type":"PropertyValueSpecification","valueRequired":true,"valueName":"search_term_string"}}],"inLanguage":"pt-BR"},{"@type":"Organization","@id":"https:\/\/www.grupomedcof.com.br\/blog\/#organization","name":"Grupo MedCof","url":"https:\/\/www.grupomedcof.com.br\/blog\/","logo":{"@type":"ImageObject","inLanguage":"pt-BR","@id":"https:\/\/www.grupomedcof.com.br\/blog\/#\/schema\/logo\/image\/","url":"https:\/\/www.grupomedcof.com.br\/blog\/wp-content\/uploads\/2022\/01\/logo-medcof.png","contentUrl":"https:\/\/www.grupomedcof.com.br\/blog\/wp-content\/uploads\/2022\/01\/logo-medcof.png","width":768,"height":269,"caption":"Grupo MedCof"},"image":{"@id":"https:\/\/www.grupomedcof.com.br\/blog\/#\/schema\/logo\/image\/"},"sameAs":["https:\/\/www.facebook.com\/MedCofQbank\/","https:\/\/www.instagram.com\/grupomedcof\/","https:\/\/br.linkedin.com\/company\/medcof","https:\/\/www.youtube.com\/channel\/UCdHMuOHKICxcHwecxN8P-AA"]},{"@type":"Person","@id":"https:\/\/www.grupomedcof.com.br\/blog\/#\/schema\/person\/db19a651f86c5fc202d6eee744fd3292","name":"Kiara Adelino","image":{"@type":"ImageObject","inLanguage":"pt-BR","@id":"https:\/\/www.grupomedcof.com.br\/blog\/wp-content\/uploads\/2024\/08\/cropped-Kiara-Adelino2-96x96.jpega85663bdda67261f8f06f86e555e1e49","url":"https:\/\/www.grupomedcof.com.br\/blog\/wp-content\/uploads\/2024\/08\/cropped-Kiara-Adelino2-96x96.jpeg","contentUrl":"https:\/\/www.grupomedcof.com.br\/blog\/wp-content\/uploads\/2024\/08\/cropped-Kiara-Adelino2-96x96.jpeg","caption":"Kiara Adelino"},"description":"Estudante do 5\u00b0 semestre de Medicina. Gosto bastante de aprender coisas novas, principalmente na \u00e1rea de Neurologia e Anatomia humana.","url":"https:\/\/www.grupomedcof.com.br\/blog\/author\/kiara-adelino\/"}]}},"authors":[{"term_id":3617,"user_id":21,"is_guest":0,"slug":"kiara-adelino","display_name":"Kiara Adelino","avatar_url":"https:\/\/www.grupomedcof.com.br\/blog\/wp-content\/uploads\/2024\/08\/cropped-Kiara-Adelino2-96x96.jpeg","0":null,"1":"","2":"","3":"","4":"","5":"","6":"","7":"","8":""}],"_links":{"self":[{"href":"https:\/\/www.grupomedcof.com.br\/blog\/wp-json\/wp\/v2\/posts\/37657","targetHints":{"allow":["GET"]}}],"collection":[{"href":"https:\/\/www.grupomedcof.com.br\/blog\/wp-json\/wp\/v2\/posts"}],"about":[{"href":"https:\/\/www.grupomedcof.com.br\/blog\/wp-json\/wp\/v2\/types\/post"}],"author":[{"embeddable":true,"href":"https:\/\/www.grupomedcof.com.br\/blog\/wp-json\/wp\/v2\/users\/21"}],"replies":[{"embeddable":true,"href":"https:\/\/www.grupomedcof.com.br\/blog\/wp-json\/wp\/v2\/comments?post=37657"}],"version-history":[{"count":2,"href":"https:\/\/www.grupomedcof.com.br\/blog\/wp-json\/wp\/v2\/posts\/37657\/revisions"}],"predecessor-version":[{"id":37661,"href":"https:\/\/www.grupomedcof.com.br\/blog\/wp-json\/wp\/v2\/posts\/37657\/revisions\/37661"}],"wp:featuredmedia":[{"embeddable":true,"href":"https:\/\/www.grupomedcof.com.br\/blog\/wp-json\/wp\/v2\/media\/37660"}],"wp:attachment":[{"href":"https:\/\/www.grupomedcof.com.br\/blog\/wp-json\/wp\/v2\/media?parent=37657"}],"wp:term":[{"taxonomy":"category","embeddable":true,"href":"https:\/\/www.grupomedcof.com.br\/blog\/wp-json\/wp\/v2\/categories?post=37657"},{"taxonomy":"post_tag","embeddable":true,"href":"https:\/\/www.grupomedcof.com.br\/blog\/wp-json\/wp\/v2\/tags?post=37657"},{"taxonomy":"author","embeddable":true,"href":"https:\/\/www.grupomedcof.com.br\/blog\/wp-json\/wp\/v2\/ppma_author?post=37657"}],"curies":[{"name":"wp","href":"https:\/\/api.w.org\/{rel}","templated":true}]}}