{"id":37878,"date":"2026-01-23T14:27:23","date_gmt":"2026-01-23T17:27:23","guid":{"rendered":"https:\/\/www.grupomedcof.com.br\/blog\/?p=37878"},"modified":"2026-01-29T14:36:20","modified_gmt":"2026-01-29T17:36:20","slug":"prescricao-antibioticos-enfermeiros","status":"publish","type":"post","link":"https:\/\/www.grupomedcof.com.br\/blog\/prescricao-antibioticos-enfermeiros\/","title":{"rendered":"Cofen autoriza prescri\u00e7\u00e3o de antibi\u00f3ticos por enfermeiros"},"content":{"rendered":"<div id=\"ez-toc-container\" class=\"ez-toc-v2_0_74 counter-hierarchy ez-toc-counter ez-toc-transparent ez-toc-container-direction\">\n<div class=\"ez-toc-title-container\">\n<p class=\"ez-toc-title\" style=\"cursor:inherit\">Sum\u00e1rio<\/p>\n<span class=\"ez-toc-title-toggle\"><a href=\"#\" class=\"ez-toc-pull-right ez-toc-btn ez-toc-btn-xs ez-toc-btn-default ez-toc-toggle\" aria-label=\"Alternar tabela de conte\u00fado\"><span class=\"ez-toc-js-icon-con\"><span class=\"\"><span class=\"eztoc-hide\" style=\"display:none;\">Toggle<\/span><span class=\"ez-toc-icon-toggle-span\"><svg style=\"fill: #999;color:#999\" xmlns=\"http:\/\/www.w3.org\/2000\/svg\" class=\"list-377408\" width=\"20px\" height=\"20px\" viewBox=\"0 0 24 24\" fill=\"none\"><path d=\"M6 6H4v2h2V6zm14 0H8v2h12V6zM4 11h2v2H4v-2zm16 0H8v2h12v-2zM4 16h2v2H4v-2zm16 0H8v2h12v-2z\" fill=\"currentColor\"><\/path><\/svg><svg style=\"fill: #999;color:#999\" class=\"arrow-unsorted-368013\" xmlns=\"http:\/\/www.w3.org\/2000\/svg\" width=\"10px\" height=\"10px\" viewBox=\"0 0 24 24\" version=\"1.2\" baseProfile=\"tiny\"><path d=\"M18.2 9.3l-6.2-6.3-6.2 6.3c-.2.2-.3.4-.3.7s.1.5.3.7c.2.2.4.3.7.3h11c.3 0 .5-.1.7-.3.2-.2.3-.5.3-.7s-.1-.5-.3-.7zM5.8 14.7l6.2 6.3 6.2-6.3c.2-.2.3-.5.3-.7s-.1-.5-.3-.7c-.2-.2-.4-.3-.7-.3h-11c-.3 0-.5.1-.7.3-.2.2-.3.5-.3.7s.1.5.3.7z\"\/><\/svg><\/span><\/span><\/span><\/a><\/span><\/div>\n<nav><ul class='ez-toc-list ez-toc-list-level-1 ' ><li class='ez-toc-page-1 ez-toc-heading-level-2'><a class=\"ez-toc-link ez-toc-heading-1\" href=\"https:\/\/www.grupomedcof.com.br\/blog\/prescricao-antibioticos-enfermeiros\/#O_que_muda_na_pratica\" >O que muda na pr\u00e1tica?<\/a><\/li><li class='ez-toc-page-1 ez-toc-heading-level-2'><a class=\"ez-toc-link ez-toc-heading-2\" href=\"https:\/\/www.grupomedcof.com.br\/blog\/prescricao-antibioticos-enfermeiros\/#Debate_e_reacao_de_entidades_medicas\" >Debate e rea\u00e7\u00e3o de entidades m\u00e9dicas<\/a><\/li><li class='ez-toc-page-1 ez-toc-heading-level-2'><a class=\"ez-toc-link ez-toc-heading-3\" href=\"https:\/\/www.grupomedcof.com.br\/blog\/prescricao-antibioticos-enfermeiros\/#Seja_um_MedCofer\" >Seja um MedCofer!<\/a><\/li><\/ul><\/nav><\/div>\n\n<p>Resolu\u00e7\u00e3o atualiza lista de medicamentos que podem ser prescritos por enfermeiros, incluindo antibi\u00f3ticos como amoxicilina, azitromicina e eritromicina<\/p>\n\n\n\n<figure class=\"wp-block-image\"><img loading=\"lazy\" decoding=\"async\" width=\"1920\" height=\"1080\" src=\"https:\/\/www.grupomedcof.com.br\/blog\/wp-content\/uploads\/2025\/09\/Revalida-1.jpg\" alt=\"\" class=\"wp-image-37879\" srcset=\"https:\/\/www.grupomedcof.com.br\/blog\/wp-content\/uploads\/2025\/09\/Revalida-1.jpg 1920w, https:\/\/www.grupomedcof.com.br\/blog\/wp-content\/uploads\/2025\/09\/Revalida-1-300x169.jpg 300w, https:\/\/www.grupomedcof.com.br\/blog\/wp-content\/uploads\/2025\/09\/Revalida-1-1024x576.jpg 1024w, https:\/\/www.grupomedcof.com.br\/blog\/wp-content\/uploads\/2025\/09\/Revalida-1-768x432.jpg 768w, https:\/\/www.grupomedcof.com.br\/blog\/wp-content\/uploads\/2025\/09\/Revalida-1-1536x864.jpg 1536w, https:\/\/www.grupomedcof.com.br\/blog\/wp-content\/uploads\/2025\/09\/Revalida-1-747x420.jpg 747w, https:\/\/www.grupomedcof.com.br\/blog\/wp-content\/uploads\/2025\/09\/Revalida-1-150x84.jpg 150w, https:\/\/www.grupomedcof.com.br\/blog\/wp-content\/uploads\/2025\/09\/Revalida-1-696x392.jpg 696w, https:\/\/www.grupomedcof.com.br\/blog\/wp-content\/uploads\/2025\/09\/Revalida-1-1068x601.jpg 1068w\" sizes=\"auto, (max-width: 1920px) 100vw, 1920px\" \/><\/figure>\n\n\n\n<p>No dia 22 de janeiro de 2026, o <strong>Conselho Federal de Enfermagem (Cofen) <\/strong>publicou um documento permitindo que enfermeiros prescrevam antibi\u00f3ticos para pacientes. <\/p>\n\n\n\n<h2 class=\"wp-block-heading\" id=\"h-o-que-muda-na-pratica\"><span class=\"ez-toc-section\" id=\"O_que_muda_na_pratica\"><\/span><strong>O que muda na pr\u00e1tica?<\/strong><span class=\"ez-toc-section-end\"><\/span><\/h2>\n\n\n\n<p>Segundo o Cofen, a norma <strong>n\u00ba 801\/2026<\/strong> publicada no <strong>Di\u00e1rio Oficial da Uni\u00e3o<\/strong> busca:<\/p>\n\n\n\n<ul class=\"wp-block-list\">\n<li><strong>Padronizar e consolidar direitos j\u00e1 previstos na legisla\u00e7\u00e3o e em protocolos de pol\u00edticas p\u00fablicas<\/strong>, sobretudo na Aten\u00e7\u00e3o Prim\u00e1ria \u00e0 Sa\u00fade;<\/li>\n\n\n\n<li>Trazer <strong>seguran\u00e7a jur\u00eddica e t\u00e9cnica<\/strong> para a atua\u00e7\u00e3o do enfermeiro prescritor, refor\u00e7ando a import\u00e2ncia de indicar o <strong>protocolo cl\u00ednico que respalda a prescri\u00e7\u00e3o<\/strong> em cada caso;<\/li>\n\n\n\n<li>Assegurar que o receitu\u00e1rio contenha a <strong>identifica\u00e7\u00e3o do enfermeiro (nome, COREN, assinatura) e do paciente<\/strong>, al\u00e9m dos detalhes terap\u00eauticos, em conformidade com normas.<\/li>\n<\/ul>\n\n\n\n<p>A atualiza\u00e7\u00e3o tamb\u00e9m decorre de mudan\u00e7as feitas anteriormente no <strong>Sistema Nacional de Gerenciamento de Produtos Controlados (SNGPC)<\/strong> pela <strong>Anvisa<\/strong>, que passou a permitir o registro de enfermeiros como prescritores no sistema de controle farmacoterap\u00eautico, abrindo caminho para a venda em farm\u00e1cias privadas quando todos os crit\u00e9rios legais forem atendidos.<\/p>\n\n\n\n<div class=\"wp-block-buttons is-layout-flex wp-block-buttons-is-layout-flex\">\n<div class=\"wp-block-button\"><a class=\"wp-block-button__link wp-element-button\" href=\"https:\/\/www.grupomedcof.com.br\/blog\/wp-content\/uploads\/2025\/09\/Cofen-801.pdf\" target=\"_blank\" rel=\"noreferrer noopener\">Resolu\u00e7\u00e3o N\u00b0801<\/a><\/div>\n<\/div>\n\n\n\n<h2 class=\"wp-block-heading\" id=\"h-debate-e-reacao-de-entidades-medicas\"><span class=\"ez-toc-section\" id=\"Debate_e_reacao_de_entidades_medicas\"><\/span><strong>Debate e rea\u00e7\u00e3o de entidades m\u00e9dicas<\/strong><span class=\"ez-toc-section-end\"><\/span><\/h2>\n\n\n\n<p>A decis\u00e3o do Cofen <strong>gerou rea\u00e7\u00e3o imediata, especialmente por parte de conselhos m\u00e9dicos<\/strong>. O <strong>Conselho Federal de Medicina (CFM)<\/strong> divulgou uma <a href=\"https:\/\/portal.cfm.org.br\/noticias\/cfm-alerta-nao-e-segura-a-prescricao-de-antibioticos-por-enfermeiros\" target=\"_blank\" rel=\"noreferrer noopener\">nota<\/a> criticando a medida, argumentando que a <strong>prescri\u00e7\u00e3o de antibi\u00f3ticos pressup\u00f5e diagn\u00f3stico cl\u00ednico e racioc\u00ednio nosol\u00f3gico<\/strong>, compet\u00eancias que, segundo o CFM, s\u00e3o privativas do m\u00e9dico e essenciais para a seguran\u00e7a do paciente.<\/p>\n\n\n\n<p>Entidades m\u00e9dicas tamb\u00e9m ressaltam que a banaliza\u00e7\u00e3o da prescri\u00e7\u00e3o de antibi\u00f3ticos pode contribuir para <strong>uso inadequado de antimicrobianos e resist\u00eancia bacteriana<\/strong>, al\u00e9m de potencialmente aumentar complica\u00e7\u00f5es cl\u00ednicas e custos assistenciais.<\/p>\n\n\n\n<h2 class=\"wp-block-heading\" id=\"h-seja-um-medcofer\"><span class=\"ez-toc-section\" id=\"Seja_um_MedCofer\"><\/span><strong>Seja um MedCofer!<\/strong><span class=\"ez-toc-section-end\"><\/span><\/h2>\n\n\n\n<p>Quer garantir a sua aprova\u00e7\u00e3o nas provas de resid\u00eancia m\u00e9dica? Ent\u00e3o conhe\u00e7a o Grupo MedCof e a metodologia que j\u00e1 aprovou <strong>mais de 35 mil residentes pelo pa\u00eds.<\/strong> Por fim, voc\u00ea pode acessar o nosso canal do youtube e ver o nosso material de revis\u00e3o e corre\u00e7\u00e3o.<\/p>\n\n\n\n<figure class=\"wp-block-embed is-type-video is-provider-youtube wp-block-embed-youtube wp-embed-aspect-16-9 wp-has-aspect-ratio\"><div class=\"wp-block-embed__wrapper\">\n<div class=\"youtube-embed\" data-video_id=\"\"><iframe loading=\"lazy\" title=\"Resid\u00eancia M\u00e9dica R+ Pediatria: DIST\u00daRBIOS \u00c1CIDO-B\u00c1SICOS\" width=\"696\" height=\"392\" src=\"https:\/\/www.youtube.com\/embed\/6YcwUVA-_Xk?feature=oembed&#038;enablejsapi=1\" frameborder=\"0\" allow=\"accelerometer; autoplay; clipboard-write; encrypted-media; gyroscope; picture-in-picture; web-share\" referrerpolicy=\"strict-origin-when-cross-origin\" allowfullscreen><\/iframe><\/div>\n<\/div><\/figure>\n","protected":false},"excerpt":{"rendered":"<p>CFM questiona prescri\u00e7\u00e3o de antibi\u00f3ticos por enfermeiros, alegando riscos \u00e0 sa\u00fade e ilegalidade, enquanto Cofen defende a pr\u00e1tica para ampliar o acesso e fortalecer a aten\u00e7\u00e3o prim\u00e1ria.<\/p>\n","protected":false},"author":20,"featured_media":37879,"comment_status":"closed","ping_status":"closed","sticky":false,"template":"","format":"standard","meta":{"footnotes":""},"categories":[240],"tags":[3194,1685,264,3445],"ppma_author":[3616],"class_list":{"0":"post-37878","1":"post","2":"type-post","3":"status-publish","4":"format-standard","5":"has-post-thumbnail","7":"category-noticias","8":"tag-antibioticos-2","9":"tag-anvisa","10":"tag-cfm","11":"tag-cofen"},"yoast_head":"<!-- This site is optimized with the Yoast SEO Premium plugin v24.3 (Yoast SEO v27.4) - https:\/\/yoast.com\/product\/yoast-seo-premium-wordpress\/ -->\n<title>Cofen autoriza prescri\u00e7\u00e3o de antibi\u00f3ticos por enfermeiros - Blog de Medcof: conte\u00fados, editais, revalida e mais!<\/title>\n<meta name=\"description\" content=\"CFM questiona prescri\u00e7\u00e3o de antibi\u00f3ticos por enfermeiros. Cofen defende a pr\u00e1tica em locais com pouca presen\u00e7a m\u00e9dica.\" \/>\n<meta name=\"robots\" content=\"index, follow, max-snippet:-1, max-image-preview:large, max-video-preview:-1\" \/>\n<link rel=\"canonical\" href=\"https:\/\/www.grupomedcof.com.br\/blog\/prescricao-antibioticos-enfermeiros\/\" \/>\n<meta property=\"og:locale\" content=\"pt_BR\" \/>\n<meta property=\"og:type\" content=\"article\" \/>\n<meta property=\"og:title\" content=\"Cofen autoriza prescri\u00e7\u00e3o de antibi\u00f3ticos por enfermeiros\" \/>\n<meta property=\"og:description\" content=\"CFM questiona prescri\u00e7\u00e3o de antibi\u00f3ticos por enfermeiros. Cofen defende a pr\u00e1tica em locais com pouca presen\u00e7a m\u00e9dica.\" \/>\n<meta property=\"og:url\" content=\"https:\/\/www.grupomedcof.com.br\/blog\/prescricao-antibioticos-enfermeiros\/\" \/>\n<meta property=\"og:site_name\" content=\"Blog de Medcof: conte\u00fados, editais, revalida e mais!\" \/>\n<meta property=\"article:publisher\" content=\"https:\/\/www.facebook.com\/MedCofQbank\/\" \/>\n<meta property=\"article:published_time\" content=\"2026-01-23T17:27:23+00:00\" \/>\n<meta property=\"article:modified_time\" content=\"2026-01-29T17:36:20+00:00\" \/>\n<meta property=\"og:image\" content=\"https:\/\/www.grupomedcof.com.br\/blog\/wp-content\/uploads\/2025\/09\/Revalida-1.jpg\" \/>\n\t<meta property=\"og:image:width\" content=\"1920\" \/>\n\t<meta property=\"og:image:height\" content=\"1080\" \/>\n\t<meta property=\"og:image:type\" content=\"image\/jpeg\" \/>\n<meta name=\"author\" content=\"Leila Menzel\" \/>\n<meta name=\"twitter:card\" content=\"summary_large_image\" \/>\n<meta name=\"twitter:label1\" content=\"Escrito por\" \/>\n\t<meta name=\"twitter:data1\" content=\"Leila Menzel\" \/>\n\t<meta name=\"twitter:label2\" content=\"Est. tempo de leitura\" \/>\n\t<meta name=\"twitter:data2\" content=\"3 minutos\" \/>\n<script type=\"application\/ld+json\" class=\"yoast-schema-graph\">{\"@context\":\"https:\\\/\\\/schema.org\",\"@graph\":[{\"@type\":\"Article\",\"@id\":\"https:\\\/\\\/www.grupomedcof.com.br\\\/blog\\\/prescricao-antibioticos-enfermeiros\\\/#article\",\"isPartOf\":{\"@id\":\"https:\\\/\\\/www.grupomedcof.com.br\\\/blog\\\/prescricao-antibioticos-enfermeiros\\\/\"},\"author\":{\"name\":\"Leila Menzel\",\"@id\":\"https:\\\/\\\/www.grupomedcof.com.br\\\/blog\\\/#\\\/schema\\\/person\\\/9a44c2184a836bf5ae6967fdb3a1451e\"},\"headline\":\"Cofen autoriza prescri\u00e7\u00e3o de antibi\u00f3ticos por enfermeiros\",\"datePublished\":\"2026-01-23T17:27:23+00:00\",\"dateModified\":\"2026-01-29T17:36:20+00:00\",\"mainEntityOfPage\":{\"@id\":\"https:\\\/\\\/www.grupomedcof.com.br\\\/blog\\\/prescricao-antibioticos-enfermeiros\\\/\"},\"wordCount\":398,\"publisher\":{\"@id\":\"https:\\\/\\\/www.grupomedcof.com.br\\\/blog\\\/#organization\"},\"image\":{\"@id\":\"https:\\\/\\\/www.grupomedcof.com.br\\\/blog\\\/prescricao-antibioticos-enfermeiros\\\/#primaryimage\"},\"thumbnailUrl\":\"https:\\\/\\\/www.grupomedcof.com.br\\\/blog\\\/wp-content\\\/uploads\\\/2025\\\/09\\\/Revalida-1.jpg\",\"keywords\":[\"antibioticos\",\"Anvisa\",\"CFM\",\"Cofen\"],\"articleSection\":[\"Not\u00edcias\"],\"inLanguage\":\"pt-BR\"},{\"@type\":\"WebPage\",\"@id\":\"https:\\\/\\\/www.grupomedcof.com.br\\\/blog\\\/prescricao-antibioticos-enfermeiros\\\/\",\"url\":\"https:\\\/\\\/www.grupomedcof.com.br\\\/blog\\\/prescricao-antibioticos-enfermeiros\\\/\",\"name\":\"Cofen autoriza prescri\u00e7\u00e3o de antibi\u00f3ticos por enfermeiros - Blog de Medcof: conte\u00fados, editais, revalida e mais!\",\"isPartOf\":{\"@id\":\"https:\\\/\\\/www.grupomedcof.com.br\\\/blog\\\/#website\"},\"primaryImageOfPage\":{\"@id\":\"https:\\\/\\\/www.grupomedcof.com.br\\\/blog\\\/prescricao-antibioticos-enfermeiros\\\/#primaryimage\"},\"image\":{\"@id\":\"https:\\\/\\\/www.grupomedcof.com.br\\\/blog\\\/prescricao-antibioticos-enfermeiros\\\/#primaryimage\"},\"thumbnailUrl\":\"https:\\\/\\\/www.grupomedcof.com.br\\\/blog\\\/wp-content\\\/uploads\\\/2025\\\/09\\\/Revalida-1.jpg\",\"datePublished\":\"2026-01-23T17:27:23+00:00\",\"dateModified\":\"2026-01-29T17:36:20+00:00\",\"description\":\"CFM questiona prescri\u00e7\u00e3o de antibi\u00f3ticos por enfermeiros. Cofen defende a pr\u00e1tica em locais com pouca presen\u00e7a m\u00e9dica.\",\"breadcrumb\":{\"@id\":\"https:\\\/\\\/www.grupomedcof.com.br\\\/blog\\\/prescricao-antibioticos-enfermeiros\\\/#breadcrumb\"},\"inLanguage\":\"pt-BR\",\"potentialAction\":[{\"@type\":\"ReadAction\",\"target\":[\"https:\\\/\\\/www.grupomedcof.com.br\\\/blog\\\/prescricao-antibioticos-enfermeiros\\\/\"]}]},{\"@type\":\"ImageObject\",\"inLanguage\":\"pt-BR\",\"@id\":\"https:\\\/\\\/www.grupomedcof.com.br\\\/blog\\\/prescricao-antibioticos-enfermeiros\\\/#primaryimage\",\"url\":\"https:\\\/\\\/www.grupomedcof.com.br\\\/blog\\\/wp-content\\\/uploads\\\/2025\\\/09\\\/Revalida-1.jpg\",\"contentUrl\":\"https:\\\/\\\/www.grupomedcof.com.br\\\/blog\\\/wp-content\\\/uploads\\\/2025\\\/09\\\/Revalida-1.jpg\",\"width\":1920,\"height\":1080},{\"@type\":\"BreadcrumbList\",\"@id\":\"https:\\\/\\\/www.grupomedcof.com.br\\\/blog\\\/prescricao-antibioticos-enfermeiros\\\/#breadcrumb\",\"itemListElement\":[{\"@type\":\"ListItem\",\"position\":1,\"name\":\"In\u00edcio\",\"item\":\"https:\\\/\\\/www.grupomedcof.com.br\\\/blog\\\/\"},{\"@type\":\"ListItem\",\"position\":2,\"name\":\"Cofen autoriza prescri\u00e7\u00e3o de antibi\u00f3ticos por enfermeiros\"}]},{\"@type\":\"WebSite\",\"@id\":\"https:\\\/\\\/www.grupomedcof.com.br\\\/blog\\\/#website\",\"url\":\"https:\\\/\\\/www.grupomedcof.com.br\\\/blog\\\/\",\"name\":\"Blog de Medcof: conte\u00fados, editais, revalida e mais!\",\"description\":\"Acesso o blog de MedCof! Seu portal de conte\u00fados sobre resid\u00eancia m\u00e9dica, an\u00e1lise e editais e muito mais. Clique e confira!\",\"publisher\":{\"@id\":\"https:\\\/\\\/www.grupomedcof.com.br\\\/blog\\\/#organization\"},\"alternateName\":\"Blog de Medcof: conte\u00fados, editais, revalida e mais!\",\"potentialAction\":[{\"@type\":\"SearchAction\",\"target\":{\"@type\":\"EntryPoint\",\"urlTemplate\":\"https:\\\/\\\/www.grupomedcof.com.br\\\/blog\\\/?s={search_term_string}\"},\"query-input\":{\"@type\":\"PropertyValueSpecification\",\"valueRequired\":true,\"valueName\":\"search_term_string\"}}],\"inLanguage\":\"pt-BR\"},{\"@type\":\"Organization\",\"@id\":\"https:\\\/\\\/www.grupomedcof.com.br\\\/blog\\\/#organization\",\"name\":\"Grupo MedCof\",\"url\":\"https:\\\/\\\/www.grupomedcof.com.br\\\/blog\\\/\",\"logo\":{\"@type\":\"ImageObject\",\"inLanguage\":\"pt-BR\",\"@id\":\"https:\\\/\\\/www.grupomedcof.com.br\\\/blog\\\/#\\\/schema\\\/logo\\\/image\\\/\",\"url\":\"https:\\\/\\\/www.grupomedcof.com.br\\\/blog\\\/wp-content\\\/uploads\\\/2022\\\/01\\\/logo-medcof.png\",\"contentUrl\":\"https:\\\/\\\/www.grupomedcof.com.br\\\/blog\\\/wp-content\\\/uploads\\\/2022\\\/01\\\/logo-medcof.png\",\"width\":768,\"height\":269,\"caption\":\"Grupo MedCof\"},\"image\":{\"@id\":\"https:\\\/\\\/www.grupomedcof.com.br\\\/blog\\\/#\\\/schema\\\/logo\\\/image\\\/\"},\"sameAs\":[\"https:\\\/\\\/www.facebook.com\\\/MedCofQbank\\\/\",\"https:\\\/\\\/www.instagram.com\\\/grupomedcof\\\/\",\"https:\\\/\\\/br.linkedin.com\\\/company\\\/medcof\",\"https:\\\/\\\/www.youtube.com\\\/channel\\\/UCdHMuOHKICxcHwecxN8P-AA\"]},{\"@type\":\"Person\",\"@id\":\"https:\\\/\\\/www.grupomedcof.com.br\\\/blog\\\/#\\\/schema\\\/person\\\/9a44c2184a836bf5ae6967fdb3a1451e\",\"name\":\"Leila Menzel\",\"image\":{\"@type\":\"ImageObject\",\"inLanguage\":\"pt-BR\",\"@id\":\"https:\\\/\\\/www.grupomedcof.com.br\\\/blog\\\/wp-content\\\/uploads\\\/2025\\\/09\\\/cropped-eu-96x96.jpeg19a74936d997c0a8b3031618467fa1d0\",\"url\":\"https:\\\/\\\/www.grupomedcof.com.br\\\/blog\\\/wp-content\\\/uploads\\\/2025\\\/09\\\/cropped-eu-96x96.jpeg\",\"contentUrl\":\"https:\\\/\\\/www.grupomedcof.com.br\\\/blog\\\/wp-content\\\/uploads\\\/2025\\\/09\\\/cropped-eu-96x96.jpeg\",\"caption\":\"Leila Menzel\"},\"description\":\"Estudante do 6\u00b0 semestre de jornalismo, amo e escrevo poesias e viajo em livros de romances clich\u00eas.\",\"url\":\"https:\\\/\\\/www.grupomedcof.com.br\\\/blog\\\/author\\\/leila-menzel\\\/\"}]}<\/script>\n<!-- \/ Yoast SEO Premium plugin. -->","yoast_head_json":{"title":"Cofen autoriza prescri\u00e7\u00e3o de antibi\u00f3ticos por enfermeiros - Blog de Medcof: conte\u00fados, editais, revalida e mais!","description":"CFM questiona prescri\u00e7\u00e3o de antibi\u00f3ticos por enfermeiros. Cofen defende a pr\u00e1tica em locais com pouca presen\u00e7a m\u00e9dica.","robots":{"index":"index","follow":"follow","max-snippet":"max-snippet:-1","max-image-preview":"max-image-preview:large","max-video-preview":"max-video-preview:-1"},"canonical":"https:\/\/www.grupomedcof.com.br\/blog\/prescricao-antibioticos-enfermeiros\/","og_locale":"pt_BR","og_type":"article","og_title":"Cofen autoriza prescri\u00e7\u00e3o de antibi\u00f3ticos por enfermeiros","og_description":"CFM questiona prescri\u00e7\u00e3o de antibi\u00f3ticos por enfermeiros. Cofen defende a pr\u00e1tica em locais com pouca presen\u00e7a m\u00e9dica.","og_url":"https:\/\/www.grupomedcof.com.br\/blog\/prescricao-antibioticos-enfermeiros\/","og_site_name":"Blog de Medcof: conte\u00fados, editais, revalida e mais!","article_publisher":"https:\/\/www.facebook.com\/MedCofQbank\/","article_published_time":"2026-01-23T17:27:23+00:00","article_modified_time":"2026-01-29T17:36:20+00:00","og_image":[{"width":1920,"height":1080,"url":"https:\/\/www.grupomedcof.com.br\/blog\/wp-content\/uploads\/2025\/09\/Revalida-1.jpg","type":"image\/jpeg"}],"author":"Leila Menzel","twitter_card":"summary_large_image","twitter_misc":{"Escrito por":"Leila Menzel","Est. tempo de leitura":"3 minutos"},"schema":{"@context":"https:\/\/schema.org","@graph":[{"@type":"Article","@id":"https:\/\/www.grupomedcof.com.br\/blog\/prescricao-antibioticos-enfermeiros\/#article","isPartOf":{"@id":"https:\/\/www.grupomedcof.com.br\/blog\/prescricao-antibioticos-enfermeiros\/"},"author":{"name":"Leila Menzel","@id":"https:\/\/www.grupomedcof.com.br\/blog\/#\/schema\/person\/9a44c2184a836bf5ae6967fdb3a1451e"},"headline":"Cofen autoriza prescri\u00e7\u00e3o de antibi\u00f3ticos por enfermeiros","datePublished":"2026-01-23T17:27:23+00:00","dateModified":"2026-01-29T17:36:20+00:00","mainEntityOfPage":{"@id":"https:\/\/www.grupomedcof.com.br\/blog\/prescricao-antibioticos-enfermeiros\/"},"wordCount":398,"publisher":{"@id":"https:\/\/www.grupomedcof.com.br\/blog\/#organization"},"image":{"@id":"https:\/\/www.grupomedcof.com.br\/blog\/prescricao-antibioticos-enfermeiros\/#primaryimage"},"thumbnailUrl":"https:\/\/www.grupomedcof.com.br\/blog\/wp-content\/uploads\/2025\/09\/Revalida-1.jpg","keywords":["antibioticos","Anvisa","CFM","Cofen"],"articleSection":["Not\u00edcias"],"inLanguage":"pt-BR"},{"@type":"WebPage","@id":"https:\/\/www.grupomedcof.com.br\/blog\/prescricao-antibioticos-enfermeiros\/","url":"https:\/\/www.grupomedcof.com.br\/blog\/prescricao-antibioticos-enfermeiros\/","name":"Cofen autoriza prescri\u00e7\u00e3o de antibi\u00f3ticos por enfermeiros - Blog de Medcof: conte\u00fados, editais, revalida e mais!","isPartOf":{"@id":"https:\/\/www.grupomedcof.com.br\/blog\/#website"},"primaryImageOfPage":{"@id":"https:\/\/www.grupomedcof.com.br\/blog\/prescricao-antibioticos-enfermeiros\/#primaryimage"},"image":{"@id":"https:\/\/www.grupomedcof.com.br\/blog\/prescricao-antibioticos-enfermeiros\/#primaryimage"},"thumbnailUrl":"https:\/\/www.grupomedcof.com.br\/blog\/wp-content\/uploads\/2025\/09\/Revalida-1.jpg","datePublished":"2026-01-23T17:27:23+00:00","dateModified":"2026-01-29T17:36:20+00:00","description":"CFM questiona prescri\u00e7\u00e3o de antibi\u00f3ticos por enfermeiros. Cofen defende a pr\u00e1tica em locais com pouca presen\u00e7a m\u00e9dica.","breadcrumb":{"@id":"https:\/\/www.grupomedcof.com.br\/blog\/prescricao-antibioticos-enfermeiros\/#breadcrumb"},"inLanguage":"pt-BR","potentialAction":[{"@type":"ReadAction","target":["https:\/\/www.grupomedcof.com.br\/blog\/prescricao-antibioticos-enfermeiros\/"]}]},{"@type":"ImageObject","inLanguage":"pt-BR","@id":"https:\/\/www.grupomedcof.com.br\/blog\/prescricao-antibioticos-enfermeiros\/#primaryimage","url":"https:\/\/www.grupomedcof.com.br\/blog\/wp-content\/uploads\/2025\/09\/Revalida-1.jpg","contentUrl":"https:\/\/www.grupomedcof.com.br\/blog\/wp-content\/uploads\/2025\/09\/Revalida-1.jpg","width":1920,"height":1080},{"@type":"BreadcrumbList","@id":"https:\/\/www.grupomedcof.com.br\/blog\/prescricao-antibioticos-enfermeiros\/#breadcrumb","itemListElement":[{"@type":"ListItem","position":1,"name":"In\u00edcio","item":"https:\/\/www.grupomedcof.com.br\/blog\/"},{"@type":"ListItem","position":2,"name":"Cofen autoriza prescri\u00e7\u00e3o de antibi\u00f3ticos por enfermeiros"}]},{"@type":"WebSite","@id":"https:\/\/www.grupomedcof.com.br\/blog\/#website","url":"https:\/\/www.grupomedcof.com.br\/blog\/","name":"Blog de Medcof: conte\u00fados, editais, revalida e mais!","description":"Acesso o blog de MedCof! Seu portal de conte\u00fados sobre resid\u00eancia m\u00e9dica, an\u00e1lise e editais e muito mais. Clique e confira!","publisher":{"@id":"https:\/\/www.grupomedcof.com.br\/blog\/#organization"},"alternateName":"Blog de Medcof: conte\u00fados, editais, revalida e mais!","potentialAction":[{"@type":"SearchAction","target":{"@type":"EntryPoint","urlTemplate":"https:\/\/www.grupomedcof.com.br\/blog\/?s={search_term_string}"},"query-input":{"@type":"PropertyValueSpecification","valueRequired":true,"valueName":"search_term_string"}}],"inLanguage":"pt-BR"},{"@type":"Organization","@id":"https:\/\/www.grupomedcof.com.br\/blog\/#organization","name":"Grupo MedCof","url":"https:\/\/www.grupomedcof.com.br\/blog\/","logo":{"@type":"ImageObject","inLanguage":"pt-BR","@id":"https:\/\/www.grupomedcof.com.br\/blog\/#\/schema\/logo\/image\/","url":"https:\/\/www.grupomedcof.com.br\/blog\/wp-content\/uploads\/2022\/01\/logo-medcof.png","contentUrl":"https:\/\/www.grupomedcof.com.br\/blog\/wp-content\/uploads\/2022\/01\/logo-medcof.png","width":768,"height":269,"caption":"Grupo MedCof"},"image":{"@id":"https:\/\/www.grupomedcof.com.br\/blog\/#\/schema\/logo\/image\/"},"sameAs":["https:\/\/www.facebook.com\/MedCofQbank\/","https:\/\/www.instagram.com\/grupomedcof\/","https:\/\/br.linkedin.com\/company\/medcof","https:\/\/www.youtube.com\/channel\/UCdHMuOHKICxcHwecxN8P-AA"]},{"@type":"Person","@id":"https:\/\/www.grupomedcof.com.br\/blog\/#\/schema\/person\/9a44c2184a836bf5ae6967fdb3a1451e","name":"Leila Menzel","image":{"@type":"ImageObject","inLanguage":"pt-BR","@id":"https:\/\/www.grupomedcof.com.br\/blog\/wp-content\/uploads\/2025\/09\/cropped-eu-96x96.jpeg19a74936d997c0a8b3031618467fa1d0","url":"https:\/\/www.grupomedcof.com.br\/blog\/wp-content\/uploads\/2025\/09\/cropped-eu-96x96.jpeg","contentUrl":"https:\/\/www.grupomedcof.com.br\/blog\/wp-content\/uploads\/2025\/09\/cropped-eu-96x96.jpeg","caption":"Leila Menzel"},"description":"Estudante do 6\u00b0 semestre de jornalismo, amo e escrevo poesias e viajo em livros de romances clich\u00eas.","url":"https:\/\/www.grupomedcof.com.br\/blog\/author\/leila-menzel\/"}]}},"authors":[{"term_id":3616,"user_id":20,"is_guest":0,"slug":"leila-menzel","display_name":"Leila Menzel","avatar_url":"https:\/\/www.grupomedcof.com.br\/blog\/wp-content\/uploads\/2025\/09\/cropped-eu-96x96.jpeg","0":null,"1":"","2":"","3":"","4":"","5":"","6":"","7":"","8":""}],"_links":{"self":[{"href":"https:\/\/www.grupomedcof.com.br\/blog\/wp-json\/wp\/v2\/posts\/37878","targetHints":{"allow":["GET"]}}],"collection":[{"href":"https:\/\/www.grupomedcof.com.br\/blog\/wp-json\/wp\/v2\/posts"}],"about":[{"href":"https:\/\/www.grupomedcof.com.br\/blog\/wp-json\/wp\/v2\/types\/post"}],"author":[{"embeddable":true,"href":"https:\/\/www.grupomedcof.com.br\/blog\/wp-json\/wp\/v2\/users\/20"}],"replies":[{"embeddable":true,"href":"https:\/\/www.grupomedcof.com.br\/blog\/wp-json\/wp\/v2\/comments?post=37878"}],"version-history":[{"count":4,"href":"https:\/\/www.grupomedcof.com.br\/blog\/wp-json\/wp\/v2\/posts\/37878\/revisions"}],"predecessor-version":[{"id":40917,"href":"https:\/\/www.grupomedcof.com.br\/blog\/wp-json\/wp\/v2\/posts\/37878\/revisions\/40917"}],"wp:featuredmedia":[{"embeddable":true,"href":"https:\/\/www.grupomedcof.com.br\/blog\/wp-json\/wp\/v2\/media\/37879"}],"wp:attachment":[{"href":"https:\/\/www.grupomedcof.com.br\/blog\/wp-json\/wp\/v2\/media?parent=37878"}],"wp:term":[{"taxonomy":"category","embeddable":true,"href":"https:\/\/www.grupomedcof.com.br\/blog\/wp-json\/wp\/v2\/categories?post=37878"},{"taxonomy":"post_tag","embeddable":true,"href":"https:\/\/www.grupomedcof.com.br\/blog\/wp-json\/wp\/v2\/tags?post=37878"},{"taxonomy":"author","embeddable":true,"href":"https:\/\/www.grupomedcof.com.br\/blog\/wp-json\/wp\/v2\/ppma_author?post=37878"}],"curies":[{"name":"wp","href":"https:\/\/api.w.org\/{rel}","templated":true}]}}