{"id":38429,"date":"2026-07-21T13:30:01","date_gmt":"2026-07-21T16:30:01","guid":{"rendered":"https:\/\/www.grupomedcof.com.br\/blog\/edital-prova-de-titulo-anestesiologia-2\/"},"modified":"2026-08-04T16:30:23","modified_gmt":"2026-08-04T19:30:23","slug":"prova-de-titulo-anestesiologia","status":"publish","type":"post","link":"https:\/\/www.grupomedcof.com.br\/blog\/prova-de-titulo-anestesiologia\/","title":{"rendered":"TEA 2026: gabarito, resultado e 2\u00aa etapa da Prova de T\u00edtulo de Anestesiologia"},"content":{"rendered":"\n<figure class=\"wp-block-image\"><img loading=\"lazy\" decoding=\"async\" width=\"1920\" height=\"1080\" src=\"https:\/\/www.grupomedcof.com.br\/blog\/wp-content\/uploads\/2025\/02\/Modelo-instituicoes-35.jpg\" alt=\"prova de t\u00edtulo anestesiologia\" class=\"wp-image-42075\" srcset=\"https:\/\/www.grupomedcof.com.br\/blog\/wp-content\/uploads\/2025\/02\/Modelo-instituicoes-35.jpg 1920w, https:\/\/www.grupomedcof.com.br\/blog\/wp-content\/uploads\/2025\/02\/Modelo-instituicoes-35-300x169.jpg 300w, https:\/\/www.grupomedcof.com.br\/blog\/wp-content\/uploads\/2025\/02\/Modelo-instituicoes-35-1024x576.jpg 1024w, https:\/\/www.grupomedcof.com.br\/blog\/wp-content\/uploads\/2025\/02\/Modelo-instituicoes-35-768x432.jpg 768w, https:\/\/www.grupomedcof.com.br\/blog\/wp-content\/uploads\/2025\/02\/Modelo-instituicoes-35-1536x864.jpg 1536w, https:\/\/www.grupomedcof.com.br\/blog\/wp-content\/uploads\/2025\/02\/Modelo-instituicoes-35-747x420.jpg 747w, https:\/\/www.grupomedcof.com.br\/blog\/wp-content\/uploads\/2025\/02\/Modelo-instituicoes-35-150x84.jpg 150w, https:\/\/www.grupomedcof.com.br\/blog\/wp-content\/uploads\/2025\/02\/Modelo-instituicoes-35-696x392.jpg 696w, https:\/\/www.grupomedcof.com.br\/blog\/wp-content\/uploads\/2025\/02\/Modelo-instituicoes-35-1068x601.jpg 1068w\" sizes=\"auto, (max-width: 1920px) 100vw, 1920px\" \/><\/figure>\n\n\n\n<p class=\"wp-block-paragraph\">A <strong>Prova de T\u00edtulo de Anestesiologia 2026<\/strong> j\u00e1 est\u00e1 em andamento. A primeira etapa do concurso para obten\u00e7\u00e3o do <strong>T\u00edtulo de Especialista em Anestesiologia (TEA)<\/strong> foi realizada no dia 10 de julho.<\/p>\n\n\n\n<p class=\"wp-block-paragraph\">Agora, os candidatos aguardam a divulga\u00e7\u00e3o da lista de aprovados na primeira etapa, prevista para <strong>24 de julho de 2026<\/strong>. Quem alcan\u00e7ar os crit\u00e9rios de aprova\u00e7\u00e3o seguir\u00e1 para a prova te\u00f3rico-pr\u00e1tica, marcada para <strong>16 de setembro<\/strong>.<\/p>\n\n\n\n<p class=\"wp-block-paragraph\">Neste conte\u00fado, voc\u00ea confere as principais informa\u00e7\u00f5es sobre o <strong>TEA 2026<\/strong>, incluindo gabarito, resultado, cronograma, formato das etapas, crit\u00e9rios de aprova\u00e7\u00e3o e quem pode obter o T\u00edtulo de Especialista em Anestesiologia.<\/p>\n\n\n\n<h2 id=\"h-o-que-e-o-tea\" class=\"wp-block-heading\"><strong>O que \u00e9 o TEA?<\/strong><\/h2>\n\n\n\n<p class=\"wp-block-paragraph\">O <strong>TEA \u00e9 o T\u00edtulo de Especialista em Anestesiologia<\/strong>, expedido pela Sociedade Brasileira de Anestesiologia (SBA) em conv\u00eanio com a Associa\u00e7\u00e3o M\u00e9dica Brasileira (AMB).<\/p>\n\n\n\n<p class=\"wp-block-paragraph\">A SBA estabelece processos diferentes para obten\u00e7\u00e3o do t\u00edtulo conforme a forma\u00e7\u00e3o do m\u00e9dico. H\u00e1 regras espec\u00edficas para profissionais formados em Centros de Ensino e Treinamento (CETs) credenciados pela SBA e para m\u00e9dicos que realizaram sua forma\u00e7\u00e3o por outras vias previstas pelas normas da entidade.<\/p>\n\n\n\n<p class=\"wp-block-paragraph\">O edital n\u00ba 2068, referente \u00e0 prova abordada neste conte\u00fado, \u00e9 direcionado aos m\u00e9dicos que <strong>n\u00e3o realizaram a especializa\u00e7\u00e3o em Centros de Ensino e Treinamento credenciados pela SBA<\/strong> e que atendem aos requisitos determinados no documento oficial.<\/p>\n\n\n\n<h2 id=\"h-gabarito-do-tea-2026\" class=\"wp-block-heading\"><strong>Gabarito do TEA 2026<\/strong><\/h2>\n\n\n\n<p class=\"wp-block-paragraph\">A primeira etapa da Prova de T\u00edtulo de Anestesiologia foi aplicada em <strong>10 de julho de 2026<\/strong> e o gabarito foi disponibilizado no portal do SBA.<\/p>\n\n\n\n<p class=\"wp-block-paragraph\">O prazo para envio de recursos contra o gabarito terminou em 13 de julho, e o resultado da an\u00e1lise desses recursos est\u00e1 previsto para 24 de julho.<\/p>\n\n\n\n<div class=\"wp-block-buttons is-layout-flex wp-block-buttons-is-layout-flex\">\n<div class=\"wp-block-button\"><a class=\"wp-block-button__link wp-element-button\" href=\"https:\/\/www.provassba.com.br\/candidato\/login?prova=1\"><strong>Confira o gabarito do TEA 2026<\/strong><\/a><\/div>\n<\/div>\n\n\n\n<h2 id=\"h-quando-sai-o-resultado-da-primeira-etapa-do-tea-2026\" class=\"wp-block-heading\"><strong>Quando sai o resultado da primeira etapa do TEA 2026?<\/strong><\/h2>\n\n\n\n<p class=\"wp-block-paragraph\">A <strong>lista de aprovados na prova te\u00f3rico-objetiva do TEA 2026 est\u00e1 prevista para 24 de julho<\/strong>, com divulga\u00e7\u00e3o pelo portal da Sociedade Brasileira de Anestesiologia at\u00e9 as 23h59.<\/p>\n\n\n\n<p class=\"wp-block-paragraph\">A lista ser\u00e1 publicada sem indica\u00e7\u00e3o das notas ou classifica\u00e7\u00e3o dos candidatos.<\/p>\n\n\n\n<p class=\"wp-block-paragraph\">Quem for aprovado na primeira etapa ficar\u00e1 <strong>automaticamente inscrito na segunda etapa<\/strong>, n\u00e3o sendo necess\u00e1rio realizar uma nova inscri\u00e7\u00e3o para a prova te\u00f3rico-pr\u00e1tica.<\/p>\n\n\n\n<h2 id=\"h-cronograma-tea-2026\" class=\"wp-block-heading\"><strong>Cronograma TEA 2026<\/strong><\/h2>\n\n\n\n<p class=\"wp-block-paragraph\">Acompanhar o calend\u00e1rio da prova \u00e9 fundamental para n\u00e3o perder os pr\u00f3ximos prazos. Confira as principais datas do <strong>T\u00edtulo de Especialista em Anestesiologia 2026<\/strong>:<\/p>\n\n\n\n<figure class=\"wp-block-table\"><table class=\"has-fixed-layout\"><tbody><tr><td>Abertura das inscri\u00e7\u00f5es<\/td><td>06\/04 a 11\/05\/2026<\/td><\/tr><tr><td>Prazo para envio dos documentos obrigat\u00f3rios<\/td><td>18\/05\/2026<\/td><\/tr><tr><td>Prova te\u00f3rico-objetiva<\/td><td><strong>10\/07\/2026<\/strong><\/td><\/tr><tr><td>Divulga\u00e7\u00e3o do gabarito da prova te\u00f3rica<\/td><td><strong>10\/07\/2026<\/strong><\/td><\/tr><tr><td>Prazo final para recurso do gabarito<\/td><td>13\/07\/2026<\/td><\/tr><tr><td>Resultado dos recursos da prova te\u00f3rica<\/td><td><strong>24\/07\/2026<\/strong><\/td><\/tr><tr><td>Lista de aprovados na primeira etapa<\/td><td><strong>24\/07\/2026<\/strong><\/td><\/tr><tr><td>Prova te\u00f3rico-pr\u00e1tica<\/td><td><strong>16\/09\/2026<\/strong><\/td><\/tr><tr><td>Divulga\u00e7\u00e3o do gabarito da segunda etapa<\/td><td><strong>16\/09\/2026<\/strong><\/td><\/tr><tr><td>Resultado preliminar da segunda etapa<\/td><td><strong>25\/09\/2026<\/strong><\/td><\/tr><tr><td>Prazo final para recursos<\/td><td>28\/09\/2026<\/td><\/tr><tr><td>Resultado dos recursos<\/td><td><strong>02\/10\/2026<\/strong><\/td><\/tr><tr><td>Resultado final do TEA 2026<\/td><td><strong>02\/10\/2026<\/strong><\/td><\/tr><\/tbody><\/table><\/figure>\n\n\n\n<h2 id=\"h-edital-tea-na-integra\" class=\"wp-block-heading\"><strong>Edital TEA na \u00edntegra<\/strong><\/h2>\n\n\n\n<div class=\"wp-block-buttons is-layout-flex wp-block-buttons-is-layout-flex\">\n<div class=\"wp-block-button\"><a class=\"wp-block-button__link wp-element-button\" href=\"https:\/\/www.grupomedcof.com.br\/blog\/wp-content\/uploads\/2026\/03\/Edital-TEA-2026-1.pdf\" target=\"_blank\" rel=\"noreferrer noopener\">Confira o Edital completo<\/a><\/div>\n<\/div>\n\n\n\n<h2 id=\"h-como-funciona-a-prova-de-titulo-de-anestesiologia\" class=\"wp-block-heading\"><strong>Como funciona a Prova de T\u00edtulo de Anestesiologia?<\/strong><\/h2>\n\n\n\n<p class=\"wp-block-paragraph\">Para os candidatos abrangidos pelo edital n\u00ba 2068, o processo de avalia\u00e7\u00e3o do TEA 2026 conta com <strong>duas etapas eliminat\u00f3rias<\/strong>:<\/p>\n\n\n\n<ol class=\"wp-block-list\">\n<li>prova te\u00f3rico-objetiva;<\/li>\n\n\n\n<li>prova te\u00f3rico-pr\u00e1tica.<\/li>\n<\/ol>\n\n\n\n<p class=\"wp-block-paragraph\">O candidato precisa alcan\u00e7ar o desempenho m\u00ednimo exigido em cada uma delas para continuar no processo e obter aprova\u00e7\u00e3o final.<\/p>\n\n\n\n<h3 id=\"h-como-foi-a-primeira-etapa-do-tea-2026\" class=\"wp-block-heading\"><strong>Como foi a primeira etapa do TEA 2026?<\/strong><\/h3>\n\n\n\n<p class=\"wp-block-paragraph\">A primeira etapa consiste em uma <strong>prova te\u00f3rico-objetiva com 80 quest\u00f5es de m\u00faltipla escolha<\/strong>, elaboradas com base no programa previsto no edital.<\/p>\n\n\n\n<p class=\"wp-block-paragraph\">A prova tem dura\u00e7\u00e3o de <strong>tr\u00eas horas<\/strong>.<\/p>\n\n\n\n<p class=\"wp-block-paragraph\">Cada resposta correta corresponde a um acerto, enquanto as respostas incorretas n\u00e3o geram pontua\u00e7\u00e3o negativa.<\/p>\n\n\n\n<p class=\"wp-block-paragraph\">Para ser aprovado nessa etapa, o candidato precisa alcan\u00e7ar <strong>pelo menos 60% de aproveitamento<\/strong>. Quem n\u00e3o atingir esse \u00edndice \u00e9 eliminado do concurso e n\u00e3o participa da segunda etapa.<\/p>\n\n\n\n<h2 id=\"h-como-sera-a-segunda-etapa-do-tea-2026\" class=\"wp-block-heading\"><strong>Como ser\u00e1 a segunda etapa do TEA 2026?<\/strong><\/h2>\n\n\n\n<p class=\"wp-block-paragraph\">A segunda etapa do TEA 2026 ser\u00e1 realizada em <strong>16 de setembro<\/strong>, das 9h \u00e0s 12h, nos locais definidos pela organiza\u00e7\u00e3o.<\/p>\n\n\n\n<p class=\"wp-block-paragraph\">Diferentemente da primeira fase, a prova te\u00f3rico-pr\u00e1tica \u00e9 estruturada a partir de <strong>casos cl\u00ednicos com quest\u00f5es discursivas de respostas curtas<\/strong>.<\/p>\n\n\n\n<p class=\"wp-block-paragraph\">O exame ter\u00e1 dura\u00e7\u00e3o de tr\u00eas horas e abordar\u00e1 conte\u00fados previstos no programa oficial da prova.<\/p>\n\n\n\n<p class=\"wp-block-paragraph\">Para ser aprovado, o candidato tamb\u00e9m precisa alcan\u00e7ar <strong>aproveitamento m\u00ednimo de 60%<\/strong>.<\/p>\n\n\n\n<p class=\"wp-block-paragraph\">Por isso, a prepara\u00e7\u00e3o para essa etapa exige mais do que revisar conceitos isolados. O candidato precisa desenvolver capacidade de interpretar cen\u00e1rios cl\u00ednicos, estabelecer prioridades e apresentar respostas objetivas com base no racioc\u00ednio anestesiol\u00f3gico.<\/p>\n\n\n\n<h2 id=\"h-qual-e-a-nota-minima-para-passar-no-tea\" class=\"wp-block-heading\"><strong>Qual \u00e9 a nota m\u00ednima para passar no TEA?<\/strong><\/h2>\n\n\n\n<p class=\"wp-block-paragraph\">O candidato precisa obter <strong>pelo menos 60% de aproveitamento em cada etapa<\/strong> do concurso.<\/p>\n\n\n\n<p class=\"wp-block-paragraph\">Na primeira fase, isso significa alcan\u00e7ar o m\u00ednimo exigido na prova te\u00f3rico-objetiva para avan\u00e7ar \u00e0 segunda etapa.<\/p>\n\n\n\n<p class=\"wp-block-paragraph\">Na prova te\u00f3rico-pr\u00e1tica, o candidato tamb\u00e9m deve atingir pelo menos 60% de aproveitamento para ser considerado aprovado no concurso.<\/p>\n\n\n\n<p class=\"wp-block-paragraph\">Portanto, um bom desempenho na primeira prova n\u00e3o compensa uma nota abaixo do m\u00ednimo na segunda: <strong>as duas etapas possuem crit\u00e9rio pr\u00f3prio de aprova\u00e7\u00e3o<\/strong>.<\/p>\n\n\n\n<h2 id=\"h-quem-pode-fazer-a-prova-de-titulo-de-anestesiologia\" class=\"wp-block-heading\"><strong>Quem pode fazer a Prova de T\u00edtulo de Anestesiologia?<\/strong><\/h2>\n\n\n\n<p class=\"wp-block-paragraph\">Os requisitos dependem da modalidade pela qual o m\u00e9dico busca a obten\u00e7\u00e3o do t\u00edtulo.<\/p>\n\n\n\n<h3 id=\"h-residencia-medica-em-anestesiologia\" class=\"wp-block-heading\"><strong>Resid\u00eancia M\u00e9dica em Anestesiologia<\/strong><\/h3>\n\n\n\n<p class=\"wp-block-paragraph\">O candidato pode apresentar a comprova\u00e7\u00e3o de conclus\u00e3o da <strong>Resid\u00eancia M\u00e9dica em Anestesiologia em programa aprovado pela Comiss\u00e3o Nacional de Resid\u00eancia M\u00e9dica (CNRM\/MEC)<\/strong>.<\/p>\n\n\n\n<p class=\"wp-block-paragraph\">No caso de forma\u00e7\u00e3o realizada no exterior, devem ser cumpridas as exig\u00eancias de equival\u00eancia e revalida\u00e7\u00e3o previstas no edital.<\/p>\n\n\n\n<h3 id=\"h-atuacao-profissional-em-anestesiologia\" class=\"wp-block-heading\"><strong>Atua\u00e7\u00e3o profissional em Anestesiologia<\/strong><\/h3>\n\n\n\n<p class=\"wp-block-paragraph\">Outra possibilidade prevista \u00e9 comprovar capacita\u00e7\u00e3o por atua\u00e7\u00e3o pr\u00e1tico-profissional em Anestesiologia por per\u00edodo m\u00ednimo equivalente ao dobro do tempo de forma\u00e7\u00e3o da especialidade.<\/p>\n\n\n\n<p class=\"wp-block-paragraph\">Para o TEA, isso corresponde a <strong>seis anos de atua\u00e7\u00e3o profissional comprovada em Anestesiologia<\/strong>, conforme as condi\u00e7\u00f5es documentais estabelecidas no edital.<\/p>\n\n\n\n<p class=\"wp-block-paragraph\">A SBA informa que essa atua\u00e7\u00e3o deve atender aos crit\u00e9rios espec\u00edficos previstos no documento oficial, por isso \u00e9 importante consultar o edital correspondente \u00e0 edi\u00e7\u00e3o da prova.<\/p>\n\n\n\n<h2 id=\"h-quais-documentos-foram-exigidos-para-o-tea-2026\" class=\"wp-block-heading\"><strong>Quais documentos foram exigidos para o TEA 2026?<\/strong><\/h2>\n\n\n\n<p class=\"wp-block-paragraph\">Entre os documentos estabelecidos no edital n\u00ba 2068 estavam:<\/p>\n\n\n\n<ul class=\"wp-block-list\">\n<li>diploma de gradua\u00e7\u00e3o em Medicina;<\/li>\n\n\n\n<li>registro no Conselho Regional de Medicina;<\/li>\n\n\n\n<li>curr\u00edculo;<\/li>\n\n\n\n<li>certid\u00e3o \u00e9tico-profissional emitida pelo CRM;<\/li>\n\n\n\n<li>documenta\u00e7\u00e3o que comprove a forma\u00e7\u00e3o ou atua\u00e7\u00e3o profissional exigida para participa\u00e7\u00e3o no concurso.<\/li>\n<\/ul>\n\n\n\n<figure class=\"wp-block-image size-large\"><a href=\"https:\/\/www.grupomedcof.com.br\/cofletters\/\" target=\"_blank\" rel=\" noreferrer noopener\"><img loading=\"lazy\" decoding=\"async\" width=\"1024\" height=\"320\" src=\"https:\/\/www.grupomedcof.com.br\/blog\/wp-content\/uploads\/2025\/02\/Banner-MedCof-Plus-2200x460-11-1024x320.png\" alt=\"\" class=\"wp-image-33723\" srcset=\"https:\/\/www.grupomedcof.com.br\/blog\/wp-content\/uploads\/2025\/02\/Banner-MedCof-Plus-2200x460-11-1024x320.png 1024w, https:\/\/www.grupomedcof.com.br\/blog\/wp-content\/uploads\/2025\/02\/Banner-MedCof-Plus-2200x460-11-300x94.png 300w, https:\/\/www.grupomedcof.com.br\/blog\/wp-content\/uploads\/2025\/02\/Banner-MedCof-Plus-2200x460-11-768x240.png 768w, https:\/\/www.grupomedcof.com.br\/blog\/wp-content\/uploads\/2025\/02\/Banner-MedCof-Plus-2200x460-11-1536x480.png 1536w, https:\/\/www.grupomedcof.com.br\/blog\/wp-content\/uploads\/2025\/02\/Banner-MedCof-Plus-2200x460-11-2048x640.png 2048w, https:\/\/www.grupomedcof.com.br\/blog\/wp-content\/uploads\/2025\/02\/Banner-MedCof-Plus-2200x460-11-1343x420.png 1343w, https:\/\/www.grupomedcof.com.br\/blog\/wp-content\/uploads\/2025\/02\/Banner-MedCof-Plus-2200x460-11-150x47.png 150w, https:\/\/www.grupomedcof.com.br\/blog\/wp-content\/uploads\/2025\/02\/Banner-MedCof-Plus-2200x460-11-696x218.png 696w, https:\/\/www.grupomedcof.com.br\/blog\/wp-content\/uploads\/2025\/02\/Banner-MedCof-Plus-2200x460-11-1068x334.png 1068w, https:\/\/www.grupomedcof.com.br\/blog\/wp-content\/uploads\/2025\/02\/Banner-MedCof-Plus-2200x460-11-1920x600.png 1920w\" sizes=\"auto, (max-width: 1024px) 100vw, 1024px\" \/><\/a><\/figure>\n\n\n\n<h2 id=\"h-inscricoes-para-o-tea-2026\" class=\"wp-block-heading\"><strong>Inscri\u00e7\u00f5es para o TEA 2026<\/strong><\/h2>\n\n\n\n<p class=\"wp-block-paragraph\">As inscri\u00e7\u00f5es para essa modalidade do TEA 2026 foram realizadas entre <strong>6 de abril e 11 de maio de 2026<\/strong>.<\/p>\n\n\n\n<p class=\"wp-block-paragraph\">O prazo para envio dos documentos obrigat\u00f3rios terminou em 18 de maio.<\/p>\n\n\n\n<p class=\"wp-block-paragraph\">Por isso, as inscri\u00e7\u00f5es desta edi\u00e7\u00e3o j\u00e1 est\u00e3o encerradas. Os candidatos inscritos devem agora acompanhar as pr\u00f3ximas etapas e as divulga\u00e7\u00f5es oficiais da SBA.<\/p>\n\n\n\n<p class=\"wp-block-paragraph\">Para quem pretende obter o t\u00edtulo em uma pr\u00f3xima edi\u00e7\u00e3o, acompanhar antecipadamente o calend\u00e1rio \u00e9 importante para organizar a documenta\u00e7\u00e3o e estruturar a prepara\u00e7\u00e3o para as provas.<\/p>\n\n\n\n<h2 id=\"h-o-que-estudar-para-a-prova-de-titulo-de-anestesiologia\" class=\"wp-block-heading\"><strong>O que estudar para a Prova de T\u00edtulo de Anestesiologia?<\/strong><\/h2>\n\n\n\n<p class=\"wp-block-paragraph\">O conte\u00fado program\u00e1tico do TEA \u00e9 amplo e exige dom\u00ednio dos conhecimentos fundamentais e aplicados da especialidade.<\/p>\n\n\n\n<p class=\"wp-block-paragraph\">O edital organiza o programa de acordo com os conte\u00fados da forma\u00e7\u00e3o em Anestesiologia e inclui temas relacionados a diferentes momentos da pr\u00e1tica anest\u00e9sica.<\/p>\n\n\n\n<p class=\"wp-block-paragraph\">Entre os assuntos previstos est\u00e3o:<\/p>\n\n\n\n<ul class=\"wp-block-list\">\n<li>\u00e9tica m\u00e9dica, bio\u00e9tica e responsabilidade profissional;<\/li>\n\n\n\n<li>avalia\u00e7\u00e3o e preparo pr\u00e9-anest\u00e9sico;<\/li>\n\n\n\n<li>manejo de vias a\u00e9reas;<\/li>\n\n\n\n<li>equipamentos utilizados em Anestesiologia;<\/li>\n\n\n\n<li>fisiologia cardiovascular e respirat\u00f3ria;<\/li>\n\n\n\n<li>farmacologia aplicada \u00e0 Anestesiologia;<\/li>\n\n\n\n<li>anest\u00e9sicos venosos, inalat\u00f3rios e locais;<\/li>\n\n\n\n<li>transmiss\u00e3o e bloqueio neuromuscular;<\/li>\n\n\n\n<li>parada cardiorrespirat\u00f3ria e reanima\u00e7\u00e3o;<\/li>\n\n\n\n<li>bloqueios do neuroeixo;<\/li>\n\n\n\n<li>complica\u00e7\u00f5es anest\u00e9sicas;<\/li>\n\n\n\n<li>recupera\u00e7\u00e3o p\u00f3s-anest\u00e9sica;<\/li>\n\n\n\n<li>monitoriza\u00e7\u00e3o;<\/li>\n\n\n\n<li>anestesia venosa e inalat\u00f3ria;<\/li>\n\n\n\n<li>bloqueios perif\u00e9ricos;<\/li>\n\n\n\n<li>equil\u00edbrio hidroeletrol\u00edtico e \u00e1cido-base;<\/li>\n\n\n\n<li>reposi\u00e7\u00e3o vol\u00eamica, transfus\u00e3o, hemostasia e anticoagula\u00e7\u00e3o.<\/li>\n<\/ul>\n\n\n\n<p class=\"wp-block-paragraph\">O programa completo \u00e9 mais extenso e deve ser consultado diretamente no edital oficial.<\/p>\n\n\n\n<h2 id=\"h-qual-e-a-diferenca-entre-tea-e-tsa\" class=\"wp-block-heading\"><strong>Qual \u00e9 a diferen\u00e7a entre TEA e TSA?<\/strong><\/h2>\n\n\n\n<p class=\"wp-block-paragraph\">Apesar de estarem relacionados \u00e0 Anestesiologia, <strong>TEA e TSA s\u00e3o certifica\u00e7\u00f5es diferentes<\/strong>.<\/p>\n\n\n\n<h3 id=\"h-tea-titulo-de-especialista-em-anestesiologia\" class=\"wp-block-heading\"><strong>TEA: T\u00edtulo de Especialista em Anestesiologia<\/strong><\/h3>\n\n\n\n<p class=\"wp-block-paragraph\">O TEA corresponde ao <strong>T\u00edtulo de Especialista em Anestesiologia<\/strong>, expedido pela SBA em conv\u00eanio com a Associa\u00e7\u00e3o M\u00e9dica Brasileira aos m\u00e9dicos que cumprem os crit\u00e9rios correspondentes para obten\u00e7\u00e3o da certifica\u00e7\u00e3o.<\/p>\n\n\n\n<h3 id=\"h-tsa-titulo-superior-em-anestesiologia\" class=\"wp-block-heading\"><strong>TSA: T\u00edtulo Superior em Anestesiologia<\/strong><\/h3>\n\n\n\n<p class=\"wp-block-paragraph\">O <strong>T\u00edtulo Superior em Anestesiologia (TSA)<\/strong> representa uma certifica\u00e7\u00e3o posterior e mais avan\u00e7ada dentro da especialidade.<\/p>\n\n\n\n<p class=\"wp-block-paragraph\">Segundo a SBA, para participar do processo de obten\u00e7\u00e3o do TSA, o m\u00e9dico precisa j\u00e1 possuir o <strong>T\u00edtulo de Especialista em Anestesiologia (TEA)<\/strong>, al\u00e9m de atender aos demais pr\u00e9-requisitos estabelecidos para o concurso.<\/p>\n\n\n\n<p class=\"wp-block-paragraph\">Dessa forma, o TEA e o TSA n\u00e3o s\u00e3o sin\u00f4nimos e possuem processos de certifica\u00e7\u00e3o distintos.<\/p>\n\n\n\n<h2 id=\"h-por-que-obter-o-titulo-de-especialista-em-anestesiologia\" class=\"wp-block-heading\"><strong>Por que obter o T\u00edtulo de Especialista em Anestesiologia?<\/strong><\/h2>\n\n\n\n<p class=\"wp-block-paragraph\">A obten\u00e7\u00e3o do t\u00edtulo representa o reconhecimento formal da forma\u00e7\u00e3o e dos conhecimentos necess\u00e1rios para atua\u00e7\u00e3o como especialista dentro dos crit\u00e9rios estabelecidos pelas entidades respons\u00e1veis pela certifica\u00e7\u00e3o.<\/p>\n\n\n\n<p class=\"wp-block-paragraph\">O TEA \u00e9 expedido pela SBA em conv\u00eanio com a AMB aos m\u00e9dicos aprovados nos processos correspondentes para obten\u00e7\u00e3o do t\u00edtulo.<\/p>\n\n\n\n<p class=\"wp-block-paragraph\">Al\u00e9m da certifica\u00e7\u00e3o profissional, a prepara\u00e7\u00e3o para o exame exige uma revis\u00e3o abrangente dos principais conhecimentos que fazem parte da pr\u00e1tica anestesiol\u00f3gica.<\/p>\n\n\n\n<p class=\"wp-block-paragraph\">Por isso, organizar os estudos com anteced\u00eancia e compreender o formato de cada etapa pode fazer diferen\u00e7a na prepara\u00e7\u00e3o.<\/p>\n\n\n\n<h2 id=\"h-como-se-preparar-para-a-prova-de-titulo-de-anestesiologia\" class=\"wp-block-heading\"><strong>Como se preparar para a Prova de T\u00edtulo de Anestesiologia?<\/strong><\/h2>\n\n\n\n<figure class=\"wp-block-image\"><a href=\"https:\/\/grupomedcof.com.br\/r\/blog-banner-tea-guia\"><img loading=\"lazy\" decoding=\"async\" width=\"1600\" height=\"500\" src=\"https:\/\/www.grupomedcof.com.br\/blog\/wp-content\/uploads\/2025\/02\/Banner-MedCof-Plus-2200x460-23.png\" alt=\"prova t\u00edtulo especialista anestesiologia\" class=\"wp-image-42079\" srcset=\"https:\/\/www.grupomedcof.com.br\/blog\/wp-content\/uploads\/2025\/02\/Banner-MedCof-Plus-2200x460-23.png 1600w, https:\/\/www.grupomedcof.com.br\/blog\/wp-content\/uploads\/2025\/02\/Banner-MedCof-Plus-2200x460-23-300x94.png 300w, https:\/\/www.grupomedcof.com.br\/blog\/wp-content\/uploads\/2025\/02\/Banner-MedCof-Plus-2200x460-23-1024x320.png 1024w, https:\/\/www.grupomedcof.com.br\/blog\/wp-content\/uploads\/2025\/02\/Banner-MedCof-Plus-2200x460-23-768x240.png 768w, https:\/\/www.grupomedcof.com.br\/blog\/wp-content\/uploads\/2025\/02\/Banner-MedCof-Plus-2200x460-23-1536x480.png 1536w, https:\/\/www.grupomedcof.com.br\/blog\/wp-content\/uploads\/2025\/02\/Banner-MedCof-Plus-2200x460-23-1344x420.png 1344w, https:\/\/www.grupomedcof.com.br\/blog\/wp-content\/uploads\/2025\/02\/Banner-MedCof-Plus-2200x460-23-150x47.png 150w, https:\/\/www.grupomedcof.com.br\/blog\/wp-content\/uploads\/2025\/02\/Banner-MedCof-Plus-2200x460-23-696x218.png 696w, https:\/\/www.grupomedcof.com.br\/blog\/wp-content\/uploads\/2025\/02\/Banner-MedCof-Plus-2200x460-23-1068x334.png 1068w\" sizes=\"auto, (max-width: 1600px) 100vw, 1600px\" \/><\/a><\/figure>\n\n\n\n<p class=\"wp-block-paragraph\">Uma prepara\u00e7\u00e3o eficiente para a prova de t\u00edtulo precisa combinar <strong>dom\u00ednio te\u00f3rico, resolu\u00e7\u00e3o de quest\u00f5es, revis\u00e3o ativa e aplica\u00e7\u00e3o do conhecimento em situa\u00e7\u00f5es cl\u00ednicas<\/strong>.<\/p>\n\n\n\n<p class=\"wp-block-paragraph\">A <strong>MedCof Anestesia<\/strong> oferece uma prepara\u00e7\u00e3o direcionada aos m\u00e9dicos que buscam avan\u00e7ar na carreira e se preparar para certifica\u00e7\u00f5es como o <strong>T\u00edtulo de Especialista em Anestesiologia e o T\u00edtulo Superior em Anestesiologia<\/strong>.<\/p>\n\n\n\n<div class=\"wp-block-buttons is-layout-flex wp-block-buttons-is-layout-flex\">\n<div class=\"wp-block-button\"><a class=\"wp-block-button__link wp-element-button\" href=\"https:\/\/grupomedcof.com.br\/r\/blog-banner-tea-guia\">Come\u00e7ar agora<\/a><\/div>\n<\/div>\n","protected":false},"excerpt":{"rendered":"<p>Confira o gabarito do TEA 2026, data do resultado da 1\u00aa etapa, cronograma, formato da prova e informa\u00e7\u00f5es sobre a 2\u00aa fase de Anestesiologia.<\/p>\n","protected":false},"author":35,"featured_media":42075,"comment_status":"closed","ping_status":"closed","sticky":false,"template":"","format":"standard","meta":{"footnotes":""},"categories":[243,2023,1409],"tags":[244,2666,2664,2665],"ppma_author":[3619],"class_list":["post-38429","post","type-post","status-publish","format-standard","has-post-thumbnail","category-anestesiologia","category-editais","category-prova-de-titulo","tag-anestesiologia","tag-edital-tea-2025","tag-prova-de-titulo-de-especialista-em-anestesiologia","tag-tea-2025"],"yoast_head":"<!-- This site is optimized with the Yoast SEO Premium plugin v28.1 (Yoast SEO v28.4) - https:\/\/yoast.com\/product\/yoast-seo-premium-wordpress\/ -->\n<title>TEA 2026: gabarito e resultado da Prova de Anestesiologia<\/title>\n<meta name=\"description\" content=\"Confira o gabarito do TEA 2026, data do resultado da 1\u00aa etapa, cronograma, formato da prova e informa\u00e7\u00f5es sobre a 2\u00aa fase de Anestesiologia.\" \/>\n<meta name=\"robots\" content=\"index, follow, max-snippet:-1, max-image-preview:large, max-video-preview:-1\" \/>\n<link rel=\"canonical\" href=\"https:\/\/www.grupomedcof.com.br\/blog\/prova-de-titulo-anestesiologia\/\" \/>\n<meta property=\"og:locale\" content=\"pt_BR\" \/>\n<meta property=\"og:type\" content=\"article\" \/>\n<meta property=\"og:title\" content=\"TEA 2026: gabarito, resultado e 2\u00aa etapa da Prova de T\u00edtulo de Anestesiologia\" \/>\n<meta property=\"og:description\" content=\"Confira o gabarito do TEA 2026, data do resultado da 1\u00aa etapa, cronograma, formato da prova e informa\u00e7\u00f5es sobre a 2\u00aa fase de Anestesiologia.\" \/>\n<meta property=\"og:url\" content=\"https:\/\/www.grupomedcof.com.br\/blog\/prova-de-titulo-anestesiologia\/\" \/>\n<meta property=\"og:site_name\" content=\"Blog de Medcof: conte\u00fados, editais, revalida e mais!\" \/>\n<meta property=\"article:publisher\" content=\"https:\/\/www.facebook.com\/MedCofQbank\/\" \/>\n<meta property=\"article:published_time\" content=\"2026-07-21T16:30:01+00:00\" \/>\n<meta property=\"article:modified_time\" content=\"2026-08-04T19:30:23+00:00\" \/>\n<meta property=\"og:image\" content=\"https:\/\/www.grupomedcof.com.br\/blog\/wp-content\/uploads\/2025\/02\/Modelo-instituicoes-35.jpg\" \/>\n\t<meta property=\"og:image:width\" content=\"1920\" \/>\n\t<meta property=\"og:image:height\" content=\"1080\" \/>\n\t<meta property=\"og:image:type\" content=\"image\/jpeg\" \/>\n<meta name=\"author\" content=\"Laura Fernandes - Jornalista\" \/>\n<meta name=\"twitter:card\" content=\"summary_large_image\" \/>\n<meta name=\"twitter:label1\" content=\"Escrito por\" \/>\n\t<meta name=\"twitter:data1\" content=\"Laura Fernandes - Jornalista\" \/>\n\t<meta name=\"twitter:label2\" content=\"Est. tempo de leitura\" \/>\n\t<meta name=\"twitter:data2\" content=\"10 minutos\" \/>\n<script type=\"application\/ld+json\" class=\"yoast-schema-graph\">{\"@context\":\"https:\\\/\\\/schema.org\",\"@graph\":[{\"@type\":\"Article\",\"@id\":\"https:\\\/\\\/www.grupomedcof.com.br\\\/blog\\\/prova-de-titulo-anestesiologia\\\/#article\",\"isPartOf\":{\"@id\":\"https:\\\/\\\/www.grupomedcof.com.br\\\/blog\\\/prova-de-titulo-anestesiologia\\\/\"},\"author\":{\"name\":\"Laura Fernandes - Jornalista\",\"@id\":\"https:\\\/\\\/www.grupomedcof.com.br\\\/blog\\\/#\\\/schema\\\/person\\\/ce6d0d444602a2695b12716bda933402\"},\"headline\":\"TEA 2026: gabarito, resultado e 2\u00aa etapa da Prova de T\u00edtulo de Anestesiologia\",\"datePublished\":\"2026-07-21T16:30:01+00:00\",\"dateModified\":\"2026-08-04T19:30:23+00:00\",\"mainEntityOfPage\":{\"@id\":\"https:\\\/\\\/www.grupomedcof.com.br\\\/blog\\\/prova-de-titulo-anestesiologia\\\/\"},\"wordCount\":1681,\"publisher\":{\"@id\":\"https:\\\/\\\/www.grupomedcof.com.br\\\/blog\\\/#organization\"},\"image\":{\"@id\":\"https:\\\/\\\/www.grupomedcof.com.br\\\/blog\\\/prova-de-titulo-anestesiologia\\\/#primaryimage\"},\"thumbnailUrl\":\"https:\\\/\\\/www.grupomedcof.com.br\\\/blog\\\/wp-content\\\/uploads\\\/2025\\\/02\\\/Modelo-instituicoes-35.jpg\",\"keywords\":[\"Anestesiologia\",\"Edital TEA 2025\",\"Prova de T\u00edtulo de Especialista em Anestesiologia\",\"TEA 2025\"],\"articleSection\":[\"Anestesiologia\",\"Editais\",\"Prova de T\u00edtulo: dicas e informa\u00e7\u00f5es confi\u00e1veis e atualizadas\"],\"inLanguage\":\"pt-BR\"},{\"@type\":\"WebPage\",\"@id\":\"https:\\\/\\\/www.grupomedcof.com.br\\\/blog\\\/prova-de-titulo-anestesiologia\\\/\",\"url\":\"https:\\\/\\\/www.grupomedcof.com.br\\\/blog\\\/prova-de-titulo-anestesiologia\\\/\",\"name\":\"TEA 2026: gabarito e resultado da Prova de Anestesiologia\",\"isPartOf\":{\"@id\":\"https:\\\/\\\/www.grupomedcof.com.br\\\/blog\\\/#website\"},\"primaryImageOfPage\":{\"@id\":\"https:\\\/\\\/www.grupomedcof.com.br\\\/blog\\\/prova-de-titulo-anestesiologia\\\/#primaryimage\"},\"image\":{\"@id\":\"https:\\\/\\\/www.grupomedcof.com.br\\\/blog\\\/prova-de-titulo-anestesiologia\\\/#primaryimage\"},\"thumbnailUrl\":\"https:\\\/\\\/www.grupomedcof.com.br\\\/blog\\\/wp-content\\\/uploads\\\/2025\\\/02\\\/Modelo-instituicoes-35.jpg\",\"datePublished\":\"2026-07-21T16:30:01+00:00\",\"dateModified\":\"2026-08-04T19:30:23+00:00\",\"description\":\"Confira o gabarito do TEA 2026, data do resultado da 1\u00aa etapa, cronograma, formato da prova e informa\u00e7\u00f5es sobre a 2\u00aa fase de Anestesiologia.\",\"breadcrumb\":{\"@id\":\"https:\\\/\\\/www.grupomedcof.com.br\\\/blog\\\/prova-de-titulo-anestesiologia\\\/#breadcrumb\"},\"inLanguage\":\"pt-BR\",\"potentialAction\":[{\"@type\":\"ReadAction\",\"target\":[\"https:\\\/\\\/www.grupomedcof.com.br\\\/blog\\\/prova-de-titulo-anestesiologia\\\/\"]}]},{\"@type\":\"ImageObject\",\"inLanguage\":\"pt-BR\",\"@id\":\"https:\\\/\\\/www.grupomedcof.com.br\\\/blog\\\/prova-de-titulo-anestesiologia\\\/#primaryimage\",\"url\":\"https:\\\/\\\/www.grupomedcof.com.br\\\/blog\\\/wp-content\\\/uploads\\\/2025\\\/02\\\/Modelo-instituicoes-35.jpg\",\"contentUrl\":\"https:\\\/\\\/www.grupomedcof.com.br\\\/blog\\\/wp-content\\\/uploads\\\/2025\\\/02\\\/Modelo-instituicoes-35.jpg\",\"width\":1920,\"height\":1080,\"caption\":\"prova de t\u00edtulo anestesiologia\"},{\"@type\":\"BreadcrumbList\",\"@id\":\"https:\\\/\\\/www.grupomedcof.com.br\\\/blog\\\/prova-de-titulo-anestesiologia\\\/#breadcrumb\",\"itemListElement\":[{\"@type\":\"ListItem\",\"position\":1,\"name\":\"In\u00edcio\",\"item\":\"https:\\\/\\\/www.grupomedcof.com.br\\\/blog\\\/\"},{\"@type\":\"ListItem\",\"position\":2,\"name\":\"TEA 2026: gabarito, resultado e 2\u00aa etapa da Prova de T\u00edtulo de Anestesiologia\"}]},{\"@type\":\"WebSite\",\"@id\":\"https:\\\/\\\/www.grupomedcof.com.br\\\/blog\\\/#website\",\"url\":\"https:\\\/\\\/www.grupomedcof.com.br\\\/blog\\\/\",\"name\":\"Blog de Medcof: conte\u00fados, editais, revalida e mais!\",\"description\":\"Acesso o blog de MedCof! Seu portal de conte\u00fados sobre resid\u00eancia m\u00e9dica, an\u00e1lise e editais e muito mais. Clique e confira!\",\"publisher\":{\"@id\":\"https:\\\/\\\/www.grupomedcof.com.br\\\/blog\\\/#organization\"},\"alternateName\":\"Blog de Medcof: conte\u00fados, editais, revalida e mais!\",\"potentialAction\":[{\"@type\":\"SearchAction\",\"target\":{\"@type\":\"EntryPoint\",\"urlTemplate\":\"https:\\\/\\\/www.grupomedcof.com.br\\\/blog\\\/?s={search_term_string}\"},\"query-input\":{\"@type\":\"PropertyValueSpecification\",\"valueRequired\":true,\"valueName\":\"search_term_string\"}}],\"inLanguage\":\"pt-BR\"},{\"@type\":\"Organization\",\"@id\":\"https:\\\/\\\/www.grupomedcof.com.br\\\/blog\\\/#organization\",\"name\":\"Grupo MedCof\",\"url\":\"https:\\\/\\\/www.grupomedcof.com.br\\\/blog\\\/\",\"logo\":{\"@type\":\"ImageObject\",\"inLanguage\":\"pt-BR\",\"@id\":\"https:\\\/\\\/www.grupomedcof.com.br\\\/blog\\\/#\\\/schema\\\/logo\\\/image\\\/\",\"url\":\"https:\\\/\\\/www.grupomedcof.com.br\\\/blog\\\/wp-content\\\/uploads\\\/2022\\\/01\\\/logo-medcof.png\",\"contentUrl\":\"https:\\\/\\\/www.grupomedcof.com.br\\\/blog\\\/wp-content\\\/uploads\\\/2022\\\/01\\\/logo-medcof.png\",\"width\":768,\"height\":269,\"caption\":\"Grupo MedCof\"},\"image\":{\"@id\":\"https:\\\/\\\/www.grupomedcof.com.br\\\/blog\\\/#\\\/schema\\\/logo\\\/image\\\/\"},\"sameAs\":[\"https:\\\/\\\/www.facebook.com\\\/MedCofQbank\\\/\",\"https:\\\/\\\/www.instagram.com\\\/grupomedcof\\\/\",\"https:\\\/\\\/br.linkedin.com\\\/company\\\/medcof\",\"https:\\\/\\\/www.youtube.com\\\/channel\\\/UCdHMuOHKICxcHwecxN8P-AA\"]},{\"@type\":\"Person\",\"@id\":\"https:\\\/\\\/www.grupomedcof.com.br\\\/blog\\\/#\\\/schema\\\/person\\\/ce6d0d444602a2695b12716bda933402\",\"name\":\"Laura Fernandes - Jornalista\",\"image\":{\"@type\":\"ImageObject\",\"inLanguage\":\"pt-BR\",\"@id\":\"https:\\\/\\\/www.grupomedcof.com.br\\\/blog\\\/wp-content\\\/uploads\\\/2025\\\/09\\\/cropped-equipe-96x96.jpegaa171aa213b4913d9406ab69d274aa2a\",\"url\":\"https:\\\/\\\/www.grupomedcof.com.br\\\/blog\\\/wp-content\\\/uploads\\\/2025\\\/09\\\/cropped-equipe-96x96.jpeg\",\"contentUrl\":\"https:\\\/\\\/www.grupomedcof.com.br\\\/blog\\\/wp-content\\\/uploads\\\/2025\\\/09\\\/cropped-equipe-96x96.jpeg\",\"caption\":\"Laura Fernandes - Jornalista\"},\"description\":\"Laura Fernandes \u00e9 jornalista formada pela Universidade Federal de Ouro Preto (UFOP), com experi\u00eancia na produ\u00e7\u00e3o de conte\u00fado jornal\u00edstico sobre sa\u00fade e educa\u00e7\u00e3o m\u00e9dica. Na MedCof, atua na produ\u00e7\u00e3o e atualiza\u00e7\u00e3o de conte\u00fados relacionados \u00e0 resid\u00eancia m\u00e9dica, especialidades e carreira m\u00e9dica, acompanhando informa\u00e7\u00f5es relevantes para estudantes e m\u00e9dicos em prepara\u00e7\u00e3o para processos seletivos.\",\"url\":\"https:\\\/\\\/www.grupomedcof.com.br\\\/blog\\\/author\\\/laura\\\/\"}]}<\/script>\n<!-- \/ Yoast SEO Premium plugin. -->","yoast_head_json":{"title":"TEA 2026: gabarito e resultado da Prova de Anestesiologia","description":"Confira o gabarito do TEA 2026, data do resultado da 1\u00aa etapa, cronograma, formato da prova e informa\u00e7\u00f5es sobre a 2\u00aa fase de Anestesiologia.","robots":{"index":"index","follow":"follow","max-snippet":"max-snippet:-1","max-image-preview":"max-image-preview:large","max-video-preview":"max-video-preview:-1"},"canonical":"https:\/\/www.grupomedcof.com.br\/blog\/prova-de-titulo-anestesiologia\/","og_locale":"pt_BR","og_type":"article","og_title":"TEA 2026: gabarito, resultado e 2\u00aa etapa da Prova de T\u00edtulo de Anestesiologia","og_description":"Confira o gabarito do TEA 2026, data do resultado da 1\u00aa etapa, cronograma, formato da prova e informa\u00e7\u00f5es sobre a 2\u00aa fase de Anestesiologia.","og_url":"https:\/\/www.grupomedcof.com.br\/blog\/prova-de-titulo-anestesiologia\/","og_site_name":"Blog de Medcof: conte\u00fados, editais, revalida e mais!","article_publisher":"https:\/\/www.facebook.com\/MedCofQbank\/","article_published_time":"2026-07-21T16:30:01+00:00","article_modified_time":"2026-08-04T19:30:23+00:00","og_image":[{"width":1920,"height":1080,"url":"https:\/\/www.grupomedcof.com.br\/blog\/wp-content\/uploads\/2025\/02\/Modelo-instituicoes-35.jpg","type":"image\/jpeg"}],"author":"Laura Fernandes - Jornalista","twitter_card":"summary_large_image","twitter_misc":{"Escrito por":"Laura Fernandes - Jornalista","Est. tempo de leitura":"10 minutos"},"schema":{"@context":"https:\/\/schema.org","@graph":[{"@type":"Article","@id":"https:\/\/www.grupomedcof.com.br\/blog\/prova-de-titulo-anestesiologia\/#article","isPartOf":{"@id":"https:\/\/www.grupomedcof.com.br\/blog\/prova-de-titulo-anestesiologia\/"},"author":{"name":"Laura Fernandes - Jornalista","@id":"https:\/\/www.grupomedcof.com.br\/blog\/#\/schema\/person\/ce6d0d444602a2695b12716bda933402"},"headline":"TEA 2026: gabarito, resultado e 2\u00aa etapa da Prova de T\u00edtulo de Anestesiologia","datePublished":"2026-07-21T16:30:01+00:00","dateModified":"2026-08-04T19:30:23+00:00","mainEntityOfPage":{"@id":"https:\/\/www.grupomedcof.com.br\/blog\/prova-de-titulo-anestesiologia\/"},"wordCount":1681,"publisher":{"@id":"https:\/\/www.grupomedcof.com.br\/blog\/#organization"},"image":{"@id":"https:\/\/www.grupomedcof.com.br\/blog\/prova-de-titulo-anestesiologia\/#primaryimage"},"thumbnailUrl":"https:\/\/www.grupomedcof.com.br\/blog\/wp-content\/uploads\/2025\/02\/Modelo-instituicoes-35.jpg","keywords":["Anestesiologia","Edital TEA 2025","Prova de T\u00edtulo de Especialista em Anestesiologia","TEA 2025"],"articleSection":["Anestesiologia","Editais","Prova de T\u00edtulo: dicas e informa\u00e7\u00f5es confi\u00e1veis e atualizadas"],"inLanguage":"pt-BR"},{"@type":"WebPage","@id":"https:\/\/www.grupomedcof.com.br\/blog\/prova-de-titulo-anestesiologia\/","url":"https:\/\/www.grupomedcof.com.br\/blog\/prova-de-titulo-anestesiologia\/","name":"TEA 2026: gabarito e resultado da Prova de Anestesiologia","isPartOf":{"@id":"https:\/\/www.grupomedcof.com.br\/blog\/#website"},"primaryImageOfPage":{"@id":"https:\/\/www.grupomedcof.com.br\/blog\/prova-de-titulo-anestesiologia\/#primaryimage"},"image":{"@id":"https:\/\/www.grupomedcof.com.br\/blog\/prova-de-titulo-anestesiologia\/#primaryimage"},"thumbnailUrl":"https:\/\/www.grupomedcof.com.br\/blog\/wp-content\/uploads\/2025\/02\/Modelo-instituicoes-35.jpg","datePublished":"2026-07-21T16:30:01+00:00","dateModified":"2026-08-04T19:30:23+00:00","description":"Confira o gabarito do TEA 2026, data do resultado da 1\u00aa etapa, cronograma, formato da prova e informa\u00e7\u00f5es sobre a 2\u00aa fase de Anestesiologia.","breadcrumb":{"@id":"https:\/\/www.grupomedcof.com.br\/blog\/prova-de-titulo-anestesiologia\/#breadcrumb"},"inLanguage":"pt-BR","potentialAction":[{"@type":"ReadAction","target":["https:\/\/www.grupomedcof.com.br\/blog\/prova-de-titulo-anestesiologia\/"]}]},{"@type":"ImageObject","inLanguage":"pt-BR","@id":"https:\/\/www.grupomedcof.com.br\/blog\/prova-de-titulo-anestesiologia\/#primaryimage","url":"https:\/\/www.grupomedcof.com.br\/blog\/wp-content\/uploads\/2025\/02\/Modelo-instituicoes-35.jpg","contentUrl":"https:\/\/www.grupomedcof.com.br\/blog\/wp-content\/uploads\/2025\/02\/Modelo-instituicoes-35.jpg","width":1920,"height":1080,"caption":"prova de t\u00edtulo anestesiologia"},{"@type":"BreadcrumbList","@id":"https:\/\/www.grupomedcof.com.br\/blog\/prova-de-titulo-anestesiologia\/#breadcrumb","itemListElement":[{"@type":"ListItem","position":1,"name":"In\u00edcio","item":"https:\/\/www.grupomedcof.com.br\/blog\/"},{"@type":"ListItem","position":2,"name":"TEA 2026: gabarito, resultado e 2\u00aa etapa da Prova de T\u00edtulo de Anestesiologia"}]},{"@type":"WebSite","@id":"https:\/\/www.grupomedcof.com.br\/blog\/#website","url":"https:\/\/www.grupomedcof.com.br\/blog\/","name":"Blog de Medcof: conte\u00fados, editais, revalida e mais!","description":"Acesso o blog de MedCof! Seu portal de conte\u00fados sobre resid\u00eancia m\u00e9dica, an\u00e1lise e editais e muito mais. Clique e confira!","publisher":{"@id":"https:\/\/www.grupomedcof.com.br\/blog\/#organization"},"alternateName":"Blog de Medcof: conte\u00fados, editais, revalida e mais!","potentialAction":[{"@type":"SearchAction","target":{"@type":"EntryPoint","urlTemplate":"https:\/\/www.grupomedcof.com.br\/blog\/?s={search_term_string}"},"query-input":{"@type":"PropertyValueSpecification","valueRequired":true,"valueName":"search_term_string"}}],"inLanguage":"pt-BR"},{"@type":"Organization","@id":"https:\/\/www.grupomedcof.com.br\/blog\/#organization","name":"Grupo MedCof","url":"https:\/\/www.grupomedcof.com.br\/blog\/","logo":{"@type":"ImageObject","inLanguage":"pt-BR","@id":"https:\/\/www.grupomedcof.com.br\/blog\/#\/schema\/logo\/image\/","url":"https:\/\/www.grupomedcof.com.br\/blog\/wp-content\/uploads\/2022\/01\/logo-medcof.png","contentUrl":"https:\/\/www.grupomedcof.com.br\/blog\/wp-content\/uploads\/2022\/01\/logo-medcof.png","width":768,"height":269,"caption":"Grupo MedCof"},"image":{"@id":"https:\/\/www.grupomedcof.com.br\/blog\/#\/schema\/logo\/image\/"},"sameAs":["https:\/\/www.facebook.com\/MedCofQbank\/","https:\/\/www.instagram.com\/grupomedcof\/","https:\/\/br.linkedin.com\/company\/medcof","https:\/\/www.youtube.com\/channel\/UCdHMuOHKICxcHwecxN8P-AA"]},{"@type":"Person","@id":"https:\/\/www.grupomedcof.com.br\/blog\/#\/schema\/person\/ce6d0d444602a2695b12716bda933402","name":"Laura Fernandes - Jornalista","image":{"@type":"ImageObject","inLanguage":"pt-BR","@id":"https:\/\/www.grupomedcof.com.br\/blog\/wp-content\/uploads\/2025\/09\/cropped-equipe-96x96.jpegaa171aa213b4913d9406ab69d274aa2a","url":"https:\/\/www.grupomedcof.com.br\/blog\/wp-content\/uploads\/2025\/09\/cropped-equipe-96x96.jpeg","contentUrl":"https:\/\/www.grupomedcof.com.br\/blog\/wp-content\/uploads\/2025\/09\/cropped-equipe-96x96.jpeg","caption":"Laura Fernandes - Jornalista"},"description":"Laura Fernandes \u00e9 jornalista formada pela Universidade Federal de Ouro Preto (UFOP), com experi\u00eancia na produ\u00e7\u00e3o de conte\u00fado jornal\u00edstico sobre sa\u00fade e educa\u00e7\u00e3o m\u00e9dica. Na MedCof, atua na produ\u00e7\u00e3o e atualiza\u00e7\u00e3o de conte\u00fados relacionados \u00e0 resid\u00eancia m\u00e9dica, especialidades e carreira m\u00e9dica, acompanhando informa\u00e7\u00f5es relevantes para estudantes e m\u00e9dicos em prepara\u00e7\u00e3o para processos seletivos.","url":"https:\/\/www.grupomedcof.com.br\/blog\/author\/laura\/"}]}},"authors":[{"term_id":3619,"user_id":35,"is_guest":0,"slug":"laura","display_name":"Laura Fernandes - Jornalista","avatar_url":"https:\/\/www.grupomedcof.com.br\/blog\/wp-content\/uploads\/2025\/09\/cropped-equipe-96x96.jpeg","0":null,"1":"","2":"","3":"","4":"","5":"","6":"","7":"","8":""}],"_links":{"self":[{"href":"https:\/\/www.grupomedcof.com.br\/blog\/wp-json\/wp\/v2\/posts\/38429","targetHints":{"allow":["GET"]}}],"collection":[{"href":"https:\/\/www.grupomedcof.com.br\/blog\/wp-json\/wp\/v2\/posts"}],"about":[{"href":"https:\/\/www.grupomedcof.com.br\/blog\/wp-json\/wp\/v2\/types\/post"}],"author":[{"embeddable":true,"href":"https:\/\/www.grupomedcof.com.br\/blog\/wp-json\/wp\/v2\/users\/35"}],"replies":[{"embeddable":true,"href":"https:\/\/www.grupomedcof.com.br\/blog\/wp-json\/wp\/v2\/comments?post=38429"}],"version-history":[{"count":10,"href":"https:\/\/www.grupomedcof.com.br\/blog\/wp-json\/wp\/v2\/posts\/38429\/revisions"}],"predecessor-version":[{"id":47998,"href":"https:\/\/www.grupomedcof.com.br\/blog\/wp-json\/wp\/v2\/posts\/38429\/revisions\/47998"}],"wp:featuredmedia":[{"embeddable":true,"href":"https:\/\/www.grupomedcof.com.br\/blog\/wp-json\/wp\/v2\/media\/42075"}],"wp:attachment":[{"href":"https:\/\/www.grupomedcof.com.br\/blog\/wp-json\/wp\/v2\/media?parent=38429"}],"wp:term":[{"taxonomy":"category","embeddable":true,"href":"https:\/\/www.grupomedcof.com.br\/blog\/wp-json\/wp\/v2\/categories?post=38429"},{"taxonomy":"post_tag","embeddable":true,"href":"https:\/\/www.grupomedcof.com.br\/blog\/wp-json\/wp\/v2\/tags?post=38429"},{"taxonomy":"author","embeddable":true,"href":"https:\/\/www.grupomedcof.com.br\/blog\/wp-json\/wp\/v2\/ppma_author?post=38429"}],"curies":[{"name":"wp","href":"https:\/\/api.w.org\/{rel}","templated":true}]}}