{"id":38671,"date":"2025-10-20T07:17:41","date_gmt":"2025-10-20T10:17:41","guid":{"rendered":"https:\/\/www.grupomedcof.com.br\/blog\/?p=38671"},"modified":"2025-10-20T07:17:43","modified_gmt":"2025-10-20T10:17:43","slug":"edital-residencia-medica-ufrb","status":"publish","type":"post","link":"https:\/\/www.grupomedcof.com.br\/blog\/edital-residencia-medica-ufrb\/","title":{"rendered":"Edital Universidade Federal do Rec\u00f4ncavo da Bahia (UFRB) para resid\u00eancia m\u00e9dica 2025\/2025"},"content":{"rendered":"<div id=\"ez-toc-container\" class=\"ez-toc-v2_0_74 counter-hierarchy ez-toc-counter ez-toc-transparent ez-toc-container-direction\">\n<div class=\"ez-toc-title-container\">\n<p class=\"ez-toc-title\" style=\"cursor:inherit\">Sum\u00e1rio<\/p>\n<span class=\"ez-toc-title-toggle\"><a href=\"#\" class=\"ez-toc-pull-right ez-toc-btn ez-toc-btn-xs ez-toc-btn-default ez-toc-toggle\" aria-label=\"Alternar tabela de conte\u00fado\"><span class=\"ez-toc-js-icon-con\"><span class=\"\"><span class=\"eztoc-hide\" style=\"display:none;\">Toggle<\/span><span class=\"ez-toc-icon-toggle-span\"><svg style=\"fill: #999;color:#999\" xmlns=\"http:\/\/www.w3.org\/2000\/svg\" class=\"list-377408\" width=\"20px\" height=\"20px\" viewBox=\"0 0 24 24\" fill=\"none\"><path d=\"M6 6H4v2h2V6zm14 0H8v2h12V6zM4 11h2v2H4v-2zm16 0H8v2h12v-2zM4 16h2v2H4v-2zm16 0H8v2h12v-2z\" fill=\"currentColor\"><\/path><\/svg><svg style=\"fill: #999;color:#999\" class=\"arrow-unsorted-368013\" xmlns=\"http:\/\/www.w3.org\/2000\/svg\" width=\"10px\" height=\"10px\" viewBox=\"0 0 24 24\" version=\"1.2\" baseProfile=\"tiny\"><path d=\"M18.2 9.3l-6.2-6.3-6.2 6.3c-.2.2-.3.4-.3.7s.1.5.3.7c.2.2.4.3.7.3h11c.3 0 .5-.1.7-.3.2-.2.3-.5.3-.7s-.1-.5-.3-.7zM5.8 14.7l6.2 6.3 6.2-6.3c.2-.2.3-.5.3-.7s-.1-.5-.3-.7c-.2-.2-.4-.3-.7-.3h-11c-.3 0-.5.1-.7.3-.2.2-.3.5-.3.7s.1.5.3.7z\"\/><\/svg><\/span><\/span><\/span><\/a><\/span><\/div>\n<nav><ul class='ez-toc-list ez-toc-list-level-1 ' ><li class='ez-toc-page-1 ez-toc-heading-level-2'><a class=\"ez-toc-link ez-toc-heading-1\" href=\"https:\/\/www.grupomedcof.com.br\/blog\/edital-residencia-medica-ufrb\/#Informacoes_edital_UFRB_20252026\" >Informa\u00e7\u00f5es edital UFRB 2025\/2026<\/a><\/li><li class='ez-toc-page-1 ez-toc-heading-level-2'><a class=\"ez-toc-link ez-toc-heading-2\" href=\"https:\/\/www.grupomedcof.com.br\/blog\/edital-residencia-medica-ufrb\/#Vagas_UFRB_20252026\" >Vagas UFRB 2025\/2026<\/a><\/li><li class='ez-toc-page-1 ez-toc-heading-level-2'><a class=\"ez-toc-link ez-toc-heading-3\" href=\"https:\/\/www.grupomedcof.com.br\/blog\/edital-residencia-medica-ufrb\/#Processo_Seletivo_UFRB_20252026\" >Processo Seletivo UFRB 2025\/2026<\/a><\/li><li class='ez-toc-page-1 ez-toc-heading-level-2'><a class=\"ez-toc-link ez-toc-heading-4\" href=\"https:\/\/www.grupomedcof.com.br\/blog\/edital-residencia-medica-ufrb\/#Cronograma_UFRB_20252026\" >Cronograma UFRB 2025\/2026<\/a><\/li><li class='ez-toc-page-1 ez-toc-heading-level-2'><a class=\"ez-toc-link ez-toc-heading-5\" href=\"https:\/\/www.grupomedcof.com.br\/blog\/edital-residencia-medica-ufrb\/#Edital_UFRB_20252026\" >Edital UFRB 2025\/2026<\/a><\/li><li class='ez-toc-page-1 ez-toc-heading-level-2'><a class=\"ez-toc-link ez-toc-heading-6\" href=\"https:\/\/www.grupomedcof.com.br\/blog\/edital-residencia-medica-ufrb\/#O_metodo_que_te_aprova\" >O m\u00e9todo que te aprova!<\/a><\/li><\/ul><\/nav><\/div>\n\n<figure class=\"wp-block-image size-large\"><img loading=\"lazy\" decoding=\"async\" width=\"1024\" height=\"576\" src=\"https:\/\/www.grupomedcof.com.br\/blog\/wp-content\/uploads\/2025\/10\/Modelo-instituicoes-2025-10-20T071527.609-1024x576.jpg\" alt=\"\" class=\"wp-image-38676\" srcset=\"https:\/\/www.grupomedcof.com.br\/blog\/wp-content\/uploads\/2025\/10\/Modelo-instituicoes-2025-10-20T071527.609-1024x576.jpg 1024w, https:\/\/www.grupomedcof.com.br\/blog\/wp-content\/uploads\/2025\/10\/Modelo-instituicoes-2025-10-20T071527.609-300x169.jpg 300w, https:\/\/www.grupomedcof.com.br\/blog\/wp-content\/uploads\/2025\/10\/Modelo-instituicoes-2025-10-20T071527.609-768x432.jpg 768w, https:\/\/www.grupomedcof.com.br\/blog\/wp-content\/uploads\/2025\/10\/Modelo-instituicoes-2025-10-20T071527.609-1536x864.jpg 1536w, https:\/\/www.grupomedcof.com.br\/blog\/wp-content\/uploads\/2025\/10\/Modelo-instituicoes-2025-10-20T071527.609-747x420.jpg 747w, https:\/\/www.grupomedcof.com.br\/blog\/wp-content\/uploads\/2025\/10\/Modelo-instituicoes-2025-10-20T071527.609-150x84.jpg 150w, https:\/\/www.grupomedcof.com.br\/blog\/wp-content\/uploads\/2025\/10\/Modelo-instituicoes-2025-10-20T071527.609-696x392.jpg 696w, https:\/\/www.grupomedcof.com.br\/blog\/wp-content\/uploads\/2025\/10\/Modelo-instituicoes-2025-10-20T071527.609-1068x601.jpg 1068w, https:\/\/www.grupomedcof.com.br\/blog\/wp-content\/uploads\/2025\/10\/Modelo-instituicoes-2025-10-20T071527.609.jpg 1920w\" sizes=\"auto, (max-width: 1024px) 100vw, 1024px\" \/><\/figure>\n\n\n\n<p>Vai prestar para a prova de resid\u00eancia m\u00e9dica da <strong>Universidade Federal do Rec\u00f4ncavo da Bahia (UFRB)?<\/strong> Ent\u00e3o confira todos os detalhes do edital e n\u00e3o perca nenhum prazo!<\/p>\n\n\n\n<h2 class=\"wp-block-heading\" id=\"h-informacoes-edital-ufrb-2025-2026\"><span class=\"ez-toc-section\" id=\"Informacoes_edital_UFRB_20252026\"><\/span><strong>Informa\u00e7\u00f5es edital UFRB 2025\/2026<\/strong><span class=\"ez-toc-section-end\"><\/span><\/h2>\n\n\n\n<p>De acordo com o edital divulgado, as <a href=\"https:\/\/pagtesouro.tesouro.gov.br\/portal-gru\/#\/pagamento-gru\/formulario?servico=019274&amp;numeroReferencia=19274&amp;valorPrincipal=55\" target=\"_blank\" rel=\"noreferrer noopener\">inscri\u00e7\u00f5es<\/a> para o processo seletivo ser\u00e3o no per\u00edodo de <strong>13 de outubro e 11 de novembro de 2025.<\/strong> Para isso, o candidato teve quitar a taxa no valor de <strong>R$55,00.<\/strong> <\/p>\n\n\n\n<p>Desse modo, os candidatos ser\u00e3o avaliados atrav\u00e9s de tr\u00eas fases: a <strong>prova objetiva, a prova oral e a an\u00e1lise curricular. <\/strong><\/p>\n\n\n\n<h2 class=\"wp-block-heading\" id=\"h-vagas-ufrb-2025-2026\"><span class=\"ez-toc-section\" id=\"Vagas_UFRB_20252026\"><\/span><strong>Vagas UFRB 2025\/2026<\/strong><span class=\"ez-toc-section-end\"><\/span><\/h2>\n\n\n\n<p>Ao todo, ser\u00e3o ofertadas 3 vagas. Confira:<\/p>\n\n\n\n<figure class=\"wp-block-table\"><table class=\"has-fixed-layout\"><tbody><tr><td><strong>Especialidade<\/strong><\/td><td><strong>Vagas<\/strong><\/td><\/tr><tr><td>Medicina de Fam\u00edlia e Comunidade<\/td><td>3<\/td><\/tr><\/tbody><\/table><\/figure>\n\n\n\n<h2 class=\"wp-block-heading\" id=\"h-processo-seletivo-ufrb-2025-2026\"><span class=\"ez-toc-section\" id=\"Processo_Seletivo_UFRB_20252026\"><\/span><strong>Processo Seletivo UFRB 2025\/2026<\/strong><span class=\"ez-toc-section-end\"><\/span><\/h2>\n\n\n\n<p>A <strong>prova objetiva,<\/strong> marcada para o dia <strong>27 de novembro de 2025<\/strong>, ser\u00e1 composta de <strong>20 quest\u00f5es <\/strong>de m\u00faltipla escolha abordando conte\u00fados b\u00e1sicos de Medicina da Fam\u00edlia e Comunidade. <\/p>\n\n\n\n<p>A segunda etapa ser\u00e1 constitu\u00edda da prova oral, que ser\u00e1 aplicada entre o per\u00edodo de <strong>03 e 05 de dezembro de 2025.<\/strong> Essa etapa tem o objetivo de aferir o perfil do candidato para atuar na \u00e1rea de Aten\u00e7\u00e3o Prim\u00e1ria \u00e0 Sa\u00fade.<\/p>\n\n\n\n<p>Por fim, a terceira etapa \u00e9 composta da an\u00e1lise curricular, que ocorrerr\u00e1 entre os dias <strong>11 e 12 de dezembro de 2025.<\/strong><\/p>\n\n\n\n<figure class=\"wp-block-image size-large\"><a href=\"https:\/\/aulas.grupomedcof.com.br\/atualizacoes-medicas-que-podem-definir-sua-aprovacao\" target=\"_blank\" rel=\" noreferrer noopener\"><img loading=\"lazy\" decoding=\"async\" width=\"1024\" height=\"214\" src=\"https:\/\/www.grupomedcof.com.br\/blog\/wp-content\/uploads\/2025\/09\/banner-blog-1-1024x214.jpeg\" alt=\"\" class=\"wp-image-38248\" srcset=\"https:\/\/www.grupomedcof.com.br\/blog\/wp-content\/uploads\/2025\/09\/banner-blog-1-1024x214.jpeg 1024w, https:\/\/www.grupomedcof.com.br\/blog\/wp-content\/uploads\/2025\/09\/banner-blog-1-300x63.jpeg 300w, https:\/\/www.grupomedcof.com.br\/blog\/wp-content\/uploads\/2025\/09\/banner-blog-1-768x161.jpeg 768w, https:\/\/www.grupomedcof.com.br\/blog\/wp-content\/uploads\/2025\/09\/banner-blog-1-1536x321.jpeg 1536w, https:\/\/www.grupomedcof.com.br\/blog\/wp-content\/uploads\/2025\/09\/banner-blog-1-2048x428.jpeg 2048w, https:\/\/www.grupomedcof.com.br\/blog\/wp-content\/uploads\/2025\/09\/banner-blog-1-2009x420.jpeg 2009w, https:\/\/www.grupomedcof.com.br\/blog\/wp-content\/uploads\/2025\/09\/banner-blog-1-150x31.jpeg 150w, https:\/\/www.grupomedcof.com.br\/blog\/wp-content\/uploads\/2025\/09\/banner-blog-1-696x146.jpeg 696w, https:\/\/www.grupomedcof.com.br\/blog\/wp-content\/uploads\/2025\/09\/banner-blog-1-1068x223.jpeg 1068w, https:\/\/www.grupomedcof.com.br\/blog\/wp-content\/uploads\/2025\/09\/banner-blog-1-1920x401.jpeg 1920w\" sizes=\"auto, (max-width: 1024px) 100vw, 1024px\" \/><\/a><\/figure>\n\n\n\n<h2 class=\"wp-block-heading\" id=\"h-cronograma-ufrb-2025-2026\"><span class=\"ez-toc-section\" id=\"Cronograma_UFRB_20252026\"><\/span><strong>Cronograma UFRB 2025\/2026<\/strong><span class=\"ez-toc-section-end\"><\/span><\/h2>\n\n\n\n<figure class=\"wp-block-table\"><table class=\"has-fixed-layout\"><tbody><tr><td><strong>Per\u00edodo de inscri\u00e7\u00f5es<\/strong><\/td><td>13\/10 a 11\/11\/2025<\/td><\/tr><tr><td><strong>Data limite para solicita\u00e7\u00e3o de isen\u00e7\u00e3o da taxa de inscri\u00e7\u00e3o por e-mail ao programa<\/strong><\/td><td>30\/10\/2025<\/td><\/tr><tr><td><strong>Etapa 1 \u2013 Prova Escrita<\/strong><\/td><td>27\/11\/2025<\/td><\/tr><tr><td><strong>Data limite para divulga\u00e7\u00e3o do gabarito e resultado preliminar da Etapa 1<\/strong><\/td><td>28\/11\/2025<\/td><\/tr><tr><td><strong>Data limite para interposi\u00e7\u00e3o de poss\u00edveis recursos ao resultado da Etapa 1<\/strong><\/td><td>30\/11\/2025<\/td><\/tr><tr><td><strong>Data limite para divulga\u00e7\u00e3o do resultado do julgamento de recursos relacionados \u00e0 Etapa 1<\/strong><\/td><td>01\/12\/2025<\/td><\/tr><tr><td><strong>Resultado da Etapa 1<\/strong><\/td><td>01\/12\/2025<\/td><\/tr><tr><td><strong>Etapa 2 \u2013 Prova Oral<\/strong><\/td><td>03\/12 a 05\/12\/2025<\/td><\/tr><tr><td><strong>Data limite para divulga\u00e7\u00e3o do resultado preliminar da Etapa 2<\/strong><\/td><td>08\/12\/2025<\/td><\/tr><tr><td><strong>Data limite para interposi\u00e7\u00e3o de poss\u00edveis recursos ao resultado da Etapa 2<\/strong><\/td><td>09\/12\/2025<\/td><\/tr><tr><td><strong>Data limite para divulga\u00e7\u00e3o do resultado do julgamento de recursos relacionados \u00e0 Etapa 2<\/strong><\/td><td>10\/12\/2025<\/td><\/tr><tr><td><strong>Resultado da Etapa 2<\/strong><\/td><td>10\/12\/2025<\/td><\/tr><tr><td><strong>Etapa 3 \u2013 An\u00e1lise Curricular<\/strong><\/td><td>11\/12 a 12\/12\/2025<\/td><\/tr><tr><td><strong>Data limite para divulga\u00e7\u00e3o do resultado preliminar da Etapa 3<\/strong><\/td><td>15\/12\/2025<\/td><\/tr><tr><td><strong>Data limite para interposi\u00e7\u00e3o de poss\u00edveis recursos ao resultado da Etapa 3<\/strong><\/td><td>16\/12\/2025<\/td><\/tr><tr><td><strong>Data limite para divulga\u00e7\u00e3o do resultado do julgamento de recursos relacionados \u00e0 Etapa 3<\/strong><\/td><td>17\/12\/2025<\/td><\/tr><tr><td><strong>Resultado da Etapa 3<\/strong><\/td><td>17\/12\/2025<\/td><\/tr><\/tbody><\/table><\/figure>\n\n\n\n<h2 class=\"wp-block-heading\" id=\"h-edital-ufrb-2025-2026\"><span class=\"ez-toc-section\" id=\"Edital_UFRB_20252026\"><\/span><strong>Edital UFRB 2025\/2026<\/strong><span class=\"ez-toc-section-end\"><\/span><\/h2>\n\n\n\n<div data-wp-interactive=\"core\/file\" class=\"wp-block-file\"><object data-wp-bind--hidden=\"!state.hasPdfPreview\" hidden class=\"wp-block-file__embed\" data=\"https:\/\/www.grupomedcof.com.br\/blog\/wp-content\/uploads\/2025\/10\/Edital-UFRB-2026.pdf\" type=\"application\/pdf\" style=\"width:100%;height:600px\" aria-label=\"Incorporado de Edital UFRB 2026.\"><\/object><a id=\"wp-block-file--media-610e7cdd-a0b1-4eb5-baef-39c061eb38c3\" href=\"https:\/\/www.grupomedcof.com.br\/blog\/wp-content\/uploads\/2025\/10\/Edital-UFRB-2026.pdf\">Edital UFRB 2026<\/a><a href=\"https:\/\/www.grupomedcof.com.br\/blog\/wp-content\/uploads\/2025\/10\/Edital-UFRB-2026.pdf\" class=\"wp-block-file__button wp-element-button\" download aria-describedby=\"wp-block-file--media-610e7cdd-a0b1-4eb5-baef-39c061eb38c3\">Baixar<\/a><\/div>\n\n\n\n<h2 class=\"wp-block-heading\" id=\"o-m\u00e9todo-que-te-aprova\"><span class=\"ez-toc-section\" id=\"O_metodo_que_te_aprova\"><\/span><strong>O m\u00e9todo que te aprova!<\/strong><span class=\"ez-toc-section-end\"><\/span><\/h2>\n\n\n\n<p>Quer alcan\u00e7ar a aprova\u00e7\u00e3o nas provas de resid\u00eancia m\u00e9dica? Ent\u00e3o seja um\u00a0<a href=\"https:\/\/www.grupomedcof.com.br\/home\/\" target=\"_blank\" rel=\"noreferrer noopener\">MedCofer<\/a>! Aqui te ajudaremos na busca da aprova\u00e7\u00e3o com conte\u00fados de qualidade e uma\u00a0<a href=\"https:\/\/www.grupomedcof.com.br\/blog\/presenca-da-medcof-nas-aprovacoes-em-residencia-medica-no-brasil\/\" target=\"_blank\" rel=\"noreferrer noopener\">metodologia que j\u00e1 aprovou mais de 20 mil residentes no pa\u00eds!\u00a0<\/a>Por fim, acesse o nosso<a href=\"https:\/\/www.youtube.com\/@GrupoMedcof\/featured\" target=\"_blank\" rel=\"noreferrer noopener\">\u00a0<strong>canal do youtube\u00a0<\/strong><\/a>para ver o nosso material.<\/p>\n\n\n\n<figure class=\"wp-block-embed is-type-video is-provider-youtube wp-block-embed-youtube wp-embed-aspect-4-3 wp-has-aspect-ratio\"><div class=\"wp-block-embed__wrapper\">\n<div class=\"youtube-embed\" data-video_id=\"3U_Z7ba74y4\"><iframe loading=\"lazy\" title=\"SingularCast T2 Ep.62 - As escolhas me definem? Carreira m\u00e9dica e resid\u00eancia\" width=\"696\" height=\"522\" src=\"https:\/\/www.youtube.com\/embed\/3U_Z7ba74y4?feature=oembed&#038;enablejsapi=1\" frameborder=\"0\" allow=\"accelerometer; autoplay; clipboard-write; encrypted-media; gyroscope; picture-in-picture; web-share\" referrerpolicy=\"strict-origin-when-cross-origin\" allowfullscreen><\/iframe><\/div>\n<\/div><\/figure>\n","protected":false},"excerpt":{"rendered":"<p>Confira o edital da Universidade Federal do Rec\u00f4ncavo Baiano! Saiba as datas de inscri\u00e7\u00f5es, provas e muito mais!<\/p>\n","protected":false},"author":20,"featured_media":38676,"comment_status":"closed","ping_status":"closed","sticky":false,"template":"","format":"standard","meta":{"footnotes":""},"categories":[2023],"tags":[93,1452,68,3259],"ppma_author":[3616],"class_list":{"0":"post-38671","1":"post","2":"type-post","3":"status-publish","4":"format-standard","5":"has-post-thumbnail","7":"category-editais","8":"tag-especialidades-medicas","9":"tag-provas","10":"tag-residencia-medica","11":"tag-ufrb"},"yoast_head":"<!-- This site is optimized with the Yoast SEO Premium plugin v24.3 (Yoast SEO v27.5) - https:\/\/yoast.com\/product\/yoast-seo-premium-wordpress\/ -->\n<title>Edital Universidade Federal do Rec\u00f4ncavo da Bahia (UFRB) para resid\u00eancia m\u00e9dica 2025\/2025 - Blog de Medcof: conte\u00fados, editais, revalida e mais!<\/title>\n<meta name=\"description\" content=\"Confira o edital da Universidade Federal do Rec\u00f4ncavo Baiano! Saiba as datas de inscri\u00e7\u00f5es, provas e muito mais!\" \/>\n<meta name=\"robots\" content=\"index, follow, max-snippet:-1, max-image-preview:large, max-video-preview:-1\" \/>\n<link rel=\"canonical\" href=\"https:\/\/www.grupomedcof.com.br\/blog\/edital-residencia-medica-ufrb\/\" \/>\n<meta property=\"og:locale\" content=\"pt_BR\" \/>\n<meta property=\"og:type\" content=\"article\" \/>\n<meta property=\"og:title\" content=\"Edital Universidade Federal do Rec\u00f4ncavo da Bahia (UFRB) para resid\u00eancia m\u00e9dica 2025\/2025\" \/>\n<meta property=\"og:description\" content=\"Confira o edital da Universidade Federal do Rec\u00f4ncavo Baiano! Saiba as datas de inscri\u00e7\u00f5es, provas e muito mais!\" \/>\n<meta property=\"og:url\" content=\"https:\/\/www.grupomedcof.com.br\/blog\/edital-residencia-medica-ufrb\/\" \/>\n<meta property=\"og:site_name\" content=\"Blog de Medcof: conte\u00fados, editais, revalida e mais!\" \/>\n<meta property=\"article:publisher\" content=\"https:\/\/www.facebook.com\/MedCofQbank\/\" \/>\n<meta property=\"article:published_time\" content=\"2025-10-20T10:17:41+00:00\" \/>\n<meta property=\"article:modified_time\" content=\"2025-10-20T10:17:43+00:00\" \/>\n<meta property=\"og:image\" content=\"https:\/\/www.grupomedcof.com.br\/blog\/wp-content\/uploads\/2025\/10\/Modelo-instituicoes-2025-10-20T071527.609.jpg\" \/>\n\t<meta property=\"og:image:width\" content=\"1920\" \/>\n\t<meta property=\"og:image:height\" content=\"1080\" \/>\n\t<meta property=\"og:image:type\" content=\"image\/jpeg\" \/>\n<meta name=\"author\" content=\"Leila Menzel\" \/>\n<meta name=\"twitter:card\" content=\"summary_large_image\" \/>\n<meta name=\"twitter:label1\" content=\"Escrito por\" \/>\n\t<meta name=\"twitter:data1\" content=\"Leila Menzel\" \/>\n\t<meta name=\"twitter:label2\" content=\"Est. tempo de leitura\" \/>\n\t<meta name=\"twitter:data2\" content=\"4 minutos\" \/>\n<script type=\"application\/ld+json\" class=\"yoast-schema-graph\">{\"@context\":\"https:\\\/\\\/schema.org\",\"@graph\":[{\"@type\":\"Article\",\"@id\":\"https:\\\/\\\/www.grupomedcof.com.br\\\/blog\\\/edital-residencia-medica-ufrb\\\/#article\",\"isPartOf\":{\"@id\":\"https:\\\/\\\/www.grupomedcof.com.br\\\/blog\\\/edital-residencia-medica-ufrb\\\/\"},\"author\":{\"name\":\"Leila Menzel\",\"@id\":\"https:\\\/\\\/www.grupomedcof.com.br\\\/blog\\\/#\\\/schema\\\/person\\\/9a44c2184a836bf5ae6967fdb3a1451e\"},\"headline\":\"Edital Universidade Federal do Rec\u00f4ncavo da Bahia (UFRB) para resid\u00eancia m\u00e9dica 2025\\\/2025\",\"datePublished\":\"2025-10-20T10:17:41+00:00\",\"dateModified\":\"2025-10-20T10:17:43+00:00\",\"mainEntityOfPage\":{\"@id\":\"https:\\\/\\\/www.grupomedcof.com.br\\\/blog\\\/edital-residencia-medica-ufrb\\\/\"},\"wordCount\":459,\"publisher\":{\"@id\":\"https:\\\/\\\/www.grupomedcof.com.br\\\/blog\\\/#organization\"},\"image\":{\"@id\":\"https:\\\/\\\/www.grupomedcof.com.br\\\/blog\\\/edital-residencia-medica-ufrb\\\/#primaryimage\"},\"thumbnailUrl\":\"https:\\\/\\\/www.grupomedcof.com.br\\\/blog\\\/wp-content\\\/uploads\\\/2025\\\/10\\\/Modelo-instituicoes-2025-10-20T071527.609.jpg\",\"keywords\":[\"Especialidades m\u00e9dicas\",\"Provas\",\"Resid\u00eancia M\u00e9dica\",\"UFRB\"],\"articleSection\":[\"Editais\"],\"inLanguage\":\"pt-BR\"},{\"@type\":\"WebPage\",\"@id\":\"https:\\\/\\\/www.grupomedcof.com.br\\\/blog\\\/edital-residencia-medica-ufrb\\\/\",\"url\":\"https:\\\/\\\/www.grupomedcof.com.br\\\/blog\\\/edital-residencia-medica-ufrb\\\/\",\"name\":\"Edital Universidade Federal do Rec\u00f4ncavo da Bahia (UFRB) para resid\u00eancia m\u00e9dica 2025\\\/2025 - Blog de Medcof: conte\u00fados, editais, revalida e mais!\",\"isPartOf\":{\"@id\":\"https:\\\/\\\/www.grupomedcof.com.br\\\/blog\\\/#website\"},\"primaryImageOfPage\":{\"@id\":\"https:\\\/\\\/www.grupomedcof.com.br\\\/blog\\\/edital-residencia-medica-ufrb\\\/#primaryimage\"},\"image\":{\"@id\":\"https:\\\/\\\/www.grupomedcof.com.br\\\/blog\\\/edital-residencia-medica-ufrb\\\/#primaryimage\"},\"thumbnailUrl\":\"https:\\\/\\\/www.grupomedcof.com.br\\\/blog\\\/wp-content\\\/uploads\\\/2025\\\/10\\\/Modelo-instituicoes-2025-10-20T071527.609.jpg\",\"datePublished\":\"2025-10-20T10:17:41+00:00\",\"dateModified\":\"2025-10-20T10:17:43+00:00\",\"description\":\"Confira o edital da Universidade Federal do Rec\u00f4ncavo Baiano! Saiba as datas de inscri\u00e7\u00f5es, provas e muito mais!\",\"breadcrumb\":{\"@id\":\"https:\\\/\\\/www.grupomedcof.com.br\\\/blog\\\/edital-residencia-medica-ufrb\\\/#breadcrumb\"},\"inLanguage\":\"pt-BR\",\"potentialAction\":[{\"@type\":\"ReadAction\",\"target\":[\"https:\\\/\\\/www.grupomedcof.com.br\\\/blog\\\/edital-residencia-medica-ufrb\\\/\"]}]},{\"@type\":\"ImageObject\",\"inLanguage\":\"pt-BR\",\"@id\":\"https:\\\/\\\/www.grupomedcof.com.br\\\/blog\\\/edital-residencia-medica-ufrb\\\/#primaryimage\",\"url\":\"https:\\\/\\\/www.grupomedcof.com.br\\\/blog\\\/wp-content\\\/uploads\\\/2025\\\/10\\\/Modelo-instituicoes-2025-10-20T071527.609.jpg\",\"contentUrl\":\"https:\\\/\\\/www.grupomedcof.com.br\\\/blog\\\/wp-content\\\/uploads\\\/2025\\\/10\\\/Modelo-instituicoes-2025-10-20T071527.609.jpg\",\"width\":1920,\"height\":1080},{\"@type\":\"BreadcrumbList\",\"@id\":\"https:\\\/\\\/www.grupomedcof.com.br\\\/blog\\\/edital-residencia-medica-ufrb\\\/#breadcrumb\",\"itemListElement\":[{\"@type\":\"ListItem\",\"position\":1,\"name\":\"In\u00edcio\",\"item\":\"https:\\\/\\\/www.grupomedcof.com.br\\\/blog\\\/\"},{\"@type\":\"ListItem\",\"position\":2,\"name\":\"Edital Universidade Federal do Rec\u00f4ncavo da Bahia (UFRB) para resid\u00eancia m\u00e9dica 2025\\\/2025\"}]},{\"@type\":\"WebSite\",\"@id\":\"https:\\\/\\\/www.grupomedcof.com.br\\\/blog\\\/#website\",\"url\":\"https:\\\/\\\/www.grupomedcof.com.br\\\/blog\\\/\",\"name\":\"Blog de Medcof: conte\u00fados, editais, revalida e mais!\",\"description\":\"Acesso o blog de MedCof! Seu portal de conte\u00fados sobre resid\u00eancia m\u00e9dica, an\u00e1lise e editais e muito mais. Clique e confira!\",\"publisher\":{\"@id\":\"https:\\\/\\\/www.grupomedcof.com.br\\\/blog\\\/#organization\"},\"alternateName\":\"Blog de Medcof: conte\u00fados, editais, revalida e mais!\",\"potentialAction\":[{\"@type\":\"SearchAction\",\"target\":{\"@type\":\"EntryPoint\",\"urlTemplate\":\"https:\\\/\\\/www.grupomedcof.com.br\\\/blog\\\/?s={search_term_string}\"},\"query-input\":{\"@type\":\"PropertyValueSpecification\",\"valueRequired\":true,\"valueName\":\"search_term_string\"}}],\"inLanguage\":\"pt-BR\"},{\"@type\":\"Organization\",\"@id\":\"https:\\\/\\\/www.grupomedcof.com.br\\\/blog\\\/#organization\",\"name\":\"Grupo MedCof\",\"url\":\"https:\\\/\\\/www.grupomedcof.com.br\\\/blog\\\/\",\"logo\":{\"@type\":\"ImageObject\",\"inLanguage\":\"pt-BR\",\"@id\":\"https:\\\/\\\/www.grupomedcof.com.br\\\/blog\\\/#\\\/schema\\\/logo\\\/image\\\/\",\"url\":\"https:\\\/\\\/www.grupomedcof.com.br\\\/blog\\\/wp-content\\\/uploads\\\/2022\\\/01\\\/logo-medcof.png\",\"contentUrl\":\"https:\\\/\\\/www.grupomedcof.com.br\\\/blog\\\/wp-content\\\/uploads\\\/2022\\\/01\\\/logo-medcof.png\",\"width\":768,\"height\":269,\"caption\":\"Grupo MedCof\"},\"image\":{\"@id\":\"https:\\\/\\\/www.grupomedcof.com.br\\\/blog\\\/#\\\/schema\\\/logo\\\/image\\\/\"},\"sameAs\":[\"https:\\\/\\\/www.facebook.com\\\/MedCofQbank\\\/\",\"https:\\\/\\\/www.instagram.com\\\/grupomedcof\\\/\",\"https:\\\/\\\/br.linkedin.com\\\/company\\\/medcof\",\"https:\\\/\\\/www.youtube.com\\\/channel\\\/UCdHMuOHKICxcHwecxN8P-AA\"]},{\"@type\":\"Person\",\"@id\":\"https:\\\/\\\/www.grupomedcof.com.br\\\/blog\\\/#\\\/schema\\\/person\\\/9a44c2184a836bf5ae6967fdb3a1451e\",\"name\":\"Leila Menzel\",\"image\":{\"@type\":\"ImageObject\",\"inLanguage\":\"pt-BR\",\"@id\":\"https:\\\/\\\/www.grupomedcof.com.br\\\/blog\\\/wp-content\\\/uploads\\\/2025\\\/09\\\/cropped-eu-96x96.jpeg19a74936d997c0a8b3031618467fa1d0\",\"url\":\"https:\\\/\\\/www.grupomedcof.com.br\\\/blog\\\/wp-content\\\/uploads\\\/2025\\\/09\\\/cropped-eu-96x96.jpeg\",\"contentUrl\":\"https:\\\/\\\/www.grupomedcof.com.br\\\/blog\\\/wp-content\\\/uploads\\\/2025\\\/09\\\/cropped-eu-96x96.jpeg\",\"caption\":\"Leila Menzel\"},\"description\":\"Estudante do 6\u00b0 semestre de jornalismo, amo e escrevo poesias e viajo em livros de romances clich\u00eas.\",\"url\":\"https:\\\/\\\/www.grupomedcof.com.br\\\/blog\\\/author\\\/leila-menzel\\\/\"}]}<\/script>\n<!-- \/ Yoast SEO Premium plugin. -->","yoast_head_json":{"title":"Edital Universidade Federal do Rec\u00f4ncavo da Bahia (UFRB) para resid\u00eancia m\u00e9dica 2025\/2025 - Blog de Medcof: conte\u00fados, editais, revalida e mais!","description":"Confira o edital da Universidade Federal do Rec\u00f4ncavo Baiano! Saiba as datas de inscri\u00e7\u00f5es, provas e muito mais!","robots":{"index":"index","follow":"follow","max-snippet":"max-snippet:-1","max-image-preview":"max-image-preview:large","max-video-preview":"max-video-preview:-1"},"canonical":"https:\/\/www.grupomedcof.com.br\/blog\/edital-residencia-medica-ufrb\/","og_locale":"pt_BR","og_type":"article","og_title":"Edital Universidade Federal do Rec\u00f4ncavo da Bahia (UFRB) para resid\u00eancia m\u00e9dica 2025\/2025","og_description":"Confira o edital da Universidade Federal do Rec\u00f4ncavo Baiano! Saiba as datas de inscri\u00e7\u00f5es, provas e muito mais!","og_url":"https:\/\/www.grupomedcof.com.br\/blog\/edital-residencia-medica-ufrb\/","og_site_name":"Blog de Medcof: conte\u00fados, editais, revalida e mais!","article_publisher":"https:\/\/www.facebook.com\/MedCofQbank\/","article_published_time":"2025-10-20T10:17:41+00:00","article_modified_time":"2025-10-20T10:17:43+00:00","og_image":[{"width":1920,"height":1080,"url":"https:\/\/www.grupomedcof.com.br\/blog\/wp-content\/uploads\/2025\/10\/Modelo-instituicoes-2025-10-20T071527.609.jpg","type":"image\/jpeg"}],"author":"Leila Menzel","twitter_card":"summary_large_image","twitter_misc":{"Escrito por":"Leila Menzel","Est. tempo de leitura":"4 minutos"},"schema":{"@context":"https:\/\/schema.org","@graph":[{"@type":"Article","@id":"https:\/\/www.grupomedcof.com.br\/blog\/edital-residencia-medica-ufrb\/#article","isPartOf":{"@id":"https:\/\/www.grupomedcof.com.br\/blog\/edital-residencia-medica-ufrb\/"},"author":{"name":"Leila Menzel","@id":"https:\/\/www.grupomedcof.com.br\/blog\/#\/schema\/person\/9a44c2184a836bf5ae6967fdb3a1451e"},"headline":"Edital Universidade Federal do Rec\u00f4ncavo da Bahia (UFRB) para resid\u00eancia m\u00e9dica 2025\/2025","datePublished":"2025-10-20T10:17:41+00:00","dateModified":"2025-10-20T10:17:43+00:00","mainEntityOfPage":{"@id":"https:\/\/www.grupomedcof.com.br\/blog\/edital-residencia-medica-ufrb\/"},"wordCount":459,"publisher":{"@id":"https:\/\/www.grupomedcof.com.br\/blog\/#organization"},"image":{"@id":"https:\/\/www.grupomedcof.com.br\/blog\/edital-residencia-medica-ufrb\/#primaryimage"},"thumbnailUrl":"https:\/\/www.grupomedcof.com.br\/blog\/wp-content\/uploads\/2025\/10\/Modelo-instituicoes-2025-10-20T071527.609.jpg","keywords":["Especialidades m\u00e9dicas","Provas","Resid\u00eancia M\u00e9dica","UFRB"],"articleSection":["Editais"],"inLanguage":"pt-BR"},{"@type":"WebPage","@id":"https:\/\/www.grupomedcof.com.br\/blog\/edital-residencia-medica-ufrb\/","url":"https:\/\/www.grupomedcof.com.br\/blog\/edital-residencia-medica-ufrb\/","name":"Edital Universidade Federal do Rec\u00f4ncavo da Bahia (UFRB) para resid\u00eancia m\u00e9dica 2025\/2025 - Blog de Medcof: conte\u00fados, editais, revalida e mais!","isPartOf":{"@id":"https:\/\/www.grupomedcof.com.br\/blog\/#website"},"primaryImageOfPage":{"@id":"https:\/\/www.grupomedcof.com.br\/blog\/edital-residencia-medica-ufrb\/#primaryimage"},"image":{"@id":"https:\/\/www.grupomedcof.com.br\/blog\/edital-residencia-medica-ufrb\/#primaryimage"},"thumbnailUrl":"https:\/\/www.grupomedcof.com.br\/blog\/wp-content\/uploads\/2025\/10\/Modelo-instituicoes-2025-10-20T071527.609.jpg","datePublished":"2025-10-20T10:17:41+00:00","dateModified":"2025-10-20T10:17:43+00:00","description":"Confira o edital da Universidade Federal do Rec\u00f4ncavo Baiano! Saiba as datas de inscri\u00e7\u00f5es, provas e muito mais!","breadcrumb":{"@id":"https:\/\/www.grupomedcof.com.br\/blog\/edital-residencia-medica-ufrb\/#breadcrumb"},"inLanguage":"pt-BR","potentialAction":[{"@type":"ReadAction","target":["https:\/\/www.grupomedcof.com.br\/blog\/edital-residencia-medica-ufrb\/"]}]},{"@type":"ImageObject","inLanguage":"pt-BR","@id":"https:\/\/www.grupomedcof.com.br\/blog\/edital-residencia-medica-ufrb\/#primaryimage","url":"https:\/\/www.grupomedcof.com.br\/blog\/wp-content\/uploads\/2025\/10\/Modelo-instituicoes-2025-10-20T071527.609.jpg","contentUrl":"https:\/\/www.grupomedcof.com.br\/blog\/wp-content\/uploads\/2025\/10\/Modelo-instituicoes-2025-10-20T071527.609.jpg","width":1920,"height":1080},{"@type":"BreadcrumbList","@id":"https:\/\/www.grupomedcof.com.br\/blog\/edital-residencia-medica-ufrb\/#breadcrumb","itemListElement":[{"@type":"ListItem","position":1,"name":"In\u00edcio","item":"https:\/\/www.grupomedcof.com.br\/blog\/"},{"@type":"ListItem","position":2,"name":"Edital Universidade Federal do Rec\u00f4ncavo da Bahia (UFRB) para resid\u00eancia m\u00e9dica 2025\/2025"}]},{"@type":"WebSite","@id":"https:\/\/www.grupomedcof.com.br\/blog\/#website","url":"https:\/\/www.grupomedcof.com.br\/blog\/","name":"Blog de Medcof: conte\u00fados, editais, revalida e mais!","description":"Acesso o blog de MedCof! Seu portal de conte\u00fados sobre resid\u00eancia m\u00e9dica, an\u00e1lise e editais e muito mais. Clique e confira!","publisher":{"@id":"https:\/\/www.grupomedcof.com.br\/blog\/#organization"},"alternateName":"Blog de Medcof: conte\u00fados, editais, revalida e mais!","potentialAction":[{"@type":"SearchAction","target":{"@type":"EntryPoint","urlTemplate":"https:\/\/www.grupomedcof.com.br\/blog\/?s={search_term_string}"},"query-input":{"@type":"PropertyValueSpecification","valueRequired":true,"valueName":"search_term_string"}}],"inLanguage":"pt-BR"},{"@type":"Organization","@id":"https:\/\/www.grupomedcof.com.br\/blog\/#organization","name":"Grupo MedCof","url":"https:\/\/www.grupomedcof.com.br\/blog\/","logo":{"@type":"ImageObject","inLanguage":"pt-BR","@id":"https:\/\/www.grupomedcof.com.br\/blog\/#\/schema\/logo\/image\/","url":"https:\/\/www.grupomedcof.com.br\/blog\/wp-content\/uploads\/2022\/01\/logo-medcof.png","contentUrl":"https:\/\/www.grupomedcof.com.br\/blog\/wp-content\/uploads\/2022\/01\/logo-medcof.png","width":768,"height":269,"caption":"Grupo MedCof"},"image":{"@id":"https:\/\/www.grupomedcof.com.br\/blog\/#\/schema\/logo\/image\/"},"sameAs":["https:\/\/www.facebook.com\/MedCofQbank\/","https:\/\/www.instagram.com\/grupomedcof\/","https:\/\/br.linkedin.com\/company\/medcof","https:\/\/www.youtube.com\/channel\/UCdHMuOHKICxcHwecxN8P-AA"]},{"@type":"Person","@id":"https:\/\/www.grupomedcof.com.br\/blog\/#\/schema\/person\/9a44c2184a836bf5ae6967fdb3a1451e","name":"Leila Menzel","image":{"@type":"ImageObject","inLanguage":"pt-BR","@id":"https:\/\/www.grupomedcof.com.br\/blog\/wp-content\/uploads\/2025\/09\/cropped-eu-96x96.jpeg19a74936d997c0a8b3031618467fa1d0","url":"https:\/\/www.grupomedcof.com.br\/blog\/wp-content\/uploads\/2025\/09\/cropped-eu-96x96.jpeg","contentUrl":"https:\/\/www.grupomedcof.com.br\/blog\/wp-content\/uploads\/2025\/09\/cropped-eu-96x96.jpeg","caption":"Leila Menzel"},"description":"Estudante do 6\u00b0 semestre de jornalismo, amo e escrevo poesias e viajo em livros de romances clich\u00eas.","url":"https:\/\/www.grupomedcof.com.br\/blog\/author\/leila-menzel\/"}]}},"authors":[{"term_id":3616,"user_id":20,"is_guest":0,"slug":"leila-menzel","display_name":"Leila Menzel","avatar_url":"https:\/\/www.grupomedcof.com.br\/blog\/wp-content\/uploads\/2025\/09\/cropped-eu-96x96.jpeg","0":null,"1":"","2":"","3":"","4":"","5":"","6":"","7":"","8":""}],"_links":{"self":[{"href":"https:\/\/www.grupomedcof.com.br\/blog\/wp-json\/wp\/v2\/posts\/38671","targetHints":{"allow":["GET"]}}],"collection":[{"href":"https:\/\/www.grupomedcof.com.br\/blog\/wp-json\/wp\/v2\/posts"}],"about":[{"href":"https:\/\/www.grupomedcof.com.br\/blog\/wp-json\/wp\/v2\/types\/post"}],"author":[{"embeddable":true,"href":"https:\/\/www.grupomedcof.com.br\/blog\/wp-json\/wp\/v2\/users\/20"}],"replies":[{"embeddable":true,"href":"https:\/\/www.grupomedcof.com.br\/blog\/wp-json\/wp\/v2\/comments?post=38671"}],"version-history":[{"count":1,"href":"https:\/\/www.grupomedcof.com.br\/blog\/wp-json\/wp\/v2\/posts\/38671\/revisions"}],"predecessor-version":[{"id":38677,"href":"https:\/\/www.grupomedcof.com.br\/blog\/wp-json\/wp\/v2\/posts\/38671\/revisions\/38677"}],"wp:featuredmedia":[{"embeddable":true,"href":"https:\/\/www.grupomedcof.com.br\/blog\/wp-json\/wp\/v2\/media\/38676"}],"wp:attachment":[{"href":"https:\/\/www.grupomedcof.com.br\/blog\/wp-json\/wp\/v2\/media?parent=38671"}],"wp:term":[{"taxonomy":"category","embeddable":true,"href":"https:\/\/www.grupomedcof.com.br\/blog\/wp-json\/wp\/v2\/categories?post=38671"},{"taxonomy":"post_tag","embeddable":true,"href":"https:\/\/www.grupomedcof.com.br\/blog\/wp-json\/wp\/v2\/tags?post=38671"},{"taxonomy":"author","embeddable":true,"href":"https:\/\/www.grupomedcof.com.br\/blog\/wp-json\/wp\/v2\/ppma_author?post=38671"}],"curies":[{"name":"wp","href":"https:\/\/api.w.org\/{rel}","templated":true}]}}