{"id":39678,"date":"2025-11-26T07:30:00","date_gmt":"2025-11-26T10:30:00","guid":{"rendered":"https:\/\/www.grupomedcof.com.br\/blog\/?p=39678"},"modified":"2026-01-30T11:16:47","modified_gmt":"2026-01-30T14:16:47","slug":"doencas-da-faringe-laringe-sintomas-tratamentos","status":"publish","type":"post","link":"https:\/\/www.grupomedcof.com.br\/blog\/doencas-da-faringe-laringe-sintomas-tratamentos\/","title":{"rendered":"Doen\u00e7as da Faringe e Laringe: principais patologias, sintomas e tratamentos"},"content":{"rendered":"<div id=\"ez-toc-container\" class=\"ez-toc-v2_0_74 counter-hierarchy ez-toc-counter ez-toc-transparent ez-toc-container-direction\">\n<div class=\"ez-toc-title-container\">\n<p class=\"ez-toc-title\" style=\"cursor:inherit\">Sum\u00e1rio<\/p>\n<span class=\"ez-toc-title-toggle\"><a href=\"#\" class=\"ez-toc-pull-right ez-toc-btn ez-toc-btn-xs ez-toc-btn-default ez-toc-toggle\" aria-label=\"Alternar tabela de conte\u00fado\"><span class=\"ez-toc-js-icon-con\"><span class=\"\"><span class=\"eztoc-hide\" style=\"display:none;\">Toggle<\/span><span class=\"ez-toc-icon-toggle-span\"><svg style=\"fill: #999;color:#999\" xmlns=\"http:\/\/www.w3.org\/2000\/svg\" class=\"list-377408\" width=\"20px\" height=\"20px\" viewBox=\"0 0 24 24\" fill=\"none\"><path d=\"M6 6H4v2h2V6zm14 0H8v2h12V6zM4 11h2v2H4v-2zm16 0H8v2h12v-2zM4 16h2v2H4v-2zm16 0H8v2h12v-2z\" fill=\"currentColor\"><\/path><\/svg><svg style=\"fill: #999;color:#999\" class=\"arrow-unsorted-368013\" xmlns=\"http:\/\/www.w3.org\/2000\/svg\" width=\"10px\" height=\"10px\" viewBox=\"0 0 24 24\" version=\"1.2\" baseProfile=\"tiny\"><path d=\"M18.2 9.3l-6.2-6.3-6.2 6.3c-.2.2-.3.4-.3.7s.1.5.3.7c.2.2.4.3.7.3h11c.3 0 .5-.1.7-.3.2-.2.3-.5.3-.7s-.1-.5-.3-.7zM5.8 14.7l6.2 6.3 6.2-6.3c.2-.2.3-.5.3-.7s-.1-.5-.3-.7c-.2-.2-.4-.3-.7-.3h-11c-.3 0-.5.1-.7.3-.2.2-.3.5-.3.7s.1.5.3.7z\"\/><\/svg><\/span><\/span><\/span><\/a><\/span><\/div>\n<nav><ul class='ez-toc-list ez-toc-list-level-1 ' ><li class='ez-toc-page-1 ez-toc-heading-level-2'><a class=\"ez-toc-link ez-toc-heading-1\" href=\"https:\/\/www.grupomedcof.com.br\/blog\/doencas-da-faringe-laringe-sintomas-tratamentos\/#Patologias_da_Faringe_e_Tonsilas\" >Patologias da Faringe e Tonsilas<\/a><ul class='ez-toc-list-level-3' ><li class='ez-toc-heading-level-3'><a class=\"ez-toc-link ez-toc-heading-2\" href=\"https:\/\/www.grupomedcof.com.br\/blog\/doencas-da-faringe-laringe-sintomas-tratamentos\/#Faringoamigdalites_Virais\" >Faringoamigdalites Virais<\/a><\/li><li class='ez-toc-page-1 ez-toc-heading-level-3'><a class=\"ez-toc-link ez-toc-heading-3\" href=\"https:\/\/www.grupomedcof.com.br\/blog\/doencas-da-faringe-laringe-sintomas-tratamentos\/#Faringoamigdalites_Bacterianas\" >Faringoamigdalites Bacterianas<\/a><\/li><li class='ez-toc-page-1 ez-toc-heading-level-3'><a class=\"ez-toc-link ez-toc-heading-4\" href=\"https:\/\/www.grupomedcof.com.br\/blog\/doencas-da-faringe-laringe-sintomas-tratamentos\/#Outras_Causas\" >Outras Causas<\/a><\/li><\/ul><\/li><li class='ez-toc-page-1 ez-toc-heading-level-2'><a class=\"ez-toc-link ez-toc-heading-5\" href=\"https:\/\/www.grupomedcof.com.br\/blog\/doencas-da-faringe-laringe-sintomas-tratamentos\/#Complicacoes_Infecciosas_e_Abscessos_Cervicais\" >Complica\u00e7\u00f5es Infecciosas e Abscessos Cervicais<\/a><ul class='ez-toc-list-level-3' ><li class='ez-toc-heading-level-3'><a class=\"ez-toc-link ez-toc-heading-6\" href=\"https:\/\/www.grupomedcof.com.br\/blog\/doencas-da-faringe-laringe-sintomas-tratamentos\/#Sinais_de_Alarme_para_Complicacoes\" >Sinais de Alarme para Complica\u00e7\u00f5es:<\/a><\/li><\/ul><\/li><li class='ez-toc-page-1 ez-toc-heading-level-2'><a class=\"ez-toc-link ez-toc-heading-7\" href=\"https:\/\/www.grupomedcof.com.br\/blog\/doencas-da-faringe-laringe-sintomas-tratamentos\/#Anatomia_e_Fisiologia_da_Laringe\" >Anatomia e Fisiologia da Laringe<\/a><ul class='ez-toc-list-level-3' ><li class='ez-toc-heading-level-3'><a class=\"ez-toc-link ez-toc-heading-8\" href=\"https:\/\/www.grupomedcof.com.br\/blog\/doencas-da-faringe-laringe-sintomas-tratamentos\/#Funcoes_da_Laringe\" >Fun\u00e7\u00f5es da Laringe:<\/a><\/li><li class='ez-toc-page-1 ez-toc-heading-level-3'><a class=\"ez-toc-link ez-toc-heading-9\" href=\"https:\/\/www.grupomedcof.com.br\/blog\/doencas-da-faringe-laringe-sintomas-tratamentos\/#Patologias_da_Laringe_Disfonias\" >Patologias da Laringe: Disfonias<\/a><\/li><li class='ez-toc-page-1 ez-toc-heading-level-3'><a class=\"ez-toc-link ez-toc-heading-10\" href=\"https:\/\/www.grupomedcof.com.br\/blog\/doencas-da-faringe-laringe-sintomas-tratamentos\/#Patologias_da_Laringe_Estridores_Laringeos\" >Patologias da Laringe: Estridores Lar\u00edngeos<\/a><\/li><\/ul><\/li><li class='ez-toc-page-1 ez-toc-heading-level-2'><a class=\"ez-toc-link ez-toc-heading-11\" href=\"https:\/\/www.grupomedcof.com.br\/blog\/doencas-da-faringe-laringe-sintomas-tratamentos\/#Disturbios_da_Degluticao_e_Respiracao\" >Dist\u00farbios da Degluti\u00e7\u00e3o e Respira\u00e7\u00e3o<\/a><ul class='ez-toc-list-level-3' ><li class='ez-toc-heading-level-3'><a class=\"ez-toc-link ez-toc-heading-12\" href=\"https:\/\/www.grupomedcof.com.br\/blog\/doencas-da-faringe-laringe-sintomas-tratamentos\/#Disfagia\" >Disfagia<\/a><\/li><li class='ez-toc-page-1 ez-toc-heading-level-3'><a class=\"ez-toc-link ez-toc-heading-13\" href=\"https:\/\/www.grupomedcof.com.br\/blog\/doencas-da-faringe-laringe-sintomas-tratamentos\/#Sindrome_do_Respirador_Bucal_Infancia\" >S\u00edndrome do Respirador Bucal (Inf\u00e2ncia)<\/a><\/li><li class='ez-toc-page-1 ez-toc-heading-level-3'><a class=\"ez-toc-link ez-toc-heading-14\" href=\"https:\/\/www.grupomedcof.com.br\/blog\/doencas-da-faringe-laringe-sintomas-tratamentos\/#Sindrome_da_Apneia_Obstrutiva_do_Sono_SAHOS\" >S\u00edndrome da Apneia Obstrutiva do Sono (SAHOS)<\/a><\/li><\/ul><\/li><li class='ez-toc-page-1 ez-toc-heading-level-2'><a class=\"ez-toc-link ez-toc-heading-15\" href=\"https:\/\/www.grupomedcof.com.br\/blog\/doencas-da-faringe-laringe-sintomas-tratamentos\/#Cancer_de_Hipofaringe_e_Laringe\" >C\u00e2ncer de Hipofaringe e Laringe<\/a><ul class='ez-toc-list-level-3' ><li class='ez-toc-heading-level-3'><a class=\"ez-toc-link ez-toc-heading-16\" href=\"https:\/\/www.grupomedcof.com.br\/blog\/doencas-da-faringe-laringe-sintomas-tratamentos\/#Anatomia_Detalhada_e_Inervacao\" >Anatomia Detalhada e Inerva\u00e7\u00e3o<\/a><\/li><li class='ez-toc-page-1 ez-toc-heading-level-3'><a class=\"ez-toc-link ez-toc-heading-17\" href=\"https:\/\/www.grupomedcof.com.br\/blog\/doencas-da-faringe-laringe-sintomas-tratamentos\/#Estadiamento_TNM_Detalhado\" >Estadiamento TNM Detalhado<\/a><\/li><li class='ez-toc-page-1 ez-toc-heading-level-3'><a class=\"ez-toc-link ez-toc-heading-18\" href=\"https:\/\/www.grupomedcof.com.br\/blog\/doencas-da-faringe-laringe-sintomas-tratamentos\/#Algoritmos_de_Tratamento_e_Decisao_Terapeutica\" >Algoritmos de Tratamento e Decis\u00e3o Terap\u00eautica<\/a><\/li><li class='ez-toc-page-1 ez-toc-heading-level-3'><a class=\"ez-toc-link ez-toc-heading-19\" href=\"https:\/\/www.grupomedcof.com.br\/blog\/doencas-da-faringe-laringe-sintomas-tratamentos\/#Reabilitacao_Vocal_Pos-Laringectomia\" >Reabilita\u00e7\u00e3o Vocal P\u00f3s-Laringectomia<\/a><\/li><\/ul><\/li><li class='ez-toc-page-1 ez-toc-heading-level-2'><a class=\"ez-toc-link ez-toc-heading-20\" href=\"https:\/\/www.grupomedcof.com.br\/blog\/doencas-da-faringe-laringe-sintomas-tratamentos\/#Prepare-se_conosco\" >Prepare-se conosco<\/a><\/li><\/ul><\/nav><\/div>\n\n<figure class=\"wp-block-image\"><img loading=\"lazy\" decoding=\"async\" width=\"1920\" height=\"1080\" src=\"https:\/\/www.grupomedcof.com.br\/blog\/wp-content\/uploads\/2025\/11\/Revalida-10.jpg\" alt=\"bucofaringolaringologia\" class=\"wp-image-39679\" srcset=\"https:\/\/www.grupomedcof.com.br\/blog\/wp-content\/uploads\/2025\/11\/Revalida-10.jpg 1920w, https:\/\/www.grupomedcof.com.br\/blog\/wp-content\/uploads\/2025\/11\/Revalida-10-300x169.jpg 300w, https:\/\/www.grupomedcof.com.br\/blog\/wp-content\/uploads\/2025\/11\/Revalida-10-1024x576.jpg 1024w, https:\/\/www.grupomedcof.com.br\/blog\/wp-content\/uploads\/2025\/11\/Revalida-10-768x432.jpg 768w, https:\/\/www.grupomedcof.com.br\/blog\/wp-content\/uploads\/2025\/11\/Revalida-10-1536x864.jpg 1536w, https:\/\/www.grupomedcof.com.br\/blog\/wp-content\/uploads\/2025\/11\/Revalida-10-747x420.jpg 747w, https:\/\/www.grupomedcof.com.br\/blog\/wp-content\/uploads\/2025\/11\/Revalida-10-150x84.jpg 150w, https:\/\/www.grupomedcof.com.br\/blog\/wp-content\/uploads\/2025\/11\/Revalida-10-696x392.jpg 696w, https:\/\/www.grupomedcof.com.br\/blog\/wp-content\/uploads\/2025\/11\/Revalida-10-1068x601.jpg 1068w\" sizes=\"auto, (max-width: 1920px) 100vw, 1920px\" \/><\/figure>\n\n\n\n<p>A <strong>Bucofaringolaringologia <\/strong>\u00e9 um pilar central da <strong><a href=\"https:\/\/www.grupomedcof.com.br\/blog\/otorrinolaringologia\/\">Otorrinolaringologia<\/a><\/strong>, abrangendo patologias da <strong>faringe<\/strong> e da <strong>laringe<\/strong>.<\/p>\n\n\n\n<p>As afec\u00e7\u00f5es dessa regi\u00e3o s\u00e3o cruciais, pois impactam fun\u00e7\u00f5es vitais como a <strong>respira\u00e7\u00e3o<\/strong>, a <strong>fona\u00e7\u00e3o <\/strong>e a <strong>degluti\u00e7\u00e3o<\/strong>. <\/p>\n\n\n\n<p>Na <strong>pr\u00e1tica cl\u00ednica<\/strong>, as queixas relacionadas a esta \u00e1rea s\u00e3o frequentemente encontradas inseridas no contexto das grandes \u00e1reas m\u00e9dicas, como<strong> cl\u00ednica m\u00e9dica, cirurgia geral e pediatria.<\/strong><\/p>\n\n\n\n<h2 class=\"wp-block-heading\" id=\"h-patologias-da-faringe-e-tonsilas\"><span class=\"ez-toc-section\" id=\"Patologias_da_Faringe_e_Tonsilas\"><\/span><strong>Patologias da Faringe e Tonsilas<\/strong><span class=\"ez-toc-section-end\"><\/span><\/h2>\n\n\n\n<p>As <strong>faringoamigdalites<\/strong>, processos inflamat\u00f3rios das tonsilas, faringe posterior e palato mole, s\u00e3o classificadas etiologicamente em <strong>infecciosas <\/strong>(virais, bacterianas, f\u00fangicas) e <strong>n\u00e3o infecciosas.<\/strong><\/p>\n\n\n\n<h3 class=\"wp-block-heading\" id=\"h-faringoamigdalites-virais\"><span class=\"ez-toc-section\" id=\"Faringoamigdalites_Virais\"><\/span><strong>Faringoamigdalites Virais<\/strong><span class=\"ez-toc-section-end\"><\/span><\/h3>\n\n\n\n<p>Representam a causa mais frequente:<\/p>\n\n\n\n<ul class=\"wp-block-list\">\n<li><strong>Agentes Comuns:<\/strong> Incluem Adenov\u00edrus, Rinov\u00edrus e Coronav\u00edrus.<\/li>\n\n\n\n<li><strong>Quadro Cl\u00ednico:<\/strong> Caracteriza-se por sintomas sist\u00eamicos como febre e mialgia, associados a sintomas locais como coriza, tosse, odinofagia e rinorreia.<\/li>\n\n\n\n<li><strong>Tratamento:<\/strong> \u00c9 focado em sintom\u00e1ticos e hidrata\u00e7\u00e3o, sendo uma doen\u00e7a autolimitada.<\/li>\n\n\n\n<li><strong>Mononucleose Infecciosa:<\/strong> Causada primariamente pelo Epstein-Barr v\u00edrus (EBV), pode apresentar odinofagia persistente. Sinais espec\u00edficos incluem adenopatia cervical posterior, edema de \u00favula e hepatoesplenomegalia. O diagn\u00f3stico laboratorial pode revelar linfocitose (&gt;50%) com atipia (&gt;10%) e anticorpos heter\u00f3filos (Rea\u00e7\u00e3o de Paul-Bunnel-Davidson). O uso de amoxicilina est\u00e1 associado ao desenvolvimento de rash cut\u00e2neo.<\/li>\n<\/ul>\n\n\n\n<figure class=\"wp-block-image\"><img loading=\"lazy\" decoding=\"async\" width=\"392\" height=\"487\" src=\"https:\/\/www.grupomedcof.com.br\/blog\/wp-content\/uploads\/2025\/11\/bucofaringo-2.png\" alt=\"Rash cut\u00e2neo ao exame de mononucleose infecciosa associada \u00e0 amoxicilina. \" class=\"wp-image-39680\" srcset=\"https:\/\/www.grupomedcof.com.br\/blog\/wp-content\/uploads\/2025\/11\/bucofaringo-2.png 392w, https:\/\/www.grupomedcof.com.br\/blog\/wp-content\/uploads\/2025\/11\/bucofaringo-2-241x300.png 241w, https:\/\/www.grupomedcof.com.br\/blog\/wp-content\/uploads\/2025\/11\/bucofaringo-2-338x420.png 338w, https:\/\/www.grupomedcof.com.br\/blog\/wp-content\/uploads\/2025\/11\/bucofaringo-2-150x186.png 150w, https:\/\/www.grupomedcof.com.br\/blog\/wp-content\/uploads\/2025\/11\/bucofaringo-2-300x373.png 300w\" sizes=\"auto, (max-width: 392px) 100vw, 392px\" \/><\/figure>\n\n\n\n<p class=\"has-text-align-center\"><em>Rash cut\u00e2neo ao exame de mononucleose infecciosa associada \u00e0 amoxicilina. ABORL-CCF. Tratado de Otorrinolaringologia da ABORL-CCF. S\u00e3o Paulo: Atheneu, 2017. \u00d3nodi-Nagy K, Kiny\u00f3 \u00c1, Meszes A, Garaczi E, Kem\u00e9ny L, Bata-Cs\u00f6rg\u0151 Z. Amoxicillin rash in patients with infectious mononucleosis: evidence of true drug sensitization. Allergy Asthma Clin Immunol. 2015 Jan 9;11(1):1. doi: 10.1186\/1710-1492-11-1. PMID: 25784943; PMCID: PMC4362637.&nbsp;&nbsp;<br><\/em><\/p>\n\n\n\n<p><strong>Herpangina:<\/strong> Causada pelo v\u00edrus Coxsackie, \u00e9 mais comum em crian\u00e7as. O exame f\u00edsico revela ves\u00edculas em base eritematosa que formam \u00falceras rasas.<\/p>\n\n\n\n<h3 class=\"wp-block-heading\"><span class=\"ez-toc-section\" id=\"Faringoamigdalites_Bacterianas\"><\/span><strong>Faringoamigdalites Bacterianas<\/strong><span class=\"ez-toc-section-end\"><\/span><\/h3>\n\n\n\n<ul class=\"wp-block-list\">\n<li><strong>Faringoamigdalite Estreptoc\u00f3cica:<\/strong> Causada pelo <em>Streptococcus pyogenes<\/em> beta-hemol\u00edtico do grupo A (GAS). O quadro cl\u00e1ssico cursa com febre persistente, odinofagia, pet\u00e9quias em palato, exsudato tonsilar e adenopatia cervical anterior, geralmente com aus\u00eancia de sintomas gripais.<\/li>\n<\/ul>\n\n\n\n<figure class=\"wp-block-image\"><img loading=\"lazy\" decoding=\"async\" width=\"448\" height=\"412\" src=\"https:\/\/www.grupomedcof.com.br\/blog\/wp-content\/uploads\/2025\/11\/bucofaringo-9.png\" alt=\"\" class=\"wp-image-39681\" srcset=\"https:\/\/www.grupomedcof.com.br\/blog\/wp-content\/uploads\/2025\/11\/bucofaringo-9.png 448w, https:\/\/www.grupomedcof.com.br\/blog\/wp-content\/uploads\/2025\/11\/bucofaringo-9-300x276.png 300w, https:\/\/www.grupomedcof.com.br\/blog\/wp-content\/uploads\/2025\/11\/bucofaringo-9-150x138.png 150w\" sizes=\"auto, (max-width: 448px) 100vw, 448px\" \/><\/figure>\n\n\n\n<p class=\"has-text-align-center\"><em>Apresenta\u00e7\u00e3o cl\u00ednica da faringoamigdalite estreptoc\u00f3cica. Fonte: Acervo de aulas do Grupo MedCof.<\/em><\/p>\n\n\n\n<ul class=\"wp-block-list\">\n<li><strong>Diagn\u00f3stico:<\/strong> Os <strong>Crit\u00e9rios de Centor<\/strong> (cl\u00e1ssicos: febre, exsudato, adenopatia cervical anterior, aus\u00eancia de tosse; modificados: idade) guiam a decis\u00e3o de testar. O padr\u00e3o-ouro \u00e9 a cultura de orofaringe; o teste r\u00e1pido (strep test) tem alta especificidade (95%).<\/li>\n\n\n\n<li><strong>Tratamento:<\/strong> O objetivo \u00e9 reduzir sintomas, erradicar a bact\u00e9ria, prevenir complica\u00e7\u00f5es supurativas e, crucialmente, prevenir a febre reum\u00e1tica. O tratamento n\u00e3o previne a glomerulonefrite p\u00f3s-estreptoc\u00f3cica. A antibioticoterapia de escolha inclui Amoxicilina por 10 dias ou Penicilina benzatina IM.<\/li>\n\n\n\n<li><strong>Difteria:<\/strong> Causada pelo <em>Corynebacterium diphtheriae<\/em>, hoje rara devido \u00e0 vacina\u00e7\u00e3o. Caracteriza-se por placas pseudomembranosas aderentes \u00e0s tonsilas e \u00favula. O tratamento envolve soro antidift\u00e9rico e antibioticoterapia (Penicilina proca\u00edna ou Eritromicina). Complica\u00e7\u00f5es graves, mediadas pela toxina, incluem miocardite e polineuropatia.<\/li>\n<\/ul>\n\n\n\n<figure class=\"wp-block-image\"><img loading=\"lazy\" decoding=\"async\" width=\"614\" height=\"519\" src=\"https:\/\/www.grupomedcof.com.br\/blog\/wp-content\/uploads\/2025\/11\/bucofaringo-10.png\" alt=\"\" class=\"wp-image-39682\" srcset=\"https:\/\/www.grupomedcof.com.br\/blog\/wp-content\/uploads\/2025\/11\/bucofaringo-10.png 614w, https:\/\/www.grupomedcof.com.br\/blog\/wp-content\/uploads\/2025\/11\/bucofaringo-10-300x254.png 300w, https:\/\/www.grupomedcof.com.br\/blog\/wp-content\/uploads\/2025\/11\/bucofaringo-10-497x420.png 497w, https:\/\/www.grupomedcof.com.br\/blog\/wp-content\/uploads\/2025\/11\/bucofaringo-10-150x127.png 150w\" sizes=\"auto, (max-width: 614px) 100vw, 614px\" \/><\/figure>\n\n\n\n<p class=\"has-text-align-center\"><em>Apresenta\u00e7\u00e3o cl\u00ednica. Fonte: Acervo de aulas do Grupo MedCof.<\/em><\/p>\n\n\n\n<h3 class=\"wp-block-heading\"><span class=\"ez-toc-section\" id=\"Outras_Causas\"><\/span><strong>Outras Causas<\/strong><span class=\"ez-toc-section-end\"><\/span><\/h3>\n\n\n\n<ul class=\"wp-block-list\">\n<li><strong>PFAPA (Periodic fever, aphthous stomatitis, pharyngitis and adenitis):<\/strong> Causa mais comum de febre peri\u00f3dica na inf\u00e2ncia. Diagn\u00f3stico baseado nos crit\u00e9rios de Lawton modificados (3 epis\u00f3dios febris regulares, faringite e\/ou adenopatia e\/ou aftas). O tratamento pode incluir Prednisona na crise e amigdalectomia para resolu\u00e7\u00e3o.<\/li>\n<\/ul>\n\n\n\n<h2 class=\"wp-block-heading\"><span class=\"ez-toc-section\" id=\"Complicacoes_Infecciosas_e_Abscessos_Cervicais\"><\/span><strong>Complica\u00e7\u00f5es Infecciosas e Abscessos Cervicais<\/strong><span class=\"ez-toc-section-end\"><\/span><\/h2>\n\n\n\n<p>As <strong>complica\u00e7\u00f5es <\/strong>das faringoamigdalites podem ser supurativas ou n\u00e3o supurativas (ex: febre reum\u00e1tica, escarlatina). As complica\u00e7\u00f5es supurativas, como os abscessos cervicais, s\u00e3o<strong> infec\u00e7\u00f5es graves com alta morbidade,<\/strong> geralmente <strong>polibacterianas<\/strong>.<\/p>\n\n\n\n<figure class=\"wp-block-image\"><img loading=\"lazy\" decoding=\"async\" width=\"594\" height=\"484\" src=\"https:\/\/www.grupomedcof.com.br\/blog\/wp-content\/uploads\/2025\/11\/bucofaringo-11.png\" alt=\"\" class=\"wp-image-39683\" srcset=\"https:\/\/www.grupomedcof.com.br\/blog\/wp-content\/uploads\/2025\/11\/bucofaringo-11.png 594w, https:\/\/www.grupomedcof.com.br\/blog\/wp-content\/uploads\/2025\/11\/bucofaringo-11-300x244.png 300w, https:\/\/www.grupomedcof.com.br\/blog\/wp-content\/uploads\/2025\/11\/bucofaringo-11-515x420.png 515w, https:\/\/www.grupomedcof.com.br\/blog\/wp-content\/uploads\/2025\/11\/bucofaringo-11-150x122.png 150w\" sizes=\"auto, (max-width: 594px) 100vw, 594px\" \/><\/figure>\n\n\n\n<p class=\"has-text-align-center\"><em>Abaulamentos cervicais. Fonte: https:\/\/www.mdedge.com\/familymedicine\/article\/106281\/ dermatology\/red-swollen-neck e Gu, Xiang &amp; Chen, Wei &amp; Yuan, Kun &amp; Tan, Jian &amp; Sun, Suguang. (2021). The efficacy of artificial dermis combined with continuous vacuum sealing drainage in deep neck multiple spaces infection treatment. Medicine. 100. e24367. 10.1097\/ MD.0000000000024367. Acesso em: 19 abr. 2023.<\/em><\/p>\n\n\n\n<h3 class=\"wp-block-heading\" id=\"h-sinais-de-alarme-para-complicacoes\"><span class=\"ez-toc-section\" id=\"Sinais_de_Alarme_para_Complicacoes\"><\/span><strong>Sinais de Alarme para Complica\u00e7\u00f5es:<\/strong><span class=\"ez-toc-section-end\"><\/span><\/h3>\n\n\n\n<ul class=\"wp-block-list\">\n<li>Queda do estado geral, sepse.<\/li>\n\n\n\n<li>Abaulamento periamigdaliano com desvio contralateral de \u00favula.<\/li>\n\n\n\n<li>Trismo (dificuldade de abertura bucal).<\/li>\n\n\n\n<li>Disfagia e dispneia.<\/li>\n\n\n\n<li>Abamento ou hiperemia cervical\/tor\u00e1cica.<\/li>\n<\/ul>\n\n\n\n<p>A conduta na suspeita de complica\u00e7\u00e3o inclui interna\u00e7\u00e3o hospitalar, antibioticoterapia endovenosa de largo espectro (ex: Ceftriaxona + Clindamicina) e TC de pesco\u00e7o e t\u00f3rax com contraste.<\/p>\n\n\n\n<ul class=\"wp-block-list\">\n<li><strong>Abscesso Periamigdaliano:<\/strong> Cole\u00e7\u00e3o entre a c\u00e1psula da am\u00edgdala e o m\u00fasculo constritor superior da faringe. Causa piora da odinofagia com lateralidade e voz &#8220;em batata quente&#8221;. O tratamento \u00e9 a drenagem (pun\u00e7\u00e3o ou cir\u00fargica).<\/li>\n\n\n\n<li><strong>Abscessos Cervicais Profundos:<\/strong> Disseminam-se atrav\u00e9s dos espa\u00e7os fasciais cervicais, frequentemente de origem odontog\u00eanica ou faringotonsilar.<\/li>\n\n\n\n<li><strong>Angina de Ludwig:<\/strong> Celulite dos espa\u00e7os do assoalho bucal (submandibular, sublingual, submentual), comumente de origem odontog\u00eanica. Apresenta risco importante de obstru\u00e7\u00e3o de via a\u00e9rea por eleva\u00e7\u00e3o da l\u00edngua.<\/li>\n\n\n\n<li><strong>S\u00edndrome de Lemierre:<\/strong> Tromboflebite s\u00e9ptica da veia jugular interna, uma dissemina\u00e7\u00e3o do abscesso para o espa\u00e7o vascular. Associa-se a \u00eambolos s\u00e9pticos para \u00f3rg\u00e3os distantes (ex: pulm\u00e3o).<\/li>\n\n\n\n<li><strong>Fasce\u00edte Necrotizante Cervical:<\/strong> Infec\u00e7\u00e3o rapidamente progressiva com alta mortalidade. Caracteriza-se pela presen\u00e7a de g\u00e1s no subcut\u00e2neo (crepita\u00e7\u00e3o \u00e0 palpa\u00e7\u00e3o) e r\u00e1pida extens\u00e3o para o mediastino.<\/li>\n<\/ul>\n\n\n\n<h2 class=\"wp-block-heading\"><span class=\"ez-toc-section\" id=\"Anatomia_e_Fisiologia_da_Laringe\"><\/span><strong>Anatomia e Fisiologia da Laringe<\/strong><span class=\"ez-toc-section-end\"><\/span><\/h2>\n\n\n\n<p>A <strong>laringe <\/strong>\u00e9 um complexo <strong>m\u00fasculo-cartilaginoso<\/strong> composto por cartilagens (ex: Tireoide, Cricoidea, Ariten\u00f3ideas, Epiglote) e o Osso Hioide.<\/p>\n\n\n\n<figure class=\"wp-block-image\"><img loading=\"lazy\" decoding=\"async\" width=\"1260\" height=\"511\" src=\"https:\/\/www.grupomedcof.com.br\/blog\/wp-content\/uploads\/2025\/11\/bucofaringo-3.png\" alt=\"\" class=\"wp-image-39684\" srcset=\"https:\/\/www.grupomedcof.com.br\/blog\/wp-content\/uploads\/2025\/11\/bucofaringo-3.png 1260w, https:\/\/www.grupomedcof.com.br\/blog\/wp-content\/uploads\/2025\/11\/bucofaringo-3-300x122.png 300w, https:\/\/www.grupomedcof.com.br\/blog\/wp-content\/uploads\/2025\/11\/bucofaringo-3-1024x415.png 1024w, https:\/\/www.grupomedcof.com.br\/blog\/wp-content\/uploads\/2025\/11\/bucofaringo-3-768x311.png 768w, https:\/\/www.grupomedcof.com.br\/blog\/wp-content\/uploads\/2025\/11\/bucofaringo-3-1036x420.png 1036w, https:\/\/www.grupomedcof.com.br\/blog\/wp-content\/uploads\/2025\/11\/bucofaringo-3-150x61.png 150w, https:\/\/www.grupomedcof.com.br\/blog\/wp-content\/uploads\/2025\/11\/bucofaringo-3-696x282.png 696w, https:\/\/www.grupomedcof.com.br\/blog\/wp-content\/uploads\/2025\/11\/bucofaringo-3-1068x433.png 1068w\" sizes=\"auto, (max-width: 1260px) 100vw, 1260px\" \/><\/figure>\n\n\n\n<p>Anatomia da Faringe. Fonte: Acervo de ilustra\u00e7\u00f5es do Grupo MedCof.&nbsp;<\/p>\n\n\n\n<h3 class=\"wp-block-heading\" id=\"h-funcoes-da-laringe\"><span class=\"ez-toc-section\" id=\"Funcoes_da_Laringe\"><\/span><strong>Fun\u00e7\u00f5es da Laringe:<\/strong><span class=\"ez-toc-section-end\"><\/span><\/h3>\n\n\n\n<ol class=\"wp-block-list\">\n<li><strong>Esfincteriana:<\/strong> Prote\u00e7\u00e3o das vias a\u00e9reas.<\/li>\n\n\n\n<li><strong>Respirat\u00f3ria:<\/strong><\/li>\n\n\n\n<li><strong>Fonat\u00f3ria:<\/strong><\/li>\n<\/ol>\n\n\n\n<figure class=\"wp-block-image\"><img loading=\"lazy\" decoding=\"async\" width=\"546\" height=\"497\" src=\"https:\/\/www.grupomedcof.com.br\/blog\/wp-content\/uploads\/2025\/11\/bucofaringo-4.png\" alt=\"\" class=\"wp-image-39685\" srcset=\"https:\/\/www.grupomedcof.com.br\/blog\/wp-content\/uploads\/2025\/11\/bucofaringo-4.png 546w, https:\/\/www.grupomedcof.com.br\/blog\/wp-content\/uploads\/2025\/11\/bucofaringo-4-300x273.png 300w, https:\/\/www.grupomedcof.com.br\/blog\/wp-content\/uploads\/2025\/11\/bucofaringo-4-461x420.png 461w, https:\/\/www.grupomedcof.com.br\/blog\/wp-content\/uploads\/2025\/11\/bucofaringo-4-150x137.png 150w\" sizes=\"auto, (max-width: 546px) 100vw, 546px\" \/><\/figure>\n\n\n\n<p class=\"has-text-align-center\"><em>Processos de prote\u00e7\u00e3o da via respirat\u00f3ria. Fonte: Acervo de ilustra\u00e7\u00f5es do Grupo MedCof.&nbsp;<br><\/em><\/p>\n\n\n\n<figure class=\"wp-block-image\"><img loading=\"lazy\" decoding=\"async\" width=\"971\" height=\"467\" src=\"https:\/\/www.grupomedcof.com.br\/blog\/wp-content\/uploads\/2025\/11\/bucofaringo-5.png\" alt=\"\" class=\"wp-image-39686\" srcset=\"https:\/\/www.grupomedcof.com.br\/blog\/wp-content\/uploads\/2025\/11\/bucofaringo-5.png 971w, https:\/\/www.grupomedcof.com.br\/blog\/wp-content\/uploads\/2025\/11\/bucofaringo-5-300x144.png 300w, https:\/\/www.grupomedcof.com.br\/blog\/wp-content\/uploads\/2025\/11\/bucofaringo-5-768x369.png 768w, https:\/\/www.grupomedcof.com.br\/blog\/wp-content\/uploads\/2025\/11\/bucofaringo-5-873x420.png 873w, https:\/\/www.grupomedcof.com.br\/blog\/wp-content\/uploads\/2025\/11\/bucofaringo-5-150x72.png 150w, https:\/\/www.grupomedcof.com.br\/blog\/wp-content\/uploads\/2025\/11\/bucofaringo-5-696x335.png 696w\" sizes=\"auto, (max-width: 971px) 100vw, 971px\" \/><\/figure>\n\n\n\n<p>Endoscopia mostrando pregas vocais. Fonte: Acervo de aulas do Grupo MedCof.<\/p>\n\n\n\n<p>As <strong>Pregas Vocais (PPVV)<\/strong> possuem m\u00faltiplas camadas, incluindo o Espa\u00e7o de Reinke (camada superficial da l\u00e2mina pr\u00f3pria). A musculatura intr\u00ednseca modula a posi\u00e7\u00e3o e tens\u00e3o das PPVV:<\/p>\n\n\n\n<ul class=\"wp-block-list\">\n<li><strong>Adutores (fechamento\/fona\u00e7\u00e3o):<\/strong> M. Tireoaritenoideo, M. Cricoariten\u00f3ideo lateral, M. Aritenoideo transverso e obl\u00edquo.<\/li>\n\n\n\n<li><strong>Abdutor (abertura\/respira\u00e7\u00e3o):<\/strong> M. Cricoaritenoideo posterior.<\/li>\n<\/ul>\n\n\n\n<p>A <strong>inerva\u00e7\u00e3o<\/strong> \u00e9 feita pelos nervos lar\u00edngeo superior (sensibilidade supragl\u00f3tica\/gl\u00f3tica, m. cricotireoideo) e lar\u00edngeo inferior\/recorrente (demais m\u00fasculos intr\u00ednsecos, sensibilidade subgl\u00f3tica). Uma correla\u00e7\u00e3o topogr\u00e1fica \u00fatil \u00e9: supraglote (disfagia), glote (disfonia) e subglote (dispneia).<\/p>\n\n\n\n<h3 class=\"wp-block-heading\"><span class=\"ez-toc-section\" id=\"Patologias_da_Laringe_Disfonias\"><\/span><strong>Patologias da Laringe: Disfonias<\/strong><span class=\"ez-toc-section-end\"><\/span><\/h3>\n\n\n\n<p>Disfonia \u00e9 qualquer perturba\u00e7\u00e3o na emiss\u00e3o vocal.<\/p>\n\n\n\n<ul class=\"wp-block-list\">\n<li><strong>Aguda (&lt; 2 semanas):<\/strong> Geralmente benigna. Causas incluem laringite aguda (viral, refluxo, abuso vocal) e hemorragia de prega vocal (disfonia s\u00fabita ap\u00f3s ruptura vascular no espa\u00e7o de Reinke).<\/li>\n\n\n\n<li><strong>Cr\u00f4nica (&gt; 2 semanas):<\/strong> Requer investiga\u00e7\u00e3o obrigat\u00f3ria com laringoscopia ou nasofibroscopia.<\/li>\n<\/ul>\n\n\n\n<p><strong>Classifica\u00e7\u00e3o das Disfonias Cr\u00f4nicas:<\/strong><\/p>\n\n\n\n<ul class=\"wp-block-list\">\n<li><strong>Funcionais:<\/strong> Mau uso da voz sem altera\u00e7\u00e3o estrutural vis\u00edvel.<\/li>\n\n\n\n<li><strong>Org\u00e2nico-Funcionais (Les\u00f5es Fonotraum\u00e1ticas):<\/strong>\n<ul class=\"wp-block-list\">\n<li><strong>N\u00f3dulos Vocais:<\/strong> Les\u00f5es bilaterais e sim\u00e9tricas (1\/3 anterior\/m\u00e9dio das PPVV), comuns em mulheres e crian\u00e7as. Tratamento inicial \u00e9 fonoterapia.<\/li>\n\n\n\n<li><strong>P\u00f3lipo Vocal:<\/strong> Geralmente unilateral, com disfonia de in\u00edcio s\u00fabito. Tratamento microcir\u00fargico.<\/li>\n\n\n\n<li><strong>Edema de Reinke:<\/strong> Les\u00e3o bilateral e assim\u00e9trica do espa\u00e7o de Reinke, fortemente associada ao tabagismo. N\u00e3o \u00e9 les\u00e3o pr\u00e9-maligna.<\/li>\n<\/ul>\n<\/li>\n\n\n\n<li><strong>Org\u00e2nicas:<\/strong>\n<ul class=\"wp-block-list\">\n<li><strong>Papilomatose Respirat\u00f3ria Recorrente:<\/strong> Causada pelo HPV (subtipos 6, 11, 16, 18). A forma juvenil \u00e9 mais agressiva, com necessidade de m\u00faltiplas cirurgias. A transmiss\u00e3o vertical pode ocorrer apesar da via de parto. O tratamento visa o controle das les\u00f5es, n\u00e3o a elimina\u00e7\u00e3o do v\u00edrus.<\/li>\n\n\n\n<li><strong>Paralisia de Pregas Vocais (PPVV):<\/strong> Altera\u00e7\u00e3o da inerva\u00e7\u00e3o (nervo lar\u00edngeo recorrente ou superior). Etiologias comuns s\u00e3o traum\u00e1ticas ou cir\u00fargicas (ex: tireoidectomias).\n<ul class=\"wp-block-list\">\n<li><strong>Paralisia Unilateral:<\/strong> Causa voz fraca (soprosa) e aspira\u00e7\u00e3o. O tratamento (ex: Tireoplastia tipo I, inje\u00e7\u00f5es intracordais) visa medializar a prega paralisada.<\/li>\n\n\n\n<li><strong>Paralisia Bilateral:<\/strong> Em posi\u00e7\u00e3o mediana, \u00e9 uma emerg\u00eancia respirat\u00f3ria. Causa dispneia aos esfor\u00e7os. O tratamento prioriza a via a\u00e9rea, frequentemente exigindo traqueostomia.<\/li>\n<\/ul>\n<\/li>\n<\/ul>\n<\/li>\n<\/ul>\n\n\n\n<figure class=\"wp-block-image\"><img loading=\"lazy\" decoding=\"async\" width=\"467\" height=\"480\" src=\"https:\/\/www.grupomedcof.com.br\/blog\/wp-content\/uploads\/2025\/11\/bucofaringo-6.png\" alt=\"\" class=\"wp-image-39687\" srcset=\"https:\/\/www.grupomedcof.com.br\/blog\/wp-content\/uploads\/2025\/11\/bucofaringo-6.png 467w, https:\/\/www.grupomedcof.com.br\/blog\/wp-content\/uploads\/2025\/11\/bucofaringo-6-292x300.png 292w, https:\/\/www.grupomedcof.com.br\/blog\/wp-content\/uploads\/2025\/11\/bucofaringo-6-409x420.png 409w, https:\/\/www.grupomedcof.com.br\/blog\/wp-content\/uploads\/2025\/11\/bucofaringo-6-150x154.png 150w, https:\/\/www.grupomedcof.com.br\/blog\/wp-content\/uploads\/2025\/11\/bucofaringo-6-300x308.png 300w\" sizes=\"auto, (max-width: 467px) 100vw, 467px\" \/><\/figure>\n\n\n\n<p>Representa\u00e7\u00e3o das paralisias unilaterais e bilaterais. Fonte: Acervo de ilustra\u00e7\u00f5es do Grupo MedCof.&nbsp;<\/p>\n\n\n\n<h3 class=\"wp-block-heading\"><span class=\"ez-toc-section\" id=\"Patologias_da_Laringe_Estridores_Laringeos\"><\/span><strong>Patologias da Laringe: Estridores Lar\u00edngeos<\/strong><span class=\"ez-toc-section-end\"><\/span><\/h3>\n\n\n\n<p>Estridor \u00e9 uma respira\u00e7\u00e3o ruidosa por estreitamento da via a\u00e9rea. Em crian\u00e7as, 1 mm de edema na regi\u00e3o cricoide pode representar 60% de obstru\u00e7\u00e3o.<\/p>\n\n\n\n<h4 class=\"wp-block-heading\"><strong>Causas Cong\u00eanitas<\/strong><\/h4>\n\n\n\n<ul class=\"wp-block-list\">\n<li><strong>Laringomal\u00e1cia:<\/strong> Causa mais comum de estridor na inf\u00e2ncia. \u00c9 um colabamento das estruturas supragl\u00f3ticas na inspira\u00e7\u00e3o. O estridor inspirat\u00f3rio piora entre 4-8 meses e tende \u00e0 autoresolu\u00e7\u00e3o at\u00e9 os 2 anos. Casos graves (10%), com apneia ou dificuldade ponderal, podem exigir cirurgia (supraglotoplastia).<\/li>\n\n\n\n<li><strong>Paralisia de PPVV (Cong\u00eanita):<\/strong> A forma bilateral causa obstru\u00e7\u00e3o de via a\u00e9rea e pode estar associada \u00e0 malforma\u00e7\u00e3o de Arnold-Chiari.<\/li>\n\n\n\n<li><strong>Estenose Subgl\u00f3tica:<\/strong> 3\u00aa causa mais frequente de estridor cong\u00eanito. A maioria dos casos (90%) \u00e9 adquirida, principalmente por intuba\u00e7\u00e3o orotraqueal (IOT) prolongada.<\/li>\n<\/ul>\n\n\n\n<h4 class=\"wp-block-heading\"><strong>Causas Infecciosas (Estridor Agudo)<\/strong><\/h4>\n\n\n\n<ul class=\"wp-block-list\">\n<li><strong>Laringotraqueobronquite (Crupe Viral):<\/strong> Principal agente \u00e9 o Parainfluenza tipo 1. Causa tosse ladrante, rouquid\u00e3o e estridor inspirat\u00f3rio. A radiografia cervical pode mostrar o &#8220;sinal da Torre&#8221; (estreitamento subgl\u00f3tico). O tratamento inclui corticoterapia e, em casos graves, nebuliza\u00e7\u00e3o com adrenalina.<\/li>\n\n\n\n<li><strong>Epiglotite\/Supraglotite Aguda:<\/strong> Causada pelo <em>Haemophilus influenzae<\/em> tipo B (incid\u00eancia decrescente). \u00c9 um quadro s\u00fabito de odinofagia intensa, sialorreia, febre alta e dificuldade respirat\u00f3ria, com o paciente assumindo posi\u00e7\u00e3o caracter\u00edstica (pesco\u00e7o estendido, boca entreaberta).<\/li>\n<\/ul>\n\n\n\n<h2 class=\"wp-block-heading\"><span class=\"ez-toc-section\" id=\"Disturbios_da_Degluticao_e_Respiracao\"><\/span><strong>Dist\u00farbios da Degluti\u00e7\u00e3o e Respira\u00e7\u00e3o<\/strong><span class=\"ez-toc-section-end\"><\/span><\/h2>\n\n\n\n<h3 class=\"wp-block-heading\"><span class=\"ez-toc-section\" id=\"Disfagia\"><\/span><strong>Disfagia<\/strong><span class=\"ez-toc-section-end\"><\/span><\/h3>\n\n\n\n<p>Disfagia \u00e9 a dificuldade de engolir o alimento, podendo ocorrer em qualquer fase da degluti\u00e7\u00e3o (oral, far\u00edngea, esof\u00e1gica).<\/p>\n\n\n\n<ul class=\"wp-block-list\">\n<li><strong>Etiologias:<\/strong> Variadas, incluindo neurol\u00f3gicas (AVC, Parkinson), estruturais (tumores) e presbifagia (envelhecimento).<\/li>\n\n\n\n<li><strong>Quadro Cl\u00ednico:<\/strong> Engasgos frequentes, dor \u00e0 degluti\u00e7\u00e3o, regurgita\u00e7\u00e3o nasal e pneumonia aspirativa.<\/li>\n\n\n\n<li><strong>Diagn\u00f3stico:<\/strong> Videodeglutograma (avalia todas as fases com b\u00e1rio) ou Videoendoscopia da Degluti\u00e7\u00e3o (VED\/FEES) (avalia\u00e7\u00e3o funcional sem fase esof\u00e1gica).<\/li>\n\n\n\n<li><strong>Tratamento:<\/strong> Focado no controle da doen\u00e7a de base, reabilita\u00e7\u00e3o fonoaudiol\u00f3gica e preven\u00e7\u00e3o de aspira\u00e7\u00e3o (adequa\u00e7\u00e3o de consist\u00eancias, sonda nasoenteral ou gastrostomia).<\/li>\n<\/ul>\n\n\n\n<figure class=\"wp-block-image\"><img loading=\"lazy\" decoding=\"async\" width=\"1250\" height=\"467\" src=\"https:\/\/www.grupomedcof.com.br\/blog\/wp-content\/uploads\/2025\/11\/bucofaringo-7-1.png\" alt=\"\" class=\"wp-image-39688\" srcset=\"https:\/\/www.grupomedcof.com.br\/blog\/wp-content\/uploads\/2025\/11\/bucofaringo-7-1.png 1250w, https:\/\/www.grupomedcof.com.br\/blog\/wp-content\/uploads\/2025\/11\/bucofaringo-7-1-300x112.png 300w, https:\/\/www.grupomedcof.com.br\/blog\/wp-content\/uploads\/2025\/11\/bucofaringo-7-1-1024x383.png 1024w, https:\/\/www.grupomedcof.com.br\/blog\/wp-content\/uploads\/2025\/11\/bucofaringo-7-1-768x287.png 768w, https:\/\/www.grupomedcof.com.br\/blog\/wp-content\/uploads\/2025\/11\/bucofaringo-7-1-1124x420.png 1124w, https:\/\/www.grupomedcof.com.br\/blog\/wp-content\/uploads\/2025\/11\/bucofaringo-7-1-150x56.png 150w, https:\/\/www.grupomedcof.com.br\/blog\/wp-content\/uploads\/2025\/11\/bucofaringo-7-1-696x260.png 696w, https:\/\/www.grupomedcof.com.br\/blog\/wp-content\/uploads\/2025\/11\/bucofaringo-7-1-1068x399.png 1068w\" sizes=\"auto, (max-width: 1250px) 100vw, 1250px\" \/><\/figure>\n\n\n\n<p>Fisiologia da degluti\u00e7\u00e3o. Fonte: Acervo de aulas do Grupo MedCof.<\/p>\n\n\n\n<h3 class=\"wp-block-heading\"><span class=\"ez-toc-section\" id=\"Sindrome_do_Respirador_Bucal_Infancia\"><\/span><strong>S\u00edndrome do Respirador Bucal (Inf\u00e2ncia)<\/strong><span class=\"ez-toc-section-end\"><\/span><\/h3>\n\n\n\n<p>Adapta\u00e7\u00e3o patol\u00f3gica da respira\u00e7\u00e3o nasal para oral.<\/p>\n\n\n\n<ul class=\"wp-block-list\">\n<li><strong>Causas:<\/strong> Rinite al\u00e9rgica e hipertrofia de am\u00edgdalas e adenoide s\u00e3o as principais.<\/li>\n\n\n\n<li><strong>Quadro Cl\u00ednico:<\/strong> Roncos, dormir de boca aberta, sono agitado.<\/li>\n\n\n\n<li><strong>Repercuss\u00f5es:<\/strong> Desenvolvimento facial desarm\u00f4nico (palato em ogiva, mordida cruzada), disfun\u00e7\u00e3o tub\u00e1ria (otite m\u00e9dia secretora) e apneia do sono (SAHOS).<\/li>\n\n\n\n<li><strong>Tratamento:<\/strong> A adenoamigdalectomia \u00e9 indicada em casos de SAHOS associada.<\/li>\n<\/ul>\n\n\n\n<h3 class=\"wp-block-heading\"><span class=\"ez-toc-section\" id=\"Sindrome_da_Apneia_Obstrutiva_do_Sono_SAHOS\"><\/span><strong>S\u00edndrome da Apneia Obstrutiva do Sono (SAHOS)<\/strong><span class=\"ez-toc-section-end\"><\/span><\/h3>\n\n\n\n<p>Colapso da via a\u00e9rea superior durante o sono, levando a hipopneias e apneias. Isso causa microdespertares, fragmenta\u00e7\u00e3o do sono e dessatura\u00e7\u00e3o.<\/p>\n\n\n\n<ul class=\"wp-block-list\">\n<li><strong>Fatores de Risco:<\/strong> Sexo masculino, idade &gt; 40 anos e obesidade.<\/li>\n\n\n\n<li><strong>Quadro Cl\u00ednico:<\/strong> Roncos noturnos, apneias testemunhadas, sonol\u00eancia diurna excessiva (avaliada pela Escala de Epworth) e cefaleia matinal.<\/li>\n\n\n\n<li><strong>Diagn\u00f3stico:<\/strong> O exame padr\u00e3o-ouro \u00e9 a Polissonografia, que calcula o \u00cdndice de Apneia-Hipopneia (IAH). IAH &gt; 25 \u00e9 considerado grave.<\/li>\n\n\n\n<li><strong>Tratamento:<\/strong>\n<ul class=\"wp-block-list\">\n<li><strong>Cl\u00ednico:<\/strong> Mudan\u00e7as de estilo de vida (perda de peso). O <strong>CPAP<\/strong> (press\u00e3o positiva cont\u00ednua de ar) \u00e9 o padr\u00e3o-ouro para casos moderados e graves.<\/li>\n\n\n\n<li><strong>Cir\u00fargico:<\/strong> Uvulopalatofaringoplastia (eficaz em pacientes selecionados, ex: Mallampati I ou II, IMC &lt; 40) ou Traqueostomia (casos refrat\u00e1rios graves).<\/li>\n<\/ul>\n<\/li>\n<\/ul>\n\n\n\n<h2 class=\"wp-block-heading\" id=\"h-cancer-de-hipofaringe-e-laringe\"><span class=\"ez-toc-section\" id=\"Cancer_de_Hipofaringe_e_Laringe\"><\/span><strong>C\u00e2ncer de Hipofaringe e Laringe<\/strong><span class=\"ez-toc-section-end\"><\/span><\/h2>\n\n\n\n<h3 class=\"wp-block-heading\" id=\"h-anatomia-detalhada-e-inervacao\"><span class=\"ez-toc-section\" id=\"Anatomia_Detalhada_e_Inervacao\"><\/span><strong>Anatomia Detalhada e Inerva\u00e7\u00e3o<\/strong><span class=\"ez-toc-section-end\"><\/span><\/h3>\n\n\n\n<p>O conhecimento dos nervos \u00e9 crucial para entender as sequelas p\u00f3s-operat\u00f3rias e a fisiologia da degluti\u00e7\u00e3o\/fona\u00e7\u00e3o.<\/p>\n\n\n\n<figure class=\"wp-block-image size-full\"><img loading=\"lazy\" decoding=\"async\" width=\"668\" height=\"540\" src=\"https:\/\/www.grupomedcof.com.br\/blog\/wp-content\/uploads\/2025\/11\/image-52.png\" alt=\"\" class=\"wp-image-41245\" srcset=\"https:\/\/www.grupomedcof.com.br\/blog\/wp-content\/uploads\/2025\/11\/image-52.png 668w, https:\/\/www.grupomedcof.com.br\/blog\/wp-content\/uploads\/2025\/11\/image-52-300x243.png 300w, https:\/\/www.grupomedcof.com.br\/blog\/wp-content\/uploads\/2025\/11\/image-52-520x420.png 520w, https:\/\/www.grupomedcof.com.br\/blog\/wp-content\/uploads\/2025\/11\/image-52-150x121.png 150w\" sizes=\"auto, (max-width: 668px) 100vw, 668px\" \/><figcaption class=\"wp-element-caption\">Divis\u00e3o da Via A\u00e9rea. Fonte: Acervo de Aulas do Grupo MedCof.\u00a0\u00a0<\/figcaption><\/figure>\n\n\n\n<h4 class=\"wp-block-heading\" id=\"h-inervacao-da-laringe-nervo-vago-x-par\"><strong>Inerva\u00e7\u00e3o da Laringe (Nervo Vago &#8211; X Par)<\/strong><\/h4>\n\n\n\n<ul class=\"wp-block-list\">\n<li><strong>Nervo Lar\u00edngeo Superior:<\/strong> Divide-se em dois ramos.\n<ul class=\"wp-block-list\">\n<li><strong>Ramo Interno:<\/strong> Respons\u00e1vel pela sensibilidade da supraglote e da hipofaringe (fundamental para o reflexo de tosse e prote\u00e7\u00e3o contra aspira\u00e7\u00e3o).<\/li>\n<\/ul>\n<\/li>\n<\/ul>\n\n\n\n<figure class=\"wp-block-image size-full\"><img loading=\"lazy\" decoding=\"async\" width=\"442\" height=\"451\" src=\"https:\/\/www.grupomedcof.com.br\/blog\/wp-content\/uploads\/2025\/11\/image-53.png\" alt=\"\" class=\"wp-image-41246\" srcset=\"https:\/\/www.grupomedcof.com.br\/blog\/wp-content\/uploads\/2025\/11\/image-53.png 442w, https:\/\/www.grupomedcof.com.br\/blog\/wp-content\/uploads\/2025\/11\/image-53-294x300.png 294w, https:\/\/www.grupomedcof.com.br\/blog\/wp-content\/uploads\/2025\/11\/image-53-412x420.png 412w, https:\/\/www.grupomedcof.com.br\/blog\/wp-content\/uploads\/2025\/11\/image-53-150x153.png 150w, https:\/\/www.grupomedcof.com.br\/blog\/wp-content\/uploads\/2025\/11\/image-53-300x306.png 300w\" sizes=\"auto, (max-width: 442px) 100vw, 442px\" \/><figcaption class=\"wp-element-caption\">Inerva\u00e7\u00e3o da laringe. Fonte: Acervo de Aulas do Grupo MedCof.\u00a0<\/figcaption><\/figure>\n\n\n\n<ul class=\"wp-block-list\">\n<li><strong>Ramo Externo:<\/strong> Inerva exclusivamente o m\u00fasculo <strong>cricotireoideo<\/strong> (tensor da prega vocal &#8211; agudos).<\/li>\n\n\n\n<li><strong>Nervo Lar\u00edngeo Inferior (Recorrente):<\/strong> Inerva <strong>toda<\/strong> a musculatura intr\u00ednseca da laringe, exceto o cricotireoideo.<\/li>\n<\/ul>\n\n\n\n<figure class=\"wp-block-image size-full\"><img loading=\"lazy\" decoding=\"async\" width=\"428\" height=\"474\" src=\"https:\/\/www.grupomedcof.com.br\/blog\/wp-content\/uploads\/2025\/11\/image-54.png\" alt=\"\" class=\"wp-image-41247\" srcset=\"https:\/\/www.grupomedcof.com.br\/blog\/wp-content\/uploads\/2025\/11\/image-54.png 428w, https:\/\/www.grupomedcof.com.br\/blog\/wp-content\/uploads\/2025\/11\/image-54-271x300.png 271w, https:\/\/www.grupomedcof.com.br\/blog\/wp-content\/uploads\/2025\/11\/image-54-379x420.png 379w, https:\/\/www.grupomedcof.com.br\/blog\/wp-content\/uploads\/2025\/11\/image-54-150x166.png 150w, https:\/\/www.grupomedcof.com.br\/blog\/wp-content\/uploads\/2025\/11\/image-54-300x332.png 300w\" sizes=\"auto, (max-width: 428px) 100vw, 428px\" \/><figcaption class=\"wp-element-caption\">Inerva\u00e7\u00e3o da laringe. Fonte: Acervo de aulas do Grupo MedCof.\u00a0<\/figcaption><\/figure>\n\n\n\n<h4 class=\"wp-block-heading\" id=\"h-subsitios-da-hipofaringe-percentuais-de-acometimento\"><strong>Subs\u00edtios da Hipofaringe (Percentuais de Acometimento)<\/strong><\/h4>\n\n\n\n<ol class=\"wp-block-list\">\n<li><strong>Seio Piriforme:<\/strong> S\u00edtio mais comum (<strong>65-85%<\/strong> dos casos).<\/li>\n<\/ol>\n\n\n\n<figure class=\"wp-block-image size-full\"><img loading=\"lazy\" decoding=\"async\" width=\"508\" height=\"401\" src=\"https:\/\/www.grupomedcof.com.br\/blog\/wp-content\/uploads\/2025\/11\/image-56.png\" alt=\"\" class=\"wp-image-41249\" srcset=\"https:\/\/www.grupomedcof.com.br\/blog\/wp-content\/uploads\/2025\/11\/image-56.png 508w, https:\/\/www.grupomedcof.com.br\/blog\/wp-content\/uploads\/2025\/11\/image-56-300x237.png 300w, https:\/\/www.grupomedcof.com.br\/blog\/wp-content\/uploads\/2025\/11\/image-56-150x118.png 150w\" sizes=\"auto, (max-width: 508px) 100vw, 508px\" \/><figcaption class=\"wp-element-caption\">Fonte: Acervo pessoal M\u00e9dico e Diretor MedCof, Felipe Fernandes<\/figcaption><\/figure>\n\n\n\n<ol start=\"2\" class=\"wp-block-list\">\n<li><strong>Parede Posterior:<\/strong> 10-20%.<\/li>\n<\/ol>\n\n\n\n<figure class=\"wp-block-image size-full\"><img loading=\"lazy\" decoding=\"async\" width=\"507\" height=\"400\" src=\"https:\/\/www.grupomedcof.com.br\/blog\/wp-content\/uploads\/2025\/11\/image-58.png\" alt=\"\" class=\"wp-image-41251\" srcset=\"https:\/\/www.grupomedcof.com.br\/blog\/wp-content\/uploads\/2025\/11\/image-58.png 507w, https:\/\/www.grupomedcof.com.br\/blog\/wp-content\/uploads\/2025\/11\/image-58-300x237.png 300w, https:\/\/www.grupomedcof.com.br\/blog\/wp-content\/uploads\/2025\/11\/image-58-150x118.png 150w\" sizes=\"auto, (max-width: 507px) 100vw, 507px\" \/><figcaption class=\"wp-element-caption\">Fonte: Acervo pessoal M\u00e9dico e Diretor MedCof, Felipe Fernandes<\/figcaption><\/figure>\n\n\n\n<ol start=\"3\" class=\"wp-block-list\">\n<li><strong>\u00c1rea P\u00f3s-Cricoide:<\/strong> 5-15%.<\/li>\n<\/ol>\n\n\n\n<figure class=\"wp-block-image size-full\"><img loading=\"lazy\" decoding=\"async\" width=\"508\" height=\"385\" src=\"https:\/\/www.grupomedcof.com.br\/blog\/wp-content\/uploads\/2025\/11\/image-57.png\" alt=\"\" class=\"wp-image-41250\" srcset=\"https:\/\/www.grupomedcof.com.br\/blog\/wp-content\/uploads\/2025\/11\/image-57.png 508w, https:\/\/www.grupomedcof.com.br\/blog\/wp-content\/uploads\/2025\/11\/image-57-300x227.png 300w, https:\/\/www.grupomedcof.com.br\/blog\/wp-content\/uploads\/2025\/11\/image-57-80x60.png 80w, https:\/\/www.grupomedcof.com.br\/blog\/wp-content\/uploads\/2025\/11\/image-57-150x114.png 150w\" sizes=\"auto, (max-width: 508px) 100vw, 508px\" \/><figcaption class=\"wp-element-caption\">Fonte: Acervo pessoal M\u00e9dico e Diretor MedCof, Felipe Fernandes<\/figcaption><\/figure>\n\n\n\n<h4 class=\"wp-block-heading\" id=\"h-epidemiologia-e-fatores-de-risco-especificos\"><strong>Epidemiologia e Fatores de Risco Espec\u00edficos<\/strong><\/h4>\n\n\n\n<ul class=\"wp-block-list\">\n<li><strong>Incid\u00eancia no Brasil:<\/strong> Aproximadamente 2,9 casos\/100.000 habitantes. \u00c9 o <strong>9\u00ba c\u00e2ncer mais frequente em homens<\/strong>.<\/li>\n\n\n\n<li><strong>Suspei\u00e7\u00e3o Cl\u00ednica (Regra de Ouro):<\/strong> Deve-se suspeitar de c\u00e2ncer de laringe em todo tabagista com <strong>disfonia ou disfagia por mais de 14 dias<\/strong>.<\/li>\n\n\n\n<li><strong>S\u00edndrome de Plummer-Vinson:<\/strong> Associada \u00e0 defici\u00eancia de ferro, \u00e9 um fator de risco cl\u00e1ssico para c\u00e2ncer de hipofaringe (comum na Escandin\u00e1via).<\/li>\n<\/ul>\n\n\n\n<h3 class=\"wp-block-heading\" id=\"h-estadiamento-tnm-detalhado\"><span class=\"ez-toc-section\" id=\"Estadiamento_TNM_Detalhado\"><\/span><strong>Estadiamento TNM Detalhado<\/strong><span class=\"ez-toc-section-end\"><\/span><\/h3>\n\n\n\n<p>O estadiamento define a operabilidade. Aqui est\u00e3o os cortes exatos que voc\u00ea precisa memorizar.<\/p>\n\n\n\n<h4 class=\"wp-block-heading\" id=\"h-estadiamento-t-hipofaringe-baseado-em-tamanho\"><strong>Estadiamento T &#8211; Hipofaringe (Baseado em Tamanho)<\/strong><\/h4>\n\n\n\n<ul class=\"wp-block-list\">\n<li><strong>T1:<\/strong> Tumor &lt; 2 cm e limitado a um subs\u00edtio.<\/li>\n\n\n\n<li><strong>T2:<\/strong> Tumor entre 2-4 cm ou invade > 1 subs\u00edtio, sem fixa\u00e7\u00e3o da laringe.<\/li>\n\n\n\n<li><strong>T3:<\/strong> Tumor > 4 cm <strong>OU<\/strong> fixa\u00e7\u00e3o da hemilaringe.<\/li>\n\n\n\n<li><strong>T4a (Ressec\u00e1vel):<\/strong> Invade cartilagem tireoide\/cricoide, hioide, gl\u00e2ndula tireoide ou es\u00f4fago.<\/li>\n\n\n\n<li><strong>T4b (Irressec\u00e1vel):<\/strong> Invade f\u00e1scia pr\u00e9-vertebral, art\u00e9ria car\u00f3tida ou mediastino.<\/li>\n<\/ul>\n\n\n\n<h4 class=\"wp-block-heading\" id=\"h-estadiamento-t-glote-baseado-em-funcao-mobilidade\"><strong>Estadiamento T &#8211; Glote (Baseado em Fun\u00e7\u00e3o\/Mobilidade)<\/strong><\/h4>\n\n\n\n<ul class=\"wp-block-list\">\n<li><strong>T1:<\/strong> Limitado \u00e0s pregas vocais, com <strong>mobilidade normal<\/strong>.\n<ul class=\"wp-block-list\">\n<li><em>T1a:<\/em> Uma prega.<\/li>\n\n\n\n<li><em>T1b:<\/em> Ambas as pregas.<\/li>\n<\/ul>\n<\/li>\n\n\n\n<li><strong>T2:<\/strong> Extens\u00e3o para supraglote\/subglote ou mobilidade reduzida (paresia, n\u00e3o paralisia).<\/li>\n\n\n\n<li><strong>T3:<\/strong> Limitado \u00e0 laringe com <strong>paralisia<\/strong> de prega vocal.<\/li>\n\n\n\n<li><strong>T4a:<\/strong> Invas\u00e3o de cartilagem tireoide (face externa) ou tecidos moles adjacentes.<\/li>\n<\/ul>\n\n\n\n<h4 class=\"wp-block-heading\" id=\"h-estadiamento-n-linfonodos-unificado\"><strong>Estadiamento N (Linfonodos) &#8211; Unificado<\/strong><\/h4>\n\n\n\n<ul class=\"wp-block-list\">\n<li><strong>N1:<\/strong> \u00danico, ipsilateral, &lt;3 cm.<\/li>\n\n\n\n<li><strong>N2a:<\/strong> \u00danico, ipsilateral, 3-6 cm.<\/li>\n\n\n\n<li><strong>N2b:<\/strong> M\u00faltiplos, ipsilaterais, todos &lt; 6 cm.<\/li>\n\n\n\n<li><strong>N2c:<\/strong> Contralateral ou bilateral, &lt; 6 cm.<\/li>\n\n\n\n<li><strong>N3a:<\/strong> Qualquer linfonodo > 6 cm.<\/li>\n\n\n\n<li><strong>N3b:<\/strong> Extravasamento nodal (ENE+) cl\u00ednico.<\/li>\n<\/ul>\n\n\n\n<h3 class=\"wp-block-heading\" id=\"h-algoritmos-de-tratamento-e-decisao-terapeutica\"><span class=\"ez-toc-section\" id=\"Algoritmos_de_Tratamento_e_Decisao_Terapeutica\"><\/span><strong>Algoritmos de Tratamento e Decis\u00e3o Terap\u00eautica<\/strong><span class=\"ez-toc-section-end\"><\/span><\/h3>\n\n\n\n<p>A escolha entre cirurgia e radioterapia depende da funcionalidade da laringe.<\/p>\n\n\n\n<h4 class=\"wp-block-heading\" id=\"h-protocolo-de-preservacao-de-orgao\"><strong>Protocolo de Preserva\u00e7\u00e3o de \u00d3rg\u00e3o<\/strong><\/h4>\n\n\n\n<p>Indicado para tumores avan\u00e7ados (Est\u00e1dios III e IV), mas onde a laringe ainda \u00e9 <strong>funcionante<\/strong> (o paciente n\u00e3o broncoaspira maci\u00e7amente).<\/p>\n\n\n\n<ul class=\"wp-block-list\">\n<li><strong>Estrat\u00e9gia:<\/strong> Quimioterapia + Radioterapia (QT+RT).<\/li>\n\n\n\n<li><strong>Resgate:<\/strong> Se o tumor n\u00e3o responder ou recidivar, realiza-se a Laringectomia Total de resgate.<\/li>\n<\/ul>\n\n\n\n<h4 class=\"wp-block-heading\" id=\"h-quando-indicar-laringectomia-total-primaria\"><strong>Quando indicar Laringectomia Total Prim\u00e1ria?<\/strong><\/h4>\n\n\n\n<p>Quando a laringe j\u00e1 \u00e9 <strong>n\u00e3o funcionante<\/strong> ou h\u00e1 destrui\u00e7\u00e3o grosseira da cartilagem (T4a extenso), onde a RT n\u00e3o conseguiria restaurar a fun\u00e7\u00e3o.<\/p>\n\n\n\n<figure class=\"wp-block-image size-full is-resized\"><img loading=\"lazy\" decoding=\"async\" width=\"324\" height=\"399\" src=\"https:\/\/www.grupomedcof.com.br\/blog\/wp-content\/uploads\/2025\/11\/image-59.png\" alt=\"\" class=\"wp-image-41252\" style=\"aspect-ratio:0.8120227139220677;width:324px;height:auto\" srcset=\"https:\/\/www.grupomedcof.com.br\/blog\/wp-content\/uploads\/2025\/11\/image-59.png 324w, https:\/\/www.grupomedcof.com.br\/blog\/wp-content\/uploads\/2025\/11\/image-59-244x300.png 244w, https:\/\/www.grupomedcof.com.br\/blog\/wp-content\/uploads\/2025\/11\/image-59-150x185.png 150w, https:\/\/www.grupomedcof.com.br\/blog\/wp-content\/uploads\/2025\/11\/image-59-300x369.png 300w\" sizes=\"auto, (max-width: 324px) 100vw, 324px\" \/><figcaption class=\"wp-element-caption\">Laringectomia total. Fonte: Acervo de aulas do Grupo MedCof.\u00a0<\/figcaption><\/figure>\n\n\n\n<ul class=\"wp-block-list\">\n<li><strong>Objetivo:<\/strong> Cura oncol\u00f3gica e preven\u00e7\u00e3o de aspira\u00e7\u00e3o cr\u00f4nica (pneumonias).<\/li>\n<\/ul>\n\n\n\n<h4 class=\"wp-block-heading\" id=\"h-manejo-do-pescoco-esvaziamento-cervical\"><strong>Manejo do Pesco\u00e7o (Esvaziamento Cervical)<\/strong><\/h4>\n\n\n\n<p>A indica\u00e7\u00e3o varia conforme o risco de met\u00e1stase oculta:<\/p>\n\n\n\n<ol class=\"wp-block-list\">\n<li><strong>Supraglote e Hipofaringe:<\/strong> Sempre tratar o pesco\u00e7o (n\u00edveis II a IV, bilaterais muitas vezes), pois o risco de met\u00e1stase \u00e9 alt\u00edssimo, mesmo em N0 cl\u00ednico.<\/li>\n\n\n\n<li><strong>Glote T1\/T2:<\/strong> N\u00e3o se trata o pesco\u00e7o eletivamente (risco de met\u00e1stase oculta \u00e9 muito baixo).<\/li>\n\n\n\n<li><strong>Glote T3\/T4:<\/strong> Tratar pesco\u00e7o (n\u00edveis II a IV; incluir n\u00edvel VI se extens\u00e3o subgl\u00f3tica).<\/li>\n<\/ol>\n\n\n\n<h3 class=\"wp-block-heading\" id=\"h-reabilitacao-vocal-pos-laringectomia\"><span class=\"ez-toc-section\" id=\"Reabilitacao_Vocal_Pos-Laringectomia\"><\/span><strong>Reabilita\u00e7\u00e3o Vocal P\u00f3s-Laringectomia<\/strong><span class=\"ez-toc-section-end\"><\/span><\/h3>\n\n\n\n<p>Como o paciente vai falar sem as cordas vocais? Existem tr\u00eas m\u00e9todos principais:<\/p>\n\n\n\n<figure class=\"wp-block-image size-full\"><img loading=\"lazy\" decoding=\"async\" width=\"463\" height=\"504\" src=\"https:\/\/www.grupomedcof.com.br\/blog\/wp-content\/uploads\/2025\/11\/image-60.png\" alt=\"\" class=\"wp-image-41253\" srcset=\"https:\/\/www.grupomedcof.com.br\/blog\/wp-content\/uploads\/2025\/11\/image-60.png 463w, https:\/\/www.grupomedcof.com.br\/blog\/wp-content\/uploads\/2025\/11\/image-60-276x300.png 276w, https:\/\/www.grupomedcof.com.br\/blog\/wp-content\/uploads\/2025\/11\/image-60-386x420.png 386w, https:\/\/www.grupomedcof.com.br\/blog\/wp-content\/uploads\/2025\/11\/image-60-150x163.png 150w, https:\/\/www.grupomedcof.com.br\/blog\/wp-content\/uploads\/2025\/11\/image-60-300x327.png 300w\" sizes=\"auto, (max-width: 463px) 100vw, 463px\" \/><figcaption class=\"wp-element-caption\">Fonte: Acervo de aulas do Grupo MedCof.<\/figcaption><\/figure>\n\n\n\n<h2 class=\"wp-block-heading\" id=\"block-5f5cb8f6-10a4-44fc-809c-0c8b0d771b5c\"><span class=\"ez-toc-section\" id=\"Prepare-se_conosco\"><\/span><strong>Prepare-se conosco<\/strong><span class=\"ez-toc-section-end\"><\/span><\/h2>\n\n\n\n<p id=\"block-7dccef73-bd52-4480-9e26-82c4b6e8761f\">Quer se preparar para as provas de resid\u00eancia m\u00e9dica de 2025? Ent\u00e3o prepare-se com o&nbsp;<a href=\"https:\/\/www.grupomedcof.com.br\/home\/\" target=\"_blank\" rel=\"noreferrer noopener\">Grupo MedCof<\/a>&nbsp;e confira o v\u00eddeo no qual nossos especialistas tiram d\u00favidas sobre as&nbsp;<a href=\"https:\/\/www.grupomedcof.com.br\/blog\/presenca-da-medcof-nas-aprovacoes-em-residencia-medica-no-brasil\/\" target=\"_blank\" rel=\"noreferrer noopener\">principais resid\u00eancias<\/a>!<\/p>\n\n\n\n<figure class=\"wp-block-embed is-type-video is-provider-youtube wp-block-embed-youtube wp-embed-aspect-16-9 wp-has-aspect-ratio\"><div class=\"wp-block-embed__wrapper\">\n<div class=\"youtube-embed\" data-video_id=\"LpAjVJBY2NI\"><iframe loading=\"lazy\" title=\"COFEXPRESS - Prolapso genital. Com Dra. Juliana Ribeiro\" width=\"696\" height=\"392\" src=\"https:\/\/www.youtube.com\/embed\/LpAjVJBY2NI?feature=oembed&#038;enablejsapi=1\" frameborder=\"0\" allow=\"accelerometer; autoplay; clipboard-write; encrypted-media; gyroscope; picture-in-picture; web-share\" referrerpolicy=\"strict-origin-when-cross-origin\" allowfullscreen><\/iframe><\/div>\n<\/div><\/figure>\n","protected":false},"excerpt":{"rendered":"<p>Descubra as principais doen\u00e7as que afetam a faringe e a laringe, seus sintomas, causas, patologias e tratamentos!<\/p>\n","protected":false},"author":21,"featured_media":39679,"comment_status":"closed","ping_status":"closed","sticky":false,"template":"","format":"standard","meta":{"footnotes":""},"categories":[1203],"tags":[1870],"ppma_author":[3617],"class_list":{"0":"post-39678","1":"post","2":"type-post","3":"status-publish","4":"format-standard","5":"has-post-thumbnail","7":"category-otorrinolaringologia","8":"tag-otorrinolaringologia"},"yoast_head":"<!-- This site is optimized with the Yoast SEO Premium plugin v24.3 (Yoast SEO v27.4) - https:\/\/yoast.com\/product\/yoast-seo-premium-wordpress\/ -->\n<title>Doen\u00e7as da Faringe e Laringe: principais patologias, sintomas e tratamentos - Blog de Medcof: conte\u00fados, editais, revalida e mais!<\/title>\n<meta name=\"description\" content=\"Descubra as principais doen\u00e7as que afetam a faringe e a laringe, seus sintomas, causas, patologias e tratamentos!\" \/>\n<meta name=\"robots\" content=\"index, follow, max-snippet:-1, max-image-preview:large, max-video-preview:-1\" \/>\n<link rel=\"canonical\" href=\"https:\/\/www.grupomedcof.com.br\/blog\/doencas-da-faringe-laringe-sintomas-tratamentos\/\" \/>\n<meta property=\"og:locale\" content=\"pt_BR\" \/>\n<meta property=\"og:type\" content=\"article\" \/>\n<meta property=\"og:title\" content=\"Doen\u00e7as da Faringe e Laringe: principais patologias, sintomas e tratamentos\" \/>\n<meta property=\"og:description\" content=\"Descubra as principais doen\u00e7as que afetam a faringe e a laringe, seus sintomas, causas, patologias e tratamentos!\" \/>\n<meta property=\"og:url\" content=\"https:\/\/www.grupomedcof.com.br\/blog\/doencas-da-faringe-laringe-sintomas-tratamentos\/\" \/>\n<meta property=\"og:site_name\" content=\"Blog de Medcof: conte\u00fados, editais, revalida e mais!\" \/>\n<meta property=\"article:publisher\" content=\"https:\/\/www.facebook.com\/MedCofQbank\/\" \/>\n<meta property=\"article:published_time\" content=\"2025-11-26T10:30:00+00:00\" \/>\n<meta property=\"article:modified_time\" content=\"2026-01-30T14:16:47+00:00\" \/>\n<meta property=\"og:image\" content=\"https:\/\/www.grupomedcof.com.br\/blog\/wp-content\/uploads\/2025\/11\/Revalida-10.jpg\" \/>\n\t<meta property=\"og:image:width\" content=\"1920\" \/>\n\t<meta property=\"og:image:height\" content=\"1080\" \/>\n\t<meta property=\"og:image:type\" content=\"image\/jpeg\" \/>\n<meta name=\"author\" content=\"Kiara Adelino\" \/>\n<meta name=\"twitter:card\" content=\"summary_large_image\" \/>\n<meta name=\"twitter:label1\" content=\"Escrito por\" \/>\n\t<meta name=\"twitter:data1\" content=\"Kiara Adelino\" \/>\n\t<meta name=\"twitter:label2\" content=\"Est. tempo de leitura\" \/>\n\t<meta name=\"twitter:data2\" content=\"16 minutos\" \/>\n<script type=\"application\/ld+json\" class=\"yoast-schema-graph\">{\"@context\":\"https:\\\/\\\/schema.org\",\"@graph\":[{\"@type\":\"Article\",\"@id\":\"https:\\\/\\\/www.grupomedcof.com.br\\\/blog\\\/doencas-da-faringe-laringe-sintomas-tratamentos\\\/#article\",\"isPartOf\":{\"@id\":\"https:\\\/\\\/www.grupomedcof.com.br\\\/blog\\\/doencas-da-faringe-laringe-sintomas-tratamentos\\\/\"},\"author\":{\"name\":\"Kiara Adelino\",\"@id\":\"https:\\\/\\\/www.grupomedcof.com.br\\\/blog\\\/#\\\/schema\\\/person\\\/db19a651f86c5fc202d6eee744fd3292\"},\"headline\":\"Doen\u00e7as da Faringe e Laringe: principais patologias, sintomas e tratamentos\",\"datePublished\":\"2025-11-26T10:30:00+00:00\",\"dateModified\":\"2026-01-30T14:16:47+00:00\",\"mainEntityOfPage\":{\"@id\":\"https:\\\/\\\/www.grupomedcof.com.br\\\/blog\\\/doencas-da-faringe-laringe-sintomas-tratamentos\\\/\"},\"wordCount\":2582,\"publisher\":{\"@id\":\"https:\\\/\\\/www.grupomedcof.com.br\\\/blog\\\/#organization\"},\"image\":{\"@id\":\"https:\\\/\\\/www.grupomedcof.com.br\\\/blog\\\/doencas-da-faringe-laringe-sintomas-tratamentos\\\/#primaryimage\"},\"thumbnailUrl\":\"https:\\\/\\\/www.grupomedcof.com.br\\\/blog\\\/wp-content\\\/uploads\\\/2025\\\/11\\\/Revalida-10.jpg\",\"keywords\":[\"Otorrinolaringologia\"],\"articleSection\":[\"Otorrinolaringologia\"],\"inLanguage\":\"pt-BR\"},{\"@type\":\"WebPage\",\"@id\":\"https:\\\/\\\/www.grupomedcof.com.br\\\/blog\\\/doencas-da-faringe-laringe-sintomas-tratamentos\\\/\",\"url\":\"https:\\\/\\\/www.grupomedcof.com.br\\\/blog\\\/doencas-da-faringe-laringe-sintomas-tratamentos\\\/\",\"name\":\"Doen\u00e7as da Faringe e Laringe: principais patologias, sintomas e tratamentos - Blog de Medcof: conte\u00fados, editais, revalida e mais!\",\"isPartOf\":{\"@id\":\"https:\\\/\\\/www.grupomedcof.com.br\\\/blog\\\/#website\"},\"primaryImageOfPage\":{\"@id\":\"https:\\\/\\\/www.grupomedcof.com.br\\\/blog\\\/doencas-da-faringe-laringe-sintomas-tratamentos\\\/#primaryimage\"},\"image\":{\"@id\":\"https:\\\/\\\/www.grupomedcof.com.br\\\/blog\\\/doencas-da-faringe-laringe-sintomas-tratamentos\\\/#primaryimage\"},\"thumbnailUrl\":\"https:\\\/\\\/www.grupomedcof.com.br\\\/blog\\\/wp-content\\\/uploads\\\/2025\\\/11\\\/Revalida-10.jpg\",\"datePublished\":\"2025-11-26T10:30:00+00:00\",\"dateModified\":\"2026-01-30T14:16:47+00:00\",\"description\":\"Descubra as principais doen\u00e7as que afetam a faringe e a laringe, seus sintomas, causas, patologias e tratamentos!\",\"breadcrumb\":{\"@id\":\"https:\\\/\\\/www.grupomedcof.com.br\\\/blog\\\/doencas-da-faringe-laringe-sintomas-tratamentos\\\/#breadcrumb\"},\"inLanguage\":\"pt-BR\",\"potentialAction\":[{\"@type\":\"ReadAction\",\"target\":[\"https:\\\/\\\/www.grupomedcof.com.br\\\/blog\\\/doencas-da-faringe-laringe-sintomas-tratamentos\\\/\"]}]},{\"@type\":\"ImageObject\",\"inLanguage\":\"pt-BR\",\"@id\":\"https:\\\/\\\/www.grupomedcof.com.br\\\/blog\\\/doencas-da-faringe-laringe-sintomas-tratamentos\\\/#primaryimage\",\"url\":\"https:\\\/\\\/www.grupomedcof.com.br\\\/blog\\\/wp-content\\\/uploads\\\/2025\\\/11\\\/Revalida-10.jpg\",\"contentUrl\":\"https:\\\/\\\/www.grupomedcof.com.br\\\/blog\\\/wp-content\\\/uploads\\\/2025\\\/11\\\/Revalida-10.jpg\",\"width\":1920,\"height\":1080,\"caption\":\"bucofaringolaringologia\"},{\"@type\":\"BreadcrumbList\",\"@id\":\"https:\\\/\\\/www.grupomedcof.com.br\\\/blog\\\/doencas-da-faringe-laringe-sintomas-tratamentos\\\/#breadcrumb\",\"itemListElement\":[{\"@type\":\"ListItem\",\"position\":1,\"name\":\"In\u00edcio\",\"item\":\"https:\\\/\\\/www.grupomedcof.com.br\\\/blog\\\/\"},{\"@type\":\"ListItem\",\"position\":2,\"name\":\"Doen\u00e7as da Faringe e Laringe: principais patologias, sintomas e tratamentos\"}]},{\"@type\":\"WebSite\",\"@id\":\"https:\\\/\\\/www.grupomedcof.com.br\\\/blog\\\/#website\",\"url\":\"https:\\\/\\\/www.grupomedcof.com.br\\\/blog\\\/\",\"name\":\"Blog de Medcof: conte\u00fados, editais, revalida e mais!\",\"description\":\"Acesso o blog de MedCof! Seu portal de conte\u00fados sobre resid\u00eancia m\u00e9dica, an\u00e1lise e editais e muito mais. Clique e confira!\",\"publisher\":{\"@id\":\"https:\\\/\\\/www.grupomedcof.com.br\\\/blog\\\/#organization\"},\"alternateName\":\"Blog de Medcof: conte\u00fados, editais, revalida e mais!\",\"potentialAction\":[{\"@type\":\"SearchAction\",\"target\":{\"@type\":\"EntryPoint\",\"urlTemplate\":\"https:\\\/\\\/www.grupomedcof.com.br\\\/blog\\\/?s={search_term_string}\"},\"query-input\":{\"@type\":\"PropertyValueSpecification\",\"valueRequired\":true,\"valueName\":\"search_term_string\"}}],\"inLanguage\":\"pt-BR\"},{\"@type\":\"Organization\",\"@id\":\"https:\\\/\\\/www.grupomedcof.com.br\\\/blog\\\/#organization\",\"name\":\"Grupo MedCof\",\"url\":\"https:\\\/\\\/www.grupomedcof.com.br\\\/blog\\\/\",\"logo\":{\"@type\":\"ImageObject\",\"inLanguage\":\"pt-BR\",\"@id\":\"https:\\\/\\\/www.grupomedcof.com.br\\\/blog\\\/#\\\/schema\\\/logo\\\/image\\\/\",\"url\":\"https:\\\/\\\/www.grupomedcof.com.br\\\/blog\\\/wp-content\\\/uploads\\\/2022\\\/01\\\/logo-medcof.png\",\"contentUrl\":\"https:\\\/\\\/www.grupomedcof.com.br\\\/blog\\\/wp-content\\\/uploads\\\/2022\\\/01\\\/logo-medcof.png\",\"width\":768,\"height\":269,\"caption\":\"Grupo MedCof\"},\"image\":{\"@id\":\"https:\\\/\\\/www.grupomedcof.com.br\\\/blog\\\/#\\\/schema\\\/logo\\\/image\\\/\"},\"sameAs\":[\"https:\\\/\\\/www.facebook.com\\\/MedCofQbank\\\/\",\"https:\\\/\\\/www.instagram.com\\\/grupomedcof\\\/\",\"https:\\\/\\\/br.linkedin.com\\\/company\\\/medcof\",\"https:\\\/\\\/www.youtube.com\\\/channel\\\/UCdHMuOHKICxcHwecxN8P-AA\"]},{\"@type\":\"Person\",\"@id\":\"https:\\\/\\\/www.grupomedcof.com.br\\\/blog\\\/#\\\/schema\\\/person\\\/db19a651f86c5fc202d6eee744fd3292\",\"name\":\"Kiara Adelino\",\"image\":{\"@type\":\"ImageObject\",\"inLanguage\":\"pt-BR\",\"@id\":\"https:\\\/\\\/www.grupomedcof.com.br\\\/blog\\\/wp-content\\\/uploads\\\/2024\\\/08\\\/cropped-Kiara-Adelino2-96x96.jpega85663bdda67261f8f06f86e555e1e49\",\"url\":\"https:\\\/\\\/www.grupomedcof.com.br\\\/blog\\\/wp-content\\\/uploads\\\/2024\\\/08\\\/cropped-Kiara-Adelino2-96x96.jpeg\",\"contentUrl\":\"https:\\\/\\\/www.grupomedcof.com.br\\\/blog\\\/wp-content\\\/uploads\\\/2024\\\/08\\\/cropped-Kiara-Adelino2-96x96.jpeg\",\"caption\":\"Kiara Adelino\"},\"description\":\"Estudante do 5\u00b0 semestre de Medicina. Gosto bastante de aprender coisas novas, principalmente na \u00e1rea de Neurologia e Anatomia humana.\",\"url\":\"https:\\\/\\\/www.grupomedcof.com.br\\\/blog\\\/author\\\/kiara-adelino\\\/\"}]}<\/script>\n<!-- \/ Yoast SEO Premium plugin. -->","yoast_head_json":{"title":"Doen\u00e7as da Faringe e Laringe: principais patologias, sintomas e tratamentos - Blog de Medcof: conte\u00fados, editais, revalida e mais!","description":"Descubra as principais doen\u00e7as que afetam a faringe e a laringe, seus sintomas, causas, patologias e tratamentos!","robots":{"index":"index","follow":"follow","max-snippet":"max-snippet:-1","max-image-preview":"max-image-preview:large","max-video-preview":"max-video-preview:-1"},"canonical":"https:\/\/www.grupomedcof.com.br\/blog\/doencas-da-faringe-laringe-sintomas-tratamentos\/","og_locale":"pt_BR","og_type":"article","og_title":"Doen\u00e7as da Faringe e Laringe: principais patologias, sintomas e tratamentos","og_description":"Descubra as principais doen\u00e7as que afetam a faringe e a laringe, seus sintomas, causas, patologias e tratamentos!","og_url":"https:\/\/www.grupomedcof.com.br\/blog\/doencas-da-faringe-laringe-sintomas-tratamentos\/","og_site_name":"Blog de Medcof: conte\u00fados, editais, revalida e mais!","article_publisher":"https:\/\/www.facebook.com\/MedCofQbank\/","article_published_time":"2025-11-26T10:30:00+00:00","article_modified_time":"2026-01-30T14:16:47+00:00","og_image":[{"width":1920,"height":1080,"url":"https:\/\/www.grupomedcof.com.br\/blog\/wp-content\/uploads\/2025\/11\/Revalida-10.jpg","type":"image\/jpeg"}],"author":"Kiara Adelino","twitter_card":"summary_large_image","twitter_misc":{"Escrito por":"Kiara Adelino","Est. tempo de leitura":"16 minutos"},"schema":{"@context":"https:\/\/schema.org","@graph":[{"@type":"Article","@id":"https:\/\/www.grupomedcof.com.br\/blog\/doencas-da-faringe-laringe-sintomas-tratamentos\/#article","isPartOf":{"@id":"https:\/\/www.grupomedcof.com.br\/blog\/doencas-da-faringe-laringe-sintomas-tratamentos\/"},"author":{"name":"Kiara Adelino","@id":"https:\/\/www.grupomedcof.com.br\/blog\/#\/schema\/person\/db19a651f86c5fc202d6eee744fd3292"},"headline":"Doen\u00e7as da Faringe e Laringe: principais patologias, sintomas e tratamentos","datePublished":"2025-11-26T10:30:00+00:00","dateModified":"2026-01-30T14:16:47+00:00","mainEntityOfPage":{"@id":"https:\/\/www.grupomedcof.com.br\/blog\/doencas-da-faringe-laringe-sintomas-tratamentos\/"},"wordCount":2582,"publisher":{"@id":"https:\/\/www.grupomedcof.com.br\/blog\/#organization"},"image":{"@id":"https:\/\/www.grupomedcof.com.br\/blog\/doencas-da-faringe-laringe-sintomas-tratamentos\/#primaryimage"},"thumbnailUrl":"https:\/\/www.grupomedcof.com.br\/blog\/wp-content\/uploads\/2025\/11\/Revalida-10.jpg","keywords":["Otorrinolaringologia"],"articleSection":["Otorrinolaringologia"],"inLanguage":"pt-BR"},{"@type":"WebPage","@id":"https:\/\/www.grupomedcof.com.br\/blog\/doencas-da-faringe-laringe-sintomas-tratamentos\/","url":"https:\/\/www.grupomedcof.com.br\/blog\/doencas-da-faringe-laringe-sintomas-tratamentos\/","name":"Doen\u00e7as da Faringe e Laringe: principais patologias, sintomas e tratamentos - Blog de Medcof: conte\u00fados, editais, revalida e mais!","isPartOf":{"@id":"https:\/\/www.grupomedcof.com.br\/blog\/#website"},"primaryImageOfPage":{"@id":"https:\/\/www.grupomedcof.com.br\/blog\/doencas-da-faringe-laringe-sintomas-tratamentos\/#primaryimage"},"image":{"@id":"https:\/\/www.grupomedcof.com.br\/blog\/doencas-da-faringe-laringe-sintomas-tratamentos\/#primaryimage"},"thumbnailUrl":"https:\/\/www.grupomedcof.com.br\/blog\/wp-content\/uploads\/2025\/11\/Revalida-10.jpg","datePublished":"2025-11-26T10:30:00+00:00","dateModified":"2026-01-30T14:16:47+00:00","description":"Descubra as principais doen\u00e7as que afetam a faringe e a laringe, seus sintomas, causas, patologias e tratamentos!","breadcrumb":{"@id":"https:\/\/www.grupomedcof.com.br\/blog\/doencas-da-faringe-laringe-sintomas-tratamentos\/#breadcrumb"},"inLanguage":"pt-BR","potentialAction":[{"@type":"ReadAction","target":["https:\/\/www.grupomedcof.com.br\/blog\/doencas-da-faringe-laringe-sintomas-tratamentos\/"]}]},{"@type":"ImageObject","inLanguage":"pt-BR","@id":"https:\/\/www.grupomedcof.com.br\/blog\/doencas-da-faringe-laringe-sintomas-tratamentos\/#primaryimage","url":"https:\/\/www.grupomedcof.com.br\/blog\/wp-content\/uploads\/2025\/11\/Revalida-10.jpg","contentUrl":"https:\/\/www.grupomedcof.com.br\/blog\/wp-content\/uploads\/2025\/11\/Revalida-10.jpg","width":1920,"height":1080,"caption":"bucofaringolaringologia"},{"@type":"BreadcrumbList","@id":"https:\/\/www.grupomedcof.com.br\/blog\/doencas-da-faringe-laringe-sintomas-tratamentos\/#breadcrumb","itemListElement":[{"@type":"ListItem","position":1,"name":"In\u00edcio","item":"https:\/\/www.grupomedcof.com.br\/blog\/"},{"@type":"ListItem","position":2,"name":"Doen\u00e7as da Faringe e Laringe: principais patologias, sintomas e tratamentos"}]},{"@type":"WebSite","@id":"https:\/\/www.grupomedcof.com.br\/blog\/#website","url":"https:\/\/www.grupomedcof.com.br\/blog\/","name":"Blog de Medcof: conte\u00fados, editais, revalida e mais!","description":"Acesso o blog de MedCof! Seu portal de conte\u00fados sobre resid\u00eancia m\u00e9dica, an\u00e1lise e editais e muito mais. Clique e confira!","publisher":{"@id":"https:\/\/www.grupomedcof.com.br\/blog\/#organization"},"alternateName":"Blog de Medcof: conte\u00fados, editais, revalida e mais!","potentialAction":[{"@type":"SearchAction","target":{"@type":"EntryPoint","urlTemplate":"https:\/\/www.grupomedcof.com.br\/blog\/?s={search_term_string}"},"query-input":{"@type":"PropertyValueSpecification","valueRequired":true,"valueName":"search_term_string"}}],"inLanguage":"pt-BR"},{"@type":"Organization","@id":"https:\/\/www.grupomedcof.com.br\/blog\/#organization","name":"Grupo MedCof","url":"https:\/\/www.grupomedcof.com.br\/blog\/","logo":{"@type":"ImageObject","inLanguage":"pt-BR","@id":"https:\/\/www.grupomedcof.com.br\/blog\/#\/schema\/logo\/image\/","url":"https:\/\/www.grupomedcof.com.br\/blog\/wp-content\/uploads\/2022\/01\/logo-medcof.png","contentUrl":"https:\/\/www.grupomedcof.com.br\/blog\/wp-content\/uploads\/2022\/01\/logo-medcof.png","width":768,"height":269,"caption":"Grupo MedCof"},"image":{"@id":"https:\/\/www.grupomedcof.com.br\/blog\/#\/schema\/logo\/image\/"},"sameAs":["https:\/\/www.facebook.com\/MedCofQbank\/","https:\/\/www.instagram.com\/grupomedcof\/","https:\/\/br.linkedin.com\/company\/medcof","https:\/\/www.youtube.com\/channel\/UCdHMuOHKICxcHwecxN8P-AA"]},{"@type":"Person","@id":"https:\/\/www.grupomedcof.com.br\/blog\/#\/schema\/person\/db19a651f86c5fc202d6eee744fd3292","name":"Kiara Adelino","image":{"@type":"ImageObject","inLanguage":"pt-BR","@id":"https:\/\/www.grupomedcof.com.br\/blog\/wp-content\/uploads\/2024\/08\/cropped-Kiara-Adelino2-96x96.jpega85663bdda67261f8f06f86e555e1e49","url":"https:\/\/www.grupomedcof.com.br\/blog\/wp-content\/uploads\/2024\/08\/cropped-Kiara-Adelino2-96x96.jpeg","contentUrl":"https:\/\/www.grupomedcof.com.br\/blog\/wp-content\/uploads\/2024\/08\/cropped-Kiara-Adelino2-96x96.jpeg","caption":"Kiara Adelino"},"description":"Estudante do 5\u00b0 semestre de Medicina. Gosto bastante de aprender coisas novas, principalmente na \u00e1rea de Neurologia e Anatomia humana.","url":"https:\/\/www.grupomedcof.com.br\/blog\/author\/kiara-adelino\/"}]}},"authors":[{"term_id":3617,"user_id":21,"is_guest":0,"slug":"kiara-adelino","display_name":"Kiara Adelino","avatar_url":"https:\/\/www.grupomedcof.com.br\/blog\/wp-content\/uploads\/2024\/08\/cropped-Kiara-Adelino2-96x96.jpeg","0":null,"1":"","2":"","3":"","4":"","5":"","6":"","7":"","8":""}],"_links":{"self":[{"href":"https:\/\/www.grupomedcof.com.br\/blog\/wp-json\/wp\/v2\/posts\/39678","targetHints":{"allow":["GET"]}}],"collection":[{"href":"https:\/\/www.grupomedcof.com.br\/blog\/wp-json\/wp\/v2\/posts"}],"about":[{"href":"https:\/\/www.grupomedcof.com.br\/blog\/wp-json\/wp\/v2\/types\/post"}],"author":[{"embeddable":true,"href":"https:\/\/www.grupomedcof.com.br\/blog\/wp-json\/wp\/v2\/users\/21"}],"replies":[{"embeddable":true,"href":"https:\/\/www.grupomedcof.com.br\/blog\/wp-json\/wp\/v2\/comments?post=39678"}],"version-history":[{"count":3,"href":"https:\/\/www.grupomedcof.com.br\/blog\/wp-json\/wp\/v2\/posts\/39678\/revisions"}],"predecessor-version":[{"id":41254,"href":"https:\/\/www.grupomedcof.com.br\/blog\/wp-json\/wp\/v2\/posts\/39678\/revisions\/41254"}],"wp:featuredmedia":[{"embeddable":true,"href":"https:\/\/www.grupomedcof.com.br\/blog\/wp-json\/wp\/v2\/media\/39679"}],"wp:attachment":[{"href":"https:\/\/www.grupomedcof.com.br\/blog\/wp-json\/wp\/v2\/media?parent=39678"}],"wp:term":[{"taxonomy":"category","embeddable":true,"href":"https:\/\/www.grupomedcof.com.br\/blog\/wp-json\/wp\/v2\/categories?post=39678"},{"taxonomy":"post_tag","embeddable":true,"href":"https:\/\/www.grupomedcof.com.br\/blog\/wp-json\/wp\/v2\/tags?post=39678"},{"taxonomy":"author","embeddable":true,"href":"https:\/\/www.grupomedcof.com.br\/blog\/wp-json\/wp\/v2\/ppma_author?post=39678"}],"curies":[{"name":"wp","href":"https:\/\/api.w.org\/{rel}","templated":true}]}}