{"id":39777,"date":"2025-11-26T10:55:31","date_gmt":"2025-11-26T13:55:31","guid":{"rendered":"https:\/\/www.grupomedcof.com.br\/blog\/?p=39777"},"modified":"2025-11-26T10:55:34","modified_gmt":"2025-11-26T13:55:34","slug":"edital-residencia-medica-resimed","status":"publish","type":"post","link":"https:\/\/www.grupomedcof.com.br\/blog\/edital-residencia-medica-resimed\/","title":{"rendered":"Edital RESIMED para resid\u00eancia m\u00e9dica 2025\/2026"},"content":{"rendered":"<div id=\"ez-toc-container\" class=\"ez-toc-v2_0_74 counter-hierarchy ez-toc-counter ez-toc-transparent ez-toc-container-direction\">\n<div class=\"ez-toc-title-container\">\n<p class=\"ez-toc-title\" style=\"cursor:inherit\">Sum\u00e1rio<\/p>\n<span class=\"ez-toc-title-toggle\"><a href=\"#\" class=\"ez-toc-pull-right ez-toc-btn ez-toc-btn-xs ez-toc-btn-default ez-toc-toggle\" aria-label=\"Alternar tabela de conte\u00fado\"><span class=\"ez-toc-js-icon-con\"><span class=\"\"><span class=\"eztoc-hide\" style=\"display:none;\">Toggle<\/span><span class=\"ez-toc-icon-toggle-span\"><svg style=\"fill: #999;color:#999\" xmlns=\"http:\/\/www.w3.org\/2000\/svg\" class=\"list-377408\" width=\"20px\" height=\"20px\" viewBox=\"0 0 24 24\" fill=\"none\"><path d=\"M6 6H4v2h2V6zm14 0H8v2h12V6zM4 11h2v2H4v-2zm16 0H8v2h12v-2zM4 16h2v2H4v-2zm16 0H8v2h12v-2z\" fill=\"currentColor\"><\/path><\/svg><svg style=\"fill: #999;color:#999\" class=\"arrow-unsorted-368013\" xmlns=\"http:\/\/www.w3.org\/2000\/svg\" width=\"10px\" height=\"10px\" viewBox=\"0 0 24 24\" version=\"1.2\" baseProfile=\"tiny\"><path d=\"M18.2 9.3l-6.2-6.3-6.2 6.3c-.2.2-.3.4-.3.7s.1.5.3.7c.2.2.4.3.7.3h11c.3 0 .5-.1.7-.3.2-.2.3-.5.3-.7s-.1-.5-.3-.7zM5.8 14.7l6.2 6.3 6.2-6.3c.2-.2.3-.5.3-.7s-.1-.5-.3-.7c-.2-.2-.4-.3-.7-.3h-11c-.3 0-.5.1-.7.3-.2.2-.3.5-.3.7s.1.5.3.7z\"\/><\/svg><\/span><\/span><\/span><\/a><\/span><\/div>\n<nav><ul class='ez-toc-list ez-toc-list-level-1 ' ><li class='ez-toc-page-1 ez-toc-heading-level-2'><a class=\"ez-toc-link ez-toc-heading-1\" href=\"https:\/\/www.grupomedcof.com.br\/blog\/edital-residencia-medica-resimed\/#Informacoes_edital_RESIMED_20252026\" >Informa\u00e7\u00f5es edital RESIMED 2025\/2026<\/a><\/li><li class='ez-toc-page-1 ez-toc-heading-level-2'><a class=\"ez-toc-link ez-toc-heading-2\" href=\"https:\/\/www.grupomedcof.com.br\/blog\/edital-residencia-medica-resimed\/#Vagas_ofertadas\" >Vagas ofertadas<\/a><\/li><li class='ez-toc-page-1 ez-toc-heading-level-2'><a class=\"ez-toc-link ez-toc-heading-3\" href=\"https:\/\/www.grupomedcof.com.br\/blog\/edital-residencia-medica-resimed\/#Processo_Seletivo_RESIMED_20252026\" >Processo Seletivo RESIMED 2025\/2026<\/a><\/li><li class='ez-toc-page-1 ez-toc-heading-level-2'><a class=\"ez-toc-link ez-toc-heading-4\" href=\"https:\/\/www.grupomedcof.com.br\/blog\/edital-residencia-medica-resimed\/#Cronograma_RESIMED_20252026\" >Cronograma RESIMED 2025\/2026<\/a><\/li><li class='ez-toc-page-1 ez-toc-heading-level-2'><a class=\"ez-toc-link ez-toc-heading-5\" href=\"https:\/\/www.grupomedcof.com.br\/blog\/edital-residencia-medica-resimed\/#Edital_RESIMED_20252026\" >Edital RESIMED 2025\/2026<\/a><\/li><li class='ez-toc-page-1 ez-toc-heading-level-2'><a class=\"ez-toc-link ez-toc-heading-6\" href=\"https:\/\/www.grupomedcof.com.br\/blog\/edital-residencia-medica-resimed\/#Garanta_sua_vaga_na_residencia_medica_com_as_melhores_condicoes_do_ano\" >Garanta sua vaga na resid\u00eancia m\u00e9dica com as melhores condi\u00e7\u00f5es do ano!<\/a><\/li><\/ul><\/nav><\/div>\n\n<figure class=\"wp-block-image size-large\"><img loading=\"lazy\" decoding=\"async\" width=\"1024\" height=\"576\" src=\"https:\/\/www.grupomedcof.com.br\/blog\/wp-content\/uploads\/2025\/11\/Modelo-instituicoes-2025-11-26T105325.856-1024x576.jpg\" alt=\"\" class=\"wp-image-39781\" srcset=\"https:\/\/www.grupomedcof.com.br\/blog\/wp-content\/uploads\/2025\/11\/Modelo-instituicoes-2025-11-26T105325.856-1024x576.jpg 1024w, https:\/\/www.grupomedcof.com.br\/blog\/wp-content\/uploads\/2025\/11\/Modelo-instituicoes-2025-11-26T105325.856-300x169.jpg 300w, https:\/\/www.grupomedcof.com.br\/blog\/wp-content\/uploads\/2025\/11\/Modelo-instituicoes-2025-11-26T105325.856-768x432.jpg 768w, https:\/\/www.grupomedcof.com.br\/blog\/wp-content\/uploads\/2025\/11\/Modelo-instituicoes-2025-11-26T105325.856-1536x864.jpg 1536w, https:\/\/www.grupomedcof.com.br\/blog\/wp-content\/uploads\/2025\/11\/Modelo-instituicoes-2025-11-26T105325.856-747x420.jpg 747w, https:\/\/www.grupomedcof.com.br\/blog\/wp-content\/uploads\/2025\/11\/Modelo-instituicoes-2025-11-26T105325.856-150x84.jpg 150w, https:\/\/www.grupomedcof.com.br\/blog\/wp-content\/uploads\/2025\/11\/Modelo-instituicoes-2025-11-26T105325.856-696x392.jpg 696w, https:\/\/www.grupomedcof.com.br\/blog\/wp-content\/uploads\/2025\/11\/Modelo-instituicoes-2025-11-26T105325.856-1068x601.jpg 1068w, https:\/\/www.grupomedcof.com.br\/blog\/wp-content\/uploads\/2025\/11\/Modelo-instituicoes-2025-11-26T105325.856.jpg 1920w\" sizes=\"auto, (max-width: 1024px) 100vw, 1024px\" \/><\/figure>\n\n\n\n<p>A <strong>ECONRIO<\/strong> divulgou o edital para o <strong>processo seletivo unificado <\/strong>do <strong>RESIMED<\/strong> com ingresso em 2026. Veja todos os detalhes aqui!<\/p>\n\n\n\n<h2 class=\"wp-block-heading\" id=\"h-informacoes-edital-resimed-2025-2026\"><span class=\"ez-toc-section\" id=\"Informacoes_edital_RESIMED_20252026\"><\/span><strong>Informa\u00e7\u00f5es edital RESIMED 2025\/2026<\/strong><span class=\"ez-toc-section-end\"><\/span><\/h2>\n\n\n\n<p>Conforme edital disponibilizado em novembro, as <a href=\"https:\/\/econrio.com.br\/index.php\/course\/processo-seletivo-residencia-medica-resimed-2026\/\" target=\"_blank\" rel=\"noreferrer noopener\">inscri\u00e7\u00f5es <\/a>para a sele\u00e7\u00e3o ser\u00e3o das\u00a0<strong>9h do dia 8 de dezembro de 2025 at\u00e9 \u00e0s 18h do dia 19 de janeiro de 2026<\/strong>, mediante pagamento da taxa no valor de <strong>R$550,00<\/strong>.<\/p>\n\n\n\n<p>Desse modo, os candidatos ser\u00e3o avaliados por meio de duas fases, sendo elas a <strong>prova objetiva e a an\u00e1lise curricular.<\/strong><\/p>\n\n\n\n<h2 class=\"wp-block-heading\" id=\"h-vagas-ofertadas\"><span class=\"ez-toc-section\" id=\"Vagas_ofertadas\"><\/span><strong>Vagas ofertadas<\/strong><span class=\"ez-toc-section-end\"><\/span><\/h2>\n\n\n\n<figure class=\"wp-block-table\"><table class=\"has-fixed-layout\"><thead><tr><th>Especialidades<\/th><th>Hospital<\/th><th>Vagas Totais<\/th><\/tr><\/thead><tbody><tr><td>Cl\u00ednica M\u00e9dica<\/td><td>Casa de Sa\u00fade S\u00e3o Jos\u00e9 \u2013 Rio de Janeiro\/RJ<\/td><td>02*<\/td><\/tr><tr><td>Cl\u00ednica M\u00e9dica<\/td><td>Hospital Unimed Volta Redonda \u2013 Volta Redonda\/RJ<\/td><td>02<\/td><\/tr><tr><td>Medicina Intensiva<\/td><td>Casa de Sa\u00fade S\u00e3o Jos\u00e9 \u2013 Rio de Janeiro\/RJ<\/td><td>02<\/td><\/tr><tr><td>Medicina Intensiva<\/td><td>Hospital Unimed Volta Redonda \u2013 Volta Redonda\/RJ<\/td><td>02<\/td><\/tr><tr><td>Cirurgia Geral<\/td><td>Santa Casa de Limeira<\/td><td>01<\/td><\/tr><tr><td>Cl\u00ednica M\u00e9dica<\/td><td>Santa Casa de Rio Claro<\/td><td>02<\/td><\/tr><tr><td>Ginecologia e Obstetr\u00edcia<\/td><td>Santa Casa de Rio Claro<\/td><td>02<\/td><\/tr><tr><td>Pediatria<\/td><td>Santa Casa de Limeira<\/td><td>01<\/td><\/tr><tr><td>Cardiologia<\/td><td>Casa de Sa\u00fade S\u00e3o Jos\u00e9 \u2013 Rio de Janeiro\/RJ<\/td><td>01<\/td><\/tr><tr><td>Medicina Intensiva Pedi\u00e1trica<\/td><td>Hospital Unimed Volta Redonda \u2013 Volta Redonda\/RJ<\/td><td>02<\/td><\/tr><\/tbody><\/table><figcaption class=\"wp-element-caption\">*Vaga bloqueada<\/figcaption><\/figure>\n\n\n\n<figure class=\"wp-block-image size-large\"><img loading=\"lazy\" decoding=\"async\" width=\"1024\" height=\"214\" src=\"https:\/\/www.grupomedcof.com.br\/blog\/wp-content\/uploads\/2025\/09\/Banner-Blog-TEEM-1024x214.png\" alt=\"\" class=\"wp-image-39653\" srcset=\"https:\/\/www.grupomedcof.com.br\/blog\/wp-content\/uploads\/2025\/09\/Banner-Blog-TEEM-1024x214.png 1024w, https:\/\/www.grupomedcof.com.br\/blog\/wp-content\/uploads\/2025\/09\/Banner-Blog-TEEM-300x63.png 300w, https:\/\/www.grupomedcof.com.br\/blog\/wp-content\/uploads\/2025\/09\/Banner-Blog-TEEM-768x161.png 768w, https:\/\/www.grupomedcof.com.br\/blog\/wp-content\/uploads\/2025\/09\/Banner-Blog-TEEM-1536x321.png 1536w, https:\/\/www.grupomedcof.com.br\/blog\/wp-content\/uploads\/2025\/09\/Banner-Blog-TEEM-2048x428.png 2048w, https:\/\/www.grupomedcof.com.br\/blog\/wp-content\/uploads\/2025\/09\/Banner-Blog-TEEM-2009x420.png 2009w, https:\/\/www.grupomedcof.com.br\/blog\/wp-content\/uploads\/2025\/09\/Banner-Blog-TEEM-150x31.png 150w, https:\/\/www.grupomedcof.com.br\/blog\/wp-content\/uploads\/2025\/09\/Banner-Blog-TEEM-696x146.png 696w, https:\/\/www.grupomedcof.com.br\/blog\/wp-content\/uploads\/2025\/09\/Banner-Blog-TEEM-1068x223.png 1068w, https:\/\/www.grupomedcof.com.br\/blog\/wp-content\/uploads\/2025\/09\/Banner-Blog-TEEM-1920x401.png 1920w\" sizes=\"auto, (max-width: 1024px) 100vw, 1024px\" \/><\/figure>\n\n\n\n<h2 class=\"wp-block-heading\" id=\"h-processo-seletivo-resimed-2025-2026\"><span class=\"ez-toc-section\" id=\"Processo_Seletivo_RESIMED_20252026\"><\/span><strong>Processo Seletivo RESIMED 2025\/2026<\/strong><span class=\"ez-toc-section-end\"><\/span><\/h2>\n\n\n\n<p>De acordo com o cronograma proposto pela banca, a prova objetiva ser\u00e1 aplicada no dia <strong>25 de janeiro de 2026<\/strong>, das 9h ao meio-dia. Essa etapa ser\u00e1 composta de <strong>50 quest\u00f5es de m\u00faltipla escolha<\/strong>, valendo 90 pontos da nota final do candidato. <\/p>\n\n\n\n<p>A segunda fase ser\u00e1 composta da an\u00e1lise curricular de forma online. Para isso, ser\u00e1 necess\u00e1rio enviar os comprovantes de t\u00edtulos entre os dias <strong>08 de dezembro de 2025 e 19 de janeiro de 2026.<\/strong> Por\u00e9m, haver\u00e1 uma reabertura entre os dias <strong>30 de janeiro e 02 de fevereiro de 2026.<\/strong><\/p>\n\n\n\n<h2 class=\"wp-block-heading\" id=\"h-cronograma-resimed-2025-2026\"><span class=\"ez-toc-section\" id=\"Cronograma_RESIMED_20252026\"><\/span><strong>Cronograma RESIMED 2025\/2026<\/strong><span class=\"ez-toc-section-end\"><\/span><\/h2>\n\n\n\n<figure class=\"wp-block-table\"><table class=\"has-fixed-layout\"><tbody><tr><td><strong>Per\u00edodo de inscri\u00e7\u00f5es<\/strong><\/td><td>08\/12\/2025 a 19\/01\/2026 \u2013 at\u00e9 18h<\/td><\/tr><tr><td><strong>\u00daltimo dia para pagamento da taxa<\/strong><\/td><td>19\/01\/2026<\/td><\/tr><tr><td><strong>Envio de comprovantes para an\u00e1lise curricular (1\u00ba prazo)<\/strong><\/td><td>08\/12\/2025 a 19\/01\/2026<\/td><\/tr><tr><td><strong>Aplica\u00e7\u00e3o da Prova Objetiva<\/strong><\/td><td>25\/01\/2026 \u2013 \u00e0s 9h<\/td><\/tr><tr><td><strong>Divulga\u00e7\u00e3o da prova e gabarito<\/strong><\/td><td>25\/01\/2026 \u2013 \u00e0s 20h<\/td><\/tr><tr><td><strong>Recurso contra gabarito<\/strong><\/td><td>26\/01\/2026<\/td><\/tr><tr><td><strong>Resultado Final da Primeira Fase<\/strong><\/td><td>29\/01\/2026 \u2013 ap\u00f3s 18h<\/td><\/tr><tr><td><strong>Reabertura para envio dos comprovantes (aprovados 1\u00aa fase)<\/strong><\/td><td>30\/01\/2026 a 02\/02\/2026<\/td><\/tr><tr><td><strong>Resultado Preliminar da An\u00e1lise Curricular<\/strong><\/td><td>05\/02\/2026 \u2013 ap\u00f3s 18h<\/td><\/tr><tr><td><strong>Recurso da Segunda Fase<\/strong><\/td><td>06\/02\/2026 \u2013 14h \u00e0s 18h<\/td><\/tr><tr><td><strong>Resultado Final da Segunda Fase<\/strong><\/td><td>11\/02\/2026 \u2013 ap\u00f3s 18h<\/td><\/tr><tr><td><strong>Divulga\u00e7\u00e3o da Lista de Classifica\u00e7\u00e3o (Convoca\u00e7\u00e3o)<\/strong><\/td><td>11\/02\/2026<\/td><\/tr><tr><td><strong>Matr\u00edcula \u2013 1\u00aa convoca\u00e7\u00e3o<\/strong><\/td><td>12\/02\/2026 a 13\/02\/2026<\/td><\/tr><tr><td><strong>In\u00edcio dos Programas de Resid\u00eancia M\u00e9dica<\/strong><\/td><td>02\/03\/2026<\/td><\/tr><\/tbody><\/table><\/figure>\n\n\n\n<h2 class=\"wp-block-heading\" id=\"h-edital-resimed-2025-2026\"><span class=\"ez-toc-section\" id=\"Edital_RESIMED_20252026\"><\/span><strong>Edital RESIMED 2025\/2026<\/strong><span class=\"ez-toc-section-end\"><\/span><\/h2>\n\n\n\n<div data-wp-interactive=\"core\/file\" class=\"wp-block-file\"><object data-wp-bind--hidden=\"!state.hasPdfPreview\" hidden class=\"wp-block-file__embed\" data=\"https:\/\/www.grupomedcof.com.br\/blog\/wp-content\/uploads\/2025\/11\/Edital-RESIMED-2026.pdf\" type=\"application\/pdf\" style=\"width:100%;height:600px\" aria-label=\"Incorporado de Edital RESIMED 2026.\"><\/object><a id=\"wp-block-file--media-13041a15-508d-42df-bd97-52415f115696\" href=\"https:\/\/www.grupomedcof.com.br\/blog\/wp-content\/uploads\/2025\/11\/Edital-RESIMED-2026.pdf\">Edital RESIMED 2026<\/a><a href=\"https:\/\/www.grupomedcof.com.br\/blog\/wp-content\/uploads\/2025\/11\/Edital-RESIMED-2026.pdf\" class=\"wp-block-file__button wp-element-button\" download aria-describedby=\"wp-block-file--media-13041a15-508d-42df-bd97-52415f115696\">Baixar<\/a><\/div>\n\n\n\n<div class=\"wp-block-buttons is-layout-flex wp-block-buttons-is-layout-flex\">\n<div class=\"wp-block-button\"><a class=\"wp-block-button__link wp-element-button\" href=\"https:\/\/www.grupomedcof.com.br\/blog\/wp-content\/uploads\/2025\/11\/Cronograma-RESIMED-2026.pdf\" target=\"_blank\" rel=\"noreferrer noopener\">Cronograma Completo<\/a><\/div>\n\n\n\n<div class=\"wp-block-button\"><a class=\"wp-block-button__link wp-element-button\" href=\"https:\/\/www.grupomedcof.com.br\/blog\/wp-content\/uploads\/2025\/11\/Analise-Curricular-RESIMED.pdf\" target=\"_blank\" rel=\"noreferrer noopener\">An\u00e1lise Curricular<\/a><\/div>\n<\/div>\n\n\n\n<figure class=\"wp-block-image size-large\"><a href=\"https:\/\/www.grupomedcof.com.br\/cofletters\/?clientId=&amp;utm_campaign=newsletter&amp;utm_medium=banner&amp;utm_source=blog&amp;utm_content=inscricao#https:\/\/www.grupomedcof.com.br\/blog\/\" target=\"_blank\" rel=\" noreferrer noopener\"><img loading=\"lazy\" decoding=\"async\" width=\"1024\" height=\"320\" src=\"https:\/\/www.grupomedcof.com.br\/blog\/wp-content\/uploads\/2025\/11\/Banner-MedCof-Plus-2200x460-11-1343x420-1-1024x320.png\" alt=\"\" class=\"wp-image-39227\" srcset=\"https:\/\/www.grupomedcof.com.br\/blog\/wp-content\/uploads\/2025\/11\/Banner-MedCof-Plus-2200x460-11-1343x420-1-1024x320.png 1024w, https:\/\/www.grupomedcof.com.br\/blog\/wp-content\/uploads\/2025\/11\/Banner-MedCof-Plus-2200x460-11-1343x420-1-300x94.png 300w, https:\/\/www.grupomedcof.com.br\/blog\/wp-content\/uploads\/2025\/11\/Banner-MedCof-Plus-2200x460-11-1343x420-1-768x240.png 768w, https:\/\/www.grupomedcof.com.br\/blog\/wp-content\/uploads\/2025\/11\/Banner-MedCof-Plus-2200x460-11-1343x420-1-150x47.png 150w, https:\/\/www.grupomedcof.com.br\/blog\/wp-content\/uploads\/2025\/11\/Banner-MedCof-Plus-2200x460-11-1343x420-1-696x218.png 696w, https:\/\/www.grupomedcof.com.br\/blog\/wp-content\/uploads\/2025\/11\/Banner-MedCof-Plus-2200x460-11-1343x420-1-1068x334.png 1068w, https:\/\/www.grupomedcof.com.br\/blog\/wp-content\/uploads\/2025\/11\/Banner-MedCof-Plus-2200x460-11-1343x420-1.png 1343w\" sizes=\"auto, (max-width: 1024px) 100vw, 1024px\" \/><\/a><\/figure>\n\n\n\n<h2 class=\"wp-block-heading\" id=\"o-m\u00e9todo-que-te-aprova\"><span class=\"ez-toc-section\" id=\"Garanta_sua_vaga_na_residencia_medica_com_as_melhores_condicoes_do_ano\"><\/span><strong>Garanta sua vaga na resid\u00eancia m\u00e9dica com as melhores condi\u00e7\u00f5es do ano!<\/strong><span class=\"ez-toc-section-end\"><\/span><\/h2>\n\n\n\n<p>Se voc\u00ea quer conquistar a&nbsp;<strong>vaga de resid\u00eancia medica dos sonhos<\/strong>, o&nbsp;<strong>Extensivo 2.0 MedCof<\/strong>&nbsp;\u00e9 o caminho mais assertivo:&nbsp;<strong>m\u00e9todo direto ao ponto, rota de estudos para quem tem pouco tempo<\/strong>&nbsp;e o&nbsp;<strong>melhor hist\u00f3rico de aprova\u00e7\u00e3o do pa\u00eds.<\/strong>&nbsp;Garanta sua vaga agora com as melhores condi\u00e7\u00f5es do ano na&nbsp;<strong><a href=\"https:\/\/extensivo.grupomedcof.com.br\/\" target=\"_blank\" rel=\"noreferrer noopener\">Black November!<\/a><\/strong><\/p>\n\n\n\n<figure class=\"wp-block-embed is-type-video is-provider-youtube wp-block-embed-youtube wp-embed-aspect-16-9 wp-has-aspect-ratio\"><div class=\"wp-block-embed__wrapper\">\n<div class=\"youtube-embed\" data-video_id=\"pp4ZwdRrFDk\"><iframe loading=\"lazy\" title=\"Kit Elite: O pacote exclusivo para quem joga pra ganhar!\" width=\"696\" height=\"392\" src=\"https:\/\/www.youtube.com\/embed\/pp4ZwdRrFDk?feature=oembed&#038;enablejsapi=1\" frameborder=\"0\" allow=\"accelerometer; autoplay; clipboard-write; encrypted-media; gyroscope; picture-in-picture; web-share\" referrerpolicy=\"strict-origin-when-cross-origin\" allowfullscreen><\/iframe><\/div>\n<\/div><\/figure>\n","protected":false},"excerpt":{"rendered":"<p>Vai prestar prova de resid\u00eancia m\u00e9dica da RESIMED? Ent\u00e3o veja o nosso post trazendo o cronograma completo e edital! <\/p>\n","protected":false},"author":20,"featured_media":39781,"comment_status":"closed","ping_status":"closed","sticky":false,"template":"","format":"standard","meta":{"footnotes":""},"categories":[2023],"tags":[3348,3345,1568,3349,1452,117,68,3344,3346,3347],"ppma_author":[3616],"class_list":{"0":"post-39777","1":"post","2":"type-post","3":"status-publish","4":"format-standard","5":"has-post-thumbnail","7":"category-editais","8":"tag-casa-de-saude-sao-jose","9":"tag-econrio","10":"tag-edital","11":"tag-hospital-unimed-volta-redonda","12":"tag-provas","13":"tag-provas-de-residencia","14":"tag-residencia-medica","15":"tag-resimed","16":"tag-santa-casa-de-limeira","17":"tag-santa-casa-de-rio-claro"},"yoast_head":"<!-- This site is optimized with the Yoast SEO Premium plugin v24.3 (Yoast SEO v27.4) - https:\/\/yoast.com\/product\/yoast-seo-premium-wordpress\/ -->\n<title>Edital RESIMED para resid\u00eancia m\u00e9dica 2025\/2026 - Blog de Medcof: conte\u00fados, editais, revalida e mais!<\/title>\n<meta name=\"description\" content=\"Vai prestar prova de resid\u00eancia m\u00e9dica da RESIMED? Ent\u00e3o veja o nosso post trazendo o cronograma completo e edital!\" \/>\n<meta name=\"robots\" content=\"index, follow, max-snippet:-1, max-image-preview:large, max-video-preview:-1\" \/>\n<link rel=\"canonical\" href=\"https:\/\/www.grupomedcof.com.br\/blog\/edital-residencia-medica-resimed\/\" \/>\n<meta property=\"og:locale\" content=\"pt_BR\" \/>\n<meta property=\"og:type\" content=\"article\" \/>\n<meta property=\"og:title\" content=\"Edital RESIMED para resid\u00eancia m\u00e9dica 2025\/2026\" \/>\n<meta property=\"og:description\" content=\"Vai prestar prova de resid\u00eancia m\u00e9dica da RESIMED? Ent\u00e3o veja o nosso post trazendo o cronograma completo e edital!\" \/>\n<meta property=\"og:url\" content=\"https:\/\/www.grupomedcof.com.br\/blog\/edital-residencia-medica-resimed\/\" \/>\n<meta property=\"og:site_name\" content=\"Blog de Medcof: conte\u00fados, editais, revalida e mais!\" \/>\n<meta property=\"article:publisher\" content=\"https:\/\/www.facebook.com\/MedCofQbank\/\" \/>\n<meta property=\"article:published_time\" content=\"2025-11-26T13:55:31+00:00\" \/>\n<meta property=\"article:modified_time\" content=\"2025-11-26T13:55:34+00:00\" \/>\n<meta property=\"og:image\" content=\"https:\/\/www.grupomedcof.com.br\/blog\/wp-content\/uploads\/2025\/11\/Modelo-instituicoes-2025-11-26T105325.856.jpg\" \/>\n\t<meta property=\"og:image:width\" content=\"1920\" \/>\n\t<meta property=\"og:image:height\" content=\"1080\" \/>\n\t<meta property=\"og:image:type\" content=\"image\/jpeg\" \/>\n<meta name=\"author\" content=\"Leila Menzel\" \/>\n<meta name=\"twitter:card\" content=\"summary_large_image\" \/>\n<meta name=\"twitter:label1\" content=\"Escrito por\" \/>\n\t<meta name=\"twitter:data1\" content=\"Leila Menzel\" \/>\n\t<meta name=\"twitter:label2\" content=\"Est. tempo de leitura\" \/>\n\t<meta name=\"twitter:data2\" content=\"4 minutos\" \/>\n<script type=\"application\/ld+json\" class=\"yoast-schema-graph\">{\"@context\":\"https:\\\/\\\/schema.org\",\"@graph\":[{\"@type\":\"Article\",\"@id\":\"https:\\\/\\\/www.grupomedcof.com.br\\\/blog\\\/edital-residencia-medica-resimed\\\/#article\",\"isPartOf\":{\"@id\":\"https:\\\/\\\/www.grupomedcof.com.br\\\/blog\\\/edital-residencia-medica-resimed\\\/\"},\"author\":{\"name\":\"Leila Menzel\",\"@id\":\"https:\\\/\\\/www.grupomedcof.com.br\\\/blog\\\/#\\\/schema\\\/person\\\/9a44c2184a836bf5ae6967fdb3a1451e\"},\"headline\":\"Edital RESIMED para resid\u00eancia m\u00e9dica 2025\\\/2026\",\"datePublished\":\"2025-11-26T13:55:31+00:00\",\"dateModified\":\"2025-11-26T13:55:34+00:00\",\"mainEntityOfPage\":{\"@id\":\"https:\\\/\\\/www.grupomedcof.com.br\\\/blog\\\/edital-residencia-medica-resimed\\\/\"},\"wordCount\":492,\"publisher\":{\"@id\":\"https:\\\/\\\/www.grupomedcof.com.br\\\/blog\\\/#organization\"},\"image\":{\"@id\":\"https:\\\/\\\/www.grupomedcof.com.br\\\/blog\\\/edital-residencia-medica-resimed\\\/#primaryimage\"},\"thumbnailUrl\":\"https:\\\/\\\/www.grupomedcof.com.br\\\/blog\\\/wp-content\\\/uploads\\\/2025\\\/11\\\/Modelo-instituicoes-2025-11-26T105325.856.jpg\",\"keywords\":[\"Casa de Sa\u00fade S\u00e3o Jos\u00e9\",\"ECONRIO\",\"Edital\",\"Hospital Unimed Volta Redonda\",\"Provas\",\"Provas de Resid\u00eancia\",\"Resid\u00eancia M\u00e9dica\",\"RESIMED\",\"Santa Casa de Limeira\",\"Santa Casa de Rio Claro\"],\"articleSection\":[\"Editais\"],\"inLanguage\":\"pt-BR\"},{\"@type\":\"WebPage\",\"@id\":\"https:\\\/\\\/www.grupomedcof.com.br\\\/blog\\\/edital-residencia-medica-resimed\\\/\",\"url\":\"https:\\\/\\\/www.grupomedcof.com.br\\\/blog\\\/edital-residencia-medica-resimed\\\/\",\"name\":\"Edital RESIMED para resid\u00eancia m\u00e9dica 2025\\\/2026 - Blog de Medcof: conte\u00fados, editais, revalida e mais!\",\"isPartOf\":{\"@id\":\"https:\\\/\\\/www.grupomedcof.com.br\\\/blog\\\/#website\"},\"primaryImageOfPage\":{\"@id\":\"https:\\\/\\\/www.grupomedcof.com.br\\\/blog\\\/edital-residencia-medica-resimed\\\/#primaryimage\"},\"image\":{\"@id\":\"https:\\\/\\\/www.grupomedcof.com.br\\\/blog\\\/edital-residencia-medica-resimed\\\/#primaryimage\"},\"thumbnailUrl\":\"https:\\\/\\\/www.grupomedcof.com.br\\\/blog\\\/wp-content\\\/uploads\\\/2025\\\/11\\\/Modelo-instituicoes-2025-11-26T105325.856.jpg\",\"datePublished\":\"2025-11-26T13:55:31+00:00\",\"dateModified\":\"2025-11-26T13:55:34+00:00\",\"description\":\"Vai prestar prova de resid\u00eancia m\u00e9dica da RESIMED? Ent\u00e3o veja o nosso post trazendo o cronograma completo e edital!\",\"breadcrumb\":{\"@id\":\"https:\\\/\\\/www.grupomedcof.com.br\\\/blog\\\/edital-residencia-medica-resimed\\\/#breadcrumb\"},\"inLanguage\":\"pt-BR\",\"potentialAction\":[{\"@type\":\"ReadAction\",\"target\":[\"https:\\\/\\\/www.grupomedcof.com.br\\\/blog\\\/edital-residencia-medica-resimed\\\/\"]}]},{\"@type\":\"ImageObject\",\"inLanguage\":\"pt-BR\",\"@id\":\"https:\\\/\\\/www.grupomedcof.com.br\\\/blog\\\/edital-residencia-medica-resimed\\\/#primaryimage\",\"url\":\"https:\\\/\\\/www.grupomedcof.com.br\\\/blog\\\/wp-content\\\/uploads\\\/2025\\\/11\\\/Modelo-instituicoes-2025-11-26T105325.856.jpg\",\"contentUrl\":\"https:\\\/\\\/www.grupomedcof.com.br\\\/blog\\\/wp-content\\\/uploads\\\/2025\\\/11\\\/Modelo-instituicoes-2025-11-26T105325.856.jpg\",\"width\":1920,\"height\":1080},{\"@type\":\"BreadcrumbList\",\"@id\":\"https:\\\/\\\/www.grupomedcof.com.br\\\/blog\\\/edital-residencia-medica-resimed\\\/#breadcrumb\",\"itemListElement\":[{\"@type\":\"ListItem\",\"position\":1,\"name\":\"In\u00edcio\",\"item\":\"https:\\\/\\\/www.grupomedcof.com.br\\\/blog\\\/\"},{\"@type\":\"ListItem\",\"position\":2,\"name\":\"Edital RESIMED para resid\u00eancia m\u00e9dica 2025\\\/2026\"}]},{\"@type\":\"WebSite\",\"@id\":\"https:\\\/\\\/www.grupomedcof.com.br\\\/blog\\\/#website\",\"url\":\"https:\\\/\\\/www.grupomedcof.com.br\\\/blog\\\/\",\"name\":\"Blog de Medcof: conte\u00fados, editais, revalida e mais!\",\"description\":\"Acesso o blog de MedCof! Seu portal de conte\u00fados sobre resid\u00eancia m\u00e9dica, an\u00e1lise e editais e muito mais. Clique e confira!\",\"publisher\":{\"@id\":\"https:\\\/\\\/www.grupomedcof.com.br\\\/blog\\\/#organization\"},\"alternateName\":\"Blog de Medcof: conte\u00fados, editais, revalida e mais!\",\"potentialAction\":[{\"@type\":\"SearchAction\",\"target\":{\"@type\":\"EntryPoint\",\"urlTemplate\":\"https:\\\/\\\/www.grupomedcof.com.br\\\/blog\\\/?s={search_term_string}\"},\"query-input\":{\"@type\":\"PropertyValueSpecification\",\"valueRequired\":true,\"valueName\":\"search_term_string\"}}],\"inLanguage\":\"pt-BR\"},{\"@type\":\"Organization\",\"@id\":\"https:\\\/\\\/www.grupomedcof.com.br\\\/blog\\\/#organization\",\"name\":\"Grupo MedCof\",\"url\":\"https:\\\/\\\/www.grupomedcof.com.br\\\/blog\\\/\",\"logo\":{\"@type\":\"ImageObject\",\"inLanguage\":\"pt-BR\",\"@id\":\"https:\\\/\\\/www.grupomedcof.com.br\\\/blog\\\/#\\\/schema\\\/logo\\\/image\\\/\",\"url\":\"https:\\\/\\\/www.grupomedcof.com.br\\\/blog\\\/wp-content\\\/uploads\\\/2022\\\/01\\\/logo-medcof.png\",\"contentUrl\":\"https:\\\/\\\/www.grupomedcof.com.br\\\/blog\\\/wp-content\\\/uploads\\\/2022\\\/01\\\/logo-medcof.png\",\"width\":768,\"height\":269,\"caption\":\"Grupo MedCof\"},\"image\":{\"@id\":\"https:\\\/\\\/www.grupomedcof.com.br\\\/blog\\\/#\\\/schema\\\/logo\\\/image\\\/\"},\"sameAs\":[\"https:\\\/\\\/www.facebook.com\\\/MedCofQbank\\\/\",\"https:\\\/\\\/www.instagram.com\\\/grupomedcof\\\/\",\"https:\\\/\\\/br.linkedin.com\\\/company\\\/medcof\",\"https:\\\/\\\/www.youtube.com\\\/channel\\\/UCdHMuOHKICxcHwecxN8P-AA\"]},{\"@type\":\"Person\",\"@id\":\"https:\\\/\\\/www.grupomedcof.com.br\\\/blog\\\/#\\\/schema\\\/person\\\/9a44c2184a836bf5ae6967fdb3a1451e\",\"name\":\"Leila Menzel\",\"image\":{\"@type\":\"ImageObject\",\"inLanguage\":\"pt-BR\",\"@id\":\"https:\\\/\\\/www.grupomedcof.com.br\\\/blog\\\/wp-content\\\/uploads\\\/2025\\\/09\\\/cropped-eu-96x96.jpeg19a74936d997c0a8b3031618467fa1d0\",\"url\":\"https:\\\/\\\/www.grupomedcof.com.br\\\/blog\\\/wp-content\\\/uploads\\\/2025\\\/09\\\/cropped-eu-96x96.jpeg\",\"contentUrl\":\"https:\\\/\\\/www.grupomedcof.com.br\\\/blog\\\/wp-content\\\/uploads\\\/2025\\\/09\\\/cropped-eu-96x96.jpeg\",\"caption\":\"Leila Menzel\"},\"description\":\"Estudante do 6\u00b0 semestre de jornalismo, amo e escrevo poesias e viajo em livros de romances clich\u00eas.\",\"url\":\"https:\\\/\\\/www.grupomedcof.com.br\\\/blog\\\/author\\\/leila-menzel\\\/\"}]}<\/script>\n<!-- \/ Yoast SEO Premium plugin. -->","yoast_head_json":{"title":"Edital RESIMED para resid\u00eancia m\u00e9dica 2025\/2026 - Blog de Medcof: conte\u00fados, editais, revalida e mais!","description":"Vai prestar prova de resid\u00eancia m\u00e9dica da RESIMED? Ent\u00e3o veja o nosso post trazendo o cronograma completo e edital!","robots":{"index":"index","follow":"follow","max-snippet":"max-snippet:-1","max-image-preview":"max-image-preview:large","max-video-preview":"max-video-preview:-1"},"canonical":"https:\/\/www.grupomedcof.com.br\/blog\/edital-residencia-medica-resimed\/","og_locale":"pt_BR","og_type":"article","og_title":"Edital RESIMED para resid\u00eancia m\u00e9dica 2025\/2026","og_description":"Vai prestar prova de resid\u00eancia m\u00e9dica da RESIMED? Ent\u00e3o veja o nosso post trazendo o cronograma completo e edital!","og_url":"https:\/\/www.grupomedcof.com.br\/blog\/edital-residencia-medica-resimed\/","og_site_name":"Blog de Medcof: conte\u00fados, editais, revalida e mais!","article_publisher":"https:\/\/www.facebook.com\/MedCofQbank\/","article_published_time":"2025-11-26T13:55:31+00:00","article_modified_time":"2025-11-26T13:55:34+00:00","og_image":[{"width":1920,"height":1080,"url":"https:\/\/www.grupomedcof.com.br\/blog\/wp-content\/uploads\/2025\/11\/Modelo-instituicoes-2025-11-26T105325.856.jpg","type":"image\/jpeg"}],"author":"Leila Menzel","twitter_card":"summary_large_image","twitter_misc":{"Escrito por":"Leila Menzel","Est. tempo de leitura":"4 minutos"},"schema":{"@context":"https:\/\/schema.org","@graph":[{"@type":"Article","@id":"https:\/\/www.grupomedcof.com.br\/blog\/edital-residencia-medica-resimed\/#article","isPartOf":{"@id":"https:\/\/www.grupomedcof.com.br\/blog\/edital-residencia-medica-resimed\/"},"author":{"name":"Leila Menzel","@id":"https:\/\/www.grupomedcof.com.br\/blog\/#\/schema\/person\/9a44c2184a836bf5ae6967fdb3a1451e"},"headline":"Edital RESIMED para resid\u00eancia m\u00e9dica 2025\/2026","datePublished":"2025-11-26T13:55:31+00:00","dateModified":"2025-11-26T13:55:34+00:00","mainEntityOfPage":{"@id":"https:\/\/www.grupomedcof.com.br\/blog\/edital-residencia-medica-resimed\/"},"wordCount":492,"publisher":{"@id":"https:\/\/www.grupomedcof.com.br\/blog\/#organization"},"image":{"@id":"https:\/\/www.grupomedcof.com.br\/blog\/edital-residencia-medica-resimed\/#primaryimage"},"thumbnailUrl":"https:\/\/www.grupomedcof.com.br\/blog\/wp-content\/uploads\/2025\/11\/Modelo-instituicoes-2025-11-26T105325.856.jpg","keywords":["Casa de Sa\u00fade S\u00e3o Jos\u00e9","ECONRIO","Edital","Hospital Unimed Volta Redonda","Provas","Provas de Resid\u00eancia","Resid\u00eancia M\u00e9dica","RESIMED","Santa Casa de Limeira","Santa Casa de Rio Claro"],"articleSection":["Editais"],"inLanguage":"pt-BR"},{"@type":"WebPage","@id":"https:\/\/www.grupomedcof.com.br\/blog\/edital-residencia-medica-resimed\/","url":"https:\/\/www.grupomedcof.com.br\/blog\/edital-residencia-medica-resimed\/","name":"Edital RESIMED para resid\u00eancia m\u00e9dica 2025\/2026 - Blog de Medcof: conte\u00fados, editais, revalida e mais!","isPartOf":{"@id":"https:\/\/www.grupomedcof.com.br\/blog\/#website"},"primaryImageOfPage":{"@id":"https:\/\/www.grupomedcof.com.br\/blog\/edital-residencia-medica-resimed\/#primaryimage"},"image":{"@id":"https:\/\/www.grupomedcof.com.br\/blog\/edital-residencia-medica-resimed\/#primaryimage"},"thumbnailUrl":"https:\/\/www.grupomedcof.com.br\/blog\/wp-content\/uploads\/2025\/11\/Modelo-instituicoes-2025-11-26T105325.856.jpg","datePublished":"2025-11-26T13:55:31+00:00","dateModified":"2025-11-26T13:55:34+00:00","description":"Vai prestar prova de resid\u00eancia m\u00e9dica da RESIMED? Ent\u00e3o veja o nosso post trazendo o cronograma completo e edital!","breadcrumb":{"@id":"https:\/\/www.grupomedcof.com.br\/blog\/edital-residencia-medica-resimed\/#breadcrumb"},"inLanguage":"pt-BR","potentialAction":[{"@type":"ReadAction","target":["https:\/\/www.grupomedcof.com.br\/blog\/edital-residencia-medica-resimed\/"]}]},{"@type":"ImageObject","inLanguage":"pt-BR","@id":"https:\/\/www.grupomedcof.com.br\/blog\/edital-residencia-medica-resimed\/#primaryimage","url":"https:\/\/www.grupomedcof.com.br\/blog\/wp-content\/uploads\/2025\/11\/Modelo-instituicoes-2025-11-26T105325.856.jpg","contentUrl":"https:\/\/www.grupomedcof.com.br\/blog\/wp-content\/uploads\/2025\/11\/Modelo-instituicoes-2025-11-26T105325.856.jpg","width":1920,"height":1080},{"@type":"BreadcrumbList","@id":"https:\/\/www.grupomedcof.com.br\/blog\/edital-residencia-medica-resimed\/#breadcrumb","itemListElement":[{"@type":"ListItem","position":1,"name":"In\u00edcio","item":"https:\/\/www.grupomedcof.com.br\/blog\/"},{"@type":"ListItem","position":2,"name":"Edital RESIMED para resid\u00eancia m\u00e9dica 2025\/2026"}]},{"@type":"WebSite","@id":"https:\/\/www.grupomedcof.com.br\/blog\/#website","url":"https:\/\/www.grupomedcof.com.br\/blog\/","name":"Blog de Medcof: conte\u00fados, editais, revalida e mais!","description":"Acesso o blog de MedCof! Seu portal de conte\u00fados sobre resid\u00eancia m\u00e9dica, an\u00e1lise e editais e muito mais. Clique e confira!","publisher":{"@id":"https:\/\/www.grupomedcof.com.br\/blog\/#organization"},"alternateName":"Blog de Medcof: conte\u00fados, editais, revalida e mais!","potentialAction":[{"@type":"SearchAction","target":{"@type":"EntryPoint","urlTemplate":"https:\/\/www.grupomedcof.com.br\/blog\/?s={search_term_string}"},"query-input":{"@type":"PropertyValueSpecification","valueRequired":true,"valueName":"search_term_string"}}],"inLanguage":"pt-BR"},{"@type":"Organization","@id":"https:\/\/www.grupomedcof.com.br\/blog\/#organization","name":"Grupo MedCof","url":"https:\/\/www.grupomedcof.com.br\/blog\/","logo":{"@type":"ImageObject","inLanguage":"pt-BR","@id":"https:\/\/www.grupomedcof.com.br\/blog\/#\/schema\/logo\/image\/","url":"https:\/\/www.grupomedcof.com.br\/blog\/wp-content\/uploads\/2022\/01\/logo-medcof.png","contentUrl":"https:\/\/www.grupomedcof.com.br\/blog\/wp-content\/uploads\/2022\/01\/logo-medcof.png","width":768,"height":269,"caption":"Grupo MedCof"},"image":{"@id":"https:\/\/www.grupomedcof.com.br\/blog\/#\/schema\/logo\/image\/"},"sameAs":["https:\/\/www.facebook.com\/MedCofQbank\/","https:\/\/www.instagram.com\/grupomedcof\/","https:\/\/br.linkedin.com\/company\/medcof","https:\/\/www.youtube.com\/channel\/UCdHMuOHKICxcHwecxN8P-AA"]},{"@type":"Person","@id":"https:\/\/www.grupomedcof.com.br\/blog\/#\/schema\/person\/9a44c2184a836bf5ae6967fdb3a1451e","name":"Leila Menzel","image":{"@type":"ImageObject","inLanguage":"pt-BR","@id":"https:\/\/www.grupomedcof.com.br\/blog\/wp-content\/uploads\/2025\/09\/cropped-eu-96x96.jpeg19a74936d997c0a8b3031618467fa1d0","url":"https:\/\/www.grupomedcof.com.br\/blog\/wp-content\/uploads\/2025\/09\/cropped-eu-96x96.jpeg","contentUrl":"https:\/\/www.grupomedcof.com.br\/blog\/wp-content\/uploads\/2025\/09\/cropped-eu-96x96.jpeg","caption":"Leila Menzel"},"description":"Estudante do 6\u00b0 semestre de jornalismo, amo e escrevo poesias e viajo em livros de romances clich\u00eas.","url":"https:\/\/www.grupomedcof.com.br\/blog\/author\/leila-menzel\/"}]}},"authors":[{"term_id":3616,"user_id":20,"is_guest":0,"slug":"leila-menzel","display_name":"Leila Menzel","avatar_url":"https:\/\/www.grupomedcof.com.br\/blog\/wp-content\/uploads\/2025\/09\/cropped-eu-96x96.jpeg","0":null,"1":"","2":"","3":"","4":"","5":"","6":"","7":"","8":""}],"_links":{"self":[{"href":"https:\/\/www.grupomedcof.com.br\/blog\/wp-json\/wp\/v2\/posts\/39777","targetHints":{"allow":["GET"]}}],"collection":[{"href":"https:\/\/www.grupomedcof.com.br\/blog\/wp-json\/wp\/v2\/posts"}],"about":[{"href":"https:\/\/www.grupomedcof.com.br\/blog\/wp-json\/wp\/v2\/types\/post"}],"author":[{"embeddable":true,"href":"https:\/\/www.grupomedcof.com.br\/blog\/wp-json\/wp\/v2\/users\/20"}],"replies":[{"embeddable":true,"href":"https:\/\/www.grupomedcof.com.br\/blog\/wp-json\/wp\/v2\/comments?post=39777"}],"version-history":[{"count":1,"href":"https:\/\/www.grupomedcof.com.br\/blog\/wp-json\/wp\/v2\/posts\/39777\/revisions"}],"predecessor-version":[{"id":39782,"href":"https:\/\/www.grupomedcof.com.br\/blog\/wp-json\/wp\/v2\/posts\/39777\/revisions\/39782"}],"wp:featuredmedia":[{"embeddable":true,"href":"https:\/\/www.grupomedcof.com.br\/blog\/wp-json\/wp\/v2\/media\/39781"}],"wp:attachment":[{"href":"https:\/\/www.grupomedcof.com.br\/blog\/wp-json\/wp\/v2\/media?parent=39777"}],"wp:term":[{"taxonomy":"category","embeddable":true,"href":"https:\/\/www.grupomedcof.com.br\/blog\/wp-json\/wp\/v2\/categories?post=39777"},{"taxonomy":"post_tag","embeddable":true,"href":"https:\/\/www.grupomedcof.com.br\/blog\/wp-json\/wp\/v2\/tags?post=39777"},{"taxonomy":"author","embeddable":true,"href":"https:\/\/www.grupomedcof.com.br\/blog\/wp-json\/wp\/v2\/ppma_author?post=39777"}],"curies":[{"name":"wp","href":"https:\/\/api.w.org\/{rel}","templated":true}]}}