{"id":40016,"date":"2025-12-05T12:18:41","date_gmt":"2025-12-05T15:18:41","guid":{"rendered":"https:\/\/www.grupomedcof.com.br\/blog\/?p=40016"},"modified":"2025-12-05T12:18:42","modified_gmt":"2025-12-05T15:18:42","slug":"colelitiase","status":"publish","type":"post","link":"https:\/\/www.grupomedcof.com.br\/blog\/colelitiase\/","title":{"rendered":"Colelit\u00edase: fisiopatologia, fatores de risco, indica\u00e7\u00f5es cir\u00fargicas e mais!"},"content":{"rendered":"<div id=\"ez-toc-container\" class=\"ez-toc-v2_0_74 counter-hierarchy ez-toc-counter ez-toc-transparent ez-toc-container-direction\">\n<div class=\"ez-toc-title-container\">\n<p class=\"ez-toc-title\" style=\"cursor:inherit\">Sum\u00e1rio<\/p>\n<span class=\"ez-toc-title-toggle\"><a href=\"#\" class=\"ez-toc-pull-right ez-toc-btn ez-toc-btn-xs ez-toc-btn-default ez-toc-toggle\" aria-label=\"Alternar tabela de conte\u00fado\"><span class=\"ez-toc-js-icon-con\"><span class=\"\"><span class=\"eztoc-hide\" style=\"display:none;\">Toggle<\/span><span class=\"ez-toc-icon-toggle-span\"><svg style=\"fill: #999;color:#999\" xmlns=\"http:\/\/www.w3.org\/2000\/svg\" class=\"list-377408\" width=\"20px\" height=\"20px\" viewBox=\"0 0 24 24\" fill=\"none\"><path d=\"M6 6H4v2h2V6zm14 0H8v2h12V6zM4 11h2v2H4v-2zm16 0H8v2h12v-2zM4 16h2v2H4v-2zm16 0H8v2h12v-2z\" fill=\"currentColor\"><\/path><\/svg><svg style=\"fill: #999;color:#999\" class=\"arrow-unsorted-368013\" xmlns=\"http:\/\/www.w3.org\/2000\/svg\" width=\"10px\" height=\"10px\" viewBox=\"0 0 24 24\" version=\"1.2\" baseProfile=\"tiny\"><path d=\"M18.2 9.3l-6.2-6.3-6.2 6.3c-.2.2-.3.4-.3.7s.1.5.3.7c.2.2.4.3.7.3h11c.3 0 .5-.1.7-.3.2-.2.3-.5.3-.7s-.1-.5-.3-.7zM5.8 14.7l6.2 6.3 6.2-6.3c.2-.2.3-.5.3-.7s-.1-.5-.3-.7c-.2-.2-.4-.3-.7-.3h-11c-.3 0-.5.1-.7.3-.2.2-.3.5-.3.7s.1.5.3.7z\"\/><\/svg><\/span><\/span><\/span><\/a><\/span><\/div>\n<nav><ul class='ez-toc-list ez-toc-list-level-1 ' ><li class='ez-toc-page-1 ez-toc-heading-level-2'><a class=\"ez-toc-link ez-toc-heading-1\" href=\"https:\/\/www.grupomedcof.com.br\/blog\/colelitiase\/#O_que_e_a_Colelitiase\" >O que \u00e9 a Colelit\u00edase?<\/a><\/li><li class='ez-toc-page-1 ez-toc-heading-level-2'><a class=\"ez-toc-link ez-toc-heading-2\" href=\"https:\/\/www.grupomedcof.com.br\/blog\/colelitiase\/#Fisiopatologia_da_Colelitiase\" >Fisiopatologia da Colelit\u00edase<\/a><\/li><li class='ez-toc-page-1 ez-toc-heading-level-2'><a class=\"ez-toc-link ez-toc-heading-3\" href=\"https:\/\/www.grupomedcof.com.br\/blog\/colelitiase\/#Quais_os_fatores_de_risco_da_colelitiase\" >Quais os fatores de risco da colelit\u00edase?<\/a><\/li><li class='ez-toc-page-1 ez-toc-heading-level-2'><a class=\"ez-toc-link ez-toc-heading-4\" href=\"https:\/\/www.grupomedcof.com.br\/blog\/colelitiase\/#Quadro_Clinico_Tipico\" >Quadro Cl\u00ednico T\u00edpico<\/a><\/li><li class='ez-toc-page-1 ez-toc-heading-level-2'><a class=\"ez-toc-link ez-toc-heading-5\" href=\"https:\/\/www.grupomedcof.com.br\/blog\/colelitiase\/#Investigacao_Diagnostica_Avancada\" >Investiga\u00e7\u00e3o Diagn\u00f3stica Avan\u00e7ada<\/a><\/li><li class='ez-toc-page-1 ez-toc-heading-level-2'><a class=\"ez-toc-link ez-toc-heading-6\" href=\"https:\/\/www.grupomedcof.com.br\/blog\/colelitiase\/#Indicacoes_Cirurgicas\" >Indica\u00e7\u00f5es Cir\u00fargicas<\/a><\/li><li class='ez-toc-page-1 ez-toc-heading-level-2'><a class=\"ez-toc-link ez-toc-heading-7\" href=\"https:\/\/www.grupomedcof.com.br\/blog\/colelitiase\/#Conquiste_a_aprovacao_e_acompanhe_mais_conteudos\" >Conquiste a aprova\u00e7\u00e3o e acompanhe mais conte\u00fados!<\/a><\/li><\/ul><\/nav><\/div>\n\n<figure class=\"wp-block-image size-large\"><img loading=\"lazy\" decoding=\"async\" width=\"1024\" height=\"576\" src=\"https:\/\/www.grupomedcof.com.br\/blog\/wp-content\/uploads\/2025\/12\/Blog-MedCof-2025-12-05T121630.986-1024x576.jpg\" alt=\"\" class=\"wp-image-40019\" srcset=\"https:\/\/www.grupomedcof.com.br\/blog\/wp-content\/uploads\/2025\/12\/Blog-MedCof-2025-12-05T121630.986-1024x576.jpg 1024w, https:\/\/www.grupomedcof.com.br\/blog\/wp-content\/uploads\/2025\/12\/Blog-MedCof-2025-12-05T121630.986-300x169.jpg 300w, https:\/\/www.grupomedcof.com.br\/blog\/wp-content\/uploads\/2025\/12\/Blog-MedCof-2025-12-05T121630.986-768x432.jpg 768w, https:\/\/www.grupomedcof.com.br\/blog\/wp-content\/uploads\/2025\/12\/Blog-MedCof-2025-12-05T121630.986-1536x864.jpg 1536w, https:\/\/www.grupomedcof.com.br\/blog\/wp-content\/uploads\/2025\/12\/Blog-MedCof-2025-12-05T121630.986-747x420.jpg 747w, https:\/\/www.grupomedcof.com.br\/blog\/wp-content\/uploads\/2025\/12\/Blog-MedCof-2025-12-05T121630.986-150x84.jpg 150w, https:\/\/www.grupomedcof.com.br\/blog\/wp-content\/uploads\/2025\/12\/Blog-MedCof-2025-12-05T121630.986-696x392.jpg 696w, https:\/\/www.grupomedcof.com.br\/blog\/wp-content\/uploads\/2025\/12\/Blog-MedCof-2025-12-05T121630.986-1068x601.jpg 1068w, https:\/\/www.grupomedcof.com.br\/blog\/wp-content\/uploads\/2025\/12\/Blog-MedCof-2025-12-05T121630.986.jpg 1920w\" sizes=\"auto, (max-width: 1024px) 100vw, 1024px\" \/><\/figure>\n\n\n\n<p>A <strong>colelit\u00edase<\/strong> \u00e9 uma condi\u00e7\u00e3o de alta preval\u00eancia, afetando cerca de 20% da popula\u00e7\u00e3o. Existe uma regra epidemiol\u00f3gica interessante: apenas 20% desses portadores desenvolvem sintomas. Por isso, precisamos entender quem precisa da cirurgia!<\/p>\n\n\n\n<h2 class=\"wp-block-heading\" id=\"h-o-que-e-a-colelitiase\"><span class=\"ez-toc-section\" id=\"O_que_e_a_Colelitiase\"><\/span><strong>O que \u00e9 a Colelit\u00edase?<\/strong><span class=\"ez-toc-section-end\"><\/span><\/h2>\n\n\n\n<p>A colelit\u00edase \u00e9 a <strong>presen\u00e7a de c\u00e1lculo no interior da ves\u00edcula biliar,<\/strong> a qual armazena a bile, que \u00e9 produzida pelo f\u00edgado. <\/p>\n\n\n\n<p>A bile tem como fun\u00e7\u00e3o digerir as gorduras e auxiliar na absor\u00e7\u00e3o de nutrientes como as vitaminas A, D, E e K. \u00c9 composta por \u00e1gua, colesterol, sais biliares, bilirrubinato e lecitina.<\/p>\n\n\n\n<h2 class=\"wp-block-heading\" id=\"h-fisiopatologia-da-colelitiase\"><span class=\"ez-toc-section\" id=\"Fisiopatologia_da_Colelitiase\"><\/span><strong>Fisiopatologia da Colelit\u00edase<\/strong><span class=\"ez-toc-section-end\"><\/span><\/h2>\n\n\n\n<p>A bile mant\u00e9m-se l\u00edquida gra\u00e7as a um equil\u00edbrio delicado entre tr\u00eas componentes, conhecido como o &#8220;Tri\u00e2ngulo da Bile&#8221;: <strong>Sais Biliares, Lecitina e Colesterol<\/strong>.<\/p>\n\n\n\n<ul class=\"wp-block-list\">\n<li><strong>Forma\u00e7\u00e3o do C\u00e1lculo:<\/strong> Ocorre quando h\u00e1 um desbalan\u00e7o, geralmente pelo excesso de colesterol ou pela redu\u00e7\u00e3o de sais biliares . A maioria dos c\u00e1lculos \u00e9 formada por colesterol.<\/li>\n\n\n\n<li><strong>C\u00e1lculos Pigmentares (10%):<\/strong> S\u00e3o formados em contextos espec\u00edficos, como hem\u00f3lise cr\u00f4nica (anemia falciforme, talassemia, esferocitose), cirrose hep\u00e1tica, infec\u00e7\u00e3o biliar ou presen\u00e7a de pr\u00f3teses.<\/li>\n<\/ul>\n\n\n\n<figure class=\"wp-block-image size-full\"><img loading=\"lazy\" decoding=\"async\" width=\"586\" height=\"540\" src=\"https:\/\/www.grupomedcof.com.br\/blog\/wp-content\/uploads\/2025\/12\/image.png\" alt=\"\" class=\"wp-image-40017\" srcset=\"https:\/\/www.grupomedcof.com.br\/blog\/wp-content\/uploads\/2025\/12\/image.png 586w, https:\/\/www.grupomedcof.com.br\/blog\/wp-content\/uploads\/2025\/12\/image-300x276.png 300w, https:\/\/www.grupomedcof.com.br\/blog\/wp-content\/uploads\/2025\/12\/image-456x420.png 456w, https:\/\/www.grupomedcof.com.br\/blog\/wp-content\/uploads\/2025\/12\/image-150x138.png 150w\" sizes=\"auto, (max-width: 586px) 100vw, 586px\" \/><figcaption class=\"wp-element-caption\">Fisiopatologia da impacta\u00e7\u00e3o. Fonte: <a href=\"https:\/\/www.robertotussi.com.br\/procedimentos\/colelitiase\">https:\/\/www.robertotussi.com.br\/procedimentos\/colelitiase<\/a>\u00a0<\/figcaption><\/figure>\n\n\n\n<h2 class=\"wp-block-heading\" id=\"h-quais-os-fatores-de-risco-da-colelitiase\"><span class=\"ez-toc-section\" id=\"Quais_os_fatores_de_risco_da_colelitiase\"><\/span><strong>Quais os fatores de risco da colelit\u00edase?<\/strong><span class=\"ez-toc-section-end\"><\/span><\/h2>\n\n\n\n<p>Al\u00e9m dos cl\u00e1ssicos &#8220;4 Fs&#8221; (<em>Female, Fertile, Familiar, Fat<\/em>), existem condi\u00e7\u00f5es sist\u00eamicas e farmacol\u00f3gicas que voc\u00ea deve investigar:<\/p>\n\n\n\n<ul class=\"wp-block-list\">\n<li><strong>Doen\u00e7as Gastrointestinais:<\/strong> Doen\u00e7a ileal (afeta a reabsor\u00e7\u00e3o de sais) e Cirrose.<\/li>\n\n\n\n<li><strong>Estase Biliar:<\/strong> Diabetes Mellitus, Nutri\u00e7\u00e3o Parenteral Total (NPT), p\u00f3s-vagotomia e les\u00e3o espinal.<\/li>\n\n\n\n<li><strong>Medicamentos e Condi\u00e7\u00f5es:<\/strong> Uso de <strong>Ceftriaxone<\/strong> e Anticoncepcionais Orais (ACO), obesidade e gesta\u00e7\u00e3o.<\/li>\n\n\n\n<li><strong>Metab\u00f3lico:<\/strong> Hipertrigliceridemia.<\/li>\n<\/ul>\n\n\n\n<h2 class=\"wp-block-heading\" id=\"h-quadro-clinico-tipico\"><span class=\"ez-toc-section\" id=\"Quadro_Clinico_Tipico\"><\/span><strong>Quadro Cl\u00ednico T\u00edpico<\/strong><span class=\"ez-toc-section-end\"><\/span><\/h2>\n\n\n\n<p>A apresenta\u00e7\u00e3o cl\u00e1ssica \u00e9 a dor em Hipoc\u00f4ndrio Direito (HCD), que tipicamente piora ap\u00f3s a alimenta\u00e7\u00e3o, especialmente com alimentos gordurosos que estimulam a contra\u00e7\u00e3o vesicular.<\/p>\n\n\n\n<ul class=\"wp-block-list\">\n<li><strong>Caracter\u00edstica:<\/strong> A dor \u00e9 autolimitada (dura menos de 6 horas) e epis\u00f3dica.<\/li>\n<\/ul>\n\n\n\n<figure class=\"wp-block-image size-full\"><img loading=\"lazy\" decoding=\"async\" width=\"592\" height=\"306\" src=\"https:\/\/www.grupomedcof.com.br\/blog\/wp-content\/uploads\/2025\/12\/image-1.png\" alt=\"\" class=\"wp-image-40018\" srcset=\"https:\/\/www.grupomedcof.com.br\/blog\/wp-content\/uploads\/2025\/12\/image-1.png 592w, https:\/\/www.grupomedcof.com.br\/blog\/wp-content\/uploads\/2025\/12\/image-1-300x155.png 300w, https:\/\/www.grupomedcof.com.br\/blog\/wp-content\/uploads\/2025\/12\/image-1-150x78.png 150w\" sizes=\"auto, (max-width: 592px) 100vw, 592px\" \/><figcaption class=\"wp-element-caption\">Localiza\u00e7\u00e3o das Dores relacionadas ao Abdome Agudo. Em laranja, a localiza\u00e7\u00e3o da dor em ves\u00edcula biliar. Fonte: Netter, Atlas de Anatomia Humana.\u00a0<\/figcaption><\/figure>\n\n\n\n<h2 class=\"wp-block-heading\" id=\"h-investigacao-diagnostica-avancada\"><span class=\"ez-toc-section\" id=\"Investigacao_Diagnostica_Avancada\"><\/span><strong>Investiga\u00e7\u00e3o Diagn\u00f3stica Avan\u00e7ada<\/strong><span class=\"ez-toc-section-end\"><\/span><\/h2>\n\n\n\n<ul class=\"wp-block-list\">\n<li>O Ultrassom (USG) \u00e9 o exame de escolha.<\/li>\n\n\n\n<li><strong>Cen\u00e1rio Cl\u00e1ssico:<\/strong> Quadro cl\u00ednico compat\u00edvel + USG com c\u00e1lculos = Indica\u00e7\u00e3o de Colecistectomia Eletiva.<\/li>\n\n\n\n<li><strong>Paciente Sintom\u00e1tico sem C\u00e1lculos:<\/strong> Deve-se pensar em diagn\u00f3sticos diferenciais como dispepsia, gastrite ou S\u00edndrome do Intestino Irrit\u00e1vel.<\/li>\n\n\n\n<li><strong>O Mist\u00e9rio da Pancreatite:<\/strong> Se o paciente apresenta pancreatite sem causa aparente, \u00e9 mandat\u00f3rio investigar <strong>microlit\u00edase<\/strong> ou lama biliar, que muitas vezes n\u00e3o aparecem no USG convencional.\n<ul class=\"wp-block-list\">\n<li><em>Ferramenta:<\/em> Utiliza-se o <strong>Ultrassom Endosc\u00f3pico<\/strong> para visualizar esses microc\u00e1lculos .<\/li>\n\n\n\n<li><em>Outros exames:<\/em> An\u00e1lise da bile, colecistografia e cintilografia (DISIDA) podem ser \u00fateis em casos selecionados.<\/li>\n<\/ul>\n<\/li>\n<\/ul>\n\n\n\n<h2 class=\"wp-block-heading\" id=\"h-indicacoes-cirurgicas\"><span class=\"ez-toc-section\" id=\"Indicacoes_Cirurgicas\"><\/span><strong>Indica\u00e7\u00f5es Cir\u00fargicas<\/strong><span class=\"ez-toc-section-end\"><\/span><\/h2>\n\n\n\n<p>A regra b\u00e1sica \u00e9: <strong>Sintomas + C\u00e1lculo = Colecistectomia<\/strong> .<\/p>\n\n\n\n<p>No entanto, em pacientes <strong>assintom\u00e1ticos<\/strong>, a cirurgia profil\u00e1tica est\u00e1 indicada em situa\u00e7\u00f5es de alto risco para c\u00e2ncer de ves\u00edcula ou complica\u00e7\u00f5es biliares. As indica\u00e7\u00f5es formais incluem:<\/p>\n\n\n\n<ol class=\"wp-block-list\">\n<li><strong>Anatomia e Patologia:<\/strong> Ves\u00edcula em porcelana (risco de c\u00e2ncer), drenagem an\u00f4mala, presen\u00e7a de adenomas ou p\u00f3lipos .<\/li>\n\n\n\n<li><strong>Caracter\u00edsticas do C\u00e1lculo:<\/strong> C\u00e1lculos grandes (> 3 cm) ou microc\u00e1lculos (pelo risco de pancreatite).<\/li>\n\n\n\n<li><strong>Hematologia:<\/strong> Doen\u00e7as hemol\u00edticas e Anemia Falciforme.<\/li>\n\n\n\n<li><strong>Cirurgia Bari\u00e1trica:<\/strong> Pacientes submetidos a Bypass g\u00e1strico.<\/li>\n\n\n\n<li><strong>Comorbidades:<\/strong> Jovens (&lt; 50 anos), diab\u00e9ticos e pacientes em uso de NPT prolongada.<\/li>\n<\/ol>\n\n\n\n<h2 class=\"wp-block-heading\" id=\"h-conquiste-a-aprovacao-e-acompanhe-mais-conteudos\"><span class=\"ez-toc-section\" id=\"Conquiste_a_aprovacao_e_acompanhe_mais_conteudos\"><\/span><strong>Conquiste a aprova\u00e7\u00e3o e acompanhe mais conte\u00fados!<\/strong><span class=\"ez-toc-section-end\"><\/span><\/h2>\n\n\n\n<p>Gostou da novidade? Continue acompanhando nosso blog para ficar por dentro das principais&nbsp;<strong>not\u00edcias sobre resid\u00eancia m\u00e9dica, editais e oportunidades que podem transformar sua carreira!<\/strong><\/p>\n\n\n\n<figure class=\"wp-block-embed is-type-video is-provider-youtube wp-block-embed-youtube wp-embed-aspect-16-9 wp-has-aspect-ratio\"><div class=\"wp-block-embed__wrapper\">\n<div class=\"youtube-embed\" data-video_id=\"L6ENDEqpROY\"><iframe loading=\"lazy\" title=\"Cistos Biliares: O Que Voc\u00ea Precisa Saber Sobre P\u00e2ncreas e Vias Biliares. Com Dr. Carlos Obregon\" width=\"696\" height=\"392\" src=\"https:\/\/www.youtube.com\/embed\/L6ENDEqpROY?start=2&#038;feature=oembed\" frameborder=\"0\" allow=\"accelerometer; autoplay; clipboard-write; encrypted-media; gyroscope; picture-in-picture; web-share\" referrerpolicy=\"strict-origin-when-cross-origin\" allowfullscreen><\/iframe><\/div>\n<\/div><\/figure>\n","protected":false},"excerpt":{"rendered":"<p>A colelit\u00edase \u00e9 uma condi\u00e7\u00e3o na qual h\u00e1 a presen\u00e7a de c\u00e1lculos dentro da ves\u00edcula biliar. Confira os fatores de risco, tratamento, indica\u00e7\u00f5es cir\u00fargicas.<\/p>\n","protected":false},"author":21,"featured_media":40019,"comment_status":"closed","ping_status":"closed","sticky":false,"template":"","format":"standard","meta":{"footnotes":""},"categories":[135],"tags":[3360,1215,2568],"ppma_author":[3617],"class_list":{"0":"post-40016","1":"post","2":"type-post","3":"status-publish","4":"format-standard","5":"has-post-thumbnail","7":"category-cirurgia-geral","8":"tag-bile","9":"tag-figado","10":"tag-vesicula-biliar"},"yoast_head":"<!-- This site is optimized with the Yoast SEO Premium plugin v24.3 (Yoast SEO v27.4) - https:\/\/yoast.com\/product\/yoast-seo-premium-wordpress\/ -->\n<title>Colelit\u00edase: fisiopatologia, fatores de risco, indica\u00e7\u00f5es cir\u00fargicas e mais! - Blog de Medcof: conte\u00fados, editais, revalida e mais!<\/title>\n<meta name=\"description\" content=\"A colelit\u00edase \u00e9 uma condi\u00e7\u00e3o na qual h\u00e1 a presen\u00e7a de c\u00e1lculos dentro da ves\u00edcula biliar. Confira os fatores de risco, tratamento, indica\u00e7\u00f5es cir\u00fargicas.\" \/>\n<meta name=\"robots\" content=\"index, follow, max-snippet:-1, max-image-preview:large, max-video-preview:-1\" \/>\n<link rel=\"canonical\" href=\"https:\/\/www.grupomedcof.com.br\/blog\/colelitiase\/\" \/>\n<meta property=\"og:locale\" content=\"pt_BR\" \/>\n<meta property=\"og:type\" content=\"article\" \/>\n<meta property=\"og:title\" content=\"Colelit\u00edase: fisiopatologia, fatores de risco, indica\u00e7\u00f5es cir\u00fargicas e mais!\" \/>\n<meta property=\"og:description\" content=\"A colelit\u00edase \u00e9 uma condi\u00e7\u00e3o na qual h\u00e1 a presen\u00e7a de c\u00e1lculos dentro da ves\u00edcula biliar. Confira os fatores de risco, tratamento, indica\u00e7\u00f5es cir\u00fargicas.\" \/>\n<meta property=\"og:url\" content=\"https:\/\/www.grupomedcof.com.br\/blog\/colelitiase\/\" \/>\n<meta property=\"og:site_name\" content=\"Blog de Medcof: conte\u00fados, editais, revalida e mais!\" \/>\n<meta property=\"article:publisher\" content=\"https:\/\/www.facebook.com\/MedCofQbank\/\" \/>\n<meta property=\"article:published_time\" content=\"2025-12-05T15:18:41+00:00\" \/>\n<meta property=\"article:modified_time\" content=\"2025-12-05T15:18:42+00:00\" \/>\n<meta property=\"og:image\" content=\"https:\/\/www.grupomedcof.com.br\/blog\/wp-content\/uploads\/2025\/12\/Blog-MedCof-2025-12-05T121630.986.jpg\" \/>\n\t<meta property=\"og:image:width\" content=\"1920\" \/>\n\t<meta property=\"og:image:height\" content=\"1080\" \/>\n\t<meta property=\"og:image:type\" content=\"image\/jpeg\" \/>\n<meta name=\"author\" content=\"Kiara Adelino\" \/>\n<meta name=\"twitter:card\" content=\"summary_large_image\" \/>\n<meta name=\"twitter:label1\" content=\"Escrito por\" \/>\n\t<meta name=\"twitter:data1\" content=\"Kiara Adelino\" \/>\n\t<meta name=\"twitter:label2\" content=\"Est. tempo de leitura\" \/>\n\t<meta name=\"twitter:data2\" content=\"4 minutos\" \/>\n<script type=\"application\/ld+json\" class=\"yoast-schema-graph\">{\"@context\":\"https:\\\/\\\/schema.org\",\"@graph\":[{\"@type\":\"Article\",\"@id\":\"https:\\\/\\\/www.grupomedcof.com.br\\\/blog\\\/colelitiase\\\/#article\",\"isPartOf\":{\"@id\":\"https:\\\/\\\/www.grupomedcof.com.br\\\/blog\\\/colelitiase\\\/\"},\"author\":{\"name\":\"Kiara Adelino\",\"@id\":\"https:\\\/\\\/www.grupomedcof.com.br\\\/blog\\\/#\\\/schema\\\/person\\\/db19a651f86c5fc202d6eee744fd3292\"},\"headline\":\"Colelit\u00edase: fisiopatologia, fatores de risco, indica\u00e7\u00f5es cir\u00fargicas e mais!\",\"datePublished\":\"2025-12-05T15:18:41+00:00\",\"dateModified\":\"2025-12-05T15:18:42+00:00\",\"mainEntityOfPage\":{\"@id\":\"https:\\\/\\\/www.grupomedcof.com.br\\\/blog\\\/colelitiase\\\/\"},\"wordCount\":637,\"publisher\":{\"@id\":\"https:\\\/\\\/www.grupomedcof.com.br\\\/blog\\\/#organization\"},\"image\":{\"@id\":\"https:\\\/\\\/www.grupomedcof.com.br\\\/blog\\\/colelitiase\\\/#primaryimage\"},\"thumbnailUrl\":\"https:\\\/\\\/www.grupomedcof.com.br\\\/blog\\\/wp-content\\\/uploads\\\/2025\\\/12\\\/Blog-MedCof-2025-12-05T121630.986.jpg\",\"keywords\":[\"Bile\",\"f\u00edgado\",\"Ves\u00edcula Biliar\"],\"articleSection\":[\"Cirurgia Geral\"],\"inLanguage\":\"pt-BR\"},{\"@type\":\"WebPage\",\"@id\":\"https:\\\/\\\/www.grupomedcof.com.br\\\/blog\\\/colelitiase\\\/\",\"url\":\"https:\\\/\\\/www.grupomedcof.com.br\\\/blog\\\/colelitiase\\\/\",\"name\":\"Colelit\u00edase: fisiopatologia, fatores de risco, indica\u00e7\u00f5es cir\u00fargicas e mais! - Blog de Medcof: conte\u00fados, editais, revalida e mais!\",\"isPartOf\":{\"@id\":\"https:\\\/\\\/www.grupomedcof.com.br\\\/blog\\\/#website\"},\"primaryImageOfPage\":{\"@id\":\"https:\\\/\\\/www.grupomedcof.com.br\\\/blog\\\/colelitiase\\\/#primaryimage\"},\"image\":{\"@id\":\"https:\\\/\\\/www.grupomedcof.com.br\\\/blog\\\/colelitiase\\\/#primaryimage\"},\"thumbnailUrl\":\"https:\\\/\\\/www.grupomedcof.com.br\\\/blog\\\/wp-content\\\/uploads\\\/2025\\\/12\\\/Blog-MedCof-2025-12-05T121630.986.jpg\",\"datePublished\":\"2025-12-05T15:18:41+00:00\",\"dateModified\":\"2025-12-05T15:18:42+00:00\",\"description\":\"A colelit\u00edase \u00e9 uma condi\u00e7\u00e3o na qual h\u00e1 a presen\u00e7a de c\u00e1lculos dentro da ves\u00edcula biliar. Confira os fatores de risco, tratamento, indica\u00e7\u00f5es cir\u00fargicas.\",\"breadcrumb\":{\"@id\":\"https:\\\/\\\/www.grupomedcof.com.br\\\/blog\\\/colelitiase\\\/#breadcrumb\"},\"inLanguage\":\"pt-BR\",\"potentialAction\":[{\"@type\":\"ReadAction\",\"target\":[\"https:\\\/\\\/www.grupomedcof.com.br\\\/blog\\\/colelitiase\\\/\"]}]},{\"@type\":\"ImageObject\",\"inLanguage\":\"pt-BR\",\"@id\":\"https:\\\/\\\/www.grupomedcof.com.br\\\/blog\\\/colelitiase\\\/#primaryimage\",\"url\":\"https:\\\/\\\/www.grupomedcof.com.br\\\/blog\\\/wp-content\\\/uploads\\\/2025\\\/12\\\/Blog-MedCof-2025-12-05T121630.986.jpg\",\"contentUrl\":\"https:\\\/\\\/www.grupomedcof.com.br\\\/blog\\\/wp-content\\\/uploads\\\/2025\\\/12\\\/Blog-MedCof-2025-12-05T121630.986.jpg\",\"width\":1920,\"height\":1080},{\"@type\":\"BreadcrumbList\",\"@id\":\"https:\\\/\\\/www.grupomedcof.com.br\\\/blog\\\/colelitiase\\\/#breadcrumb\",\"itemListElement\":[{\"@type\":\"ListItem\",\"position\":1,\"name\":\"In\u00edcio\",\"item\":\"https:\\\/\\\/www.grupomedcof.com.br\\\/blog\\\/\"},{\"@type\":\"ListItem\",\"position\":2,\"name\":\"Colelit\u00edase: fisiopatologia, fatores de risco, indica\u00e7\u00f5es cir\u00fargicas e mais!\"}]},{\"@type\":\"WebSite\",\"@id\":\"https:\\\/\\\/www.grupomedcof.com.br\\\/blog\\\/#website\",\"url\":\"https:\\\/\\\/www.grupomedcof.com.br\\\/blog\\\/\",\"name\":\"Blog de Medcof: conte\u00fados, editais, revalida e mais!\",\"description\":\"Acesso o blog de MedCof! Seu portal de conte\u00fados sobre resid\u00eancia m\u00e9dica, an\u00e1lise e editais e muito mais. Clique e confira!\",\"publisher\":{\"@id\":\"https:\\\/\\\/www.grupomedcof.com.br\\\/blog\\\/#organization\"},\"alternateName\":\"Blog de Medcof: conte\u00fados, editais, revalida e mais!\",\"potentialAction\":[{\"@type\":\"SearchAction\",\"target\":{\"@type\":\"EntryPoint\",\"urlTemplate\":\"https:\\\/\\\/www.grupomedcof.com.br\\\/blog\\\/?s={search_term_string}\"},\"query-input\":{\"@type\":\"PropertyValueSpecification\",\"valueRequired\":true,\"valueName\":\"search_term_string\"}}],\"inLanguage\":\"pt-BR\"},{\"@type\":\"Organization\",\"@id\":\"https:\\\/\\\/www.grupomedcof.com.br\\\/blog\\\/#organization\",\"name\":\"Grupo MedCof\",\"url\":\"https:\\\/\\\/www.grupomedcof.com.br\\\/blog\\\/\",\"logo\":{\"@type\":\"ImageObject\",\"inLanguage\":\"pt-BR\",\"@id\":\"https:\\\/\\\/www.grupomedcof.com.br\\\/blog\\\/#\\\/schema\\\/logo\\\/image\\\/\",\"url\":\"https:\\\/\\\/www.grupomedcof.com.br\\\/blog\\\/wp-content\\\/uploads\\\/2022\\\/01\\\/logo-medcof.png\",\"contentUrl\":\"https:\\\/\\\/www.grupomedcof.com.br\\\/blog\\\/wp-content\\\/uploads\\\/2022\\\/01\\\/logo-medcof.png\",\"width\":768,\"height\":269,\"caption\":\"Grupo MedCof\"},\"image\":{\"@id\":\"https:\\\/\\\/www.grupomedcof.com.br\\\/blog\\\/#\\\/schema\\\/logo\\\/image\\\/\"},\"sameAs\":[\"https:\\\/\\\/www.facebook.com\\\/MedCofQbank\\\/\",\"https:\\\/\\\/www.instagram.com\\\/grupomedcof\\\/\",\"https:\\\/\\\/br.linkedin.com\\\/company\\\/medcof\",\"https:\\\/\\\/www.youtube.com\\\/channel\\\/UCdHMuOHKICxcHwecxN8P-AA\"]},{\"@type\":\"Person\",\"@id\":\"https:\\\/\\\/www.grupomedcof.com.br\\\/blog\\\/#\\\/schema\\\/person\\\/db19a651f86c5fc202d6eee744fd3292\",\"name\":\"Kiara Adelino\",\"image\":{\"@type\":\"ImageObject\",\"inLanguage\":\"pt-BR\",\"@id\":\"https:\\\/\\\/www.grupomedcof.com.br\\\/blog\\\/wp-content\\\/uploads\\\/2024\\\/08\\\/cropped-Kiara-Adelino2-96x96.jpega85663bdda67261f8f06f86e555e1e49\",\"url\":\"https:\\\/\\\/www.grupomedcof.com.br\\\/blog\\\/wp-content\\\/uploads\\\/2024\\\/08\\\/cropped-Kiara-Adelino2-96x96.jpeg\",\"contentUrl\":\"https:\\\/\\\/www.grupomedcof.com.br\\\/blog\\\/wp-content\\\/uploads\\\/2024\\\/08\\\/cropped-Kiara-Adelino2-96x96.jpeg\",\"caption\":\"Kiara Adelino\"},\"description\":\"Estudante do 5\u00b0 semestre de Medicina. Gosto bastante de aprender coisas novas, principalmente na \u00e1rea de Neurologia e Anatomia humana.\",\"url\":\"https:\\\/\\\/www.grupomedcof.com.br\\\/blog\\\/author\\\/kiara-adelino\\\/\"}]}<\/script>\n<!-- \/ Yoast SEO Premium plugin. -->","yoast_head_json":{"title":"Colelit\u00edase: fisiopatologia, fatores de risco, indica\u00e7\u00f5es cir\u00fargicas e mais! - Blog de Medcof: conte\u00fados, editais, revalida e mais!","description":"A colelit\u00edase \u00e9 uma condi\u00e7\u00e3o na qual h\u00e1 a presen\u00e7a de c\u00e1lculos dentro da ves\u00edcula biliar. Confira os fatores de risco, tratamento, indica\u00e7\u00f5es cir\u00fargicas.","robots":{"index":"index","follow":"follow","max-snippet":"max-snippet:-1","max-image-preview":"max-image-preview:large","max-video-preview":"max-video-preview:-1"},"canonical":"https:\/\/www.grupomedcof.com.br\/blog\/colelitiase\/","og_locale":"pt_BR","og_type":"article","og_title":"Colelit\u00edase: fisiopatologia, fatores de risco, indica\u00e7\u00f5es cir\u00fargicas e mais!","og_description":"A colelit\u00edase \u00e9 uma condi\u00e7\u00e3o na qual h\u00e1 a presen\u00e7a de c\u00e1lculos dentro da ves\u00edcula biliar. Confira os fatores de risco, tratamento, indica\u00e7\u00f5es cir\u00fargicas.","og_url":"https:\/\/www.grupomedcof.com.br\/blog\/colelitiase\/","og_site_name":"Blog de Medcof: conte\u00fados, editais, revalida e mais!","article_publisher":"https:\/\/www.facebook.com\/MedCofQbank\/","article_published_time":"2025-12-05T15:18:41+00:00","article_modified_time":"2025-12-05T15:18:42+00:00","og_image":[{"width":1920,"height":1080,"url":"https:\/\/www.grupomedcof.com.br\/blog\/wp-content\/uploads\/2025\/12\/Blog-MedCof-2025-12-05T121630.986.jpg","type":"image\/jpeg"}],"author":"Kiara Adelino","twitter_card":"summary_large_image","twitter_misc":{"Escrito por":"Kiara Adelino","Est. tempo de leitura":"4 minutos"},"schema":{"@context":"https:\/\/schema.org","@graph":[{"@type":"Article","@id":"https:\/\/www.grupomedcof.com.br\/blog\/colelitiase\/#article","isPartOf":{"@id":"https:\/\/www.grupomedcof.com.br\/blog\/colelitiase\/"},"author":{"name":"Kiara Adelino","@id":"https:\/\/www.grupomedcof.com.br\/blog\/#\/schema\/person\/db19a651f86c5fc202d6eee744fd3292"},"headline":"Colelit\u00edase: fisiopatologia, fatores de risco, indica\u00e7\u00f5es cir\u00fargicas e mais!","datePublished":"2025-12-05T15:18:41+00:00","dateModified":"2025-12-05T15:18:42+00:00","mainEntityOfPage":{"@id":"https:\/\/www.grupomedcof.com.br\/blog\/colelitiase\/"},"wordCount":637,"publisher":{"@id":"https:\/\/www.grupomedcof.com.br\/blog\/#organization"},"image":{"@id":"https:\/\/www.grupomedcof.com.br\/blog\/colelitiase\/#primaryimage"},"thumbnailUrl":"https:\/\/www.grupomedcof.com.br\/blog\/wp-content\/uploads\/2025\/12\/Blog-MedCof-2025-12-05T121630.986.jpg","keywords":["Bile","f\u00edgado","Ves\u00edcula Biliar"],"articleSection":["Cirurgia Geral"],"inLanguage":"pt-BR"},{"@type":"WebPage","@id":"https:\/\/www.grupomedcof.com.br\/blog\/colelitiase\/","url":"https:\/\/www.grupomedcof.com.br\/blog\/colelitiase\/","name":"Colelit\u00edase: fisiopatologia, fatores de risco, indica\u00e7\u00f5es cir\u00fargicas e mais! - Blog de Medcof: conte\u00fados, editais, revalida e mais!","isPartOf":{"@id":"https:\/\/www.grupomedcof.com.br\/blog\/#website"},"primaryImageOfPage":{"@id":"https:\/\/www.grupomedcof.com.br\/blog\/colelitiase\/#primaryimage"},"image":{"@id":"https:\/\/www.grupomedcof.com.br\/blog\/colelitiase\/#primaryimage"},"thumbnailUrl":"https:\/\/www.grupomedcof.com.br\/blog\/wp-content\/uploads\/2025\/12\/Blog-MedCof-2025-12-05T121630.986.jpg","datePublished":"2025-12-05T15:18:41+00:00","dateModified":"2025-12-05T15:18:42+00:00","description":"A colelit\u00edase \u00e9 uma condi\u00e7\u00e3o na qual h\u00e1 a presen\u00e7a de c\u00e1lculos dentro da ves\u00edcula biliar. Confira os fatores de risco, tratamento, indica\u00e7\u00f5es cir\u00fargicas.","breadcrumb":{"@id":"https:\/\/www.grupomedcof.com.br\/blog\/colelitiase\/#breadcrumb"},"inLanguage":"pt-BR","potentialAction":[{"@type":"ReadAction","target":["https:\/\/www.grupomedcof.com.br\/blog\/colelitiase\/"]}]},{"@type":"ImageObject","inLanguage":"pt-BR","@id":"https:\/\/www.grupomedcof.com.br\/blog\/colelitiase\/#primaryimage","url":"https:\/\/www.grupomedcof.com.br\/blog\/wp-content\/uploads\/2025\/12\/Blog-MedCof-2025-12-05T121630.986.jpg","contentUrl":"https:\/\/www.grupomedcof.com.br\/blog\/wp-content\/uploads\/2025\/12\/Blog-MedCof-2025-12-05T121630.986.jpg","width":1920,"height":1080},{"@type":"BreadcrumbList","@id":"https:\/\/www.grupomedcof.com.br\/blog\/colelitiase\/#breadcrumb","itemListElement":[{"@type":"ListItem","position":1,"name":"In\u00edcio","item":"https:\/\/www.grupomedcof.com.br\/blog\/"},{"@type":"ListItem","position":2,"name":"Colelit\u00edase: fisiopatologia, fatores de risco, indica\u00e7\u00f5es cir\u00fargicas e mais!"}]},{"@type":"WebSite","@id":"https:\/\/www.grupomedcof.com.br\/blog\/#website","url":"https:\/\/www.grupomedcof.com.br\/blog\/","name":"Blog de Medcof: conte\u00fados, editais, revalida e mais!","description":"Acesso o blog de MedCof! Seu portal de conte\u00fados sobre resid\u00eancia m\u00e9dica, an\u00e1lise e editais e muito mais. Clique e confira!","publisher":{"@id":"https:\/\/www.grupomedcof.com.br\/blog\/#organization"},"alternateName":"Blog de Medcof: conte\u00fados, editais, revalida e mais!","potentialAction":[{"@type":"SearchAction","target":{"@type":"EntryPoint","urlTemplate":"https:\/\/www.grupomedcof.com.br\/blog\/?s={search_term_string}"},"query-input":{"@type":"PropertyValueSpecification","valueRequired":true,"valueName":"search_term_string"}}],"inLanguage":"pt-BR"},{"@type":"Organization","@id":"https:\/\/www.grupomedcof.com.br\/blog\/#organization","name":"Grupo MedCof","url":"https:\/\/www.grupomedcof.com.br\/blog\/","logo":{"@type":"ImageObject","inLanguage":"pt-BR","@id":"https:\/\/www.grupomedcof.com.br\/blog\/#\/schema\/logo\/image\/","url":"https:\/\/www.grupomedcof.com.br\/blog\/wp-content\/uploads\/2022\/01\/logo-medcof.png","contentUrl":"https:\/\/www.grupomedcof.com.br\/blog\/wp-content\/uploads\/2022\/01\/logo-medcof.png","width":768,"height":269,"caption":"Grupo MedCof"},"image":{"@id":"https:\/\/www.grupomedcof.com.br\/blog\/#\/schema\/logo\/image\/"},"sameAs":["https:\/\/www.facebook.com\/MedCofQbank\/","https:\/\/www.instagram.com\/grupomedcof\/","https:\/\/br.linkedin.com\/company\/medcof","https:\/\/www.youtube.com\/channel\/UCdHMuOHKICxcHwecxN8P-AA"]},{"@type":"Person","@id":"https:\/\/www.grupomedcof.com.br\/blog\/#\/schema\/person\/db19a651f86c5fc202d6eee744fd3292","name":"Kiara Adelino","image":{"@type":"ImageObject","inLanguage":"pt-BR","@id":"https:\/\/www.grupomedcof.com.br\/blog\/wp-content\/uploads\/2024\/08\/cropped-Kiara-Adelino2-96x96.jpega85663bdda67261f8f06f86e555e1e49","url":"https:\/\/www.grupomedcof.com.br\/blog\/wp-content\/uploads\/2024\/08\/cropped-Kiara-Adelino2-96x96.jpeg","contentUrl":"https:\/\/www.grupomedcof.com.br\/blog\/wp-content\/uploads\/2024\/08\/cropped-Kiara-Adelino2-96x96.jpeg","caption":"Kiara Adelino"},"description":"Estudante do 5\u00b0 semestre de Medicina. Gosto bastante de aprender coisas novas, principalmente na \u00e1rea de Neurologia e Anatomia humana.","url":"https:\/\/www.grupomedcof.com.br\/blog\/author\/kiara-adelino\/"}]}},"authors":[{"term_id":3617,"user_id":21,"is_guest":0,"slug":"kiara-adelino","display_name":"Kiara Adelino","avatar_url":"https:\/\/www.grupomedcof.com.br\/blog\/wp-content\/uploads\/2024\/08\/cropped-Kiara-Adelino2-96x96.jpeg","0":null,"1":"","2":"","3":"","4":"","5":"","6":"","7":"","8":""}],"_links":{"self":[{"href":"https:\/\/www.grupomedcof.com.br\/blog\/wp-json\/wp\/v2\/posts\/40016","targetHints":{"allow":["GET"]}}],"collection":[{"href":"https:\/\/www.grupomedcof.com.br\/blog\/wp-json\/wp\/v2\/posts"}],"about":[{"href":"https:\/\/www.grupomedcof.com.br\/blog\/wp-json\/wp\/v2\/types\/post"}],"author":[{"embeddable":true,"href":"https:\/\/www.grupomedcof.com.br\/blog\/wp-json\/wp\/v2\/users\/21"}],"replies":[{"embeddable":true,"href":"https:\/\/www.grupomedcof.com.br\/blog\/wp-json\/wp\/v2\/comments?post=40016"}],"version-history":[{"count":1,"href":"https:\/\/www.grupomedcof.com.br\/blog\/wp-json\/wp\/v2\/posts\/40016\/revisions"}],"predecessor-version":[{"id":40020,"href":"https:\/\/www.grupomedcof.com.br\/blog\/wp-json\/wp\/v2\/posts\/40016\/revisions\/40020"}],"wp:featuredmedia":[{"embeddable":true,"href":"https:\/\/www.grupomedcof.com.br\/blog\/wp-json\/wp\/v2\/media\/40019"}],"wp:attachment":[{"href":"https:\/\/www.grupomedcof.com.br\/blog\/wp-json\/wp\/v2\/media?parent=40016"}],"wp:term":[{"taxonomy":"category","embeddable":true,"href":"https:\/\/www.grupomedcof.com.br\/blog\/wp-json\/wp\/v2\/categories?post=40016"},{"taxonomy":"post_tag","embeddable":true,"href":"https:\/\/www.grupomedcof.com.br\/blog\/wp-json\/wp\/v2\/tags?post=40016"},{"taxonomy":"author","embeddable":true,"href":"https:\/\/www.grupomedcof.com.br\/blog\/wp-json\/wp\/v2\/ppma_author?post=40016"}],"curies":[{"name":"wp","href":"https:\/\/api.w.org\/{rel}","templated":true}]}}